{"id":480335,"date":"2014-01-30T00:40:43","date_gmt":"2014-01-30T01:40:43","guid":{"rendered":"http:\/\/www.eldigitaldeasturias.com\/noticias\/?p=480335"},"modified":"2014-01-30T00:40:43","modified_gmt":"2014-01-30T01:40:43","slug":"rolling-stone-se-rinde-a-francisco-un-papa-con-tiron-mediatico","status":"publish","type":"post","link":"https:\/\/www.eldigitaldeasturias.com\/noticias\/rolling-stone-se-rinde-a-francisco-un-papa-con-tiron-mediatico\/","title":{"rendered":"\u00abRolling Stone\u00bb se rinde a Francisco, un papa con tir\u00f3n medi\u00e1tico"},"content":{"rendered":"<p><img loading=\"lazy\" decoding=\"async\" class=\"alignleft size-medium wp-image-1417\" alt=\"papa\" src=\"https:\/\/www.eldigitaldeasturias.com\/noticias\/wp-content\/uploads\/2013\/09\/papa-360x237.jpg\" width=\"360\" height=\"237\" \/>Nueva York, 29 ene (dpa) &#8211; La revista estadounidense \u00abRolling Stone\u00bb informa normalmente sobre estrellas del rock, literatura pop y los excesos con las drogas de los actores, pero esta semana la portada ha sido para el papa Francisco.<\/p>\n<p>A sus 77 a\u00f1os, Bergoglio aparece en la portada de esta revista para la que antes posaron grandes del pop como David Bowie, Rihanna y John Lennon. El t\u00edtulo del amplio reportaje que lleva a la portada es \u00abThe Times They Are A-Changin'\u00bb (Los tiempos est\u00e1n cambiando) en referencia a la canci\u00f3n de Bob Dylan. Sobre las comparecencias en la plaza de San Pedro en Roma, el periodista de \u00abRolling Stone\u00bb, Mark Binelli, se\u00f1ala: \u00abA pesar de que es conocido que se ha distanciado de los accesorios papales m\u00e1s ostentosos, sigue siendo sorprendentemente estiloso. Hoy lleva un abrigo de doble botonadura, una bufanda y una sotana color crudo, todo con un corte impecable\u00bb.<\/p>\n<p>Y Binelli destaca adem\u00e1s las diferencias con Benedicto XVI: \u00abTras el devastador pontificado de (el papa em\u00e9rito) Benedicto, un firme tradicionalista que parec\u00eda que fuese la pesadilla que amenaza a los j\u00f3venes (como la figura de la pel\u00edcula de terror Freddy Krueger) con su camisa a rayas y sus guantes de afiladas cuchillas, para el cat\u00f3lico medio, Francisco parece un peque\u00f1o milagro, tan s\u00f3lo con la capacidad b\u00e1sica de re\u00edr en p\u00fablico, algo que domina con maestr\u00eda\u00bb.<\/p>\n<p>No lleva un a\u00f1o en el cargo, pero se ha convertido en un im\u00e1n para las portadas de las grandes revistas: En 2012 la revista \u00abTime\u00bb lo proclam\u00f3 \u00abpersonaje del a\u00f1o\u00bb, y tambi\u00e9n muchas otras publicaciones le han dedicado su portada, como acaba de hacer la prestigiosa revista alemana \u00abDer Spiegel\u00bb.<\/p>\n<p>Todos los medios se han hecho eco de su cercan\u00eda, de c\u00f3mo se ha distanciado del boato y de su forma franca de acercarse a la gente, como cuando tras el rezo del \u00c1ngelus en la plaza de San Pedro le desea buen apetito a la multitud all\u00ed congregada que se dirige a comer. En la prensa italiana no dejan de circular los rumores de que por las noches sale de inc\u00f3gnito por Roma para seguir en contacto con los m\u00e1s necesitados, conversar con los sintecho.<\/p>\n<p>Lo que ya es innegable es que el argentino ha introducido un nuevo estilo en El Vaticano, aunque s\u00f3lo sea porque intenta vivir como lo hac\u00eda en Buenos Aires y no dejarse atrapar por los muros del Vaticano.<\/p>\n<p>Jorge Mario Bergoglio tambi\u00e9n ha contribuido a que proliferen las an\u00e9cdotas sobre su persona. Aun cuando el Vaticano lo niega, al menos en una ocasi\u00f3n los medios italianos supieron de una salida nocturna de inc\u00f3gnito del papa para reunirse con sintecho en Roma.<\/p>\n<p>El arzobispo Konrad Krayevski, denominado el \u00ablimosnero de Su Santidad\u00bb, ya coment\u00f3 que planteaba un problema de seguridad saber que el papa sal\u00eda por las noches. Y Bergoglio se acopl\u00f3: poco antes de Navidad invit\u00f3 a los sintecho a una de las misas que oficia a primera hora de la ma\u00f1ana. Con ello no deja de demostrar cu\u00e1nto realmente le importan las personas. As\u00ed, abraza a desfigurados o lava los pies a los presos en una c\u00e1rcel.<\/p>\n<p>Y adem\u00e1s est\u00e1 el tema de las llamadas, donde s\u00f3lo el Vaticano esclarece donde empieza la verdad y acaba la leyenda cuando desmiente con vehemencia que el papa hizo una llamada de la que han informado los medios. No fue necesario que lo desmintiera cuando el papa marc\u00f3 el tel\u00e9fono y dej\u00f3 un mensaje en el contestador autom\u00e1tico del convento de unas hermanas carmelitas espa\u00f1olas. Incluso les felicit\u00f3 el a\u00f1o nuevo, tal como se pudo escuchar en la televisi\u00f3n y la radio, al reproducir el mensaje.<\/p>\n<p>Entre las cerca de 2.000 cartas que el papa Francisco recibe figuran en muchas ocasiones un n\u00famero de tel\u00e9fono: \u00abA ello se suma la esperanza de que el papa llame\u00bb, se\u00f1al\u00f3 Ciro Benedettini, de la oficina de prensa del Vaticano.<\/p>\n<p>Este \u00abhombre cari\u00f1oso y modesto\u00bb ya era conocido en Buenos Aires porque se cocinaba \u00e9l mismo y atend\u00eda personalmente las llamadas telef\u00f3nicas, seg\u00fan se\u00f1al\u00f3 el rabino David Rosen.<\/p>\n<p>Bergoglio es un hombre pr\u00e1ctico, con los pies en la tierra que lleva \u00e9l mismo su malet\u00edn cuando viaja. Es un hombre que no quiere vivir en la residencia papal, el palacio apost\u00f3lico, y tampoco le atrae, a diferencia de su predecesor alem\u00e1n, la residencia de verano papal de Castel Gandolfo.<\/p>\n<p>Adem\u00e1s, regala a los m\u00e1s necesitados en Roma tarjetas de tel\u00e9fono y billetes de metro. Se dedica con tal intensidad a los que m\u00e1s sufren que hasta el Vaticano tuvo que desmentir una informaci\u00f3n de que hab\u00eda realizado un exorcismo en medio de la plaza de San Pedro. Hasta los m\u00e1s esc\u00e9pticos le ven cre\u00edble, una persona que desea de forma aut\u00e9ntica \u00abuna Iglesia pobre para los pobres\u00bb. Y eso es lo que realmente le importa al papa, no tanto si es portada o no de una conocida e influyente revista de m\u00fasica.<\/p>\n<p>Por Mar\u00eda Lorente<\/p>\n","protected":false},"excerpt":{"rendered":"<p>Nueva York, 29 ene (dpa) &#8211; La revista estadounidense \u00abRolling Stone\u00bb informa normalmente sobre estrellas del rock, literatura pop y los excesos con las drogas de los actores, pero esta semana la portada ha sido para el papa Francisco. A sus 77 a\u00f1os, Bergoglio aparece en la portada de esta revista para la que antes [&hellip;]<\/p>\n","protected":false},"author":1,"featured_media":1132184,"comment_status":"closed","ping_status":"open","sticky":false,"template":"","format":"standard","meta":{"footnotes":""},"categories":[1],"tags":[],"class_list":["post-480335","post","type-post","status-publish","format-standard","has-post-thumbnail","hentry","category-actualidad"],"aioseo_notices":[],"aioseo_head":"\n\t\t<!-- All in One SEO Pro 5.0.1 - aioseo.com -->\n\t<meta name=\"description\" content=\"Nueva York, 29 ene (dpa) - La revista estadounidense &quot;Rolling Stone&quot; informa normalmente sobre estrellas del rock, literatura pop y los excesos con las drogas de los actores, pero esta semana la portada ha sido para el papa Francisco. A sus 77 a\u00f1os, Bergoglio aparece en la portada de esta revista para la que antes\" \/>\n\t<meta name=\"robots\" content=\"max-image-preview:large\" \/>\n\t<meta name=\"author\" content=\"El Digital de Asturias\"\/>\n\t<meta name=\"google-site-verification\" content=\"UA-38556648-1\" \/>\n\t<meta name=\"msvalidate.01\" content=\"7dfe9f3f1b24437ab69f4f2559babe99\" \/>\n\t<meta name=\"keywords\" content=\"actualidad\" \/>\n\t<link rel=\"canonical\" href=\"https:\/\/www.eldigitaldeasturias.com\/noticias\/rolling-stone-se-rinde-a-francisco-un-papa-con-tiron-mediatico\/\" \/>\n\t<meta name=\"generator\" content=\"All in One SEO Pro (AIOSEO) 5.0.1\" \/>\n\t\t<meta property=\"og:locale\" content=\"es_ES\" \/>\n\t\t<meta property=\"og:site_name\" content=\"El Digital de Asturias\" \/>\n\t\t<meta property=\"og:type\" content=\"article\" \/>\n\t\t<meta property=\"og:title\" content=\"\u00abRolling Stone\u00bb se rinde a Francisco, un papa con tir\u00f3n medi\u00e1tico - El Digital de Asturias\" \/>\n\t\t<meta property=\"og:description\" content=\"Nueva York, 29 ene (dpa) - La revista estadounidense &quot;Rolling Stone&quot; informa normalmente sobre estrellas del rock, literatura pop y los excesos con las drogas de los actores, pero esta semana la portada ha sido para el papa Francisco. A sus 77 a\u00f1os, Bergoglio aparece en la portada de esta revista para la que antes\" \/>\n\t\t<meta property=\"og:url\" content=\"https:\/\/www.eldigitaldeasturias.com\/noticias\/rolling-stone-se-rinde-a-francisco-un-papa-con-tiron-mediatico\/\" \/>\n\t\t<meta property=\"og:image\" content=\"https:\/\/www.eldigitaldeasturias.com\/noticias\/wp-content\/uploads\/2026\/06\/Contenidos.jpg\" \/>\n\t\t<meta property=\"og:image:secure_url\" content=\"https:\/\/www.eldigitaldeasturias.com\/noticias\/wp-content\/uploads\/2026\/06\/Contenidos.jpg\" \/>\n\t\t<meta property=\"og:image:width\" content=\"1265\" \/>\n\t\t<meta property=\"og:image:height\" content=\"697\" \/>\n\t\t<meta property=\"article:tag\" content=\"actualidad\" \/>\n\t\t<meta property=\"article:published_time\" content=\"2014-01-30T01:40:43+00:00\" \/>\n\t\t<meta property=\"article:modified_time\" content=\"2014-01-30T01:40:43+00:00\" \/>\n\t\t<meta property=\"article:publisher\" content=\"https:\/\/facebook.com\/eldigitaldeasturias\" \/>\n\t\t<meta name=\"twitter:card\" content=\"summary_large_image\" \/>\n\t\t<meta name=\"twitter:title\" content=\"\u00abRolling Stone\u00bb se rinde a Francisco, un papa con tir\u00f3n medi\u00e1tico - El Digital de Asturias\" \/>\n\t\t<meta name=\"twitter:description\" content=\"Nueva York, 29 ene (dpa) - La revista estadounidense &quot;Rolling Stone&quot; informa normalmente sobre estrellas del rock, literatura pop y los excesos con las drogas de los actores, pero esta semana la portada ha sido para el papa Francisco. A sus 77 a\u00f1os, Bergoglio aparece en la portada de esta revista para la que antes\" \/>\n\t\t<meta name=\"twitter:image\" content=\"https:\/\/www.eldigitaldeasturias.com\/noticias\/wp-content\/uploads\/2026\/06\/Contenidos.jpg\" \/>\n\t\t<meta name=\"twitter:label1\" content=\"Escrito por\" \/>\n\t\t<meta name=\"twitter:data1\" content=\"El Digital de Asturias\" \/>\n\t\t<meta name=\"twitter:label2\" content=\"Tiempo de lectura estimado\" \/>\n\t\t<meta name=\"twitter:data2\" content=\"4 minutos\" \/>\n\t\t<script type=\"application\/ld+json\" class=\"aioseo-schema\">\n\t\t\t{\"@context\":\"https:\\\/\\\/schema.org\",\"@graph\":[{\"@type\":\"BlogPosting\",\"@id\":\"https:\\\/\\\/www.eldigitaldeasturias.com\\\/noticias\\\/rolling-stone-se-rinde-a-francisco-un-papa-con-tiron-mediatico\\\/#blogposting\",\"name\":\"\\u00abRolling Stone\\u00bb se rinde a Francisco, un papa con tir\\u00f3n medi\\u00e1tico - El Digital de Asturias\",\"headline\":\"\\u00abRolling Stone\\u00bb se rinde a Francisco, un papa con tir\\u00f3n medi\\u00e1tico\",\"author\":{\"@id\":\"https:\\\/\\\/www.eldigitaldeasturias.com\\\/noticias\\\/author\\\/admin\\\/#author\"},\"publisher\":{\"@id\":\"https:\\\/\\\/www.eldigitaldeasturias.com\\\/noticias\\\/#organization\"},\"image\":{\"@type\":\"ImageObject\",\"url\":\"https:\\\/\\\/www.eldigitaldeasturias.com\\\/noticias\\\/wp-content\\\/uploads\\\/2026\\\/06\\\/Contenidos.jpg\",\"width\":1265,\"height\":697,\"caption\":\"Contenidos\"},\"datePublished\":\"2014-01-30T00:40:43+01:00\",\"dateModified\":\"2014-01-30T00:40:43+01:00\",\"inLanguage\":\"es-ES\",\"mainEntityOfPage\":{\"@id\":\"https:\\\/\\\/www.eldigitaldeasturias.com\\\/noticias\\\/rolling-stone-se-rinde-a-francisco-un-papa-con-tiron-mediatico\\\/#webpage\"},\"isPartOf\":{\"@id\":\"https:\\\/\\\/www.eldigitaldeasturias.com\\\/noticias\\\/rolling-stone-se-rinde-a-francisco-un-papa-con-tiron-mediatico\\\/#webpage\"},\"articleSection\":\"Actualidad\"},{\"@type\":\"BreadcrumbList\",\"@id\":\"https:\\\/\\\/www.eldigitaldeasturias.com\\\/noticias\\\/rolling-stone-se-rinde-a-francisco-un-papa-con-tiron-mediatico\\\/#breadcrumblist\",\"itemListElement\":[{\"@type\":\"ListItem\",\"@id\":\"https:\\\/\\\/www.eldigitaldeasturias.com\\\/noticias#listItem\",\"position\":1,\"name\":\"Home\",\"item\":\"https:\\\/\\\/www.eldigitaldeasturias.com\\\/noticias\",\"nextItem\":{\"@type\":\"ListItem\",\"@id\":\"https:\\\/\\\/www.eldigitaldeasturias.com\\\/noticias\\\/category\\\/actualidad\\\/#listItem\",\"name\":\"Actualidad\"}},{\"@type\":\"ListItem\",\"@id\":\"https:\\\/\\\/www.eldigitaldeasturias.com\\\/noticias\\\/category\\\/actualidad\\\/#listItem\",\"position\":2,\"name\":\"Actualidad\",\"item\":\"https:\\\/\\\/www.eldigitaldeasturias.com\\\/noticias\\\/category\\\/actualidad\\\/\",\"nextItem\":{\"@type\":\"ListItem\",\"@id\":\"https:\\\/\\\/www.eldigitaldeasturias.com\\\/noticias\\\/rolling-stone-se-rinde-a-francisco-un-papa-con-tiron-mediatico\\\/#listItem\",\"name\":\"\\u00abRolling Stone\\u00bb se rinde a Francisco, un papa con tir\\u00f3n medi\\u00e1tico\"},\"previousItem\":{\"@type\":\"ListItem\",\"@id\":\"https:\\\/\\\/www.eldigitaldeasturias.com\\\/noticias#listItem\",\"name\":\"Home\"}},{\"@type\":\"ListItem\",\"@id\":\"https:\\\/\\\/www.eldigitaldeasturias.com\\\/noticias\\\/rolling-stone-se-rinde-a-francisco-un-papa-con-tiron-mediatico\\\/#listItem\",\"position\":3,\"name\":\"\\u00abRolling Stone\\u00bb se rinde a Francisco, un papa con tir\\u00f3n medi\\u00e1tico\",\"previousItem\":{\"@type\":\"ListItem\",\"@id\":\"https:\\\/\\\/www.eldigitaldeasturias.com\\\/noticias\\\/category\\\/actualidad\\\/#listItem\",\"name\":\"Actualidad\"}}]},{\"@type\":\"Organization\",\"@id\":\"https:\\\/\\\/www.eldigitaldeasturias.com\\\/noticias\\\/#organization\",\"name\":\"El Digital de Asturias\",\"description\":\"Hemeroteca\",\"url\":\"https:\\\/\\\/www.eldigitaldeasturias.com\\\/noticias\\\/\",\"email\":\"info@eldigitaldeasturias.com\",\"telephone\":\"+34652131393\",\"logo\":{\"@type\":\"ImageObject\",\"url\":\"https:\\\/\\\/www.eldigitaldeasturias.com\\\/noticias\\\/wp-content\\\/uploads\\\/2020\\\/12\\\/EDA.jpg\",\"@id\":\"https:\\\/\\\/www.eldigitaldeasturias.com\\\/noticias\\\/rolling-stone-se-rinde-a-francisco-un-papa-con-tiron-mediatico\\\/#organizationLogo\"},\"image\":{\"@id\":\"https:\\\/\\\/www.eldigitaldeasturias.com\\\/noticias\\\/rolling-stone-se-rinde-a-francisco-un-papa-con-tiron-mediatico\\\/#organizationLogo\"},\"sameAs\":[\"https:\\\/\\\/facebook.com\\\/eldigitaldeasturias\",\"https:\\\/\\\/www.youtube.com\\\/channel\\\/UCZP-2wLEB9Rv6erhFmqVnvg\"],\"address\":{\"@id\":\"https:\\\/\\\/www.eldigitaldeasturias.com\\\/noticias\\\/#postaladdress\",\"@type\":\"PostalAddress\",\"streetAddress\":\"san antonio 4\",\"postalCode\":\"33430\",\"addressLocality\":\"Cand\\u00e1s\",\"addressRegion\":\"Asturias\",\"addressCountry\":\"ES\"}},{\"@type\":\"Person\",\"@id\":\"https:\\\/\\\/www.eldigitaldeasturias.com\\\/noticias\\\/author\\\/admin\\\/#author\",\"url\":\"https:\\\/\\\/www.eldigitaldeasturias.com\\\/noticias\\\/author\\\/admin\\\/\",\"name\":\"El Digital de Asturias\",\"image\":{\"@type\":\"ImageObject\",\"@id\":\"https:\\\/\\\/www.eldigitaldeasturias.com\\\/noticias\\\/rolling-stone-se-rinde-a-francisco-un-papa-con-tiron-mediatico\\\/#authorImage\",\"url\":\"https:\\\/\\\/secure.gravatar.com\\\/avatar\\\/df2aeffc32bcd13f8d26072ef8a91b623d677766deac7f97ca815868cd41bf5e?s=96&d=mm&r=g\",\"width\":96,\"height\":96,\"caption\":\"El Digital de Asturias\"}},{\"@type\":\"WebPage\",\"@id\":\"https:\\\/\\\/www.eldigitaldeasturias.com\\\/noticias\\\/rolling-stone-se-rinde-a-francisco-un-papa-con-tiron-mediatico\\\/#webpage\",\"url\":\"https:\\\/\\\/www.eldigitaldeasturias.com\\\/noticias\\\/rolling-stone-se-rinde-a-francisco-un-papa-con-tiron-mediatico\\\/\",\"name\":\"\\u00abRolling Stone\\u00bb se rinde a Francisco, un papa con tir\\u00f3n medi\\u00e1tico - El Digital de Asturias\",\"description\":\"Nueva York, 29 ene (dpa) - La revista estadounidense \\\"Rolling Stone\\\" informa normalmente sobre estrellas del rock, literatura pop y los excesos con las drogas de los actores, pero esta semana la portada ha sido para el papa Francisco. A sus 77 a\\u00f1os, Bergoglio aparece en la portada de esta revista para la que antes\",\"inLanguage\":\"es-ES\",\"isPartOf\":{\"@id\":\"https:\\\/\\\/www.eldigitaldeasturias.com\\\/noticias\\\/#website\"},\"breadcrumb\":{\"@id\":\"https:\\\/\\\/www.eldigitaldeasturias.com\\\/noticias\\\/rolling-stone-se-rinde-a-francisco-un-papa-con-tiron-mediatico\\\/#breadcrumblist\"},\"author\":{\"@id\":\"https:\\\/\\\/www.eldigitaldeasturias.com\\\/noticias\\\/author\\\/admin\\\/#author\"},\"creator\":{\"@id\":\"https:\\\/\\\/www.eldigitaldeasturias.com\\\/noticias\\\/author\\\/admin\\\/#author\"},\"image\":{\"@type\":\"ImageObject\",\"url\":\"https:\\\/\\\/www.eldigitaldeasturias.com\\\/noticias\\\/wp-content\\\/uploads\\\/2026\\\/06\\\/Contenidos.jpg\",\"@id\":\"https:\\\/\\\/www.eldigitaldeasturias.com\\\/noticias\\\/rolling-stone-se-rinde-a-francisco-un-papa-con-tiron-mediatico\\\/#mainImage\",\"width\":1265,\"height\":697,\"caption\":\"Contenidos\"},\"primaryImageOfPage\":{\"@id\":\"https:\\\/\\\/www.eldigitaldeasturias.com\\\/noticias\\\/rolling-stone-se-rinde-a-francisco-un-papa-con-tiron-mediatico\\\/#mainImage\"},\"datePublished\":\"2014-01-30T00:40:43+01:00\",\"dateModified\":\"2014-01-30T00:40:43+01:00\"},{\"@type\":\"WebSite\",\"@id\":\"https:\\\/\\\/www.eldigitaldeasturias.com\\\/noticias\\\/#website\",\"url\":\"https:\\\/\\\/www.eldigitaldeasturias.com\\\/noticias\\\/\",\"name\":\"El Digital de Asturias - Diario de actualidad y noticias\",\"alternateName\":\"El Digital de Asturias - Diario de actualidad y noticias\",\"description\":\"Hemeroteca\",\"inLanguage\":\"es-ES\",\"publisher\":{\"@id\":\"https:\\\/\\\/www.eldigitaldeasturias.com\\\/noticias\\\/#organization\"}}]}\n\t\t<\/script>\n\t\t<!-- All in One SEO Pro -->\r\n\t\t<title>\u00abRolling Stone\u00bb se rinde a Francisco, un papa con tir\u00f3n medi\u00e1tico - El Digital de Asturias<\/title>\n\n","aioseo_head_json":{"title":"\u00abRolling Stone\u00bb se rinde a Francisco, un papa con tir\u00f3n medi\u00e1tico - El Digital de Asturias","description":"Nueva York, 29 ene (dpa) - La revista estadounidense \"Rolling Stone\" informa normalmente sobre estrellas del rock, literatura pop y los excesos con las drogas de los actores, pero esta semana la portada ha sido para el papa Francisco. A sus 77 a\u00f1os, Bergoglio aparece en la portada de esta revista para la que antes","canonical_url":"https:\/\/www.eldigitaldeasturias.com\/noticias\/rolling-stone-se-rinde-a-francisco-un-papa-con-tiron-mediatico\/","robots":"max-image-preview:large","keywords":"actualidad","webmasterTools":{"google-site-verification":"UA-38556648-1","msvalidate.01":"7dfe9f3f1b24437ab69f4f2559babe99","miscellaneous":""},"schema":{"@context":"https:\/\/schema.org","@graph":[{"@type":"BlogPosting","@id":"https:\/\/www.eldigitaldeasturias.com\/noticias\/rolling-stone-se-rinde-a-francisco-un-papa-con-tiron-mediatico\/#blogposting","name":"\u00abRolling Stone\u00bb se rinde a Francisco, un papa con tir\u00f3n medi\u00e1tico - El Digital de Asturias","headline":"\u00abRolling Stone\u00bb se rinde a Francisco, un papa con tir\u00f3n medi\u00e1tico","author":{"@id":"https:\/\/www.eldigitaldeasturias.com\/noticias\/author\/admin\/#author"},"publisher":{"@id":"https:\/\/www.eldigitaldeasturias.com\/noticias\/#organization"},"image":{"@type":"ImageObject","url":"https:\/\/www.eldigitaldeasturias.com\/noticias\/wp-content\/uploads\/2026\/06\/Contenidos.jpg","width":1265,"height":697,"caption":"Contenidos"},"datePublished":"2014-01-30T00:40:43+01:00","dateModified":"2014-01-30T00:40:43+01:00","inLanguage":"es-ES","mainEntityOfPage":{"@id":"https:\/\/www.eldigitaldeasturias.com\/noticias\/rolling-stone-se-rinde-a-francisco-un-papa-con-tiron-mediatico\/#webpage"},"isPartOf":{"@id":"https:\/\/www.eldigitaldeasturias.com\/noticias\/rolling-stone-se-rinde-a-francisco-un-papa-con-tiron-mediatico\/#webpage"},"articleSection":"Actualidad"},{"@type":"BreadcrumbList","@id":"https:\/\/www.eldigitaldeasturias.com\/noticias\/rolling-stone-se-rinde-a-francisco-un-papa-con-tiron-mediatico\/#breadcrumblist","itemListElement":[{"@type":"ListItem","@id":"https:\/\/www.eldigitaldeasturias.com\/noticias#listItem","position":1,"name":"Home","item":"https:\/\/www.eldigitaldeasturias.com\/noticias","nextItem":{"@type":"ListItem","@id":"https:\/\/www.eldigitaldeasturias.com\/noticias\/category\/actualidad\/#listItem","name":"Actualidad"}},{"@type":"ListItem","@id":"https:\/\/www.eldigitaldeasturias.com\/noticias\/category\/actualidad\/#listItem","position":2,"name":"Actualidad","item":"https:\/\/www.eldigitaldeasturias.com\/noticias\/category\/actualidad\/","nextItem":{"@type":"ListItem","@id":"https:\/\/www.eldigitaldeasturias.com\/noticias\/rolling-stone-se-rinde-a-francisco-un-papa-con-tiron-mediatico\/#listItem","name":"\u00abRolling Stone\u00bb se rinde a Francisco, un papa con tir\u00f3n medi\u00e1tico"},"previousItem":{"@type":"ListItem","@id":"https:\/\/www.eldigitaldeasturias.com\/noticias#listItem","name":"Home"}},{"@type":"ListItem","@id":"https:\/\/www.eldigitaldeasturias.com\/noticias\/rolling-stone-se-rinde-a-francisco-un-papa-con-tiron-mediatico\/#listItem","position":3,"name":"\u00abRolling Stone\u00bb se rinde a Francisco, un papa con tir\u00f3n medi\u00e1tico","previousItem":{"@type":"ListItem","@id":"https:\/\/www.eldigitaldeasturias.com\/noticias\/category\/actualidad\/#listItem","name":"Actualidad"}}]},{"@type":"Organization","@id":"https:\/\/www.eldigitaldeasturias.com\/noticias\/#organization","name":"El Digital de Asturias","description":"Hemeroteca","url":"https:\/\/www.eldigitaldeasturias.com\/noticias\/","email":"info@eldigitaldeasturias.com","telephone":"+34652131393","logo":{"@type":"ImageObject","url":"https:\/\/www.eldigitaldeasturias.com\/noticias\/wp-content\/uploads\/2020\/12\/EDA.jpg","@id":"https:\/\/www.eldigitaldeasturias.com\/noticias\/rolling-stone-se-rinde-a-francisco-un-papa-con-tiron-mediatico\/#organizationLogo"},"image":{"@id":"https:\/\/www.eldigitaldeasturias.com\/noticias\/rolling-stone-se-rinde-a-francisco-un-papa-con-tiron-mediatico\/#organizationLogo"},"sameAs":["https:\/\/facebook.com\/eldigitaldeasturias","https:\/\/www.youtube.com\/channel\/UCZP-2wLEB9Rv6erhFmqVnvg"],"address":{"@id":"https:\/\/www.eldigitaldeasturias.com\/noticias\/#postaladdress","@type":"PostalAddress","streetAddress":"san antonio 4","postalCode":"33430","addressLocality":"Cand\u00e1s","addressRegion":"Asturias","addressCountry":"ES"}},{"@type":"Person","@id":"https:\/\/www.eldigitaldeasturias.com\/noticias\/author\/admin\/#author","url":"https:\/\/www.eldigitaldeasturias.com\/noticias\/author\/admin\/","name":"El Digital de Asturias","image":{"@type":"ImageObject","@id":"https:\/\/www.eldigitaldeasturias.com\/noticias\/rolling-stone-se-rinde-a-francisco-un-papa-con-tiron-mediatico\/#authorImage","url":"https:\/\/secure.gravatar.com\/avatar\/df2aeffc32bcd13f8d26072ef8a91b623d677766deac7f97ca815868cd41bf5e?s=96&d=mm&r=g","width":96,"height":96,"caption":"El Digital de Asturias"}},{"@type":"WebPage","@id":"https:\/\/www.eldigitaldeasturias.com\/noticias\/rolling-stone-se-rinde-a-francisco-un-papa-con-tiron-mediatico\/#webpage","url":"https:\/\/www.eldigitaldeasturias.com\/noticias\/rolling-stone-se-rinde-a-francisco-un-papa-con-tiron-mediatico\/","name":"\u00abRolling Stone\u00bb se rinde a Francisco, un papa con tir\u00f3n medi\u00e1tico - El Digital de Asturias","description":"Nueva York, 29 ene (dpa) - La revista estadounidense \"Rolling Stone\" informa normalmente sobre estrellas del rock, literatura pop y los excesos con las drogas de los actores, pero esta semana la portada ha sido para el papa Francisco. A sus 77 a\u00f1os, Bergoglio aparece en la portada de esta revista para la que antes","inLanguage":"es-ES","isPartOf":{"@id":"https:\/\/www.eldigitaldeasturias.com\/noticias\/#website"},"breadcrumb":{"@id":"https:\/\/www.eldigitaldeasturias.com\/noticias\/rolling-stone-se-rinde-a-francisco-un-papa-con-tiron-mediatico\/#breadcrumblist"},"author":{"@id":"https:\/\/www.eldigitaldeasturias.com\/noticias\/author\/admin\/#author"},"creator":{"@id":"https:\/\/www.eldigitaldeasturias.com\/noticias\/author\/admin\/#author"},"image":{"@type":"ImageObject","url":"https:\/\/www.eldigitaldeasturias.com\/noticias\/wp-content\/uploads\/2026\/06\/Contenidos.jpg","@id":"https:\/\/www.eldigitaldeasturias.com\/noticias\/rolling-stone-se-rinde-a-francisco-un-papa-con-tiron-mediatico\/#mainImage","width":1265,"height":697,"caption":"Contenidos"},"primaryImageOfPage":{"@id":"https:\/\/www.eldigitaldeasturias.com\/noticias\/rolling-stone-se-rinde-a-francisco-un-papa-con-tiron-mediatico\/#mainImage"},"datePublished":"2014-01-30T00:40:43+01:00","dateModified":"2014-01-30T00:40:43+01:00"},{"@type":"WebSite","@id":"https:\/\/www.eldigitaldeasturias.com\/noticias\/#website","url":"https:\/\/www.eldigitaldeasturias.com\/noticias\/","name":"El Digital de Asturias - Diario de actualidad y noticias","alternateName":"El Digital de Asturias - Diario de actualidad y noticias","description":"Hemeroteca","inLanguage":"es-ES","publisher":{"@id":"https:\/\/www.eldigitaldeasturias.com\/noticias\/#organization"}}]},"og:locale":"es_ES","og:site_name":"El Digital de Asturias","og:type":"article","og:title":"\u00abRolling Stone\u00bb se rinde a Francisco, un papa con tir\u00f3n medi\u00e1tico - El Digital de Asturias","og:description":"Nueva York, 29 ene (dpa) - La revista estadounidense &quot;Rolling Stone&quot; informa normalmente sobre estrellas del rock, literatura pop y los excesos con las drogas de los actores, pero esta semana la portada ha sido para el papa Francisco. A sus 77 a\u00f1os, Bergoglio aparece en la portada de esta revista para la que antes","og:url":"https:\/\/www.eldigitaldeasturias.com\/noticias\/rolling-stone-se-rinde-a-francisco-un-papa-con-tiron-mediatico\/","og:image":"https:\/\/www.eldigitaldeasturias.com\/noticias\/wp-content\/uploads\/2026\/06\/Contenidos.jpg","og:image:secure_url":"https:\/\/www.eldigitaldeasturias.com\/noticias\/wp-content\/uploads\/2026\/06\/Contenidos.jpg","og:image:width":1265,"og:image:height":697,"article:tag":["actualidad"],"article:published_time":"2014-01-30T01:40:43+00:00","article:modified_time":"2014-01-30T01:40:43+00:00","article:publisher":"https:\/\/facebook.com\/eldigitaldeasturias","twitter:card":"summary_large_image","twitter:title":"\u00abRolling Stone\u00bb se rinde a Francisco, un papa con tir\u00f3n medi\u00e1tico - El Digital de Asturias","twitter:description":"Nueva York, 29 ene (dpa) - La revista estadounidense &quot;Rolling Stone&quot; informa normalmente sobre estrellas del rock, literatura pop y los excesos con las drogas de los actores, pero esta semana la portada ha sido para el papa Francisco. A sus 77 a\u00f1os, Bergoglio aparece en la portada de esta revista para la que antes","twitter:image":"https:\/\/www.eldigitaldeasturias.com\/noticias\/wp-content\/uploads\/2026\/06\/Contenidos.jpg","twitter:label1":"Escrito por","twitter:data1":"El Digital de Asturias","twitter:label2":"Tiempo de lectura estimado","twitter:data2":"4 minutos"},"aioseo_meta_data":{"post_id":"480335","title":null,"description":null,"keywords":null,"keyphrases":null,"primary_term":null,"canonical_url":null,"og_title":null,"og_description":null,"og_object_type":"default","og_image_type":"default","og_image_url":null,"og_image_width":null,"og_image_height":null,"og_image_custom_url":null,"og_image_custom_fields":null,"og_video":null,"og_custom_url":null,"og_article_section":null,"og_article_tags":null,"twitter_use_og":true,"twitter_card":"default","twitter_image_type":"default","twitter_image_url":null,"twitter_image_custom_url":null,"twitter_image_custom_fields":null,"twitter_title":null,"twitter_description":null,"schema":{"blockGraphs":[],"customGraphs":[],"default":{"data":{"Article":[],"Course":[],"Dataset":[],"FAQPage":[],"Movie":[],"Person":[],"Product":[],"ProductReview":[],"Car":[],"Recipe":[],"Service":[],"SoftwareApplication":[],"WebPage":[]},"graphName":"","isEnabled":true},"graphs":[],"defaultGraph":"","defaultPostTypeGraph":""},"schema_type":null,"schema_type_options":null,"pillar_content":false,"robots_default":true,"robots_noindex":false,"robots_noarchive":false,"robots_nosnippet":false,"robots_nofollow":false,"robots_noimageindex":false,"robots_noodp":false,"robots_notranslate":false,"robots_max_snippet":null,"robots_max_videopreview":null,"robots_max_imagepreview":"none","priority":null,"frequency":null,"local_seo":null,"seo_analyzer_scan_date":"2026-06-02 03:23:57","breadcrumb_settings":null,"limit_modified_date":false,"open_ai":null,"ai":null,"created":"2020-11-14 22:54:10","updated":"2026-06-02 03:23:57","focus_keyword":null,"additional_keywords":null,"truseo_locale":null},"aioseo_breadcrumb":"<div class=\"aioseo-breadcrumbs\"><span class=\"aioseo-breadcrumb\">\n\t<a href=\"https:\/\/www.eldigitaldeasturias.com\/noticias\" title=\"Home\">Home<\/a>\n<\/span><span class=\"aioseo-breadcrumb-separator\">\u2013<\/span><span class=\"aioseo-breadcrumb\">\n\t<a href=\"https:\/\/www.eldigitaldeasturias.com\/noticias\/category\/actualidad\/\" title=\"Actualidad\">Actualidad<\/a>\n<\/span><span class=\"aioseo-breadcrumb-separator\">\u2013<\/span><span class=\"aioseo-breadcrumb\">\n\t<a href=\"https:\/\/www.eldigitaldeasturias.com\/noticias\/rolling-stone-se-rinde-a-francisco-un-papa-con-tiron-mediatico\/\" title=\"\u00abRolling Stone\u00bb se rinde a Francisco, un papa con tir\u00f3n medi\u00e1tico\">\u00abRolling Stone\u00bb se rinde a Francisco, un papa con tir\u00f3n medi\u00e1tico<\/a>\n<\/span><\/div>","aioseo_breadcrumb_json":[{"label":"Home","link":"https:\/\/www.eldigitaldeasturias.com\/noticias"},{"label":"Actualidad","link":"https:\/\/www.eldigitaldeasturias.com\/noticias\/category\/actualidad\/"},{"label":"\u00abRolling Stone\u00bb se rinde a Francisco, un papa con tir\u00f3n medi\u00e1tico","link":"https:\/\/www.eldigitaldeasturias.com\/noticias\/rolling-stone-se-rinde-a-francisco-un-papa-con-tiron-mediatico\/"}],"_links":{"self":[{"href":"https:\/\/www.eldigitaldeasturias.com\/noticias\/wp-json\/wp\/v2\/posts\/480335","targetHints":{"allow":["GET"]}}],"collection":[{"href":"https:\/\/www.eldigitaldeasturias.com\/noticias\/wp-json\/wp\/v2\/posts"}],"about":[{"href":"https:\/\/www.eldigitaldeasturias.com\/noticias\/wp-json\/wp\/v2\/types\/post"}],"author":[{"embeddable":true,"href":"https:\/\/www.eldigitaldeasturias.com\/noticias\/wp-json\/wp\/v2\/users\/1"}],"replies":[{"embeddable":true,"href":"https:\/\/www.eldigitaldeasturias.com\/noticias\/wp-json\/wp\/v2\/comments?post=480335"}],"version-history":[{"count":0,"href":"https:\/\/www.eldigitaldeasturias.com\/noticias\/wp-json\/wp\/v2\/posts\/480335\/revisions"}],"wp:featuredmedia":[{"embeddable":true,"href":"https:\/\/www.eldigitaldeasturias.com\/noticias\/wp-json\/wp\/v2\/media\/1132184"}],"wp:attachment":[{"href":"https:\/\/www.eldigitaldeasturias.com\/noticias\/wp-json\/wp\/v2\/media?parent=480335"}],"wp:term":[{"taxonomy":"category","embeddable":true,"href":"https:\/\/www.eldigitaldeasturias.com\/noticias\/wp-json\/wp\/v2\/categories?post=480335"},{"taxonomy":"post_tag","embeddable":true,"href":"https:\/\/www.eldigitaldeasturias.com\/noticias\/wp-json\/wp\/v2\/tags?post=480335"}],"curies":[{"name":"wp","href":"https:\/\/api.w.org\/{rel}","templated":true}]}}