{"id":480331,"date":"2014-01-30T00:37:06","date_gmt":"2014-01-30T01:37:06","guid":{"rendered":"http:\/\/www.eldigitaldeasturias.com\/noticias\/?p=480331"},"modified":"2014-01-30T00:37:06","modified_gmt":"2014-01-30T01:37:06","slug":"merkel-recibira-a-kerry-el-viernes-en-plena-polemica-por-espionaje","status":"publish","type":"post","link":"https:\/\/www.eldigitaldeasturias.com\/noticias\/merkel-recibira-a-kerry-el-viernes-en-plena-polemica-por-espionaje\/","title":{"rendered":"Merkel recibir\u00e1 a Kerry el viernes en plena pol\u00e9mica por espionaje"},"content":{"rendered":"<p><img loading=\"lazy\" decoding=\"async\" class=\"alignleft size-full wp-image-469165\" alt=\"merkel2\" src=\"https:\/\/www.eldigitaldeasturias.com\/noticias\/wp-content\/uploads\/2014\/01\/merkel2.jpg\" width=\"239\" height=\"320\" \/>Berl\u00edn, 29 ene (dpa) &#8211; La canciller Angela Merkel recibir\u00e1 este viernes en Berl\u00edn al secretario de Estado norteamericano, John Kerry, inform\u00f3 hoy el portavoz del gobierno alem\u00e1n.<\/p>\n<p>El encuentro servir\u00e1 para \u00abun intercambio de opiniones sobre la relaci\u00f3n transatl\u00e1ntica y cuestiones de pol\u00edtica exterior\u00bb como las crisis de Siria y Ucrania, a\u00f1adi\u00f3 el portavoz Steffen Seibert.<\/p>\n<p>Kerry viajar\u00e1 luego a la Conferencia de Seguridad de M\u00fanich, que se celebra de viernes a domingo.<\/p>\n<p>La visita del jefe de la diplomacia estadounidense se produce en plena pol\u00e9mica por el espionaje exterior de la Agencia de Seguridad Nacional (NSA), del que Alemania y la propia Merkel fueron al parecer v\u00edctimas directas.<\/p>\n<p>El espionaje \u00abviola la confianza y siembra la desconfianza\u00bb entre aliados, advirti\u00f3 hoy mismo Merkel. \u00abAl final no hay m\u00e1s seguridad, sino menos\u00bb.<\/p>\n<p>La canciller recibir\u00e1 tambi\u00e9n el viernes al primer ministro polaco, Donald Tusk, y el pr\u00f3ximo martes al jefe de gobierno turco, Receyp Tayyip Erdogan, en dos reuniones centradas en Ucrania y Siria, respectivamente.<\/p>\n","protected":false},"excerpt":{"rendered":"<p>Berl\u00edn, 29 ene (dpa) &#8211; La canciller Angela Merkel recibir\u00e1 este viernes en Berl\u00edn al secretario de Estado norteamericano, John Kerry, inform\u00f3 hoy el portavoz del gobierno alem\u00e1n. El encuentro servir\u00e1 para \u00abun intercambio de opiniones sobre la relaci\u00f3n transatl\u00e1ntica y cuestiones de pol\u00edtica exterior\u00bb como las crisis de Siria y Ucrania, a\u00f1adi\u00f3 el portavoz [&hellip;]<\/p>\n","protected":false},"author":1,"featured_media":469165,"comment_status":"closed","ping_status":"open","sticky":false,"template":"","format":"standard","meta":{"footnotes":""},"categories":[1],"tags":[],"class_list":["post-480331","post","type-post","status-publish","format-standard","has-post-thumbnail","hentry","category-actualidad"],"aioseo_notices":[],"aioseo_head":"\n\t\t<!-- All in One SEO Pro 5.0.1 - aioseo.com -->\n\t<meta name=\"description\" content=\"Berl\u00edn, 29 ene (dpa) - La canciller Angela Merkel recibir\u00e1 este viernes en Berl\u00edn al secretario de Estado norteamericano, John Kerry, inform\u00f3 hoy el portavoz del gobierno alem\u00e1n. El encuentro servir\u00e1 para &quot;un intercambio de opiniones sobre la relaci\u00f3n transatl\u00e1ntica y cuestiones de pol\u00edtica exterior&quot; como las crisis de Siria y Ucrania, a\u00f1adi\u00f3 el portavoz\" \/>\n\t<meta name=\"robots\" content=\"max-image-preview:large\" \/>\n\t<meta name=\"author\" content=\"El Digital de Asturias\"\/>\n\t<meta name=\"google-site-verification\" content=\"UA-38556648-1\" \/>\n\t<meta name=\"msvalidate.01\" content=\"7dfe9f3f1b24437ab69f4f2559babe99\" \/>\n\t<meta name=\"keywords\" content=\"actualidad\" \/>\n\t<link rel=\"canonical\" href=\"https:\/\/www.eldigitaldeasturias.com\/noticias\/merkel-recibira-a-kerry-el-viernes-en-plena-polemica-por-espionaje\/\" \/>\n\t<meta name=\"generator\" content=\"All in One SEO Pro (AIOSEO) 5.0.1\" \/>\n\t\t<meta property=\"og:locale\" content=\"es_ES\" \/>\n\t\t<meta property=\"og:site_name\" content=\"El Digital de Asturias\" \/>\n\t\t<meta property=\"og:type\" content=\"article\" \/>\n\t\t<meta property=\"og:title\" content=\"Merkel recibir\u00e1 a Kerry el viernes en plena pol\u00e9mica por espionaje - El Digital de Asturias\" \/>\n\t\t<meta property=\"og:description\" content=\"Berl\u00edn, 29 ene (dpa) - La canciller Angela Merkel recibir\u00e1 este viernes en Berl\u00edn al secretario de Estado norteamericano, John Kerry, inform\u00f3 hoy el portavoz del gobierno alem\u00e1n. El encuentro servir\u00e1 para &quot;un intercambio de opiniones sobre la relaci\u00f3n transatl\u00e1ntica y cuestiones de pol\u00edtica exterior&quot; como las crisis de Siria y Ucrania, a\u00f1adi\u00f3 el portavoz\" \/>\n\t\t<meta property=\"og:url\" content=\"https:\/\/www.eldigitaldeasturias.com\/noticias\/merkel-recibira-a-kerry-el-viernes-en-plena-polemica-por-espionaje\/\" \/>\n\t\t<meta property=\"article:tag\" content=\"actualidad\" \/>\n\t\t<meta property=\"article:published_time\" content=\"2014-01-30T01:37:06+00:00\" \/>\n\t\t<meta property=\"article:modified_time\" content=\"2014-01-30T01:37:06+00:00\" \/>\n\t\t<meta property=\"article:publisher\" content=\"https:\/\/facebook.com\/eldigitaldeasturias\" \/>\n\t\t<meta name=\"twitter:card\" content=\"summary_large_image\" \/>\n\t\t<meta name=\"twitter:title\" content=\"Merkel recibir\u00e1 a Kerry el viernes en plena pol\u00e9mica por espionaje - El Digital de Asturias\" \/>\n\t\t<meta name=\"twitter:description\" content=\"Berl\u00edn, 29 ene (dpa) - La canciller Angela Merkel recibir\u00e1 este viernes en Berl\u00edn al secretario de Estado norteamericano, John Kerry, inform\u00f3 hoy el portavoz del gobierno alem\u00e1n. El encuentro servir\u00e1 para &quot;un intercambio de opiniones sobre la relaci\u00f3n transatl\u00e1ntica y cuestiones de pol\u00edtica exterior&quot; como las crisis de Siria y Ucrania, a\u00f1adi\u00f3 el portavoz\" \/>\n\t\t<meta name=\"twitter:label1\" content=\"Escrito por\" \/>\n\t\t<meta name=\"twitter:data1\" content=\"El Digital de Asturias\" \/>\n\t\t<meta name=\"twitter:label2\" content=\"Tiempo de lectura estimado\" \/>\n\t\t<meta name=\"twitter:data2\" content=\"1 minuto\" \/>\n\t\t<script type=\"application\/ld+json\" class=\"aioseo-schema\">\n\t\t\t{\"@context\":\"https:\\\/\\\/schema.org\",\"@graph\":[{\"@type\":\"BlogPosting\",\"@id\":\"https:\\\/\\\/www.eldigitaldeasturias.com\\\/noticias\\\/merkel-recibira-a-kerry-el-viernes-en-plena-polemica-por-espionaje\\\/#blogposting\",\"name\":\"Merkel recibir\\u00e1 a Kerry el viernes en plena pol\\u00e9mica por espionaje - El Digital de Asturias\",\"headline\":\"Merkel recibir\\u00e1 a Kerry el viernes en plena pol\\u00e9mica por espionaje\",\"author\":{\"@id\":\"https:\\\/\\\/www.eldigitaldeasturias.com\\\/noticias\\\/author\\\/admin\\\/#author\"},\"publisher\":{\"@id\":\"https:\\\/\\\/www.eldigitaldeasturias.com\\\/noticias\\\/#organization\"},\"image\":{\"@type\":\"ImageObject\",\"url\":469165},\"datePublished\":\"2014-01-30T00:37:06+01:00\",\"dateModified\":\"2014-01-30T00:37:06+01:00\",\"inLanguage\":\"es-ES\",\"mainEntityOfPage\":{\"@id\":\"https:\\\/\\\/www.eldigitaldeasturias.com\\\/noticias\\\/merkel-recibira-a-kerry-el-viernes-en-plena-polemica-por-espionaje\\\/#webpage\"},\"isPartOf\":{\"@id\":\"https:\\\/\\\/www.eldigitaldeasturias.com\\\/noticias\\\/merkel-recibira-a-kerry-el-viernes-en-plena-polemica-por-espionaje\\\/#webpage\"},\"articleSection\":\"Actualidad\"},{\"@type\":\"BreadcrumbList\",\"@id\":\"https:\\\/\\\/www.eldigitaldeasturias.com\\\/noticias\\\/merkel-recibira-a-kerry-el-viernes-en-plena-polemica-por-espionaje\\\/#breadcrumblist\",\"itemListElement\":[{\"@type\":\"ListItem\",\"@id\":\"https:\\\/\\\/www.eldigitaldeasturias.com\\\/noticias#listItem\",\"position\":1,\"name\":\"Home\",\"item\":\"https:\\\/\\\/www.eldigitaldeasturias.com\\\/noticias\",\"nextItem\":{\"@type\":\"ListItem\",\"@id\":\"https:\\\/\\\/www.eldigitaldeasturias.com\\\/noticias\\\/category\\\/actualidad\\\/#listItem\",\"name\":\"Actualidad\"}},{\"@type\":\"ListItem\",\"@id\":\"https:\\\/\\\/www.eldigitaldeasturias.com\\\/noticias\\\/category\\\/actualidad\\\/#listItem\",\"position\":2,\"name\":\"Actualidad\",\"item\":\"https:\\\/\\\/www.eldigitaldeasturias.com\\\/noticias\\\/category\\\/actualidad\\\/\",\"nextItem\":{\"@type\":\"ListItem\",\"@id\":\"https:\\\/\\\/www.eldigitaldeasturias.com\\\/noticias\\\/merkel-recibira-a-kerry-el-viernes-en-plena-polemica-por-espionaje\\\/#listItem\",\"name\":\"Merkel recibir\\u00e1 a Kerry el viernes en plena pol\\u00e9mica por espionaje\"},\"previousItem\":{\"@type\":\"ListItem\",\"@id\":\"https:\\\/\\\/www.eldigitaldeasturias.com\\\/noticias#listItem\",\"name\":\"Home\"}},{\"@type\":\"ListItem\",\"@id\":\"https:\\\/\\\/www.eldigitaldeasturias.com\\\/noticias\\\/merkel-recibira-a-kerry-el-viernes-en-plena-polemica-por-espionaje\\\/#listItem\",\"position\":3,\"name\":\"Merkel recibir\\u00e1 a Kerry el viernes en plena pol\\u00e9mica por espionaje\",\"previousItem\":{\"@type\":\"ListItem\",\"@id\":\"https:\\\/\\\/www.eldigitaldeasturias.com\\\/noticias\\\/category\\\/actualidad\\\/#listItem\",\"name\":\"Actualidad\"}}]},{\"@type\":\"Organization\",\"@id\":\"https:\\\/\\\/www.eldigitaldeasturias.com\\\/noticias\\\/#organization\",\"name\":\"El Digital de Asturias\",\"description\":\"Hemeroteca\",\"url\":\"https:\\\/\\\/www.eldigitaldeasturias.com\\\/noticias\\\/\",\"email\":\"info@eldigitaldeasturias.com\",\"telephone\":\"+34652131393\",\"logo\":{\"@type\":\"ImageObject\",\"url\":\"https:\\\/\\\/www.eldigitaldeasturias.com\\\/noticias\\\/wp-content\\\/uploads\\\/2020\\\/12\\\/EDA.jpg\",\"@id\":\"https:\\\/\\\/www.eldigitaldeasturias.com\\\/noticias\\\/merkel-recibira-a-kerry-el-viernes-en-plena-polemica-por-espionaje\\\/#organizationLogo\"},\"image\":{\"@id\":\"https:\\\/\\\/www.eldigitaldeasturias.com\\\/noticias\\\/merkel-recibira-a-kerry-el-viernes-en-plena-polemica-por-espionaje\\\/#organizationLogo\"},\"sameAs\":[\"https:\\\/\\\/facebook.com\\\/eldigitaldeasturias\",\"https:\\\/\\\/www.youtube.com\\\/channel\\\/UCZP-2wLEB9Rv6erhFmqVnvg\"],\"address\":{\"@id\":\"https:\\\/\\\/www.eldigitaldeasturias.com\\\/noticias\\\/#postaladdress\",\"@type\":\"PostalAddress\",\"streetAddress\":\"san antonio 4\",\"postalCode\":\"33430\",\"addressLocality\":\"Cand\\u00e1s\",\"addressRegion\":\"Asturias\",\"addressCountry\":\"ES\"}},{\"@type\":\"Person\",\"@id\":\"https:\\\/\\\/www.eldigitaldeasturias.com\\\/noticias\\\/author\\\/admin\\\/#author\",\"url\":\"https:\\\/\\\/www.eldigitaldeasturias.com\\\/noticias\\\/author\\\/admin\\\/\",\"name\":\"El Digital de Asturias\",\"image\":{\"@type\":\"ImageObject\",\"@id\":\"https:\\\/\\\/www.eldigitaldeasturias.com\\\/noticias\\\/merkel-recibira-a-kerry-el-viernes-en-plena-polemica-por-espionaje\\\/#authorImage\",\"url\":\"https:\\\/\\\/secure.gravatar.com\\\/avatar\\\/df2aeffc32bcd13f8d26072ef8a91b623d677766deac7f97ca815868cd41bf5e?s=96&d=mm&r=g\",\"width\":96,\"height\":96,\"caption\":\"El Digital de Asturias\"}},{\"@type\":\"WebPage\",\"@id\":\"https:\\\/\\\/www.eldigitaldeasturias.com\\\/noticias\\\/merkel-recibira-a-kerry-el-viernes-en-plena-polemica-por-espionaje\\\/#webpage\",\"url\":\"https:\\\/\\\/www.eldigitaldeasturias.com\\\/noticias\\\/merkel-recibira-a-kerry-el-viernes-en-plena-polemica-por-espionaje\\\/\",\"name\":\"Merkel recibir\\u00e1 a Kerry el viernes en plena pol\\u00e9mica por espionaje - El Digital de Asturias\",\"description\":\"Berl\\u00edn, 29 ene (dpa) - La canciller Angela Merkel recibir\\u00e1 este viernes en Berl\\u00edn al secretario de Estado norteamericano, John Kerry, inform\\u00f3 hoy el portavoz del gobierno alem\\u00e1n. El encuentro servir\\u00e1 para \\\"un intercambio de opiniones sobre la relaci\\u00f3n transatl\\u00e1ntica y cuestiones de pol\\u00edtica exterior\\\" como las crisis de Siria y Ucrania, a\\u00f1adi\\u00f3 el portavoz\",\"inLanguage\":\"es-ES\",\"isPartOf\":{\"@id\":\"https:\\\/\\\/www.eldigitaldeasturias.com\\\/noticias\\\/#website\"},\"breadcrumb\":{\"@id\":\"https:\\\/\\\/www.eldigitaldeasturias.com\\\/noticias\\\/merkel-recibira-a-kerry-el-viernes-en-plena-polemica-por-espionaje\\\/#breadcrumblist\"},\"author\":{\"@id\":\"https:\\\/\\\/www.eldigitaldeasturias.com\\\/noticias\\\/author\\\/admin\\\/#author\"},\"creator\":{\"@id\":\"https:\\\/\\\/www.eldigitaldeasturias.com\\\/noticias\\\/author\\\/admin\\\/#author\"},\"image\":{\"@type\":\"ImageObject\",\"url\":469165,\"@id\":\"https:\\\/\\\/www.eldigitaldeasturias.com\\\/noticias\\\/merkel-recibira-a-kerry-el-viernes-en-plena-polemica-por-espionaje\\\/#mainImage\"},\"primaryImageOfPage\":{\"@id\":\"https:\\\/\\\/www.eldigitaldeasturias.com\\\/noticias\\\/merkel-recibira-a-kerry-el-viernes-en-plena-polemica-por-espionaje\\\/#mainImage\"},\"datePublished\":\"2014-01-30T00:37:06+01:00\",\"dateModified\":\"2014-01-30T00:37:06+01:00\"},{\"@type\":\"WebSite\",\"@id\":\"https:\\\/\\\/www.eldigitaldeasturias.com\\\/noticias\\\/#website\",\"url\":\"https:\\\/\\\/www.eldigitaldeasturias.com\\\/noticias\\\/\",\"name\":\"El Digital de Asturias - Diario de actualidad y noticias\",\"alternateName\":\"El Digital de Asturias - Diario de actualidad y noticias\",\"description\":\"Hemeroteca\",\"inLanguage\":\"es-ES\",\"publisher\":{\"@id\":\"https:\\\/\\\/www.eldigitaldeasturias.com\\\/noticias\\\/#organization\"}}]}\n\t\t<\/script>\n\t\t<!-- All in One SEO Pro -->\r\n\t\t<title>Merkel recibir\u00e1 a Kerry el viernes en plena pol\u00e9mica por espionaje - El Digital de Asturias<\/title>\n\n","aioseo_head_json":{"title":"Merkel recibir\u00e1 a Kerry el viernes en plena pol\u00e9mica por espionaje - El Digital de Asturias","description":"Berl\u00edn, 29 ene (dpa) - La canciller Angela Merkel recibir\u00e1 este viernes en Berl\u00edn al secretario de Estado norteamericano, John Kerry, inform\u00f3 hoy el portavoz del gobierno alem\u00e1n. El encuentro servir\u00e1 para \"un intercambio de opiniones sobre la relaci\u00f3n transatl\u00e1ntica y cuestiones de pol\u00edtica exterior\" como las crisis de Siria y Ucrania, a\u00f1adi\u00f3 el portavoz","canonical_url":"https:\/\/www.eldigitaldeasturias.com\/noticias\/merkel-recibira-a-kerry-el-viernes-en-plena-polemica-por-espionaje\/","robots":"max-image-preview:large","keywords":"actualidad","webmasterTools":{"google-site-verification":"UA-38556648-1","msvalidate.01":"7dfe9f3f1b24437ab69f4f2559babe99","miscellaneous":""},"schema":{"@context":"https:\/\/schema.org","@graph":[{"@type":"BlogPosting","@id":"https:\/\/www.eldigitaldeasturias.com\/noticias\/merkel-recibira-a-kerry-el-viernes-en-plena-polemica-por-espionaje\/#blogposting","name":"Merkel recibir\u00e1 a Kerry el viernes en plena pol\u00e9mica por espionaje - El Digital de Asturias","headline":"Merkel recibir\u00e1 a Kerry el viernes en plena pol\u00e9mica por espionaje","author":{"@id":"https:\/\/www.eldigitaldeasturias.com\/noticias\/author\/admin\/#author"},"publisher":{"@id":"https:\/\/www.eldigitaldeasturias.com\/noticias\/#organization"},"image":{"@type":"ImageObject","url":469165},"datePublished":"2014-01-30T00:37:06+01:00","dateModified":"2014-01-30T00:37:06+01:00","inLanguage":"es-ES","mainEntityOfPage":{"@id":"https:\/\/www.eldigitaldeasturias.com\/noticias\/merkel-recibira-a-kerry-el-viernes-en-plena-polemica-por-espionaje\/#webpage"},"isPartOf":{"@id":"https:\/\/www.eldigitaldeasturias.com\/noticias\/merkel-recibira-a-kerry-el-viernes-en-plena-polemica-por-espionaje\/#webpage"},"articleSection":"Actualidad"},{"@type":"BreadcrumbList","@id":"https:\/\/www.eldigitaldeasturias.com\/noticias\/merkel-recibira-a-kerry-el-viernes-en-plena-polemica-por-espionaje\/#breadcrumblist","itemListElement":[{"@type":"ListItem","@id":"https:\/\/www.eldigitaldeasturias.com\/noticias#listItem","position":1,"name":"Home","item":"https:\/\/www.eldigitaldeasturias.com\/noticias","nextItem":{"@type":"ListItem","@id":"https:\/\/www.eldigitaldeasturias.com\/noticias\/category\/actualidad\/#listItem","name":"Actualidad"}},{"@type":"ListItem","@id":"https:\/\/www.eldigitaldeasturias.com\/noticias\/category\/actualidad\/#listItem","position":2,"name":"Actualidad","item":"https:\/\/www.eldigitaldeasturias.com\/noticias\/category\/actualidad\/","nextItem":{"@type":"ListItem","@id":"https:\/\/www.eldigitaldeasturias.com\/noticias\/merkel-recibira-a-kerry-el-viernes-en-plena-polemica-por-espionaje\/#listItem","name":"Merkel recibir\u00e1 a Kerry el viernes en plena pol\u00e9mica por espionaje"},"previousItem":{"@type":"ListItem","@id":"https:\/\/www.eldigitaldeasturias.com\/noticias#listItem","name":"Home"}},{"@type":"ListItem","@id":"https:\/\/www.eldigitaldeasturias.com\/noticias\/merkel-recibira-a-kerry-el-viernes-en-plena-polemica-por-espionaje\/#listItem","position":3,"name":"Merkel recibir\u00e1 a Kerry el viernes en plena pol\u00e9mica por espionaje","previousItem":{"@type":"ListItem","@id":"https:\/\/www.eldigitaldeasturias.com\/noticias\/category\/actualidad\/#listItem","name":"Actualidad"}}]},{"@type":"Organization","@id":"https:\/\/www.eldigitaldeasturias.com\/noticias\/#organization","name":"El Digital de Asturias","description":"Hemeroteca","url":"https:\/\/www.eldigitaldeasturias.com\/noticias\/","email":"info@eldigitaldeasturias.com","telephone":"+34652131393","logo":{"@type":"ImageObject","url":"https:\/\/www.eldigitaldeasturias.com\/noticias\/wp-content\/uploads\/2020\/12\/EDA.jpg","@id":"https:\/\/www.eldigitaldeasturias.com\/noticias\/merkel-recibira-a-kerry-el-viernes-en-plena-polemica-por-espionaje\/#organizationLogo"},"image":{"@id":"https:\/\/www.eldigitaldeasturias.com\/noticias\/merkel-recibira-a-kerry-el-viernes-en-plena-polemica-por-espionaje\/#organizationLogo"},"sameAs":["https:\/\/facebook.com\/eldigitaldeasturias","https:\/\/www.youtube.com\/channel\/UCZP-2wLEB9Rv6erhFmqVnvg"],"address":{"@id":"https:\/\/www.eldigitaldeasturias.com\/noticias\/#postaladdress","@type":"PostalAddress","streetAddress":"san antonio 4","postalCode":"33430","addressLocality":"Cand\u00e1s","addressRegion":"Asturias","addressCountry":"ES"}},{"@type":"Person","@id":"https:\/\/www.eldigitaldeasturias.com\/noticias\/author\/admin\/#author","url":"https:\/\/www.eldigitaldeasturias.com\/noticias\/author\/admin\/","name":"El Digital de Asturias","image":{"@type":"ImageObject","@id":"https:\/\/www.eldigitaldeasturias.com\/noticias\/merkel-recibira-a-kerry-el-viernes-en-plena-polemica-por-espionaje\/#authorImage","url":"https:\/\/secure.gravatar.com\/avatar\/df2aeffc32bcd13f8d26072ef8a91b623d677766deac7f97ca815868cd41bf5e?s=96&d=mm&r=g","width":96,"height":96,"caption":"El Digital de Asturias"}},{"@type":"WebPage","@id":"https:\/\/www.eldigitaldeasturias.com\/noticias\/merkel-recibira-a-kerry-el-viernes-en-plena-polemica-por-espionaje\/#webpage","url":"https:\/\/www.eldigitaldeasturias.com\/noticias\/merkel-recibira-a-kerry-el-viernes-en-plena-polemica-por-espionaje\/","name":"Merkel recibir\u00e1 a Kerry el viernes en plena pol\u00e9mica por espionaje - El Digital de Asturias","description":"Berl\u00edn, 29 ene (dpa) - La canciller Angela Merkel recibir\u00e1 este viernes en Berl\u00edn al secretario de Estado norteamericano, John Kerry, inform\u00f3 hoy el portavoz del gobierno alem\u00e1n. El encuentro servir\u00e1 para \"un intercambio de opiniones sobre la relaci\u00f3n transatl\u00e1ntica y cuestiones de pol\u00edtica exterior\" como las crisis de Siria y Ucrania, a\u00f1adi\u00f3 el portavoz","inLanguage":"es-ES","isPartOf":{"@id":"https:\/\/www.eldigitaldeasturias.com\/noticias\/#website"},"breadcrumb":{"@id":"https:\/\/www.eldigitaldeasturias.com\/noticias\/merkel-recibira-a-kerry-el-viernes-en-plena-polemica-por-espionaje\/#breadcrumblist"},"author":{"@id":"https:\/\/www.eldigitaldeasturias.com\/noticias\/author\/admin\/#author"},"creator":{"@id":"https:\/\/www.eldigitaldeasturias.com\/noticias\/author\/admin\/#author"},"image":{"@type":"ImageObject","url":469165,"@id":"https:\/\/www.eldigitaldeasturias.com\/noticias\/merkel-recibira-a-kerry-el-viernes-en-plena-polemica-por-espionaje\/#mainImage"},"primaryImageOfPage":{"@id":"https:\/\/www.eldigitaldeasturias.com\/noticias\/merkel-recibira-a-kerry-el-viernes-en-plena-polemica-por-espionaje\/#mainImage"},"datePublished":"2014-01-30T00:37:06+01:00","dateModified":"2014-01-30T00:37:06+01:00"},{"@type":"WebSite","@id":"https:\/\/www.eldigitaldeasturias.com\/noticias\/#website","url":"https:\/\/www.eldigitaldeasturias.com\/noticias\/","name":"El Digital de Asturias - Diario de actualidad y noticias","alternateName":"El Digital de Asturias - Diario de actualidad y noticias","description":"Hemeroteca","inLanguage":"es-ES","publisher":{"@id":"https:\/\/www.eldigitaldeasturias.com\/noticias\/#organization"}}]},"og:locale":"es_ES","og:site_name":"El Digital de Asturias","og:type":"article","og:title":"Merkel recibir\u00e1 a Kerry el viernes en plena pol\u00e9mica por espionaje - El Digital de Asturias","og:description":"Berl\u00edn, 29 ene (dpa) - La canciller Angela Merkel recibir\u00e1 este viernes en Berl\u00edn al secretario de Estado norteamericano, John Kerry, inform\u00f3 hoy el portavoz del gobierno alem\u00e1n. El encuentro servir\u00e1 para &quot;un intercambio de opiniones sobre la relaci\u00f3n transatl\u00e1ntica y cuestiones de pol\u00edtica exterior&quot; como las crisis de Siria y Ucrania, a\u00f1adi\u00f3 el portavoz","og:url":"https:\/\/www.eldigitaldeasturias.com\/noticias\/merkel-recibira-a-kerry-el-viernes-en-plena-polemica-por-espionaje\/","article:tag":["actualidad"],"article:published_time":"2014-01-30T01:37:06+00:00","article:modified_time":"2014-01-30T01:37:06+00:00","article:publisher":"https:\/\/facebook.com\/eldigitaldeasturias","twitter:card":"summary_large_image","twitter:title":"Merkel recibir\u00e1 a Kerry el viernes en plena pol\u00e9mica por espionaje - El Digital de Asturias","twitter:description":"Berl\u00edn, 29 ene (dpa) - La canciller Angela Merkel recibir\u00e1 este viernes en Berl\u00edn al secretario de Estado norteamericano, John Kerry, inform\u00f3 hoy el portavoz del gobierno alem\u00e1n. El encuentro servir\u00e1 para &quot;un intercambio de opiniones sobre la relaci\u00f3n transatl\u00e1ntica y cuestiones de pol\u00edtica exterior&quot; como las crisis de Siria y Ucrania, a\u00f1adi\u00f3 el portavoz","twitter:label1":"Escrito por","twitter:data1":"El Digital de Asturias","twitter:label2":"Tiempo de lectura estimado","twitter:data2":"1 minuto"},"aioseo_meta_data":{"post_id":"480331","title":null,"description":null,"keywords":null,"keyphrases":null,"primary_term":null,"canonical_url":null,"og_title":null,"og_description":null,"og_object_type":"default","og_image_type":"default","og_image_url":null,"og_image_width":null,"og_image_height":null,"og_image_custom_url":null,"og_image_custom_fields":null,"og_video":null,"og_custom_url":null,"og_article_section":null,"og_article_tags":null,"twitter_use_og":true,"twitter_card":"default","twitter_image_type":"default","twitter_image_url":null,"twitter_image_custom_url":null,"twitter_image_custom_fields":null,"twitter_title":null,"twitter_description":null,"schema":{"blockGraphs":[],"customGraphs":[],"default":{"data":{"Article":[],"Course":[],"Dataset":[],"FAQPage":[],"Movie":[],"Person":[],"Product":[],"ProductReview":[],"Car":[],"Recipe":[],"Service":[],"SoftwareApplication":[],"WebPage":[]},"graphName":"","isEnabled":true},"graphs":[],"defaultGraph":"","defaultPostTypeGraph":""},"schema_type":null,"schema_type_options":null,"pillar_content":false,"robots_default":true,"robots_noindex":false,"robots_noarchive":false,"robots_nosnippet":false,"robots_nofollow":false,"robots_noimageindex":false,"robots_noodp":false,"robots_notranslate":false,"robots_max_snippet":null,"robots_max_videopreview":null,"robots_max_imagepreview":"none","priority":null,"frequency":null,"local_seo":null,"seo_analyzer_scan_date":"2026-06-02 03:23:56","breadcrumb_settings":null,"limit_modified_date":false,"open_ai":null,"ai":null,"created":"2020-11-14 22:54:10","updated":"2026-06-02 03:23:56","focus_keyword":null,"additional_keywords":null,"truseo_locale":null},"aioseo_breadcrumb":"<div class=\"aioseo-breadcrumbs\"><span class=\"aioseo-breadcrumb\">\n\t<a href=\"https:\/\/www.eldigitaldeasturias.com\/noticias\" title=\"Home\">Home<\/a>\n<\/span><span class=\"aioseo-breadcrumb-separator\">\u2013<\/span><span class=\"aioseo-breadcrumb\">\n\t<a href=\"https:\/\/www.eldigitaldeasturias.com\/noticias\/category\/actualidad\/\" title=\"Actualidad\">Actualidad<\/a>\n<\/span><span class=\"aioseo-breadcrumb-separator\">\u2013<\/span><span class=\"aioseo-breadcrumb\">\n\t<a href=\"https:\/\/www.eldigitaldeasturias.com\/noticias\/merkel-recibira-a-kerry-el-viernes-en-plena-polemica-por-espionaje\/\" title=\"Merkel recibir\u00e1 a Kerry el viernes en plena pol\u00e9mica por espionaje\">Merkel recibir\u00e1 a Kerry el viernes en plena pol\u00e9mica por espionaje<\/a>\n<\/span><\/div>","aioseo_breadcrumb_json":[{"label":"Home","link":"https:\/\/www.eldigitaldeasturias.com\/noticias"},{"label":"Actualidad","link":"https:\/\/www.eldigitaldeasturias.com\/noticias\/category\/actualidad\/"},{"label":"Merkel recibir\u00e1 a Kerry el viernes en plena pol\u00e9mica por espionaje","link":"https:\/\/www.eldigitaldeasturias.com\/noticias\/merkel-recibira-a-kerry-el-viernes-en-plena-polemica-por-espionaje\/"}],"_links":{"self":[{"href":"https:\/\/www.eldigitaldeasturias.com\/noticias\/wp-json\/wp\/v2\/posts\/480331","targetHints":{"allow":["GET"]}}],"collection":[{"href":"https:\/\/www.eldigitaldeasturias.com\/noticias\/wp-json\/wp\/v2\/posts"}],"about":[{"href":"https:\/\/www.eldigitaldeasturias.com\/noticias\/wp-json\/wp\/v2\/types\/post"}],"author":[{"embeddable":true,"href":"https:\/\/www.eldigitaldeasturias.com\/noticias\/wp-json\/wp\/v2\/users\/1"}],"replies":[{"embeddable":true,"href":"https:\/\/www.eldigitaldeasturias.com\/noticias\/wp-json\/wp\/v2\/comments?post=480331"}],"version-history":[{"count":0,"href":"https:\/\/www.eldigitaldeasturias.com\/noticias\/wp-json\/wp\/v2\/posts\/480331\/revisions"}],"wp:attachment":[{"href":"https:\/\/www.eldigitaldeasturias.com\/noticias\/wp-json\/wp\/v2\/media?parent=480331"}],"wp:term":[{"taxonomy":"category","embeddable":true,"href":"https:\/\/www.eldigitaldeasturias.com\/noticias\/wp-json\/wp\/v2\/categories?post=480331"},{"taxonomy":"post_tag","embeddable":true,"href":"https:\/\/www.eldigitaldeasturias.com\/noticias\/wp-json\/wp\/v2\/tags?post=480331"}],"curies":[{"name":"wp","href":"https:\/\/api.w.org\/{rel}","templated":true}]}}