{"id":480329,"date":"2014-01-30T00:35:02","date_gmt":"2014-01-30T01:35:02","guid":{"rendered":"http:\/\/www.eldigitaldeasturias.com\/noticias\/?p=480329"},"modified":"2014-01-30T00:35:02","modified_gmt":"2014-01-30T01:35:02","slug":"reforma-de-las-pensiones-un-golpe-a-la-credibilidad-de-alemania","status":"publish","type":"post","link":"https:\/\/www.eldigitaldeasturias.com\/noticias\/reforma-de-las-pensiones-un-golpe-a-la-credibilidad-de-alemania\/","title":{"rendered":"Reforma de las pensiones : \u00bfUn golpe a la credibilidad de Alemania?"},"content":{"rendered":"<p><img loading=\"lazy\" decoding=\"async\" class=\"alignleft size-full wp-image-469165\" alt=\"merkel2\" src=\"https:\/\/www.eldigitaldeasturias.com\/noticias\/wp-content\/uploads\/2014\/01\/merkel2.jpg\" width=\"239\" height=\"320\" \/>Berl\u00edn, 29 ene (dpa) &#8211; El nuevo sistema de pensiones alem\u00e1n echa por la borda el papel de Alemania como abanderado de las reformas. Mientras a otros pa\u00edses europeos se les aplica sin compasi\u00f3n un duro plan de ajustes, Alemania no duda en abrir las arcas p\u00fablicas para sacar adelante los ambiciosos planes del nuevo gobierno alem\u00e1n.<\/p>\n<p>\u00abAlemania exige con insistencia reformas, en especial dentro de las partidas sociales y del mercado laboral. \u00bfC\u00f3mo podremos seguir haci\u00e9ndolo con credibilidad? Predicamos a favor del agua y bebemos vino en abundancia\u00bb, afirm\u00f3 a dpa el presidente de la Asociaci\u00f3n de la Industria Alemana (BDI), Ulrich Grillo.<\/p>\n<p>El proyecto de ley aprobado hoy va en direcci\u00f3n contraria de una de las mayores reformas en Alemania en la \u00faltima d\u00e9cada. Bajo el liderazgo del entonces ministro socialdem\u00f3crata de Trabajo Franz M\u00fcntefering, la primera gran coalici\u00f3n de la canciller Angela Merkel acord\u00f3 en 2007 elevar la edad de jubilaci\u00f3n de 65 a 67 a\u00f1os.<\/p>\n<p>La jubilaci\u00f3n a los 67 fue y sigue siendo impopular entre los alemanes y le cost\u00f3 al Partido Socialdem\u00f3crata (SPD) muchos votos en las elecciones generales siguientes, donde registr\u00f3 el peor resultado de su historia.<\/p>\n<p>Desde diciembre gobierna de nuevo una gran coalici\u00f3n entre el SPD y la Uni\u00f3n, formada entre la Uni\u00f3n Cristianodem\u00f3crata (CDU) de Merkel y su hermano b\u00e1varo, la Uni\u00f3n Cristianosocial (CSU).<\/p>\n<p>El nuevo Ejecutivo acord\u00f3 una nueva reforma del sistema de pensiones que baja de 65 a 63 a\u00f1os la edad de jubilaci\u00f3n para trabajadores con al menos 45 a\u00f1os cotizados. Esto quiere decir que s\u00f3lo los que hayan trabajado desde los 18 a\u00f1os sin interrupci\u00f3n podr\u00e1n retirarse antes de tiempo.<\/p>\n<p>No obstante, al igual que sucede con la decisi\u00f3n de elevar a 67 la edad de jubilaci\u00f3n, estos 63 a\u00f1os tambi\u00e9n se ir\u00e1n elevando poco a poco hasta llegar a los 65.<\/p>\n<p>Asimismo, esta reforma prev\u00e9 tambi\u00e9n que las mujeres que hayan tenido hijos antes de 1992 reciban una pensi\u00f3n m\u00e1s elevada de la actual. Y tambi\u00e9n se elevar\u00e1n los subsidios de incapacidad laboral parcial.<\/p>\n<p>De acuerdo a los c\u00e1lculos estimados se cree que este nuevo sistema de pensiones provocar\u00e1 un gasto adicional hasta el a\u00f1o 2030 de hasta 160.000 millones de euros.<\/p>\n<p>El gobierno alem\u00e1n se ha decantado as\u00ed por la senda de una mayor justicia social con el consiguiente aumento del gasto p\u00fablico, algo que ha desatado las cr\u00edticas tanto de los empresarios alemanes, como tambi\u00e9n de los organismos internaciones, que le echan en cara presionar a sus vecinos para que ahorren, mientras ellos deciden no dar ejemplo.<\/p>\n<p>La Organizaci\u00f3n para la Cooperaci\u00f3n y el Desarrollo Econ\u00f3micos (OCDE) califica de error el reciente paquete de pensiones aprobado por el gobierno alem\u00e1n.<\/p>\n<p>\u00abA la vista del desarrollo demogr\u00e1fico conceder la jubilaci\u00f3n a los 63 es un notable retroceso\u00bb, afirm\u00f3 la experta en pensiones de la OCDE Monika Queisser en una entrevista al diario alem\u00e1n \u00abNeue Osnabr\u00fccker Zeitung\u00bb.<\/p>\n<p>Por su parte, la Federaci\u00f3n patronal alemana (BDA) calific\u00f3 la jubilaci\u00f3n a los 63 como \u00abun enorme error\u00bb y advirti\u00f3 de una \u00abjubilaci\u00f3n anticipada subvencionada\u00bb.<\/p>\n<p>De manera muy diferente lo ve la Federaci\u00f3n alemana de sindicatos (DGB), que siempre se mostr\u00f3 en contra de la jubilaci\u00f3n a los 67. \u00abLa jubilaci\u00f3n a los 63 no es un regalo displicente\u00bb, afirm\u00f3 a dpa el miembro de la c\u00fapula directiva de la DGB Annelie Buntenbach.<\/p>\n<p>Hace 11 a\u00f1os, el entonces canciller alem\u00e1n del SPD Gerhard Schr\u00f6der emprendi\u00f3 una serie de reformas estructurales dolorosas en su famosa \u00abAgenda 2010\u00bb, a pesar de la fuerte resistencia de los sindicatos alemanes.<\/p>\n<p>El propio Schr\u00f6der critic\u00f3 hoy la reforma de las pensiones como \u00abuna se\u00f1al absolutamente errada\u00bb a los socios europeos, a los que se les reclama austeridad. \u00abLa decisiones no s\u00f3lo cuestan miles de millones de euros de una vez, sino que tambi\u00e9n producen gastos cada a\u00f1o\u00bb, escribi\u00f3 en el diario \u00abBild\u00bb.<\/p>\n<p>El experto en pensiones del Instituto Econ\u00f3mico alem\u00e1n (DIW), Johannes Geyer, ve el actual borrador de ley sobre las pensiones como una \u00abamplia correcci\u00f3n\u00bb del curso reformista alem\u00e1n.<\/p>\n<p>\u00abEs de suponer que la disposici\u00f3n para llevar a cabo grandes reformas es menor, ya que la situaci\u00f3n financiera actual es relativamente buena. Sin embargo, seg\u00fan todos los indicios esto va a cambiar\u00bb, coment\u00f3 a dpa Geyer.<\/p>\n<p>El jefe del Partido Liberal alem\u00e1n (FDP), Christian Lindner, fue m\u00e1s duro a la hora de criticar la nueva pol\u00edtica de Merkel. Durante un reciente congreso federal del partido, Lindner record\u00f3 el anuncio del presidente socialista franc\u00e9s, Fran\u00e7ois Hollande, de implementar las reformas para fortalecer la fuerza econ\u00f3mica y la consolidaci\u00f3n del presupuesto p\u00fablico y lo compar\u00f3 con el curso actual del gobierno.<\/p>\n<p>\u00abEn el mismo segundo en que Francia se vuelve liberal, Alemania se vuelve francesa. No era as\u00ed como nos hab\u00edamos imaginado el acercamiento entre los dos pa\u00edses\u00bb, afirm\u00f3.<\/p>\n<p>Por Klaus Blume<\/p>\n","protected":false},"excerpt":{"rendered":"<p>Berl\u00edn, 29 ene (dpa) &#8211; El nuevo sistema de pensiones alem\u00e1n echa por la borda el papel de Alemania como abanderado de las reformas. Mientras a otros pa\u00edses europeos se les aplica sin compasi\u00f3n un duro plan de ajustes, Alemania no duda en abrir las arcas p\u00fablicas para sacar adelante los ambiciosos planes del nuevo [&hellip;]<\/p>\n","protected":false},"author":1,"featured_media":469165,"comment_status":"closed","ping_status":"open","sticky":false,"template":"","format":"standard","meta":{"footnotes":""},"categories":[1],"tags":[],"class_list":["post-480329","post","type-post","status-publish","format-standard","has-post-thumbnail","hentry","category-actualidad"],"aioseo_notices":[],"aioseo_head":"\n\t\t<!-- All in One SEO Pro 5.0.1 - aioseo.com -->\n\t<meta name=\"description\" content=\"Berl\u00edn, 29 ene (dpa) - El nuevo sistema de pensiones alem\u00e1n echa por la borda el papel de Alemania como abanderado de las reformas. Mientras a otros pa\u00edses europeos se les aplica sin compasi\u00f3n un duro plan de ajustes, Alemania no duda en abrir las arcas p\u00fablicas para sacar adelante los ambiciosos planes del nuevo\" \/>\n\t<meta name=\"robots\" content=\"max-image-preview:large\" \/>\n\t<meta name=\"author\" content=\"El Digital de Asturias\"\/>\n\t<meta name=\"google-site-verification\" content=\"UA-38556648-1\" \/>\n\t<meta name=\"msvalidate.01\" content=\"7dfe9f3f1b24437ab69f4f2559babe99\" \/>\n\t<meta name=\"keywords\" content=\"actualidad\" \/>\n\t<link rel=\"canonical\" href=\"https:\/\/www.eldigitaldeasturias.com\/noticias\/reforma-de-las-pensiones-un-golpe-a-la-credibilidad-de-alemania\/\" \/>\n\t<meta name=\"generator\" content=\"All in One SEO Pro (AIOSEO) 5.0.1\" \/>\n\t\t<meta property=\"og:locale\" content=\"es_ES\" \/>\n\t\t<meta property=\"og:site_name\" content=\"El Digital de Asturias\" \/>\n\t\t<meta property=\"og:type\" content=\"article\" \/>\n\t\t<meta property=\"og:title\" content=\"Reforma de las pensiones : \u00bfUn golpe a la credibilidad de Alemania? - El Digital de Asturias\" \/>\n\t\t<meta property=\"og:description\" content=\"Berl\u00edn, 29 ene (dpa) - El nuevo sistema de pensiones alem\u00e1n echa por la borda el papel de Alemania como abanderado de las reformas. Mientras a otros pa\u00edses europeos se les aplica sin compasi\u00f3n un duro plan de ajustes, Alemania no duda en abrir las arcas p\u00fablicas para sacar adelante los ambiciosos planes del nuevo\" \/>\n\t\t<meta property=\"og:url\" content=\"https:\/\/www.eldigitaldeasturias.com\/noticias\/reforma-de-las-pensiones-un-golpe-a-la-credibilidad-de-alemania\/\" \/>\n\t\t<meta property=\"article:tag\" content=\"actualidad\" \/>\n\t\t<meta property=\"article:published_time\" content=\"2014-01-30T01:35:02+00:00\" \/>\n\t\t<meta property=\"article:modified_time\" content=\"2014-01-30T01:35:02+00:00\" \/>\n\t\t<meta property=\"article:publisher\" content=\"https:\/\/facebook.com\/eldigitaldeasturias\" \/>\n\t\t<meta name=\"twitter:card\" content=\"summary_large_image\" \/>\n\t\t<meta name=\"twitter:title\" content=\"Reforma de las pensiones : \u00bfUn golpe a la credibilidad de Alemania? - El Digital de Asturias\" \/>\n\t\t<meta name=\"twitter:description\" content=\"Berl\u00edn, 29 ene (dpa) - El nuevo sistema de pensiones alem\u00e1n echa por la borda el papel de Alemania como abanderado de las reformas. Mientras a otros pa\u00edses europeos se les aplica sin compasi\u00f3n un duro plan de ajustes, Alemania no duda en abrir las arcas p\u00fablicas para sacar adelante los ambiciosos planes del nuevo\" \/>\n\t\t<meta name=\"twitter:label1\" content=\"Escrito por\" \/>\n\t\t<meta name=\"twitter:data1\" content=\"El Digital de Asturias\" \/>\n\t\t<meta name=\"twitter:label2\" content=\"Tiempo de lectura estimado\" \/>\n\t\t<meta name=\"twitter:data2\" content=\"4 minutos\" \/>\n\t\t<script type=\"application\/ld+json\" class=\"aioseo-schema\">\n\t\t\t{\"@context\":\"https:\\\/\\\/schema.org\",\"@graph\":[{\"@type\":\"BlogPosting\",\"@id\":\"https:\\\/\\\/www.eldigitaldeasturias.com\\\/noticias\\\/reforma-de-las-pensiones-un-golpe-a-la-credibilidad-de-alemania\\\/#blogposting\",\"name\":\"Reforma de las pensiones : \\u00bfUn golpe a la credibilidad de Alemania? - El Digital de Asturias\",\"headline\":\"Reforma de las pensiones : \\u00bfUn golpe a la credibilidad de Alemania?\",\"author\":{\"@id\":\"https:\\\/\\\/www.eldigitaldeasturias.com\\\/noticias\\\/author\\\/admin\\\/#author\"},\"publisher\":{\"@id\":\"https:\\\/\\\/www.eldigitaldeasturias.com\\\/noticias\\\/#organization\"},\"image\":{\"@type\":\"ImageObject\",\"url\":469165},\"datePublished\":\"2014-01-30T00:35:02+01:00\",\"dateModified\":\"2014-01-30T00:35:02+01:00\",\"inLanguage\":\"es-ES\",\"mainEntityOfPage\":{\"@id\":\"https:\\\/\\\/www.eldigitaldeasturias.com\\\/noticias\\\/reforma-de-las-pensiones-un-golpe-a-la-credibilidad-de-alemania\\\/#webpage\"},\"isPartOf\":{\"@id\":\"https:\\\/\\\/www.eldigitaldeasturias.com\\\/noticias\\\/reforma-de-las-pensiones-un-golpe-a-la-credibilidad-de-alemania\\\/#webpage\"},\"articleSection\":\"Actualidad\"},{\"@type\":\"BreadcrumbList\",\"@id\":\"https:\\\/\\\/www.eldigitaldeasturias.com\\\/noticias\\\/reforma-de-las-pensiones-un-golpe-a-la-credibilidad-de-alemania\\\/#breadcrumblist\",\"itemListElement\":[{\"@type\":\"ListItem\",\"@id\":\"https:\\\/\\\/www.eldigitaldeasturias.com\\\/noticias#listItem\",\"position\":1,\"name\":\"Home\",\"item\":\"https:\\\/\\\/www.eldigitaldeasturias.com\\\/noticias\",\"nextItem\":{\"@type\":\"ListItem\",\"@id\":\"https:\\\/\\\/www.eldigitaldeasturias.com\\\/noticias\\\/category\\\/actualidad\\\/#listItem\",\"name\":\"Actualidad\"}},{\"@type\":\"ListItem\",\"@id\":\"https:\\\/\\\/www.eldigitaldeasturias.com\\\/noticias\\\/category\\\/actualidad\\\/#listItem\",\"position\":2,\"name\":\"Actualidad\",\"item\":\"https:\\\/\\\/www.eldigitaldeasturias.com\\\/noticias\\\/category\\\/actualidad\\\/\",\"nextItem\":{\"@type\":\"ListItem\",\"@id\":\"https:\\\/\\\/www.eldigitaldeasturias.com\\\/noticias\\\/reforma-de-las-pensiones-un-golpe-a-la-credibilidad-de-alemania\\\/#listItem\",\"name\":\"Reforma de las pensiones : \\u00bfUn golpe a la credibilidad de Alemania?\"},\"previousItem\":{\"@type\":\"ListItem\",\"@id\":\"https:\\\/\\\/www.eldigitaldeasturias.com\\\/noticias#listItem\",\"name\":\"Home\"}},{\"@type\":\"ListItem\",\"@id\":\"https:\\\/\\\/www.eldigitaldeasturias.com\\\/noticias\\\/reforma-de-las-pensiones-un-golpe-a-la-credibilidad-de-alemania\\\/#listItem\",\"position\":3,\"name\":\"Reforma de las pensiones : \\u00bfUn golpe a la credibilidad de Alemania?\",\"previousItem\":{\"@type\":\"ListItem\",\"@id\":\"https:\\\/\\\/www.eldigitaldeasturias.com\\\/noticias\\\/category\\\/actualidad\\\/#listItem\",\"name\":\"Actualidad\"}}]},{\"@type\":\"Organization\",\"@id\":\"https:\\\/\\\/www.eldigitaldeasturias.com\\\/noticias\\\/#organization\",\"name\":\"El Digital de Asturias\",\"description\":\"Hemeroteca\",\"url\":\"https:\\\/\\\/www.eldigitaldeasturias.com\\\/noticias\\\/\",\"email\":\"info@eldigitaldeasturias.com\",\"telephone\":\"+34652131393\",\"logo\":{\"@type\":\"ImageObject\",\"url\":\"https:\\\/\\\/www.eldigitaldeasturias.com\\\/noticias\\\/wp-content\\\/uploads\\\/2020\\\/12\\\/EDA.jpg\",\"@id\":\"https:\\\/\\\/www.eldigitaldeasturias.com\\\/noticias\\\/reforma-de-las-pensiones-un-golpe-a-la-credibilidad-de-alemania\\\/#organizationLogo\"},\"image\":{\"@id\":\"https:\\\/\\\/www.eldigitaldeasturias.com\\\/noticias\\\/reforma-de-las-pensiones-un-golpe-a-la-credibilidad-de-alemania\\\/#organizationLogo\"},\"sameAs\":[\"https:\\\/\\\/facebook.com\\\/eldigitaldeasturias\",\"https:\\\/\\\/www.youtube.com\\\/channel\\\/UCZP-2wLEB9Rv6erhFmqVnvg\"],\"address\":{\"@id\":\"https:\\\/\\\/www.eldigitaldeasturias.com\\\/noticias\\\/#postaladdress\",\"@type\":\"PostalAddress\",\"streetAddress\":\"san antonio 4\",\"postalCode\":\"33430\",\"addressLocality\":\"Cand\\u00e1s\",\"addressRegion\":\"Asturias\",\"addressCountry\":\"ES\"}},{\"@type\":\"Person\",\"@id\":\"https:\\\/\\\/www.eldigitaldeasturias.com\\\/noticias\\\/author\\\/admin\\\/#author\",\"url\":\"https:\\\/\\\/www.eldigitaldeasturias.com\\\/noticias\\\/author\\\/admin\\\/\",\"name\":\"El Digital de Asturias\",\"image\":{\"@type\":\"ImageObject\",\"@id\":\"https:\\\/\\\/www.eldigitaldeasturias.com\\\/noticias\\\/reforma-de-las-pensiones-un-golpe-a-la-credibilidad-de-alemania\\\/#authorImage\",\"url\":\"https:\\\/\\\/secure.gravatar.com\\\/avatar\\\/df2aeffc32bcd13f8d26072ef8a91b623d677766deac7f97ca815868cd41bf5e?s=96&d=mm&r=g\",\"width\":96,\"height\":96,\"caption\":\"El Digital de Asturias\"}},{\"@type\":\"WebPage\",\"@id\":\"https:\\\/\\\/www.eldigitaldeasturias.com\\\/noticias\\\/reforma-de-las-pensiones-un-golpe-a-la-credibilidad-de-alemania\\\/#webpage\",\"url\":\"https:\\\/\\\/www.eldigitaldeasturias.com\\\/noticias\\\/reforma-de-las-pensiones-un-golpe-a-la-credibilidad-de-alemania\\\/\",\"name\":\"Reforma de las pensiones : \\u00bfUn golpe a la credibilidad de Alemania? - El Digital de Asturias\",\"description\":\"Berl\\u00edn, 29 ene (dpa) - El nuevo sistema de pensiones alem\\u00e1n echa por la borda el papel de Alemania como abanderado de las reformas. Mientras a otros pa\\u00edses europeos se les aplica sin compasi\\u00f3n un duro plan de ajustes, Alemania no duda en abrir las arcas p\\u00fablicas para sacar adelante los ambiciosos planes del nuevo\",\"inLanguage\":\"es-ES\",\"isPartOf\":{\"@id\":\"https:\\\/\\\/www.eldigitaldeasturias.com\\\/noticias\\\/#website\"},\"breadcrumb\":{\"@id\":\"https:\\\/\\\/www.eldigitaldeasturias.com\\\/noticias\\\/reforma-de-las-pensiones-un-golpe-a-la-credibilidad-de-alemania\\\/#breadcrumblist\"},\"author\":{\"@id\":\"https:\\\/\\\/www.eldigitaldeasturias.com\\\/noticias\\\/author\\\/admin\\\/#author\"},\"creator\":{\"@id\":\"https:\\\/\\\/www.eldigitaldeasturias.com\\\/noticias\\\/author\\\/admin\\\/#author\"},\"image\":{\"@type\":\"ImageObject\",\"url\":469165,\"@id\":\"https:\\\/\\\/www.eldigitaldeasturias.com\\\/noticias\\\/reforma-de-las-pensiones-un-golpe-a-la-credibilidad-de-alemania\\\/#mainImage\"},\"primaryImageOfPage\":{\"@id\":\"https:\\\/\\\/www.eldigitaldeasturias.com\\\/noticias\\\/reforma-de-las-pensiones-un-golpe-a-la-credibilidad-de-alemania\\\/#mainImage\"},\"datePublished\":\"2014-01-30T00:35:02+01:00\",\"dateModified\":\"2014-01-30T00:35:02+01:00\"},{\"@type\":\"WebSite\",\"@id\":\"https:\\\/\\\/www.eldigitaldeasturias.com\\\/noticias\\\/#website\",\"url\":\"https:\\\/\\\/www.eldigitaldeasturias.com\\\/noticias\\\/\",\"name\":\"El Digital de Asturias - Diario de actualidad y noticias\",\"alternateName\":\"El Digital de Asturias - Diario de actualidad y noticias\",\"description\":\"Hemeroteca\",\"inLanguage\":\"es-ES\",\"publisher\":{\"@id\":\"https:\\\/\\\/www.eldigitaldeasturias.com\\\/noticias\\\/#organization\"}}]}\n\t\t<\/script>\n\t\t<!-- All in One SEO Pro -->\r\n\t\t<title>Reforma de las pensiones : \u00bfUn golpe a la credibilidad de Alemania? - El Digital de Asturias<\/title>\n\n","aioseo_head_json":{"title":"Reforma de las pensiones : \u00bfUn golpe a la credibilidad de Alemania? - El Digital de Asturias","description":"Berl\u00edn, 29 ene (dpa) - El nuevo sistema de pensiones alem\u00e1n echa por la borda el papel de Alemania como abanderado de las reformas. Mientras a otros pa\u00edses europeos se les aplica sin compasi\u00f3n un duro plan de ajustes, Alemania no duda en abrir las arcas p\u00fablicas para sacar adelante los ambiciosos planes del nuevo","canonical_url":"https:\/\/www.eldigitaldeasturias.com\/noticias\/reforma-de-las-pensiones-un-golpe-a-la-credibilidad-de-alemania\/","robots":"max-image-preview:large","keywords":"actualidad","webmasterTools":{"google-site-verification":"UA-38556648-1","msvalidate.01":"7dfe9f3f1b24437ab69f4f2559babe99","miscellaneous":""},"schema":{"@context":"https:\/\/schema.org","@graph":[{"@type":"BlogPosting","@id":"https:\/\/www.eldigitaldeasturias.com\/noticias\/reforma-de-las-pensiones-un-golpe-a-la-credibilidad-de-alemania\/#blogposting","name":"Reforma de las pensiones : \u00bfUn golpe a la credibilidad de Alemania? - El Digital de Asturias","headline":"Reforma de las pensiones : \u00bfUn golpe a la credibilidad de Alemania?","author":{"@id":"https:\/\/www.eldigitaldeasturias.com\/noticias\/author\/admin\/#author"},"publisher":{"@id":"https:\/\/www.eldigitaldeasturias.com\/noticias\/#organization"},"image":{"@type":"ImageObject","url":469165},"datePublished":"2014-01-30T00:35:02+01:00","dateModified":"2014-01-30T00:35:02+01:00","inLanguage":"es-ES","mainEntityOfPage":{"@id":"https:\/\/www.eldigitaldeasturias.com\/noticias\/reforma-de-las-pensiones-un-golpe-a-la-credibilidad-de-alemania\/#webpage"},"isPartOf":{"@id":"https:\/\/www.eldigitaldeasturias.com\/noticias\/reforma-de-las-pensiones-un-golpe-a-la-credibilidad-de-alemania\/#webpage"},"articleSection":"Actualidad"},{"@type":"BreadcrumbList","@id":"https:\/\/www.eldigitaldeasturias.com\/noticias\/reforma-de-las-pensiones-un-golpe-a-la-credibilidad-de-alemania\/#breadcrumblist","itemListElement":[{"@type":"ListItem","@id":"https:\/\/www.eldigitaldeasturias.com\/noticias#listItem","position":1,"name":"Home","item":"https:\/\/www.eldigitaldeasturias.com\/noticias","nextItem":{"@type":"ListItem","@id":"https:\/\/www.eldigitaldeasturias.com\/noticias\/category\/actualidad\/#listItem","name":"Actualidad"}},{"@type":"ListItem","@id":"https:\/\/www.eldigitaldeasturias.com\/noticias\/category\/actualidad\/#listItem","position":2,"name":"Actualidad","item":"https:\/\/www.eldigitaldeasturias.com\/noticias\/category\/actualidad\/","nextItem":{"@type":"ListItem","@id":"https:\/\/www.eldigitaldeasturias.com\/noticias\/reforma-de-las-pensiones-un-golpe-a-la-credibilidad-de-alemania\/#listItem","name":"Reforma de las pensiones : \u00bfUn golpe a la credibilidad de Alemania?"},"previousItem":{"@type":"ListItem","@id":"https:\/\/www.eldigitaldeasturias.com\/noticias#listItem","name":"Home"}},{"@type":"ListItem","@id":"https:\/\/www.eldigitaldeasturias.com\/noticias\/reforma-de-las-pensiones-un-golpe-a-la-credibilidad-de-alemania\/#listItem","position":3,"name":"Reforma de las pensiones : \u00bfUn golpe a la credibilidad de Alemania?","previousItem":{"@type":"ListItem","@id":"https:\/\/www.eldigitaldeasturias.com\/noticias\/category\/actualidad\/#listItem","name":"Actualidad"}}]},{"@type":"Organization","@id":"https:\/\/www.eldigitaldeasturias.com\/noticias\/#organization","name":"El Digital de Asturias","description":"Hemeroteca","url":"https:\/\/www.eldigitaldeasturias.com\/noticias\/","email":"info@eldigitaldeasturias.com","telephone":"+34652131393","logo":{"@type":"ImageObject","url":"https:\/\/www.eldigitaldeasturias.com\/noticias\/wp-content\/uploads\/2020\/12\/EDA.jpg","@id":"https:\/\/www.eldigitaldeasturias.com\/noticias\/reforma-de-las-pensiones-un-golpe-a-la-credibilidad-de-alemania\/#organizationLogo"},"image":{"@id":"https:\/\/www.eldigitaldeasturias.com\/noticias\/reforma-de-las-pensiones-un-golpe-a-la-credibilidad-de-alemania\/#organizationLogo"},"sameAs":["https:\/\/facebook.com\/eldigitaldeasturias","https:\/\/www.youtube.com\/channel\/UCZP-2wLEB9Rv6erhFmqVnvg"],"address":{"@id":"https:\/\/www.eldigitaldeasturias.com\/noticias\/#postaladdress","@type":"PostalAddress","streetAddress":"san antonio 4","postalCode":"33430","addressLocality":"Cand\u00e1s","addressRegion":"Asturias","addressCountry":"ES"}},{"@type":"Person","@id":"https:\/\/www.eldigitaldeasturias.com\/noticias\/author\/admin\/#author","url":"https:\/\/www.eldigitaldeasturias.com\/noticias\/author\/admin\/","name":"El Digital de Asturias","image":{"@type":"ImageObject","@id":"https:\/\/www.eldigitaldeasturias.com\/noticias\/reforma-de-las-pensiones-un-golpe-a-la-credibilidad-de-alemania\/#authorImage","url":"https:\/\/secure.gravatar.com\/avatar\/df2aeffc32bcd13f8d26072ef8a91b623d677766deac7f97ca815868cd41bf5e?s=96&d=mm&r=g","width":96,"height":96,"caption":"El Digital de Asturias"}},{"@type":"WebPage","@id":"https:\/\/www.eldigitaldeasturias.com\/noticias\/reforma-de-las-pensiones-un-golpe-a-la-credibilidad-de-alemania\/#webpage","url":"https:\/\/www.eldigitaldeasturias.com\/noticias\/reforma-de-las-pensiones-un-golpe-a-la-credibilidad-de-alemania\/","name":"Reforma de las pensiones : \u00bfUn golpe a la credibilidad de Alemania? - El Digital de Asturias","description":"Berl\u00edn, 29 ene (dpa) - El nuevo sistema de pensiones alem\u00e1n echa por la borda el papel de Alemania como abanderado de las reformas. Mientras a otros pa\u00edses europeos se les aplica sin compasi\u00f3n un duro plan de ajustes, Alemania no duda en abrir las arcas p\u00fablicas para sacar adelante los ambiciosos planes del nuevo","inLanguage":"es-ES","isPartOf":{"@id":"https:\/\/www.eldigitaldeasturias.com\/noticias\/#website"},"breadcrumb":{"@id":"https:\/\/www.eldigitaldeasturias.com\/noticias\/reforma-de-las-pensiones-un-golpe-a-la-credibilidad-de-alemania\/#breadcrumblist"},"author":{"@id":"https:\/\/www.eldigitaldeasturias.com\/noticias\/author\/admin\/#author"},"creator":{"@id":"https:\/\/www.eldigitaldeasturias.com\/noticias\/author\/admin\/#author"},"image":{"@type":"ImageObject","url":469165,"@id":"https:\/\/www.eldigitaldeasturias.com\/noticias\/reforma-de-las-pensiones-un-golpe-a-la-credibilidad-de-alemania\/#mainImage"},"primaryImageOfPage":{"@id":"https:\/\/www.eldigitaldeasturias.com\/noticias\/reforma-de-las-pensiones-un-golpe-a-la-credibilidad-de-alemania\/#mainImage"},"datePublished":"2014-01-30T00:35:02+01:00","dateModified":"2014-01-30T00:35:02+01:00"},{"@type":"WebSite","@id":"https:\/\/www.eldigitaldeasturias.com\/noticias\/#website","url":"https:\/\/www.eldigitaldeasturias.com\/noticias\/","name":"El Digital de Asturias - Diario de actualidad y noticias","alternateName":"El Digital de Asturias - Diario de actualidad y noticias","description":"Hemeroteca","inLanguage":"es-ES","publisher":{"@id":"https:\/\/www.eldigitaldeasturias.com\/noticias\/#organization"}}]},"og:locale":"es_ES","og:site_name":"El Digital de Asturias","og:type":"article","og:title":"Reforma de las pensiones : \u00bfUn golpe a la credibilidad de Alemania? - El Digital de Asturias","og:description":"Berl\u00edn, 29 ene (dpa) - El nuevo sistema de pensiones alem\u00e1n echa por la borda el papel de Alemania como abanderado de las reformas. Mientras a otros pa\u00edses europeos se les aplica sin compasi\u00f3n un duro plan de ajustes, Alemania no duda en abrir las arcas p\u00fablicas para sacar adelante los ambiciosos planes del nuevo","og:url":"https:\/\/www.eldigitaldeasturias.com\/noticias\/reforma-de-las-pensiones-un-golpe-a-la-credibilidad-de-alemania\/","article:tag":["actualidad"],"article:published_time":"2014-01-30T01:35:02+00:00","article:modified_time":"2014-01-30T01:35:02+00:00","article:publisher":"https:\/\/facebook.com\/eldigitaldeasturias","twitter:card":"summary_large_image","twitter:title":"Reforma de las pensiones : \u00bfUn golpe a la credibilidad de Alemania? - El Digital de Asturias","twitter:description":"Berl\u00edn, 29 ene (dpa) - El nuevo sistema de pensiones alem\u00e1n echa por la borda el papel de Alemania como abanderado de las reformas. Mientras a otros pa\u00edses europeos se les aplica sin compasi\u00f3n un duro plan de ajustes, Alemania no duda en abrir las arcas p\u00fablicas para sacar adelante los ambiciosos planes del nuevo","twitter:label1":"Escrito por","twitter:data1":"El Digital de Asturias","twitter:label2":"Tiempo de lectura estimado","twitter:data2":"4 minutos"},"aioseo_meta_data":{"post_id":"480329","title":null,"description":null,"keywords":null,"keyphrases":null,"primary_term":null,"canonical_url":null,"og_title":null,"og_description":null,"og_object_type":"default","og_image_type":"default","og_image_url":null,"og_image_width":null,"og_image_height":null,"og_image_custom_url":null,"og_image_custom_fields":null,"og_video":null,"og_custom_url":null,"og_article_section":null,"og_article_tags":null,"twitter_use_og":true,"twitter_card":"default","twitter_image_type":"default","twitter_image_url":null,"twitter_image_custom_url":null,"twitter_image_custom_fields":null,"twitter_title":null,"twitter_description":null,"schema":{"blockGraphs":[],"customGraphs":[],"default":{"data":{"Article":[],"Course":[],"Dataset":[],"FAQPage":[],"Movie":[],"Person":[],"Product":[],"ProductReview":[],"Car":[],"Recipe":[],"Service":[],"SoftwareApplication":[],"WebPage":[]},"graphName":"","isEnabled":true},"graphs":[],"defaultGraph":"","defaultPostTypeGraph":""},"schema_type":null,"schema_type_options":null,"pillar_content":false,"robots_default":true,"robots_noindex":false,"robots_noarchive":false,"robots_nosnippet":false,"robots_nofollow":false,"robots_noimageindex":false,"robots_noodp":false,"robots_notranslate":false,"robots_max_snippet":null,"robots_max_videopreview":null,"robots_max_imagepreview":"none","priority":null,"frequency":null,"local_seo":null,"seo_analyzer_scan_date":"2026-06-02 03:23:55","breadcrumb_settings":null,"limit_modified_date":false,"open_ai":null,"ai":null,"created":"2020-11-14 22:54:10","updated":"2026-06-02 03:23:55","focus_keyword":null,"additional_keywords":null,"truseo_locale":null},"aioseo_breadcrumb":"<div class=\"aioseo-breadcrumbs\"><span class=\"aioseo-breadcrumb\">\n\t<a href=\"https:\/\/www.eldigitaldeasturias.com\/noticias\" title=\"Home\">Home<\/a>\n<\/span><span class=\"aioseo-breadcrumb-separator\">\u2013<\/span><span class=\"aioseo-breadcrumb\">\n\t<a href=\"https:\/\/www.eldigitaldeasturias.com\/noticias\/category\/actualidad\/\" title=\"Actualidad\">Actualidad<\/a>\n<\/span><span class=\"aioseo-breadcrumb-separator\">\u2013<\/span><span class=\"aioseo-breadcrumb\">\n\t<a href=\"https:\/\/www.eldigitaldeasturias.com\/noticias\/reforma-de-las-pensiones-un-golpe-a-la-credibilidad-de-alemania\/\" title=\"Reforma de las pensiones : \u00bfUn golpe a la credibilidad de Alemania?\">Reforma de las pensiones : \u00bfUn golpe a la credibilidad de Alemania?<\/a>\n<\/span><\/div>","aioseo_breadcrumb_json":[{"label":"Home","link":"https:\/\/www.eldigitaldeasturias.com\/noticias"},{"label":"Actualidad","link":"https:\/\/www.eldigitaldeasturias.com\/noticias\/category\/actualidad\/"},{"label":"Reforma de las pensiones : \u00bfUn golpe a la credibilidad de Alemania?","link":"https:\/\/www.eldigitaldeasturias.com\/noticias\/reforma-de-las-pensiones-un-golpe-a-la-credibilidad-de-alemania\/"}],"_links":{"self":[{"href":"https:\/\/www.eldigitaldeasturias.com\/noticias\/wp-json\/wp\/v2\/posts\/480329","targetHints":{"allow":["GET"]}}],"collection":[{"href":"https:\/\/www.eldigitaldeasturias.com\/noticias\/wp-json\/wp\/v2\/posts"}],"about":[{"href":"https:\/\/www.eldigitaldeasturias.com\/noticias\/wp-json\/wp\/v2\/types\/post"}],"author":[{"embeddable":true,"href":"https:\/\/www.eldigitaldeasturias.com\/noticias\/wp-json\/wp\/v2\/users\/1"}],"replies":[{"embeddable":true,"href":"https:\/\/www.eldigitaldeasturias.com\/noticias\/wp-json\/wp\/v2\/comments?post=480329"}],"version-history":[{"count":0,"href":"https:\/\/www.eldigitaldeasturias.com\/noticias\/wp-json\/wp\/v2\/posts\/480329\/revisions"}],"wp:attachment":[{"href":"https:\/\/www.eldigitaldeasturias.com\/noticias\/wp-json\/wp\/v2\/media?parent=480329"}],"wp:term":[{"taxonomy":"category","embeddable":true,"href":"https:\/\/www.eldigitaldeasturias.com\/noticias\/wp-json\/wp\/v2\/categories?post=480329"},{"taxonomy":"post_tag","embeddable":true,"href":"https:\/\/www.eldigitaldeasturias.com\/noticias\/wp-json\/wp\/v2\/tags?post=480329"}],"curies":[{"name":"wp","href":"https:\/\/api.w.org\/{rel}","templated":true}]}}