{"id":480327,"date":"2014-01-30T00:33:12","date_gmt":"2014-01-30T01:33:12","guid":{"rendered":"http:\/\/www.eldigitaldeasturias.com\/noticias\/?p=480327"},"modified":"2014-01-30T00:33:12","modified_gmt":"2014-01-30T01:33:12","slug":"merkel-desde-caida-del-muro-no-habia-tanto-optimismo-en-alemania","status":"publish","type":"post","link":"https:\/\/www.eldigitaldeasturias.com\/noticias\/merkel-desde-caida-del-muro-no-habia-tanto-optimismo-en-alemania\/","title":{"rendered":"Merkel: \u00abDesde ca\u00edda del Muro no hab\u00eda tanto optimismo en Alemania\u00bb"},"content":{"rendered":"<p><img loading=\"lazy\" decoding=\"async\" class=\"alignleft size-medium wp-image-1809\" alt=\"Angela Merkel\" src=\"https:\/\/www.eldigitaldeasturias.com\/noticias\/wp-content\/uploads\/2013\/09\/merkel2-360x239.jpg\" width=\"360\" height=\"239\" \/>Berl\u00edn, 29 ene (dpa) &#8211; La bonanza econ\u00f3mica que atraviesa Alemania genera un optimismo entre su poblaci\u00f3n s\u00f3lo comparable con el que trajo la ca\u00edda del Muro de Berl\u00edn hace 25 a\u00f1os, consider\u00f3 hoy la canciller, Angela Merkel, al presentar ante el Parlamento en Berl\u00edn los planes de su tercer gobierno.<\/p>\n<p>\u00abLos alemanes son tan optimistas como nunca antes desde la ca\u00edda del Muro\u00bb, dijo la l\u00edder cristianodem\u00f3crata (CDU) en un discurso sin grandes novedades en el que repas\u00f3 los pr\u00f3ximos retos del gobierno: lucha contra la eurocrisis, reforma de las pensiones, cambio del modelo energ\u00e9tico y defensa de datos en Internet, entre otros.<\/p>\n<p>Todav\u00eda en muletas por la fisura de pelvis que sufri\u00f3 esquiando en diciembre, Merkel fue la primera canciller en presentar sentada los planes de su gobierno ante el Parlamento. Fue frecuentemente interrumpida por los aplausos de una c\u00e1mara que su nueva coalici\u00f3n de conservadores y socialdem\u00f3cratas controla en un 75 por ciento.<\/p>\n<p>La canciller defendi\u00f3 el modelo de econom\u00eda social de mercado como \u00abbr\u00fajula\u00bb del gobierno alem\u00e1n y estableci\u00f3 cuatro ejes de su tercer gobierno: finanzas s\u00f3lidas, inversi\u00f3n en el futuro del pa\u00eds, refuerzo de la cohesi\u00f3n social y capacidad de Alemania para asumir su responsabilidad en Europa y el mundo.<\/p>\n<p>En su discurso de una hora de duraci\u00f3n, Merkel advirti\u00f3 que la crisis est\u00e1 controlada pero no superada y repiti\u00f3 lemas que mantiene desde el inicio de la crisis: \u00abA Alemania s\u00f3lo puede irle bien si le va bien a Europa\u00bb.<\/p>\n<p>Sobre el abandono gradual de la energ\u00eda nuclear, la canciller destac\u00f3 que \u00abning\u00fan otro pa\u00eds del mundo impulsa un cambio de modelo energ\u00e9tico tan radical\u00bb y confi\u00f3 en que si sale adelante se convertir\u00e1 en \u00abun nuevo \u00e9xito exportador de Alemania\u00bb.<\/p>\n<p>Tambi\u00e9n estuvo presente en su discurso el esc\u00e1ndalo del espionaje estadounidense destapado por el ex agente de la Agencia Nacional de Seguridad (NSA) Edward Snowden. \u00abLa confianza es la base de la cooperaci\u00f3n con nuestros aliados\u00bb, dijo en direcci\u00f3n a Washington.<\/p>\n<p>\u00abNos falta un marco legal internacional para Internet, y en este sentido nos encontramos en un territorio virgen\u00bb, a\u00f1adi\u00f3 repitiendo deliberadamente un t\u00e9rmino (\u00abNeuland\u00bb, tierra virgen) que el a\u00f1o pasado le vali\u00f3 las burlas de la Red.<\/p>\n<p>La canciller tambi\u00e9n invoc\u00f3 la \u00abunidad\u00bb de la nueva \u00abgran coalici\u00f3n\u00bb que su CDU y los socialdem\u00f3cratas del SPD formaron el 17 de diciembre, repitiendo la misma alianza con la que Merkel gobern\u00f3 en su primer mandato (2005-2009).<\/p>\n","protected":false},"excerpt":{"rendered":"<p>Berl\u00edn, 29 ene (dpa) &#8211; La bonanza econ\u00f3mica que atraviesa Alemania genera un optimismo entre su poblaci\u00f3n s\u00f3lo comparable con el que trajo la ca\u00edda del Muro de Berl\u00edn hace 25 a\u00f1os, consider\u00f3 hoy la canciller, Angela Merkel, al presentar ante el Parlamento en Berl\u00edn los planes de su tercer gobierno. \u00abLos alemanes son tan [&hellip;]<\/p>\n","protected":false},"author":1,"featured_media":1132184,"comment_status":"closed","ping_status":"open","sticky":false,"template":"","format":"standard","meta":{"footnotes":""},"categories":[1],"tags":[],"class_list":["post-480327","post","type-post","status-publish","format-standard","has-post-thumbnail","hentry","category-actualidad"],"aioseo_notices":[],"aioseo_head":"\n\t\t<!-- All in One SEO Pro 5.0.1 - aioseo.com -->\n\t<meta name=\"description\" content=\"Berl\u00edn, 29 ene (dpa) - La bonanza econ\u00f3mica que atraviesa Alemania genera un optimismo entre su poblaci\u00f3n s\u00f3lo comparable con el que trajo la ca\u00edda del Muro de Berl\u00edn hace 25 a\u00f1os, consider\u00f3 hoy la canciller, Angela Merkel, al presentar ante el Parlamento en Berl\u00edn los planes de su tercer gobierno. &quot;Los alemanes son tan\" \/>\n\t<meta name=\"robots\" content=\"max-image-preview:large\" \/>\n\t<meta name=\"author\" content=\"El Digital de Asturias\"\/>\n\t<meta name=\"google-site-verification\" content=\"UA-38556648-1\" \/>\n\t<meta name=\"msvalidate.01\" content=\"7dfe9f3f1b24437ab69f4f2559babe99\" \/>\n\t<meta name=\"keywords\" content=\"actualidad\" \/>\n\t<link rel=\"canonical\" href=\"https:\/\/www.eldigitaldeasturias.com\/noticias\/merkel-desde-caida-del-muro-no-habia-tanto-optimismo-en-alemania\/\" \/>\n\t<meta name=\"generator\" content=\"All in One SEO Pro (AIOSEO) 5.0.1\" \/>\n\t\t<meta property=\"og:locale\" content=\"es_ES\" \/>\n\t\t<meta property=\"og:site_name\" content=\"El Digital de Asturias\" \/>\n\t\t<meta property=\"og:type\" content=\"article\" \/>\n\t\t<meta property=\"og:title\" content=\"Merkel: \u00abDesde ca\u00edda del Muro no hab\u00eda tanto optimismo en Alemania\u00bb - El Digital de Asturias\" \/>\n\t\t<meta property=\"og:description\" content=\"Berl\u00edn, 29 ene (dpa) - La bonanza econ\u00f3mica que atraviesa Alemania genera un optimismo entre su poblaci\u00f3n s\u00f3lo comparable con el que trajo la ca\u00edda del Muro de Berl\u00edn hace 25 a\u00f1os, consider\u00f3 hoy la canciller, Angela Merkel, al presentar ante el Parlamento en Berl\u00edn los planes de su tercer gobierno. &quot;Los alemanes son tan\" \/>\n\t\t<meta property=\"og:url\" content=\"https:\/\/www.eldigitaldeasturias.com\/noticias\/merkel-desde-caida-del-muro-no-habia-tanto-optimismo-en-alemania\/\" \/>\n\t\t<meta property=\"og:image\" content=\"https:\/\/www.eldigitaldeasturias.com\/noticias\/wp-content\/uploads\/2026\/06\/Contenidos.jpg\" \/>\n\t\t<meta property=\"og:image:secure_url\" content=\"https:\/\/www.eldigitaldeasturias.com\/noticias\/wp-content\/uploads\/2026\/06\/Contenidos.jpg\" \/>\n\t\t<meta property=\"og:image:width\" content=\"1265\" \/>\n\t\t<meta property=\"og:image:height\" content=\"697\" \/>\n\t\t<meta property=\"article:tag\" content=\"actualidad\" \/>\n\t\t<meta property=\"article:published_time\" content=\"2014-01-30T01:33:12+00:00\" \/>\n\t\t<meta property=\"article:modified_time\" content=\"2014-01-30T01:33:12+00:00\" \/>\n\t\t<meta property=\"article:publisher\" content=\"https:\/\/facebook.com\/eldigitaldeasturias\" \/>\n\t\t<meta name=\"twitter:card\" content=\"summary_large_image\" \/>\n\t\t<meta name=\"twitter:title\" content=\"Merkel: \u00abDesde ca\u00edda del Muro no hab\u00eda tanto optimismo en Alemania\u00bb - El Digital de Asturias\" \/>\n\t\t<meta name=\"twitter:description\" content=\"Berl\u00edn, 29 ene (dpa) - La bonanza econ\u00f3mica que atraviesa Alemania genera un optimismo entre su poblaci\u00f3n s\u00f3lo comparable con el que trajo la ca\u00edda del Muro de Berl\u00edn hace 25 a\u00f1os, consider\u00f3 hoy la canciller, Angela Merkel, al presentar ante el Parlamento en Berl\u00edn los planes de su tercer gobierno. &quot;Los alemanes son tan\" \/>\n\t\t<meta name=\"twitter:image\" content=\"https:\/\/www.eldigitaldeasturias.com\/noticias\/wp-content\/uploads\/2026\/06\/Contenidos.jpg\" \/>\n\t\t<meta name=\"twitter:label1\" content=\"Escrito por\" \/>\n\t\t<meta name=\"twitter:data1\" content=\"El Digital de Asturias\" \/>\n\t\t<meta name=\"twitter:label2\" content=\"Tiempo de lectura estimado\" \/>\n\t\t<meta name=\"twitter:data2\" content=\"2 minutos\" \/>\n\t\t<script type=\"application\/ld+json\" class=\"aioseo-schema\">\n\t\t\t{\"@context\":\"https:\\\/\\\/schema.org\",\"@graph\":[{\"@type\":\"BlogPosting\",\"@id\":\"https:\\\/\\\/www.eldigitaldeasturias.com\\\/noticias\\\/merkel-desde-caida-del-muro-no-habia-tanto-optimismo-en-alemania\\\/#blogposting\",\"name\":\"Merkel: \\u00abDesde ca\\u00edda del Muro no hab\\u00eda tanto optimismo en Alemania\\u00bb - El Digital de Asturias\",\"headline\":\"Merkel: \\u00abDesde ca\\u00edda del Muro no hab\\u00eda tanto optimismo en Alemania\\u00bb\",\"author\":{\"@id\":\"https:\\\/\\\/www.eldigitaldeasturias.com\\\/noticias\\\/author\\\/admin\\\/#author\"},\"publisher\":{\"@id\":\"https:\\\/\\\/www.eldigitaldeasturias.com\\\/noticias\\\/#organization\"},\"image\":{\"@type\":\"ImageObject\",\"url\":\"https:\\\/\\\/www.eldigitaldeasturias.com\\\/noticias\\\/wp-content\\\/uploads\\\/2026\\\/06\\\/Contenidos.jpg\",\"width\":1265,\"height\":697,\"caption\":\"Contenidos\"},\"datePublished\":\"2014-01-30T00:33:12+01:00\",\"dateModified\":\"2014-01-30T00:33:12+01:00\",\"inLanguage\":\"es-ES\",\"mainEntityOfPage\":{\"@id\":\"https:\\\/\\\/www.eldigitaldeasturias.com\\\/noticias\\\/merkel-desde-caida-del-muro-no-habia-tanto-optimismo-en-alemania\\\/#webpage\"},\"isPartOf\":{\"@id\":\"https:\\\/\\\/www.eldigitaldeasturias.com\\\/noticias\\\/merkel-desde-caida-del-muro-no-habia-tanto-optimismo-en-alemania\\\/#webpage\"},\"articleSection\":\"Actualidad\"},{\"@type\":\"BreadcrumbList\",\"@id\":\"https:\\\/\\\/www.eldigitaldeasturias.com\\\/noticias\\\/merkel-desde-caida-del-muro-no-habia-tanto-optimismo-en-alemania\\\/#breadcrumblist\",\"itemListElement\":[{\"@type\":\"ListItem\",\"@id\":\"https:\\\/\\\/www.eldigitaldeasturias.com\\\/noticias#listItem\",\"position\":1,\"name\":\"Home\",\"item\":\"https:\\\/\\\/www.eldigitaldeasturias.com\\\/noticias\",\"nextItem\":{\"@type\":\"ListItem\",\"@id\":\"https:\\\/\\\/www.eldigitaldeasturias.com\\\/noticias\\\/category\\\/actualidad\\\/#listItem\",\"name\":\"Actualidad\"}},{\"@type\":\"ListItem\",\"@id\":\"https:\\\/\\\/www.eldigitaldeasturias.com\\\/noticias\\\/category\\\/actualidad\\\/#listItem\",\"position\":2,\"name\":\"Actualidad\",\"item\":\"https:\\\/\\\/www.eldigitaldeasturias.com\\\/noticias\\\/category\\\/actualidad\\\/\",\"nextItem\":{\"@type\":\"ListItem\",\"@id\":\"https:\\\/\\\/www.eldigitaldeasturias.com\\\/noticias\\\/merkel-desde-caida-del-muro-no-habia-tanto-optimismo-en-alemania\\\/#listItem\",\"name\":\"Merkel: \\u00abDesde ca\\u00edda del Muro no hab\\u00eda tanto optimismo en Alemania\\u00bb\"},\"previousItem\":{\"@type\":\"ListItem\",\"@id\":\"https:\\\/\\\/www.eldigitaldeasturias.com\\\/noticias#listItem\",\"name\":\"Home\"}},{\"@type\":\"ListItem\",\"@id\":\"https:\\\/\\\/www.eldigitaldeasturias.com\\\/noticias\\\/merkel-desde-caida-del-muro-no-habia-tanto-optimismo-en-alemania\\\/#listItem\",\"position\":3,\"name\":\"Merkel: \\u00abDesde ca\\u00edda del Muro no hab\\u00eda tanto optimismo en Alemania\\u00bb\",\"previousItem\":{\"@type\":\"ListItem\",\"@id\":\"https:\\\/\\\/www.eldigitaldeasturias.com\\\/noticias\\\/category\\\/actualidad\\\/#listItem\",\"name\":\"Actualidad\"}}]},{\"@type\":\"Organization\",\"@id\":\"https:\\\/\\\/www.eldigitaldeasturias.com\\\/noticias\\\/#organization\",\"name\":\"El Digital de Asturias\",\"description\":\"Hemeroteca\",\"url\":\"https:\\\/\\\/www.eldigitaldeasturias.com\\\/noticias\\\/\",\"email\":\"info@eldigitaldeasturias.com\",\"telephone\":\"+34652131393\",\"logo\":{\"@type\":\"ImageObject\",\"url\":\"https:\\\/\\\/www.eldigitaldeasturias.com\\\/noticias\\\/wp-content\\\/uploads\\\/2020\\\/12\\\/EDA.jpg\",\"@id\":\"https:\\\/\\\/www.eldigitaldeasturias.com\\\/noticias\\\/merkel-desde-caida-del-muro-no-habia-tanto-optimismo-en-alemania\\\/#organizationLogo\"},\"image\":{\"@id\":\"https:\\\/\\\/www.eldigitaldeasturias.com\\\/noticias\\\/merkel-desde-caida-del-muro-no-habia-tanto-optimismo-en-alemania\\\/#organizationLogo\"},\"sameAs\":[\"https:\\\/\\\/facebook.com\\\/eldigitaldeasturias\",\"https:\\\/\\\/www.youtube.com\\\/channel\\\/UCZP-2wLEB9Rv6erhFmqVnvg\"],\"address\":{\"@id\":\"https:\\\/\\\/www.eldigitaldeasturias.com\\\/noticias\\\/#postaladdress\",\"@type\":\"PostalAddress\",\"streetAddress\":\"san antonio 4\",\"postalCode\":\"33430\",\"addressLocality\":\"Cand\\u00e1s\",\"addressRegion\":\"Asturias\",\"addressCountry\":\"ES\"}},{\"@type\":\"Person\",\"@id\":\"https:\\\/\\\/www.eldigitaldeasturias.com\\\/noticias\\\/author\\\/admin\\\/#author\",\"url\":\"https:\\\/\\\/www.eldigitaldeasturias.com\\\/noticias\\\/author\\\/admin\\\/\",\"name\":\"El Digital de Asturias\",\"image\":{\"@type\":\"ImageObject\",\"@id\":\"https:\\\/\\\/www.eldigitaldeasturias.com\\\/noticias\\\/merkel-desde-caida-del-muro-no-habia-tanto-optimismo-en-alemania\\\/#authorImage\",\"url\":\"https:\\\/\\\/secure.gravatar.com\\\/avatar\\\/df2aeffc32bcd13f8d26072ef8a91b623d677766deac7f97ca815868cd41bf5e?s=96&d=mm&r=g\",\"width\":96,\"height\":96,\"caption\":\"El Digital de Asturias\"}},{\"@type\":\"WebPage\",\"@id\":\"https:\\\/\\\/www.eldigitaldeasturias.com\\\/noticias\\\/merkel-desde-caida-del-muro-no-habia-tanto-optimismo-en-alemania\\\/#webpage\",\"url\":\"https:\\\/\\\/www.eldigitaldeasturias.com\\\/noticias\\\/merkel-desde-caida-del-muro-no-habia-tanto-optimismo-en-alemania\\\/\",\"name\":\"Merkel: \\u00abDesde ca\\u00edda del Muro no hab\\u00eda tanto optimismo en Alemania\\u00bb - El Digital de Asturias\",\"description\":\"Berl\\u00edn, 29 ene (dpa) - La bonanza econ\\u00f3mica que atraviesa Alemania genera un optimismo entre su poblaci\\u00f3n s\\u00f3lo comparable con el que trajo la ca\\u00edda del Muro de Berl\\u00edn hace 25 a\\u00f1os, consider\\u00f3 hoy la canciller, Angela Merkel, al presentar ante el Parlamento en Berl\\u00edn los planes de su tercer gobierno. \\\"Los alemanes son tan\",\"inLanguage\":\"es-ES\",\"isPartOf\":{\"@id\":\"https:\\\/\\\/www.eldigitaldeasturias.com\\\/noticias\\\/#website\"},\"breadcrumb\":{\"@id\":\"https:\\\/\\\/www.eldigitaldeasturias.com\\\/noticias\\\/merkel-desde-caida-del-muro-no-habia-tanto-optimismo-en-alemania\\\/#breadcrumblist\"},\"author\":{\"@id\":\"https:\\\/\\\/www.eldigitaldeasturias.com\\\/noticias\\\/author\\\/admin\\\/#author\"},\"creator\":{\"@id\":\"https:\\\/\\\/www.eldigitaldeasturias.com\\\/noticias\\\/author\\\/admin\\\/#author\"},\"image\":{\"@type\":\"ImageObject\",\"url\":\"https:\\\/\\\/www.eldigitaldeasturias.com\\\/noticias\\\/wp-content\\\/uploads\\\/2026\\\/06\\\/Contenidos.jpg\",\"@id\":\"https:\\\/\\\/www.eldigitaldeasturias.com\\\/noticias\\\/merkel-desde-caida-del-muro-no-habia-tanto-optimismo-en-alemania\\\/#mainImage\",\"width\":1265,\"height\":697,\"caption\":\"Contenidos\"},\"primaryImageOfPage\":{\"@id\":\"https:\\\/\\\/www.eldigitaldeasturias.com\\\/noticias\\\/merkel-desde-caida-del-muro-no-habia-tanto-optimismo-en-alemania\\\/#mainImage\"},\"datePublished\":\"2014-01-30T00:33:12+01:00\",\"dateModified\":\"2014-01-30T00:33:12+01:00\"},{\"@type\":\"WebSite\",\"@id\":\"https:\\\/\\\/www.eldigitaldeasturias.com\\\/noticias\\\/#website\",\"url\":\"https:\\\/\\\/www.eldigitaldeasturias.com\\\/noticias\\\/\",\"name\":\"El Digital de Asturias - Diario de actualidad y noticias\",\"alternateName\":\"El Digital de Asturias - Diario de actualidad y noticias\",\"description\":\"Hemeroteca\",\"inLanguage\":\"es-ES\",\"publisher\":{\"@id\":\"https:\\\/\\\/www.eldigitaldeasturias.com\\\/noticias\\\/#organization\"}}]}\n\t\t<\/script>\n\t\t<!-- All in One SEO Pro -->\r\n\t\t<title>Merkel: \u00abDesde ca\u00edda del Muro no hab\u00eda tanto optimismo en Alemania\u00bb - El Digital de Asturias<\/title>\n\n","aioseo_head_json":{"title":"Merkel: \u00abDesde ca\u00edda del Muro no hab\u00eda tanto optimismo en Alemania\u00bb - El Digital de Asturias","description":"Berl\u00edn, 29 ene (dpa) - La bonanza econ\u00f3mica que atraviesa Alemania genera un optimismo entre su poblaci\u00f3n s\u00f3lo comparable con el que trajo la ca\u00edda del Muro de Berl\u00edn hace 25 a\u00f1os, consider\u00f3 hoy la canciller, Angela Merkel, al presentar ante el Parlamento en Berl\u00edn los planes de su tercer gobierno. \"Los alemanes son tan","canonical_url":"https:\/\/www.eldigitaldeasturias.com\/noticias\/merkel-desde-caida-del-muro-no-habia-tanto-optimismo-en-alemania\/","robots":"max-image-preview:large","keywords":"actualidad","webmasterTools":{"google-site-verification":"UA-38556648-1","msvalidate.01":"7dfe9f3f1b24437ab69f4f2559babe99","miscellaneous":""},"schema":{"@context":"https:\/\/schema.org","@graph":[{"@type":"BlogPosting","@id":"https:\/\/www.eldigitaldeasturias.com\/noticias\/merkel-desde-caida-del-muro-no-habia-tanto-optimismo-en-alemania\/#blogposting","name":"Merkel: \u00abDesde ca\u00edda del Muro no hab\u00eda tanto optimismo en Alemania\u00bb - El Digital de Asturias","headline":"Merkel: \u00abDesde ca\u00edda del Muro no hab\u00eda tanto optimismo en Alemania\u00bb","author":{"@id":"https:\/\/www.eldigitaldeasturias.com\/noticias\/author\/admin\/#author"},"publisher":{"@id":"https:\/\/www.eldigitaldeasturias.com\/noticias\/#organization"},"image":{"@type":"ImageObject","url":"https:\/\/www.eldigitaldeasturias.com\/noticias\/wp-content\/uploads\/2026\/06\/Contenidos.jpg","width":1265,"height":697,"caption":"Contenidos"},"datePublished":"2014-01-30T00:33:12+01:00","dateModified":"2014-01-30T00:33:12+01:00","inLanguage":"es-ES","mainEntityOfPage":{"@id":"https:\/\/www.eldigitaldeasturias.com\/noticias\/merkel-desde-caida-del-muro-no-habia-tanto-optimismo-en-alemania\/#webpage"},"isPartOf":{"@id":"https:\/\/www.eldigitaldeasturias.com\/noticias\/merkel-desde-caida-del-muro-no-habia-tanto-optimismo-en-alemania\/#webpage"},"articleSection":"Actualidad"},{"@type":"BreadcrumbList","@id":"https:\/\/www.eldigitaldeasturias.com\/noticias\/merkel-desde-caida-del-muro-no-habia-tanto-optimismo-en-alemania\/#breadcrumblist","itemListElement":[{"@type":"ListItem","@id":"https:\/\/www.eldigitaldeasturias.com\/noticias#listItem","position":1,"name":"Home","item":"https:\/\/www.eldigitaldeasturias.com\/noticias","nextItem":{"@type":"ListItem","@id":"https:\/\/www.eldigitaldeasturias.com\/noticias\/category\/actualidad\/#listItem","name":"Actualidad"}},{"@type":"ListItem","@id":"https:\/\/www.eldigitaldeasturias.com\/noticias\/category\/actualidad\/#listItem","position":2,"name":"Actualidad","item":"https:\/\/www.eldigitaldeasturias.com\/noticias\/category\/actualidad\/","nextItem":{"@type":"ListItem","@id":"https:\/\/www.eldigitaldeasturias.com\/noticias\/merkel-desde-caida-del-muro-no-habia-tanto-optimismo-en-alemania\/#listItem","name":"Merkel: \u00abDesde ca\u00edda del Muro no hab\u00eda tanto optimismo en Alemania\u00bb"},"previousItem":{"@type":"ListItem","@id":"https:\/\/www.eldigitaldeasturias.com\/noticias#listItem","name":"Home"}},{"@type":"ListItem","@id":"https:\/\/www.eldigitaldeasturias.com\/noticias\/merkel-desde-caida-del-muro-no-habia-tanto-optimismo-en-alemania\/#listItem","position":3,"name":"Merkel: \u00abDesde ca\u00edda del Muro no hab\u00eda tanto optimismo en Alemania\u00bb","previousItem":{"@type":"ListItem","@id":"https:\/\/www.eldigitaldeasturias.com\/noticias\/category\/actualidad\/#listItem","name":"Actualidad"}}]},{"@type":"Organization","@id":"https:\/\/www.eldigitaldeasturias.com\/noticias\/#organization","name":"El Digital de Asturias","description":"Hemeroteca","url":"https:\/\/www.eldigitaldeasturias.com\/noticias\/","email":"info@eldigitaldeasturias.com","telephone":"+34652131393","logo":{"@type":"ImageObject","url":"https:\/\/www.eldigitaldeasturias.com\/noticias\/wp-content\/uploads\/2020\/12\/EDA.jpg","@id":"https:\/\/www.eldigitaldeasturias.com\/noticias\/merkel-desde-caida-del-muro-no-habia-tanto-optimismo-en-alemania\/#organizationLogo"},"image":{"@id":"https:\/\/www.eldigitaldeasturias.com\/noticias\/merkel-desde-caida-del-muro-no-habia-tanto-optimismo-en-alemania\/#organizationLogo"},"sameAs":["https:\/\/facebook.com\/eldigitaldeasturias","https:\/\/www.youtube.com\/channel\/UCZP-2wLEB9Rv6erhFmqVnvg"],"address":{"@id":"https:\/\/www.eldigitaldeasturias.com\/noticias\/#postaladdress","@type":"PostalAddress","streetAddress":"san antonio 4","postalCode":"33430","addressLocality":"Cand\u00e1s","addressRegion":"Asturias","addressCountry":"ES"}},{"@type":"Person","@id":"https:\/\/www.eldigitaldeasturias.com\/noticias\/author\/admin\/#author","url":"https:\/\/www.eldigitaldeasturias.com\/noticias\/author\/admin\/","name":"El Digital de Asturias","image":{"@type":"ImageObject","@id":"https:\/\/www.eldigitaldeasturias.com\/noticias\/merkel-desde-caida-del-muro-no-habia-tanto-optimismo-en-alemania\/#authorImage","url":"https:\/\/secure.gravatar.com\/avatar\/df2aeffc32bcd13f8d26072ef8a91b623d677766deac7f97ca815868cd41bf5e?s=96&d=mm&r=g","width":96,"height":96,"caption":"El Digital de Asturias"}},{"@type":"WebPage","@id":"https:\/\/www.eldigitaldeasturias.com\/noticias\/merkel-desde-caida-del-muro-no-habia-tanto-optimismo-en-alemania\/#webpage","url":"https:\/\/www.eldigitaldeasturias.com\/noticias\/merkel-desde-caida-del-muro-no-habia-tanto-optimismo-en-alemania\/","name":"Merkel: \u00abDesde ca\u00edda del Muro no hab\u00eda tanto optimismo en Alemania\u00bb - El Digital de Asturias","description":"Berl\u00edn, 29 ene (dpa) - La bonanza econ\u00f3mica que atraviesa Alemania genera un optimismo entre su poblaci\u00f3n s\u00f3lo comparable con el que trajo la ca\u00edda del Muro de Berl\u00edn hace 25 a\u00f1os, consider\u00f3 hoy la canciller, Angela Merkel, al presentar ante el Parlamento en Berl\u00edn los planes de su tercer gobierno. \"Los alemanes son tan","inLanguage":"es-ES","isPartOf":{"@id":"https:\/\/www.eldigitaldeasturias.com\/noticias\/#website"},"breadcrumb":{"@id":"https:\/\/www.eldigitaldeasturias.com\/noticias\/merkel-desde-caida-del-muro-no-habia-tanto-optimismo-en-alemania\/#breadcrumblist"},"author":{"@id":"https:\/\/www.eldigitaldeasturias.com\/noticias\/author\/admin\/#author"},"creator":{"@id":"https:\/\/www.eldigitaldeasturias.com\/noticias\/author\/admin\/#author"},"image":{"@type":"ImageObject","url":"https:\/\/www.eldigitaldeasturias.com\/noticias\/wp-content\/uploads\/2026\/06\/Contenidos.jpg","@id":"https:\/\/www.eldigitaldeasturias.com\/noticias\/merkel-desde-caida-del-muro-no-habia-tanto-optimismo-en-alemania\/#mainImage","width":1265,"height":697,"caption":"Contenidos"},"primaryImageOfPage":{"@id":"https:\/\/www.eldigitaldeasturias.com\/noticias\/merkel-desde-caida-del-muro-no-habia-tanto-optimismo-en-alemania\/#mainImage"},"datePublished":"2014-01-30T00:33:12+01:00","dateModified":"2014-01-30T00:33:12+01:00"},{"@type":"WebSite","@id":"https:\/\/www.eldigitaldeasturias.com\/noticias\/#website","url":"https:\/\/www.eldigitaldeasturias.com\/noticias\/","name":"El Digital de Asturias - Diario de actualidad y noticias","alternateName":"El Digital de Asturias - Diario de actualidad y noticias","description":"Hemeroteca","inLanguage":"es-ES","publisher":{"@id":"https:\/\/www.eldigitaldeasturias.com\/noticias\/#organization"}}]},"og:locale":"es_ES","og:site_name":"El Digital de Asturias","og:type":"article","og:title":"Merkel: \u00abDesde ca\u00edda del Muro no hab\u00eda tanto optimismo en Alemania\u00bb - El Digital de Asturias","og:description":"Berl\u00edn, 29 ene (dpa) - La bonanza econ\u00f3mica que atraviesa Alemania genera un optimismo entre su poblaci\u00f3n s\u00f3lo comparable con el que trajo la ca\u00edda del Muro de Berl\u00edn hace 25 a\u00f1os, consider\u00f3 hoy la canciller, Angela Merkel, al presentar ante el Parlamento en Berl\u00edn los planes de su tercer gobierno. &quot;Los alemanes son tan","og:url":"https:\/\/www.eldigitaldeasturias.com\/noticias\/merkel-desde-caida-del-muro-no-habia-tanto-optimismo-en-alemania\/","og:image":"https:\/\/www.eldigitaldeasturias.com\/noticias\/wp-content\/uploads\/2026\/06\/Contenidos.jpg","og:image:secure_url":"https:\/\/www.eldigitaldeasturias.com\/noticias\/wp-content\/uploads\/2026\/06\/Contenidos.jpg","og:image:width":1265,"og:image:height":697,"article:tag":["actualidad"],"article:published_time":"2014-01-30T01:33:12+00:00","article:modified_time":"2014-01-30T01:33:12+00:00","article:publisher":"https:\/\/facebook.com\/eldigitaldeasturias","twitter:card":"summary_large_image","twitter:title":"Merkel: \u00abDesde ca\u00edda del Muro no hab\u00eda tanto optimismo en Alemania\u00bb - El Digital de Asturias","twitter:description":"Berl\u00edn, 29 ene (dpa) - La bonanza econ\u00f3mica que atraviesa Alemania genera un optimismo entre su poblaci\u00f3n s\u00f3lo comparable con el que trajo la ca\u00edda del Muro de Berl\u00edn hace 25 a\u00f1os, consider\u00f3 hoy la canciller, Angela Merkel, al presentar ante el Parlamento en Berl\u00edn los planes de su tercer gobierno. &quot;Los alemanes son tan","twitter:image":"https:\/\/www.eldigitaldeasturias.com\/noticias\/wp-content\/uploads\/2026\/06\/Contenidos.jpg","twitter:label1":"Escrito por","twitter:data1":"El Digital de Asturias","twitter:label2":"Tiempo de lectura estimado","twitter:data2":"2 minutos"},"aioseo_meta_data":{"post_id":"480327","title":null,"description":null,"keywords":null,"keyphrases":null,"primary_term":null,"canonical_url":null,"og_title":null,"og_description":null,"og_object_type":"default","og_image_type":"default","og_image_url":null,"og_image_width":null,"og_image_height":null,"og_image_custom_url":null,"og_image_custom_fields":null,"og_video":null,"og_custom_url":null,"og_article_section":null,"og_article_tags":null,"twitter_use_og":true,"twitter_card":"default","twitter_image_type":"default","twitter_image_url":null,"twitter_image_custom_url":null,"twitter_image_custom_fields":null,"twitter_title":null,"twitter_description":null,"schema":{"blockGraphs":[],"customGraphs":[],"default":{"data":{"Article":[],"Course":[],"Dataset":[],"FAQPage":[],"Movie":[],"Person":[],"Product":[],"ProductReview":[],"Car":[],"Recipe":[],"Service":[],"SoftwareApplication":[],"WebPage":[]},"graphName":"","isEnabled":true},"graphs":[],"defaultGraph":"","defaultPostTypeGraph":""},"schema_type":null,"schema_type_options":null,"pillar_content":false,"robots_default":true,"robots_noindex":false,"robots_noarchive":false,"robots_nosnippet":false,"robots_nofollow":false,"robots_noimageindex":false,"robots_noodp":false,"robots_notranslate":false,"robots_max_snippet":null,"robots_max_videopreview":null,"robots_max_imagepreview":"none","priority":null,"frequency":null,"local_seo":null,"seo_analyzer_scan_date":"2026-06-02 03:22:03","breadcrumb_settings":null,"limit_modified_date":false,"open_ai":null,"ai":null,"created":"2020-11-14 22:54:10","updated":"2026-06-02 03:22:03","focus_keyword":null,"additional_keywords":null,"truseo_locale":null},"aioseo_breadcrumb":"<div class=\"aioseo-breadcrumbs\"><span class=\"aioseo-breadcrumb\">\n\t<a href=\"https:\/\/www.eldigitaldeasturias.com\/noticias\" title=\"Home\">Home<\/a>\n<\/span><span class=\"aioseo-breadcrumb-separator\">\u2013<\/span><span class=\"aioseo-breadcrumb\">\n\t<a href=\"https:\/\/www.eldigitaldeasturias.com\/noticias\/category\/actualidad\/\" title=\"Actualidad\">Actualidad<\/a>\n<\/span><span class=\"aioseo-breadcrumb-separator\">\u2013<\/span><span class=\"aioseo-breadcrumb\">\n\t<a href=\"https:\/\/www.eldigitaldeasturias.com\/noticias\/merkel-desde-caida-del-muro-no-habia-tanto-optimismo-en-alemania\/\" title=\"Merkel: \u00abDesde ca\u00edda del Muro no hab\u00eda tanto optimismo en Alemania\u00bb\">Merkel: \u00abDesde ca\u00edda del Muro no hab\u00eda tanto optimismo en Alemania\u00bb<\/a>\n<\/span><\/div>","aioseo_breadcrumb_json":[{"label":"Home","link":"https:\/\/www.eldigitaldeasturias.com\/noticias"},{"label":"Actualidad","link":"https:\/\/www.eldigitaldeasturias.com\/noticias\/category\/actualidad\/"},{"label":"Merkel: \u00abDesde ca\u00edda del Muro no hab\u00eda tanto optimismo en Alemania\u00bb","link":"https:\/\/www.eldigitaldeasturias.com\/noticias\/merkel-desde-caida-del-muro-no-habia-tanto-optimismo-en-alemania\/"}],"_links":{"self":[{"href":"https:\/\/www.eldigitaldeasturias.com\/noticias\/wp-json\/wp\/v2\/posts\/480327","targetHints":{"allow":["GET"]}}],"collection":[{"href":"https:\/\/www.eldigitaldeasturias.com\/noticias\/wp-json\/wp\/v2\/posts"}],"about":[{"href":"https:\/\/www.eldigitaldeasturias.com\/noticias\/wp-json\/wp\/v2\/types\/post"}],"author":[{"embeddable":true,"href":"https:\/\/www.eldigitaldeasturias.com\/noticias\/wp-json\/wp\/v2\/users\/1"}],"replies":[{"embeddable":true,"href":"https:\/\/www.eldigitaldeasturias.com\/noticias\/wp-json\/wp\/v2\/comments?post=480327"}],"version-history":[{"count":0,"href":"https:\/\/www.eldigitaldeasturias.com\/noticias\/wp-json\/wp\/v2\/posts\/480327\/revisions"}],"wp:featuredmedia":[{"embeddable":true,"href":"https:\/\/www.eldigitaldeasturias.com\/noticias\/wp-json\/wp\/v2\/media\/1132184"}],"wp:attachment":[{"href":"https:\/\/www.eldigitaldeasturias.com\/noticias\/wp-json\/wp\/v2\/media?parent=480327"}],"wp:term":[{"taxonomy":"category","embeddable":true,"href":"https:\/\/www.eldigitaldeasturias.com\/noticias\/wp-json\/wp\/v2\/categories?post=480327"},{"taxonomy":"post_tag","embeddable":true,"href":"https:\/\/www.eldigitaldeasturias.com\/noticias\/wp-json\/wp\/v2\/tags?post=480327"}],"curies":[{"name":"wp","href":"https:\/\/api.w.org\/{rel}","templated":true}]}}