{"id":480323,"date":"2014-01-30T00:30:03","date_gmt":"2014-01-30T01:30:03","guid":{"rendered":"http:\/\/www.eldigitaldeasturias.com\/noticias\/?p=480323"},"modified":"2014-01-30T00:30:03","modified_gmt":"2014-01-30T01:30:03","slug":"autodefensas-en-mexico-de-la-irregularidad-a-la-legalidad","status":"publish","type":"post","link":"https:\/\/www.eldigitaldeasturias.com\/noticias\/autodefensas-en-mexico-de-la-irregularidad-a-la-legalidad\/","title":{"rendered":"Autodefensas en M\u00e9xico, de la irregularidad a la legalidad"},"content":{"rendered":"<p><img loading=\"lazy\" decoding=\"async\" class=\"alignleft size-medium wp-image-464682\" alt=\"Armed self-defense forces in Michoacan expand to include Zicuiran\" src=\"https:\/\/www.eldigitaldeasturias.com\/noticias\/wp-content\/uploads\/2013\/12\/Armed_self_defense_f_36720289-360x240.jpg\" width=\"360\" height=\"240\" \/>Morelia (M\u00e9xico), 29 de ene (dpa) &#8211; \u00abNos estamos legalizando como tal, porque a nosotros no nos interesa pertenecer a c\u00e1rteles ni mucho menos, nosotros estamos cansados de esa situaci\u00f3n\u00bb, afirma Estanislao Beltr\u00e1n, portavoz del Consejo Ciudadano de Autodefensas del estado mexicano de Michoac\u00e1n.<\/p>\n<p>La percepci\u00f3n del l\u00edder de autodefensa, una de las cabezas m\u00e1s visibles de los civiles armados, recoge el sentir de la mayor\u00eda de sus compa\u00f1eros, que este lunes decidieron pactar un acuerdo de ocho puntos con el gobierno federal y de Michoac\u00e1n para \u00abincorporarse a la normalidad institucional\u00bb.<\/p>\n<p>La actividades para defenderse por su propia cuenta de las fechor\u00edas de grupos del crimen organizado las iniciaron los grupos de autodefensa hace 11 meses en los municipios michoacanos de Tepalcatepec y Buenavista.<\/p>\n<p>Hoy dicen confirar en la palabra del gobierno de hacer cumplir la ley en sus tierras, donde el abandono estatal permiti\u00f3 hasta casi hace un a\u00f1o que imperara la ley de grupos del crimen como los Caballeros Templarios, que los extorsionaban, robaban y secuestraban sus familiares.<\/p>\n<p>El acuerdo pactado establece que las autodefensas se incorporar\u00e1n a los Cuerpos de Defensa Rurales, despu\u00e9s de presentar una lista con todos los nombres de sus integrantes. Dichas c\u00e9lulas ser\u00e1n temporales y estar\u00e1n bajo el mando de la autoridad.<\/p>\n<p>Las autodefensas tambi\u00e9n podr\u00e1n formar parte de la Polic\u00eda Municipal, siempre y cuando cumplan los requisitos de ley.<\/p>\n<p>Beltr\u00e1n, a quien en la regi\u00f3n se conoce con el apodo de \u00abPap\u00e1 Pitufo\u00bb, considera que incorporarse de manera legal a las fuerzas de seguridad y a defensas rurales ofrece una certeza en su actividad.<\/p>\n<p>\u00abNosotros acataremos las decisiones y nos parece bien porque de alguna manera nosotros nos estamos legalizando como tal, porque a nosotros no nos interesa pertenecer a c\u00e1rteles ni mucho menos, nosotros estamos cansados de esa situaci\u00f3n y si en este caso el gobierno viene con las disposici\u00f3n de trabajar, nosotros siempre hemos estado abiertos a apoyarlos\u00bb, se\u00f1al\u00f3 el vocero.<\/p>\n<p>Beltr\u00e1n afirma que aunque a \u00e9l no le interesa formar parte de las corporaciones polic\u00edales, puede haber hombres y mujeres de las autodefensas a quienes s\u00ed les atraiga la idea de convertirse en integrantes de la Defensa Rural.<\/p>\n<p>\u00abHabr\u00e1 compa\u00f1eros que s\u00ed les interese a lo mejor no pertenecer a la Defensa Rural, puede ser (que) a ellos les interesar\u00e1 pertenecer a lo que es la Polic\u00eda Municipal, esos s\u00ed tienen sueldo, nosotros no\u00bb, manifest\u00f3 Beltr\u00e1n, quien no descarta en un futuro abandonar el movimiento y continuar su labor como campesino en huertas de lim\u00f3n.<\/p>\n<p>Esta labor, agrega, la dejar\u00e1 siempre y cuando tenga la certeza de que han quedado libres del flagelo del crimen organizado asentado por d\u00e9cadas en Michoac\u00e1n, donde tambi\u00e9n operan La Familia Michoacana y el C\u00e1rtel de Jalisco Nueva Generaci\u00f3n.<\/p>\n<p>\u00abYa en el momento que yo crea que en mi pueblo est\u00e1n libres del crimen organizado, pues ah\u00ed tomar\u00e9 la decisi\u00f3n de si sigo o me retiro\u00bb, se\u00f1al\u00f3.<\/p>\n<p>Sobre su incorporaci\u00f3n a cuerpos de seguridad, Hip\u00f3lito Mora, l\u00edder de los grupos de autodefensa del municipio de Buenavista Tomatl\u00e1n, indic\u00f3 que en la poblaci\u00f3n de dicha demarcaci\u00f3n, compuesta principalmente por j\u00f3venes, s\u00ed hay aspirantes.<\/p>\n<p>Mora, tambi\u00e9n productor de lim\u00f3n, afirma que pese al di\u00e1logo y coordinaci\u00f3n con el gobierno federal y estatal continuar\u00e1n con el avance del grupo civil armado hacia otros municipios.<\/p>\n<p>Actualmente estos grupos est\u00e1n presentes en 15 localidades: Tepalcatepec, Buenavista, Coalcom\u00e1n, Chinicuila, Aguililla, Tanc\u00edtaro, Apatzing\u00e1n, La Huacana, Churumuco, Par\u00e1cuaro, M\u00fagica, Uruapan, San Juan Nuevo Par\u00e1ngaricutiro y Perib\u00e1n.<\/p>\n<p>La primera nueva incursi\u00f3n de grupos de autodefensa tras la firma del pacto se registr\u00f3 este martes en el municipio de Los Reyes.<\/p>\n<p>El gobierno conf\u00eda en que el \u00e9xito del pacto, que se firm\u00f3 con un primer grupo de autodefensas en Michoac\u00e1n y tambi\u00e9n establece que los civiles armados registren las armas que poseen ante la Secretar\u00eda de la Defensa Nacional, permita replicarlo en otros estados con presencia de autodefensas.<\/p>\n<p>\u00abEntendemos la necesidad de protecci\u00f3n para las comunidades y familias, pero no podemos tener este tipo de armas (en poder de civiles)\u00bb, indic\u00f3 este martes el comisionado federal para la seguridad en Michoac\u00e1n, Alfredo Castillo.<\/p>\n<p>Entre la poblaci\u00f3n de la regi\u00f3n de Tierra Caliente de Michoac\u00e1n tambi\u00e9n existe la esperanza de que con el acuerdo firmado entre autoridades federales, estatales e integrantes del Consejo de Autodefensas de Michoac\u00e1n, se devuelva la seguridad.<\/p>\n<p>\u00abAqu\u00ed nada m\u00e1s se ve\u00eda violencia todos los d\u00edas y esperamos que ahora con la presencia de m\u00e1s polic\u00edas federales y con los grupos de autodefensa bien legalizados regrese la tranquilidad, toda esas muertes y delitos nos afecta a la gente de esta zona porque se van los espacios de trabajo y los j\u00f3venes se van mejor a Estados Unidos a buscar fuentes de empleo\u00bb, se\u00f1al\u00f3 el campesino Jos\u00e9 Juan, originario de Apatzing\u00e1n.<\/p>\n<p>Por su parte Mar\u00eda, madre de familia de cuatro hijos, dos de ellos dedicados al corte de lim\u00f3n, dice confiar en la honorabilidad de los integrantes de las autodefensas.<\/p>\n<p>\u00abA m\u00ed me gustar\u00eda que se integraran a las polic\u00edas, son personas que s\u00ed les interesa la seguridad de la regi\u00f3n, eso s\u00ed siempre y cuando se demuestre que son capaces para desempe\u00f1ar la labor\u00bb, indic\u00f3.<\/p>\n<p>Por Miguel Garc\u00eda Tinoco<\/p>\n","protected":false},"excerpt":{"rendered":"<p>Morelia (M\u00e9xico), 29 de ene (dpa) &#8211; \u00abNos estamos legalizando como tal, porque a nosotros no nos interesa pertenecer a c\u00e1rteles ni mucho menos, nosotros estamos cansados de esa situaci\u00f3n\u00bb, afirma Estanislao Beltr\u00e1n, portavoz del Consejo Ciudadano de Autodefensas del estado mexicano de Michoac\u00e1n. La percepci\u00f3n del l\u00edder de autodefensa, una de las cabezas m\u00e1s [&hellip;]<\/p>\n","protected":false},"author":1,"featured_media":464682,"comment_status":"closed","ping_status":"open","sticky":false,"template":"","format":"standard","meta":{"footnotes":""},"categories":[1],"tags":[],"class_list":["post-480323","post","type-post","status-publish","format-standard","has-post-thumbnail","hentry","category-actualidad"],"aioseo_notices":[],"aioseo_head":"\n\t\t<!-- All in One SEO Pro 5.0.1 - aioseo.com -->\n\t<meta name=\"description\" content=\"Morelia (M\u00e9xico), 29 de ene (dpa) - &quot;Nos estamos legalizando como tal, porque a nosotros no nos interesa pertenecer a c\u00e1rteles ni mucho menos, nosotros estamos cansados de esa situaci\u00f3n&quot;, afirma Estanislao Beltr\u00e1n, portavoz del Consejo Ciudadano de Autodefensas del estado mexicano de Michoac\u00e1n. La percepci\u00f3n del l\u00edder de autodefensa, una de las cabezas m\u00e1s\" \/>\n\t<meta name=\"robots\" content=\"max-image-preview:large\" \/>\n\t<meta name=\"author\" content=\"El Digital de Asturias\"\/>\n\t<meta name=\"google-site-verification\" content=\"UA-38556648-1\" \/>\n\t<meta name=\"msvalidate.01\" content=\"7dfe9f3f1b24437ab69f4f2559babe99\" \/>\n\t<meta name=\"keywords\" content=\"actualidad\" \/>\n\t<link rel=\"canonical\" href=\"https:\/\/www.eldigitaldeasturias.com\/noticias\/autodefensas-en-mexico-de-la-irregularidad-a-la-legalidad\/\" \/>\n\t<meta name=\"generator\" content=\"All in One SEO Pro (AIOSEO) 5.0.1\" \/>\n\t\t<meta property=\"og:locale\" content=\"es_ES\" \/>\n\t\t<meta property=\"og:site_name\" content=\"El Digital de Asturias\" \/>\n\t\t<meta property=\"og:type\" content=\"article\" \/>\n\t\t<meta property=\"og:title\" content=\"Autodefensas en M\u00e9xico, de la irregularidad a la legalidad - El Digital de Asturias\" \/>\n\t\t<meta property=\"og:description\" content=\"Morelia (M\u00e9xico), 29 de ene (dpa) - &quot;Nos estamos legalizando como tal, porque a nosotros no nos interesa pertenecer a c\u00e1rteles ni mucho menos, nosotros estamos cansados de esa situaci\u00f3n&quot;, afirma Estanislao Beltr\u00e1n, portavoz del Consejo Ciudadano de Autodefensas del estado mexicano de Michoac\u00e1n. La percepci\u00f3n del l\u00edder de autodefensa, una de las cabezas m\u00e1s\" \/>\n\t\t<meta property=\"og:url\" content=\"https:\/\/www.eldigitaldeasturias.com\/noticias\/autodefensas-en-mexico-de-la-irregularidad-a-la-legalidad\/\" \/>\n\t\t<meta property=\"article:tag\" content=\"actualidad\" \/>\n\t\t<meta property=\"article:published_time\" content=\"2014-01-30T01:30:03+00:00\" \/>\n\t\t<meta property=\"article:modified_time\" content=\"2014-01-30T01:30:03+00:00\" \/>\n\t\t<meta property=\"article:publisher\" content=\"https:\/\/facebook.com\/eldigitaldeasturias\" \/>\n\t\t<meta name=\"twitter:card\" content=\"summary_large_image\" \/>\n\t\t<meta name=\"twitter:title\" content=\"Autodefensas en M\u00e9xico, de la irregularidad a la legalidad - El Digital de Asturias\" \/>\n\t\t<meta name=\"twitter:description\" content=\"Morelia (M\u00e9xico), 29 de ene (dpa) - &quot;Nos estamos legalizando como tal, porque a nosotros no nos interesa pertenecer a c\u00e1rteles ni mucho menos, nosotros estamos cansados de esa situaci\u00f3n&quot;, afirma Estanislao Beltr\u00e1n, portavoz del Consejo Ciudadano de Autodefensas del estado mexicano de Michoac\u00e1n. La percepci\u00f3n del l\u00edder de autodefensa, una de las cabezas m\u00e1s\" \/>\n\t\t<meta name=\"twitter:label1\" content=\"Escrito por\" \/>\n\t\t<meta name=\"twitter:data1\" content=\"El Digital de Asturias\" \/>\n\t\t<meta name=\"twitter:label2\" content=\"Tiempo de lectura estimado\" \/>\n\t\t<meta name=\"twitter:data2\" content=\"5 minutos\" \/>\n\t\t<script type=\"application\/ld+json\" class=\"aioseo-schema\">\n\t\t\t{\"@context\":\"https:\\\/\\\/schema.org\",\"@graph\":[{\"@type\":\"BlogPosting\",\"@id\":\"https:\\\/\\\/www.eldigitaldeasturias.com\\\/noticias\\\/autodefensas-en-mexico-de-la-irregularidad-a-la-legalidad\\\/#blogposting\",\"name\":\"Autodefensas en M\\u00e9xico, de la irregularidad a la legalidad - El Digital de Asturias\",\"headline\":\"Autodefensas en M\\u00e9xico, de la irregularidad a la legalidad\",\"author\":{\"@id\":\"https:\\\/\\\/www.eldigitaldeasturias.com\\\/noticias\\\/author\\\/admin\\\/#author\"},\"publisher\":{\"@id\":\"https:\\\/\\\/www.eldigitaldeasturias.com\\\/noticias\\\/#organization\"},\"image\":{\"@type\":\"ImageObject\",\"url\":464682},\"datePublished\":\"2014-01-30T00:30:03+01:00\",\"dateModified\":\"2014-01-30T00:30:03+01:00\",\"inLanguage\":\"es-ES\",\"mainEntityOfPage\":{\"@id\":\"https:\\\/\\\/www.eldigitaldeasturias.com\\\/noticias\\\/autodefensas-en-mexico-de-la-irregularidad-a-la-legalidad\\\/#webpage\"},\"isPartOf\":{\"@id\":\"https:\\\/\\\/www.eldigitaldeasturias.com\\\/noticias\\\/autodefensas-en-mexico-de-la-irregularidad-a-la-legalidad\\\/#webpage\"},\"articleSection\":\"Actualidad\"},{\"@type\":\"BreadcrumbList\",\"@id\":\"https:\\\/\\\/www.eldigitaldeasturias.com\\\/noticias\\\/autodefensas-en-mexico-de-la-irregularidad-a-la-legalidad\\\/#breadcrumblist\",\"itemListElement\":[{\"@type\":\"ListItem\",\"@id\":\"https:\\\/\\\/www.eldigitaldeasturias.com\\\/noticias#listItem\",\"position\":1,\"name\":\"Home\",\"item\":\"https:\\\/\\\/www.eldigitaldeasturias.com\\\/noticias\",\"nextItem\":{\"@type\":\"ListItem\",\"@id\":\"https:\\\/\\\/www.eldigitaldeasturias.com\\\/noticias\\\/category\\\/actualidad\\\/#listItem\",\"name\":\"Actualidad\"}},{\"@type\":\"ListItem\",\"@id\":\"https:\\\/\\\/www.eldigitaldeasturias.com\\\/noticias\\\/category\\\/actualidad\\\/#listItem\",\"position\":2,\"name\":\"Actualidad\",\"item\":\"https:\\\/\\\/www.eldigitaldeasturias.com\\\/noticias\\\/category\\\/actualidad\\\/\",\"nextItem\":{\"@type\":\"ListItem\",\"@id\":\"https:\\\/\\\/www.eldigitaldeasturias.com\\\/noticias\\\/autodefensas-en-mexico-de-la-irregularidad-a-la-legalidad\\\/#listItem\",\"name\":\"Autodefensas en M\\u00e9xico, de la irregularidad a la legalidad\"},\"previousItem\":{\"@type\":\"ListItem\",\"@id\":\"https:\\\/\\\/www.eldigitaldeasturias.com\\\/noticias#listItem\",\"name\":\"Home\"}},{\"@type\":\"ListItem\",\"@id\":\"https:\\\/\\\/www.eldigitaldeasturias.com\\\/noticias\\\/autodefensas-en-mexico-de-la-irregularidad-a-la-legalidad\\\/#listItem\",\"position\":3,\"name\":\"Autodefensas en M\\u00e9xico, de la irregularidad a la legalidad\",\"previousItem\":{\"@type\":\"ListItem\",\"@id\":\"https:\\\/\\\/www.eldigitaldeasturias.com\\\/noticias\\\/category\\\/actualidad\\\/#listItem\",\"name\":\"Actualidad\"}}]},{\"@type\":\"Organization\",\"@id\":\"https:\\\/\\\/www.eldigitaldeasturias.com\\\/noticias\\\/#organization\",\"name\":\"El Digital de Asturias\",\"description\":\"Hemeroteca\",\"url\":\"https:\\\/\\\/www.eldigitaldeasturias.com\\\/noticias\\\/\",\"email\":\"info@eldigitaldeasturias.com\",\"telephone\":\"+34652131393\",\"logo\":{\"@type\":\"ImageObject\",\"url\":\"https:\\\/\\\/www.eldigitaldeasturias.com\\\/noticias\\\/wp-content\\\/uploads\\\/2020\\\/12\\\/EDA.jpg\",\"@id\":\"https:\\\/\\\/www.eldigitaldeasturias.com\\\/noticias\\\/autodefensas-en-mexico-de-la-irregularidad-a-la-legalidad\\\/#organizationLogo\"},\"image\":{\"@id\":\"https:\\\/\\\/www.eldigitaldeasturias.com\\\/noticias\\\/autodefensas-en-mexico-de-la-irregularidad-a-la-legalidad\\\/#organizationLogo\"},\"sameAs\":[\"https:\\\/\\\/facebook.com\\\/eldigitaldeasturias\",\"https:\\\/\\\/www.youtube.com\\\/channel\\\/UCZP-2wLEB9Rv6erhFmqVnvg\"],\"address\":{\"@id\":\"https:\\\/\\\/www.eldigitaldeasturias.com\\\/noticias\\\/#postaladdress\",\"@type\":\"PostalAddress\",\"streetAddress\":\"san antonio 4\",\"postalCode\":\"33430\",\"addressLocality\":\"Cand\\u00e1s\",\"addressRegion\":\"Asturias\",\"addressCountry\":\"ES\"}},{\"@type\":\"Person\",\"@id\":\"https:\\\/\\\/www.eldigitaldeasturias.com\\\/noticias\\\/author\\\/admin\\\/#author\",\"url\":\"https:\\\/\\\/www.eldigitaldeasturias.com\\\/noticias\\\/author\\\/admin\\\/\",\"name\":\"El Digital de Asturias\",\"image\":{\"@type\":\"ImageObject\",\"@id\":\"https:\\\/\\\/www.eldigitaldeasturias.com\\\/noticias\\\/autodefensas-en-mexico-de-la-irregularidad-a-la-legalidad\\\/#authorImage\",\"url\":\"https:\\\/\\\/secure.gravatar.com\\\/avatar\\\/df2aeffc32bcd13f8d26072ef8a91b623d677766deac7f97ca815868cd41bf5e?s=96&d=mm&r=g\",\"width\":96,\"height\":96,\"caption\":\"El Digital de Asturias\"}},{\"@type\":\"WebPage\",\"@id\":\"https:\\\/\\\/www.eldigitaldeasturias.com\\\/noticias\\\/autodefensas-en-mexico-de-la-irregularidad-a-la-legalidad\\\/#webpage\",\"url\":\"https:\\\/\\\/www.eldigitaldeasturias.com\\\/noticias\\\/autodefensas-en-mexico-de-la-irregularidad-a-la-legalidad\\\/\",\"name\":\"Autodefensas en M\\u00e9xico, de la irregularidad a la legalidad - El Digital de Asturias\",\"description\":\"Morelia (M\\u00e9xico), 29 de ene (dpa) - \\\"Nos estamos legalizando como tal, porque a nosotros no nos interesa pertenecer a c\\u00e1rteles ni mucho menos, nosotros estamos cansados de esa situaci\\u00f3n\\\", afirma Estanislao Beltr\\u00e1n, portavoz del Consejo Ciudadano de Autodefensas del estado mexicano de Michoac\\u00e1n. La percepci\\u00f3n del l\\u00edder de autodefensa, una de las cabezas m\\u00e1s\",\"inLanguage\":\"es-ES\",\"isPartOf\":{\"@id\":\"https:\\\/\\\/www.eldigitaldeasturias.com\\\/noticias\\\/#website\"},\"breadcrumb\":{\"@id\":\"https:\\\/\\\/www.eldigitaldeasturias.com\\\/noticias\\\/autodefensas-en-mexico-de-la-irregularidad-a-la-legalidad\\\/#breadcrumblist\"},\"author\":{\"@id\":\"https:\\\/\\\/www.eldigitaldeasturias.com\\\/noticias\\\/author\\\/admin\\\/#author\"},\"creator\":{\"@id\":\"https:\\\/\\\/www.eldigitaldeasturias.com\\\/noticias\\\/author\\\/admin\\\/#author\"},\"image\":{\"@type\":\"ImageObject\",\"url\":464682,\"@id\":\"https:\\\/\\\/www.eldigitaldeasturias.com\\\/noticias\\\/autodefensas-en-mexico-de-la-irregularidad-a-la-legalidad\\\/#mainImage\"},\"primaryImageOfPage\":{\"@id\":\"https:\\\/\\\/www.eldigitaldeasturias.com\\\/noticias\\\/autodefensas-en-mexico-de-la-irregularidad-a-la-legalidad\\\/#mainImage\"},\"datePublished\":\"2014-01-30T00:30:03+01:00\",\"dateModified\":\"2014-01-30T00:30:03+01:00\"},{\"@type\":\"WebSite\",\"@id\":\"https:\\\/\\\/www.eldigitaldeasturias.com\\\/noticias\\\/#website\",\"url\":\"https:\\\/\\\/www.eldigitaldeasturias.com\\\/noticias\\\/\",\"name\":\"El Digital de Asturias - Diario de actualidad y noticias\",\"alternateName\":\"El Digital de Asturias - Diario de actualidad y noticias\",\"description\":\"Hemeroteca\",\"inLanguage\":\"es-ES\",\"publisher\":{\"@id\":\"https:\\\/\\\/www.eldigitaldeasturias.com\\\/noticias\\\/#organization\"}}]}\n\t\t<\/script>\n\t\t<!-- All in One SEO Pro -->\r\n\t\t<title>Autodefensas en M\u00e9xico, de la irregularidad a la legalidad - El Digital de Asturias<\/title>\n\n","aioseo_head_json":{"title":"Autodefensas en M\u00e9xico, de la irregularidad a la legalidad - El Digital de Asturias","description":"Morelia (M\u00e9xico), 29 de ene (dpa) - \"Nos estamos legalizando como tal, porque a nosotros no nos interesa pertenecer a c\u00e1rteles ni mucho menos, nosotros estamos cansados de esa situaci\u00f3n\", afirma Estanislao Beltr\u00e1n, portavoz del Consejo Ciudadano de Autodefensas del estado mexicano de Michoac\u00e1n. La percepci\u00f3n del l\u00edder de autodefensa, una de las cabezas m\u00e1s","canonical_url":"https:\/\/www.eldigitaldeasturias.com\/noticias\/autodefensas-en-mexico-de-la-irregularidad-a-la-legalidad\/","robots":"max-image-preview:large","keywords":"actualidad","webmasterTools":{"google-site-verification":"UA-38556648-1","msvalidate.01":"7dfe9f3f1b24437ab69f4f2559babe99","miscellaneous":""},"schema":{"@context":"https:\/\/schema.org","@graph":[{"@type":"BlogPosting","@id":"https:\/\/www.eldigitaldeasturias.com\/noticias\/autodefensas-en-mexico-de-la-irregularidad-a-la-legalidad\/#blogposting","name":"Autodefensas en M\u00e9xico, de la irregularidad a la legalidad - El Digital de Asturias","headline":"Autodefensas en M\u00e9xico, de la irregularidad a la legalidad","author":{"@id":"https:\/\/www.eldigitaldeasturias.com\/noticias\/author\/admin\/#author"},"publisher":{"@id":"https:\/\/www.eldigitaldeasturias.com\/noticias\/#organization"},"image":{"@type":"ImageObject","url":464682},"datePublished":"2014-01-30T00:30:03+01:00","dateModified":"2014-01-30T00:30:03+01:00","inLanguage":"es-ES","mainEntityOfPage":{"@id":"https:\/\/www.eldigitaldeasturias.com\/noticias\/autodefensas-en-mexico-de-la-irregularidad-a-la-legalidad\/#webpage"},"isPartOf":{"@id":"https:\/\/www.eldigitaldeasturias.com\/noticias\/autodefensas-en-mexico-de-la-irregularidad-a-la-legalidad\/#webpage"},"articleSection":"Actualidad"},{"@type":"BreadcrumbList","@id":"https:\/\/www.eldigitaldeasturias.com\/noticias\/autodefensas-en-mexico-de-la-irregularidad-a-la-legalidad\/#breadcrumblist","itemListElement":[{"@type":"ListItem","@id":"https:\/\/www.eldigitaldeasturias.com\/noticias#listItem","position":1,"name":"Home","item":"https:\/\/www.eldigitaldeasturias.com\/noticias","nextItem":{"@type":"ListItem","@id":"https:\/\/www.eldigitaldeasturias.com\/noticias\/category\/actualidad\/#listItem","name":"Actualidad"}},{"@type":"ListItem","@id":"https:\/\/www.eldigitaldeasturias.com\/noticias\/category\/actualidad\/#listItem","position":2,"name":"Actualidad","item":"https:\/\/www.eldigitaldeasturias.com\/noticias\/category\/actualidad\/","nextItem":{"@type":"ListItem","@id":"https:\/\/www.eldigitaldeasturias.com\/noticias\/autodefensas-en-mexico-de-la-irregularidad-a-la-legalidad\/#listItem","name":"Autodefensas en M\u00e9xico, de la irregularidad a la legalidad"},"previousItem":{"@type":"ListItem","@id":"https:\/\/www.eldigitaldeasturias.com\/noticias#listItem","name":"Home"}},{"@type":"ListItem","@id":"https:\/\/www.eldigitaldeasturias.com\/noticias\/autodefensas-en-mexico-de-la-irregularidad-a-la-legalidad\/#listItem","position":3,"name":"Autodefensas en M\u00e9xico, de la irregularidad a la legalidad","previousItem":{"@type":"ListItem","@id":"https:\/\/www.eldigitaldeasturias.com\/noticias\/category\/actualidad\/#listItem","name":"Actualidad"}}]},{"@type":"Organization","@id":"https:\/\/www.eldigitaldeasturias.com\/noticias\/#organization","name":"El Digital de Asturias","description":"Hemeroteca","url":"https:\/\/www.eldigitaldeasturias.com\/noticias\/","email":"info@eldigitaldeasturias.com","telephone":"+34652131393","logo":{"@type":"ImageObject","url":"https:\/\/www.eldigitaldeasturias.com\/noticias\/wp-content\/uploads\/2020\/12\/EDA.jpg","@id":"https:\/\/www.eldigitaldeasturias.com\/noticias\/autodefensas-en-mexico-de-la-irregularidad-a-la-legalidad\/#organizationLogo"},"image":{"@id":"https:\/\/www.eldigitaldeasturias.com\/noticias\/autodefensas-en-mexico-de-la-irregularidad-a-la-legalidad\/#organizationLogo"},"sameAs":["https:\/\/facebook.com\/eldigitaldeasturias","https:\/\/www.youtube.com\/channel\/UCZP-2wLEB9Rv6erhFmqVnvg"],"address":{"@id":"https:\/\/www.eldigitaldeasturias.com\/noticias\/#postaladdress","@type":"PostalAddress","streetAddress":"san antonio 4","postalCode":"33430","addressLocality":"Cand\u00e1s","addressRegion":"Asturias","addressCountry":"ES"}},{"@type":"Person","@id":"https:\/\/www.eldigitaldeasturias.com\/noticias\/author\/admin\/#author","url":"https:\/\/www.eldigitaldeasturias.com\/noticias\/author\/admin\/","name":"El Digital de Asturias","image":{"@type":"ImageObject","@id":"https:\/\/www.eldigitaldeasturias.com\/noticias\/autodefensas-en-mexico-de-la-irregularidad-a-la-legalidad\/#authorImage","url":"https:\/\/secure.gravatar.com\/avatar\/df2aeffc32bcd13f8d26072ef8a91b623d677766deac7f97ca815868cd41bf5e?s=96&d=mm&r=g","width":96,"height":96,"caption":"El Digital de Asturias"}},{"@type":"WebPage","@id":"https:\/\/www.eldigitaldeasturias.com\/noticias\/autodefensas-en-mexico-de-la-irregularidad-a-la-legalidad\/#webpage","url":"https:\/\/www.eldigitaldeasturias.com\/noticias\/autodefensas-en-mexico-de-la-irregularidad-a-la-legalidad\/","name":"Autodefensas en M\u00e9xico, de la irregularidad a la legalidad - El Digital de Asturias","description":"Morelia (M\u00e9xico), 29 de ene (dpa) - \"Nos estamos legalizando como tal, porque a nosotros no nos interesa pertenecer a c\u00e1rteles ni mucho menos, nosotros estamos cansados de esa situaci\u00f3n\", afirma Estanislao Beltr\u00e1n, portavoz del Consejo Ciudadano de Autodefensas del estado mexicano de Michoac\u00e1n. La percepci\u00f3n del l\u00edder de autodefensa, una de las cabezas m\u00e1s","inLanguage":"es-ES","isPartOf":{"@id":"https:\/\/www.eldigitaldeasturias.com\/noticias\/#website"},"breadcrumb":{"@id":"https:\/\/www.eldigitaldeasturias.com\/noticias\/autodefensas-en-mexico-de-la-irregularidad-a-la-legalidad\/#breadcrumblist"},"author":{"@id":"https:\/\/www.eldigitaldeasturias.com\/noticias\/author\/admin\/#author"},"creator":{"@id":"https:\/\/www.eldigitaldeasturias.com\/noticias\/author\/admin\/#author"},"image":{"@type":"ImageObject","url":464682,"@id":"https:\/\/www.eldigitaldeasturias.com\/noticias\/autodefensas-en-mexico-de-la-irregularidad-a-la-legalidad\/#mainImage"},"primaryImageOfPage":{"@id":"https:\/\/www.eldigitaldeasturias.com\/noticias\/autodefensas-en-mexico-de-la-irregularidad-a-la-legalidad\/#mainImage"},"datePublished":"2014-01-30T00:30:03+01:00","dateModified":"2014-01-30T00:30:03+01:00"},{"@type":"WebSite","@id":"https:\/\/www.eldigitaldeasturias.com\/noticias\/#website","url":"https:\/\/www.eldigitaldeasturias.com\/noticias\/","name":"El Digital de Asturias - Diario de actualidad y noticias","alternateName":"El Digital de Asturias - Diario de actualidad y noticias","description":"Hemeroteca","inLanguage":"es-ES","publisher":{"@id":"https:\/\/www.eldigitaldeasturias.com\/noticias\/#organization"}}]},"og:locale":"es_ES","og:site_name":"El Digital de Asturias","og:type":"article","og:title":"Autodefensas en M\u00e9xico, de la irregularidad a la legalidad - El Digital de Asturias","og:description":"Morelia (M\u00e9xico), 29 de ene (dpa) - &quot;Nos estamos legalizando como tal, porque a nosotros no nos interesa pertenecer a c\u00e1rteles ni mucho menos, nosotros estamos cansados de esa situaci\u00f3n&quot;, afirma Estanislao Beltr\u00e1n, portavoz del Consejo Ciudadano de Autodefensas del estado mexicano de Michoac\u00e1n. La percepci\u00f3n del l\u00edder de autodefensa, una de las cabezas m\u00e1s","og:url":"https:\/\/www.eldigitaldeasturias.com\/noticias\/autodefensas-en-mexico-de-la-irregularidad-a-la-legalidad\/","article:tag":["actualidad"],"article:published_time":"2014-01-30T01:30:03+00:00","article:modified_time":"2014-01-30T01:30:03+00:00","article:publisher":"https:\/\/facebook.com\/eldigitaldeasturias","twitter:card":"summary_large_image","twitter:title":"Autodefensas en M\u00e9xico, de la irregularidad a la legalidad - El Digital de Asturias","twitter:description":"Morelia (M\u00e9xico), 29 de ene (dpa) - &quot;Nos estamos legalizando como tal, porque a nosotros no nos interesa pertenecer a c\u00e1rteles ni mucho menos, nosotros estamos cansados de esa situaci\u00f3n&quot;, afirma Estanislao Beltr\u00e1n, portavoz del Consejo Ciudadano de Autodefensas del estado mexicano de Michoac\u00e1n. La percepci\u00f3n del l\u00edder de autodefensa, una de las cabezas m\u00e1s","twitter:label1":"Escrito por","twitter:data1":"El Digital de Asturias","twitter:label2":"Tiempo de lectura estimado","twitter:data2":"5 minutos"},"aioseo_meta_data":{"post_id":"480323","title":null,"description":null,"keywords":null,"keyphrases":null,"primary_term":null,"canonical_url":null,"og_title":null,"og_description":null,"og_object_type":"default","og_image_type":"default","og_image_url":null,"og_image_width":null,"og_image_height":null,"og_image_custom_url":null,"og_image_custom_fields":null,"og_video":null,"og_custom_url":null,"og_article_section":null,"og_article_tags":null,"twitter_use_og":true,"twitter_card":"default","twitter_image_type":"default","twitter_image_url":null,"twitter_image_custom_url":null,"twitter_image_custom_fields":null,"twitter_title":null,"twitter_description":null,"schema":{"blockGraphs":[],"customGraphs":[],"default":{"data":{"Article":[],"Course":[],"Dataset":[],"FAQPage":[],"Movie":[],"Person":[],"Product":[],"ProductReview":[],"Car":[],"Recipe":[],"Service":[],"SoftwareApplication":[],"WebPage":[]},"graphName":"","isEnabled":true},"graphs":[],"defaultGraph":"","defaultPostTypeGraph":""},"schema_type":null,"schema_type_options":null,"pillar_content":false,"robots_default":true,"robots_noindex":false,"robots_noarchive":false,"robots_nosnippet":false,"robots_nofollow":false,"robots_noimageindex":false,"robots_noodp":false,"robots_notranslate":false,"robots_max_snippet":null,"robots_max_videopreview":null,"robots_max_imagepreview":"none","priority":null,"frequency":null,"local_seo":null,"seo_analyzer_scan_date":"2026-06-02 03:22:01","breadcrumb_settings":null,"limit_modified_date":false,"open_ai":null,"ai":null,"created":"2020-11-14 22:54:10","updated":"2026-06-02 03:22:01","focus_keyword":null,"additional_keywords":null,"truseo_locale":null},"aioseo_breadcrumb":"<div class=\"aioseo-breadcrumbs\"><span class=\"aioseo-breadcrumb\">\n\t<a href=\"https:\/\/www.eldigitaldeasturias.com\/noticias\" title=\"Home\">Home<\/a>\n<\/span><span class=\"aioseo-breadcrumb-separator\">\u2013<\/span><span class=\"aioseo-breadcrumb\">\n\t<a href=\"https:\/\/www.eldigitaldeasturias.com\/noticias\/category\/actualidad\/\" title=\"Actualidad\">Actualidad<\/a>\n<\/span><span class=\"aioseo-breadcrumb-separator\">\u2013<\/span><span class=\"aioseo-breadcrumb\">\n\t<a href=\"https:\/\/www.eldigitaldeasturias.com\/noticias\/autodefensas-en-mexico-de-la-irregularidad-a-la-legalidad\/\" title=\"Autodefensas en M\u00e9xico, de la irregularidad a la legalidad\">Autodefensas en M\u00e9xico, de la irregularidad a la legalidad<\/a>\n<\/span><\/div>","aioseo_breadcrumb_json":[{"label":"Home","link":"https:\/\/www.eldigitaldeasturias.com\/noticias"},{"label":"Actualidad","link":"https:\/\/www.eldigitaldeasturias.com\/noticias\/category\/actualidad\/"},{"label":"Autodefensas en M\u00e9xico, de la irregularidad a la legalidad","link":"https:\/\/www.eldigitaldeasturias.com\/noticias\/autodefensas-en-mexico-de-la-irregularidad-a-la-legalidad\/"}],"_links":{"self":[{"href":"https:\/\/www.eldigitaldeasturias.com\/noticias\/wp-json\/wp\/v2\/posts\/480323","targetHints":{"allow":["GET"]}}],"collection":[{"href":"https:\/\/www.eldigitaldeasturias.com\/noticias\/wp-json\/wp\/v2\/posts"}],"about":[{"href":"https:\/\/www.eldigitaldeasturias.com\/noticias\/wp-json\/wp\/v2\/types\/post"}],"author":[{"embeddable":true,"href":"https:\/\/www.eldigitaldeasturias.com\/noticias\/wp-json\/wp\/v2\/users\/1"}],"replies":[{"embeddable":true,"href":"https:\/\/www.eldigitaldeasturias.com\/noticias\/wp-json\/wp\/v2\/comments?post=480323"}],"version-history":[{"count":0,"href":"https:\/\/www.eldigitaldeasturias.com\/noticias\/wp-json\/wp\/v2\/posts\/480323\/revisions"}],"wp:attachment":[{"href":"https:\/\/www.eldigitaldeasturias.com\/noticias\/wp-json\/wp\/v2\/media?parent=480323"}],"wp:term":[{"taxonomy":"category","embeddable":true,"href":"https:\/\/www.eldigitaldeasturias.com\/noticias\/wp-json\/wp\/v2\/categories?post=480323"},{"taxonomy":"post_tag","embeddable":true,"href":"https:\/\/www.eldigitaldeasturias.com\/noticias\/wp-json\/wp\/v2\/tags?post=480323"}],"curies":[{"name":"wp","href":"https:\/\/api.w.org\/{rel}","templated":true}]}}