{"id":480316,"date":"2014-01-29T23:51:15","date_gmt":"2014-01-30T00:51:15","guid":{"rendered":"http:\/\/www.eldigitaldeasturias.com\/noticias\/?p=480316"},"modified":"2014-01-29T23:51:15","modified_gmt":"2014-01-30T00:51:15","slug":"el-pp-a-cree-oportunistas-las-actuaciones-de-vidal-quadras-y-san-gil","status":"publish","type":"post","link":"https:\/\/www.eldigitaldeasturias.com\/noticias\/el-pp-a-cree-oportunistas-las-actuaciones-de-vidal-quadras-y-san-gil\/","title":{"rendered":"El PP-A cree \u00aboportunistas\u00bb las actuaciones de Vidal-Quadras y San Gil"},"content":{"rendered":"<p><img loading=\"lazy\" decoding=\"async\" class=\"alignleft size-medium wp-image-480317\" alt=\"5887349w\" src=\"https:\/\/www.eldigitaldeasturias.com\/noticias\/wp-content\/uploads\/2014\/01\/5887349w-360x230.jpg\" width=\"360\" height=\"230\" \/>Sevilla, 29 ene (EFE).- El secretario general del PP andaluz, Jos\u00e9 Luis Sanz, ha se\u00f1alado hoy que le parecen \u00aboportunistas\u00bb los \u00faltimos movimientos del eurodiputado Alejo Vidal-Quadras y de la expresidenta del PP vasco, Mar\u00eda San Gil, y ha dicho que la renuncia de Jaime Mayor Oreja \u00abno tiene nada que ver\u00bb con esos casos.<\/p>\n<p>\u00abAlgunos movimientos que en estos d\u00edas estamos viendo de algunos dirigentes o exdirigentes del PP me parecen un poco oportunistas\u00bb, ha se\u00f1alado Sanz en rueda de prensa, y ha asegurado que el PP-A apoya \u00abal cien por cien\u00bb la pol\u00edtica \u00abreformista\u00bb del presidente del Gobierno, Mariano Rajoy, \u00aben todos sus aspectos\u00bb.<\/p>\n<p>Ha a\u00f1adido que Vidal-Quadras \u00abse fue ya de este partido, aunque segu\u00eda manteniendo su acta de eurodiputado, hace ya mucho tiempo\u00bb y que San Gil \u00abtambi\u00e9n\u00bb, por lo que no entiende \u00abpor qu\u00e9 ahora nos vuelven a recordar que ya se fueron del partido\u00bb.<\/p>\n<p>Ha afirmado que el caso de Mayor Oreja, salvo que la pr\u00f3xima semana se viera \u00abotra cosa\u00bb, no tiene \u00abnada que ver y en nada se parece a los otros dos casos\u00bb, ya que se trata de una \u00abdecisi\u00f3n personal\u00bb.<\/p>\n<p>Sobre si este asunto puede hacer da\u00f1o al electorado del PP, ha manifestado que el partido \u00abha demostrado ya muchas veces que nadie es imprescindible, el que se lo crea es el que tiene el problema\u00bb.<\/p>\n<p>Sanz ha reaccionado as\u00ed despu\u00e9s de que Vidal-Quadras decidiera abandonar el partido para unirse a VOX, que San Gil acusara al PP de \u00abconsentir\u00bb la \u00abpesadilla\u00bb que se vive en Euskadi con relaci\u00f3n a ETA, y que Mayor Oreja renunciara a ir en las listas europeas.<\/p>\n","protected":false},"excerpt":{"rendered":"<p>Sevilla, 29 ene (EFE).- El secretario general del PP andaluz, Jos\u00e9 Luis Sanz, ha se\u00f1alado hoy que le parecen \u00aboportunistas\u00bb los \u00faltimos movimientos del eurodiputado Alejo Vidal-Quadras y de la expresidenta del PP vasco, Mar\u00eda San Gil, y ha dicho que la renuncia de Jaime Mayor Oreja \u00abno tiene nada que ver\u00bb con esos casos. [&hellip;]<\/p>\n","protected":false},"author":1,"featured_media":1132184,"comment_status":"closed","ping_status":"open","sticky":false,"template":"","format":"standard","meta":{"footnotes":""},"categories":[1],"tags":[],"class_list":["post-480316","post","type-post","status-publish","format-standard","has-post-thumbnail","hentry","category-actualidad"],"aioseo_notices":[],"aioseo_head":"\n\t\t<!-- All in One SEO Pro 5.0.1 - aioseo.com -->\n\t<meta name=\"description\" content=\"Sevilla, 29 ene (EFE).- El secretario general del PP andaluz, Jos\u00e9 Luis Sanz, ha se\u00f1alado hoy que le parecen &quot;oportunistas&quot; los \u00faltimos movimientos del eurodiputado Alejo Vidal-Quadras y de la expresidenta del PP vasco, Mar\u00eda San Gil, y ha dicho que la renuncia de Jaime Mayor Oreja &quot;no tiene nada que ver&quot; con esos casos.\" \/>\n\t<meta name=\"robots\" content=\"max-image-preview:large\" \/>\n\t<meta name=\"author\" content=\"El Digital de Asturias\"\/>\n\t<meta name=\"google-site-verification\" content=\"UA-38556648-1\" \/>\n\t<meta name=\"msvalidate.01\" content=\"7dfe9f3f1b24437ab69f4f2559babe99\" \/>\n\t<meta name=\"keywords\" content=\"actualidad\" \/>\n\t<link rel=\"canonical\" href=\"https:\/\/www.eldigitaldeasturias.com\/noticias\/el-pp-a-cree-oportunistas-las-actuaciones-de-vidal-quadras-y-san-gil\/\" \/>\n\t<meta name=\"generator\" content=\"All in One SEO Pro (AIOSEO) 5.0.1\" \/>\n\t\t<meta property=\"og:locale\" content=\"es_ES\" \/>\n\t\t<meta property=\"og:site_name\" content=\"El Digital de Asturias\" \/>\n\t\t<meta property=\"og:type\" content=\"article\" \/>\n\t\t<meta property=\"og:title\" content=\"El PP-A cree \u00aboportunistas\u00bb las actuaciones de Vidal-Quadras y San Gil - El Digital de Asturias\" \/>\n\t\t<meta property=\"og:description\" content=\"Sevilla, 29 ene (EFE).- El secretario general del PP andaluz, Jos\u00e9 Luis Sanz, ha se\u00f1alado hoy que le parecen &quot;oportunistas&quot; los \u00faltimos movimientos del eurodiputado Alejo Vidal-Quadras y de la expresidenta del PP vasco, Mar\u00eda San Gil, y ha dicho que la renuncia de Jaime Mayor Oreja &quot;no tiene nada que ver&quot; con esos casos.\" \/>\n\t\t<meta property=\"og:url\" content=\"https:\/\/www.eldigitaldeasturias.com\/noticias\/el-pp-a-cree-oportunistas-las-actuaciones-de-vidal-quadras-y-san-gil\/\" \/>\n\t\t<meta property=\"og:image\" content=\"https:\/\/www.eldigitaldeasturias.com\/noticias\/wp-content\/uploads\/2026\/06\/Contenidos.jpg\" \/>\n\t\t<meta property=\"og:image:secure_url\" content=\"https:\/\/www.eldigitaldeasturias.com\/noticias\/wp-content\/uploads\/2026\/06\/Contenidos.jpg\" \/>\n\t\t<meta property=\"og:image:width\" content=\"1265\" \/>\n\t\t<meta property=\"og:image:height\" content=\"697\" \/>\n\t\t<meta property=\"article:tag\" content=\"actualidad\" \/>\n\t\t<meta property=\"article:published_time\" content=\"2014-01-30T00:51:15+00:00\" \/>\n\t\t<meta property=\"article:modified_time\" content=\"2014-01-30T00:51:15+00:00\" \/>\n\t\t<meta property=\"article:publisher\" content=\"https:\/\/facebook.com\/eldigitaldeasturias\" \/>\n\t\t<meta name=\"twitter:card\" content=\"summary_large_image\" \/>\n\t\t<meta name=\"twitter:title\" content=\"El PP-A cree \u00aboportunistas\u00bb las actuaciones de Vidal-Quadras y San Gil - El Digital de Asturias\" \/>\n\t\t<meta name=\"twitter:description\" content=\"Sevilla, 29 ene (EFE).- El secretario general del PP andaluz, Jos\u00e9 Luis Sanz, ha se\u00f1alado hoy que le parecen &quot;oportunistas&quot; los \u00faltimos movimientos del eurodiputado Alejo Vidal-Quadras y de la expresidenta del PP vasco, Mar\u00eda San Gil, y ha dicho que la renuncia de Jaime Mayor Oreja &quot;no tiene nada que ver&quot; con esos casos.\" \/>\n\t\t<meta name=\"twitter:image\" content=\"https:\/\/www.eldigitaldeasturias.com\/noticias\/wp-content\/uploads\/2026\/06\/Contenidos.jpg\" \/>\n\t\t<meta name=\"twitter:label1\" content=\"Escrito por\" \/>\n\t\t<meta name=\"twitter:data1\" content=\"El Digital de Asturias\" \/>\n\t\t<meta name=\"twitter:label2\" content=\"Tiempo de lectura estimado\" \/>\n\t\t<meta name=\"twitter:data2\" content=\"1 minuto\" \/>\n\t\t<script type=\"application\/ld+json\" class=\"aioseo-schema\">\n\t\t\t{\"@context\":\"https:\\\/\\\/schema.org\",\"@graph\":[{\"@type\":\"BlogPosting\",\"@id\":\"https:\\\/\\\/www.eldigitaldeasturias.com\\\/noticias\\\/el-pp-a-cree-oportunistas-las-actuaciones-de-vidal-quadras-y-san-gil\\\/#blogposting\",\"name\":\"El PP-A cree \\u00aboportunistas\\u00bb las actuaciones de Vidal-Quadras y San Gil - El Digital de Asturias\",\"headline\":\"El PP-A cree \\u00aboportunistas\\u00bb las actuaciones de Vidal-Quadras y San Gil\",\"author\":{\"@id\":\"https:\\\/\\\/www.eldigitaldeasturias.com\\\/noticias\\\/author\\\/admin\\\/#author\"},\"publisher\":{\"@id\":\"https:\\\/\\\/www.eldigitaldeasturias.com\\\/noticias\\\/#organization\"},\"image\":{\"@type\":\"ImageObject\",\"url\":\"https:\\\/\\\/www.eldigitaldeasturias.com\\\/noticias\\\/wp-content\\\/uploads\\\/2026\\\/06\\\/Contenidos.jpg\",\"width\":1265,\"height\":697,\"caption\":\"Contenidos\"},\"datePublished\":\"2014-01-29T23:51:15+01:00\",\"dateModified\":\"2014-01-29T23:51:15+01:00\",\"inLanguage\":\"es-ES\",\"mainEntityOfPage\":{\"@id\":\"https:\\\/\\\/www.eldigitaldeasturias.com\\\/noticias\\\/el-pp-a-cree-oportunistas-las-actuaciones-de-vidal-quadras-y-san-gil\\\/#webpage\"},\"isPartOf\":{\"@id\":\"https:\\\/\\\/www.eldigitaldeasturias.com\\\/noticias\\\/el-pp-a-cree-oportunistas-las-actuaciones-de-vidal-quadras-y-san-gil\\\/#webpage\"},\"articleSection\":\"Actualidad\"},{\"@type\":\"BreadcrumbList\",\"@id\":\"https:\\\/\\\/www.eldigitaldeasturias.com\\\/noticias\\\/el-pp-a-cree-oportunistas-las-actuaciones-de-vidal-quadras-y-san-gil\\\/#breadcrumblist\",\"itemListElement\":[{\"@type\":\"ListItem\",\"@id\":\"https:\\\/\\\/www.eldigitaldeasturias.com\\\/noticias#listItem\",\"position\":1,\"name\":\"Home\",\"item\":\"https:\\\/\\\/www.eldigitaldeasturias.com\\\/noticias\",\"nextItem\":{\"@type\":\"ListItem\",\"@id\":\"https:\\\/\\\/www.eldigitaldeasturias.com\\\/noticias\\\/category\\\/actualidad\\\/#listItem\",\"name\":\"Actualidad\"}},{\"@type\":\"ListItem\",\"@id\":\"https:\\\/\\\/www.eldigitaldeasturias.com\\\/noticias\\\/category\\\/actualidad\\\/#listItem\",\"position\":2,\"name\":\"Actualidad\",\"item\":\"https:\\\/\\\/www.eldigitaldeasturias.com\\\/noticias\\\/category\\\/actualidad\\\/\",\"nextItem\":{\"@type\":\"ListItem\",\"@id\":\"https:\\\/\\\/www.eldigitaldeasturias.com\\\/noticias\\\/el-pp-a-cree-oportunistas-las-actuaciones-de-vidal-quadras-y-san-gil\\\/#listItem\",\"name\":\"El PP-A cree \\u00aboportunistas\\u00bb las actuaciones de Vidal-Quadras y San Gil\"},\"previousItem\":{\"@type\":\"ListItem\",\"@id\":\"https:\\\/\\\/www.eldigitaldeasturias.com\\\/noticias#listItem\",\"name\":\"Home\"}},{\"@type\":\"ListItem\",\"@id\":\"https:\\\/\\\/www.eldigitaldeasturias.com\\\/noticias\\\/el-pp-a-cree-oportunistas-las-actuaciones-de-vidal-quadras-y-san-gil\\\/#listItem\",\"position\":3,\"name\":\"El PP-A cree \\u00aboportunistas\\u00bb las actuaciones de Vidal-Quadras y San Gil\",\"previousItem\":{\"@type\":\"ListItem\",\"@id\":\"https:\\\/\\\/www.eldigitaldeasturias.com\\\/noticias\\\/category\\\/actualidad\\\/#listItem\",\"name\":\"Actualidad\"}}]},{\"@type\":\"Organization\",\"@id\":\"https:\\\/\\\/www.eldigitaldeasturias.com\\\/noticias\\\/#organization\",\"name\":\"El Digital de Asturias\",\"description\":\"Hemeroteca\",\"url\":\"https:\\\/\\\/www.eldigitaldeasturias.com\\\/noticias\\\/\",\"email\":\"info@eldigitaldeasturias.com\",\"telephone\":\"+34652131393\",\"logo\":{\"@type\":\"ImageObject\",\"url\":\"https:\\\/\\\/www.eldigitaldeasturias.com\\\/noticias\\\/wp-content\\\/uploads\\\/2020\\\/12\\\/EDA.jpg\",\"@id\":\"https:\\\/\\\/www.eldigitaldeasturias.com\\\/noticias\\\/el-pp-a-cree-oportunistas-las-actuaciones-de-vidal-quadras-y-san-gil\\\/#organizationLogo\"},\"image\":{\"@id\":\"https:\\\/\\\/www.eldigitaldeasturias.com\\\/noticias\\\/el-pp-a-cree-oportunistas-las-actuaciones-de-vidal-quadras-y-san-gil\\\/#organizationLogo\"},\"sameAs\":[\"https:\\\/\\\/facebook.com\\\/eldigitaldeasturias\",\"https:\\\/\\\/www.youtube.com\\\/channel\\\/UCZP-2wLEB9Rv6erhFmqVnvg\"],\"address\":{\"@id\":\"https:\\\/\\\/www.eldigitaldeasturias.com\\\/noticias\\\/#postaladdress\",\"@type\":\"PostalAddress\",\"streetAddress\":\"san antonio 4\",\"postalCode\":\"33430\",\"addressLocality\":\"Cand\\u00e1s\",\"addressRegion\":\"Asturias\",\"addressCountry\":\"ES\"}},{\"@type\":\"Person\",\"@id\":\"https:\\\/\\\/www.eldigitaldeasturias.com\\\/noticias\\\/author\\\/admin\\\/#author\",\"url\":\"https:\\\/\\\/www.eldigitaldeasturias.com\\\/noticias\\\/author\\\/admin\\\/\",\"name\":\"El Digital de Asturias\",\"image\":{\"@type\":\"ImageObject\",\"@id\":\"https:\\\/\\\/www.eldigitaldeasturias.com\\\/noticias\\\/el-pp-a-cree-oportunistas-las-actuaciones-de-vidal-quadras-y-san-gil\\\/#authorImage\",\"url\":\"https:\\\/\\\/secure.gravatar.com\\\/avatar\\\/df2aeffc32bcd13f8d26072ef8a91b623d677766deac7f97ca815868cd41bf5e?s=96&d=mm&r=g\",\"width\":96,\"height\":96,\"caption\":\"El Digital de Asturias\"}},{\"@type\":\"WebPage\",\"@id\":\"https:\\\/\\\/www.eldigitaldeasturias.com\\\/noticias\\\/el-pp-a-cree-oportunistas-las-actuaciones-de-vidal-quadras-y-san-gil\\\/#webpage\",\"url\":\"https:\\\/\\\/www.eldigitaldeasturias.com\\\/noticias\\\/el-pp-a-cree-oportunistas-las-actuaciones-de-vidal-quadras-y-san-gil\\\/\",\"name\":\"El PP-A cree \\u00aboportunistas\\u00bb las actuaciones de Vidal-Quadras y San Gil - El Digital de Asturias\",\"description\":\"Sevilla, 29 ene (EFE).- El secretario general del PP andaluz, Jos\\u00e9 Luis Sanz, ha se\\u00f1alado hoy que le parecen \\\"oportunistas\\\" los \\u00faltimos movimientos del eurodiputado Alejo Vidal-Quadras y de la expresidenta del PP vasco, Mar\\u00eda San Gil, y ha dicho que la renuncia de Jaime Mayor Oreja \\\"no tiene nada que ver\\\" con esos casos.\",\"inLanguage\":\"es-ES\",\"isPartOf\":{\"@id\":\"https:\\\/\\\/www.eldigitaldeasturias.com\\\/noticias\\\/#website\"},\"breadcrumb\":{\"@id\":\"https:\\\/\\\/www.eldigitaldeasturias.com\\\/noticias\\\/el-pp-a-cree-oportunistas-las-actuaciones-de-vidal-quadras-y-san-gil\\\/#breadcrumblist\"},\"author\":{\"@id\":\"https:\\\/\\\/www.eldigitaldeasturias.com\\\/noticias\\\/author\\\/admin\\\/#author\"},\"creator\":{\"@id\":\"https:\\\/\\\/www.eldigitaldeasturias.com\\\/noticias\\\/author\\\/admin\\\/#author\"},\"image\":{\"@type\":\"ImageObject\",\"url\":\"https:\\\/\\\/www.eldigitaldeasturias.com\\\/noticias\\\/wp-content\\\/uploads\\\/2026\\\/06\\\/Contenidos.jpg\",\"@id\":\"https:\\\/\\\/www.eldigitaldeasturias.com\\\/noticias\\\/el-pp-a-cree-oportunistas-las-actuaciones-de-vidal-quadras-y-san-gil\\\/#mainImage\",\"width\":1265,\"height\":697,\"caption\":\"Contenidos\"},\"primaryImageOfPage\":{\"@id\":\"https:\\\/\\\/www.eldigitaldeasturias.com\\\/noticias\\\/el-pp-a-cree-oportunistas-las-actuaciones-de-vidal-quadras-y-san-gil\\\/#mainImage\"},\"datePublished\":\"2014-01-29T23:51:15+01:00\",\"dateModified\":\"2014-01-29T23:51:15+01:00\"},{\"@type\":\"WebSite\",\"@id\":\"https:\\\/\\\/www.eldigitaldeasturias.com\\\/noticias\\\/#website\",\"url\":\"https:\\\/\\\/www.eldigitaldeasturias.com\\\/noticias\\\/\",\"name\":\"El Digital de Asturias - Diario de actualidad y noticias\",\"alternateName\":\"El Digital de Asturias - Diario de actualidad y noticias\",\"description\":\"Hemeroteca\",\"inLanguage\":\"es-ES\",\"publisher\":{\"@id\":\"https:\\\/\\\/www.eldigitaldeasturias.com\\\/noticias\\\/#organization\"}}]}\n\t\t<\/script>\n\t\t<!-- All in One SEO Pro -->\r\n\t\t<title>El PP-A cree \u00aboportunistas\u00bb las actuaciones de Vidal-Quadras y San Gil - El Digital de Asturias<\/title>\n\n","aioseo_head_json":{"title":"El PP-A cree \u00aboportunistas\u00bb las actuaciones de Vidal-Quadras y San Gil - El Digital de Asturias","description":"Sevilla, 29 ene (EFE).- El secretario general del PP andaluz, Jos\u00e9 Luis Sanz, ha se\u00f1alado hoy que le parecen \"oportunistas\" los \u00faltimos movimientos del eurodiputado Alejo Vidal-Quadras y de la expresidenta del PP vasco, Mar\u00eda San Gil, y ha dicho que la renuncia de Jaime Mayor Oreja \"no tiene nada que ver\" con esos casos.","canonical_url":"https:\/\/www.eldigitaldeasturias.com\/noticias\/el-pp-a-cree-oportunistas-las-actuaciones-de-vidal-quadras-y-san-gil\/","robots":"max-image-preview:large","keywords":"actualidad","webmasterTools":{"google-site-verification":"UA-38556648-1","msvalidate.01":"7dfe9f3f1b24437ab69f4f2559babe99","miscellaneous":""},"schema":{"@context":"https:\/\/schema.org","@graph":[{"@type":"BlogPosting","@id":"https:\/\/www.eldigitaldeasturias.com\/noticias\/el-pp-a-cree-oportunistas-las-actuaciones-de-vidal-quadras-y-san-gil\/#blogposting","name":"El PP-A cree \u00aboportunistas\u00bb las actuaciones de Vidal-Quadras y San Gil - El Digital de Asturias","headline":"El PP-A cree \u00aboportunistas\u00bb las actuaciones de Vidal-Quadras y San Gil","author":{"@id":"https:\/\/www.eldigitaldeasturias.com\/noticias\/author\/admin\/#author"},"publisher":{"@id":"https:\/\/www.eldigitaldeasturias.com\/noticias\/#organization"},"image":{"@type":"ImageObject","url":"https:\/\/www.eldigitaldeasturias.com\/noticias\/wp-content\/uploads\/2026\/06\/Contenidos.jpg","width":1265,"height":697,"caption":"Contenidos"},"datePublished":"2014-01-29T23:51:15+01:00","dateModified":"2014-01-29T23:51:15+01:00","inLanguage":"es-ES","mainEntityOfPage":{"@id":"https:\/\/www.eldigitaldeasturias.com\/noticias\/el-pp-a-cree-oportunistas-las-actuaciones-de-vidal-quadras-y-san-gil\/#webpage"},"isPartOf":{"@id":"https:\/\/www.eldigitaldeasturias.com\/noticias\/el-pp-a-cree-oportunistas-las-actuaciones-de-vidal-quadras-y-san-gil\/#webpage"},"articleSection":"Actualidad"},{"@type":"BreadcrumbList","@id":"https:\/\/www.eldigitaldeasturias.com\/noticias\/el-pp-a-cree-oportunistas-las-actuaciones-de-vidal-quadras-y-san-gil\/#breadcrumblist","itemListElement":[{"@type":"ListItem","@id":"https:\/\/www.eldigitaldeasturias.com\/noticias#listItem","position":1,"name":"Home","item":"https:\/\/www.eldigitaldeasturias.com\/noticias","nextItem":{"@type":"ListItem","@id":"https:\/\/www.eldigitaldeasturias.com\/noticias\/category\/actualidad\/#listItem","name":"Actualidad"}},{"@type":"ListItem","@id":"https:\/\/www.eldigitaldeasturias.com\/noticias\/category\/actualidad\/#listItem","position":2,"name":"Actualidad","item":"https:\/\/www.eldigitaldeasturias.com\/noticias\/category\/actualidad\/","nextItem":{"@type":"ListItem","@id":"https:\/\/www.eldigitaldeasturias.com\/noticias\/el-pp-a-cree-oportunistas-las-actuaciones-de-vidal-quadras-y-san-gil\/#listItem","name":"El PP-A cree \u00aboportunistas\u00bb las actuaciones de Vidal-Quadras y San Gil"},"previousItem":{"@type":"ListItem","@id":"https:\/\/www.eldigitaldeasturias.com\/noticias#listItem","name":"Home"}},{"@type":"ListItem","@id":"https:\/\/www.eldigitaldeasturias.com\/noticias\/el-pp-a-cree-oportunistas-las-actuaciones-de-vidal-quadras-y-san-gil\/#listItem","position":3,"name":"El PP-A cree \u00aboportunistas\u00bb las actuaciones de Vidal-Quadras y San Gil","previousItem":{"@type":"ListItem","@id":"https:\/\/www.eldigitaldeasturias.com\/noticias\/category\/actualidad\/#listItem","name":"Actualidad"}}]},{"@type":"Organization","@id":"https:\/\/www.eldigitaldeasturias.com\/noticias\/#organization","name":"El Digital de Asturias","description":"Hemeroteca","url":"https:\/\/www.eldigitaldeasturias.com\/noticias\/","email":"info@eldigitaldeasturias.com","telephone":"+34652131393","logo":{"@type":"ImageObject","url":"https:\/\/www.eldigitaldeasturias.com\/noticias\/wp-content\/uploads\/2020\/12\/EDA.jpg","@id":"https:\/\/www.eldigitaldeasturias.com\/noticias\/el-pp-a-cree-oportunistas-las-actuaciones-de-vidal-quadras-y-san-gil\/#organizationLogo"},"image":{"@id":"https:\/\/www.eldigitaldeasturias.com\/noticias\/el-pp-a-cree-oportunistas-las-actuaciones-de-vidal-quadras-y-san-gil\/#organizationLogo"},"sameAs":["https:\/\/facebook.com\/eldigitaldeasturias","https:\/\/www.youtube.com\/channel\/UCZP-2wLEB9Rv6erhFmqVnvg"],"address":{"@id":"https:\/\/www.eldigitaldeasturias.com\/noticias\/#postaladdress","@type":"PostalAddress","streetAddress":"san antonio 4","postalCode":"33430","addressLocality":"Cand\u00e1s","addressRegion":"Asturias","addressCountry":"ES"}},{"@type":"Person","@id":"https:\/\/www.eldigitaldeasturias.com\/noticias\/author\/admin\/#author","url":"https:\/\/www.eldigitaldeasturias.com\/noticias\/author\/admin\/","name":"El Digital de Asturias","image":{"@type":"ImageObject","@id":"https:\/\/www.eldigitaldeasturias.com\/noticias\/el-pp-a-cree-oportunistas-las-actuaciones-de-vidal-quadras-y-san-gil\/#authorImage","url":"https:\/\/secure.gravatar.com\/avatar\/df2aeffc32bcd13f8d26072ef8a91b623d677766deac7f97ca815868cd41bf5e?s=96&d=mm&r=g","width":96,"height":96,"caption":"El Digital de Asturias"}},{"@type":"WebPage","@id":"https:\/\/www.eldigitaldeasturias.com\/noticias\/el-pp-a-cree-oportunistas-las-actuaciones-de-vidal-quadras-y-san-gil\/#webpage","url":"https:\/\/www.eldigitaldeasturias.com\/noticias\/el-pp-a-cree-oportunistas-las-actuaciones-de-vidal-quadras-y-san-gil\/","name":"El PP-A cree \u00aboportunistas\u00bb las actuaciones de Vidal-Quadras y San Gil - El Digital de Asturias","description":"Sevilla, 29 ene (EFE).- El secretario general del PP andaluz, Jos\u00e9 Luis Sanz, ha se\u00f1alado hoy que le parecen \"oportunistas\" los \u00faltimos movimientos del eurodiputado Alejo Vidal-Quadras y de la expresidenta del PP vasco, Mar\u00eda San Gil, y ha dicho que la renuncia de Jaime Mayor Oreja \"no tiene nada que ver\" con esos casos.","inLanguage":"es-ES","isPartOf":{"@id":"https:\/\/www.eldigitaldeasturias.com\/noticias\/#website"},"breadcrumb":{"@id":"https:\/\/www.eldigitaldeasturias.com\/noticias\/el-pp-a-cree-oportunistas-las-actuaciones-de-vidal-quadras-y-san-gil\/#breadcrumblist"},"author":{"@id":"https:\/\/www.eldigitaldeasturias.com\/noticias\/author\/admin\/#author"},"creator":{"@id":"https:\/\/www.eldigitaldeasturias.com\/noticias\/author\/admin\/#author"},"image":{"@type":"ImageObject","url":"https:\/\/www.eldigitaldeasturias.com\/noticias\/wp-content\/uploads\/2026\/06\/Contenidos.jpg","@id":"https:\/\/www.eldigitaldeasturias.com\/noticias\/el-pp-a-cree-oportunistas-las-actuaciones-de-vidal-quadras-y-san-gil\/#mainImage","width":1265,"height":697,"caption":"Contenidos"},"primaryImageOfPage":{"@id":"https:\/\/www.eldigitaldeasturias.com\/noticias\/el-pp-a-cree-oportunistas-las-actuaciones-de-vidal-quadras-y-san-gil\/#mainImage"},"datePublished":"2014-01-29T23:51:15+01:00","dateModified":"2014-01-29T23:51:15+01:00"},{"@type":"WebSite","@id":"https:\/\/www.eldigitaldeasturias.com\/noticias\/#website","url":"https:\/\/www.eldigitaldeasturias.com\/noticias\/","name":"El Digital de Asturias - Diario de actualidad y noticias","alternateName":"El Digital de Asturias - Diario de actualidad y noticias","description":"Hemeroteca","inLanguage":"es-ES","publisher":{"@id":"https:\/\/www.eldigitaldeasturias.com\/noticias\/#organization"}}]},"og:locale":"es_ES","og:site_name":"El Digital de Asturias","og:type":"article","og:title":"El PP-A cree \u00aboportunistas\u00bb las actuaciones de Vidal-Quadras y San Gil - El Digital de Asturias","og:description":"Sevilla, 29 ene (EFE).- El secretario general del PP andaluz, Jos\u00e9 Luis Sanz, ha se\u00f1alado hoy que le parecen &quot;oportunistas&quot; los \u00faltimos movimientos del eurodiputado Alejo Vidal-Quadras y de la expresidenta del PP vasco, Mar\u00eda San Gil, y ha dicho que la renuncia de Jaime Mayor Oreja &quot;no tiene nada que ver&quot; con esos casos.","og:url":"https:\/\/www.eldigitaldeasturias.com\/noticias\/el-pp-a-cree-oportunistas-las-actuaciones-de-vidal-quadras-y-san-gil\/","og:image":"https:\/\/www.eldigitaldeasturias.com\/noticias\/wp-content\/uploads\/2026\/06\/Contenidos.jpg","og:image:secure_url":"https:\/\/www.eldigitaldeasturias.com\/noticias\/wp-content\/uploads\/2026\/06\/Contenidos.jpg","og:image:width":1265,"og:image:height":697,"article:tag":["actualidad"],"article:published_time":"2014-01-30T00:51:15+00:00","article:modified_time":"2014-01-30T00:51:15+00:00","article:publisher":"https:\/\/facebook.com\/eldigitaldeasturias","twitter:card":"summary_large_image","twitter:title":"El PP-A cree \u00aboportunistas\u00bb las actuaciones de Vidal-Quadras y San Gil - El Digital de Asturias","twitter:description":"Sevilla, 29 ene (EFE).- El secretario general del PP andaluz, Jos\u00e9 Luis Sanz, ha se\u00f1alado hoy que le parecen &quot;oportunistas&quot; los \u00faltimos movimientos del eurodiputado Alejo Vidal-Quadras y de la expresidenta del PP vasco, Mar\u00eda San Gil, y ha dicho que la renuncia de Jaime Mayor Oreja &quot;no tiene nada que ver&quot; con esos casos.","twitter:image":"https:\/\/www.eldigitaldeasturias.com\/noticias\/wp-content\/uploads\/2026\/06\/Contenidos.jpg","twitter:label1":"Escrito por","twitter:data1":"El Digital de Asturias","twitter:label2":"Tiempo de lectura estimado","twitter:data2":"1 minuto"},"aioseo_meta_data":{"post_id":"480316","title":null,"description":null,"keywords":null,"keyphrases":null,"primary_term":null,"canonical_url":null,"og_title":null,"og_description":null,"og_object_type":"default","og_image_type":"default","og_image_url":null,"og_image_width":null,"og_image_height":null,"og_image_custom_url":null,"og_image_custom_fields":null,"og_video":null,"og_custom_url":null,"og_article_section":null,"og_article_tags":null,"twitter_use_og":true,"twitter_card":"default","twitter_image_type":"default","twitter_image_url":null,"twitter_image_custom_url":null,"twitter_image_custom_fields":null,"twitter_title":null,"twitter_description":null,"schema":{"blockGraphs":[],"customGraphs":[],"default":{"data":{"Article":[],"Course":[],"Dataset":[],"FAQPage":[],"Movie":[],"Person":[],"Product":[],"ProductReview":[],"Car":[],"Recipe":[],"Service":[],"SoftwareApplication":[],"WebPage":[]},"graphName":"","isEnabled":true},"graphs":[],"defaultGraph":"","defaultPostTypeGraph":""},"schema_type":null,"schema_type_options":null,"pillar_content":false,"robots_default":true,"robots_noindex":false,"robots_noarchive":false,"robots_nosnippet":false,"robots_nofollow":false,"robots_noimageindex":false,"robots_noodp":false,"robots_notranslate":false,"robots_max_snippet":null,"robots_max_videopreview":null,"robots_max_imagepreview":"none","priority":null,"frequency":null,"local_seo":null,"seo_analyzer_scan_date":"2026-06-02 03:19:53","breadcrumb_settings":null,"limit_modified_date":false,"open_ai":null,"ai":null,"created":"2020-11-14 22:54:10","updated":"2026-06-02 03:19:53","focus_keyword":null,"additional_keywords":null,"truseo_locale":null},"aioseo_breadcrumb":"<div class=\"aioseo-breadcrumbs\"><span class=\"aioseo-breadcrumb\">\n\t<a href=\"https:\/\/www.eldigitaldeasturias.com\/noticias\" title=\"Home\">Home<\/a>\n<\/span><span class=\"aioseo-breadcrumb-separator\">\u2013<\/span><span class=\"aioseo-breadcrumb\">\n\t<a href=\"https:\/\/www.eldigitaldeasturias.com\/noticias\/category\/actualidad\/\" title=\"Actualidad\">Actualidad<\/a>\n<\/span><span class=\"aioseo-breadcrumb-separator\">\u2013<\/span><span class=\"aioseo-breadcrumb\">\n\t<a href=\"https:\/\/www.eldigitaldeasturias.com\/noticias\/el-pp-a-cree-oportunistas-las-actuaciones-de-vidal-quadras-y-san-gil\/\" title=\"El PP-A cree \u00aboportunistas\u00bb las actuaciones de Vidal-Quadras y San Gil\">El PP-A cree \u00aboportunistas\u00bb las actuaciones de Vidal-Quadras y San Gil<\/a>\n<\/span><\/div>","aioseo_breadcrumb_json":[{"label":"Home","link":"https:\/\/www.eldigitaldeasturias.com\/noticias"},{"label":"Actualidad","link":"https:\/\/www.eldigitaldeasturias.com\/noticias\/category\/actualidad\/"},{"label":"El PP-A cree \u00aboportunistas\u00bb las actuaciones de Vidal-Quadras y San Gil","link":"https:\/\/www.eldigitaldeasturias.com\/noticias\/el-pp-a-cree-oportunistas-las-actuaciones-de-vidal-quadras-y-san-gil\/"}],"_links":{"self":[{"href":"https:\/\/www.eldigitaldeasturias.com\/noticias\/wp-json\/wp\/v2\/posts\/480316","targetHints":{"allow":["GET"]}}],"collection":[{"href":"https:\/\/www.eldigitaldeasturias.com\/noticias\/wp-json\/wp\/v2\/posts"}],"about":[{"href":"https:\/\/www.eldigitaldeasturias.com\/noticias\/wp-json\/wp\/v2\/types\/post"}],"author":[{"embeddable":true,"href":"https:\/\/www.eldigitaldeasturias.com\/noticias\/wp-json\/wp\/v2\/users\/1"}],"replies":[{"embeddable":true,"href":"https:\/\/www.eldigitaldeasturias.com\/noticias\/wp-json\/wp\/v2\/comments?post=480316"}],"version-history":[{"count":0,"href":"https:\/\/www.eldigitaldeasturias.com\/noticias\/wp-json\/wp\/v2\/posts\/480316\/revisions"}],"wp:featuredmedia":[{"embeddable":true,"href":"https:\/\/www.eldigitaldeasturias.com\/noticias\/wp-json\/wp\/v2\/media\/1132184"}],"wp:attachment":[{"href":"https:\/\/www.eldigitaldeasturias.com\/noticias\/wp-json\/wp\/v2\/media?parent=480316"}],"wp:term":[{"taxonomy":"category","embeddable":true,"href":"https:\/\/www.eldigitaldeasturias.com\/noticias\/wp-json\/wp\/v2\/categories?post=480316"},{"taxonomy":"post_tag","embeddable":true,"href":"https:\/\/www.eldigitaldeasturias.com\/noticias\/wp-json\/wp\/v2\/tags?post=480316"}],"curies":[{"name":"wp","href":"https:\/\/api.w.org\/{rel}","templated":true}]}}