{"id":480310,"date":"2014-01-29T23:15:05","date_gmt":"2014-01-30T00:15:05","guid":{"rendered":"http:\/\/www.eldigitaldeasturias.com\/noticias\/?p=480310"},"modified":"2014-01-29T23:15:05","modified_gmt":"2014-01-30T00:15:05","slug":"canete-no-tiene-indicios-sobre-las-europeas-y-dice-que-siempre-esta-para-el-pp","status":"publish","type":"post","link":"https:\/\/www.eldigitaldeasturias.com\/noticias\/canete-no-tiene-indicios-sobre-las-europeas-y-dice-que-siempre-esta-para-el-pp\/","title":{"rendered":"Ca\u00f1ete no tiene indicios sobre las europeas y dice que siempre est\u00e1 para el PP"},"content":{"rendered":"<p><img loading=\"lazy\" decoding=\"async\" class=\"alignleft size-medium wp-image-480311\" alt=\"5887279w\" src=\"https:\/\/www.eldigitaldeasturias.com\/noticias\/wp-content\/uploads\/2014\/01\/5887279w-360x280.jpg\" width=\"360\" height=\"280\" \/>Santander, 29 ene (EFE).- El ministro de Agricultura, Alimentaci\u00f3n y Medio Ambiente, Miguel Arias Ca\u00f1ete, no tiene \u00abindicios\u00bb para pensar que \u00e9l pueda ser el cabeza de lista del PP para las elecciones europeas, y dice que \u00e9l siempre est\u00e1 a disposici\u00f3n del partido, \u00aba las duras y a las maduras\u00bb.<\/p>\n<p>En respuesta a preguntas de los periodistas tras presentar las inversiones en obras hidr\u00e1ulicas que va a financiar este a\u00f1o su Ministerio en Cantabria, Arias Ca\u00f1ete ha subrayado que las listas las elabora la direcci\u00f3n del partido y el Comit\u00e9 Electoral Nacional.<\/p>\n<p>Y seg\u00fan dice, ni el Comit\u00e9 Electoral, ni la secretaria general del partido, Mar\u00eda Dolores de Cospedal, ni el presidente, Mariano Rajoy, han tenido ninguna conversaci\u00f3n con \u00e9l sobre este tema.<\/p>\n<p>\u00abNo he hablado con nadie. No tengo ning\u00fan indicio\u00bb, ha subrayado el ministro, que ha asegurado ver \u00abcon sorpresa\u00bb su nombre en los peri\u00f3dicos como candidato a cargos \u00ababsolutamente diversos\u00bb, unos d\u00edas como candidato a la Junta de Andaluc\u00eda, otros a la Alcald\u00eda de Madrid y ahora a las elecciones europeas.<\/p>\n<p>Ante la insistencia de los periodistas, que le han preguntado si le gustar\u00eda asumir esa responsabilidad de liderar la candidatura popular en Europa, ha se\u00f1alado que en un partido \u00abhay que estar siempre buscando lo mejor para el partido\u00bb.<\/p>\n<p>\u00abSi alguien decide lo mejor para el partido, habr\u00e1 que hacerlo. Si yo soy, tendr\u00e1 que ser, y si es otro, lo apoyar\u00e9\u00bb, ha agregado el ministro, quien ha recordado que siempre ha estado \u00aba las duras y a las maduras\u00bb, ha sido eurodiputado, concejal y ministro, ha recorrido la escalera hacia arriba y hacia abajo, y lo ha hecho siempre \u00abmuy ligero de equipaje\u00bb.<\/p>\n<p>En cuanto a la ausencia del presidente de honor del partido, Jos\u00e9 Mar\u00eda Aznar, el ministro lo ha achacado a un \u00abcompromiso internacional\u00bb y ha afirmado que, \u00abest\u00e9 o no est\u00e9, se le recordar\u00e1 con cari\u00f1o\u00bb.<\/p>\n<p>Arias Ca\u00f1ete ha rechazado que la ausencia de Aznar responda a diferencias dentro del partido. \u00abNo hay divisi\u00f3n alguna en este partido. El PP es un partido muy s\u00f3lido, el partido de Espa\u00f1a con mayor n\u00famero de militantes, un partido con mucha democracia interna, y no tiene ning\u00fan problema grave en este momento\u00bb, ha enfatizado.<\/p>\n","protected":false},"excerpt":{"rendered":"<p>Santander, 29 ene (EFE).- El ministro de Agricultura, Alimentaci\u00f3n y Medio Ambiente, Miguel Arias Ca\u00f1ete, no tiene \u00abindicios\u00bb para pensar que \u00e9l pueda ser el cabeza de lista del PP para las elecciones europeas, y dice que \u00e9l siempre est\u00e1 a disposici\u00f3n del partido, \u00aba las duras y a las maduras\u00bb. En respuesta a preguntas [&hellip;]<\/p>\n","protected":false},"author":1,"featured_media":1132184,"comment_status":"closed","ping_status":"open","sticky":false,"template":"","format":"standard","meta":{"footnotes":""},"categories":[1],"tags":[],"class_list":["post-480310","post","type-post","status-publish","format-standard","has-post-thumbnail","hentry","category-actualidad"],"aioseo_notices":[],"aioseo_head":"\n\t\t<!-- All in One SEO Pro 5.0.1 - aioseo.com -->\n\t<meta name=\"description\" content=\"Santander, 29 ene (EFE).- El ministro de Agricultura, Alimentaci\u00f3n y Medio Ambiente, Miguel Arias Ca\u00f1ete, no tiene &quot;indicios&quot; para pensar que \u00e9l pueda ser el cabeza de lista del PP para las elecciones europeas, y dice que \u00e9l siempre est\u00e1 a disposici\u00f3n del partido, &quot;a las duras y a las maduras&quot;. En respuesta a preguntas\" \/>\n\t<meta name=\"robots\" content=\"max-image-preview:large\" \/>\n\t<meta name=\"author\" content=\"El Digital de Asturias\"\/>\n\t<meta name=\"google-site-verification\" content=\"UA-38556648-1\" \/>\n\t<meta name=\"msvalidate.01\" content=\"7dfe9f3f1b24437ab69f4f2559babe99\" \/>\n\t<meta name=\"keywords\" content=\"actualidad\" \/>\n\t<link rel=\"canonical\" href=\"https:\/\/www.eldigitaldeasturias.com\/noticias\/canete-no-tiene-indicios-sobre-las-europeas-y-dice-que-siempre-esta-para-el-pp\/\" \/>\n\t<meta name=\"generator\" content=\"All in One SEO Pro (AIOSEO) 5.0.1\" \/>\n\t\t<meta property=\"og:locale\" content=\"es_ES\" \/>\n\t\t<meta property=\"og:site_name\" content=\"El Digital de Asturias\" \/>\n\t\t<meta property=\"og:type\" content=\"article\" \/>\n\t\t<meta property=\"og:title\" content=\"Ca\u00f1ete no tiene indicios sobre las europeas y dice que siempre est\u00e1 para el PP - El Digital de Asturias\" \/>\n\t\t<meta property=\"og:description\" content=\"Santander, 29 ene (EFE).- El ministro de Agricultura, Alimentaci\u00f3n y Medio Ambiente, Miguel Arias Ca\u00f1ete, no tiene &quot;indicios&quot; para pensar que \u00e9l pueda ser el cabeza de lista del PP para las elecciones europeas, y dice que \u00e9l siempre est\u00e1 a disposici\u00f3n del partido, &quot;a las duras y a las maduras&quot;. En respuesta a preguntas\" \/>\n\t\t<meta property=\"og:url\" content=\"https:\/\/www.eldigitaldeasturias.com\/noticias\/canete-no-tiene-indicios-sobre-las-europeas-y-dice-que-siempre-esta-para-el-pp\/\" \/>\n\t\t<meta property=\"og:image\" content=\"https:\/\/www.eldigitaldeasturias.com\/noticias\/wp-content\/uploads\/2026\/06\/Contenidos.jpg\" \/>\n\t\t<meta property=\"og:image:secure_url\" content=\"https:\/\/www.eldigitaldeasturias.com\/noticias\/wp-content\/uploads\/2026\/06\/Contenidos.jpg\" \/>\n\t\t<meta property=\"og:image:width\" content=\"1265\" \/>\n\t\t<meta property=\"og:image:height\" content=\"697\" \/>\n\t\t<meta property=\"article:tag\" content=\"actualidad\" \/>\n\t\t<meta property=\"article:published_time\" content=\"2014-01-30T00:15:05+00:00\" \/>\n\t\t<meta property=\"article:modified_time\" content=\"2014-01-30T00:15:05+00:00\" \/>\n\t\t<meta property=\"article:publisher\" content=\"https:\/\/facebook.com\/eldigitaldeasturias\" \/>\n\t\t<meta name=\"twitter:card\" content=\"summary_large_image\" \/>\n\t\t<meta name=\"twitter:title\" content=\"Ca\u00f1ete no tiene indicios sobre las europeas y dice que siempre est\u00e1 para el PP - El Digital de Asturias\" \/>\n\t\t<meta name=\"twitter:description\" content=\"Santander, 29 ene (EFE).- El ministro de Agricultura, Alimentaci\u00f3n y Medio Ambiente, Miguel Arias Ca\u00f1ete, no tiene &quot;indicios&quot; para pensar que \u00e9l pueda ser el cabeza de lista del PP para las elecciones europeas, y dice que \u00e9l siempre est\u00e1 a disposici\u00f3n del partido, &quot;a las duras y a las maduras&quot;. En respuesta a preguntas\" \/>\n\t\t<meta name=\"twitter:image\" content=\"https:\/\/www.eldigitaldeasturias.com\/noticias\/wp-content\/uploads\/2026\/06\/Contenidos.jpg\" \/>\n\t\t<meta name=\"twitter:label1\" content=\"Escrito por\" \/>\n\t\t<meta name=\"twitter:data1\" content=\"El Digital de Asturias\" \/>\n\t\t<meta name=\"twitter:label2\" content=\"Tiempo de lectura estimado\" \/>\n\t\t<meta name=\"twitter:data2\" content=\"2 minutos\" \/>\n\t\t<script type=\"application\/ld+json\" class=\"aioseo-schema\">\n\t\t\t{\"@context\":\"https:\\\/\\\/schema.org\",\"@graph\":[{\"@type\":\"BlogPosting\",\"@id\":\"https:\\\/\\\/www.eldigitaldeasturias.com\\\/noticias\\\/canete-no-tiene-indicios-sobre-las-europeas-y-dice-que-siempre-esta-para-el-pp\\\/#blogposting\",\"name\":\"Ca\\u00f1ete no tiene indicios sobre las europeas y dice que siempre est\\u00e1 para el PP - El Digital de Asturias\",\"headline\":\"Ca\\u00f1ete no tiene indicios sobre las europeas y dice que siempre est\\u00e1 para el PP\",\"author\":{\"@id\":\"https:\\\/\\\/www.eldigitaldeasturias.com\\\/noticias\\\/author\\\/admin\\\/#author\"},\"publisher\":{\"@id\":\"https:\\\/\\\/www.eldigitaldeasturias.com\\\/noticias\\\/#organization\"},\"image\":{\"@type\":\"ImageObject\",\"url\":\"https:\\\/\\\/www.eldigitaldeasturias.com\\\/noticias\\\/wp-content\\\/uploads\\\/2026\\\/06\\\/Contenidos.jpg\",\"width\":1265,\"height\":697,\"caption\":\"Contenidos\"},\"datePublished\":\"2014-01-29T23:15:05+01:00\",\"dateModified\":\"2014-01-29T23:15:05+01:00\",\"inLanguage\":\"es-ES\",\"mainEntityOfPage\":{\"@id\":\"https:\\\/\\\/www.eldigitaldeasturias.com\\\/noticias\\\/canete-no-tiene-indicios-sobre-las-europeas-y-dice-que-siempre-esta-para-el-pp\\\/#webpage\"},\"isPartOf\":{\"@id\":\"https:\\\/\\\/www.eldigitaldeasturias.com\\\/noticias\\\/canete-no-tiene-indicios-sobre-las-europeas-y-dice-que-siempre-esta-para-el-pp\\\/#webpage\"},\"articleSection\":\"Actualidad\"},{\"@type\":\"BreadcrumbList\",\"@id\":\"https:\\\/\\\/www.eldigitaldeasturias.com\\\/noticias\\\/canete-no-tiene-indicios-sobre-las-europeas-y-dice-que-siempre-esta-para-el-pp\\\/#breadcrumblist\",\"itemListElement\":[{\"@type\":\"ListItem\",\"@id\":\"https:\\\/\\\/www.eldigitaldeasturias.com\\\/noticias#listItem\",\"position\":1,\"name\":\"Home\",\"item\":\"https:\\\/\\\/www.eldigitaldeasturias.com\\\/noticias\",\"nextItem\":{\"@type\":\"ListItem\",\"@id\":\"https:\\\/\\\/www.eldigitaldeasturias.com\\\/noticias\\\/category\\\/actualidad\\\/#listItem\",\"name\":\"Actualidad\"}},{\"@type\":\"ListItem\",\"@id\":\"https:\\\/\\\/www.eldigitaldeasturias.com\\\/noticias\\\/category\\\/actualidad\\\/#listItem\",\"position\":2,\"name\":\"Actualidad\",\"item\":\"https:\\\/\\\/www.eldigitaldeasturias.com\\\/noticias\\\/category\\\/actualidad\\\/\",\"nextItem\":{\"@type\":\"ListItem\",\"@id\":\"https:\\\/\\\/www.eldigitaldeasturias.com\\\/noticias\\\/canete-no-tiene-indicios-sobre-las-europeas-y-dice-que-siempre-esta-para-el-pp\\\/#listItem\",\"name\":\"Ca\\u00f1ete no tiene indicios sobre las europeas y dice que siempre est\\u00e1 para el PP\"},\"previousItem\":{\"@type\":\"ListItem\",\"@id\":\"https:\\\/\\\/www.eldigitaldeasturias.com\\\/noticias#listItem\",\"name\":\"Home\"}},{\"@type\":\"ListItem\",\"@id\":\"https:\\\/\\\/www.eldigitaldeasturias.com\\\/noticias\\\/canete-no-tiene-indicios-sobre-las-europeas-y-dice-que-siempre-esta-para-el-pp\\\/#listItem\",\"position\":3,\"name\":\"Ca\\u00f1ete no tiene indicios sobre las europeas y dice que siempre est\\u00e1 para el PP\",\"previousItem\":{\"@type\":\"ListItem\",\"@id\":\"https:\\\/\\\/www.eldigitaldeasturias.com\\\/noticias\\\/category\\\/actualidad\\\/#listItem\",\"name\":\"Actualidad\"}}]},{\"@type\":\"Organization\",\"@id\":\"https:\\\/\\\/www.eldigitaldeasturias.com\\\/noticias\\\/#organization\",\"name\":\"El Digital de Asturias\",\"description\":\"Hemeroteca\",\"url\":\"https:\\\/\\\/www.eldigitaldeasturias.com\\\/noticias\\\/\",\"email\":\"info@eldigitaldeasturias.com\",\"telephone\":\"+34652131393\",\"logo\":{\"@type\":\"ImageObject\",\"url\":\"https:\\\/\\\/www.eldigitaldeasturias.com\\\/noticias\\\/wp-content\\\/uploads\\\/2020\\\/12\\\/EDA.jpg\",\"@id\":\"https:\\\/\\\/www.eldigitaldeasturias.com\\\/noticias\\\/canete-no-tiene-indicios-sobre-las-europeas-y-dice-que-siempre-esta-para-el-pp\\\/#organizationLogo\"},\"image\":{\"@id\":\"https:\\\/\\\/www.eldigitaldeasturias.com\\\/noticias\\\/canete-no-tiene-indicios-sobre-las-europeas-y-dice-que-siempre-esta-para-el-pp\\\/#organizationLogo\"},\"sameAs\":[\"https:\\\/\\\/facebook.com\\\/eldigitaldeasturias\",\"https:\\\/\\\/www.youtube.com\\\/channel\\\/UCZP-2wLEB9Rv6erhFmqVnvg\"],\"address\":{\"@id\":\"https:\\\/\\\/www.eldigitaldeasturias.com\\\/noticias\\\/#postaladdress\",\"@type\":\"PostalAddress\",\"streetAddress\":\"san antonio 4\",\"postalCode\":\"33430\",\"addressLocality\":\"Cand\\u00e1s\",\"addressRegion\":\"Asturias\",\"addressCountry\":\"ES\"}},{\"@type\":\"Person\",\"@id\":\"https:\\\/\\\/www.eldigitaldeasturias.com\\\/noticias\\\/author\\\/admin\\\/#author\",\"url\":\"https:\\\/\\\/www.eldigitaldeasturias.com\\\/noticias\\\/author\\\/admin\\\/\",\"name\":\"El Digital de Asturias\",\"image\":{\"@type\":\"ImageObject\",\"@id\":\"https:\\\/\\\/www.eldigitaldeasturias.com\\\/noticias\\\/canete-no-tiene-indicios-sobre-las-europeas-y-dice-que-siempre-esta-para-el-pp\\\/#authorImage\",\"url\":\"https:\\\/\\\/secure.gravatar.com\\\/avatar\\\/df2aeffc32bcd13f8d26072ef8a91b623d677766deac7f97ca815868cd41bf5e?s=96&d=mm&r=g\",\"width\":96,\"height\":96,\"caption\":\"El Digital de Asturias\"}},{\"@type\":\"WebPage\",\"@id\":\"https:\\\/\\\/www.eldigitaldeasturias.com\\\/noticias\\\/canete-no-tiene-indicios-sobre-las-europeas-y-dice-que-siempre-esta-para-el-pp\\\/#webpage\",\"url\":\"https:\\\/\\\/www.eldigitaldeasturias.com\\\/noticias\\\/canete-no-tiene-indicios-sobre-las-europeas-y-dice-que-siempre-esta-para-el-pp\\\/\",\"name\":\"Ca\\u00f1ete no tiene indicios sobre las europeas y dice que siempre est\\u00e1 para el PP - El Digital de Asturias\",\"description\":\"Santander, 29 ene (EFE).- El ministro de Agricultura, Alimentaci\\u00f3n y Medio Ambiente, Miguel Arias Ca\\u00f1ete, no tiene \\\"indicios\\\" para pensar que \\u00e9l pueda ser el cabeza de lista del PP para las elecciones europeas, y dice que \\u00e9l siempre est\\u00e1 a disposici\\u00f3n del partido, \\\"a las duras y a las maduras\\\". En respuesta a preguntas\",\"inLanguage\":\"es-ES\",\"isPartOf\":{\"@id\":\"https:\\\/\\\/www.eldigitaldeasturias.com\\\/noticias\\\/#website\"},\"breadcrumb\":{\"@id\":\"https:\\\/\\\/www.eldigitaldeasturias.com\\\/noticias\\\/canete-no-tiene-indicios-sobre-las-europeas-y-dice-que-siempre-esta-para-el-pp\\\/#breadcrumblist\"},\"author\":{\"@id\":\"https:\\\/\\\/www.eldigitaldeasturias.com\\\/noticias\\\/author\\\/admin\\\/#author\"},\"creator\":{\"@id\":\"https:\\\/\\\/www.eldigitaldeasturias.com\\\/noticias\\\/author\\\/admin\\\/#author\"},\"image\":{\"@type\":\"ImageObject\",\"url\":\"https:\\\/\\\/www.eldigitaldeasturias.com\\\/noticias\\\/wp-content\\\/uploads\\\/2026\\\/06\\\/Contenidos.jpg\",\"@id\":\"https:\\\/\\\/www.eldigitaldeasturias.com\\\/noticias\\\/canete-no-tiene-indicios-sobre-las-europeas-y-dice-que-siempre-esta-para-el-pp\\\/#mainImage\",\"width\":1265,\"height\":697,\"caption\":\"Contenidos\"},\"primaryImageOfPage\":{\"@id\":\"https:\\\/\\\/www.eldigitaldeasturias.com\\\/noticias\\\/canete-no-tiene-indicios-sobre-las-europeas-y-dice-que-siempre-esta-para-el-pp\\\/#mainImage\"},\"datePublished\":\"2014-01-29T23:15:05+01:00\",\"dateModified\":\"2014-01-29T23:15:05+01:00\"},{\"@type\":\"WebSite\",\"@id\":\"https:\\\/\\\/www.eldigitaldeasturias.com\\\/noticias\\\/#website\",\"url\":\"https:\\\/\\\/www.eldigitaldeasturias.com\\\/noticias\\\/\",\"name\":\"El Digital de Asturias - Diario de actualidad y noticias\",\"alternateName\":\"El Digital de Asturias - Diario de actualidad y noticias\",\"description\":\"Hemeroteca\",\"inLanguage\":\"es-ES\",\"publisher\":{\"@id\":\"https:\\\/\\\/www.eldigitaldeasturias.com\\\/noticias\\\/#organization\"}}]}\n\t\t<\/script>\n\t\t<!-- All in One SEO Pro -->\r\n\t\t<title>Ca\u00f1ete no tiene indicios sobre las europeas y dice que siempre est\u00e1 para el PP - El Digital de Asturias<\/title>\n\n","aioseo_head_json":{"title":"Ca\u00f1ete no tiene indicios sobre las europeas y dice que siempre est\u00e1 para el PP - El Digital de Asturias","description":"Santander, 29 ene (EFE).- El ministro de Agricultura, Alimentaci\u00f3n y Medio Ambiente, Miguel Arias Ca\u00f1ete, no tiene \"indicios\" para pensar que \u00e9l pueda ser el cabeza de lista del PP para las elecciones europeas, y dice que \u00e9l siempre est\u00e1 a disposici\u00f3n del partido, \"a las duras y a las maduras\". En respuesta a preguntas","canonical_url":"https:\/\/www.eldigitaldeasturias.com\/noticias\/canete-no-tiene-indicios-sobre-las-europeas-y-dice-que-siempre-esta-para-el-pp\/","robots":"max-image-preview:large","keywords":"actualidad","webmasterTools":{"google-site-verification":"UA-38556648-1","msvalidate.01":"7dfe9f3f1b24437ab69f4f2559babe99","miscellaneous":""},"schema":{"@context":"https:\/\/schema.org","@graph":[{"@type":"BlogPosting","@id":"https:\/\/www.eldigitaldeasturias.com\/noticias\/canete-no-tiene-indicios-sobre-las-europeas-y-dice-que-siempre-esta-para-el-pp\/#blogposting","name":"Ca\u00f1ete no tiene indicios sobre las europeas y dice que siempre est\u00e1 para el PP - El Digital de Asturias","headline":"Ca\u00f1ete no tiene indicios sobre las europeas y dice que siempre est\u00e1 para el PP","author":{"@id":"https:\/\/www.eldigitaldeasturias.com\/noticias\/author\/admin\/#author"},"publisher":{"@id":"https:\/\/www.eldigitaldeasturias.com\/noticias\/#organization"},"image":{"@type":"ImageObject","url":"https:\/\/www.eldigitaldeasturias.com\/noticias\/wp-content\/uploads\/2026\/06\/Contenidos.jpg","width":1265,"height":697,"caption":"Contenidos"},"datePublished":"2014-01-29T23:15:05+01:00","dateModified":"2014-01-29T23:15:05+01:00","inLanguage":"es-ES","mainEntityOfPage":{"@id":"https:\/\/www.eldigitaldeasturias.com\/noticias\/canete-no-tiene-indicios-sobre-las-europeas-y-dice-que-siempre-esta-para-el-pp\/#webpage"},"isPartOf":{"@id":"https:\/\/www.eldigitaldeasturias.com\/noticias\/canete-no-tiene-indicios-sobre-las-europeas-y-dice-que-siempre-esta-para-el-pp\/#webpage"},"articleSection":"Actualidad"},{"@type":"BreadcrumbList","@id":"https:\/\/www.eldigitaldeasturias.com\/noticias\/canete-no-tiene-indicios-sobre-las-europeas-y-dice-que-siempre-esta-para-el-pp\/#breadcrumblist","itemListElement":[{"@type":"ListItem","@id":"https:\/\/www.eldigitaldeasturias.com\/noticias#listItem","position":1,"name":"Home","item":"https:\/\/www.eldigitaldeasturias.com\/noticias","nextItem":{"@type":"ListItem","@id":"https:\/\/www.eldigitaldeasturias.com\/noticias\/category\/actualidad\/#listItem","name":"Actualidad"}},{"@type":"ListItem","@id":"https:\/\/www.eldigitaldeasturias.com\/noticias\/category\/actualidad\/#listItem","position":2,"name":"Actualidad","item":"https:\/\/www.eldigitaldeasturias.com\/noticias\/category\/actualidad\/","nextItem":{"@type":"ListItem","@id":"https:\/\/www.eldigitaldeasturias.com\/noticias\/canete-no-tiene-indicios-sobre-las-europeas-y-dice-que-siempre-esta-para-el-pp\/#listItem","name":"Ca\u00f1ete no tiene indicios sobre las europeas y dice que siempre est\u00e1 para el PP"},"previousItem":{"@type":"ListItem","@id":"https:\/\/www.eldigitaldeasturias.com\/noticias#listItem","name":"Home"}},{"@type":"ListItem","@id":"https:\/\/www.eldigitaldeasturias.com\/noticias\/canete-no-tiene-indicios-sobre-las-europeas-y-dice-que-siempre-esta-para-el-pp\/#listItem","position":3,"name":"Ca\u00f1ete no tiene indicios sobre las europeas y dice que siempre est\u00e1 para el PP","previousItem":{"@type":"ListItem","@id":"https:\/\/www.eldigitaldeasturias.com\/noticias\/category\/actualidad\/#listItem","name":"Actualidad"}}]},{"@type":"Organization","@id":"https:\/\/www.eldigitaldeasturias.com\/noticias\/#organization","name":"El Digital de Asturias","description":"Hemeroteca","url":"https:\/\/www.eldigitaldeasturias.com\/noticias\/","email":"info@eldigitaldeasturias.com","telephone":"+34652131393","logo":{"@type":"ImageObject","url":"https:\/\/www.eldigitaldeasturias.com\/noticias\/wp-content\/uploads\/2020\/12\/EDA.jpg","@id":"https:\/\/www.eldigitaldeasturias.com\/noticias\/canete-no-tiene-indicios-sobre-las-europeas-y-dice-que-siempre-esta-para-el-pp\/#organizationLogo"},"image":{"@id":"https:\/\/www.eldigitaldeasturias.com\/noticias\/canete-no-tiene-indicios-sobre-las-europeas-y-dice-que-siempre-esta-para-el-pp\/#organizationLogo"},"sameAs":["https:\/\/facebook.com\/eldigitaldeasturias","https:\/\/www.youtube.com\/channel\/UCZP-2wLEB9Rv6erhFmqVnvg"],"address":{"@id":"https:\/\/www.eldigitaldeasturias.com\/noticias\/#postaladdress","@type":"PostalAddress","streetAddress":"san antonio 4","postalCode":"33430","addressLocality":"Cand\u00e1s","addressRegion":"Asturias","addressCountry":"ES"}},{"@type":"Person","@id":"https:\/\/www.eldigitaldeasturias.com\/noticias\/author\/admin\/#author","url":"https:\/\/www.eldigitaldeasturias.com\/noticias\/author\/admin\/","name":"El Digital de Asturias","image":{"@type":"ImageObject","@id":"https:\/\/www.eldigitaldeasturias.com\/noticias\/canete-no-tiene-indicios-sobre-las-europeas-y-dice-que-siempre-esta-para-el-pp\/#authorImage","url":"https:\/\/secure.gravatar.com\/avatar\/df2aeffc32bcd13f8d26072ef8a91b623d677766deac7f97ca815868cd41bf5e?s=96&d=mm&r=g","width":96,"height":96,"caption":"El Digital de Asturias"}},{"@type":"WebPage","@id":"https:\/\/www.eldigitaldeasturias.com\/noticias\/canete-no-tiene-indicios-sobre-las-europeas-y-dice-que-siempre-esta-para-el-pp\/#webpage","url":"https:\/\/www.eldigitaldeasturias.com\/noticias\/canete-no-tiene-indicios-sobre-las-europeas-y-dice-que-siempre-esta-para-el-pp\/","name":"Ca\u00f1ete no tiene indicios sobre las europeas y dice que siempre est\u00e1 para el PP - El Digital de Asturias","description":"Santander, 29 ene (EFE).- El ministro de Agricultura, Alimentaci\u00f3n y Medio Ambiente, Miguel Arias Ca\u00f1ete, no tiene \"indicios\" para pensar que \u00e9l pueda ser el cabeza de lista del PP para las elecciones europeas, y dice que \u00e9l siempre est\u00e1 a disposici\u00f3n del partido, \"a las duras y a las maduras\". En respuesta a preguntas","inLanguage":"es-ES","isPartOf":{"@id":"https:\/\/www.eldigitaldeasturias.com\/noticias\/#website"},"breadcrumb":{"@id":"https:\/\/www.eldigitaldeasturias.com\/noticias\/canete-no-tiene-indicios-sobre-las-europeas-y-dice-que-siempre-esta-para-el-pp\/#breadcrumblist"},"author":{"@id":"https:\/\/www.eldigitaldeasturias.com\/noticias\/author\/admin\/#author"},"creator":{"@id":"https:\/\/www.eldigitaldeasturias.com\/noticias\/author\/admin\/#author"},"image":{"@type":"ImageObject","url":"https:\/\/www.eldigitaldeasturias.com\/noticias\/wp-content\/uploads\/2026\/06\/Contenidos.jpg","@id":"https:\/\/www.eldigitaldeasturias.com\/noticias\/canete-no-tiene-indicios-sobre-las-europeas-y-dice-que-siempre-esta-para-el-pp\/#mainImage","width":1265,"height":697,"caption":"Contenidos"},"primaryImageOfPage":{"@id":"https:\/\/www.eldigitaldeasturias.com\/noticias\/canete-no-tiene-indicios-sobre-las-europeas-y-dice-que-siempre-esta-para-el-pp\/#mainImage"},"datePublished":"2014-01-29T23:15:05+01:00","dateModified":"2014-01-29T23:15:05+01:00"},{"@type":"WebSite","@id":"https:\/\/www.eldigitaldeasturias.com\/noticias\/#website","url":"https:\/\/www.eldigitaldeasturias.com\/noticias\/","name":"El Digital de Asturias - Diario de actualidad y noticias","alternateName":"El Digital de Asturias - Diario de actualidad y noticias","description":"Hemeroteca","inLanguage":"es-ES","publisher":{"@id":"https:\/\/www.eldigitaldeasturias.com\/noticias\/#organization"}}]},"og:locale":"es_ES","og:site_name":"El Digital de Asturias","og:type":"article","og:title":"Ca\u00f1ete no tiene indicios sobre las europeas y dice que siempre est\u00e1 para el PP - El Digital de Asturias","og:description":"Santander, 29 ene (EFE).- El ministro de Agricultura, Alimentaci\u00f3n y Medio Ambiente, Miguel Arias Ca\u00f1ete, no tiene &quot;indicios&quot; para pensar que \u00e9l pueda ser el cabeza de lista del PP para las elecciones europeas, y dice que \u00e9l siempre est\u00e1 a disposici\u00f3n del partido, &quot;a las duras y a las maduras&quot;. En respuesta a preguntas","og:url":"https:\/\/www.eldigitaldeasturias.com\/noticias\/canete-no-tiene-indicios-sobre-las-europeas-y-dice-que-siempre-esta-para-el-pp\/","og:image":"https:\/\/www.eldigitaldeasturias.com\/noticias\/wp-content\/uploads\/2026\/06\/Contenidos.jpg","og:image:secure_url":"https:\/\/www.eldigitaldeasturias.com\/noticias\/wp-content\/uploads\/2026\/06\/Contenidos.jpg","og:image:width":1265,"og:image:height":697,"article:tag":["actualidad"],"article:published_time":"2014-01-30T00:15:05+00:00","article:modified_time":"2014-01-30T00:15:05+00:00","article:publisher":"https:\/\/facebook.com\/eldigitaldeasturias","twitter:card":"summary_large_image","twitter:title":"Ca\u00f1ete no tiene indicios sobre las europeas y dice que siempre est\u00e1 para el PP - El Digital de Asturias","twitter:description":"Santander, 29 ene (EFE).- El ministro de Agricultura, Alimentaci\u00f3n y Medio Ambiente, Miguel Arias Ca\u00f1ete, no tiene &quot;indicios&quot; para pensar que \u00e9l pueda ser el cabeza de lista del PP para las elecciones europeas, y dice que \u00e9l siempre est\u00e1 a disposici\u00f3n del partido, &quot;a las duras y a las maduras&quot;. En respuesta a preguntas","twitter:image":"https:\/\/www.eldigitaldeasturias.com\/noticias\/wp-content\/uploads\/2026\/06\/Contenidos.jpg","twitter:label1":"Escrito por","twitter:data1":"El Digital de Asturias","twitter:label2":"Tiempo de lectura estimado","twitter:data2":"2 minutos"},"aioseo_meta_data":{"post_id":"480310","title":null,"description":null,"keywords":null,"keyphrases":null,"primary_term":null,"canonical_url":null,"og_title":null,"og_description":null,"og_object_type":"default","og_image_type":"default","og_image_url":null,"og_image_width":null,"og_image_height":null,"og_image_custom_url":null,"og_image_custom_fields":null,"og_video":null,"og_custom_url":null,"og_article_section":null,"og_article_tags":null,"twitter_use_og":true,"twitter_card":"default","twitter_image_type":"default","twitter_image_url":null,"twitter_image_custom_url":null,"twitter_image_custom_fields":null,"twitter_title":null,"twitter_description":null,"schema":{"blockGraphs":[],"customGraphs":[],"default":{"data":{"Article":[],"Course":[],"Dataset":[],"FAQPage":[],"Movie":[],"Person":[],"Product":[],"ProductReview":[],"Car":[],"Recipe":[],"Service":[],"SoftwareApplication":[],"WebPage":[]},"graphName":"","isEnabled":true},"graphs":[],"defaultGraph":"","defaultPostTypeGraph":""},"schema_type":null,"schema_type_options":null,"pillar_content":false,"robots_default":true,"robots_noindex":false,"robots_noarchive":false,"robots_nosnippet":false,"robots_nofollow":false,"robots_noimageindex":false,"robots_noodp":false,"robots_notranslate":false,"robots_max_snippet":null,"robots_max_videopreview":null,"robots_max_imagepreview":"none","priority":null,"frequency":null,"local_seo":null,"seo_analyzer_scan_date":"2026-06-02 03:19:52","breadcrumb_settings":null,"limit_modified_date":false,"open_ai":null,"ai":null,"created":"2020-11-14 22:54:10","updated":"2026-06-02 03:19:52","focus_keyword":null,"additional_keywords":null,"truseo_locale":null},"aioseo_breadcrumb":"<div class=\"aioseo-breadcrumbs\"><span class=\"aioseo-breadcrumb\">\n\t<a href=\"https:\/\/www.eldigitaldeasturias.com\/noticias\" title=\"Home\">Home<\/a>\n<\/span><span class=\"aioseo-breadcrumb-separator\">\u2013<\/span><span class=\"aioseo-breadcrumb\">\n\t<a href=\"https:\/\/www.eldigitaldeasturias.com\/noticias\/category\/actualidad\/\" title=\"Actualidad\">Actualidad<\/a>\n<\/span><span class=\"aioseo-breadcrumb-separator\">\u2013<\/span><span class=\"aioseo-breadcrumb\">\n\t<a href=\"https:\/\/www.eldigitaldeasturias.com\/noticias\/canete-no-tiene-indicios-sobre-las-europeas-y-dice-que-siempre-esta-para-el-pp\/\" title=\"Ca\u00f1ete no tiene indicios sobre las europeas y dice que siempre est\u00e1 para el PP\">Ca\u00f1ete no tiene indicios sobre las europeas y dice que siempre est\u00e1 para el PP<\/a>\n<\/span><\/div>","aioseo_breadcrumb_json":[{"label":"Home","link":"https:\/\/www.eldigitaldeasturias.com\/noticias"},{"label":"Actualidad","link":"https:\/\/www.eldigitaldeasturias.com\/noticias\/category\/actualidad\/"},{"label":"Ca\u00f1ete no tiene indicios sobre las europeas y dice que siempre est\u00e1 para el PP","link":"https:\/\/www.eldigitaldeasturias.com\/noticias\/canete-no-tiene-indicios-sobre-las-europeas-y-dice-que-siempre-esta-para-el-pp\/"}],"_links":{"self":[{"href":"https:\/\/www.eldigitaldeasturias.com\/noticias\/wp-json\/wp\/v2\/posts\/480310","targetHints":{"allow":["GET"]}}],"collection":[{"href":"https:\/\/www.eldigitaldeasturias.com\/noticias\/wp-json\/wp\/v2\/posts"}],"about":[{"href":"https:\/\/www.eldigitaldeasturias.com\/noticias\/wp-json\/wp\/v2\/types\/post"}],"author":[{"embeddable":true,"href":"https:\/\/www.eldigitaldeasturias.com\/noticias\/wp-json\/wp\/v2\/users\/1"}],"replies":[{"embeddable":true,"href":"https:\/\/www.eldigitaldeasturias.com\/noticias\/wp-json\/wp\/v2\/comments?post=480310"}],"version-history":[{"count":0,"href":"https:\/\/www.eldigitaldeasturias.com\/noticias\/wp-json\/wp\/v2\/posts\/480310\/revisions"}],"wp:featuredmedia":[{"embeddable":true,"href":"https:\/\/www.eldigitaldeasturias.com\/noticias\/wp-json\/wp\/v2\/media\/1132184"}],"wp:attachment":[{"href":"https:\/\/www.eldigitaldeasturias.com\/noticias\/wp-json\/wp\/v2\/media?parent=480310"}],"wp:term":[{"taxonomy":"category","embeddable":true,"href":"https:\/\/www.eldigitaldeasturias.com\/noticias\/wp-json\/wp\/v2\/categories?post=480310"},{"taxonomy":"post_tag","embeddable":true,"href":"https:\/\/www.eldigitaldeasturias.com\/noticias\/wp-json\/wp\/v2\/tags?post=480310"}],"curies":[{"name":"wp","href":"https:\/\/api.w.org\/{rel}","templated":true}]}}