{"id":480301,"date":"2014-01-29T23:10:43","date_gmt":"2014-01-30T00:10:43","guid":{"rendered":"http:\/\/www.eldigitaldeasturias.com\/noticias\/?p=480301"},"modified":"2014-01-29T23:10:43","modified_gmt":"2014-01-30T00:10:43","slug":"nace-la-primera-escuela-lean-como-arma-para-mejorar-la-competitividad","status":"publish","type":"post","link":"https:\/\/www.eldigitaldeasturias.com\/noticias\/nace-la-primera-escuela-lean-como-arma-para-mejorar-la-competitividad\/","title":{"rendered":"Nace la primera escuela Lean como arma para mejorar la competitividad"},"content":{"rendered":"<p><img loading=\"lazy\" decoding=\"async\" class=\"alignleft size-medium wp-image-480302\" alt=\"5887129w\" src=\"https:\/\/www.eldigitaldeasturias.com\/noticias\/wp-content\/uploads\/2014\/01\/5887129w-360x240.jpg\" width=\"360\" height=\"240\" \/>Valladolid, 29 ene (EFE).- La primera escuela universitaria espa\u00f1ola de aprendizaje de la cultura Lean, herramienta de gesti\u00f3n para mejorar la producci\u00f3n eliminando procesos que no aportan valor al producto, se ha inaugurado hoy en Valladolid con el objetivo ser un arma para mejorar la competitividad y la eficiencia de las empresas.<\/p>\n<p>La escuela, impulsada por la compa\u00f1\u00eda Renault Consulting Espa\u00f1a y ubicada en la Escuela de Ingenier\u00edas industriales de la Universidad Valladolid, pretende difundir la filosof\u00eda Lean, fomentar su aprendizaje y conseguir su aplicaci\u00f3n pr\u00e1ctica, lo que redunda en el ahorro de costes sin renunciar a la calidad total.<\/p>\n<p>El director general de Renault Consulting, Antonio Fern\u00e1ndez, ha explicado que la iniciativa surge \u00abde la necesidad de que las empresas sean m\u00e1s eficientes\u00bb porque \u00abdetr\u00e1s de la eficiencia hay competitividad y detr\u00e1s de la competitividad hay supervivencia\u00bb.<\/p>\n<p>La meta es, seg\u00fan Fern\u00e1ndez, que empresas de toda Espa\u00f1a aprendan en la Escuela Lean a \u00abeliminar de los procesos todo aquello que no aporta valor, ya que una vez conseguido eso se obtienen resultados mucho m\u00e1s eficientes\u00bb.<\/p>\n<p>\u00abEl alumno tipo son representantes de empresas, no solo de \u00edndole industrial, sino de cualquier \u00e1mbito y tambi\u00e9n hay un convenio con la Universidad de Valladolid para que profesores y alumnos puedan formarse en la Escuela\u00bb, ha indicado.<\/p>\n<p>El director de Renault Consulting ha se\u00f1alado que en las nuevas instalaciones, que cuentan con un aula de formaci\u00f3n y dos talleres, no s\u00f3lo se explicar\u00e1 la filosof\u00eda Lean, sino c\u00f3mo se aplica para mejorar la eficiencia y la competitividad de las empresas.<\/p>\n<p>Los impulsores del proyecto han dise\u00f1ado varias modalidades de formaci\u00f3n, \u00abfundamentalmente orientadas para la empresa\u00bb, que empezar\u00e1n en marzo con plazas limitadas y con diferente duraci\u00f3n, ya que los cursos van desde los cinco d\u00edas hasta los treinta.<\/p>\n<p>\u00abLos alumnos llegan a la escuela, despu\u00e9s vuelven a sus empresas para aplicar lo aprendido y m\u00e1s tarde regresan a la escuela para seguir avanzando\u00bb, ha indicado.<\/p>\n<p>Asimismo, en el pr\u00f3ximo curso se pondr\u00e1 en marcha un m\u00e1ster en la escuela basado en la cultura Lean e impulsado por Renault Consulting, la C\u00e1mara de Comercio y la Universidad de Valladolid.<\/p>\n<p>El director general de la C\u00e1mara de Comercio de Valladolid y m\u00e1ximo responsable de su Escuela de Negocios, Roberto Garc\u00eda Marcos, ha retado a las empresas a que empleen la cultura Lean y ha recordado que su instituci\u00f3n comenz\u00f3 a trabajar en este campo con un m\u00e1ster de log\u00edstica y m\u00e1s adelante todos los cursos ofertados se empaparon de esa metodolog\u00eda.<\/p>\n<p>\u00abHoy tambi\u00e9n se utiliza en la gesti\u00f3n de la C\u00e1mara\u00bb, ha indicado Marcos, quien ha destacado la metodolog\u00eda de aprendizaje que se utilizar\u00e1 en la primera escuela Lean de Espa\u00f1a, denominado \u00abaprendiendo desde la pr\u00e1ctica\u00bb.<\/p>\n<p>El rector de la Universidad de Valladolid, Marcos Sacrist\u00e1n, ha indicado que la escuela Lean va a proporcionar una formaci\u00f3n \u00abm\u00e1s all\u00e1 de la acad\u00e9mica, fundamentalmente pr\u00e1ctica y orientada a la empresa\u00bb a los alumnos de ingenier\u00edas industriales y de otras titulaciones.<\/p>\n<p>Sacrist\u00e1n ha asegurado que las nuevas instalaciones mejorar\u00e1n la calidad de la formaci\u00f3n de los estudiantes y tambi\u00e9n su empleabilidad, \u00abun reto importante\u00bb en estos momentos en Espa\u00f1a y en Castilla y Le\u00f3n.<\/p>\n<p>En el acto inaugural han participado representantes de diversas empresas en las que se ha aplicado esta metodolog\u00eda, quienes han explicado el \u00e9xito cosechado por sus firmas a trav\u00e9s de la aplicaci\u00f3n de la filosof\u00eda Lean.<\/p>\n","protected":false},"excerpt":{"rendered":"<p>Valladolid, 29 ene (EFE).- La primera escuela universitaria espa\u00f1ola de aprendizaje de la cultura Lean, herramienta de gesti\u00f3n para mejorar la producci\u00f3n eliminando procesos que no aportan valor al producto, se ha inaugurado hoy en Valladolid con el objetivo ser un arma para mejorar la competitividad y la eficiencia de las empresas. La escuela, impulsada [&hellip;]<\/p>\n","protected":false},"author":1,"featured_media":1132184,"comment_status":"closed","ping_status":"open","sticky":false,"template":"","format":"standard","meta":{"footnotes":""},"categories":[1],"tags":[],"class_list":["post-480301","post","type-post","status-publish","format-standard","has-post-thumbnail","hentry","category-actualidad"],"aioseo_notices":[],"aioseo_head":"\n\t\t<!-- All in One SEO Pro 5.0.1 - aioseo.com -->\n\t<meta name=\"description\" content=\"Valladolid, 29 ene (EFE).- La primera escuela universitaria espa\u00f1ola de aprendizaje de la cultura Lean, herramienta de gesti\u00f3n para mejorar la producci\u00f3n eliminando procesos que no aportan valor al producto, se ha inaugurado hoy en Valladolid con el objetivo ser un arma para mejorar la competitividad y la eficiencia de las empresas. La escuela, impulsada\" \/>\n\t<meta name=\"robots\" content=\"max-image-preview:large\" \/>\n\t<meta name=\"author\" content=\"El Digital de Asturias\"\/>\n\t<meta name=\"google-site-verification\" content=\"UA-38556648-1\" \/>\n\t<meta name=\"msvalidate.01\" content=\"7dfe9f3f1b24437ab69f4f2559babe99\" \/>\n\t<meta name=\"keywords\" content=\"actualidad\" \/>\n\t<link rel=\"canonical\" href=\"https:\/\/www.eldigitaldeasturias.com\/noticias\/nace-la-primera-escuela-lean-como-arma-para-mejorar-la-competitividad\/\" \/>\n\t<meta name=\"generator\" content=\"All in One SEO Pro (AIOSEO) 5.0.1\" \/>\n\t\t<meta property=\"og:locale\" content=\"es_ES\" \/>\n\t\t<meta property=\"og:site_name\" content=\"El Digital de Asturias\" \/>\n\t\t<meta property=\"og:type\" content=\"article\" \/>\n\t\t<meta property=\"og:title\" content=\"Nace la primera escuela Lean como arma para mejorar la competitividad - El Digital de Asturias\" \/>\n\t\t<meta property=\"og:description\" content=\"Valladolid, 29 ene (EFE).- La primera escuela universitaria espa\u00f1ola de aprendizaje de la cultura Lean, herramienta de gesti\u00f3n para mejorar la producci\u00f3n eliminando procesos que no aportan valor al producto, se ha inaugurado hoy en Valladolid con el objetivo ser un arma para mejorar la competitividad y la eficiencia de las empresas. La escuela, impulsada\" \/>\n\t\t<meta property=\"og:url\" content=\"https:\/\/www.eldigitaldeasturias.com\/noticias\/nace-la-primera-escuela-lean-como-arma-para-mejorar-la-competitividad\/\" \/>\n\t\t<meta property=\"og:image\" content=\"https:\/\/www.eldigitaldeasturias.com\/noticias\/wp-content\/uploads\/2026\/06\/Contenidos.jpg\" \/>\n\t\t<meta property=\"og:image:secure_url\" content=\"https:\/\/www.eldigitaldeasturias.com\/noticias\/wp-content\/uploads\/2026\/06\/Contenidos.jpg\" \/>\n\t\t<meta property=\"og:image:width\" content=\"1265\" \/>\n\t\t<meta property=\"og:image:height\" content=\"697\" \/>\n\t\t<meta property=\"article:tag\" content=\"actualidad\" \/>\n\t\t<meta property=\"article:published_time\" content=\"2014-01-30T00:10:43+00:00\" \/>\n\t\t<meta property=\"article:modified_time\" content=\"2014-01-30T00:10:43+00:00\" \/>\n\t\t<meta property=\"article:publisher\" content=\"https:\/\/facebook.com\/eldigitaldeasturias\" \/>\n\t\t<meta name=\"twitter:card\" content=\"summary_large_image\" \/>\n\t\t<meta name=\"twitter:title\" content=\"Nace la primera escuela Lean como arma para mejorar la competitividad - El Digital de Asturias\" \/>\n\t\t<meta name=\"twitter:description\" content=\"Valladolid, 29 ene (EFE).- La primera escuela universitaria espa\u00f1ola de aprendizaje de la cultura Lean, herramienta de gesti\u00f3n para mejorar la producci\u00f3n eliminando procesos que no aportan valor al producto, se ha inaugurado hoy en Valladolid con el objetivo ser un arma para mejorar la competitividad y la eficiencia de las empresas. La escuela, impulsada\" \/>\n\t\t<meta name=\"twitter:image\" content=\"https:\/\/www.eldigitaldeasturias.com\/noticias\/wp-content\/uploads\/2026\/06\/Contenidos.jpg\" \/>\n\t\t<meta name=\"twitter:label1\" content=\"Escrito por\" \/>\n\t\t<meta name=\"twitter:data1\" content=\"El Digital de Asturias\" \/>\n\t\t<meta name=\"twitter:label2\" content=\"Tiempo de lectura estimado\" \/>\n\t\t<meta name=\"twitter:data2\" content=\"3 minutos\" \/>\n\t\t<script type=\"application\/ld+json\" class=\"aioseo-schema\">\n\t\t\t{\"@context\":\"https:\\\/\\\/schema.org\",\"@graph\":[{\"@type\":\"BlogPosting\",\"@id\":\"https:\\\/\\\/www.eldigitaldeasturias.com\\\/noticias\\\/nace-la-primera-escuela-lean-como-arma-para-mejorar-la-competitividad\\\/#blogposting\",\"name\":\"Nace la primera escuela Lean como arma para mejorar la competitividad - El Digital de Asturias\",\"headline\":\"Nace la primera escuela Lean como arma para mejorar la competitividad\",\"author\":{\"@id\":\"https:\\\/\\\/www.eldigitaldeasturias.com\\\/noticias\\\/author\\\/admin\\\/#author\"},\"publisher\":{\"@id\":\"https:\\\/\\\/www.eldigitaldeasturias.com\\\/noticias\\\/#organization\"},\"image\":{\"@type\":\"ImageObject\",\"url\":\"https:\\\/\\\/www.eldigitaldeasturias.com\\\/noticias\\\/wp-content\\\/uploads\\\/2026\\\/06\\\/Contenidos.jpg\",\"width\":1265,\"height\":697,\"caption\":\"Contenidos\"},\"datePublished\":\"2014-01-29T23:10:43+01:00\",\"dateModified\":\"2014-01-29T23:10:43+01:00\",\"inLanguage\":\"es-ES\",\"mainEntityOfPage\":{\"@id\":\"https:\\\/\\\/www.eldigitaldeasturias.com\\\/noticias\\\/nace-la-primera-escuela-lean-como-arma-para-mejorar-la-competitividad\\\/#webpage\"},\"isPartOf\":{\"@id\":\"https:\\\/\\\/www.eldigitaldeasturias.com\\\/noticias\\\/nace-la-primera-escuela-lean-como-arma-para-mejorar-la-competitividad\\\/#webpage\"},\"articleSection\":\"Actualidad\"},{\"@type\":\"BreadcrumbList\",\"@id\":\"https:\\\/\\\/www.eldigitaldeasturias.com\\\/noticias\\\/nace-la-primera-escuela-lean-como-arma-para-mejorar-la-competitividad\\\/#breadcrumblist\",\"itemListElement\":[{\"@type\":\"ListItem\",\"@id\":\"https:\\\/\\\/www.eldigitaldeasturias.com\\\/noticias#listItem\",\"position\":1,\"name\":\"Home\",\"item\":\"https:\\\/\\\/www.eldigitaldeasturias.com\\\/noticias\",\"nextItem\":{\"@type\":\"ListItem\",\"@id\":\"https:\\\/\\\/www.eldigitaldeasturias.com\\\/noticias\\\/category\\\/actualidad\\\/#listItem\",\"name\":\"Actualidad\"}},{\"@type\":\"ListItem\",\"@id\":\"https:\\\/\\\/www.eldigitaldeasturias.com\\\/noticias\\\/category\\\/actualidad\\\/#listItem\",\"position\":2,\"name\":\"Actualidad\",\"item\":\"https:\\\/\\\/www.eldigitaldeasturias.com\\\/noticias\\\/category\\\/actualidad\\\/\",\"nextItem\":{\"@type\":\"ListItem\",\"@id\":\"https:\\\/\\\/www.eldigitaldeasturias.com\\\/noticias\\\/nace-la-primera-escuela-lean-como-arma-para-mejorar-la-competitividad\\\/#listItem\",\"name\":\"Nace la primera escuela Lean como arma para mejorar la competitividad\"},\"previousItem\":{\"@type\":\"ListItem\",\"@id\":\"https:\\\/\\\/www.eldigitaldeasturias.com\\\/noticias#listItem\",\"name\":\"Home\"}},{\"@type\":\"ListItem\",\"@id\":\"https:\\\/\\\/www.eldigitaldeasturias.com\\\/noticias\\\/nace-la-primera-escuela-lean-como-arma-para-mejorar-la-competitividad\\\/#listItem\",\"position\":3,\"name\":\"Nace la primera escuela Lean como arma para mejorar la competitividad\",\"previousItem\":{\"@type\":\"ListItem\",\"@id\":\"https:\\\/\\\/www.eldigitaldeasturias.com\\\/noticias\\\/category\\\/actualidad\\\/#listItem\",\"name\":\"Actualidad\"}}]},{\"@type\":\"Organization\",\"@id\":\"https:\\\/\\\/www.eldigitaldeasturias.com\\\/noticias\\\/#organization\",\"name\":\"El Digital de Asturias\",\"description\":\"Hemeroteca\",\"url\":\"https:\\\/\\\/www.eldigitaldeasturias.com\\\/noticias\\\/\",\"email\":\"info@eldigitaldeasturias.com\",\"telephone\":\"+34652131393\",\"logo\":{\"@type\":\"ImageObject\",\"url\":\"https:\\\/\\\/www.eldigitaldeasturias.com\\\/noticias\\\/wp-content\\\/uploads\\\/2020\\\/12\\\/EDA.jpg\",\"@id\":\"https:\\\/\\\/www.eldigitaldeasturias.com\\\/noticias\\\/nace-la-primera-escuela-lean-como-arma-para-mejorar-la-competitividad\\\/#organizationLogo\"},\"image\":{\"@id\":\"https:\\\/\\\/www.eldigitaldeasturias.com\\\/noticias\\\/nace-la-primera-escuela-lean-como-arma-para-mejorar-la-competitividad\\\/#organizationLogo\"},\"sameAs\":[\"https:\\\/\\\/facebook.com\\\/eldigitaldeasturias\",\"https:\\\/\\\/www.youtube.com\\\/channel\\\/UCZP-2wLEB9Rv6erhFmqVnvg\"],\"address\":{\"@id\":\"https:\\\/\\\/www.eldigitaldeasturias.com\\\/noticias\\\/#postaladdress\",\"@type\":\"PostalAddress\",\"streetAddress\":\"san antonio 4\",\"postalCode\":\"33430\",\"addressLocality\":\"Cand\\u00e1s\",\"addressRegion\":\"Asturias\",\"addressCountry\":\"ES\"}},{\"@type\":\"Person\",\"@id\":\"https:\\\/\\\/www.eldigitaldeasturias.com\\\/noticias\\\/author\\\/admin\\\/#author\",\"url\":\"https:\\\/\\\/www.eldigitaldeasturias.com\\\/noticias\\\/author\\\/admin\\\/\",\"name\":\"El Digital de Asturias\",\"image\":{\"@type\":\"ImageObject\",\"@id\":\"https:\\\/\\\/www.eldigitaldeasturias.com\\\/noticias\\\/nace-la-primera-escuela-lean-como-arma-para-mejorar-la-competitividad\\\/#authorImage\",\"url\":\"https:\\\/\\\/secure.gravatar.com\\\/avatar\\\/df2aeffc32bcd13f8d26072ef8a91b623d677766deac7f97ca815868cd41bf5e?s=96&d=mm&r=g\",\"width\":96,\"height\":96,\"caption\":\"El Digital de Asturias\"}},{\"@type\":\"WebPage\",\"@id\":\"https:\\\/\\\/www.eldigitaldeasturias.com\\\/noticias\\\/nace-la-primera-escuela-lean-como-arma-para-mejorar-la-competitividad\\\/#webpage\",\"url\":\"https:\\\/\\\/www.eldigitaldeasturias.com\\\/noticias\\\/nace-la-primera-escuela-lean-como-arma-para-mejorar-la-competitividad\\\/\",\"name\":\"Nace la primera escuela Lean como arma para mejorar la competitividad - El Digital de Asturias\",\"description\":\"Valladolid, 29 ene (EFE).- La primera escuela universitaria espa\\u00f1ola de aprendizaje de la cultura Lean, herramienta de gesti\\u00f3n para mejorar la producci\\u00f3n eliminando procesos que no aportan valor al producto, se ha inaugurado hoy en Valladolid con el objetivo ser un arma para mejorar la competitividad y la eficiencia de las empresas. La escuela, impulsada\",\"inLanguage\":\"es-ES\",\"isPartOf\":{\"@id\":\"https:\\\/\\\/www.eldigitaldeasturias.com\\\/noticias\\\/#website\"},\"breadcrumb\":{\"@id\":\"https:\\\/\\\/www.eldigitaldeasturias.com\\\/noticias\\\/nace-la-primera-escuela-lean-como-arma-para-mejorar-la-competitividad\\\/#breadcrumblist\"},\"author\":{\"@id\":\"https:\\\/\\\/www.eldigitaldeasturias.com\\\/noticias\\\/author\\\/admin\\\/#author\"},\"creator\":{\"@id\":\"https:\\\/\\\/www.eldigitaldeasturias.com\\\/noticias\\\/author\\\/admin\\\/#author\"},\"image\":{\"@type\":\"ImageObject\",\"url\":\"https:\\\/\\\/www.eldigitaldeasturias.com\\\/noticias\\\/wp-content\\\/uploads\\\/2026\\\/06\\\/Contenidos.jpg\",\"@id\":\"https:\\\/\\\/www.eldigitaldeasturias.com\\\/noticias\\\/nace-la-primera-escuela-lean-como-arma-para-mejorar-la-competitividad\\\/#mainImage\",\"width\":1265,\"height\":697,\"caption\":\"Contenidos\"},\"primaryImageOfPage\":{\"@id\":\"https:\\\/\\\/www.eldigitaldeasturias.com\\\/noticias\\\/nace-la-primera-escuela-lean-como-arma-para-mejorar-la-competitividad\\\/#mainImage\"},\"datePublished\":\"2014-01-29T23:10:43+01:00\",\"dateModified\":\"2014-01-29T23:10:43+01:00\"},{\"@type\":\"WebSite\",\"@id\":\"https:\\\/\\\/www.eldigitaldeasturias.com\\\/noticias\\\/#website\",\"url\":\"https:\\\/\\\/www.eldigitaldeasturias.com\\\/noticias\\\/\",\"name\":\"El Digital de Asturias - Diario de actualidad y noticias\",\"alternateName\":\"El Digital de Asturias - Diario de actualidad y noticias\",\"description\":\"Hemeroteca\",\"inLanguage\":\"es-ES\",\"publisher\":{\"@id\":\"https:\\\/\\\/www.eldigitaldeasturias.com\\\/noticias\\\/#organization\"}}]}\n\t\t<\/script>\n\t\t<!-- All in One SEO Pro -->\r\n\t\t<title>Nace la primera escuela Lean como arma para mejorar la competitividad - El Digital de Asturias<\/title>\n\n","aioseo_head_json":{"title":"Nace la primera escuela Lean como arma para mejorar la competitividad - El Digital de Asturias","description":"Valladolid, 29 ene (EFE).- La primera escuela universitaria espa\u00f1ola de aprendizaje de la cultura Lean, herramienta de gesti\u00f3n para mejorar la producci\u00f3n eliminando procesos que no aportan valor al producto, se ha inaugurado hoy en Valladolid con el objetivo ser un arma para mejorar la competitividad y la eficiencia de las empresas. La escuela, impulsada","canonical_url":"https:\/\/www.eldigitaldeasturias.com\/noticias\/nace-la-primera-escuela-lean-como-arma-para-mejorar-la-competitividad\/","robots":"max-image-preview:large","keywords":"actualidad","webmasterTools":{"google-site-verification":"UA-38556648-1","msvalidate.01":"7dfe9f3f1b24437ab69f4f2559babe99","miscellaneous":""},"schema":{"@context":"https:\/\/schema.org","@graph":[{"@type":"BlogPosting","@id":"https:\/\/www.eldigitaldeasturias.com\/noticias\/nace-la-primera-escuela-lean-como-arma-para-mejorar-la-competitividad\/#blogposting","name":"Nace la primera escuela Lean como arma para mejorar la competitividad - El Digital de Asturias","headline":"Nace la primera escuela Lean como arma para mejorar la competitividad","author":{"@id":"https:\/\/www.eldigitaldeasturias.com\/noticias\/author\/admin\/#author"},"publisher":{"@id":"https:\/\/www.eldigitaldeasturias.com\/noticias\/#organization"},"image":{"@type":"ImageObject","url":"https:\/\/www.eldigitaldeasturias.com\/noticias\/wp-content\/uploads\/2026\/06\/Contenidos.jpg","width":1265,"height":697,"caption":"Contenidos"},"datePublished":"2014-01-29T23:10:43+01:00","dateModified":"2014-01-29T23:10:43+01:00","inLanguage":"es-ES","mainEntityOfPage":{"@id":"https:\/\/www.eldigitaldeasturias.com\/noticias\/nace-la-primera-escuela-lean-como-arma-para-mejorar-la-competitividad\/#webpage"},"isPartOf":{"@id":"https:\/\/www.eldigitaldeasturias.com\/noticias\/nace-la-primera-escuela-lean-como-arma-para-mejorar-la-competitividad\/#webpage"},"articleSection":"Actualidad"},{"@type":"BreadcrumbList","@id":"https:\/\/www.eldigitaldeasturias.com\/noticias\/nace-la-primera-escuela-lean-como-arma-para-mejorar-la-competitividad\/#breadcrumblist","itemListElement":[{"@type":"ListItem","@id":"https:\/\/www.eldigitaldeasturias.com\/noticias#listItem","position":1,"name":"Home","item":"https:\/\/www.eldigitaldeasturias.com\/noticias","nextItem":{"@type":"ListItem","@id":"https:\/\/www.eldigitaldeasturias.com\/noticias\/category\/actualidad\/#listItem","name":"Actualidad"}},{"@type":"ListItem","@id":"https:\/\/www.eldigitaldeasturias.com\/noticias\/category\/actualidad\/#listItem","position":2,"name":"Actualidad","item":"https:\/\/www.eldigitaldeasturias.com\/noticias\/category\/actualidad\/","nextItem":{"@type":"ListItem","@id":"https:\/\/www.eldigitaldeasturias.com\/noticias\/nace-la-primera-escuela-lean-como-arma-para-mejorar-la-competitividad\/#listItem","name":"Nace la primera escuela Lean como arma para mejorar la competitividad"},"previousItem":{"@type":"ListItem","@id":"https:\/\/www.eldigitaldeasturias.com\/noticias#listItem","name":"Home"}},{"@type":"ListItem","@id":"https:\/\/www.eldigitaldeasturias.com\/noticias\/nace-la-primera-escuela-lean-como-arma-para-mejorar-la-competitividad\/#listItem","position":3,"name":"Nace la primera escuela Lean como arma para mejorar la competitividad","previousItem":{"@type":"ListItem","@id":"https:\/\/www.eldigitaldeasturias.com\/noticias\/category\/actualidad\/#listItem","name":"Actualidad"}}]},{"@type":"Organization","@id":"https:\/\/www.eldigitaldeasturias.com\/noticias\/#organization","name":"El Digital de Asturias","description":"Hemeroteca","url":"https:\/\/www.eldigitaldeasturias.com\/noticias\/","email":"info@eldigitaldeasturias.com","telephone":"+34652131393","logo":{"@type":"ImageObject","url":"https:\/\/www.eldigitaldeasturias.com\/noticias\/wp-content\/uploads\/2020\/12\/EDA.jpg","@id":"https:\/\/www.eldigitaldeasturias.com\/noticias\/nace-la-primera-escuela-lean-como-arma-para-mejorar-la-competitividad\/#organizationLogo"},"image":{"@id":"https:\/\/www.eldigitaldeasturias.com\/noticias\/nace-la-primera-escuela-lean-como-arma-para-mejorar-la-competitividad\/#organizationLogo"},"sameAs":["https:\/\/facebook.com\/eldigitaldeasturias","https:\/\/www.youtube.com\/channel\/UCZP-2wLEB9Rv6erhFmqVnvg"],"address":{"@id":"https:\/\/www.eldigitaldeasturias.com\/noticias\/#postaladdress","@type":"PostalAddress","streetAddress":"san antonio 4","postalCode":"33430","addressLocality":"Cand\u00e1s","addressRegion":"Asturias","addressCountry":"ES"}},{"@type":"Person","@id":"https:\/\/www.eldigitaldeasturias.com\/noticias\/author\/admin\/#author","url":"https:\/\/www.eldigitaldeasturias.com\/noticias\/author\/admin\/","name":"El Digital de Asturias","image":{"@type":"ImageObject","@id":"https:\/\/www.eldigitaldeasturias.com\/noticias\/nace-la-primera-escuela-lean-como-arma-para-mejorar-la-competitividad\/#authorImage","url":"https:\/\/secure.gravatar.com\/avatar\/df2aeffc32bcd13f8d26072ef8a91b623d677766deac7f97ca815868cd41bf5e?s=96&d=mm&r=g","width":96,"height":96,"caption":"El Digital de Asturias"}},{"@type":"WebPage","@id":"https:\/\/www.eldigitaldeasturias.com\/noticias\/nace-la-primera-escuela-lean-como-arma-para-mejorar-la-competitividad\/#webpage","url":"https:\/\/www.eldigitaldeasturias.com\/noticias\/nace-la-primera-escuela-lean-como-arma-para-mejorar-la-competitividad\/","name":"Nace la primera escuela Lean como arma para mejorar la competitividad - El Digital de Asturias","description":"Valladolid, 29 ene (EFE).- La primera escuela universitaria espa\u00f1ola de aprendizaje de la cultura Lean, herramienta de gesti\u00f3n para mejorar la producci\u00f3n eliminando procesos que no aportan valor al producto, se ha inaugurado hoy en Valladolid con el objetivo ser un arma para mejorar la competitividad y la eficiencia de las empresas. La escuela, impulsada","inLanguage":"es-ES","isPartOf":{"@id":"https:\/\/www.eldigitaldeasturias.com\/noticias\/#website"},"breadcrumb":{"@id":"https:\/\/www.eldigitaldeasturias.com\/noticias\/nace-la-primera-escuela-lean-como-arma-para-mejorar-la-competitividad\/#breadcrumblist"},"author":{"@id":"https:\/\/www.eldigitaldeasturias.com\/noticias\/author\/admin\/#author"},"creator":{"@id":"https:\/\/www.eldigitaldeasturias.com\/noticias\/author\/admin\/#author"},"image":{"@type":"ImageObject","url":"https:\/\/www.eldigitaldeasturias.com\/noticias\/wp-content\/uploads\/2026\/06\/Contenidos.jpg","@id":"https:\/\/www.eldigitaldeasturias.com\/noticias\/nace-la-primera-escuela-lean-como-arma-para-mejorar-la-competitividad\/#mainImage","width":1265,"height":697,"caption":"Contenidos"},"primaryImageOfPage":{"@id":"https:\/\/www.eldigitaldeasturias.com\/noticias\/nace-la-primera-escuela-lean-como-arma-para-mejorar-la-competitividad\/#mainImage"},"datePublished":"2014-01-29T23:10:43+01:00","dateModified":"2014-01-29T23:10:43+01:00"},{"@type":"WebSite","@id":"https:\/\/www.eldigitaldeasturias.com\/noticias\/#website","url":"https:\/\/www.eldigitaldeasturias.com\/noticias\/","name":"El Digital de Asturias - Diario de actualidad y noticias","alternateName":"El Digital de Asturias - Diario de actualidad y noticias","description":"Hemeroteca","inLanguage":"es-ES","publisher":{"@id":"https:\/\/www.eldigitaldeasturias.com\/noticias\/#organization"}}]},"og:locale":"es_ES","og:site_name":"El Digital de Asturias","og:type":"article","og:title":"Nace la primera escuela Lean como arma para mejorar la competitividad - El Digital de Asturias","og:description":"Valladolid, 29 ene (EFE).- La primera escuela universitaria espa\u00f1ola de aprendizaje de la cultura Lean, herramienta de gesti\u00f3n para mejorar la producci\u00f3n eliminando procesos que no aportan valor al producto, se ha inaugurado hoy en Valladolid con el objetivo ser un arma para mejorar la competitividad y la eficiencia de las empresas. La escuela, impulsada","og:url":"https:\/\/www.eldigitaldeasturias.com\/noticias\/nace-la-primera-escuela-lean-como-arma-para-mejorar-la-competitividad\/","og:image":"https:\/\/www.eldigitaldeasturias.com\/noticias\/wp-content\/uploads\/2026\/06\/Contenidos.jpg","og:image:secure_url":"https:\/\/www.eldigitaldeasturias.com\/noticias\/wp-content\/uploads\/2026\/06\/Contenidos.jpg","og:image:width":1265,"og:image:height":697,"article:tag":["actualidad"],"article:published_time":"2014-01-30T00:10:43+00:00","article:modified_time":"2014-01-30T00:10:43+00:00","article:publisher":"https:\/\/facebook.com\/eldigitaldeasturias","twitter:card":"summary_large_image","twitter:title":"Nace la primera escuela Lean como arma para mejorar la competitividad - El Digital de Asturias","twitter:description":"Valladolid, 29 ene (EFE).- La primera escuela universitaria espa\u00f1ola de aprendizaje de la cultura Lean, herramienta de gesti\u00f3n para mejorar la producci\u00f3n eliminando procesos que no aportan valor al producto, se ha inaugurado hoy en Valladolid con el objetivo ser un arma para mejorar la competitividad y la eficiencia de las empresas. La escuela, impulsada","twitter:image":"https:\/\/www.eldigitaldeasturias.com\/noticias\/wp-content\/uploads\/2026\/06\/Contenidos.jpg","twitter:label1":"Escrito por","twitter:data1":"El Digital de Asturias","twitter:label2":"Tiempo de lectura estimado","twitter:data2":"3 minutos"},"aioseo_meta_data":{"post_id":"480301","title":null,"description":null,"keywords":null,"keyphrases":null,"primary_term":null,"canonical_url":null,"og_title":null,"og_description":null,"og_object_type":"default","og_image_type":"default","og_image_url":null,"og_image_width":null,"og_image_height":null,"og_image_custom_url":null,"og_image_custom_fields":null,"og_video":null,"og_custom_url":null,"og_article_section":null,"og_article_tags":null,"twitter_use_og":true,"twitter_card":"default","twitter_image_type":"default","twitter_image_url":null,"twitter_image_custom_url":null,"twitter_image_custom_fields":null,"twitter_title":null,"twitter_description":null,"schema":{"blockGraphs":[],"customGraphs":[],"default":{"data":{"Article":[],"Course":[],"Dataset":[],"FAQPage":[],"Movie":[],"Person":[],"Product":[],"ProductReview":[],"Car":[],"Recipe":[],"Service":[],"SoftwareApplication":[],"WebPage":[]},"graphName":"","isEnabled":true},"graphs":[],"defaultGraph":"","defaultPostTypeGraph":""},"schema_type":null,"schema_type_options":null,"pillar_content":false,"robots_default":true,"robots_noindex":false,"robots_noarchive":false,"robots_nosnippet":false,"robots_nofollow":false,"robots_noimageindex":false,"robots_noodp":false,"robots_notranslate":false,"robots_max_snippet":null,"robots_max_videopreview":null,"robots_max_imagepreview":"none","priority":null,"frequency":null,"local_seo":null,"seo_analyzer_scan_date":"2026-06-02 03:17:51","breadcrumb_settings":null,"limit_modified_date":false,"open_ai":null,"ai":null,"created":"2020-11-14 22:54:10","updated":"2026-06-02 03:17:51","focus_keyword":null,"additional_keywords":null,"truseo_locale":null},"aioseo_breadcrumb":"<div class=\"aioseo-breadcrumbs\"><span class=\"aioseo-breadcrumb\">\n\t<a href=\"https:\/\/www.eldigitaldeasturias.com\/noticias\" title=\"Home\">Home<\/a>\n<\/span><span class=\"aioseo-breadcrumb-separator\">\u2013<\/span><span class=\"aioseo-breadcrumb\">\n\t<a href=\"https:\/\/www.eldigitaldeasturias.com\/noticias\/category\/actualidad\/\" title=\"Actualidad\">Actualidad<\/a>\n<\/span><span class=\"aioseo-breadcrumb-separator\">\u2013<\/span><span class=\"aioseo-breadcrumb\">\n\t<a href=\"https:\/\/www.eldigitaldeasturias.com\/noticias\/nace-la-primera-escuela-lean-como-arma-para-mejorar-la-competitividad\/\" title=\"Nace la primera escuela Lean como arma para mejorar la competitividad\">Nace la primera escuela Lean como arma para mejorar la competitividad<\/a>\n<\/span><\/div>","aioseo_breadcrumb_json":[{"label":"Home","link":"https:\/\/www.eldigitaldeasturias.com\/noticias"},{"label":"Actualidad","link":"https:\/\/www.eldigitaldeasturias.com\/noticias\/category\/actualidad\/"},{"label":"Nace la primera escuela Lean como arma para mejorar la competitividad","link":"https:\/\/www.eldigitaldeasturias.com\/noticias\/nace-la-primera-escuela-lean-como-arma-para-mejorar-la-competitividad\/"}],"_links":{"self":[{"href":"https:\/\/www.eldigitaldeasturias.com\/noticias\/wp-json\/wp\/v2\/posts\/480301","targetHints":{"allow":["GET"]}}],"collection":[{"href":"https:\/\/www.eldigitaldeasturias.com\/noticias\/wp-json\/wp\/v2\/posts"}],"about":[{"href":"https:\/\/www.eldigitaldeasturias.com\/noticias\/wp-json\/wp\/v2\/types\/post"}],"author":[{"embeddable":true,"href":"https:\/\/www.eldigitaldeasturias.com\/noticias\/wp-json\/wp\/v2\/users\/1"}],"replies":[{"embeddable":true,"href":"https:\/\/www.eldigitaldeasturias.com\/noticias\/wp-json\/wp\/v2\/comments?post=480301"}],"version-history":[{"count":0,"href":"https:\/\/www.eldigitaldeasturias.com\/noticias\/wp-json\/wp\/v2\/posts\/480301\/revisions"}],"wp:featuredmedia":[{"embeddable":true,"href":"https:\/\/www.eldigitaldeasturias.com\/noticias\/wp-json\/wp\/v2\/media\/1132184"}],"wp:attachment":[{"href":"https:\/\/www.eldigitaldeasturias.com\/noticias\/wp-json\/wp\/v2\/media?parent=480301"}],"wp:term":[{"taxonomy":"category","embeddable":true,"href":"https:\/\/www.eldigitaldeasturias.com\/noticias\/wp-json\/wp\/v2\/categories?post=480301"},{"taxonomy":"post_tag","embeddable":true,"href":"https:\/\/www.eldigitaldeasturias.com\/noticias\/wp-json\/wp\/v2\/tags?post=480301"}],"curies":[{"name":"wp","href":"https:\/\/api.w.org\/{rel}","templated":true}]}}