{"id":480298,"date":"2014-01-29T23:09:31","date_gmt":"2014-01-30T00:09:31","guid":{"rendered":"http:\/\/www.eldigitaldeasturias.com\/noticias\/?p=480298"},"modified":"2014-01-29T23:09:31","modified_gmt":"2014-01-30T00:09:31","slug":"del-bosque-afirma-que-es-un-orgullo-defender-el-titulo-de-campeon-del-mundo-en-brasil","status":"publish","type":"post","link":"https:\/\/www.eldigitaldeasturias.com\/noticias\/del-bosque-afirma-que-es-un-orgullo-defender-el-titulo-de-campeon-del-mundo-en-brasil\/","title":{"rendered":"Del Bosque afirma que \u00abes un orgullo defender el t\u00edtulo de campe\u00f3n del mundo en Brasil\u00bb"},"content":{"rendered":"<p><img loading=\"lazy\" decoding=\"async\" class=\"alignleft size-medium wp-image-480299\" alt=\"5887116w\" src=\"https:\/\/www.eldigitaldeasturias.com\/noticias\/wp-content\/uploads\/2014\/01\/5887116w-360x239.jpg\" width=\"360\" height=\"239\" \/>Redacci\u00f3n deportes, 29 ene (EFE).- El seleccionador espa\u00f1ol Vicente del Bosque afirm\u00f3 que \u00abes un orgullo poder ir a defender un t\u00edtulo de campeones del mundo\u00bb a Brasil, sede de la pr\u00f3xima Copa del Mundo de la FIFA, ya que el pa\u00eds sudamericano es el padre del f\u00fatbol.<\/p>\n<p>\u00ab\u00a1Qui\u00e9n nos lo dir\u00eda hace unos a\u00f1os!\u00bb, se sorprendi\u00f3 Del Bosque en una entrevista publicada hoy por FIFA.com. \u00abEn Brasil han sido los padres del f\u00fatbol y para nosotros es un orgullo poder ir a defender un t\u00edtulo de campeones del mundo\u00bb, coment\u00f3.<\/p>\n<p>Sobre las opciones de revalidar el t\u00edtulo, Del Bosque indic\u00f3 que es un desaf\u00edo que \u00abpertenece a\u00fan al terreno de los sue\u00f1os\u00bb y rebaj\u00f3 la euforia que acompa\u00f1a al aficionado espa\u00f1ol. \u00abEspa\u00f1a ha tenido una cultura futbol\u00edstica pesimista, porque no pas\u00e1bamos de cuartos\u00bb, record\u00f3. \u00abEn unos a\u00f1os hemos pasado al lado contrario, con un optimismo a veces exagerado\u00bb, abund\u00f3.<\/p>\n<p>El seleccionador espa\u00f1ol remarc\u00f3 que, \u00aben la \u00e9poca de los Cristiano Ronaldo y Messi\u00bb, Espa\u00f1a ha sido la selecci\u00f3n campeona del mundo y de Europa y alab\u00f3 el estilo impuesto por los centrocampistas del Barcelona Xavi Hern\u00e1ndez, Andr\u00e9s Iniesta y Sergio Busquets, acompa\u00f1ados por el madridista Xabi Alonso.<\/p>\n<p>\u00abEn lo futbol\u00edstico mantuvimos nuestro estilo de juego, que lo marcan los grandes centrocampistas que tenemos y, fuera del campo, supimos mantener y potenciar todas las buenas relaciones entre ellos\u00bb, explic\u00f3. \u00abEso es importante para que los \u00e9xitos puedan llegar\u00bb, a\u00f1adi\u00f3.<\/p>\n<p>Del Bosque inst\u00f3 a sus jugadores a \u00abmirar para adelante sin regodearnos ni recrearnos demasiado\u00bb en los \u00e9xitos pasados y destac\u00f3 que la selecci\u00f3n espa\u00f1ola est\u00e1 preparada para acoger a los j\u00f3venes futbolistas que piden paso. \u00abHemos trabajado con un n\u00facleo estable de jugadores, pero lo hemos ampliado mucho\u00bb, subray\u00f3.<\/p>\n<p>\u00abM\u00e1s del 50% del equipo que gan\u00f3 la Eurocopa del a\u00f1o 2008 se ha renovado porque es ley de vida, inevitable. Estamos preparados para futuros relevos\u00bb, concluy\u00f3.<\/p>\n","protected":false},"excerpt":{"rendered":"<p>Redacci\u00f3n deportes, 29 ene (EFE).- El seleccionador espa\u00f1ol Vicente del Bosque afirm\u00f3 que \u00abes un orgullo poder ir a defender un t\u00edtulo de campeones del mundo\u00bb a Brasil, sede de la pr\u00f3xima Copa del Mundo de la FIFA, ya que el pa\u00eds sudamericano es el padre del f\u00fatbol. \u00ab\u00a1Qui\u00e9n nos lo dir\u00eda hace unos a\u00f1os!\u00bb, [&hellip;]<\/p>\n","protected":false},"author":1,"featured_media":1132184,"comment_status":"closed","ping_status":"open","sticky":false,"template":"","format":"standard","meta":{"footnotes":""},"categories":[1],"tags":[],"class_list":["post-480298","post","type-post","status-publish","format-standard","has-post-thumbnail","hentry","category-actualidad"],"aioseo_notices":[],"aioseo_head":"\n\t\t<!-- All in One SEO Pro 5.0.1 - aioseo.com -->\n\t<meta name=\"description\" content=\"Redacci\u00f3n deportes, 29 ene (EFE).- El seleccionador espa\u00f1ol Vicente del Bosque afirm\u00f3 que &quot;es un orgullo poder ir a defender un t\u00edtulo de campeones del mundo&quot; a Brasil, sede de la pr\u00f3xima Copa del Mundo de la FIFA, ya que el pa\u00eds sudamericano es el padre del f\u00fatbol. &quot;\u00a1Qui\u00e9n nos lo dir\u00eda hace unos a\u00f1os!&quot;,\" \/>\n\t<meta name=\"robots\" content=\"max-image-preview:large\" \/>\n\t<meta name=\"author\" content=\"El Digital de Asturias\"\/>\n\t<meta name=\"google-site-verification\" content=\"UA-38556648-1\" \/>\n\t<meta name=\"msvalidate.01\" content=\"7dfe9f3f1b24437ab69f4f2559babe99\" \/>\n\t<meta name=\"keywords\" content=\"actualidad\" \/>\n\t<link rel=\"canonical\" href=\"https:\/\/www.eldigitaldeasturias.com\/noticias\/del-bosque-afirma-que-es-un-orgullo-defender-el-titulo-de-campeon-del-mundo-en-brasil\/\" \/>\n\t<meta name=\"generator\" content=\"All in One SEO Pro (AIOSEO) 5.0.1\" \/>\n\t\t<meta property=\"og:locale\" content=\"es_ES\" \/>\n\t\t<meta property=\"og:site_name\" content=\"El Digital de Asturias\" \/>\n\t\t<meta property=\"og:type\" content=\"article\" \/>\n\t\t<meta property=\"og:title\" content=\"Del Bosque afirma que \u00abes un orgullo defender el t\u00edtulo de campe\u00f3n del mundo en Brasil\u00bb - El Digital de Asturias\" \/>\n\t\t<meta property=\"og:description\" content=\"Redacci\u00f3n deportes, 29 ene (EFE).- El seleccionador espa\u00f1ol Vicente del Bosque afirm\u00f3 que &quot;es un orgullo poder ir a defender un t\u00edtulo de campeones del mundo&quot; a Brasil, sede de la pr\u00f3xima Copa del Mundo de la FIFA, ya que el pa\u00eds sudamericano es el padre del f\u00fatbol. &quot;\u00a1Qui\u00e9n nos lo dir\u00eda hace unos a\u00f1os!&quot;,\" \/>\n\t\t<meta property=\"og:url\" content=\"https:\/\/www.eldigitaldeasturias.com\/noticias\/del-bosque-afirma-que-es-un-orgullo-defender-el-titulo-de-campeon-del-mundo-en-brasil\/\" \/>\n\t\t<meta property=\"og:image\" content=\"https:\/\/www.eldigitaldeasturias.com\/noticias\/wp-content\/uploads\/2026\/06\/Contenidos.jpg\" \/>\n\t\t<meta property=\"og:image:secure_url\" content=\"https:\/\/www.eldigitaldeasturias.com\/noticias\/wp-content\/uploads\/2026\/06\/Contenidos.jpg\" \/>\n\t\t<meta property=\"og:image:width\" content=\"1265\" \/>\n\t\t<meta property=\"og:image:height\" content=\"697\" \/>\n\t\t<meta property=\"article:tag\" content=\"actualidad\" \/>\n\t\t<meta property=\"article:published_time\" content=\"2014-01-30T00:09:31+00:00\" \/>\n\t\t<meta property=\"article:modified_time\" content=\"2014-01-30T00:09:31+00:00\" \/>\n\t\t<meta property=\"article:publisher\" content=\"https:\/\/facebook.com\/eldigitaldeasturias\" \/>\n\t\t<meta name=\"twitter:card\" content=\"summary_large_image\" \/>\n\t\t<meta name=\"twitter:title\" content=\"Del Bosque afirma que \u00abes un orgullo defender el t\u00edtulo de campe\u00f3n del mundo en Brasil\u00bb - El Digital de Asturias\" \/>\n\t\t<meta name=\"twitter:description\" content=\"Redacci\u00f3n deportes, 29 ene (EFE).- El seleccionador espa\u00f1ol Vicente del Bosque afirm\u00f3 que &quot;es un orgullo poder ir a defender un t\u00edtulo de campeones del mundo&quot; a Brasil, sede de la pr\u00f3xima Copa del Mundo de la FIFA, ya que el pa\u00eds sudamericano es el padre del f\u00fatbol. &quot;\u00a1Qui\u00e9n nos lo dir\u00eda hace unos a\u00f1os!&quot;,\" \/>\n\t\t<meta name=\"twitter:image\" content=\"https:\/\/www.eldigitaldeasturias.com\/noticias\/wp-content\/uploads\/2026\/06\/Contenidos.jpg\" \/>\n\t\t<meta name=\"twitter:label1\" content=\"Escrito por\" \/>\n\t\t<meta name=\"twitter:data1\" content=\"El Digital de Asturias\" \/>\n\t\t<meta name=\"twitter:label2\" content=\"Tiempo de lectura estimado\" \/>\n\t\t<meta name=\"twitter:data2\" content=\"2 minutos\" \/>\n\t\t<script type=\"application\/ld+json\" class=\"aioseo-schema\">\n\t\t\t{\"@context\":\"https:\\\/\\\/schema.org\",\"@graph\":[{\"@type\":\"BlogPosting\",\"@id\":\"https:\\\/\\\/www.eldigitaldeasturias.com\\\/noticias\\\/del-bosque-afirma-que-es-un-orgullo-defender-el-titulo-de-campeon-del-mundo-en-brasil\\\/#blogposting\",\"name\":\"Del Bosque afirma que \\u00abes un orgullo defender el t\\u00edtulo de campe\\u00f3n del mundo en Brasil\\u00bb - El Digital de Asturias\",\"headline\":\"Del Bosque afirma que \\u00abes un orgullo defender el t\\u00edtulo de campe\\u00f3n del mundo en Brasil\\u00bb\",\"author\":{\"@id\":\"https:\\\/\\\/www.eldigitaldeasturias.com\\\/noticias\\\/author\\\/admin\\\/#author\"},\"publisher\":{\"@id\":\"https:\\\/\\\/www.eldigitaldeasturias.com\\\/noticias\\\/#organization\"},\"image\":{\"@type\":\"ImageObject\",\"url\":\"https:\\\/\\\/www.eldigitaldeasturias.com\\\/noticias\\\/wp-content\\\/uploads\\\/2026\\\/06\\\/Contenidos.jpg\",\"width\":1265,\"height\":697,\"caption\":\"Contenidos\"},\"datePublished\":\"2014-01-29T23:09:31+01:00\",\"dateModified\":\"2014-01-29T23:09:31+01:00\",\"inLanguage\":\"es-ES\",\"mainEntityOfPage\":{\"@id\":\"https:\\\/\\\/www.eldigitaldeasturias.com\\\/noticias\\\/del-bosque-afirma-que-es-un-orgullo-defender-el-titulo-de-campeon-del-mundo-en-brasil\\\/#webpage\"},\"isPartOf\":{\"@id\":\"https:\\\/\\\/www.eldigitaldeasturias.com\\\/noticias\\\/del-bosque-afirma-que-es-un-orgullo-defender-el-titulo-de-campeon-del-mundo-en-brasil\\\/#webpage\"},\"articleSection\":\"Actualidad\"},{\"@type\":\"BreadcrumbList\",\"@id\":\"https:\\\/\\\/www.eldigitaldeasturias.com\\\/noticias\\\/del-bosque-afirma-que-es-un-orgullo-defender-el-titulo-de-campeon-del-mundo-en-brasil\\\/#breadcrumblist\",\"itemListElement\":[{\"@type\":\"ListItem\",\"@id\":\"https:\\\/\\\/www.eldigitaldeasturias.com\\\/noticias#listItem\",\"position\":1,\"name\":\"Home\",\"item\":\"https:\\\/\\\/www.eldigitaldeasturias.com\\\/noticias\",\"nextItem\":{\"@type\":\"ListItem\",\"@id\":\"https:\\\/\\\/www.eldigitaldeasturias.com\\\/noticias\\\/category\\\/actualidad\\\/#listItem\",\"name\":\"Actualidad\"}},{\"@type\":\"ListItem\",\"@id\":\"https:\\\/\\\/www.eldigitaldeasturias.com\\\/noticias\\\/category\\\/actualidad\\\/#listItem\",\"position\":2,\"name\":\"Actualidad\",\"item\":\"https:\\\/\\\/www.eldigitaldeasturias.com\\\/noticias\\\/category\\\/actualidad\\\/\",\"nextItem\":{\"@type\":\"ListItem\",\"@id\":\"https:\\\/\\\/www.eldigitaldeasturias.com\\\/noticias\\\/del-bosque-afirma-que-es-un-orgullo-defender-el-titulo-de-campeon-del-mundo-en-brasil\\\/#listItem\",\"name\":\"Del Bosque afirma que \\u00abes un orgullo defender el t\\u00edtulo de campe\\u00f3n del mundo en Brasil\\u00bb\"},\"previousItem\":{\"@type\":\"ListItem\",\"@id\":\"https:\\\/\\\/www.eldigitaldeasturias.com\\\/noticias#listItem\",\"name\":\"Home\"}},{\"@type\":\"ListItem\",\"@id\":\"https:\\\/\\\/www.eldigitaldeasturias.com\\\/noticias\\\/del-bosque-afirma-que-es-un-orgullo-defender-el-titulo-de-campeon-del-mundo-en-brasil\\\/#listItem\",\"position\":3,\"name\":\"Del Bosque afirma que \\u00abes un orgullo defender el t\\u00edtulo de campe\\u00f3n del mundo en Brasil\\u00bb\",\"previousItem\":{\"@type\":\"ListItem\",\"@id\":\"https:\\\/\\\/www.eldigitaldeasturias.com\\\/noticias\\\/category\\\/actualidad\\\/#listItem\",\"name\":\"Actualidad\"}}]},{\"@type\":\"Organization\",\"@id\":\"https:\\\/\\\/www.eldigitaldeasturias.com\\\/noticias\\\/#organization\",\"name\":\"El Digital de Asturias\",\"description\":\"Hemeroteca\",\"url\":\"https:\\\/\\\/www.eldigitaldeasturias.com\\\/noticias\\\/\",\"email\":\"info@eldigitaldeasturias.com\",\"telephone\":\"+34652131393\",\"logo\":{\"@type\":\"ImageObject\",\"url\":\"https:\\\/\\\/www.eldigitaldeasturias.com\\\/noticias\\\/wp-content\\\/uploads\\\/2020\\\/12\\\/EDA.jpg\",\"@id\":\"https:\\\/\\\/www.eldigitaldeasturias.com\\\/noticias\\\/del-bosque-afirma-que-es-un-orgullo-defender-el-titulo-de-campeon-del-mundo-en-brasil\\\/#organizationLogo\"},\"image\":{\"@id\":\"https:\\\/\\\/www.eldigitaldeasturias.com\\\/noticias\\\/del-bosque-afirma-que-es-un-orgullo-defender-el-titulo-de-campeon-del-mundo-en-brasil\\\/#organizationLogo\"},\"sameAs\":[\"https:\\\/\\\/facebook.com\\\/eldigitaldeasturias\",\"https:\\\/\\\/www.youtube.com\\\/channel\\\/UCZP-2wLEB9Rv6erhFmqVnvg\"],\"address\":{\"@id\":\"https:\\\/\\\/www.eldigitaldeasturias.com\\\/noticias\\\/#postaladdress\",\"@type\":\"PostalAddress\",\"streetAddress\":\"san antonio 4\",\"postalCode\":\"33430\",\"addressLocality\":\"Cand\\u00e1s\",\"addressRegion\":\"Asturias\",\"addressCountry\":\"ES\"}},{\"@type\":\"Person\",\"@id\":\"https:\\\/\\\/www.eldigitaldeasturias.com\\\/noticias\\\/author\\\/admin\\\/#author\",\"url\":\"https:\\\/\\\/www.eldigitaldeasturias.com\\\/noticias\\\/author\\\/admin\\\/\",\"name\":\"El Digital de Asturias\",\"image\":{\"@type\":\"ImageObject\",\"@id\":\"https:\\\/\\\/www.eldigitaldeasturias.com\\\/noticias\\\/del-bosque-afirma-que-es-un-orgullo-defender-el-titulo-de-campeon-del-mundo-en-brasil\\\/#authorImage\",\"url\":\"https:\\\/\\\/secure.gravatar.com\\\/avatar\\\/df2aeffc32bcd13f8d26072ef8a91b623d677766deac7f97ca815868cd41bf5e?s=96&d=mm&r=g\",\"width\":96,\"height\":96,\"caption\":\"El Digital de Asturias\"}},{\"@type\":\"WebPage\",\"@id\":\"https:\\\/\\\/www.eldigitaldeasturias.com\\\/noticias\\\/del-bosque-afirma-que-es-un-orgullo-defender-el-titulo-de-campeon-del-mundo-en-brasil\\\/#webpage\",\"url\":\"https:\\\/\\\/www.eldigitaldeasturias.com\\\/noticias\\\/del-bosque-afirma-que-es-un-orgullo-defender-el-titulo-de-campeon-del-mundo-en-brasil\\\/\",\"name\":\"Del Bosque afirma que \\u00abes un orgullo defender el t\\u00edtulo de campe\\u00f3n del mundo en Brasil\\u00bb - El Digital de Asturias\",\"description\":\"Redacci\\u00f3n deportes, 29 ene (EFE).- El seleccionador espa\\u00f1ol Vicente del Bosque afirm\\u00f3 que \\\"es un orgullo poder ir a defender un t\\u00edtulo de campeones del mundo\\\" a Brasil, sede de la pr\\u00f3xima Copa del Mundo de la FIFA, ya que el pa\\u00eds sudamericano es el padre del f\\u00fatbol. \\\"\\u00a1Qui\\u00e9n nos lo dir\\u00eda hace unos a\\u00f1os!\\\",\",\"inLanguage\":\"es-ES\",\"isPartOf\":{\"@id\":\"https:\\\/\\\/www.eldigitaldeasturias.com\\\/noticias\\\/#website\"},\"breadcrumb\":{\"@id\":\"https:\\\/\\\/www.eldigitaldeasturias.com\\\/noticias\\\/del-bosque-afirma-que-es-un-orgullo-defender-el-titulo-de-campeon-del-mundo-en-brasil\\\/#breadcrumblist\"},\"author\":{\"@id\":\"https:\\\/\\\/www.eldigitaldeasturias.com\\\/noticias\\\/author\\\/admin\\\/#author\"},\"creator\":{\"@id\":\"https:\\\/\\\/www.eldigitaldeasturias.com\\\/noticias\\\/author\\\/admin\\\/#author\"},\"image\":{\"@type\":\"ImageObject\",\"url\":\"https:\\\/\\\/www.eldigitaldeasturias.com\\\/noticias\\\/wp-content\\\/uploads\\\/2026\\\/06\\\/Contenidos.jpg\",\"@id\":\"https:\\\/\\\/www.eldigitaldeasturias.com\\\/noticias\\\/del-bosque-afirma-que-es-un-orgullo-defender-el-titulo-de-campeon-del-mundo-en-brasil\\\/#mainImage\",\"width\":1265,\"height\":697,\"caption\":\"Contenidos\"},\"primaryImageOfPage\":{\"@id\":\"https:\\\/\\\/www.eldigitaldeasturias.com\\\/noticias\\\/del-bosque-afirma-que-es-un-orgullo-defender-el-titulo-de-campeon-del-mundo-en-brasil\\\/#mainImage\"},\"datePublished\":\"2014-01-29T23:09:31+01:00\",\"dateModified\":\"2014-01-29T23:09:31+01:00\"},{\"@type\":\"WebSite\",\"@id\":\"https:\\\/\\\/www.eldigitaldeasturias.com\\\/noticias\\\/#website\",\"url\":\"https:\\\/\\\/www.eldigitaldeasturias.com\\\/noticias\\\/\",\"name\":\"El Digital de Asturias - Diario de actualidad y noticias\",\"alternateName\":\"El Digital de Asturias - Diario de actualidad y noticias\",\"description\":\"Hemeroteca\",\"inLanguage\":\"es-ES\",\"publisher\":{\"@id\":\"https:\\\/\\\/www.eldigitaldeasturias.com\\\/noticias\\\/#organization\"}}]}\n\t\t<\/script>\n\t\t<!-- All in One SEO Pro -->\r\n\t\t<title>Del Bosque afirma que \u00abes un orgullo defender el t\u00edtulo de campe\u00f3n del mundo en Brasil\u00bb - El Digital de Asturias<\/title>\n\n","aioseo_head_json":{"title":"Del Bosque afirma que \u00abes un orgullo defender el t\u00edtulo de campe\u00f3n del mundo en Brasil\u00bb - El Digital de Asturias","description":"Redacci\u00f3n deportes, 29 ene (EFE).- El seleccionador espa\u00f1ol Vicente del Bosque afirm\u00f3 que \"es un orgullo poder ir a defender un t\u00edtulo de campeones del mundo\" a Brasil, sede de la pr\u00f3xima Copa del Mundo de la FIFA, ya que el pa\u00eds sudamericano es el padre del f\u00fatbol. \"\u00a1Qui\u00e9n nos lo dir\u00eda hace unos a\u00f1os!\",","canonical_url":"https:\/\/www.eldigitaldeasturias.com\/noticias\/del-bosque-afirma-que-es-un-orgullo-defender-el-titulo-de-campeon-del-mundo-en-brasil\/","robots":"max-image-preview:large","keywords":"actualidad","webmasterTools":{"google-site-verification":"UA-38556648-1","msvalidate.01":"7dfe9f3f1b24437ab69f4f2559babe99","miscellaneous":""},"schema":{"@context":"https:\/\/schema.org","@graph":[{"@type":"BlogPosting","@id":"https:\/\/www.eldigitaldeasturias.com\/noticias\/del-bosque-afirma-que-es-un-orgullo-defender-el-titulo-de-campeon-del-mundo-en-brasil\/#blogposting","name":"Del Bosque afirma que \u00abes un orgullo defender el t\u00edtulo de campe\u00f3n del mundo en Brasil\u00bb - El Digital de Asturias","headline":"Del Bosque afirma que \u00abes un orgullo defender el t\u00edtulo de campe\u00f3n del mundo en Brasil\u00bb","author":{"@id":"https:\/\/www.eldigitaldeasturias.com\/noticias\/author\/admin\/#author"},"publisher":{"@id":"https:\/\/www.eldigitaldeasturias.com\/noticias\/#organization"},"image":{"@type":"ImageObject","url":"https:\/\/www.eldigitaldeasturias.com\/noticias\/wp-content\/uploads\/2026\/06\/Contenidos.jpg","width":1265,"height":697,"caption":"Contenidos"},"datePublished":"2014-01-29T23:09:31+01:00","dateModified":"2014-01-29T23:09:31+01:00","inLanguage":"es-ES","mainEntityOfPage":{"@id":"https:\/\/www.eldigitaldeasturias.com\/noticias\/del-bosque-afirma-que-es-un-orgullo-defender-el-titulo-de-campeon-del-mundo-en-brasil\/#webpage"},"isPartOf":{"@id":"https:\/\/www.eldigitaldeasturias.com\/noticias\/del-bosque-afirma-que-es-un-orgullo-defender-el-titulo-de-campeon-del-mundo-en-brasil\/#webpage"},"articleSection":"Actualidad"},{"@type":"BreadcrumbList","@id":"https:\/\/www.eldigitaldeasturias.com\/noticias\/del-bosque-afirma-que-es-un-orgullo-defender-el-titulo-de-campeon-del-mundo-en-brasil\/#breadcrumblist","itemListElement":[{"@type":"ListItem","@id":"https:\/\/www.eldigitaldeasturias.com\/noticias#listItem","position":1,"name":"Home","item":"https:\/\/www.eldigitaldeasturias.com\/noticias","nextItem":{"@type":"ListItem","@id":"https:\/\/www.eldigitaldeasturias.com\/noticias\/category\/actualidad\/#listItem","name":"Actualidad"}},{"@type":"ListItem","@id":"https:\/\/www.eldigitaldeasturias.com\/noticias\/category\/actualidad\/#listItem","position":2,"name":"Actualidad","item":"https:\/\/www.eldigitaldeasturias.com\/noticias\/category\/actualidad\/","nextItem":{"@type":"ListItem","@id":"https:\/\/www.eldigitaldeasturias.com\/noticias\/del-bosque-afirma-que-es-un-orgullo-defender-el-titulo-de-campeon-del-mundo-en-brasil\/#listItem","name":"Del Bosque afirma que \u00abes un orgullo defender el t\u00edtulo de campe\u00f3n del mundo en Brasil\u00bb"},"previousItem":{"@type":"ListItem","@id":"https:\/\/www.eldigitaldeasturias.com\/noticias#listItem","name":"Home"}},{"@type":"ListItem","@id":"https:\/\/www.eldigitaldeasturias.com\/noticias\/del-bosque-afirma-que-es-un-orgullo-defender-el-titulo-de-campeon-del-mundo-en-brasil\/#listItem","position":3,"name":"Del Bosque afirma que \u00abes un orgullo defender el t\u00edtulo de campe\u00f3n del mundo en Brasil\u00bb","previousItem":{"@type":"ListItem","@id":"https:\/\/www.eldigitaldeasturias.com\/noticias\/category\/actualidad\/#listItem","name":"Actualidad"}}]},{"@type":"Organization","@id":"https:\/\/www.eldigitaldeasturias.com\/noticias\/#organization","name":"El Digital de Asturias","description":"Hemeroteca","url":"https:\/\/www.eldigitaldeasturias.com\/noticias\/","email":"info@eldigitaldeasturias.com","telephone":"+34652131393","logo":{"@type":"ImageObject","url":"https:\/\/www.eldigitaldeasturias.com\/noticias\/wp-content\/uploads\/2020\/12\/EDA.jpg","@id":"https:\/\/www.eldigitaldeasturias.com\/noticias\/del-bosque-afirma-que-es-un-orgullo-defender-el-titulo-de-campeon-del-mundo-en-brasil\/#organizationLogo"},"image":{"@id":"https:\/\/www.eldigitaldeasturias.com\/noticias\/del-bosque-afirma-que-es-un-orgullo-defender-el-titulo-de-campeon-del-mundo-en-brasil\/#organizationLogo"},"sameAs":["https:\/\/facebook.com\/eldigitaldeasturias","https:\/\/www.youtube.com\/channel\/UCZP-2wLEB9Rv6erhFmqVnvg"],"address":{"@id":"https:\/\/www.eldigitaldeasturias.com\/noticias\/#postaladdress","@type":"PostalAddress","streetAddress":"san antonio 4","postalCode":"33430","addressLocality":"Cand\u00e1s","addressRegion":"Asturias","addressCountry":"ES"}},{"@type":"Person","@id":"https:\/\/www.eldigitaldeasturias.com\/noticias\/author\/admin\/#author","url":"https:\/\/www.eldigitaldeasturias.com\/noticias\/author\/admin\/","name":"El Digital de Asturias","image":{"@type":"ImageObject","@id":"https:\/\/www.eldigitaldeasturias.com\/noticias\/del-bosque-afirma-que-es-un-orgullo-defender-el-titulo-de-campeon-del-mundo-en-brasil\/#authorImage","url":"https:\/\/secure.gravatar.com\/avatar\/df2aeffc32bcd13f8d26072ef8a91b623d677766deac7f97ca815868cd41bf5e?s=96&d=mm&r=g","width":96,"height":96,"caption":"El Digital de Asturias"}},{"@type":"WebPage","@id":"https:\/\/www.eldigitaldeasturias.com\/noticias\/del-bosque-afirma-que-es-un-orgullo-defender-el-titulo-de-campeon-del-mundo-en-brasil\/#webpage","url":"https:\/\/www.eldigitaldeasturias.com\/noticias\/del-bosque-afirma-que-es-un-orgullo-defender-el-titulo-de-campeon-del-mundo-en-brasil\/","name":"Del Bosque afirma que \u00abes un orgullo defender el t\u00edtulo de campe\u00f3n del mundo en Brasil\u00bb - El Digital de Asturias","description":"Redacci\u00f3n deportes, 29 ene (EFE).- El seleccionador espa\u00f1ol Vicente del Bosque afirm\u00f3 que \"es un orgullo poder ir a defender un t\u00edtulo de campeones del mundo\" a Brasil, sede de la pr\u00f3xima Copa del Mundo de la FIFA, ya que el pa\u00eds sudamericano es el padre del f\u00fatbol. \"\u00a1Qui\u00e9n nos lo dir\u00eda hace unos a\u00f1os!\",","inLanguage":"es-ES","isPartOf":{"@id":"https:\/\/www.eldigitaldeasturias.com\/noticias\/#website"},"breadcrumb":{"@id":"https:\/\/www.eldigitaldeasturias.com\/noticias\/del-bosque-afirma-que-es-un-orgullo-defender-el-titulo-de-campeon-del-mundo-en-brasil\/#breadcrumblist"},"author":{"@id":"https:\/\/www.eldigitaldeasturias.com\/noticias\/author\/admin\/#author"},"creator":{"@id":"https:\/\/www.eldigitaldeasturias.com\/noticias\/author\/admin\/#author"},"image":{"@type":"ImageObject","url":"https:\/\/www.eldigitaldeasturias.com\/noticias\/wp-content\/uploads\/2026\/06\/Contenidos.jpg","@id":"https:\/\/www.eldigitaldeasturias.com\/noticias\/del-bosque-afirma-que-es-un-orgullo-defender-el-titulo-de-campeon-del-mundo-en-brasil\/#mainImage","width":1265,"height":697,"caption":"Contenidos"},"primaryImageOfPage":{"@id":"https:\/\/www.eldigitaldeasturias.com\/noticias\/del-bosque-afirma-que-es-un-orgullo-defender-el-titulo-de-campeon-del-mundo-en-brasil\/#mainImage"},"datePublished":"2014-01-29T23:09:31+01:00","dateModified":"2014-01-29T23:09:31+01:00"},{"@type":"WebSite","@id":"https:\/\/www.eldigitaldeasturias.com\/noticias\/#website","url":"https:\/\/www.eldigitaldeasturias.com\/noticias\/","name":"El Digital de Asturias - Diario de actualidad y noticias","alternateName":"El Digital de Asturias - Diario de actualidad y noticias","description":"Hemeroteca","inLanguage":"es-ES","publisher":{"@id":"https:\/\/www.eldigitaldeasturias.com\/noticias\/#organization"}}]},"og:locale":"es_ES","og:site_name":"El Digital de Asturias","og:type":"article","og:title":"Del Bosque afirma que \u00abes un orgullo defender el t\u00edtulo de campe\u00f3n del mundo en Brasil\u00bb - El Digital de Asturias","og:description":"Redacci\u00f3n deportes, 29 ene (EFE).- El seleccionador espa\u00f1ol Vicente del Bosque afirm\u00f3 que &quot;es un orgullo poder ir a defender un t\u00edtulo de campeones del mundo&quot; a Brasil, sede de la pr\u00f3xima Copa del Mundo de la FIFA, ya que el pa\u00eds sudamericano es el padre del f\u00fatbol. &quot;\u00a1Qui\u00e9n nos lo dir\u00eda hace unos a\u00f1os!&quot;,","og:url":"https:\/\/www.eldigitaldeasturias.com\/noticias\/del-bosque-afirma-que-es-un-orgullo-defender-el-titulo-de-campeon-del-mundo-en-brasil\/","og:image":"https:\/\/www.eldigitaldeasturias.com\/noticias\/wp-content\/uploads\/2026\/06\/Contenidos.jpg","og:image:secure_url":"https:\/\/www.eldigitaldeasturias.com\/noticias\/wp-content\/uploads\/2026\/06\/Contenidos.jpg","og:image:width":1265,"og:image:height":697,"article:tag":["actualidad"],"article:published_time":"2014-01-30T00:09:31+00:00","article:modified_time":"2014-01-30T00:09:31+00:00","article:publisher":"https:\/\/facebook.com\/eldigitaldeasturias","twitter:card":"summary_large_image","twitter:title":"Del Bosque afirma que \u00abes un orgullo defender el t\u00edtulo de campe\u00f3n del mundo en Brasil\u00bb - El Digital de Asturias","twitter:description":"Redacci\u00f3n deportes, 29 ene (EFE).- El seleccionador espa\u00f1ol Vicente del Bosque afirm\u00f3 que &quot;es un orgullo poder ir a defender un t\u00edtulo de campeones del mundo&quot; a Brasil, sede de la pr\u00f3xima Copa del Mundo de la FIFA, ya que el pa\u00eds sudamericano es el padre del f\u00fatbol. &quot;\u00a1Qui\u00e9n nos lo dir\u00eda hace unos a\u00f1os!&quot;,","twitter:image":"https:\/\/www.eldigitaldeasturias.com\/noticias\/wp-content\/uploads\/2026\/06\/Contenidos.jpg","twitter:label1":"Escrito por","twitter:data1":"El Digital de Asturias","twitter:label2":"Tiempo de lectura estimado","twitter:data2":"2 minutos"},"aioseo_meta_data":{"post_id":"480298","title":null,"description":null,"keywords":null,"keyphrases":null,"primary_term":null,"canonical_url":null,"og_title":null,"og_description":null,"og_object_type":"default","og_image_type":"default","og_image_url":null,"og_image_width":null,"og_image_height":null,"og_image_custom_url":null,"og_image_custom_fields":null,"og_video":null,"og_custom_url":null,"og_article_section":null,"og_article_tags":null,"twitter_use_og":true,"twitter_card":"default","twitter_image_type":"default","twitter_image_url":null,"twitter_image_custom_url":null,"twitter_image_custom_fields":null,"twitter_title":null,"twitter_description":null,"schema":{"blockGraphs":[],"customGraphs":[],"default":{"data":{"Article":[],"Course":[],"Dataset":[],"FAQPage":[],"Movie":[],"Person":[],"Product":[],"ProductReview":[],"Car":[],"Recipe":[],"Service":[],"SoftwareApplication":[],"WebPage":[]},"graphName":"","isEnabled":true},"graphs":[],"defaultGraph":"","defaultPostTypeGraph":""},"schema_type":null,"schema_type_options":null,"pillar_content":false,"robots_default":true,"robots_noindex":false,"robots_noarchive":false,"robots_nosnippet":false,"robots_nofollow":false,"robots_noimageindex":false,"robots_noodp":false,"robots_notranslate":false,"robots_max_snippet":null,"robots_max_videopreview":null,"robots_max_imagepreview":"none","priority":null,"frequency":null,"local_seo":null,"seo_analyzer_scan_date":"2026-06-02 03:17:50","breadcrumb_settings":null,"limit_modified_date":false,"open_ai":null,"ai":null,"created":"2020-11-14 22:54:10","updated":"2026-06-02 03:17:50","focus_keyword":null,"additional_keywords":null,"truseo_locale":null},"aioseo_breadcrumb":"<div class=\"aioseo-breadcrumbs\"><span class=\"aioseo-breadcrumb\">\n\t<a href=\"https:\/\/www.eldigitaldeasturias.com\/noticias\" title=\"Home\">Home<\/a>\n<\/span><span class=\"aioseo-breadcrumb-separator\">\u2013<\/span><span class=\"aioseo-breadcrumb\">\n\t<a href=\"https:\/\/www.eldigitaldeasturias.com\/noticias\/category\/actualidad\/\" title=\"Actualidad\">Actualidad<\/a>\n<\/span><span class=\"aioseo-breadcrumb-separator\">\u2013<\/span><span class=\"aioseo-breadcrumb\">\n\t<a href=\"https:\/\/www.eldigitaldeasturias.com\/noticias\/del-bosque-afirma-que-es-un-orgullo-defender-el-titulo-de-campeon-del-mundo-en-brasil\/\" title=\"Del Bosque afirma que \u00abes un orgullo defender el t\u00edtulo de campe\u00f3n del mundo en Brasil\u00bb\">Del Bosque afirma que \u00abes un orgullo defender el t\u00edtulo de campe\u00f3n del mundo en Brasil\u00bb<\/a>\n<\/span><\/div>","aioseo_breadcrumb_json":[{"label":"Home","link":"https:\/\/www.eldigitaldeasturias.com\/noticias"},{"label":"Actualidad","link":"https:\/\/www.eldigitaldeasturias.com\/noticias\/category\/actualidad\/"},{"label":"Del Bosque afirma que \u00abes un orgullo defender el t\u00edtulo de campe\u00f3n del mundo en Brasil\u00bb","link":"https:\/\/www.eldigitaldeasturias.com\/noticias\/del-bosque-afirma-que-es-un-orgullo-defender-el-titulo-de-campeon-del-mundo-en-brasil\/"}],"_links":{"self":[{"href":"https:\/\/www.eldigitaldeasturias.com\/noticias\/wp-json\/wp\/v2\/posts\/480298","targetHints":{"allow":["GET"]}}],"collection":[{"href":"https:\/\/www.eldigitaldeasturias.com\/noticias\/wp-json\/wp\/v2\/posts"}],"about":[{"href":"https:\/\/www.eldigitaldeasturias.com\/noticias\/wp-json\/wp\/v2\/types\/post"}],"author":[{"embeddable":true,"href":"https:\/\/www.eldigitaldeasturias.com\/noticias\/wp-json\/wp\/v2\/users\/1"}],"replies":[{"embeddable":true,"href":"https:\/\/www.eldigitaldeasturias.com\/noticias\/wp-json\/wp\/v2\/comments?post=480298"}],"version-history":[{"count":0,"href":"https:\/\/www.eldigitaldeasturias.com\/noticias\/wp-json\/wp\/v2\/posts\/480298\/revisions"}],"wp:featuredmedia":[{"embeddable":true,"href":"https:\/\/www.eldigitaldeasturias.com\/noticias\/wp-json\/wp\/v2\/media\/1132184"}],"wp:attachment":[{"href":"https:\/\/www.eldigitaldeasturias.com\/noticias\/wp-json\/wp\/v2\/media?parent=480298"}],"wp:term":[{"taxonomy":"category","embeddable":true,"href":"https:\/\/www.eldigitaldeasturias.com\/noticias\/wp-json\/wp\/v2\/categories?post=480298"},{"taxonomy":"post_tag","embeddable":true,"href":"https:\/\/www.eldigitaldeasturias.com\/noticias\/wp-json\/wp\/v2\/tags?post=480298"}],"curies":[{"name":"wp","href":"https:\/\/api.w.org\/{rel}","templated":true}]}}