{"id":480295,"date":"2014-01-29T23:08:19","date_gmt":"2014-01-30T00:08:19","guid":{"rendered":"http:\/\/www.eldigitaldeasturias.com\/noticias\/?p=480295"},"modified":"2014-01-29T23:08:19","modified_gmt":"2014-01-30T00:08:19","slug":"faes-considera-la-secesion-de-cataluna-como-un-absurdo-y-destructivo-empeno","status":"publish","type":"post","link":"https:\/\/www.eldigitaldeasturias.com\/noticias\/faes-considera-la-secesion-de-cataluna-como-un-absurdo-y-destructivo-empeno\/","title":{"rendered":"FAES considera la secesi\u00f3n de Catalu\u00f1a como un \u00ababsurdo y destructivo empe\u00f1o\u00bb"},"content":{"rendered":"<p><img loading=\"lazy\" decoding=\"async\" class=\"alignleft size-medium wp-image-480296\" alt=\"5886849w\" src=\"https:\/\/www.eldigitaldeasturias.com\/noticias\/wp-content\/uploads\/2014\/01\/5886849w-360x239.jpg\" width=\"360\" height=\"239\" \/>Madrid, 29 ene (EFE).- La fundaci\u00f3n FAES, presidida por el exjefe del Ejecutivo Jos\u00e9 Mar\u00eda Aznar, ha publicado un documento con veinte preguntas con respuestas sobre la secesi\u00f3n catalana en el que considera esta aspiraci\u00f3n como \u00abel m\u00e1s absurdo y gratuitamente destructivo empe\u00f1o pol\u00edtico, econ\u00f3mico y social de la historia de Catalu\u00f1a\u00bb.<\/p>\n<p>El documento, hecho p\u00fablico un d\u00eda despu\u00e9s de que se conociera que Aznar no participar\u00e1 en la Convenci\u00f3n Nacional del PP del pr\u00f3ximo fin de semana, expone una argumentaci\u00f3n \u00abs\u00f3lida\u00bb, seg\u00fan FAES, de los aspectos hist\u00f3ricos, jur\u00eddicos, pol\u00edticos, sociales y culturales presentes en el desaf\u00edo catal\u00e1n.<\/p>\n<p>Un texto respaldado por un trabajo previo de reflexi\u00f3n y debate que, coordinado por la Fundaci\u00f3n FAES, se ha llevado a cabo dentro y fuera de Catalu\u00f1a por acad\u00e9micos, pol\u00edticos, economistas y miembros de la sociedad civil.<\/p>\n<p>La fundaci\u00f3n encabezada por Aznar da sus respuestas al porqu\u00e9 y al c\u00f3mo de esta pretensi\u00f3n, as\u00ed como al coste de la misma y al resultado previsible del proceso soberanista.<\/p>\n<p>FAES afirma que el documento, que tambi\u00e9n se ha editado en catal\u00e1n, ha sido redactado desde \u00abel convencimiento de que la secesi\u00f3n, si llegara a producirse, lejos de ser expresi\u00f3n de la identidad catalana, solo ser\u00eda resultado de la fractura de esa misma identidad de los catalanes y de todos los espa\u00f1oles\u00bb.<\/p>\n<p>A\u00f1ade que \u00abel proceso secesionista quiere presentarse como la m\u00e1xima expresi\u00f3n democr\u00e1tica\u00bb, pero, por el contrario, destaca que \u00absuspende los criterios que definen lo que la democracia implica: Estado de derecho, instituciones representativas y pluralidad\u00bb.<\/p>\n<p>\u00abQuiere ofrecer una cara amable y dialogante pero arranca con el &#8216;Espa\u00f1a nos roba&#8217;, retrata una historia falsa de agresi\u00f3n de Espa\u00f1a a Catalu\u00f1a y alardea de europe\u00edsmo pero oculta que Catalu\u00f1a quedar\u00eda fuera de la UE\u00bb, a\u00f1ade el texto.<\/p>\n<p>Asimismo, recuerda que \u00abse habla de un pretendido &#8216;derecho a decidir&#8217; sin aclarar que \u00e9ste no existe y que, si existiera, no ser\u00eda otra cosa que la habilitaci\u00f3n para la ruptura unilateral de la integridad y la soberan\u00eda de la naci\u00f3n y el Estado\u00bb.<\/p>\n<p>\u00abMientras se fabrica una memoria de expolios y agravios se olvida que las libertades y el autogobierno son posibles por la Constituci\u00f3n, no a pesar de ella\u00bb, subraya el texto.<\/p>\n<p>Para FAES, \u00abel secesionismo no s\u00f3lo no cabe en la UE por razones jur\u00eddicas, sino porque atenta contra el esp\u00edritu de todo el proceso europeo\u00bb y \u00abla secesi\u00f3n es un proceso sin razones que se apoya en la invenci\u00f3n de un agravio inexistente\u00bb.<\/p>\n<p>\u00abLa consulta es inconstitucional e ilegal, y lo es en su fundamento, el derecho a decidir, y en sus procedimientos, con los que se ha querido extender la falsa impresi\u00f3n de que la consulta es posible, legal e inevitable\u00bb, asegura la fundaci\u00f3n del PP<\/p>\n<p>Asimismo, advierte de que \u00abdebiera ser motivo de m\u00e1xima alerta constatar hasta qu\u00e9 punto el secesionismo oculta y falsifica las consecuencias econ\u00f3micas de su proyecto e impone sus propios intereses pol\u00edticos sobre los de los catalanes\u00bb.<\/p>\n<p>\u00abHablar de expolio expresa un profundo desconocimiento y una grave despreocupaci\u00f3n por la suerte de los catalanes, cuya vida cambiar\u00eda a peor de hacerse realidad la secesi\u00f3n\u00bb, a\u00f1ade el documento, que afirma que la aventura secesionista es \u00abun proceso para la quiebra econ\u00f3mica y social\u00bb.<\/p>\n<p>Constata igualmente \u00abuna desproporci\u00f3n evidente entre los costes inmensos y ciertos a los que se someter\u00eda a los catalanes y los presuntos beneficios identitarios e intangibles\u00bb.<\/p>\n<p>En el an\u00e1lisis de las consecuencias que tendr\u00eda, explica c\u00f3mo \u00abla soledad y debilidad institucional y econ\u00f3mica de la Catalu\u00f1a escindida la convertir\u00edan en un territorio vulnerable e irrelevante en el plano internacional\u00bb.<\/p>\n<p>Tambi\u00e9n destaca los efectos pol\u00edticos negativos que tendr\u00eda \u00absobre el conjunto de Espa\u00f1a, sobre el proceso de integraci\u00f3n europeo y sobre las din\u00e1micas que tienen lugar en todo el mundo\u00bb.<\/p>\n<p>Tras las veinte respuestas a otras tantas preguntas, FAES ofrece una conclusi\u00f3n que recuerda que \u00ablos catalanes no participan de la reducci\u00f3n que hace el nacionalismo de la identidad\u00bb y \u00abcreen mayoritariamente que son complementarias las cosas que el secesionismo cree que son incompatibles\u00bb.<\/p>\n<p>Asegura que catal\u00e1n y espa\u00f1ol no han sido nunca t\u00e9rminos excluyentes y, por ello, la pretensi\u00f3n de separarlos s\u00f3lo puede ser traum\u00e1tica\u00bb con el resultado de \u00abuna Catalu\u00f1a pobre, desgarrada -como lo estar\u00eda Espa\u00f1a- y aislada\u00bb.<\/p>\n","protected":false},"excerpt":{"rendered":"<p>Madrid, 29 ene (EFE).- La fundaci\u00f3n FAES, presidida por el exjefe del Ejecutivo Jos\u00e9 Mar\u00eda Aznar, ha publicado un documento con veinte preguntas con respuestas sobre la secesi\u00f3n catalana en el que considera esta aspiraci\u00f3n como \u00abel m\u00e1s absurdo y gratuitamente destructivo empe\u00f1o pol\u00edtico, econ\u00f3mico y social de la historia de Catalu\u00f1a\u00bb. El documento, hecho [&hellip;]<\/p>\n","protected":false},"author":1,"featured_media":1132184,"comment_status":"closed","ping_status":"open","sticky":false,"template":"","format":"standard","meta":{"footnotes":""},"categories":[1],"tags":[],"class_list":["post-480295","post","type-post","status-publish","format-standard","has-post-thumbnail","hentry","category-actualidad"],"aioseo_notices":[],"aioseo_head":"\n\t\t<!-- All in One SEO Pro 5.0.1 - aioseo.com -->\n\t<meta name=\"description\" content=\"Madrid, 29 ene (EFE).- La fundaci\u00f3n FAES, presidida por el exjefe del Ejecutivo Jos\u00e9 Mar\u00eda Aznar, ha publicado un documento con veinte preguntas con respuestas sobre la secesi\u00f3n catalana en el que considera esta aspiraci\u00f3n como &quot;el m\u00e1s absurdo y gratuitamente destructivo empe\u00f1o pol\u00edtico, econ\u00f3mico y social de la historia de Catalu\u00f1a&quot;. El documento, hecho\" \/>\n\t<meta name=\"robots\" content=\"max-image-preview:large\" \/>\n\t<meta name=\"author\" content=\"El Digital de Asturias\"\/>\n\t<meta name=\"google-site-verification\" content=\"UA-38556648-1\" \/>\n\t<meta name=\"msvalidate.01\" content=\"7dfe9f3f1b24437ab69f4f2559babe99\" \/>\n\t<meta name=\"keywords\" content=\"actualidad\" \/>\n\t<link rel=\"canonical\" href=\"https:\/\/www.eldigitaldeasturias.com\/noticias\/faes-considera-la-secesion-de-cataluna-como-un-absurdo-y-destructivo-empeno\/\" \/>\n\t<meta name=\"generator\" content=\"All in One SEO Pro (AIOSEO) 5.0.1\" \/>\n\t\t<meta property=\"og:locale\" content=\"es_ES\" \/>\n\t\t<meta property=\"og:site_name\" content=\"El Digital de Asturias\" \/>\n\t\t<meta property=\"og:type\" content=\"article\" \/>\n\t\t<meta property=\"og:title\" content=\"FAES considera la secesi\u00f3n de Catalu\u00f1a como un \u00ababsurdo y destructivo empe\u00f1o\u00bb - El Digital de Asturias\" \/>\n\t\t<meta property=\"og:description\" content=\"Madrid, 29 ene (EFE).- La fundaci\u00f3n FAES, presidida por el exjefe del Ejecutivo Jos\u00e9 Mar\u00eda Aznar, ha publicado un documento con veinte preguntas con respuestas sobre la secesi\u00f3n catalana en el que considera esta aspiraci\u00f3n como &quot;el m\u00e1s absurdo y gratuitamente destructivo empe\u00f1o pol\u00edtico, econ\u00f3mico y social de la historia de Catalu\u00f1a&quot;. El documento, hecho\" \/>\n\t\t<meta property=\"og:url\" content=\"https:\/\/www.eldigitaldeasturias.com\/noticias\/faes-considera-la-secesion-de-cataluna-como-un-absurdo-y-destructivo-empeno\/\" \/>\n\t\t<meta property=\"og:image\" content=\"https:\/\/www.eldigitaldeasturias.com\/noticias\/wp-content\/uploads\/2026\/06\/Contenidos.jpg\" \/>\n\t\t<meta property=\"og:image:secure_url\" content=\"https:\/\/www.eldigitaldeasturias.com\/noticias\/wp-content\/uploads\/2026\/06\/Contenidos.jpg\" \/>\n\t\t<meta property=\"og:image:width\" content=\"1265\" \/>\n\t\t<meta property=\"og:image:height\" content=\"697\" \/>\n\t\t<meta property=\"article:tag\" content=\"actualidad\" \/>\n\t\t<meta property=\"article:published_time\" content=\"2014-01-30T00:08:19+00:00\" \/>\n\t\t<meta property=\"article:modified_time\" content=\"2014-01-30T00:08:19+00:00\" \/>\n\t\t<meta property=\"article:publisher\" content=\"https:\/\/facebook.com\/eldigitaldeasturias\" \/>\n\t\t<meta name=\"twitter:card\" content=\"summary_large_image\" \/>\n\t\t<meta name=\"twitter:title\" content=\"FAES considera la secesi\u00f3n de Catalu\u00f1a como un \u00ababsurdo y destructivo empe\u00f1o\u00bb - El Digital de Asturias\" \/>\n\t\t<meta name=\"twitter:description\" content=\"Madrid, 29 ene (EFE).- La fundaci\u00f3n FAES, presidida por el exjefe del Ejecutivo Jos\u00e9 Mar\u00eda Aznar, ha publicado un documento con veinte preguntas con respuestas sobre la secesi\u00f3n catalana en el que considera esta aspiraci\u00f3n como &quot;el m\u00e1s absurdo y gratuitamente destructivo empe\u00f1o pol\u00edtico, econ\u00f3mico y social de la historia de Catalu\u00f1a&quot;. El documento, hecho\" \/>\n\t\t<meta name=\"twitter:image\" content=\"https:\/\/www.eldigitaldeasturias.com\/noticias\/wp-content\/uploads\/2026\/06\/Contenidos.jpg\" \/>\n\t\t<meta name=\"twitter:label1\" content=\"Escrito por\" \/>\n\t\t<meta name=\"twitter:data1\" content=\"El Digital de Asturias\" \/>\n\t\t<meta name=\"twitter:label2\" content=\"Tiempo de lectura estimado\" \/>\n\t\t<meta name=\"twitter:data2\" content=\"4 minutos\" \/>\n\t\t<script type=\"application\/ld+json\" class=\"aioseo-schema\">\n\t\t\t{\"@context\":\"https:\\\/\\\/schema.org\",\"@graph\":[{\"@type\":\"BlogPosting\",\"@id\":\"https:\\\/\\\/www.eldigitaldeasturias.com\\\/noticias\\\/faes-considera-la-secesion-de-cataluna-como-un-absurdo-y-destructivo-empeno\\\/#blogposting\",\"name\":\"FAES considera la secesi\\u00f3n de Catalu\\u00f1a como un \\u00ababsurdo y destructivo empe\\u00f1o\\u00bb - El Digital de Asturias\",\"headline\":\"FAES considera la secesi\\u00f3n de Catalu\\u00f1a como un \\u00ababsurdo y destructivo empe\\u00f1o\\u00bb\",\"author\":{\"@id\":\"https:\\\/\\\/www.eldigitaldeasturias.com\\\/noticias\\\/author\\\/admin\\\/#author\"},\"publisher\":{\"@id\":\"https:\\\/\\\/www.eldigitaldeasturias.com\\\/noticias\\\/#organization\"},\"image\":{\"@type\":\"ImageObject\",\"url\":\"https:\\\/\\\/www.eldigitaldeasturias.com\\\/noticias\\\/wp-content\\\/uploads\\\/2026\\\/06\\\/Contenidos.jpg\",\"width\":1265,\"height\":697,\"caption\":\"Contenidos\"},\"datePublished\":\"2014-01-29T23:08:19+01:00\",\"dateModified\":\"2014-01-29T23:08:19+01:00\",\"inLanguage\":\"es-ES\",\"mainEntityOfPage\":{\"@id\":\"https:\\\/\\\/www.eldigitaldeasturias.com\\\/noticias\\\/faes-considera-la-secesion-de-cataluna-como-un-absurdo-y-destructivo-empeno\\\/#webpage\"},\"isPartOf\":{\"@id\":\"https:\\\/\\\/www.eldigitaldeasturias.com\\\/noticias\\\/faes-considera-la-secesion-de-cataluna-como-un-absurdo-y-destructivo-empeno\\\/#webpage\"},\"articleSection\":\"Actualidad\"},{\"@type\":\"BreadcrumbList\",\"@id\":\"https:\\\/\\\/www.eldigitaldeasturias.com\\\/noticias\\\/faes-considera-la-secesion-de-cataluna-como-un-absurdo-y-destructivo-empeno\\\/#breadcrumblist\",\"itemListElement\":[{\"@type\":\"ListItem\",\"@id\":\"https:\\\/\\\/www.eldigitaldeasturias.com\\\/noticias#listItem\",\"position\":1,\"name\":\"Home\",\"item\":\"https:\\\/\\\/www.eldigitaldeasturias.com\\\/noticias\",\"nextItem\":{\"@type\":\"ListItem\",\"@id\":\"https:\\\/\\\/www.eldigitaldeasturias.com\\\/noticias\\\/category\\\/actualidad\\\/#listItem\",\"name\":\"Actualidad\"}},{\"@type\":\"ListItem\",\"@id\":\"https:\\\/\\\/www.eldigitaldeasturias.com\\\/noticias\\\/category\\\/actualidad\\\/#listItem\",\"position\":2,\"name\":\"Actualidad\",\"item\":\"https:\\\/\\\/www.eldigitaldeasturias.com\\\/noticias\\\/category\\\/actualidad\\\/\",\"nextItem\":{\"@type\":\"ListItem\",\"@id\":\"https:\\\/\\\/www.eldigitaldeasturias.com\\\/noticias\\\/faes-considera-la-secesion-de-cataluna-como-un-absurdo-y-destructivo-empeno\\\/#listItem\",\"name\":\"FAES considera la secesi\\u00f3n de Catalu\\u00f1a como un \\u00ababsurdo y destructivo empe\\u00f1o\\u00bb\"},\"previousItem\":{\"@type\":\"ListItem\",\"@id\":\"https:\\\/\\\/www.eldigitaldeasturias.com\\\/noticias#listItem\",\"name\":\"Home\"}},{\"@type\":\"ListItem\",\"@id\":\"https:\\\/\\\/www.eldigitaldeasturias.com\\\/noticias\\\/faes-considera-la-secesion-de-cataluna-como-un-absurdo-y-destructivo-empeno\\\/#listItem\",\"position\":3,\"name\":\"FAES considera la secesi\\u00f3n de Catalu\\u00f1a como un \\u00ababsurdo y destructivo empe\\u00f1o\\u00bb\",\"previousItem\":{\"@type\":\"ListItem\",\"@id\":\"https:\\\/\\\/www.eldigitaldeasturias.com\\\/noticias\\\/category\\\/actualidad\\\/#listItem\",\"name\":\"Actualidad\"}}]},{\"@type\":\"Organization\",\"@id\":\"https:\\\/\\\/www.eldigitaldeasturias.com\\\/noticias\\\/#organization\",\"name\":\"El Digital de Asturias\",\"description\":\"Hemeroteca\",\"url\":\"https:\\\/\\\/www.eldigitaldeasturias.com\\\/noticias\\\/\",\"email\":\"info@eldigitaldeasturias.com\",\"telephone\":\"+34652131393\",\"logo\":{\"@type\":\"ImageObject\",\"url\":\"https:\\\/\\\/www.eldigitaldeasturias.com\\\/noticias\\\/wp-content\\\/uploads\\\/2020\\\/12\\\/EDA.jpg\",\"@id\":\"https:\\\/\\\/www.eldigitaldeasturias.com\\\/noticias\\\/faes-considera-la-secesion-de-cataluna-como-un-absurdo-y-destructivo-empeno\\\/#organizationLogo\"},\"image\":{\"@id\":\"https:\\\/\\\/www.eldigitaldeasturias.com\\\/noticias\\\/faes-considera-la-secesion-de-cataluna-como-un-absurdo-y-destructivo-empeno\\\/#organizationLogo\"},\"sameAs\":[\"https:\\\/\\\/facebook.com\\\/eldigitaldeasturias\",\"https:\\\/\\\/www.youtube.com\\\/channel\\\/UCZP-2wLEB9Rv6erhFmqVnvg\"],\"address\":{\"@id\":\"https:\\\/\\\/www.eldigitaldeasturias.com\\\/noticias\\\/#postaladdress\",\"@type\":\"PostalAddress\",\"streetAddress\":\"san antonio 4\",\"postalCode\":\"33430\",\"addressLocality\":\"Cand\\u00e1s\",\"addressRegion\":\"Asturias\",\"addressCountry\":\"ES\"}},{\"@type\":\"Person\",\"@id\":\"https:\\\/\\\/www.eldigitaldeasturias.com\\\/noticias\\\/author\\\/admin\\\/#author\",\"url\":\"https:\\\/\\\/www.eldigitaldeasturias.com\\\/noticias\\\/author\\\/admin\\\/\",\"name\":\"El Digital de Asturias\",\"image\":{\"@type\":\"ImageObject\",\"@id\":\"https:\\\/\\\/www.eldigitaldeasturias.com\\\/noticias\\\/faes-considera-la-secesion-de-cataluna-como-un-absurdo-y-destructivo-empeno\\\/#authorImage\",\"url\":\"https:\\\/\\\/secure.gravatar.com\\\/avatar\\\/df2aeffc32bcd13f8d26072ef8a91b623d677766deac7f97ca815868cd41bf5e?s=96&d=mm&r=g\",\"width\":96,\"height\":96,\"caption\":\"El Digital de Asturias\"}},{\"@type\":\"WebPage\",\"@id\":\"https:\\\/\\\/www.eldigitaldeasturias.com\\\/noticias\\\/faes-considera-la-secesion-de-cataluna-como-un-absurdo-y-destructivo-empeno\\\/#webpage\",\"url\":\"https:\\\/\\\/www.eldigitaldeasturias.com\\\/noticias\\\/faes-considera-la-secesion-de-cataluna-como-un-absurdo-y-destructivo-empeno\\\/\",\"name\":\"FAES considera la secesi\\u00f3n de Catalu\\u00f1a como un \\u00ababsurdo y destructivo empe\\u00f1o\\u00bb - El Digital de Asturias\",\"description\":\"Madrid, 29 ene (EFE).- La fundaci\\u00f3n FAES, presidida por el exjefe del Ejecutivo Jos\\u00e9 Mar\\u00eda Aznar, ha publicado un documento con veinte preguntas con respuestas sobre la secesi\\u00f3n catalana en el que considera esta aspiraci\\u00f3n como \\\"el m\\u00e1s absurdo y gratuitamente destructivo empe\\u00f1o pol\\u00edtico, econ\\u00f3mico y social de la historia de Catalu\\u00f1a\\\". El documento, hecho\",\"inLanguage\":\"es-ES\",\"isPartOf\":{\"@id\":\"https:\\\/\\\/www.eldigitaldeasturias.com\\\/noticias\\\/#website\"},\"breadcrumb\":{\"@id\":\"https:\\\/\\\/www.eldigitaldeasturias.com\\\/noticias\\\/faes-considera-la-secesion-de-cataluna-como-un-absurdo-y-destructivo-empeno\\\/#breadcrumblist\"},\"author\":{\"@id\":\"https:\\\/\\\/www.eldigitaldeasturias.com\\\/noticias\\\/author\\\/admin\\\/#author\"},\"creator\":{\"@id\":\"https:\\\/\\\/www.eldigitaldeasturias.com\\\/noticias\\\/author\\\/admin\\\/#author\"},\"image\":{\"@type\":\"ImageObject\",\"url\":\"https:\\\/\\\/www.eldigitaldeasturias.com\\\/noticias\\\/wp-content\\\/uploads\\\/2026\\\/06\\\/Contenidos.jpg\",\"@id\":\"https:\\\/\\\/www.eldigitaldeasturias.com\\\/noticias\\\/faes-considera-la-secesion-de-cataluna-como-un-absurdo-y-destructivo-empeno\\\/#mainImage\",\"width\":1265,\"height\":697,\"caption\":\"Contenidos\"},\"primaryImageOfPage\":{\"@id\":\"https:\\\/\\\/www.eldigitaldeasturias.com\\\/noticias\\\/faes-considera-la-secesion-de-cataluna-como-un-absurdo-y-destructivo-empeno\\\/#mainImage\"},\"datePublished\":\"2014-01-29T23:08:19+01:00\",\"dateModified\":\"2014-01-29T23:08:19+01:00\"},{\"@type\":\"WebSite\",\"@id\":\"https:\\\/\\\/www.eldigitaldeasturias.com\\\/noticias\\\/#website\",\"url\":\"https:\\\/\\\/www.eldigitaldeasturias.com\\\/noticias\\\/\",\"name\":\"El Digital de Asturias - Diario de actualidad y noticias\",\"alternateName\":\"El Digital de Asturias - Diario de actualidad y noticias\",\"description\":\"Hemeroteca\",\"inLanguage\":\"es-ES\",\"publisher\":{\"@id\":\"https:\\\/\\\/www.eldigitaldeasturias.com\\\/noticias\\\/#organization\"}}]}\n\t\t<\/script>\n\t\t<!-- All in One SEO Pro -->\r\n\t\t<title>FAES considera la secesi\u00f3n de Catalu\u00f1a como un \u00ababsurdo y destructivo empe\u00f1o\u00bb - El Digital de Asturias<\/title>\n\n","aioseo_head_json":{"title":"FAES considera la secesi\u00f3n de Catalu\u00f1a como un \u00ababsurdo y destructivo empe\u00f1o\u00bb - El Digital de Asturias","description":"Madrid, 29 ene (EFE).- La fundaci\u00f3n FAES, presidida por el exjefe del Ejecutivo Jos\u00e9 Mar\u00eda Aznar, ha publicado un documento con veinte preguntas con respuestas sobre la secesi\u00f3n catalana en el que considera esta aspiraci\u00f3n como \"el m\u00e1s absurdo y gratuitamente destructivo empe\u00f1o pol\u00edtico, econ\u00f3mico y social de la historia de Catalu\u00f1a\". El documento, hecho","canonical_url":"https:\/\/www.eldigitaldeasturias.com\/noticias\/faes-considera-la-secesion-de-cataluna-como-un-absurdo-y-destructivo-empeno\/","robots":"max-image-preview:large","keywords":"actualidad","webmasterTools":{"google-site-verification":"UA-38556648-1","msvalidate.01":"7dfe9f3f1b24437ab69f4f2559babe99","miscellaneous":""},"schema":{"@context":"https:\/\/schema.org","@graph":[{"@type":"BlogPosting","@id":"https:\/\/www.eldigitaldeasturias.com\/noticias\/faes-considera-la-secesion-de-cataluna-como-un-absurdo-y-destructivo-empeno\/#blogposting","name":"FAES considera la secesi\u00f3n de Catalu\u00f1a como un \u00ababsurdo y destructivo empe\u00f1o\u00bb - El Digital de Asturias","headline":"FAES considera la secesi\u00f3n de Catalu\u00f1a como un \u00ababsurdo y destructivo empe\u00f1o\u00bb","author":{"@id":"https:\/\/www.eldigitaldeasturias.com\/noticias\/author\/admin\/#author"},"publisher":{"@id":"https:\/\/www.eldigitaldeasturias.com\/noticias\/#organization"},"image":{"@type":"ImageObject","url":"https:\/\/www.eldigitaldeasturias.com\/noticias\/wp-content\/uploads\/2026\/06\/Contenidos.jpg","width":1265,"height":697,"caption":"Contenidos"},"datePublished":"2014-01-29T23:08:19+01:00","dateModified":"2014-01-29T23:08:19+01:00","inLanguage":"es-ES","mainEntityOfPage":{"@id":"https:\/\/www.eldigitaldeasturias.com\/noticias\/faes-considera-la-secesion-de-cataluna-como-un-absurdo-y-destructivo-empeno\/#webpage"},"isPartOf":{"@id":"https:\/\/www.eldigitaldeasturias.com\/noticias\/faes-considera-la-secesion-de-cataluna-como-un-absurdo-y-destructivo-empeno\/#webpage"},"articleSection":"Actualidad"},{"@type":"BreadcrumbList","@id":"https:\/\/www.eldigitaldeasturias.com\/noticias\/faes-considera-la-secesion-de-cataluna-como-un-absurdo-y-destructivo-empeno\/#breadcrumblist","itemListElement":[{"@type":"ListItem","@id":"https:\/\/www.eldigitaldeasturias.com\/noticias#listItem","position":1,"name":"Home","item":"https:\/\/www.eldigitaldeasturias.com\/noticias","nextItem":{"@type":"ListItem","@id":"https:\/\/www.eldigitaldeasturias.com\/noticias\/category\/actualidad\/#listItem","name":"Actualidad"}},{"@type":"ListItem","@id":"https:\/\/www.eldigitaldeasturias.com\/noticias\/category\/actualidad\/#listItem","position":2,"name":"Actualidad","item":"https:\/\/www.eldigitaldeasturias.com\/noticias\/category\/actualidad\/","nextItem":{"@type":"ListItem","@id":"https:\/\/www.eldigitaldeasturias.com\/noticias\/faes-considera-la-secesion-de-cataluna-como-un-absurdo-y-destructivo-empeno\/#listItem","name":"FAES considera la secesi\u00f3n de Catalu\u00f1a como un \u00ababsurdo y destructivo empe\u00f1o\u00bb"},"previousItem":{"@type":"ListItem","@id":"https:\/\/www.eldigitaldeasturias.com\/noticias#listItem","name":"Home"}},{"@type":"ListItem","@id":"https:\/\/www.eldigitaldeasturias.com\/noticias\/faes-considera-la-secesion-de-cataluna-como-un-absurdo-y-destructivo-empeno\/#listItem","position":3,"name":"FAES considera la secesi\u00f3n de Catalu\u00f1a como un \u00ababsurdo y destructivo empe\u00f1o\u00bb","previousItem":{"@type":"ListItem","@id":"https:\/\/www.eldigitaldeasturias.com\/noticias\/category\/actualidad\/#listItem","name":"Actualidad"}}]},{"@type":"Organization","@id":"https:\/\/www.eldigitaldeasturias.com\/noticias\/#organization","name":"El Digital de Asturias","description":"Hemeroteca","url":"https:\/\/www.eldigitaldeasturias.com\/noticias\/","email":"info@eldigitaldeasturias.com","telephone":"+34652131393","logo":{"@type":"ImageObject","url":"https:\/\/www.eldigitaldeasturias.com\/noticias\/wp-content\/uploads\/2020\/12\/EDA.jpg","@id":"https:\/\/www.eldigitaldeasturias.com\/noticias\/faes-considera-la-secesion-de-cataluna-como-un-absurdo-y-destructivo-empeno\/#organizationLogo"},"image":{"@id":"https:\/\/www.eldigitaldeasturias.com\/noticias\/faes-considera-la-secesion-de-cataluna-como-un-absurdo-y-destructivo-empeno\/#organizationLogo"},"sameAs":["https:\/\/facebook.com\/eldigitaldeasturias","https:\/\/www.youtube.com\/channel\/UCZP-2wLEB9Rv6erhFmqVnvg"],"address":{"@id":"https:\/\/www.eldigitaldeasturias.com\/noticias\/#postaladdress","@type":"PostalAddress","streetAddress":"san antonio 4","postalCode":"33430","addressLocality":"Cand\u00e1s","addressRegion":"Asturias","addressCountry":"ES"}},{"@type":"Person","@id":"https:\/\/www.eldigitaldeasturias.com\/noticias\/author\/admin\/#author","url":"https:\/\/www.eldigitaldeasturias.com\/noticias\/author\/admin\/","name":"El Digital de Asturias","image":{"@type":"ImageObject","@id":"https:\/\/www.eldigitaldeasturias.com\/noticias\/faes-considera-la-secesion-de-cataluna-como-un-absurdo-y-destructivo-empeno\/#authorImage","url":"https:\/\/secure.gravatar.com\/avatar\/df2aeffc32bcd13f8d26072ef8a91b623d677766deac7f97ca815868cd41bf5e?s=96&d=mm&r=g","width":96,"height":96,"caption":"El Digital de Asturias"}},{"@type":"WebPage","@id":"https:\/\/www.eldigitaldeasturias.com\/noticias\/faes-considera-la-secesion-de-cataluna-como-un-absurdo-y-destructivo-empeno\/#webpage","url":"https:\/\/www.eldigitaldeasturias.com\/noticias\/faes-considera-la-secesion-de-cataluna-como-un-absurdo-y-destructivo-empeno\/","name":"FAES considera la secesi\u00f3n de Catalu\u00f1a como un \u00ababsurdo y destructivo empe\u00f1o\u00bb - El Digital de Asturias","description":"Madrid, 29 ene (EFE).- La fundaci\u00f3n FAES, presidida por el exjefe del Ejecutivo Jos\u00e9 Mar\u00eda Aznar, ha publicado un documento con veinte preguntas con respuestas sobre la secesi\u00f3n catalana en el que considera esta aspiraci\u00f3n como \"el m\u00e1s absurdo y gratuitamente destructivo empe\u00f1o pol\u00edtico, econ\u00f3mico y social de la historia de Catalu\u00f1a\". El documento, hecho","inLanguage":"es-ES","isPartOf":{"@id":"https:\/\/www.eldigitaldeasturias.com\/noticias\/#website"},"breadcrumb":{"@id":"https:\/\/www.eldigitaldeasturias.com\/noticias\/faes-considera-la-secesion-de-cataluna-como-un-absurdo-y-destructivo-empeno\/#breadcrumblist"},"author":{"@id":"https:\/\/www.eldigitaldeasturias.com\/noticias\/author\/admin\/#author"},"creator":{"@id":"https:\/\/www.eldigitaldeasturias.com\/noticias\/author\/admin\/#author"},"image":{"@type":"ImageObject","url":"https:\/\/www.eldigitaldeasturias.com\/noticias\/wp-content\/uploads\/2026\/06\/Contenidos.jpg","@id":"https:\/\/www.eldigitaldeasturias.com\/noticias\/faes-considera-la-secesion-de-cataluna-como-un-absurdo-y-destructivo-empeno\/#mainImage","width":1265,"height":697,"caption":"Contenidos"},"primaryImageOfPage":{"@id":"https:\/\/www.eldigitaldeasturias.com\/noticias\/faes-considera-la-secesion-de-cataluna-como-un-absurdo-y-destructivo-empeno\/#mainImage"},"datePublished":"2014-01-29T23:08:19+01:00","dateModified":"2014-01-29T23:08:19+01:00"},{"@type":"WebSite","@id":"https:\/\/www.eldigitaldeasturias.com\/noticias\/#website","url":"https:\/\/www.eldigitaldeasturias.com\/noticias\/","name":"El Digital de Asturias - Diario de actualidad y noticias","alternateName":"El Digital de Asturias - Diario de actualidad y noticias","description":"Hemeroteca","inLanguage":"es-ES","publisher":{"@id":"https:\/\/www.eldigitaldeasturias.com\/noticias\/#organization"}}]},"og:locale":"es_ES","og:site_name":"El Digital de Asturias","og:type":"article","og:title":"FAES considera la secesi\u00f3n de Catalu\u00f1a como un \u00ababsurdo y destructivo empe\u00f1o\u00bb - El Digital de Asturias","og:description":"Madrid, 29 ene (EFE).- La fundaci\u00f3n FAES, presidida por el exjefe del Ejecutivo Jos\u00e9 Mar\u00eda Aznar, ha publicado un documento con veinte preguntas con respuestas sobre la secesi\u00f3n catalana en el que considera esta aspiraci\u00f3n como &quot;el m\u00e1s absurdo y gratuitamente destructivo empe\u00f1o pol\u00edtico, econ\u00f3mico y social de la historia de Catalu\u00f1a&quot;. El documento, hecho","og:url":"https:\/\/www.eldigitaldeasturias.com\/noticias\/faes-considera-la-secesion-de-cataluna-como-un-absurdo-y-destructivo-empeno\/","og:image":"https:\/\/www.eldigitaldeasturias.com\/noticias\/wp-content\/uploads\/2026\/06\/Contenidos.jpg","og:image:secure_url":"https:\/\/www.eldigitaldeasturias.com\/noticias\/wp-content\/uploads\/2026\/06\/Contenidos.jpg","og:image:width":1265,"og:image:height":697,"article:tag":["actualidad"],"article:published_time":"2014-01-30T00:08:19+00:00","article:modified_time":"2014-01-30T00:08:19+00:00","article:publisher":"https:\/\/facebook.com\/eldigitaldeasturias","twitter:card":"summary_large_image","twitter:title":"FAES considera la secesi\u00f3n de Catalu\u00f1a como un \u00ababsurdo y destructivo empe\u00f1o\u00bb - El Digital de Asturias","twitter:description":"Madrid, 29 ene (EFE).- La fundaci\u00f3n FAES, presidida por el exjefe del Ejecutivo Jos\u00e9 Mar\u00eda Aznar, ha publicado un documento con veinte preguntas con respuestas sobre la secesi\u00f3n catalana en el que considera esta aspiraci\u00f3n como &quot;el m\u00e1s absurdo y gratuitamente destructivo empe\u00f1o pol\u00edtico, econ\u00f3mico y social de la historia de Catalu\u00f1a&quot;. El documento, hecho","twitter:image":"https:\/\/www.eldigitaldeasturias.com\/noticias\/wp-content\/uploads\/2026\/06\/Contenidos.jpg","twitter:label1":"Escrito por","twitter:data1":"El Digital de Asturias","twitter:label2":"Tiempo de lectura estimado","twitter:data2":"4 minutos"},"aioseo_meta_data":{"post_id":"480295","title":null,"description":null,"keywords":null,"keyphrases":null,"primary_term":null,"canonical_url":null,"og_title":null,"og_description":null,"og_object_type":"default","og_image_type":"default","og_image_url":null,"og_image_width":null,"og_image_height":null,"og_image_custom_url":null,"og_image_custom_fields":null,"og_video":null,"og_custom_url":null,"og_article_section":null,"og_article_tags":null,"twitter_use_og":true,"twitter_card":"default","twitter_image_type":"default","twitter_image_url":null,"twitter_image_custom_url":null,"twitter_image_custom_fields":null,"twitter_title":null,"twitter_description":null,"schema":{"blockGraphs":[],"customGraphs":[],"default":{"data":{"Article":[],"Course":[],"Dataset":[],"FAQPage":[],"Movie":[],"Person":[],"Product":[],"ProductReview":[],"Car":[],"Recipe":[],"Service":[],"SoftwareApplication":[],"WebPage":[]},"graphName":"","isEnabled":true},"graphs":[],"defaultGraph":"","defaultPostTypeGraph":""},"schema_type":null,"schema_type_options":null,"pillar_content":false,"robots_default":true,"robots_noindex":false,"robots_noarchive":false,"robots_nosnippet":false,"robots_nofollow":false,"robots_noimageindex":false,"robots_noodp":false,"robots_notranslate":false,"robots_max_snippet":null,"robots_max_videopreview":null,"robots_max_imagepreview":"none","priority":null,"frequency":null,"local_seo":null,"seo_analyzer_scan_date":"2026-06-02 03:15:50","breadcrumb_settings":null,"limit_modified_date":false,"open_ai":null,"ai":null,"created":"2020-11-14 22:54:10","updated":"2026-06-02 03:15:50","focus_keyword":null,"additional_keywords":null,"truseo_locale":null},"aioseo_breadcrumb":"<div class=\"aioseo-breadcrumbs\"><span class=\"aioseo-breadcrumb\">\n\t<a href=\"https:\/\/www.eldigitaldeasturias.com\/noticias\" title=\"Home\">Home<\/a>\n<\/span><span class=\"aioseo-breadcrumb-separator\">\u2013<\/span><span class=\"aioseo-breadcrumb\">\n\t<a href=\"https:\/\/www.eldigitaldeasturias.com\/noticias\/category\/actualidad\/\" title=\"Actualidad\">Actualidad<\/a>\n<\/span><span class=\"aioseo-breadcrumb-separator\">\u2013<\/span><span class=\"aioseo-breadcrumb\">\n\t<a href=\"https:\/\/www.eldigitaldeasturias.com\/noticias\/faes-considera-la-secesion-de-cataluna-como-un-absurdo-y-destructivo-empeno\/\" title=\"FAES considera la secesi\u00f3n de Catalu\u00f1a como un \u00ababsurdo y destructivo empe\u00f1o\u00bb\">FAES considera la secesi\u00f3n de Catalu\u00f1a como un \u00ababsurdo y destructivo empe\u00f1o\u00bb<\/a>\n<\/span><\/div>","aioseo_breadcrumb_json":[{"label":"Home","link":"https:\/\/www.eldigitaldeasturias.com\/noticias"},{"label":"Actualidad","link":"https:\/\/www.eldigitaldeasturias.com\/noticias\/category\/actualidad\/"},{"label":"FAES considera la secesi\u00f3n de Catalu\u00f1a como un \u00ababsurdo y destructivo empe\u00f1o\u00bb","link":"https:\/\/www.eldigitaldeasturias.com\/noticias\/faes-considera-la-secesion-de-cataluna-como-un-absurdo-y-destructivo-empeno\/"}],"_links":{"self":[{"href":"https:\/\/www.eldigitaldeasturias.com\/noticias\/wp-json\/wp\/v2\/posts\/480295","targetHints":{"allow":["GET"]}}],"collection":[{"href":"https:\/\/www.eldigitaldeasturias.com\/noticias\/wp-json\/wp\/v2\/posts"}],"about":[{"href":"https:\/\/www.eldigitaldeasturias.com\/noticias\/wp-json\/wp\/v2\/types\/post"}],"author":[{"embeddable":true,"href":"https:\/\/www.eldigitaldeasturias.com\/noticias\/wp-json\/wp\/v2\/users\/1"}],"replies":[{"embeddable":true,"href":"https:\/\/www.eldigitaldeasturias.com\/noticias\/wp-json\/wp\/v2\/comments?post=480295"}],"version-history":[{"count":0,"href":"https:\/\/www.eldigitaldeasturias.com\/noticias\/wp-json\/wp\/v2\/posts\/480295\/revisions"}],"wp:featuredmedia":[{"embeddable":true,"href":"https:\/\/www.eldigitaldeasturias.com\/noticias\/wp-json\/wp\/v2\/media\/1132184"}],"wp:attachment":[{"href":"https:\/\/www.eldigitaldeasturias.com\/noticias\/wp-json\/wp\/v2\/media?parent=480295"}],"wp:term":[{"taxonomy":"category","embeddable":true,"href":"https:\/\/www.eldigitaldeasturias.com\/noticias\/wp-json\/wp\/v2\/categories?post=480295"},{"taxonomy":"post_tag","embeddable":true,"href":"https:\/\/www.eldigitaldeasturias.com\/noticias\/wp-json\/wp\/v2\/tags?post=480295"}],"curies":[{"name":"wp","href":"https:\/\/api.w.org\/{rel}","templated":true}]}}