{"id":480289,"date":"2014-01-29T23:06:00","date_gmt":"2014-01-30T00:06:00","guid":{"rendered":"http:\/\/www.eldigitaldeasturias.com\/noticias\/?p=480289"},"modified":"2014-01-29T23:06:00","modified_gmt":"2014-01-30T00:06:00","slug":"garcia-page-pide-ampliar-incompatibilidad-cargo-publico-al-entorno-familiar","status":"publish","type":"post","link":"https:\/\/www.eldigitaldeasturias.com\/noticias\/garcia-page-pide-ampliar-incompatibilidad-cargo-publico-al-entorno-familiar\/","title":{"rendered":"Garc\u00eda-Page pide ampliar incompatibilidad cargo p\u00fablico al entorno familiar"},"content":{"rendered":"<p><img loading=\"lazy\" decoding=\"async\" class=\"alignleft size-medium wp-image-480290\" alt=\"5886896w\" src=\"https:\/\/www.eldigitaldeasturias.com\/noticias\/wp-content\/uploads\/2014\/01\/5886896w-360x239.jpg\" width=\"360\" height=\"239\" \/>Madrid, 29 ene (EFE).- El secretario general del PSOE y alcalde de Toledo, Emiliano-Garc\u00eda Page, ha propuesto hoy ampliar las incompatibilidades por desempe\u00f1o de cargo p\u00fablico al entorno familiar.<\/p>\n<p>En el transcurso de un desayuno informativo organizado por Nueva Econom\u00eda F\u00f3rum, Garc\u00eda-Page se ha referido as\u00ed a una informaci\u00f3n hoy de la cadena SER en la que se asegura que la Fiscal\u00eda investiga si Liberbank contrat\u00f3 \u00aben diferido\u00bb para unos servicios inexistentes a Ignacio L\u00f3pez del Hierro, marido de la secretaria general del PP y presidenta de Castilla-La Mancha, Mar\u00eda Dolores de Cospedal.<\/p>\n<p>Al ser preguntado por esta cuesti\u00f3n, Garc\u00eda-Page ha dicho que no quer\u00eda \u00abcriminalizar\u00bb a nadie, pero ha comentado que hay espacios que \u00abexigen m\u00e1s transparencia y un plus de ejemplaridad\u00bb, y si Cospedal \u00abno tiene nada que ocultar\u00bb ser\u00eda \u00abbastante positivo que aceptara una autolimitaci\u00f3n de los pol\u00edticos\u00bb que, a su juicio, \u00abcabe en el marco constitucional\u00bb.<\/p>\n<p>Tras se\u00f1alar que no iba a entrar en los negocios del marido de Cospedal, \u00abque est\u00e1 en muchos\u00bb, Garc\u00eda-Page ha dicho que Cospedal es \u00abuna pol\u00edtica que falta a la verdad con mucha facilidad\u00bb y ha comentado que lo hace no s\u00f3lo cuando habla de Educaci\u00f3n Sanidad o Empleo.<\/p>\n<p>Ha a\u00f1adido que la secretaria general del PP \u00abtoma a la gente por tonta en cosas tan evidentes como B\u00e1rcenas, los finiquitos o los sobresueldos\u00bb.<\/p>\n<p>\u00abSi se quiere recuperar la credibilidad, hay que dejar claro que de la pol\u00edtica no s\u00f3lo no se beneficia uno\u00bb sino tampoco los familiares.<\/p>\n","protected":false},"excerpt":{"rendered":"<p>Madrid, 29 ene (EFE).- El secretario general del PSOE y alcalde de Toledo, Emiliano-Garc\u00eda Page, ha propuesto hoy ampliar las incompatibilidades por desempe\u00f1o de cargo p\u00fablico al entorno familiar. En el transcurso de un desayuno informativo organizado por Nueva Econom\u00eda F\u00f3rum, Garc\u00eda-Page se ha referido as\u00ed a una informaci\u00f3n hoy de la cadena SER en [&hellip;]<\/p>\n","protected":false},"author":1,"featured_media":1132184,"comment_status":"closed","ping_status":"open","sticky":false,"template":"","format":"standard","meta":{"footnotes":""},"categories":[1],"tags":[],"class_list":["post-480289","post","type-post","status-publish","format-standard","has-post-thumbnail","hentry","category-actualidad"],"aioseo_notices":[],"aioseo_head":"\n\t\t<!-- All in One SEO Pro 5.0.1 - aioseo.com -->\n\t<meta name=\"description\" content=\"Madrid, 29 ene (EFE).- El secretario general del PSOE y alcalde de Toledo, Emiliano-Garc\u00eda Page, ha propuesto hoy ampliar las incompatibilidades por desempe\u00f1o de cargo p\u00fablico al entorno familiar. En el transcurso de un desayuno informativo organizado por Nueva Econom\u00eda F\u00f3rum, Garc\u00eda-Page se ha referido as\u00ed a una informaci\u00f3n hoy de la cadena SER en\" \/>\n\t<meta name=\"robots\" content=\"max-image-preview:large\" \/>\n\t<meta name=\"author\" content=\"El Digital de Asturias\"\/>\n\t<meta name=\"google-site-verification\" content=\"UA-38556648-1\" \/>\n\t<meta name=\"msvalidate.01\" content=\"7dfe9f3f1b24437ab69f4f2559babe99\" \/>\n\t<meta name=\"keywords\" content=\"actualidad\" \/>\n\t<link rel=\"canonical\" href=\"https:\/\/www.eldigitaldeasturias.com\/noticias\/garcia-page-pide-ampliar-incompatibilidad-cargo-publico-al-entorno-familiar\/\" \/>\n\t<meta name=\"generator\" content=\"All in One SEO Pro (AIOSEO) 5.0.1\" \/>\n\t\t<meta property=\"og:locale\" content=\"es_ES\" \/>\n\t\t<meta property=\"og:site_name\" content=\"El Digital de Asturias\" \/>\n\t\t<meta property=\"og:type\" content=\"article\" \/>\n\t\t<meta property=\"og:title\" content=\"Garc\u00eda-Page pide ampliar incompatibilidad cargo p\u00fablico al entorno familiar - El Digital de Asturias\" \/>\n\t\t<meta property=\"og:description\" content=\"Madrid, 29 ene (EFE).- El secretario general del PSOE y alcalde de Toledo, Emiliano-Garc\u00eda Page, ha propuesto hoy ampliar las incompatibilidades por desempe\u00f1o de cargo p\u00fablico al entorno familiar. En el transcurso de un desayuno informativo organizado por Nueva Econom\u00eda F\u00f3rum, Garc\u00eda-Page se ha referido as\u00ed a una informaci\u00f3n hoy de la cadena SER en\" \/>\n\t\t<meta property=\"og:url\" content=\"https:\/\/www.eldigitaldeasturias.com\/noticias\/garcia-page-pide-ampliar-incompatibilidad-cargo-publico-al-entorno-familiar\/\" \/>\n\t\t<meta property=\"og:image\" content=\"https:\/\/www.eldigitaldeasturias.com\/noticias\/wp-content\/uploads\/2026\/06\/Contenidos.jpg\" \/>\n\t\t<meta property=\"og:image:secure_url\" content=\"https:\/\/www.eldigitaldeasturias.com\/noticias\/wp-content\/uploads\/2026\/06\/Contenidos.jpg\" \/>\n\t\t<meta property=\"og:image:width\" content=\"1265\" \/>\n\t\t<meta property=\"og:image:height\" content=\"697\" \/>\n\t\t<meta property=\"article:tag\" content=\"actualidad\" \/>\n\t\t<meta property=\"article:published_time\" content=\"2014-01-30T00:06:00+00:00\" \/>\n\t\t<meta property=\"article:modified_time\" content=\"2014-01-30T00:06:00+00:00\" \/>\n\t\t<meta property=\"article:publisher\" content=\"https:\/\/facebook.com\/eldigitaldeasturias\" \/>\n\t\t<meta name=\"twitter:card\" content=\"summary_large_image\" \/>\n\t\t<meta name=\"twitter:title\" content=\"Garc\u00eda-Page pide ampliar incompatibilidad cargo p\u00fablico al entorno familiar - El Digital de Asturias\" \/>\n\t\t<meta name=\"twitter:description\" content=\"Madrid, 29 ene (EFE).- El secretario general del PSOE y alcalde de Toledo, Emiliano-Garc\u00eda Page, ha propuesto hoy ampliar las incompatibilidades por desempe\u00f1o de cargo p\u00fablico al entorno familiar. En el transcurso de un desayuno informativo organizado por Nueva Econom\u00eda F\u00f3rum, Garc\u00eda-Page se ha referido as\u00ed a una informaci\u00f3n hoy de la cadena SER en\" \/>\n\t\t<meta name=\"twitter:image\" content=\"https:\/\/www.eldigitaldeasturias.com\/noticias\/wp-content\/uploads\/2026\/06\/Contenidos.jpg\" \/>\n\t\t<meta name=\"twitter:label1\" content=\"Escrito por\" \/>\n\t\t<meta name=\"twitter:data1\" content=\"El Digital de Asturias\" \/>\n\t\t<meta name=\"twitter:label2\" content=\"Tiempo de lectura estimado\" \/>\n\t\t<meta name=\"twitter:data2\" content=\"1 minuto\" \/>\n\t\t<script type=\"application\/ld+json\" class=\"aioseo-schema\">\n\t\t\t{\"@context\":\"https:\\\/\\\/schema.org\",\"@graph\":[{\"@type\":\"BlogPosting\",\"@id\":\"https:\\\/\\\/www.eldigitaldeasturias.com\\\/noticias\\\/garcia-page-pide-ampliar-incompatibilidad-cargo-publico-al-entorno-familiar\\\/#blogposting\",\"name\":\"Garc\\u00eda-Page pide ampliar incompatibilidad cargo p\\u00fablico al entorno familiar - El Digital de Asturias\",\"headline\":\"Garc\\u00eda-Page pide ampliar incompatibilidad cargo p\\u00fablico al entorno familiar\",\"author\":{\"@id\":\"https:\\\/\\\/www.eldigitaldeasturias.com\\\/noticias\\\/author\\\/admin\\\/#author\"},\"publisher\":{\"@id\":\"https:\\\/\\\/www.eldigitaldeasturias.com\\\/noticias\\\/#organization\"},\"image\":{\"@type\":\"ImageObject\",\"url\":\"https:\\\/\\\/www.eldigitaldeasturias.com\\\/noticias\\\/wp-content\\\/uploads\\\/2026\\\/06\\\/Contenidos.jpg\",\"width\":1265,\"height\":697,\"caption\":\"Contenidos\"},\"datePublished\":\"2014-01-29T23:06:00+01:00\",\"dateModified\":\"2014-01-29T23:06:00+01:00\",\"inLanguage\":\"es-ES\",\"mainEntityOfPage\":{\"@id\":\"https:\\\/\\\/www.eldigitaldeasturias.com\\\/noticias\\\/garcia-page-pide-ampliar-incompatibilidad-cargo-publico-al-entorno-familiar\\\/#webpage\"},\"isPartOf\":{\"@id\":\"https:\\\/\\\/www.eldigitaldeasturias.com\\\/noticias\\\/garcia-page-pide-ampliar-incompatibilidad-cargo-publico-al-entorno-familiar\\\/#webpage\"},\"articleSection\":\"Actualidad\"},{\"@type\":\"BreadcrumbList\",\"@id\":\"https:\\\/\\\/www.eldigitaldeasturias.com\\\/noticias\\\/garcia-page-pide-ampliar-incompatibilidad-cargo-publico-al-entorno-familiar\\\/#breadcrumblist\",\"itemListElement\":[{\"@type\":\"ListItem\",\"@id\":\"https:\\\/\\\/www.eldigitaldeasturias.com\\\/noticias#listItem\",\"position\":1,\"name\":\"Home\",\"item\":\"https:\\\/\\\/www.eldigitaldeasturias.com\\\/noticias\",\"nextItem\":{\"@type\":\"ListItem\",\"@id\":\"https:\\\/\\\/www.eldigitaldeasturias.com\\\/noticias\\\/category\\\/actualidad\\\/#listItem\",\"name\":\"Actualidad\"}},{\"@type\":\"ListItem\",\"@id\":\"https:\\\/\\\/www.eldigitaldeasturias.com\\\/noticias\\\/category\\\/actualidad\\\/#listItem\",\"position\":2,\"name\":\"Actualidad\",\"item\":\"https:\\\/\\\/www.eldigitaldeasturias.com\\\/noticias\\\/category\\\/actualidad\\\/\",\"nextItem\":{\"@type\":\"ListItem\",\"@id\":\"https:\\\/\\\/www.eldigitaldeasturias.com\\\/noticias\\\/garcia-page-pide-ampliar-incompatibilidad-cargo-publico-al-entorno-familiar\\\/#listItem\",\"name\":\"Garc\\u00eda-Page pide ampliar incompatibilidad cargo p\\u00fablico al entorno familiar\"},\"previousItem\":{\"@type\":\"ListItem\",\"@id\":\"https:\\\/\\\/www.eldigitaldeasturias.com\\\/noticias#listItem\",\"name\":\"Home\"}},{\"@type\":\"ListItem\",\"@id\":\"https:\\\/\\\/www.eldigitaldeasturias.com\\\/noticias\\\/garcia-page-pide-ampliar-incompatibilidad-cargo-publico-al-entorno-familiar\\\/#listItem\",\"position\":3,\"name\":\"Garc\\u00eda-Page pide ampliar incompatibilidad cargo p\\u00fablico al entorno familiar\",\"previousItem\":{\"@type\":\"ListItem\",\"@id\":\"https:\\\/\\\/www.eldigitaldeasturias.com\\\/noticias\\\/category\\\/actualidad\\\/#listItem\",\"name\":\"Actualidad\"}}]},{\"@type\":\"Organization\",\"@id\":\"https:\\\/\\\/www.eldigitaldeasturias.com\\\/noticias\\\/#organization\",\"name\":\"El Digital de Asturias\",\"description\":\"Hemeroteca\",\"url\":\"https:\\\/\\\/www.eldigitaldeasturias.com\\\/noticias\\\/\",\"email\":\"info@eldigitaldeasturias.com\",\"telephone\":\"+34652131393\",\"logo\":{\"@type\":\"ImageObject\",\"url\":\"https:\\\/\\\/www.eldigitaldeasturias.com\\\/noticias\\\/wp-content\\\/uploads\\\/2020\\\/12\\\/EDA.jpg\",\"@id\":\"https:\\\/\\\/www.eldigitaldeasturias.com\\\/noticias\\\/garcia-page-pide-ampliar-incompatibilidad-cargo-publico-al-entorno-familiar\\\/#organizationLogo\"},\"image\":{\"@id\":\"https:\\\/\\\/www.eldigitaldeasturias.com\\\/noticias\\\/garcia-page-pide-ampliar-incompatibilidad-cargo-publico-al-entorno-familiar\\\/#organizationLogo\"},\"sameAs\":[\"https:\\\/\\\/facebook.com\\\/eldigitaldeasturias\",\"https:\\\/\\\/www.youtube.com\\\/channel\\\/UCZP-2wLEB9Rv6erhFmqVnvg\"],\"address\":{\"@id\":\"https:\\\/\\\/www.eldigitaldeasturias.com\\\/noticias\\\/#postaladdress\",\"@type\":\"PostalAddress\",\"streetAddress\":\"san antonio 4\",\"postalCode\":\"33430\",\"addressLocality\":\"Cand\\u00e1s\",\"addressRegion\":\"Asturias\",\"addressCountry\":\"ES\"}},{\"@type\":\"Person\",\"@id\":\"https:\\\/\\\/www.eldigitaldeasturias.com\\\/noticias\\\/author\\\/admin\\\/#author\",\"url\":\"https:\\\/\\\/www.eldigitaldeasturias.com\\\/noticias\\\/author\\\/admin\\\/\",\"name\":\"El Digital de Asturias\",\"image\":{\"@type\":\"ImageObject\",\"@id\":\"https:\\\/\\\/www.eldigitaldeasturias.com\\\/noticias\\\/garcia-page-pide-ampliar-incompatibilidad-cargo-publico-al-entorno-familiar\\\/#authorImage\",\"url\":\"https:\\\/\\\/secure.gravatar.com\\\/avatar\\\/df2aeffc32bcd13f8d26072ef8a91b623d677766deac7f97ca815868cd41bf5e?s=96&d=mm&r=g\",\"width\":96,\"height\":96,\"caption\":\"El Digital de Asturias\"}},{\"@type\":\"WebPage\",\"@id\":\"https:\\\/\\\/www.eldigitaldeasturias.com\\\/noticias\\\/garcia-page-pide-ampliar-incompatibilidad-cargo-publico-al-entorno-familiar\\\/#webpage\",\"url\":\"https:\\\/\\\/www.eldigitaldeasturias.com\\\/noticias\\\/garcia-page-pide-ampliar-incompatibilidad-cargo-publico-al-entorno-familiar\\\/\",\"name\":\"Garc\\u00eda-Page pide ampliar incompatibilidad cargo p\\u00fablico al entorno familiar - El Digital de Asturias\",\"description\":\"Madrid, 29 ene (EFE).- El secretario general del PSOE y alcalde de Toledo, Emiliano-Garc\\u00eda Page, ha propuesto hoy ampliar las incompatibilidades por desempe\\u00f1o de cargo p\\u00fablico al entorno familiar. En el transcurso de un desayuno informativo organizado por Nueva Econom\\u00eda F\\u00f3rum, Garc\\u00eda-Page se ha referido as\\u00ed a una informaci\\u00f3n hoy de la cadena SER en\",\"inLanguage\":\"es-ES\",\"isPartOf\":{\"@id\":\"https:\\\/\\\/www.eldigitaldeasturias.com\\\/noticias\\\/#website\"},\"breadcrumb\":{\"@id\":\"https:\\\/\\\/www.eldigitaldeasturias.com\\\/noticias\\\/garcia-page-pide-ampliar-incompatibilidad-cargo-publico-al-entorno-familiar\\\/#breadcrumblist\"},\"author\":{\"@id\":\"https:\\\/\\\/www.eldigitaldeasturias.com\\\/noticias\\\/author\\\/admin\\\/#author\"},\"creator\":{\"@id\":\"https:\\\/\\\/www.eldigitaldeasturias.com\\\/noticias\\\/author\\\/admin\\\/#author\"},\"image\":{\"@type\":\"ImageObject\",\"url\":\"https:\\\/\\\/www.eldigitaldeasturias.com\\\/noticias\\\/wp-content\\\/uploads\\\/2026\\\/06\\\/Contenidos.jpg\",\"@id\":\"https:\\\/\\\/www.eldigitaldeasturias.com\\\/noticias\\\/garcia-page-pide-ampliar-incompatibilidad-cargo-publico-al-entorno-familiar\\\/#mainImage\",\"width\":1265,\"height\":697,\"caption\":\"Contenidos\"},\"primaryImageOfPage\":{\"@id\":\"https:\\\/\\\/www.eldigitaldeasturias.com\\\/noticias\\\/garcia-page-pide-ampliar-incompatibilidad-cargo-publico-al-entorno-familiar\\\/#mainImage\"},\"datePublished\":\"2014-01-29T23:06:00+01:00\",\"dateModified\":\"2014-01-29T23:06:00+01:00\"},{\"@type\":\"WebSite\",\"@id\":\"https:\\\/\\\/www.eldigitaldeasturias.com\\\/noticias\\\/#website\",\"url\":\"https:\\\/\\\/www.eldigitaldeasturias.com\\\/noticias\\\/\",\"name\":\"El Digital de Asturias - Diario de actualidad y noticias\",\"alternateName\":\"El Digital de Asturias - Diario de actualidad y noticias\",\"description\":\"Hemeroteca\",\"inLanguage\":\"es-ES\",\"publisher\":{\"@id\":\"https:\\\/\\\/www.eldigitaldeasturias.com\\\/noticias\\\/#organization\"}}]}\n\t\t<\/script>\n\t\t<!-- All in One SEO Pro -->\r\n\t\t<title>Garc\u00eda-Page pide ampliar incompatibilidad cargo p\u00fablico al entorno familiar - El Digital de Asturias<\/title>\n\n","aioseo_head_json":{"title":"Garc\u00eda-Page pide ampliar incompatibilidad cargo p\u00fablico al entorno familiar - El Digital de Asturias","description":"Madrid, 29 ene (EFE).- El secretario general del PSOE y alcalde de Toledo, Emiliano-Garc\u00eda Page, ha propuesto hoy ampliar las incompatibilidades por desempe\u00f1o de cargo p\u00fablico al entorno familiar. En el transcurso de un desayuno informativo organizado por Nueva Econom\u00eda F\u00f3rum, Garc\u00eda-Page se ha referido as\u00ed a una informaci\u00f3n hoy de la cadena SER en","canonical_url":"https:\/\/www.eldigitaldeasturias.com\/noticias\/garcia-page-pide-ampliar-incompatibilidad-cargo-publico-al-entorno-familiar\/","robots":"max-image-preview:large","keywords":"actualidad","webmasterTools":{"google-site-verification":"UA-38556648-1","msvalidate.01":"7dfe9f3f1b24437ab69f4f2559babe99","miscellaneous":""},"schema":{"@context":"https:\/\/schema.org","@graph":[{"@type":"BlogPosting","@id":"https:\/\/www.eldigitaldeasturias.com\/noticias\/garcia-page-pide-ampliar-incompatibilidad-cargo-publico-al-entorno-familiar\/#blogposting","name":"Garc\u00eda-Page pide ampliar incompatibilidad cargo p\u00fablico al entorno familiar - El Digital de Asturias","headline":"Garc\u00eda-Page pide ampliar incompatibilidad cargo p\u00fablico al entorno familiar","author":{"@id":"https:\/\/www.eldigitaldeasturias.com\/noticias\/author\/admin\/#author"},"publisher":{"@id":"https:\/\/www.eldigitaldeasturias.com\/noticias\/#organization"},"image":{"@type":"ImageObject","url":"https:\/\/www.eldigitaldeasturias.com\/noticias\/wp-content\/uploads\/2026\/06\/Contenidos.jpg","width":1265,"height":697,"caption":"Contenidos"},"datePublished":"2014-01-29T23:06:00+01:00","dateModified":"2014-01-29T23:06:00+01:00","inLanguage":"es-ES","mainEntityOfPage":{"@id":"https:\/\/www.eldigitaldeasturias.com\/noticias\/garcia-page-pide-ampliar-incompatibilidad-cargo-publico-al-entorno-familiar\/#webpage"},"isPartOf":{"@id":"https:\/\/www.eldigitaldeasturias.com\/noticias\/garcia-page-pide-ampliar-incompatibilidad-cargo-publico-al-entorno-familiar\/#webpage"},"articleSection":"Actualidad"},{"@type":"BreadcrumbList","@id":"https:\/\/www.eldigitaldeasturias.com\/noticias\/garcia-page-pide-ampliar-incompatibilidad-cargo-publico-al-entorno-familiar\/#breadcrumblist","itemListElement":[{"@type":"ListItem","@id":"https:\/\/www.eldigitaldeasturias.com\/noticias#listItem","position":1,"name":"Home","item":"https:\/\/www.eldigitaldeasturias.com\/noticias","nextItem":{"@type":"ListItem","@id":"https:\/\/www.eldigitaldeasturias.com\/noticias\/category\/actualidad\/#listItem","name":"Actualidad"}},{"@type":"ListItem","@id":"https:\/\/www.eldigitaldeasturias.com\/noticias\/category\/actualidad\/#listItem","position":2,"name":"Actualidad","item":"https:\/\/www.eldigitaldeasturias.com\/noticias\/category\/actualidad\/","nextItem":{"@type":"ListItem","@id":"https:\/\/www.eldigitaldeasturias.com\/noticias\/garcia-page-pide-ampliar-incompatibilidad-cargo-publico-al-entorno-familiar\/#listItem","name":"Garc\u00eda-Page pide ampliar incompatibilidad cargo p\u00fablico al entorno familiar"},"previousItem":{"@type":"ListItem","@id":"https:\/\/www.eldigitaldeasturias.com\/noticias#listItem","name":"Home"}},{"@type":"ListItem","@id":"https:\/\/www.eldigitaldeasturias.com\/noticias\/garcia-page-pide-ampliar-incompatibilidad-cargo-publico-al-entorno-familiar\/#listItem","position":3,"name":"Garc\u00eda-Page pide ampliar incompatibilidad cargo p\u00fablico al entorno familiar","previousItem":{"@type":"ListItem","@id":"https:\/\/www.eldigitaldeasturias.com\/noticias\/category\/actualidad\/#listItem","name":"Actualidad"}}]},{"@type":"Organization","@id":"https:\/\/www.eldigitaldeasturias.com\/noticias\/#organization","name":"El Digital de Asturias","description":"Hemeroteca","url":"https:\/\/www.eldigitaldeasturias.com\/noticias\/","email":"info@eldigitaldeasturias.com","telephone":"+34652131393","logo":{"@type":"ImageObject","url":"https:\/\/www.eldigitaldeasturias.com\/noticias\/wp-content\/uploads\/2020\/12\/EDA.jpg","@id":"https:\/\/www.eldigitaldeasturias.com\/noticias\/garcia-page-pide-ampliar-incompatibilidad-cargo-publico-al-entorno-familiar\/#organizationLogo"},"image":{"@id":"https:\/\/www.eldigitaldeasturias.com\/noticias\/garcia-page-pide-ampliar-incompatibilidad-cargo-publico-al-entorno-familiar\/#organizationLogo"},"sameAs":["https:\/\/facebook.com\/eldigitaldeasturias","https:\/\/www.youtube.com\/channel\/UCZP-2wLEB9Rv6erhFmqVnvg"],"address":{"@id":"https:\/\/www.eldigitaldeasturias.com\/noticias\/#postaladdress","@type":"PostalAddress","streetAddress":"san antonio 4","postalCode":"33430","addressLocality":"Cand\u00e1s","addressRegion":"Asturias","addressCountry":"ES"}},{"@type":"Person","@id":"https:\/\/www.eldigitaldeasturias.com\/noticias\/author\/admin\/#author","url":"https:\/\/www.eldigitaldeasturias.com\/noticias\/author\/admin\/","name":"El Digital de Asturias","image":{"@type":"ImageObject","@id":"https:\/\/www.eldigitaldeasturias.com\/noticias\/garcia-page-pide-ampliar-incompatibilidad-cargo-publico-al-entorno-familiar\/#authorImage","url":"https:\/\/secure.gravatar.com\/avatar\/df2aeffc32bcd13f8d26072ef8a91b623d677766deac7f97ca815868cd41bf5e?s=96&d=mm&r=g","width":96,"height":96,"caption":"El Digital de Asturias"}},{"@type":"WebPage","@id":"https:\/\/www.eldigitaldeasturias.com\/noticias\/garcia-page-pide-ampliar-incompatibilidad-cargo-publico-al-entorno-familiar\/#webpage","url":"https:\/\/www.eldigitaldeasturias.com\/noticias\/garcia-page-pide-ampliar-incompatibilidad-cargo-publico-al-entorno-familiar\/","name":"Garc\u00eda-Page pide ampliar incompatibilidad cargo p\u00fablico al entorno familiar - El Digital de Asturias","description":"Madrid, 29 ene (EFE).- El secretario general del PSOE y alcalde de Toledo, Emiliano-Garc\u00eda Page, ha propuesto hoy ampliar las incompatibilidades por desempe\u00f1o de cargo p\u00fablico al entorno familiar. En el transcurso de un desayuno informativo organizado por Nueva Econom\u00eda F\u00f3rum, Garc\u00eda-Page se ha referido as\u00ed a una informaci\u00f3n hoy de la cadena SER en","inLanguage":"es-ES","isPartOf":{"@id":"https:\/\/www.eldigitaldeasturias.com\/noticias\/#website"},"breadcrumb":{"@id":"https:\/\/www.eldigitaldeasturias.com\/noticias\/garcia-page-pide-ampliar-incompatibilidad-cargo-publico-al-entorno-familiar\/#breadcrumblist"},"author":{"@id":"https:\/\/www.eldigitaldeasturias.com\/noticias\/author\/admin\/#author"},"creator":{"@id":"https:\/\/www.eldigitaldeasturias.com\/noticias\/author\/admin\/#author"},"image":{"@type":"ImageObject","url":"https:\/\/www.eldigitaldeasturias.com\/noticias\/wp-content\/uploads\/2026\/06\/Contenidos.jpg","@id":"https:\/\/www.eldigitaldeasturias.com\/noticias\/garcia-page-pide-ampliar-incompatibilidad-cargo-publico-al-entorno-familiar\/#mainImage","width":1265,"height":697,"caption":"Contenidos"},"primaryImageOfPage":{"@id":"https:\/\/www.eldigitaldeasturias.com\/noticias\/garcia-page-pide-ampliar-incompatibilidad-cargo-publico-al-entorno-familiar\/#mainImage"},"datePublished":"2014-01-29T23:06:00+01:00","dateModified":"2014-01-29T23:06:00+01:00"},{"@type":"WebSite","@id":"https:\/\/www.eldigitaldeasturias.com\/noticias\/#website","url":"https:\/\/www.eldigitaldeasturias.com\/noticias\/","name":"El Digital de Asturias - Diario de actualidad y noticias","alternateName":"El Digital de Asturias - Diario de actualidad y noticias","description":"Hemeroteca","inLanguage":"es-ES","publisher":{"@id":"https:\/\/www.eldigitaldeasturias.com\/noticias\/#organization"}}]},"og:locale":"es_ES","og:site_name":"El Digital de Asturias","og:type":"article","og:title":"Garc\u00eda-Page pide ampliar incompatibilidad cargo p\u00fablico al entorno familiar - El Digital de Asturias","og:description":"Madrid, 29 ene (EFE).- El secretario general del PSOE y alcalde de Toledo, Emiliano-Garc\u00eda Page, ha propuesto hoy ampliar las incompatibilidades por desempe\u00f1o de cargo p\u00fablico al entorno familiar. En el transcurso de un desayuno informativo organizado por Nueva Econom\u00eda F\u00f3rum, Garc\u00eda-Page se ha referido as\u00ed a una informaci\u00f3n hoy de la cadena SER en","og:url":"https:\/\/www.eldigitaldeasturias.com\/noticias\/garcia-page-pide-ampliar-incompatibilidad-cargo-publico-al-entorno-familiar\/","og:image":"https:\/\/www.eldigitaldeasturias.com\/noticias\/wp-content\/uploads\/2026\/06\/Contenidos.jpg","og:image:secure_url":"https:\/\/www.eldigitaldeasturias.com\/noticias\/wp-content\/uploads\/2026\/06\/Contenidos.jpg","og:image:width":1265,"og:image:height":697,"article:tag":["actualidad"],"article:published_time":"2014-01-30T00:06:00+00:00","article:modified_time":"2014-01-30T00:06:00+00:00","article:publisher":"https:\/\/facebook.com\/eldigitaldeasturias","twitter:card":"summary_large_image","twitter:title":"Garc\u00eda-Page pide ampliar incompatibilidad cargo p\u00fablico al entorno familiar - El Digital de Asturias","twitter:description":"Madrid, 29 ene (EFE).- El secretario general del PSOE y alcalde de Toledo, Emiliano-Garc\u00eda Page, ha propuesto hoy ampliar las incompatibilidades por desempe\u00f1o de cargo p\u00fablico al entorno familiar. En el transcurso de un desayuno informativo organizado por Nueva Econom\u00eda F\u00f3rum, Garc\u00eda-Page se ha referido as\u00ed a una informaci\u00f3n hoy de la cadena SER en","twitter:image":"https:\/\/www.eldigitaldeasturias.com\/noticias\/wp-content\/uploads\/2026\/06\/Contenidos.jpg","twitter:label1":"Escrito por","twitter:data1":"El Digital de Asturias","twitter:label2":"Tiempo de lectura estimado","twitter:data2":"1 minuto"},"aioseo_meta_data":{"post_id":"480289","title":null,"description":null,"keywords":null,"keyphrases":null,"primary_term":null,"canonical_url":null,"og_title":null,"og_description":null,"og_object_type":"default","og_image_type":"default","og_image_url":null,"og_image_width":null,"og_image_height":null,"og_image_custom_url":null,"og_image_custom_fields":null,"og_video":null,"og_custom_url":null,"og_article_section":null,"og_article_tags":null,"twitter_use_og":true,"twitter_card":"default","twitter_image_type":"default","twitter_image_url":null,"twitter_image_custom_url":null,"twitter_image_custom_fields":null,"twitter_title":null,"twitter_description":null,"schema":{"blockGraphs":[],"customGraphs":[],"default":{"data":{"Article":[],"Course":[],"Dataset":[],"FAQPage":[],"Movie":[],"Person":[],"Product":[],"ProductReview":[],"Car":[],"Recipe":[],"Service":[],"SoftwareApplication":[],"WebPage":[]},"graphName":"","isEnabled":true},"graphs":[],"defaultGraph":"","defaultPostTypeGraph":""},"schema_type":null,"schema_type_options":null,"pillar_content":false,"robots_default":true,"robots_noindex":false,"robots_noarchive":false,"robots_nosnippet":false,"robots_nofollow":false,"robots_noimageindex":false,"robots_noodp":false,"robots_notranslate":false,"robots_max_snippet":null,"robots_max_videopreview":null,"robots_max_imagepreview":"none","priority":null,"frequency":null,"local_seo":null,"seo_analyzer_scan_date":"2026-06-02 03:15:49","breadcrumb_settings":null,"limit_modified_date":false,"open_ai":null,"ai":null,"created":"2020-11-14 22:54:10","updated":"2026-06-02 03:15:49","focus_keyword":null,"additional_keywords":null,"truseo_locale":null},"aioseo_breadcrumb":"<div class=\"aioseo-breadcrumbs\"><span class=\"aioseo-breadcrumb\">\n\t<a href=\"https:\/\/www.eldigitaldeasturias.com\/noticias\" title=\"Home\">Home<\/a>\n<\/span><span class=\"aioseo-breadcrumb-separator\">\u2013<\/span><span class=\"aioseo-breadcrumb\">\n\t<a href=\"https:\/\/www.eldigitaldeasturias.com\/noticias\/category\/actualidad\/\" title=\"Actualidad\">Actualidad<\/a>\n<\/span><span class=\"aioseo-breadcrumb-separator\">\u2013<\/span><span class=\"aioseo-breadcrumb\">\n\t<a href=\"https:\/\/www.eldigitaldeasturias.com\/noticias\/garcia-page-pide-ampliar-incompatibilidad-cargo-publico-al-entorno-familiar\/\" title=\"Garc\u00eda-Page pide ampliar incompatibilidad cargo p\u00fablico al entorno familiar\">Garc\u00eda-Page pide ampliar incompatibilidad cargo p\u00fablico al entorno familiar<\/a>\n<\/span><\/div>","aioseo_breadcrumb_json":[{"label":"Home","link":"https:\/\/www.eldigitaldeasturias.com\/noticias"},{"label":"Actualidad","link":"https:\/\/www.eldigitaldeasturias.com\/noticias\/category\/actualidad\/"},{"label":"Garc\u00eda-Page pide ampliar incompatibilidad cargo p\u00fablico al entorno familiar","link":"https:\/\/www.eldigitaldeasturias.com\/noticias\/garcia-page-pide-ampliar-incompatibilidad-cargo-publico-al-entorno-familiar\/"}],"_links":{"self":[{"href":"https:\/\/www.eldigitaldeasturias.com\/noticias\/wp-json\/wp\/v2\/posts\/480289","targetHints":{"allow":["GET"]}}],"collection":[{"href":"https:\/\/www.eldigitaldeasturias.com\/noticias\/wp-json\/wp\/v2\/posts"}],"about":[{"href":"https:\/\/www.eldigitaldeasturias.com\/noticias\/wp-json\/wp\/v2\/types\/post"}],"author":[{"embeddable":true,"href":"https:\/\/www.eldigitaldeasturias.com\/noticias\/wp-json\/wp\/v2\/users\/1"}],"replies":[{"embeddable":true,"href":"https:\/\/www.eldigitaldeasturias.com\/noticias\/wp-json\/wp\/v2\/comments?post=480289"}],"version-history":[{"count":0,"href":"https:\/\/www.eldigitaldeasturias.com\/noticias\/wp-json\/wp\/v2\/posts\/480289\/revisions"}],"wp:featuredmedia":[{"embeddable":true,"href":"https:\/\/www.eldigitaldeasturias.com\/noticias\/wp-json\/wp\/v2\/media\/1132184"}],"wp:attachment":[{"href":"https:\/\/www.eldigitaldeasturias.com\/noticias\/wp-json\/wp\/v2\/media?parent=480289"}],"wp:term":[{"taxonomy":"category","embeddable":true,"href":"https:\/\/www.eldigitaldeasturias.com\/noticias\/wp-json\/wp\/v2\/categories?post=480289"},{"taxonomy":"post_tag","embeddable":true,"href":"https:\/\/www.eldigitaldeasturias.com\/noticias\/wp-json\/wp\/v2\/tags?post=480289"}],"curies":[{"name":"wp","href":"https:\/\/api.w.org\/{rel}","templated":true}]}}