{"id":480286,"date":"2014-01-29T23:05:00","date_gmt":"2014-01-30T00:05:00","guid":{"rendered":"http:\/\/www.eldigitaldeasturias.com\/noticias\/?p=480286"},"modified":"2014-01-29T23:05:00","modified_gmt":"2014-01-30T00:05:00","slug":"el-pnv-dice-que-el-pp-alimento-el-odio-de-las-victimas-a-euskadi-y-ahora-es-un-bumeran","status":"publish","type":"post","link":"https:\/\/www.eldigitaldeasturias.com\/noticias\/el-pnv-dice-que-el-pp-alimento-el-odio-de-las-victimas-a-euskadi-y-ahora-es-un-bumeran\/","title":{"rendered":"El PNV dice que el PP aliment\u00f3 el odio de las v\u00edctimas a Euskadi y ahora es \u00abun b\u00fameran\u00bb"},"content":{"rendered":"<p><img loading=\"lazy\" decoding=\"async\" class=\"alignleft size-medium wp-image-480287\" alt=\"5886871w\" src=\"https:\/\/www.eldigitaldeasturias.com\/noticias\/wp-content\/uploads\/2014\/01\/5886871w-360x249.jpg\" width=\"360\" height=\"249\" \/>Bilbao, 29 ene (EFE).- La presidenta del PNV de Bizkaia, Itxaso Atutxa, ha afirmado hoy que durante mucho tiempo el PP \u00abaliment\u00f3 el odio\u00bb de las asociaciones de v\u00edctimas hacia Euskadi y esa estrategia le ha funcionado como \u00abun b\u00fameran\u00bb porque ahora algunas de esas asociaciones se sit\u00faan \u00abm\u00e1s a la derecha\u00bb que el propio PP.<\/p>\n<p>\u00abNo me gustar\u00eda estar en el pellejo del PP\u00bb, ha dicho Atutxa en una entrevista en Radio Popular, en la que ha opinado que dicha formaci\u00f3n fue \u00abla mano que les dio de comer y ahora surgen fricciones y rupturas al ver lo que han creado\u00bb.<\/p>\n<p>En este contexto, ha situado las manifestaciones de la expresidenta del PP vasco Mar\u00eda San Gil, publicadas en la p\u00e1gina web del Colectivo de V\u00edctimas del Terrorismo del Pa\u00eds Vasco (Covite), en las que acusa a la formaci\u00f3n popular de \u00abconsentir\u00bb la \u00abpesadilla\u00bb que, a su juicio, se vive en Euskadi \u00aben relaci\u00f3n con ETA, Batasuna, los presos, Sortu, Bildu y dem\u00e1s entramado etarra\u00bb.<\/p>\n<p>San Gil a\u00f1ade que se trata de \u00abuna realidad pol\u00edtica consentida, adem\u00e1s, por el partido que tuvo siempre claro que si matar no ten\u00eda premio, dejar de matar tampoco pod\u00eda tenerlo\u00bb.<\/p>\n<p>Seg\u00fan Atutxa, decir que Euskadi vive una pesadilla supone \u00abno estar en la realidad\u00bb y en relaci\u00f3n concreta a ETA, ha rechazado que est\u00e9 consiguiendo ahora lo que no logr\u00f3 con las armas.<\/p>\n","protected":false},"excerpt":{"rendered":"<p>Bilbao, 29 ene (EFE).- La presidenta del PNV de Bizkaia, Itxaso Atutxa, ha afirmado hoy que durante mucho tiempo el PP \u00abaliment\u00f3 el odio\u00bb de las asociaciones de v\u00edctimas hacia Euskadi y esa estrategia le ha funcionado como \u00abun b\u00fameran\u00bb porque ahora algunas de esas asociaciones se sit\u00faan \u00abm\u00e1s a la derecha\u00bb que el propio [&hellip;]<\/p>\n","protected":false},"author":1,"featured_media":1132184,"comment_status":"closed","ping_status":"open","sticky":false,"template":"","format":"standard","meta":{"footnotes":""},"categories":[1],"tags":[],"class_list":["post-480286","post","type-post","status-publish","format-standard","has-post-thumbnail","hentry","category-actualidad"],"aioseo_notices":[],"aioseo_head":"\n\t\t<!-- All in One SEO Pro 5.0.1 - aioseo.com -->\n\t<meta name=\"description\" content=\"Bilbao, 29 ene (EFE).- La presidenta del PNV de Bizkaia, Itxaso Atutxa, ha afirmado hoy que durante mucho tiempo el PP &quot;aliment\u00f3 el odio&quot; de las asociaciones de v\u00edctimas hacia Euskadi y esa estrategia le ha funcionado como &quot;un b\u00fameran&quot; porque ahora algunas de esas asociaciones se sit\u00faan &quot;m\u00e1s a la derecha&quot; que el propio\" \/>\n\t<meta name=\"robots\" content=\"max-image-preview:large\" \/>\n\t<meta name=\"author\" content=\"El Digital de Asturias\"\/>\n\t<meta name=\"google-site-verification\" content=\"UA-38556648-1\" \/>\n\t<meta name=\"msvalidate.01\" content=\"7dfe9f3f1b24437ab69f4f2559babe99\" \/>\n\t<meta name=\"keywords\" content=\"actualidad\" \/>\n\t<link rel=\"canonical\" href=\"https:\/\/www.eldigitaldeasturias.com\/noticias\/el-pnv-dice-que-el-pp-alimento-el-odio-de-las-victimas-a-euskadi-y-ahora-es-un-bumeran\/\" \/>\n\t<meta name=\"generator\" content=\"All in One SEO Pro (AIOSEO) 5.0.1\" \/>\n\t\t<meta property=\"og:locale\" content=\"es_ES\" \/>\n\t\t<meta property=\"og:site_name\" content=\"El Digital de Asturias\" \/>\n\t\t<meta property=\"og:type\" content=\"article\" \/>\n\t\t<meta property=\"og:title\" content=\"El PNV dice que el PP aliment\u00f3 el odio de las v\u00edctimas a Euskadi y ahora es \u00abun b\u00fameran\u00bb - El Digital de Asturias\" \/>\n\t\t<meta property=\"og:description\" content=\"Bilbao, 29 ene (EFE).- La presidenta del PNV de Bizkaia, Itxaso Atutxa, ha afirmado hoy que durante mucho tiempo el PP &quot;aliment\u00f3 el odio&quot; de las asociaciones de v\u00edctimas hacia Euskadi y esa estrategia le ha funcionado como &quot;un b\u00fameran&quot; porque ahora algunas de esas asociaciones se sit\u00faan &quot;m\u00e1s a la derecha&quot; que el propio\" \/>\n\t\t<meta property=\"og:url\" content=\"https:\/\/www.eldigitaldeasturias.com\/noticias\/el-pnv-dice-que-el-pp-alimento-el-odio-de-las-victimas-a-euskadi-y-ahora-es-un-bumeran\/\" \/>\n\t\t<meta property=\"og:image\" content=\"https:\/\/www.eldigitaldeasturias.com\/noticias\/wp-content\/uploads\/2026\/06\/Contenidos.jpg\" \/>\n\t\t<meta property=\"og:image:secure_url\" content=\"https:\/\/www.eldigitaldeasturias.com\/noticias\/wp-content\/uploads\/2026\/06\/Contenidos.jpg\" \/>\n\t\t<meta property=\"og:image:width\" content=\"1265\" \/>\n\t\t<meta property=\"og:image:height\" content=\"697\" \/>\n\t\t<meta property=\"article:tag\" content=\"actualidad\" \/>\n\t\t<meta property=\"article:published_time\" content=\"2014-01-30T00:05:00+00:00\" \/>\n\t\t<meta property=\"article:modified_time\" content=\"2014-01-30T00:05:00+00:00\" \/>\n\t\t<meta property=\"article:publisher\" content=\"https:\/\/facebook.com\/eldigitaldeasturias\" \/>\n\t\t<meta name=\"twitter:card\" content=\"summary_large_image\" \/>\n\t\t<meta name=\"twitter:title\" content=\"El PNV dice que el PP aliment\u00f3 el odio de las v\u00edctimas a Euskadi y ahora es \u00abun b\u00fameran\u00bb - El Digital de Asturias\" \/>\n\t\t<meta name=\"twitter:description\" content=\"Bilbao, 29 ene (EFE).- La presidenta del PNV de Bizkaia, Itxaso Atutxa, ha afirmado hoy que durante mucho tiempo el PP &quot;aliment\u00f3 el odio&quot; de las asociaciones de v\u00edctimas hacia Euskadi y esa estrategia le ha funcionado como &quot;un b\u00fameran&quot; porque ahora algunas de esas asociaciones se sit\u00faan &quot;m\u00e1s a la derecha&quot; que el propio\" \/>\n\t\t<meta name=\"twitter:image\" content=\"https:\/\/www.eldigitaldeasturias.com\/noticias\/wp-content\/uploads\/2026\/06\/Contenidos.jpg\" \/>\n\t\t<meta name=\"twitter:label1\" content=\"Escrito por\" \/>\n\t\t<meta name=\"twitter:data1\" content=\"El Digital de Asturias\" \/>\n\t\t<meta name=\"twitter:label2\" content=\"Tiempo de lectura estimado\" \/>\n\t\t<meta name=\"twitter:data2\" content=\"1 minuto\" \/>\n\t\t<script type=\"application\/ld+json\" class=\"aioseo-schema\">\n\t\t\t{\"@context\":\"https:\\\/\\\/schema.org\",\"@graph\":[{\"@type\":\"BlogPosting\",\"@id\":\"https:\\\/\\\/www.eldigitaldeasturias.com\\\/noticias\\\/el-pnv-dice-que-el-pp-alimento-el-odio-de-las-victimas-a-euskadi-y-ahora-es-un-bumeran\\\/#blogposting\",\"name\":\"El PNV dice que el PP aliment\\u00f3 el odio de las v\\u00edctimas a Euskadi y ahora es \\u00abun b\\u00fameran\\u00bb - El Digital de Asturias\",\"headline\":\"El PNV dice que el PP aliment\\u00f3 el odio de las v\\u00edctimas a Euskadi y ahora es \\u00abun b\\u00fameran\\u00bb\",\"author\":{\"@id\":\"https:\\\/\\\/www.eldigitaldeasturias.com\\\/noticias\\\/author\\\/admin\\\/#author\"},\"publisher\":{\"@id\":\"https:\\\/\\\/www.eldigitaldeasturias.com\\\/noticias\\\/#organization\"},\"image\":{\"@type\":\"ImageObject\",\"url\":\"https:\\\/\\\/www.eldigitaldeasturias.com\\\/noticias\\\/wp-content\\\/uploads\\\/2026\\\/06\\\/Contenidos.jpg\",\"width\":1265,\"height\":697,\"caption\":\"Contenidos\"},\"datePublished\":\"2014-01-29T23:05:00+01:00\",\"dateModified\":\"2014-01-29T23:05:00+01:00\",\"inLanguage\":\"es-ES\",\"mainEntityOfPage\":{\"@id\":\"https:\\\/\\\/www.eldigitaldeasturias.com\\\/noticias\\\/el-pnv-dice-que-el-pp-alimento-el-odio-de-las-victimas-a-euskadi-y-ahora-es-un-bumeran\\\/#webpage\"},\"isPartOf\":{\"@id\":\"https:\\\/\\\/www.eldigitaldeasturias.com\\\/noticias\\\/el-pnv-dice-que-el-pp-alimento-el-odio-de-las-victimas-a-euskadi-y-ahora-es-un-bumeran\\\/#webpage\"},\"articleSection\":\"Actualidad\"},{\"@type\":\"BreadcrumbList\",\"@id\":\"https:\\\/\\\/www.eldigitaldeasturias.com\\\/noticias\\\/el-pnv-dice-que-el-pp-alimento-el-odio-de-las-victimas-a-euskadi-y-ahora-es-un-bumeran\\\/#breadcrumblist\",\"itemListElement\":[{\"@type\":\"ListItem\",\"@id\":\"https:\\\/\\\/www.eldigitaldeasturias.com\\\/noticias#listItem\",\"position\":1,\"name\":\"Home\",\"item\":\"https:\\\/\\\/www.eldigitaldeasturias.com\\\/noticias\",\"nextItem\":{\"@type\":\"ListItem\",\"@id\":\"https:\\\/\\\/www.eldigitaldeasturias.com\\\/noticias\\\/category\\\/actualidad\\\/#listItem\",\"name\":\"Actualidad\"}},{\"@type\":\"ListItem\",\"@id\":\"https:\\\/\\\/www.eldigitaldeasturias.com\\\/noticias\\\/category\\\/actualidad\\\/#listItem\",\"position\":2,\"name\":\"Actualidad\",\"item\":\"https:\\\/\\\/www.eldigitaldeasturias.com\\\/noticias\\\/category\\\/actualidad\\\/\",\"nextItem\":{\"@type\":\"ListItem\",\"@id\":\"https:\\\/\\\/www.eldigitaldeasturias.com\\\/noticias\\\/el-pnv-dice-que-el-pp-alimento-el-odio-de-las-victimas-a-euskadi-y-ahora-es-un-bumeran\\\/#listItem\",\"name\":\"El PNV dice que el PP aliment\\u00f3 el odio de las v\\u00edctimas a Euskadi y ahora es \\u00abun b\\u00fameran\\u00bb\"},\"previousItem\":{\"@type\":\"ListItem\",\"@id\":\"https:\\\/\\\/www.eldigitaldeasturias.com\\\/noticias#listItem\",\"name\":\"Home\"}},{\"@type\":\"ListItem\",\"@id\":\"https:\\\/\\\/www.eldigitaldeasturias.com\\\/noticias\\\/el-pnv-dice-que-el-pp-alimento-el-odio-de-las-victimas-a-euskadi-y-ahora-es-un-bumeran\\\/#listItem\",\"position\":3,\"name\":\"El PNV dice que el PP aliment\\u00f3 el odio de las v\\u00edctimas a Euskadi y ahora es \\u00abun b\\u00fameran\\u00bb\",\"previousItem\":{\"@type\":\"ListItem\",\"@id\":\"https:\\\/\\\/www.eldigitaldeasturias.com\\\/noticias\\\/category\\\/actualidad\\\/#listItem\",\"name\":\"Actualidad\"}}]},{\"@type\":\"Organization\",\"@id\":\"https:\\\/\\\/www.eldigitaldeasturias.com\\\/noticias\\\/#organization\",\"name\":\"El Digital de Asturias\",\"description\":\"Hemeroteca\",\"url\":\"https:\\\/\\\/www.eldigitaldeasturias.com\\\/noticias\\\/\",\"email\":\"info@eldigitaldeasturias.com\",\"telephone\":\"+34652131393\",\"logo\":{\"@type\":\"ImageObject\",\"url\":\"https:\\\/\\\/www.eldigitaldeasturias.com\\\/noticias\\\/wp-content\\\/uploads\\\/2020\\\/12\\\/EDA.jpg\",\"@id\":\"https:\\\/\\\/www.eldigitaldeasturias.com\\\/noticias\\\/el-pnv-dice-que-el-pp-alimento-el-odio-de-las-victimas-a-euskadi-y-ahora-es-un-bumeran\\\/#organizationLogo\"},\"image\":{\"@id\":\"https:\\\/\\\/www.eldigitaldeasturias.com\\\/noticias\\\/el-pnv-dice-que-el-pp-alimento-el-odio-de-las-victimas-a-euskadi-y-ahora-es-un-bumeran\\\/#organizationLogo\"},\"sameAs\":[\"https:\\\/\\\/facebook.com\\\/eldigitaldeasturias\",\"https:\\\/\\\/www.youtube.com\\\/channel\\\/UCZP-2wLEB9Rv6erhFmqVnvg\"],\"address\":{\"@id\":\"https:\\\/\\\/www.eldigitaldeasturias.com\\\/noticias\\\/#postaladdress\",\"@type\":\"PostalAddress\",\"streetAddress\":\"san antonio 4\",\"postalCode\":\"33430\",\"addressLocality\":\"Cand\\u00e1s\",\"addressRegion\":\"Asturias\",\"addressCountry\":\"ES\"}},{\"@type\":\"Person\",\"@id\":\"https:\\\/\\\/www.eldigitaldeasturias.com\\\/noticias\\\/author\\\/admin\\\/#author\",\"url\":\"https:\\\/\\\/www.eldigitaldeasturias.com\\\/noticias\\\/author\\\/admin\\\/\",\"name\":\"El Digital de Asturias\",\"image\":{\"@type\":\"ImageObject\",\"@id\":\"https:\\\/\\\/www.eldigitaldeasturias.com\\\/noticias\\\/el-pnv-dice-que-el-pp-alimento-el-odio-de-las-victimas-a-euskadi-y-ahora-es-un-bumeran\\\/#authorImage\",\"url\":\"https:\\\/\\\/secure.gravatar.com\\\/avatar\\\/df2aeffc32bcd13f8d26072ef8a91b623d677766deac7f97ca815868cd41bf5e?s=96&d=mm&r=g\",\"width\":96,\"height\":96,\"caption\":\"El Digital de Asturias\"}},{\"@type\":\"WebPage\",\"@id\":\"https:\\\/\\\/www.eldigitaldeasturias.com\\\/noticias\\\/el-pnv-dice-que-el-pp-alimento-el-odio-de-las-victimas-a-euskadi-y-ahora-es-un-bumeran\\\/#webpage\",\"url\":\"https:\\\/\\\/www.eldigitaldeasturias.com\\\/noticias\\\/el-pnv-dice-que-el-pp-alimento-el-odio-de-las-victimas-a-euskadi-y-ahora-es-un-bumeran\\\/\",\"name\":\"El PNV dice que el PP aliment\\u00f3 el odio de las v\\u00edctimas a Euskadi y ahora es \\u00abun b\\u00fameran\\u00bb - El Digital de Asturias\",\"description\":\"Bilbao, 29 ene (EFE).- La presidenta del PNV de Bizkaia, Itxaso Atutxa, ha afirmado hoy que durante mucho tiempo el PP \\\"aliment\\u00f3 el odio\\\" de las asociaciones de v\\u00edctimas hacia Euskadi y esa estrategia le ha funcionado como \\\"un b\\u00fameran\\\" porque ahora algunas de esas asociaciones se sit\\u00faan \\\"m\\u00e1s a la derecha\\\" que el propio\",\"inLanguage\":\"es-ES\",\"isPartOf\":{\"@id\":\"https:\\\/\\\/www.eldigitaldeasturias.com\\\/noticias\\\/#website\"},\"breadcrumb\":{\"@id\":\"https:\\\/\\\/www.eldigitaldeasturias.com\\\/noticias\\\/el-pnv-dice-que-el-pp-alimento-el-odio-de-las-victimas-a-euskadi-y-ahora-es-un-bumeran\\\/#breadcrumblist\"},\"author\":{\"@id\":\"https:\\\/\\\/www.eldigitaldeasturias.com\\\/noticias\\\/author\\\/admin\\\/#author\"},\"creator\":{\"@id\":\"https:\\\/\\\/www.eldigitaldeasturias.com\\\/noticias\\\/author\\\/admin\\\/#author\"},\"image\":{\"@type\":\"ImageObject\",\"url\":\"https:\\\/\\\/www.eldigitaldeasturias.com\\\/noticias\\\/wp-content\\\/uploads\\\/2026\\\/06\\\/Contenidos.jpg\",\"@id\":\"https:\\\/\\\/www.eldigitaldeasturias.com\\\/noticias\\\/el-pnv-dice-que-el-pp-alimento-el-odio-de-las-victimas-a-euskadi-y-ahora-es-un-bumeran\\\/#mainImage\",\"width\":1265,\"height\":697,\"caption\":\"Contenidos\"},\"primaryImageOfPage\":{\"@id\":\"https:\\\/\\\/www.eldigitaldeasturias.com\\\/noticias\\\/el-pnv-dice-que-el-pp-alimento-el-odio-de-las-victimas-a-euskadi-y-ahora-es-un-bumeran\\\/#mainImage\"},\"datePublished\":\"2014-01-29T23:05:00+01:00\",\"dateModified\":\"2014-01-29T23:05:00+01:00\"},{\"@type\":\"WebSite\",\"@id\":\"https:\\\/\\\/www.eldigitaldeasturias.com\\\/noticias\\\/#website\",\"url\":\"https:\\\/\\\/www.eldigitaldeasturias.com\\\/noticias\\\/\",\"name\":\"El Digital de Asturias - Diario de actualidad y noticias\",\"alternateName\":\"El Digital de Asturias - Diario de actualidad y noticias\",\"description\":\"Hemeroteca\",\"inLanguage\":\"es-ES\",\"publisher\":{\"@id\":\"https:\\\/\\\/www.eldigitaldeasturias.com\\\/noticias\\\/#organization\"}}]}\n\t\t<\/script>\n\t\t<!-- All in One SEO Pro -->\r\n\t\t<title>El PNV dice que el PP aliment\u00f3 el odio de las v\u00edctimas a Euskadi y ahora es \u00abun b\u00fameran\u00bb - El Digital de Asturias<\/title>\n\n","aioseo_head_json":{"title":"El PNV dice que el PP aliment\u00f3 el odio de las v\u00edctimas a Euskadi y ahora es \u00abun b\u00fameran\u00bb - El Digital de Asturias","description":"Bilbao, 29 ene (EFE).- La presidenta del PNV de Bizkaia, Itxaso Atutxa, ha afirmado hoy que durante mucho tiempo el PP \"aliment\u00f3 el odio\" de las asociaciones de v\u00edctimas hacia Euskadi y esa estrategia le ha funcionado como \"un b\u00fameran\" porque ahora algunas de esas asociaciones se sit\u00faan \"m\u00e1s a la derecha\" que el propio","canonical_url":"https:\/\/www.eldigitaldeasturias.com\/noticias\/el-pnv-dice-que-el-pp-alimento-el-odio-de-las-victimas-a-euskadi-y-ahora-es-un-bumeran\/","robots":"max-image-preview:large","keywords":"actualidad","webmasterTools":{"google-site-verification":"UA-38556648-1","msvalidate.01":"7dfe9f3f1b24437ab69f4f2559babe99","miscellaneous":""},"schema":{"@context":"https:\/\/schema.org","@graph":[{"@type":"BlogPosting","@id":"https:\/\/www.eldigitaldeasturias.com\/noticias\/el-pnv-dice-que-el-pp-alimento-el-odio-de-las-victimas-a-euskadi-y-ahora-es-un-bumeran\/#blogposting","name":"El PNV dice que el PP aliment\u00f3 el odio de las v\u00edctimas a Euskadi y ahora es \u00abun b\u00fameran\u00bb - El Digital de Asturias","headline":"El PNV dice que el PP aliment\u00f3 el odio de las v\u00edctimas a Euskadi y ahora es \u00abun b\u00fameran\u00bb","author":{"@id":"https:\/\/www.eldigitaldeasturias.com\/noticias\/author\/admin\/#author"},"publisher":{"@id":"https:\/\/www.eldigitaldeasturias.com\/noticias\/#organization"},"image":{"@type":"ImageObject","url":"https:\/\/www.eldigitaldeasturias.com\/noticias\/wp-content\/uploads\/2026\/06\/Contenidos.jpg","width":1265,"height":697,"caption":"Contenidos"},"datePublished":"2014-01-29T23:05:00+01:00","dateModified":"2014-01-29T23:05:00+01:00","inLanguage":"es-ES","mainEntityOfPage":{"@id":"https:\/\/www.eldigitaldeasturias.com\/noticias\/el-pnv-dice-que-el-pp-alimento-el-odio-de-las-victimas-a-euskadi-y-ahora-es-un-bumeran\/#webpage"},"isPartOf":{"@id":"https:\/\/www.eldigitaldeasturias.com\/noticias\/el-pnv-dice-que-el-pp-alimento-el-odio-de-las-victimas-a-euskadi-y-ahora-es-un-bumeran\/#webpage"},"articleSection":"Actualidad"},{"@type":"BreadcrumbList","@id":"https:\/\/www.eldigitaldeasturias.com\/noticias\/el-pnv-dice-que-el-pp-alimento-el-odio-de-las-victimas-a-euskadi-y-ahora-es-un-bumeran\/#breadcrumblist","itemListElement":[{"@type":"ListItem","@id":"https:\/\/www.eldigitaldeasturias.com\/noticias#listItem","position":1,"name":"Home","item":"https:\/\/www.eldigitaldeasturias.com\/noticias","nextItem":{"@type":"ListItem","@id":"https:\/\/www.eldigitaldeasturias.com\/noticias\/category\/actualidad\/#listItem","name":"Actualidad"}},{"@type":"ListItem","@id":"https:\/\/www.eldigitaldeasturias.com\/noticias\/category\/actualidad\/#listItem","position":2,"name":"Actualidad","item":"https:\/\/www.eldigitaldeasturias.com\/noticias\/category\/actualidad\/","nextItem":{"@type":"ListItem","@id":"https:\/\/www.eldigitaldeasturias.com\/noticias\/el-pnv-dice-que-el-pp-alimento-el-odio-de-las-victimas-a-euskadi-y-ahora-es-un-bumeran\/#listItem","name":"El PNV dice que el PP aliment\u00f3 el odio de las v\u00edctimas a Euskadi y ahora es \u00abun b\u00fameran\u00bb"},"previousItem":{"@type":"ListItem","@id":"https:\/\/www.eldigitaldeasturias.com\/noticias#listItem","name":"Home"}},{"@type":"ListItem","@id":"https:\/\/www.eldigitaldeasturias.com\/noticias\/el-pnv-dice-que-el-pp-alimento-el-odio-de-las-victimas-a-euskadi-y-ahora-es-un-bumeran\/#listItem","position":3,"name":"El PNV dice que el PP aliment\u00f3 el odio de las v\u00edctimas a Euskadi y ahora es \u00abun b\u00fameran\u00bb","previousItem":{"@type":"ListItem","@id":"https:\/\/www.eldigitaldeasturias.com\/noticias\/category\/actualidad\/#listItem","name":"Actualidad"}}]},{"@type":"Organization","@id":"https:\/\/www.eldigitaldeasturias.com\/noticias\/#organization","name":"El Digital de Asturias","description":"Hemeroteca","url":"https:\/\/www.eldigitaldeasturias.com\/noticias\/","email":"info@eldigitaldeasturias.com","telephone":"+34652131393","logo":{"@type":"ImageObject","url":"https:\/\/www.eldigitaldeasturias.com\/noticias\/wp-content\/uploads\/2020\/12\/EDA.jpg","@id":"https:\/\/www.eldigitaldeasturias.com\/noticias\/el-pnv-dice-que-el-pp-alimento-el-odio-de-las-victimas-a-euskadi-y-ahora-es-un-bumeran\/#organizationLogo"},"image":{"@id":"https:\/\/www.eldigitaldeasturias.com\/noticias\/el-pnv-dice-que-el-pp-alimento-el-odio-de-las-victimas-a-euskadi-y-ahora-es-un-bumeran\/#organizationLogo"},"sameAs":["https:\/\/facebook.com\/eldigitaldeasturias","https:\/\/www.youtube.com\/channel\/UCZP-2wLEB9Rv6erhFmqVnvg"],"address":{"@id":"https:\/\/www.eldigitaldeasturias.com\/noticias\/#postaladdress","@type":"PostalAddress","streetAddress":"san antonio 4","postalCode":"33430","addressLocality":"Cand\u00e1s","addressRegion":"Asturias","addressCountry":"ES"}},{"@type":"Person","@id":"https:\/\/www.eldigitaldeasturias.com\/noticias\/author\/admin\/#author","url":"https:\/\/www.eldigitaldeasturias.com\/noticias\/author\/admin\/","name":"El Digital de Asturias","image":{"@type":"ImageObject","@id":"https:\/\/www.eldigitaldeasturias.com\/noticias\/el-pnv-dice-que-el-pp-alimento-el-odio-de-las-victimas-a-euskadi-y-ahora-es-un-bumeran\/#authorImage","url":"https:\/\/secure.gravatar.com\/avatar\/df2aeffc32bcd13f8d26072ef8a91b623d677766deac7f97ca815868cd41bf5e?s=96&d=mm&r=g","width":96,"height":96,"caption":"El Digital de Asturias"}},{"@type":"WebPage","@id":"https:\/\/www.eldigitaldeasturias.com\/noticias\/el-pnv-dice-que-el-pp-alimento-el-odio-de-las-victimas-a-euskadi-y-ahora-es-un-bumeran\/#webpage","url":"https:\/\/www.eldigitaldeasturias.com\/noticias\/el-pnv-dice-que-el-pp-alimento-el-odio-de-las-victimas-a-euskadi-y-ahora-es-un-bumeran\/","name":"El PNV dice que el PP aliment\u00f3 el odio de las v\u00edctimas a Euskadi y ahora es \u00abun b\u00fameran\u00bb - El Digital de Asturias","description":"Bilbao, 29 ene (EFE).- La presidenta del PNV de Bizkaia, Itxaso Atutxa, ha afirmado hoy que durante mucho tiempo el PP \"aliment\u00f3 el odio\" de las asociaciones de v\u00edctimas hacia Euskadi y esa estrategia le ha funcionado como \"un b\u00fameran\" porque ahora algunas de esas asociaciones se sit\u00faan \"m\u00e1s a la derecha\" que el propio","inLanguage":"es-ES","isPartOf":{"@id":"https:\/\/www.eldigitaldeasturias.com\/noticias\/#website"},"breadcrumb":{"@id":"https:\/\/www.eldigitaldeasturias.com\/noticias\/el-pnv-dice-que-el-pp-alimento-el-odio-de-las-victimas-a-euskadi-y-ahora-es-un-bumeran\/#breadcrumblist"},"author":{"@id":"https:\/\/www.eldigitaldeasturias.com\/noticias\/author\/admin\/#author"},"creator":{"@id":"https:\/\/www.eldigitaldeasturias.com\/noticias\/author\/admin\/#author"},"image":{"@type":"ImageObject","url":"https:\/\/www.eldigitaldeasturias.com\/noticias\/wp-content\/uploads\/2026\/06\/Contenidos.jpg","@id":"https:\/\/www.eldigitaldeasturias.com\/noticias\/el-pnv-dice-que-el-pp-alimento-el-odio-de-las-victimas-a-euskadi-y-ahora-es-un-bumeran\/#mainImage","width":1265,"height":697,"caption":"Contenidos"},"primaryImageOfPage":{"@id":"https:\/\/www.eldigitaldeasturias.com\/noticias\/el-pnv-dice-que-el-pp-alimento-el-odio-de-las-victimas-a-euskadi-y-ahora-es-un-bumeran\/#mainImage"},"datePublished":"2014-01-29T23:05:00+01:00","dateModified":"2014-01-29T23:05:00+01:00"},{"@type":"WebSite","@id":"https:\/\/www.eldigitaldeasturias.com\/noticias\/#website","url":"https:\/\/www.eldigitaldeasturias.com\/noticias\/","name":"El Digital de Asturias - Diario de actualidad y noticias","alternateName":"El Digital de Asturias - Diario de actualidad y noticias","description":"Hemeroteca","inLanguage":"es-ES","publisher":{"@id":"https:\/\/www.eldigitaldeasturias.com\/noticias\/#organization"}}]},"og:locale":"es_ES","og:site_name":"El Digital de Asturias","og:type":"article","og:title":"El PNV dice que el PP aliment\u00f3 el odio de las v\u00edctimas a Euskadi y ahora es \u00abun b\u00fameran\u00bb - El Digital de Asturias","og:description":"Bilbao, 29 ene (EFE).- La presidenta del PNV de Bizkaia, Itxaso Atutxa, ha afirmado hoy que durante mucho tiempo el PP &quot;aliment\u00f3 el odio&quot; de las asociaciones de v\u00edctimas hacia Euskadi y esa estrategia le ha funcionado como &quot;un b\u00fameran&quot; porque ahora algunas de esas asociaciones se sit\u00faan &quot;m\u00e1s a la derecha&quot; que el propio","og:url":"https:\/\/www.eldigitaldeasturias.com\/noticias\/el-pnv-dice-que-el-pp-alimento-el-odio-de-las-victimas-a-euskadi-y-ahora-es-un-bumeran\/","og:image":"https:\/\/www.eldigitaldeasturias.com\/noticias\/wp-content\/uploads\/2026\/06\/Contenidos.jpg","og:image:secure_url":"https:\/\/www.eldigitaldeasturias.com\/noticias\/wp-content\/uploads\/2026\/06\/Contenidos.jpg","og:image:width":1265,"og:image:height":697,"article:tag":["actualidad"],"article:published_time":"2014-01-30T00:05:00+00:00","article:modified_time":"2014-01-30T00:05:00+00:00","article:publisher":"https:\/\/facebook.com\/eldigitaldeasturias","twitter:card":"summary_large_image","twitter:title":"El PNV dice que el PP aliment\u00f3 el odio de las v\u00edctimas a Euskadi y ahora es \u00abun b\u00fameran\u00bb - El Digital de Asturias","twitter:description":"Bilbao, 29 ene (EFE).- La presidenta del PNV de Bizkaia, Itxaso Atutxa, ha afirmado hoy que durante mucho tiempo el PP &quot;aliment\u00f3 el odio&quot; de las asociaciones de v\u00edctimas hacia Euskadi y esa estrategia le ha funcionado como &quot;un b\u00fameran&quot; porque ahora algunas de esas asociaciones se sit\u00faan &quot;m\u00e1s a la derecha&quot; que el propio","twitter:image":"https:\/\/www.eldigitaldeasturias.com\/noticias\/wp-content\/uploads\/2026\/06\/Contenidos.jpg","twitter:label1":"Escrito por","twitter:data1":"El Digital de Asturias","twitter:label2":"Tiempo de lectura estimado","twitter:data2":"1 minuto"},"aioseo_meta_data":{"post_id":"480286","title":null,"description":null,"keywords":null,"keyphrases":null,"primary_term":null,"canonical_url":null,"og_title":null,"og_description":null,"og_object_type":"default","og_image_type":"default","og_image_url":null,"og_image_width":null,"og_image_height":null,"og_image_custom_url":null,"og_image_custom_fields":null,"og_video":null,"og_custom_url":null,"og_article_section":null,"og_article_tags":null,"twitter_use_og":true,"twitter_card":"default","twitter_image_type":"default","twitter_image_url":null,"twitter_image_custom_url":null,"twitter_image_custom_fields":null,"twitter_title":null,"twitter_description":null,"schema":{"blockGraphs":[],"customGraphs":[],"default":{"data":{"Article":[],"Course":[],"Dataset":[],"FAQPage":[],"Movie":[],"Person":[],"Product":[],"ProductReview":[],"Car":[],"Recipe":[],"Service":[],"SoftwareApplication":[],"WebPage":[]},"graphName":"","isEnabled":true},"graphs":[],"defaultGraph":"","defaultPostTypeGraph":""},"schema_type":null,"schema_type_options":null,"pillar_content":false,"robots_default":true,"robots_noindex":false,"robots_noarchive":false,"robots_nosnippet":false,"robots_nofollow":false,"robots_noimageindex":false,"robots_noodp":false,"robots_notranslate":false,"robots_max_snippet":null,"robots_max_videopreview":null,"robots_max_imagepreview":"none","priority":null,"frequency":null,"local_seo":null,"seo_analyzer_scan_date":"2026-06-02 03:15:48","breadcrumb_settings":null,"limit_modified_date":false,"open_ai":null,"ai":null,"created":"2020-11-14 22:54:10","updated":"2026-06-02 03:15:48","focus_keyword":null,"additional_keywords":null,"truseo_locale":null},"aioseo_breadcrumb":"<div class=\"aioseo-breadcrumbs\"><span class=\"aioseo-breadcrumb\">\n\t<a href=\"https:\/\/www.eldigitaldeasturias.com\/noticias\" title=\"Home\">Home<\/a>\n<\/span><span class=\"aioseo-breadcrumb-separator\">\u2013<\/span><span class=\"aioseo-breadcrumb\">\n\t<a href=\"https:\/\/www.eldigitaldeasturias.com\/noticias\/category\/actualidad\/\" title=\"Actualidad\">Actualidad<\/a>\n<\/span><span class=\"aioseo-breadcrumb-separator\">\u2013<\/span><span class=\"aioseo-breadcrumb\">\n\t<a href=\"https:\/\/www.eldigitaldeasturias.com\/noticias\/el-pnv-dice-que-el-pp-alimento-el-odio-de-las-victimas-a-euskadi-y-ahora-es-un-bumeran\/\" title=\"El PNV dice que el PP aliment\u00f3 el odio de las v\u00edctimas a Euskadi y ahora es \u00abun b\u00fameran\u00bb\">El PNV dice que el PP aliment\u00f3 el odio de las v\u00edctimas a Euskadi y ahora es \u00abun b\u00fameran\u00bb<\/a>\n<\/span><\/div>","aioseo_breadcrumb_json":[{"label":"Home","link":"https:\/\/www.eldigitaldeasturias.com\/noticias"},{"label":"Actualidad","link":"https:\/\/www.eldigitaldeasturias.com\/noticias\/category\/actualidad\/"},{"label":"El PNV dice que el PP aliment\u00f3 el odio de las v\u00edctimas a Euskadi y ahora es \u00abun b\u00fameran\u00bb","link":"https:\/\/www.eldigitaldeasturias.com\/noticias\/el-pnv-dice-que-el-pp-alimento-el-odio-de-las-victimas-a-euskadi-y-ahora-es-un-bumeran\/"}],"_links":{"self":[{"href":"https:\/\/www.eldigitaldeasturias.com\/noticias\/wp-json\/wp\/v2\/posts\/480286","targetHints":{"allow":["GET"]}}],"collection":[{"href":"https:\/\/www.eldigitaldeasturias.com\/noticias\/wp-json\/wp\/v2\/posts"}],"about":[{"href":"https:\/\/www.eldigitaldeasturias.com\/noticias\/wp-json\/wp\/v2\/types\/post"}],"author":[{"embeddable":true,"href":"https:\/\/www.eldigitaldeasturias.com\/noticias\/wp-json\/wp\/v2\/users\/1"}],"replies":[{"embeddable":true,"href":"https:\/\/www.eldigitaldeasturias.com\/noticias\/wp-json\/wp\/v2\/comments?post=480286"}],"version-history":[{"count":0,"href":"https:\/\/www.eldigitaldeasturias.com\/noticias\/wp-json\/wp\/v2\/posts\/480286\/revisions"}],"wp:featuredmedia":[{"embeddable":true,"href":"https:\/\/www.eldigitaldeasturias.com\/noticias\/wp-json\/wp\/v2\/media\/1132184"}],"wp:attachment":[{"href":"https:\/\/www.eldigitaldeasturias.com\/noticias\/wp-json\/wp\/v2\/media?parent=480286"}],"wp:term":[{"taxonomy":"category","embeddable":true,"href":"https:\/\/www.eldigitaldeasturias.com\/noticias\/wp-json\/wp\/v2\/categories?post=480286"},{"taxonomy":"post_tag","embeddable":true,"href":"https:\/\/www.eldigitaldeasturias.com\/noticias\/wp-json\/wp\/v2\/tags?post=480286"}],"curies":[{"name":"wp","href":"https:\/\/api.w.org\/{rel}","templated":true}]}}