{"id":480247,"date":"2014-01-29T22:38:26","date_gmt":"2014-01-29T23:38:26","guid":{"rendered":"http:\/\/www.eldigitaldeasturias.com\/noticias\/?p=480247"},"modified":"2014-01-29T22:38:26","modified_gmt":"2014-01-29T23:38:26","slug":"los-detectives-britanicos-del-caso-madeleine-viajan-a-portugal","status":"publish","type":"post","link":"https:\/\/www.eldigitaldeasturias.com\/noticias\/los-detectives-britanicos-del-caso-madeleine-viajan-a-portugal\/","title":{"rendered":"Los detectives brit\u00e1nicos del caso Madeleine viajan a Portugal"},"content":{"rendered":"<p><img loading=\"lazy\" decoding=\"async\" class=\"alignleft size-medium wp-image-480248\" alt=\"5886111w\" src=\"https:\/\/www.eldigitaldeasturias.com\/noticias\/wp-content\/uploads\/2014\/01\/5886111w-360x239.jpg\" width=\"360\" height=\"239\" \/>Londres, 29 ene (EFE).- Los detectives brit\u00e1nicos que investigan la desaparici\u00f3n de la ni\u00f1a brit\u00e1nica Madeleine McCann en Portugal han viajado a ese pa\u00eds para abordar con sus colegas portugueses nuevas pistas del caso, revelan hoy los medios en Londres.<\/p>\n<p>Madeleine no hab\u00eda cumplido a\u00fan los cuatro a\u00f1os cuando desapareci\u00f3 de la habitaci\u00f3n en la que dorm\u00eda en un complejo tur\u00edstico del Algarve, sur de Portugal, el 3 de mayo de 2007.<\/p>\n<p>De acuerdo con la prensa brit\u00e1nica, detectives de Scotland Yard viajaron al Algarve tras pedir a la Polic\u00eda portuguesa que les ayudase a localizar a tres ladrones vistos cerca del lugar de donde desapareci\u00f3 Madeleine.<\/p>\n<p>Al parecer, el equipo brit\u00e1nico -encabezado por el inspector jefe Andy Redwood, de Scotland Yard- quiere pedir a los agentes portugueses ayuda para interrogar a tres posibles sospechosos.<\/p>\n<p>Seg\u00fan el diario \u00abThe Guardian\u00bb, los registros de m\u00f3viles indican que al parecer estos sospechosos se comunicaron varias veces entre ellos horas despu\u00e9s de la desaparici\u00f3n de la peque\u00f1a.<\/p>\n<p>El a\u00f1o pasado, el programa Crimewatch de la BBC, que ayuda a resolver delitos, dedic\u00f3 una edici\u00f3n al caso Madeleine, y aport\u00f3 fotograf\u00edas electr\u00f3nicas de un posible sospechoso, visto por el lugar la noche que desapareci\u00f3 la menor.<\/p>\n<p>Las fuerzas del orden est\u00e1n convencidas de que la desaparici\u00f3n de Madeleine fue planificada y concentran su investigaci\u00f3n en los movimientos de personas entre las 8.30 y las 10 de la noche, cuando la madre de la ni\u00f1a, Kate McCann, descubri\u00f3 que su hija no estaba en la habitaci\u00f3n donde la hab\u00eda dejado durmiendo antes de salir a comer con su marido, Gerry McCann, a un restaurante cercano.<\/p>\n<p>Madeleine desapareci\u00f3 cuando dorm\u00eda con sus dos hermanos y mientras sus padres cenaban en un restaurante del complejo tur\u00edstico de Playa de la Luz donde se alojaban.<\/p>\n<p>Las autoridades portuguesas abandonaron el caso en 2008, pero Scotland Yard lo empez\u00f3 a revisar en 2011 y el a\u00f1o pasado reabri\u00f3 la investigaci\u00f3n en forma oficial.<\/p>\n<p>La decisi\u00f3n de Scotland Yard de iniciar su propia pesquisa oficial, al margen de la polic\u00eda portuguesa, se produjo despu\u00e9s de que el primer ministro brit\u00e1nico, David Cameron, aceptase en 2012 una petici\u00f3n de los McCann para revisar el caso.<\/p>\n","protected":false},"excerpt":{"rendered":"<p>Londres, 29 ene (EFE).- Los detectives brit\u00e1nicos que investigan la desaparici\u00f3n de la ni\u00f1a brit\u00e1nica Madeleine McCann en Portugal han viajado a ese pa\u00eds para abordar con sus colegas portugueses nuevas pistas del caso, revelan hoy los medios en Londres. Madeleine no hab\u00eda cumplido a\u00fan los cuatro a\u00f1os cuando desapareci\u00f3 de la habitaci\u00f3n en la [&hellip;]<\/p>\n","protected":false},"author":1,"featured_media":1132184,"comment_status":"closed","ping_status":"open","sticky":false,"template":"","format":"standard","meta":{"footnotes":""},"categories":[1,5],"tags":[],"class_list":["post-480247","post","type-post","status-publish","format-standard","has-post-thumbnail","hentry","category-actualidad","category-sucesos"],"aioseo_notices":[],"aioseo_head":"\n\t\t<!-- All in One SEO Pro 5.0.1 - aioseo.com -->\n\t<meta name=\"description\" content=\"Londres, 29 ene (EFE).- Los detectives brit\u00e1nicos que investigan la desaparici\u00f3n de la ni\u00f1a brit\u00e1nica Madeleine McCann en Portugal han viajado a ese pa\u00eds para abordar con sus colegas portugueses nuevas pistas del caso, revelan hoy los medios en Londres. Madeleine no hab\u00eda cumplido a\u00fan los cuatro a\u00f1os cuando desapareci\u00f3 de la habitaci\u00f3n en la\" \/>\n\t<meta name=\"robots\" content=\"max-image-preview:large\" \/>\n\t<meta name=\"author\" content=\"El Digital de Asturias\"\/>\n\t<meta name=\"google-site-verification\" content=\"UA-38556648-1\" \/>\n\t<meta name=\"msvalidate.01\" content=\"7dfe9f3f1b24437ab69f4f2559babe99\" \/>\n\t<meta name=\"keywords\" content=\"actualidad,sucesos\" \/>\n\t<link rel=\"canonical\" href=\"https:\/\/www.eldigitaldeasturias.com\/noticias\/los-detectives-britanicos-del-caso-madeleine-viajan-a-portugal\/\" \/>\n\t<meta name=\"generator\" content=\"All in One SEO Pro (AIOSEO) 5.0.1\" \/>\n\t\t<meta property=\"og:locale\" content=\"es_ES\" \/>\n\t\t<meta property=\"og:site_name\" content=\"El Digital de Asturias\" \/>\n\t\t<meta property=\"og:type\" content=\"article\" \/>\n\t\t<meta property=\"og:title\" content=\"Los detectives brit\u00e1nicos del caso Madeleine viajan a Portugal - El Digital de Asturias\" \/>\n\t\t<meta property=\"og:description\" content=\"Londres, 29 ene (EFE).- Los detectives brit\u00e1nicos que investigan la desaparici\u00f3n de la ni\u00f1a brit\u00e1nica Madeleine McCann en Portugal han viajado a ese pa\u00eds para abordar con sus colegas portugueses nuevas pistas del caso, revelan hoy los medios en Londres. Madeleine no hab\u00eda cumplido a\u00fan los cuatro a\u00f1os cuando desapareci\u00f3 de la habitaci\u00f3n en la\" \/>\n\t\t<meta property=\"og:url\" content=\"https:\/\/www.eldigitaldeasturias.com\/noticias\/los-detectives-britanicos-del-caso-madeleine-viajan-a-portugal\/\" \/>\n\t\t<meta property=\"og:image\" content=\"https:\/\/www.eldigitaldeasturias.com\/noticias\/wp-content\/uploads\/2026\/06\/Contenidos.jpg\" \/>\n\t\t<meta property=\"og:image:secure_url\" content=\"https:\/\/www.eldigitaldeasturias.com\/noticias\/wp-content\/uploads\/2026\/06\/Contenidos.jpg\" \/>\n\t\t<meta property=\"og:image:width\" content=\"1265\" \/>\n\t\t<meta property=\"og:image:height\" content=\"697\" \/>\n\t\t<meta property=\"article:tag\" content=\"actualidad\" \/>\n\t\t<meta property=\"article:tag\" content=\"sucesos\" \/>\n\t\t<meta property=\"article:published_time\" content=\"2014-01-29T23:38:26+00:00\" \/>\n\t\t<meta property=\"article:modified_time\" content=\"2014-01-29T23:38:26+00:00\" \/>\n\t\t<meta property=\"article:publisher\" content=\"https:\/\/facebook.com\/eldigitaldeasturias\" \/>\n\t\t<meta name=\"twitter:card\" content=\"summary_large_image\" \/>\n\t\t<meta name=\"twitter:title\" content=\"Los detectives brit\u00e1nicos del caso Madeleine viajan a Portugal - El Digital de Asturias\" \/>\n\t\t<meta name=\"twitter:description\" content=\"Londres, 29 ene (EFE).- Los detectives brit\u00e1nicos que investigan la desaparici\u00f3n de la ni\u00f1a brit\u00e1nica Madeleine McCann en Portugal han viajado a ese pa\u00eds para abordar con sus colegas portugueses nuevas pistas del caso, revelan hoy los medios en Londres. Madeleine no hab\u00eda cumplido a\u00fan los cuatro a\u00f1os cuando desapareci\u00f3 de la habitaci\u00f3n en la\" \/>\n\t\t<meta name=\"twitter:image\" content=\"https:\/\/www.eldigitaldeasturias.com\/noticias\/wp-content\/uploads\/2026\/06\/Contenidos.jpg\" \/>\n\t\t<meta name=\"twitter:label1\" content=\"Escrito por\" \/>\n\t\t<meta name=\"twitter:data1\" content=\"El Digital de Asturias\" \/>\n\t\t<meta name=\"twitter:label2\" content=\"Tiempo de lectura estimado\" \/>\n\t\t<meta name=\"twitter:data2\" content=\"2 minutos\" \/>\n\t\t<script type=\"application\/ld+json\" class=\"aioseo-schema\">\n\t\t\t{\"@context\":\"https:\\\/\\\/schema.org\",\"@graph\":[{\"@type\":\"BlogPosting\",\"@id\":\"https:\\\/\\\/www.eldigitaldeasturias.com\\\/noticias\\\/los-detectives-britanicos-del-caso-madeleine-viajan-a-portugal\\\/#blogposting\",\"name\":\"Los detectives brit\\u00e1nicos del caso Madeleine viajan a Portugal - El Digital de Asturias\",\"headline\":\"Los detectives brit\\u00e1nicos del caso Madeleine viajan a Portugal\",\"author\":{\"@id\":\"https:\\\/\\\/www.eldigitaldeasturias.com\\\/noticias\\\/author\\\/admin\\\/#author\"},\"publisher\":{\"@id\":\"https:\\\/\\\/www.eldigitaldeasturias.com\\\/noticias\\\/#organization\"},\"image\":{\"@type\":\"ImageObject\",\"url\":\"https:\\\/\\\/www.eldigitaldeasturias.com\\\/noticias\\\/wp-content\\\/uploads\\\/2026\\\/06\\\/Contenidos.jpg\",\"width\":1265,\"height\":697,\"caption\":\"Contenidos\"},\"datePublished\":\"2014-01-29T22:38:26+01:00\",\"dateModified\":\"2014-01-29T22:38:26+01:00\",\"inLanguage\":\"es-ES\",\"mainEntityOfPage\":{\"@id\":\"https:\\\/\\\/www.eldigitaldeasturias.com\\\/noticias\\\/los-detectives-britanicos-del-caso-madeleine-viajan-a-portugal\\\/#webpage\"},\"isPartOf\":{\"@id\":\"https:\\\/\\\/www.eldigitaldeasturias.com\\\/noticias\\\/los-detectives-britanicos-del-caso-madeleine-viajan-a-portugal\\\/#webpage\"},\"articleSection\":\"Actualidad, Sucesos\"},{\"@type\":\"BreadcrumbList\",\"@id\":\"https:\\\/\\\/www.eldigitaldeasturias.com\\\/noticias\\\/los-detectives-britanicos-del-caso-madeleine-viajan-a-portugal\\\/#breadcrumblist\",\"itemListElement\":[{\"@type\":\"ListItem\",\"@id\":\"https:\\\/\\\/www.eldigitaldeasturias.com\\\/noticias#listItem\",\"position\":1,\"name\":\"Home\",\"item\":\"https:\\\/\\\/www.eldigitaldeasturias.com\\\/noticias\",\"nextItem\":{\"@type\":\"ListItem\",\"@id\":\"https:\\\/\\\/www.eldigitaldeasturias.com\\\/noticias\\\/category\\\/actualidad\\\/#listItem\",\"name\":\"Actualidad\"}},{\"@type\":\"ListItem\",\"@id\":\"https:\\\/\\\/www.eldigitaldeasturias.com\\\/noticias\\\/category\\\/actualidad\\\/#listItem\",\"position\":2,\"name\":\"Actualidad\",\"item\":\"https:\\\/\\\/www.eldigitaldeasturias.com\\\/noticias\\\/category\\\/actualidad\\\/\",\"nextItem\":{\"@type\":\"ListItem\",\"@id\":\"https:\\\/\\\/www.eldigitaldeasturias.com\\\/noticias\\\/los-detectives-britanicos-del-caso-madeleine-viajan-a-portugal\\\/#listItem\",\"name\":\"Los detectives brit\\u00e1nicos del caso Madeleine viajan a Portugal\"},\"previousItem\":{\"@type\":\"ListItem\",\"@id\":\"https:\\\/\\\/www.eldigitaldeasturias.com\\\/noticias#listItem\",\"name\":\"Home\"}},{\"@type\":\"ListItem\",\"@id\":\"https:\\\/\\\/www.eldigitaldeasturias.com\\\/noticias\\\/los-detectives-britanicos-del-caso-madeleine-viajan-a-portugal\\\/#listItem\",\"position\":3,\"name\":\"Los detectives brit\\u00e1nicos del caso Madeleine viajan a Portugal\",\"previousItem\":{\"@type\":\"ListItem\",\"@id\":\"https:\\\/\\\/www.eldigitaldeasturias.com\\\/noticias\\\/category\\\/actualidad\\\/#listItem\",\"name\":\"Actualidad\"}}]},{\"@type\":\"Organization\",\"@id\":\"https:\\\/\\\/www.eldigitaldeasturias.com\\\/noticias\\\/#organization\",\"name\":\"El Digital de Asturias\",\"description\":\"Hemeroteca\",\"url\":\"https:\\\/\\\/www.eldigitaldeasturias.com\\\/noticias\\\/\",\"email\":\"info@eldigitaldeasturias.com\",\"telephone\":\"+34652131393\",\"logo\":{\"@type\":\"ImageObject\",\"url\":\"https:\\\/\\\/www.eldigitaldeasturias.com\\\/noticias\\\/wp-content\\\/uploads\\\/2020\\\/12\\\/EDA.jpg\",\"@id\":\"https:\\\/\\\/www.eldigitaldeasturias.com\\\/noticias\\\/los-detectives-britanicos-del-caso-madeleine-viajan-a-portugal\\\/#organizationLogo\"},\"image\":{\"@id\":\"https:\\\/\\\/www.eldigitaldeasturias.com\\\/noticias\\\/los-detectives-britanicos-del-caso-madeleine-viajan-a-portugal\\\/#organizationLogo\"},\"sameAs\":[\"https:\\\/\\\/facebook.com\\\/eldigitaldeasturias\",\"https:\\\/\\\/www.youtube.com\\\/channel\\\/UCZP-2wLEB9Rv6erhFmqVnvg\"],\"address\":{\"@id\":\"https:\\\/\\\/www.eldigitaldeasturias.com\\\/noticias\\\/#postaladdress\",\"@type\":\"PostalAddress\",\"streetAddress\":\"san antonio 4\",\"postalCode\":\"33430\",\"addressLocality\":\"Cand\\u00e1s\",\"addressRegion\":\"Asturias\",\"addressCountry\":\"ES\"}},{\"@type\":\"Person\",\"@id\":\"https:\\\/\\\/www.eldigitaldeasturias.com\\\/noticias\\\/author\\\/admin\\\/#author\",\"url\":\"https:\\\/\\\/www.eldigitaldeasturias.com\\\/noticias\\\/author\\\/admin\\\/\",\"name\":\"El Digital de Asturias\",\"image\":{\"@type\":\"ImageObject\",\"@id\":\"https:\\\/\\\/www.eldigitaldeasturias.com\\\/noticias\\\/los-detectives-britanicos-del-caso-madeleine-viajan-a-portugal\\\/#authorImage\",\"url\":\"https:\\\/\\\/secure.gravatar.com\\\/avatar\\\/df2aeffc32bcd13f8d26072ef8a91b623d677766deac7f97ca815868cd41bf5e?s=96&d=mm&r=g\",\"width\":96,\"height\":96,\"caption\":\"El Digital de Asturias\"}},{\"@type\":\"WebPage\",\"@id\":\"https:\\\/\\\/www.eldigitaldeasturias.com\\\/noticias\\\/los-detectives-britanicos-del-caso-madeleine-viajan-a-portugal\\\/#webpage\",\"url\":\"https:\\\/\\\/www.eldigitaldeasturias.com\\\/noticias\\\/los-detectives-britanicos-del-caso-madeleine-viajan-a-portugal\\\/\",\"name\":\"Los detectives brit\\u00e1nicos del caso Madeleine viajan a Portugal - El Digital de Asturias\",\"description\":\"Londres, 29 ene (EFE).- Los detectives brit\\u00e1nicos que investigan la desaparici\\u00f3n de la ni\\u00f1a brit\\u00e1nica Madeleine McCann en Portugal han viajado a ese pa\\u00eds para abordar con sus colegas portugueses nuevas pistas del caso, revelan hoy los medios en Londres. Madeleine no hab\\u00eda cumplido a\\u00fan los cuatro a\\u00f1os cuando desapareci\\u00f3 de la habitaci\\u00f3n en la\",\"inLanguage\":\"es-ES\",\"isPartOf\":{\"@id\":\"https:\\\/\\\/www.eldigitaldeasturias.com\\\/noticias\\\/#website\"},\"breadcrumb\":{\"@id\":\"https:\\\/\\\/www.eldigitaldeasturias.com\\\/noticias\\\/los-detectives-britanicos-del-caso-madeleine-viajan-a-portugal\\\/#breadcrumblist\"},\"author\":{\"@id\":\"https:\\\/\\\/www.eldigitaldeasturias.com\\\/noticias\\\/author\\\/admin\\\/#author\"},\"creator\":{\"@id\":\"https:\\\/\\\/www.eldigitaldeasturias.com\\\/noticias\\\/author\\\/admin\\\/#author\"},\"image\":{\"@type\":\"ImageObject\",\"url\":\"https:\\\/\\\/www.eldigitaldeasturias.com\\\/noticias\\\/wp-content\\\/uploads\\\/2026\\\/06\\\/Contenidos.jpg\",\"@id\":\"https:\\\/\\\/www.eldigitaldeasturias.com\\\/noticias\\\/los-detectives-britanicos-del-caso-madeleine-viajan-a-portugal\\\/#mainImage\",\"width\":1265,\"height\":697,\"caption\":\"Contenidos\"},\"primaryImageOfPage\":{\"@id\":\"https:\\\/\\\/www.eldigitaldeasturias.com\\\/noticias\\\/los-detectives-britanicos-del-caso-madeleine-viajan-a-portugal\\\/#mainImage\"},\"datePublished\":\"2014-01-29T22:38:26+01:00\",\"dateModified\":\"2014-01-29T22:38:26+01:00\"},{\"@type\":\"WebSite\",\"@id\":\"https:\\\/\\\/www.eldigitaldeasturias.com\\\/noticias\\\/#website\",\"url\":\"https:\\\/\\\/www.eldigitaldeasturias.com\\\/noticias\\\/\",\"name\":\"El Digital de Asturias - Diario de actualidad y noticias\",\"alternateName\":\"El Digital de Asturias - Diario de actualidad y noticias\",\"description\":\"Hemeroteca\",\"inLanguage\":\"es-ES\",\"publisher\":{\"@id\":\"https:\\\/\\\/www.eldigitaldeasturias.com\\\/noticias\\\/#organization\"}}]}\n\t\t<\/script>\n\t\t<!-- All in One SEO Pro -->\r\n\t\t<title>Los detectives brit\u00e1nicos del caso Madeleine viajan a Portugal - El Digital de Asturias<\/title>\n\n","aioseo_head_json":{"title":"Los detectives brit\u00e1nicos del caso Madeleine viajan a Portugal - El Digital de Asturias","description":"Londres, 29 ene (EFE).- Los detectives brit\u00e1nicos que investigan la desaparici\u00f3n de la ni\u00f1a brit\u00e1nica Madeleine McCann en Portugal han viajado a ese pa\u00eds para abordar con sus colegas portugueses nuevas pistas del caso, revelan hoy los medios en Londres. Madeleine no hab\u00eda cumplido a\u00fan los cuatro a\u00f1os cuando desapareci\u00f3 de la habitaci\u00f3n en la","canonical_url":"https:\/\/www.eldigitaldeasturias.com\/noticias\/los-detectives-britanicos-del-caso-madeleine-viajan-a-portugal\/","robots":"max-image-preview:large","keywords":"actualidad,sucesos","webmasterTools":{"google-site-verification":"UA-38556648-1","msvalidate.01":"7dfe9f3f1b24437ab69f4f2559babe99","miscellaneous":""},"schema":{"@context":"https:\/\/schema.org","@graph":[{"@type":"BlogPosting","@id":"https:\/\/www.eldigitaldeasturias.com\/noticias\/los-detectives-britanicos-del-caso-madeleine-viajan-a-portugal\/#blogposting","name":"Los detectives brit\u00e1nicos del caso Madeleine viajan a Portugal - El Digital de Asturias","headline":"Los detectives brit\u00e1nicos del caso Madeleine viajan a Portugal","author":{"@id":"https:\/\/www.eldigitaldeasturias.com\/noticias\/author\/admin\/#author"},"publisher":{"@id":"https:\/\/www.eldigitaldeasturias.com\/noticias\/#organization"},"image":{"@type":"ImageObject","url":"https:\/\/www.eldigitaldeasturias.com\/noticias\/wp-content\/uploads\/2026\/06\/Contenidos.jpg","width":1265,"height":697,"caption":"Contenidos"},"datePublished":"2014-01-29T22:38:26+01:00","dateModified":"2014-01-29T22:38:26+01:00","inLanguage":"es-ES","mainEntityOfPage":{"@id":"https:\/\/www.eldigitaldeasturias.com\/noticias\/los-detectives-britanicos-del-caso-madeleine-viajan-a-portugal\/#webpage"},"isPartOf":{"@id":"https:\/\/www.eldigitaldeasturias.com\/noticias\/los-detectives-britanicos-del-caso-madeleine-viajan-a-portugal\/#webpage"},"articleSection":"Actualidad, Sucesos"},{"@type":"BreadcrumbList","@id":"https:\/\/www.eldigitaldeasturias.com\/noticias\/los-detectives-britanicos-del-caso-madeleine-viajan-a-portugal\/#breadcrumblist","itemListElement":[{"@type":"ListItem","@id":"https:\/\/www.eldigitaldeasturias.com\/noticias#listItem","position":1,"name":"Home","item":"https:\/\/www.eldigitaldeasturias.com\/noticias","nextItem":{"@type":"ListItem","@id":"https:\/\/www.eldigitaldeasturias.com\/noticias\/category\/actualidad\/#listItem","name":"Actualidad"}},{"@type":"ListItem","@id":"https:\/\/www.eldigitaldeasturias.com\/noticias\/category\/actualidad\/#listItem","position":2,"name":"Actualidad","item":"https:\/\/www.eldigitaldeasturias.com\/noticias\/category\/actualidad\/","nextItem":{"@type":"ListItem","@id":"https:\/\/www.eldigitaldeasturias.com\/noticias\/los-detectives-britanicos-del-caso-madeleine-viajan-a-portugal\/#listItem","name":"Los detectives brit\u00e1nicos del caso Madeleine viajan a Portugal"},"previousItem":{"@type":"ListItem","@id":"https:\/\/www.eldigitaldeasturias.com\/noticias#listItem","name":"Home"}},{"@type":"ListItem","@id":"https:\/\/www.eldigitaldeasturias.com\/noticias\/los-detectives-britanicos-del-caso-madeleine-viajan-a-portugal\/#listItem","position":3,"name":"Los detectives brit\u00e1nicos del caso Madeleine viajan a Portugal","previousItem":{"@type":"ListItem","@id":"https:\/\/www.eldigitaldeasturias.com\/noticias\/category\/actualidad\/#listItem","name":"Actualidad"}}]},{"@type":"Organization","@id":"https:\/\/www.eldigitaldeasturias.com\/noticias\/#organization","name":"El Digital de Asturias","description":"Hemeroteca","url":"https:\/\/www.eldigitaldeasturias.com\/noticias\/","email":"info@eldigitaldeasturias.com","telephone":"+34652131393","logo":{"@type":"ImageObject","url":"https:\/\/www.eldigitaldeasturias.com\/noticias\/wp-content\/uploads\/2020\/12\/EDA.jpg","@id":"https:\/\/www.eldigitaldeasturias.com\/noticias\/los-detectives-britanicos-del-caso-madeleine-viajan-a-portugal\/#organizationLogo"},"image":{"@id":"https:\/\/www.eldigitaldeasturias.com\/noticias\/los-detectives-britanicos-del-caso-madeleine-viajan-a-portugal\/#organizationLogo"},"sameAs":["https:\/\/facebook.com\/eldigitaldeasturias","https:\/\/www.youtube.com\/channel\/UCZP-2wLEB9Rv6erhFmqVnvg"],"address":{"@id":"https:\/\/www.eldigitaldeasturias.com\/noticias\/#postaladdress","@type":"PostalAddress","streetAddress":"san antonio 4","postalCode":"33430","addressLocality":"Cand\u00e1s","addressRegion":"Asturias","addressCountry":"ES"}},{"@type":"Person","@id":"https:\/\/www.eldigitaldeasturias.com\/noticias\/author\/admin\/#author","url":"https:\/\/www.eldigitaldeasturias.com\/noticias\/author\/admin\/","name":"El Digital de Asturias","image":{"@type":"ImageObject","@id":"https:\/\/www.eldigitaldeasturias.com\/noticias\/los-detectives-britanicos-del-caso-madeleine-viajan-a-portugal\/#authorImage","url":"https:\/\/secure.gravatar.com\/avatar\/df2aeffc32bcd13f8d26072ef8a91b623d677766deac7f97ca815868cd41bf5e?s=96&d=mm&r=g","width":96,"height":96,"caption":"El Digital de Asturias"}},{"@type":"WebPage","@id":"https:\/\/www.eldigitaldeasturias.com\/noticias\/los-detectives-britanicos-del-caso-madeleine-viajan-a-portugal\/#webpage","url":"https:\/\/www.eldigitaldeasturias.com\/noticias\/los-detectives-britanicos-del-caso-madeleine-viajan-a-portugal\/","name":"Los detectives brit\u00e1nicos del caso Madeleine viajan a Portugal - El Digital de Asturias","description":"Londres, 29 ene (EFE).- Los detectives brit\u00e1nicos que investigan la desaparici\u00f3n de la ni\u00f1a brit\u00e1nica Madeleine McCann en Portugal han viajado a ese pa\u00eds para abordar con sus colegas portugueses nuevas pistas del caso, revelan hoy los medios en Londres. Madeleine no hab\u00eda cumplido a\u00fan los cuatro a\u00f1os cuando desapareci\u00f3 de la habitaci\u00f3n en la","inLanguage":"es-ES","isPartOf":{"@id":"https:\/\/www.eldigitaldeasturias.com\/noticias\/#website"},"breadcrumb":{"@id":"https:\/\/www.eldigitaldeasturias.com\/noticias\/los-detectives-britanicos-del-caso-madeleine-viajan-a-portugal\/#breadcrumblist"},"author":{"@id":"https:\/\/www.eldigitaldeasturias.com\/noticias\/author\/admin\/#author"},"creator":{"@id":"https:\/\/www.eldigitaldeasturias.com\/noticias\/author\/admin\/#author"},"image":{"@type":"ImageObject","url":"https:\/\/www.eldigitaldeasturias.com\/noticias\/wp-content\/uploads\/2026\/06\/Contenidos.jpg","@id":"https:\/\/www.eldigitaldeasturias.com\/noticias\/los-detectives-britanicos-del-caso-madeleine-viajan-a-portugal\/#mainImage","width":1265,"height":697,"caption":"Contenidos"},"primaryImageOfPage":{"@id":"https:\/\/www.eldigitaldeasturias.com\/noticias\/los-detectives-britanicos-del-caso-madeleine-viajan-a-portugal\/#mainImage"},"datePublished":"2014-01-29T22:38:26+01:00","dateModified":"2014-01-29T22:38:26+01:00"},{"@type":"WebSite","@id":"https:\/\/www.eldigitaldeasturias.com\/noticias\/#website","url":"https:\/\/www.eldigitaldeasturias.com\/noticias\/","name":"El Digital de Asturias - Diario de actualidad y noticias","alternateName":"El Digital de Asturias - Diario de actualidad y noticias","description":"Hemeroteca","inLanguage":"es-ES","publisher":{"@id":"https:\/\/www.eldigitaldeasturias.com\/noticias\/#organization"}}]},"og:locale":"es_ES","og:site_name":"El Digital de Asturias","og:type":"article","og:title":"Los detectives brit\u00e1nicos del caso Madeleine viajan a Portugal - El Digital de Asturias","og:description":"Londres, 29 ene (EFE).- Los detectives brit\u00e1nicos que investigan la desaparici\u00f3n de la ni\u00f1a brit\u00e1nica Madeleine McCann en Portugal han viajado a ese pa\u00eds para abordar con sus colegas portugueses nuevas pistas del caso, revelan hoy los medios en Londres. Madeleine no hab\u00eda cumplido a\u00fan los cuatro a\u00f1os cuando desapareci\u00f3 de la habitaci\u00f3n en la","og:url":"https:\/\/www.eldigitaldeasturias.com\/noticias\/los-detectives-britanicos-del-caso-madeleine-viajan-a-portugal\/","og:image":"https:\/\/www.eldigitaldeasturias.com\/noticias\/wp-content\/uploads\/2026\/06\/Contenidos.jpg","og:image:secure_url":"https:\/\/www.eldigitaldeasturias.com\/noticias\/wp-content\/uploads\/2026\/06\/Contenidos.jpg","og:image:width":1265,"og:image:height":697,"article:tag":["actualidad","sucesos"],"article:published_time":"2014-01-29T23:38:26+00:00","article:modified_time":"2014-01-29T23:38:26+00:00","article:publisher":"https:\/\/facebook.com\/eldigitaldeasturias","twitter:card":"summary_large_image","twitter:title":"Los detectives brit\u00e1nicos del caso Madeleine viajan a Portugal - El Digital de Asturias","twitter:description":"Londres, 29 ene (EFE).- Los detectives brit\u00e1nicos que investigan la desaparici\u00f3n de la ni\u00f1a brit\u00e1nica Madeleine McCann en Portugal han viajado a ese pa\u00eds para abordar con sus colegas portugueses nuevas pistas del caso, revelan hoy los medios en Londres. Madeleine no hab\u00eda cumplido a\u00fan los cuatro a\u00f1os cuando desapareci\u00f3 de la habitaci\u00f3n en la","twitter:image":"https:\/\/www.eldigitaldeasturias.com\/noticias\/wp-content\/uploads\/2026\/06\/Contenidos.jpg","twitter:label1":"Escrito por","twitter:data1":"El Digital de Asturias","twitter:label2":"Tiempo de lectura estimado","twitter:data2":"2 minutos"},"aioseo_meta_data":{"post_id":"480247","title":null,"description":null,"keywords":null,"keyphrases":null,"primary_term":null,"canonical_url":null,"og_title":null,"og_description":null,"og_object_type":"default","og_image_type":"default","og_image_url":null,"og_image_width":null,"og_image_height":null,"og_image_custom_url":null,"og_image_custom_fields":null,"og_video":null,"og_custom_url":null,"og_article_section":null,"og_article_tags":null,"twitter_use_og":true,"twitter_card":"default","twitter_image_type":"default","twitter_image_url":null,"twitter_image_custom_url":null,"twitter_image_custom_fields":null,"twitter_title":null,"twitter_description":null,"schema":{"blockGraphs":[],"customGraphs":[],"default":{"data":{"Article":[],"Course":[],"Dataset":[],"FAQPage":[],"Movie":[],"Person":[],"Product":[],"ProductReview":[],"Car":[],"Recipe":[],"Service":[],"SoftwareApplication":[],"WebPage":[]},"graphName":"","isEnabled":true},"graphs":[],"defaultGraph":"","defaultPostTypeGraph":""},"schema_type":null,"schema_type_options":null,"pillar_content":false,"robots_default":true,"robots_noindex":false,"robots_noarchive":false,"robots_nosnippet":false,"robots_nofollow":false,"robots_noimageindex":false,"robots_noodp":false,"robots_notranslate":false,"robots_max_snippet":null,"robots_max_videopreview":null,"robots_max_imagepreview":"none","priority":null,"frequency":null,"local_seo":null,"seo_analyzer_scan_date":"2026-06-02 03:07:47","breadcrumb_settings":null,"limit_modified_date":false,"open_ai":null,"ai":null,"created":"2020-11-14 22:54:09","updated":"2026-06-02 03:07:47","focus_keyword":null,"additional_keywords":null,"truseo_locale":null},"aioseo_breadcrumb":"<div class=\"aioseo-breadcrumbs\"><span class=\"aioseo-breadcrumb\">\n\t<a href=\"https:\/\/www.eldigitaldeasturias.com\/noticias\" title=\"Home\">Home<\/a>\n<\/span><span class=\"aioseo-breadcrumb-separator\">\u2013<\/span><span class=\"aioseo-breadcrumb\">\n\t<a href=\"https:\/\/www.eldigitaldeasturias.com\/noticias\/category\/actualidad\/\" title=\"Actualidad\">Actualidad<\/a>\n<\/span><span class=\"aioseo-breadcrumb-separator\">\u2013<\/span><span class=\"aioseo-breadcrumb\">\n\t<a href=\"https:\/\/www.eldigitaldeasturias.com\/noticias\/los-detectives-britanicos-del-caso-madeleine-viajan-a-portugal\/\" title=\"Los detectives brit\u00e1nicos del caso Madeleine viajan a Portugal\">Los detectives brit\u00e1nicos del caso Madeleine viajan a Portugal<\/a>\n<\/span><\/div>","aioseo_breadcrumb_json":[{"label":"Home","link":"https:\/\/www.eldigitaldeasturias.com\/noticias"},{"label":"Actualidad","link":"https:\/\/www.eldigitaldeasturias.com\/noticias\/category\/actualidad\/"},{"label":"Los detectives brit\u00e1nicos del caso Madeleine viajan a Portugal","link":"https:\/\/www.eldigitaldeasturias.com\/noticias\/los-detectives-britanicos-del-caso-madeleine-viajan-a-portugal\/"}],"_links":{"self":[{"href":"https:\/\/www.eldigitaldeasturias.com\/noticias\/wp-json\/wp\/v2\/posts\/480247","targetHints":{"allow":["GET"]}}],"collection":[{"href":"https:\/\/www.eldigitaldeasturias.com\/noticias\/wp-json\/wp\/v2\/posts"}],"about":[{"href":"https:\/\/www.eldigitaldeasturias.com\/noticias\/wp-json\/wp\/v2\/types\/post"}],"author":[{"embeddable":true,"href":"https:\/\/www.eldigitaldeasturias.com\/noticias\/wp-json\/wp\/v2\/users\/1"}],"replies":[{"embeddable":true,"href":"https:\/\/www.eldigitaldeasturias.com\/noticias\/wp-json\/wp\/v2\/comments?post=480247"}],"version-history":[{"count":0,"href":"https:\/\/www.eldigitaldeasturias.com\/noticias\/wp-json\/wp\/v2\/posts\/480247\/revisions"}],"wp:featuredmedia":[{"embeddable":true,"href":"https:\/\/www.eldigitaldeasturias.com\/noticias\/wp-json\/wp\/v2\/media\/1132184"}],"wp:attachment":[{"href":"https:\/\/www.eldigitaldeasturias.com\/noticias\/wp-json\/wp\/v2\/media?parent=480247"}],"wp:term":[{"taxonomy":"category","embeddable":true,"href":"https:\/\/www.eldigitaldeasturias.com\/noticias\/wp-json\/wp\/v2\/categories?post=480247"},{"taxonomy":"post_tag","embeddable":true,"href":"https:\/\/www.eldigitaldeasturias.com\/noticias\/wp-json\/wp\/v2\/tags?post=480247"}],"curies":[{"name":"wp","href":"https:\/\/api.w.org\/{rel}","templated":true}]}}