{"id":480235,"date":"2014-01-29T22:33:08","date_gmt":"2014-01-29T23:33:08","guid":{"rendered":"http:\/\/www.eldigitaldeasturias.com\/noticias\/?p=480235"},"modified":"2014-01-29T22:33:08","modified_gmt":"2014-01-29T23:33:08","slug":"homs-dice-que-a-erc-y-udc-les-ha-pesado-mas-identidad-de-partido-que-la-accion-conjunta","status":"publish","type":"post","link":"https:\/\/www.eldigitaldeasturias.com\/noticias\/homs-dice-que-a-erc-y-udc-les-ha-pesado-mas-identidad-de-partido-que-la-accion-conjunta\/","title":{"rendered":"Homs dice que a ERC y UDC les ha pesado m\u00e1s identidad de partido que la acci\u00f3n conjunta"},"content":{"rendered":"<p><img loading=\"lazy\" decoding=\"async\" class=\"alignleft size-medium wp-image-480236\" alt=\"5885961w\" src=\"https:\/\/www.eldigitaldeasturias.com\/noticias\/wp-content\/uploads\/2014\/01\/5885961w-223x320.jpg\" width=\"223\" height=\"320\" \/>Barcelona, 29 ene (EFE).- El conseller de Presidencia, Francesc Homs, ha atribuido hoy la imposibilidad de configurar una lista conjunta para las elecciones europeas entre CDC, UDC y ERC a que a estas dos \u00faltimas formaciones \u00ables ha pesado m\u00e1s la identidad de partido que hacer una operaci\u00f3n conjunta\u00bb en favor de la consulta.<\/p>\n<p>En declaraciones a RAC1, Homs se ha referido as\u00ed a la falta de acuerdo entre CDC, UDC y ERC para configurar una lista conjunta de cara a las elecciones europeas del 25 de mayo con personas independientes por lo que, finalmente, CiU concurrir\u00e1 con, al menos, el PNV y Coalici\u00f3n Canaria (CC), sus socios tradicionales en Europa.<\/p>\n<p>\u00abA ERC y a UDC les ha pesado m\u00e1s la identidad de partido, que respeto, que hacer una operaci\u00f3n conjunta que implicaba dejar el peso del partido un poco al margen\u00bb, ha lamentado Homs.<\/p>\n<p>El tambi\u00e9n portavoz del Govern ha defendido que esta lista conjunta de \u00abpa\u00eds\u00bb era una \u00aboportunidad\u00bb para visualizar en el Parlamento Europeo que el proceso soberanista de Catalu\u00f1a es una prioridad para estas formaciones.<\/p>\n<p>\u00abNo ha podido ser, pero tampoco pasa nada, no es un drama. Hubiese sido un drama no llegar a un acuerdo en la pregunta (del refer\u00e9ndum)\u00bb, ha precisado Homs para quitar hierro a esta falta de consenso entre los tres partidos.<\/p>\n","protected":false},"excerpt":{"rendered":"<p>Barcelona, 29 ene (EFE).- El conseller de Presidencia, Francesc Homs, ha atribuido hoy la imposibilidad de configurar una lista conjunta para las elecciones europeas entre CDC, UDC y ERC a que a estas dos \u00faltimas formaciones \u00ables ha pesado m\u00e1s la identidad de partido que hacer una operaci\u00f3n conjunta\u00bb en favor de la consulta. En [&hellip;]<\/p>\n","protected":false},"author":1,"featured_media":1132184,"comment_status":"closed","ping_status":"open","sticky":false,"template":"","format":"standard","meta":{"footnotes":""},"categories":[1],"tags":[],"class_list":["post-480235","post","type-post","status-publish","format-standard","has-post-thumbnail","hentry","category-actualidad"],"aioseo_notices":[],"aioseo_head":"\n\t\t<!-- All in One SEO Pro 5.0.1 - aioseo.com -->\n\t<meta name=\"description\" content=\"Barcelona, 29 ene (EFE).- El conseller de Presidencia, Francesc Homs, ha atribuido hoy la imposibilidad de configurar una lista conjunta para las elecciones europeas entre CDC, UDC y ERC a que a estas dos \u00faltimas formaciones &quot;les ha pesado m\u00e1s la identidad de partido que hacer una operaci\u00f3n conjunta&quot; en favor de la consulta. En\" \/>\n\t<meta name=\"robots\" content=\"max-image-preview:large\" \/>\n\t<meta name=\"author\" content=\"El Digital de Asturias\"\/>\n\t<meta name=\"google-site-verification\" content=\"UA-38556648-1\" \/>\n\t<meta name=\"msvalidate.01\" content=\"7dfe9f3f1b24437ab69f4f2559babe99\" \/>\n\t<meta name=\"keywords\" content=\"actualidad\" \/>\n\t<link rel=\"canonical\" href=\"https:\/\/www.eldigitaldeasturias.com\/noticias\/homs-dice-que-a-erc-y-udc-les-ha-pesado-mas-identidad-de-partido-que-la-accion-conjunta\/\" \/>\n\t<meta name=\"generator\" content=\"All in One SEO Pro (AIOSEO) 5.0.1\" \/>\n\t\t<meta property=\"og:locale\" content=\"es_ES\" \/>\n\t\t<meta property=\"og:site_name\" content=\"El Digital de Asturias\" \/>\n\t\t<meta property=\"og:type\" content=\"article\" \/>\n\t\t<meta property=\"og:title\" content=\"Homs dice que a ERC y UDC les ha pesado m\u00e1s identidad de partido que la acci\u00f3n conjunta - El Digital de Asturias\" \/>\n\t\t<meta property=\"og:description\" content=\"Barcelona, 29 ene (EFE).- El conseller de Presidencia, Francesc Homs, ha atribuido hoy la imposibilidad de configurar una lista conjunta para las elecciones europeas entre CDC, UDC y ERC a que a estas dos \u00faltimas formaciones &quot;les ha pesado m\u00e1s la identidad de partido que hacer una operaci\u00f3n conjunta&quot; en favor de la consulta. En\" \/>\n\t\t<meta property=\"og:url\" content=\"https:\/\/www.eldigitaldeasturias.com\/noticias\/homs-dice-que-a-erc-y-udc-les-ha-pesado-mas-identidad-de-partido-que-la-accion-conjunta\/\" \/>\n\t\t<meta property=\"og:image\" content=\"https:\/\/www.eldigitaldeasturias.com\/noticias\/wp-content\/uploads\/2026\/06\/Contenidos.jpg\" \/>\n\t\t<meta property=\"og:image:secure_url\" content=\"https:\/\/www.eldigitaldeasturias.com\/noticias\/wp-content\/uploads\/2026\/06\/Contenidos.jpg\" \/>\n\t\t<meta property=\"og:image:width\" content=\"1265\" \/>\n\t\t<meta property=\"og:image:height\" content=\"697\" \/>\n\t\t<meta property=\"article:tag\" content=\"actualidad\" \/>\n\t\t<meta property=\"article:published_time\" content=\"2014-01-29T23:33:08+00:00\" \/>\n\t\t<meta property=\"article:modified_time\" content=\"2014-01-29T23:33:08+00:00\" \/>\n\t\t<meta property=\"article:publisher\" content=\"https:\/\/facebook.com\/eldigitaldeasturias\" \/>\n\t\t<meta name=\"twitter:card\" content=\"summary_large_image\" \/>\n\t\t<meta name=\"twitter:title\" content=\"Homs dice que a ERC y UDC les ha pesado m\u00e1s identidad de partido que la acci\u00f3n conjunta - El Digital de Asturias\" \/>\n\t\t<meta name=\"twitter:description\" content=\"Barcelona, 29 ene (EFE).- El conseller de Presidencia, Francesc Homs, ha atribuido hoy la imposibilidad de configurar una lista conjunta para las elecciones europeas entre CDC, UDC y ERC a que a estas dos \u00faltimas formaciones &quot;les ha pesado m\u00e1s la identidad de partido que hacer una operaci\u00f3n conjunta&quot; en favor de la consulta. En\" \/>\n\t\t<meta name=\"twitter:image\" content=\"https:\/\/www.eldigitaldeasturias.com\/noticias\/wp-content\/uploads\/2026\/06\/Contenidos.jpg\" \/>\n\t\t<meta name=\"twitter:label1\" content=\"Escrito por\" \/>\n\t\t<meta name=\"twitter:data1\" content=\"El Digital de Asturias\" \/>\n\t\t<meta name=\"twitter:label2\" content=\"Tiempo de lectura estimado\" \/>\n\t\t<meta name=\"twitter:data2\" content=\"1 minuto\" \/>\n\t\t<script type=\"application\/ld+json\" class=\"aioseo-schema\">\n\t\t\t{\"@context\":\"https:\\\/\\\/schema.org\",\"@graph\":[{\"@type\":\"BlogPosting\",\"@id\":\"https:\\\/\\\/www.eldigitaldeasturias.com\\\/noticias\\\/homs-dice-que-a-erc-y-udc-les-ha-pesado-mas-identidad-de-partido-que-la-accion-conjunta\\\/#blogposting\",\"name\":\"Homs dice que a ERC y UDC les ha pesado m\\u00e1s identidad de partido que la acci\\u00f3n conjunta - El Digital de Asturias\",\"headline\":\"Homs dice que a ERC y UDC les ha pesado m\\u00e1s identidad de partido que la acci\\u00f3n conjunta\",\"author\":{\"@id\":\"https:\\\/\\\/www.eldigitaldeasturias.com\\\/noticias\\\/author\\\/admin\\\/#author\"},\"publisher\":{\"@id\":\"https:\\\/\\\/www.eldigitaldeasturias.com\\\/noticias\\\/#organization\"},\"image\":{\"@type\":\"ImageObject\",\"url\":\"https:\\\/\\\/www.eldigitaldeasturias.com\\\/noticias\\\/wp-content\\\/uploads\\\/2026\\\/06\\\/Contenidos.jpg\",\"width\":1265,\"height\":697,\"caption\":\"Contenidos\"},\"datePublished\":\"2014-01-29T22:33:08+01:00\",\"dateModified\":\"2014-01-29T22:33:08+01:00\",\"inLanguage\":\"es-ES\",\"mainEntityOfPage\":{\"@id\":\"https:\\\/\\\/www.eldigitaldeasturias.com\\\/noticias\\\/homs-dice-que-a-erc-y-udc-les-ha-pesado-mas-identidad-de-partido-que-la-accion-conjunta\\\/#webpage\"},\"isPartOf\":{\"@id\":\"https:\\\/\\\/www.eldigitaldeasturias.com\\\/noticias\\\/homs-dice-que-a-erc-y-udc-les-ha-pesado-mas-identidad-de-partido-que-la-accion-conjunta\\\/#webpage\"},\"articleSection\":\"Actualidad\"},{\"@type\":\"BreadcrumbList\",\"@id\":\"https:\\\/\\\/www.eldigitaldeasturias.com\\\/noticias\\\/homs-dice-que-a-erc-y-udc-les-ha-pesado-mas-identidad-de-partido-que-la-accion-conjunta\\\/#breadcrumblist\",\"itemListElement\":[{\"@type\":\"ListItem\",\"@id\":\"https:\\\/\\\/www.eldigitaldeasturias.com\\\/noticias#listItem\",\"position\":1,\"name\":\"Home\",\"item\":\"https:\\\/\\\/www.eldigitaldeasturias.com\\\/noticias\",\"nextItem\":{\"@type\":\"ListItem\",\"@id\":\"https:\\\/\\\/www.eldigitaldeasturias.com\\\/noticias\\\/category\\\/actualidad\\\/#listItem\",\"name\":\"Actualidad\"}},{\"@type\":\"ListItem\",\"@id\":\"https:\\\/\\\/www.eldigitaldeasturias.com\\\/noticias\\\/category\\\/actualidad\\\/#listItem\",\"position\":2,\"name\":\"Actualidad\",\"item\":\"https:\\\/\\\/www.eldigitaldeasturias.com\\\/noticias\\\/category\\\/actualidad\\\/\",\"nextItem\":{\"@type\":\"ListItem\",\"@id\":\"https:\\\/\\\/www.eldigitaldeasturias.com\\\/noticias\\\/homs-dice-que-a-erc-y-udc-les-ha-pesado-mas-identidad-de-partido-que-la-accion-conjunta\\\/#listItem\",\"name\":\"Homs dice que a ERC y UDC les ha pesado m\\u00e1s identidad de partido que la acci\\u00f3n conjunta\"},\"previousItem\":{\"@type\":\"ListItem\",\"@id\":\"https:\\\/\\\/www.eldigitaldeasturias.com\\\/noticias#listItem\",\"name\":\"Home\"}},{\"@type\":\"ListItem\",\"@id\":\"https:\\\/\\\/www.eldigitaldeasturias.com\\\/noticias\\\/homs-dice-que-a-erc-y-udc-les-ha-pesado-mas-identidad-de-partido-que-la-accion-conjunta\\\/#listItem\",\"position\":3,\"name\":\"Homs dice que a ERC y UDC les ha pesado m\\u00e1s identidad de partido que la acci\\u00f3n conjunta\",\"previousItem\":{\"@type\":\"ListItem\",\"@id\":\"https:\\\/\\\/www.eldigitaldeasturias.com\\\/noticias\\\/category\\\/actualidad\\\/#listItem\",\"name\":\"Actualidad\"}}]},{\"@type\":\"Organization\",\"@id\":\"https:\\\/\\\/www.eldigitaldeasturias.com\\\/noticias\\\/#organization\",\"name\":\"El Digital de Asturias\",\"description\":\"Hemeroteca\",\"url\":\"https:\\\/\\\/www.eldigitaldeasturias.com\\\/noticias\\\/\",\"email\":\"info@eldigitaldeasturias.com\",\"telephone\":\"+34652131393\",\"logo\":{\"@type\":\"ImageObject\",\"url\":\"https:\\\/\\\/www.eldigitaldeasturias.com\\\/noticias\\\/wp-content\\\/uploads\\\/2020\\\/12\\\/EDA.jpg\",\"@id\":\"https:\\\/\\\/www.eldigitaldeasturias.com\\\/noticias\\\/homs-dice-que-a-erc-y-udc-les-ha-pesado-mas-identidad-de-partido-que-la-accion-conjunta\\\/#organizationLogo\"},\"image\":{\"@id\":\"https:\\\/\\\/www.eldigitaldeasturias.com\\\/noticias\\\/homs-dice-que-a-erc-y-udc-les-ha-pesado-mas-identidad-de-partido-que-la-accion-conjunta\\\/#organizationLogo\"},\"sameAs\":[\"https:\\\/\\\/facebook.com\\\/eldigitaldeasturias\",\"https:\\\/\\\/www.youtube.com\\\/channel\\\/UCZP-2wLEB9Rv6erhFmqVnvg\"],\"address\":{\"@id\":\"https:\\\/\\\/www.eldigitaldeasturias.com\\\/noticias\\\/#postaladdress\",\"@type\":\"PostalAddress\",\"streetAddress\":\"san antonio 4\",\"postalCode\":\"33430\",\"addressLocality\":\"Cand\\u00e1s\",\"addressRegion\":\"Asturias\",\"addressCountry\":\"ES\"}},{\"@type\":\"Person\",\"@id\":\"https:\\\/\\\/www.eldigitaldeasturias.com\\\/noticias\\\/author\\\/admin\\\/#author\",\"url\":\"https:\\\/\\\/www.eldigitaldeasturias.com\\\/noticias\\\/author\\\/admin\\\/\",\"name\":\"El Digital de Asturias\",\"image\":{\"@type\":\"ImageObject\",\"@id\":\"https:\\\/\\\/www.eldigitaldeasturias.com\\\/noticias\\\/homs-dice-que-a-erc-y-udc-les-ha-pesado-mas-identidad-de-partido-que-la-accion-conjunta\\\/#authorImage\",\"url\":\"https:\\\/\\\/secure.gravatar.com\\\/avatar\\\/df2aeffc32bcd13f8d26072ef8a91b623d677766deac7f97ca815868cd41bf5e?s=96&d=mm&r=g\",\"width\":96,\"height\":96,\"caption\":\"El Digital de Asturias\"}},{\"@type\":\"WebPage\",\"@id\":\"https:\\\/\\\/www.eldigitaldeasturias.com\\\/noticias\\\/homs-dice-que-a-erc-y-udc-les-ha-pesado-mas-identidad-de-partido-que-la-accion-conjunta\\\/#webpage\",\"url\":\"https:\\\/\\\/www.eldigitaldeasturias.com\\\/noticias\\\/homs-dice-que-a-erc-y-udc-les-ha-pesado-mas-identidad-de-partido-que-la-accion-conjunta\\\/\",\"name\":\"Homs dice que a ERC y UDC les ha pesado m\\u00e1s identidad de partido que la acci\\u00f3n conjunta - El Digital de Asturias\",\"description\":\"Barcelona, 29 ene (EFE).- El conseller de Presidencia, Francesc Homs, ha atribuido hoy la imposibilidad de configurar una lista conjunta para las elecciones europeas entre CDC, UDC y ERC a que a estas dos \\u00faltimas formaciones \\\"les ha pesado m\\u00e1s la identidad de partido que hacer una operaci\\u00f3n conjunta\\\" en favor de la consulta. En\",\"inLanguage\":\"es-ES\",\"isPartOf\":{\"@id\":\"https:\\\/\\\/www.eldigitaldeasturias.com\\\/noticias\\\/#website\"},\"breadcrumb\":{\"@id\":\"https:\\\/\\\/www.eldigitaldeasturias.com\\\/noticias\\\/homs-dice-que-a-erc-y-udc-les-ha-pesado-mas-identidad-de-partido-que-la-accion-conjunta\\\/#breadcrumblist\"},\"author\":{\"@id\":\"https:\\\/\\\/www.eldigitaldeasturias.com\\\/noticias\\\/author\\\/admin\\\/#author\"},\"creator\":{\"@id\":\"https:\\\/\\\/www.eldigitaldeasturias.com\\\/noticias\\\/author\\\/admin\\\/#author\"},\"image\":{\"@type\":\"ImageObject\",\"url\":\"https:\\\/\\\/www.eldigitaldeasturias.com\\\/noticias\\\/wp-content\\\/uploads\\\/2026\\\/06\\\/Contenidos.jpg\",\"@id\":\"https:\\\/\\\/www.eldigitaldeasturias.com\\\/noticias\\\/homs-dice-que-a-erc-y-udc-les-ha-pesado-mas-identidad-de-partido-que-la-accion-conjunta\\\/#mainImage\",\"width\":1265,\"height\":697,\"caption\":\"Contenidos\"},\"primaryImageOfPage\":{\"@id\":\"https:\\\/\\\/www.eldigitaldeasturias.com\\\/noticias\\\/homs-dice-que-a-erc-y-udc-les-ha-pesado-mas-identidad-de-partido-que-la-accion-conjunta\\\/#mainImage\"},\"datePublished\":\"2014-01-29T22:33:08+01:00\",\"dateModified\":\"2014-01-29T22:33:08+01:00\"},{\"@type\":\"WebSite\",\"@id\":\"https:\\\/\\\/www.eldigitaldeasturias.com\\\/noticias\\\/#website\",\"url\":\"https:\\\/\\\/www.eldigitaldeasturias.com\\\/noticias\\\/\",\"name\":\"El Digital de Asturias - Diario de actualidad y noticias\",\"alternateName\":\"El Digital de Asturias - Diario de actualidad y noticias\",\"description\":\"Hemeroteca\",\"inLanguage\":\"es-ES\",\"publisher\":{\"@id\":\"https:\\\/\\\/www.eldigitaldeasturias.com\\\/noticias\\\/#organization\"}}]}\n\t\t<\/script>\n\t\t<!-- All in One SEO Pro -->\r\n\t\t<title>Homs dice que a ERC y UDC les ha pesado m\u00e1s identidad de partido que la acci\u00f3n conjunta - El Digital de Asturias<\/title>\n\n","aioseo_head_json":{"title":"Homs dice que a ERC y UDC les ha pesado m\u00e1s identidad de partido que la acci\u00f3n conjunta - El Digital de Asturias","description":"Barcelona, 29 ene (EFE).- El conseller de Presidencia, Francesc Homs, ha atribuido hoy la imposibilidad de configurar una lista conjunta para las elecciones europeas entre CDC, UDC y ERC a que a estas dos \u00faltimas formaciones \"les ha pesado m\u00e1s la identidad de partido que hacer una operaci\u00f3n conjunta\" en favor de la consulta. En","canonical_url":"https:\/\/www.eldigitaldeasturias.com\/noticias\/homs-dice-que-a-erc-y-udc-les-ha-pesado-mas-identidad-de-partido-que-la-accion-conjunta\/","robots":"max-image-preview:large","keywords":"actualidad","webmasterTools":{"google-site-verification":"UA-38556648-1","msvalidate.01":"7dfe9f3f1b24437ab69f4f2559babe99","miscellaneous":""},"schema":{"@context":"https:\/\/schema.org","@graph":[{"@type":"BlogPosting","@id":"https:\/\/www.eldigitaldeasturias.com\/noticias\/homs-dice-que-a-erc-y-udc-les-ha-pesado-mas-identidad-de-partido-que-la-accion-conjunta\/#blogposting","name":"Homs dice que a ERC y UDC les ha pesado m\u00e1s identidad de partido que la acci\u00f3n conjunta - El Digital de Asturias","headline":"Homs dice que a ERC y UDC les ha pesado m\u00e1s identidad de partido que la acci\u00f3n conjunta","author":{"@id":"https:\/\/www.eldigitaldeasturias.com\/noticias\/author\/admin\/#author"},"publisher":{"@id":"https:\/\/www.eldigitaldeasturias.com\/noticias\/#organization"},"image":{"@type":"ImageObject","url":"https:\/\/www.eldigitaldeasturias.com\/noticias\/wp-content\/uploads\/2026\/06\/Contenidos.jpg","width":1265,"height":697,"caption":"Contenidos"},"datePublished":"2014-01-29T22:33:08+01:00","dateModified":"2014-01-29T22:33:08+01:00","inLanguage":"es-ES","mainEntityOfPage":{"@id":"https:\/\/www.eldigitaldeasturias.com\/noticias\/homs-dice-que-a-erc-y-udc-les-ha-pesado-mas-identidad-de-partido-que-la-accion-conjunta\/#webpage"},"isPartOf":{"@id":"https:\/\/www.eldigitaldeasturias.com\/noticias\/homs-dice-que-a-erc-y-udc-les-ha-pesado-mas-identidad-de-partido-que-la-accion-conjunta\/#webpage"},"articleSection":"Actualidad"},{"@type":"BreadcrumbList","@id":"https:\/\/www.eldigitaldeasturias.com\/noticias\/homs-dice-que-a-erc-y-udc-les-ha-pesado-mas-identidad-de-partido-que-la-accion-conjunta\/#breadcrumblist","itemListElement":[{"@type":"ListItem","@id":"https:\/\/www.eldigitaldeasturias.com\/noticias#listItem","position":1,"name":"Home","item":"https:\/\/www.eldigitaldeasturias.com\/noticias","nextItem":{"@type":"ListItem","@id":"https:\/\/www.eldigitaldeasturias.com\/noticias\/category\/actualidad\/#listItem","name":"Actualidad"}},{"@type":"ListItem","@id":"https:\/\/www.eldigitaldeasturias.com\/noticias\/category\/actualidad\/#listItem","position":2,"name":"Actualidad","item":"https:\/\/www.eldigitaldeasturias.com\/noticias\/category\/actualidad\/","nextItem":{"@type":"ListItem","@id":"https:\/\/www.eldigitaldeasturias.com\/noticias\/homs-dice-que-a-erc-y-udc-les-ha-pesado-mas-identidad-de-partido-que-la-accion-conjunta\/#listItem","name":"Homs dice que a ERC y UDC les ha pesado m\u00e1s identidad de partido que la acci\u00f3n conjunta"},"previousItem":{"@type":"ListItem","@id":"https:\/\/www.eldigitaldeasturias.com\/noticias#listItem","name":"Home"}},{"@type":"ListItem","@id":"https:\/\/www.eldigitaldeasturias.com\/noticias\/homs-dice-que-a-erc-y-udc-les-ha-pesado-mas-identidad-de-partido-que-la-accion-conjunta\/#listItem","position":3,"name":"Homs dice que a ERC y UDC les ha pesado m\u00e1s identidad de partido que la acci\u00f3n conjunta","previousItem":{"@type":"ListItem","@id":"https:\/\/www.eldigitaldeasturias.com\/noticias\/category\/actualidad\/#listItem","name":"Actualidad"}}]},{"@type":"Organization","@id":"https:\/\/www.eldigitaldeasturias.com\/noticias\/#organization","name":"El Digital de Asturias","description":"Hemeroteca","url":"https:\/\/www.eldigitaldeasturias.com\/noticias\/","email":"info@eldigitaldeasturias.com","telephone":"+34652131393","logo":{"@type":"ImageObject","url":"https:\/\/www.eldigitaldeasturias.com\/noticias\/wp-content\/uploads\/2020\/12\/EDA.jpg","@id":"https:\/\/www.eldigitaldeasturias.com\/noticias\/homs-dice-que-a-erc-y-udc-les-ha-pesado-mas-identidad-de-partido-que-la-accion-conjunta\/#organizationLogo"},"image":{"@id":"https:\/\/www.eldigitaldeasturias.com\/noticias\/homs-dice-que-a-erc-y-udc-les-ha-pesado-mas-identidad-de-partido-que-la-accion-conjunta\/#organizationLogo"},"sameAs":["https:\/\/facebook.com\/eldigitaldeasturias","https:\/\/www.youtube.com\/channel\/UCZP-2wLEB9Rv6erhFmqVnvg"],"address":{"@id":"https:\/\/www.eldigitaldeasturias.com\/noticias\/#postaladdress","@type":"PostalAddress","streetAddress":"san antonio 4","postalCode":"33430","addressLocality":"Cand\u00e1s","addressRegion":"Asturias","addressCountry":"ES"}},{"@type":"Person","@id":"https:\/\/www.eldigitaldeasturias.com\/noticias\/author\/admin\/#author","url":"https:\/\/www.eldigitaldeasturias.com\/noticias\/author\/admin\/","name":"El Digital de Asturias","image":{"@type":"ImageObject","@id":"https:\/\/www.eldigitaldeasturias.com\/noticias\/homs-dice-que-a-erc-y-udc-les-ha-pesado-mas-identidad-de-partido-que-la-accion-conjunta\/#authorImage","url":"https:\/\/secure.gravatar.com\/avatar\/df2aeffc32bcd13f8d26072ef8a91b623d677766deac7f97ca815868cd41bf5e?s=96&d=mm&r=g","width":96,"height":96,"caption":"El Digital de Asturias"}},{"@type":"WebPage","@id":"https:\/\/www.eldigitaldeasturias.com\/noticias\/homs-dice-que-a-erc-y-udc-les-ha-pesado-mas-identidad-de-partido-que-la-accion-conjunta\/#webpage","url":"https:\/\/www.eldigitaldeasturias.com\/noticias\/homs-dice-que-a-erc-y-udc-les-ha-pesado-mas-identidad-de-partido-que-la-accion-conjunta\/","name":"Homs dice que a ERC y UDC les ha pesado m\u00e1s identidad de partido que la acci\u00f3n conjunta - El Digital de Asturias","description":"Barcelona, 29 ene (EFE).- El conseller de Presidencia, Francesc Homs, ha atribuido hoy la imposibilidad de configurar una lista conjunta para las elecciones europeas entre CDC, UDC y ERC a que a estas dos \u00faltimas formaciones \"les ha pesado m\u00e1s la identidad de partido que hacer una operaci\u00f3n conjunta\" en favor de la consulta. En","inLanguage":"es-ES","isPartOf":{"@id":"https:\/\/www.eldigitaldeasturias.com\/noticias\/#website"},"breadcrumb":{"@id":"https:\/\/www.eldigitaldeasturias.com\/noticias\/homs-dice-que-a-erc-y-udc-les-ha-pesado-mas-identidad-de-partido-que-la-accion-conjunta\/#breadcrumblist"},"author":{"@id":"https:\/\/www.eldigitaldeasturias.com\/noticias\/author\/admin\/#author"},"creator":{"@id":"https:\/\/www.eldigitaldeasturias.com\/noticias\/author\/admin\/#author"},"image":{"@type":"ImageObject","url":"https:\/\/www.eldigitaldeasturias.com\/noticias\/wp-content\/uploads\/2026\/06\/Contenidos.jpg","@id":"https:\/\/www.eldigitaldeasturias.com\/noticias\/homs-dice-que-a-erc-y-udc-les-ha-pesado-mas-identidad-de-partido-que-la-accion-conjunta\/#mainImage","width":1265,"height":697,"caption":"Contenidos"},"primaryImageOfPage":{"@id":"https:\/\/www.eldigitaldeasturias.com\/noticias\/homs-dice-que-a-erc-y-udc-les-ha-pesado-mas-identidad-de-partido-que-la-accion-conjunta\/#mainImage"},"datePublished":"2014-01-29T22:33:08+01:00","dateModified":"2014-01-29T22:33:08+01:00"},{"@type":"WebSite","@id":"https:\/\/www.eldigitaldeasturias.com\/noticias\/#website","url":"https:\/\/www.eldigitaldeasturias.com\/noticias\/","name":"El Digital de Asturias - Diario de actualidad y noticias","alternateName":"El Digital de Asturias - Diario de actualidad y noticias","description":"Hemeroteca","inLanguage":"es-ES","publisher":{"@id":"https:\/\/www.eldigitaldeasturias.com\/noticias\/#organization"}}]},"og:locale":"es_ES","og:site_name":"El Digital de Asturias","og:type":"article","og:title":"Homs dice que a ERC y UDC les ha pesado m\u00e1s identidad de partido que la acci\u00f3n conjunta - El Digital de Asturias","og:description":"Barcelona, 29 ene (EFE).- El conseller de Presidencia, Francesc Homs, ha atribuido hoy la imposibilidad de configurar una lista conjunta para las elecciones europeas entre CDC, UDC y ERC a que a estas dos \u00faltimas formaciones &quot;les ha pesado m\u00e1s la identidad de partido que hacer una operaci\u00f3n conjunta&quot; en favor de la consulta. En","og:url":"https:\/\/www.eldigitaldeasturias.com\/noticias\/homs-dice-que-a-erc-y-udc-les-ha-pesado-mas-identidad-de-partido-que-la-accion-conjunta\/","og:image":"https:\/\/www.eldigitaldeasturias.com\/noticias\/wp-content\/uploads\/2026\/06\/Contenidos.jpg","og:image:secure_url":"https:\/\/www.eldigitaldeasturias.com\/noticias\/wp-content\/uploads\/2026\/06\/Contenidos.jpg","og:image:width":1265,"og:image:height":697,"article:tag":["actualidad"],"article:published_time":"2014-01-29T23:33:08+00:00","article:modified_time":"2014-01-29T23:33:08+00:00","article:publisher":"https:\/\/facebook.com\/eldigitaldeasturias","twitter:card":"summary_large_image","twitter:title":"Homs dice que a ERC y UDC les ha pesado m\u00e1s identidad de partido que la acci\u00f3n conjunta - El Digital de Asturias","twitter:description":"Barcelona, 29 ene (EFE).- El conseller de Presidencia, Francesc Homs, ha atribuido hoy la imposibilidad de configurar una lista conjunta para las elecciones europeas entre CDC, UDC y ERC a que a estas dos \u00faltimas formaciones &quot;les ha pesado m\u00e1s la identidad de partido que hacer una operaci\u00f3n conjunta&quot; en favor de la consulta. En","twitter:image":"https:\/\/www.eldigitaldeasturias.com\/noticias\/wp-content\/uploads\/2026\/06\/Contenidos.jpg","twitter:label1":"Escrito por","twitter:data1":"El Digital de Asturias","twitter:label2":"Tiempo de lectura estimado","twitter:data2":"1 minuto"},"aioseo_meta_data":{"post_id":"480235","title":null,"description":null,"keywords":null,"keyphrases":null,"primary_term":null,"canonical_url":null,"og_title":null,"og_description":null,"og_object_type":"default","og_image_type":"default","og_image_url":null,"og_image_width":null,"og_image_height":null,"og_image_custom_url":null,"og_image_custom_fields":null,"og_video":null,"og_custom_url":null,"og_article_section":null,"og_article_tags":null,"twitter_use_og":true,"twitter_card":"default","twitter_image_type":"default","twitter_image_url":null,"twitter_image_custom_url":null,"twitter_image_custom_fields":null,"twitter_title":null,"twitter_description":null,"schema":{"blockGraphs":[],"customGraphs":[],"default":{"data":{"Article":[],"Course":[],"Dataset":[],"FAQPage":[],"Movie":[],"Person":[],"Product":[],"ProductReview":[],"Car":[],"Recipe":[],"Service":[],"SoftwareApplication":[],"WebPage":[]},"graphName":"","isEnabled":true},"graphs":[],"defaultGraph":"","defaultPostTypeGraph":""},"schema_type":null,"schema_type_options":null,"pillar_content":false,"robots_default":true,"robots_noindex":false,"robots_noarchive":false,"robots_nosnippet":false,"robots_nofollow":false,"robots_noimageindex":false,"robots_noodp":false,"robots_notranslate":false,"robots_max_snippet":null,"robots_max_videopreview":null,"robots_max_imagepreview":"none","priority":null,"frequency":null,"local_seo":null,"seo_analyzer_scan_date":"2026-06-02 03:06:13","breadcrumb_settings":null,"limit_modified_date":false,"open_ai":null,"ai":null,"created":"2020-11-14 22:54:09","updated":"2026-06-02 03:06:13","focus_keyword":null,"additional_keywords":null,"truseo_locale":null},"aioseo_breadcrumb":"<div class=\"aioseo-breadcrumbs\"><span class=\"aioseo-breadcrumb\">\n\t<a href=\"https:\/\/www.eldigitaldeasturias.com\/noticias\" title=\"Home\">Home<\/a>\n<\/span><span class=\"aioseo-breadcrumb-separator\">\u2013<\/span><span class=\"aioseo-breadcrumb\">\n\t<a href=\"https:\/\/www.eldigitaldeasturias.com\/noticias\/category\/actualidad\/\" title=\"Actualidad\">Actualidad<\/a>\n<\/span><span class=\"aioseo-breadcrumb-separator\">\u2013<\/span><span class=\"aioseo-breadcrumb\">\n\t<a href=\"https:\/\/www.eldigitaldeasturias.com\/noticias\/homs-dice-que-a-erc-y-udc-les-ha-pesado-mas-identidad-de-partido-que-la-accion-conjunta\/\" title=\"Homs dice que a ERC y UDC les ha pesado m\u00e1s identidad de partido que la acci\u00f3n conjunta\">Homs dice que a ERC y UDC les ha pesado m\u00e1s identidad de partido que la acci\u00f3n conjunta<\/a>\n<\/span><\/div>","aioseo_breadcrumb_json":[{"label":"Home","link":"https:\/\/www.eldigitaldeasturias.com\/noticias"},{"label":"Actualidad","link":"https:\/\/www.eldigitaldeasturias.com\/noticias\/category\/actualidad\/"},{"label":"Homs dice que a ERC y UDC les ha pesado m\u00e1s identidad de partido que la acci\u00f3n conjunta","link":"https:\/\/www.eldigitaldeasturias.com\/noticias\/homs-dice-que-a-erc-y-udc-les-ha-pesado-mas-identidad-de-partido-que-la-accion-conjunta\/"}],"_links":{"self":[{"href":"https:\/\/www.eldigitaldeasturias.com\/noticias\/wp-json\/wp\/v2\/posts\/480235","targetHints":{"allow":["GET"]}}],"collection":[{"href":"https:\/\/www.eldigitaldeasturias.com\/noticias\/wp-json\/wp\/v2\/posts"}],"about":[{"href":"https:\/\/www.eldigitaldeasturias.com\/noticias\/wp-json\/wp\/v2\/types\/post"}],"author":[{"embeddable":true,"href":"https:\/\/www.eldigitaldeasturias.com\/noticias\/wp-json\/wp\/v2\/users\/1"}],"replies":[{"embeddable":true,"href":"https:\/\/www.eldigitaldeasturias.com\/noticias\/wp-json\/wp\/v2\/comments?post=480235"}],"version-history":[{"count":0,"href":"https:\/\/www.eldigitaldeasturias.com\/noticias\/wp-json\/wp\/v2\/posts\/480235\/revisions"}],"wp:featuredmedia":[{"embeddable":true,"href":"https:\/\/www.eldigitaldeasturias.com\/noticias\/wp-json\/wp\/v2\/media\/1132184"}],"wp:attachment":[{"href":"https:\/\/www.eldigitaldeasturias.com\/noticias\/wp-json\/wp\/v2\/media?parent=480235"}],"wp:term":[{"taxonomy":"category","embeddable":true,"href":"https:\/\/www.eldigitaldeasturias.com\/noticias\/wp-json\/wp\/v2\/categories?post=480235"},{"taxonomy":"post_tag","embeddable":true,"href":"https:\/\/www.eldigitaldeasturias.com\/noticias\/wp-json\/wp\/v2\/tags?post=480235"}],"curies":[{"name":"wp","href":"https:\/\/api.w.org\/{rel}","templated":true}]}}