{"id":480221,"date":"2014-01-29T22:28:22","date_gmt":"2014-01-29T23:28:22","guid":{"rendered":"http:\/\/www.eldigitaldeasturias.com\/noticias\/?p=480221"},"modified":"2014-01-29T22:28:22","modified_gmt":"2014-01-29T23:28:22","slug":"arantza-quiroga-defiende-que-el-pp-esta-donde-siempre-ha-estado","status":"publish","type":"post","link":"https:\/\/www.eldigitaldeasturias.com\/noticias\/arantza-quiroga-defiende-que-el-pp-esta-donde-siempre-ha-estado\/","title":{"rendered":"Arantza Quiroga defiende que el PP \u00abest\u00e1 donde siempre ha estado\u00bb"},"content":{"rendered":"<p><img loading=\"lazy\" decoding=\"async\" class=\"alignleft size-medium wp-image-480222\" alt=\"5885897w\" src=\"https:\/\/www.eldigitaldeasturias.com\/noticias\/wp-content\/uploads\/2014\/01\/5885897w-360x218.jpg\" width=\"360\" height=\"218\" \/>San Sebasti\u00e1n, 29 ene (EFE).- La presidenta del PP vasco, Arantza Quiroga, ha dicho hoy que asuntos como la renuncia de Jaime Mayor Oreja a encabezar la lista a las elecciones europeas o la ausencia de Jos\u00e9 Mar\u00eda Aznar en la pr\u00f3xima convenci\u00f3n popular \u00abno deber\u00edan\u00bb da\u00f1ar la imagen de su partido, que \u00abest\u00e1 donde siempre ha estado\u00bb.<\/p>\n<p>Quiroga ha asegurado, en una entrevista concedida al programa \u00abLos desayunos de TVE\u00bb, que estas cuestiones, entre ellas tambi\u00e9n la baja de Alejo Vidal-Quadras, deber\u00edan ser parte de \u00ablas an\u00e9cdotas, de los tiempos un poco convulsos que -ha dicho- estamos viviendo en estos momentos\u00bb.<\/p>\n<p>\u00abDeber\u00edamos concentrarnos en hablar de lo que preocupa a los espa\u00f1oles\u00bb de econom\u00eda, empleo y del futuro de Espa\u00f1a, ha recalcado Quiroga, al tiempo que ha insistido en que \u00abel PP est\u00e1 donde siempre ha estado, defendiendo los intereses de Espa\u00f1a, una Espa\u00f1a democr\u00e1tica\u00bb y que, por ello, \u00abno deber\u00eda ser un problema nada de lo que est\u00e1 pasando\u00bb.<\/p>\n<p>\u00abA ver si en pol\u00edtica empezamos a ver con m\u00e1s naturalidad que hay personas que est\u00e1n en un momento\u00bb determinado y \u00abluego salen\u00bb o que \u00abest\u00e1n en primera l\u00ednea y luego pasan a una segunda\u00bb, ha subrayado la dirigente popular, quien ha querido dejar \u00abbien claro el papel fundamental\u00bb que Mayor Oreja \u00abha jugado para el PP\u00bb y ha deseado que \u00absiga jug\u00e1ndolo\u00bb.<\/p>\n<p>No obstante, insistido en que el hecho de que \u00abuna persona salga\u00bb del partido \u00abno quiere decir que al PP se le caigan no s\u00e9 cu\u00e1ntos principios\u00bb porque hay otros que \u00abvienen detr\u00e1s, recogen el testigo\u00bb e incluso pueden responder \u00abmejor a los tiempos que estamos viviendo\u00bb porque \u00abla situaci\u00f3n no es la misma en 2001 que en 2014\u00bb.<\/p>\n","protected":false},"excerpt":{"rendered":"<p>San Sebasti\u00e1n, 29 ene (EFE).- La presidenta del PP vasco, Arantza Quiroga, ha dicho hoy que asuntos como la renuncia de Jaime Mayor Oreja a encabezar la lista a las elecciones europeas o la ausencia de Jos\u00e9 Mar\u00eda Aznar en la pr\u00f3xima convenci\u00f3n popular \u00abno deber\u00edan\u00bb da\u00f1ar la imagen de su partido, que \u00abest\u00e1 donde [&hellip;]<\/p>\n","protected":false},"author":1,"featured_media":1132184,"comment_status":"closed","ping_status":"open","sticky":false,"template":"","format":"standard","meta":{"footnotes":""},"categories":[1],"tags":[],"class_list":["post-480221","post","type-post","status-publish","format-standard","has-post-thumbnail","hentry","category-actualidad"],"aioseo_notices":[],"aioseo_head":"\n\t\t<!-- All in One SEO Pro 5.0.1 - aioseo.com -->\n\t<meta name=\"description\" content=\"San Sebasti\u00e1n, 29 ene (EFE).- La presidenta del PP vasco, Arantza Quiroga, ha dicho hoy que asuntos como la renuncia de Jaime Mayor Oreja a encabezar la lista a las elecciones europeas o la ausencia de Jos\u00e9 Mar\u00eda Aznar en la pr\u00f3xima convenci\u00f3n popular &quot;no deber\u00edan&quot; da\u00f1ar la imagen de su partido, que &quot;est\u00e1 donde\" \/>\n\t<meta name=\"robots\" content=\"max-image-preview:large\" \/>\n\t<meta name=\"author\" content=\"El Digital de Asturias\"\/>\n\t<meta name=\"google-site-verification\" content=\"UA-38556648-1\" \/>\n\t<meta name=\"msvalidate.01\" content=\"7dfe9f3f1b24437ab69f4f2559babe99\" \/>\n\t<meta name=\"keywords\" content=\"actualidad\" \/>\n\t<link rel=\"canonical\" href=\"https:\/\/www.eldigitaldeasturias.com\/noticias\/arantza-quiroga-defiende-que-el-pp-esta-donde-siempre-ha-estado\/\" \/>\n\t<meta name=\"generator\" content=\"All in One SEO Pro (AIOSEO) 5.0.1\" \/>\n\t\t<meta property=\"og:locale\" content=\"es_ES\" \/>\n\t\t<meta property=\"og:site_name\" content=\"El Digital de Asturias\" \/>\n\t\t<meta property=\"og:type\" content=\"article\" \/>\n\t\t<meta property=\"og:title\" content=\"Arantza Quiroga defiende que el PP \u00abest\u00e1 donde siempre ha estado\u00bb - El Digital de Asturias\" \/>\n\t\t<meta property=\"og:description\" content=\"San Sebasti\u00e1n, 29 ene (EFE).- La presidenta del PP vasco, Arantza Quiroga, ha dicho hoy que asuntos como la renuncia de Jaime Mayor Oreja a encabezar la lista a las elecciones europeas o la ausencia de Jos\u00e9 Mar\u00eda Aznar en la pr\u00f3xima convenci\u00f3n popular &quot;no deber\u00edan&quot; da\u00f1ar la imagen de su partido, que &quot;est\u00e1 donde\" \/>\n\t\t<meta property=\"og:url\" content=\"https:\/\/www.eldigitaldeasturias.com\/noticias\/arantza-quiroga-defiende-que-el-pp-esta-donde-siempre-ha-estado\/\" \/>\n\t\t<meta property=\"og:image\" content=\"https:\/\/www.eldigitaldeasturias.com\/noticias\/wp-content\/uploads\/2026\/06\/Contenidos.jpg\" \/>\n\t\t<meta property=\"og:image:secure_url\" content=\"https:\/\/www.eldigitaldeasturias.com\/noticias\/wp-content\/uploads\/2026\/06\/Contenidos.jpg\" \/>\n\t\t<meta property=\"og:image:width\" content=\"1265\" \/>\n\t\t<meta property=\"og:image:height\" content=\"697\" \/>\n\t\t<meta property=\"article:tag\" content=\"actualidad\" \/>\n\t\t<meta property=\"article:published_time\" content=\"2014-01-29T23:28:22+00:00\" \/>\n\t\t<meta property=\"article:modified_time\" content=\"2014-01-29T23:28:22+00:00\" \/>\n\t\t<meta property=\"article:publisher\" content=\"https:\/\/facebook.com\/eldigitaldeasturias\" \/>\n\t\t<meta name=\"twitter:card\" content=\"summary_large_image\" \/>\n\t\t<meta name=\"twitter:title\" content=\"Arantza Quiroga defiende que el PP \u00abest\u00e1 donde siempre ha estado\u00bb - El Digital de Asturias\" \/>\n\t\t<meta name=\"twitter:description\" content=\"San Sebasti\u00e1n, 29 ene (EFE).- La presidenta del PP vasco, Arantza Quiroga, ha dicho hoy que asuntos como la renuncia de Jaime Mayor Oreja a encabezar la lista a las elecciones europeas o la ausencia de Jos\u00e9 Mar\u00eda Aznar en la pr\u00f3xima convenci\u00f3n popular &quot;no deber\u00edan&quot; da\u00f1ar la imagen de su partido, que &quot;est\u00e1 donde\" \/>\n\t\t<meta name=\"twitter:image\" content=\"https:\/\/www.eldigitaldeasturias.com\/noticias\/wp-content\/uploads\/2026\/06\/Contenidos.jpg\" \/>\n\t\t<meta name=\"twitter:label1\" content=\"Escrito por\" \/>\n\t\t<meta name=\"twitter:data1\" content=\"El Digital de Asturias\" \/>\n\t\t<meta name=\"twitter:label2\" content=\"Tiempo de lectura estimado\" \/>\n\t\t<meta name=\"twitter:data2\" content=\"2 minutos\" \/>\n\t\t<script type=\"application\/ld+json\" class=\"aioseo-schema\">\n\t\t\t{\"@context\":\"https:\\\/\\\/schema.org\",\"@graph\":[{\"@type\":\"BlogPosting\",\"@id\":\"https:\\\/\\\/www.eldigitaldeasturias.com\\\/noticias\\\/arantza-quiroga-defiende-que-el-pp-esta-donde-siempre-ha-estado\\\/#blogposting\",\"name\":\"Arantza Quiroga defiende que el PP \\u00abest\\u00e1 donde siempre ha estado\\u00bb - El Digital de Asturias\",\"headline\":\"Arantza Quiroga defiende que el PP \\u00abest\\u00e1 donde siempre ha estado\\u00bb\",\"author\":{\"@id\":\"https:\\\/\\\/www.eldigitaldeasturias.com\\\/noticias\\\/author\\\/admin\\\/#author\"},\"publisher\":{\"@id\":\"https:\\\/\\\/www.eldigitaldeasturias.com\\\/noticias\\\/#organization\"},\"image\":{\"@type\":\"ImageObject\",\"url\":\"https:\\\/\\\/www.eldigitaldeasturias.com\\\/noticias\\\/wp-content\\\/uploads\\\/2026\\\/06\\\/Contenidos.jpg\",\"width\":1265,\"height\":697,\"caption\":\"Contenidos\"},\"datePublished\":\"2014-01-29T22:28:22+01:00\",\"dateModified\":\"2014-01-29T22:28:22+01:00\",\"inLanguage\":\"es-ES\",\"mainEntityOfPage\":{\"@id\":\"https:\\\/\\\/www.eldigitaldeasturias.com\\\/noticias\\\/arantza-quiroga-defiende-que-el-pp-esta-donde-siempre-ha-estado\\\/#webpage\"},\"isPartOf\":{\"@id\":\"https:\\\/\\\/www.eldigitaldeasturias.com\\\/noticias\\\/arantza-quiroga-defiende-que-el-pp-esta-donde-siempre-ha-estado\\\/#webpage\"},\"articleSection\":\"Actualidad\"},{\"@type\":\"BreadcrumbList\",\"@id\":\"https:\\\/\\\/www.eldigitaldeasturias.com\\\/noticias\\\/arantza-quiroga-defiende-que-el-pp-esta-donde-siempre-ha-estado\\\/#breadcrumblist\",\"itemListElement\":[{\"@type\":\"ListItem\",\"@id\":\"https:\\\/\\\/www.eldigitaldeasturias.com\\\/noticias#listItem\",\"position\":1,\"name\":\"Home\",\"item\":\"https:\\\/\\\/www.eldigitaldeasturias.com\\\/noticias\",\"nextItem\":{\"@type\":\"ListItem\",\"@id\":\"https:\\\/\\\/www.eldigitaldeasturias.com\\\/noticias\\\/category\\\/actualidad\\\/#listItem\",\"name\":\"Actualidad\"}},{\"@type\":\"ListItem\",\"@id\":\"https:\\\/\\\/www.eldigitaldeasturias.com\\\/noticias\\\/category\\\/actualidad\\\/#listItem\",\"position\":2,\"name\":\"Actualidad\",\"item\":\"https:\\\/\\\/www.eldigitaldeasturias.com\\\/noticias\\\/category\\\/actualidad\\\/\",\"nextItem\":{\"@type\":\"ListItem\",\"@id\":\"https:\\\/\\\/www.eldigitaldeasturias.com\\\/noticias\\\/arantza-quiroga-defiende-que-el-pp-esta-donde-siempre-ha-estado\\\/#listItem\",\"name\":\"Arantza Quiroga defiende que el PP \\u00abest\\u00e1 donde siempre ha estado\\u00bb\"},\"previousItem\":{\"@type\":\"ListItem\",\"@id\":\"https:\\\/\\\/www.eldigitaldeasturias.com\\\/noticias#listItem\",\"name\":\"Home\"}},{\"@type\":\"ListItem\",\"@id\":\"https:\\\/\\\/www.eldigitaldeasturias.com\\\/noticias\\\/arantza-quiroga-defiende-que-el-pp-esta-donde-siempre-ha-estado\\\/#listItem\",\"position\":3,\"name\":\"Arantza Quiroga defiende que el PP \\u00abest\\u00e1 donde siempre ha estado\\u00bb\",\"previousItem\":{\"@type\":\"ListItem\",\"@id\":\"https:\\\/\\\/www.eldigitaldeasturias.com\\\/noticias\\\/category\\\/actualidad\\\/#listItem\",\"name\":\"Actualidad\"}}]},{\"@type\":\"Organization\",\"@id\":\"https:\\\/\\\/www.eldigitaldeasturias.com\\\/noticias\\\/#organization\",\"name\":\"El Digital de Asturias\",\"description\":\"Hemeroteca\",\"url\":\"https:\\\/\\\/www.eldigitaldeasturias.com\\\/noticias\\\/\",\"email\":\"info@eldigitaldeasturias.com\",\"telephone\":\"+34652131393\",\"logo\":{\"@type\":\"ImageObject\",\"url\":\"https:\\\/\\\/www.eldigitaldeasturias.com\\\/noticias\\\/wp-content\\\/uploads\\\/2020\\\/12\\\/EDA.jpg\",\"@id\":\"https:\\\/\\\/www.eldigitaldeasturias.com\\\/noticias\\\/arantza-quiroga-defiende-que-el-pp-esta-donde-siempre-ha-estado\\\/#organizationLogo\"},\"image\":{\"@id\":\"https:\\\/\\\/www.eldigitaldeasturias.com\\\/noticias\\\/arantza-quiroga-defiende-que-el-pp-esta-donde-siempre-ha-estado\\\/#organizationLogo\"},\"sameAs\":[\"https:\\\/\\\/facebook.com\\\/eldigitaldeasturias\",\"https:\\\/\\\/www.youtube.com\\\/channel\\\/UCZP-2wLEB9Rv6erhFmqVnvg\"],\"address\":{\"@id\":\"https:\\\/\\\/www.eldigitaldeasturias.com\\\/noticias\\\/#postaladdress\",\"@type\":\"PostalAddress\",\"streetAddress\":\"san antonio 4\",\"postalCode\":\"33430\",\"addressLocality\":\"Cand\\u00e1s\",\"addressRegion\":\"Asturias\",\"addressCountry\":\"ES\"}},{\"@type\":\"Person\",\"@id\":\"https:\\\/\\\/www.eldigitaldeasturias.com\\\/noticias\\\/author\\\/admin\\\/#author\",\"url\":\"https:\\\/\\\/www.eldigitaldeasturias.com\\\/noticias\\\/author\\\/admin\\\/\",\"name\":\"El Digital de Asturias\",\"image\":{\"@type\":\"ImageObject\",\"@id\":\"https:\\\/\\\/www.eldigitaldeasturias.com\\\/noticias\\\/arantza-quiroga-defiende-que-el-pp-esta-donde-siempre-ha-estado\\\/#authorImage\",\"url\":\"https:\\\/\\\/secure.gravatar.com\\\/avatar\\\/df2aeffc32bcd13f8d26072ef8a91b623d677766deac7f97ca815868cd41bf5e?s=96&d=mm&r=g\",\"width\":96,\"height\":96,\"caption\":\"El Digital de Asturias\"}},{\"@type\":\"WebPage\",\"@id\":\"https:\\\/\\\/www.eldigitaldeasturias.com\\\/noticias\\\/arantza-quiroga-defiende-que-el-pp-esta-donde-siempre-ha-estado\\\/#webpage\",\"url\":\"https:\\\/\\\/www.eldigitaldeasturias.com\\\/noticias\\\/arantza-quiroga-defiende-que-el-pp-esta-donde-siempre-ha-estado\\\/\",\"name\":\"Arantza Quiroga defiende que el PP \\u00abest\\u00e1 donde siempre ha estado\\u00bb - El Digital de Asturias\",\"description\":\"San Sebasti\\u00e1n, 29 ene (EFE).- La presidenta del PP vasco, Arantza Quiroga, ha dicho hoy que asuntos como la renuncia de Jaime Mayor Oreja a encabezar la lista a las elecciones europeas o la ausencia de Jos\\u00e9 Mar\\u00eda Aznar en la pr\\u00f3xima convenci\\u00f3n popular \\\"no deber\\u00edan\\\" da\\u00f1ar la imagen de su partido, que \\\"est\\u00e1 donde\",\"inLanguage\":\"es-ES\",\"isPartOf\":{\"@id\":\"https:\\\/\\\/www.eldigitaldeasturias.com\\\/noticias\\\/#website\"},\"breadcrumb\":{\"@id\":\"https:\\\/\\\/www.eldigitaldeasturias.com\\\/noticias\\\/arantza-quiroga-defiende-que-el-pp-esta-donde-siempre-ha-estado\\\/#breadcrumblist\"},\"author\":{\"@id\":\"https:\\\/\\\/www.eldigitaldeasturias.com\\\/noticias\\\/author\\\/admin\\\/#author\"},\"creator\":{\"@id\":\"https:\\\/\\\/www.eldigitaldeasturias.com\\\/noticias\\\/author\\\/admin\\\/#author\"},\"image\":{\"@type\":\"ImageObject\",\"url\":\"https:\\\/\\\/www.eldigitaldeasturias.com\\\/noticias\\\/wp-content\\\/uploads\\\/2026\\\/06\\\/Contenidos.jpg\",\"@id\":\"https:\\\/\\\/www.eldigitaldeasturias.com\\\/noticias\\\/arantza-quiroga-defiende-que-el-pp-esta-donde-siempre-ha-estado\\\/#mainImage\",\"width\":1265,\"height\":697,\"caption\":\"Contenidos\"},\"primaryImageOfPage\":{\"@id\":\"https:\\\/\\\/www.eldigitaldeasturias.com\\\/noticias\\\/arantza-quiroga-defiende-que-el-pp-esta-donde-siempre-ha-estado\\\/#mainImage\"},\"datePublished\":\"2014-01-29T22:28:22+01:00\",\"dateModified\":\"2014-01-29T22:28:22+01:00\"},{\"@type\":\"WebSite\",\"@id\":\"https:\\\/\\\/www.eldigitaldeasturias.com\\\/noticias\\\/#website\",\"url\":\"https:\\\/\\\/www.eldigitaldeasturias.com\\\/noticias\\\/\",\"name\":\"El Digital de Asturias - Diario de actualidad y noticias\",\"alternateName\":\"El Digital de Asturias - Diario de actualidad y noticias\",\"description\":\"Hemeroteca\",\"inLanguage\":\"es-ES\",\"publisher\":{\"@id\":\"https:\\\/\\\/www.eldigitaldeasturias.com\\\/noticias\\\/#organization\"}}]}\n\t\t<\/script>\n\t\t<!-- All in One SEO Pro -->\r\n\t\t<title>Arantza Quiroga defiende que el PP \u00abest\u00e1 donde siempre ha estado\u00bb - El Digital de Asturias<\/title>\n\n","aioseo_head_json":{"title":"Arantza Quiroga defiende que el PP \u00abest\u00e1 donde siempre ha estado\u00bb - El Digital de Asturias","description":"San Sebasti\u00e1n, 29 ene (EFE).- La presidenta del PP vasco, Arantza Quiroga, ha dicho hoy que asuntos como la renuncia de Jaime Mayor Oreja a encabezar la lista a las elecciones europeas o la ausencia de Jos\u00e9 Mar\u00eda Aznar en la pr\u00f3xima convenci\u00f3n popular \"no deber\u00edan\" da\u00f1ar la imagen de su partido, que \"est\u00e1 donde","canonical_url":"https:\/\/www.eldigitaldeasturias.com\/noticias\/arantza-quiroga-defiende-que-el-pp-esta-donde-siempre-ha-estado\/","robots":"max-image-preview:large","keywords":"actualidad","webmasterTools":{"google-site-verification":"UA-38556648-1","msvalidate.01":"7dfe9f3f1b24437ab69f4f2559babe99","miscellaneous":""},"schema":{"@context":"https:\/\/schema.org","@graph":[{"@type":"BlogPosting","@id":"https:\/\/www.eldigitaldeasturias.com\/noticias\/arantza-quiroga-defiende-que-el-pp-esta-donde-siempre-ha-estado\/#blogposting","name":"Arantza Quiroga defiende que el PP \u00abest\u00e1 donde siempre ha estado\u00bb - El Digital de Asturias","headline":"Arantza Quiroga defiende que el PP \u00abest\u00e1 donde siempre ha estado\u00bb","author":{"@id":"https:\/\/www.eldigitaldeasturias.com\/noticias\/author\/admin\/#author"},"publisher":{"@id":"https:\/\/www.eldigitaldeasturias.com\/noticias\/#organization"},"image":{"@type":"ImageObject","url":"https:\/\/www.eldigitaldeasturias.com\/noticias\/wp-content\/uploads\/2026\/06\/Contenidos.jpg","width":1265,"height":697,"caption":"Contenidos"},"datePublished":"2014-01-29T22:28:22+01:00","dateModified":"2014-01-29T22:28:22+01:00","inLanguage":"es-ES","mainEntityOfPage":{"@id":"https:\/\/www.eldigitaldeasturias.com\/noticias\/arantza-quiroga-defiende-que-el-pp-esta-donde-siempre-ha-estado\/#webpage"},"isPartOf":{"@id":"https:\/\/www.eldigitaldeasturias.com\/noticias\/arantza-quiroga-defiende-que-el-pp-esta-donde-siempre-ha-estado\/#webpage"},"articleSection":"Actualidad"},{"@type":"BreadcrumbList","@id":"https:\/\/www.eldigitaldeasturias.com\/noticias\/arantza-quiroga-defiende-que-el-pp-esta-donde-siempre-ha-estado\/#breadcrumblist","itemListElement":[{"@type":"ListItem","@id":"https:\/\/www.eldigitaldeasturias.com\/noticias#listItem","position":1,"name":"Home","item":"https:\/\/www.eldigitaldeasturias.com\/noticias","nextItem":{"@type":"ListItem","@id":"https:\/\/www.eldigitaldeasturias.com\/noticias\/category\/actualidad\/#listItem","name":"Actualidad"}},{"@type":"ListItem","@id":"https:\/\/www.eldigitaldeasturias.com\/noticias\/category\/actualidad\/#listItem","position":2,"name":"Actualidad","item":"https:\/\/www.eldigitaldeasturias.com\/noticias\/category\/actualidad\/","nextItem":{"@type":"ListItem","@id":"https:\/\/www.eldigitaldeasturias.com\/noticias\/arantza-quiroga-defiende-que-el-pp-esta-donde-siempre-ha-estado\/#listItem","name":"Arantza Quiroga defiende que el PP \u00abest\u00e1 donde siempre ha estado\u00bb"},"previousItem":{"@type":"ListItem","@id":"https:\/\/www.eldigitaldeasturias.com\/noticias#listItem","name":"Home"}},{"@type":"ListItem","@id":"https:\/\/www.eldigitaldeasturias.com\/noticias\/arantza-quiroga-defiende-que-el-pp-esta-donde-siempre-ha-estado\/#listItem","position":3,"name":"Arantza Quiroga defiende que el PP \u00abest\u00e1 donde siempre ha estado\u00bb","previousItem":{"@type":"ListItem","@id":"https:\/\/www.eldigitaldeasturias.com\/noticias\/category\/actualidad\/#listItem","name":"Actualidad"}}]},{"@type":"Organization","@id":"https:\/\/www.eldigitaldeasturias.com\/noticias\/#organization","name":"El Digital de Asturias","description":"Hemeroteca","url":"https:\/\/www.eldigitaldeasturias.com\/noticias\/","email":"info@eldigitaldeasturias.com","telephone":"+34652131393","logo":{"@type":"ImageObject","url":"https:\/\/www.eldigitaldeasturias.com\/noticias\/wp-content\/uploads\/2020\/12\/EDA.jpg","@id":"https:\/\/www.eldigitaldeasturias.com\/noticias\/arantza-quiroga-defiende-que-el-pp-esta-donde-siempre-ha-estado\/#organizationLogo"},"image":{"@id":"https:\/\/www.eldigitaldeasturias.com\/noticias\/arantza-quiroga-defiende-que-el-pp-esta-donde-siempre-ha-estado\/#organizationLogo"},"sameAs":["https:\/\/facebook.com\/eldigitaldeasturias","https:\/\/www.youtube.com\/channel\/UCZP-2wLEB9Rv6erhFmqVnvg"],"address":{"@id":"https:\/\/www.eldigitaldeasturias.com\/noticias\/#postaladdress","@type":"PostalAddress","streetAddress":"san antonio 4","postalCode":"33430","addressLocality":"Cand\u00e1s","addressRegion":"Asturias","addressCountry":"ES"}},{"@type":"Person","@id":"https:\/\/www.eldigitaldeasturias.com\/noticias\/author\/admin\/#author","url":"https:\/\/www.eldigitaldeasturias.com\/noticias\/author\/admin\/","name":"El Digital de Asturias","image":{"@type":"ImageObject","@id":"https:\/\/www.eldigitaldeasturias.com\/noticias\/arantza-quiroga-defiende-que-el-pp-esta-donde-siempre-ha-estado\/#authorImage","url":"https:\/\/secure.gravatar.com\/avatar\/df2aeffc32bcd13f8d26072ef8a91b623d677766deac7f97ca815868cd41bf5e?s=96&d=mm&r=g","width":96,"height":96,"caption":"El Digital de Asturias"}},{"@type":"WebPage","@id":"https:\/\/www.eldigitaldeasturias.com\/noticias\/arantza-quiroga-defiende-que-el-pp-esta-donde-siempre-ha-estado\/#webpage","url":"https:\/\/www.eldigitaldeasturias.com\/noticias\/arantza-quiroga-defiende-que-el-pp-esta-donde-siempre-ha-estado\/","name":"Arantza Quiroga defiende que el PP \u00abest\u00e1 donde siempre ha estado\u00bb - El Digital de Asturias","description":"San Sebasti\u00e1n, 29 ene (EFE).- La presidenta del PP vasco, Arantza Quiroga, ha dicho hoy que asuntos como la renuncia de Jaime Mayor Oreja a encabezar la lista a las elecciones europeas o la ausencia de Jos\u00e9 Mar\u00eda Aznar en la pr\u00f3xima convenci\u00f3n popular \"no deber\u00edan\" da\u00f1ar la imagen de su partido, que \"est\u00e1 donde","inLanguage":"es-ES","isPartOf":{"@id":"https:\/\/www.eldigitaldeasturias.com\/noticias\/#website"},"breadcrumb":{"@id":"https:\/\/www.eldigitaldeasturias.com\/noticias\/arantza-quiroga-defiende-que-el-pp-esta-donde-siempre-ha-estado\/#breadcrumblist"},"author":{"@id":"https:\/\/www.eldigitaldeasturias.com\/noticias\/author\/admin\/#author"},"creator":{"@id":"https:\/\/www.eldigitaldeasturias.com\/noticias\/author\/admin\/#author"},"image":{"@type":"ImageObject","url":"https:\/\/www.eldigitaldeasturias.com\/noticias\/wp-content\/uploads\/2026\/06\/Contenidos.jpg","@id":"https:\/\/www.eldigitaldeasturias.com\/noticias\/arantza-quiroga-defiende-que-el-pp-esta-donde-siempre-ha-estado\/#mainImage","width":1265,"height":697,"caption":"Contenidos"},"primaryImageOfPage":{"@id":"https:\/\/www.eldigitaldeasturias.com\/noticias\/arantza-quiroga-defiende-que-el-pp-esta-donde-siempre-ha-estado\/#mainImage"},"datePublished":"2014-01-29T22:28:22+01:00","dateModified":"2014-01-29T22:28:22+01:00"},{"@type":"WebSite","@id":"https:\/\/www.eldigitaldeasturias.com\/noticias\/#website","url":"https:\/\/www.eldigitaldeasturias.com\/noticias\/","name":"El Digital de Asturias - Diario de actualidad y noticias","alternateName":"El Digital de Asturias - Diario de actualidad y noticias","description":"Hemeroteca","inLanguage":"es-ES","publisher":{"@id":"https:\/\/www.eldigitaldeasturias.com\/noticias\/#organization"}}]},"og:locale":"es_ES","og:site_name":"El Digital de Asturias","og:type":"article","og:title":"Arantza Quiroga defiende que el PP \u00abest\u00e1 donde siempre ha estado\u00bb - El Digital de Asturias","og:description":"San Sebasti\u00e1n, 29 ene (EFE).- La presidenta del PP vasco, Arantza Quiroga, ha dicho hoy que asuntos como la renuncia de Jaime Mayor Oreja a encabezar la lista a las elecciones europeas o la ausencia de Jos\u00e9 Mar\u00eda Aznar en la pr\u00f3xima convenci\u00f3n popular &quot;no deber\u00edan&quot; da\u00f1ar la imagen de su partido, que &quot;est\u00e1 donde","og:url":"https:\/\/www.eldigitaldeasturias.com\/noticias\/arantza-quiroga-defiende-que-el-pp-esta-donde-siempre-ha-estado\/","og:image":"https:\/\/www.eldigitaldeasturias.com\/noticias\/wp-content\/uploads\/2026\/06\/Contenidos.jpg","og:image:secure_url":"https:\/\/www.eldigitaldeasturias.com\/noticias\/wp-content\/uploads\/2026\/06\/Contenidos.jpg","og:image:width":1265,"og:image:height":697,"article:tag":["actualidad"],"article:published_time":"2014-01-29T23:28:22+00:00","article:modified_time":"2014-01-29T23:28:22+00:00","article:publisher":"https:\/\/facebook.com\/eldigitaldeasturias","twitter:card":"summary_large_image","twitter:title":"Arantza Quiroga defiende que el PP \u00abest\u00e1 donde siempre ha estado\u00bb - El Digital de Asturias","twitter:description":"San Sebasti\u00e1n, 29 ene (EFE).- La presidenta del PP vasco, Arantza Quiroga, ha dicho hoy que asuntos como la renuncia de Jaime Mayor Oreja a encabezar la lista a las elecciones europeas o la ausencia de Jos\u00e9 Mar\u00eda Aznar en la pr\u00f3xima convenci\u00f3n popular &quot;no deber\u00edan&quot; da\u00f1ar la imagen de su partido, que &quot;est\u00e1 donde","twitter:image":"https:\/\/www.eldigitaldeasturias.com\/noticias\/wp-content\/uploads\/2026\/06\/Contenidos.jpg","twitter:label1":"Escrito por","twitter:data1":"El Digital de Asturias","twitter:label2":"Tiempo de lectura estimado","twitter:data2":"2 minutos"},"aioseo_meta_data":{"post_id":"480221","title":null,"description":null,"keywords":null,"keyphrases":null,"primary_term":null,"canonical_url":null,"og_title":null,"og_description":null,"og_object_type":"default","og_image_type":"default","og_image_url":null,"og_image_width":null,"og_image_height":null,"og_image_custom_url":null,"og_image_custom_fields":null,"og_video":null,"og_custom_url":null,"og_article_section":null,"og_article_tags":null,"twitter_use_og":true,"twitter_card":"default","twitter_image_type":"default","twitter_image_url":null,"twitter_image_custom_url":null,"twitter_image_custom_fields":null,"twitter_title":null,"twitter_description":null,"schema":{"blockGraphs":[],"customGraphs":[],"default":{"data":{"Article":[],"Course":[],"Dataset":[],"FAQPage":[],"Movie":[],"Person":[],"Product":[],"ProductReview":[],"Car":[],"Recipe":[],"Service":[],"SoftwareApplication":[],"WebPage":[]},"graphName":"","isEnabled":true},"graphs":[],"defaultGraph":"","defaultPostTypeGraph":""},"schema_type":null,"schema_type_options":null,"pillar_content":false,"robots_default":true,"robots_noindex":false,"robots_noarchive":false,"robots_nosnippet":false,"robots_nofollow":false,"robots_noimageindex":false,"robots_noodp":false,"robots_notranslate":false,"robots_max_snippet":null,"robots_max_videopreview":null,"robots_max_imagepreview":"none","priority":null,"frequency":null,"local_seo":null,"seo_analyzer_scan_date":"2026-06-02 03:03:49","breadcrumb_settings":null,"limit_modified_date":false,"open_ai":null,"ai":null,"created":"2020-11-14 22:54:09","updated":"2026-06-02 03:03:49","focus_keyword":null,"additional_keywords":null,"truseo_locale":null},"aioseo_breadcrumb":"<div class=\"aioseo-breadcrumbs\"><span class=\"aioseo-breadcrumb\">\n\t<a href=\"https:\/\/www.eldigitaldeasturias.com\/noticias\" title=\"Home\">Home<\/a>\n<\/span><span class=\"aioseo-breadcrumb-separator\">\u2013<\/span><span class=\"aioseo-breadcrumb\">\n\t<a href=\"https:\/\/www.eldigitaldeasturias.com\/noticias\/category\/actualidad\/\" title=\"Actualidad\">Actualidad<\/a>\n<\/span><span class=\"aioseo-breadcrumb-separator\">\u2013<\/span><span class=\"aioseo-breadcrumb\">\n\t<a href=\"https:\/\/www.eldigitaldeasturias.com\/noticias\/arantza-quiroga-defiende-que-el-pp-esta-donde-siempre-ha-estado\/\" title=\"Arantza Quiroga defiende que el PP \u00abest\u00e1 donde siempre ha estado\u00bb\">Arantza Quiroga defiende que el PP \u00abest\u00e1 donde siempre ha estado\u00bb<\/a>\n<\/span><\/div>","aioseo_breadcrumb_json":[{"label":"Home","link":"https:\/\/www.eldigitaldeasturias.com\/noticias"},{"label":"Actualidad","link":"https:\/\/www.eldigitaldeasturias.com\/noticias\/category\/actualidad\/"},{"label":"Arantza Quiroga defiende que el PP \u00abest\u00e1 donde siempre ha estado\u00bb","link":"https:\/\/www.eldigitaldeasturias.com\/noticias\/arantza-quiroga-defiende-que-el-pp-esta-donde-siempre-ha-estado\/"}],"_links":{"self":[{"href":"https:\/\/www.eldigitaldeasturias.com\/noticias\/wp-json\/wp\/v2\/posts\/480221","targetHints":{"allow":["GET"]}}],"collection":[{"href":"https:\/\/www.eldigitaldeasturias.com\/noticias\/wp-json\/wp\/v2\/posts"}],"about":[{"href":"https:\/\/www.eldigitaldeasturias.com\/noticias\/wp-json\/wp\/v2\/types\/post"}],"author":[{"embeddable":true,"href":"https:\/\/www.eldigitaldeasturias.com\/noticias\/wp-json\/wp\/v2\/users\/1"}],"replies":[{"embeddable":true,"href":"https:\/\/www.eldigitaldeasturias.com\/noticias\/wp-json\/wp\/v2\/comments?post=480221"}],"version-history":[{"count":0,"href":"https:\/\/www.eldigitaldeasturias.com\/noticias\/wp-json\/wp\/v2\/posts\/480221\/revisions"}],"wp:featuredmedia":[{"embeddable":true,"href":"https:\/\/www.eldigitaldeasturias.com\/noticias\/wp-json\/wp\/v2\/media\/1132184"}],"wp:attachment":[{"href":"https:\/\/www.eldigitaldeasturias.com\/noticias\/wp-json\/wp\/v2\/media?parent=480221"}],"wp:term":[{"taxonomy":"category","embeddable":true,"href":"https:\/\/www.eldigitaldeasturias.com\/noticias\/wp-json\/wp\/v2\/categories?post=480221"},{"taxonomy":"post_tag","embeddable":true,"href":"https:\/\/www.eldigitaldeasturias.com\/noticias\/wp-json\/wp\/v2\/tags?post=480221"}],"curies":[{"name":"wp","href":"https:\/\/api.w.org\/{rel}","templated":true}]}}