{"id":480212,"date":"2014-01-29T22:25:38","date_gmt":"2014-01-29T23:25:38","guid":{"rendered":"http:\/\/www.eldigitaldeasturias.com\/noticias\/?p=480212"},"modified":"2014-01-29T22:25:38","modified_gmt":"2014-01-29T23:25:38","slug":"semper-dice-no-percibir-fractura-alguna-en-el-pp","status":"publish","type":"post","link":"https:\/\/www.eldigitaldeasturias.com\/noticias\/semper-dice-no-percibir-fractura-alguna-en-el-pp\/","title":{"rendered":"S\u00e9mper dice no percibir fractura alguna en el PP"},"content":{"rendered":"<p><img loading=\"lazy\" decoding=\"async\" class=\"alignleft size-medium wp-image-480213\" alt=\"5885866w\" src=\"https:\/\/www.eldigitaldeasturias.com\/noticias\/wp-content\/uploads\/2014\/01\/5885866w-360x236.jpg\" width=\"360\" height=\"236\" \/>San Sebasti\u00e1n, 29 ene (EFE).- El presidente del PP de Gipuzkoa, Borja S\u00e9mper, ha dicho hoy no percibir fractura alguna en el Partido Popular, a pesar de casos como la baja de Alejo Vidal-Quadras, la creaci\u00f3n del nuevo partido Vox, o la renuncia de Jaime Mayor Oreja a encabezar la lista a las pr\u00f3ximas elecciones europeas.<\/p>\n<p>Preguntado sobre estas cuestiones en una entrevista concedida a la emisora Onda Vasca, S\u00e9mper ha insistido en que no percibe ninguna fractura en el PP, sino que se trata de una cuesti\u00f3n que \u00abresponde\u00bb a cuestiones period\u00edsticas.<\/p>\n<p>Respecto a la creaci\u00f3n de Vox, el l\u00edder del PP guipuzcoano ha explicado que en este caso \u00abhay mucho de egos\u00bb. \u00abCreo que hay algunos que quieren ser m\u00e1s importantes de lo que son o que no entienden que los congresos han elegido otras direcciones y lo manifiestan de la manera que consideran m\u00e1s oportuno\u00bb, ha dicho.<\/p>\n<p>En cuanto a Mayor Oreja, ha comentado que \u00e9ste no va abandonar el partido, al tiempo que ha lamentado que a los partidos pol\u00edticos se les acuse muchas veces de \u00abser espacios cerrados en los que no hay debate interno ni se permite la discrepancia\u00bb pero \u00abcuando hay voces matizadas o discrepantes\u00bb se afirme que \u00abestamos ante divisiones o brechas\u00bb.<\/p>\n<p>Adem\u00e1s, S\u00e9mper ha descartado que la ausencia del expresidente del Gobierno Jos\u00e9 Mar\u00eda Aznar de la convenci\u00f3n nacional del PP augure un \u00abenfrentamiento\u00bb de \u00e9ste con Rejoy, ya que simplemente se debe a que el primero tiene \u00abuna agenda extraordinariamente complicada\u00bb.<\/p>\n<p>El pol\u00edtico guipuzcoano ha criticado a la expresidenta del PP vasco Mar\u00eda San Gil por acusar al partido de \u00abconsentir\u00bb la \u00abpesadilla\u00bb que a su juicio se vive en Euskadi \u00aben relaci\u00f3n con ETA, Batasuna, los presos, Sortu, Bildu y dem\u00e1s entramado etarra\u00bb, unas palabras que, en opini\u00f3n de S\u00e9mper, son \u00abprofundamente injustas\u00bb.<\/p>\n","protected":false},"excerpt":{"rendered":"<p>San Sebasti\u00e1n, 29 ene (EFE).- El presidente del PP de Gipuzkoa, Borja S\u00e9mper, ha dicho hoy no percibir fractura alguna en el Partido Popular, a pesar de casos como la baja de Alejo Vidal-Quadras, la creaci\u00f3n del nuevo partido Vox, o la renuncia de Jaime Mayor Oreja a encabezar la lista a las pr\u00f3ximas elecciones [&hellip;]<\/p>\n","protected":false},"author":1,"featured_media":1132184,"comment_status":"closed","ping_status":"open","sticky":false,"template":"","format":"standard","meta":{"footnotes":""},"categories":[1],"tags":[],"class_list":["post-480212","post","type-post","status-publish","format-standard","has-post-thumbnail","hentry","category-actualidad"],"aioseo_notices":[],"aioseo_head":"\n\t\t<!-- All in One SEO Pro 5.0.1 - aioseo.com -->\n\t<meta name=\"description\" content=\"San Sebasti\u00e1n, 29 ene (EFE).- El presidente del PP de Gipuzkoa, Borja S\u00e9mper, ha dicho hoy no percibir fractura alguna en el Partido Popular, a pesar de casos como la baja de Alejo Vidal-Quadras, la creaci\u00f3n del nuevo partido Vox, o la renuncia de Jaime Mayor Oreja a encabezar la lista a las pr\u00f3ximas elecciones\" \/>\n\t<meta name=\"robots\" content=\"max-image-preview:large\" \/>\n\t<meta name=\"author\" content=\"El Digital de Asturias\"\/>\n\t<meta name=\"google-site-verification\" content=\"UA-38556648-1\" \/>\n\t<meta name=\"msvalidate.01\" content=\"7dfe9f3f1b24437ab69f4f2559babe99\" \/>\n\t<meta name=\"keywords\" content=\"actualidad\" \/>\n\t<link rel=\"canonical\" href=\"https:\/\/www.eldigitaldeasturias.com\/noticias\/semper-dice-no-percibir-fractura-alguna-en-el-pp\/\" \/>\n\t<meta name=\"generator\" content=\"All in One SEO Pro (AIOSEO) 5.0.1\" \/>\n\t\t<meta property=\"og:locale\" content=\"es_ES\" \/>\n\t\t<meta property=\"og:site_name\" content=\"El Digital de Asturias\" \/>\n\t\t<meta property=\"og:type\" content=\"article\" \/>\n\t\t<meta property=\"og:title\" content=\"S\u00e9mper dice no percibir fractura alguna en el PP - El Digital de Asturias\" \/>\n\t\t<meta property=\"og:description\" content=\"San Sebasti\u00e1n, 29 ene (EFE).- El presidente del PP de Gipuzkoa, Borja S\u00e9mper, ha dicho hoy no percibir fractura alguna en el Partido Popular, a pesar de casos como la baja de Alejo Vidal-Quadras, la creaci\u00f3n del nuevo partido Vox, o la renuncia de Jaime Mayor Oreja a encabezar la lista a las pr\u00f3ximas elecciones\" \/>\n\t\t<meta property=\"og:url\" content=\"https:\/\/www.eldigitaldeasturias.com\/noticias\/semper-dice-no-percibir-fractura-alguna-en-el-pp\/\" \/>\n\t\t<meta property=\"og:image\" content=\"https:\/\/www.eldigitaldeasturias.com\/noticias\/wp-content\/uploads\/2026\/06\/Contenidos.jpg\" \/>\n\t\t<meta property=\"og:image:secure_url\" content=\"https:\/\/www.eldigitaldeasturias.com\/noticias\/wp-content\/uploads\/2026\/06\/Contenidos.jpg\" \/>\n\t\t<meta property=\"og:image:width\" content=\"1265\" \/>\n\t\t<meta property=\"og:image:height\" content=\"697\" \/>\n\t\t<meta property=\"article:tag\" content=\"actualidad\" \/>\n\t\t<meta property=\"article:published_time\" content=\"2014-01-29T23:25:38+00:00\" \/>\n\t\t<meta property=\"article:modified_time\" content=\"2014-01-29T23:25:38+00:00\" \/>\n\t\t<meta property=\"article:publisher\" content=\"https:\/\/facebook.com\/eldigitaldeasturias\" \/>\n\t\t<meta name=\"twitter:card\" content=\"summary_large_image\" \/>\n\t\t<meta name=\"twitter:title\" content=\"S\u00e9mper dice no percibir fractura alguna en el PP - El Digital de Asturias\" \/>\n\t\t<meta name=\"twitter:description\" content=\"San Sebasti\u00e1n, 29 ene (EFE).- El presidente del PP de Gipuzkoa, Borja S\u00e9mper, ha dicho hoy no percibir fractura alguna en el Partido Popular, a pesar de casos como la baja de Alejo Vidal-Quadras, la creaci\u00f3n del nuevo partido Vox, o la renuncia de Jaime Mayor Oreja a encabezar la lista a las pr\u00f3ximas elecciones\" \/>\n\t\t<meta name=\"twitter:image\" content=\"https:\/\/www.eldigitaldeasturias.com\/noticias\/wp-content\/uploads\/2026\/06\/Contenidos.jpg\" \/>\n\t\t<meta name=\"twitter:label1\" content=\"Escrito por\" \/>\n\t\t<meta name=\"twitter:data1\" content=\"El Digital de Asturias\" \/>\n\t\t<meta name=\"twitter:label2\" content=\"Tiempo de lectura estimado\" \/>\n\t\t<meta name=\"twitter:data2\" content=\"2 minutos\" \/>\n\t\t<script type=\"application\/ld+json\" class=\"aioseo-schema\">\n\t\t\t{\"@context\":\"https:\\\/\\\/schema.org\",\"@graph\":[{\"@type\":\"BlogPosting\",\"@id\":\"https:\\\/\\\/www.eldigitaldeasturias.com\\\/noticias\\\/semper-dice-no-percibir-fractura-alguna-en-el-pp\\\/#blogposting\",\"name\":\"S\\u00e9mper dice no percibir fractura alguna en el PP - El Digital de Asturias\",\"headline\":\"S\\u00e9mper dice no percibir fractura alguna en el PP\",\"author\":{\"@id\":\"https:\\\/\\\/www.eldigitaldeasturias.com\\\/noticias\\\/author\\\/admin\\\/#author\"},\"publisher\":{\"@id\":\"https:\\\/\\\/www.eldigitaldeasturias.com\\\/noticias\\\/#organization\"},\"image\":{\"@type\":\"ImageObject\",\"url\":\"https:\\\/\\\/www.eldigitaldeasturias.com\\\/noticias\\\/wp-content\\\/uploads\\\/2026\\\/06\\\/Contenidos.jpg\",\"width\":1265,\"height\":697,\"caption\":\"Contenidos\"},\"datePublished\":\"2014-01-29T22:25:38+01:00\",\"dateModified\":\"2014-01-29T22:25:38+01:00\",\"inLanguage\":\"es-ES\",\"mainEntityOfPage\":{\"@id\":\"https:\\\/\\\/www.eldigitaldeasturias.com\\\/noticias\\\/semper-dice-no-percibir-fractura-alguna-en-el-pp\\\/#webpage\"},\"isPartOf\":{\"@id\":\"https:\\\/\\\/www.eldigitaldeasturias.com\\\/noticias\\\/semper-dice-no-percibir-fractura-alguna-en-el-pp\\\/#webpage\"},\"articleSection\":\"Actualidad\"},{\"@type\":\"BreadcrumbList\",\"@id\":\"https:\\\/\\\/www.eldigitaldeasturias.com\\\/noticias\\\/semper-dice-no-percibir-fractura-alguna-en-el-pp\\\/#breadcrumblist\",\"itemListElement\":[{\"@type\":\"ListItem\",\"@id\":\"https:\\\/\\\/www.eldigitaldeasturias.com\\\/noticias#listItem\",\"position\":1,\"name\":\"Home\",\"item\":\"https:\\\/\\\/www.eldigitaldeasturias.com\\\/noticias\",\"nextItem\":{\"@type\":\"ListItem\",\"@id\":\"https:\\\/\\\/www.eldigitaldeasturias.com\\\/noticias\\\/category\\\/actualidad\\\/#listItem\",\"name\":\"Actualidad\"}},{\"@type\":\"ListItem\",\"@id\":\"https:\\\/\\\/www.eldigitaldeasturias.com\\\/noticias\\\/category\\\/actualidad\\\/#listItem\",\"position\":2,\"name\":\"Actualidad\",\"item\":\"https:\\\/\\\/www.eldigitaldeasturias.com\\\/noticias\\\/category\\\/actualidad\\\/\",\"nextItem\":{\"@type\":\"ListItem\",\"@id\":\"https:\\\/\\\/www.eldigitaldeasturias.com\\\/noticias\\\/semper-dice-no-percibir-fractura-alguna-en-el-pp\\\/#listItem\",\"name\":\"S\\u00e9mper dice no percibir fractura alguna en el PP\"},\"previousItem\":{\"@type\":\"ListItem\",\"@id\":\"https:\\\/\\\/www.eldigitaldeasturias.com\\\/noticias#listItem\",\"name\":\"Home\"}},{\"@type\":\"ListItem\",\"@id\":\"https:\\\/\\\/www.eldigitaldeasturias.com\\\/noticias\\\/semper-dice-no-percibir-fractura-alguna-en-el-pp\\\/#listItem\",\"position\":3,\"name\":\"S\\u00e9mper dice no percibir fractura alguna en el PP\",\"previousItem\":{\"@type\":\"ListItem\",\"@id\":\"https:\\\/\\\/www.eldigitaldeasturias.com\\\/noticias\\\/category\\\/actualidad\\\/#listItem\",\"name\":\"Actualidad\"}}]},{\"@type\":\"Organization\",\"@id\":\"https:\\\/\\\/www.eldigitaldeasturias.com\\\/noticias\\\/#organization\",\"name\":\"El Digital de Asturias\",\"description\":\"Hemeroteca\",\"url\":\"https:\\\/\\\/www.eldigitaldeasturias.com\\\/noticias\\\/\",\"email\":\"info@eldigitaldeasturias.com\",\"telephone\":\"+34652131393\",\"logo\":{\"@type\":\"ImageObject\",\"url\":\"https:\\\/\\\/www.eldigitaldeasturias.com\\\/noticias\\\/wp-content\\\/uploads\\\/2020\\\/12\\\/EDA.jpg\",\"@id\":\"https:\\\/\\\/www.eldigitaldeasturias.com\\\/noticias\\\/semper-dice-no-percibir-fractura-alguna-en-el-pp\\\/#organizationLogo\"},\"image\":{\"@id\":\"https:\\\/\\\/www.eldigitaldeasturias.com\\\/noticias\\\/semper-dice-no-percibir-fractura-alguna-en-el-pp\\\/#organizationLogo\"},\"sameAs\":[\"https:\\\/\\\/facebook.com\\\/eldigitaldeasturias\",\"https:\\\/\\\/www.youtube.com\\\/channel\\\/UCZP-2wLEB9Rv6erhFmqVnvg\"],\"address\":{\"@id\":\"https:\\\/\\\/www.eldigitaldeasturias.com\\\/noticias\\\/#postaladdress\",\"@type\":\"PostalAddress\",\"streetAddress\":\"san antonio 4\",\"postalCode\":\"33430\",\"addressLocality\":\"Cand\\u00e1s\",\"addressRegion\":\"Asturias\",\"addressCountry\":\"ES\"}},{\"@type\":\"Person\",\"@id\":\"https:\\\/\\\/www.eldigitaldeasturias.com\\\/noticias\\\/author\\\/admin\\\/#author\",\"url\":\"https:\\\/\\\/www.eldigitaldeasturias.com\\\/noticias\\\/author\\\/admin\\\/\",\"name\":\"El Digital de Asturias\",\"image\":{\"@type\":\"ImageObject\",\"@id\":\"https:\\\/\\\/www.eldigitaldeasturias.com\\\/noticias\\\/semper-dice-no-percibir-fractura-alguna-en-el-pp\\\/#authorImage\",\"url\":\"https:\\\/\\\/secure.gravatar.com\\\/avatar\\\/df2aeffc32bcd13f8d26072ef8a91b623d677766deac7f97ca815868cd41bf5e?s=96&d=mm&r=g\",\"width\":96,\"height\":96,\"caption\":\"El Digital de Asturias\"}},{\"@type\":\"WebPage\",\"@id\":\"https:\\\/\\\/www.eldigitaldeasturias.com\\\/noticias\\\/semper-dice-no-percibir-fractura-alguna-en-el-pp\\\/#webpage\",\"url\":\"https:\\\/\\\/www.eldigitaldeasturias.com\\\/noticias\\\/semper-dice-no-percibir-fractura-alguna-en-el-pp\\\/\",\"name\":\"S\\u00e9mper dice no percibir fractura alguna en el PP - El Digital de Asturias\",\"description\":\"San Sebasti\\u00e1n, 29 ene (EFE).- El presidente del PP de Gipuzkoa, Borja S\\u00e9mper, ha dicho hoy no percibir fractura alguna en el Partido Popular, a pesar de casos como la baja de Alejo Vidal-Quadras, la creaci\\u00f3n del nuevo partido Vox, o la renuncia de Jaime Mayor Oreja a encabezar la lista a las pr\\u00f3ximas elecciones\",\"inLanguage\":\"es-ES\",\"isPartOf\":{\"@id\":\"https:\\\/\\\/www.eldigitaldeasturias.com\\\/noticias\\\/#website\"},\"breadcrumb\":{\"@id\":\"https:\\\/\\\/www.eldigitaldeasturias.com\\\/noticias\\\/semper-dice-no-percibir-fractura-alguna-en-el-pp\\\/#breadcrumblist\"},\"author\":{\"@id\":\"https:\\\/\\\/www.eldigitaldeasturias.com\\\/noticias\\\/author\\\/admin\\\/#author\"},\"creator\":{\"@id\":\"https:\\\/\\\/www.eldigitaldeasturias.com\\\/noticias\\\/author\\\/admin\\\/#author\"},\"image\":{\"@type\":\"ImageObject\",\"url\":\"https:\\\/\\\/www.eldigitaldeasturias.com\\\/noticias\\\/wp-content\\\/uploads\\\/2026\\\/06\\\/Contenidos.jpg\",\"@id\":\"https:\\\/\\\/www.eldigitaldeasturias.com\\\/noticias\\\/semper-dice-no-percibir-fractura-alguna-en-el-pp\\\/#mainImage\",\"width\":1265,\"height\":697,\"caption\":\"Contenidos\"},\"primaryImageOfPage\":{\"@id\":\"https:\\\/\\\/www.eldigitaldeasturias.com\\\/noticias\\\/semper-dice-no-percibir-fractura-alguna-en-el-pp\\\/#mainImage\"},\"datePublished\":\"2014-01-29T22:25:38+01:00\",\"dateModified\":\"2014-01-29T22:25:38+01:00\"},{\"@type\":\"WebSite\",\"@id\":\"https:\\\/\\\/www.eldigitaldeasturias.com\\\/noticias\\\/#website\",\"url\":\"https:\\\/\\\/www.eldigitaldeasturias.com\\\/noticias\\\/\",\"name\":\"El Digital de Asturias - Diario de actualidad y noticias\",\"alternateName\":\"El Digital de Asturias - Diario de actualidad y noticias\",\"description\":\"Hemeroteca\",\"inLanguage\":\"es-ES\",\"publisher\":{\"@id\":\"https:\\\/\\\/www.eldigitaldeasturias.com\\\/noticias\\\/#organization\"}}]}\n\t\t<\/script>\n\t\t<!-- All in One SEO Pro -->\r\n\t\t<title>S\u00e9mper dice no percibir fractura alguna en el PP - El Digital de Asturias<\/title>\n\n","aioseo_head_json":{"title":"S\u00e9mper dice no percibir fractura alguna en el PP - El Digital de Asturias","description":"San Sebasti\u00e1n, 29 ene (EFE).- El presidente del PP de Gipuzkoa, Borja S\u00e9mper, ha dicho hoy no percibir fractura alguna en el Partido Popular, a pesar de casos como la baja de Alejo Vidal-Quadras, la creaci\u00f3n del nuevo partido Vox, o la renuncia de Jaime Mayor Oreja a encabezar la lista a las pr\u00f3ximas elecciones","canonical_url":"https:\/\/www.eldigitaldeasturias.com\/noticias\/semper-dice-no-percibir-fractura-alguna-en-el-pp\/","robots":"max-image-preview:large","keywords":"actualidad","webmasterTools":{"google-site-verification":"UA-38556648-1","msvalidate.01":"7dfe9f3f1b24437ab69f4f2559babe99","miscellaneous":""},"schema":{"@context":"https:\/\/schema.org","@graph":[{"@type":"BlogPosting","@id":"https:\/\/www.eldigitaldeasturias.com\/noticias\/semper-dice-no-percibir-fractura-alguna-en-el-pp\/#blogposting","name":"S\u00e9mper dice no percibir fractura alguna en el PP - El Digital de Asturias","headline":"S\u00e9mper dice no percibir fractura alguna en el PP","author":{"@id":"https:\/\/www.eldigitaldeasturias.com\/noticias\/author\/admin\/#author"},"publisher":{"@id":"https:\/\/www.eldigitaldeasturias.com\/noticias\/#organization"},"image":{"@type":"ImageObject","url":"https:\/\/www.eldigitaldeasturias.com\/noticias\/wp-content\/uploads\/2026\/06\/Contenidos.jpg","width":1265,"height":697,"caption":"Contenidos"},"datePublished":"2014-01-29T22:25:38+01:00","dateModified":"2014-01-29T22:25:38+01:00","inLanguage":"es-ES","mainEntityOfPage":{"@id":"https:\/\/www.eldigitaldeasturias.com\/noticias\/semper-dice-no-percibir-fractura-alguna-en-el-pp\/#webpage"},"isPartOf":{"@id":"https:\/\/www.eldigitaldeasturias.com\/noticias\/semper-dice-no-percibir-fractura-alguna-en-el-pp\/#webpage"},"articleSection":"Actualidad"},{"@type":"BreadcrumbList","@id":"https:\/\/www.eldigitaldeasturias.com\/noticias\/semper-dice-no-percibir-fractura-alguna-en-el-pp\/#breadcrumblist","itemListElement":[{"@type":"ListItem","@id":"https:\/\/www.eldigitaldeasturias.com\/noticias#listItem","position":1,"name":"Home","item":"https:\/\/www.eldigitaldeasturias.com\/noticias","nextItem":{"@type":"ListItem","@id":"https:\/\/www.eldigitaldeasturias.com\/noticias\/category\/actualidad\/#listItem","name":"Actualidad"}},{"@type":"ListItem","@id":"https:\/\/www.eldigitaldeasturias.com\/noticias\/category\/actualidad\/#listItem","position":2,"name":"Actualidad","item":"https:\/\/www.eldigitaldeasturias.com\/noticias\/category\/actualidad\/","nextItem":{"@type":"ListItem","@id":"https:\/\/www.eldigitaldeasturias.com\/noticias\/semper-dice-no-percibir-fractura-alguna-en-el-pp\/#listItem","name":"S\u00e9mper dice no percibir fractura alguna en el PP"},"previousItem":{"@type":"ListItem","@id":"https:\/\/www.eldigitaldeasturias.com\/noticias#listItem","name":"Home"}},{"@type":"ListItem","@id":"https:\/\/www.eldigitaldeasturias.com\/noticias\/semper-dice-no-percibir-fractura-alguna-en-el-pp\/#listItem","position":3,"name":"S\u00e9mper dice no percibir fractura alguna en el PP","previousItem":{"@type":"ListItem","@id":"https:\/\/www.eldigitaldeasturias.com\/noticias\/category\/actualidad\/#listItem","name":"Actualidad"}}]},{"@type":"Organization","@id":"https:\/\/www.eldigitaldeasturias.com\/noticias\/#organization","name":"El Digital de Asturias","description":"Hemeroteca","url":"https:\/\/www.eldigitaldeasturias.com\/noticias\/","email":"info@eldigitaldeasturias.com","telephone":"+34652131393","logo":{"@type":"ImageObject","url":"https:\/\/www.eldigitaldeasturias.com\/noticias\/wp-content\/uploads\/2020\/12\/EDA.jpg","@id":"https:\/\/www.eldigitaldeasturias.com\/noticias\/semper-dice-no-percibir-fractura-alguna-en-el-pp\/#organizationLogo"},"image":{"@id":"https:\/\/www.eldigitaldeasturias.com\/noticias\/semper-dice-no-percibir-fractura-alguna-en-el-pp\/#organizationLogo"},"sameAs":["https:\/\/facebook.com\/eldigitaldeasturias","https:\/\/www.youtube.com\/channel\/UCZP-2wLEB9Rv6erhFmqVnvg"],"address":{"@id":"https:\/\/www.eldigitaldeasturias.com\/noticias\/#postaladdress","@type":"PostalAddress","streetAddress":"san antonio 4","postalCode":"33430","addressLocality":"Cand\u00e1s","addressRegion":"Asturias","addressCountry":"ES"}},{"@type":"Person","@id":"https:\/\/www.eldigitaldeasturias.com\/noticias\/author\/admin\/#author","url":"https:\/\/www.eldigitaldeasturias.com\/noticias\/author\/admin\/","name":"El Digital de Asturias","image":{"@type":"ImageObject","@id":"https:\/\/www.eldigitaldeasturias.com\/noticias\/semper-dice-no-percibir-fractura-alguna-en-el-pp\/#authorImage","url":"https:\/\/secure.gravatar.com\/avatar\/df2aeffc32bcd13f8d26072ef8a91b623d677766deac7f97ca815868cd41bf5e?s=96&d=mm&r=g","width":96,"height":96,"caption":"El Digital de Asturias"}},{"@type":"WebPage","@id":"https:\/\/www.eldigitaldeasturias.com\/noticias\/semper-dice-no-percibir-fractura-alguna-en-el-pp\/#webpage","url":"https:\/\/www.eldigitaldeasturias.com\/noticias\/semper-dice-no-percibir-fractura-alguna-en-el-pp\/","name":"S\u00e9mper dice no percibir fractura alguna en el PP - El Digital de Asturias","description":"San Sebasti\u00e1n, 29 ene (EFE).- El presidente del PP de Gipuzkoa, Borja S\u00e9mper, ha dicho hoy no percibir fractura alguna en el Partido Popular, a pesar de casos como la baja de Alejo Vidal-Quadras, la creaci\u00f3n del nuevo partido Vox, o la renuncia de Jaime Mayor Oreja a encabezar la lista a las pr\u00f3ximas elecciones","inLanguage":"es-ES","isPartOf":{"@id":"https:\/\/www.eldigitaldeasturias.com\/noticias\/#website"},"breadcrumb":{"@id":"https:\/\/www.eldigitaldeasturias.com\/noticias\/semper-dice-no-percibir-fractura-alguna-en-el-pp\/#breadcrumblist"},"author":{"@id":"https:\/\/www.eldigitaldeasturias.com\/noticias\/author\/admin\/#author"},"creator":{"@id":"https:\/\/www.eldigitaldeasturias.com\/noticias\/author\/admin\/#author"},"image":{"@type":"ImageObject","url":"https:\/\/www.eldigitaldeasturias.com\/noticias\/wp-content\/uploads\/2026\/06\/Contenidos.jpg","@id":"https:\/\/www.eldigitaldeasturias.com\/noticias\/semper-dice-no-percibir-fractura-alguna-en-el-pp\/#mainImage","width":1265,"height":697,"caption":"Contenidos"},"primaryImageOfPage":{"@id":"https:\/\/www.eldigitaldeasturias.com\/noticias\/semper-dice-no-percibir-fractura-alguna-en-el-pp\/#mainImage"},"datePublished":"2014-01-29T22:25:38+01:00","dateModified":"2014-01-29T22:25:38+01:00"},{"@type":"WebSite","@id":"https:\/\/www.eldigitaldeasturias.com\/noticias\/#website","url":"https:\/\/www.eldigitaldeasturias.com\/noticias\/","name":"El Digital de Asturias - Diario de actualidad y noticias","alternateName":"El Digital de Asturias - Diario de actualidad y noticias","description":"Hemeroteca","inLanguage":"es-ES","publisher":{"@id":"https:\/\/www.eldigitaldeasturias.com\/noticias\/#organization"}}]},"og:locale":"es_ES","og:site_name":"El Digital de Asturias","og:type":"article","og:title":"S\u00e9mper dice no percibir fractura alguna en el PP - El Digital de Asturias","og:description":"San Sebasti\u00e1n, 29 ene (EFE).- El presidente del PP de Gipuzkoa, Borja S\u00e9mper, ha dicho hoy no percibir fractura alguna en el Partido Popular, a pesar de casos como la baja de Alejo Vidal-Quadras, la creaci\u00f3n del nuevo partido Vox, o la renuncia de Jaime Mayor Oreja a encabezar la lista a las pr\u00f3ximas elecciones","og:url":"https:\/\/www.eldigitaldeasturias.com\/noticias\/semper-dice-no-percibir-fractura-alguna-en-el-pp\/","og:image":"https:\/\/www.eldigitaldeasturias.com\/noticias\/wp-content\/uploads\/2026\/06\/Contenidos.jpg","og:image:secure_url":"https:\/\/www.eldigitaldeasturias.com\/noticias\/wp-content\/uploads\/2026\/06\/Contenidos.jpg","og:image:width":1265,"og:image:height":697,"article:tag":["actualidad"],"article:published_time":"2014-01-29T23:25:38+00:00","article:modified_time":"2014-01-29T23:25:38+00:00","article:publisher":"https:\/\/facebook.com\/eldigitaldeasturias","twitter:card":"summary_large_image","twitter:title":"S\u00e9mper dice no percibir fractura alguna en el PP - El Digital de Asturias","twitter:description":"San Sebasti\u00e1n, 29 ene (EFE).- El presidente del PP de Gipuzkoa, Borja S\u00e9mper, ha dicho hoy no percibir fractura alguna en el Partido Popular, a pesar de casos como la baja de Alejo Vidal-Quadras, la creaci\u00f3n del nuevo partido Vox, o la renuncia de Jaime Mayor Oreja a encabezar la lista a las pr\u00f3ximas elecciones","twitter:image":"https:\/\/www.eldigitaldeasturias.com\/noticias\/wp-content\/uploads\/2026\/06\/Contenidos.jpg","twitter:label1":"Escrito por","twitter:data1":"El Digital de Asturias","twitter:label2":"Tiempo de lectura estimado","twitter:data2":"2 minutos"},"aioseo_meta_data":{"post_id":"480212","title":null,"description":null,"keywords":null,"keyphrases":null,"primary_term":null,"canonical_url":null,"og_title":null,"og_description":null,"og_object_type":"default","og_image_type":"default","og_image_url":null,"og_image_width":null,"og_image_height":null,"og_image_custom_url":null,"og_image_custom_fields":null,"og_video":null,"og_custom_url":null,"og_article_section":null,"og_article_tags":null,"twitter_use_og":true,"twitter_card":"default","twitter_image_type":"default","twitter_image_url":null,"twitter_image_custom_url":null,"twitter_image_custom_fields":null,"twitter_title":null,"twitter_description":null,"schema":{"blockGraphs":[],"customGraphs":[],"default":{"data":{"Article":[],"Course":[],"Dataset":[],"FAQPage":[],"Movie":[],"Person":[],"Product":[],"ProductReview":[],"Car":[],"Recipe":[],"Service":[],"SoftwareApplication":[],"WebPage":[]},"graphName":"","isEnabled":true},"graphs":[],"defaultGraph":"","defaultPostTypeGraph":""},"schema_type":null,"schema_type_options":null,"pillar_content":false,"robots_default":true,"robots_noindex":false,"robots_noarchive":false,"robots_nosnippet":false,"robots_nofollow":false,"robots_noimageindex":false,"robots_noodp":false,"robots_notranslate":false,"robots_max_snippet":null,"robots_max_videopreview":null,"robots_max_imagepreview":"none","priority":null,"frequency":null,"local_seo":null,"seo_analyzer_scan_date":"2026-06-02 03:03:47","breadcrumb_settings":null,"limit_modified_date":false,"open_ai":null,"ai":null,"created":"2020-11-14 22:54:09","updated":"2026-06-02 03:03:47","focus_keyword":null,"additional_keywords":null,"truseo_locale":null},"aioseo_breadcrumb":"<div class=\"aioseo-breadcrumbs\"><span class=\"aioseo-breadcrumb\">\n\t<a href=\"https:\/\/www.eldigitaldeasturias.com\/noticias\" title=\"Home\">Home<\/a>\n<\/span><span class=\"aioseo-breadcrumb-separator\">\u2013<\/span><span class=\"aioseo-breadcrumb\">\n\t<a href=\"https:\/\/www.eldigitaldeasturias.com\/noticias\/category\/actualidad\/\" title=\"Actualidad\">Actualidad<\/a>\n<\/span><span class=\"aioseo-breadcrumb-separator\">\u2013<\/span><span class=\"aioseo-breadcrumb\">\n\t<a href=\"https:\/\/www.eldigitaldeasturias.com\/noticias\/semper-dice-no-percibir-fractura-alguna-en-el-pp\/\" title=\"S\u00e9mper dice no percibir fractura alguna en el PP\">S\u00e9mper dice no percibir fractura alguna en el PP<\/a>\n<\/span><\/div>","aioseo_breadcrumb_json":[{"label":"Home","link":"https:\/\/www.eldigitaldeasturias.com\/noticias"},{"label":"Actualidad","link":"https:\/\/www.eldigitaldeasturias.com\/noticias\/category\/actualidad\/"},{"label":"S\u00e9mper dice no percibir fractura alguna en el PP","link":"https:\/\/www.eldigitaldeasturias.com\/noticias\/semper-dice-no-percibir-fractura-alguna-en-el-pp\/"}],"_links":{"self":[{"href":"https:\/\/www.eldigitaldeasturias.com\/noticias\/wp-json\/wp\/v2\/posts\/480212","targetHints":{"allow":["GET"]}}],"collection":[{"href":"https:\/\/www.eldigitaldeasturias.com\/noticias\/wp-json\/wp\/v2\/posts"}],"about":[{"href":"https:\/\/www.eldigitaldeasturias.com\/noticias\/wp-json\/wp\/v2\/types\/post"}],"author":[{"embeddable":true,"href":"https:\/\/www.eldigitaldeasturias.com\/noticias\/wp-json\/wp\/v2\/users\/1"}],"replies":[{"embeddable":true,"href":"https:\/\/www.eldigitaldeasturias.com\/noticias\/wp-json\/wp\/v2\/comments?post=480212"}],"version-history":[{"count":0,"href":"https:\/\/www.eldigitaldeasturias.com\/noticias\/wp-json\/wp\/v2\/posts\/480212\/revisions"}],"wp:featuredmedia":[{"embeddable":true,"href":"https:\/\/www.eldigitaldeasturias.com\/noticias\/wp-json\/wp\/v2\/media\/1132184"}],"wp:attachment":[{"href":"https:\/\/www.eldigitaldeasturias.com\/noticias\/wp-json\/wp\/v2\/media?parent=480212"}],"wp:term":[{"taxonomy":"category","embeddable":true,"href":"https:\/\/www.eldigitaldeasturias.com\/noticias\/wp-json\/wp\/v2\/categories?post=480212"},{"taxonomy":"post_tag","embeddable":true,"href":"https:\/\/www.eldigitaldeasturias.com\/noticias\/wp-json\/wp\/v2\/tags?post=480212"}],"curies":[{"name":"wp","href":"https:\/\/api.w.org\/{rel}","templated":true}]}}