{"id":480194,"date":"2014-01-29T21:57:57","date_gmt":"2014-01-29T22:57:57","guid":{"rendered":"http:\/\/www.eldigitaldeasturias.com\/noticias\/?p=480194"},"modified":"2014-01-29T21:57:57","modified_gmt":"2014-01-29T22:57:57","slug":"marinos-uruguayos-participaran-en-un-viaje-de-instruccion-de-fragata-argentina","status":"publish","type":"post","link":"https:\/\/www.eldigitaldeasturias.com\/noticias\/marinos-uruguayos-participaran-en-un-viaje-de-instruccion-de-fragata-argentina\/","title":{"rendered":"Marinos uruguayos participar\u00e1n en un viaje de instrucci\u00f3n de fragata argentina"},"content":{"rendered":"<p><img loading=\"lazy\" decoding=\"async\" class=\"alignleft size-medium wp-image-480195\" alt=\"5888928w\" src=\"https:\/\/www.eldigitaldeasturias.com\/noticias\/wp-content\/uploads\/2014\/01\/5888928w-360x226.jpg\" width=\"360\" height=\"226\" \/>Montevideo, 29 ene (EFE).- Veinticuatro guardiamarinas uruguayos participar\u00e1n en el viaje de instrucci\u00f3n del buque escuela argentino Fragata Libertad que partir\u00e1 el pr\u00f3ximo s\u00e1bado desde Buenos Aires, informaron hoy fuentes diplom\u00e1ticas.<\/p>\n<p>El viaje, dividido en dos etapas, finalizar\u00e1 en la capital argentina el pr\u00f3ximo primero de noviembre, seg\u00fan un comunicado de la Embajada de Argentina en Montevideo.<\/p>\n<p>En la primera etapa, el barco participar\u00e1 en \u00abVelas Latinoam\u00e9rica 2014\u00bb, un evento deportivo internacional para veleros de gran porte organizado por la Armada argentina.<\/p>\n<p>El evento conmemora el bicentenario de la batalla naval de Montevideo o Batalla del Buceo, que tuvo lugar en mayo de 1814, y que enfrent\u00f3 a las provincias unidas del R\u00edo de la Plata (actual territorio de Uruguay y parte de Argentina) contra el imperio espa\u00f1ol, que ejerc\u00eda la dominaci\u00f3n en la zona, con el resultado de la derrota de los colonos.<\/p>\n<p>\u00abVelas Latinoam\u00e9rica 2014\u00bb propone un viaje con escala en diferentes puertos de Brasil, Uruguay, Argentina, Chile, Per\u00fa, Ecuador, Colombia, Venezuela, Rep\u00fablica Dominicana y M\u00e9xico.<\/p>\n<p>A mediados de febrero, los barcos participantes visitar\u00e1n el puerto uruguayo de Punta del Este, como segunda parada de una gira que concluir\u00e1 a finales de junio en Veracruz (M\u00e9xico).<\/p>\n<p>De este puerto partir\u00e1 la fragata Libertad para la segunda etapa de su viaje, en el que recalar\u00e1 en puertos de Cuba, Hait\u00ed, Venezuela, Surinam, Brasil, Argentina y Chile, para llegar a finales de octubre al puerto de Montevideo en su \u00faltima parada antes de regresar a Buenos Aires.<\/p>\n<p>La fragata Libertad fue nombrada Embajadora de la Rep\u00fablica Argentina con distinci\u00f3n honor\u00edfica en 2001.<\/p>\n<p>A finales de 2012 este buque escuela fue protagonista de un incidente internacional, cuando fue retenido durante m\u00e1s de dos meses en un puerto de Ghana por una demanda de un fondo especulativo que reclama el pago de una deuda a Argentina.<\/p>\n","protected":false},"excerpt":{"rendered":"<p>Montevideo, 29 ene (EFE).- Veinticuatro guardiamarinas uruguayos participar\u00e1n en el viaje de instrucci\u00f3n del buque escuela argentino Fragata Libertad que partir\u00e1 el pr\u00f3ximo s\u00e1bado desde Buenos Aires, informaron hoy fuentes diplom\u00e1ticas. El viaje, dividido en dos etapas, finalizar\u00e1 en la capital argentina el pr\u00f3ximo primero de noviembre, seg\u00fan un comunicado de la Embajada de Argentina [&hellip;]<\/p>\n","protected":false},"author":1,"featured_media":1132184,"comment_status":"closed","ping_status":"open","sticky":false,"template":"","format":"standard","meta":{"footnotes":""},"categories":[1],"tags":[],"class_list":["post-480194","post","type-post","status-publish","format-standard","has-post-thumbnail","hentry","category-actualidad"],"aioseo_notices":[],"aioseo_head":"\n\t\t<!-- All in One SEO Pro 5.0.1 - aioseo.com -->\n\t<meta name=\"description\" content=\"Montevideo, 29 ene (EFE).- Veinticuatro guardiamarinas uruguayos participar\u00e1n en el viaje de instrucci\u00f3n del buque escuela argentino Fragata Libertad que partir\u00e1 el pr\u00f3ximo s\u00e1bado desde Buenos Aires, informaron hoy fuentes diplom\u00e1ticas. El viaje, dividido en dos etapas, finalizar\u00e1 en la capital argentina el pr\u00f3ximo primero de noviembre, seg\u00fan un comunicado de la Embajada de Argentina\" \/>\n\t<meta name=\"robots\" content=\"max-image-preview:large\" \/>\n\t<meta name=\"author\" content=\"El Digital de Asturias\"\/>\n\t<meta name=\"google-site-verification\" content=\"UA-38556648-1\" \/>\n\t<meta name=\"msvalidate.01\" content=\"7dfe9f3f1b24437ab69f4f2559babe99\" \/>\n\t<meta name=\"keywords\" content=\"actualidad\" \/>\n\t<link rel=\"canonical\" href=\"https:\/\/www.eldigitaldeasturias.com\/noticias\/marinos-uruguayos-participaran-en-un-viaje-de-instruccion-de-fragata-argentina\/\" \/>\n\t<meta name=\"generator\" content=\"All in One SEO Pro (AIOSEO) 5.0.1\" \/>\n\t\t<meta property=\"og:locale\" content=\"es_ES\" \/>\n\t\t<meta property=\"og:site_name\" content=\"El Digital de Asturias\" \/>\n\t\t<meta property=\"og:type\" content=\"article\" \/>\n\t\t<meta property=\"og:title\" content=\"Marinos uruguayos participar\u00e1n en un viaje de instrucci\u00f3n de fragata argentina - El Digital de Asturias\" \/>\n\t\t<meta property=\"og:description\" content=\"Montevideo, 29 ene (EFE).- Veinticuatro guardiamarinas uruguayos participar\u00e1n en el viaje de instrucci\u00f3n del buque escuela argentino Fragata Libertad que partir\u00e1 el pr\u00f3ximo s\u00e1bado desde Buenos Aires, informaron hoy fuentes diplom\u00e1ticas. El viaje, dividido en dos etapas, finalizar\u00e1 en la capital argentina el pr\u00f3ximo primero de noviembre, seg\u00fan un comunicado de la Embajada de Argentina\" \/>\n\t\t<meta property=\"og:url\" content=\"https:\/\/www.eldigitaldeasturias.com\/noticias\/marinos-uruguayos-participaran-en-un-viaje-de-instruccion-de-fragata-argentina\/\" \/>\n\t\t<meta property=\"og:image\" content=\"https:\/\/www.eldigitaldeasturias.com\/noticias\/wp-content\/uploads\/2026\/06\/Contenidos.jpg\" \/>\n\t\t<meta property=\"og:image:secure_url\" content=\"https:\/\/www.eldigitaldeasturias.com\/noticias\/wp-content\/uploads\/2026\/06\/Contenidos.jpg\" \/>\n\t\t<meta property=\"og:image:width\" content=\"1265\" \/>\n\t\t<meta property=\"og:image:height\" content=\"697\" \/>\n\t\t<meta property=\"article:tag\" content=\"actualidad\" \/>\n\t\t<meta property=\"article:published_time\" content=\"2014-01-29T22:57:57+00:00\" \/>\n\t\t<meta property=\"article:modified_time\" content=\"2014-01-29T22:57:57+00:00\" \/>\n\t\t<meta property=\"article:publisher\" content=\"https:\/\/facebook.com\/eldigitaldeasturias\" \/>\n\t\t<meta name=\"twitter:card\" content=\"summary_large_image\" \/>\n\t\t<meta name=\"twitter:title\" content=\"Marinos uruguayos participar\u00e1n en un viaje de instrucci\u00f3n de fragata argentina - El Digital de Asturias\" \/>\n\t\t<meta name=\"twitter:description\" content=\"Montevideo, 29 ene (EFE).- Veinticuatro guardiamarinas uruguayos participar\u00e1n en el viaje de instrucci\u00f3n del buque escuela argentino Fragata Libertad que partir\u00e1 el pr\u00f3ximo s\u00e1bado desde Buenos Aires, informaron hoy fuentes diplom\u00e1ticas. El viaje, dividido en dos etapas, finalizar\u00e1 en la capital argentina el pr\u00f3ximo primero de noviembre, seg\u00fan un comunicado de la Embajada de Argentina\" \/>\n\t\t<meta name=\"twitter:image\" content=\"https:\/\/www.eldigitaldeasturias.com\/noticias\/wp-content\/uploads\/2026\/06\/Contenidos.jpg\" \/>\n\t\t<meta name=\"twitter:label1\" content=\"Escrito por\" \/>\n\t\t<meta name=\"twitter:data1\" content=\"El Digital de Asturias\" \/>\n\t\t<meta name=\"twitter:label2\" content=\"Tiempo de lectura estimado\" \/>\n\t\t<meta name=\"twitter:data2\" content=\"2 minutos\" \/>\n\t\t<script type=\"application\/ld+json\" class=\"aioseo-schema\">\n\t\t\t{\"@context\":\"https:\\\/\\\/schema.org\",\"@graph\":[{\"@type\":\"BlogPosting\",\"@id\":\"https:\\\/\\\/www.eldigitaldeasturias.com\\\/noticias\\\/marinos-uruguayos-participaran-en-un-viaje-de-instruccion-de-fragata-argentina\\\/#blogposting\",\"name\":\"Marinos uruguayos participar\\u00e1n en un viaje de instrucci\\u00f3n de fragata argentina - El Digital de Asturias\",\"headline\":\"Marinos uruguayos participar\\u00e1n en un viaje de instrucci\\u00f3n de fragata argentina\",\"author\":{\"@id\":\"https:\\\/\\\/www.eldigitaldeasturias.com\\\/noticias\\\/author\\\/admin\\\/#author\"},\"publisher\":{\"@id\":\"https:\\\/\\\/www.eldigitaldeasturias.com\\\/noticias\\\/#organization\"},\"image\":{\"@type\":\"ImageObject\",\"url\":\"https:\\\/\\\/www.eldigitaldeasturias.com\\\/noticias\\\/wp-content\\\/uploads\\\/2026\\\/06\\\/Contenidos.jpg\",\"width\":1265,\"height\":697,\"caption\":\"Contenidos\"},\"datePublished\":\"2014-01-29T21:57:57+01:00\",\"dateModified\":\"2014-01-29T21:57:57+01:00\",\"inLanguage\":\"es-ES\",\"mainEntityOfPage\":{\"@id\":\"https:\\\/\\\/www.eldigitaldeasturias.com\\\/noticias\\\/marinos-uruguayos-participaran-en-un-viaje-de-instruccion-de-fragata-argentina\\\/#webpage\"},\"isPartOf\":{\"@id\":\"https:\\\/\\\/www.eldigitaldeasturias.com\\\/noticias\\\/marinos-uruguayos-participaran-en-un-viaje-de-instruccion-de-fragata-argentina\\\/#webpage\"},\"articleSection\":\"Actualidad\"},{\"@type\":\"BreadcrumbList\",\"@id\":\"https:\\\/\\\/www.eldigitaldeasturias.com\\\/noticias\\\/marinos-uruguayos-participaran-en-un-viaje-de-instruccion-de-fragata-argentina\\\/#breadcrumblist\",\"itemListElement\":[{\"@type\":\"ListItem\",\"@id\":\"https:\\\/\\\/www.eldigitaldeasturias.com\\\/noticias#listItem\",\"position\":1,\"name\":\"Home\",\"item\":\"https:\\\/\\\/www.eldigitaldeasturias.com\\\/noticias\",\"nextItem\":{\"@type\":\"ListItem\",\"@id\":\"https:\\\/\\\/www.eldigitaldeasturias.com\\\/noticias\\\/category\\\/actualidad\\\/#listItem\",\"name\":\"Actualidad\"}},{\"@type\":\"ListItem\",\"@id\":\"https:\\\/\\\/www.eldigitaldeasturias.com\\\/noticias\\\/category\\\/actualidad\\\/#listItem\",\"position\":2,\"name\":\"Actualidad\",\"item\":\"https:\\\/\\\/www.eldigitaldeasturias.com\\\/noticias\\\/category\\\/actualidad\\\/\",\"nextItem\":{\"@type\":\"ListItem\",\"@id\":\"https:\\\/\\\/www.eldigitaldeasturias.com\\\/noticias\\\/marinos-uruguayos-participaran-en-un-viaje-de-instruccion-de-fragata-argentina\\\/#listItem\",\"name\":\"Marinos uruguayos participar\\u00e1n en un viaje de instrucci\\u00f3n de fragata argentina\"},\"previousItem\":{\"@type\":\"ListItem\",\"@id\":\"https:\\\/\\\/www.eldigitaldeasturias.com\\\/noticias#listItem\",\"name\":\"Home\"}},{\"@type\":\"ListItem\",\"@id\":\"https:\\\/\\\/www.eldigitaldeasturias.com\\\/noticias\\\/marinos-uruguayos-participaran-en-un-viaje-de-instruccion-de-fragata-argentina\\\/#listItem\",\"position\":3,\"name\":\"Marinos uruguayos participar\\u00e1n en un viaje de instrucci\\u00f3n de fragata argentina\",\"previousItem\":{\"@type\":\"ListItem\",\"@id\":\"https:\\\/\\\/www.eldigitaldeasturias.com\\\/noticias\\\/category\\\/actualidad\\\/#listItem\",\"name\":\"Actualidad\"}}]},{\"@type\":\"Organization\",\"@id\":\"https:\\\/\\\/www.eldigitaldeasturias.com\\\/noticias\\\/#organization\",\"name\":\"El Digital de Asturias\",\"description\":\"Hemeroteca\",\"url\":\"https:\\\/\\\/www.eldigitaldeasturias.com\\\/noticias\\\/\",\"email\":\"info@eldigitaldeasturias.com\",\"telephone\":\"+34652131393\",\"logo\":{\"@type\":\"ImageObject\",\"url\":\"https:\\\/\\\/www.eldigitaldeasturias.com\\\/noticias\\\/wp-content\\\/uploads\\\/2020\\\/12\\\/EDA.jpg\",\"@id\":\"https:\\\/\\\/www.eldigitaldeasturias.com\\\/noticias\\\/marinos-uruguayos-participaran-en-un-viaje-de-instruccion-de-fragata-argentina\\\/#organizationLogo\"},\"image\":{\"@id\":\"https:\\\/\\\/www.eldigitaldeasturias.com\\\/noticias\\\/marinos-uruguayos-participaran-en-un-viaje-de-instruccion-de-fragata-argentina\\\/#organizationLogo\"},\"sameAs\":[\"https:\\\/\\\/facebook.com\\\/eldigitaldeasturias\",\"https:\\\/\\\/www.youtube.com\\\/channel\\\/UCZP-2wLEB9Rv6erhFmqVnvg\"],\"address\":{\"@id\":\"https:\\\/\\\/www.eldigitaldeasturias.com\\\/noticias\\\/#postaladdress\",\"@type\":\"PostalAddress\",\"streetAddress\":\"san antonio 4\",\"postalCode\":\"33430\",\"addressLocality\":\"Cand\\u00e1s\",\"addressRegion\":\"Asturias\",\"addressCountry\":\"ES\"}},{\"@type\":\"Person\",\"@id\":\"https:\\\/\\\/www.eldigitaldeasturias.com\\\/noticias\\\/author\\\/admin\\\/#author\",\"url\":\"https:\\\/\\\/www.eldigitaldeasturias.com\\\/noticias\\\/author\\\/admin\\\/\",\"name\":\"El Digital de Asturias\",\"image\":{\"@type\":\"ImageObject\",\"@id\":\"https:\\\/\\\/www.eldigitaldeasturias.com\\\/noticias\\\/marinos-uruguayos-participaran-en-un-viaje-de-instruccion-de-fragata-argentina\\\/#authorImage\",\"url\":\"https:\\\/\\\/secure.gravatar.com\\\/avatar\\\/df2aeffc32bcd13f8d26072ef8a91b623d677766deac7f97ca815868cd41bf5e?s=96&d=mm&r=g\",\"width\":96,\"height\":96,\"caption\":\"El Digital de Asturias\"}},{\"@type\":\"WebPage\",\"@id\":\"https:\\\/\\\/www.eldigitaldeasturias.com\\\/noticias\\\/marinos-uruguayos-participaran-en-un-viaje-de-instruccion-de-fragata-argentina\\\/#webpage\",\"url\":\"https:\\\/\\\/www.eldigitaldeasturias.com\\\/noticias\\\/marinos-uruguayos-participaran-en-un-viaje-de-instruccion-de-fragata-argentina\\\/\",\"name\":\"Marinos uruguayos participar\\u00e1n en un viaje de instrucci\\u00f3n de fragata argentina - El Digital de Asturias\",\"description\":\"Montevideo, 29 ene (EFE).- Veinticuatro guardiamarinas uruguayos participar\\u00e1n en el viaje de instrucci\\u00f3n del buque escuela argentino Fragata Libertad que partir\\u00e1 el pr\\u00f3ximo s\\u00e1bado desde Buenos Aires, informaron hoy fuentes diplom\\u00e1ticas. El viaje, dividido en dos etapas, finalizar\\u00e1 en la capital argentina el pr\\u00f3ximo primero de noviembre, seg\\u00fan un comunicado de la Embajada de Argentina\",\"inLanguage\":\"es-ES\",\"isPartOf\":{\"@id\":\"https:\\\/\\\/www.eldigitaldeasturias.com\\\/noticias\\\/#website\"},\"breadcrumb\":{\"@id\":\"https:\\\/\\\/www.eldigitaldeasturias.com\\\/noticias\\\/marinos-uruguayos-participaran-en-un-viaje-de-instruccion-de-fragata-argentina\\\/#breadcrumblist\"},\"author\":{\"@id\":\"https:\\\/\\\/www.eldigitaldeasturias.com\\\/noticias\\\/author\\\/admin\\\/#author\"},\"creator\":{\"@id\":\"https:\\\/\\\/www.eldigitaldeasturias.com\\\/noticias\\\/author\\\/admin\\\/#author\"},\"image\":{\"@type\":\"ImageObject\",\"url\":\"https:\\\/\\\/www.eldigitaldeasturias.com\\\/noticias\\\/wp-content\\\/uploads\\\/2026\\\/06\\\/Contenidos.jpg\",\"@id\":\"https:\\\/\\\/www.eldigitaldeasturias.com\\\/noticias\\\/marinos-uruguayos-participaran-en-un-viaje-de-instruccion-de-fragata-argentina\\\/#mainImage\",\"width\":1265,\"height\":697,\"caption\":\"Contenidos\"},\"primaryImageOfPage\":{\"@id\":\"https:\\\/\\\/www.eldigitaldeasturias.com\\\/noticias\\\/marinos-uruguayos-participaran-en-un-viaje-de-instruccion-de-fragata-argentina\\\/#mainImage\"},\"datePublished\":\"2014-01-29T21:57:57+01:00\",\"dateModified\":\"2014-01-29T21:57:57+01:00\"},{\"@type\":\"WebSite\",\"@id\":\"https:\\\/\\\/www.eldigitaldeasturias.com\\\/noticias\\\/#website\",\"url\":\"https:\\\/\\\/www.eldigitaldeasturias.com\\\/noticias\\\/\",\"name\":\"El Digital de Asturias - Diario de actualidad y noticias\",\"alternateName\":\"El Digital de Asturias - Diario de actualidad y noticias\",\"description\":\"Hemeroteca\",\"inLanguage\":\"es-ES\",\"publisher\":{\"@id\":\"https:\\\/\\\/www.eldigitaldeasturias.com\\\/noticias\\\/#organization\"}}]}\n\t\t<\/script>\n\t\t<!-- All in One SEO Pro -->\r\n\t\t<title>Marinos uruguayos participar\u00e1n en un viaje de instrucci\u00f3n de fragata argentina - El Digital de Asturias<\/title>\n\n","aioseo_head_json":{"title":"Marinos uruguayos participar\u00e1n en un viaje de instrucci\u00f3n de fragata argentina - El Digital de Asturias","description":"Montevideo, 29 ene (EFE).- Veinticuatro guardiamarinas uruguayos participar\u00e1n en el viaje de instrucci\u00f3n del buque escuela argentino Fragata Libertad que partir\u00e1 el pr\u00f3ximo s\u00e1bado desde Buenos Aires, informaron hoy fuentes diplom\u00e1ticas. El viaje, dividido en dos etapas, finalizar\u00e1 en la capital argentina el pr\u00f3ximo primero de noviembre, seg\u00fan un comunicado de la Embajada de Argentina","canonical_url":"https:\/\/www.eldigitaldeasturias.com\/noticias\/marinos-uruguayos-participaran-en-un-viaje-de-instruccion-de-fragata-argentina\/","robots":"max-image-preview:large","keywords":"actualidad","webmasterTools":{"google-site-verification":"UA-38556648-1","msvalidate.01":"7dfe9f3f1b24437ab69f4f2559babe99","miscellaneous":""},"schema":{"@context":"https:\/\/schema.org","@graph":[{"@type":"BlogPosting","@id":"https:\/\/www.eldigitaldeasturias.com\/noticias\/marinos-uruguayos-participaran-en-un-viaje-de-instruccion-de-fragata-argentina\/#blogposting","name":"Marinos uruguayos participar\u00e1n en un viaje de instrucci\u00f3n de fragata argentina - El Digital de Asturias","headline":"Marinos uruguayos participar\u00e1n en un viaje de instrucci\u00f3n de fragata argentina","author":{"@id":"https:\/\/www.eldigitaldeasturias.com\/noticias\/author\/admin\/#author"},"publisher":{"@id":"https:\/\/www.eldigitaldeasturias.com\/noticias\/#organization"},"image":{"@type":"ImageObject","url":"https:\/\/www.eldigitaldeasturias.com\/noticias\/wp-content\/uploads\/2026\/06\/Contenidos.jpg","width":1265,"height":697,"caption":"Contenidos"},"datePublished":"2014-01-29T21:57:57+01:00","dateModified":"2014-01-29T21:57:57+01:00","inLanguage":"es-ES","mainEntityOfPage":{"@id":"https:\/\/www.eldigitaldeasturias.com\/noticias\/marinos-uruguayos-participaran-en-un-viaje-de-instruccion-de-fragata-argentina\/#webpage"},"isPartOf":{"@id":"https:\/\/www.eldigitaldeasturias.com\/noticias\/marinos-uruguayos-participaran-en-un-viaje-de-instruccion-de-fragata-argentina\/#webpage"},"articleSection":"Actualidad"},{"@type":"BreadcrumbList","@id":"https:\/\/www.eldigitaldeasturias.com\/noticias\/marinos-uruguayos-participaran-en-un-viaje-de-instruccion-de-fragata-argentina\/#breadcrumblist","itemListElement":[{"@type":"ListItem","@id":"https:\/\/www.eldigitaldeasturias.com\/noticias#listItem","position":1,"name":"Home","item":"https:\/\/www.eldigitaldeasturias.com\/noticias","nextItem":{"@type":"ListItem","@id":"https:\/\/www.eldigitaldeasturias.com\/noticias\/category\/actualidad\/#listItem","name":"Actualidad"}},{"@type":"ListItem","@id":"https:\/\/www.eldigitaldeasturias.com\/noticias\/category\/actualidad\/#listItem","position":2,"name":"Actualidad","item":"https:\/\/www.eldigitaldeasturias.com\/noticias\/category\/actualidad\/","nextItem":{"@type":"ListItem","@id":"https:\/\/www.eldigitaldeasturias.com\/noticias\/marinos-uruguayos-participaran-en-un-viaje-de-instruccion-de-fragata-argentina\/#listItem","name":"Marinos uruguayos participar\u00e1n en un viaje de instrucci\u00f3n de fragata argentina"},"previousItem":{"@type":"ListItem","@id":"https:\/\/www.eldigitaldeasturias.com\/noticias#listItem","name":"Home"}},{"@type":"ListItem","@id":"https:\/\/www.eldigitaldeasturias.com\/noticias\/marinos-uruguayos-participaran-en-un-viaje-de-instruccion-de-fragata-argentina\/#listItem","position":3,"name":"Marinos uruguayos participar\u00e1n en un viaje de instrucci\u00f3n de fragata argentina","previousItem":{"@type":"ListItem","@id":"https:\/\/www.eldigitaldeasturias.com\/noticias\/category\/actualidad\/#listItem","name":"Actualidad"}}]},{"@type":"Organization","@id":"https:\/\/www.eldigitaldeasturias.com\/noticias\/#organization","name":"El Digital de Asturias","description":"Hemeroteca","url":"https:\/\/www.eldigitaldeasturias.com\/noticias\/","email":"info@eldigitaldeasturias.com","telephone":"+34652131393","logo":{"@type":"ImageObject","url":"https:\/\/www.eldigitaldeasturias.com\/noticias\/wp-content\/uploads\/2020\/12\/EDA.jpg","@id":"https:\/\/www.eldigitaldeasturias.com\/noticias\/marinos-uruguayos-participaran-en-un-viaje-de-instruccion-de-fragata-argentina\/#organizationLogo"},"image":{"@id":"https:\/\/www.eldigitaldeasturias.com\/noticias\/marinos-uruguayos-participaran-en-un-viaje-de-instruccion-de-fragata-argentina\/#organizationLogo"},"sameAs":["https:\/\/facebook.com\/eldigitaldeasturias","https:\/\/www.youtube.com\/channel\/UCZP-2wLEB9Rv6erhFmqVnvg"],"address":{"@id":"https:\/\/www.eldigitaldeasturias.com\/noticias\/#postaladdress","@type":"PostalAddress","streetAddress":"san antonio 4","postalCode":"33430","addressLocality":"Cand\u00e1s","addressRegion":"Asturias","addressCountry":"ES"}},{"@type":"Person","@id":"https:\/\/www.eldigitaldeasturias.com\/noticias\/author\/admin\/#author","url":"https:\/\/www.eldigitaldeasturias.com\/noticias\/author\/admin\/","name":"El Digital de Asturias","image":{"@type":"ImageObject","@id":"https:\/\/www.eldigitaldeasturias.com\/noticias\/marinos-uruguayos-participaran-en-un-viaje-de-instruccion-de-fragata-argentina\/#authorImage","url":"https:\/\/secure.gravatar.com\/avatar\/df2aeffc32bcd13f8d26072ef8a91b623d677766deac7f97ca815868cd41bf5e?s=96&d=mm&r=g","width":96,"height":96,"caption":"El Digital de Asturias"}},{"@type":"WebPage","@id":"https:\/\/www.eldigitaldeasturias.com\/noticias\/marinos-uruguayos-participaran-en-un-viaje-de-instruccion-de-fragata-argentina\/#webpage","url":"https:\/\/www.eldigitaldeasturias.com\/noticias\/marinos-uruguayos-participaran-en-un-viaje-de-instruccion-de-fragata-argentina\/","name":"Marinos uruguayos participar\u00e1n en un viaje de instrucci\u00f3n de fragata argentina - El Digital de Asturias","description":"Montevideo, 29 ene (EFE).- Veinticuatro guardiamarinas uruguayos participar\u00e1n en el viaje de instrucci\u00f3n del buque escuela argentino Fragata Libertad que partir\u00e1 el pr\u00f3ximo s\u00e1bado desde Buenos Aires, informaron hoy fuentes diplom\u00e1ticas. El viaje, dividido en dos etapas, finalizar\u00e1 en la capital argentina el pr\u00f3ximo primero de noviembre, seg\u00fan un comunicado de la Embajada de Argentina","inLanguage":"es-ES","isPartOf":{"@id":"https:\/\/www.eldigitaldeasturias.com\/noticias\/#website"},"breadcrumb":{"@id":"https:\/\/www.eldigitaldeasturias.com\/noticias\/marinos-uruguayos-participaran-en-un-viaje-de-instruccion-de-fragata-argentina\/#breadcrumblist"},"author":{"@id":"https:\/\/www.eldigitaldeasturias.com\/noticias\/author\/admin\/#author"},"creator":{"@id":"https:\/\/www.eldigitaldeasturias.com\/noticias\/author\/admin\/#author"},"image":{"@type":"ImageObject","url":"https:\/\/www.eldigitaldeasturias.com\/noticias\/wp-content\/uploads\/2026\/06\/Contenidos.jpg","@id":"https:\/\/www.eldigitaldeasturias.com\/noticias\/marinos-uruguayos-participaran-en-un-viaje-de-instruccion-de-fragata-argentina\/#mainImage","width":1265,"height":697,"caption":"Contenidos"},"primaryImageOfPage":{"@id":"https:\/\/www.eldigitaldeasturias.com\/noticias\/marinos-uruguayos-participaran-en-un-viaje-de-instruccion-de-fragata-argentina\/#mainImage"},"datePublished":"2014-01-29T21:57:57+01:00","dateModified":"2014-01-29T21:57:57+01:00"},{"@type":"WebSite","@id":"https:\/\/www.eldigitaldeasturias.com\/noticias\/#website","url":"https:\/\/www.eldigitaldeasturias.com\/noticias\/","name":"El Digital de Asturias - Diario de actualidad y noticias","alternateName":"El Digital de Asturias - Diario de actualidad y noticias","description":"Hemeroteca","inLanguage":"es-ES","publisher":{"@id":"https:\/\/www.eldigitaldeasturias.com\/noticias\/#organization"}}]},"og:locale":"es_ES","og:site_name":"El Digital de Asturias","og:type":"article","og:title":"Marinos uruguayos participar\u00e1n en un viaje de instrucci\u00f3n de fragata argentina - El Digital de Asturias","og:description":"Montevideo, 29 ene (EFE).- Veinticuatro guardiamarinas uruguayos participar\u00e1n en el viaje de instrucci\u00f3n del buque escuela argentino Fragata Libertad que partir\u00e1 el pr\u00f3ximo s\u00e1bado desde Buenos Aires, informaron hoy fuentes diplom\u00e1ticas. El viaje, dividido en dos etapas, finalizar\u00e1 en la capital argentina el pr\u00f3ximo primero de noviembre, seg\u00fan un comunicado de la Embajada de Argentina","og:url":"https:\/\/www.eldigitaldeasturias.com\/noticias\/marinos-uruguayos-participaran-en-un-viaje-de-instruccion-de-fragata-argentina\/","og:image":"https:\/\/www.eldigitaldeasturias.com\/noticias\/wp-content\/uploads\/2026\/06\/Contenidos.jpg","og:image:secure_url":"https:\/\/www.eldigitaldeasturias.com\/noticias\/wp-content\/uploads\/2026\/06\/Contenidos.jpg","og:image:width":1265,"og:image:height":697,"article:tag":["actualidad"],"article:published_time":"2014-01-29T22:57:57+00:00","article:modified_time":"2014-01-29T22:57:57+00:00","article:publisher":"https:\/\/facebook.com\/eldigitaldeasturias","twitter:card":"summary_large_image","twitter:title":"Marinos uruguayos participar\u00e1n en un viaje de instrucci\u00f3n de fragata argentina - El Digital de Asturias","twitter:description":"Montevideo, 29 ene (EFE).- Veinticuatro guardiamarinas uruguayos participar\u00e1n en el viaje de instrucci\u00f3n del buque escuela argentino Fragata Libertad que partir\u00e1 el pr\u00f3ximo s\u00e1bado desde Buenos Aires, informaron hoy fuentes diplom\u00e1ticas. El viaje, dividido en dos etapas, finalizar\u00e1 en la capital argentina el pr\u00f3ximo primero de noviembre, seg\u00fan un comunicado de la Embajada de Argentina","twitter:image":"https:\/\/www.eldigitaldeasturias.com\/noticias\/wp-content\/uploads\/2026\/06\/Contenidos.jpg","twitter:label1":"Escrito por","twitter:data1":"El Digital de Asturias","twitter:label2":"Tiempo de lectura estimado","twitter:data2":"2 minutos"},"aioseo_meta_data":{"post_id":"480194","title":null,"description":null,"keywords":null,"keyphrases":null,"primary_term":null,"canonical_url":null,"og_title":null,"og_description":null,"og_object_type":"default","og_image_type":"default","og_image_url":null,"og_image_width":null,"og_image_height":null,"og_image_custom_url":null,"og_image_custom_fields":null,"og_video":null,"og_custom_url":null,"og_article_section":null,"og_article_tags":null,"twitter_use_og":true,"twitter_card":"default","twitter_image_type":"default","twitter_image_url":null,"twitter_image_custom_url":null,"twitter_image_custom_fields":null,"twitter_title":null,"twitter_description":null,"schema":{"blockGraphs":[],"customGraphs":[],"default":{"data":{"Article":[],"Course":[],"Dataset":[],"FAQPage":[],"Movie":[],"Person":[],"Product":[],"ProductReview":[],"Car":[],"Recipe":[],"Service":[],"SoftwareApplication":[],"WebPage":[]},"graphName":"","isEnabled":true},"graphs":[],"defaultGraph":"","defaultPostTypeGraph":""},"schema_type":null,"schema_type_options":null,"pillar_content":false,"robots_default":true,"robots_noindex":false,"robots_noarchive":false,"robots_nosnippet":false,"robots_nofollow":false,"robots_noimageindex":false,"robots_noodp":false,"robots_notranslate":false,"robots_max_snippet":null,"robots_max_videopreview":null,"robots_max_imagepreview":"none","priority":null,"frequency":null,"local_seo":null,"seo_analyzer_scan_date":"2026-06-02 02:59:57","breadcrumb_settings":null,"limit_modified_date":false,"open_ai":null,"ai":null,"created":"2020-11-14 22:54:09","updated":"2026-06-02 02:59:57","focus_keyword":null,"additional_keywords":null,"truseo_locale":null},"aioseo_breadcrumb":"<div class=\"aioseo-breadcrumbs\"><span class=\"aioseo-breadcrumb\">\n\t<a href=\"https:\/\/www.eldigitaldeasturias.com\/noticias\" title=\"Home\">Home<\/a>\n<\/span><span class=\"aioseo-breadcrumb-separator\">\u2013<\/span><span class=\"aioseo-breadcrumb\">\n\t<a href=\"https:\/\/www.eldigitaldeasturias.com\/noticias\/category\/actualidad\/\" title=\"Actualidad\">Actualidad<\/a>\n<\/span><span class=\"aioseo-breadcrumb-separator\">\u2013<\/span><span class=\"aioseo-breadcrumb\">\n\t<a href=\"https:\/\/www.eldigitaldeasturias.com\/noticias\/marinos-uruguayos-participaran-en-un-viaje-de-instruccion-de-fragata-argentina\/\" title=\"Marinos uruguayos participar\u00e1n en un viaje de instrucci\u00f3n de fragata argentina\">Marinos uruguayos participar\u00e1n en un viaje de instrucci\u00f3n de fragata argentina<\/a>\n<\/span><\/div>","aioseo_breadcrumb_json":[{"label":"Home","link":"https:\/\/www.eldigitaldeasturias.com\/noticias"},{"label":"Actualidad","link":"https:\/\/www.eldigitaldeasturias.com\/noticias\/category\/actualidad\/"},{"label":"Marinos uruguayos participar\u00e1n en un viaje de instrucci\u00f3n de fragata argentina","link":"https:\/\/www.eldigitaldeasturias.com\/noticias\/marinos-uruguayos-participaran-en-un-viaje-de-instruccion-de-fragata-argentina\/"}],"_links":{"self":[{"href":"https:\/\/www.eldigitaldeasturias.com\/noticias\/wp-json\/wp\/v2\/posts\/480194","targetHints":{"allow":["GET"]}}],"collection":[{"href":"https:\/\/www.eldigitaldeasturias.com\/noticias\/wp-json\/wp\/v2\/posts"}],"about":[{"href":"https:\/\/www.eldigitaldeasturias.com\/noticias\/wp-json\/wp\/v2\/types\/post"}],"author":[{"embeddable":true,"href":"https:\/\/www.eldigitaldeasturias.com\/noticias\/wp-json\/wp\/v2\/users\/1"}],"replies":[{"embeddable":true,"href":"https:\/\/www.eldigitaldeasturias.com\/noticias\/wp-json\/wp\/v2\/comments?post=480194"}],"version-history":[{"count":0,"href":"https:\/\/www.eldigitaldeasturias.com\/noticias\/wp-json\/wp\/v2\/posts\/480194\/revisions"}],"wp:featuredmedia":[{"embeddable":true,"href":"https:\/\/www.eldigitaldeasturias.com\/noticias\/wp-json\/wp\/v2\/media\/1132184"}],"wp:attachment":[{"href":"https:\/\/www.eldigitaldeasturias.com\/noticias\/wp-json\/wp\/v2\/media?parent=480194"}],"wp:term":[{"taxonomy":"category","embeddable":true,"href":"https:\/\/www.eldigitaldeasturias.com\/noticias\/wp-json\/wp\/v2\/categories?post=480194"},{"taxonomy":"post_tag","embeddable":true,"href":"https:\/\/www.eldigitaldeasturias.com\/noticias\/wp-json\/wp\/v2\/tags?post=480194"}],"curies":[{"name":"wp","href":"https:\/\/api.w.org\/{rel}","templated":true}]}}