{"id":480158,"date":"2014-01-29T21:13:33","date_gmt":"2014-01-29T22:13:33","guid":{"rendered":"http:\/\/www.eldigitaldeasturias.com\/noticias\/?p=480158"},"modified":"2014-01-29T21:13:33","modified_gmt":"2014-01-29T22:13:33","slug":"asturias-fue-la-segunda-comunidad-con-menor-tasa-de-criminalidad-en-2013","status":"publish","type":"post","link":"https:\/\/www.eldigitaldeasturias.com\/noticias\/asturias-fue-la-segunda-comunidad-con-menor-tasa-de-criminalidad-en-2013\/","title":{"rendered":"Asturias fue la segunda comunidad con menor tasa de criminalidad en 2013"},"content":{"rendered":"<p><img loading=\"lazy\" decoding=\"async\" class=\"alignleft size-medium wp-image-455587\" alt=\"policia\" src=\"https:\/\/www.eldigitaldeasturias.com\/noticias\/wp-content\/uploads\/2013\/11\/policia-360x226.jpg\" width=\"360\" height=\"226\" \/>Madrid\/Oviedo, 29 ene (EFE).- Asturias fue la segunda comunidad aut\u00f3noma con la tasa m\u00e1s baja de criminalidad en 2013, s\u00f3lo por detr\u00e1s de Extremadura, seg\u00fan el balance presentado hoy en Madrid por el ministro del Interior, Jorge Fern\u00e1ndez D\u00edaz.<\/p>\n<p>El pasado a\u00f1o se registraron en el Principado 28,1 infracciones penales -delitos y faltas- por cada mil habitantes, frente a una media de 46,1 en el conjunto del pa\u00eds.<\/p>\n<p>En total, en 2013 hubo 2.172.133 infracciones penales en Espa\u00f1a, un 4,3 por ciento menos que el a\u00f1o anterior, y la tasa de criminalidad se situ\u00f3 en el \u00edndice m\u00e1s bajo de los \u00faltimos doce a\u00f1os, unos datos que, en opini\u00f3n del ministro, acreditan que \u00abEspa\u00f1a es un pa\u00eds seguro\u00bb.<\/p>\n<p>Los datos incluyen las cifras de delitos y faltas computadas tanto por la Polic\u00eda Nacional y la Guardia Civil como por Ertzaintza, Mossos d&#8217;Esquadra y Polic\u00eda Foral de Navarra, y por primera vez, se contabilizan las estad\u00edsticas de 71 cuerpos de polic\u00eda local.<\/p>\n<p>Por ello, la comparaci\u00f3n no es homog\u00e9nea con otros ejercicios, aunque el ministro ha resaltado la tendencia a la baja de la criminalidad y la buena situaci\u00f3n de Espa\u00f1a entre quince pa\u00edses comunitarios, ya que la delincuencia de nuestro pa\u00eds es una de las m\u00e1s bajas tras Grecia (29,5 infracciones por cada 1.000 habitantes), Portugal (39,7) e Italia (43,4), frente a 146,7 de Suecia.<\/p>\n<p>Fern\u00e1ndez D\u00edaz ha destacado que salvo las violaciones y los robos con fuerza en domicilio, todas las tipolog\u00edas delictivas descienden, entre ellas los homicidios y asesinatos, que bajan un 17 por ciento al pasar de 364 en 2012 a 302 el pasado a\u00f1o.<\/p>\n<p>Precisamente, el ministro ha resaltado que Espa\u00f1a se coloca en la tasa m\u00e1s baja en la UE de los quince, con 0,6 homicidios por cada 100.000 habitantes<\/p>\n<p>Tambi\u00e9n descienden los hurtos un 2,9 por ciento (606.832) y los robos con violencia o intimidaci\u00f3n un 10,9 por ciento (86.034), frente a los robos con fuerza en domicilio, que experimentan un ligero ascenso de 0,76 por ciento, al pasar de 126.425 a 127.380.<\/p>\n<p>Las agresiones sexuales con penetraci\u00f3n crecen un 1,4 por ciento, al registrarse 18 m\u00e1s que el a\u00f1o pasado, con un total de 1.298, si bien, el ministro ha confiado en que estas cifras bajen con la puesta en marcha del plan contra la trata y las medidas contra la violencia a la mujer.<\/p>\n<p>Sobre este \u00faltimo delito, Fern\u00e1ndez D\u00edaz ha explicado que se han producido dos muertes violentas m\u00e1s de mujeres a manos de sus parejas o exparejas (54 frente a las 52 de 2012), en tanto que han disminuido las denuncias por malos tratos (de 55.465 a 54.734 en el \u00faltimo a\u00f1o).<\/p>\n<p>El a\u00f1o pasado se robaron en Espa\u00f1a 48.855 veh\u00edculos, un 11,5 por ciento menos que en 2012, en tanto que las infracciones por tr\u00e1fico de drogas se redujeron solo un 1,5 por ciento hasta las 14.296.<\/p>\n<p>Por comunidades aut\u00f3nomas, la tasa de criminalidad m\u00e1s alta corresponde a Baleares, con 66,4 infracciones penales por cada 1.000 habitantes; Madrid (58,4); Catalu\u00f1a (57,2) y Comunidad Valenciana (50,9), adem\u00e1s de las ciudades aut\u00f3nomas de Ceuta (69,5) y Melilla (56,1).<\/p>\n<p>Todas ellas por encima de la media nacional, mientras que en el extremo opuesto se sit\u00faan Extremadura, que con un 26,6 delitos por 1.000 habitantes cuenta con el mejor \u00edndice; Asturias (28,1) y Cantabria (29,1).<\/p>\n","protected":false},"excerpt":{"rendered":"<p>Madrid\/Oviedo, 29 ene (EFE).- Asturias fue la segunda comunidad aut\u00f3noma con la tasa m\u00e1s baja de criminalidad en 2013, s\u00f3lo por detr\u00e1s de Extremadura, seg\u00fan el balance presentado hoy en Madrid por el ministro del Interior, Jorge Fern\u00e1ndez D\u00edaz. El pasado a\u00f1o se registraron en el Principado 28,1 infracciones penales -delitos y faltas- por cada [&hellip;]<\/p>\n","protected":false},"author":1,"featured_media":455587,"comment_status":"closed","ping_status":"open","sticky":false,"template":"","format":"standard","meta":{"footnotes":""},"categories":[1,12],"tags":[],"class_list":["post-480158","post","type-post","status-publish","format-standard","has-post-thumbnail","hentry","category-actualidad","category-actualidad-asturias"],"aioseo_notices":[],"aioseo_head":"\n\t\t<!-- All in One SEO Pro 5.0.1 - aioseo.com -->\n\t<meta name=\"description\" content=\"Madrid\/Oviedo, 29 ene (EFE).- Asturias fue la segunda comunidad aut\u00f3noma con la tasa m\u00e1s baja de criminalidad en 2013, s\u00f3lo por detr\u00e1s de Extremadura, seg\u00fan el balance presentado hoy en Madrid por el ministro del Interior, Jorge Fern\u00e1ndez D\u00edaz. El pasado a\u00f1o se registraron en el Principado 28,1 infracciones penales -delitos y faltas- por cada\" \/>\n\t<meta name=\"robots\" content=\"max-image-preview:large\" \/>\n\t<meta name=\"author\" content=\"El Digital de Asturias\"\/>\n\t<meta name=\"google-site-verification\" content=\"UA-38556648-1\" \/>\n\t<meta name=\"msvalidate.01\" content=\"7dfe9f3f1b24437ab69f4f2559babe99\" \/>\n\t<meta name=\"keywords\" content=\"actualidad,actualidad asturias\" \/>\n\t<link rel=\"canonical\" href=\"https:\/\/www.eldigitaldeasturias.com\/noticias\/asturias-fue-la-segunda-comunidad-con-menor-tasa-de-criminalidad-en-2013\/\" \/>\n\t<meta name=\"generator\" content=\"All in One SEO Pro (AIOSEO) 5.0.1\" \/>\n\t\t<meta property=\"og:locale\" content=\"es_ES\" \/>\n\t\t<meta property=\"og:site_name\" content=\"El Digital de Asturias\" \/>\n\t\t<meta property=\"og:type\" content=\"article\" \/>\n\t\t<meta property=\"og:title\" content=\"Asturias fue la segunda comunidad con menor tasa de criminalidad en 2013 - El Digital de Asturias\" \/>\n\t\t<meta property=\"og:description\" content=\"Madrid\/Oviedo, 29 ene (EFE).- Asturias fue la segunda comunidad aut\u00f3noma con la tasa m\u00e1s baja de criminalidad en 2013, s\u00f3lo por detr\u00e1s de Extremadura, seg\u00fan el balance presentado hoy en Madrid por el ministro del Interior, Jorge Fern\u00e1ndez D\u00edaz. El pasado a\u00f1o se registraron en el Principado 28,1 infracciones penales -delitos y faltas- por cada\" \/>\n\t\t<meta property=\"og:url\" content=\"https:\/\/www.eldigitaldeasturias.com\/noticias\/asturias-fue-la-segunda-comunidad-con-menor-tasa-de-criminalidad-en-2013\/\" \/>\n\t\t<meta property=\"article:tag\" content=\"actualidad\" \/>\n\t\t<meta property=\"article:tag\" content=\"actualidad asturias\" \/>\n\t\t<meta property=\"article:published_time\" content=\"2014-01-29T22:13:33+00:00\" \/>\n\t\t<meta property=\"article:modified_time\" content=\"2014-01-29T22:13:33+00:00\" \/>\n\t\t<meta property=\"article:publisher\" content=\"https:\/\/facebook.com\/eldigitaldeasturias\" \/>\n\t\t<meta name=\"twitter:card\" content=\"summary_large_image\" \/>\n\t\t<meta name=\"twitter:title\" content=\"Asturias fue la segunda comunidad con menor tasa de criminalidad en 2013 - El Digital de Asturias\" \/>\n\t\t<meta name=\"twitter:description\" content=\"Madrid\/Oviedo, 29 ene (EFE).- Asturias fue la segunda comunidad aut\u00f3noma con la tasa m\u00e1s baja de criminalidad en 2013, s\u00f3lo por detr\u00e1s de Extremadura, seg\u00fan el balance presentado hoy en Madrid por el ministro del Interior, Jorge Fern\u00e1ndez D\u00edaz. El pasado a\u00f1o se registraron en el Principado 28,1 infracciones penales -delitos y faltas- por cada\" \/>\n\t\t<meta name=\"twitter:label1\" content=\"Escrito por\" \/>\n\t\t<meta name=\"twitter:data1\" content=\"El Digital de Asturias\" \/>\n\t\t<meta name=\"twitter:label2\" content=\"Tiempo de lectura estimado\" \/>\n\t\t<meta name=\"twitter:data2\" content=\"3 minutos\" \/>\n\t\t<script type=\"application\/ld+json\" class=\"aioseo-schema\">\n\t\t\t{\"@context\":\"https:\\\/\\\/schema.org\",\"@graph\":[{\"@type\":\"BlogPosting\",\"@id\":\"https:\\\/\\\/www.eldigitaldeasturias.com\\\/noticias\\\/asturias-fue-la-segunda-comunidad-con-menor-tasa-de-criminalidad-en-2013\\\/#blogposting\",\"name\":\"Asturias fue la segunda comunidad con menor tasa de criminalidad en 2013 - El Digital de Asturias\",\"headline\":\"Asturias fue la segunda comunidad con menor tasa de criminalidad en 2013\",\"author\":{\"@id\":\"https:\\\/\\\/www.eldigitaldeasturias.com\\\/noticias\\\/author\\\/admin\\\/#author\"},\"publisher\":{\"@id\":\"https:\\\/\\\/www.eldigitaldeasturias.com\\\/noticias\\\/#organization\"},\"image\":{\"@type\":\"ImageObject\",\"url\":455587},\"datePublished\":\"2014-01-29T21:13:33+01:00\",\"dateModified\":\"2014-01-29T21:13:33+01:00\",\"inLanguage\":\"es-ES\",\"mainEntityOfPage\":{\"@id\":\"https:\\\/\\\/www.eldigitaldeasturias.com\\\/noticias\\\/asturias-fue-la-segunda-comunidad-con-menor-tasa-de-criminalidad-en-2013\\\/#webpage\"},\"isPartOf\":{\"@id\":\"https:\\\/\\\/www.eldigitaldeasturias.com\\\/noticias\\\/asturias-fue-la-segunda-comunidad-con-menor-tasa-de-criminalidad-en-2013\\\/#webpage\"},\"articleSection\":\"Actualidad, Actualidad Asturias\"},{\"@type\":\"BreadcrumbList\",\"@id\":\"https:\\\/\\\/www.eldigitaldeasturias.com\\\/noticias\\\/asturias-fue-la-segunda-comunidad-con-menor-tasa-de-criminalidad-en-2013\\\/#breadcrumblist\",\"itemListElement\":[{\"@type\":\"ListItem\",\"@id\":\"https:\\\/\\\/www.eldigitaldeasturias.com\\\/noticias#listItem\",\"position\":1,\"name\":\"Home\",\"item\":\"https:\\\/\\\/www.eldigitaldeasturias.com\\\/noticias\",\"nextItem\":{\"@type\":\"ListItem\",\"@id\":\"https:\\\/\\\/www.eldigitaldeasturias.com\\\/noticias\\\/category\\\/actualidad\\\/#listItem\",\"name\":\"Actualidad\"}},{\"@type\":\"ListItem\",\"@id\":\"https:\\\/\\\/www.eldigitaldeasturias.com\\\/noticias\\\/category\\\/actualidad\\\/#listItem\",\"position\":2,\"name\":\"Actualidad\",\"item\":\"https:\\\/\\\/www.eldigitaldeasturias.com\\\/noticias\\\/category\\\/actualidad\\\/\",\"nextItem\":{\"@type\":\"ListItem\",\"@id\":\"https:\\\/\\\/www.eldigitaldeasturias.com\\\/noticias\\\/asturias-fue-la-segunda-comunidad-con-menor-tasa-de-criminalidad-en-2013\\\/#listItem\",\"name\":\"Asturias fue la segunda comunidad con menor tasa de criminalidad en 2013\"},\"previousItem\":{\"@type\":\"ListItem\",\"@id\":\"https:\\\/\\\/www.eldigitaldeasturias.com\\\/noticias#listItem\",\"name\":\"Home\"}},{\"@type\":\"ListItem\",\"@id\":\"https:\\\/\\\/www.eldigitaldeasturias.com\\\/noticias\\\/asturias-fue-la-segunda-comunidad-con-menor-tasa-de-criminalidad-en-2013\\\/#listItem\",\"position\":3,\"name\":\"Asturias fue la segunda comunidad con menor tasa de criminalidad en 2013\",\"previousItem\":{\"@type\":\"ListItem\",\"@id\":\"https:\\\/\\\/www.eldigitaldeasturias.com\\\/noticias\\\/category\\\/actualidad\\\/#listItem\",\"name\":\"Actualidad\"}}]},{\"@type\":\"Organization\",\"@id\":\"https:\\\/\\\/www.eldigitaldeasturias.com\\\/noticias\\\/#organization\",\"name\":\"El Digital de Asturias\",\"description\":\"Hemeroteca\",\"url\":\"https:\\\/\\\/www.eldigitaldeasturias.com\\\/noticias\\\/\",\"email\":\"info@eldigitaldeasturias.com\",\"telephone\":\"+34652131393\",\"logo\":{\"@type\":\"ImageObject\",\"url\":\"https:\\\/\\\/www.eldigitaldeasturias.com\\\/noticias\\\/wp-content\\\/uploads\\\/2020\\\/12\\\/EDA.jpg\",\"@id\":\"https:\\\/\\\/www.eldigitaldeasturias.com\\\/noticias\\\/asturias-fue-la-segunda-comunidad-con-menor-tasa-de-criminalidad-en-2013\\\/#organizationLogo\"},\"image\":{\"@id\":\"https:\\\/\\\/www.eldigitaldeasturias.com\\\/noticias\\\/asturias-fue-la-segunda-comunidad-con-menor-tasa-de-criminalidad-en-2013\\\/#organizationLogo\"},\"sameAs\":[\"https:\\\/\\\/facebook.com\\\/eldigitaldeasturias\",\"https:\\\/\\\/www.youtube.com\\\/channel\\\/UCZP-2wLEB9Rv6erhFmqVnvg\"],\"address\":{\"@id\":\"https:\\\/\\\/www.eldigitaldeasturias.com\\\/noticias\\\/#postaladdress\",\"@type\":\"PostalAddress\",\"streetAddress\":\"san antonio 4\",\"postalCode\":\"33430\",\"addressLocality\":\"Cand\\u00e1s\",\"addressRegion\":\"Asturias\",\"addressCountry\":\"ES\"}},{\"@type\":\"Person\",\"@id\":\"https:\\\/\\\/www.eldigitaldeasturias.com\\\/noticias\\\/author\\\/admin\\\/#author\",\"url\":\"https:\\\/\\\/www.eldigitaldeasturias.com\\\/noticias\\\/author\\\/admin\\\/\",\"name\":\"El Digital de Asturias\",\"image\":{\"@type\":\"ImageObject\",\"@id\":\"https:\\\/\\\/www.eldigitaldeasturias.com\\\/noticias\\\/asturias-fue-la-segunda-comunidad-con-menor-tasa-de-criminalidad-en-2013\\\/#authorImage\",\"url\":\"https:\\\/\\\/secure.gravatar.com\\\/avatar\\\/df2aeffc32bcd13f8d26072ef8a91b623d677766deac7f97ca815868cd41bf5e?s=96&d=mm&r=g\",\"width\":96,\"height\":96,\"caption\":\"El Digital de Asturias\"}},{\"@type\":\"WebPage\",\"@id\":\"https:\\\/\\\/www.eldigitaldeasturias.com\\\/noticias\\\/asturias-fue-la-segunda-comunidad-con-menor-tasa-de-criminalidad-en-2013\\\/#webpage\",\"url\":\"https:\\\/\\\/www.eldigitaldeasturias.com\\\/noticias\\\/asturias-fue-la-segunda-comunidad-con-menor-tasa-de-criminalidad-en-2013\\\/\",\"name\":\"Asturias fue la segunda comunidad con menor tasa de criminalidad en 2013 - El Digital de Asturias\",\"description\":\"Madrid\\\/Oviedo, 29 ene (EFE).- Asturias fue la segunda comunidad aut\\u00f3noma con la tasa m\\u00e1s baja de criminalidad en 2013, s\\u00f3lo por detr\\u00e1s de Extremadura, seg\\u00fan el balance presentado hoy en Madrid por el ministro del Interior, Jorge Fern\\u00e1ndez D\\u00edaz. El pasado a\\u00f1o se registraron en el Principado 28,1 infracciones penales -delitos y faltas- por cada\",\"inLanguage\":\"es-ES\",\"isPartOf\":{\"@id\":\"https:\\\/\\\/www.eldigitaldeasturias.com\\\/noticias\\\/#website\"},\"breadcrumb\":{\"@id\":\"https:\\\/\\\/www.eldigitaldeasturias.com\\\/noticias\\\/asturias-fue-la-segunda-comunidad-con-menor-tasa-de-criminalidad-en-2013\\\/#breadcrumblist\"},\"author\":{\"@id\":\"https:\\\/\\\/www.eldigitaldeasturias.com\\\/noticias\\\/author\\\/admin\\\/#author\"},\"creator\":{\"@id\":\"https:\\\/\\\/www.eldigitaldeasturias.com\\\/noticias\\\/author\\\/admin\\\/#author\"},\"image\":{\"@type\":\"ImageObject\",\"url\":455587,\"@id\":\"https:\\\/\\\/www.eldigitaldeasturias.com\\\/noticias\\\/asturias-fue-la-segunda-comunidad-con-menor-tasa-de-criminalidad-en-2013\\\/#mainImage\"},\"primaryImageOfPage\":{\"@id\":\"https:\\\/\\\/www.eldigitaldeasturias.com\\\/noticias\\\/asturias-fue-la-segunda-comunidad-con-menor-tasa-de-criminalidad-en-2013\\\/#mainImage\"},\"datePublished\":\"2014-01-29T21:13:33+01:00\",\"dateModified\":\"2014-01-29T21:13:33+01:00\"},{\"@type\":\"WebSite\",\"@id\":\"https:\\\/\\\/www.eldigitaldeasturias.com\\\/noticias\\\/#website\",\"url\":\"https:\\\/\\\/www.eldigitaldeasturias.com\\\/noticias\\\/\",\"name\":\"El Digital de Asturias - Diario de actualidad y noticias\",\"alternateName\":\"El Digital de Asturias - Diario de actualidad y noticias\",\"description\":\"Hemeroteca\",\"inLanguage\":\"es-ES\",\"publisher\":{\"@id\":\"https:\\\/\\\/www.eldigitaldeasturias.com\\\/noticias\\\/#organization\"}}]}\n\t\t<\/script>\n\t\t<!-- All in One SEO Pro -->\r\n\t\t<title>Asturias fue la segunda comunidad con menor tasa de criminalidad en 2013 - El Digital de Asturias<\/title>\n\n","aioseo_head_json":{"title":"Asturias fue la segunda comunidad con menor tasa de criminalidad en 2013 - El Digital de Asturias","description":"Madrid\/Oviedo, 29 ene (EFE).- Asturias fue la segunda comunidad aut\u00f3noma con la tasa m\u00e1s baja de criminalidad en 2013, s\u00f3lo por detr\u00e1s de Extremadura, seg\u00fan el balance presentado hoy en Madrid por el ministro del Interior, Jorge Fern\u00e1ndez D\u00edaz. El pasado a\u00f1o se registraron en el Principado 28,1 infracciones penales -delitos y faltas- por cada","canonical_url":"https:\/\/www.eldigitaldeasturias.com\/noticias\/asturias-fue-la-segunda-comunidad-con-menor-tasa-de-criminalidad-en-2013\/","robots":"max-image-preview:large","keywords":"actualidad,actualidad asturias","webmasterTools":{"google-site-verification":"UA-38556648-1","msvalidate.01":"7dfe9f3f1b24437ab69f4f2559babe99","miscellaneous":""},"schema":{"@context":"https:\/\/schema.org","@graph":[{"@type":"BlogPosting","@id":"https:\/\/www.eldigitaldeasturias.com\/noticias\/asturias-fue-la-segunda-comunidad-con-menor-tasa-de-criminalidad-en-2013\/#blogposting","name":"Asturias fue la segunda comunidad con menor tasa de criminalidad en 2013 - El Digital de Asturias","headline":"Asturias fue la segunda comunidad con menor tasa de criminalidad en 2013","author":{"@id":"https:\/\/www.eldigitaldeasturias.com\/noticias\/author\/admin\/#author"},"publisher":{"@id":"https:\/\/www.eldigitaldeasturias.com\/noticias\/#organization"},"image":{"@type":"ImageObject","url":455587},"datePublished":"2014-01-29T21:13:33+01:00","dateModified":"2014-01-29T21:13:33+01:00","inLanguage":"es-ES","mainEntityOfPage":{"@id":"https:\/\/www.eldigitaldeasturias.com\/noticias\/asturias-fue-la-segunda-comunidad-con-menor-tasa-de-criminalidad-en-2013\/#webpage"},"isPartOf":{"@id":"https:\/\/www.eldigitaldeasturias.com\/noticias\/asturias-fue-la-segunda-comunidad-con-menor-tasa-de-criminalidad-en-2013\/#webpage"},"articleSection":"Actualidad, Actualidad Asturias"},{"@type":"BreadcrumbList","@id":"https:\/\/www.eldigitaldeasturias.com\/noticias\/asturias-fue-la-segunda-comunidad-con-menor-tasa-de-criminalidad-en-2013\/#breadcrumblist","itemListElement":[{"@type":"ListItem","@id":"https:\/\/www.eldigitaldeasturias.com\/noticias#listItem","position":1,"name":"Home","item":"https:\/\/www.eldigitaldeasturias.com\/noticias","nextItem":{"@type":"ListItem","@id":"https:\/\/www.eldigitaldeasturias.com\/noticias\/category\/actualidad\/#listItem","name":"Actualidad"}},{"@type":"ListItem","@id":"https:\/\/www.eldigitaldeasturias.com\/noticias\/category\/actualidad\/#listItem","position":2,"name":"Actualidad","item":"https:\/\/www.eldigitaldeasturias.com\/noticias\/category\/actualidad\/","nextItem":{"@type":"ListItem","@id":"https:\/\/www.eldigitaldeasturias.com\/noticias\/asturias-fue-la-segunda-comunidad-con-menor-tasa-de-criminalidad-en-2013\/#listItem","name":"Asturias fue la segunda comunidad con menor tasa de criminalidad en 2013"},"previousItem":{"@type":"ListItem","@id":"https:\/\/www.eldigitaldeasturias.com\/noticias#listItem","name":"Home"}},{"@type":"ListItem","@id":"https:\/\/www.eldigitaldeasturias.com\/noticias\/asturias-fue-la-segunda-comunidad-con-menor-tasa-de-criminalidad-en-2013\/#listItem","position":3,"name":"Asturias fue la segunda comunidad con menor tasa de criminalidad en 2013","previousItem":{"@type":"ListItem","@id":"https:\/\/www.eldigitaldeasturias.com\/noticias\/category\/actualidad\/#listItem","name":"Actualidad"}}]},{"@type":"Organization","@id":"https:\/\/www.eldigitaldeasturias.com\/noticias\/#organization","name":"El Digital de Asturias","description":"Hemeroteca","url":"https:\/\/www.eldigitaldeasturias.com\/noticias\/","email":"info@eldigitaldeasturias.com","telephone":"+34652131393","logo":{"@type":"ImageObject","url":"https:\/\/www.eldigitaldeasturias.com\/noticias\/wp-content\/uploads\/2020\/12\/EDA.jpg","@id":"https:\/\/www.eldigitaldeasturias.com\/noticias\/asturias-fue-la-segunda-comunidad-con-menor-tasa-de-criminalidad-en-2013\/#organizationLogo"},"image":{"@id":"https:\/\/www.eldigitaldeasturias.com\/noticias\/asturias-fue-la-segunda-comunidad-con-menor-tasa-de-criminalidad-en-2013\/#organizationLogo"},"sameAs":["https:\/\/facebook.com\/eldigitaldeasturias","https:\/\/www.youtube.com\/channel\/UCZP-2wLEB9Rv6erhFmqVnvg"],"address":{"@id":"https:\/\/www.eldigitaldeasturias.com\/noticias\/#postaladdress","@type":"PostalAddress","streetAddress":"san antonio 4","postalCode":"33430","addressLocality":"Cand\u00e1s","addressRegion":"Asturias","addressCountry":"ES"}},{"@type":"Person","@id":"https:\/\/www.eldigitaldeasturias.com\/noticias\/author\/admin\/#author","url":"https:\/\/www.eldigitaldeasturias.com\/noticias\/author\/admin\/","name":"El Digital de Asturias","image":{"@type":"ImageObject","@id":"https:\/\/www.eldigitaldeasturias.com\/noticias\/asturias-fue-la-segunda-comunidad-con-menor-tasa-de-criminalidad-en-2013\/#authorImage","url":"https:\/\/secure.gravatar.com\/avatar\/df2aeffc32bcd13f8d26072ef8a91b623d677766deac7f97ca815868cd41bf5e?s=96&d=mm&r=g","width":96,"height":96,"caption":"El Digital de Asturias"}},{"@type":"WebPage","@id":"https:\/\/www.eldigitaldeasturias.com\/noticias\/asturias-fue-la-segunda-comunidad-con-menor-tasa-de-criminalidad-en-2013\/#webpage","url":"https:\/\/www.eldigitaldeasturias.com\/noticias\/asturias-fue-la-segunda-comunidad-con-menor-tasa-de-criminalidad-en-2013\/","name":"Asturias fue la segunda comunidad con menor tasa de criminalidad en 2013 - El Digital de Asturias","description":"Madrid\/Oviedo, 29 ene (EFE).- Asturias fue la segunda comunidad aut\u00f3noma con la tasa m\u00e1s baja de criminalidad en 2013, s\u00f3lo por detr\u00e1s de Extremadura, seg\u00fan el balance presentado hoy en Madrid por el ministro del Interior, Jorge Fern\u00e1ndez D\u00edaz. El pasado a\u00f1o se registraron en el Principado 28,1 infracciones penales -delitos y faltas- por cada","inLanguage":"es-ES","isPartOf":{"@id":"https:\/\/www.eldigitaldeasturias.com\/noticias\/#website"},"breadcrumb":{"@id":"https:\/\/www.eldigitaldeasturias.com\/noticias\/asturias-fue-la-segunda-comunidad-con-menor-tasa-de-criminalidad-en-2013\/#breadcrumblist"},"author":{"@id":"https:\/\/www.eldigitaldeasturias.com\/noticias\/author\/admin\/#author"},"creator":{"@id":"https:\/\/www.eldigitaldeasturias.com\/noticias\/author\/admin\/#author"},"image":{"@type":"ImageObject","url":455587,"@id":"https:\/\/www.eldigitaldeasturias.com\/noticias\/asturias-fue-la-segunda-comunidad-con-menor-tasa-de-criminalidad-en-2013\/#mainImage"},"primaryImageOfPage":{"@id":"https:\/\/www.eldigitaldeasturias.com\/noticias\/asturias-fue-la-segunda-comunidad-con-menor-tasa-de-criminalidad-en-2013\/#mainImage"},"datePublished":"2014-01-29T21:13:33+01:00","dateModified":"2014-01-29T21:13:33+01:00"},{"@type":"WebSite","@id":"https:\/\/www.eldigitaldeasturias.com\/noticias\/#website","url":"https:\/\/www.eldigitaldeasturias.com\/noticias\/","name":"El Digital de Asturias - Diario de actualidad y noticias","alternateName":"El Digital de Asturias - Diario de actualidad y noticias","description":"Hemeroteca","inLanguage":"es-ES","publisher":{"@id":"https:\/\/www.eldigitaldeasturias.com\/noticias\/#organization"}}]},"og:locale":"es_ES","og:site_name":"El Digital de Asturias","og:type":"article","og:title":"Asturias fue la segunda comunidad con menor tasa de criminalidad en 2013 - El Digital de Asturias","og:description":"Madrid\/Oviedo, 29 ene (EFE).- Asturias fue la segunda comunidad aut\u00f3noma con la tasa m\u00e1s baja de criminalidad en 2013, s\u00f3lo por detr\u00e1s de Extremadura, seg\u00fan el balance presentado hoy en Madrid por el ministro del Interior, Jorge Fern\u00e1ndez D\u00edaz. El pasado a\u00f1o se registraron en el Principado 28,1 infracciones penales -delitos y faltas- por cada","og:url":"https:\/\/www.eldigitaldeasturias.com\/noticias\/asturias-fue-la-segunda-comunidad-con-menor-tasa-de-criminalidad-en-2013\/","article:tag":["actualidad","actualidad asturias"],"article:published_time":"2014-01-29T22:13:33+00:00","article:modified_time":"2014-01-29T22:13:33+00:00","article:publisher":"https:\/\/facebook.com\/eldigitaldeasturias","twitter:card":"summary_large_image","twitter:title":"Asturias fue la segunda comunidad con menor tasa de criminalidad en 2013 - El Digital de Asturias","twitter:description":"Madrid\/Oviedo, 29 ene (EFE).- Asturias fue la segunda comunidad aut\u00f3noma con la tasa m\u00e1s baja de criminalidad en 2013, s\u00f3lo por detr\u00e1s de Extremadura, seg\u00fan el balance presentado hoy en Madrid por el ministro del Interior, Jorge Fern\u00e1ndez D\u00edaz. El pasado a\u00f1o se registraron en el Principado 28,1 infracciones penales -delitos y faltas- por cada","twitter:label1":"Escrito por","twitter:data1":"El Digital de Asturias","twitter:label2":"Tiempo de lectura estimado","twitter:data2":"3 minutos"},"aioseo_meta_data":{"post_id":"480158","title":null,"description":null,"keywords":null,"keyphrases":null,"primary_term":null,"canonical_url":null,"og_title":null,"og_description":null,"og_object_type":"default","og_image_type":"default","og_image_url":null,"og_image_width":null,"og_image_height":null,"og_image_custom_url":null,"og_image_custom_fields":null,"og_video":null,"og_custom_url":null,"og_article_section":null,"og_article_tags":null,"twitter_use_og":true,"twitter_card":"default","twitter_image_type":"default","twitter_image_url":null,"twitter_image_custom_url":null,"twitter_image_custom_fields":null,"twitter_title":null,"twitter_description":null,"schema":{"blockGraphs":[],"customGraphs":[],"default":{"data":{"Article":[],"Course":[],"Dataset":[],"FAQPage":[],"Movie":[],"Person":[],"Product":[],"ProductReview":[],"Car":[],"Recipe":[],"Service":[],"SoftwareApplication":[],"WebPage":[]},"graphName":"","isEnabled":true},"graphs":[],"defaultGraph":"","defaultPostTypeGraph":""},"schema_type":null,"schema_type_options":null,"pillar_content":false,"robots_default":true,"robots_noindex":false,"robots_noarchive":false,"robots_nosnippet":false,"robots_nofollow":false,"robots_noimageindex":false,"robots_noodp":false,"robots_notranslate":false,"robots_max_snippet":null,"robots_max_videopreview":null,"robots_max_imagepreview":"none","priority":null,"frequency":null,"local_seo":null,"seo_analyzer_scan_date":"2026-06-02 02:52:51","breadcrumb_settings":null,"limit_modified_date":false,"open_ai":null,"ai":null,"created":"2020-11-14 22:54:09","updated":"2026-06-02 02:52:51","focus_keyword":null,"additional_keywords":null,"truseo_locale":null},"aioseo_breadcrumb":"<div class=\"aioseo-breadcrumbs\"><span class=\"aioseo-breadcrumb\">\n\t<a href=\"https:\/\/www.eldigitaldeasturias.com\/noticias\" title=\"Home\">Home<\/a>\n<\/span><span class=\"aioseo-breadcrumb-separator\">\u2013<\/span><span class=\"aioseo-breadcrumb\">\n\t<a href=\"https:\/\/www.eldigitaldeasturias.com\/noticias\/category\/actualidad\/\" title=\"Actualidad\">Actualidad<\/a>\n<\/span><span class=\"aioseo-breadcrumb-separator\">\u2013<\/span><span class=\"aioseo-breadcrumb\">\n\t<a href=\"https:\/\/www.eldigitaldeasturias.com\/noticias\/asturias-fue-la-segunda-comunidad-con-menor-tasa-de-criminalidad-en-2013\/\" title=\"Asturias fue la segunda comunidad con menor tasa de criminalidad en 2013\">Asturias fue la segunda comunidad con menor tasa de criminalidad en 2013<\/a>\n<\/span><\/div>","aioseo_breadcrumb_json":[{"label":"Home","link":"https:\/\/www.eldigitaldeasturias.com\/noticias"},{"label":"Actualidad","link":"https:\/\/www.eldigitaldeasturias.com\/noticias\/category\/actualidad\/"},{"label":"Asturias fue la segunda comunidad con menor tasa de criminalidad en 2013","link":"https:\/\/www.eldigitaldeasturias.com\/noticias\/asturias-fue-la-segunda-comunidad-con-menor-tasa-de-criminalidad-en-2013\/"}],"_links":{"self":[{"href":"https:\/\/www.eldigitaldeasturias.com\/noticias\/wp-json\/wp\/v2\/posts\/480158","targetHints":{"allow":["GET"]}}],"collection":[{"href":"https:\/\/www.eldigitaldeasturias.com\/noticias\/wp-json\/wp\/v2\/posts"}],"about":[{"href":"https:\/\/www.eldigitaldeasturias.com\/noticias\/wp-json\/wp\/v2\/types\/post"}],"author":[{"embeddable":true,"href":"https:\/\/www.eldigitaldeasturias.com\/noticias\/wp-json\/wp\/v2\/users\/1"}],"replies":[{"embeddable":true,"href":"https:\/\/www.eldigitaldeasturias.com\/noticias\/wp-json\/wp\/v2\/comments?post=480158"}],"version-history":[{"count":0,"href":"https:\/\/www.eldigitaldeasturias.com\/noticias\/wp-json\/wp\/v2\/posts\/480158\/revisions"}],"wp:attachment":[{"href":"https:\/\/www.eldigitaldeasturias.com\/noticias\/wp-json\/wp\/v2\/media?parent=480158"}],"wp:term":[{"taxonomy":"category","embeddable":true,"href":"https:\/\/www.eldigitaldeasturias.com\/noticias\/wp-json\/wp\/v2\/categories?post=480158"},{"taxonomy":"post_tag","embeddable":true,"href":"https:\/\/www.eldigitaldeasturias.com\/noticias\/wp-json\/wp\/v2\/tags?post=480158"}],"curies":[{"name":"wp","href":"https:\/\/api.w.org\/{rel}","templated":true}]}}