{"id":480095,"date":"2014-01-29T16:35:53","date_gmt":"2014-01-29T17:35:53","guid":{"rendered":"http:\/\/www.eldigitaldeasturias.com\/noticias\/?p=480095"},"modified":"2014-01-29T16:35:53","modified_gmt":"2014-01-29T17:35:53","slug":"la-habana-se-convierte-en-capital-de-latinoamerica-con-una-cumbre-historica","status":"publish","type":"post","link":"https:\/\/www.eldigitaldeasturias.com\/noticias\/la-habana-se-convierte-en-capital-de-latinoamerica-con-una-cumbre-historica\/","title":{"rendered":"La Habana se convierte en capital de Latinoam\u00e9rica con una cumbre \u00abhist\u00f3rica\u00bb"},"content":{"rendered":"<p><img loading=\"lazy\" decoding=\"async\" class=\"alignleft size-medium wp-image-480096\" alt=\"5885578w\" src=\"https:\/\/www.eldigitaldeasturias.com\/noticias\/wp-content\/uploads\/2014\/01\/5885578w-360x235.jpg\" width=\"360\" height=\"235\" \/>La Habana, 29 ene (EFE).- La II Cumbre de la Celac convirti\u00f3 este martes a La Habana en la \u00abcapital\u00bb de Am\u00e9rica Latina y el Caribe con la asistencia de la mayor\u00eda de los presidentes de la regi\u00f3n a una cita calificada de \u00abhist\u00f3rica\u00bb por varios de ellos y por el secretario general de la ONU, Ban Ki-moon.<\/p>\n<p>La reuni\u00f3n del bloque que agrupa a 33 pa\u00edses del continente (todos los de Am\u00e9rica menos EE.UU. y Canad\u00e1) qued\u00f3 inaugurada con la lucha contra la desigualdad como tema central de un c\u00f3nclave que se clausurar\u00e1 este mi\u00e9rcoles, cuando Cuba traspase la presidencia temporal del organismo a Costa Rica.<\/p>\n<p>A la cumbre asisten 31 jefes de Estado y de Gobierno y los \u00fanicos miembros del bloque ausentes son el presidente de El Salvador, Mauricio Funes, y el de Panam\u00e1, Ricardo Martinelli, que decidi\u00f3 no participar en protesta por el pol\u00e9mico asunto del barco norcoreano con armamento cubano retenido en su pa\u00eds.<\/p>\n<p>El perfil de esta cita se ha elevado adem\u00e1s con invitados como el secretario general de la ONU, que fue uno de los protagonistas de la jornada y despleg\u00f3 una intensa actividad con su intervenci\u00f3n en el plenario de la Cumbre, una reuni\u00f3n con el ex presidente cubano Fidel Castro y una visita a la Escuela Latinoamericana de Medicina de La Habana (Elam).<\/p>\n<p>Ban desvel\u00f3 que, en sus reuniones del lunes con autoridades cubanas, trataron sobre derechos humanos y pidi\u00f3 que Cuba ratifique los pactos internacionales en este \u00e1mbito.<\/p>\n<p>Un papel mucho m\u00e1s discreto tuvo la presencia en la cumbre del secretario de la OEA, Jos\u00e9 Miguel Insulza, a pesar de que su visita a Cuba tiene gran simbolismo por ser la primera vez en m\u00e1s de medio siglo que un responsable de este organismo viaja a La Habana.<\/p>\n<p>La cita del organismo regional empez\u00f3 con un recuerdo al fallecido presidente venezolano Hugo Ch\u00e1vez, impulsor de la Celac y para quien el mandatario de Cuba y anfitri\u00f3n del evento, Ra\u00fal Castro, pidi\u00f3 un minuto de silencio en su memoria en su discurso inaugural.<\/p>\n<p>En esa alocuci\u00f3n, Ra\u00fal Castro resalt\u00f3 que la Celac avanza en su consolidaci\u00f3n y hoy se reconoce a esta comunidad como \u00abrepresentante leg\u00edtima de los intereses\u00bb de la regi\u00f3n.<\/p>\n<p>\u00abHemos ido acercando nuestras posiciones y, a pesar de inevitables diferencias, se fomenta un esp\u00edritu de mayor unidad en la diversidad, que debe ser el fin \u00faltimo\u00bb, afirm\u00f3.<\/p>\n<p>Destac\u00f3 que la desigualdad y la pobreza, el tema de central de la cumbre, es el principal desaf\u00edo de una regi\u00f3n que, sin embargo, tiene \u00abtodas las condiciones para revertir\u00bb esa situaci\u00f3n.<\/p>\n<p>No olvid\u00f3 Castro mencionar los peligros que se ciernen sobre la zona al advertir de que la injerencia exterior sigue representando una amenaza para Am\u00e9rica Latina y el Caribe, porque \u00ablos centros de poder no se resignan a haber perdido el control de esta rica regi\u00f3n\u00bb.<\/p>\n<p>Inst\u00f3, adem\u00e1s, a la \u00abcooperaci\u00f3n mancomunada\u00bb de los Estados frente a \u00abnovedosas amenazas\u00bb como el \u00absistema global\u00bb de espionaje de las comunicaciones por parte de EE.UU. o el \u00abempleo encubierto e ilegal\u00bb de redes inform\u00e1ticas para \u00abagredir a terceros pa\u00edses\u00bb.<\/p>\n<p>Tras la inauguraci\u00f3n, los presidentes sesionaron a puerta cerrada para volver al plenario en la tarde donde intervinieron una decena de gobernantes, adem\u00e1s de Ban.<\/p>\n<p>Muchos de ellos, como el propio Ban, la presidenta de Brasil, Dilma Rousseff, o la de Argentina, Cristina Fern\u00e1ndez, calificaron de \u00abhist\u00f3rica\u00bb la cumbre de La Habana y significaron su importancia.<\/p>\n<p>Ya en la noche, los mandatarios se dieron cita en el Palacio de la Revoluci\u00f3n de La Habana, donde tuvo lugar la tradicional \u00abfoto de familia\u00bb de la cumbre.<\/p>\n<p>Hoy se reanudar\u00e1 la sesi\u00f3n plenaria con discursos del resto de l\u00edderes del organismo regional y posteriormente Cuba traspasar\u00e1 formalmente la presidencia pro t\u00e9mpore del bloque a Costa Rica, en una jornada en la que se esperan varios encuentros bilaterales.<\/p>\n","protected":false},"excerpt":{"rendered":"<p>La Habana, 29 ene (EFE).- La II Cumbre de la Celac convirti\u00f3 este martes a La Habana en la \u00abcapital\u00bb de Am\u00e9rica Latina y el Caribe con la asistencia de la mayor\u00eda de los presidentes de la regi\u00f3n a una cita calificada de \u00abhist\u00f3rica\u00bb por varios de ellos y por el secretario general de la [&hellip;]<\/p>\n","protected":false},"author":1,"featured_media":1132184,"comment_status":"closed","ping_status":"open","sticky":false,"template":"","format":"standard","meta":{"footnotes":""},"categories":[1],"tags":[],"class_list":["post-480095","post","type-post","status-publish","format-standard","has-post-thumbnail","hentry","category-actualidad"],"aioseo_notices":[],"aioseo_head":"\n\t\t<!-- All in One SEO Pro 5.0.1 - aioseo.com -->\n\t<meta name=\"description\" content=\"La Habana, 29 ene (EFE).- La II Cumbre de la Celac convirti\u00f3 este martes a La Habana en la &quot;capital&quot; de Am\u00e9rica Latina y el Caribe con la asistencia de la mayor\u00eda de los presidentes de la regi\u00f3n a una cita calificada de &quot;hist\u00f3rica&quot; por varios de ellos y por el secretario general de la\" \/>\n\t<meta name=\"robots\" content=\"max-image-preview:large\" \/>\n\t<meta name=\"author\" content=\"El Digital de Asturias\"\/>\n\t<meta name=\"google-site-verification\" content=\"UA-38556648-1\" \/>\n\t<meta name=\"msvalidate.01\" content=\"7dfe9f3f1b24437ab69f4f2559babe99\" \/>\n\t<meta name=\"keywords\" content=\"actualidad\" \/>\n\t<link rel=\"canonical\" href=\"https:\/\/www.eldigitaldeasturias.com\/noticias\/la-habana-se-convierte-en-capital-de-latinoamerica-con-una-cumbre-historica\/\" \/>\n\t<meta name=\"generator\" content=\"All in One SEO Pro (AIOSEO) 5.0.1\" \/>\n\t\t<meta property=\"og:locale\" content=\"es_ES\" \/>\n\t\t<meta property=\"og:site_name\" content=\"El Digital de Asturias\" \/>\n\t\t<meta property=\"og:type\" content=\"article\" \/>\n\t\t<meta property=\"og:title\" content=\"La Habana se convierte en capital de Latinoam\u00e9rica con una cumbre \u00abhist\u00f3rica\u00bb - El Digital de Asturias\" \/>\n\t\t<meta property=\"og:description\" content=\"La Habana, 29 ene (EFE).- La II Cumbre de la Celac convirti\u00f3 este martes a La Habana en la &quot;capital&quot; de Am\u00e9rica Latina y el Caribe con la asistencia de la mayor\u00eda de los presidentes de la regi\u00f3n a una cita calificada de &quot;hist\u00f3rica&quot; por varios de ellos y por el secretario general de la\" \/>\n\t\t<meta property=\"og:url\" content=\"https:\/\/www.eldigitaldeasturias.com\/noticias\/la-habana-se-convierte-en-capital-de-latinoamerica-con-una-cumbre-historica\/\" \/>\n\t\t<meta property=\"og:image\" content=\"https:\/\/www.eldigitaldeasturias.com\/noticias\/wp-content\/uploads\/2026\/06\/Contenidos.jpg\" \/>\n\t\t<meta property=\"og:image:secure_url\" content=\"https:\/\/www.eldigitaldeasturias.com\/noticias\/wp-content\/uploads\/2026\/06\/Contenidos.jpg\" \/>\n\t\t<meta property=\"og:image:width\" content=\"1265\" \/>\n\t\t<meta property=\"og:image:height\" content=\"697\" \/>\n\t\t<meta property=\"article:tag\" content=\"actualidad\" \/>\n\t\t<meta property=\"article:published_time\" content=\"2014-01-29T17:35:53+00:00\" \/>\n\t\t<meta property=\"article:modified_time\" content=\"2014-01-29T17:35:53+00:00\" \/>\n\t\t<meta property=\"article:publisher\" content=\"https:\/\/facebook.com\/eldigitaldeasturias\" \/>\n\t\t<meta name=\"twitter:card\" content=\"summary_large_image\" \/>\n\t\t<meta name=\"twitter:title\" content=\"La Habana se convierte en capital de Latinoam\u00e9rica con una cumbre \u00abhist\u00f3rica\u00bb - El Digital de Asturias\" \/>\n\t\t<meta name=\"twitter:description\" content=\"La Habana, 29 ene (EFE).- La II Cumbre de la Celac convirti\u00f3 este martes a La Habana en la &quot;capital&quot; de Am\u00e9rica Latina y el Caribe con la asistencia de la mayor\u00eda de los presidentes de la regi\u00f3n a una cita calificada de &quot;hist\u00f3rica&quot; por varios de ellos y por el secretario general de la\" \/>\n\t\t<meta name=\"twitter:image\" content=\"https:\/\/www.eldigitaldeasturias.com\/noticias\/wp-content\/uploads\/2026\/06\/Contenidos.jpg\" \/>\n\t\t<meta name=\"twitter:label1\" content=\"Escrito por\" \/>\n\t\t<meta name=\"twitter:data1\" content=\"El Digital de Asturias\" \/>\n\t\t<meta name=\"twitter:label2\" content=\"Tiempo de lectura estimado\" \/>\n\t\t<meta name=\"twitter:data2\" content=\"3 minutos\" \/>\n\t\t<script type=\"application\/ld+json\" class=\"aioseo-schema\">\n\t\t\t{\"@context\":\"https:\\\/\\\/schema.org\",\"@graph\":[{\"@type\":\"BlogPosting\",\"@id\":\"https:\\\/\\\/www.eldigitaldeasturias.com\\\/noticias\\\/la-habana-se-convierte-en-capital-de-latinoamerica-con-una-cumbre-historica\\\/#blogposting\",\"name\":\"La Habana se convierte en capital de Latinoam\\u00e9rica con una cumbre \\u00abhist\\u00f3rica\\u00bb - El Digital de Asturias\",\"headline\":\"La Habana se convierte en capital de Latinoam\\u00e9rica con una cumbre \\u00abhist\\u00f3rica\\u00bb\",\"author\":{\"@id\":\"https:\\\/\\\/www.eldigitaldeasturias.com\\\/noticias\\\/author\\\/admin\\\/#author\"},\"publisher\":{\"@id\":\"https:\\\/\\\/www.eldigitaldeasturias.com\\\/noticias\\\/#organization\"},\"image\":{\"@type\":\"ImageObject\",\"url\":\"https:\\\/\\\/www.eldigitaldeasturias.com\\\/noticias\\\/wp-content\\\/uploads\\\/2026\\\/06\\\/Contenidos.jpg\",\"width\":1265,\"height\":697,\"caption\":\"Contenidos\"},\"datePublished\":\"2014-01-29T16:35:53+01:00\",\"dateModified\":\"2014-01-29T16:35:53+01:00\",\"inLanguage\":\"es-ES\",\"mainEntityOfPage\":{\"@id\":\"https:\\\/\\\/www.eldigitaldeasturias.com\\\/noticias\\\/la-habana-se-convierte-en-capital-de-latinoamerica-con-una-cumbre-historica\\\/#webpage\"},\"isPartOf\":{\"@id\":\"https:\\\/\\\/www.eldigitaldeasturias.com\\\/noticias\\\/la-habana-se-convierte-en-capital-de-latinoamerica-con-una-cumbre-historica\\\/#webpage\"},\"articleSection\":\"Actualidad\"},{\"@type\":\"BreadcrumbList\",\"@id\":\"https:\\\/\\\/www.eldigitaldeasturias.com\\\/noticias\\\/la-habana-se-convierte-en-capital-de-latinoamerica-con-una-cumbre-historica\\\/#breadcrumblist\",\"itemListElement\":[{\"@type\":\"ListItem\",\"@id\":\"https:\\\/\\\/www.eldigitaldeasturias.com\\\/noticias#listItem\",\"position\":1,\"name\":\"Home\",\"item\":\"https:\\\/\\\/www.eldigitaldeasturias.com\\\/noticias\",\"nextItem\":{\"@type\":\"ListItem\",\"@id\":\"https:\\\/\\\/www.eldigitaldeasturias.com\\\/noticias\\\/category\\\/actualidad\\\/#listItem\",\"name\":\"Actualidad\"}},{\"@type\":\"ListItem\",\"@id\":\"https:\\\/\\\/www.eldigitaldeasturias.com\\\/noticias\\\/category\\\/actualidad\\\/#listItem\",\"position\":2,\"name\":\"Actualidad\",\"item\":\"https:\\\/\\\/www.eldigitaldeasturias.com\\\/noticias\\\/category\\\/actualidad\\\/\",\"nextItem\":{\"@type\":\"ListItem\",\"@id\":\"https:\\\/\\\/www.eldigitaldeasturias.com\\\/noticias\\\/la-habana-se-convierte-en-capital-de-latinoamerica-con-una-cumbre-historica\\\/#listItem\",\"name\":\"La Habana se convierte en capital de Latinoam\\u00e9rica con una cumbre \\u00abhist\\u00f3rica\\u00bb\"},\"previousItem\":{\"@type\":\"ListItem\",\"@id\":\"https:\\\/\\\/www.eldigitaldeasturias.com\\\/noticias#listItem\",\"name\":\"Home\"}},{\"@type\":\"ListItem\",\"@id\":\"https:\\\/\\\/www.eldigitaldeasturias.com\\\/noticias\\\/la-habana-se-convierte-en-capital-de-latinoamerica-con-una-cumbre-historica\\\/#listItem\",\"position\":3,\"name\":\"La Habana se convierte en capital de Latinoam\\u00e9rica con una cumbre \\u00abhist\\u00f3rica\\u00bb\",\"previousItem\":{\"@type\":\"ListItem\",\"@id\":\"https:\\\/\\\/www.eldigitaldeasturias.com\\\/noticias\\\/category\\\/actualidad\\\/#listItem\",\"name\":\"Actualidad\"}}]},{\"@type\":\"Organization\",\"@id\":\"https:\\\/\\\/www.eldigitaldeasturias.com\\\/noticias\\\/#organization\",\"name\":\"El Digital de Asturias\",\"description\":\"Hemeroteca\",\"url\":\"https:\\\/\\\/www.eldigitaldeasturias.com\\\/noticias\\\/\",\"email\":\"info@eldigitaldeasturias.com\",\"telephone\":\"+34652131393\",\"logo\":{\"@type\":\"ImageObject\",\"url\":\"https:\\\/\\\/www.eldigitaldeasturias.com\\\/noticias\\\/wp-content\\\/uploads\\\/2020\\\/12\\\/EDA.jpg\",\"@id\":\"https:\\\/\\\/www.eldigitaldeasturias.com\\\/noticias\\\/la-habana-se-convierte-en-capital-de-latinoamerica-con-una-cumbre-historica\\\/#organizationLogo\"},\"image\":{\"@id\":\"https:\\\/\\\/www.eldigitaldeasturias.com\\\/noticias\\\/la-habana-se-convierte-en-capital-de-latinoamerica-con-una-cumbre-historica\\\/#organizationLogo\"},\"sameAs\":[\"https:\\\/\\\/facebook.com\\\/eldigitaldeasturias\",\"https:\\\/\\\/www.youtube.com\\\/channel\\\/UCZP-2wLEB9Rv6erhFmqVnvg\"],\"address\":{\"@id\":\"https:\\\/\\\/www.eldigitaldeasturias.com\\\/noticias\\\/#postaladdress\",\"@type\":\"PostalAddress\",\"streetAddress\":\"san antonio 4\",\"postalCode\":\"33430\",\"addressLocality\":\"Cand\\u00e1s\",\"addressRegion\":\"Asturias\",\"addressCountry\":\"ES\"}},{\"@type\":\"Person\",\"@id\":\"https:\\\/\\\/www.eldigitaldeasturias.com\\\/noticias\\\/author\\\/admin\\\/#author\",\"url\":\"https:\\\/\\\/www.eldigitaldeasturias.com\\\/noticias\\\/author\\\/admin\\\/\",\"name\":\"El Digital de Asturias\",\"image\":{\"@type\":\"ImageObject\",\"@id\":\"https:\\\/\\\/www.eldigitaldeasturias.com\\\/noticias\\\/la-habana-se-convierte-en-capital-de-latinoamerica-con-una-cumbre-historica\\\/#authorImage\",\"url\":\"https:\\\/\\\/secure.gravatar.com\\\/avatar\\\/df2aeffc32bcd13f8d26072ef8a91b623d677766deac7f97ca815868cd41bf5e?s=96&d=mm&r=g\",\"width\":96,\"height\":96,\"caption\":\"El Digital de Asturias\"}},{\"@type\":\"WebPage\",\"@id\":\"https:\\\/\\\/www.eldigitaldeasturias.com\\\/noticias\\\/la-habana-se-convierte-en-capital-de-latinoamerica-con-una-cumbre-historica\\\/#webpage\",\"url\":\"https:\\\/\\\/www.eldigitaldeasturias.com\\\/noticias\\\/la-habana-se-convierte-en-capital-de-latinoamerica-con-una-cumbre-historica\\\/\",\"name\":\"La Habana se convierte en capital de Latinoam\\u00e9rica con una cumbre \\u00abhist\\u00f3rica\\u00bb - El Digital de Asturias\",\"description\":\"La Habana, 29 ene (EFE).- La II Cumbre de la Celac convirti\\u00f3 este martes a La Habana en la \\\"capital\\\" de Am\\u00e9rica Latina y el Caribe con la asistencia de la mayor\\u00eda de los presidentes de la regi\\u00f3n a una cita calificada de \\\"hist\\u00f3rica\\\" por varios de ellos y por el secretario general de la\",\"inLanguage\":\"es-ES\",\"isPartOf\":{\"@id\":\"https:\\\/\\\/www.eldigitaldeasturias.com\\\/noticias\\\/#website\"},\"breadcrumb\":{\"@id\":\"https:\\\/\\\/www.eldigitaldeasturias.com\\\/noticias\\\/la-habana-se-convierte-en-capital-de-latinoamerica-con-una-cumbre-historica\\\/#breadcrumblist\"},\"author\":{\"@id\":\"https:\\\/\\\/www.eldigitaldeasturias.com\\\/noticias\\\/author\\\/admin\\\/#author\"},\"creator\":{\"@id\":\"https:\\\/\\\/www.eldigitaldeasturias.com\\\/noticias\\\/author\\\/admin\\\/#author\"},\"image\":{\"@type\":\"ImageObject\",\"url\":\"https:\\\/\\\/www.eldigitaldeasturias.com\\\/noticias\\\/wp-content\\\/uploads\\\/2026\\\/06\\\/Contenidos.jpg\",\"@id\":\"https:\\\/\\\/www.eldigitaldeasturias.com\\\/noticias\\\/la-habana-se-convierte-en-capital-de-latinoamerica-con-una-cumbre-historica\\\/#mainImage\",\"width\":1265,\"height\":697,\"caption\":\"Contenidos\"},\"primaryImageOfPage\":{\"@id\":\"https:\\\/\\\/www.eldigitaldeasturias.com\\\/noticias\\\/la-habana-se-convierte-en-capital-de-latinoamerica-con-una-cumbre-historica\\\/#mainImage\"},\"datePublished\":\"2014-01-29T16:35:53+01:00\",\"dateModified\":\"2014-01-29T16:35:53+01:00\"},{\"@type\":\"WebSite\",\"@id\":\"https:\\\/\\\/www.eldigitaldeasturias.com\\\/noticias\\\/#website\",\"url\":\"https:\\\/\\\/www.eldigitaldeasturias.com\\\/noticias\\\/\",\"name\":\"El Digital de Asturias - Diario de actualidad y noticias\",\"alternateName\":\"El Digital de Asturias - Diario de actualidad y noticias\",\"description\":\"Hemeroteca\",\"inLanguage\":\"es-ES\",\"publisher\":{\"@id\":\"https:\\\/\\\/www.eldigitaldeasturias.com\\\/noticias\\\/#organization\"}}]}\n\t\t<\/script>\n\t\t<!-- All in One SEO Pro -->\r\n\t\t<title>La Habana se convierte en capital de Latinoam\u00e9rica con una cumbre \u00abhist\u00f3rica\u00bb - El Digital de Asturias<\/title>\n\n","aioseo_head_json":{"title":"La Habana se convierte en capital de Latinoam\u00e9rica con una cumbre \u00abhist\u00f3rica\u00bb - El Digital de Asturias","description":"La Habana, 29 ene (EFE).- La II Cumbre de la Celac convirti\u00f3 este martes a La Habana en la \"capital\" de Am\u00e9rica Latina y el Caribe con la asistencia de la mayor\u00eda de los presidentes de la regi\u00f3n a una cita calificada de \"hist\u00f3rica\" por varios de ellos y por el secretario general de la","canonical_url":"https:\/\/www.eldigitaldeasturias.com\/noticias\/la-habana-se-convierte-en-capital-de-latinoamerica-con-una-cumbre-historica\/","robots":"max-image-preview:large","keywords":"actualidad","webmasterTools":{"google-site-verification":"UA-38556648-1","msvalidate.01":"7dfe9f3f1b24437ab69f4f2559babe99","miscellaneous":""},"schema":{"@context":"https:\/\/schema.org","@graph":[{"@type":"BlogPosting","@id":"https:\/\/www.eldigitaldeasturias.com\/noticias\/la-habana-se-convierte-en-capital-de-latinoamerica-con-una-cumbre-historica\/#blogposting","name":"La Habana se convierte en capital de Latinoam\u00e9rica con una cumbre \u00abhist\u00f3rica\u00bb - El Digital de Asturias","headline":"La Habana se convierte en capital de Latinoam\u00e9rica con una cumbre \u00abhist\u00f3rica\u00bb","author":{"@id":"https:\/\/www.eldigitaldeasturias.com\/noticias\/author\/admin\/#author"},"publisher":{"@id":"https:\/\/www.eldigitaldeasturias.com\/noticias\/#organization"},"image":{"@type":"ImageObject","url":"https:\/\/www.eldigitaldeasturias.com\/noticias\/wp-content\/uploads\/2026\/06\/Contenidos.jpg","width":1265,"height":697,"caption":"Contenidos"},"datePublished":"2014-01-29T16:35:53+01:00","dateModified":"2014-01-29T16:35:53+01:00","inLanguage":"es-ES","mainEntityOfPage":{"@id":"https:\/\/www.eldigitaldeasturias.com\/noticias\/la-habana-se-convierte-en-capital-de-latinoamerica-con-una-cumbre-historica\/#webpage"},"isPartOf":{"@id":"https:\/\/www.eldigitaldeasturias.com\/noticias\/la-habana-se-convierte-en-capital-de-latinoamerica-con-una-cumbre-historica\/#webpage"},"articleSection":"Actualidad"},{"@type":"BreadcrumbList","@id":"https:\/\/www.eldigitaldeasturias.com\/noticias\/la-habana-se-convierte-en-capital-de-latinoamerica-con-una-cumbre-historica\/#breadcrumblist","itemListElement":[{"@type":"ListItem","@id":"https:\/\/www.eldigitaldeasturias.com\/noticias#listItem","position":1,"name":"Home","item":"https:\/\/www.eldigitaldeasturias.com\/noticias","nextItem":{"@type":"ListItem","@id":"https:\/\/www.eldigitaldeasturias.com\/noticias\/category\/actualidad\/#listItem","name":"Actualidad"}},{"@type":"ListItem","@id":"https:\/\/www.eldigitaldeasturias.com\/noticias\/category\/actualidad\/#listItem","position":2,"name":"Actualidad","item":"https:\/\/www.eldigitaldeasturias.com\/noticias\/category\/actualidad\/","nextItem":{"@type":"ListItem","@id":"https:\/\/www.eldigitaldeasturias.com\/noticias\/la-habana-se-convierte-en-capital-de-latinoamerica-con-una-cumbre-historica\/#listItem","name":"La Habana se convierte en capital de Latinoam\u00e9rica con una cumbre \u00abhist\u00f3rica\u00bb"},"previousItem":{"@type":"ListItem","@id":"https:\/\/www.eldigitaldeasturias.com\/noticias#listItem","name":"Home"}},{"@type":"ListItem","@id":"https:\/\/www.eldigitaldeasturias.com\/noticias\/la-habana-se-convierte-en-capital-de-latinoamerica-con-una-cumbre-historica\/#listItem","position":3,"name":"La Habana se convierte en capital de Latinoam\u00e9rica con una cumbre \u00abhist\u00f3rica\u00bb","previousItem":{"@type":"ListItem","@id":"https:\/\/www.eldigitaldeasturias.com\/noticias\/category\/actualidad\/#listItem","name":"Actualidad"}}]},{"@type":"Organization","@id":"https:\/\/www.eldigitaldeasturias.com\/noticias\/#organization","name":"El Digital de Asturias","description":"Hemeroteca","url":"https:\/\/www.eldigitaldeasturias.com\/noticias\/","email":"info@eldigitaldeasturias.com","telephone":"+34652131393","logo":{"@type":"ImageObject","url":"https:\/\/www.eldigitaldeasturias.com\/noticias\/wp-content\/uploads\/2020\/12\/EDA.jpg","@id":"https:\/\/www.eldigitaldeasturias.com\/noticias\/la-habana-se-convierte-en-capital-de-latinoamerica-con-una-cumbre-historica\/#organizationLogo"},"image":{"@id":"https:\/\/www.eldigitaldeasturias.com\/noticias\/la-habana-se-convierte-en-capital-de-latinoamerica-con-una-cumbre-historica\/#organizationLogo"},"sameAs":["https:\/\/facebook.com\/eldigitaldeasturias","https:\/\/www.youtube.com\/channel\/UCZP-2wLEB9Rv6erhFmqVnvg"],"address":{"@id":"https:\/\/www.eldigitaldeasturias.com\/noticias\/#postaladdress","@type":"PostalAddress","streetAddress":"san antonio 4","postalCode":"33430","addressLocality":"Cand\u00e1s","addressRegion":"Asturias","addressCountry":"ES"}},{"@type":"Person","@id":"https:\/\/www.eldigitaldeasturias.com\/noticias\/author\/admin\/#author","url":"https:\/\/www.eldigitaldeasturias.com\/noticias\/author\/admin\/","name":"El Digital de Asturias","image":{"@type":"ImageObject","@id":"https:\/\/www.eldigitaldeasturias.com\/noticias\/la-habana-se-convierte-en-capital-de-latinoamerica-con-una-cumbre-historica\/#authorImage","url":"https:\/\/secure.gravatar.com\/avatar\/df2aeffc32bcd13f8d26072ef8a91b623d677766deac7f97ca815868cd41bf5e?s=96&d=mm&r=g","width":96,"height":96,"caption":"El Digital de Asturias"}},{"@type":"WebPage","@id":"https:\/\/www.eldigitaldeasturias.com\/noticias\/la-habana-se-convierte-en-capital-de-latinoamerica-con-una-cumbre-historica\/#webpage","url":"https:\/\/www.eldigitaldeasturias.com\/noticias\/la-habana-se-convierte-en-capital-de-latinoamerica-con-una-cumbre-historica\/","name":"La Habana se convierte en capital de Latinoam\u00e9rica con una cumbre \u00abhist\u00f3rica\u00bb - El Digital de Asturias","description":"La Habana, 29 ene (EFE).- La II Cumbre de la Celac convirti\u00f3 este martes a La Habana en la \"capital\" de Am\u00e9rica Latina y el Caribe con la asistencia de la mayor\u00eda de los presidentes de la regi\u00f3n a una cita calificada de \"hist\u00f3rica\" por varios de ellos y por el secretario general de la","inLanguage":"es-ES","isPartOf":{"@id":"https:\/\/www.eldigitaldeasturias.com\/noticias\/#website"},"breadcrumb":{"@id":"https:\/\/www.eldigitaldeasturias.com\/noticias\/la-habana-se-convierte-en-capital-de-latinoamerica-con-una-cumbre-historica\/#breadcrumblist"},"author":{"@id":"https:\/\/www.eldigitaldeasturias.com\/noticias\/author\/admin\/#author"},"creator":{"@id":"https:\/\/www.eldigitaldeasturias.com\/noticias\/author\/admin\/#author"},"image":{"@type":"ImageObject","url":"https:\/\/www.eldigitaldeasturias.com\/noticias\/wp-content\/uploads\/2026\/06\/Contenidos.jpg","@id":"https:\/\/www.eldigitaldeasturias.com\/noticias\/la-habana-se-convierte-en-capital-de-latinoamerica-con-una-cumbre-historica\/#mainImage","width":1265,"height":697,"caption":"Contenidos"},"primaryImageOfPage":{"@id":"https:\/\/www.eldigitaldeasturias.com\/noticias\/la-habana-se-convierte-en-capital-de-latinoamerica-con-una-cumbre-historica\/#mainImage"},"datePublished":"2014-01-29T16:35:53+01:00","dateModified":"2014-01-29T16:35:53+01:00"},{"@type":"WebSite","@id":"https:\/\/www.eldigitaldeasturias.com\/noticias\/#website","url":"https:\/\/www.eldigitaldeasturias.com\/noticias\/","name":"El Digital de Asturias - Diario de actualidad y noticias","alternateName":"El Digital de Asturias - Diario de actualidad y noticias","description":"Hemeroteca","inLanguage":"es-ES","publisher":{"@id":"https:\/\/www.eldigitaldeasturias.com\/noticias\/#organization"}}]},"og:locale":"es_ES","og:site_name":"El Digital de Asturias","og:type":"article","og:title":"La Habana se convierte en capital de Latinoam\u00e9rica con una cumbre \u00abhist\u00f3rica\u00bb - El Digital de Asturias","og:description":"La Habana, 29 ene (EFE).- La II Cumbre de la Celac convirti\u00f3 este martes a La Habana en la &quot;capital&quot; de Am\u00e9rica Latina y el Caribe con la asistencia de la mayor\u00eda de los presidentes de la regi\u00f3n a una cita calificada de &quot;hist\u00f3rica&quot; por varios de ellos y por el secretario general de la","og:url":"https:\/\/www.eldigitaldeasturias.com\/noticias\/la-habana-se-convierte-en-capital-de-latinoamerica-con-una-cumbre-historica\/","og:image":"https:\/\/www.eldigitaldeasturias.com\/noticias\/wp-content\/uploads\/2026\/06\/Contenidos.jpg","og:image:secure_url":"https:\/\/www.eldigitaldeasturias.com\/noticias\/wp-content\/uploads\/2026\/06\/Contenidos.jpg","og:image:width":1265,"og:image:height":697,"article:tag":["actualidad"],"article:published_time":"2014-01-29T17:35:53+00:00","article:modified_time":"2014-01-29T17:35:53+00:00","article:publisher":"https:\/\/facebook.com\/eldigitaldeasturias","twitter:card":"summary_large_image","twitter:title":"La Habana se convierte en capital de Latinoam\u00e9rica con una cumbre \u00abhist\u00f3rica\u00bb - El Digital de Asturias","twitter:description":"La Habana, 29 ene (EFE).- La II Cumbre de la Celac convirti\u00f3 este martes a La Habana en la &quot;capital&quot; de Am\u00e9rica Latina y el Caribe con la asistencia de la mayor\u00eda de los presidentes de la regi\u00f3n a una cita calificada de &quot;hist\u00f3rica&quot; por varios de ellos y por el secretario general de la","twitter:image":"https:\/\/www.eldigitaldeasturias.com\/noticias\/wp-content\/uploads\/2026\/06\/Contenidos.jpg","twitter:label1":"Escrito por","twitter:data1":"El Digital de Asturias","twitter:label2":"Tiempo de lectura estimado","twitter:data2":"3 minutos"},"aioseo_meta_data":{"post_id":"480095","title":null,"description":null,"keywords":null,"keyphrases":null,"primary_term":null,"canonical_url":null,"og_title":null,"og_description":null,"og_object_type":"default","og_image_type":"default","og_image_url":null,"og_image_width":null,"og_image_height":null,"og_image_custom_url":null,"og_image_custom_fields":null,"og_video":null,"og_custom_url":null,"og_article_section":null,"og_article_tags":null,"twitter_use_og":true,"twitter_card":"default","twitter_image_type":"default","twitter_image_url":null,"twitter_image_custom_url":null,"twitter_image_custom_fields":null,"twitter_title":null,"twitter_description":null,"schema":{"blockGraphs":[],"customGraphs":[],"default":{"data":{"Article":[],"Course":[],"Dataset":[],"FAQPage":[],"Movie":[],"Person":[],"Product":[],"ProductReview":[],"Car":[],"Recipe":[],"Service":[],"SoftwareApplication":[],"WebPage":[]},"graphName":"","isEnabled":true},"graphs":[],"defaultGraph":"","defaultPostTypeGraph":""},"schema_type":null,"schema_type_options":null,"pillar_content":false,"robots_default":true,"robots_noindex":false,"robots_noarchive":false,"robots_nosnippet":false,"robots_nofollow":false,"robots_noimageindex":false,"robots_noodp":false,"robots_notranslate":false,"robots_max_snippet":null,"robots_max_videopreview":null,"robots_max_imagepreview":"none","priority":null,"frequency":null,"local_seo":null,"seo_analyzer_scan_date":"2026-06-02 02:38:49","breadcrumb_settings":null,"limit_modified_date":false,"open_ai":null,"ai":null,"created":"2020-11-14 22:54:08","updated":"2026-06-02 02:38:49","focus_keyword":null,"additional_keywords":null,"truseo_locale":null},"aioseo_breadcrumb":"<div class=\"aioseo-breadcrumbs\"><span class=\"aioseo-breadcrumb\">\n\t<a href=\"https:\/\/www.eldigitaldeasturias.com\/noticias\" title=\"Home\">Home<\/a>\n<\/span><span class=\"aioseo-breadcrumb-separator\">\u2013<\/span><span class=\"aioseo-breadcrumb\">\n\t<a href=\"https:\/\/www.eldigitaldeasturias.com\/noticias\/category\/actualidad\/\" title=\"Actualidad\">Actualidad<\/a>\n<\/span><span class=\"aioseo-breadcrumb-separator\">\u2013<\/span><span class=\"aioseo-breadcrumb\">\n\t<a href=\"https:\/\/www.eldigitaldeasturias.com\/noticias\/la-habana-se-convierte-en-capital-de-latinoamerica-con-una-cumbre-historica\/\" title=\"La Habana se convierte en capital de Latinoam\u00e9rica con una cumbre \u00abhist\u00f3rica\u00bb\">La Habana se convierte en capital de Latinoam\u00e9rica con una cumbre \u00abhist\u00f3rica\u00bb<\/a>\n<\/span><\/div>","aioseo_breadcrumb_json":[{"label":"Home","link":"https:\/\/www.eldigitaldeasturias.com\/noticias"},{"label":"Actualidad","link":"https:\/\/www.eldigitaldeasturias.com\/noticias\/category\/actualidad\/"},{"label":"La Habana se convierte en capital de Latinoam\u00e9rica con una cumbre \u00abhist\u00f3rica\u00bb","link":"https:\/\/www.eldigitaldeasturias.com\/noticias\/la-habana-se-convierte-en-capital-de-latinoamerica-con-una-cumbre-historica\/"}],"_links":{"self":[{"href":"https:\/\/www.eldigitaldeasturias.com\/noticias\/wp-json\/wp\/v2\/posts\/480095","targetHints":{"allow":["GET"]}}],"collection":[{"href":"https:\/\/www.eldigitaldeasturias.com\/noticias\/wp-json\/wp\/v2\/posts"}],"about":[{"href":"https:\/\/www.eldigitaldeasturias.com\/noticias\/wp-json\/wp\/v2\/types\/post"}],"author":[{"embeddable":true,"href":"https:\/\/www.eldigitaldeasturias.com\/noticias\/wp-json\/wp\/v2\/users\/1"}],"replies":[{"embeddable":true,"href":"https:\/\/www.eldigitaldeasturias.com\/noticias\/wp-json\/wp\/v2\/comments?post=480095"}],"version-history":[{"count":0,"href":"https:\/\/www.eldigitaldeasturias.com\/noticias\/wp-json\/wp\/v2\/posts\/480095\/revisions"}],"wp:featuredmedia":[{"embeddable":true,"href":"https:\/\/www.eldigitaldeasturias.com\/noticias\/wp-json\/wp\/v2\/media\/1132184"}],"wp:attachment":[{"href":"https:\/\/www.eldigitaldeasturias.com\/noticias\/wp-json\/wp\/v2\/media?parent=480095"}],"wp:term":[{"taxonomy":"category","embeddable":true,"href":"https:\/\/www.eldigitaldeasturias.com\/noticias\/wp-json\/wp\/v2\/categories?post=480095"},{"taxonomy":"post_tag","embeddable":true,"href":"https:\/\/www.eldigitaldeasturias.com\/noticias\/wp-json\/wp\/v2\/tags?post=480095"}],"curies":[{"name":"wp","href":"https:\/\/api.w.org\/{rel}","templated":true}]}}