{"id":480077,"date":"2014-01-29T15:34:19","date_gmt":"2014-01-29T16:34:19","guid":{"rendered":"http:\/\/www.eldigitaldeasturias.com\/noticias\/?p=480077"},"modified":"2014-01-29T15:34:19","modified_gmt":"2014-01-29T16:34:19","slug":"el-gobierno-de-mehdi-yuma-recibe-el-voto-de-confianza-de-la-asamblea-tunecina","status":"publish","type":"post","link":"https:\/\/www.eldigitaldeasturias.com\/noticias\/el-gobierno-de-mehdi-yuma-recibe-el-voto-de-confianza-de-la-asamblea-tunecina\/","title":{"rendered":"El Gobierno de Mehdi Yuma recibe el voto de confianza de la Asamblea tunecina"},"content":{"rendered":"<p><img loading=\"lazy\" decoding=\"async\" class=\"alignleft size-medium wp-image-480078\" alt=\"5885140w\" src=\"https:\/\/www.eldigitaldeasturias.com\/noticias\/wp-content\/uploads\/2014\/01\/5885140w-360x256.jpg\" width=\"360\" height=\"256\" \/>T\u00fanez, 29 ene (EFE).- El Gobierno del primer ministro tunecino, Mehdi Yuma, ha recibido hoy el voto de confianza de la Asamblea Nacional Constituyente, en una sesi\u00f3n que se prolong\u00f3 hasta m\u00e1s all\u00e1 de la media noche y en la que el Ejecutivo recibi\u00f3 numerosas cr\u00edticas.<\/p>\n<p>Un total de 149 diputados de los 189 presentes apoyaron al equipo de Yuma, mientras que 20 lo rechazaron y 24 se abstuvieron.<\/p>\n<p>Durante la larga sesi\u00f3n, fueron muy criticados los ministros de Justicia, Hafez Ben Salah, acusado de haber ocupado puestos de responsabilidad durante la era del dictador Zin el Abid\u00edn Ben Al\u00ed, y la titular de Turismo, Amel Karbul, quien fue se\u00f1alada por realizar un viaje a Israel, pa\u00eds con quien T\u00fanez no mantiene oficialmente relaciones.<\/p>\n<p>Al comienzo de la asamblea, Yuma present\u00f3 a su equipo ante los diputados y las l\u00edneas generales de su programa, sobre las que volvi\u00f3 a insistir momentos antes de la votaci\u00f3n.<\/p>\n<p>Yuma ha fijado como las dos prioridades de su mandato, que se prolongar\u00e1 hasta la celebraci\u00f3n de las elecciones, la seguridad y el relanzamiento de la econom\u00eda.<\/p>\n<p>En un discurso ante los parlamentarios declar\u00f3 que \u00abel terrorismo ser\u00e1 perseguido sin descanso\u00bb y advirti\u00f3 de que se \u00abaplicar\u00e1 la ley\u00bb contra quienes causen disturbios.<\/p>\n<p>Durante la presentaci\u00f3n de su equipo ante los diputados, el nuevo primer ministro hizo hincapi\u00e9 en que el relanzamiento econ\u00f3mico ser\u00e1 un \u00abgran desaf\u00edo\u00bb para su equipo y el desarrollo regional su \u00abcaballo de batalla\u00bb.<\/p>\n<p>Adem\u00e1s, subray\u00f3 que la base del equilibrio debe construirse a partir de la lucha contra \u00ablas desigualdades sociales\u00bb, por lo que \u00abno escatimar\u00e1 esfuerzos en realizar programas de desarrollo, creaci\u00f3n de empleo, mejora del poder adquisitivo y ampliaci\u00f3n de la cobertura social\u00bb.<\/p>\n<p>En ese sentido, el primer ministro apel\u00f3 a \u00abtodos los sectores sociales a aunar esfuerzos\u00bb para relanzar la econom\u00eda, y destac\u00f3 \u00abla importancia del di\u00e1logo y el consenso\u00bb en estos momentos de dificultades.<\/p>\n<p>En el plano pol\u00edtico, Yuma puso el acento en la necesidad de restablecer la credibilidad del Estado, una \u00abprioridad\u00bb que se deber\u00e1 traducir, seg\u00fan explic\u00f3, en la organizaci\u00f3n de las elecciones \u00ablibres y transparentes\u00bb como \u00faltima etapa de la transici\u00f3n democr\u00e1tica.<\/p>\n<p>El Gobierno de Yuma, anunciado el domingo, es fruto de un di\u00e1logo nacional que empez\u00f3 a finales de 2013 entre el Gobierno y la oposici\u00f3n para encontrar una salida a la crisis que manten\u00eda paralizada la transici\u00f3n.<\/p>\n<p>Las distintas fuerzas pol\u00edticas tunecinas se comprometieron a designar un Gobierno tecn\u00f3crata de consenso, a concluir la redacci\u00f3n de la nueva Constituci\u00f3n, que fue aprobada la noche del domingo, y a celebrar las elecciones presidenciales y legislativas, cuya fecha aun no est\u00e1 fijada.<\/p>\n<p>\u00abPresentar\u00e9 con transparencia cada una de las etapas de esas elecciones\u00bb, prometi\u00f3 el pol\u00edtico.<\/p>\n<p>Tambi\u00e9n renov\u00f3 su \u00abcompromiso de arrojar toda la luz\u00bb sobre los asesinatos de los pol\u00edticos Chukri Bel Aid y Mohamed Brahmi, cuyas muertes en febrero y julio de 2013 fueron los detonantes de la crisis entre Gobierno y oposici\u00f3n.<\/p>\n<p>Seg\u00fan afirmaron a Efe fuentes de la oficina del Presidente del Gobierno, est\u00e1 previsto que ma\u00f1ana, mi\u00e9rcoles, se celebre la ceremonia de transferencia de poderes entre el Gobierno saliente del islamista Ali Laridi y el nuevo Ejecutivo de Yuma.<\/p>\n<p>El Gobierno de Mehdi Yuma est\u00e1 compuesto por 20 ministros y siete secretar\u00edas de Estado, tras una reorganizaci\u00f3n que incluy\u00f3 la agrupaci\u00f3n de varias carteras bajo un solo titular.<\/p>\n","protected":false},"excerpt":{"rendered":"<p>T\u00fanez, 29 ene (EFE).- El Gobierno del primer ministro tunecino, Mehdi Yuma, ha recibido hoy el voto de confianza de la Asamblea Nacional Constituyente, en una sesi\u00f3n que se prolong\u00f3 hasta m\u00e1s all\u00e1 de la media noche y en la que el Ejecutivo recibi\u00f3 numerosas cr\u00edticas. Un total de 149 diputados de los 189 presentes [&hellip;]<\/p>\n","protected":false},"author":1,"featured_media":1132184,"comment_status":"closed","ping_status":"open","sticky":false,"template":"","format":"standard","meta":{"footnotes":""},"categories":[1],"tags":[],"class_list":["post-480077","post","type-post","status-publish","format-standard","has-post-thumbnail","hentry","category-actualidad"],"aioseo_notices":[],"aioseo_head":"\n\t\t<!-- All in One SEO Pro 5.0.1 - aioseo.com -->\n\t<meta name=\"description\" content=\"T\u00fanez, 29 ene (EFE).- El Gobierno del primer ministro tunecino, Mehdi Yuma, ha recibido hoy el voto de confianza de la Asamblea Nacional Constituyente, en una sesi\u00f3n que se prolong\u00f3 hasta m\u00e1s all\u00e1 de la media noche y en la que el Ejecutivo recibi\u00f3 numerosas cr\u00edticas. Un total de 149 diputados de los 189 presentes\" \/>\n\t<meta name=\"robots\" content=\"max-image-preview:large\" \/>\n\t<meta name=\"author\" content=\"El Digital de Asturias\"\/>\n\t<meta name=\"google-site-verification\" content=\"UA-38556648-1\" \/>\n\t<meta name=\"msvalidate.01\" content=\"7dfe9f3f1b24437ab69f4f2559babe99\" \/>\n\t<meta name=\"keywords\" content=\"actualidad\" \/>\n\t<link rel=\"canonical\" href=\"https:\/\/www.eldigitaldeasturias.com\/noticias\/el-gobierno-de-mehdi-yuma-recibe-el-voto-de-confianza-de-la-asamblea-tunecina\/\" \/>\n\t<meta name=\"generator\" content=\"All in One SEO Pro (AIOSEO) 5.0.1\" \/>\n\t\t<meta property=\"og:locale\" content=\"es_ES\" \/>\n\t\t<meta property=\"og:site_name\" content=\"El Digital de Asturias\" \/>\n\t\t<meta property=\"og:type\" content=\"article\" \/>\n\t\t<meta property=\"og:title\" content=\"El Gobierno de Mehdi Yuma recibe el voto de confianza de la Asamblea tunecina - El Digital de Asturias\" \/>\n\t\t<meta property=\"og:description\" content=\"T\u00fanez, 29 ene (EFE).- El Gobierno del primer ministro tunecino, Mehdi Yuma, ha recibido hoy el voto de confianza de la Asamblea Nacional Constituyente, en una sesi\u00f3n que se prolong\u00f3 hasta m\u00e1s all\u00e1 de la media noche y en la que el Ejecutivo recibi\u00f3 numerosas cr\u00edticas. Un total de 149 diputados de los 189 presentes\" \/>\n\t\t<meta property=\"og:url\" content=\"https:\/\/www.eldigitaldeasturias.com\/noticias\/el-gobierno-de-mehdi-yuma-recibe-el-voto-de-confianza-de-la-asamblea-tunecina\/\" \/>\n\t\t<meta property=\"og:image\" content=\"https:\/\/www.eldigitaldeasturias.com\/noticias\/wp-content\/uploads\/2026\/06\/Contenidos.jpg\" \/>\n\t\t<meta property=\"og:image:secure_url\" content=\"https:\/\/www.eldigitaldeasturias.com\/noticias\/wp-content\/uploads\/2026\/06\/Contenidos.jpg\" \/>\n\t\t<meta property=\"og:image:width\" content=\"1265\" \/>\n\t\t<meta property=\"og:image:height\" content=\"697\" \/>\n\t\t<meta property=\"article:tag\" content=\"actualidad\" \/>\n\t\t<meta property=\"article:published_time\" content=\"2014-01-29T16:34:19+00:00\" \/>\n\t\t<meta property=\"article:modified_time\" content=\"2014-01-29T16:34:19+00:00\" \/>\n\t\t<meta property=\"article:publisher\" content=\"https:\/\/facebook.com\/eldigitaldeasturias\" \/>\n\t\t<meta name=\"twitter:card\" content=\"summary_large_image\" \/>\n\t\t<meta name=\"twitter:title\" content=\"El Gobierno de Mehdi Yuma recibe el voto de confianza de la Asamblea tunecina - El Digital de Asturias\" \/>\n\t\t<meta name=\"twitter:description\" content=\"T\u00fanez, 29 ene (EFE).- El Gobierno del primer ministro tunecino, Mehdi Yuma, ha recibido hoy el voto de confianza de la Asamblea Nacional Constituyente, en una sesi\u00f3n que se prolong\u00f3 hasta m\u00e1s all\u00e1 de la media noche y en la que el Ejecutivo recibi\u00f3 numerosas cr\u00edticas. Un total de 149 diputados de los 189 presentes\" \/>\n\t\t<meta name=\"twitter:image\" content=\"https:\/\/www.eldigitaldeasturias.com\/noticias\/wp-content\/uploads\/2026\/06\/Contenidos.jpg\" \/>\n\t\t<meta name=\"twitter:label1\" content=\"Escrito por\" \/>\n\t\t<meta name=\"twitter:data1\" content=\"El Digital de Asturias\" \/>\n\t\t<meta name=\"twitter:label2\" content=\"Tiempo de lectura estimado\" \/>\n\t\t<meta name=\"twitter:data2\" content=\"3 minutos\" \/>\n\t\t<script type=\"application\/ld+json\" class=\"aioseo-schema\">\n\t\t\t{\"@context\":\"https:\\\/\\\/schema.org\",\"@graph\":[{\"@type\":\"BlogPosting\",\"@id\":\"https:\\\/\\\/www.eldigitaldeasturias.com\\\/noticias\\\/el-gobierno-de-mehdi-yuma-recibe-el-voto-de-confianza-de-la-asamblea-tunecina\\\/#blogposting\",\"name\":\"El Gobierno de Mehdi Yuma recibe el voto de confianza de la Asamblea tunecina - El Digital de Asturias\",\"headline\":\"El Gobierno de Mehdi Yuma recibe el voto de confianza de la Asamblea tunecina\",\"author\":{\"@id\":\"https:\\\/\\\/www.eldigitaldeasturias.com\\\/noticias\\\/author\\\/admin\\\/#author\"},\"publisher\":{\"@id\":\"https:\\\/\\\/www.eldigitaldeasturias.com\\\/noticias\\\/#organization\"},\"image\":{\"@type\":\"ImageObject\",\"url\":\"https:\\\/\\\/www.eldigitaldeasturias.com\\\/noticias\\\/wp-content\\\/uploads\\\/2026\\\/06\\\/Contenidos.jpg\",\"width\":1265,\"height\":697,\"caption\":\"Contenidos\"},\"datePublished\":\"2014-01-29T15:34:19+01:00\",\"dateModified\":\"2014-01-29T15:34:19+01:00\",\"inLanguage\":\"es-ES\",\"mainEntityOfPage\":{\"@id\":\"https:\\\/\\\/www.eldigitaldeasturias.com\\\/noticias\\\/el-gobierno-de-mehdi-yuma-recibe-el-voto-de-confianza-de-la-asamblea-tunecina\\\/#webpage\"},\"isPartOf\":{\"@id\":\"https:\\\/\\\/www.eldigitaldeasturias.com\\\/noticias\\\/el-gobierno-de-mehdi-yuma-recibe-el-voto-de-confianza-de-la-asamblea-tunecina\\\/#webpage\"},\"articleSection\":\"Actualidad\"},{\"@type\":\"BreadcrumbList\",\"@id\":\"https:\\\/\\\/www.eldigitaldeasturias.com\\\/noticias\\\/el-gobierno-de-mehdi-yuma-recibe-el-voto-de-confianza-de-la-asamblea-tunecina\\\/#breadcrumblist\",\"itemListElement\":[{\"@type\":\"ListItem\",\"@id\":\"https:\\\/\\\/www.eldigitaldeasturias.com\\\/noticias#listItem\",\"position\":1,\"name\":\"Home\",\"item\":\"https:\\\/\\\/www.eldigitaldeasturias.com\\\/noticias\",\"nextItem\":{\"@type\":\"ListItem\",\"@id\":\"https:\\\/\\\/www.eldigitaldeasturias.com\\\/noticias\\\/category\\\/actualidad\\\/#listItem\",\"name\":\"Actualidad\"}},{\"@type\":\"ListItem\",\"@id\":\"https:\\\/\\\/www.eldigitaldeasturias.com\\\/noticias\\\/category\\\/actualidad\\\/#listItem\",\"position\":2,\"name\":\"Actualidad\",\"item\":\"https:\\\/\\\/www.eldigitaldeasturias.com\\\/noticias\\\/category\\\/actualidad\\\/\",\"nextItem\":{\"@type\":\"ListItem\",\"@id\":\"https:\\\/\\\/www.eldigitaldeasturias.com\\\/noticias\\\/el-gobierno-de-mehdi-yuma-recibe-el-voto-de-confianza-de-la-asamblea-tunecina\\\/#listItem\",\"name\":\"El Gobierno de Mehdi Yuma recibe el voto de confianza de la Asamblea tunecina\"},\"previousItem\":{\"@type\":\"ListItem\",\"@id\":\"https:\\\/\\\/www.eldigitaldeasturias.com\\\/noticias#listItem\",\"name\":\"Home\"}},{\"@type\":\"ListItem\",\"@id\":\"https:\\\/\\\/www.eldigitaldeasturias.com\\\/noticias\\\/el-gobierno-de-mehdi-yuma-recibe-el-voto-de-confianza-de-la-asamblea-tunecina\\\/#listItem\",\"position\":3,\"name\":\"El Gobierno de Mehdi Yuma recibe el voto de confianza de la Asamblea tunecina\",\"previousItem\":{\"@type\":\"ListItem\",\"@id\":\"https:\\\/\\\/www.eldigitaldeasturias.com\\\/noticias\\\/category\\\/actualidad\\\/#listItem\",\"name\":\"Actualidad\"}}]},{\"@type\":\"Organization\",\"@id\":\"https:\\\/\\\/www.eldigitaldeasturias.com\\\/noticias\\\/#organization\",\"name\":\"El Digital de Asturias\",\"description\":\"Hemeroteca\",\"url\":\"https:\\\/\\\/www.eldigitaldeasturias.com\\\/noticias\\\/\",\"email\":\"info@eldigitaldeasturias.com\",\"telephone\":\"+34652131393\",\"logo\":{\"@type\":\"ImageObject\",\"url\":\"https:\\\/\\\/www.eldigitaldeasturias.com\\\/noticias\\\/wp-content\\\/uploads\\\/2020\\\/12\\\/EDA.jpg\",\"@id\":\"https:\\\/\\\/www.eldigitaldeasturias.com\\\/noticias\\\/el-gobierno-de-mehdi-yuma-recibe-el-voto-de-confianza-de-la-asamblea-tunecina\\\/#organizationLogo\"},\"image\":{\"@id\":\"https:\\\/\\\/www.eldigitaldeasturias.com\\\/noticias\\\/el-gobierno-de-mehdi-yuma-recibe-el-voto-de-confianza-de-la-asamblea-tunecina\\\/#organizationLogo\"},\"sameAs\":[\"https:\\\/\\\/facebook.com\\\/eldigitaldeasturias\",\"https:\\\/\\\/www.youtube.com\\\/channel\\\/UCZP-2wLEB9Rv6erhFmqVnvg\"],\"address\":{\"@id\":\"https:\\\/\\\/www.eldigitaldeasturias.com\\\/noticias\\\/#postaladdress\",\"@type\":\"PostalAddress\",\"streetAddress\":\"san antonio 4\",\"postalCode\":\"33430\",\"addressLocality\":\"Cand\\u00e1s\",\"addressRegion\":\"Asturias\",\"addressCountry\":\"ES\"}},{\"@type\":\"Person\",\"@id\":\"https:\\\/\\\/www.eldigitaldeasturias.com\\\/noticias\\\/author\\\/admin\\\/#author\",\"url\":\"https:\\\/\\\/www.eldigitaldeasturias.com\\\/noticias\\\/author\\\/admin\\\/\",\"name\":\"El Digital de Asturias\",\"image\":{\"@type\":\"ImageObject\",\"@id\":\"https:\\\/\\\/www.eldigitaldeasturias.com\\\/noticias\\\/el-gobierno-de-mehdi-yuma-recibe-el-voto-de-confianza-de-la-asamblea-tunecina\\\/#authorImage\",\"url\":\"https:\\\/\\\/secure.gravatar.com\\\/avatar\\\/df2aeffc32bcd13f8d26072ef8a91b623d677766deac7f97ca815868cd41bf5e?s=96&d=mm&r=g\",\"width\":96,\"height\":96,\"caption\":\"El Digital de Asturias\"}},{\"@type\":\"WebPage\",\"@id\":\"https:\\\/\\\/www.eldigitaldeasturias.com\\\/noticias\\\/el-gobierno-de-mehdi-yuma-recibe-el-voto-de-confianza-de-la-asamblea-tunecina\\\/#webpage\",\"url\":\"https:\\\/\\\/www.eldigitaldeasturias.com\\\/noticias\\\/el-gobierno-de-mehdi-yuma-recibe-el-voto-de-confianza-de-la-asamblea-tunecina\\\/\",\"name\":\"El Gobierno de Mehdi Yuma recibe el voto de confianza de la Asamblea tunecina - El Digital de Asturias\",\"description\":\"T\\u00fanez, 29 ene (EFE).- El Gobierno del primer ministro tunecino, Mehdi Yuma, ha recibido hoy el voto de confianza de la Asamblea Nacional Constituyente, en una sesi\\u00f3n que se prolong\\u00f3 hasta m\\u00e1s all\\u00e1 de la media noche y en la que el Ejecutivo recibi\\u00f3 numerosas cr\\u00edticas. Un total de 149 diputados de los 189 presentes\",\"inLanguage\":\"es-ES\",\"isPartOf\":{\"@id\":\"https:\\\/\\\/www.eldigitaldeasturias.com\\\/noticias\\\/#website\"},\"breadcrumb\":{\"@id\":\"https:\\\/\\\/www.eldigitaldeasturias.com\\\/noticias\\\/el-gobierno-de-mehdi-yuma-recibe-el-voto-de-confianza-de-la-asamblea-tunecina\\\/#breadcrumblist\"},\"author\":{\"@id\":\"https:\\\/\\\/www.eldigitaldeasturias.com\\\/noticias\\\/author\\\/admin\\\/#author\"},\"creator\":{\"@id\":\"https:\\\/\\\/www.eldigitaldeasturias.com\\\/noticias\\\/author\\\/admin\\\/#author\"},\"image\":{\"@type\":\"ImageObject\",\"url\":\"https:\\\/\\\/www.eldigitaldeasturias.com\\\/noticias\\\/wp-content\\\/uploads\\\/2026\\\/06\\\/Contenidos.jpg\",\"@id\":\"https:\\\/\\\/www.eldigitaldeasturias.com\\\/noticias\\\/el-gobierno-de-mehdi-yuma-recibe-el-voto-de-confianza-de-la-asamblea-tunecina\\\/#mainImage\",\"width\":1265,\"height\":697,\"caption\":\"Contenidos\"},\"primaryImageOfPage\":{\"@id\":\"https:\\\/\\\/www.eldigitaldeasturias.com\\\/noticias\\\/el-gobierno-de-mehdi-yuma-recibe-el-voto-de-confianza-de-la-asamblea-tunecina\\\/#mainImage\"},\"datePublished\":\"2014-01-29T15:34:19+01:00\",\"dateModified\":\"2014-01-29T15:34:19+01:00\"},{\"@type\":\"WebSite\",\"@id\":\"https:\\\/\\\/www.eldigitaldeasturias.com\\\/noticias\\\/#website\",\"url\":\"https:\\\/\\\/www.eldigitaldeasturias.com\\\/noticias\\\/\",\"name\":\"El Digital de Asturias - Diario de actualidad y noticias\",\"alternateName\":\"El Digital de Asturias - Diario de actualidad y noticias\",\"description\":\"Hemeroteca\",\"inLanguage\":\"es-ES\",\"publisher\":{\"@id\":\"https:\\\/\\\/www.eldigitaldeasturias.com\\\/noticias\\\/#organization\"}}]}\n\t\t<\/script>\n\t\t<!-- All in One SEO Pro -->\r\n\t\t<title>El Gobierno de Mehdi Yuma recibe el voto de confianza de la Asamblea tunecina - El Digital de Asturias<\/title>\n\n","aioseo_head_json":{"title":"El Gobierno de Mehdi Yuma recibe el voto de confianza de la Asamblea tunecina - El Digital de Asturias","description":"T\u00fanez, 29 ene (EFE).- El Gobierno del primer ministro tunecino, Mehdi Yuma, ha recibido hoy el voto de confianza de la Asamblea Nacional Constituyente, en una sesi\u00f3n que se prolong\u00f3 hasta m\u00e1s all\u00e1 de la media noche y en la que el Ejecutivo recibi\u00f3 numerosas cr\u00edticas. Un total de 149 diputados de los 189 presentes","canonical_url":"https:\/\/www.eldigitaldeasturias.com\/noticias\/el-gobierno-de-mehdi-yuma-recibe-el-voto-de-confianza-de-la-asamblea-tunecina\/","robots":"max-image-preview:large","keywords":"actualidad","webmasterTools":{"google-site-verification":"UA-38556648-1","msvalidate.01":"7dfe9f3f1b24437ab69f4f2559babe99","miscellaneous":""},"schema":{"@context":"https:\/\/schema.org","@graph":[{"@type":"BlogPosting","@id":"https:\/\/www.eldigitaldeasturias.com\/noticias\/el-gobierno-de-mehdi-yuma-recibe-el-voto-de-confianza-de-la-asamblea-tunecina\/#blogposting","name":"El Gobierno de Mehdi Yuma recibe el voto de confianza de la Asamblea tunecina - El Digital de Asturias","headline":"El Gobierno de Mehdi Yuma recibe el voto de confianza de la Asamblea tunecina","author":{"@id":"https:\/\/www.eldigitaldeasturias.com\/noticias\/author\/admin\/#author"},"publisher":{"@id":"https:\/\/www.eldigitaldeasturias.com\/noticias\/#organization"},"image":{"@type":"ImageObject","url":"https:\/\/www.eldigitaldeasturias.com\/noticias\/wp-content\/uploads\/2026\/06\/Contenidos.jpg","width":1265,"height":697,"caption":"Contenidos"},"datePublished":"2014-01-29T15:34:19+01:00","dateModified":"2014-01-29T15:34:19+01:00","inLanguage":"es-ES","mainEntityOfPage":{"@id":"https:\/\/www.eldigitaldeasturias.com\/noticias\/el-gobierno-de-mehdi-yuma-recibe-el-voto-de-confianza-de-la-asamblea-tunecina\/#webpage"},"isPartOf":{"@id":"https:\/\/www.eldigitaldeasturias.com\/noticias\/el-gobierno-de-mehdi-yuma-recibe-el-voto-de-confianza-de-la-asamblea-tunecina\/#webpage"},"articleSection":"Actualidad"},{"@type":"BreadcrumbList","@id":"https:\/\/www.eldigitaldeasturias.com\/noticias\/el-gobierno-de-mehdi-yuma-recibe-el-voto-de-confianza-de-la-asamblea-tunecina\/#breadcrumblist","itemListElement":[{"@type":"ListItem","@id":"https:\/\/www.eldigitaldeasturias.com\/noticias#listItem","position":1,"name":"Home","item":"https:\/\/www.eldigitaldeasturias.com\/noticias","nextItem":{"@type":"ListItem","@id":"https:\/\/www.eldigitaldeasturias.com\/noticias\/category\/actualidad\/#listItem","name":"Actualidad"}},{"@type":"ListItem","@id":"https:\/\/www.eldigitaldeasturias.com\/noticias\/category\/actualidad\/#listItem","position":2,"name":"Actualidad","item":"https:\/\/www.eldigitaldeasturias.com\/noticias\/category\/actualidad\/","nextItem":{"@type":"ListItem","@id":"https:\/\/www.eldigitaldeasturias.com\/noticias\/el-gobierno-de-mehdi-yuma-recibe-el-voto-de-confianza-de-la-asamblea-tunecina\/#listItem","name":"El Gobierno de Mehdi Yuma recibe el voto de confianza de la Asamblea tunecina"},"previousItem":{"@type":"ListItem","@id":"https:\/\/www.eldigitaldeasturias.com\/noticias#listItem","name":"Home"}},{"@type":"ListItem","@id":"https:\/\/www.eldigitaldeasturias.com\/noticias\/el-gobierno-de-mehdi-yuma-recibe-el-voto-de-confianza-de-la-asamblea-tunecina\/#listItem","position":3,"name":"El Gobierno de Mehdi Yuma recibe el voto de confianza de la Asamblea tunecina","previousItem":{"@type":"ListItem","@id":"https:\/\/www.eldigitaldeasturias.com\/noticias\/category\/actualidad\/#listItem","name":"Actualidad"}}]},{"@type":"Organization","@id":"https:\/\/www.eldigitaldeasturias.com\/noticias\/#organization","name":"El Digital de Asturias","description":"Hemeroteca","url":"https:\/\/www.eldigitaldeasturias.com\/noticias\/","email":"info@eldigitaldeasturias.com","telephone":"+34652131393","logo":{"@type":"ImageObject","url":"https:\/\/www.eldigitaldeasturias.com\/noticias\/wp-content\/uploads\/2020\/12\/EDA.jpg","@id":"https:\/\/www.eldigitaldeasturias.com\/noticias\/el-gobierno-de-mehdi-yuma-recibe-el-voto-de-confianza-de-la-asamblea-tunecina\/#organizationLogo"},"image":{"@id":"https:\/\/www.eldigitaldeasturias.com\/noticias\/el-gobierno-de-mehdi-yuma-recibe-el-voto-de-confianza-de-la-asamblea-tunecina\/#organizationLogo"},"sameAs":["https:\/\/facebook.com\/eldigitaldeasturias","https:\/\/www.youtube.com\/channel\/UCZP-2wLEB9Rv6erhFmqVnvg"],"address":{"@id":"https:\/\/www.eldigitaldeasturias.com\/noticias\/#postaladdress","@type":"PostalAddress","streetAddress":"san antonio 4","postalCode":"33430","addressLocality":"Cand\u00e1s","addressRegion":"Asturias","addressCountry":"ES"}},{"@type":"Person","@id":"https:\/\/www.eldigitaldeasturias.com\/noticias\/author\/admin\/#author","url":"https:\/\/www.eldigitaldeasturias.com\/noticias\/author\/admin\/","name":"El Digital de Asturias","image":{"@type":"ImageObject","@id":"https:\/\/www.eldigitaldeasturias.com\/noticias\/el-gobierno-de-mehdi-yuma-recibe-el-voto-de-confianza-de-la-asamblea-tunecina\/#authorImage","url":"https:\/\/secure.gravatar.com\/avatar\/df2aeffc32bcd13f8d26072ef8a91b623d677766deac7f97ca815868cd41bf5e?s=96&d=mm&r=g","width":96,"height":96,"caption":"El Digital de Asturias"}},{"@type":"WebPage","@id":"https:\/\/www.eldigitaldeasturias.com\/noticias\/el-gobierno-de-mehdi-yuma-recibe-el-voto-de-confianza-de-la-asamblea-tunecina\/#webpage","url":"https:\/\/www.eldigitaldeasturias.com\/noticias\/el-gobierno-de-mehdi-yuma-recibe-el-voto-de-confianza-de-la-asamblea-tunecina\/","name":"El Gobierno de Mehdi Yuma recibe el voto de confianza de la Asamblea tunecina - El Digital de Asturias","description":"T\u00fanez, 29 ene (EFE).- El Gobierno del primer ministro tunecino, Mehdi Yuma, ha recibido hoy el voto de confianza de la Asamblea Nacional Constituyente, en una sesi\u00f3n que se prolong\u00f3 hasta m\u00e1s all\u00e1 de la media noche y en la que el Ejecutivo recibi\u00f3 numerosas cr\u00edticas. Un total de 149 diputados de los 189 presentes","inLanguage":"es-ES","isPartOf":{"@id":"https:\/\/www.eldigitaldeasturias.com\/noticias\/#website"},"breadcrumb":{"@id":"https:\/\/www.eldigitaldeasturias.com\/noticias\/el-gobierno-de-mehdi-yuma-recibe-el-voto-de-confianza-de-la-asamblea-tunecina\/#breadcrumblist"},"author":{"@id":"https:\/\/www.eldigitaldeasturias.com\/noticias\/author\/admin\/#author"},"creator":{"@id":"https:\/\/www.eldigitaldeasturias.com\/noticias\/author\/admin\/#author"},"image":{"@type":"ImageObject","url":"https:\/\/www.eldigitaldeasturias.com\/noticias\/wp-content\/uploads\/2026\/06\/Contenidos.jpg","@id":"https:\/\/www.eldigitaldeasturias.com\/noticias\/el-gobierno-de-mehdi-yuma-recibe-el-voto-de-confianza-de-la-asamblea-tunecina\/#mainImage","width":1265,"height":697,"caption":"Contenidos"},"primaryImageOfPage":{"@id":"https:\/\/www.eldigitaldeasturias.com\/noticias\/el-gobierno-de-mehdi-yuma-recibe-el-voto-de-confianza-de-la-asamblea-tunecina\/#mainImage"},"datePublished":"2014-01-29T15:34:19+01:00","dateModified":"2014-01-29T15:34:19+01:00"},{"@type":"WebSite","@id":"https:\/\/www.eldigitaldeasturias.com\/noticias\/#website","url":"https:\/\/www.eldigitaldeasturias.com\/noticias\/","name":"El Digital de Asturias - Diario de actualidad y noticias","alternateName":"El Digital de Asturias - Diario de actualidad y noticias","description":"Hemeroteca","inLanguage":"es-ES","publisher":{"@id":"https:\/\/www.eldigitaldeasturias.com\/noticias\/#organization"}}]},"og:locale":"es_ES","og:site_name":"El Digital de Asturias","og:type":"article","og:title":"El Gobierno de Mehdi Yuma recibe el voto de confianza de la Asamblea tunecina - El Digital de Asturias","og:description":"T\u00fanez, 29 ene (EFE).- El Gobierno del primer ministro tunecino, Mehdi Yuma, ha recibido hoy el voto de confianza de la Asamblea Nacional Constituyente, en una sesi\u00f3n que se prolong\u00f3 hasta m\u00e1s all\u00e1 de la media noche y en la que el Ejecutivo recibi\u00f3 numerosas cr\u00edticas. Un total de 149 diputados de los 189 presentes","og:url":"https:\/\/www.eldigitaldeasturias.com\/noticias\/el-gobierno-de-mehdi-yuma-recibe-el-voto-de-confianza-de-la-asamblea-tunecina\/","og:image":"https:\/\/www.eldigitaldeasturias.com\/noticias\/wp-content\/uploads\/2026\/06\/Contenidos.jpg","og:image:secure_url":"https:\/\/www.eldigitaldeasturias.com\/noticias\/wp-content\/uploads\/2026\/06\/Contenidos.jpg","og:image:width":1265,"og:image:height":697,"article:tag":["actualidad"],"article:published_time":"2014-01-29T16:34:19+00:00","article:modified_time":"2014-01-29T16:34:19+00:00","article:publisher":"https:\/\/facebook.com\/eldigitaldeasturias","twitter:card":"summary_large_image","twitter:title":"El Gobierno de Mehdi Yuma recibe el voto de confianza de la Asamblea tunecina - El Digital de Asturias","twitter:description":"T\u00fanez, 29 ene (EFE).- El Gobierno del primer ministro tunecino, Mehdi Yuma, ha recibido hoy el voto de confianza de la Asamblea Nacional Constituyente, en una sesi\u00f3n que se prolong\u00f3 hasta m\u00e1s all\u00e1 de la media noche y en la que el Ejecutivo recibi\u00f3 numerosas cr\u00edticas. Un total de 149 diputados de los 189 presentes","twitter:image":"https:\/\/www.eldigitaldeasturias.com\/noticias\/wp-content\/uploads\/2026\/06\/Contenidos.jpg","twitter:label1":"Escrito por","twitter:data1":"El Digital de Asturias","twitter:label2":"Tiempo de lectura estimado","twitter:data2":"3 minutos"},"aioseo_meta_data":{"post_id":"480077","title":null,"description":null,"keywords":null,"keyphrases":null,"primary_term":null,"canonical_url":null,"og_title":null,"og_description":null,"og_object_type":"default","og_image_type":"default","og_image_url":null,"og_image_width":null,"og_image_height":null,"og_image_custom_url":null,"og_image_custom_fields":null,"og_video":null,"og_custom_url":null,"og_article_section":null,"og_article_tags":null,"twitter_use_og":true,"twitter_card":"default","twitter_image_type":"default","twitter_image_url":null,"twitter_image_custom_url":null,"twitter_image_custom_fields":null,"twitter_title":null,"twitter_description":null,"schema":{"blockGraphs":[],"customGraphs":[],"default":{"data":{"Article":[],"Course":[],"Dataset":[],"FAQPage":[],"Movie":[],"Person":[],"Product":[],"ProductReview":[],"Car":[],"Recipe":[],"Service":[],"SoftwareApplication":[],"WebPage":[]},"graphName":"","isEnabled":true},"graphs":[],"defaultGraph":"","defaultPostTypeGraph":""},"schema_type":null,"schema_type_options":null,"pillar_content":false,"robots_default":true,"robots_noindex":false,"robots_noarchive":false,"robots_nosnippet":false,"robots_nofollow":false,"robots_noimageindex":false,"robots_noodp":false,"robots_notranslate":false,"robots_max_snippet":null,"robots_max_videopreview":null,"robots_max_imagepreview":"none","priority":null,"frequency":null,"local_seo":null,"seo_analyzer_scan_date":"2026-06-02 02:37:07","breadcrumb_settings":null,"limit_modified_date":false,"open_ai":null,"ai":null,"created":"2020-11-14 22:54:08","updated":"2026-06-02 02:37:07","focus_keyword":null,"additional_keywords":null,"truseo_locale":null},"aioseo_breadcrumb":"<div class=\"aioseo-breadcrumbs\"><span class=\"aioseo-breadcrumb\">\n\t<a href=\"https:\/\/www.eldigitaldeasturias.com\/noticias\" title=\"Home\">Home<\/a>\n<\/span><span class=\"aioseo-breadcrumb-separator\">\u2013<\/span><span class=\"aioseo-breadcrumb\">\n\t<a href=\"https:\/\/www.eldigitaldeasturias.com\/noticias\/category\/actualidad\/\" title=\"Actualidad\">Actualidad<\/a>\n<\/span><span class=\"aioseo-breadcrumb-separator\">\u2013<\/span><span class=\"aioseo-breadcrumb\">\n\t<a href=\"https:\/\/www.eldigitaldeasturias.com\/noticias\/el-gobierno-de-mehdi-yuma-recibe-el-voto-de-confianza-de-la-asamblea-tunecina\/\" title=\"El Gobierno de Mehdi Yuma recibe el voto de confianza de la Asamblea tunecina\">El Gobierno de Mehdi Yuma recibe el voto de confianza de la Asamblea tunecina<\/a>\n<\/span><\/div>","aioseo_breadcrumb_json":[{"label":"Home","link":"https:\/\/www.eldigitaldeasturias.com\/noticias"},{"label":"Actualidad","link":"https:\/\/www.eldigitaldeasturias.com\/noticias\/category\/actualidad\/"},{"label":"El Gobierno de Mehdi Yuma recibe el voto de confianza de la Asamblea tunecina","link":"https:\/\/www.eldigitaldeasturias.com\/noticias\/el-gobierno-de-mehdi-yuma-recibe-el-voto-de-confianza-de-la-asamblea-tunecina\/"}],"_links":{"self":[{"href":"https:\/\/www.eldigitaldeasturias.com\/noticias\/wp-json\/wp\/v2\/posts\/480077","targetHints":{"allow":["GET"]}}],"collection":[{"href":"https:\/\/www.eldigitaldeasturias.com\/noticias\/wp-json\/wp\/v2\/posts"}],"about":[{"href":"https:\/\/www.eldigitaldeasturias.com\/noticias\/wp-json\/wp\/v2\/types\/post"}],"author":[{"embeddable":true,"href":"https:\/\/www.eldigitaldeasturias.com\/noticias\/wp-json\/wp\/v2\/users\/1"}],"replies":[{"embeddable":true,"href":"https:\/\/www.eldigitaldeasturias.com\/noticias\/wp-json\/wp\/v2\/comments?post=480077"}],"version-history":[{"count":0,"href":"https:\/\/www.eldigitaldeasturias.com\/noticias\/wp-json\/wp\/v2\/posts\/480077\/revisions"}],"wp:featuredmedia":[{"embeddable":true,"href":"https:\/\/www.eldigitaldeasturias.com\/noticias\/wp-json\/wp\/v2\/media\/1132184"}],"wp:attachment":[{"href":"https:\/\/www.eldigitaldeasturias.com\/noticias\/wp-json\/wp\/v2\/media?parent=480077"}],"wp:term":[{"taxonomy":"category","embeddable":true,"href":"https:\/\/www.eldigitaldeasturias.com\/noticias\/wp-json\/wp\/v2\/categories?post=480077"},{"taxonomy":"post_tag","embeddable":true,"href":"https:\/\/www.eldigitaldeasturias.com\/noticias\/wp-json\/wp\/v2\/tags?post=480077"}],"curies":[{"name":"wp","href":"https:\/\/api.w.org\/{rel}","templated":true}]}}