{"id":480068,"date":"2014-01-29T15:30:47","date_gmt":"2014-01-29T16:30:47","guid":{"rendered":"http:\/\/www.eldigitaldeasturias.com\/noticias\/?p=480068"},"modified":"2014-01-29T15:30:47","modified_gmt":"2014-01-29T16:30:47","slug":"fernandez-insta-a-la-celac-a-fijar-una-agenda-y-a-definir-la-relacion-con-los-otros-bloques","status":"publish","type":"post","link":"https:\/\/www.eldigitaldeasturias.com\/noticias\/fernandez-insta-a-la-celac-a-fijar-una-agenda-y-a-definir-la-relacion-con-los-otros-bloques\/","title":{"rendered":"Fern\u00e1ndez insta a la Celac a fijar una agenda y a definir la relaci\u00f3n con los otros bloques"},"content":{"rendered":"<p><img loading=\"lazy\" decoding=\"async\" class=\"alignleft size-medium wp-image-480069\" alt=\"5885189w\" src=\"https:\/\/www.eldigitaldeasturias.com\/noticias\/wp-content\/uploads\/2014\/01\/5885189w-360x250.jpg\" width=\"360\" height=\"250\" \/>La Habana, 29 ene (EFE).- La presidenta de Argentina, Cristina Fern\u00e1ndez, cit\u00f3 entre los desaf\u00edos que tiene por delante la Comunidad de Estados Latinoamericanos y del Caribe (Celac) la construcci\u00f3n de una agenda e identificar \u00absin prejuicios\u00bb cu\u00e1l va a ser la relaci\u00f3n del grupo con otros bloques del mundo.<\/p>\n<p>En un discurso en la sesi\u00f3n plenaria de la cumbre regional de La Habana, Fern\u00e1ndez abog\u00f3 por elaborar una agenda \u00abque deje de lado la burocracia\u00bb y que no convierta a la Celac \u00aben un organismo multilateral de los que tantos hay, con declaraciones que nunca se cumplen\u00bb.<\/p>\n<p>La presidenta argentina consider\u00f3 que otro de los retos clave en la lucha por la desigualdad, el tema central de esta cita regional, pasa por identificar la relaci\u00f3n de la regi\u00f3n latinoamericana y caribe\u00f1a con los otros bloques del mundo.<\/p>\n<p>\u00abHay que hacerlo sin prejuicios\u00bb, dijo Fern\u00e1ndez en su intervenci\u00f3n, tras destacar que el siglo XXI se va a caracterizar por \u00abla formaci\u00f3n de bloques\u00bb.<\/p>\n<p>En el combate contra la desigualdad, la presidenta argentina afirm\u00f3 que \u00abno hay otro camino\u00bb que lograr valor agregado en las materias primas que produce la regi\u00f3n con el fin de generar trabajo.<\/p>\n<p>\u00abSi no hay trabajo, no hay manera de reducir la desigualdad\u00bb, afirm\u00f3.<\/p>\n<p>Fern\u00e1ndez aprovech\u00f3 su intervenci\u00f3n para agradecer el apoyo del organismo al reclamo argentino sobre las islas Malvinas, uno de los \u00faltimos vestigios del colonialismo en la regi\u00f3n, seg\u00fan denunci\u00f3.<\/p>\n<p>La presidenta argentina tambi\u00e9n elogi\u00f3 la importancia y significaci\u00f3n de la Cumbre y su celebraci\u00f3n en La Habana.<\/p>\n<p>Cristina Fern\u00e1ndez fue la primera jefe de estado de la regi\u00f3n en llegar a Cuba para esta cumbre y durante su estancia en La Habana mantuvo un encuentro con el expresidente de la isla, Fidel Castro, de 87 a\u00f1os y retirado del poder desde 2006.<\/p>\n","protected":false},"excerpt":{"rendered":"<p>La Habana, 29 ene (EFE).- La presidenta de Argentina, Cristina Fern\u00e1ndez, cit\u00f3 entre los desaf\u00edos que tiene por delante la Comunidad de Estados Latinoamericanos y del Caribe (Celac) la construcci\u00f3n de una agenda e identificar \u00absin prejuicios\u00bb cu\u00e1l va a ser la relaci\u00f3n del grupo con otros bloques del mundo. En un discurso en la [&hellip;]<\/p>\n","protected":false},"author":1,"featured_media":1132184,"comment_status":"closed","ping_status":"open","sticky":false,"template":"","format":"standard","meta":{"footnotes":""},"categories":[1],"tags":[],"class_list":["post-480068","post","type-post","status-publish","format-standard","has-post-thumbnail","hentry","category-actualidad"],"aioseo_notices":[],"aioseo_head":"\n\t\t<!-- All in One SEO Pro 5.0.1 - aioseo.com -->\n\t<meta name=\"description\" content=\"La Habana, 29 ene (EFE).- La presidenta de Argentina, Cristina Fern\u00e1ndez, cit\u00f3 entre los desaf\u00edos que tiene por delante la Comunidad de Estados Latinoamericanos y del Caribe (Celac) la construcci\u00f3n de una agenda e identificar &quot;sin prejuicios&quot; cu\u00e1l va a ser la relaci\u00f3n del grupo con otros bloques del mundo. En un discurso en la\" \/>\n\t<meta name=\"robots\" content=\"max-image-preview:large\" \/>\n\t<meta name=\"author\" content=\"El Digital de Asturias\"\/>\n\t<meta name=\"google-site-verification\" content=\"UA-38556648-1\" \/>\n\t<meta name=\"msvalidate.01\" content=\"7dfe9f3f1b24437ab69f4f2559babe99\" \/>\n\t<meta name=\"keywords\" content=\"actualidad\" \/>\n\t<link rel=\"canonical\" href=\"https:\/\/www.eldigitaldeasturias.com\/noticias\/fernandez-insta-a-la-celac-a-fijar-una-agenda-y-a-definir-la-relacion-con-los-otros-bloques\/\" \/>\n\t<meta name=\"generator\" content=\"All in One SEO Pro (AIOSEO) 5.0.1\" \/>\n\t\t<meta property=\"og:locale\" content=\"es_ES\" \/>\n\t\t<meta property=\"og:site_name\" content=\"El Digital de Asturias\" \/>\n\t\t<meta property=\"og:type\" content=\"article\" \/>\n\t\t<meta property=\"og:title\" content=\"Fern\u00e1ndez insta a la Celac a fijar una agenda y a definir la relaci\u00f3n con los otros bloques - El Digital de Asturias\" \/>\n\t\t<meta property=\"og:description\" content=\"La Habana, 29 ene (EFE).- La presidenta de Argentina, Cristina Fern\u00e1ndez, cit\u00f3 entre los desaf\u00edos que tiene por delante la Comunidad de Estados Latinoamericanos y del Caribe (Celac) la construcci\u00f3n de una agenda e identificar &quot;sin prejuicios&quot; cu\u00e1l va a ser la relaci\u00f3n del grupo con otros bloques del mundo. En un discurso en la\" \/>\n\t\t<meta property=\"og:url\" content=\"https:\/\/www.eldigitaldeasturias.com\/noticias\/fernandez-insta-a-la-celac-a-fijar-una-agenda-y-a-definir-la-relacion-con-los-otros-bloques\/\" \/>\n\t\t<meta property=\"og:image\" content=\"https:\/\/www.eldigitaldeasturias.com\/noticias\/wp-content\/uploads\/2026\/06\/Contenidos.jpg\" \/>\n\t\t<meta property=\"og:image:secure_url\" content=\"https:\/\/www.eldigitaldeasturias.com\/noticias\/wp-content\/uploads\/2026\/06\/Contenidos.jpg\" \/>\n\t\t<meta property=\"og:image:width\" content=\"1265\" \/>\n\t\t<meta property=\"og:image:height\" content=\"697\" \/>\n\t\t<meta property=\"article:tag\" content=\"actualidad\" \/>\n\t\t<meta property=\"article:published_time\" content=\"2014-01-29T16:30:47+00:00\" \/>\n\t\t<meta property=\"article:modified_time\" content=\"2014-01-29T16:30:47+00:00\" \/>\n\t\t<meta property=\"article:publisher\" content=\"https:\/\/facebook.com\/eldigitaldeasturias\" \/>\n\t\t<meta name=\"twitter:card\" content=\"summary_large_image\" \/>\n\t\t<meta name=\"twitter:title\" content=\"Fern\u00e1ndez insta a la Celac a fijar una agenda y a definir la relaci\u00f3n con los otros bloques - El Digital de Asturias\" \/>\n\t\t<meta name=\"twitter:description\" content=\"La Habana, 29 ene (EFE).- La presidenta de Argentina, Cristina Fern\u00e1ndez, cit\u00f3 entre los desaf\u00edos que tiene por delante la Comunidad de Estados Latinoamericanos y del Caribe (Celac) la construcci\u00f3n de una agenda e identificar &quot;sin prejuicios&quot; cu\u00e1l va a ser la relaci\u00f3n del grupo con otros bloques del mundo. En un discurso en la\" \/>\n\t\t<meta name=\"twitter:image\" content=\"https:\/\/www.eldigitaldeasturias.com\/noticias\/wp-content\/uploads\/2026\/06\/Contenidos.jpg\" \/>\n\t\t<meta name=\"twitter:label1\" content=\"Escrito por\" \/>\n\t\t<meta name=\"twitter:data1\" content=\"El Digital de Asturias\" \/>\n\t\t<meta name=\"twitter:label2\" content=\"Tiempo de lectura estimado\" \/>\n\t\t<meta name=\"twitter:data2\" content=\"2 minutos\" \/>\n\t\t<script type=\"application\/ld+json\" class=\"aioseo-schema\">\n\t\t\t{\"@context\":\"https:\\\/\\\/schema.org\",\"@graph\":[{\"@type\":\"BlogPosting\",\"@id\":\"https:\\\/\\\/www.eldigitaldeasturias.com\\\/noticias\\\/fernandez-insta-a-la-celac-a-fijar-una-agenda-y-a-definir-la-relacion-con-los-otros-bloques\\\/#blogposting\",\"name\":\"Fern\\u00e1ndez insta a la Celac a fijar una agenda y a definir la relaci\\u00f3n con los otros bloques - El Digital de Asturias\",\"headline\":\"Fern\\u00e1ndez insta a la Celac a fijar una agenda y a definir la relaci\\u00f3n con los otros bloques\",\"author\":{\"@id\":\"https:\\\/\\\/www.eldigitaldeasturias.com\\\/noticias\\\/author\\\/admin\\\/#author\"},\"publisher\":{\"@id\":\"https:\\\/\\\/www.eldigitaldeasturias.com\\\/noticias\\\/#organization\"},\"image\":{\"@type\":\"ImageObject\",\"url\":\"https:\\\/\\\/www.eldigitaldeasturias.com\\\/noticias\\\/wp-content\\\/uploads\\\/2026\\\/06\\\/Contenidos.jpg\",\"width\":1265,\"height\":697,\"caption\":\"Contenidos\"},\"datePublished\":\"2014-01-29T15:30:47+01:00\",\"dateModified\":\"2014-01-29T15:30:47+01:00\",\"inLanguage\":\"es-ES\",\"mainEntityOfPage\":{\"@id\":\"https:\\\/\\\/www.eldigitaldeasturias.com\\\/noticias\\\/fernandez-insta-a-la-celac-a-fijar-una-agenda-y-a-definir-la-relacion-con-los-otros-bloques\\\/#webpage\"},\"isPartOf\":{\"@id\":\"https:\\\/\\\/www.eldigitaldeasturias.com\\\/noticias\\\/fernandez-insta-a-la-celac-a-fijar-una-agenda-y-a-definir-la-relacion-con-los-otros-bloques\\\/#webpage\"},\"articleSection\":\"Actualidad\"},{\"@type\":\"BreadcrumbList\",\"@id\":\"https:\\\/\\\/www.eldigitaldeasturias.com\\\/noticias\\\/fernandez-insta-a-la-celac-a-fijar-una-agenda-y-a-definir-la-relacion-con-los-otros-bloques\\\/#breadcrumblist\",\"itemListElement\":[{\"@type\":\"ListItem\",\"@id\":\"https:\\\/\\\/www.eldigitaldeasturias.com\\\/noticias#listItem\",\"position\":1,\"name\":\"Home\",\"item\":\"https:\\\/\\\/www.eldigitaldeasturias.com\\\/noticias\",\"nextItem\":{\"@type\":\"ListItem\",\"@id\":\"https:\\\/\\\/www.eldigitaldeasturias.com\\\/noticias\\\/category\\\/actualidad\\\/#listItem\",\"name\":\"Actualidad\"}},{\"@type\":\"ListItem\",\"@id\":\"https:\\\/\\\/www.eldigitaldeasturias.com\\\/noticias\\\/category\\\/actualidad\\\/#listItem\",\"position\":2,\"name\":\"Actualidad\",\"item\":\"https:\\\/\\\/www.eldigitaldeasturias.com\\\/noticias\\\/category\\\/actualidad\\\/\",\"nextItem\":{\"@type\":\"ListItem\",\"@id\":\"https:\\\/\\\/www.eldigitaldeasturias.com\\\/noticias\\\/fernandez-insta-a-la-celac-a-fijar-una-agenda-y-a-definir-la-relacion-con-los-otros-bloques\\\/#listItem\",\"name\":\"Fern\\u00e1ndez insta a la Celac a fijar una agenda y a definir la relaci\\u00f3n con los otros bloques\"},\"previousItem\":{\"@type\":\"ListItem\",\"@id\":\"https:\\\/\\\/www.eldigitaldeasturias.com\\\/noticias#listItem\",\"name\":\"Home\"}},{\"@type\":\"ListItem\",\"@id\":\"https:\\\/\\\/www.eldigitaldeasturias.com\\\/noticias\\\/fernandez-insta-a-la-celac-a-fijar-una-agenda-y-a-definir-la-relacion-con-los-otros-bloques\\\/#listItem\",\"position\":3,\"name\":\"Fern\\u00e1ndez insta a la Celac a fijar una agenda y a definir la relaci\\u00f3n con los otros bloques\",\"previousItem\":{\"@type\":\"ListItem\",\"@id\":\"https:\\\/\\\/www.eldigitaldeasturias.com\\\/noticias\\\/category\\\/actualidad\\\/#listItem\",\"name\":\"Actualidad\"}}]},{\"@type\":\"Organization\",\"@id\":\"https:\\\/\\\/www.eldigitaldeasturias.com\\\/noticias\\\/#organization\",\"name\":\"El Digital de Asturias\",\"description\":\"Hemeroteca\",\"url\":\"https:\\\/\\\/www.eldigitaldeasturias.com\\\/noticias\\\/\",\"email\":\"info@eldigitaldeasturias.com\",\"telephone\":\"+34652131393\",\"logo\":{\"@type\":\"ImageObject\",\"url\":\"https:\\\/\\\/www.eldigitaldeasturias.com\\\/noticias\\\/wp-content\\\/uploads\\\/2020\\\/12\\\/EDA.jpg\",\"@id\":\"https:\\\/\\\/www.eldigitaldeasturias.com\\\/noticias\\\/fernandez-insta-a-la-celac-a-fijar-una-agenda-y-a-definir-la-relacion-con-los-otros-bloques\\\/#organizationLogo\"},\"image\":{\"@id\":\"https:\\\/\\\/www.eldigitaldeasturias.com\\\/noticias\\\/fernandez-insta-a-la-celac-a-fijar-una-agenda-y-a-definir-la-relacion-con-los-otros-bloques\\\/#organizationLogo\"},\"sameAs\":[\"https:\\\/\\\/facebook.com\\\/eldigitaldeasturias\",\"https:\\\/\\\/www.youtube.com\\\/channel\\\/UCZP-2wLEB9Rv6erhFmqVnvg\"],\"address\":{\"@id\":\"https:\\\/\\\/www.eldigitaldeasturias.com\\\/noticias\\\/#postaladdress\",\"@type\":\"PostalAddress\",\"streetAddress\":\"san antonio 4\",\"postalCode\":\"33430\",\"addressLocality\":\"Cand\\u00e1s\",\"addressRegion\":\"Asturias\",\"addressCountry\":\"ES\"}},{\"@type\":\"Person\",\"@id\":\"https:\\\/\\\/www.eldigitaldeasturias.com\\\/noticias\\\/author\\\/admin\\\/#author\",\"url\":\"https:\\\/\\\/www.eldigitaldeasturias.com\\\/noticias\\\/author\\\/admin\\\/\",\"name\":\"El Digital de Asturias\",\"image\":{\"@type\":\"ImageObject\",\"@id\":\"https:\\\/\\\/www.eldigitaldeasturias.com\\\/noticias\\\/fernandez-insta-a-la-celac-a-fijar-una-agenda-y-a-definir-la-relacion-con-los-otros-bloques\\\/#authorImage\",\"url\":\"https:\\\/\\\/secure.gravatar.com\\\/avatar\\\/df2aeffc32bcd13f8d26072ef8a91b623d677766deac7f97ca815868cd41bf5e?s=96&d=mm&r=g\",\"width\":96,\"height\":96,\"caption\":\"El Digital de Asturias\"}},{\"@type\":\"WebPage\",\"@id\":\"https:\\\/\\\/www.eldigitaldeasturias.com\\\/noticias\\\/fernandez-insta-a-la-celac-a-fijar-una-agenda-y-a-definir-la-relacion-con-los-otros-bloques\\\/#webpage\",\"url\":\"https:\\\/\\\/www.eldigitaldeasturias.com\\\/noticias\\\/fernandez-insta-a-la-celac-a-fijar-una-agenda-y-a-definir-la-relacion-con-los-otros-bloques\\\/\",\"name\":\"Fern\\u00e1ndez insta a la Celac a fijar una agenda y a definir la relaci\\u00f3n con los otros bloques - El Digital de Asturias\",\"description\":\"La Habana, 29 ene (EFE).- La presidenta de Argentina, Cristina Fern\\u00e1ndez, cit\\u00f3 entre los desaf\\u00edos que tiene por delante la Comunidad de Estados Latinoamericanos y del Caribe (Celac) la construcci\\u00f3n de una agenda e identificar \\\"sin prejuicios\\\" cu\\u00e1l va a ser la relaci\\u00f3n del grupo con otros bloques del mundo. En un discurso en la\",\"inLanguage\":\"es-ES\",\"isPartOf\":{\"@id\":\"https:\\\/\\\/www.eldigitaldeasturias.com\\\/noticias\\\/#website\"},\"breadcrumb\":{\"@id\":\"https:\\\/\\\/www.eldigitaldeasturias.com\\\/noticias\\\/fernandez-insta-a-la-celac-a-fijar-una-agenda-y-a-definir-la-relacion-con-los-otros-bloques\\\/#breadcrumblist\"},\"author\":{\"@id\":\"https:\\\/\\\/www.eldigitaldeasturias.com\\\/noticias\\\/author\\\/admin\\\/#author\"},\"creator\":{\"@id\":\"https:\\\/\\\/www.eldigitaldeasturias.com\\\/noticias\\\/author\\\/admin\\\/#author\"},\"image\":{\"@type\":\"ImageObject\",\"url\":\"https:\\\/\\\/www.eldigitaldeasturias.com\\\/noticias\\\/wp-content\\\/uploads\\\/2026\\\/06\\\/Contenidos.jpg\",\"@id\":\"https:\\\/\\\/www.eldigitaldeasturias.com\\\/noticias\\\/fernandez-insta-a-la-celac-a-fijar-una-agenda-y-a-definir-la-relacion-con-los-otros-bloques\\\/#mainImage\",\"width\":1265,\"height\":697,\"caption\":\"Contenidos\"},\"primaryImageOfPage\":{\"@id\":\"https:\\\/\\\/www.eldigitaldeasturias.com\\\/noticias\\\/fernandez-insta-a-la-celac-a-fijar-una-agenda-y-a-definir-la-relacion-con-los-otros-bloques\\\/#mainImage\"},\"datePublished\":\"2014-01-29T15:30:47+01:00\",\"dateModified\":\"2014-01-29T15:30:47+01:00\"},{\"@type\":\"WebSite\",\"@id\":\"https:\\\/\\\/www.eldigitaldeasturias.com\\\/noticias\\\/#website\",\"url\":\"https:\\\/\\\/www.eldigitaldeasturias.com\\\/noticias\\\/\",\"name\":\"El Digital de Asturias - Diario de actualidad y noticias\",\"alternateName\":\"El Digital de Asturias - Diario de actualidad y noticias\",\"description\":\"Hemeroteca\",\"inLanguage\":\"es-ES\",\"publisher\":{\"@id\":\"https:\\\/\\\/www.eldigitaldeasturias.com\\\/noticias\\\/#organization\"}}]}\n\t\t<\/script>\n\t\t<!-- All in One SEO Pro -->\r\n\t\t<title>Fern\u00e1ndez insta a la Celac a fijar una agenda y a definir la relaci\u00f3n con los otros bloques - El Digital de Asturias<\/title>\n\n","aioseo_head_json":{"title":"Fern\u00e1ndez insta a la Celac a fijar una agenda y a definir la relaci\u00f3n con los otros bloques - El Digital de Asturias","description":"La Habana, 29 ene (EFE).- La presidenta de Argentina, Cristina Fern\u00e1ndez, cit\u00f3 entre los desaf\u00edos que tiene por delante la Comunidad de Estados Latinoamericanos y del Caribe (Celac) la construcci\u00f3n de una agenda e identificar \"sin prejuicios\" cu\u00e1l va a ser la relaci\u00f3n del grupo con otros bloques del mundo. En un discurso en la","canonical_url":"https:\/\/www.eldigitaldeasturias.com\/noticias\/fernandez-insta-a-la-celac-a-fijar-una-agenda-y-a-definir-la-relacion-con-los-otros-bloques\/","robots":"max-image-preview:large","keywords":"actualidad","webmasterTools":{"google-site-verification":"UA-38556648-1","msvalidate.01":"7dfe9f3f1b24437ab69f4f2559babe99","miscellaneous":""},"schema":{"@context":"https:\/\/schema.org","@graph":[{"@type":"BlogPosting","@id":"https:\/\/www.eldigitaldeasturias.com\/noticias\/fernandez-insta-a-la-celac-a-fijar-una-agenda-y-a-definir-la-relacion-con-los-otros-bloques\/#blogposting","name":"Fern\u00e1ndez insta a la Celac a fijar una agenda y a definir la relaci\u00f3n con los otros bloques - El Digital de Asturias","headline":"Fern\u00e1ndez insta a la Celac a fijar una agenda y a definir la relaci\u00f3n con los otros bloques","author":{"@id":"https:\/\/www.eldigitaldeasturias.com\/noticias\/author\/admin\/#author"},"publisher":{"@id":"https:\/\/www.eldigitaldeasturias.com\/noticias\/#organization"},"image":{"@type":"ImageObject","url":"https:\/\/www.eldigitaldeasturias.com\/noticias\/wp-content\/uploads\/2026\/06\/Contenidos.jpg","width":1265,"height":697,"caption":"Contenidos"},"datePublished":"2014-01-29T15:30:47+01:00","dateModified":"2014-01-29T15:30:47+01:00","inLanguage":"es-ES","mainEntityOfPage":{"@id":"https:\/\/www.eldigitaldeasturias.com\/noticias\/fernandez-insta-a-la-celac-a-fijar-una-agenda-y-a-definir-la-relacion-con-los-otros-bloques\/#webpage"},"isPartOf":{"@id":"https:\/\/www.eldigitaldeasturias.com\/noticias\/fernandez-insta-a-la-celac-a-fijar-una-agenda-y-a-definir-la-relacion-con-los-otros-bloques\/#webpage"},"articleSection":"Actualidad"},{"@type":"BreadcrumbList","@id":"https:\/\/www.eldigitaldeasturias.com\/noticias\/fernandez-insta-a-la-celac-a-fijar-una-agenda-y-a-definir-la-relacion-con-los-otros-bloques\/#breadcrumblist","itemListElement":[{"@type":"ListItem","@id":"https:\/\/www.eldigitaldeasturias.com\/noticias#listItem","position":1,"name":"Home","item":"https:\/\/www.eldigitaldeasturias.com\/noticias","nextItem":{"@type":"ListItem","@id":"https:\/\/www.eldigitaldeasturias.com\/noticias\/category\/actualidad\/#listItem","name":"Actualidad"}},{"@type":"ListItem","@id":"https:\/\/www.eldigitaldeasturias.com\/noticias\/category\/actualidad\/#listItem","position":2,"name":"Actualidad","item":"https:\/\/www.eldigitaldeasturias.com\/noticias\/category\/actualidad\/","nextItem":{"@type":"ListItem","@id":"https:\/\/www.eldigitaldeasturias.com\/noticias\/fernandez-insta-a-la-celac-a-fijar-una-agenda-y-a-definir-la-relacion-con-los-otros-bloques\/#listItem","name":"Fern\u00e1ndez insta a la Celac a fijar una agenda y a definir la relaci\u00f3n con los otros bloques"},"previousItem":{"@type":"ListItem","@id":"https:\/\/www.eldigitaldeasturias.com\/noticias#listItem","name":"Home"}},{"@type":"ListItem","@id":"https:\/\/www.eldigitaldeasturias.com\/noticias\/fernandez-insta-a-la-celac-a-fijar-una-agenda-y-a-definir-la-relacion-con-los-otros-bloques\/#listItem","position":3,"name":"Fern\u00e1ndez insta a la Celac a fijar una agenda y a definir la relaci\u00f3n con los otros bloques","previousItem":{"@type":"ListItem","@id":"https:\/\/www.eldigitaldeasturias.com\/noticias\/category\/actualidad\/#listItem","name":"Actualidad"}}]},{"@type":"Organization","@id":"https:\/\/www.eldigitaldeasturias.com\/noticias\/#organization","name":"El Digital de Asturias","description":"Hemeroteca","url":"https:\/\/www.eldigitaldeasturias.com\/noticias\/","email":"info@eldigitaldeasturias.com","telephone":"+34652131393","logo":{"@type":"ImageObject","url":"https:\/\/www.eldigitaldeasturias.com\/noticias\/wp-content\/uploads\/2020\/12\/EDA.jpg","@id":"https:\/\/www.eldigitaldeasturias.com\/noticias\/fernandez-insta-a-la-celac-a-fijar-una-agenda-y-a-definir-la-relacion-con-los-otros-bloques\/#organizationLogo"},"image":{"@id":"https:\/\/www.eldigitaldeasturias.com\/noticias\/fernandez-insta-a-la-celac-a-fijar-una-agenda-y-a-definir-la-relacion-con-los-otros-bloques\/#organizationLogo"},"sameAs":["https:\/\/facebook.com\/eldigitaldeasturias","https:\/\/www.youtube.com\/channel\/UCZP-2wLEB9Rv6erhFmqVnvg"],"address":{"@id":"https:\/\/www.eldigitaldeasturias.com\/noticias\/#postaladdress","@type":"PostalAddress","streetAddress":"san antonio 4","postalCode":"33430","addressLocality":"Cand\u00e1s","addressRegion":"Asturias","addressCountry":"ES"}},{"@type":"Person","@id":"https:\/\/www.eldigitaldeasturias.com\/noticias\/author\/admin\/#author","url":"https:\/\/www.eldigitaldeasturias.com\/noticias\/author\/admin\/","name":"El Digital de Asturias","image":{"@type":"ImageObject","@id":"https:\/\/www.eldigitaldeasturias.com\/noticias\/fernandez-insta-a-la-celac-a-fijar-una-agenda-y-a-definir-la-relacion-con-los-otros-bloques\/#authorImage","url":"https:\/\/secure.gravatar.com\/avatar\/df2aeffc32bcd13f8d26072ef8a91b623d677766deac7f97ca815868cd41bf5e?s=96&d=mm&r=g","width":96,"height":96,"caption":"El Digital de Asturias"}},{"@type":"WebPage","@id":"https:\/\/www.eldigitaldeasturias.com\/noticias\/fernandez-insta-a-la-celac-a-fijar-una-agenda-y-a-definir-la-relacion-con-los-otros-bloques\/#webpage","url":"https:\/\/www.eldigitaldeasturias.com\/noticias\/fernandez-insta-a-la-celac-a-fijar-una-agenda-y-a-definir-la-relacion-con-los-otros-bloques\/","name":"Fern\u00e1ndez insta a la Celac a fijar una agenda y a definir la relaci\u00f3n con los otros bloques - El Digital de Asturias","description":"La Habana, 29 ene (EFE).- La presidenta de Argentina, Cristina Fern\u00e1ndez, cit\u00f3 entre los desaf\u00edos que tiene por delante la Comunidad de Estados Latinoamericanos y del Caribe (Celac) la construcci\u00f3n de una agenda e identificar \"sin prejuicios\" cu\u00e1l va a ser la relaci\u00f3n del grupo con otros bloques del mundo. En un discurso en la","inLanguage":"es-ES","isPartOf":{"@id":"https:\/\/www.eldigitaldeasturias.com\/noticias\/#website"},"breadcrumb":{"@id":"https:\/\/www.eldigitaldeasturias.com\/noticias\/fernandez-insta-a-la-celac-a-fijar-una-agenda-y-a-definir-la-relacion-con-los-otros-bloques\/#breadcrumblist"},"author":{"@id":"https:\/\/www.eldigitaldeasturias.com\/noticias\/author\/admin\/#author"},"creator":{"@id":"https:\/\/www.eldigitaldeasturias.com\/noticias\/author\/admin\/#author"},"image":{"@type":"ImageObject","url":"https:\/\/www.eldigitaldeasturias.com\/noticias\/wp-content\/uploads\/2026\/06\/Contenidos.jpg","@id":"https:\/\/www.eldigitaldeasturias.com\/noticias\/fernandez-insta-a-la-celac-a-fijar-una-agenda-y-a-definir-la-relacion-con-los-otros-bloques\/#mainImage","width":1265,"height":697,"caption":"Contenidos"},"primaryImageOfPage":{"@id":"https:\/\/www.eldigitaldeasturias.com\/noticias\/fernandez-insta-a-la-celac-a-fijar-una-agenda-y-a-definir-la-relacion-con-los-otros-bloques\/#mainImage"},"datePublished":"2014-01-29T15:30:47+01:00","dateModified":"2014-01-29T15:30:47+01:00"},{"@type":"WebSite","@id":"https:\/\/www.eldigitaldeasturias.com\/noticias\/#website","url":"https:\/\/www.eldigitaldeasturias.com\/noticias\/","name":"El Digital de Asturias - Diario de actualidad y noticias","alternateName":"El Digital de Asturias - Diario de actualidad y noticias","description":"Hemeroteca","inLanguage":"es-ES","publisher":{"@id":"https:\/\/www.eldigitaldeasturias.com\/noticias\/#organization"}}]},"og:locale":"es_ES","og:site_name":"El Digital de Asturias","og:type":"article","og:title":"Fern\u00e1ndez insta a la Celac a fijar una agenda y a definir la relaci\u00f3n con los otros bloques - El Digital de Asturias","og:description":"La Habana, 29 ene (EFE).- La presidenta de Argentina, Cristina Fern\u00e1ndez, cit\u00f3 entre los desaf\u00edos que tiene por delante la Comunidad de Estados Latinoamericanos y del Caribe (Celac) la construcci\u00f3n de una agenda e identificar &quot;sin prejuicios&quot; cu\u00e1l va a ser la relaci\u00f3n del grupo con otros bloques del mundo. En un discurso en la","og:url":"https:\/\/www.eldigitaldeasturias.com\/noticias\/fernandez-insta-a-la-celac-a-fijar-una-agenda-y-a-definir-la-relacion-con-los-otros-bloques\/","og:image":"https:\/\/www.eldigitaldeasturias.com\/noticias\/wp-content\/uploads\/2026\/06\/Contenidos.jpg","og:image:secure_url":"https:\/\/www.eldigitaldeasturias.com\/noticias\/wp-content\/uploads\/2026\/06\/Contenidos.jpg","og:image:width":1265,"og:image:height":697,"article:tag":["actualidad"],"article:published_time":"2014-01-29T16:30:47+00:00","article:modified_time":"2014-01-29T16:30:47+00:00","article:publisher":"https:\/\/facebook.com\/eldigitaldeasturias","twitter:card":"summary_large_image","twitter:title":"Fern\u00e1ndez insta a la Celac a fijar una agenda y a definir la relaci\u00f3n con los otros bloques - El Digital de Asturias","twitter:description":"La Habana, 29 ene (EFE).- La presidenta de Argentina, Cristina Fern\u00e1ndez, cit\u00f3 entre los desaf\u00edos que tiene por delante la Comunidad de Estados Latinoamericanos y del Caribe (Celac) la construcci\u00f3n de una agenda e identificar &quot;sin prejuicios&quot; cu\u00e1l va a ser la relaci\u00f3n del grupo con otros bloques del mundo. En un discurso en la","twitter:image":"https:\/\/www.eldigitaldeasturias.com\/noticias\/wp-content\/uploads\/2026\/06\/Contenidos.jpg","twitter:label1":"Escrito por","twitter:data1":"El Digital de Asturias","twitter:label2":"Tiempo de lectura estimado","twitter:data2":"2 minutos"},"aioseo_meta_data":{"post_id":"480068","title":null,"description":null,"keywords":null,"keyphrases":null,"primary_term":null,"canonical_url":null,"og_title":null,"og_description":null,"og_object_type":"default","og_image_type":"default","og_image_url":null,"og_image_width":null,"og_image_height":null,"og_image_custom_url":null,"og_image_custom_fields":null,"og_video":null,"og_custom_url":null,"og_article_section":null,"og_article_tags":null,"twitter_use_og":true,"twitter_card":"default","twitter_image_type":"default","twitter_image_url":null,"twitter_image_custom_url":null,"twitter_image_custom_fields":null,"twitter_title":null,"twitter_description":null,"schema":{"blockGraphs":[],"customGraphs":[],"default":{"data":{"Article":[],"Course":[],"Dataset":[],"FAQPage":[],"Movie":[],"Person":[],"Product":[],"ProductReview":[],"Car":[],"Recipe":[],"Service":[],"SoftwareApplication":[],"WebPage":[]},"graphName":"","isEnabled":true},"graphs":[],"defaultGraph":"","defaultPostTypeGraph":""},"schema_type":null,"schema_type_options":null,"pillar_content":false,"robots_default":true,"robots_noindex":false,"robots_noarchive":false,"robots_nosnippet":false,"robots_nofollow":false,"robots_noimageindex":false,"robots_noodp":false,"robots_notranslate":false,"robots_max_snippet":null,"robots_max_videopreview":null,"robots_max_imagepreview":"none","priority":null,"frequency":null,"local_seo":null,"seo_analyzer_scan_date":"2026-06-02 02:35:10","breadcrumb_settings":null,"limit_modified_date":false,"open_ai":null,"ai":null,"created":"2020-11-14 22:54:08","updated":"2026-06-02 02:35:10","focus_keyword":null,"additional_keywords":null,"truseo_locale":null},"aioseo_breadcrumb":"<div class=\"aioseo-breadcrumbs\"><span class=\"aioseo-breadcrumb\">\n\t<a href=\"https:\/\/www.eldigitaldeasturias.com\/noticias\" title=\"Home\">Home<\/a>\n<\/span><span class=\"aioseo-breadcrumb-separator\">\u2013<\/span><span class=\"aioseo-breadcrumb\">\n\t<a href=\"https:\/\/www.eldigitaldeasturias.com\/noticias\/category\/actualidad\/\" title=\"Actualidad\">Actualidad<\/a>\n<\/span><span class=\"aioseo-breadcrumb-separator\">\u2013<\/span><span class=\"aioseo-breadcrumb\">\n\t<a href=\"https:\/\/www.eldigitaldeasturias.com\/noticias\/fernandez-insta-a-la-celac-a-fijar-una-agenda-y-a-definir-la-relacion-con-los-otros-bloques\/\" title=\"Fern\u00e1ndez insta a la Celac a fijar una agenda y a definir la relaci\u00f3n con los otros bloques\">Fern\u00e1ndez insta a la Celac a fijar una agenda y a definir la relaci\u00f3n con los otros bloques<\/a>\n<\/span><\/div>","aioseo_breadcrumb_json":[{"label":"Home","link":"https:\/\/www.eldigitaldeasturias.com\/noticias"},{"label":"Actualidad","link":"https:\/\/www.eldigitaldeasturias.com\/noticias\/category\/actualidad\/"},{"label":"Fern\u00e1ndez insta a la Celac a fijar una agenda y a definir la relaci\u00f3n con los otros bloques","link":"https:\/\/www.eldigitaldeasturias.com\/noticias\/fernandez-insta-a-la-celac-a-fijar-una-agenda-y-a-definir-la-relacion-con-los-otros-bloques\/"}],"_links":{"self":[{"href":"https:\/\/www.eldigitaldeasturias.com\/noticias\/wp-json\/wp\/v2\/posts\/480068","targetHints":{"allow":["GET"]}}],"collection":[{"href":"https:\/\/www.eldigitaldeasturias.com\/noticias\/wp-json\/wp\/v2\/posts"}],"about":[{"href":"https:\/\/www.eldigitaldeasturias.com\/noticias\/wp-json\/wp\/v2\/types\/post"}],"author":[{"embeddable":true,"href":"https:\/\/www.eldigitaldeasturias.com\/noticias\/wp-json\/wp\/v2\/users\/1"}],"replies":[{"embeddable":true,"href":"https:\/\/www.eldigitaldeasturias.com\/noticias\/wp-json\/wp\/v2\/comments?post=480068"}],"version-history":[{"count":0,"href":"https:\/\/www.eldigitaldeasturias.com\/noticias\/wp-json\/wp\/v2\/posts\/480068\/revisions"}],"wp:featuredmedia":[{"embeddable":true,"href":"https:\/\/www.eldigitaldeasturias.com\/noticias\/wp-json\/wp\/v2\/media\/1132184"}],"wp:attachment":[{"href":"https:\/\/www.eldigitaldeasturias.com\/noticias\/wp-json\/wp\/v2\/media?parent=480068"}],"wp:term":[{"taxonomy":"category","embeddable":true,"href":"https:\/\/www.eldigitaldeasturias.com\/noticias\/wp-json\/wp\/v2\/categories?post=480068"},{"taxonomy":"post_tag","embeddable":true,"href":"https:\/\/www.eldigitaldeasturias.com\/noticias\/wp-json\/wp\/v2\/tags?post=480068"}],"curies":[{"name":"wp","href":"https:\/\/api.w.org\/{rel}","templated":true}]}}