{"id":480053,"date":"2014-01-29T14:57:08","date_gmt":"2014-01-29T15:57:08","guid":{"rendered":"http:\/\/www.eldigitaldeasturias.com\/noticias\/?p=480053"},"modified":"2014-01-29T14:57:08","modified_gmt":"2014-01-29T15:57:08","slug":"el-protagonismo-de-ban-contrasta-con-la-discrecion-de-insulza-en-la-cumbre-de-la-celac","status":"publish","type":"post","link":"https:\/\/www.eldigitaldeasturias.com\/noticias\/el-protagonismo-de-ban-contrasta-con-la-discrecion-de-insulza-en-la-cumbre-de-la-celac\/","title":{"rendered":"El protagonismo de Ban contrasta con la discreci\u00f3n de Insulza en la Cumbre de la Celac"},"content":{"rendered":"<p><img loading=\"lazy\" decoding=\"async\" class=\"alignleft size-medium wp-image-480054\" alt=\"5885079w\" src=\"https:\/\/www.eldigitaldeasturias.com\/noticias\/wp-content\/uploads\/2014\/01\/5885079w-360x273.jpg\" width=\"360\" height=\"273\" \/>La Habana, 29 ene (EFE).- La participaci\u00f3n del secretario general de la ONU, Ban Ki-moon, en la II Cumbre de la Celac cobr\u00f3 gran protagonismo, que contrast\u00f3 con la discreta presencia del titular de la OEA, Jos\u00e9 Miguel Insulza, en una visita hist\u00f3rica a la isla.<\/p>\n<p>Ambos dirigentes fueron invitados por Cuba al c\u00f3nclave de la Comunidad de Estados Latinoamericanos y Caribe\u00f1os (Celac), en el que participan casi una treintena de jefes de Estado y de Gobierno.<\/p>\n<p>Desde su llegada a la capital cubana la madrugada del lunes, el titular de Naciones Unidas recibi\u00f3 tratamiento de jefe de Estado y hoy se encarg\u00f3 de abrir la sesi\u00f3n plenaria de la cumbre con un discurso en el que inst\u00f3 a la regi\u00f3n a seguir fortaleciendo los derechos humanos.<\/p>\n<p>Expres\u00f3 su confianza en que la cita presidencial, que concluye este mi\u00e9rcoles y que calific\u00f3 de \u00abhist\u00f3rica\u00bb, \u00abcontribuir\u00e1 a la paz, el desarrollo y los derechos humanos en la regi\u00f3n\u00bb.<\/p>\n<p>Ban destac\u00f3 que ve a Am\u00e9rica Latina como una regi\u00f3n decidida a afrontar unida obst\u00e1culos como la desigualdad, la inseguridad o la injusticia.<\/p>\n<p>Tras vivir \u00e9pocas turbulentas, la regi\u00f3n ha salido fortalecida, dijo el secretario general de la ONU, quien valor\u00f3 la reducci\u00f3n de la pobreza extrema y la soluci\u00f3n de las diferencias mediante el di\u00e1logo.<\/p>\n<p>Adem\u00e1s, Ban sostuvo hoy una reuni\u00f3n con el ex mandatario cubano Fidel Castro y dijo estar \u00abprofundamente impresionado\u00bb por su espiritualidad y fortaleza f\u00edsica, as\u00ed como \u00abagradecido\u00bb por su liderazgo y visi\u00f3n.<\/p>\n<p>Un d\u00eda despu\u00e9s de entrevistarse con el presidente cubano, Ra\u00fal Castro, y el vicepresidente Marino Murillo, dijo que hab\u00eda abordado la cuesti\u00f3n de los derechos humanos y pedido a la isla la ratificaci\u00f3n de pactos internacionales en esa materia.<\/p>\n<p>Agreg\u00f3 que habl\u00f3 con los funcionarios cubanos sobre la necesidad de jugar un papel m\u00e1s importante en el fortalecimiento de los derechos humanos, especialmente la libertad de reuni\u00f3n y asociaci\u00f3n, y dijo no tener informaci\u00f3n precisa sobre las detenciones arbitrarias contra disidentes.<\/p>\n<p>En los \u00faltimos d\u00edas, la disidencia interna cubana ha denunciado una ola represiva, con decenas de detenciones temporales y arrestos domiciliarios, para impedir algunos foros y reuniones \u00abparalelos\u00bb a la cumbre que grupos opositores hab\u00edan convocado.<\/p>\n<p>El Gobierno de la isla considera a los disidentes \u00abcontrarrevolucionarios\u00bb y mercenarios al servicio de Estados Unidos.<\/p>\n<p>La atenci\u00f3n que ha acaparado Ban durante su visita a la isla contrasta con el papel discreto del titular de la Organizaci\u00f3n de Estados Americanos (OEA), pese al simbolismo de su presencia en Cuba.<\/p>\n<p>En declaraciones a Efe, Insulza dijo hoy que le alegrar\u00eda ver a Cuba de vuelta en la organizaci\u00f3n hemisf\u00e9rica, pero descart\u00f3 que eso se vaya a producir a partir de su visita a la isla con motivo de la cumbre, a la que fue invitado, seg\u00fan La Habana, por \u00abcortes\u00eda diplom\u00e1tica\u00bb.<\/p>\n<p>Confi\u00f3 en que su presencia en La Habana contribuya \u00aba avanzar hasta el pleno cumplimiento de la Carta de la OEA\u00bb, que dice que \u00abtodos los pa\u00edses independientes de Am\u00e9rica son miembros de la organizaci\u00f3n\u00bb.<\/p>\n<p>El ex ministro chileno, quien en 2009 promovi\u00f3 el levantamiento de la suspensi\u00f3n de Cuba como miembro del sistema interamericano en 1962, admiti\u00f3 que esta es la primera visita de un titular de la OEA a la isla \u00abpor lo menos desde 1959\u00bb.<\/p>\n<p>\u00abMe alegra mucho de romper ese tab\u00fa porque creo que realmente es lo que nos conviene\u00bb, dijo Insulza, si bien descart\u00f3 que esta sea la oportunidad para conversar sobre el retorno de la isla a la OEA tras el levantamiento en 2009 de unas sanciones \u00abbastante absurdas\u00bb, de la \u00e9poca de la Guerra Fr\u00eda, contra Cuba.<\/p>\n<p>Ese a\u00f1o se \u00abfij\u00f3 un procedimiento a trav\u00e9s del cual Cuba puede volver a la OEA cuando quiera, pero no se ha cumplido (&#8230;) por lo cual est\u00e1 eso pendiente\u00bb, record\u00f3.<\/p>\n<p>La Habana ha dicho desde entonces que no volver\u00e1 a un organismo que considera obsoleto y en el que, seg\u00fan Cuba, predominan los intereses de Estados Unidos.<\/p>\n<p>En su discurso ante sus colegas de la regi\u00f3n, el presidente de Ecuador, Rafael Correa, critic\u00f3 el sistema interamericano al se\u00f1alar las cr\u00edticas que afronta por \u00absus inconsistencias, incoherencias y doble moral\u00bb.<\/p>\n<p>Se pregunt\u00f3 para qu\u00e9 sirve la OEA si \u00abpermite un descarado colonialismo al frente de nuestras costas, como es el caso de las Islas Malvinas\u00bb y \u00abel criminal bloqueo a Cuba, que rompe toda la carta fundacional de la organizaci\u00f3n, el derecho internacional y los derechos humanos\u00bb.<\/p>\n<p>Adem\u00e1s de Ban e Insulza, la cumbre cuenta con otros invitados internacionales como el secretario general Iberoamericano, Enrique Iglesias, y la secretaria ejecutiva de la Comisi\u00f3n Econ\u00f3mica para Am\u00e9rica Latina y el Caribe (Cepal), Alicia B\u00e1rcena.<\/p>\n","protected":false},"excerpt":{"rendered":"<p>La Habana, 29 ene (EFE).- La participaci\u00f3n del secretario general de la ONU, Ban Ki-moon, en la II Cumbre de la Celac cobr\u00f3 gran protagonismo, que contrast\u00f3 con la discreta presencia del titular de la OEA, Jos\u00e9 Miguel Insulza, en una visita hist\u00f3rica a la isla. Ambos dirigentes fueron invitados por Cuba al c\u00f3nclave de [&hellip;]<\/p>\n","protected":false},"author":1,"featured_media":1132184,"comment_status":"closed","ping_status":"open","sticky":false,"template":"","format":"standard","meta":{"footnotes":""},"categories":[1],"tags":[],"class_list":["post-480053","post","type-post","status-publish","format-standard","has-post-thumbnail","hentry","category-actualidad"],"aioseo_notices":[],"aioseo_head":"\n\t\t<!-- All in One SEO Pro 5.0.1 - aioseo.com -->\n\t<meta name=\"description\" content=\"La Habana, 29 ene (EFE).- La participaci\u00f3n del secretario general de la ONU, Ban Ki-moon, en la II Cumbre de la Celac cobr\u00f3 gran protagonismo, que contrast\u00f3 con la discreta presencia del titular de la OEA, Jos\u00e9 Miguel Insulza, en una visita hist\u00f3rica a la isla. Ambos dirigentes fueron invitados por Cuba al c\u00f3nclave de\" \/>\n\t<meta name=\"robots\" content=\"max-image-preview:large\" \/>\n\t<meta name=\"author\" content=\"El Digital de Asturias\"\/>\n\t<meta name=\"google-site-verification\" content=\"UA-38556648-1\" \/>\n\t<meta name=\"msvalidate.01\" content=\"7dfe9f3f1b24437ab69f4f2559babe99\" \/>\n\t<meta name=\"keywords\" content=\"actualidad\" \/>\n\t<link rel=\"canonical\" href=\"https:\/\/www.eldigitaldeasturias.com\/noticias\/el-protagonismo-de-ban-contrasta-con-la-discrecion-de-insulza-en-la-cumbre-de-la-celac\/\" \/>\n\t<meta name=\"generator\" content=\"All in One SEO Pro (AIOSEO) 5.0.1\" \/>\n\t\t<meta property=\"og:locale\" content=\"es_ES\" \/>\n\t\t<meta property=\"og:site_name\" content=\"El Digital de Asturias\" \/>\n\t\t<meta property=\"og:type\" content=\"article\" \/>\n\t\t<meta property=\"og:title\" content=\"El protagonismo de Ban contrasta con la discreci\u00f3n de Insulza en la Cumbre de la Celac - El Digital de Asturias\" \/>\n\t\t<meta property=\"og:description\" content=\"La Habana, 29 ene (EFE).- La participaci\u00f3n del secretario general de la ONU, Ban Ki-moon, en la II Cumbre de la Celac cobr\u00f3 gran protagonismo, que contrast\u00f3 con la discreta presencia del titular de la OEA, Jos\u00e9 Miguel Insulza, en una visita hist\u00f3rica a la isla. Ambos dirigentes fueron invitados por Cuba al c\u00f3nclave de\" \/>\n\t\t<meta property=\"og:url\" content=\"https:\/\/www.eldigitaldeasturias.com\/noticias\/el-protagonismo-de-ban-contrasta-con-la-discrecion-de-insulza-en-la-cumbre-de-la-celac\/\" \/>\n\t\t<meta property=\"og:image\" content=\"https:\/\/www.eldigitaldeasturias.com\/noticias\/wp-content\/uploads\/2026\/06\/Contenidos.jpg\" \/>\n\t\t<meta property=\"og:image:secure_url\" content=\"https:\/\/www.eldigitaldeasturias.com\/noticias\/wp-content\/uploads\/2026\/06\/Contenidos.jpg\" \/>\n\t\t<meta property=\"og:image:width\" content=\"1265\" \/>\n\t\t<meta property=\"og:image:height\" content=\"697\" \/>\n\t\t<meta property=\"article:tag\" content=\"actualidad\" \/>\n\t\t<meta property=\"article:published_time\" content=\"2014-01-29T15:57:08+00:00\" \/>\n\t\t<meta property=\"article:modified_time\" content=\"2014-01-29T15:57:08+00:00\" \/>\n\t\t<meta property=\"article:publisher\" content=\"https:\/\/facebook.com\/eldigitaldeasturias\" \/>\n\t\t<meta name=\"twitter:card\" content=\"summary_large_image\" \/>\n\t\t<meta name=\"twitter:title\" content=\"El protagonismo de Ban contrasta con la discreci\u00f3n de Insulza en la Cumbre de la Celac - El Digital de Asturias\" \/>\n\t\t<meta name=\"twitter:description\" content=\"La Habana, 29 ene (EFE).- La participaci\u00f3n del secretario general de la ONU, Ban Ki-moon, en la II Cumbre de la Celac cobr\u00f3 gran protagonismo, que contrast\u00f3 con la discreta presencia del titular de la OEA, Jos\u00e9 Miguel Insulza, en una visita hist\u00f3rica a la isla. Ambos dirigentes fueron invitados por Cuba al c\u00f3nclave de\" \/>\n\t\t<meta name=\"twitter:image\" content=\"https:\/\/www.eldigitaldeasturias.com\/noticias\/wp-content\/uploads\/2026\/06\/Contenidos.jpg\" \/>\n\t\t<meta name=\"twitter:label1\" content=\"Escrito por\" \/>\n\t\t<meta name=\"twitter:data1\" content=\"El Digital de Asturias\" \/>\n\t\t<meta name=\"twitter:label2\" content=\"Tiempo de lectura estimado\" \/>\n\t\t<meta name=\"twitter:data2\" content=\"4 minutos\" \/>\n\t\t<script type=\"application\/ld+json\" class=\"aioseo-schema\">\n\t\t\t{\"@context\":\"https:\\\/\\\/schema.org\",\"@graph\":[{\"@type\":\"BlogPosting\",\"@id\":\"https:\\\/\\\/www.eldigitaldeasturias.com\\\/noticias\\\/el-protagonismo-de-ban-contrasta-con-la-discrecion-de-insulza-en-la-cumbre-de-la-celac\\\/#blogposting\",\"name\":\"El protagonismo de Ban contrasta con la discreci\\u00f3n de Insulza en la Cumbre de la Celac - El Digital de Asturias\",\"headline\":\"El protagonismo de Ban contrasta con la discreci\\u00f3n de Insulza en la Cumbre de la Celac\",\"author\":{\"@id\":\"https:\\\/\\\/www.eldigitaldeasturias.com\\\/noticias\\\/author\\\/admin\\\/#author\"},\"publisher\":{\"@id\":\"https:\\\/\\\/www.eldigitaldeasturias.com\\\/noticias\\\/#organization\"},\"image\":{\"@type\":\"ImageObject\",\"url\":\"https:\\\/\\\/www.eldigitaldeasturias.com\\\/noticias\\\/wp-content\\\/uploads\\\/2026\\\/06\\\/Contenidos.jpg\",\"width\":1265,\"height\":697,\"caption\":\"Contenidos\"},\"datePublished\":\"2014-01-29T14:57:08+01:00\",\"dateModified\":\"2014-01-29T14:57:08+01:00\",\"inLanguage\":\"es-ES\",\"mainEntityOfPage\":{\"@id\":\"https:\\\/\\\/www.eldigitaldeasturias.com\\\/noticias\\\/el-protagonismo-de-ban-contrasta-con-la-discrecion-de-insulza-en-la-cumbre-de-la-celac\\\/#webpage\"},\"isPartOf\":{\"@id\":\"https:\\\/\\\/www.eldigitaldeasturias.com\\\/noticias\\\/el-protagonismo-de-ban-contrasta-con-la-discrecion-de-insulza-en-la-cumbre-de-la-celac\\\/#webpage\"},\"articleSection\":\"Actualidad\"},{\"@type\":\"BreadcrumbList\",\"@id\":\"https:\\\/\\\/www.eldigitaldeasturias.com\\\/noticias\\\/el-protagonismo-de-ban-contrasta-con-la-discrecion-de-insulza-en-la-cumbre-de-la-celac\\\/#breadcrumblist\",\"itemListElement\":[{\"@type\":\"ListItem\",\"@id\":\"https:\\\/\\\/www.eldigitaldeasturias.com\\\/noticias#listItem\",\"position\":1,\"name\":\"Home\",\"item\":\"https:\\\/\\\/www.eldigitaldeasturias.com\\\/noticias\",\"nextItem\":{\"@type\":\"ListItem\",\"@id\":\"https:\\\/\\\/www.eldigitaldeasturias.com\\\/noticias\\\/category\\\/actualidad\\\/#listItem\",\"name\":\"Actualidad\"}},{\"@type\":\"ListItem\",\"@id\":\"https:\\\/\\\/www.eldigitaldeasturias.com\\\/noticias\\\/category\\\/actualidad\\\/#listItem\",\"position\":2,\"name\":\"Actualidad\",\"item\":\"https:\\\/\\\/www.eldigitaldeasturias.com\\\/noticias\\\/category\\\/actualidad\\\/\",\"nextItem\":{\"@type\":\"ListItem\",\"@id\":\"https:\\\/\\\/www.eldigitaldeasturias.com\\\/noticias\\\/el-protagonismo-de-ban-contrasta-con-la-discrecion-de-insulza-en-la-cumbre-de-la-celac\\\/#listItem\",\"name\":\"El protagonismo de Ban contrasta con la discreci\\u00f3n de Insulza en la Cumbre de la Celac\"},\"previousItem\":{\"@type\":\"ListItem\",\"@id\":\"https:\\\/\\\/www.eldigitaldeasturias.com\\\/noticias#listItem\",\"name\":\"Home\"}},{\"@type\":\"ListItem\",\"@id\":\"https:\\\/\\\/www.eldigitaldeasturias.com\\\/noticias\\\/el-protagonismo-de-ban-contrasta-con-la-discrecion-de-insulza-en-la-cumbre-de-la-celac\\\/#listItem\",\"position\":3,\"name\":\"El protagonismo de Ban contrasta con la discreci\\u00f3n de Insulza en la Cumbre de la Celac\",\"previousItem\":{\"@type\":\"ListItem\",\"@id\":\"https:\\\/\\\/www.eldigitaldeasturias.com\\\/noticias\\\/category\\\/actualidad\\\/#listItem\",\"name\":\"Actualidad\"}}]},{\"@type\":\"Organization\",\"@id\":\"https:\\\/\\\/www.eldigitaldeasturias.com\\\/noticias\\\/#organization\",\"name\":\"El Digital de Asturias\",\"description\":\"Hemeroteca\",\"url\":\"https:\\\/\\\/www.eldigitaldeasturias.com\\\/noticias\\\/\",\"email\":\"info@eldigitaldeasturias.com\",\"telephone\":\"+34652131393\",\"logo\":{\"@type\":\"ImageObject\",\"url\":\"https:\\\/\\\/www.eldigitaldeasturias.com\\\/noticias\\\/wp-content\\\/uploads\\\/2020\\\/12\\\/EDA.jpg\",\"@id\":\"https:\\\/\\\/www.eldigitaldeasturias.com\\\/noticias\\\/el-protagonismo-de-ban-contrasta-con-la-discrecion-de-insulza-en-la-cumbre-de-la-celac\\\/#organizationLogo\"},\"image\":{\"@id\":\"https:\\\/\\\/www.eldigitaldeasturias.com\\\/noticias\\\/el-protagonismo-de-ban-contrasta-con-la-discrecion-de-insulza-en-la-cumbre-de-la-celac\\\/#organizationLogo\"},\"sameAs\":[\"https:\\\/\\\/facebook.com\\\/eldigitaldeasturias\",\"https:\\\/\\\/www.youtube.com\\\/channel\\\/UCZP-2wLEB9Rv6erhFmqVnvg\"],\"address\":{\"@id\":\"https:\\\/\\\/www.eldigitaldeasturias.com\\\/noticias\\\/#postaladdress\",\"@type\":\"PostalAddress\",\"streetAddress\":\"san antonio 4\",\"postalCode\":\"33430\",\"addressLocality\":\"Cand\\u00e1s\",\"addressRegion\":\"Asturias\",\"addressCountry\":\"ES\"}},{\"@type\":\"Person\",\"@id\":\"https:\\\/\\\/www.eldigitaldeasturias.com\\\/noticias\\\/author\\\/admin\\\/#author\",\"url\":\"https:\\\/\\\/www.eldigitaldeasturias.com\\\/noticias\\\/author\\\/admin\\\/\",\"name\":\"El Digital de Asturias\",\"image\":{\"@type\":\"ImageObject\",\"@id\":\"https:\\\/\\\/www.eldigitaldeasturias.com\\\/noticias\\\/el-protagonismo-de-ban-contrasta-con-la-discrecion-de-insulza-en-la-cumbre-de-la-celac\\\/#authorImage\",\"url\":\"https:\\\/\\\/secure.gravatar.com\\\/avatar\\\/df2aeffc32bcd13f8d26072ef8a91b623d677766deac7f97ca815868cd41bf5e?s=96&d=mm&r=g\",\"width\":96,\"height\":96,\"caption\":\"El Digital de Asturias\"}},{\"@type\":\"WebPage\",\"@id\":\"https:\\\/\\\/www.eldigitaldeasturias.com\\\/noticias\\\/el-protagonismo-de-ban-contrasta-con-la-discrecion-de-insulza-en-la-cumbre-de-la-celac\\\/#webpage\",\"url\":\"https:\\\/\\\/www.eldigitaldeasturias.com\\\/noticias\\\/el-protagonismo-de-ban-contrasta-con-la-discrecion-de-insulza-en-la-cumbre-de-la-celac\\\/\",\"name\":\"El protagonismo de Ban contrasta con la discreci\\u00f3n de Insulza en la Cumbre de la Celac - El Digital de Asturias\",\"description\":\"La Habana, 29 ene (EFE).- La participaci\\u00f3n del secretario general de la ONU, Ban Ki-moon, en la II Cumbre de la Celac cobr\\u00f3 gran protagonismo, que contrast\\u00f3 con la discreta presencia del titular de la OEA, Jos\\u00e9 Miguel Insulza, en una visita hist\\u00f3rica a la isla. Ambos dirigentes fueron invitados por Cuba al c\\u00f3nclave de\",\"inLanguage\":\"es-ES\",\"isPartOf\":{\"@id\":\"https:\\\/\\\/www.eldigitaldeasturias.com\\\/noticias\\\/#website\"},\"breadcrumb\":{\"@id\":\"https:\\\/\\\/www.eldigitaldeasturias.com\\\/noticias\\\/el-protagonismo-de-ban-contrasta-con-la-discrecion-de-insulza-en-la-cumbre-de-la-celac\\\/#breadcrumblist\"},\"author\":{\"@id\":\"https:\\\/\\\/www.eldigitaldeasturias.com\\\/noticias\\\/author\\\/admin\\\/#author\"},\"creator\":{\"@id\":\"https:\\\/\\\/www.eldigitaldeasturias.com\\\/noticias\\\/author\\\/admin\\\/#author\"},\"image\":{\"@type\":\"ImageObject\",\"url\":\"https:\\\/\\\/www.eldigitaldeasturias.com\\\/noticias\\\/wp-content\\\/uploads\\\/2026\\\/06\\\/Contenidos.jpg\",\"@id\":\"https:\\\/\\\/www.eldigitaldeasturias.com\\\/noticias\\\/el-protagonismo-de-ban-contrasta-con-la-discrecion-de-insulza-en-la-cumbre-de-la-celac\\\/#mainImage\",\"width\":1265,\"height\":697,\"caption\":\"Contenidos\"},\"primaryImageOfPage\":{\"@id\":\"https:\\\/\\\/www.eldigitaldeasturias.com\\\/noticias\\\/el-protagonismo-de-ban-contrasta-con-la-discrecion-de-insulza-en-la-cumbre-de-la-celac\\\/#mainImage\"},\"datePublished\":\"2014-01-29T14:57:08+01:00\",\"dateModified\":\"2014-01-29T14:57:08+01:00\"},{\"@type\":\"WebSite\",\"@id\":\"https:\\\/\\\/www.eldigitaldeasturias.com\\\/noticias\\\/#website\",\"url\":\"https:\\\/\\\/www.eldigitaldeasturias.com\\\/noticias\\\/\",\"name\":\"El Digital de Asturias - Diario de actualidad y noticias\",\"alternateName\":\"El Digital de Asturias - Diario de actualidad y noticias\",\"description\":\"Hemeroteca\",\"inLanguage\":\"es-ES\",\"publisher\":{\"@id\":\"https:\\\/\\\/www.eldigitaldeasturias.com\\\/noticias\\\/#organization\"}}]}\n\t\t<\/script>\n\t\t<!-- All in One SEO Pro -->\r\n\t\t<title>El protagonismo de Ban contrasta con la discreci\u00f3n de Insulza en la Cumbre de la Celac - El Digital de Asturias<\/title>\n\n","aioseo_head_json":{"title":"El protagonismo de Ban contrasta con la discreci\u00f3n de Insulza en la Cumbre de la Celac - El Digital de Asturias","description":"La Habana, 29 ene (EFE).- La participaci\u00f3n del secretario general de la ONU, Ban Ki-moon, en la II Cumbre de la Celac cobr\u00f3 gran protagonismo, que contrast\u00f3 con la discreta presencia del titular de la OEA, Jos\u00e9 Miguel Insulza, en una visita hist\u00f3rica a la isla. Ambos dirigentes fueron invitados por Cuba al c\u00f3nclave de","canonical_url":"https:\/\/www.eldigitaldeasturias.com\/noticias\/el-protagonismo-de-ban-contrasta-con-la-discrecion-de-insulza-en-la-cumbre-de-la-celac\/","robots":"max-image-preview:large","keywords":"actualidad","webmasterTools":{"google-site-verification":"UA-38556648-1","msvalidate.01":"7dfe9f3f1b24437ab69f4f2559babe99","miscellaneous":""},"schema":{"@context":"https:\/\/schema.org","@graph":[{"@type":"BlogPosting","@id":"https:\/\/www.eldigitaldeasturias.com\/noticias\/el-protagonismo-de-ban-contrasta-con-la-discrecion-de-insulza-en-la-cumbre-de-la-celac\/#blogposting","name":"El protagonismo de Ban contrasta con la discreci\u00f3n de Insulza en la Cumbre de la Celac - El Digital de Asturias","headline":"El protagonismo de Ban contrasta con la discreci\u00f3n de Insulza en la Cumbre de la Celac","author":{"@id":"https:\/\/www.eldigitaldeasturias.com\/noticias\/author\/admin\/#author"},"publisher":{"@id":"https:\/\/www.eldigitaldeasturias.com\/noticias\/#organization"},"image":{"@type":"ImageObject","url":"https:\/\/www.eldigitaldeasturias.com\/noticias\/wp-content\/uploads\/2026\/06\/Contenidos.jpg","width":1265,"height":697,"caption":"Contenidos"},"datePublished":"2014-01-29T14:57:08+01:00","dateModified":"2014-01-29T14:57:08+01:00","inLanguage":"es-ES","mainEntityOfPage":{"@id":"https:\/\/www.eldigitaldeasturias.com\/noticias\/el-protagonismo-de-ban-contrasta-con-la-discrecion-de-insulza-en-la-cumbre-de-la-celac\/#webpage"},"isPartOf":{"@id":"https:\/\/www.eldigitaldeasturias.com\/noticias\/el-protagonismo-de-ban-contrasta-con-la-discrecion-de-insulza-en-la-cumbre-de-la-celac\/#webpage"},"articleSection":"Actualidad"},{"@type":"BreadcrumbList","@id":"https:\/\/www.eldigitaldeasturias.com\/noticias\/el-protagonismo-de-ban-contrasta-con-la-discrecion-de-insulza-en-la-cumbre-de-la-celac\/#breadcrumblist","itemListElement":[{"@type":"ListItem","@id":"https:\/\/www.eldigitaldeasturias.com\/noticias#listItem","position":1,"name":"Home","item":"https:\/\/www.eldigitaldeasturias.com\/noticias","nextItem":{"@type":"ListItem","@id":"https:\/\/www.eldigitaldeasturias.com\/noticias\/category\/actualidad\/#listItem","name":"Actualidad"}},{"@type":"ListItem","@id":"https:\/\/www.eldigitaldeasturias.com\/noticias\/category\/actualidad\/#listItem","position":2,"name":"Actualidad","item":"https:\/\/www.eldigitaldeasturias.com\/noticias\/category\/actualidad\/","nextItem":{"@type":"ListItem","@id":"https:\/\/www.eldigitaldeasturias.com\/noticias\/el-protagonismo-de-ban-contrasta-con-la-discrecion-de-insulza-en-la-cumbre-de-la-celac\/#listItem","name":"El protagonismo de Ban contrasta con la discreci\u00f3n de Insulza en la Cumbre de la Celac"},"previousItem":{"@type":"ListItem","@id":"https:\/\/www.eldigitaldeasturias.com\/noticias#listItem","name":"Home"}},{"@type":"ListItem","@id":"https:\/\/www.eldigitaldeasturias.com\/noticias\/el-protagonismo-de-ban-contrasta-con-la-discrecion-de-insulza-en-la-cumbre-de-la-celac\/#listItem","position":3,"name":"El protagonismo de Ban contrasta con la discreci\u00f3n de Insulza en la Cumbre de la Celac","previousItem":{"@type":"ListItem","@id":"https:\/\/www.eldigitaldeasturias.com\/noticias\/category\/actualidad\/#listItem","name":"Actualidad"}}]},{"@type":"Organization","@id":"https:\/\/www.eldigitaldeasturias.com\/noticias\/#organization","name":"El Digital de Asturias","description":"Hemeroteca","url":"https:\/\/www.eldigitaldeasturias.com\/noticias\/","email":"info@eldigitaldeasturias.com","telephone":"+34652131393","logo":{"@type":"ImageObject","url":"https:\/\/www.eldigitaldeasturias.com\/noticias\/wp-content\/uploads\/2020\/12\/EDA.jpg","@id":"https:\/\/www.eldigitaldeasturias.com\/noticias\/el-protagonismo-de-ban-contrasta-con-la-discrecion-de-insulza-en-la-cumbre-de-la-celac\/#organizationLogo"},"image":{"@id":"https:\/\/www.eldigitaldeasturias.com\/noticias\/el-protagonismo-de-ban-contrasta-con-la-discrecion-de-insulza-en-la-cumbre-de-la-celac\/#organizationLogo"},"sameAs":["https:\/\/facebook.com\/eldigitaldeasturias","https:\/\/www.youtube.com\/channel\/UCZP-2wLEB9Rv6erhFmqVnvg"],"address":{"@id":"https:\/\/www.eldigitaldeasturias.com\/noticias\/#postaladdress","@type":"PostalAddress","streetAddress":"san antonio 4","postalCode":"33430","addressLocality":"Cand\u00e1s","addressRegion":"Asturias","addressCountry":"ES"}},{"@type":"Person","@id":"https:\/\/www.eldigitaldeasturias.com\/noticias\/author\/admin\/#author","url":"https:\/\/www.eldigitaldeasturias.com\/noticias\/author\/admin\/","name":"El Digital de Asturias","image":{"@type":"ImageObject","@id":"https:\/\/www.eldigitaldeasturias.com\/noticias\/el-protagonismo-de-ban-contrasta-con-la-discrecion-de-insulza-en-la-cumbre-de-la-celac\/#authorImage","url":"https:\/\/secure.gravatar.com\/avatar\/df2aeffc32bcd13f8d26072ef8a91b623d677766deac7f97ca815868cd41bf5e?s=96&d=mm&r=g","width":96,"height":96,"caption":"El Digital de Asturias"}},{"@type":"WebPage","@id":"https:\/\/www.eldigitaldeasturias.com\/noticias\/el-protagonismo-de-ban-contrasta-con-la-discrecion-de-insulza-en-la-cumbre-de-la-celac\/#webpage","url":"https:\/\/www.eldigitaldeasturias.com\/noticias\/el-protagonismo-de-ban-contrasta-con-la-discrecion-de-insulza-en-la-cumbre-de-la-celac\/","name":"El protagonismo de Ban contrasta con la discreci\u00f3n de Insulza en la Cumbre de la Celac - El Digital de Asturias","description":"La Habana, 29 ene (EFE).- La participaci\u00f3n del secretario general de la ONU, Ban Ki-moon, en la II Cumbre de la Celac cobr\u00f3 gran protagonismo, que contrast\u00f3 con la discreta presencia del titular de la OEA, Jos\u00e9 Miguel Insulza, en una visita hist\u00f3rica a la isla. Ambos dirigentes fueron invitados por Cuba al c\u00f3nclave de","inLanguage":"es-ES","isPartOf":{"@id":"https:\/\/www.eldigitaldeasturias.com\/noticias\/#website"},"breadcrumb":{"@id":"https:\/\/www.eldigitaldeasturias.com\/noticias\/el-protagonismo-de-ban-contrasta-con-la-discrecion-de-insulza-en-la-cumbre-de-la-celac\/#breadcrumblist"},"author":{"@id":"https:\/\/www.eldigitaldeasturias.com\/noticias\/author\/admin\/#author"},"creator":{"@id":"https:\/\/www.eldigitaldeasturias.com\/noticias\/author\/admin\/#author"},"image":{"@type":"ImageObject","url":"https:\/\/www.eldigitaldeasturias.com\/noticias\/wp-content\/uploads\/2026\/06\/Contenidos.jpg","@id":"https:\/\/www.eldigitaldeasturias.com\/noticias\/el-protagonismo-de-ban-contrasta-con-la-discrecion-de-insulza-en-la-cumbre-de-la-celac\/#mainImage","width":1265,"height":697,"caption":"Contenidos"},"primaryImageOfPage":{"@id":"https:\/\/www.eldigitaldeasturias.com\/noticias\/el-protagonismo-de-ban-contrasta-con-la-discrecion-de-insulza-en-la-cumbre-de-la-celac\/#mainImage"},"datePublished":"2014-01-29T14:57:08+01:00","dateModified":"2014-01-29T14:57:08+01:00"},{"@type":"WebSite","@id":"https:\/\/www.eldigitaldeasturias.com\/noticias\/#website","url":"https:\/\/www.eldigitaldeasturias.com\/noticias\/","name":"El Digital de Asturias - Diario de actualidad y noticias","alternateName":"El Digital de Asturias - Diario de actualidad y noticias","description":"Hemeroteca","inLanguage":"es-ES","publisher":{"@id":"https:\/\/www.eldigitaldeasturias.com\/noticias\/#organization"}}]},"og:locale":"es_ES","og:site_name":"El Digital de Asturias","og:type":"article","og:title":"El protagonismo de Ban contrasta con la discreci\u00f3n de Insulza en la Cumbre de la Celac - El Digital de Asturias","og:description":"La Habana, 29 ene (EFE).- La participaci\u00f3n del secretario general de la ONU, Ban Ki-moon, en la II Cumbre de la Celac cobr\u00f3 gran protagonismo, que contrast\u00f3 con la discreta presencia del titular de la OEA, Jos\u00e9 Miguel Insulza, en una visita hist\u00f3rica a la isla. Ambos dirigentes fueron invitados por Cuba al c\u00f3nclave de","og:url":"https:\/\/www.eldigitaldeasturias.com\/noticias\/el-protagonismo-de-ban-contrasta-con-la-discrecion-de-insulza-en-la-cumbre-de-la-celac\/","og:image":"https:\/\/www.eldigitaldeasturias.com\/noticias\/wp-content\/uploads\/2026\/06\/Contenidos.jpg","og:image:secure_url":"https:\/\/www.eldigitaldeasturias.com\/noticias\/wp-content\/uploads\/2026\/06\/Contenidos.jpg","og:image:width":1265,"og:image:height":697,"article:tag":["actualidad"],"article:published_time":"2014-01-29T15:57:08+00:00","article:modified_time":"2014-01-29T15:57:08+00:00","article:publisher":"https:\/\/facebook.com\/eldigitaldeasturias","twitter:card":"summary_large_image","twitter:title":"El protagonismo de Ban contrasta con la discreci\u00f3n de Insulza en la Cumbre de la Celac - El Digital de Asturias","twitter:description":"La Habana, 29 ene (EFE).- La participaci\u00f3n del secretario general de la ONU, Ban Ki-moon, en la II Cumbre de la Celac cobr\u00f3 gran protagonismo, que contrast\u00f3 con la discreta presencia del titular de la OEA, Jos\u00e9 Miguel Insulza, en una visita hist\u00f3rica a la isla. Ambos dirigentes fueron invitados por Cuba al c\u00f3nclave de","twitter:image":"https:\/\/www.eldigitaldeasturias.com\/noticias\/wp-content\/uploads\/2026\/06\/Contenidos.jpg","twitter:label1":"Escrito por","twitter:data1":"El Digital de Asturias","twitter:label2":"Tiempo de lectura estimado","twitter:data2":"4 minutos"},"aioseo_meta_data":{"post_id":"480053","title":null,"description":null,"keywords":null,"keyphrases":null,"primary_term":null,"canonical_url":null,"og_title":null,"og_description":null,"og_object_type":"default","og_image_type":"default","og_image_url":null,"og_image_width":null,"og_image_height":null,"og_image_custom_url":null,"og_image_custom_fields":null,"og_video":null,"og_custom_url":null,"og_article_section":null,"og_article_tags":null,"twitter_use_og":true,"twitter_card":"default","twitter_image_type":"default","twitter_image_url":null,"twitter_image_custom_url":null,"twitter_image_custom_fields":null,"twitter_title":null,"twitter_description":null,"schema":{"blockGraphs":[],"customGraphs":[],"default":{"data":{"Article":[],"Course":[],"Dataset":[],"FAQPage":[],"Movie":[],"Person":[],"Product":[],"ProductReview":[],"Car":[],"Recipe":[],"Service":[],"SoftwareApplication":[],"WebPage":[]},"graphName":"","isEnabled":true},"graphs":[],"defaultGraph":"","defaultPostTypeGraph":""},"schema_type":null,"schema_type_options":null,"pillar_content":false,"robots_default":true,"robots_noindex":false,"robots_noarchive":false,"robots_nosnippet":false,"robots_nofollow":false,"robots_noimageindex":false,"robots_noodp":false,"robots_notranslate":false,"robots_max_snippet":null,"robots_max_videopreview":null,"robots_max_imagepreview":"none","priority":null,"frequency":null,"local_seo":null,"seo_analyzer_scan_date":"2026-06-02 02:32:27","breadcrumb_settings":null,"limit_modified_date":false,"open_ai":null,"ai":null,"created":"2020-11-14 22:54:08","updated":"2026-06-02 02:32:27","focus_keyword":null,"additional_keywords":null,"truseo_locale":null},"aioseo_breadcrumb":"<div class=\"aioseo-breadcrumbs\"><span class=\"aioseo-breadcrumb\">\n\t<a href=\"https:\/\/www.eldigitaldeasturias.com\/noticias\" title=\"Home\">Home<\/a>\n<\/span><span class=\"aioseo-breadcrumb-separator\">\u2013<\/span><span class=\"aioseo-breadcrumb\">\n\t<a href=\"https:\/\/www.eldigitaldeasturias.com\/noticias\/category\/actualidad\/\" title=\"Actualidad\">Actualidad<\/a>\n<\/span><span class=\"aioseo-breadcrumb-separator\">\u2013<\/span><span class=\"aioseo-breadcrumb\">\n\t<a href=\"https:\/\/www.eldigitaldeasturias.com\/noticias\/el-protagonismo-de-ban-contrasta-con-la-discrecion-de-insulza-en-la-cumbre-de-la-celac\/\" title=\"El protagonismo de Ban contrasta con la discreci\u00f3n de Insulza en la Cumbre de la Celac\">El protagonismo de Ban contrasta con la discreci\u00f3n de Insulza en la Cumbre de la Celac<\/a>\n<\/span><\/div>","aioseo_breadcrumb_json":[{"label":"Home","link":"https:\/\/www.eldigitaldeasturias.com\/noticias"},{"label":"Actualidad","link":"https:\/\/www.eldigitaldeasturias.com\/noticias\/category\/actualidad\/"},{"label":"El protagonismo de Ban contrasta con la discreci\u00f3n de Insulza en la Cumbre de la Celac","link":"https:\/\/www.eldigitaldeasturias.com\/noticias\/el-protagonismo-de-ban-contrasta-con-la-discrecion-de-insulza-en-la-cumbre-de-la-celac\/"}],"_links":{"self":[{"href":"https:\/\/www.eldigitaldeasturias.com\/noticias\/wp-json\/wp\/v2\/posts\/480053","targetHints":{"allow":["GET"]}}],"collection":[{"href":"https:\/\/www.eldigitaldeasturias.com\/noticias\/wp-json\/wp\/v2\/posts"}],"about":[{"href":"https:\/\/www.eldigitaldeasturias.com\/noticias\/wp-json\/wp\/v2\/types\/post"}],"author":[{"embeddable":true,"href":"https:\/\/www.eldigitaldeasturias.com\/noticias\/wp-json\/wp\/v2\/users\/1"}],"replies":[{"embeddable":true,"href":"https:\/\/www.eldigitaldeasturias.com\/noticias\/wp-json\/wp\/v2\/comments?post=480053"}],"version-history":[{"count":0,"href":"https:\/\/www.eldigitaldeasturias.com\/noticias\/wp-json\/wp\/v2\/posts\/480053\/revisions"}],"wp:featuredmedia":[{"embeddable":true,"href":"https:\/\/www.eldigitaldeasturias.com\/noticias\/wp-json\/wp\/v2\/media\/1132184"}],"wp:attachment":[{"href":"https:\/\/www.eldigitaldeasturias.com\/noticias\/wp-json\/wp\/v2\/media?parent=480053"}],"wp:term":[{"taxonomy":"category","embeddable":true,"href":"https:\/\/www.eldigitaldeasturias.com\/noticias\/wp-json\/wp\/v2\/categories?post=480053"},{"taxonomy":"post_tag","embeddable":true,"href":"https:\/\/www.eldigitaldeasturias.com\/noticias\/wp-json\/wp\/v2\/tags?post=480053"}],"curies":[{"name":"wp","href":"https:\/\/api.w.org\/{rel}","templated":true}]}}