{"id":480047,"date":"2014-01-29T14:55:04","date_gmt":"2014-01-29T15:55:04","guid":{"rendered":"http:\/\/www.eldigitaldeasturias.com\/noticias\/?p=480047"},"modified":"2014-01-29T14:55:04","modified_gmt":"2014-01-29T15:55:04","slug":"republicanos-piden-a-obama-potenciar-la-igualdad-de-oportunidades-y-no-de-renta","status":"publish","type":"post","link":"https:\/\/www.eldigitaldeasturias.com\/noticias\/republicanos-piden-a-obama-potenciar-la-igualdad-de-oportunidades-y-no-de-renta\/","title":{"rendered":"Republicanos piden a Obama potenciar la igualdad de oportunidades y no de renta"},"content":{"rendered":"<p><img loading=\"lazy\" decoding=\"async\" class=\"alignleft size-medium wp-image-480048\" alt=\"5885511w\" src=\"https:\/\/www.eldigitaldeasturias.com\/noticias\/wp-content\/uploads\/2014\/01\/5885511w-360x239.jpg\" width=\"360\" height=\"239\" \/>Washington, 29 ene (EFE).- El partido republicano pidi\u00f3 hoy que el presidente de Estados Unidos, Barack Obama, potencie la \u00abigualdad de oportunidades\u00bb en el pa\u00eds en lugar de centrarse en la igualdad de ingresos, y abog\u00f3 por una reforma migratoria que privilegie la protecci\u00f3n de la frontera y a los trabajadores cualificados.<\/p>\n<p>En su r\u00e9plica al discurso de Obama sobre el Estado de la Uni\u00f3n, la congresista Cathy McMorris Rodgers, la mujer republicana de mayor rango en el Capitolio, critic\u00f3 la insistencia del presidente en elevar el salario m\u00ednimo, como tambi\u00e9n hizo la congresista Ileana Ros-Lehtinen en una versi\u00f3n en espa\u00f1ol de la respuesta al discurso.<\/p>\n<p>\u00abEl presidente habla mucho sobre la igualdad de ingresos, pero la verdadera brecha que enfrentamos hoy en d\u00eda es la desigualdad de oportunidades\u00bb, dijo McMorris. \u00abY con las pol\u00edticas de esta administraci\u00f3n, la brecha se ha hecho demasiado grande\u00bb, agreg\u00f3.<\/p>\n<p>La congresista se\u00f1al\u00f3 que el mes pasado, \u00abm\u00e1s estadounidenses dejaron de buscar un empleo que los que encontraron uno\u00bb, y que en general \u00abcada vez m\u00e1s personas se quedan atr\u00e1s, porque las pol\u00edticas del presidente est\u00e1n haciendo la vida m\u00e1s dif\u00edcil\u00bb.<\/p>\n<p>\u00abLos republicanos tienen metas para cerrar esta brecha. Un plan que se enfoca en primer lugar en los empleos sin la necesidad de gastar m\u00e1s, sin subsidios del Gobierno, y sin regulaciones\u00bb, a\u00f1adi\u00f3.<\/p>\n<p>En cuanto a la petici\u00f3n del presidente de que la reforma migratoria se apruebe este a\u00f1o, McMorris se mostr\u00f3 de acuerdo en que \u00abes hora de honrar a nuestra historia de inmigraci\u00f3n legal\u00bb.<\/p>\n<p>\u00abNosotros estamos trabajando en una reforma migratoria con soluciones desplegadas paso a paso, que primero se enfoquen en la seguridad fronteriza y que una vez m\u00e1s, nos aseguren que los Estados Unidos seguir\u00e1 atrayendo a los mejores, a los m\u00e1s brillantes y a los m\u00e1s trabajadores del mundo\u00bb, indic\u00f3.<\/p>\n<p>Ros-Lehtinen, la republicana hispana de mayor rango en la C\u00e1mara Baja, mencion\u00f3 tambi\u00e9n en su discurso en espa\u00f1ol a los trabajadores cualificados, aunque no la seguridad fronteriza, como clave para arreglar el \u00absistema roto de inmigraci\u00f3n con una soluci\u00f3n permanente\u00bb.<\/p>\n<p>Ambas ilustraron su mensaje con su historia personal, la de McMorris trabajando en una huerta familiar en Kettle Falls (Washington) para despu\u00e9s ser la primera de su familia en asistir a la universidad, y la de Ros-Lehtinen como hija de inmigrantes de Cuba que se convirti\u00f3 en la primera mujer hispana en el Congreso.<\/p>\n<p>McMorris recurri\u00f3 incluso a su experiencia como madre de un ni\u00f1o con s\u00edndrome de Down para afirmar que a los estadounidenses \u00abno les definen sus l\u00edmites\u00bb, sino su \u00abpotencial\u00bb.<\/p>\n<p>Utiliz\u00f3 esa misma experiencia para afirmar que la reforma sanitaria de Obama \u00abno est\u00e1 funcionando\u00bb y la idea republicana de que cada persona \u00abtiene el derecho a elegir su cuidado de salud\u00bb y \u00abno el Gobierno\u00bb.<\/p>\n<p>\u00abY si eres un ni\u00f1o con s\u00edndrome de Down o una mujer con c\u00e1ncer de mama, t\u00fa deber\u00edas encontrar cobertura y a un doctor que te atienda\u00bb, apunt\u00f3.<\/p>\n<p>\u00abTenemos la esperanza de que el presidente se unir\u00e1 a nuestros esfuerzos y har\u00e1 este un a\u00f1o de acci\u00f3n, empoderando a los estadounidenses, y no haci\u00e9ndoles la vida m\u00e1s dif\u00edcil con m\u00e1s despilfarro de dinero, impuestos m\u00e1s altos, y menos empleos\u00bb, a\u00f1adi\u00f3.<\/p>\n<p>Adem\u00e1s de los discursos televisados de McMorris y Ros-Lehtinen, otros dos congresistas republicanos, Rand Paul y Mike Lee, emitieron tambi\u00e9n respuestas al discurso de Obama, en la r\u00e9plica m\u00e1s extensa que haya organizado nunca ese partido.<\/p>\n","protected":false},"excerpt":{"rendered":"<p>Washington, 29 ene (EFE).- El partido republicano pidi\u00f3 hoy que el presidente de Estados Unidos, Barack Obama, potencie la \u00abigualdad de oportunidades\u00bb en el pa\u00eds en lugar de centrarse en la igualdad de ingresos, y abog\u00f3 por una reforma migratoria que privilegie la protecci\u00f3n de la frontera y a los trabajadores cualificados. En su r\u00e9plica [&hellip;]<\/p>\n","protected":false},"author":1,"featured_media":1132184,"comment_status":"closed","ping_status":"open","sticky":false,"template":"","format":"standard","meta":{"footnotes":""},"categories":[1],"tags":[],"class_list":["post-480047","post","type-post","status-publish","format-standard","has-post-thumbnail","hentry","category-actualidad"],"aioseo_notices":[],"aioseo_head":"\n\t\t<!-- All in One SEO Pro 5.0.1 - aioseo.com -->\n\t<meta name=\"description\" content=\"Washington, 29 ene (EFE).- El partido republicano pidi\u00f3 hoy que el presidente de Estados Unidos, Barack Obama, potencie la &quot;igualdad de oportunidades&quot; en el pa\u00eds en lugar de centrarse en la igualdad de ingresos, y abog\u00f3 por una reforma migratoria que privilegie la protecci\u00f3n de la frontera y a los trabajadores cualificados. En su r\u00e9plica\" \/>\n\t<meta name=\"robots\" content=\"max-image-preview:large\" \/>\n\t<meta name=\"author\" content=\"El Digital de Asturias\"\/>\n\t<meta name=\"google-site-verification\" content=\"UA-38556648-1\" \/>\n\t<meta name=\"msvalidate.01\" content=\"7dfe9f3f1b24437ab69f4f2559babe99\" \/>\n\t<meta name=\"keywords\" content=\"actualidad\" \/>\n\t<link rel=\"canonical\" href=\"https:\/\/www.eldigitaldeasturias.com\/noticias\/republicanos-piden-a-obama-potenciar-la-igualdad-de-oportunidades-y-no-de-renta\/\" \/>\n\t<meta name=\"generator\" content=\"All in One SEO Pro (AIOSEO) 5.0.1\" \/>\n\t\t<meta property=\"og:locale\" content=\"es_ES\" \/>\n\t\t<meta property=\"og:site_name\" content=\"El Digital de Asturias\" \/>\n\t\t<meta property=\"og:type\" content=\"article\" \/>\n\t\t<meta property=\"og:title\" content=\"Republicanos piden a Obama potenciar la igualdad de oportunidades y no de renta - El Digital de Asturias\" \/>\n\t\t<meta property=\"og:description\" content=\"Washington, 29 ene (EFE).- El partido republicano pidi\u00f3 hoy que el presidente de Estados Unidos, Barack Obama, potencie la &quot;igualdad de oportunidades&quot; en el pa\u00eds en lugar de centrarse en la igualdad de ingresos, y abog\u00f3 por una reforma migratoria que privilegie la protecci\u00f3n de la frontera y a los trabajadores cualificados. En su r\u00e9plica\" \/>\n\t\t<meta property=\"og:url\" content=\"https:\/\/www.eldigitaldeasturias.com\/noticias\/republicanos-piden-a-obama-potenciar-la-igualdad-de-oportunidades-y-no-de-renta\/\" \/>\n\t\t<meta property=\"og:image\" content=\"https:\/\/www.eldigitaldeasturias.com\/noticias\/wp-content\/uploads\/2026\/06\/Contenidos.jpg\" \/>\n\t\t<meta property=\"og:image:secure_url\" content=\"https:\/\/www.eldigitaldeasturias.com\/noticias\/wp-content\/uploads\/2026\/06\/Contenidos.jpg\" \/>\n\t\t<meta property=\"og:image:width\" content=\"1265\" \/>\n\t\t<meta property=\"og:image:height\" content=\"697\" \/>\n\t\t<meta property=\"article:tag\" content=\"actualidad\" \/>\n\t\t<meta property=\"article:published_time\" content=\"2014-01-29T15:55:04+00:00\" \/>\n\t\t<meta property=\"article:modified_time\" content=\"2014-01-29T15:55:04+00:00\" \/>\n\t\t<meta property=\"article:publisher\" content=\"https:\/\/facebook.com\/eldigitaldeasturias\" \/>\n\t\t<meta name=\"twitter:card\" content=\"summary_large_image\" \/>\n\t\t<meta name=\"twitter:title\" content=\"Republicanos piden a Obama potenciar la igualdad de oportunidades y no de renta - El Digital de Asturias\" \/>\n\t\t<meta name=\"twitter:description\" content=\"Washington, 29 ene (EFE).- El partido republicano pidi\u00f3 hoy que el presidente de Estados Unidos, Barack Obama, potencie la &quot;igualdad de oportunidades&quot; en el pa\u00eds en lugar de centrarse en la igualdad de ingresos, y abog\u00f3 por una reforma migratoria que privilegie la protecci\u00f3n de la frontera y a los trabajadores cualificados. En su r\u00e9plica\" \/>\n\t\t<meta name=\"twitter:image\" content=\"https:\/\/www.eldigitaldeasturias.com\/noticias\/wp-content\/uploads\/2026\/06\/Contenidos.jpg\" \/>\n\t\t<meta name=\"twitter:label1\" content=\"Escrito por\" \/>\n\t\t<meta name=\"twitter:data1\" content=\"El Digital de Asturias\" \/>\n\t\t<meta name=\"twitter:label2\" content=\"Tiempo de lectura estimado\" \/>\n\t\t<meta name=\"twitter:data2\" content=\"3 minutos\" \/>\n\t\t<script type=\"application\/ld+json\" class=\"aioseo-schema\">\n\t\t\t{\"@context\":\"https:\\\/\\\/schema.org\",\"@graph\":[{\"@type\":\"BlogPosting\",\"@id\":\"https:\\\/\\\/www.eldigitaldeasturias.com\\\/noticias\\\/republicanos-piden-a-obama-potenciar-la-igualdad-de-oportunidades-y-no-de-renta\\\/#blogposting\",\"name\":\"Republicanos piden a Obama potenciar la igualdad de oportunidades y no de renta - El Digital de Asturias\",\"headline\":\"Republicanos piden a Obama potenciar la igualdad de oportunidades y no de renta\",\"author\":{\"@id\":\"https:\\\/\\\/www.eldigitaldeasturias.com\\\/noticias\\\/author\\\/admin\\\/#author\"},\"publisher\":{\"@id\":\"https:\\\/\\\/www.eldigitaldeasturias.com\\\/noticias\\\/#organization\"},\"image\":{\"@type\":\"ImageObject\",\"url\":\"https:\\\/\\\/www.eldigitaldeasturias.com\\\/noticias\\\/wp-content\\\/uploads\\\/2026\\\/06\\\/Contenidos.jpg\",\"width\":1265,\"height\":697,\"caption\":\"Contenidos\"},\"datePublished\":\"2014-01-29T14:55:04+01:00\",\"dateModified\":\"2014-01-29T14:55:04+01:00\",\"inLanguage\":\"es-ES\",\"mainEntityOfPage\":{\"@id\":\"https:\\\/\\\/www.eldigitaldeasturias.com\\\/noticias\\\/republicanos-piden-a-obama-potenciar-la-igualdad-de-oportunidades-y-no-de-renta\\\/#webpage\"},\"isPartOf\":{\"@id\":\"https:\\\/\\\/www.eldigitaldeasturias.com\\\/noticias\\\/republicanos-piden-a-obama-potenciar-la-igualdad-de-oportunidades-y-no-de-renta\\\/#webpage\"},\"articleSection\":\"Actualidad\"},{\"@type\":\"BreadcrumbList\",\"@id\":\"https:\\\/\\\/www.eldigitaldeasturias.com\\\/noticias\\\/republicanos-piden-a-obama-potenciar-la-igualdad-de-oportunidades-y-no-de-renta\\\/#breadcrumblist\",\"itemListElement\":[{\"@type\":\"ListItem\",\"@id\":\"https:\\\/\\\/www.eldigitaldeasturias.com\\\/noticias#listItem\",\"position\":1,\"name\":\"Home\",\"item\":\"https:\\\/\\\/www.eldigitaldeasturias.com\\\/noticias\",\"nextItem\":{\"@type\":\"ListItem\",\"@id\":\"https:\\\/\\\/www.eldigitaldeasturias.com\\\/noticias\\\/category\\\/actualidad\\\/#listItem\",\"name\":\"Actualidad\"}},{\"@type\":\"ListItem\",\"@id\":\"https:\\\/\\\/www.eldigitaldeasturias.com\\\/noticias\\\/category\\\/actualidad\\\/#listItem\",\"position\":2,\"name\":\"Actualidad\",\"item\":\"https:\\\/\\\/www.eldigitaldeasturias.com\\\/noticias\\\/category\\\/actualidad\\\/\",\"nextItem\":{\"@type\":\"ListItem\",\"@id\":\"https:\\\/\\\/www.eldigitaldeasturias.com\\\/noticias\\\/republicanos-piden-a-obama-potenciar-la-igualdad-de-oportunidades-y-no-de-renta\\\/#listItem\",\"name\":\"Republicanos piden a Obama potenciar la igualdad de oportunidades y no de renta\"},\"previousItem\":{\"@type\":\"ListItem\",\"@id\":\"https:\\\/\\\/www.eldigitaldeasturias.com\\\/noticias#listItem\",\"name\":\"Home\"}},{\"@type\":\"ListItem\",\"@id\":\"https:\\\/\\\/www.eldigitaldeasturias.com\\\/noticias\\\/republicanos-piden-a-obama-potenciar-la-igualdad-de-oportunidades-y-no-de-renta\\\/#listItem\",\"position\":3,\"name\":\"Republicanos piden a Obama potenciar la igualdad de oportunidades y no de renta\",\"previousItem\":{\"@type\":\"ListItem\",\"@id\":\"https:\\\/\\\/www.eldigitaldeasturias.com\\\/noticias\\\/category\\\/actualidad\\\/#listItem\",\"name\":\"Actualidad\"}}]},{\"@type\":\"Organization\",\"@id\":\"https:\\\/\\\/www.eldigitaldeasturias.com\\\/noticias\\\/#organization\",\"name\":\"El Digital de Asturias\",\"description\":\"Hemeroteca\",\"url\":\"https:\\\/\\\/www.eldigitaldeasturias.com\\\/noticias\\\/\",\"email\":\"info@eldigitaldeasturias.com\",\"telephone\":\"+34652131393\",\"logo\":{\"@type\":\"ImageObject\",\"url\":\"https:\\\/\\\/www.eldigitaldeasturias.com\\\/noticias\\\/wp-content\\\/uploads\\\/2020\\\/12\\\/EDA.jpg\",\"@id\":\"https:\\\/\\\/www.eldigitaldeasturias.com\\\/noticias\\\/republicanos-piden-a-obama-potenciar-la-igualdad-de-oportunidades-y-no-de-renta\\\/#organizationLogo\"},\"image\":{\"@id\":\"https:\\\/\\\/www.eldigitaldeasturias.com\\\/noticias\\\/republicanos-piden-a-obama-potenciar-la-igualdad-de-oportunidades-y-no-de-renta\\\/#organizationLogo\"},\"sameAs\":[\"https:\\\/\\\/facebook.com\\\/eldigitaldeasturias\",\"https:\\\/\\\/www.youtube.com\\\/channel\\\/UCZP-2wLEB9Rv6erhFmqVnvg\"],\"address\":{\"@id\":\"https:\\\/\\\/www.eldigitaldeasturias.com\\\/noticias\\\/#postaladdress\",\"@type\":\"PostalAddress\",\"streetAddress\":\"san antonio 4\",\"postalCode\":\"33430\",\"addressLocality\":\"Cand\\u00e1s\",\"addressRegion\":\"Asturias\",\"addressCountry\":\"ES\"}},{\"@type\":\"Person\",\"@id\":\"https:\\\/\\\/www.eldigitaldeasturias.com\\\/noticias\\\/author\\\/admin\\\/#author\",\"url\":\"https:\\\/\\\/www.eldigitaldeasturias.com\\\/noticias\\\/author\\\/admin\\\/\",\"name\":\"El Digital de Asturias\",\"image\":{\"@type\":\"ImageObject\",\"@id\":\"https:\\\/\\\/www.eldigitaldeasturias.com\\\/noticias\\\/republicanos-piden-a-obama-potenciar-la-igualdad-de-oportunidades-y-no-de-renta\\\/#authorImage\",\"url\":\"https:\\\/\\\/secure.gravatar.com\\\/avatar\\\/df2aeffc32bcd13f8d26072ef8a91b623d677766deac7f97ca815868cd41bf5e?s=96&d=mm&r=g\",\"width\":96,\"height\":96,\"caption\":\"El Digital de Asturias\"}},{\"@type\":\"WebPage\",\"@id\":\"https:\\\/\\\/www.eldigitaldeasturias.com\\\/noticias\\\/republicanos-piden-a-obama-potenciar-la-igualdad-de-oportunidades-y-no-de-renta\\\/#webpage\",\"url\":\"https:\\\/\\\/www.eldigitaldeasturias.com\\\/noticias\\\/republicanos-piden-a-obama-potenciar-la-igualdad-de-oportunidades-y-no-de-renta\\\/\",\"name\":\"Republicanos piden a Obama potenciar la igualdad de oportunidades y no de renta - El Digital de Asturias\",\"description\":\"Washington, 29 ene (EFE).- El partido republicano pidi\\u00f3 hoy que el presidente de Estados Unidos, Barack Obama, potencie la \\\"igualdad de oportunidades\\\" en el pa\\u00eds en lugar de centrarse en la igualdad de ingresos, y abog\\u00f3 por una reforma migratoria que privilegie la protecci\\u00f3n de la frontera y a los trabajadores cualificados. En su r\\u00e9plica\",\"inLanguage\":\"es-ES\",\"isPartOf\":{\"@id\":\"https:\\\/\\\/www.eldigitaldeasturias.com\\\/noticias\\\/#website\"},\"breadcrumb\":{\"@id\":\"https:\\\/\\\/www.eldigitaldeasturias.com\\\/noticias\\\/republicanos-piden-a-obama-potenciar-la-igualdad-de-oportunidades-y-no-de-renta\\\/#breadcrumblist\"},\"author\":{\"@id\":\"https:\\\/\\\/www.eldigitaldeasturias.com\\\/noticias\\\/author\\\/admin\\\/#author\"},\"creator\":{\"@id\":\"https:\\\/\\\/www.eldigitaldeasturias.com\\\/noticias\\\/author\\\/admin\\\/#author\"},\"image\":{\"@type\":\"ImageObject\",\"url\":\"https:\\\/\\\/www.eldigitaldeasturias.com\\\/noticias\\\/wp-content\\\/uploads\\\/2026\\\/06\\\/Contenidos.jpg\",\"@id\":\"https:\\\/\\\/www.eldigitaldeasturias.com\\\/noticias\\\/republicanos-piden-a-obama-potenciar-la-igualdad-de-oportunidades-y-no-de-renta\\\/#mainImage\",\"width\":1265,\"height\":697,\"caption\":\"Contenidos\"},\"primaryImageOfPage\":{\"@id\":\"https:\\\/\\\/www.eldigitaldeasturias.com\\\/noticias\\\/republicanos-piden-a-obama-potenciar-la-igualdad-de-oportunidades-y-no-de-renta\\\/#mainImage\"},\"datePublished\":\"2014-01-29T14:55:04+01:00\",\"dateModified\":\"2014-01-29T14:55:04+01:00\"},{\"@type\":\"WebSite\",\"@id\":\"https:\\\/\\\/www.eldigitaldeasturias.com\\\/noticias\\\/#website\",\"url\":\"https:\\\/\\\/www.eldigitaldeasturias.com\\\/noticias\\\/\",\"name\":\"El Digital de Asturias - Diario de actualidad y noticias\",\"alternateName\":\"El Digital de Asturias - Diario de actualidad y noticias\",\"description\":\"Hemeroteca\",\"inLanguage\":\"es-ES\",\"publisher\":{\"@id\":\"https:\\\/\\\/www.eldigitaldeasturias.com\\\/noticias\\\/#organization\"}}]}\n\t\t<\/script>\n\t\t<!-- All in One SEO Pro -->\r\n\t\t<title>Republicanos piden a Obama potenciar la igualdad de oportunidades y no de renta - El Digital de Asturias<\/title>\n\n","aioseo_head_json":{"title":"Republicanos piden a Obama potenciar la igualdad de oportunidades y no de renta - El Digital de Asturias","description":"Washington, 29 ene (EFE).- El partido republicano pidi\u00f3 hoy que el presidente de Estados Unidos, Barack Obama, potencie la \"igualdad de oportunidades\" en el pa\u00eds en lugar de centrarse en la igualdad de ingresos, y abog\u00f3 por una reforma migratoria que privilegie la protecci\u00f3n de la frontera y a los trabajadores cualificados. En su r\u00e9plica","canonical_url":"https:\/\/www.eldigitaldeasturias.com\/noticias\/republicanos-piden-a-obama-potenciar-la-igualdad-de-oportunidades-y-no-de-renta\/","robots":"max-image-preview:large","keywords":"actualidad","webmasterTools":{"google-site-verification":"UA-38556648-1","msvalidate.01":"7dfe9f3f1b24437ab69f4f2559babe99","miscellaneous":""},"schema":{"@context":"https:\/\/schema.org","@graph":[{"@type":"BlogPosting","@id":"https:\/\/www.eldigitaldeasturias.com\/noticias\/republicanos-piden-a-obama-potenciar-la-igualdad-de-oportunidades-y-no-de-renta\/#blogposting","name":"Republicanos piden a Obama potenciar la igualdad de oportunidades y no de renta - El Digital de Asturias","headline":"Republicanos piden a Obama potenciar la igualdad de oportunidades y no de renta","author":{"@id":"https:\/\/www.eldigitaldeasturias.com\/noticias\/author\/admin\/#author"},"publisher":{"@id":"https:\/\/www.eldigitaldeasturias.com\/noticias\/#organization"},"image":{"@type":"ImageObject","url":"https:\/\/www.eldigitaldeasturias.com\/noticias\/wp-content\/uploads\/2026\/06\/Contenidos.jpg","width":1265,"height":697,"caption":"Contenidos"},"datePublished":"2014-01-29T14:55:04+01:00","dateModified":"2014-01-29T14:55:04+01:00","inLanguage":"es-ES","mainEntityOfPage":{"@id":"https:\/\/www.eldigitaldeasturias.com\/noticias\/republicanos-piden-a-obama-potenciar-la-igualdad-de-oportunidades-y-no-de-renta\/#webpage"},"isPartOf":{"@id":"https:\/\/www.eldigitaldeasturias.com\/noticias\/republicanos-piden-a-obama-potenciar-la-igualdad-de-oportunidades-y-no-de-renta\/#webpage"},"articleSection":"Actualidad"},{"@type":"BreadcrumbList","@id":"https:\/\/www.eldigitaldeasturias.com\/noticias\/republicanos-piden-a-obama-potenciar-la-igualdad-de-oportunidades-y-no-de-renta\/#breadcrumblist","itemListElement":[{"@type":"ListItem","@id":"https:\/\/www.eldigitaldeasturias.com\/noticias#listItem","position":1,"name":"Home","item":"https:\/\/www.eldigitaldeasturias.com\/noticias","nextItem":{"@type":"ListItem","@id":"https:\/\/www.eldigitaldeasturias.com\/noticias\/category\/actualidad\/#listItem","name":"Actualidad"}},{"@type":"ListItem","@id":"https:\/\/www.eldigitaldeasturias.com\/noticias\/category\/actualidad\/#listItem","position":2,"name":"Actualidad","item":"https:\/\/www.eldigitaldeasturias.com\/noticias\/category\/actualidad\/","nextItem":{"@type":"ListItem","@id":"https:\/\/www.eldigitaldeasturias.com\/noticias\/republicanos-piden-a-obama-potenciar-la-igualdad-de-oportunidades-y-no-de-renta\/#listItem","name":"Republicanos piden a Obama potenciar la igualdad de oportunidades y no de renta"},"previousItem":{"@type":"ListItem","@id":"https:\/\/www.eldigitaldeasturias.com\/noticias#listItem","name":"Home"}},{"@type":"ListItem","@id":"https:\/\/www.eldigitaldeasturias.com\/noticias\/republicanos-piden-a-obama-potenciar-la-igualdad-de-oportunidades-y-no-de-renta\/#listItem","position":3,"name":"Republicanos piden a Obama potenciar la igualdad de oportunidades y no de renta","previousItem":{"@type":"ListItem","@id":"https:\/\/www.eldigitaldeasturias.com\/noticias\/category\/actualidad\/#listItem","name":"Actualidad"}}]},{"@type":"Organization","@id":"https:\/\/www.eldigitaldeasturias.com\/noticias\/#organization","name":"El Digital de Asturias","description":"Hemeroteca","url":"https:\/\/www.eldigitaldeasturias.com\/noticias\/","email":"info@eldigitaldeasturias.com","telephone":"+34652131393","logo":{"@type":"ImageObject","url":"https:\/\/www.eldigitaldeasturias.com\/noticias\/wp-content\/uploads\/2020\/12\/EDA.jpg","@id":"https:\/\/www.eldigitaldeasturias.com\/noticias\/republicanos-piden-a-obama-potenciar-la-igualdad-de-oportunidades-y-no-de-renta\/#organizationLogo"},"image":{"@id":"https:\/\/www.eldigitaldeasturias.com\/noticias\/republicanos-piden-a-obama-potenciar-la-igualdad-de-oportunidades-y-no-de-renta\/#organizationLogo"},"sameAs":["https:\/\/facebook.com\/eldigitaldeasturias","https:\/\/www.youtube.com\/channel\/UCZP-2wLEB9Rv6erhFmqVnvg"],"address":{"@id":"https:\/\/www.eldigitaldeasturias.com\/noticias\/#postaladdress","@type":"PostalAddress","streetAddress":"san antonio 4","postalCode":"33430","addressLocality":"Cand\u00e1s","addressRegion":"Asturias","addressCountry":"ES"}},{"@type":"Person","@id":"https:\/\/www.eldigitaldeasturias.com\/noticias\/author\/admin\/#author","url":"https:\/\/www.eldigitaldeasturias.com\/noticias\/author\/admin\/","name":"El Digital de Asturias","image":{"@type":"ImageObject","@id":"https:\/\/www.eldigitaldeasturias.com\/noticias\/republicanos-piden-a-obama-potenciar-la-igualdad-de-oportunidades-y-no-de-renta\/#authorImage","url":"https:\/\/secure.gravatar.com\/avatar\/df2aeffc32bcd13f8d26072ef8a91b623d677766deac7f97ca815868cd41bf5e?s=96&d=mm&r=g","width":96,"height":96,"caption":"El Digital de Asturias"}},{"@type":"WebPage","@id":"https:\/\/www.eldigitaldeasturias.com\/noticias\/republicanos-piden-a-obama-potenciar-la-igualdad-de-oportunidades-y-no-de-renta\/#webpage","url":"https:\/\/www.eldigitaldeasturias.com\/noticias\/republicanos-piden-a-obama-potenciar-la-igualdad-de-oportunidades-y-no-de-renta\/","name":"Republicanos piden a Obama potenciar la igualdad de oportunidades y no de renta - El Digital de Asturias","description":"Washington, 29 ene (EFE).- El partido republicano pidi\u00f3 hoy que el presidente de Estados Unidos, Barack Obama, potencie la \"igualdad de oportunidades\" en el pa\u00eds en lugar de centrarse en la igualdad de ingresos, y abog\u00f3 por una reforma migratoria que privilegie la protecci\u00f3n de la frontera y a los trabajadores cualificados. En su r\u00e9plica","inLanguage":"es-ES","isPartOf":{"@id":"https:\/\/www.eldigitaldeasturias.com\/noticias\/#website"},"breadcrumb":{"@id":"https:\/\/www.eldigitaldeasturias.com\/noticias\/republicanos-piden-a-obama-potenciar-la-igualdad-de-oportunidades-y-no-de-renta\/#breadcrumblist"},"author":{"@id":"https:\/\/www.eldigitaldeasturias.com\/noticias\/author\/admin\/#author"},"creator":{"@id":"https:\/\/www.eldigitaldeasturias.com\/noticias\/author\/admin\/#author"},"image":{"@type":"ImageObject","url":"https:\/\/www.eldigitaldeasturias.com\/noticias\/wp-content\/uploads\/2026\/06\/Contenidos.jpg","@id":"https:\/\/www.eldigitaldeasturias.com\/noticias\/republicanos-piden-a-obama-potenciar-la-igualdad-de-oportunidades-y-no-de-renta\/#mainImage","width":1265,"height":697,"caption":"Contenidos"},"primaryImageOfPage":{"@id":"https:\/\/www.eldigitaldeasturias.com\/noticias\/republicanos-piden-a-obama-potenciar-la-igualdad-de-oportunidades-y-no-de-renta\/#mainImage"},"datePublished":"2014-01-29T14:55:04+01:00","dateModified":"2014-01-29T14:55:04+01:00"},{"@type":"WebSite","@id":"https:\/\/www.eldigitaldeasturias.com\/noticias\/#website","url":"https:\/\/www.eldigitaldeasturias.com\/noticias\/","name":"El Digital de Asturias - Diario de actualidad y noticias","alternateName":"El Digital de Asturias - Diario de actualidad y noticias","description":"Hemeroteca","inLanguage":"es-ES","publisher":{"@id":"https:\/\/www.eldigitaldeasturias.com\/noticias\/#organization"}}]},"og:locale":"es_ES","og:site_name":"El Digital de Asturias","og:type":"article","og:title":"Republicanos piden a Obama potenciar la igualdad de oportunidades y no de renta - El Digital de Asturias","og:description":"Washington, 29 ene (EFE).- El partido republicano pidi\u00f3 hoy que el presidente de Estados Unidos, Barack Obama, potencie la &quot;igualdad de oportunidades&quot; en el pa\u00eds en lugar de centrarse en la igualdad de ingresos, y abog\u00f3 por una reforma migratoria que privilegie la protecci\u00f3n de la frontera y a los trabajadores cualificados. En su r\u00e9plica","og:url":"https:\/\/www.eldigitaldeasturias.com\/noticias\/republicanos-piden-a-obama-potenciar-la-igualdad-de-oportunidades-y-no-de-renta\/","og:image":"https:\/\/www.eldigitaldeasturias.com\/noticias\/wp-content\/uploads\/2026\/06\/Contenidos.jpg","og:image:secure_url":"https:\/\/www.eldigitaldeasturias.com\/noticias\/wp-content\/uploads\/2026\/06\/Contenidos.jpg","og:image:width":1265,"og:image:height":697,"article:tag":["actualidad"],"article:published_time":"2014-01-29T15:55:04+00:00","article:modified_time":"2014-01-29T15:55:04+00:00","article:publisher":"https:\/\/facebook.com\/eldigitaldeasturias","twitter:card":"summary_large_image","twitter:title":"Republicanos piden a Obama potenciar la igualdad de oportunidades y no de renta - El Digital de Asturias","twitter:description":"Washington, 29 ene (EFE).- El partido republicano pidi\u00f3 hoy que el presidente de Estados Unidos, Barack Obama, potencie la &quot;igualdad de oportunidades&quot; en el pa\u00eds en lugar de centrarse en la igualdad de ingresos, y abog\u00f3 por una reforma migratoria que privilegie la protecci\u00f3n de la frontera y a los trabajadores cualificados. En su r\u00e9plica","twitter:image":"https:\/\/www.eldigitaldeasturias.com\/noticias\/wp-content\/uploads\/2026\/06\/Contenidos.jpg","twitter:label1":"Escrito por","twitter:data1":"El Digital de Asturias","twitter:label2":"Tiempo de lectura estimado","twitter:data2":"3 minutos"},"aioseo_meta_data":{"post_id":"480047","title":null,"description":null,"keywords":null,"keyphrases":null,"primary_term":null,"canonical_url":null,"og_title":null,"og_description":null,"og_object_type":"default","og_image_type":"default","og_image_url":null,"og_image_width":null,"og_image_height":null,"og_image_custom_url":null,"og_image_custom_fields":null,"og_video":null,"og_custom_url":null,"og_article_section":null,"og_article_tags":null,"twitter_use_og":true,"twitter_card":"default","twitter_image_type":"default","twitter_image_url":null,"twitter_image_custom_url":null,"twitter_image_custom_fields":null,"twitter_title":null,"twitter_description":null,"schema":{"blockGraphs":[],"customGraphs":[],"default":{"data":{"Article":[],"Course":[],"Dataset":[],"FAQPage":[],"Movie":[],"Person":[],"Product":[],"ProductReview":[],"Car":[],"Recipe":[],"Service":[],"SoftwareApplication":[],"WebPage":[]},"graphName":"","isEnabled":true},"graphs":[],"defaultGraph":"","defaultPostTypeGraph":""},"schema_type":null,"schema_type_options":null,"pillar_content":false,"robots_default":true,"robots_noindex":false,"robots_noarchive":false,"robots_nosnippet":false,"robots_nofollow":false,"robots_noimageindex":false,"robots_noodp":false,"robots_notranslate":false,"robots_max_snippet":null,"robots_max_videopreview":null,"robots_max_imagepreview":"none","priority":null,"frequency":null,"local_seo":null,"seo_analyzer_scan_date":"2026-06-02 02:29:51","breadcrumb_settings":null,"limit_modified_date":false,"open_ai":null,"ai":null,"created":"2020-11-14 22:54:08","updated":"2026-06-02 02:29:51","focus_keyword":null,"additional_keywords":null,"truseo_locale":null},"aioseo_breadcrumb":"<div class=\"aioseo-breadcrumbs\"><span class=\"aioseo-breadcrumb\">\n\t<a href=\"https:\/\/www.eldigitaldeasturias.com\/noticias\" title=\"Home\">Home<\/a>\n<\/span><span class=\"aioseo-breadcrumb-separator\">\u2013<\/span><span class=\"aioseo-breadcrumb\">\n\t<a href=\"https:\/\/www.eldigitaldeasturias.com\/noticias\/category\/actualidad\/\" title=\"Actualidad\">Actualidad<\/a>\n<\/span><span class=\"aioseo-breadcrumb-separator\">\u2013<\/span><span class=\"aioseo-breadcrumb\">\n\t<a href=\"https:\/\/www.eldigitaldeasturias.com\/noticias\/republicanos-piden-a-obama-potenciar-la-igualdad-de-oportunidades-y-no-de-renta\/\" title=\"Republicanos piden a Obama potenciar la igualdad de oportunidades y no de renta\">Republicanos piden a Obama potenciar la igualdad de oportunidades y no de renta<\/a>\n<\/span><\/div>","aioseo_breadcrumb_json":[{"label":"Home","link":"https:\/\/www.eldigitaldeasturias.com\/noticias"},{"label":"Actualidad","link":"https:\/\/www.eldigitaldeasturias.com\/noticias\/category\/actualidad\/"},{"label":"Republicanos piden a Obama potenciar la igualdad de oportunidades y no de renta","link":"https:\/\/www.eldigitaldeasturias.com\/noticias\/republicanos-piden-a-obama-potenciar-la-igualdad-de-oportunidades-y-no-de-renta\/"}],"_links":{"self":[{"href":"https:\/\/www.eldigitaldeasturias.com\/noticias\/wp-json\/wp\/v2\/posts\/480047","targetHints":{"allow":["GET"]}}],"collection":[{"href":"https:\/\/www.eldigitaldeasturias.com\/noticias\/wp-json\/wp\/v2\/posts"}],"about":[{"href":"https:\/\/www.eldigitaldeasturias.com\/noticias\/wp-json\/wp\/v2\/types\/post"}],"author":[{"embeddable":true,"href":"https:\/\/www.eldigitaldeasturias.com\/noticias\/wp-json\/wp\/v2\/users\/1"}],"replies":[{"embeddable":true,"href":"https:\/\/www.eldigitaldeasturias.com\/noticias\/wp-json\/wp\/v2\/comments?post=480047"}],"version-history":[{"count":0,"href":"https:\/\/www.eldigitaldeasturias.com\/noticias\/wp-json\/wp\/v2\/posts\/480047\/revisions"}],"wp:featuredmedia":[{"embeddable":true,"href":"https:\/\/www.eldigitaldeasturias.com\/noticias\/wp-json\/wp\/v2\/media\/1132184"}],"wp:attachment":[{"href":"https:\/\/www.eldigitaldeasturias.com\/noticias\/wp-json\/wp\/v2\/media?parent=480047"}],"wp:term":[{"taxonomy":"category","embeddable":true,"href":"https:\/\/www.eldigitaldeasturias.com\/noticias\/wp-json\/wp\/v2\/categories?post=480047"},{"taxonomy":"post_tag","embeddable":true,"href":"https:\/\/www.eldigitaldeasturias.com\/noticias\/wp-json\/wp\/v2\/tags?post=480047"}],"curies":[{"name":"wp","href":"https:\/\/api.w.org\/{rel}","templated":true}]}}