{"id":480041,"date":"2014-01-29T14:51:42","date_gmt":"2014-01-29T15:51:42","guid":{"rendered":"http:\/\/www.eldigitaldeasturias.com\/noticias\/?p=480041"},"modified":"2014-01-29T14:51:42","modified_gmt":"2014-01-29T15:51:42","slug":"estados-unidos-no-se-detiene-y-yo-tampoco-lo-hare-asegura-obama","status":"publish","type":"post","link":"https:\/\/www.eldigitaldeasturias.com\/noticias\/estados-unidos-no-se-detiene-y-yo-tampoco-lo-hare-asegura-obama\/","title":{"rendered":"Estados Unidos no se detiene y yo tampoco lo har\u00e9, asegura Obama"},"content":{"rendered":"<p><img loading=\"lazy\" decoding=\"async\" class=\"alignleft size-medium wp-image-480042\" alt=\"5885314w\" src=\"https:\/\/www.eldigitaldeasturias.com\/noticias\/wp-content\/uploads\/2014\/01\/5885314w1-360x239.jpg\" width=\"360\" height=\"239\" \/>Washington, 28 ene (EFE).- El presidente de EE.UU., Barack Obama, afirm\u00f3 hoy que su pa\u00eds \u00abno se detiene\u00bb y que \u00e9l \u00abtampoco\u00bb lo har\u00e1, al prometer que adoptar\u00e1 medidas ejecutivas, que no requieren la aprobaci\u00f3n del Congreso, para que 2014 sea \u00abun a\u00f1o de acci\u00f3n\u00bb, porque eso es lo que la \u00abmayor\u00eda\u00bb de los ciudadanos quiere.<\/p>\n<p>\u00abEn los pr\u00f3ximos meses vamos a ver d\u00f3nde podemos avanzar juntos, hagamos de \u00e9ste un a\u00f1o de acci\u00f3n. Eso es lo que la mayor\u00eda de los estadounidenses quieren\u00bb, destac\u00f3 Obama al comienzo de su discurso sobre el Estado de la Uni\u00f3n.<\/p>\n<p>Seg\u00fan Obama, 2014 \u00abpuede ser un a\u00f1o decisivo\u00bb para EE.UU., ya que \u00abpor primera vez en m\u00e1s de una d\u00e9cada\u00bb es el lugar \u00abn\u00famero uno del mundo\u00bb para invertir, por delante de China.<\/p>\n<p>\u00abComo presidente, mi compromiso es hacer que Washington funcione mejor\u00bb, dijo Obama al adelantar que \u00abest\u00e1 ansioso\u00bb por trabajar con el Congreso, pero que tambi\u00e9n tomar\u00e1 medidas ejecutivas siempre que pueda \u00abpara ampliar las oportunidades para m\u00e1s familias estadounidenses\u00bb.<\/p>\n<p>El \u00edndice de desempleo \u00abes el m\u00e1s bajo en cinco a\u00f1os, el mercado de la vivienda ha reflotado y el sector manufacturero est\u00e1 agregando puestos de trabajo por primera vez desde la d\u00e9cada de 1990\u00bb, destac\u00f3 el presidente al resaltar algunos de los logros de la recuperaci\u00f3n econ\u00f3mica.<\/p>\n<p>\u00abHoy, tras cuatro a\u00f1os de crecimiento econ\u00f3mico, los beneficios empresariales y los precios de las acciones casi nunca han sido tan altos, y los de arriba nunca han estado mejor\u00bb, afirm\u00f3.<\/p>\n<p>Pero, al mismo tiempo, \u00ablos salarios promedio apenas se han movido, la desigualdad se ha profundizado y la movilidad ascendente se ha estancado\u00bb, advirti\u00f3.<\/p>\n<p>Obama lament\u00f3 que, incluso en un momento de recuperaci\u00f3n econ\u00f3mica, \u00abdemasiados estadounidenses est\u00e1n trabajando m\u00e1s que nunca solo para sobrevivir y salir adelante\u00bb.<\/p>\n","protected":false},"excerpt":{"rendered":"<p>Washington, 28 ene (EFE).- El presidente de EE.UU., Barack Obama, afirm\u00f3 hoy que su pa\u00eds \u00abno se detiene\u00bb y que \u00e9l \u00abtampoco\u00bb lo har\u00e1, al prometer que adoptar\u00e1 medidas ejecutivas, que no requieren la aprobaci\u00f3n del Congreso, para que 2014 sea \u00abun a\u00f1o de acci\u00f3n\u00bb, porque eso es lo que la \u00abmayor\u00eda\u00bb de los ciudadanos [&hellip;]<\/p>\n","protected":false},"author":1,"featured_media":1132184,"comment_status":"closed","ping_status":"open","sticky":false,"template":"","format":"standard","meta":{"footnotes":""},"categories":[1],"tags":[],"class_list":["post-480041","post","type-post","status-publish","format-standard","has-post-thumbnail","hentry","category-actualidad"],"aioseo_notices":[],"aioseo_head":"\n\t\t<!-- All in One SEO Pro 5.0.1 - aioseo.com -->\n\t<meta name=\"description\" content=\"Washington, 28 ene (EFE).- El presidente de EE.UU., Barack Obama, afirm\u00f3 hoy que su pa\u00eds &quot;no se detiene&quot; y que \u00e9l &quot;tampoco&quot; lo har\u00e1, al prometer que adoptar\u00e1 medidas ejecutivas, que no requieren la aprobaci\u00f3n del Congreso, para que 2014 sea &quot;un a\u00f1o de acci\u00f3n&quot;, porque eso es lo que la &quot;mayor\u00eda&quot; de los ciudadanos\" \/>\n\t<meta name=\"robots\" content=\"max-image-preview:large\" \/>\n\t<meta name=\"author\" content=\"El Digital de Asturias\"\/>\n\t<meta name=\"google-site-verification\" content=\"UA-38556648-1\" \/>\n\t<meta name=\"msvalidate.01\" content=\"7dfe9f3f1b24437ab69f4f2559babe99\" \/>\n\t<meta name=\"keywords\" content=\"actualidad\" \/>\n\t<link rel=\"canonical\" href=\"https:\/\/www.eldigitaldeasturias.com\/noticias\/estados-unidos-no-se-detiene-y-yo-tampoco-lo-hare-asegura-obama\/\" \/>\n\t<meta name=\"generator\" content=\"All in One SEO Pro (AIOSEO) 5.0.1\" \/>\n\t\t<meta property=\"og:locale\" content=\"es_ES\" \/>\n\t\t<meta property=\"og:site_name\" content=\"El Digital de Asturias\" \/>\n\t\t<meta property=\"og:type\" content=\"article\" \/>\n\t\t<meta property=\"og:title\" content=\"Estados Unidos no se detiene y yo tampoco lo har\u00e9, asegura Obama - El Digital de Asturias\" \/>\n\t\t<meta property=\"og:description\" content=\"Washington, 28 ene (EFE).- El presidente de EE.UU., Barack Obama, afirm\u00f3 hoy que su pa\u00eds &quot;no se detiene&quot; y que \u00e9l &quot;tampoco&quot; lo har\u00e1, al prometer que adoptar\u00e1 medidas ejecutivas, que no requieren la aprobaci\u00f3n del Congreso, para que 2014 sea &quot;un a\u00f1o de acci\u00f3n&quot;, porque eso es lo que la &quot;mayor\u00eda&quot; de los ciudadanos\" \/>\n\t\t<meta property=\"og:url\" content=\"https:\/\/www.eldigitaldeasturias.com\/noticias\/estados-unidos-no-se-detiene-y-yo-tampoco-lo-hare-asegura-obama\/\" \/>\n\t\t<meta property=\"og:image\" content=\"https:\/\/www.eldigitaldeasturias.com\/noticias\/wp-content\/uploads\/2026\/06\/Contenidos.jpg\" \/>\n\t\t<meta property=\"og:image:secure_url\" content=\"https:\/\/www.eldigitaldeasturias.com\/noticias\/wp-content\/uploads\/2026\/06\/Contenidos.jpg\" \/>\n\t\t<meta property=\"og:image:width\" content=\"1265\" \/>\n\t\t<meta property=\"og:image:height\" content=\"697\" \/>\n\t\t<meta property=\"article:tag\" content=\"actualidad\" \/>\n\t\t<meta property=\"article:published_time\" content=\"2014-01-29T15:51:42+00:00\" \/>\n\t\t<meta property=\"article:modified_time\" content=\"2014-01-29T15:51:42+00:00\" \/>\n\t\t<meta property=\"article:publisher\" content=\"https:\/\/facebook.com\/eldigitaldeasturias\" \/>\n\t\t<meta name=\"twitter:card\" content=\"summary_large_image\" \/>\n\t\t<meta name=\"twitter:title\" content=\"Estados Unidos no se detiene y yo tampoco lo har\u00e9, asegura Obama - El Digital de Asturias\" \/>\n\t\t<meta name=\"twitter:description\" content=\"Washington, 28 ene (EFE).- El presidente de EE.UU., Barack Obama, afirm\u00f3 hoy que su pa\u00eds &quot;no se detiene&quot; y que \u00e9l &quot;tampoco&quot; lo har\u00e1, al prometer que adoptar\u00e1 medidas ejecutivas, que no requieren la aprobaci\u00f3n del Congreso, para que 2014 sea &quot;un a\u00f1o de acci\u00f3n&quot;, porque eso es lo que la &quot;mayor\u00eda&quot; de los ciudadanos\" \/>\n\t\t<meta name=\"twitter:image\" content=\"https:\/\/www.eldigitaldeasturias.com\/noticias\/wp-content\/uploads\/2026\/06\/Contenidos.jpg\" \/>\n\t\t<meta name=\"twitter:label1\" content=\"Escrito por\" \/>\n\t\t<meta name=\"twitter:data1\" content=\"El Digital de Asturias\" \/>\n\t\t<meta name=\"twitter:label2\" content=\"Tiempo de lectura estimado\" \/>\n\t\t<meta name=\"twitter:data2\" content=\"2 minutos\" \/>\n\t\t<script type=\"application\/ld+json\" class=\"aioseo-schema\">\n\t\t\t{\"@context\":\"https:\\\/\\\/schema.org\",\"@graph\":[{\"@type\":\"BlogPosting\",\"@id\":\"https:\\\/\\\/www.eldigitaldeasturias.com\\\/noticias\\\/estados-unidos-no-se-detiene-y-yo-tampoco-lo-hare-asegura-obama\\\/#blogposting\",\"name\":\"Estados Unidos no se detiene y yo tampoco lo har\\u00e9, asegura Obama - El Digital de Asturias\",\"headline\":\"Estados Unidos no se detiene y yo tampoco lo har\\u00e9, asegura Obama\",\"author\":{\"@id\":\"https:\\\/\\\/www.eldigitaldeasturias.com\\\/noticias\\\/author\\\/admin\\\/#author\"},\"publisher\":{\"@id\":\"https:\\\/\\\/www.eldigitaldeasturias.com\\\/noticias\\\/#organization\"},\"image\":{\"@type\":\"ImageObject\",\"url\":\"https:\\\/\\\/www.eldigitaldeasturias.com\\\/noticias\\\/wp-content\\\/uploads\\\/2026\\\/06\\\/Contenidos.jpg\",\"width\":1265,\"height\":697,\"caption\":\"Contenidos\"},\"datePublished\":\"2014-01-29T14:51:42+01:00\",\"dateModified\":\"2014-01-29T14:51:42+01:00\",\"inLanguage\":\"es-ES\",\"mainEntityOfPage\":{\"@id\":\"https:\\\/\\\/www.eldigitaldeasturias.com\\\/noticias\\\/estados-unidos-no-se-detiene-y-yo-tampoco-lo-hare-asegura-obama\\\/#webpage\"},\"isPartOf\":{\"@id\":\"https:\\\/\\\/www.eldigitaldeasturias.com\\\/noticias\\\/estados-unidos-no-se-detiene-y-yo-tampoco-lo-hare-asegura-obama\\\/#webpage\"},\"articleSection\":\"Actualidad\"},{\"@type\":\"BreadcrumbList\",\"@id\":\"https:\\\/\\\/www.eldigitaldeasturias.com\\\/noticias\\\/estados-unidos-no-se-detiene-y-yo-tampoco-lo-hare-asegura-obama\\\/#breadcrumblist\",\"itemListElement\":[{\"@type\":\"ListItem\",\"@id\":\"https:\\\/\\\/www.eldigitaldeasturias.com\\\/noticias#listItem\",\"position\":1,\"name\":\"Home\",\"item\":\"https:\\\/\\\/www.eldigitaldeasturias.com\\\/noticias\",\"nextItem\":{\"@type\":\"ListItem\",\"@id\":\"https:\\\/\\\/www.eldigitaldeasturias.com\\\/noticias\\\/category\\\/actualidad\\\/#listItem\",\"name\":\"Actualidad\"}},{\"@type\":\"ListItem\",\"@id\":\"https:\\\/\\\/www.eldigitaldeasturias.com\\\/noticias\\\/category\\\/actualidad\\\/#listItem\",\"position\":2,\"name\":\"Actualidad\",\"item\":\"https:\\\/\\\/www.eldigitaldeasturias.com\\\/noticias\\\/category\\\/actualidad\\\/\",\"nextItem\":{\"@type\":\"ListItem\",\"@id\":\"https:\\\/\\\/www.eldigitaldeasturias.com\\\/noticias\\\/estados-unidos-no-se-detiene-y-yo-tampoco-lo-hare-asegura-obama\\\/#listItem\",\"name\":\"Estados Unidos no se detiene y yo tampoco lo har\\u00e9, asegura Obama\"},\"previousItem\":{\"@type\":\"ListItem\",\"@id\":\"https:\\\/\\\/www.eldigitaldeasturias.com\\\/noticias#listItem\",\"name\":\"Home\"}},{\"@type\":\"ListItem\",\"@id\":\"https:\\\/\\\/www.eldigitaldeasturias.com\\\/noticias\\\/estados-unidos-no-se-detiene-y-yo-tampoco-lo-hare-asegura-obama\\\/#listItem\",\"position\":3,\"name\":\"Estados Unidos no se detiene y yo tampoco lo har\\u00e9, asegura Obama\",\"previousItem\":{\"@type\":\"ListItem\",\"@id\":\"https:\\\/\\\/www.eldigitaldeasturias.com\\\/noticias\\\/category\\\/actualidad\\\/#listItem\",\"name\":\"Actualidad\"}}]},{\"@type\":\"Organization\",\"@id\":\"https:\\\/\\\/www.eldigitaldeasturias.com\\\/noticias\\\/#organization\",\"name\":\"El Digital de Asturias\",\"description\":\"Hemeroteca\",\"url\":\"https:\\\/\\\/www.eldigitaldeasturias.com\\\/noticias\\\/\",\"email\":\"info@eldigitaldeasturias.com\",\"telephone\":\"+34652131393\",\"logo\":{\"@type\":\"ImageObject\",\"url\":\"https:\\\/\\\/www.eldigitaldeasturias.com\\\/noticias\\\/wp-content\\\/uploads\\\/2020\\\/12\\\/EDA.jpg\",\"@id\":\"https:\\\/\\\/www.eldigitaldeasturias.com\\\/noticias\\\/estados-unidos-no-se-detiene-y-yo-tampoco-lo-hare-asegura-obama\\\/#organizationLogo\"},\"image\":{\"@id\":\"https:\\\/\\\/www.eldigitaldeasturias.com\\\/noticias\\\/estados-unidos-no-se-detiene-y-yo-tampoco-lo-hare-asegura-obama\\\/#organizationLogo\"},\"sameAs\":[\"https:\\\/\\\/facebook.com\\\/eldigitaldeasturias\",\"https:\\\/\\\/www.youtube.com\\\/channel\\\/UCZP-2wLEB9Rv6erhFmqVnvg\"],\"address\":{\"@id\":\"https:\\\/\\\/www.eldigitaldeasturias.com\\\/noticias\\\/#postaladdress\",\"@type\":\"PostalAddress\",\"streetAddress\":\"san antonio 4\",\"postalCode\":\"33430\",\"addressLocality\":\"Cand\\u00e1s\",\"addressRegion\":\"Asturias\",\"addressCountry\":\"ES\"}},{\"@type\":\"Person\",\"@id\":\"https:\\\/\\\/www.eldigitaldeasturias.com\\\/noticias\\\/author\\\/admin\\\/#author\",\"url\":\"https:\\\/\\\/www.eldigitaldeasturias.com\\\/noticias\\\/author\\\/admin\\\/\",\"name\":\"El Digital de Asturias\",\"image\":{\"@type\":\"ImageObject\",\"@id\":\"https:\\\/\\\/www.eldigitaldeasturias.com\\\/noticias\\\/estados-unidos-no-se-detiene-y-yo-tampoco-lo-hare-asegura-obama\\\/#authorImage\",\"url\":\"https:\\\/\\\/secure.gravatar.com\\\/avatar\\\/df2aeffc32bcd13f8d26072ef8a91b623d677766deac7f97ca815868cd41bf5e?s=96&d=mm&r=g\",\"width\":96,\"height\":96,\"caption\":\"El Digital de Asturias\"}},{\"@type\":\"WebPage\",\"@id\":\"https:\\\/\\\/www.eldigitaldeasturias.com\\\/noticias\\\/estados-unidos-no-se-detiene-y-yo-tampoco-lo-hare-asegura-obama\\\/#webpage\",\"url\":\"https:\\\/\\\/www.eldigitaldeasturias.com\\\/noticias\\\/estados-unidos-no-se-detiene-y-yo-tampoco-lo-hare-asegura-obama\\\/\",\"name\":\"Estados Unidos no se detiene y yo tampoco lo har\\u00e9, asegura Obama - El Digital de Asturias\",\"description\":\"Washington, 28 ene (EFE).- El presidente de EE.UU., Barack Obama, afirm\\u00f3 hoy que su pa\\u00eds \\\"no se detiene\\\" y que \\u00e9l \\\"tampoco\\\" lo har\\u00e1, al prometer que adoptar\\u00e1 medidas ejecutivas, que no requieren la aprobaci\\u00f3n del Congreso, para que 2014 sea \\\"un a\\u00f1o de acci\\u00f3n\\\", porque eso es lo que la \\\"mayor\\u00eda\\\" de los ciudadanos\",\"inLanguage\":\"es-ES\",\"isPartOf\":{\"@id\":\"https:\\\/\\\/www.eldigitaldeasturias.com\\\/noticias\\\/#website\"},\"breadcrumb\":{\"@id\":\"https:\\\/\\\/www.eldigitaldeasturias.com\\\/noticias\\\/estados-unidos-no-se-detiene-y-yo-tampoco-lo-hare-asegura-obama\\\/#breadcrumblist\"},\"author\":{\"@id\":\"https:\\\/\\\/www.eldigitaldeasturias.com\\\/noticias\\\/author\\\/admin\\\/#author\"},\"creator\":{\"@id\":\"https:\\\/\\\/www.eldigitaldeasturias.com\\\/noticias\\\/author\\\/admin\\\/#author\"},\"image\":{\"@type\":\"ImageObject\",\"url\":\"https:\\\/\\\/www.eldigitaldeasturias.com\\\/noticias\\\/wp-content\\\/uploads\\\/2026\\\/06\\\/Contenidos.jpg\",\"@id\":\"https:\\\/\\\/www.eldigitaldeasturias.com\\\/noticias\\\/estados-unidos-no-se-detiene-y-yo-tampoco-lo-hare-asegura-obama\\\/#mainImage\",\"width\":1265,\"height\":697,\"caption\":\"Contenidos\"},\"primaryImageOfPage\":{\"@id\":\"https:\\\/\\\/www.eldigitaldeasturias.com\\\/noticias\\\/estados-unidos-no-se-detiene-y-yo-tampoco-lo-hare-asegura-obama\\\/#mainImage\"},\"datePublished\":\"2014-01-29T14:51:42+01:00\",\"dateModified\":\"2014-01-29T14:51:42+01:00\"},{\"@type\":\"WebSite\",\"@id\":\"https:\\\/\\\/www.eldigitaldeasturias.com\\\/noticias\\\/#website\",\"url\":\"https:\\\/\\\/www.eldigitaldeasturias.com\\\/noticias\\\/\",\"name\":\"El Digital de Asturias - Diario de actualidad y noticias\",\"alternateName\":\"El Digital de Asturias - Diario de actualidad y noticias\",\"description\":\"Hemeroteca\",\"inLanguage\":\"es-ES\",\"publisher\":{\"@id\":\"https:\\\/\\\/www.eldigitaldeasturias.com\\\/noticias\\\/#organization\"}}]}\n\t\t<\/script>\n\t\t<!-- All in One SEO Pro -->\r\n\t\t<title>Estados Unidos no se detiene y yo tampoco lo har\u00e9, asegura Obama - El Digital de Asturias<\/title>\n\n","aioseo_head_json":{"title":"Estados Unidos no se detiene y yo tampoco lo har\u00e9, asegura Obama - El Digital de Asturias","description":"Washington, 28 ene (EFE).- El presidente de EE.UU., Barack Obama, afirm\u00f3 hoy que su pa\u00eds \"no se detiene\" y que \u00e9l \"tampoco\" lo har\u00e1, al prometer que adoptar\u00e1 medidas ejecutivas, que no requieren la aprobaci\u00f3n del Congreso, para que 2014 sea \"un a\u00f1o de acci\u00f3n\", porque eso es lo que la \"mayor\u00eda\" de los ciudadanos","canonical_url":"https:\/\/www.eldigitaldeasturias.com\/noticias\/estados-unidos-no-se-detiene-y-yo-tampoco-lo-hare-asegura-obama\/","robots":"max-image-preview:large","keywords":"actualidad","webmasterTools":{"google-site-verification":"UA-38556648-1","msvalidate.01":"7dfe9f3f1b24437ab69f4f2559babe99","miscellaneous":""},"schema":{"@context":"https:\/\/schema.org","@graph":[{"@type":"BlogPosting","@id":"https:\/\/www.eldigitaldeasturias.com\/noticias\/estados-unidos-no-se-detiene-y-yo-tampoco-lo-hare-asegura-obama\/#blogposting","name":"Estados Unidos no se detiene y yo tampoco lo har\u00e9, asegura Obama - El Digital de Asturias","headline":"Estados Unidos no se detiene y yo tampoco lo har\u00e9, asegura Obama","author":{"@id":"https:\/\/www.eldigitaldeasturias.com\/noticias\/author\/admin\/#author"},"publisher":{"@id":"https:\/\/www.eldigitaldeasturias.com\/noticias\/#organization"},"image":{"@type":"ImageObject","url":"https:\/\/www.eldigitaldeasturias.com\/noticias\/wp-content\/uploads\/2026\/06\/Contenidos.jpg","width":1265,"height":697,"caption":"Contenidos"},"datePublished":"2014-01-29T14:51:42+01:00","dateModified":"2014-01-29T14:51:42+01:00","inLanguage":"es-ES","mainEntityOfPage":{"@id":"https:\/\/www.eldigitaldeasturias.com\/noticias\/estados-unidos-no-se-detiene-y-yo-tampoco-lo-hare-asegura-obama\/#webpage"},"isPartOf":{"@id":"https:\/\/www.eldigitaldeasturias.com\/noticias\/estados-unidos-no-se-detiene-y-yo-tampoco-lo-hare-asegura-obama\/#webpage"},"articleSection":"Actualidad"},{"@type":"BreadcrumbList","@id":"https:\/\/www.eldigitaldeasturias.com\/noticias\/estados-unidos-no-se-detiene-y-yo-tampoco-lo-hare-asegura-obama\/#breadcrumblist","itemListElement":[{"@type":"ListItem","@id":"https:\/\/www.eldigitaldeasturias.com\/noticias#listItem","position":1,"name":"Home","item":"https:\/\/www.eldigitaldeasturias.com\/noticias","nextItem":{"@type":"ListItem","@id":"https:\/\/www.eldigitaldeasturias.com\/noticias\/category\/actualidad\/#listItem","name":"Actualidad"}},{"@type":"ListItem","@id":"https:\/\/www.eldigitaldeasturias.com\/noticias\/category\/actualidad\/#listItem","position":2,"name":"Actualidad","item":"https:\/\/www.eldigitaldeasturias.com\/noticias\/category\/actualidad\/","nextItem":{"@type":"ListItem","@id":"https:\/\/www.eldigitaldeasturias.com\/noticias\/estados-unidos-no-se-detiene-y-yo-tampoco-lo-hare-asegura-obama\/#listItem","name":"Estados Unidos no se detiene y yo tampoco lo har\u00e9, asegura Obama"},"previousItem":{"@type":"ListItem","@id":"https:\/\/www.eldigitaldeasturias.com\/noticias#listItem","name":"Home"}},{"@type":"ListItem","@id":"https:\/\/www.eldigitaldeasturias.com\/noticias\/estados-unidos-no-se-detiene-y-yo-tampoco-lo-hare-asegura-obama\/#listItem","position":3,"name":"Estados Unidos no se detiene y yo tampoco lo har\u00e9, asegura Obama","previousItem":{"@type":"ListItem","@id":"https:\/\/www.eldigitaldeasturias.com\/noticias\/category\/actualidad\/#listItem","name":"Actualidad"}}]},{"@type":"Organization","@id":"https:\/\/www.eldigitaldeasturias.com\/noticias\/#organization","name":"El Digital de Asturias","description":"Hemeroteca","url":"https:\/\/www.eldigitaldeasturias.com\/noticias\/","email":"info@eldigitaldeasturias.com","telephone":"+34652131393","logo":{"@type":"ImageObject","url":"https:\/\/www.eldigitaldeasturias.com\/noticias\/wp-content\/uploads\/2020\/12\/EDA.jpg","@id":"https:\/\/www.eldigitaldeasturias.com\/noticias\/estados-unidos-no-se-detiene-y-yo-tampoco-lo-hare-asegura-obama\/#organizationLogo"},"image":{"@id":"https:\/\/www.eldigitaldeasturias.com\/noticias\/estados-unidos-no-se-detiene-y-yo-tampoco-lo-hare-asegura-obama\/#organizationLogo"},"sameAs":["https:\/\/facebook.com\/eldigitaldeasturias","https:\/\/www.youtube.com\/channel\/UCZP-2wLEB9Rv6erhFmqVnvg"],"address":{"@id":"https:\/\/www.eldigitaldeasturias.com\/noticias\/#postaladdress","@type":"PostalAddress","streetAddress":"san antonio 4","postalCode":"33430","addressLocality":"Cand\u00e1s","addressRegion":"Asturias","addressCountry":"ES"}},{"@type":"Person","@id":"https:\/\/www.eldigitaldeasturias.com\/noticias\/author\/admin\/#author","url":"https:\/\/www.eldigitaldeasturias.com\/noticias\/author\/admin\/","name":"El Digital de Asturias","image":{"@type":"ImageObject","@id":"https:\/\/www.eldigitaldeasturias.com\/noticias\/estados-unidos-no-se-detiene-y-yo-tampoco-lo-hare-asegura-obama\/#authorImage","url":"https:\/\/secure.gravatar.com\/avatar\/df2aeffc32bcd13f8d26072ef8a91b623d677766deac7f97ca815868cd41bf5e?s=96&d=mm&r=g","width":96,"height":96,"caption":"El Digital de Asturias"}},{"@type":"WebPage","@id":"https:\/\/www.eldigitaldeasturias.com\/noticias\/estados-unidos-no-se-detiene-y-yo-tampoco-lo-hare-asegura-obama\/#webpage","url":"https:\/\/www.eldigitaldeasturias.com\/noticias\/estados-unidos-no-se-detiene-y-yo-tampoco-lo-hare-asegura-obama\/","name":"Estados Unidos no se detiene y yo tampoco lo har\u00e9, asegura Obama - El Digital de Asturias","description":"Washington, 28 ene (EFE).- El presidente de EE.UU., Barack Obama, afirm\u00f3 hoy que su pa\u00eds \"no se detiene\" y que \u00e9l \"tampoco\" lo har\u00e1, al prometer que adoptar\u00e1 medidas ejecutivas, que no requieren la aprobaci\u00f3n del Congreso, para que 2014 sea \"un a\u00f1o de acci\u00f3n\", porque eso es lo que la \"mayor\u00eda\" de los ciudadanos","inLanguage":"es-ES","isPartOf":{"@id":"https:\/\/www.eldigitaldeasturias.com\/noticias\/#website"},"breadcrumb":{"@id":"https:\/\/www.eldigitaldeasturias.com\/noticias\/estados-unidos-no-se-detiene-y-yo-tampoco-lo-hare-asegura-obama\/#breadcrumblist"},"author":{"@id":"https:\/\/www.eldigitaldeasturias.com\/noticias\/author\/admin\/#author"},"creator":{"@id":"https:\/\/www.eldigitaldeasturias.com\/noticias\/author\/admin\/#author"},"image":{"@type":"ImageObject","url":"https:\/\/www.eldigitaldeasturias.com\/noticias\/wp-content\/uploads\/2026\/06\/Contenidos.jpg","@id":"https:\/\/www.eldigitaldeasturias.com\/noticias\/estados-unidos-no-se-detiene-y-yo-tampoco-lo-hare-asegura-obama\/#mainImage","width":1265,"height":697,"caption":"Contenidos"},"primaryImageOfPage":{"@id":"https:\/\/www.eldigitaldeasturias.com\/noticias\/estados-unidos-no-se-detiene-y-yo-tampoco-lo-hare-asegura-obama\/#mainImage"},"datePublished":"2014-01-29T14:51:42+01:00","dateModified":"2014-01-29T14:51:42+01:00"},{"@type":"WebSite","@id":"https:\/\/www.eldigitaldeasturias.com\/noticias\/#website","url":"https:\/\/www.eldigitaldeasturias.com\/noticias\/","name":"El Digital de Asturias - Diario de actualidad y noticias","alternateName":"El Digital de Asturias - Diario de actualidad y noticias","description":"Hemeroteca","inLanguage":"es-ES","publisher":{"@id":"https:\/\/www.eldigitaldeasturias.com\/noticias\/#organization"}}]},"og:locale":"es_ES","og:site_name":"El Digital de Asturias","og:type":"article","og:title":"Estados Unidos no se detiene y yo tampoco lo har\u00e9, asegura Obama - El Digital de Asturias","og:description":"Washington, 28 ene (EFE).- El presidente de EE.UU., Barack Obama, afirm\u00f3 hoy que su pa\u00eds &quot;no se detiene&quot; y que \u00e9l &quot;tampoco&quot; lo har\u00e1, al prometer que adoptar\u00e1 medidas ejecutivas, que no requieren la aprobaci\u00f3n del Congreso, para que 2014 sea &quot;un a\u00f1o de acci\u00f3n&quot;, porque eso es lo que la &quot;mayor\u00eda&quot; de los ciudadanos","og:url":"https:\/\/www.eldigitaldeasturias.com\/noticias\/estados-unidos-no-se-detiene-y-yo-tampoco-lo-hare-asegura-obama\/","og:image":"https:\/\/www.eldigitaldeasturias.com\/noticias\/wp-content\/uploads\/2026\/06\/Contenidos.jpg","og:image:secure_url":"https:\/\/www.eldigitaldeasturias.com\/noticias\/wp-content\/uploads\/2026\/06\/Contenidos.jpg","og:image:width":1265,"og:image:height":697,"article:tag":["actualidad"],"article:published_time":"2014-01-29T15:51:42+00:00","article:modified_time":"2014-01-29T15:51:42+00:00","article:publisher":"https:\/\/facebook.com\/eldigitaldeasturias","twitter:card":"summary_large_image","twitter:title":"Estados Unidos no se detiene y yo tampoco lo har\u00e9, asegura Obama - El Digital de Asturias","twitter:description":"Washington, 28 ene (EFE).- El presidente de EE.UU., Barack Obama, afirm\u00f3 hoy que su pa\u00eds &quot;no se detiene&quot; y que \u00e9l &quot;tampoco&quot; lo har\u00e1, al prometer que adoptar\u00e1 medidas ejecutivas, que no requieren la aprobaci\u00f3n del Congreso, para que 2014 sea &quot;un a\u00f1o de acci\u00f3n&quot;, porque eso es lo que la &quot;mayor\u00eda&quot; de los ciudadanos","twitter:image":"https:\/\/www.eldigitaldeasturias.com\/noticias\/wp-content\/uploads\/2026\/06\/Contenidos.jpg","twitter:label1":"Escrito por","twitter:data1":"El Digital de Asturias","twitter:label2":"Tiempo de lectura estimado","twitter:data2":"2 minutos"},"aioseo_meta_data":{"post_id":"480041","title":null,"description":null,"keywords":null,"keyphrases":null,"primary_term":null,"canonical_url":null,"og_title":null,"og_description":null,"og_object_type":"default","og_image_type":"default","og_image_url":null,"og_image_width":null,"og_image_height":null,"og_image_custom_url":null,"og_image_custom_fields":null,"og_video":null,"og_custom_url":null,"og_article_section":null,"og_article_tags":null,"twitter_use_og":true,"twitter_card":"default","twitter_image_type":"default","twitter_image_url":null,"twitter_image_custom_url":null,"twitter_image_custom_fields":null,"twitter_title":null,"twitter_description":null,"schema":{"blockGraphs":[],"customGraphs":[],"default":{"data":{"Article":[],"Course":[],"Dataset":[],"FAQPage":[],"Movie":[],"Person":[],"Product":[],"ProductReview":[],"Car":[],"Recipe":[],"Service":[],"SoftwareApplication":[],"WebPage":[]},"graphName":"","isEnabled":true},"graphs":[],"defaultGraph":"","defaultPostTypeGraph":""},"schema_type":null,"schema_type_options":null,"pillar_content":false,"robots_default":true,"robots_noindex":false,"robots_noarchive":false,"robots_nosnippet":false,"robots_nofollow":false,"robots_noimageindex":false,"robots_noodp":false,"robots_notranslate":false,"robots_max_snippet":null,"robots_max_videopreview":null,"robots_max_imagepreview":"none","priority":null,"frequency":null,"local_seo":null,"seo_analyzer_scan_date":"2026-06-02 02:29:50","breadcrumb_settings":null,"limit_modified_date":false,"open_ai":null,"ai":null,"created":"2020-11-14 22:54:08","updated":"2026-06-02 02:29:50","focus_keyword":null,"additional_keywords":null,"truseo_locale":null},"aioseo_breadcrumb":"<div class=\"aioseo-breadcrumbs\"><span class=\"aioseo-breadcrumb\">\n\t<a href=\"https:\/\/www.eldigitaldeasturias.com\/noticias\" title=\"Home\">Home<\/a>\n<\/span><span class=\"aioseo-breadcrumb-separator\">\u2013<\/span><span class=\"aioseo-breadcrumb\">\n\t<a href=\"https:\/\/www.eldigitaldeasturias.com\/noticias\/category\/actualidad\/\" title=\"Actualidad\">Actualidad<\/a>\n<\/span><span class=\"aioseo-breadcrumb-separator\">\u2013<\/span><span class=\"aioseo-breadcrumb\">\n\t<a href=\"https:\/\/www.eldigitaldeasturias.com\/noticias\/estados-unidos-no-se-detiene-y-yo-tampoco-lo-hare-asegura-obama\/\" title=\"Estados Unidos no se detiene y yo tampoco lo har\u00e9, asegura Obama\">Estados Unidos no se detiene y yo tampoco lo har\u00e9, asegura Obama<\/a>\n<\/span><\/div>","aioseo_breadcrumb_json":[{"label":"Home","link":"https:\/\/www.eldigitaldeasturias.com\/noticias"},{"label":"Actualidad","link":"https:\/\/www.eldigitaldeasturias.com\/noticias\/category\/actualidad\/"},{"label":"Estados Unidos no se detiene y yo tampoco lo har\u00e9, asegura Obama","link":"https:\/\/www.eldigitaldeasturias.com\/noticias\/estados-unidos-no-se-detiene-y-yo-tampoco-lo-hare-asegura-obama\/"}],"_links":{"self":[{"href":"https:\/\/www.eldigitaldeasturias.com\/noticias\/wp-json\/wp\/v2\/posts\/480041","targetHints":{"allow":["GET"]}}],"collection":[{"href":"https:\/\/www.eldigitaldeasturias.com\/noticias\/wp-json\/wp\/v2\/posts"}],"about":[{"href":"https:\/\/www.eldigitaldeasturias.com\/noticias\/wp-json\/wp\/v2\/types\/post"}],"author":[{"embeddable":true,"href":"https:\/\/www.eldigitaldeasturias.com\/noticias\/wp-json\/wp\/v2\/users\/1"}],"replies":[{"embeddable":true,"href":"https:\/\/www.eldigitaldeasturias.com\/noticias\/wp-json\/wp\/v2\/comments?post=480041"}],"version-history":[{"count":0,"href":"https:\/\/www.eldigitaldeasturias.com\/noticias\/wp-json\/wp\/v2\/posts\/480041\/revisions"}],"wp:featuredmedia":[{"embeddable":true,"href":"https:\/\/www.eldigitaldeasturias.com\/noticias\/wp-json\/wp\/v2\/media\/1132184"}],"wp:attachment":[{"href":"https:\/\/www.eldigitaldeasturias.com\/noticias\/wp-json\/wp\/v2\/media?parent=480041"}],"wp:term":[{"taxonomy":"category","embeddable":true,"href":"https:\/\/www.eldigitaldeasturias.com\/noticias\/wp-json\/wp\/v2\/categories?post=480041"},{"taxonomy":"post_tag","embeddable":true,"href":"https:\/\/www.eldigitaldeasturias.com\/noticias\/wp-json\/wp\/v2\/tags?post=480041"}],"curies":[{"name":"wp","href":"https:\/\/api.w.org\/{rel}","templated":true}]}}