{"id":480035,"date":"2014-01-29T14:47:45","date_gmt":"2014-01-29T15:47:45","guid":{"rendered":"http:\/\/www.eldigitaldeasturias.com\/noticias\/?p=480035"},"modified":"2014-01-29T14:47:45","modified_gmt":"2014-01-29T15:47:45","slug":"obama-afirma-que-todos-los-ucranianos-deben-tener-voz-y-voto-en-el-futuro-de-su-pais","status":"publish","type":"post","link":"https:\/\/www.eldigitaldeasturias.com\/noticias\/obama-afirma-que-todos-los-ucranianos-deben-tener-voz-y-voto-en-el-futuro-de-su-pais\/","title":{"rendered":"Obama afirma que todos los ucranianos deben tener voz y voto en el futuro de su pa\u00eds"},"content":{"rendered":"<p><img loading=\"lazy\" decoding=\"async\" class=\"alignleft size-medium wp-image-480036\" alt=\"5885371w\" src=\"https:\/\/www.eldigitaldeasturias.com\/noticias\/wp-content\/uploads\/2014\/01\/5885371w-360x255.jpg\" width=\"360\" height=\"255\" \/>Washington, 28 ene (EFE).- El presidente de EE.UU., Barack Obama, afirm\u00f3 hoy que todos los ucranianos deben tener voz y voto en el futuro de su pa\u00eds, horas despu\u00e9s de que se anunciara la dimisi\u00f3n del equipo de Gobierno del presidente ucraniano, V\u00edctor Yanuk\u00f3vich.<\/p>\n<p>\u00abEn Ucrania, defendemos el principio de que todo el pueblo tiene derecho a expresarse libre y pac\u00edficamente y a tener voz y voto en el futuro del pa\u00eds\u00bb, dijo Obama en una breve menci\u00f3n al pa\u00eds europeo durante su discurso del Estado de la Uni\u00f3n ante las dos c\u00e1maras del Congreso estadounidense.<\/p>\n<p>La oposici\u00f3n ucraniana se apunt\u00f3 hoy una crucial victoria al lograr que se cumplan dos de sus principales demandas: la dimisi\u00f3n del equipo de Gobierno de Yanuk\u00f3vich y la derogaci\u00f3n en la Rada Suprema (Parlamento) de las leyes represoras que limitaban las libertades fundamentales.<\/p>\n<p>El vicepresidente estadounidense, Joe Biden, telefone\u00f3 hoy a Yanuk\u00f3vich para pedirle que acceda a las demandas de los manifestantes, trabaje con la oposici\u00f3n y d\u00e9 paso a \u00abun nuevo Gobierno que aporte unidad pol\u00edtica\u00bb, seg\u00fan inform\u00f3 la Casa Blanca.<\/p>\n<p>Asimismo, consider\u00f3 que el Gobierno de Kiev, que desat\u00f3 las protestas a finales de noviembre pasado por su oposici\u00f3n a un acuerdo de asociaci\u00f3n con la Uni\u00f3n Europea a favor de un mayor v\u00ednculo con Ucrania, debe aprobar una \u00abley de amnist\u00eda\u00bb.<\/p>\n<p>En su discurso, Obama afirm\u00f3, adem\u00e1s, que la alianza entre Estados Unidos y Europa \u00absigue siendo la m\u00e1s fuerte que el mundo haya conocido jam\u00e1s\u00bb.<\/p>\n","protected":false},"excerpt":{"rendered":"<p>Washington, 28 ene (EFE).- El presidente de EE.UU., Barack Obama, afirm\u00f3 hoy que todos los ucranianos deben tener voz y voto en el futuro de su pa\u00eds, horas despu\u00e9s de que se anunciara la dimisi\u00f3n del equipo de Gobierno del presidente ucraniano, V\u00edctor Yanuk\u00f3vich. \u00abEn Ucrania, defendemos el principio de que todo el pueblo tiene [&hellip;]<\/p>\n","protected":false},"author":1,"featured_media":1132184,"comment_status":"closed","ping_status":"open","sticky":false,"template":"","format":"standard","meta":{"footnotes":""},"categories":[1],"tags":[],"class_list":["post-480035","post","type-post","status-publish","format-standard","has-post-thumbnail","hentry","category-actualidad"],"aioseo_notices":[],"aioseo_head":"\n\t\t<!-- All in One SEO Pro 5.0.1 - aioseo.com -->\n\t<meta name=\"description\" content=\"Washington, 28 ene (EFE).- El presidente de EE.UU., Barack Obama, afirm\u00f3 hoy que todos los ucranianos deben tener voz y voto en el futuro de su pa\u00eds, horas despu\u00e9s de que se anunciara la dimisi\u00f3n del equipo de Gobierno del presidente ucraniano, V\u00edctor Yanuk\u00f3vich. &quot;En Ucrania, defendemos el principio de que todo el pueblo tiene\" \/>\n\t<meta name=\"robots\" content=\"max-image-preview:large\" \/>\n\t<meta name=\"author\" content=\"El Digital de Asturias\"\/>\n\t<meta name=\"google-site-verification\" content=\"UA-38556648-1\" \/>\n\t<meta name=\"msvalidate.01\" content=\"7dfe9f3f1b24437ab69f4f2559babe99\" \/>\n\t<meta name=\"keywords\" content=\"actualidad\" \/>\n\t<link rel=\"canonical\" href=\"https:\/\/www.eldigitaldeasturias.com\/noticias\/obama-afirma-que-todos-los-ucranianos-deben-tener-voz-y-voto-en-el-futuro-de-su-pais\/\" \/>\n\t<meta name=\"generator\" content=\"All in One SEO Pro (AIOSEO) 5.0.1\" \/>\n\t\t<meta property=\"og:locale\" content=\"es_ES\" \/>\n\t\t<meta property=\"og:site_name\" content=\"El Digital de Asturias\" \/>\n\t\t<meta property=\"og:type\" content=\"article\" \/>\n\t\t<meta property=\"og:title\" content=\"Obama afirma que todos los ucranianos deben tener voz y voto en el futuro de su pa\u00eds - El Digital de Asturias\" \/>\n\t\t<meta property=\"og:description\" content=\"Washington, 28 ene (EFE).- El presidente de EE.UU., Barack Obama, afirm\u00f3 hoy que todos los ucranianos deben tener voz y voto en el futuro de su pa\u00eds, horas despu\u00e9s de que se anunciara la dimisi\u00f3n del equipo de Gobierno del presidente ucraniano, V\u00edctor Yanuk\u00f3vich. &quot;En Ucrania, defendemos el principio de que todo el pueblo tiene\" \/>\n\t\t<meta property=\"og:url\" content=\"https:\/\/www.eldigitaldeasturias.com\/noticias\/obama-afirma-que-todos-los-ucranianos-deben-tener-voz-y-voto-en-el-futuro-de-su-pais\/\" \/>\n\t\t<meta property=\"og:image\" content=\"https:\/\/www.eldigitaldeasturias.com\/noticias\/wp-content\/uploads\/2026\/06\/Contenidos.jpg\" \/>\n\t\t<meta property=\"og:image:secure_url\" content=\"https:\/\/www.eldigitaldeasturias.com\/noticias\/wp-content\/uploads\/2026\/06\/Contenidos.jpg\" \/>\n\t\t<meta property=\"og:image:width\" content=\"1265\" \/>\n\t\t<meta property=\"og:image:height\" content=\"697\" \/>\n\t\t<meta property=\"article:tag\" content=\"actualidad\" \/>\n\t\t<meta property=\"article:published_time\" content=\"2014-01-29T15:47:45+00:00\" \/>\n\t\t<meta property=\"article:modified_time\" content=\"2014-01-29T15:47:45+00:00\" \/>\n\t\t<meta property=\"article:publisher\" content=\"https:\/\/facebook.com\/eldigitaldeasturias\" \/>\n\t\t<meta name=\"twitter:card\" content=\"summary_large_image\" \/>\n\t\t<meta name=\"twitter:title\" content=\"Obama afirma que todos los ucranianos deben tener voz y voto en el futuro de su pa\u00eds - El Digital de Asturias\" \/>\n\t\t<meta name=\"twitter:description\" content=\"Washington, 28 ene (EFE).- El presidente de EE.UU., Barack Obama, afirm\u00f3 hoy que todos los ucranianos deben tener voz y voto en el futuro de su pa\u00eds, horas despu\u00e9s de que se anunciara la dimisi\u00f3n del equipo de Gobierno del presidente ucraniano, V\u00edctor Yanuk\u00f3vich. &quot;En Ucrania, defendemos el principio de que todo el pueblo tiene\" \/>\n\t\t<meta name=\"twitter:image\" content=\"https:\/\/www.eldigitaldeasturias.com\/noticias\/wp-content\/uploads\/2026\/06\/Contenidos.jpg\" \/>\n\t\t<meta name=\"twitter:label1\" content=\"Escrito por\" \/>\n\t\t<meta name=\"twitter:data1\" content=\"El Digital de Asturias\" \/>\n\t\t<meta name=\"twitter:label2\" content=\"Tiempo de lectura estimado\" \/>\n\t\t<meta name=\"twitter:data2\" content=\"1 minuto\" \/>\n\t\t<script type=\"application\/ld+json\" class=\"aioseo-schema\">\n\t\t\t{\"@context\":\"https:\\\/\\\/schema.org\",\"@graph\":[{\"@type\":\"BlogPosting\",\"@id\":\"https:\\\/\\\/www.eldigitaldeasturias.com\\\/noticias\\\/obama-afirma-que-todos-los-ucranianos-deben-tener-voz-y-voto-en-el-futuro-de-su-pais\\\/#blogposting\",\"name\":\"Obama afirma que todos los ucranianos deben tener voz y voto en el futuro de su pa\\u00eds - El Digital de Asturias\",\"headline\":\"Obama afirma que todos los ucranianos deben tener voz y voto en el futuro de su pa\\u00eds\",\"author\":{\"@id\":\"https:\\\/\\\/www.eldigitaldeasturias.com\\\/noticias\\\/author\\\/admin\\\/#author\"},\"publisher\":{\"@id\":\"https:\\\/\\\/www.eldigitaldeasturias.com\\\/noticias\\\/#organization\"},\"image\":{\"@type\":\"ImageObject\",\"url\":\"https:\\\/\\\/www.eldigitaldeasturias.com\\\/noticias\\\/wp-content\\\/uploads\\\/2026\\\/06\\\/Contenidos.jpg\",\"width\":1265,\"height\":697,\"caption\":\"Contenidos\"},\"datePublished\":\"2014-01-29T14:47:45+01:00\",\"dateModified\":\"2014-01-29T14:47:45+01:00\",\"inLanguage\":\"es-ES\",\"mainEntityOfPage\":{\"@id\":\"https:\\\/\\\/www.eldigitaldeasturias.com\\\/noticias\\\/obama-afirma-que-todos-los-ucranianos-deben-tener-voz-y-voto-en-el-futuro-de-su-pais\\\/#webpage\"},\"isPartOf\":{\"@id\":\"https:\\\/\\\/www.eldigitaldeasturias.com\\\/noticias\\\/obama-afirma-que-todos-los-ucranianos-deben-tener-voz-y-voto-en-el-futuro-de-su-pais\\\/#webpage\"},\"articleSection\":\"Actualidad\"},{\"@type\":\"BreadcrumbList\",\"@id\":\"https:\\\/\\\/www.eldigitaldeasturias.com\\\/noticias\\\/obama-afirma-que-todos-los-ucranianos-deben-tener-voz-y-voto-en-el-futuro-de-su-pais\\\/#breadcrumblist\",\"itemListElement\":[{\"@type\":\"ListItem\",\"@id\":\"https:\\\/\\\/www.eldigitaldeasturias.com\\\/noticias#listItem\",\"position\":1,\"name\":\"Home\",\"item\":\"https:\\\/\\\/www.eldigitaldeasturias.com\\\/noticias\",\"nextItem\":{\"@type\":\"ListItem\",\"@id\":\"https:\\\/\\\/www.eldigitaldeasturias.com\\\/noticias\\\/category\\\/actualidad\\\/#listItem\",\"name\":\"Actualidad\"}},{\"@type\":\"ListItem\",\"@id\":\"https:\\\/\\\/www.eldigitaldeasturias.com\\\/noticias\\\/category\\\/actualidad\\\/#listItem\",\"position\":2,\"name\":\"Actualidad\",\"item\":\"https:\\\/\\\/www.eldigitaldeasturias.com\\\/noticias\\\/category\\\/actualidad\\\/\",\"nextItem\":{\"@type\":\"ListItem\",\"@id\":\"https:\\\/\\\/www.eldigitaldeasturias.com\\\/noticias\\\/obama-afirma-que-todos-los-ucranianos-deben-tener-voz-y-voto-en-el-futuro-de-su-pais\\\/#listItem\",\"name\":\"Obama afirma que todos los ucranianos deben tener voz y voto en el futuro de su pa\\u00eds\"},\"previousItem\":{\"@type\":\"ListItem\",\"@id\":\"https:\\\/\\\/www.eldigitaldeasturias.com\\\/noticias#listItem\",\"name\":\"Home\"}},{\"@type\":\"ListItem\",\"@id\":\"https:\\\/\\\/www.eldigitaldeasturias.com\\\/noticias\\\/obama-afirma-que-todos-los-ucranianos-deben-tener-voz-y-voto-en-el-futuro-de-su-pais\\\/#listItem\",\"position\":3,\"name\":\"Obama afirma que todos los ucranianos deben tener voz y voto en el futuro de su pa\\u00eds\",\"previousItem\":{\"@type\":\"ListItem\",\"@id\":\"https:\\\/\\\/www.eldigitaldeasturias.com\\\/noticias\\\/category\\\/actualidad\\\/#listItem\",\"name\":\"Actualidad\"}}]},{\"@type\":\"Organization\",\"@id\":\"https:\\\/\\\/www.eldigitaldeasturias.com\\\/noticias\\\/#organization\",\"name\":\"El Digital de Asturias\",\"description\":\"Hemeroteca\",\"url\":\"https:\\\/\\\/www.eldigitaldeasturias.com\\\/noticias\\\/\",\"email\":\"info@eldigitaldeasturias.com\",\"telephone\":\"+34652131393\",\"logo\":{\"@type\":\"ImageObject\",\"url\":\"https:\\\/\\\/www.eldigitaldeasturias.com\\\/noticias\\\/wp-content\\\/uploads\\\/2020\\\/12\\\/EDA.jpg\",\"@id\":\"https:\\\/\\\/www.eldigitaldeasturias.com\\\/noticias\\\/obama-afirma-que-todos-los-ucranianos-deben-tener-voz-y-voto-en-el-futuro-de-su-pais\\\/#organizationLogo\"},\"image\":{\"@id\":\"https:\\\/\\\/www.eldigitaldeasturias.com\\\/noticias\\\/obama-afirma-que-todos-los-ucranianos-deben-tener-voz-y-voto-en-el-futuro-de-su-pais\\\/#organizationLogo\"},\"sameAs\":[\"https:\\\/\\\/facebook.com\\\/eldigitaldeasturias\",\"https:\\\/\\\/www.youtube.com\\\/channel\\\/UCZP-2wLEB9Rv6erhFmqVnvg\"],\"address\":{\"@id\":\"https:\\\/\\\/www.eldigitaldeasturias.com\\\/noticias\\\/#postaladdress\",\"@type\":\"PostalAddress\",\"streetAddress\":\"san antonio 4\",\"postalCode\":\"33430\",\"addressLocality\":\"Cand\\u00e1s\",\"addressRegion\":\"Asturias\",\"addressCountry\":\"ES\"}},{\"@type\":\"Person\",\"@id\":\"https:\\\/\\\/www.eldigitaldeasturias.com\\\/noticias\\\/author\\\/admin\\\/#author\",\"url\":\"https:\\\/\\\/www.eldigitaldeasturias.com\\\/noticias\\\/author\\\/admin\\\/\",\"name\":\"El Digital de Asturias\",\"image\":{\"@type\":\"ImageObject\",\"@id\":\"https:\\\/\\\/www.eldigitaldeasturias.com\\\/noticias\\\/obama-afirma-que-todos-los-ucranianos-deben-tener-voz-y-voto-en-el-futuro-de-su-pais\\\/#authorImage\",\"url\":\"https:\\\/\\\/secure.gravatar.com\\\/avatar\\\/df2aeffc32bcd13f8d26072ef8a91b623d677766deac7f97ca815868cd41bf5e?s=96&d=mm&r=g\",\"width\":96,\"height\":96,\"caption\":\"El Digital de Asturias\"}},{\"@type\":\"WebPage\",\"@id\":\"https:\\\/\\\/www.eldigitaldeasturias.com\\\/noticias\\\/obama-afirma-que-todos-los-ucranianos-deben-tener-voz-y-voto-en-el-futuro-de-su-pais\\\/#webpage\",\"url\":\"https:\\\/\\\/www.eldigitaldeasturias.com\\\/noticias\\\/obama-afirma-que-todos-los-ucranianos-deben-tener-voz-y-voto-en-el-futuro-de-su-pais\\\/\",\"name\":\"Obama afirma que todos los ucranianos deben tener voz y voto en el futuro de su pa\\u00eds - El Digital de Asturias\",\"description\":\"Washington, 28 ene (EFE).- El presidente de EE.UU., Barack Obama, afirm\\u00f3 hoy que todos los ucranianos deben tener voz y voto en el futuro de su pa\\u00eds, horas despu\\u00e9s de que se anunciara la dimisi\\u00f3n del equipo de Gobierno del presidente ucraniano, V\\u00edctor Yanuk\\u00f3vich. \\\"En Ucrania, defendemos el principio de que todo el pueblo tiene\",\"inLanguage\":\"es-ES\",\"isPartOf\":{\"@id\":\"https:\\\/\\\/www.eldigitaldeasturias.com\\\/noticias\\\/#website\"},\"breadcrumb\":{\"@id\":\"https:\\\/\\\/www.eldigitaldeasturias.com\\\/noticias\\\/obama-afirma-que-todos-los-ucranianos-deben-tener-voz-y-voto-en-el-futuro-de-su-pais\\\/#breadcrumblist\"},\"author\":{\"@id\":\"https:\\\/\\\/www.eldigitaldeasturias.com\\\/noticias\\\/author\\\/admin\\\/#author\"},\"creator\":{\"@id\":\"https:\\\/\\\/www.eldigitaldeasturias.com\\\/noticias\\\/author\\\/admin\\\/#author\"},\"image\":{\"@type\":\"ImageObject\",\"url\":\"https:\\\/\\\/www.eldigitaldeasturias.com\\\/noticias\\\/wp-content\\\/uploads\\\/2026\\\/06\\\/Contenidos.jpg\",\"@id\":\"https:\\\/\\\/www.eldigitaldeasturias.com\\\/noticias\\\/obama-afirma-que-todos-los-ucranianos-deben-tener-voz-y-voto-en-el-futuro-de-su-pais\\\/#mainImage\",\"width\":1265,\"height\":697,\"caption\":\"Contenidos\"},\"primaryImageOfPage\":{\"@id\":\"https:\\\/\\\/www.eldigitaldeasturias.com\\\/noticias\\\/obama-afirma-que-todos-los-ucranianos-deben-tener-voz-y-voto-en-el-futuro-de-su-pais\\\/#mainImage\"},\"datePublished\":\"2014-01-29T14:47:45+01:00\",\"dateModified\":\"2014-01-29T14:47:45+01:00\"},{\"@type\":\"WebSite\",\"@id\":\"https:\\\/\\\/www.eldigitaldeasturias.com\\\/noticias\\\/#website\",\"url\":\"https:\\\/\\\/www.eldigitaldeasturias.com\\\/noticias\\\/\",\"name\":\"El Digital de Asturias - Diario de actualidad y noticias\",\"alternateName\":\"El Digital de Asturias - Diario de actualidad y noticias\",\"description\":\"Hemeroteca\",\"inLanguage\":\"es-ES\",\"publisher\":{\"@id\":\"https:\\\/\\\/www.eldigitaldeasturias.com\\\/noticias\\\/#organization\"}}]}\n\t\t<\/script>\n\t\t<!-- All in One SEO Pro -->\r\n\t\t<title>Obama afirma que todos los ucranianos deben tener voz y voto en el futuro de su pa\u00eds - El Digital de Asturias<\/title>\n\n","aioseo_head_json":{"title":"Obama afirma que todos los ucranianos deben tener voz y voto en el futuro de su pa\u00eds - El Digital de Asturias","description":"Washington, 28 ene (EFE).- El presidente de EE.UU., Barack Obama, afirm\u00f3 hoy que todos los ucranianos deben tener voz y voto en el futuro de su pa\u00eds, horas despu\u00e9s de que se anunciara la dimisi\u00f3n del equipo de Gobierno del presidente ucraniano, V\u00edctor Yanuk\u00f3vich. \"En Ucrania, defendemos el principio de que todo el pueblo tiene","canonical_url":"https:\/\/www.eldigitaldeasturias.com\/noticias\/obama-afirma-que-todos-los-ucranianos-deben-tener-voz-y-voto-en-el-futuro-de-su-pais\/","robots":"max-image-preview:large","keywords":"actualidad","webmasterTools":{"google-site-verification":"UA-38556648-1","msvalidate.01":"7dfe9f3f1b24437ab69f4f2559babe99","miscellaneous":""},"schema":{"@context":"https:\/\/schema.org","@graph":[{"@type":"BlogPosting","@id":"https:\/\/www.eldigitaldeasturias.com\/noticias\/obama-afirma-que-todos-los-ucranianos-deben-tener-voz-y-voto-en-el-futuro-de-su-pais\/#blogposting","name":"Obama afirma que todos los ucranianos deben tener voz y voto en el futuro de su pa\u00eds - El Digital de Asturias","headline":"Obama afirma que todos los ucranianos deben tener voz y voto en el futuro de su pa\u00eds","author":{"@id":"https:\/\/www.eldigitaldeasturias.com\/noticias\/author\/admin\/#author"},"publisher":{"@id":"https:\/\/www.eldigitaldeasturias.com\/noticias\/#organization"},"image":{"@type":"ImageObject","url":"https:\/\/www.eldigitaldeasturias.com\/noticias\/wp-content\/uploads\/2026\/06\/Contenidos.jpg","width":1265,"height":697,"caption":"Contenidos"},"datePublished":"2014-01-29T14:47:45+01:00","dateModified":"2014-01-29T14:47:45+01:00","inLanguage":"es-ES","mainEntityOfPage":{"@id":"https:\/\/www.eldigitaldeasturias.com\/noticias\/obama-afirma-que-todos-los-ucranianos-deben-tener-voz-y-voto-en-el-futuro-de-su-pais\/#webpage"},"isPartOf":{"@id":"https:\/\/www.eldigitaldeasturias.com\/noticias\/obama-afirma-que-todos-los-ucranianos-deben-tener-voz-y-voto-en-el-futuro-de-su-pais\/#webpage"},"articleSection":"Actualidad"},{"@type":"BreadcrumbList","@id":"https:\/\/www.eldigitaldeasturias.com\/noticias\/obama-afirma-que-todos-los-ucranianos-deben-tener-voz-y-voto-en-el-futuro-de-su-pais\/#breadcrumblist","itemListElement":[{"@type":"ListItem","@id":"https:\/\/www.eldigitaldeasturias.com\/noticias#listItem","position":1,"name":"Home","item":"https:\/\/www.eldigitaldeasturias.com\/noticias","nextItem":{"@type":"ListItem","@id":"https:\/\/www.eldigitaldeasturias.com\/noticias\/category\/actualidad\/#listItem","name":"Actualidad"}},{"@type":"ListItem","@id":"https:\/\/www.eldigitaldeasturias.com\/noticias\/category\/actualidad\/#listItem","position":2,"name":"Actualidad","item":"https:\/\/www.eldigitaldeasturias.com\/noticias\/category\/actualidad\/","nextItem":{"@type":"ListItem","@id":"https:\/\/www.eldigitaldeasturias.com\/noticias\/obama-afirma-que-todos-los-ucranianos-deben-tener-voz-y-voto-en-el-futuro-de-su-pais\/#listItem","name":"Obama afirma que todos los ucranianos deben tener voz y voto en el futuro de su pa\u00eds"},"previousItem":{"@type":"ListItem","@id":"https:\/\/www.eldigitaldeasturias.com\/noticias#listItem","name":"Home"}},{"@type":"ListItem","@id":"https:\/\/www.eldigitaldeasturias.com\/noticias\/obama-afirma-que-todos-los-ucranianos-deben-tener-voz-y-voto-en-el-futuro-de-su-pais\/#listItem","position":3,"name":"Obama afirma que todos los ucranianos deben tener voz y voto en el futuro de su pa\u00eds","previousItem":{"@type":"ListItem","@id":"https:\/\/www.eldigitaldeasturias.com\/noticias\/category\/actualidad\/#listItem","name":"Actualidad"}}]},{"@type":"Organization","@id":"https:\/\/www.eldigitaldeasturias.com\/noticias\/#organization","name":"El Digital de Asturias","description":"Hemeroteca","url":"https:\/\/www.eldigitaldeasturias.com\/noticias\/","email":"info@eldigitaldeasturias.com","telephone":"+34652131393","logo":{"@type":"ImageObject","url":"https:\/\/www.eldigitaldeasturias.com\/noticias\/wp-content\/uploads\/2020\/12\/EDA.jpg","@id":"https:\/\/www.eldigitaldeasturias.com\/noticias\/obama-afirma-que-todos-los-ucranianos-deben-tener-voz-y-voto-en-el-futuro-de-su-pais\/#organizationLogo"},"image":{"@id":"https:\/\/www.eldigitaldeasturias.com\/noticias\/obama-afirma-que-todos-los-ucranianos-deben-tener-voz-y-voto-en-el-futuro-de-su-pais\/#organizationLogo"},"sameAs":["https:\/\/facebook.com\/eldigitaldeasturias","https:\/\/www.youtube.com\/channel\/UCZP-2wLEB9Rv6erhFmqVnvg"],"address":{"@id":"https:\/\/www.eldigitaldeasturias.com\/noticias\/#postaladdress","@type":"PostalAddress","streetAddress":"san antonio 4","postalCode":"33430","addressLocality":"Cand\u00e1s","addressRegion":"Asturias","addressCountry":"ES"}},{"@type":"Person","@id":"https:\/\/www.eldigitaldeasturias.com\/noticias\/author\/admin\/#author","url":"https:\/\/www.eldigitaldeasturias.com\/noticias\/author\/admin\/","name":"El Digital de Asturias","image":{"@type":"ImageObject","@id":"https:\/\/www.eldigitaldeasturias.com\/noticias\/obama-afirma-que-todos-los-ucranianos-deben-tener-voz-y-voto-en-el-futuro-de-su-pais\/#authorImage","url":"https:\/\/secure.gravatar.com\/avatar\/df2aeffc32bcd13f8d26072ef8a91b623d677766deac7f97ca815868cd41bf5e?s=96&d=mm&r=g","width":96,"height":96,"caption":"El Digital de Asturias"}},{"@type":"WebPage","@id":"https:\/\/www.eldigitaldeasturias.com\/noticias\/obama-afirma-que-todos-los-ucranianos-deben-tener-voz-y-voto-en-el-futuro-de-su-pais\/#webpage","url":"https:\/\/www.eldigitaldeasturias.com\/noticias\/obama-afirma-que-todos-los-ucranianos-deben-tener-voz-y-voto-en-el-futuro-de-su-pais\/","name":"Obama afirma que todos los ucranianos deben tener voz y voto en el futuro de su pa\u00eds - El Digital de Asturias","description":"Washington, 28 ene (EFE).- El presidente de EE.UU., Barack Obama, afirm\u00f3 hoy que todos los ucranianos deben tener voz y voto en el futuro de su pa\u00eds, horas despu\u00e9s de que se anunciara la dimisi\u00f3n del equipo de Gobierno del presidente ucraniano, V\u00edctor Yanuk\u00f3vich. \"En Ucrania, defendemos el principio de que todo el pueblo tiene","inLanguage":"es-ES","isPartOf":{"@id":"https:\/\/www.eldigitaldeasturias.com\/noticias\/#website"},"breadcrumb":{"@id":"https:\/\/www.eldigitaldeasturias.com\/noticias\/obama-afirma-que-todos-los-ucranianos-deben-tener-voz-y-voto-en-el-futuro-de-su-pais\/#breadcrumblist"},"author":{"@id":"https:\/\/www.eldigitaldeasturias.com\/noticias\/author\/admin\/#author"},"creator":{"@id":"https:\/\/www.eldigitaldeasturias.com\/noticias\/author\/admin\/#author"},"image":{"@type":"ImageObject","url":"https:\/\/www.eldigitaldeasturias.com\/noticias\/wp-content\/uploads\/2026\/06\/Contenidos.jpg","@id":"https:\/\/www.eldigitaldeasturias.com\/noticias\/obama-afirma-que-todos-los-ucranianos-deben-tener-voz-y-voto-en-el-futuro-de-su-pais\/#mainImage","width":1265,"height":697,"caption":"Contenidos"},"primaryImageOfPage":{"@id":"https:\/\/www.eldigitaldeasturias.com\/noticias\/obama-afirma-que-todos-los-ucranianos-deben-tener-voz-y-voto-en-el-futuro-de-su-pais\/#mainImage"},"datePublished":"2014-01-29T14:47:45+01:00","dateModified":"2014-01-29T14:47:45+01:00"},{"@type":"WebSite","@id":"https:\/\/www.eldigitaldeasturias.com\/noticias\/#website","url":"https:\/\/www.eldigitaldeasturias.com\/noticias\/","name":"El Digital de Asturias - Diario de actualidad y noticias","alternateName":"El Digital de Asturias - Diario de actualidad y noticias","description":"Hemeroteca","inLanguage":"es-ES","publisher":{"@id":"https:\/\/www.eldigitaldeasturias.com\/noticias\/#organization"}}]},"og:locale":"es_ES","og:site_name":"El Digital de Asturias","og:type":"article","og:title":"Obama afirma que todos los ucranianos deben tener voz y voto en el futuro de su pa\u00eds - El Digital de Asturias","og:description":"Washington, 28 ene (EFE).- El presidente de EE.UU., Barack Obama, afirm\u00f3 hoy que todos los ucranianos deben tener voz y voto en el futuro de su pa\u00eds, horas despu\u00e9s de que se anunciara la dimisi\u00f3n del equipo de Gobierno del presidente ucraniano, V\u00edctor Yanuk\u00f3vich. &quot;En Ucrania, defendemos el principio de que todo el pueblo tiene","og:url":"https:\/\/www.eldigitaldeasturias.com\/noticias\/obama-afirma-que-todos-los-ucranianos-deben-tener-voz-y-voto-en-el-futuro-de-su-pais\/","og:image":"https:\/\/www.eldigitaldeasturias.com\/noticias\/wp-content\/uploads\/2026\/06\/Contenidos.jpg","og:image:secure_url":"https:\/\/www.eldigitaldeasturias.com\/noticias\/wp-content\/uploads\/2026\/06\/Contenidos.jpg","og:image:width":1265,"og:image:height":697,"article:tag":["actualidad"],"article:published_time":"2014-01-29T15:47:45+00:00","article:modified_time":"2014-01-29T15:47:45+00:00","article:publisher":"https:\/\/facebook.com\/eldigitaldeasturias","twitter:card":"summary_large_image","twitter:title":"Obama afirma que todos los ucranianos deben tener voz y voto en el futuro de su pa\u00eds - El Digital de Asturias","twitter:description":"Washington, 28 ene (EFE).- El presidente de EE.UU., Barack Obama, afirm\u00f3 hoy que todos los ucranianos deben tener voz y voto en el futuro de su pa\u00eds, horas despu\u00e9s de que se anunciara la dimisi\u00f3n del equipo de Gobierno del presidente ucraniano, V\u00edctor Yanuk\u00f3vich. &quot;En Ucrania, defendemos el principio de que todo el pueblo tiene","twitter:image":"https:\/\/www.eldigitaldeasturias.com\/noticias\/wp-content\/uploads\/2026\/06\/Contenidos.jpg","twitter:label1":"Escrito por","twitter:data1":"El Digital de Asturias","twitter:label2":"Tiempo de lectura estimado","twitter:data2":"1 minuto"},"aioseo_meta_data":{"post_id":"480035","title":null,"description":null,"keywords":null,"keyphrases":null,"primary_term":null,"canonical_url":null,"og_title":null,"og_description":null,"og_object_type":"default","og_image_type":"default","og_image_url":null,"og_image_width":null,"og_image_height":null,"og_image_custom_url":null,"og_image_custom_fields":null,"og_video":null,"og_custom_url":null,"og_article_section":null,"og_article_tags":null,"twitter_use_og":true,"twitter_card":"default","twitter_image_type":"default","twitter_image_url":null,"twitter_image_custom_url":null,"twitter_image_custom_fields":null,"twitter_title":null,"twitter_description":null,"schema":{"blockGraphs":[],"customGraphs":[],"default":{"data":{"Article":[],"Course":[],"Dataset":[],"FAQPage":[],"Movie":[],"Person":[],"Product":[],"ProductReview":[],"Car":[],"Recipe":[],"Service":[],"SoftwareApplication":[],"WebPage":[]},"graphName":"","isEnabled":true},"graphs":[],"defaultGraph":"","defaultPostTypeGraph":""},"schema_type":null,"schema_type_options":null,"pillar_content":false,"robots_default":true,"robots_noindex":false,"robots_noarchive":false,"robots_nosnippet":false,"robots_nofollow":false,"robots_noimageindex":false,"robots_noodp":false,"robots_notranslate":false,"robots_max_snippet":null,"robots_max_videopreview":null,"robots_max_imagepreview":"none","priority":null,"frequency":null,"local_seo":null,"seo_analyzer_scan_date":"2026-06-02 02:28:20","breadcrumb_settings":null,"limit_modified_date":false,"open_ai":null,"ai":null,"created":"2020-11-14 22:54:08","updated":"2026-06-02 02:28:20","focus_keyword":null,"additional_keywords":null,"truseo_locale":null},"aioseo_breadcrumb":"<div class=\"aioseo-breadcrumbs\"><span class=\"aioseo-breadcrumb\">\n\t<a href=\"https:\/\/www.eldigitaldeasturias.com\/noticias\" title=\"Home\">Home<\/a>\n<\/span><span class=\"aioseo-breadcrumb-separator\">\u2013<\/span><span class=\"aioseo-breadcrumb\">\n\t<a href=\"https:\/\/www.eldigitaldeasturias.com\/noticias\/category\/actualidad\/\" title=\"Actualidad\">Actualidad<\/a>\n<\/span><span class=\"aioseo-breadcrumb-separator\">\u2013<\/span><span class=\"aioseo-breadcrumb\">\n\t<a href=\"https:\/\/www.eldigitaldeasturias.com\/noticias\/obama-afirma-que-todos-los-ucranianos-deben-tener-voz-y-voto-en-el-futuro-de-su-pais\/\" title=\"Obama afirma que todos los ucranianos deben tener voz y voto en el futuro de su pa\u00eds\">Obama afirma que todos los ucranianos deben tener voz y voto en el futuro de su pa\u00eds<\/a>\n<\/span><\/div>","aioseo_breadcrumb_json":[{"label":"Home","link":"https:\/\/www.eldigitaldeasturias.com\/noticias"},{"label":"Actualidad","link":"https:\/\/www.eldigitaldeasturias.com\/noticias\/category\/actualidad\/"},{"label":"Obama afirma que todos los ucranianos deben tener voz y voto en el futuro de su pa\u00eds","link":"https:\/\/www.eldigitaldeasturias.com\/noticias\/obama-afirma-que-todos-los-ucranianos-deben-tener-voz-y-voto-en-el-futuro-de-su-pais\/"}],"_links":{"self":[{"href":"https:\/\/www.eldigitaldeasturias.com\/noticias\/wp-json\/wp\/v2\/posts\/480035","targetHints":{"allow":["GET"]}}],"collection":[{"href":"https:\/\/www.eldigitaldeasturias.com\/noticias\/wp-json\/wp\/v2\/posts"}],"about":[{"href":"https:\/\/www.eldigitaldeasturias.com\/noticias\/wp-json\/wp\/v2\/types\/post"}],"author":[{"embeddable":true,"href":"https:\/\/www.eldigitaldeasturias.com\/noticias\/wp-json\/wp\/v2\/users\/1"}],"replies":[{"embeddable":true,"href":"https:\/\/www.eldigitaldeasturias.com\/noticias\/wp-json\/wp\/v2\/comments?post=480035"}],"version-history":[{"count":0,"href":"https:\/\/www.eldigitaldeasturias.com\/noticias\/wp-json\/wp\/v2\/posts\/480035\/revisions"}],"wp:featuredmedia":[{"embeddable":true,"href":"https:\/\/www.eldigitaldeasturias.com\/noticias\/wp-json\/wp\/v2\/media\/1132184"}],"wp:attachment":[{"href":"https:\/\/www.eldigitaldeasturias.com\/noticias\/wp-json\/wp\/v2\/media?parent=480035"}],"wp:term":[{"taxonomy":"category","embeddable":true,"href":"https:\/\/www.eldigitaldeasturias.com\/noticias\/wp-json\/wp\/v2\/categories?post=480035"},{"taxonomy":"post_tag","embeddable":true,"href":"https:\/\/www.eldigitaldeasturias.com\/noticias\/wp-json\/wp\/v2\/tags?post=480035"}],"curies":[{"name":"wp","href":"https:\/\/api.w.org\/{rel}","templated":true}]}}