{"id":480029,"date":"2014-01-29T14:45:54","date_gmt":"2014-01-29T15:45:54","guid":{"rendered":"http:\/\/www.eldigitaldeasturias.com\/noticias\/?p=480029"},"modified":"2014-01-29T14:45:54","modified_gmt":"2014-01-29T15:45:54","slug":"correa-dice-que-la-integracion-es-la-unica-forma-para-liberarse-del-imperio-del-capital","status":"publish","type":"post","link":"https:\/\/www.eldigitaldeasturias.com\/noticias\/correa-dice-que-la-integracion-es-la-unica-forma-para-liberarse-del-imperio-del-capital\/","title":{"rendered":"Correa dice que la integraci\u00f3n es la \u00fanica forma para liberarse del imperio del capital"},"content":{"rendered":"<p><img loading=\"lazy\" decoding=\"async\" class=\"alignleft size-medium wp-image-480030\" alt=\"5885330w\" src=\"https:\/\/www.eldigitaldeasturias.com\/noticias\/wp-content\/uploads\/2014\/01\/5885330w-360x239.jpg\" width=\"360\" height=\"239\" \/>La Habana, 28 ene (EFE).- El presidente de Ecuador, Rafael Correa, afirm\u00f3 hoy que Am\u00e9rica Latina y el Caribe tiene en la integraci\u00f3n es la \u00fanica forma de \u00abresistir\u00bb y liberarse del \u00abimperio del capital\u00bb al intervenir en la II Cumbre de la Comunidad de Estados Latinoamericanos y Caribe\u00f1os (Celac).<\/p>\n<p>Correa sostuvo que \u00abseparados ser\u00e1 el capital transnacional el que nos imponga sus condiciones\u00bb y consider\u00f3 que \u00abunidos ser\u00e1n nuestros pueblos los que impongan las condiciones al capital\u00bb, en su discurso durante la sesi\u00f3n plenaria de la Cumbre presidencial del bloque que se celebrar\u00e1 hasta ma\u00f1ana mi\u00e9rcoles en La Habana.<\/p>\n<p>Tambi\u00e9n denunci\u00f3 el \u00abinjusto orden mundial\u00bb que dijo pretende una nueva divisi\u00f3n internacional del trabajo, a los \u00abmonopolios privados\u00bb de la comunicaci\u00f3n, y manifest\u00f3 que ve con pesar que \u00ablas expresiones colonialistas no han desaparecido\u00bb.<\/p>\n<p>Dijo a sus colegas de la Celac que la integraci\u00f3n debe servir tambi\u00e9n para proclamar con \u00abfirmeza y convicci\u00f3n\u00bb el derecho a \u00abvencer la pobreza, usando soberanamente nuestros recursos naturales\u00bb.<\/p>\n<p>El mandatario ecuatoriano se\u00f1al\u00f3 que la regi\u00f3n requiere de su \u00abpropio sistema de derechos humanos sin influencia de pa\u00edses hegem\u00f3nicos\u00bb, con una \u00abnueva y amplia\u00bb visi\u00f3n.<\/p>\n<p>Adem\u00e1s opin\u00f3 que no es solo un sistema interamericano el que est\u00e1 cuestionado por \u00absus inconsistencias, incoherencias y doble moral\u00bb, y exhort\u00f3 a cuestionar a la Organizaci\u00f3n de Estados Americanos (OEA).<\/p>\n<p>\u00ab\u00bfPara qu\u00e9 sirve la OEA? si todav\u00eda permite un descarado colonialismo al frente de nuestras costas como es el caso de las Islas Malvinas, islas argentinas y latinoamericanas\u00bb, recalc\u00f3.<\/p>\n<p>Asimismo pregunt\u00f3 \u00ab\u00bfcu\u00e1l es el rol de la OEA en nuestra nueva Am\u00e9rica? si, no solo permite sino que incluso tiene su sede en el pa\u00eds (Estados Unidos) del criminal bloqueo a Cuba, que rompe toda la carta fundacional de la organizaci\u00f3n, el derecho internacional y los derechos humanos\u00bb.<\/p>\n<p>Correa llam\u00f3 a hacer de Am\u00e9rica Latina y el Caribe \u00abun espacio\u00bb de mujeres y hombres libres, \u00absin aceptar groseros neocolonialismos\u00bb, porque a su juicio, el \u00abprimer paso\u00bb para superar la pobreza es \u00abpol\u00edtico\u00bb.<\/p>\n<p>En una entrevista concedida hoy al canal latinoamericano \u00abTelesur\u00bb tras su llegada a La Habana, el presidente ecuatoriano advirti\u00f3 de que uno de los desaf\u00edos de la regi\u00f3n es que \u00abno puede caer en los errores del socialismo hist\u00f3rico, negar el mercado\u00bb.<\/p>\n<p>En ese sentido indic\u00f3 que \u00abuna cosa es el ser humano en funci\u00f3n del capital\u00bb y otra es \u00abel capital en funci\u00f3n del ser humano\u00bb.<\/p>\n<p>\u00abSi ellos (los europeos) se unieron, probablemente tendr\u00e1n que explicarle a sus hijos por qu\u00e9 lo hicieron\u00bb, dijo, y a los latinoamericanos que tienen historias comunes, pr\u00e1cticamente la misma cultura y lengua, \u00abtendremos que explicar a nuestros hijos por qu\u00e9 nos demoramos tanto\u00bb.<\/p>\n<p>Sobre sus espectativas respecto a esta Cumbre de la Celac dijo a periodistas que tiene \u00abmucha esperanza\u00bb y como \u00abbuenas noticias\u00bb para la regi\u00f3n apunt\u00f3 que la integraci\u00f3n latinoamericana \u00abavanza r\u00e1pido y a paso firme\u00bb.<\/p>\n","protected":false},"excerpt":{"rendered":"<p>La Habana, 28 ene (EFE).- El presidente de Ecuador, Rafael Correa, afirm\u00f3 hoy que Am\u00e9rica Latina y el Caribe tiene en la integraci\u00f3n es la \u00fanica forma de \u00abresistir\u00bb y liberarse del \u00abimperio del capital\u00bb al intervenir en la II Cumbre de la Comunidad de Estados Latinoamericanos y Caribe\u00f1os (Celac). Correa sostuvo que \u00abseparados ser\u00e1 [&hellip;]<\/p>\n","protected":false},"author":1,"featured_media":1132184,"comment_status":"closed","ping_status":"open","sticky":false,"template":"","format":"standard","meta":{"footnotes":""},"categories":[1],"tags":[],"class_list":["post-480029","post","type-post","status-publish","format-standard","has-post-thumbnail","hentry","category-actualidad"],"aioseo_notices":[],"aioseo_head":"\n\t\t<!-- All in One SEO Pro 5.0.1 - aioseo.com -->\n\t<meta name=\"description\" content=\"La Habana, 28 ene (EFE).- El presidente de Ecuador, Rafael Correa, afirm\u00f3 hoy que Am\u00e9rica Latina y el Caribe tiene en la integraci\u00f3n es la \u00fanica forma de &quot;resistir&quot; y liberarse del &quot;imperio del capital&quot; al intervenir en la II Cumbre de la Comunidad de Estados Latinoamericanos y Caribe\u00f1os (Celac). Correa sostuvo que &quot;separados ser\u00e1\" \/>\n\t<meta name=\"robots\" content=\"max-image-preview:large\" \/>\n\t<meta name=\"author\" content=\"El Digital de Asturias\"\/>\n\t<meta name=\"google-site-verification\" content=\"UA-38556648-1\" \/>\n\t<meta name=\"msvalidate.01\" content=\"7dfe9f3f1b24437ab69f4f2559babe99\" \/>\n\t<meta name=\"keywords\" content=\"actualidad\" \/>\n\t<link rel=\"canonical\" href=\"https:\/\/www.eldigitaldeasturias.com\/noticias\/correa-dice-que-la-integracion-es-la-unica-forma-para-liberarse-del-imperio-del-capital\/\" \/>\n\t<meta name=\"generator\" content=\"All in One SEO Pro (AIOSEO) 5.0.1\" \/>\n\t\t<meta property=\"og:locale\" content=\"es_ES\" \/>\n\t\t<meta property=\"og:site_name\" content=\"El Digital de Asturias\" \/>\n\t\t<meta property=\"og:type\" content=\"article\" \/>\n\t\t<meta property=\"og:title\" content=\"Correa dice que la integraci\u00f3n es la \u00fanica forma para liberarse del imperio del capital - El Digital de Asturias\" \/>\n\t\t<meta property=\"og:description\" content=\"La Habana, 28 ene (EFE).- El presidente de Ecuador, Rafael Correa, afirm\u00f3 hoy que Am\u00e9rica Latina y el Caribe tiene en la integraci\u00f3n es la \u00fanica forma de &quot;resistir&quot; y liberarse del &quot;imperio del capital&quot; al intervenir en la II Cumbre de la Comunidad de Estados Latinoamericanos y Caribe\u00f1os (Celac). Correa sostuvo que &quot;separados ser\u00e1\" \/>\n\t\t<meta property=\"og:url\" content=\"https:\/\/www.eldigitaldeasturias.com\/noticias\/correa-dice-que-la-integracion-es-la-unica-forma-para-liberarse-del-imperio-del-capital\/\" \/>\n\t\t<meta property=\"og:image\" content=\"https:\/\/www.eldigitaldeasturias.com\/noticias\/wp-content\/uploads\/2026\/06\/Contenidos.jpg\" \/>\n\t\t<meta property=\"og:image:secure_url\" content=\"https:\/\/www.eldigitaldeasturias.com\/noticias\/wp-content\/uploads\/2026\/06\/Contenidos.jpg\" \/>\n\t\t<meta property=\"og:image:width\" content=\"1265\" \/>\n\t\t<meta property=\"og:image:height\" content=\"697\" \/>\n\t\t<meta property=\"article:tag\" content=\"actualidad\" \/>\n\t\t<meta property=\"article:published_time\" content=\"2014-01-29T15:45:54+00:00\" \/>\n\t\t<meta property=\"article:modified_time\" content=\"2014-01-29T15:45:54+00:00\" \/>\n\t\t<meta property=\"article:publisher\" content=\"https:\/\/facebook.com\/eldigitaldeasturias\" \/>\n\t\t<meta name=\"twitter:card\" content=\"summary_large_image\" \/>\n\t\t<meta name=\"twitter:title\" content=\"Correa dice que la integraci\u00f3n es la \u00fanica forma para liberarse del imperio del capital - El Digital de Asturias\" \/>\n\t\t<meta name=\"twitter:description\" content=\"La Habana, 28 ene (EFE).- El presidente de Ecuador, Rafael Correa, afirm\u00f3 hoy que Am\u00e9rica Latina y el Caribe tiene en la integraci\u00f3n es la \u00fanica forma de &quot;resistir&quot; y liberarse del &quot;imperio del capital&quot; al intervenir en la II Cumbre de la Comunidad de Estados Latinoamericanos y Caribe\u00f1os (Celac). Correa sostuvo que &quot;separados ser\u00e1\" \/>\n\t\t<meta name=\"twitter:image\" content=\"https:\/\/www.eldigitaldeasturias.com\/noticias\/wp-content\/uploads\/2026\/06\/Contenidos.jpg\" \/>\n\t\t<meta name=\"twitter:label1\" content=\"Escrito por\" \/>\n\t\t<meta name=\"twitter:data1\" content=\"El Digital de Asturias\" \/>\n\t\t<meta name=\"twitter:label2\" content=\"Tiempo de lectura estimado\" \/>\n\t\t<meta name=\"twitter:data2\" content=\"3 minutos\" \/>\n\t\t<script type=\"application\/ld+json\" class=\"aioseo-schema\">\n\t\t\t{\"@context\":\"https:\\\/\\\/schema.org\",\"@graph\":[{\"@type\":\"BlogPosting\",\"@id\":\"https:\\\/\\\/www.eldigitaldeasturias.com\\\/noticias\\\/correa-dice-que-la-integracion-es-la-unica-forma-para-liberarse-del-imperio-del-capital\\\/#blogposting\",\"name\":\"Correa dice que la integraci\\u00f3n es la \\u00fanica forma para liberarse del imperio del capital - El Digital de Asturias\",\"headline\":\"Correa dice que la integraci\\u00f3n es la \\u00fanica forma para liberarse del imperio del capital\",\"author\":{\"@id\":\"https:\\\/\\\/www.eldigitaldeasturias.com\\\/noticias\\\/author\\\/admin\\\/#author\"},\"publisher\":{\"@id\":\"https:\\\/\\\/www.eldigitaldeasturias.com\\\/noticias\\\/#organization\"},\"image\":{\"@type\":\"ImageObject\",\"url\":\"https:\\\/\\\/www.eldigitaldeasturias.com\\\/noticias\\\/wp-content\\\/uploads\\\/2026\\\/06\\\/Contenidos.jpg\",\"width\":1265,\"height\":697,\"caption\":\"Contenidos\"},\"datePublished\":\"2014-01-29T14:45:54+01:00\",\"dateModified\":\"2014-01-29T14:45:54+01:00\",\"inLanguage\":\"es-ES\",\"mainEntityOfPage\":{\"@id\":\"https:\\\/\\\/www.eldigitaldeasturias.com\\\/noticias\\\/correa-dice-que-la-integracion-es-la-unica-forma-para-liberarse-del-imperio-del-capital\\\/#webpage\"},\"isPartOf\":{\"@id\":\"https:\\\/\\\/www.eldigitaldeasturias.com\\\/noticias\\\/correa-dice-que-la-integracion-es-la-unica-forma-para-liberarse-del-imperio-del-capital\\\/#webpage\"},\"articleSection\":\"Actualidad\"},{\"@type\":\"BreadcrumbList\",\"@id\":\"https:\\\/\\\/www.eldigitaldeasturias.com\\\/noticias\\\/correa-dice-que-la-integracion-es-la-unica-forma-para-liberarse-del-imperio-del-capital\\\/#breadcrumblist\",\"itemListElement\":[{\"@type\":\"ListItem\",\"@id\":\"https:\\\/\\\/www.eldigitaldeasturias.com\\\/noticias#listItem\",\"position\":1,\"name\":\"Home\",\"item\":\"https:\\\/\\\/www.eldigitaldeasturias.com\\\/noticias\",\"nextItem\":{\"@type\":\"ListItem\",\"@id\":\"https:\\\/\\\/www.eldigitaldeasturias.com\\\/noticias\\\/category\\\/actualidad\\\/#listItem\",\"name\":\"Actualidad\"}},{\"@type\":\"ListItem\",\"@id\":\"https:\\\/\\\/www.eldigitaldeasturias.com\\\/noticias\\\/category\\\/actualidad\\\/#listItem\",\"position\":2,\"name\":\"Actualidad\",\"item\":\"https:\\\/\\\/www.eldigitaldeasturias.com\\\/noticias\\\/category\\\/actualidad\\\/\",\"nextItem\":{\"@type\":\"ListItem\",\"@id\":\"https:\\\/\\\/www.eldigitaldeasturias.com\\\/noticias\\\/correa-dice-que-la-integracion-es-la-unica-forma-para-liberarse-del-imperio-del-capital\\\/#listItem\",\"name\":\"Correa dice que la integraci\\u00f3n es la \\u00fanica forma para liberarse del imperio del capital\"},\"previousItem\":{\"@type\":\"ListItem\",\"@id\":\"https:\\\/\\\/www.eldigitaldeasturias.com\\\/noticias#listItem\",\"name\":\"Home\"}},{\"@type\":\"ListItem\",\"@id\":\"https:\\\/\\\/www.eldigitaldeasturias.com\\\/noticias\\\/correa-dice-que-la-integracion-es-la-unica-forma-para-liberarse-del-imperio-del-capital\\\/#listItem\",\"position\":3,\"name\":\"Correa dice que la integraci\\u00f3n es la \\u00fanica forma para liberarse del imperio del capital\",\"previousItem\":{\"@type\":\"ListItem\",\"@id\":\"https:\\\/\\\/www.eldigitaldeasturias.com\\\/noticias\\\/category\\\/actualidad\\\/#listItem\",\"name\":\"Actualidad\"}}]},{\"@type\":\"Organization\",\"@id\":\"https:\\\/\\\/www.eldigitaldeasturias.com\\\/noticias\\\/#organization\",\"name\":\"El Digital de Asturias\",\"description\":\"Hemeroteca\",\"url\":\"https:\\\/\\\/www.eldigitaldeasturias.com\\\/noticias\\\/\",\"email\":\"info@eldigitaldeasturias.com\",\"telephone\":\"+34652131393\",\"logo\":{\"@type\":\"ImageObject\",\"url\":\"https:\\\/\\\/www.eldigitaldeasturias.com\\\/noticias\\\/wp-content\\\/uploads\\\/2020\\\/12\\\/EDA.jpg\",\"@id\":\"https:\\\/\\\/www.eldigitaldeasturias.com\\\/noticias\\\/correa-dice-que-la-integracion-es-la-unica-forma-para-liberarse-del-imperio-del-capital\\\/#organizationLogo\"},\"image\":{\"@id\":\"https:\\\/\\\/www.eldigitaldeasturias.com\\\/noticias\\\/correa-dice-que-la-integracion-es-la-unica-forma-para-liberarse-del-imperio-del-capital\\\/#organizationLogo\"},\"sameAs\":[\"https:\\\/\\\/facebook.com\\\/eldigitaldeasturias\",\"https:\\\/\\\/www.youtube.com\\\/channel\\\/UCZP-2wLEB9Rv6erhFmqVnvg\"],\"address\":{\"@id\":\"https:\\\/\\\/www.eldigitaldeasturias.com\\\/noticias\\\/#postaladdress\",\"@type\":\"PostalAddress\",\"streetAddress\":\"san antonio 4\",\"postalCode\":\"33430\",\"addressLocality\":\"Cand\\u00e1s\",\"addressRegion\":\"Asturias\",\"addressCountry\":\"ES\"}},{\"@type\":\"Person\",\"@id\":\"https:\\\/\\\/www.eldigitaldeasturias.com\\\/noticias\\\/author\\\/admin\\\/#author\",\"url\":\"https:\\\/\\\/www.eldigitaldeasturias.com\\\/noticias\\\/author\\\/admin\\\/\",\"name\":\"El Digital de Asturias\",\"image\":{\"@type\":\"ImageObject\",\"@id\":\"https:\\\/\\\/www.eldigitaldeasturias.com\\\/noticias\\\/correa-dice-que-la-integracion-es-la-unica-forma-para-liberarse-del-imperio-del-capital\\\/#authorImage\",\"url\":\"https:\\\/\\\/secure.gravatar.com\\\/avatar\\\/df2aeffc32bcd13f8d26072ef8a91b623d677766deac7f97ca815868cd41bf5e?s=96&d=mm&r=g\",\"width\":96,\"height\":96,\"caption\":\"El Digital de Asturias\"}},{\"@type\":\"WebPage\",\"@id\":\"https:\\\/\\\/www.eldigitaldeasturias.com\\\/noticias\\\/correa-dice-que-la-integracion-es-la-unica-forma-para-liberarse-del-imperio-del-capital\\\/#webpage\",\"url\":\"https:\\\/\\\/www.eldigitaldeasturias.com\\\/noticias\\\/correa-dice-que-la-integracion-es-la-unica-forma-para-liberarse-del-imperio-del-capital\\\/\",\"name\":\"Correa dice que la integraci\\u00f3n es la \\u00fanica forma para liberarse del imperio del capital - El Digital de Asturias\",\"description\":\"La Habana, 28 ene (EFE).- El presidente de Ecuador, Rafael Correa, afirm\\u00f3 hoy que Am\\u00e9rica Latina y el Caribe tiene en la integraci\\u00f3n es la \\u00fanica forma de \\\"resistir\\\" y liberarse del \\\"imperio del capital\\\" al intervenir en la II Cumbre de la Comunidad de Estados Latinoamericanos y Caribe\\u00f1os (Celac). Correa sostuvo que \\\"separados ser\\u00e1\",\"inLanguage\":\"es-ES\",\"isPartOf\":{\"@id\":\"https:\\\/\\\/www.eldigitaldeasturias.com\\\/noticias\\\/#website\"},\"breadcrumb\":{\"@id\":\"https:\\\/\\\/www.eldigitaldeasturias.com\\\/noticias\\\/correa-dice-que-la-integracion-es-la-unica-forma-para-liberarse-del-imperio-del-capital\\\/#breadcrumblist\"},\"author\":{\"@id\":\"https:\\\/\\\/www.eldigitaldeasturias.com\\\/noticias\\\/author\\\/admin\\\/#author\"},\"creator\":{\"@id\":\"https:\\\/\\\/www.eldigitaldeasturias.com\\\/noticias\\\/author\\\/admin\\\/#author\"},\"image\":{\"@type\":\"ImageObject\",\"url\":\"https:\\\/\\\/www.eldigitaldeasturias.com\\\/noticias\\\/wp-content\\\/uploads\\\/2026\\\/06\\\/Contenidos.jpg\",\"@id\":\"https:\\\/\\\/www.eldigitaldeasturias.com\\\/noticias\\\/correa-dice-que-la-integracion-es-la-unica-forma-para-liberarse-del-imperio-del-capital\\\/#mainImage\",\"width\":1265,\"height\":697,\"caption\":\"Contenidos\"},\"primaryImageOfPage\":{\"@id\":\"https:\\\/\\\/www.eldigitaldeasturias.com\\\/noticias\\\/correa-dice-que-la-integracion-es-la-unica-forma-para-liberarse-del-imperio-del-capital\\\/#mainImage\"},\"datePublished\":\"2014-01-29T14:45:54+01:00\",\"dateModified\":\"2014-01-29T14:45:54+01:00\"},{\"@type\":\"WebSite\",\"@id\":\"https:\\\/\\\/www.eldigitaldeasturias.com\\\/noticias\\\/#website\",\"url\":\"https:\\\/\\\/www.eldigitaldeasturias.com\\\/noticias\\\/\",\"name\":\"El Digital de Asturias - Diario de actualidad y noticias\",\"alternateName\":\"El Digital de Asturias - Diario de actualidad y noticias\",\"description\":\"Hemeroteca\",\"inLanguage\":\"es-ES\",\"publisher\":{\"@id\":\"https:\\\/\\\/www.eldigitaldeasturias.com\\\/noticias\\\/#organization\"}}]}\n\t\t<\/script>\n\t\t<!-- All in One SEO Pro -->\r\n\t\t<title>Correa dice que la integraci\u00f3n es la \u00fanica forma para liberarse del imperio del capital - El Digital de Asturias<\/title>\n\n","aioseo_head_json":{"title":"Correa dice que la integraci\u00f3n es la \u00fanica forma para liberarse del imperio del capital - El Digital de Asturias","description":"La Habana, 28 ene (EFE).- El presidente de Ecuador, Rafael Correa, afirm\u00f3 hoy que Am\u00e9rica Latina y el Caribe tiene en la integraci\u00f3n es la \u00fanica forma de \"resistir\" y liberarse del \"imperio del capital\" al intervenir en la II Cumbre de la Comunidad de Estados Latinoamericanos y Caribe\u00f1os (Celac). Correa sostuvo que \"separados ser\u00e1","canonical_url":"https:\/\/www.eldigitaldeasturias.com\/noticias\/correa-dice-que-la-integracion-es-la-unica-forma-para-liberarse-del-imperio-del-capital\/","robots":"max-image-preview:large","keywords":"actualidad","webmasterTools":{"google-site-verification":"UA-38556648-1","msvalidate.01":"7dfe9f3f1b24437ab69f4f2559babe99","miscellaneous":""},"schema":{"@context":"https:\/\/schema.org","@graph":[{"@type":"BlogPosting","@id":"https:\/\/www.eldigitaldeasturias.com\/noticias\/correa-dice-que-la-integracion-es-la-unica-forma-para-liberarse-del-imperio-del-capital\/#blogposting","name":"Correa dice que la integraci\u00f3n es la \u00fanica forma para liberarse del imperio del capital - El Digital de Asturias","headline":"Correa dice que la integraci\u00f3n es la \u00fanica forma para liberarse del imperio del capital","author":{"@id":"https:\/\/www.eldigitaldeasturias.com\/noticias\/author\/admin\/#author"},"publisher":{"@id":"https:\/\/www.eldigitaldeasturias.com\/noticias\/#organization"},"image":{"@type":"ImageObject","url":"https:\/\/www.eldigitaldeasturias.com\/noticias\/wp-content\/uploads\/2026\/06\/Contenidos.jpg","width":1265,"height":697,"caption":"Contenidos"},"datePublished":"2014-01-29T14:45:54+01:00","dateModified":"2014-01-29T14:45:54+01:00","inLanguage":"es-ES","mainEntityOfPage":{"@id":"https:\/\/www.eldigitaldeasturias.com\/noticias\/correa-dice-que-la-integracion-es-la-unica-forma-para-liberarse-del-imperio-del-capital\/#webpage"},"isPartOf":{"@id":"https:\/\/www.eldigitaldeasturias.com\/noticias\/correa-dice-que-la-integracion-es-la-unica-forma-para-liberarse-del-imperio-del-capital\/#webpage"},"articleSection":"Actualidad"},{"@type":"BreadcrumbList","@id":"https:\/\/www.eldigitaldeasturias.com\/noticias\/correa-dice-que-la-integracion-es-la-unica-forma-para-liberarse-del-imperio-del-capital\/#breadcrumblist","itemListElement":[{"@type":"ListItem","@id":"https:\/\/www.eldigitaldeasturias.com\/noticias#listItem","position":1,"name":"Home","item":"https:\/\/www.eldigitaldeasturias.com\/noticias","nextItem":{"@type":"ListItem","@id":"https:\/\/www.eldigitaldeasturias.com\/noticias\/category\/actualidad\/#listItem","name":"Actualidad"}},{"@type":"ListItem","@id":"https:\/\/www.eldigitaldeasturias.com\/noticias\/category\/actualidad\/#listItem","position":2,"name":"Actualidad","item":"https:\/\/www.eldigitaldeasturias.com\/noticias\/category\/actualidad\/","nextItem":{"@type":"ListItem","@id":"https:\/\/www.eldigitaldeasturias.com\/noticias\/correa-dice-que-la-integracion-es-la-unica-forma-para-liberarse-del-imperio-del-capital\/#listItem","name":"Correa dice que la integraci\u00f3n es la \u00fanica forma para liberarse del imperio del capital"},"previousItem":{"@type":"ListItem","@id":"https:\/\/www.eldigitaldeasturias.com\/noticias#listItem","name":"Home"}},{"@type":"ListItem","@id":"https:\/\/www.eldigitaldeasturias.com\/noticias\/correa-dice-que-la-integracion-es-la-unica-forma-para-liberarse-del-imperio-del-capital\/#listItem","position":3,"name":"Correa dice que la integraci\u00f3n es la \u00fanica forma para liberarse del imperio del capital","previousItem":{"@type":"ListItem","@id":"https:\/\/www.eldigitaldeasturias.com\/noticias\/category\/actualidad\/#listItem","name":"Actualidad"}}]},{"@type":"Organization","@id":"https:\/\/www.eldigitaldeasturias.com\/noticias\/#organization","name":"El Digital de Asturias","description":"Hemeroteca","url":"https:\/\/www.eldigitaldeasturias.com\/noticias\/","email":"info@eldigitaldeasturias.com","telephone":"+34652131393","logo":{"@type":"ImageObject","url":"https:\/\/www.eldigitaldeasturias.com\/noticias\/wp-content\/uploads\/2020\/12\/EDA.jpg","@id":"https:\/\/www.eldigitaldeasturias.com\/noticias\/correa-dice-que-la-integracion-es-la-unica-forma-para-liberarse-del-imperio-del-capital\/#organizationLogo"},"image":{"@id":"https:\/\/www.eldigitaldeasturias.com\/noticias\/correa-dice-que-la-integracion-es-la-unica-forma-para-liberarse-del-imperio-del-capital\/#organizationLogo"},"sameAs":["https:\/\/facebook.com\/eldigitaldeasturias","https:\/\/www.youtube.com\/channel\/UCZP-2wLEB9Rv6erhFmqVnvg"],"address":{"@id":"https:\/\/www.eldigitaldeasturias.com\/noticias\/#postaladdress","@type":"PostalAddress","streetAddress":"san antonio 4","postalCode":"33430","addressLocality":"Cand\u00e1s","addressRegion":"Asturias","addressCountry":"ES"}},{"@type":"Person","@id":"https:\/\/www.eldigitaldeasturias.com\/noticias\/author\/admin\/#author","url":"https:\/\/www.eldigitaldeasturias.com\/noticias\/author\/admin\/","name":"El Digital de Asturias","image":{"@type":"ImageObject","@id":"https:\/\/www.eldigitaldeasturias.com\/noticias\/correa-dice-que-la-integracion-es-la-unica-forma-para-liberarse-del-imperio-del-capital\/#authorImage","url":"https:\/\/secure.gravatar.com\/avatar\/df2aeffc32bcd13f8d26072ef8a91b623d677766deac7f97ca815868cd41bf5e?s=96&d=mm&r=g","width":96,"height":96,"caption":"El Digital de Asturias"}},{"@type":"WebPage","@id":"https:\/\/www.eldigitaldeasturias.com\/noticias\/correa-dice-que-la-integracion-es-la-unica-forma-para-liberarse-del-imperio-del-capital\/#webpage","url":"https:\/\/www.eldigitaldeasturias.com\/noticias\/correa-dice-que-la-integracion-es-la-unica-forma-para-liberarse-del-imperio-del-capital\/","name":"Correa dice que la integraci\u00f3n es la \u00fanica forma para liberarse del imperio del capital - El Digital de Asturias","description":"La Habana, 28 ene (EFE).- El presidente de Ecuador, Rafael Correa, afirm\u00f3 hoy que Am\u00e9rica Latina y el Caribe tiene en la integraci\u00f3n es la \u00fanica forma de \"resistir\" y liberarse del \"imperio del capital\" al intervenir en la II Cumbre de la Comunidad de Estados Latinoamericanos y Caribe\u00f1os (Celac). Correa sostuvo que \"separados ser\u00e1","inLanguage":"es-ES","isPartOf":{"@id":"https:\/\/www.eldigitaldeasturias.com\/noticias\/#website"},"breadcrumb":{"@id":"https:\/\/www.eldigitaldeasturias.com\/noticias\/correa-dice-que-la-integracion-es-la-unica-forma-para-liberarse-del-imperio-del-capital\/#breadcrumblist"},"author":{"@id":"https:\/\/www.eldigitaldeasturias.com\/noticias\/author\/admin\/#author"},"creator":{"@id":"https:\/\/www.eldigitaldeasturias.com\/noticias\/author\/admin\/#author"},"image":{"@type":"ImageObject","url":"https:\/\/www.eldigitaldeasturias.com\/noticias\/wp-content\/uploads\/2026\/06\/Contenidos.jpg","@id":"https:\/\/www.eldigitaldeasturias.com\/noticias\/correa-dice-que-la-integracion-es-la-unica-forma-para-liberarse-del-imperio-del-capital\/#mainImage","width":1265,"height":697,"caption":"Contenidos"},"primaryImageOfPage":{"@id":"https:\/\/www.eldigitaldeasturias.com\/noticias\/correa-dice-que-la-integracion-es-la-unica-forma-para-liberarse-del-imperio-del-capital\/#mainImage"},"datePublished":"2014-01-29T14:45:54+01:00","dateModified":"2014-01-29T14:45:54+01:00"},{"@type":"WebSite","@id":"https:\/\/www.eldigitaldeasturias.com\/noticias\/#website","url":"https:\/\/www.eldigitaldeasturias.com\/noticias\/","name":"El Digital de Asturias - Diario de actualidad y noticias","alternateName":"El Digital de Asturias - Diario de actualidad y noticias","description":"Hemeroteca","inLanguage":"es-ES","publisher":{"@id":"https:\/\/www.eldigitaldeasturias.com\/noticias\/#organization"}}]},"og:locale":"es_ES","og:site_name":"El Digital de Asturias","og:type":"article","og:title":"Correa dice que la integraci\u00f3n es la \u00fanica forma para liberarse del imperio del capital - El Digital de Asturias","og:description":"La Habana, 28 ene (EFE).- El presidente de Ecuador, Rafael Correa, afirm\u00f3 hoy que Am\u00e9rica Latina y el Caribe tiene en la integraci\u00f3n es la \u00fanica forma de &quot;resistir&quot; y liberarse del &quot;imperio del capital&quot; al intervenir en la II Cumbre de la Comunidad de Estados Latinoamericanos y Caribe\u00f1os (Celac). Correa sostuvo que &quot;separados ser\u00e1","og:url":"https:\/\/www.eldigitaldeasturias.com\/noticias\/correa-dice-que-la-integracion-es-la-unica-forma-para-liberarse-del-imperio-del-capital\/","og:image":"https:\/\/www.eldigitaldeasturias.com\/noticias\/wp-content\/uploads\/2026\/06\/Contenidos.jpg","og:image:secure_url":"https:\/\/www.eldigitaldeasturias.com\/noticias\/wp-content\/uploads\/2026\/06\/Contenidos.jpg","og:image:width":1265,"og:image:height":697,"article:tag":["actualidad"],"article:published_time":"2014-01-29T15:45:54+00:00","article:modified_time":"2014-01-29T15:45:54+00:00","article:publisher":"https:\/\/facebook.com\/eldigitaldeasturias","twitter:card":"summary_large_image","twitter:title":"Correa dice que la integraci\u00f3n es la \u00fanica forma para liberarse del imperio del capital - El Digital de Asturias","twitter:description":"La Habana, 28 ene (EFE).- El presidente de Ecuador, Rafael Correa, afirm\u00f3 hoy que Am\u00e9rica Latina y el Caribe tiene en la integraci\u00f3n es la \u00fanica forma de &quot;resistir&quot; y liberarse del &quot;imperio del capital&quot; al intervenir en la II Cumbre de la Comunidad de Estados Latinoamericanos y Caribe\u00f1os (Celac). Correa sostuvo que &quot;separados ser\u00e1","twitter:image":"https:\/\/www.eldigitaldeasturias.com\/noticias\/wp-content\/uploads\/2026\/06\/Contenidos.jpg","twitter:label1":"Escrito por","twitter:data1":"El Digital de Asturias","twitter:label2":"Tiempo de lectura estimado","twitter:data2":"3 minutos"},"aioseo_meta_data":{"post_id":"480029","title":null,"description":null,"keywords":null,"keyphrases":null,"primary_term":null,"canonical_url":null,"og_title":null,"og_description":null,"og_object_type":"default","og_image_type":"default","og_image_url":null,"og_image_width":null,"og_image_height":null,"og_image_custom_url":null,"og_image_custom_fields":null,"og_video":null,"og_custom_url":null,"og_article_section":null,"og_article_tags":null,"twitter_use_og":true,"twitter_card":"default","twitter_image_type":"default","twitter_image_url":null,"twitter_image_custom_url":null,"twitter_image_custom_fields":null,"twitter_title":null,"twitter_description":null,"schema":{"blockGraphs":[],"customGraphs":[],"default":{"data":{"Article":[],"Course":[],"Dataset":[],"FAQPage":[],"Movie":[],"Person":[],"Product":[],"ProductReview":[],"Car":[],"Recipe":[],"Service":[],"SoftwareApplication":[],"WebPage":[]},"graphName":"","isEnabled":true},"graphs":[],"defaultGraph":"","defaultPostTypeGraph":""},"schema_type":null,"schema_type_options":null,"pillar_content":false,"robots_default":true,"robots_noindex":false,"robots_noarchive":false,"robots_nosnippet":false,"robots_nofollow":false,"robots_noimageindex":false,"robots_noodp":false,"robots_notranslate":false,"robots_max_snippet":null,"robots_max_videopreview":null,"robots_max_imagepreview":"none","priority":null,"frequency":null,"local_seo":null,"seo_analyzer_scan_date":"2026-06-02 02:28:18","breadcrumb_settings":null,"limit_modified_date":false,"open_ai":null,"ai":null,"created":"2020-11-14 22:54:08","updated":"2026-06-02 02:28:18","focus_keyword":null,"additional_keywords":null,"truseo_locale":null},"aioseo_breadcrumb":"<div class=\"aioseo-breadcrumbs\"><span class=\"aioseo-breadcrumb\">\n\t<a href=\"https:\/\/www.eldigitaldeasturias.com\/noticias\" title=\"Home\">Home<\/a>\n<\/span><span class=\"aioseo-breadcrumb-separator\">\u2013<\/span><span class=\"aioseo-breadcrumb\">\n\t<a href=\"https:\/\/www.eldigitaldeasturias.com\/noticias\/category\/actualidad\/\" title=\"Actualidad\">Actualidad<\/a>\n<\/span><span class=\"aioseo-breadcrumb-separator\">\u2013<\/span><span class=\"aioseo-breadcrumb\">\n\t<a href=\"https:\/\/www.eldigitaldeasturias.com\/noticias\/correa-dice-que-la-integracion-es-la-unica-forma-para-liberarse-del-imperio-del-capital\/\" title=\"Correa dice que la integraci\u00f3n es la \u00fanica forma para liberarse del imperio del capital\">Correa dice que la integraci\u00f3n es la \u00fanica forma para liberarse del imperio del capital<\/a>\n<\/span><\/div>","aioseo_breadcrumb_json":[{"label":"Home","link":"https:\/\/www.eldigitaldeasturias.com\/noticias"},{"label":"Actualidad","link":"https:\/\/www.eldigitaldeasturias.com\/noticias\/category\/actualidad\/"},{"label":"Correa dice que la integraci\u00f3n es la \u00fanica forma para liberarse del imperio del capital","link":"https:\/\/www.eldigitaldeasturias.com\/noticias\/correa-dice-que-la-integracion-es-la-unica-forma-para-liberarse-del-imperio-del-capital\/"}],"_links":{"self":[{"href":"https:\/\/www.eldigitaldeasturias.com\/noticias\/wp-json\/wp\/v2\/posts\/480029","targetHints":{"allow":["GET"]}}],"collection":[{"href":"https:\/\/www.eldigitaldeasturias.com\/noticias\/wp-json\/wp\/v2\/posts"}],"about":[{"href":"https:\/\/www.eldigitaldeasturias.com\/noticias\/wp-json\/wp\/v2\/types\/post"}],"author":[{"embeddable":true,"href":"https:\/\/www.eldigitaldeasturias.com\/noticias\/wp-json\/wp\/v2\/users\/1"}],"replies":[{"embeddable":true,"href":"https:\/\/www.eldigitaldeasturias.com\/noticias\/wp-json\/wp\/v2\/comments?post=480029"}],"version-history":[{"count":0,"href":"https:\/\/www.eldigitaldeasturias.com\/noticias\/wp-json\/wp\/v2\/posts\/480029\/revisions"}],"wp:featuredmedia":[{"embeddable":true,"href":"https:\/\/www.eldigitaldeasturias.com\/noticias\/wp-json\/wp\/v2\/media\/1132184"}],"wp:attachment":[{"href":"https:\/\/www.eldigitaldeasturias.com\/noticias\/wp-json\/wp\/v2\/media?parent=480029"}],"wp:term":[{"taxonomy":"category","embeddable":true,"href":"https:\/\/www.eldigitaldeasturias.com\/noticias\/wp-json\/wp\/v2\/categories?post=480029"},{"taxonomy":"post_tag","embeddable":true,"href":"https:\/\/www.eldigitaldeasturias.com\/noticias\/wp-json\/wp\/v2\/tags?post=480029"}],"curies":[{"name":"wp","href":"https:\/\/api.w.org\/{rel}","templated":true}]}}