{"id":480022,"date":"2014-01-29T14:43:28","date_gmt":"2014-01-29T15:43:28","guid":{"rendered":"http:\/\/www.eldigitaldeasturias.com\/noticias\/?p=480022"},"modified":"2014-01-29T14:43:50","modified_gmt":"2014-01-29T15:43:50","slug":"iker-martinez-y-tara-pacheco-ya-son-sextos-en-el-nacra17-en-una-gran-jornada","status":"publish","type":"post","link":"https:\/\/www.eldigitaldeasturias.com\/noticias\/iker-martinez-y-tara-pacheco-ya-son-sextos-en-el-nacra17-en-una-gran-jornada\/","title":{"rendered":"Iker Mart\u00ednez y Tara Pacheco ya son sextos en el Nacra17 en una gran jornada"},"content":{"rendered":"<p><img loading=\"lazy\" decoding=\"async\" class=\"alignleft size-medium wp-image-480023\" alt=\"5885237w\" src=\"https:\/\/www.eldigitaldeasturias.com\/noticias\/wp-content\/uploads\/2014\/01\/5885237w-360x256.jpg\" width=\"360\" height=\"256\" \/>Redacci\u00f3n deportes, 28 ene (EFE).- S\u00f3lo la penalizaci\u00f3n en la primera manga de ayer ha deslucido algo la progresi\u00f3n del d\u00fao espa\u00f1ol Iker Mart\u00ednez y Tara Pacheco en la clase Nacra17, una clase que dominan los austr\u00edacos Thomas Zajac y Tanja Frank y que reforzaron hoy su liderato con dos segundos puestos que abren una brecha de cinco puntos sobre los segundos clasificados.<\/p>\n<p>El d\u00fao catal\u00e1n formado por Toni Rivas y Laia Tutz\u00f3 ha sido la cruz de la moneda. Un 12\u00ba y un 18\u00ba en las dos mangas les han relegado a las 17\u00aa posici\u00f3n de la general.<\/p>\n<p>La jornada ha sido soleada pero el viento volvi\u00f3 a ser protagonista ya que apenas alcanzo los 6 nudos (20 Km\/h.) y oblig\u00f3 a varios aplazamientos y a celebrar una sola manga en la mayor\u00eda de clases. S\u00f3lo la RS: X (tablas) y Nacra 17 (catamar\u00e1n mixto hicieron dos.<\/p>\n<p>En la clase L\u00e1ser, el canario Joaqu\u00edn Blanco finaliz\u00f3 s\u00e9ptimo y es 28\u00aa en la general que domina el australiano Tom Burton, aunque hoy finaliz\u00f3 28\u00aa en su manga y s\u00f3lo el descarte le permite liderar la clase.<\/p>\n<p>En el 470 femenino las catalanas B\u00e1rbara Cornudella y Sara L\u00f3pez empezaron mandando en la manga del d\u00eda, pero fueron superadas por la brit\u00e1nicas Sophie Weguelin y Eilidh McIntyre que se impondr\u00edan en el recorrido y colocar\u00edan l\u00edderes de la clase. Las espa\u00f1olas ser\u00edan cuartas, pero siguen con todas las opciones de victoria ya que est\u00e1n a s\u00f3lo cuatro puntos de las lideres.<\/p>\n<p>Los croatas Sime Fantela e Igor Marenic vencieron en la manga del 470 masculino disputada hoy y empiezan a presionar a los l\u00edderes, la tripulaci\u00f3n gala compuesta por Sofian Bouvet y Jer\u00e9mie Mion, que tienen ya s\u00f3lo dos puntos de ventaja sobre los balc\u00e1nicos.<\/p>\n<p>El d\u00fao catal\u00e1n Jordi Xammar y Joan Herp fueron quintos y se han colocado sextos en la general y en posici\u00f3n de aspirar al podio.<\/p>\n<p>Las italianas Giulia Conti y Francesca Clapcich son las nuevas l\u00edderes de la clase FX (49er. femenino) al vencer en la \u00fanica manga disputada hoy, superando a sus rivales directos, las finesas Noora Ruskola y Camilla Cedercreutz, ahora segundas en la general.<\/p>\n<p>El d\u00fao espa\u00f1ol, formado por Tamara Echegoyen y Berta Betanzos no tuvo su d\u00eda y finaliz\u00f3 en la vig\u00e9sima posici\u00f3n de la manga, que les deja en la d\u00e9cimo quinta y a 26 puntos del podio..<\/p>\n<p>Tambi\u00e9n han perdido posiciones los catalanes Carlos Robles-Dani Codina en el 49er. al finalizar la manga en el puesto 16\u00ba, perdiendo cinco posiciones y pasando a ser d\u00e9cimo novenos en la general. Los ingleses Jhon Pink y Stuart Bithell (GBR) lograron su primera victoria juntos en el 49er y con ella, el liderato en la general.<\/p>\n<p>El pron\u00f3stico del viento para hoy predice de 7 a 9 nudos (12 a 16 Km\/h.) del sur aunque hay amenaza de lluvia y mucho calor.<\/p>\n<p>&nbsp;<\/p>\n<p>Clasificaci\u00f3n General al final de la segunda jornada.<\/p>\n<p>&#8211; 470 (3 mangas disputadas)<\/p>\n<p>.1. Sofian Bouvet-Jer\u00e9mie Mion (FRA) 2 puntos<\/p>\n<p>.2. Stuart Mcnay-David Hughes (EE.UU.) 4<\/p>\n<p>&#8230; Sime Fantela Igor Marenic (CRO) 4<\/p>\n<p>&#8230;.<\/p>\n<p>.6. Jordi Xammar-Joan Herp (ESP) 11<\/p>\n<p>&nbsp;<\/p>\n<p>470 femenino (3 mangas disputadas)<\/p>\n<p>.1. Sophie Weguelin-Eilidh McIntyre (GBR) 2 puntos<\/p>\n<p>.2. Camille Lecontre-H\u00e9lene Defrance (FRA) 4<\/p>\n<p>.3. B\u00e0rbara Cornudella-Sara L\u00f3pez (ESP) 6<\/p>\n<p>&#8230;<\/p>\n<p>&nbsp;<\/p>\n<p>49er. (3 mangas disputadas)<\/p>\n<p>.1. John Pink- Stuart Bithell (GBR) 6 puntos<\/p>\n<p>.2. Julien D&#8217;ortoli-No\u00e9 Delpech (FRA) 9<\/p>\n<p>.3. Jonathan Bay-Christopher Thorsell(DEN) 9<\/p>\n<p>&#8230;.<\/p>\n<p>.7. Carlos Robles-Dani Codina (ESP) 24<\/p>\n<p>&nbsp;<\/p>\n<p>49er. Femenino (FX) (4 mangas disputadas)<\/p>\n<p>.1. Guilia Conti-Francesca Clapcich (ITA) 5 puntos<\/p>\n<p>.2. Noora Ruskola-Camila Redarcruz (FIN) 6<\/p>\n<p>.3. Jena Hansen-Katja Salskov (DIN) 11<\/p>\n<p>&#8230;..<\/p>\n<p>15. Tamara Echegoyen-Berta Betanzos (ESP) 37<\/p>\n<p>&nbsp;<\/p>\n<p>Laser (3 mangas disputadas)<\/p>\n<p>.1. Tom Burton (AUS) 2 puntos<\/p>\n<p>.2. Tonci Scipanovic (CRO) 3<\/p>\n<p>.3. Robert Scheid (BRA) 5<\/p>\n<p>&#8230;<\/p>\n<p>28. Joaqu\u00edn Blanco (ESP) 23<\/p>\n<p>&nbsp;<\/p>\n<p>Nacra 17 (5 mangas disputadas)<\/p>\n<p>.1. Thomas Zajac-Tanja Chiara Frank (AUT) 9 puntos<\/p>\n<p>.1. Ben Saxton-Hannah Diamond (GBR) 14<\/p>\n<p>.3. Luke Ramsay-Nikola Girke (CAN) 18<\/p>\n<p>&#8230;.<\/p>\n<p>.6. Iker Mart\u00ednez-Tara Pacheco (ESP) 23<\/p>\n<p>17. Toni Rivas-Laia Tutz\u00f3 (ESP) 60.<\/p>\n","protected":false},"excerpt":{"rendered":"<p>Redacci\u00f3n deportes, 28 ene (EFE).- S\u00f3lo la penalizaci\u00f3n en la primera manga de ayer ha deslucido algo la progresi\u00f3n del d\u00fao espa\u00f1ol Iker Mart\u00ednez y Tara Pacheco en la clase Nacra17, una clase que dominan los austr\u00edacos Thomas Zajac y Tanja Frank y que reforzaron hoy su liderato con dos segundos puestos que abren una [&hellip;]<\/p>\n","protected":false},"author":1,"featured_media":1132184,"comment_status":"closed","ping_status":"open","sticky":false,"template":"","format":"standard","meta":{"footnotes":""},"categories":[1],"tags":[],"class_list":["post-480022","post","type-post","status-publish","format-standard","has-post-thumbnail","hentry","category-actualidad"],"aioseo_notices":[],"aioseo_head":"\n\t\t<!-- All in One SEO Pro 5.0.1 - aioseo.com -->\n\t<meta name=\"description\" content=\"Redacci\u00f3n deportes, 28 ene (EFE).- S\u00f3lo la penalizaci\u00f3n en la primera manga de ayer ha deslucido algo la progresi\u00f3n del d\u00fao espa\u00f1ol Iker Mart\u00ednez y Tara Pacheco en la clase Nacra17, una clase que dominan los austr\u00edacos Thomas Zajac y Tanja Frank y que reforzaron hoy su liderato con dos segundos puestos que abren una\" \/>\n\t<meta name=\"robots\" content=\"max-image-preview:large\" \/>\n\t<meta name=\"author\" content=\"El Digital de Asturias\"\/>\n\t<meta name=\"google-site-verification\" content=\"UA-38556648-1\" \/>\n\t<meta name=\"msvalidate.01\" content=\"7dfe9f3f1b24437ab69f4f2559babe99\" \/>\n\t<meta name=\"keywords\" content=\"actualidad\" \/>\n\t<link rel=\"canonical\" href=\"https:\/\/www.eldigitaldeasturias.com\/noticias\/iker-martinez-y-tara-pacheco-ya-son-sextos-en-el-nacra17-en-una-gran-jornada\/\" \/>\n\t<meta name=\"generator\" content=\"All in One SEO Pro (AIOSEO) 5.0.1\" \/>\n\t\t<meta property=\"og:locale\" content=\"es_ES\" \/>\n\t\t<meta property=\"og:site_name\" content=\"El Digital de Asturias\" \/>\n\t\t<meta property=\"og:type\" content=\"article\" \/>\n\t\t<meta property=\"og:title\" content=\"Iker Mart\u00ednez y Tara Pacheco ya son sextos en el Nacra17 en una gran jornada - El Digital de Asturias\" \/>\n\t\t<meta property=\"og:description\" content=\"Redacci\u00f3n deportes, 28 ene (EFE).- S\u00f3lo la penalizaci\u00f3n en la primera manga de ayer ha deslucido algo la progresi\u00f3n del d\u00fao espa\u00f1ol Iker Mart\u00ednez y Tara Pacheco en la clase Nacra17, una clase que dominan los austr\u00edacos Thomas Zajac y Tanja Frank y que reforzaron hoy su liderato con dos segundos puestos que abren una\" \/>\n\t\t<meta property=\"og:url\" content=\"https:\/\/www.eldigitaldeasturias.com\/noticias\/iker-martinez-y-tara-pacheco-ya-son-sextos-en-el-nacra17-en-una-gran-jornada\/\" \/>\n\t\t<meta property=\"og:image\" content=\"https:\/\/www.eldigitaldeasturias.com\/noticias\/wp-content\/uploads\/2026\/06\/Contenidos.jpg\" \/>\n\t\t<meta property=\"og:image:secure_url\" content=\"https:\/\/www.eldigitaldeasturias.com\/noticias\/wp-content\/uploads\/2026\/06\/Contenidos.jpg\" \/>\n\t\t<meta property=\"og:image:width\" content=\"1265\" \/>\n\t\t<meta property=\"og:image:height\" content=\"697\" \/>\n\t\t<meta property=\"article:tag\" content=\"actualidad\" \/>\n\t\t<meta property=\"article:published_time\" content=\"2014-01-29T15:43:28+00:00\" \/>\n\t\t<meta property=\"article:modified_time\" content=\"2014-01-29T15:43:50+00:00\" \/>\n\t\t<meta property=\"article:publisher\" content=\"https:\/\/facebook.com\/eldigitaldeasturias\" \/>\n\t\t<meta name=\"twitter:card\" content=\"summary_large_image\" \/>\n\t\t<meta name=\"twitter:title\" content=\"Iker Mart\u00ednez y Tara Pacheco ya son sextos en el Nacra17 en una gran jornada - El Digital de Asturias\" \/>\n\t\t<meta name=\"twitter:description\" content=\"Redacci\u00f3n deportes, 28 ene (EFE).- S\u00f3lo la penalizaci\u00f3n en la primera manga de ayer ha deslucido algo la progresi\u00f3n del d\u00fao espa\u00f1ol Iker Mart\u00ednez y Tara Pacheco en la clase Nacra17, una clase que dominan los austr\u00edacos Thomas Zajac y Tanja Frank y que reforzaron hoy su liderato con dos segundos puestos que abren una\" \/>\n\t\t<meta name=\"twitter:image\" content=\"https:\/\/www.eldigitaldeasturias.com\/noticias\/wp-content\/uploads\/2026\/06\/Contenidos.jpg\" \/>\n\t\t<meta name=\"twitter:label1\" content=\"Escrito por\" \/>\n\t\t<meta name=\"twitter:data1\" content=\"El Digital de Asturias\" \/>\n\t\t<meta name=\"twitter:label2\" content=\"Tiempo de lectura estimado\" \/>\n\t\t<meta name=\"twitter:data2\" content=\"3 minutos\" \/>\n\t\t<script type=\"application\/ld+json\" class=\"aioseo-schema\">\n\t\t\t{\"@context\":\"https:\\\/\\\/schema.org\",\"@graph\":[{\"@type\":\"BlogPosting\",\"@id\":\"https:\\\/\\\/www.eldigitaldeasturias.com\\\/noticias\\\/iker-martinez-y-tara-pacheco-ya-son-sextos-en-el-nacra17-en-una-gran-jornada\\\/#blogposting\",\"name\":\"Iker Mart\\u00ednez y Tara Pacheco ya son sextos en el Nacra17 en una gran jornada - El Digital de Asturias\",\"headline\":\"Iker Mart\\u00ednez y Tara Pacheco ya son sextos en el Nacra17 en una gran jornada\",\"author\":{\"@id\":\"https:\\\/\\\/www.eldigitaldeasturias.com\\\/noticias\\\/author\\\/admin\\\/#author\"},\"publisher\":{\"@id\":\"https:\\\/\\\/www.eldigitaldeasturias.com\\\/noticias\\\/#organization\"},\"image\":{\"@type\":\"ImageObject\",\"url\":\"https:\\\/\\\/www.eldigitaldeasturias.com\\\/noticias\\\/wp-content\\\/uploads\\\/2026\\\/06\\\/Contenidos.jpg\",\"width\":1265,\"height\":697,\"caption\":\"Contenidos\"},\"datePublished\":\"2014-01-29T14:43:28+01:00\",\"dateModified\":\"2014-01-29T14:43:50+01:00\",\"inLanguage\":\"es-ES\",\"mainEntityOfPage\":{\"@id\":\"https:\\\/\\\/www.eldigitaldeasturias.com\\\/noticias\\\/iker-martinez-y-tara-pacheco-ya-son-sextos-en-el-nacra17-en-una-gran-jornada\\\/#webpage\"},\"isPartOf\":{\"@id\":\"https:\\\/\\\/www.eldigitaldeasturias.com\\\/noticias\\\/iker-martinez-y-tara-pacheco-ya-son-sextos-en-el-nacra17-en-una-gran-jornada\\\/#webpage\"},\"articleSection\":\"Actualidad\"},{\"@type\":\"BreadcrumbList\",\"@id\":\"https:\\\/\\\/www.eldigitaldeasturias.com\\\/noticias\\\/iker-martinez-y-tara-pacheco-ya-son-sextos-en-el-nacra17-en-una-gran-jornada\\\/#breadcrumblist\",\"itemListElement\":[{\"@type\":\"ListItem\",\"@id\":\"https:\\\/\\\/www.eldigitaldeasturias.com\\\/noticias#listItem\",\"position\":1,\"name\":\"Home\",\"item\":\"https:\\\/\\\/www.eldigitaldeasturias.com\\\/noticias\",\"nextItem\":{\"@type\":\"ListItem\",\"@id\":\"https:\\\/\\\/www.eldigitaldeasturias.com\\\/noticias\\\/category\\\/actualidad\\\/#listItem\",\"name\":\"Actualidad\"}},{\"@type\":\"ListItem\",\"@id\":\"https:\\\/\\\/www.eldigitaldeasturias.com\\\/noticias\\\/category\\\/actualidad\\\/#listItem\",\"position\":2,\"name\":\"Actualidad\",\"item\":\"https:\\\/\\\/www.eldigitaldeasturias.com\\\/noticias\\\/category\\\/actualidad\\\/\",\"nextItem\":{\"@type\":\"ListItem\",\"@id\":\"https:\\\/\\\/www.eldigitaldeasturias.com\\\/noticias\\\/iker-martinez-y-tara-pacheco-ya-son-sextos-en-el-nacra17-en-una-gran-jornada\\\/#listItem\",\"name\":\"Iker Mart\\u00ednez y Tara Pacheco ya son sextos en el Nacra17 en una gran jornada\"},\"previousItem\":{\"@type\":\"ListItem\",\"@id\":\"https:\\\/\\\/www.eldigitaldeasturias.com\\\/noticias#listItem\",\"name\":\"Home\"}},{\"@type\":\"ListItem\",\"@id\":\"https:\\\/\\\/www.eldigitaldeasturias.com\\\/noticias\\\/iker-martinez-y-tara-pacheco-ya-son-sextos-en-el-nacra17-en-una-gran-jornada\\\/#listItem\",\"position\":3,\"name\":\"Iker Mart\\u00ednez y Tara Pacheco ya son sextos en el Nacra17 en una gran jornada\",\"previousItem\":{\"@type\":\"ListItem\",\"@id\":\"https:\\\/\\\/www.eldigitaldeasturias.com\\\/noticias\\\/category\\\/actualidad\\\/#listItem\",\"name\":\"Actualidad\"}}]},{\"@type\":\"Organization\",\"@id\":\"https:\\\/\\\/www.eldigitaldeasturias.com\\\/noticias\\\/#organization\",\"name\":\"El Digital de Asturias\",\"description\":\"Hemeroteca\",\"url\":\"https:\\\/\\\/www.eldigitaldeasturias.com\\\/noticias\\\/\",\"email\":\"info@eldigitaldeasturias.com\",\"telephone\":\"+34652131393\",\"logo\":{\"@type\":\"ImageObject\",\"url\":\"https:\\\/\\\/www.eldigitaldeasturias.com\\\/noticias\\\/wp-content\\\/uploads\\\/2020\\\/12\\\/EDA.jpg\",\"@id\":\"https:\\\/\\\/www.eldigitaldeasturias.com\\\/noticias\\\/iker-martinez-y-tara-pacheco-ya-son-sextos-en-el-nacra17-en-una-gran-jornada\\\/#organizationLogo\"},\"image\":{\"@id\":\"https:\\\/\\\/www.eldigitaldeasturias.com\\\/noticias\\\/iker-martinez-y-tara-pacheco-ya-son-sextos-en-el-nacra17-en-una-gran-jornada\\\/#organizationLogo\"},\"sameAs\":[\"https:\\\/\\\/facebook.com\\\/eldigitaldeasturias\",\"https:\\\/\\\/www.youtube.com\\\/channel\\\/UCZP-2wLEB9Rv6erhFmqVnvg\"],\"address\":{\"@id\":\"https:\\\/\\\/www.eldigitaldeasturias.com\\\/noticias\\\/#postaladdress\",\"@type\":\"PostalAddress\",\"streetAddress\":\"san antonio 4\",\"postalCode\":\"33430\",\"addressLocality\":\"Cand\\u00e1s\",\"addressRegion\":\"Asturias\",\"addressCountry\":\"ES\"}},{\"@type\":\"Person\",\"@id\":\"https:\\\/\\\/www.eldigitaldeasturias.com\\\/noticias\\\/author\\\/admin\\\/#author\",\"url\":\"https:\\\/\\\/www.eldigitaldeasturias.com\\\/noticias\\\/author\\\/admin\\\/\",\"name\":\"El Digital de Asturias\",\"image\":{\"@type\":\"ImageObject\",\"@id\":\"https:\\\/\\\/www.eldigitaldeasturias.com\\\/noticias\\\/iker-martinez-y-tara-pacheco-ya-son-sextos-en-el-nacra17-en-una-gran-jornada\\\/#authorImage\",\"url\":\"https:\\\/\\\/secure.gravatar.com\\\/avatar\\\/df2aeffc32bcd13f8d26072ef8a91b623d677766deac7f97ca815868cd41bf5e?s=96&d=mm&r=g\",\"width\":96,\"height\":96,\"caption\":\"El Digital de Asturias\"}},{\"@type\":\"WebPage\",\"@id\":\"https:\\\/\\\/www.eldigitaldeasturias.com\\\/noticias\\\/iker-martinez-y-tara-pacheco-ya-son-sextos-en-el-nacra17-en-una-gran-jornada\\\/#webpage\",\"url\":\"https:\\\/\\\/www.eldigitaldeasturias.com\\\/noticias\\\/iker-martinez-y-tara-pacheco-ya-son-sextos-en-el-nacra17-en-una-gran-jornada\\\/\",\"name\":\"Iker Mart\\u00ednez y Tara Pacheco ya son sextos en el Nacra17 en una gran jornada - El Digital de Asturias\",\"description\":\"Redacci\\u00f3n deportes, 28 ene (EFE).- S\\u00f3lo la penalizaci\\u00f3n en la primera manga de ayer ha deslucido algo la progresi\\u00f3n del d\\u00fao espa\\u00f1ol Iker Mart\\u00ednez y Tara Pacheco en la clase Nacra17, una clase que dominan los austr\\u00edacos Thomas Zajac y Tanja Frank y que reforzaron hoy su liderato con dos segundos puestos que abren una\",\"inLanguage\":\"es-ES\",\"isPartOf\":{\"@id\":\"https:\\\/\\\/www.eldigitaldeasturias.com\\\/noticias\\\/#website\"},\"breadcrumb\":{\"@id\":\"https:\\\/\\\/www.eldigitaldeasturias.com\\\/noticias\\\/iker-martinez-y-tara-pacheco-ya-son-sextos-en-el-nacra17-en-una-gran-jornada\\\/#breadcrumblist\"},\"author\":{\"@id\":\"https:\\\/\\\/www.eldigitaldeasturias.com\\\/noticias\\\/author\\\/admin\\\/#author\"},\"creator\":{\"@id\":\"https:\\\/\\\/www.eldigitaldeasturias.com\\\/noticias\\\/author\\\/admin\\\/#author\"},\"image\":{\"@type\":\"ImageObject\",\"url\":\"https:\\\/\\\/www.eldigitaldeasturias.com\\\/noticias\\\/wp-content\\\/uploads\\\/2026\\\/06\\\/Contenidos.jpg\",\"@id\":\"https:\\\/\\\/www.eldigitaldeasturias.com\\\/noticias\\\/iker-martinez-y-tara-pacheco-ya-son-sextos-en-el-nacra17-en-una-gran-jornada\\\/#mainImage\",\"width\":1265,\"height\":697,\"caption\":\"Contenidos\"},\"primaryImageOfPage\":{\"@id\":\"https:\\\/\\\/www.eldigitaldeasturias.com\\\/noticias\\\/iker-martinez-y-tara-pacheco-ya-son-sextos-en-el-nacra17-en-una-gran-jornada\\\/#mainImage\"},\"datePublished\":\"2014-01-29T14:43:28+01:00\",\"dateModified\":\"2014-01-29T14:43:50+01:00\"},{\"@type\":\"WebSite\",\"@id\":\"https:\\\/\\\/www.eldigitaldeasturias.com\\\/noticias\\\/#website\",\"url\":\"https:\\\/\\\/www.eldigitaldeasturias.com\\\/noticias\\\/\",\"name\":\"El Digital de Asturias - Diario de actualidad y noticias\",\"alternateName\":\"El Digital de Asturias - Diario de actualidad y noticias\",\"description\":\"Hemeroteca\",\"inLanguage\":\"es-ES\",\"publisher\":{\"@id\":\"https:\\\/\\\/www.eldigitaldeasturias.com\\\/noticias\\\/#organization\"}}]}\n\t\t<\/script>\n\t\t<!-- All in One SEO Pro -->\r\n\t\t<title>Iker Mart\u00ednez y Tara Pacheco ya son sextos en el Nacra17 en una gran jornada - El Digital de Asturias<\/title>\n\n","aioseo_head_json":{"title":"Iker Mart\u00ednez y Tara Pacheco ya son sextos en el Nacra17 en una gran jornada - El Digital de Asturias","description":"Redacci\u00f3n deportes, 28 ene (EFE).- S\u00f3lo la penalizaci\u00f3n en la primera manga de ayer ha deslucido algo la progresi\u00f3n del d\u00fao espa\u00f1ol Iker Mart\u00ednez y Tara Pacheco en la clase Nacra17, una clase que dominan los austr\u00edacos Thomas Zajac y Tanja Frank y que reforzaron hoy su liderato con dos segundos puestos que abren una","canonical_url":"https:\/\/www.eldigitaldeasturias.com\/noticias\/iker-martinez-y-tara-pacheco-ya-son-sextos-en-el-nacra17-en-una-gran-jornada\/","robots":"max-image-preview:large","keywords":"actualidad","webmasterTools":{"google-site-verification":"UA-38556648-1","msvalidate.01":"7dfe9f3f1b24437ab69f4f2559babe99","miscellaneous":""},"schema":{"@context":"https:\/\/schema.org","@graph":[{"@type":"BlogPosting","@id":"https:\/\/www.eldigitaldeasturias.com\/noticias\/iker-martinez-y-tara-pacheco-ya-son-sextos-en-el-nacra17-en-una-gran-jornada\/#blogposting","name":"Iker Mart\u00ednez y Tara Pacheco ya son sextos en el Nacra17 en una gran jornada - El Digital de Asturias","headline":"Iker Mart\u00ednez y Tara Pacheco ya son sextos en el Nacra17 en una gran jornada","author":{"@id":"https:\/\/www.eldigitaldeasturias.com\/noticias\/author\/admin\/#author"},"publisher":{"@id":"https:\/\/www.eldigitaldeasturias.com\/noticias\/#organization"},"image":{"@type":"ImageObject","url":"https:\/\/www.eldigitaldeasturias.com\/noticias\/wp-content\/uploads\/2026\/06\/Contenidos.jpg","width":1265,"height":697,"caption":"Contenidos"},"datePublished":"2014-01-29T14:43:28+01:00","dateModified":"2014-01-29T14:43:50+01:00","inLanguage":"es-ES","mainEntityOfPage":{"@id":"https:\/\/www.eldigitaldeasturias.com\/noticias\/iker-martinez-y-tara-pacheco-ya-son-sextos-en-el-nacra17-en-una-gran-jornada\/#webpage"},"isPartOf":{"@id":"https:\/\/www.eldigitaldeasturias.com\/noticias\/iker-martinez-y-tara-pacheco-ya-son-sextos-en-el-nacra17-en-una-gran-jornada\/#webpage"},"articleSection":"Actualidad"},{"@type":"BreadcrumbList","@id":"https:\/\/www.eldigitaldeasturias.com\/noticias\/iker-martinez-y-tara-pacheco-ya-son-sextos-en-el-nacra17-en-una-gran-jornada\/#breadcrumblist","itemListElement":[{"@type":"ListItem","@id":"https:\/\/www.eldigitaldeasturias.com\/noticias#listItem","position":1,"name":"Home","item":"https:\/\/www.eldigitaldeasturias.com\/noticias","nextItem":{"@type":"ListItem","@id":"https:\/\/www.eldigitaldeasturias.com\/noticias\/category\/actualidad\/#listItem","name":"Actualidad"}},{"@type":"ListItem","@id":"https:\/\/www.eldigitaldeasturias.com\/noticias\/category\/actualidad\/#listItem","position":2,"name":"Actualidad","item":"https:\/\/www.eldigitaldeasturias.com\/noticias\/category\/actualidad\/","nextItem":{"@type":"ListItem","@id":"https:\/\/www.eldigitaldeasturias.com\/noticias\/iker-martinez-y-tara-pacheco-ya-son-sextos-en-el-nacra17-en-una-gran-jornada\/#listItem","name":"Iker Mart\u00ednez y Tara Pacheco ya son sextos en el Nacra17 en una gran jornada"},"previousItem":{"@type":"ListItem","@id":"https:\/\/www.eldigitaldeasturias.com\/noticias#listItem","name":"Home"}},{"@type":"ListItem","@id":"https:\/\/www.eldigitaldeasturias.com\/noticias\/iker-martinez-y-tara-pacheco-ya-son-sextos-en-el-nacra17-en-una-gran-jornada\/#listItem","position":3,"name":"Iker Mart\u00ednez y Tara Pacheco ya son sextos en el Nacra17 en una gran jornada","previousItem":{"@type":"ListItem","@id":"https:\/\/www.eldigitaldeasturias.com\/noticias\/category\/actualidad\/#listItem","name":"Actualidad"}}]},{"@type":"Organization","@id":"https:\/\/www.eldigitaldeasturias.com\/noticias\/#organization","name":"El Digital de Asturias","description":"Hemeroteca","url":"https:\/\/www.eldigitaldeasturias.com\/noticias\/","email":"info@eldigitaldeasturias.com","telephone":"+34652131393","logo":{"@type":"ImageObject","url":"https:\/\/www.eldigitaldeasturias.com\/noticias\/wp-content\/uploads\/2020\/12\/EDA.jpg","@id":"https:\/\/www.eldigitaldeasturias.com\/noticias\/iker-martinez-y-tara-pacheco-ya-son-sextos-en-el-nacra17-en-una-gran-jornada\/#organizationLogo"},"image":{"@id":"https:\/\/www.eldigitaldeasturias.com\/noticias\/iker-martinez-y-tara-pacheco-ya-son-sextos-en-el-nacra17-en-una-gran-jornada\/#organizationLogo"},"sameAs":["https:\/\/facebook.com\/eldigitaldeasturias","https:\/\/www.youtube.com\/channel\/UCZP-2wLEB9Rv6erhFmqVnvg"],"address":{"@id":"https:\/\/www.eldigitaldeasturias.com\/noticias\/#postaladdress","@type":"PostalAddress","streetAddress":"san antonio 4","postalCode":"33430","addressLocality":"Cand\u00e1s","addressRegion":"Asturias","addressCountry":"ES"}},{"@type":"Person","@id":"https:\/\/www.eldigitaldeasturias.com\/noticias\/author\/admin\/#author","url":"https:\/\/www.eldigitaldeasturias.com\/noticias\/author\/admin\/","name":"El Digital de Asturias","image":{"@type":"ImageObject","@id":"https:\/\/www.eldigitaldeasturias.com\/noticias\/iker-martinez-y-tara-pacheco-ya-son-sextos-en-el-nacra17-en-una-gran-jornada\/#authorImage","url":"https:\/\/secure.gravatar.com\/avatar\/df2aeffc32bcd13f8d26072ef8a91b623d677766deac7f97ca815868cd41bf5e?s=96&d=mm&r=g","width":96,"height":96,"caption":"El Digital de Asturias"}},{"@type":"WebPage","@id":"https:\/\/www.eldigitaldeasturias.com\/noticias\/iker-martinez-y-tara-pacheco-ya-son-sextos-en-el-nacra17-en-una-gran-jornada\/#webpage","url":"https:\/\/www.eldigitaldeasturias.com\/noticias\/iker-martinez-y-tara-pacheco-ya-son-sextos-en-el-nacra17-en-una-gran-jornada\/","name":"Iker Mart\u00ednez y Tara Pacheco ya son sextos en el Nacra17 en una gran jornada - El Digital de Asturias","description":"Redacci\u00f3n deportes, 28 ene (EFE).- S\u00f3lo la penalizaci\u00f3n en la primera manga de ayer ha deslucido algo la progresi\u00f3n del d\u00fao espa\u00f1ol Iker Mart\u00ednez y Tara Pacheco en la clase Nacra17, una clase que dominan los austr\u00edacos Thomas Zajac y Tanja Frank y que reforzaron hoy su liderato con dos segundos puestos que abren una","inLanguage":"es-ES","isPartOf":{"@id":"https:\/\/www.eldigitaldeasturias.com\/noticias\/#website"},"breadcrumb":{"@id":"https:\/\/www.eldigitaldeasturias.com\/noticias\/iker-martinez-y-tara-pacheco-ya-son-sextos-en-el-nacra17-en-una-gran-jornada\/#breadcrumblist"},"author":{"@id":"https:\/\/www.eldigitaldeasturias.com\/noticias\/author\/admin\/#author"},"creator":{"@id":"https:\/\/www.eldigitaldeasturias.com\/noticias\/author\/admin\/#author"},"image":{"@type":"ImageObject","url":"https:\/\/www.eldigitaldeasturias.com\/noticias\/wp-content\/uploads\/2026\/06\/Contenidos.jpg","@id":"https:\/\/www.eldigitaldeasturias.com\/noticias\/iker-martinez-y-tara-pacheco-ya-son-sextos-en-el-nacra17-en-una-gran-jornada\/#mainImage","width":1265,"height":697,"caption":"Contenidos"},"primaryImageOfPage":{"@id":"https:\/\/www.eldigitaldeasturias.com\/noticias\/iker-martinez-y-tara-pacheco-ya-son-sextos-en-el-nacra17-en-una-gran-jornada\/#mainImage"},"datePublished":"2014-01-29T14:43:28+01:00","dateModified":"2014-01-29T14:43:50+01:00"},{"@type":"WebSite","@id":"https:\/\/www.eldigitaldeasturias.com\/noticias\/#website","url":"https:\/\/www.eldigitaldeasturias.com\/noticias\/","name":"El Digital de Asturias - Diario de actualidad y noticias","alternateName":"El Digital de Asturias - Diario de actualidad y noticias","description":"Hemeroteca","inLanguage":"es-ES","publisher":{"@id":"https:\/\/www.eldigitaldeasturias.com\/noticias\/#organization"}}]},"og:locale":"es_ES","og:site_name":"El Digital de Asturias","og:type":"article","og:title":"Iker Mart\u00ednez y Tara Pacheco ya son sextos en el Nacra17 en una gran jornada - El Digital de Asturias","og:description":"Redacci\u00f3n deportes, 28 ene (EFE).- S\u00f3lo la penalizaci\u00f3n en la primera manga de ayer ha deslucido algo la progresi\u00f3n del d\u00fao espa\u00f1ol Iker Mart\u00ednez y Tara Pacheco en la clase Nacra17, una clase que dominan los austr\u00edacos Thomas Zajac y Tanja Frank y que reforzaron hoy su liderato con dos segundos puestos que abren una","og:url":"https:\/\/www.eldigitaldeasturias.com\/noticias\/iker-martinez-y-tara-pacheco-ya-son-sextos-en-el-nacra17-en-una-gran-jornada\/","og:image":"https:\/\/www.eldigitaldeasturias.com\/noticias\/wp-content\/uploads\/2026\/06\/Contenidos.jpg","og:image:secure_url":"https:\/\/www.eldigitaldeasturias.com\/noticias\/wp-content\/uploads\/2026\/06\/Contenidos.jpg","og:image:width":1265,"og:image:height":697,"article:tag":["actualidad"],"article:published_time":"2014-01-29T15:43:28+00:00","article:modified_time":"2014-01-29T15:43:50+00:00","article:publisher":"https:\/\/facebook.com\/eldigitaldeasturias","twitter:card":"summary_large_image","twitter:title":"Iker Mart\u00ednez y Tara Pacheco ya son sextos en el Nacra17 en una gran jornada - El Digital de Asturias","twitter:description":"Redacci\u00f3n deportes, 28 ene (EFE).- S\u00f3lo la penalizaci\u00f3n en la primera manga de ayer ha deslucido algo la progresi\u00f3n del d\u00fao espa\u00f1ol Iker Mart\u00ednez y Tara Pacheco en la clase Nacra17, una clase que dominan los austr\u00edacos Thomas Zajac y Tanja Frank y que reforzaron hoy su liderato con dos segundos puestos que abren una","twitter:image":"https:\/\/www.eldigitaldeasturias.com\/noticias\/wp-content\/uploads\/2026\/06\/Contenidos.jpg","twitter:label1":"Escrito por","twitter:data1":"El Digital de Asturias","twitter:label2":"Tiempo de lectura estimado","twitter:data2":"3 minutos"},"aioseo_meta_data":{"post_id":"480022","title":null,"description":null,"keywords":null,"keyphrases":null,"primary_term":null,"canonical_url":null,"og_title":null,"og_description":null,"og_object_type":"default","og_image_type":"default","og_image_url":null,"og_image_width":null,"og_image_height":null,"og_image_custom_url":null,"og_image_custom_fields":null,"og_video":null,"og_custom_url":null,"og_article_section":null,"og_article_tags":null,"twitter_use_og":true,"twitter_card":"default","twitter_image_type":"default","twitter_image_url":null,"twitter_image_custom_url":null,"twitter_image_custom_fields":null,"twitter_title":null,"twitter_description":null,"schema":{"blockGraphs":[],"customGraphs":[],"default":{"data":{"Article":[],"Course":[],"Dataset":[],"FAQPage":[],"Movie":[],"Person":[],"Product":[],"ProductReview":[],"Car":[],"Recipe":[],"Service":[],"SoftwareApplication":[],"WebPage":[]},"graphName":"","isEnabled":true},"graphs":[],"defaultGraph":"","defaultPostTypeGraph":""},"schema_type":null,"schema_type_options":null,"pillar_content":false,"robots_default":true,"robots_noindex":false,"robots_noarchive":false,"robots_nosnippet":false,"robots_nofollow":false,"robots_noimageindex":false,"robots_noodp":false,"robots_notranslate":false,"robots_max_snippet":null,"robots_max_videopreview":null,"robots_max_imagepreview":"none","priority":null,"frequency":null,"local_seo":null,"seo_analyzer_scan_date":"2026-06-02 02:25:48","breadcrumb_settings":null,"limit_modified_date":false,"open_ai":null,"ai":null,"created":"2020-11-14 22:54:08","updated":"2026-06-02 02:25:48","focus_keyword":null,"additional_keywords":null,"truseo_locale":null},"aioseo_breadcrumb":"<div class=\"aioseo-breadcrumbs\"><span class=\"aioseo-breadcrumb\">\n\t<a href=\"https:\/\/www.eldigitaldeasturias.com\/noticias\" title=\"Home\">Home<\/a>\n<\/span><span class=\"aioseo-breadcrumb-separator\">\u2013<\/span><span class=\"aioseo-breadcrumb\">\n\t<a href=\"https:\/\/www.eldigitaldeasturias.com\/noticias\/category\/actualidad\/\" title=\"Actualidad\">Actualidad<\/a>\n<\/span><span class=\"aioseo-breadcrumb-separator\">\u2013<\/span><span class=\"aioseo-breadcrumb\">\n\t<a href=\"https:\/\/www.eldigitaldeasturias.com\/noticias\/iker-martinez-y-tara-pacheco-ya-son-sextos-en-el-nacra17-en-una-gran-jornada\/\" title=\"Iker Mart\u00ednez y Tara Pacheco ya son sextos en el Nacra17 en una gran jornada\">Iker Mart\u00ednez y Tara Pacheco ya son sextos en el Nacra17 en una gran jornada<\/a>\n<\/span><\/div>","aioseo_breadcrumb_json":[{"label":"Home","link":"https:\/\/www.eldigitaldeasturias.com\/noticias"},{"label":"Actualidad","link":"https:\/\/www.eldigitaldeasturias.com\/noticias\/category\/actualidad\/"},{"label":"Iker Mart\u00ednez y Tara Pacheco ya son sextos en el Nacra17 en una gran jornada","link":"https:\/\/www.eldigitaldeasturias.com\/noticias\/iker-martinez-y-tara-pacheco-ya-son-sextos-en-el-nacra17-en-una-gran-jornada\/"}],"_links":{"self":[{"href":"https:\/\/www.eldigitaldeasturias.com\/noticias\/wp-json\/wp\/v2\/posts\/480022","targetHints":{"allow":["GET"]}}],"collection":[{"href":"https:\/\/www.eldigitaldeasturias.com\/noticias\/wp-json\/wp\/v2\/posts"}],"about":[{"href":"https:\/\/www.eldigitaldeasturias.com\/noticias\/wp-json\/wp\/v2\/types\/post"}],"author":[{"embeddable":true,"href":"https:\/\/www.eldigitaldeasturias.com\/noticias\/wp-json\/wp\/v2\/users\/1"}],"replies":[{"embeddable":true,"href":"https:\/\/www.eldigitaldeasturias.com\/noticias\/wp-json\/wp\/v2\/comments?post=480022"}],"version-history":[{"count":0,"href":"https:\/\/www.eldigitaldeasturias.com\/noticias\/wp-json\/wp\/v2\/posts\/480022\/revisions"}],"wp:featuredmedia":[{"embeddable":true,"href":"https:\/\/www.eldigitaldeasturias.com\/noticias\/wp-json\/wp\/v2\/media\/1132184"}],"wp:attachment":[{"href":"https:\/\/www.eldigitaldeasturias.com\/noticias\/wp-json\/wp\/v2\/media?parent=480022"}],"wp:term":[{"taxonomy":"category","embeddable":true,"href":"https:\/\/www.eldigitaldeasturias.com\/noticias\/wp-json\/wp\/v2\/categories?post=480022"},{"taxonomy":"post_tag","embeddable":true,"href":"https:\/\/www.eldigitaldeasturias.com\/noticias\/wp-json\/wp\/v2\/tags?post=480022"}],"curies":[{"name":"wp","href":"https:\/\/api.w.org\/{rel}","templated":true}]}}