{"id":480019,"date":"2014-01-29T14:42:37","date_gmt":"2014-01-29T15:42:37","guid":{"rendered":"http:\/\/www.eldigitaldeasturias.com\/noticias\/?p=480019"},"modified":"2014-01-29T14:42:37","modified_gmt":"2014-01-29T15:42:37","slug":"los-republicanos-analizaran-en-un-conclave-su-plan-para-la-reforma-migratoria","status":"publish","type":"post","link":"https:\/\/www.eldigitaldeasturias.com\/noticias\/los-republicanos-analizaran-en-un-conclave-su-plan-para-la-reforma-migratoria\/","title":{"rendered":"Los republicanos analizar\u00e1n en un c\u00f3nclave su plan para la reforma migratoria"},"content":{"rendered":"<p><img loading=\"lazy\" decoding=\"async\" class=\"alignleft size-medium wp-image-480020\" alt=\"5885168w\" src=\"https:\/\/www.eldigitaldeasturias.com\/noticias\/wp-content\/uploads\/2014\/01\/5885168w-360x240.jpg\" width=\"360\" height=\"240\" \/>Washington, 28 ene (EFE).- El presidente de la C\u00e1mara de Representantes, John Boehner, anunci\u00f3 hoy que el Partido Republicano analizar\u00e1 el jueves, en un seminario que celebrar\u00e1 en Maryland, su postura sobre la reforma migratoria en Estados Unidos.<\/p>\n<p>\u00abDiscutiremos sobre migraci\u00f3n y vamos a presentar nuestros est\u00e1ndares, nuestros principios sobre la reforma migratoria y tendremos una conversaci\u00f3n con nuestros miembros\u00bb, dijo en su rueda de prensa semanal.<\/p>\n<p>El &#8216;c\u00f3nclave&#8217; republicano tendr\u00e1 lugar del 29 al 31 de enero en un exclusivo hotel con campo de golf en Cambridge, Maryland.<\/p>\n<p>Boehner respond\u00eda a un informe del peri\u00f3dico The New York Times en el sentido de que el liderazgo de los republicanos en el Congreso se dispone a presentar una serie de principios sobre migraci\u00f3n en los que se incluir\u00e1 alguna ruta hacia la legalizaci\u00f3n de los indocumentados.<\/p>\n<p>Boehner dijo que el documento que se elaborar\u00e1 detallar\u00e1 una serie de principios y normas en torno a la inmigraci\u00f3n para poder presentar puntos de acuerdo sobre la reforma migratoria en Estados Unidos.<\/p>\n<p>Pese a que el Senado aprob\u00f3 en junio una reforma integral del sistema migratorio, que incluye el refuerzo de la seguridad de la frontera con M\u00e9xico y abre una v\u00eda para la adquisici\u00f3n de la ciudadan\u00eda estadounidense para los indocumentados que radican en el pa\u00eds, la C\u00e1mara baja, de mayor\u00eda republicana, se ha opuesto a analizar el documento en su totalidad y prefiere un enfoque por partes.<\/p>\n<p>El presidente de Estados Unidos, Barack Obama, ha considerado la reforma migratoria como una prioridad para 2014, luego de que esta promesa no pudiera salir adelante en su primer mandato.<\/p>\n<p>Los republicanos, por su parte, han dicho ser conscientes de la necesidad de encarar este punto en su agenda, si no quieren perder m\u00e1s apoyo del voto hispano, que durante 2012 fue mayoritariamente hacia el candidato dem\u00f3crata.<\/p>\n","protected":false},"excerpt":{"rendered":"<p>Washington, 28 ene (EFE).- El presidente de la C\u00e1mara de Representantes, John Boehner, anunci\u00f3 hoy que el Partido Republicano analizar\u00e1 el jueves, en un seminario que celebrar\u00e1 en Maryland, su postura sobre la reforma migratoria en Estados Unidos. \u00abDiscutiremos sobre migraci\u00f3n y vamos a presentar nuestros est\u00e1ndares, nuestros principios sobre la reforma migratoria y tendremos [&hellip;]<\/p>\n","protected":false},"author":1,"featured_media":1132184,"comment_status":"closed","ping_status":"open","sticky":false,"template":"","format":"standard","meta":{"footnotes":""},"categories":[1],"tags":[],"class_list":["post-480019","post","type-post","status-publish","format-standard","has-post-thumbnail","hentry","category-actualidad"],"aioseo_notices":[],"aioseo_head":"\n\t\t<!-- All in One SEO Pro 5.0.1 - aioseo.com -->\n\t<meta name=\"description\" content=\"Washington, 28 ene (EFE).- El presidente de la C\u00e1mara de Representantes, John Boehner, anunci\u00f3 hoy que el Partido Republicano analizar\u00e1 el jueves, en un seminario que celebrar\u00e1 en Maryland, su postura sobre la reforma migratoria en Estados Unidos. &quot;Discutiremos sobre migraci\u00f3n y vamos a presentar nuestros est\u00e1ndares, nuestros principios sobre la reforma migratoria y tendremos\" \/>\n\t<meta name=\"robots\" content=\"max-image-preview:large\" \/>\n\t<meta name=\"author\" content=\"El Digital de Asturias\"\/>\n\t<meta name=\"google-site-verification\" content=\"UA-38556648-1\" \/>\n\t<meta name=\"msvalidate.01\" content=\"7dfe9f3f1b24437ab69f4f2559babe99\" \/>\n\t<meta name=\"keywords\" content=\"actualidad\" \/>\n\t<link rel=\"canonical\" href=\"https:\/\/www.eldigitaldeasturias.com\/noticias\/los-republicanos-analizaran-en-un-conclave-su-plan-para-la-reforma-migratoria\/\" \/>\n\t<meta name=\"generator\" content=\"All in One SEO Pro (AIOSEO) 5.0.1\" \/>\n\t\t<meta property=\"og:locale\" content=\"es_ES\" \/>\n\t\t<meta property=\"og:site_name\" content=\"El Digital de Asturias\" \/>\n\t\t<meta property=\"og:type\" content=\"article\" \/>\n\t\t<meta property=\"og:title\" content=\"Los republicanos analizar\u00e1n en un c\u00f3nclave su plan para la reforma migratoria - El Digital de Asturias\" \/>\n\t\t<meta property=\"og:description\" content=\"Washington, 28 ene (EFE).- El presidente de la C\u00e1mara de Representantes, John Boehner, anunci\u00f3 hoy que el Partido Republicano analizar\u00e1 el jueves, en un seminario que celebrar\u00e1 en Maryland, su postura sobre la reforma migratoria en Estados Unidos. &quot;Discutiremos sobre migraci\u00f3n y vamos a presentar nuestros est\u00e1ndares, nuestros principios sobre la reforma migratoria y tendremos\" \/>\n\t\t<meta property=\"og:url\" content=\"https:\/\/www.eldigitaldeasturias.com\/noticias\/los-republicanos-analizaran-en-un-conclave-su-plan-para-la-reforma-migratoria\/\" \/>\n\t\t<meta property=\"og:image\" content=\"https:\/\/www.eldigitaldeasturias.com\/noticias\/wp-content\/uploads\/2026\/06\/Contenidos.jpg\" \/>\n\t\t<meta property=\"og:image:secure_url\" content=\"https:\/\/www.eldigitaldeasturias.com\/noticias\/wp-content\/uploads\/2026\/06\/Contenidos.jpg\" \/>\n\t\t<meta property=\"og:image:width\" content=\"1265\" \/>\n\t\t<meta property=\"og:image:height\" content=\"697\" \/>\n\t\t<meta property=\"article:tag\" content=\"actualidad\" \/>\n\t\t<meta property=\"article:published_time\" content=\"2014-01-29T15:42:37+00:00\" \/>\n\t\t<meta property=\"article:modified_time\" content=\"2014-01-29T15:42:37+00:00\" \/>\n\t\t<meta property=\"article:publisher\" content=\"https:\/\/facebook.com\/eldigitaldeasturias\" \/>\n\t\t<meta name=\"twitter:card\" content=\"summary_large_image\" \/>\n\t\t<meta name=\"twitter:title\" content=\"Los republicanos analizar\u00e1n en un c\u00f3nclave su plan para la reforma migratoria - El Digital de Asturias\" \/>\n\t\t<meta name=\"twitter:description\" content=\"Washington, 28 ene (EFE).- El presidente de la C\u00e1mara de Representantes, John Boehner, anunci\u00f3 hoy que el Partido Republicano analizar\u00e1 el jueves, en un seminario que celebrar\u00e1 en Maryland, su postura sobre la reforma migratoria en Estados Unidos. &quot;Discutiremos sobre migraci\u00f3n y vamos a presentar nuestros est\u00e1ndares, nuestros principios sobre la reforma migratoria y tendremos\" \/>\n\t\t<meta name=\"twitter:image\" content=\"https:\/\/www.eldigitaldeasturias.com\/noticias\/wp-content\/uploads\/2026\/06\/Contenidos.jpg\" \/>\n\t\t<meta name=\"twitter:label1\" content=\"Escrito por\" \/>\n\t\t<meta name=\"twitter:data1\" content=\"El Digital de Asturias\" \/>\n\t\t<meta name=\"twitter:label2\" content=\"Tiempo de lectura estimado\" \/>\n\t\t<meta name=\"twitter:data2\" content=\"2 minutos\" \/>\n\t\t<script type=\"application\/ld+json\" class=\"aioseo-schema\">\n\t\t\t{\"@context\":\"https:\\\/\\\/schema.org\",\"@graph\":[{\"@type\":\"BlogPosting\",\"@id\":\"https:\\\/\\\/www.eldigitaldeasturias.com\\\/noticias\\\/los-republicanos-analizaran-en-un-conclave-su-plan-para-la-reforma-migratoria\\\/#blogposting\",\"name\":\"Los republicanos analizar\\u00e1n en un c\\u00f3nclave su plan para la reforma migratoria - El Digital de Asturias\",\"headline\":\"Los republicanos analizar\\u00e1n en un c\\u00f3nclave su plan para la reforma migratoria\",\"author\":{\"@id\":\"https:\\\/\\\/www.eldigitaldeasturias.com\\\/noticias\\\/author\\\/admin\\\/#author\"},\"publisher\":{\"@id\":\"https:\\\/\\\/www.eldigitaldeasturias.com\\\/noticias\\\/#organization\"},\"image\":{\"@type\":\"ImageObject\",\"url\":\"https:\\\/\\\/www.eldigitaldeasturias.com\\\/noticias\\\/wp-content\\\/uploads\\\/2026\\\/06\\\/Contenidos.jpg\",\"width\":1265,\"height\":697,\"caption\":\"Contenidos\"},\"datePublished\":\"2014-01-29T14:42:37+01:00\",\"dateModified\":\"2014-01-29T14:42:37+01:00\",\"inLanguage\":\"es-ES\",\"mainEntityOfPage\":{\"@id\":\"https:\\\/\\\/www.eldigitaldeasturias.com\\\/noticias\\\/los-republicanos-analizaran-en-un-conclave-su-plan-para-la-reforma-migratoria\\\/#webpage\"},\"isPartOf\":{\"@id\":\"https:\\\/\\\/www.eldigitaldeasturias.com\\\/noticias\\\/los-republicanos-analizaran-en-un-conclave-su-plan-para-la-reforma-migratoria\\\/#webpage\"},\"articleSection\":\"Actualidad\"},{\"@type\":\"BreadcrumbList\",\"@id\":\"https:\\\/\\\/www.eldigitaldeasturias.com\\\/noticias\\\/los-republicanos-analizaran-en-un-conclave-su-plan-para-la-reforma-migratoria\\\/#breadcrumblist\",\"itemListElement\":[{\"@type\":\"ListItem\",\"@id\":\"https:\\\/\\\/www.eldigitaldeasturias.com\\\/noticias#listItem\",\"position\":1,\"name\":\"Home\",\"item\":\"https:\\\/\\\/www.eldigitaldeasturias.com\\\/noticias\",\"nextItem\":{\"@type\":\"ListItem\",\"@id\":\"https:\\\/\\\/www.eldigitaldeasturias.com\\\/noticias\\\/category\\\/actualidad\\\/#listItem\",\"name\":\"Actualidad\"}},{\"@type\":\"ListItem\",\"@id\":\"https:\\\/\\\/www.eldigitaldeasturias.com\\\/noticias\\\/category\\\/actualidad\\\/#listItem\",\"position\":2,\"name\":\"Actualidad\",\"item\":\"https:\\\/\\\/www.eldigitaldeasturias.com\\\/noticias\\\/category\\\/actualidad\\\/\",\"nextItem\":{\"@type\":\"ListItem\",\"@id\":\"https:\\\/\\\/www.eldigitaldeasturias.com\\\/noticias\\\/los-republicanos-analizaran-en-un-conclave-su-plan-para-la-reforma-migratoria\\\/#listItem\",\"name\":\"Los republicanos analizar\\u00e1n en un c\\u00f3nclave su plan para la reforma migratoria\"},\"previousItem\":{\"@type\":\"ListItem\",\"@id\":\"https:\\\/\\\/www.eldigitaldeasturias.com\\\/noticias#listItem\",\"name\":\"Home\"}},{\"@type\":\"ListItem\",\"@id\":\"https:\\\/\\\/www.eldigitaldeasturias.com\\\/noticias\\\/los-republicanos-analizaran-en-un-conclave-su-plan-para-la-reforma-migratoria\\\/#listItem\",\"position\":3,\"name\":\"Los republicanos analizar\\u00e1n en un c\\u00f3nclave su plan para la reforma migratoria\",\"previousItem\":{\"@type\":\"ListItem\",\"@id\":\"https:\\\/\\\/www.eldigitaldeasturias.com\\\/noticias\\\/category\\\/actualidad\\\/#listItem\",\"name\":\"Actualidad\"}}]},{\"@type\":\"Organization\",\"@id\":\"https:\\\/\\\/www.eldigitaldeasturias.com\\\/noticias\\\/#organization\",\"name\":\"El Digital de Asturias\",\"description\":\"Hemeroteca\",\"url\":\"https:\\\/\\\/www.eldigitaldeasturias.com\\\/noticias\\\/\",\"email\":\"info@eldigitaldeasturias.com\",\"telephone\":\"+34652131393\",\"logo\":{\"@type\":\"ImageObject\",\"url\":\"https:\\\/\\\/www.eldigitaldeasturias.com\\\/noticias\\\/wp-content\\\/uploads\\\/2020\\\/12\\\/EDA.jpg\",\"@id\":\"https:\\\/\\\/www.eldigitaldeasturias.com\\\/noticias\\\/los-republicanos-analizaran-en-un-conclave-su-plan-para-la-reforma-migratoria\\\/#organizationLogo\"},\"image\":{\"@id\":\"https:\\\/\\\/www.eldigitaldeasturias.com\\\/noticias\\\/los-republicanos-analizaran-en-un-conclave-su-plan-para-la-reforma-migratoria\\\/#organizationLogo\"},\"sameAs\":[\"https:\\\/\\\/facebook.com\\\/eldigitaldeasturias\",\"https:\\\/\\\/www.youtube.com\\\/channel\\\/UCZP-2wLEB9Rv6erhFmqVnvg\"],\"address\":{\"@id\":\"https:\\\/\\\/www.eldigitaldeasturias.com\\\/noticias\\\/#postaladdress\",\"@type\":\"PostalAddress\",\"streetAddress\":\"san antonio 4\",\"postalCode\":\"33430\",\"addressLocality\":\"Cand\\u00e1s\",\"addressRegion\":\"Asturias\",\"addressCountry\":\"ES\"}},{\"@type\":\"Person\",\"@id\":\"https:\\\/\\\/www.eldigitaldeasturias.com\\\/noticias\\\/author\\\/admin\\\/#author\",\"url\":\"https:\\\/\\\/www.eldigitaldeasturias.com\\\/noticias\\\/author\\\/admin\\\/\",\"name\":\"El Digital de Asturias\",\"image\":{\"@type\":\"ImageObject\",\"@id\":\"https:\\\/\\\/www.eldigitaldeasturias.com\\\/noticias\\\/los-republicanos-analizaran-en-un-conclave-su-plan-para-la-reforma-migratoria\\\/#authorImage\",\"url\":\"https:\\\/\\\/secure.gravatar.com\\\/avatar\\\/df2aeffc32bcd13f8d26072ef8a91b623d677766deac7f97ca815868cd41bf5e?s=96&d=mm&r=g\",\"width\":96,\"height\":96,\"caption\":\"El Digital de Asturias\"}},{\"@type\":\"WebPage\",\"@id\":\"https:\\\/\\\/www.eldigitaldeasturias.com\\\/noticias\\\/los-republicanos-analizaran-en-un-conclave-su-plan-para-la-reforma-migratoria\\\/#webpage\",\"url\":\"https:\\\/\\\/www.eldigitaldeasturias.com\\\/noticias\\\/los-republicanos-analizaran-en-un-conclave-su-plan-para-la-reforma-migratoria\\\/\",\"name\":\"Los republicanos analizar\\u00e1n en un c\\u00f3nclave su plan para la reforma migratoria - El Digital de Asturias\",\"description\":\"Washington, 28 ene (EFE).- El presidente de la C\\u00e1mara de Representantes, John Boehner, anunci\\u00f3 hoy que el Partido Republicano analizar\\u00e1 el jueves, en un seminario que celebrar\\u00e1 en Maryland, su postura sobre la reforma migratoria en Estados Unidos. \\\"Discutiremos sobre migraci\\u00f3n y vamos a presentar nuestros est\\u00e1ndares, nuestros principios sobre la reforma migratoria y tendremos\",\"inLanguage\":\"es-ES\",\"isPartOf\":{\"@id\":\"https:\\\/\\\/www.eldigitaldeasturias.com\\\/noticias\\\/#website\"},\"breadcrumb\":{\"@id\":\"https:\\\/\\\/www.eldigitaldeasturias.com\\\/noticias\\\/los-republicanos-analizaran-en-un-conclave-su-plan-para-la-reforma-migratoria\\\/#breadcrumblist\"},\"author\":{\"@id\":\"https:\\\/\\\/www.eldigitaldeasturias.com\\\/noticias\\\/author\\\/admin\\\/#author\"},\"creator\":{\"@id\":\"https:\\\/\\\/www.eldigitaldeasturias.com\\\/noticias\\\/author\\\/admin\\\/#author\"},\"image\":{\"@type\":\"ImageObject\",\"url\":\"https:\\\/\\\/www.eldigitaldeasturias.com\\\/noticias\\\/wp-content\\\/uploads\\\/2026\\\/06\\\/Contenidos.jpg\",\"@id\":\"https:\\\/\\\/www.eldigitaldeasturias.com\\\/noticias\\\/los-republicanos-analizaran-en-un-conclave-su-plan-para-la-reforma-migratoria\\\/#mainImage\",\"width\":1265,\"height\":697,\"caption\":\"Contenidos\"},\"primaryImageOfPage\":{\"@id\":\"https:\\\/\\\/www.eldigitaldeasturias.com\\\/noticias\\\/los-republicanos-analizaran-en-un-conclave-su-plan-para-la-reforma-migratoria\\\/#mainImage\"},\"datePublished\":\"2014-01-29T14:42:37+01:00\",\"dateModified\":\"2014-01-29T14:42:37+01:00\"},{\"@type\":\"WebSite\",\"@id\":\"https:\\\/\\\/www.eldigitaldeasturias.com\\\/noticias\\\/#website\",\"url\":\"https:\\\/\\\/www.eldigitaldeasturias.com\\\/noticias\\\/\",\"name\":\"El Digital de Asturias - Diario de actualidad y noticias\",\"alternateName\":\"El Digital de Asturias - Diario de actualidad y noticias\",\"description\":\"Hemeroteca\",\"inLanguage\":\"es-ES\",\"publisher\":{\"@id\":\"https:\\\/\\\/www.eldigitaldeasturias.com\\\/noticias\\\/#organization\"}}]}\n\t\t<\/script>\n\t\t<!-- All in One SEO Pro -->\r\n\t\t<title>Los republicanos analizar\u00e1n en un c\u00f3nclave su plan para la reforma migratoria - El Digital de Asturias<\/title>\n\n","aioseo_head_json":{"title":"Los republicanos analizar\u00e1n en un c\u00f3nclave su plan para la reforma migratoria - El Digital de Asturias","description":"Washington, 28 ene (EFE).- El presidente de la C\u00e1mara de Representantes, John Boehner, anunci\u00f3 hoy que el Partido Republicano analizar\u00e1 el jueves, en un seminario que celebrar\u00e1 en Maryland, su postura sobre la reforma migratoria en Estados Unidos. \"Discutiremos sobre migraci\u00f3n y vamos a presentar nuestros est\u00e1ndares, nuestros principios sobre la reforma migratoria y tendremos","canonical_url":"https:\/\/www.eldigitaldeasturias.com\/noticias\/los-republicanos-analizaran-en-un-conclave-su-plan-para-la-reforma-migratoria\/","robots":"max-image-preview:large","keywords":"actualidad","webmasterTools":{"google-site-verification":"UA-38556648-1","msvalidate.01":"7dfe9f3f1b24437ab69f4f2559babe99","miscellaneous":""},"schema":{"@context":"https:\/\/schema.org","@graph":[{"@type":"BlogPosting","@id":"https:\/\/www.eldigitaldeasturias.com\/noticias\/los-republicanos-analizaran-en-un-conclave-su-plan-para-la-reforma-migratoria\/#blogposting","name":"Los republicanos analizar\u00e1n en un c\u00f3nclave su plan para la reforma migratoria - El Digital de Asturias","headline":"Los republicanos analizar\u00e1n en un c\u00f3nclave su plan para la reforma migratoria","author":{"@id":"https:\/\/www.eldigitaldeasturias.com\/noticias\/author\/admin\/#author"},"publisher":{"@id":"https:\/\/www.eldigitaldeasturias.com\/noticias\/#organization"},"image":{"@type":"ImageObject","url":"https:\/\/www.eldigitaldeasturias.com\/noticias\/wp-content\/uploads\/2026\/06\/Contenidos.jpg","width":1265,"height":697,"caption":"Contenidos"},"datePublished":"2014-01-29T14:42:37+01:00","dateModified":"2014-01-29T14:42:37+01:00","inLanguage":"es-ES","mainEntityOfPage":{"@id":"https:\/\/www.eldigitaldeasturias.com\/noticias\/los-republicanos-analizaran-en-un-conclave-su-plan-para-la-reforma-migratoria\/#webpage"},"isPartOf":{"@id":"https:\/\/www.eldigitaldeasturias.com\/noticias\/los-republicanos-analizaran-en-un-conclave-su-plan-para-la-reforma-migratoria\/#webpage"},"articleSection":"Actualidad"},{"@type":"BreadcrumbList","@id":"https:\/\/www.eldigitaldeasturias.com\/noticias\/los-republicanos-analizaran-en-un-conclave-su-plan-para-la-reforma-migratoria\/#breadcrumblist","itemListElement":[{"@type":"ListItem","@id":"https:\/\/www.eldigitaldeasturias.com\/noticias#listItem","position":1,"name":"Home","item":"https:\/\/www.eldigitaldeasturias.com\/noticias","nextItem":{"@type":"ListItem","@id":"https:\/\/www.eldigitaldeasturias.com\/noticias\/category\/actualidad\/#listItem","name":"Actualidad"}},{"@type":"ListItem","@id":"https:\/\/www.eldigitaldeasturias.com\/noticias\/category\/actualidad\/#listItem","position":2,"name":"Actualidad","item":"https:\/\/www.eldigitaldeasturias.com\/noticias\/category\/actualidad\/","nextItem":{"@type":"ListItem","@id":"https:\/\/www.eldigitaldeasturias.com\/noticias\/los-republicanos-analizaran-en-un-conclave-su-plan-para-la-reforma-migratoria\/#listItem","name":"Los republicanos analizar\u00e1n en un c\u00f3nclave su plan para la reforma migratoria"},"previousItem":{"@type":"ListItem","@id":"https:\/\/www.eldigitaldeasturias.com\/noticias#listItem","name":"Home"}},{"@type":"ListItem","@id":"https:\/\/www.eldigitaldeasturias.com\/noticias\/los-republicanos-analizaran-en-un-conclave-su-plan-para-la-reforma-migratoria\/#listItem","position":3,"name":"Los republicanos analizar\u00e1n en un c\u00f3nclave su plan para la reforma migratoria","previousItem":{"@type":"ListItem","@id":"https:\/\/www.eldigitaldeasturias.com\/noticias\/category\/actualidad\/#listItem","name":"Actualidad"}}]},{"@type":"Organization","@id":"https:\/\/www.eldigitaldeasturias.com\/noticias\/#organization","name":"El Digital de Asturias","description":"Hemeroteca","url":"https:\/\/www.eldigitaldeasturias.com\/noticias\/","email":"info@eldigitaldeasturias.com","telephone":"+34652131393","logo":{"@type":"ImageObject","url":"https:\/\/www.eldigitaldeasturias.com\/noticias\/wp-content\/uploads\/2020\/12\/EDA.jpg","@id":"https:\/\/www.eldigitaldeasturias.com\/noticias\/los-republicanos-analizaran-en-un-conclave-su-plan-para-la-reforma-migratoria\/#organizationLogo"},"image":{"@id":"https:\/\/www.eldigitaldeasturias.com\/noticias\/los-republicanos-analizaran-en-un-conclave-su-plan-para-la-reforma-migratoria\/#organizationLogo"},"sameAs":["https:\/\/facebook.com\/eldigitaldeasturias","https:\/\/www.youtube.com\/channel\/UCZP-2wLEB9Rv6erhFmqVnvg"],"address":{"@id":"https:\/\/www.eldigitaldeasturias.com\/noticias\/#postaladdress","@type":"PostalAddress","streetAddress":"san antonio 4","postalCode":"33430","addressLocality":"Cand\u00e1s","addressRegion":"Asturias","addressCountry":"ES"}},{"@type":"Person","@id":"https:\/\/www.eldigitaldeasturias.com\/noticias\/author\/admin\/#author","url":"https:\/\/www.eldigitaldeasturias.com\/noticias\/author\/admin\/","name":"El Digital de Asturias","image":{"@type":"ImageObject","@id":"https:\/\/www.eldigitaldeasturias.com\/noticias\/los-republicanos-analizaran-en-un-conclave-su-plan-para-la-reforma-migratoria\/#authorImage","url":"https:\/\/secure.gravatar.com\/avatar\/df2aeffc32bcd13f8d26072ef8a91b623d677766deac7f97ca815868cd41bf5e?s=96&d=mm&r=g","width":96,"height":96,"caption":"El Digital de Asturias"}},{"@type":"WebPage","@id":"https:\/\/www.eldigitaldeasturias.com\/noticias\/los-republicanos-analizaran-en-un-conclave-su-plan-para-la-reforma-migratoria\/#webpage","url":"https:\/\/www.eldigitaldeasturias.com\/noticias\/los-republicanos-analizaran-en-un-conclave-su-plan-para-la-reforma-migratoria\/","name":"Los republicanos analizar\u00e1n en un c\u00f3nclave su plan para la reforma migratoria - El Digital de Asturias","description":"Washington, 28 ene (EFE).- El presidente de la C\u00e1mara de Representantes, John Boehner, anunci\u00f3 hoy que el Partido Republicano analizar\u00e1 el jueves, en un seminario que celebrar\u00e1 en Maryland, su postura sobre la reforma migratoria en Estados Unidos. \"Discutiremos sobre migraci\u00f3n y vamos a presentar nuestros est\u00e1ndares, nuestros principios sobre la reforma migratoria y tendremos","inLanguage":"es-ES","isPartOf":{"@id":"https:\/\/www.eldigitaldeasturias.com\/noticias\/#website"},"breadcrumb":{"@id":"https:\/\/www.eldigitaldeasturias.com\/noticias\/los-republicanos-analizaran-en-un-conclave-su-plan-para-la-reforma-migratoria\/#breadcrumblist"},"author":{"@id":"https:\/\/www.eldigitaldeasturias.com\/noticias\/author\/admin\/#author"},"creator":{"@id":"https:\/\/www.eldigitaldeasturias.com\/noticias\/author\/admin\/#author"},"image":{"@type":"ImageObject","url":"https:\/\/www.eldigitaldeasturias.com\/noticias\/wp-content\/uploads\/2026\/06\/Contenidos.jpg","@id":"https:\/\/www.eldigitaldeasturias.com\/noticias\/los-republicanos-analizaran-en-un-conclave-su-plan-para-la-reforma-migratoria\/#mainImage","width":1265,"height":697,"caption":"Contenidos"},"primaryImageOfPage":{"@id":"https:\/\/www.eldigitaldeasturias.com\/noticias\/los-republicanos-analizaran-en-un-conclave-su-plan-para-la-reforma-migratoria\/#mainImage"},"datePublished":"2014-01-29T14:42:37+01:00","dateModified":"2014-01-29T14:42:37+01:00"},{"@type":"WebSite","@id":"https:\/\/www.eldigitaldeasturias.com\/noticias\/#website","url":"https:\/\/www.eldigitaldeasturias.com\/noticias\/","name":"El Digital de Asturias - Diario de actualidad y noticias","alternateName":"El Digital de Asturias - Diario de actualidad y noticias","description":"Hemeroteca","inLanguage":"es-ES","publisher":{"@id":"https:\/\/www.eldigitaldeasturias.com\/noticias\/#organization"}}]},"og:locale":"es_ES","og:site_name":"El Digital de Asturias","og:type":"article","og:title":"Los republicanos analizar\u00e1n en un c\u00f3nclave su plan para la reforma migratoria - El Digital de Asturias","og:description":"Washington, 28 ene (EFE).- El presidente de la C\u00e1mara de Representantes, John Boehner, anunci\u00f3 hoy que el Partido Republicano analizar\u00e1 el jueves, en un seminario que celebrar\u00e1 en Maryland, su postura sobre la reforma migratoria en Estados Unidos. &quot;Discutiremos sobre migraci\u00f3n y vamos a presentar nuestros est\u00e1ndares, nuestros principios sobre la reforma migratoria y tendremos","og:url":"https:\/\/www.eldigitaldeasturias.com\/noticias\/los-republicanos-analizaran-en-un-conclave-su-plan-para-la-reforma-migratoria\/","og:image":"https:\/\/www.eldigitaldeasturias.com\/noticias\/wp-content\/uploads\/2026\/06\/Contenidos.jpg","og:image:secure_url":"https:\/\/www.eldigitaldeasturias.com\/noticias\/wp-content\/uploads\/2026\/06\/Contenidos.jpg","og:image:width":1265,"og:image:height":697,"article:tag":["actualidad"],"article:published_time":"2014-01-29T15:42:37+00:00","article:modified_time":"2014-01-29T15:42:37+00:00","article:publisher":"https:\/\/facebook.com\/eldigitaldeasturias","twitter:card":"summary_large_image","twitter:title":"Los republicanos analizar\u00e1n en un c\u00f3nclave su plan para la reforma migratoria - El Digital de Asturias","twitter:description":"Washington, 28 ene (EFE).- El presidente de la C\u00e1mara de Representantes, John Boehner, anunci\u00f3 hoy que el Partido Republicano analizar\u00e1 el jueves, en un seminario que celebrar\u00e1 en Maryland, su postura sobre la reforma migratoria en Estados Unidos. &quot;Discutiremos sobre migraci\u00f3n y vamos a presentar nuestros est\u00e1ndares, nuestros principios sobre la reforma migratoria y tendremos","twitter:image":"https:\/\/www.eldigitaldeasturias.com\/noticias\/wp-content\/uploads\/2026\/06\/Contenidos.jpg","twitter:label1":"Escrito por","twitter:data1":"El Digital de Asturias","twitter:label2":"Tiempo de lectura estimado","twitter:data2":"2 minutos"},"aioseo_meta_data":{"post_id":"480019","title":null,"description":null,"keywords":null,"keyphrases":null,"primary_term":null,"canonical_url":null,"og_title":null,"og_description":null,"og_object_type":"default","og_image_type":"default","og_image_url":null,"og_image_width":null,"og_image_height":null,"og_image_custom_url":null,"og_image_custom_fields":null,"og_video":null,"og_custom_url":null,"og_article_section":null,"og_article_tags":null,"twitter_use_og":true,"twitter_card":"default","twitter_image_type":"default","twitter_image_url":null,"twitter_image_custom_url":null,"twitter_image_custom_fields":null,"twitter_title":null,"twitter_description":null,"schema":{"blockGraphs":[],"customGraphs":[],"default":{"data":{"Article":[],"Course":[],"Dataset":[],"FAQPage":[],"Movie":[],"Person":[],"Product":[],"ProductReview":[],"Car":[],"Recipe":[],"Service":[],"SoftwareApplication":[],"WebPage":[]},"graphName":"","isEnabled":true},"graphs":[],"defaultGraph":"","defaultPostTypeGraph":""},"schema_type":null,"schema_type_options":null,"pillar_content":false,"robots_default":true,"robots_noindex":false,"robots_noarchive":false,"robots_nosnippet":false,"robots_nofollow":false,"robots_noimageindex":false,"robots_noodp":false,"robots_notranslate":false,"robots_max_snippet":null,"robots_max_videopreview":null,"robots_max_imagepreview":"none","priority":null,"frequency":null,"local_seo":null,"seo_analyzer_scan_date":"2026-06-02 02:25:47","breadcrumb_settings":null,"limit_modified_date":false,"open_ai":null,"ai":null,"created":"2020-11-14 22:54:08","updated":"2026-06-02 02:25:47","focus_keyword":null,"additional_keywords":null,"truseo_locale":null},"aioseo_breadcrumb":"<div class=\"aioseo-breadcrumbs\"><span class=\"aioseo-breadcrumb\">\n\t<a href=\"https:\/\/www.eldigitaldeasturias.com\/noticias\" title=\"Home\">Home<\/a>\n<\/span><span class=\"aioseo-breadcrumb-separator\">\u2013<\/span><span class=\"aioseo-breadcrumb\">\n\t<a href=\"https:\/\/www.eldigitaldeasturias.com\/noticias\/category\/actualidad\/\" title=\"Actualidad\">Actualidad<\/a>\n<\/span><span class=\"aioseo-breadcrumb-separator\">\u2013<\/span><span class=\"aioseo-breadcrumb\">\n\t<a href=\"https:\/\/www.eldigitaldeasturias.com\/noticias\/los-republicanos-analizaran-en-un-conclave-su-plan-para-la-reforma-migratoria\/\" title=\"Los republicanos analizar\u00e1n en un c\u00f3nclave su plan para la reforma migratoria\">Los republicanos analizar\u00e1n en un c\u00f3nclave su plan para la reforma migratoria<\/a>\n<\/span><\/div>","aioseo_breadcrumb_json":[{"label":"Home","link":"https:\/\/www.eldigitaldeasturias.com\/noticias"},{"label":"Actualidad","link":"https:\/\/www.eldigitaldeasturias.com\/noticias\/category\/actualidad\/"},{"label":"Los republicanos analizar\u00e1n en un c\u00f3nclave su plan para la reforma migratoria","link":"https:\/\/www.eldigitaldeasturias.com\/noticias\/los-republicanos-analizaran-en-un-conclave-su-plan-para-la-reforma-migratoria\/"}],"_links":{"self":[{"href":"https:\/\/www.eldigitaldeasturias.com\/noticias\/wp-json\/wp\/v2\/posts\/480019","targetHints":{"allow":["GET"]}}],"collection":[{"href":"https:\/\/www.eldigitaldeasturias.com\/noticias\/wp-json\/wp\/v2\/posts"}],"about":[{"href":"https:\/\/www.eldigitaldeasturias.com\/noticias\/wp-json\/wp\/v2\/types\/post"}],"author":[{"embeddable":true,"href":"https:\/\/www.eldigitaldeasturias.com\/noticias\/wp-json\/wp\/v2\/users\/1"}],"replies":[{"embeddable":true,"href":"https:\/\/www.eldigitaldeasturias.com\/noticias\/wp-json\/wp\/v2\/comments?post=480019"}],"version-history":[{"count":0,"href":"https:\/\/www.eldigitaldeasturias.com\/noticias\/wp-json\/wp\/v2\/posts\/480019\/revisions"}],"wp:featuredmedia":[{"embeddable":true,"href":"https:\/\/www.eldigitaldeasturias.com\/noticias\/wp-json\/wp\/v2\/media\/1132184"}],"wp:attachment":[{"href":"https:\/\/www.eldigitaldeasturias.com\/noticias\/wp-json\/wp\/v2\/media?parent=480019"}],"wp:term":[{"taxonomy":"category","embeddable":true,"href":"https:\/\/www.eldigitaldeasturias.com\/noticias\/wp-json\/wp\/v2\/categories?post=480019"},{"taxonomy":"post_tag","embeddable":true,"href":"https:\/\/www.eldigitaldeasturias.com\/noticias\/wp-json\/wp\/v2\/tags?post=480019"}],"curies":[{"name":"wp","href":"https:\/\/api.w.org\/{rel}","templated":true}]}}