{"id":479998,"date":"2014-01-29T14:35:08","date_gmt":"2014-01-29T15:35:08","guid":{"rendered":"http:\/\/www.eldigitaldeasturias.com\/noticias\/?p=479998"},"modified":"2014-01-29T14:35:08","modified_gmt":"2014-01-29T15:35:08","slug":"mata-el-salvador-y-van-persie-devuelven-la-ilusion-a-old-trafford","status":"publish","type":"post","link":"https:\/\/www.eldigitaldeasturias.com\/noticias\/mata-el-salvador-y-van-persie-devuelven-la-ilusion-a-old-trafford\/","title":{"rendered":"Mata, el \u00absalvador\u00bb, y Van Persie devuelven la ilusi\u00f3n a Old Trafford"},"content":{"rendered":"<p><img loading=\"lazy\" decoding=\"async\" class=\"alignleft size-medium wp-image-479999\" alt=\"5884914w\" src=\"https:\/\/www.eldigitaldeasturias.com\/noticias\/wp-content\/uploads\/2014\/01\/5884914w-360x292.jpg\" width=\"360\" height=\"292\" \/>Londres, 28 ene (EFE).- En su debut con la m\u00edtica camiseta de los \u00abred devils\u00bb, Juan Mata devolvi\u00f3 hoy la ilusi\u00f3n a Old Trafford tras ofrecer en la victoria ante el Cardiff (2-0) una peque\u00f1a muestra de lo que puede aportar el fichaje m\u00e1s caro en la historia del Machester United.<\/p>\n<p>El discutido t\u00e9cnico del Manchester, David Moyes, dio entrada en el once inicial al mediopunta espa\u00f1ol y le situ\u00f3 por detr\u00e1s del holand\u00e9s Robin Van Persie, quien a los seis minutos anot\u00f3 el primer gol local en su reaparici\u00f3n, tras once partidos alejado de los terrenos de juego por lesi\u00f3n.<\/p>\n<p>Ambos invitaron a pensar que pueden formar una de las conexiones atacantes m\u00e1s peligrosas de la liga inglesa, a la que podr\u00eda unirse Wayne Rooney -hoy en el banquillo- si decide continuar en Old Trafford o cambiar definitivamente de aires.<\/p>\n<p>Ya en el calentamiento, el \u00abteatro de los sue\u00f1os\u00bb recibi\u00f3 a Mata con muchos aplausos y pancartas en las que alguna ya se le describ\u00eda como el \u00absalvador\u00bb de un equipo en hora bajas.<\/p>\n<p>\u00abTuvimos oportunidades para anotar m\u00e1s de dos. La victoria era muy importante para el equipo\u00bb, declar\u00f3 el espa\u00f1ol al t\u00e9rmino del encuentro.<\/p>\n<p>Asegur\u00f3 que todo ha sido \u00abmuy emocionante para m\u00ed\u00bb y consider\u00f3 que los aficionados son \u00abincre\u00edbles\u00bb, al tiempo que destac\u00f3 el gran recibimiento que ha recibido de sus compa\u00f1eros.<\/p>\n<p>\u00abCreo que fue un buen partido, estoy deseando mejorar. Intentaremos hasta el final (lograr una plaza para la Liga de Campeones). No nos rendiremos nunca\u00bb, agreg\u00f3 el debutante.<\/p>\n<p>El Manchester United ha puesto muchas esperanza en que el espa\u00f1ol, que se ha adjudicado el dorsal \u00ab8\u00bb, para dar el salto de calidad que necesita para abandonar la mediocre s\u00e9ptima plaza que le aparta, de momento, de los puestos que dan acceso a la Liga de Campeones.<\/p>\n<p>Aunque en el dibujo de Moyes Mata le guarda las espaldas a Van Persie, el internacional espa\u00f1ol tuvo hoy libertad para moverse por todo el frente del ataque \u00abred\u00bb, si bien los primeros minutos, como cohibido por el significado de la noche, comenz\u00f3 m\u00e1s retrasado.<\/p>\n<p>Pero tambi\u00e9n desde ah\u00ed demostr\u00f3 su calidad el asturiano cuando a los cinco minutos envi\u00f3 un centro largo y preciso a Patrice Evra con el que logr\u00f3 saltarse la l\u00ednea de presi\u00f3n del equipo gal\u00e9s.<\/p>\n<p>El pase del lateral franc\u00e9s desde la izquierda lo cabece\u00f3 al larguero Antonio Valencia y, aunque el meta David Marshall logr\u00f3 salvar un primer remate de Robin van Persie, el siguiente disparo del holand\u00e9s acab\u00f3 en el fondo de las mallas.<\/p>\n<p>A partir de ese momento, Mata adelant\u00f3 un poco m\u00e1s su posici\u00f3n y el juego del United comenz\u00f3 a gravitar sobre \u00e9l.<\/p>\n<p>El ex del Chelsea hasta la pasada semana se ofrec\u00eda a sus compa\u00f1eros con un f\u00fatbol de toque \u00abtypical spanish\u00bb, aportando soluciones tanto en la banda derecha como en la izquierda e intentando sorprender por el centro.<\/p>\n<p>El United tuvo oportunidad de aumentar el marcador con otro bal\u00f3n envenenado de Mata que busc\u00f3 la espalda de los defensas del Cardiff, pero Ashley Young, en carrera, no lleg\u00f3 por cent\u00edmetros al pase de su nuevo compa\u00f1ero. Young marcar\u00eda en el minuto 59 el gol de la tranquilidad para los \u00abdiablos rojos\u00bb.<\/p>\n<p>Con la entrada de Rooney en la segunda parte por Van Persie, Mata comprob\u00f3 que el delantero ingl\u00e9s puede ser un otro buen socio. El mediopunta busc\u00f3 y conect\u00f3 a menudo con el \u00abdiez\u00bb rojo.<\/p>\n<p>Con poco ritmo de juego, a Mata quiz\u00e1 le falt\u00f3 un poco de chispa para acertar con el gol en el minuto 62, cuando su disparo lo ataj\u00f3 sin problemas el meta.<\/p>\n<p>Lo volvi\u00f3 a intentar en el 83 tras una internada por la banda de Evra, cuyo pase atr\u00e1s lo remat\u00f3 con suavidad, como para colocar, el espa\u00f1ol.<\/p>\n<p>Tres minutos despu\u00e9s, Moyes decidi\u00f3 dar descanso a Mata, quien se fue de Old Trafford en medio de una sonora ovaci\u00f3n tras cumplir con nota y agradeciendo a los seguidores su apoyo.<\/p>\n<p>El t\u00e9cnico escoc\u00e9s ya hab\u00eda advertido antes del encuentro de que a\u00fan es demasiado pronto para \u00abesperar demasiado\u00bb de su pupilo y de que, posiblemente, \u00abno iba a aguantar los noventa minutos\u00bb.<\/p>\n<p>\u00abQueremos retomar la din\u00e1mica ganadora esta noche. Juan Mata juega, no hay mucha presi\u00f3n sobre \u00e9l, pero tal y como ha ido todo sent\u00eda que pod\u00eda empezar con \u00e9l\u00bb, declar\u00f3 Moyes.<\/p>\n<p>Mata, de 25 a\u00f1os e internacional con la selecci\u00f3n espa\u00f1ola, no ha disputado un partido de f\u00fatbol desde el d\u00eda de A\u00f1o Nuevo, mientras que su ritmo de competici\u00f3n tampoco es el ideal debido a que su ext\u00e9cnico en el Chelsea, Jos\u00e9 Mourinho, no ha contado demasiado con \u00e9l desde el comienzo de la temporada.<\/p>\n","protected":false},"excerpt":{"rendered":"<p>Londres, 28 ene (EFE).- En su debut con la m\u00edtica camiseta de los \u00abred devils\u00bb, Juan Mata devolvi\u00f3 hoy la ilusi\u00f3n a Old Trafford tras ofrecer en la victoria ante el Cardiff (2-0) una peque\u00f1a muestra de lo que puede aportar el fichaje m\u00e1s caro en la historia del Machester United. El discutido t\u00e9cnico del [&hellip;]<\/p>\n","protected":false},"author":1,"featured_media":1132184,"comment_status":"closed","ping_status":"open","sticky":false,"template":"","format":"standard","meta":{"footnotes":""},"categories":[1],"tags":[],"class_list":["post-479998","post","type-post","status-publish","format-standard","has-post-thumbnail","hentry","category-actualidad"],"aioseo_notices":[],"aioseo_head":"\n\t\t<!-- All in One SEO Pro 5.0.1 - aioseo.com -->\n\t<meta name=\"description\" content=\"Londres, 28 ene (EFE).- En su debut con la m\u00edtica camiseta de los &quot;red devils&quot;, Juan Mata devolvi\u00f3 hoy la ilusi\u00f3n a Old Trafford tras ofrecer en la victoria ante el Cardiff (2-0) una peque\u00f1a muestra de lo que puede aportar el fichaje m\u00e1s caro en la historia del Machester United. El discutido t\u00e9cnico del\" \/>\n\t<meta name=\"robots\" content=\"max-image-preview:large\" \/>\n\t<meta name=\"author\" content=\"El Digital de Asturias\"\/>\n\t<meta name=\"google-site-verification\" content=\"UA-38556648-1\" \/>\n\t<meta name=\"msvalidate.01\" content=\"7dfe9f3f1b24437ab69f4f2559babe99\" \/>\n\t<meta name=\"keywords\" content=\"actualidad\" \/>\n\t<link rel=\"canonical\" href=\"https:\/\/www.eldigitaldeasturias.com\/noticias\/mata-el-salvador-y-van-persie-devuelven-la-ilusion-a-old-trafford\/\" \/>\n\t<meta name=\"generator\" content=\"All in One SEO Pro (AIOSEO) 5.0.1\" \/>\n\t\t<meta property=\"og:locale\" content=\"es_ES\" \/>\n\t\t<meta property=\"og:site_name\" content=\"El Digital de Asturias\" \/>\n\t\t<meta property=\"og:type\" content=\"article\" \/>\n\t\t<meta property=\"og:title\" content=\"Mata, el \u00absalvador\u00bb, y Van Persie devuelven la ilusi\u00f3n a Old Trafford - El Digital de Asturias\" \/>\n\t\t<meta property=\"og:description\" content=\"Londres, 28 ene (EFE).- En su debut con la m\u00edtica camiseta de los &quot;red devils&quot;, Juan Mata devolvi\u00f3 hoy la ilusi\u00f3n a Old Trafford tras ofrecer en la victoria ante el Cardiff (2-0) una peque\u00f1a muestra de lo que puede aportar el fichaje m\u00e1s caro en la historia del Machester United. El discutido t\u00e9cnico del\" \/>\n\t\t<meta property=\"og:url\" content=\"https:\/\/www.eldigitaldeasturias.com\/noticias\/mata-el-salvador-y-van-persie-devuelven-la-ilusion-a-old-trafford\/\" \/>\n\t\t<meta property=\"og:image\" content=\"https:\/\/www.eldigitaldeasturias.com\/noticias\/wp-content\/uploads\/2026\/06\/Contenidos.jpg\" \/>\n\t\t<meta property=\"og:image:secure_url\" content=\"https:\/\/www.eldigitaldeasturias.com\/noticias\/wp-content\/uploads\/2026\/06\/Contenidos.jpg\" \/>\n\t\t<meta property=\"og:image:width\" content=\"1265\" \/>\n\t\t<meta property=\"og:image:height\" content=\"697\" \/>\n\t\t<meta property=\"article:tag\" content=\"actualidad\" \/>\n\t\t<meta property=\"article:published_time\" content=\"2014-01-29T15:35:08+00:00\" \/>\n\t\t<meta property=\"article:modified_time\" content=\"2014-01-29T15:35:08+00:00\" \/>\n\t\t<meta property=\"article:publisher\" content=\"https:\/\/facebook.com\/eldigitaldeasturias\" \/>\n\t\t<meta name=\"twitter:card\" content=\"summary_large_image\" \/>\n\t\t<meta name=\"twitter:title\" content=\"Mata, el \u00absalvador\u00bb, y Van Persie devuelven la ilusi\u00f3n a Old Trafford - El Digital de Asturias\" \/>\n\t\t<meta name=\"twitter:description\" content=\"Londres, 28 ene (EFE).- En su debut con la m\u00edtica camiseta de los &quot;red devils&quot;, Juan Mata devolvi\u00f3 hoy la ilusi\u00f3n a Old Trafford tras ofrecer en la victoria ante el Cardiff (2-0) una peque\u00f1a muestra de lo que puede aportar el fichaje m\u00e1s caro en la historia del Machester United. El discutido t\u00e9cnico del\" \/>\n\t\t<meta name=\"twitter:image\" content=\"https:\/\/www.eldigitaldeasturias.com\/noticias\/wp-content\/uploads\/2026\/06\/Contenidos.jpg\" \/>\n\t\t<meta name=\"twitter:label1\" content=\"Escrito por\" \/>\n\t\t<meta name=\"twitter:data1\" content=\"El Digital de Asturias\" \/>\n\t\t<meta name=\"twitter:label2\" content=\"Tiempo de lectura estimado\" \/>\n\t\t<meta name=\"twitter:data2\" content=\"4 minutos\" \/>\n\t\t<script type=\"application\/ld+json\" class=\"aioseo-schema\">\n\t\t\t{\"@context\":\"https:\\\/\\\/schema.org\",\"@graph\":[{\"@type\":\"BlogPosting\",\"@id\":\"https:\\\/\\\/www.eldigitaldeasturias.com\\\/noticias\\\/mata-el-salvador-y-van-persie-devuelven-la-ilusion-a-old-trafford\\\/#blogposting\",\"name\":\"Mata, el \\u00absalvador\\u00bb, y Van Persie devuelven la ilusi\\u00f3n a Old Trafford - El Digital de Asturias\",\"headline\":\"Mata, el \\u00absalvador\\u00bb, y Van Persie devuelven la ilusi\\u00f3n a Old Trafford\",\"author\":{\"@id\":\"https:\\\/\\\/www.eldigitaldeasturias.com\\\/noticias\\\/author\\\/admin\\\/#author\"},\"publisher\":{\"@id\":\"https:\\\/\\\/www.eldigitaldeasturias.com\\\/noticias\\\/#organization\"},\"image\":{\"@type\":\"ImageObject\",\"url\":\"https:\\\/\\\/www.eldigitaldeasturias.com\\\/noticias\\\/wp-content\\\/uploads\\\/2026\\\/06\\\/Contenidos.jpg\",\"width\":1265,\"height\":697,\"caption\":\"Contenidos\"},\"datePublished\":\"2014-01-29T14:35:08+01:00\",\"dateModified\":\"2014-01-29T14:35:08+01:00\",\"inLanguage\":\"es-ES\",\"mainEntityOfPage\":{\"@id\":\"https:\\\/\\\/www.eldigitaldeasturias.com\\\/noticias\\\/mata-el-salvador-y-van-persie-devuelven-la-ilusion-a-old-trafford\\\/#webpage\"},\"isPartOf\":{\"@id\":\"https:\\\/\\\/www.eldigitaldeasturias.com\\\/noticias\\\/mata-el-salvador-y-van-persie-devuelven-la-ilusion-a-old-trafford\\\/#webpage\"},\"articleSection\":\"Actualidad\"},{\"@type\":\"BreadcrumbList\",\"@id\":\"https:\\\/\\\/www.eldigitaldeasturias.com\\\/noticias\\\/mata-el-salvador-y-van-persie-devuelven-la-ilusion-a-old-trafford\\\/#breadcrumblist\",\"itemListElement\":[{\"@type\":\"ListItem\",\"@id\":\"https:\\\/\\\/www.eldigitaldeasturias.com\\\/noticias#listItem\",\"position\":1,\"name\":\"Home\",\"item\":\"https:\\\/\\\/www.eldigitaldeasturias.com\\\/noticias\",\"nextItem\":{\"@type\":\"ListItem\",\"@id\":\"https:\\\/\\\/www.eldigitaldeasturias.com\\\/noticias\\\/category\\\/actualidad\\\/#listItem\",\"name\":\"Actualidad\"}},{\"@type\":\"ListItem\",\"@id\":\"https:\\\/\\\/www.eldigitaldeasturias.com\\\/noticias\\\/category\\\/actualidad\\\/#listItem\",\"position\":2,\"name\":\"Actualidad\",\"item\":\"https:\\\/\\\/www.eldigitaldeasturias.com\\\/noticias\\\/category\\\/actualidad\\\/\",\"nextItem\":{\"@type\":\"ListItem\",\"@id\":\"https:\\\/\\\/www.eldigitaldeasturias.com\\\/noticias\\\/mata-el-salvador-y-van-persie-devuelven-la-ilusion-a-old-trafford\\\/#listItem\",\"name\":\"Mata, el \\u00absalvador\\u00bb, y Van Persie devuelven la ilusi\\u00f3n a Old Trafford\"},\"previousItem\":{\"@type\":\"ListItem\",\"@id\":\"https:\\\/\\\/www.eldigitaldeasturias.com\\\/noticias#listItem\",\"name\":\"Home\"}},{\"@type\":\"ListItem\",\"@id\":\"https:\\\/\\\/www.eldigitaldeasturias.com\\\/noticias\\\/mata-el-salvador-y-van-persie-devuelven-la-ilusion-a-old-trafford\\\/#listItem\",\"position\":3,\"name\":\"Mata, el \\u00absalvador\\u00bb, y Van Persie devuelven la ilusi\\u00f3n a Old Trafford\",\"previousItem\":{\"@type\":\"ListItem\",\"@id\":\"https:\\\/\\\/www.eldigitaldeasturias.com\\\/noticias\\\/category\\\/actualidad\\\/#listItem\",\"name\":\"Actualidad\"}}]},{\"@type\":\"Organization\",\"@id\":\"https:\\\/\\\/www.eldigitaldeasturias.com\\\/noticias\\\/#organization\",\"name\":\"El Digital de Asturias\",\"description\":\"Hemeroteca\",\"url\":\"https:\\\/\\\/www.eldigitaldeasturias.com\\\/noticias\\\/\",\"email\":\"info@eldigitaldeasturias.com\",\"telephone\":\"+34652131393\",\"logo\":{\"@type\":\"ImageObject\",\"url\":\"https:\\\/\\\/www.eldigitaldeasturias.com\\\/noticias\\\/wp-content\\\/uploads\\\/2020\\\/12\\\/EDA.jpg\",\"@id\":\"https:\\\/\\\/www.eldigitaldeasturias.com\\\/noticias\\\/mata-el-salvador-y-van-persie-devuelven-la-ilusion-a-old-trafford\\\/#organizationLogo\"},\"image\":{\"@id\":\"https:\\\/\\\/www.eldigitaldeasturias.com\\\/noticias\\\/mata-el-salvador-y-van-persie-devuelven-la-ilusion-a-old-trafford\\\/#organizationLogo\"},\"sameAs\":[\"https:\\\/\\\/facebook.com\\\/eldigitaldeasturias\",\"https:\\\/\\\/www.youtube.com\\\/channel\\\/UCZP-2wLEB9Rv6erhFmqVnvg\"],\"address\":{\"@id\":\"https:\\\/\\\/www.eldigitaldeasturias.com\\\/noticias\\\/#postaladdress\",\"@type\":\"PostalAddress\",\"streetAddress\":\"san antonio 4\",\"postalCode\":\"33430\",\"addressLocality\":\"Cand\\u00e1s\",\"addressRegion\":\"Asturias\",\"addressCountry\":\"ES\"}},{\"@type\":\"Person\",\"@id\":\"https:\\\/\\\/www.eldigitaldeasturias.com\\\/noticias\\\/author\\\/admin\\\/#author\",\"url\":\"https:\\\/\\\/www.eldigitaldeasturias.com\\\/noticias\\\/author\\\/admin\\\/\",\"name\":\"El Digital de Asturias\",\"image\":{\"@type\":\"ImageObject\",\"@id\":\"https:\\\/\\\/www.eldigitaldeasturias.com\\\/noticias\\\/mata-el-salvador-y-van-persie-devuelven-la-ilusion-a-old-trafford\\\/#authorImage\",\"url\":\"https:\\\/\\\/secure.gravatar.com\\\/avatar\\\/df2aeffc32bcd13f8d26072ef8a91b623d677766deac7f97ca815868cd41bf5e?s=96&d=mm&r=g\",\"width\":96,\"height\":96,\"caption\":\"El Digital de Asturias\"}},{\"@type\":\"WebPage\",\"@id\":\"https:\\\/\\\/www.eldigitaldeasturias.com\\\/noticias\\\/mata-el-salvador-y-van-persie-devuelven-la-ilusion-a-old-trafford\\\/#webpage\",\"url\":\"https:\\\/\\\/www.eldigitaldeasturias.com\\\/noticias\\\/mata-el-salvador-y-van-persie-devuelven-la-ilusion-a-old-trafford\\\/\",\"name\":\"Mata, el \\u00absalvador\\u00bb, y Van Persie devuelven la ilusi\\u00f3n a Old Trafford - El Digital de Asturias\",\"description\":\"Londres, 28 ene (EFE).- En su debut con la m\\u00edtica camiseta de los \\\"red devils\\\", Juan Mata devolvi\\u00f3 hoy la ilusi\\u00f3n a Old Trafford tras ofrecer en la victoria ante el Cardiff (2-0) una peque\\u00f1a muestra de lo que puede aportar el fichaje m\\u00e1s caro en la historia del Machester United. El discutido t\\u00e9cnico del\",\"inLanguage\":\"es-ES\",\"isPartOf\":{\"@id\":\"https:\\\/\\\/www.eldigitaldeasturias.com\\\/noticias\\\/#website\"},\"breadcrumb\":{\"@id\":\"https:\\\/\\\/www.eldigitaldeasturias.com\\\/noticias\\\/mata-el-salvador-y-van-persie-devuelven-la-ilusion-a-old-trafford\\\/#breadcrumblist\"},\"author\":{\"@id\":\"https:\\\/\\\/www.eldigitaldeasturias.com\\\/noticias\\\/author\\\/admin\\\/#author\"},\"creator\":{\"@id\":\"https:\\\/\\\/www.eldigitaldeasturias.com\\\/noticias\\\/author\\\/admin\\\/#author\"},\"image\":{\"@type\":\"ImageObject\",\"url\":\"https:\\\/\\\/www.eldigitaldeasturias.com\\\/noticias\\\/wp-content\\\/uploads\\\/2026\\\/06\\\/Contenidos.jpg\",\"@id\":\"https:\\\/\\\/www.eldigitaldeasturias.com\\\/noticias\\\/mata-el-salvador-y-van-persie-devuelven-la-ilusion-a-old-trafford\\\/#mainImage\",\"width\":1265,\"height\":697,\"caption\":\"Contenidos\"},\"primaryImageOfPage\":{\"@id\":\"https:\\\/\\\/www.eldigitaldeasturias.com\\\/noticias\\\/mata-el-salvador-y-van-persie-devuelven-la-ilusion-a-old-trafford\\\/#mainImage\"},\"datePublished\":\"2014-01-29T14:35:08+01:00\",\"dateModified\":\"2014-01-29T14:35:08+01:00\"},{\"@type\":\"WebSite\",\"@id\":\"https:\\\/\\\/www.eldigitaldeasturias.com\\\/noticias\\\/#website\",\"url\":\"https:\\\/\\\/www.eldigitaldeasturias.com\\\/noticias\\\/\",\"name\":\"El Digital de Asturias - Diario de actualidad y noticias\",\"alternateName\":\"El Digital de Asturias - Diario de actualidad y noticias\",\"description\":\"Hemeroteca\",\"inLanguage\":\"es-ES\",\"publisher\":{\"@id\":\"https:\\\/\\\/www.eldigitaldeasturias.com\\\/noticias\\\/#organization\"}}]}\n\t\t<\/script>\n\t\t<!-- All in One SEO Pro -->\r\n\t\t<title>Mata, el \u00absalvador\u00bb, y Van Persie devuelven la ilusi\u00f3n a Old Trafford - El Digital de Asturias<\/title>\n\n","aioseo_head_json":{"title":"Mata, el \u00absalvador\u00bb, y Van Persie devuelven la ilusi\u00f3n a Old Trafford - El Digital de Asturias","description":"Londres, 28 ene (EFE).- En su debut con la m\u00edtica camiseta de los \"red devils\", Juan Mata devolvi\u00f3 hoy la ilusi\u00f3n a Old Trafford tras ofrecer en la victoria ante el Cardiff (2-0) una peque\u00f1a muestra de lo que puede aportar el fichaje m\u00e1s caro en la historia del Machester United. El discutido t\u00e9cnico del","canonical_url":"https:\/\/www.eldigitaldeasturias.com\/noticias\/mata-el-salvador-y-van-persie-devuelven-la-ilusion-a-old-trafford\/","robots":"max-image-preview:large","keywords":"actualidad","webmasterTools":{"google-site-verification":"UA-38556648-1","msvalidate.01":"7dfe9f3f1b24437ab69f4f2559babe99","miscellaneous":""},"schema":{"@context":"https:\/\/schema.org","@graph":[{"@type":"BlogPosting","@id":"https:\/\/www.eldigitaldeasturias.com\/noticias\/mata-el-salvador-y-van-persie-devuelven-la-ilusion-a-old-trafford\/#blogposting","name":"Mata, el \u00absalvador\u00bb, y Van Persie devuelven la ilusi\u00f3n a Old Trafford - El Digital de Asturias","headline":"Mata, el \u00absalvador\u00bb, y Van Persie devuelven la ilusi\u00f3n a Old Trafford","author":{"@id":"https:\/\/www.eldigitaldeasturias.com\/noticias\/author\/admin\/#author"},"publisher":{"@id":"https:\/\/www.eldigitaldeasturias.com\/noticias\/#organization"},"image":{"@type":"ImageObject","url":"https:\/\/www.eldigitaldeasturias.com\/noticias\/wp-content\/uploads\/2026\/06\/Contenidos.jpg","width":1265,"height":697,"caption":"Contenidos"},"datePublished":"2014-01-29T14:35:08+01:00","dateModified":"2014-01-29T14:35:08+01:00","inLanguage":"es-ES","mainEntityOfPage":{"@id":"https:\/\/www.eldigitaldeasturias.com\/noticias\/mata-el-salvador-y-van-persie-devuelven-la-ilusion-a-old-trafford\/#webpage"},"isPartOf":{"@id":"https:\/\/www.eldigitaldeasturias.com\/noticias\/mata-el-salvador-y-van-persie-devuelven-la-ilusion-a-old-trafford\/#webpage"},"articleSection":"Actualidad"},{"@type":"BreadcrumbList","@id":"https:\/\/www.eldigitaldeasturias.com\/noticias\/mata-el-salvador-y-van-persie-devuelven-la-ilusion-a-old-trafford\/#breadcrumblist","itemListElement":[{"@type":"ListItem","@id":"https:\/\/www.eldigitaldeasturias.com\/noticias#listItem","position":1,"name":"Home","item":"https:\/\/www.eldigitaldeasturias.com\/noticias","nextItem":{"@type":"ListItem","@id":"https:\/\/www.eldigitaldeasturias.com\/noticias\/category\/actualidad\/#listItem","name":"Actualidad"}},{"@type":"ListItem","@id":"https:\/\/www.eldigitaldeasturias.com\/noticias\/category\/actualidad\/#listItem","position":2,"name":"Actualidad","item":"https:\/\/www.eldigitaldeasturias.com\/noticias\/category\/actualidad\/","nextItem":{"@type":"ListItem","@id":"https:\/\/www.eldigitaldeasturias.com\/noticias\/mata-el-salvador-y-van-persie-devuelven-la-ilusion-a-old-trafford\/#listItem","name":"Mata, el \u00absalvador\u00bb, y Van Persie devuelven la ilusi\u00f3n a Old Trafford"},"previousItem":{"@type":"ListItem","@id":"https:\/\/www.eldigitaldeasturias.com\/noticias#listItem","name":"Home"}},{"@type":"ListItem","@id":"https:\/\/www.eldigitaldeasturias.com\/noticias\/mata-el-salvador-y-van-persie-devuelven-la-ilusion-a-old-trafford\/#listItem","position":3,"name":"Mata, el \u00absalvador\u00bb, y Van Persie devuelven la ilusi\u00f3n a Old Trafford","previousItem":{"@type":"ListItem","@id":"https:\/\/www.eldigitaldeasturias.com\/noticias\/category\/actualidad\/#listItem","name":"Actualidad"}}]},{"@type":"Organization","@id":"https:\/\/www.eldigitaldeasturias.com\/noticias\/#organization","name":"El Digital de Asturias","description":"Hemeroteca","url":"https:\/\/www.eldigitaldeasturias.com\/noticias\/","email":"info@eldigitaldeasturias.com","telephone":"+34652131393","logo":{"@type":"ImageObject","url":"https:\/\/www.eldigitaldeasturias.com\/noticias\/wp-content\/uploads\/2020\/12\/EDA.jpg","@id":"https:\/\/www.eldigitaldeasturias.com\/noticias\/mata-el-salvador-y-van-persie-devuelven-la-ilusion-a-old-trafford\/#organizationLogo"},"image":{"@id":"https:\/\/www.eldigitaldeasturias.com\/noticias\/mata-el-salvador-y-van-persie-devuelven-la-ilusion-a-old-trafford\/#organizationLogo"},"sameAs":["https:\/\/facebook.com\/eldigitaldeasturias","https:\/\/www.youtube.com\/channel\/UCZP-2wLEB9Rv6erhFmqVnvg"],"address":{"@id":"https:\/\/www.eldigitaldeasturias.com\/noticias\/#postaladdress","@type":"PostalAddress","streetAddress":"san antonio 4","postalCode":"33430","addressLocality":"Cand\u00e1s","addressRegion":"Asturias","addressCountry":"ES"}},{"@type":"Person","@id":"https:\/\/www.eldigitaldeasturias.com\/noticias\/author\/admin\/#author","url":"https:\/\/www.eldigitaldeasturias.com\/noticias\/author\/admin\/","name":"El Digital de Asturias","image":{"@type":"ImageObject","@id":"https:\/\/www.eldigitaldeasturias.com\/noticias\/mata-el-salvador-y-van-persie-devuelven-la-ilusion-a-old-trafford\/#authorImage","url":"https:\/\/secure.gravatar.com\/avatar\/df2aeffc32bcd13f8d26072ef8a91b623d677766deac7f97ca815868cd41bf5e?s=96&d=mm&r=g","width":96,"height":96,"caption":"El Digital de Asturias"}},{"@type":"WebPage","@id":"https:\/\/www.eldigitaldeasturias.com\/noticias\/mata-el-salvador-y-van-persie-devuelven-la-ilusion-a-old-trafford\/#webpage","url":"https:\/\/www.eldigitaldeasturias.com\/noticias\/mata-el-salvador-y-van-persie-devuelven-la-ilusion-a-old-trafford\/","name":"Mata, el \u00absalvador\u00bb, y Van Persie devuelven la ilusi\u00f3n a Old Trafford - El Digital de Asturias","description":"Londres, 28 ene (EFE).- En su debut con la m\u00edtica camiseta de los \"red devils\", Juan Mata devolvi\u00f3 hoy la ilusi\u00f3n a Old Trafford tras ofrecer en la victoria ante el Cardiff (2-0) una peque\u00f1a muestra de lo que puede aportar el fichaje m\u00e1s caro en la historia del Machester United. El discutido t\u00e9cnico del","inLanguage":"es-ES","isPartOf":{"@id":"https:\/\/www.eldigitaldeasturias.com\/noticias\/#website"},"breadcrumb":{"@id":"https:\/\/www.eldigitaldeasturias.com\/noticias\/mata-el-salvador-y-van-persie-devuelven-la-ilusion-a-old-trafford\/#breadcrumblist"},"author":{"@id":"https:\/\/www.eldigitaldeasturias.com\/noticias\/author\/admin\/#author"},"creator":{"@id":"https:\/\/www.eldigitaldeasturias.com\/noticias\/author\/admin\/#author"},"image":{"@type":"ImageObject","url":"https:\/\/www.eldigitaldeasturias.com\/noticias\/wp-content\/uploads\/2026\/06\/Contenidos.jpg","@id":"https:\/\/www.eldigitaldeasturias.com\/noticias\/mata-el-salvador-y-van-persie-devuelven-la-ilusion-a-old-trafford\/#mainImage","width":1265,"height":697,"caption":"Contenidos"},"primaryImageOfPage":{"@id":"https:\/\/www.eldigitaldeasturias.com\/noticias\/mata-el-salvador-y-van-persie-devuelven-la-ilusion-a-old-trafford\/#mainImage"},"datePublished":"2014-01-29T14:35:08+01:00","dateModified":"2014-01-29T14:35:08+01:00"},{"@type":"WebSite","@id":"https:\/\/www.eldigitaldeasturias.com\/noticias\/#website","url":"https:\/\/www.eldigitaldeasturias.com\/noticias\/","name":"El Digital de Asturias - Diario de actualidad y noticias","alternateName":"El Digital de Asturias - Diario de actualidad y noticias","description":"Hemeroteca","inLanguage":"es-ES","publisher":{"@id":"https:\/\/www.eldigitaldeasturias.com\/noticias\/#organization"}}]},"og:locale":"es_ES","og:site_name":"El Digital de Asturias","og:type":"article","og:title":"Mata, el \u00absalvador\u00bb, y Van Persie devuelven la ilusi\u00f3n a Old Trafford - El Digital de Asturias","og:description":"Londres, 28 ene (EFE).- En su debut con la m\u00edtica camiseta de los &quot;red devils&quot;, Juan Mata devolvi\u00f3 hoy la ilusi\u00f3n a Old Trafford tras ofrecer en la victoria ante el Cardiff (2-0) una peque\u00f1a muestra de lo que puede aportar el fichaje m\u00e1s caro en la historia del Machester United. El discutido t\u00e9cnico del","og:url":"https:\/\/www.eldigitaldeasturias.com\/noticias\/mata-el-salvador-y-van-persie-devuelven-la-ilusion-a-old-trafford\/","og:image":"https:\/\/www.eldigitaldeasturias.com\/noticias\/wp-content\/uploads\/2026\/06\/Contenidos.jpg","og:image:secure_url":"https:\/\/www.eldigitaldeasturias.com\/noticias\/wp-content\/uploads\/2026\/06\/Contenidos.jpg","og:image:width":1265,"og:image:height":697,"article:tag":["actualidad"],"article:published_time":"2014-01-29T15:35:08+00:00","article:modified_time":"2014-01-29T15:35:08+00:00","article:publisher":"https:\/\/facebook.com\/eldigitaldeasturias","twitter:card":"summary_large_image","twitter:title":"Mata, el \u00absalvador\u00bb, y Van Persie devuelven la ilusi\u00f3n a Old Trafford - El Digital de Asturias","twitter:description":"Londres, 28 ene (EFE).- En su debut con la m\u00edtica camiseta de los &quot;red devils&quot;, Juan Mata devolvi\u00f3 hoy la ilusi\u00f3n a Old Trafford tras ofrecer en la victoria ante el Cardiff (2-0) una peque\u00f1a muestra de lo que puede aportar el fichaje m\u00e1s caro en la historia del Machester United. El discutido t\u00e9cnico del","twitter:image":"https:\/\/www.eldigitaldeasturias.com\/noticias\/wp-content\/uploads\/2026\/06\/Contenidos.jpg","twitter:label1":"Escrito por","twitter:data1":"El Digital de Asturias","twitter:label2":"Tiempo de lectura estimado","twitter:data2":"4 minutos"},"aioseo_meta_data":{"post_id":"479998","title":null,"description":null,"keywords":null,"keyphrases":null,"primary_term":null,"canonical_url":null,"og_title":null,"og_description":null,"og_object_type":"default","og_image_type":"default","og_image_url":null,"og_image_width":null,"og_image_height":null,"og_image_custom_url":null,"og_image_custom_fields":null,"og_video":null,"og_custom_url":null,"og_article_section":null,"og_article_tags":null,"twitter_use_og":true,"twitter_card":"default","twitter_image_type":"default","twitter_image_url":null,"twitter_image_custom_url":null,"twitter_image_custom_fields":null,"twitter_title":null,"twitter_description":null,"schema":{"blockGraphs":[],"customGraphs":[],"default":{"data":{"Article":[],"Course":[],"Dataset":[],"FAQPage":[],"Movie":[],"Person":[],"Product":[],"ProductReview":[],"Car":[],"Recipe":[],"Service":[],"SoftwareApplication":[],"WebPage":[]},"graphName":"","isEnabled":true},"graphs":[],"defaultGraph":"","defaultPostTypeGraph":""},"schema_type":null,"schema_type_options":null,"pillar_content":false,"robots_default":true,"robots_noindex":false,"robots_noarchive":false,"robots_nosnippet":false,"robots_nofollow":false,"robots_noimageindex":false,"robots_noodp":false,"robots_notranslate":false,"robots_max_snippet":null,"robots_max_videopreview":null,"robots_max_imagepreview":"none","priority":null,"frequency":null,"local_seo":null,"seo_analyzer_scan_date":"2026-06-02 02:21:55","breadcrumb_settings":null,"limit_modified_date":false,"open_ai":null,"ai":null,"created":"2020-11-14 22:54:08","updated":"2026-06-02 02:21:55","focus_keyword":null,"additional_keywords":null,"truseo_locale":null},"aioseo_breadcrumb":"<div class=\"aioseo-breadcrumbs\"><span class=\"aioseo-breadcrumb\">\n\t<a href=\"https:\/\/www.eldigitaldeasturias.com\/noticias\" title=\"Home\">Home<\/a>\n<\/span><span class=\"aioseo-breadcrumb-separator\">\u2013<\/span><span class=\"aioseo-breadcrumb\">\n\t<a href=\"https:\/\/www.eldigitaldeasturias.com\/noticias\/category\/actualidad\/\" title=\"Actualidad\">Actualidad<\/a>\n<\/span><span class=\"aioseo-breadcrumb-separator\">\u2013<\/span><span class=\"aioseo-breadcrumb\">\n\t<a href=\"https:\/\/www.eldigitaldeasturias.com\/noticias\/mata-el-salvador-y-van-persie-devuelven-la-ilusion-a-old-trafford\/\" title=\"Mata, el \u00absalvador\u00bb, y Van Persie devuelven la ilusi\u00f3n a Old Trafford\">Mata, el \u00absalvador\u00bb, y Van Persie devuelven la ilusi\u00f3n a Old Trafford<\/a>\n<\/span><\/div>","aioseo_breadcrumb_json":[{"label":"Home","link":"https:\/\/www.eldigitaldeasturias.com\/noticias"},{"label":"Actualidad","link":"https:\/\/www.eldigitaldeasturias.com\/noticias\/category\/actualidad\/"},{"label":"Mata, el \u00absalvador\u00bb, y Van Persie devuelven la ilusi\u00f3n a Old Trafford","link":"https:\/\/www.eldigitaldeasturias.com\/noticias\/mata-el-salvador-y-van-persie-devuelven-la-ilusion-a-old-trafford\/"}],"_links":{"self":[{"href":"https:\/\/www.eldigitaldeasturias.com\/noticias\/wp-json\/wp\/v2\/posts\/479998","targetHints":{"allow":["GET"]}}],"collection":[{"href":"https:\/\/www.eldigitaldeasturias.com\/noticias\/wp-json\/wp\/v2\/posts"}],"about":[{"href":"https:\/\/www.eldigitaldeasturias.com\/noticias\/wp-json\/wp\/v2\/types\/post"}],"author":[{"embeddable":true,"href":"https:\/\/www.eldigitaldeasturias.com\/noticias\/wp-json\/wp\/v2\/users\/1"}],"replies":[{"embeddable":true,"href":"https:\/\/www.eldigitaldeasturias.com\/noticias\/wp-json\/wp\/v2\/comments?post=479998"}],"version-history":[{"count":0,"href":"https:\/\/www.eldigitaldeasturias.com\/noticias\/wp-json\/wp\/v2\/posts\/479998\/revisions"}],"wp:featuredmedia":[{"embeddable":true,"href":"https:\/\/www.eldigitaldeasturias.com\/noticias\/wp-json\/wp\/v2\/media\/1132184"}],"wp:attachment":[{"href":"https:\/\/www.eldigitaldeasturias.com\/noticias\/wp-json\/wp\/v2\/media?parent=479998"}],"wp:term":[{"taxonomy":"category","embeddable":true,"href":"https:\/\/www.eldigitaldeasturias.com\/noticias\/wp-json\/wp\/v2\/categories?post=479998"},{"taxonomy":"post_tag","embeddable":true,"href":"https:\/\/www.eldigitaldeasturias.com\/noticias\/wp-json\/wp\/v2\/tags?post=479998"}],"curies":[{"name":"wp","href":"https:\/\/api.w.org\/{rel}","templated":true}]}}