{"id":479992,"date":"2014-01-29T14:32:16","date_gmt":"2014-01-29T15:32:16","guid":{"rendered":"http:\/\/www.eldigitaldeasturias.com\/noticias\/?p=479992"},"modified":"2014-01-29T14:32:16","modified_gmt":"2014-01-29T15:32:16","slug":"oriol-junqueras-opina-que-con-la-independencia-se-resuelven-muchos-problemas-economicos","status":"publish","type":"post","link":"https:\/\/www.eldigitaldeasturias.com\/noticias\/oriol-junqueras-opina-que-con-la-independencia-se-resuelven-muchos-problemas-economicos\/","title":{"rendered":"Oriol Junqueras opina que con la independencia se resuelven muchos problemas econ\u00f3micos"},"content":{"rendered":"<p><img loading=\"lazy\" decoding=\"async\" class=\"alignleft size-medium wp-image-479993\" alt=\"5884925w\" src=\"https:\/\/www.eldigitaldeasturias.com\/noticias\/wp-content\/uploads\/2014\/01\/5884925w-360x270.jpg\" width=\"360\" height=\"270\" \/>Barcelona, 28 ene (EFE).- El l\u00edder de ERC, Oriol Junqueras, ha opinado hoy que \u00abcon la independencia se resuelven muchos de los problemas econ\u00f3micos\u00bb de Catalu\u00f1a porque el nuevo Estado dispondr\u00e1 de m\u00e1s recursos e instrumentos, y tras indicar que conf\u00eda en el president Artur Mas, ha dicho que no desea elecciones anticipadas.<\/p>\n<p>En una entrevista al \u00abjefe de la oposici\u00f3n\u00bb que esta noche ha realizado TV3, Junqueras ha indicado que no le da miedo nada, ni siquiera la posibilidad de tener que gobernar en minor\u00eda si los ciudadanos votan a ERC como primera fuerza, pero ha querido dejar claro que su partido no har\u00e1 nada ni se mover\u00e1 ni un mil\u00edmetro para provocar unas elecciones anticipadas.<\/p>\n<p>No ha aclarado si ERC ir\u00e1 sola en las pr\u00f3ximas elecciones europeas o en coalici\u00f3n con otras fuerzas del Pa\u00eds Vasco y Galicia, y sobre el proceso soberanista ha indicado que ahora mismo solo contempla el escenario de que se celebre la consulta del 9 de noviembre y no otros escenarios alternativos.<\/p>\n<p>Tambi\u00e9n ha querido dejar claro que no cree que el PSC se haya descolgado del proceso \u00absino que han sido algunos de sus dirigentes\u00bb puesto que \u00e9l ve cada d\u00eda a alcaldes y concejales de este partido \u00abmuy comprometidos\u00bb con la defensa de la consulta.<\/p>\n","protected":false},"excerpt":{"rendered":"<p>Barcelona, 28 ene (EFE).- El l\u00edder de ERC, Oriol Junqueras, ha opinado hoy que \u00abcon la independencia se resuelven muchos de los problemas econ\u00f3micos\u00bb de Catalu\u00f1a porque el nuevo Estado dispondr\u00e1 de m\u00e1s recursos e instrumentos, y tras indicar que conf\u00eda en el president Artur Mas, ha dicho que no desea elecciones anticipadas. En una [&hellip;]<\/p>\n","protected":false},"author":1,"featured_media":1132184,"comment_status":"closed","ping_status":"open","sticky":false,"template":"","format":"standard","meta":{"footnotes":""},"categories":[1],"tags":[],"class_list":["post-479992","post","type-post","status-publish","format-standard","has-post-thumbnail","hentry","category-actualidad"],"aioseo_notices":[],"aioseo_head":"\n\t\t<!-- All in One SEO Pro 5.0.1 - aioseo.com -->\n\t<meta name=\"description\" content=\"Barcelona, 28 ene (EFE).- El l\u00edder de ERC, Oriol Junqueras, ha opinado hoy que &quot;con la independencia se resuelven muchos de los problemas econ\u00f3micos&quot; de Catalu\u00f1a porque el nuevo Estado dispondr\u00e1 de m\u00e1s recursos e instrumentos, y tras indicar que conf\u00eda en el president Artur Mas, ha dicho que no desea elecciones anticipadas. En una\" \/>\n\t<meta name=\"robots\" content=\"max-image-preview:large\" \/>\n\t<meta name=\"author\" content=\"El Digital de Asturias\"\/>\n\t<meta name=\"google-site-verification\" content=\"UA-38556648-1\" \/>\n\t<meta name=\"msvalidate.01\" content=\"7dfe9f3f1b24437ab69f4f2559babe99\" \/>\n\t<meta name=\"keywords\" content=\"actualidad\" \/>\n\t<link rel=\"canonical\" href=\"https:\/\/www.eldigitaldeasturias.com\/noticias\/oriol-junqueras-opina-que-con-la-independencia-se-resuelven-muchos-problemas-economicos\/\" \/>\n\t<meta name=\"generator\" content=\"All in One SEO Pro (AIOSEO) 5.0.1\" \/>\n\t\t<meta property=\"og:locale\" content=\"es_ES\" \/>\n\t\t<meta property=\"og:site_name\" content=\"El Digital de Asturias\" \/>\n\t\t<meta property=\"og:type\" content=\"article\" \/>\n\t\t<meta property=\"og:title\" content=\"Oriol Junqueras opina que con la independencia se resuelven muchos problemas econ\u00f3micos - El Digital de Asturias\" \/>\n\t\t<meta property=\"og:description\" content=\"Barcelona, 28 ene (EFE).- El l\u00edder de ERC, Oriol Junqueras, ha opinado hoy que &quot;con la independencia se resuelven muchos de los problemas econ\u00f3micos&quot; de Catalu\u00f1a porque el nuevo Estado dispondr\u00e1 de m\u00e1s recursos e instrumentos, y tras indicar que conf\u00eda en el president Artur Mas, ha dicho que no desea elecciones anticipadas. En una\" \/>\n\t\t<meta property=\"og:url\" content=\"https:\/\/www.eldigitaldeasturias.com\/noticias\/oriol-junqueras-opina-que-con-la-independencia-se-resuelven-muchos-problemas-economicos\/\" \/>\n\t\t<meta property=\"og:image\" content=\"https:\/\/www.eldigitaldeasturias.com\/noticias\/wp-content\/uploads\/2026\/06\/Contenidos.jpg\" \/>\n\t\t<meta property=\"og:image:secure_url\" content=\"https:\/\/www.eldigitaldeasturias.com\/noticias\/wp-content\/uploads\/2026\/06\/Contenidos.jpg\" \/>\n\t\t<meta property=\"og:image:width\" content=\"1265\" \/>\n\t\t<meta property=\"og:image:height\" content=\"697\" \/>\n\t\t<meta property=\"article:tag\" content=\"actualidad\" \/>\n\t\t<meta property=\"article:published_time\" content=\"2014-01-29T15:32:16+00:00\" \/>\n\t\t<meta property=\"article:modified_time\" content=\"2014-01-29T15:32:16+00:00\" \/>\n\t\t<meta property=\"article:publisher\" content=\"https:\/\/facebook.com\/eldigitaldeasturias\" \/>\n\t\t<meta name=\"twitter:card\" content=\"summary_large_image\" \/>\n\t\t<meta name=\"twitter:title\" content=\"Oriol Junqueras opina que con la independencia se resuelven muchos problemas econ\u00f3micos - El Digital de Asturias\" \/>\n\t\t<meta name=\"twitter:description\" content=\"Barcelona, 28 ene (EFE).- El l\u00edder de ERC, Oriol Junqueras, ha opinado hoy que &quot;con la independencia se resuelven muchos de los problemas econ\u00f3micos&quot; de Catalu\u00f1a porque el nuevo Estado dispondr\u00e1 de m\u00e1s recursos e instrumentos, y tras indicar que conf\u00eda en el president Artur Mas, ha dicho que no desea elecciones anticipadas. En una\" \/>\n\t\t<meta name=\"twitter:image\" content=\"https:\/\/www.eldigitaldeasturias.com\/noticias\/wp-content\/uploads\/2026\/06\/Contenidos.jpg\" \/>\n\t\t<meta name=\"twitter:label1\" content=\"Escrito por\" \/>\n\t\t<meta name=\"twitter:data1\" content=\"El Digital de Asturias\" \/>\n\t\t<meta name=\"twitter:label2\" content=\"Tiempo de lectura estimado\" \/>\n\t\t<meta name=\"twitter:data2\" content=\"1 minuto\" \/>\n\t\t<script type=\"application\/ld+json\" class=\"aioseo-schema\">\n\t\t\t{\"@context\":\"https:\\\/\\\/schema.org\",\"@graph\":[{\"@type\":\"BlogPosting\",\"@id\":\"https:\\\/\\\/www.eldigitaldeasturias.com\\\/noticias\\\/oriol-junqueras-opina-que-con-la-independencia-se-resuelven-muchos-problemas-economicos\\\/#blogposting\",\"name\":\"Oriol Junqueras opina que con la independencia se resuelven muchos problemas econ\\u00f3micos - El Digital de Asturias\",\"headline\":\"Oriol Junqueras opina que con la independencia se resuelven muchos problemas econ\\u00f3micos\",\"author\":{\"@id\":\"https:\\\/\\\/www.eldigitaldeasturias.com\\\/noticias\\\/author\\\/admin\\\/#author\"},\"publisher\":{\"@id\":\"https:\\\/\\\/www.eldigitaldeasturias.com\\\/noticias\\\/#organization\"},\"image\":{\"@type\":\"ImageObject\",\"url\":\"https:\\\/\\\/www.eldigitaldeasturias.com\\\/noticias\\\/wp-content\\\/uploads\\\/2026\\\/06\\\/Contenidos.jpg\",\"width\":1265,\"height\":697,\"caption\":\"Contenidos\"},\"datePublished\":\"2014-01-29T14:32:16+01:00\",\"dateModified\":\"2014-01-29T14:32:16+01:00\",\"inLanguage\":\"es-ES\",\"mainEntityOfPage\":{\"@id\":\"https:\\\/\\\/www.eldigitaldeasturias.com\\\/noticias\\\/oriol-junqueras-opina-que-con-la-independencia-se-resuelven-muchos-problemas-economicos\\\/#webpage\"},\"isPartOf\":{\"@id\":\"https:\\\/\\\/www.eldigitaldeasturias.com\\\/noticias\\\/oriol-junqueras-opina-que-con-la-independencia-se-resuelven-muchos-problemas-economicos\\\/#webpage\"},\"articleSection\":\"Actualidad\"},{\"@type\":\"BreadcrumbList\",\"@id\":\"https:\\\/\\\/www.eldigitaldeasturias.com\\\/noticias\\\/oriol-junqueras-opina-que-con-la-independencia-se-resuelven-muchos-problemas-economicos\\\/#breadcrumblist\",\"itemListElement\":[{\"@type\":\"ListItem\",\"@id\":\"https:\\\/\\\/www.eldigitaldeasturias.com\\\/noticias#listItem\",\"position\":1,\"name\":\"Home\",\"item\":\"https:\\\/\\\/www.eldigitaldeasturias.com\\\/noticias\",\"nextItem\":{\"@type\":\"ListItem\",\"@id\":\"https:\\\/\\\/www.eldigitaldeasturias.com\\\/noticias\\\/category\\\/actualidad\\\/#listItem\",\"name\":\"Actualidad\"}},{\"@type\":\"ListItem\",\"@id\":\"https:\\\/\\\/www.eldigitaldeasturias.com\\\/noticias\\\/category\\\/actualidad\\\/#listItem\",\"position\":2,\"name\":\"Actualidad\",\"item\":\"https:\\\/\\\/www.eldigitaldeasturias.com\\\/noticias\\\/category\\\/actualidad\\\/\",\"nextItem\":{\"@type\":\"ListItem\",\"@id\":\"https:\\\/\\\/www.eldigitaldeasturias.com\\\/noticias\\\/oriol-junqueras-opina-que-con-la-independencia-se-resuelven-muchos-problemas-economicos\\\/#listItem\",\"name\":\"Oriol Junqueras opina que con la independencia se resuelven muchos problemas econ\\u00f3micos\"},\"previousItem\":{\"@type\":\"ListItem\",\"@id\":\"https:\\\/\\\/www.eldigitaldeasturias.com\\\/noticias#listItem\",\"name\":\"Home\"}},{\"@type\":\"ListItem\",\"@id\":\"https:\\\/\\\/www.eldigitaldeasturias.com\\\/noticias\\\/oriol-junqueras-opina-que-con-la-independencia-se-resuelven-muchos-problemas-economicos\\\/#listItem\",\"position\":3,\"name\":\"Oriol Junqueras opina que con la independencia se resuelven muchos problemas econ\\u00f3micos\",\"previousItem\":{\"@type\":\"ListItem\",\"@id\":\"https:\\\/\\\/www.eldigitaldeasturias.com\\\/noticias\\\/category\\\/actualidad\\\/#listItem\",\"name\":\"Actualidad\"}}]},{\"@type\":\"Organization\",\"@id\":\"https:\\\/\\\/www.eldigitaldeasturias.com\\\/noticias\\\/#organization\",\"name\":\"El Digital de Asturias\",\"description\":\"Hemeroteca\",\"url\":\"https:\\\/\\\/www.eldigitaldeasturias.com\\\/noticias\\\/\",\"email\":\"info@eldigitaldeasturias.com\",\"telephone\":\"+34652131393\",\"logo\":{\"@type\":\"ImageObject\",\"url\":\"https:\\\/\\\/www.eldigitaldeasturias.com\\\/noticias\\\/wp-content\\\/uploads\\\/2020\\\/12\\\/EDA.jpg\",\"@id\":\"https:\\\/\\\/www.eldigitaldeasturias.com\\\/noticias\\\/oriol-junqueras-opina-que-con-la-independencia-se-resuelven-muchos-problemas-economicos\\\/#organizationLogo\"},\"image\":{\"@id\":\"https:\\\/\\\/www.eldigitaldeasturias.com\\\/noticias\\\/oriol-junqueras-opina-que-con-la-independencia-se-resuelven-muchos-problemas-economicos\\\/#organizationLogo\"},\"sameAs\":[\"https:\\\/\\\/facebook.com\\\/eldigitaldeasturias\",\"https:\\\/\\\/www.youtube.com\\\/channel\\\/UCZP-2wLEB9Rv6erhFmqVnvg\"],\"address\":{\"@id\":\"https:\\\/\\\/www.eldigitaldeasturias.com\\\/noticias\\\/#postaladdress\",\"@type\":\"PostalAddress\",\"streetAddress\":\"san antonio 4\",\"postalCode\":\"33430\",\"addressLocality\":\"Cand\\u00e1s\",\"addressRegion\":\"Asturias\",\"addressCountry\":\"ES\"}},{\"@type\":\"Person\",\"@id\":\"https:\\\/\\\/www.eldigitaldeasturias.com\\\/noticias\\\/author\\\/admin\\\/#author\",\"url\":\"https:\\\/\\\/www.eldigitaldeasturias.com\\\/noticias\\\/author\\\/admin\\\/\",\"name\":\"El Digital de Asturias\",\"image\":{\"@type\":\"ImageObject\",\"@id\":\"https:\\\/\\\/www.eldigitaldeasturias.com\\\/noticias\\\/oriol-junqueras-opina-que-con-la-independencia-se-resuelven-muchos-problemas-economicos\\\/#authorImage\",\"url\":\"https:\\\/\\\/secure.gravatar.com\\\/avatar\\\/df2aeffc32bcd13f8d26072ef8a91b623d677766deac7f97ca815868cd41bf5e?s=96&d=mm&r=g\",\"width\":96,\"height\":96,\"caption\":\"El Digital de Asturias\"}},{\"@type\":\"WebPage\",\"@id\":\"https:\\\/\\\/www.eldigitaldeasturias.com\\\/noticias\\\/oriol-junqueras-opina-que-con-la-independencia-se-resuelven-muchos-problemas-economicos\\\/#webpage\",\"url\":\"https:\\\/\\\/www.eldigitaldeasturias.com\\\/noticias\\\/oriol-junqueras-opina-que-con-la-independencia-se-resuelven-muchos-problemas-economicos\\\/\",\"name\":\"Oriol Junqueras opina que con la independencia se resuelven muchos problemas econ\\u00f3micos - El Digital de Asturias\",\"description\":\"Barcelona, 28 ene (EFE).- El l\\u00edder de ERC, Oriol Junqueras, ha opinado hoy que \\\"con la independencia se resuelven muchos de los problemas econ\\u00f3micos\\\" de Catalu\\u00f1a porque el nuevo Estado dispondr\\u00e1 de m\\u00e1s recursos e instrumentos, y tras indicar que conf\\u00eda en el president Artur Mas, ha dicho que no desea elecciones anticipadas. En una\",\"inLanguage\":\"es-ES\",\"isPartOf\":{\"@id\":\"https:\\\/\\\/www.eldigitaldeasturias.com\\\/noticias\\\/#website\"},\"breadcrumb\":{\"@id\":\"https:\\\/\\\/www.eldigitaldeasturias.com\\\/noticias\\\/oriol-junqueras-opina-que-con-la-independencia-se-resuelven-muchos-problemas-economicos\\\/#breadcrumblist\"},\"author\":{\"@id\":\"https:\\\/\\\/www.eldigitaldeasturias.com\\\/noticias\\\/author\\\/admin\\\/#author\"},\"creator\":{\"@id\":\"https:\\\/\\\/www.eldigitaldeasturias.com\\\/noticias\\\/author\\\/admin\\\/#author\"},\"image\":{\"@type\":\"ImageObject\",\"url\":\"https:\\\/\\\/www.eldigitaldeasturias.com\\\/noticias\\\/wp-content\\\/uploads\\\/2026\\\/06\\\/Contenidos.jpg\",\"@id\":\"https:\\\/\\\/www.eldigitaldeasturias.com\\\/noticias\\\/oriol-junqueras-opina-que-con-la-independencia-se-resuelven-muchos-problemas-economicos\\\/#mainImage\",\"width\":1265,\"height\":697,\"caption\":\"Contenidos\"},\"primaryImageOfPage\":{\"@id\":\"https:\\\/\\\/www.eldigitaldeasturias.com\\\/noticias\\\/oriol-junqueras-opina-que-con-la-independencia-se-resuelven-muchos-problemas-economicos\\\/#mainImage\"},\"datePublished\":\"2014-01-29T14:32:16+01:00\",\"dateModified\":\"2014-01-29T14:32:16+01:00\"},{\"@type\":\"WebSite\",\"@id\":\"https:\\\/\\\/www.eldigitaldeasturias.com\\\/noticias\\\/#website\",\"url\":\"https:\\\/\\\/www.eldigitaldeasturias.com\\\/noticias\\\/\",\"name\":\"El Digital de Asturias - Diario de actualidad y noticias\",\"alternateName\":\"El Digital de Asturias - Diario de actualidad y noticias\",\"description\":\"Hemeroteca\",\"inLanguage\":\"es-ES\",\"publisher\":{\"@id\":\"https:\\\/\\\/www.eldigitaldeasturias.com\\\/noticias\\\/#organization\"}}]}\n\t\t<\/script>\n\t\t<!-- All in One SEO Pro -->\r\n\t\t<title>Oriol Junqueras opina que con la independencia se resuelven muchos problemas econ\u00f3micos - El Digital de Asturias<\/title>\n\n","aioseo_head_json":{"title":"Oriol Junqueras opina que con la independencia se resuelven muchos problemas econ\u00f3micos - El Digital de Asturias","description":"Barcelona, 28 ene (EFE).- El l\u00edder de ERC, Oriol Junqueras, ha opinado hoy que \"con la independencia se resuelven muchos de los problemas econ\u00f3micos\" de Catalu\u00f1a porque el nuevo Estado dispondr\u00e1 de m\u00e1s recursos e instrumentos, y tras indicar que conf\u00eda en el president Artur Mas, ha dicho que no desea elecciones anticipadas. En una","canonical_url":"https:\/\/www.eldigitaldeasturias.com\/noticias\/oriol-junqueras-opina-que-con-la-independencia-se-resuelven-muchos-problemas-economicos\/","robots":"max-image-preview:large","keywords":"actualidad","webmasterTools":{"google-site-verification":"UA-38556648-1","msvalidate.01":"7dfe9f3f1b24437ab69f4f2559babe99","miscellaneous":""},"schema":{"@context":"https:\/\/schema.org","@graph":[{"@type":"BlogPosting","@id":"https:\/\/www.eldigitaldeasturias.com\/noticias\/oriol-junqueras-opina-que-con-la-independencia-se-resuelven-muchos-problemas-economicos\/#blogposting","name":"Oriol Junqueras opina que con la independencia se resuelven muchos problemas econ\u00f3micos - El Digital de Asturias","headline":"Oriol Junqueras opina que con la independencia se resuelven muchos problemas econ\u00f3micos","author":{"@id":"https:\/\/www.eldigitaldeasturias.com\/noticias\/author\/admin\/#author"},"publisher":{"@id":"https:\/\/www.eldigitaldeasturias.com\/noticias\/#organization"},"image":{"@type":"ImageObject","url":"https:\/\/www.eldigitaldeasturias.com\/noticias\/wp-content\/uploads\/2026\/06\/Contenidos.jpg","width":1265,"height":697,"caption":"Contenidos"},"datePublished":"2014-01-29T14:32:16+01:00","dateModified":"2014-01-29T14:32:16+01:00","inLanguage":"es-ES","mainEntityOfPage":{"@id":"https:\/\/www.eldigitaldeasturias.com\/noticias\/oriol-junqueras-opina-que-con-la-independencia-se-resuelven-muchos-problemas-economicos\/#webpage"},"isPartOf":{"@id":"https:\/\/www.eldigitaldeasturias.com\/noticias\/oriol-junqueras-opina-que-con-la-independencia-se-resuelven-muchos-problemas-economicos\/#webpage"},"articleSection":"Actualidad"},{"@type":"BreadcrumbList","@id":"https:\/\/www.eldigitaldeasturias.com\/noticias\/oriol-junqueras-opina-que-con-la-independencia-se-resuelven-muchos-problemas-economicos\/#breadcrumblist","itemListElement":[{"@type":"ListItem","@id":"https:\/\/www.eldigitaldeasturias.com\/noticias#listItem","position":1,"name":"Home","item":"https:\/\/www.eldigitaldeasturias.com\/noticias","nextItem":{"@type":"ListItem","@id":"https:\/\/www.eldigitaldeasturias.com\/noticias\/category\/actualidad\/#listItem","name":"Actualidad"}},{"@type":"ListItem","@id":"https:\/\/www.eldigitaldeasturias.com\/noticias\/category\/actualidad\/#listItem","position":2,"name":"Actualidad","item":"https:\/\/www.eldigitaldeasturias.com\/noticias\/category\/actualidad\/","nextItem":{"@type":"ListItem","@id":"https:\/\/www.eldigitaldeasturias.com\/noticias\/oriol-junqueras-opina-que-con-la-independencia-se-resuelven-muchos-problemas-economicos\/#listItem","name":"Oriol Junqueras opina que con la independencia se resuelven muchos problemas econ\u00f3micos"},"previousItem":{"@type":"ListItem","@id":"https:\/\/www.eldigitaldeasturias.com\/noticias#listItem","name":"Home"}},{"@type":"ListItem","@id":"https:\/\/www.eldigitaldeasturias.com\/noticias\/oriol-junqueras-opina-que-con-la-independencia-se-resuelven-muchos-problemas-economicos\/#listItem","position":3,"name":"Oriol Junqueras opina que con la independencia se resuelven muchos problemas econ\u00f3micos","previousItem":{"@type":"ListItem","@id":"https:\/\/www.eldigitaldeasturias.com\/noticias\/category\/actualidad\/#listItem","name":"Actualidad"}}]},{"@type":"Organization","@id":"https:\/\/www.eldigitaldeasturias.com\/noticias\/#organization","name":"El Digital de Asturias","description":"Hemeroteca","url":"https:\/\/www.eldigitaldeasturias.com\/noticias\/","email":"info@eldigitaldeasturias.com","telephone":"+34652131393","logo":{"@type":"ImageObject","url":"https:\/\/www.eldigitaldeasturias.com\/noticias\/wp-content\/uploads\/2020\/12\/EDA.jpg","@id":"https:\/\/www.eldigitaldeasturias.com\/noticias\/oriol-junqueras-opina-que-con-la-independencia-se-resuelven-muchos-problemas-economicos\/#organizationLogo"},"image":{"@id":"https:\/\/www.eldigitaldeasturias.com\/noticias\/oriol-junqueras-opina-que-con-la-independencia-se-resuelven-muchos-problemas-economicos\/#organizationLogo"},"sameAs":["https:\/\/facebook.com\/eldigitaldeasturias","https:\/\/www.youtube.com\/channel\/UCZP-2wLEB9Rv6erhFmqVnvg"],"address":{"@id":"https:\/\/www.eldigitaldeasturias.com\/noticias\/#postaladdress","@type":"PostalAddress","streetAddress":"san antonio 4","postalCode":"33430","addressLocality":"Cand\u00e1s","addressRegion":"Asturias","addressCountry":"ES"}},{"@type":"Person","@id":"https:\/\/www.eldigitaldeasturias.com\/noticias\/author\/admin\/#author","url":"https:\/\/www.eldigitaldeasturias.com\/noticias\/author\/admin\/","name":"El Digital de Asturias","image":{"@type":"ImageObject","@id":"https:\/\/www.eldigitaldeasturias.com\/noticias\/oriol-junqueras-opina-que-con-la-independencia-se-resuelven-muchos-problemas-economicos\/#authorImage","url":"https:\/\/secure.gravatar.com\/avatar\/df2aeffc32bcd13f8d26072ef8a91b623d677766deac7f97ca815868cd41bf5e?s=96&d=mm&r=g","width":96,"height":96,"caption":"El Digital de Asturias"}},{"@type":"WebPage","@id":"https:\/\/www.eldigitaldeasturias.com\/noticias\/oriol-junqueras-opina-que-con-la-independencia-se-resuelven-muchos-problemas-economicos\/#webpage","url":"https:\/\/www.eldigitaldeasturias.com\/noticias\/oriol-junqueras-opina-que-con-la-independencia-se-resuelven-muchos-problemas-economicos\/","name":"Oriol Junqueras opina que con la independencia se resuelven muchos problemas econ\u00f3micos - El Digital de Asturias","description":"Barcelona, 28 ene (EFE).- El l\u00edder de ERC, Oriol Junqueras, ha opinado hoy que \"con la independencia se resuelven muchos de los problemas econ\u00f3micos\" de Catalu\u00f1a porque el nuevo Estado dispondr\u00e1 de m\u00e1s recursos e instrumentos, y tras indicar que conf\u00eda en el president Artur Mas, ha dicho que no desea elecciones anticipadas. En una","inLanguage":"es-ES","isPartOf":{"@id":"https:\/\/www.eldigitaldeasturias.com\/noticias\/#website"},"breadcrumb":{"@id":"https:\/\/www.eldigitaldeasturias.com\/noticias\/oriol-junqueras-opina-que-con-la-independencia-se-resuelven-muchos-problemas-economicos\/#breadcrumblist"},"author":{"@id":"https:\/\/www.eldigitaldeasturias.com\/noticias\/author\/admin\/#author"},"creator":{"@id":"https:\/\/www.eldigitaldeasturias.com\/noticias\/author\/admin\/#author"},"image":{"@type":"ImageObject","url":"https:\/\/www.eldigitaldeasturias.com\/noticias\/wp-content\/uploads\/2026\/06\/Contenidos.jpg","@id":"https:\/\/www.eldigitaldeasturias.com\/noticias\/oriol-junqueras-opina-que-con-la-independencia-se-resuelven-muchos-problemas-economicos\/#mainImage","width":1265,"height":697,"caption":"Contenidos"},"primaryImageOfPage":{"@id":"https:\/\/www.eldigitaldeasturias.com\/noticias\/oriol-junqueras-opina-que-con-la-independencia-se-resuelven-muchos-problemas-economicos\/#mainImage"},"datePublished":"2014-01-29T14:32:16+01:00","dateModified":"2014-01-29T14:32:16+01:00"},{"@type":"WebSite","@id":"https:\/\/www.eldigitaldeasturias.com\/noticias\/#website","url":"https:\/\/www.eldigitaldeasturias.com\/noticias\/","name":"El Digital de Asturias - Diario de actualidad y noticias","alternateName":"El Digital de Asturias - Diario de actualidad y noticias","description":"Hemeroteca","inLanguage":"es-ES","publisher":{"@id":"https:\/\/www.eldigitaldeasturias.com\/noticias\/#organization"}}]},"og:locale":"es_ES","og:site_name":"El Digital de Asturias","og:type":"article","og:title":"Oriol Junqueras opina que con la independencia se resuelven muchos problemas econ\u00f3micos - El Digital de Asturias","og:description":"Barcelona, 28 ene (EFE).- El l\u00edder de ERC, Oriol Junqueras, ha opinado hoy que &quot;con la independencia se resuelven muchos de los problemas econ\u00f3micos&quot; de Catalu\u00f1a porque el nuevo Estado dispondr\u00e1 de m\u00e1s recursos e instrumentos, y tras indicar que conf\u00eda en el president Artur Mas, ha dicho que no desea elecciones anticipadas. En una","og:url":"https:\/\/www.eldigitaldeasturias.com\/noticias\/oriol-junqueras-opina-que-con-la-independencia-se-resuelven-muchos-problemas-economicos\/","og:image":"https:\/\/www.eldigitaldeasturias.com\/noticias\/wp-content\/uploads\/2026\/06\/Contenidos.jpg","og:image:secure_url":"https:\/\/www.eldigitaldeasturias.com\/noticias\/wp-content\/uploads\/2026\/06\/Contenidos.jpg","og:image:width":1265,"og:image:height":697,"article:tag":["actualidad"],"article:published_time":"2014-01-29T15:32:16+00:00","article:modified_time":"2014-01-29T15:32:16+00:00","article:publisher":"https:\/\/facebook.com\/eldigitaldeasturias","twitter:card":"summary_large_image","twitter:title":"Oriol Junqueras opina que con la independencia se resuelven muchos problemas econ\u00f3micos - El Digital de Asturias","twitter:description":"Barcelona, 28 ene (EFE).- El l\u00edder de ERC, Oriol Junqueras, ha opinado hoy que &quot;con la independencia se resuelven muchos de los problemas econ\u00f3micos&quot; de Catalu\u00f1a porque el nuevo Estado dispondr\u00e1 de m\u00e1s recursos e instrumentos, y tras indicar que conf\u00eda en el president Artur Mas, ha dicho que no desea elecciones anticipadas. En una","twitter:image":"https:\/\/www.eldigitaldeasturias.com\/noticias\/wp-content\/uploads\/2026\/06\/Contenidos.jpg","twitter:label1":"Escrito por","twitter:data1":"El Digital de Asturias","twitter:label2":"Tiempo de lectura estimado","twitter:data2":"1 minuto"},"aioseo_meta_data":{"post_id":"479992","title":null,"description":null,"keywords":null,"keyphrases":null,"primary_term":null,"canonical_url":null,"og_title":null,"og_description":null,"og_object_type":"default","og_image_type":"default","og_image_url":null,"og_image_width":null,"og_image_height":null,"og_image_custom_url":null,"og_image_custom_fields":null,"og_video":null,"og_custom_url":null,"og_article_section":null,"og_article_tags":null,"twitter_use_og":true,"twitter_card":"default","twitter_image_type":"default","twitter_image_url":null,"twitter_image_custom_url":null,"twitter_image_custom_fields":null,"twitter_title":null,"twitter_description":null,"schema":{"blockGraphs":[],"customGraphs":[],"default":{"data":{"Article":[],"Course":[],"Dataset":[],"FAQPage":[],"Movie":[],"Person":[],"Product":[],"ProductReview":[],"Car":[],"Recipe":[],"Service":[],"SoftwareApplication":[],"WebPage":[]},"graphName":"","isEnabled":true},"graphs":[],"defaultGraph":"","defaultPostTypeGraph":""},"schema_type":null,"schema_type_options":null,"pillar_content":false,"robots_default":true,"robots_noindex":false,"robots_noarchive":false,"robots_nosnippet":false,"robots_nofollow":false,"robots_noimageindex":false,"robots_noodp":false,"robots_notranslate":false,"robots_max_snippet":null,"robots_max_videopreview":null,"robots_max_imagepreview":"none","priority":null,"frequency":null,"local_seo":null,"seo_analyzer_scan_date":"2026-06-02 02:21:54","breadcrumb_settings":null,"limit_modified_date":false,"open_ai":null,"ai":null,"created":"2020-11-14 22:54:08","updated":"2026-06-02 02:21:54","focus_keyword":null,"additional_keywords":null,"truseo_locale":null},"aioseo_breadcrumb":"<div class=\"aioseo-breadcrumbs\"><span class=\"aioseo-breadcrumb\">\n\t<a href=\"https:\/\/www.eldigitaldeasturias.com\/noticias\" title=\"Home\">Home<\/a>\n<\/span><span class=\"aioseo-breadcrumb-separator\">\u2013<\/span><span class=\"aioseo-breadcrumb\">\n\t<a href=\"https:\/\/www.eldigitaldeasturias.com\/noticias\/category\/actualidad\/\" title=\"Actualidad\">Actualidad<\/a>\n<\/span><span class=\"aioseo-breadcrumb-separator\">\u2013<\/span><span class=\"aioseo-breadcrumb\">\n\t<a href=\"https:\/\/www.eldigitaldeasturias.com\/noticias\/oriol-junqueras-opina-que-con-la-independencia-se-resuelven-muchos-problemas-economicos\/\" title=\"Oriol Junqueras opina que con la independencia se resuelven muchos problemas econ\u00f3micos\">Oriol Junqueras opina que con la independencia se resuelven muchos problemas econ\u00f3micos<\/a>\n<\/span><\/div>","aioseo_breadcrumb_json":[{"label":"Home","link":"https:\/\/www.eldigitaldeasturias.com\/noticias"},{"label":"Actualidad","link":"https:\/\/www.eldigitaldeasturias.com\/noticias\/category\/actualidad\/"},{"label":"Oriol Junqueras opina que con la independencia se resuelven muchos problemas econ\u00f3micos","link":"https:\/\/www.eldigitaldeasturias.com\/noticias\/oriol-junqueras-opina-que-con-la-independencia-se-resuelven-muchos-problemas-economicos\/"}],"_links":{"self":[{"href":"https:\/\/www.eldigitaldeasturias.com\/noticias\/wp-json\/wp\/v2\/posts\/479992","targetHints":{"allow":["GET"]}}],"collection":[{"href":"https:\/\/www.eldigitaldeasturias.com\/noticias\/wp-json\/wp\/v2\/posts"}],"about":[{"href":"https:\/\/www.eldigitaldeasturias.com\/noticias\/wp-json\/wp\/v2\/types\/post"}],"author":[{"embeddable":true,"href":"https:\/\/www.eldigitaldeasturias.com\/noticias\/wp-json\/wp\/v2\/users\/1"}],"replies":[{"embeddable":true,"href":"https:\/\/www.eldigitaldeasturias.com\/noticias\/wp-json\/wp\/v2\/comments?post=479992"}],"version-history":[{"count":0,"href":"https:\/\/www.eldigitaldeasturias.com\/noticias\/wp-json\/wp\/v2\/posts\/479992\/revisions"}],"wp:featuredmedia":[{"embeddable":true,"href":"https:\/\/www.eldigitaldeasturias.com\/noticias\/wp-json\/wp\/v2\/media\/1132184"}],"wp:attachment":[{"href":"https:\/\/www.eldigitaldeasturias.com\/noticias\/wp-json\/wp\/v2\/media?parent=479992"}],"wp:term":[{"taxonomy":"category","embeddable":true,"href":"https:\/\/www.eldigitaldeasturias.com\/noticias\/wp-json\/wp\/v2\/categories?post=479992"},{"taxonomy":"post_tag","embeddable":true,"href":"https:\/\/www.eldigitaldeasturias.com\/noticias\/wp-json\/wp\/v2\/tags?post=479992"}],"curies":[{"name":"wp","href":"https:\/\/api.w.org\/{rel}","templated":true}]}}