{"id":479989,"date":"2014-01-29T14:31:25","date_gmt":"2014-01-29T15:31:25","guid":{"rendered":"http:\/\/www.eldigitaldeasturias.com\/noticias\/?p=479989"},"modified":"2014-01-29T14:31:25","modified_gmt":"2014-01-29T15:31:25","slug":"obama-anunciara-en-discurso-alza-de-salario-minimo-de-trabajadores-federales","status":"publish","type":"post","link":"https:\/\/www.eldigitaldeasturias.com\/noticias\/obama-anunciara-en-discurso-alza-de-salario-minimo-de-trabajadores-federales\/","title":{"rendered":"Obama anunciar\u00e1 en discurso alza de salario m\u00ednimo de trabajadores federales"},"content":{"rendered":"<p><img loading=\"lazy\" decoding=\"async\" class=\"alignleft size-medium wp-image-479990\" alt=\"5883784w\" src=\"https:\/\/www.eldigitaldeasturias.com\/noticias\/wp-content\/uploads\/2014\/01\/5883784w-360x239.jpg\" width=\"360\" height=\"239\" \/>Washington, 28 ene (EFE).- El presidente de Estados Unidos, Barack Obama, comunicar\u00e1 hoy al Congreso durante su discurso del Estado de la Uni\u00f3n su decisi\u00f3n de aumentar el salario m\u00ednimo de algunos trabajadores federales mediante orden ejecutiva a 10,10 d\u00f3lares la hora, adelant\u00f3 la Casa Blanca en un comunicado.<\/p>\n<p>El presidente elevar\u00e1 los sueldos de los empleados federales de nueva contrataci\u00f3n para prestaci\u00f3n de servicios, mientras que continuar\u00e1 trabajando con los legisladores para alcanzar un acuerdo que alcance a todos los trabajadores, cuyo salario se encuentra actualmente en los 7,25 d\u00f3lares la hora, seg\u00fan el anuncio.<\/p>\n<p>\u00abEsta noche, (Obama) va a anunciar que utilizar\u00e1 su autoridad ejecutiva para aumentar el salario m\u00ednimo a 10,10 d\u00f3lares para los trabajadores con los nuevos contratos federales en servicios\u00bb, asegura la nota, que explica que la medida beneficiar\u00e1 a conserjes, cajeros, trabajadores de la construcci\u00f3n y otros con nuevos contratos.<\/p>\n<p>\u00abEsta acci\u00f3n tambi\u00e9n significar\u00e1 una mejor situaci\u00f3n para el Gobierno federal y los contribuyentes, ya que los estudios muestran que el pago de salarios m\u00e1s altos a los trabajadores conduce a un mejor servicio y menor rotaci\u00f3n\u00bb, agrega.<\/p>\n<p>La subida del salario m\u00ednimo es una de las tareas pendientes del Gobierno, seg\u00fan explic\u00f3 el mandatario durante su discurso del Estado de la Uni\u00f3n del a\u00f1o pasado.<\/p>\n<p>Se espera que en su alocuci\u00f3n de hoy, que comenzar\u00e1 a las 9 de la noche hora local (02.00 GMT del mi\u00e9rcoles), el gobernante insista en su objetivo de aprobar una reforma migratoria integral estancada en la C\u00e1mara de Representantes y varios paquetes de medidas destinados a reducir la desigualdad y la pobreza.<\/p>\n<p>El presidente de EE.UU. quiere empezar a reconducir hoy sus \u00faltimos a\u00f1os en la Casa Blanca, para dejar un legado donde se recuerden m\u00e1s las acciones conseguidas que las grandes promesas que nunca vieron la luz o quedaron por debajo de las expectativas.<\/p>\n<p>Obama necesita sacudirse un 2013 nefasto a nivel interno, con las dificultades en la aplicaci\u00f3n de su reforma sanitaria y el sonoro esc\u00e1ndalo por los programas de espionaje de la Agencia de Seguridad Nacional (NSA) revelados por el exanalista Edward Snowden.<\/p>\n<p>Tras su discurso, la congresista Cathy McMorris Rodgers dar\u00e1 la r\u00e9plica a la intervenci\u00f3n del presidente estadounidense de parte de la oposici\u00f3n republicana.<\/p>\n","protected":false},"excerpt":{"rendered":"<p>Washington, 28 ene (EFE).- El presidente de Estados Unidos, Barack Obama, comunicar\u00e1 hoy al Congreso durante su discurso del Estado de la Uni\u00f3n su decisi\u00f3n de aumentar el salario m\u00ednimo de algunos trabajadores federales mediante orden ejecutiva a 10,10 d\u00f3lares la hora, adelant\u00f3 la Casa Blanca en un comunicado. El presidente elevar\u00e1 los sueldos de [&hellip;]<\/p>\n","protected":false},"author":1,"featured_media":1132184,"comment_status":"closed","ping_status":"open","sticky":false,"template":"","format":"standard","meta":{"footnotes":""},"categories":[1],"tags":[],"class_list":["post-479989","post","type-post","status-publish","format-standard","has-post-thumbnail","hentry","category-actualidad"],"aioseo_notices":[],"aioseo_head":"\n\t\t<!-- All in One SEO Pro 5.0.1 - aioseo.com -->\n\t<meta name=\"description\" content=\"Washington, 28 ene (EFE).- El presidente de Estados Unidos, Barack Obama, comunicar\u00e1 hoy al Congreso durante su discurso del Estado de la Uni\u00f3n su decisi\u00f3n de aumentar el salario m\u00ednimo de algunos trabajadores federales mediante orden ejecutiva a 10,10 d\u00f3lares la hora, adelant\u00f3 la Casa Blanca en un comunicado. El presidente elevar\u00e1 los sueldos de\" \/>\n\t<meta name=\"robots\" content=\"max-image-preview:large\" \/>\n\t<meta name=\"author\" content=\"El Digital de Asturias\"\/>\n\t<meta name=\"google-site-verification\" content=\"UA-38556648-1\" \/>\n\t<meta name=\"msvalidate.01\" content=\"7dfe9f3f1b24437ab69f4f2559babe99\" \/>\n\t<meta name=\"keywords\" content=\"actualidad\" \/>\n\t<link rel=\"canonical\" href=\"https:\/\/www.eldigitaldeasturias.com\/noticias\/obama-anunciara-en-discurso-alza-de-salario-minimo-de-trabajadores-federales\/\" \/>\n\t<meta name=\"generator\" content=\"All in One SEO Pro (AIOSEO) 5.0.1\" \/>\n\t\t<meta property=\"og:locale\" content=\"es_ES\" \/>\n\t\t<meta property=\"og:site_name\" content=\"El Digital de Asturias\" \/>\n\t\t<meta property=\"og:type\" content=\"article\" \/>\n\t\t<meta property=\"og:title\" content=\"Obama anunciar\u00e1 en discurso alza de salario m\u00ednimo de trabajadores federales - El Digital de Asturias\" \/>\n\t\t<meta property=\"og:description\" content=\"Washington, 28 ene (EFE).- El presidente de Estados Unidos, Barack Obama, comunicar\u00e1 hoy al Congreso durante su discurso del Estado de la Uni\u00f3n su decisi\u00f3n de aumentar el salario m\u00ednimo de algunos trabajadores federales mediante orden ejecutiva a 10,10 d\u00f3lares la hora, adelant\u00f3 la Casa Blanca en un comunicado. El presidente elevar\u00e1 los sueldos de\" \/>\n\t\t<meta property=\"og:url\" content=\"https:\/\/www.eldigitaldeasturias.com\/noticias\/obama-anunciara-en-discurso-alza-de-salario-minimo-de-trabajadores-federales\/\" \/>\n\t\t<meta property=\"og:image\" content=\"https:\/\/www.eldigitaldeasturias.com\/noticias\/wp-content\/uploads\/2026\/06\/Contenidos.jpg\" \/>\n\t\t<meta property=\"og:image:secure_url\" content=\"https:\/\/www.eldigitaldeasturias.com\/noticias\/wp-content\/uploads\/2026\/06\/Contenidos.jpg\" \/>\n\t\t<meta property=\"og:image:width\" content=\"1265\" \/>\n\t\t<meta property=\"og:image:height\" content=\"697\" \/>\n\t\t<meta property=\"article:tag\" content=\"actualidad\" \/>\n\t\t<meta property=\"article:published_time\" content=\"2014-01-29T15:31:25+00:00\" \/>\n\t\t<meta property=\"article:modified_time\" content=\"2014-01-29T15:31:25+00:00\" \/>\n\t\t<meta property=\"article:publisher\" content=\"https:\/\/facebook.com\/eldigitaldeasturias\" \/>\n\t\t<meta name=\"twitter:card\" content=\"summary_large_image\" \/>\n\t\t<meta name=\"twitter:title\" content=\"Obama anunciar\u00e1 en discurso alza de salario m\u00ednimo de trabajadores federales - El Digital de Asturias\" \/>\n\t\t<meta name=\"twitter:description\" content=\"Washington, 28 ene (EFE).- El presidente de Estados Unidos, Barack Obama, comunicar\u00e1 hoy al Congreso durante su discurso del Estado de la Uni\u00f3n su decisi\u00f3n de aumentar el salario m\u00ednimo de algunos trabajadores federales mediante orden ejecutiva a 10,10 d\u00f3lares la hora, adelant\u00f3 la Casa Blanca en un comunicado. El presidente elevar\u00e1 los sueldos de\" \/>\n\t\t<meta name=\"twitter:image\" content=\"https:\/\/www.eldigitaldeasturias.com\/noticias\/wp-content\/uploads\/2026\/06\/Contenidos.jpg\" \/>\n\t\t<meta name=\"twitter:label1\" content=\"Escrito por\" \/>\n\t\t<meta name=\"twitter:data1\" content=\"El Digital de Asturias\" \/>\n\t\t<meta name=\"twitter:label2\" content=\"Tiempo de lectura estimado\" \/>\n\t\t<meta name=\"twitter:data2\" content=\"2 minutos\" \/>\n\t\t<script type=\"application\/ld+json\" class=\"aioseo-schema\">\n\t\t\t{\"@context\":\"https:\\\/\\\/schema.org\",\"@graph\":[{\"@type\":\"BlogPosting\",\"@id\":\"https:\\\/\\\/www.eldigitaldeasturias.com\\\/noticias\\\/obama-anunciara-en-discurso-alza-de-salario-minimo-de-trabajadores-federales\\\/#blogposting\",\"name\":\"Obama anunciar\\u00e1 en discurso alza de salario m\\u00ednimo de trabajadores federales - El Digital de Asturias\",\"headline\":\"Obama anunciar\\u00e1 en discurso alza de salario m\\u00ednimo de trabajadores federales\",\"author\":{\"@id\":\"https:\\\/\\\/www.eldigitaldeasturias.com\\\/noticias\\\/author\\\/admin\\\/#author\"},\"publisher\":{\"@id\":\"https:\\\/\\\/www.eldigitaldeasturias.com\\\/noticias\\\/#organization\"},\"image\":{\"@type\":\"ImageObject\",\"url\":\"https:\\\/\\\/www.eldigitaldeasturias.com\\\/noticias\\\/wp-content\\\/uploads\\\/2026\\\/06\\\/Contenidos.jpg\",\"width\":1265,\"height\":697,\"caption\":\"Contenidos\"},\"datePublished\":\"2014-01-29T14:31:25+01:00\",\"dateModified\":\"2014-01-29T14:31:25+01:00\",\"inLanguage\":\"es-ES\",\"mainEntityOfPage\":{\"@id\":\"https:\\\/\\\/www.eldigitaldeasturias.com\\\/noticias\\\/obama-anunciara-en-discurso-alza-de-salario-minimo-de-trabajadores-federales\\\/#webpage\"},\"isPartOf\":{\"@id\":\"https:\\\/\\\/www.eldigitaldeasturias.com\\\/noticias\\\/obama-anunciara-en-discurso-alza-de-salario-minimo-de-trabajadores-federales\\\/#webpage\"},\"articleSection\":\"Actualidad\"},{\"@type\":\"BreadcrumbList\",\"@id\":\"https:\\\/\\\/www.eldigitaldeasturias.com\\\/noticias\\\/obama-anunciara-en-discurso-alza-de-salario-minimo-de-trabajadores-federales\\\/#breadcrumblist\",\"itemListElement\":[{\"@type\":\"ListItem\",\"@id\":\"https:\\\/\\\/www.eldigitaldeasturias.com\\\/noticias#listItem\",\"position\":1,\"name\":\"Home\",\"item\":\"https:\\\/\\\/www.eldigitaldeasturias.com\\\/noticias\",\"nextItem\":{\"@type\":\"ListItem\",\"@id\":\"https:\\\/\\\/www.eldigitaldeasturias.com\\\/noticias\\\/category\\\/actualidad\\\/#listItem\",\"name\":\"Actualidad\"}},{\"@type\":\"ListItem\",\"@id\":\"https:\\\/\\\/www.eldigitaldeasturias.com\\\/noticias\\\/category\\\/actualidad\\\/#listItem\",\"position\":2,\"name\":\"Actualidad\",\"item\":\"https:\\\/\\\/www.eldigitaldeasturias.com\\\/noticias\\\/category\\\/actualidad\\\/\",\"nextItem\":{\"@type\":\"ListItem\",\"@id\":\"https:\\\/\\\/www.eldigitaldeasturias.com\\\/noticias\\\/obama-anunciara-en-discurso-alza-de-salario-minimo-de-trabajadores-federales\\\/#listItem\",\"name\":\"Obama anunciar\\u00e1 en discurso alza de salario m\\u00ednimo de trabajadores federales\"},\"previousItem\":{\"@type\":\"ListItem\",\"@id\":\"https:\\\/\\\/www.eldigitaldeasturias.com\\\/noticias#listItem\",\"name\":\"Home\"}},{\"@type\":\"ListItem\",\"@id\":\"https:\\\/\\\/www.eldigitaldeasturias.com\\\/noticias\\\/obama-anunciara-en-discurso-alza-de-salario-minimo-de-trabajadores-federales\\\/#listItem\",\"position\":3,\"name\":\"Obama anunciar\\u00e1 en discurso alza de salario m\\u00ednimo de trabajadores federales\",\"previousItem\":{\"@type\":\"ListItem\",\"@id\":\"https:\\\/\\\/www.eldigitaldeasturias.com\\\/noticias\\\/category\\\/actualidad\\\/#listItem\",\"name\":\"Actualidad\"}}]},{\"@type\":\"Organization\",\"@id\":\"https:\\\/\\\/www.eldigitaldeasturias.com\\\/noticias\\\/#organization\",\"name\":\"El Digital de Asturias\",\"description\":\"Hemeroteca\",\"url\":\"https:\\\/\\\/www.eldigitaldeasturias.com\\\/noticias\\\/\",\"email\":\"info@eldigitaldeasturias.com\",\"telephone\":\"+34652131393\",\"logo\":{\"@type\":\"ImageObject\",\"url\":\"https:\\\/\\\/www.eldigitaldeasturias.com\\\/noticias\\\/wp-content\\\/uploads\\\/2020\\\/12\\\/EDA.jpg\",\"@id\":\"https:\\\/\\\/www.eldigitaldeasturias.com\\\/noticias\\\/obama-anunciara-en-discurso-alza-de-salario-minimo-de-trabajadores-federales\\\/#organizationLogo\"},\"image\":{\"@id\":\"https:\\\/\\\/www.eldigitaldeasturias.com\\\/noticias\\\/obama-anunciara-en-discurso-alza-de-salario-minimo-de-trabajadores-federales\\\/#organizationLogo\"},\"sameAs\":[\"https:\\\/\\\/facebook.com\\\/eldigitaldeasturias\",\"https:\\\/\\\/www.youtube.com\\\/channel\\\/UCZP-2wLEB9Rv6erhFmqVnvg\"],\"address\":{\"@id\":\"https:\\\/\\\/www.eldigitaldeasturias.com\\\/noticias\\\/#postaladdress\",\"@type\":\"PostalAddress\",\"streetAddress\":\"san antonio 4\",\"postalCode\":\"33430\",\"addressLocality\":\"Cand\\u00e1s\",\"addressRegion\":\"Asturias\",\"addressCountry\":\"ES\"}},{\"@type\":\"Person\",\"@id\":\"https:\\\/\\\/www.eldigitaldeasturias.com\\\/noticias\\\/author\\\/admin\\\/#author\",\"url\":\"https:\\\/\\\/www.eldigitaldeasturias.com\\\/noticias\\\/author\\\/admin\\\/\",\"name\":\"El Digital de Asturias\",\"image\":{\"@type\":\"ImageObject\",\"@id\":\"https:\\\/\\\/www.eldigitaldeasturias.com\\\/noticias\\\/obama-anunciara-en-discurso-alza-de-salario-minimo-de-trabajadores-federales\\\/#authorImage\",\"url\":\"https:\\\/\\\/secure.gravatar.com\\\/avatar\\\/df2aeffc32bcd13f8d26072ef8a91b623d677766deac7f97ca815868cd41bf5e?s=96&d=mm&r=g\",\"width\":96,\"height\":96,\"caption\":\"El Digital de Asturias\"}},{\"@type\":\"WebPage\",\"@id\":\"https:\\\/\\\/www.eldigitaldeasturias.com\\\/noticias\\\/obama-anunciara-en-discurso-alza-de-salario-minimo-de-trabajadores-federales\\\/#webpage\",\"url\":\"https:\\\/\\\/www.eldigitaldeasturias.com\\\/noticias\\\/obama-anunciara-en-discurso-alza-de-salario-minimo-de-trabajadores-federales\\\/\",\"name\":\"Obama anunciar\\u00e1 en discurso alza de salario m\\u00ednimo de trabajadores federales - El Digital de Asturias\",\"description\":\"Washington, 28 ene (EFE).- El presidente de Estados Unidos, Barack Obama, comunicar\\u00e1 hoy al Congreso durante su discurso del Estado de la Uni\\u00f3n su decisi\\u00f3n de aumentar el salario m\\u00ednimo de algunos trabajadores federales mediante orden ejecutiva a 10,10 d\\u00f3lares la hora, adelant\\u00f3 la Casa Blanca en un comunicado. El presidente elevar\\u00e1 los sueldos de\",\"inLanguage\":\"es-ES\",\"isPartOf\":{\"@id\":\"https:\\\/\\\/www.eldigitaldeasturias.com\\\/noticias\\\/#website\"},\"breadcrumb\":{\"@id\":\"https:\\\/\\\/www.eldigitaldeasturias.com\\\/noticias\\\/obama-anunciara-en-discurso-alza-de-salario-minimo-de-trabajadores-federales\\\/#breadcrumblist\"},\"author\":{\"@id\":\"https:\\\/\\\/www.eldigitaldeasturias.com\\\/noticias\\\/author\\\/admin\\\/#author\"},\"creator\":{\"@id\":\"https:\\\/\\\/www.eldigitaldeasturias.com\\\/noticias\\\/author\\\/admin\\\/#author\"},\"image\":{\"@type\":\"ImageObject\",\"url\":\"https:\\\/\\\/www.eldigitaldeasturias.com\\\/noticias\\\/wp-content\\\/uploads\\\/2026\\\/06\\\/Contenidos.jpg\",\"@id\":\"https:\\\/\\\/www.eldigitaldeasturias.com\\\/noticias\\\/obama-anunciara-en-discurso-alza-de-salario-minimo-de-trabajadores-federales\\\/#mainImage\",\"width\":1265,\"height\":697,\"caption\":\"Contenidos\"},\"primaryImageOfPage\":{\"@id\":\"https:\\\/\\\/www.eldigitaldeasturias.com\\\/noticias\\\/obama-anunciara-en-discurso-alza-de-salario-minimo-de-trabajadores-federales\\\/#mainImage\"},\"datePublished\":\"2014-01-29T14:31:25+01:00\",\"dateModified\":\"2014-01-29T14:31:25+01:00\"},{\"@type\":\"WebSite\",\"@id\":\"https:\\\/\\\/www.eldigitaldeasturias.com\\\/noticias\\\/#website\",\"url\":\"https:\\\/\\\/www.eldigitaldeasturias.com\\\/noticias\\\/\",\"name\":\"El Digital de Asturias - Diario de actualidad y noticias\",\"alternateName\":\"El Digital de Asturias - Diario de actualidad y noticias\",\"description\":\"Hemeroteca\",\"inLanguage\":\"es-ES\",\"publisher\":{\"@id\":\"https:\\\/\\\/www.eldigitaldeasturias.com\\\/noticias\\\/#organization\"}}]}\n\t\t<\/script>\n\t\t<!-- All in One SEO Pro -->\r\n\t\t<title>Obama anunciar\u00e1 en discurso alza de salario m\u00ednimo de trabajadores federales - El Digital de Asturias<\/title>\n\n","aioseo_head_json":{"title":"Obama anunciar\u00e1 en discurso alza de salario m\u00ednimo de trabajadores federales - El Digital de Asturias","description":"Washington, 28 ene (EFE).- El presidente de Estados Unidos, Barack Obama, comunicar\u00e1 hoy al Congreso durante su discurso del Estado de la Uni\u00f3n su decisi\u00f3n de aumentar el salario m\u00ednimo de algunos trabajadores federales mediante orden ejecutiva a 10,10 d\u00f3lares la hora, adelant\u00f3 la Casa Blanca en un comunicado. El presidente elevar\u00e1 los sueldos de","canonical_url":"https:\/\/www.eldigitaldeasturias.com\/noticias\/obama-anunciara-en-discurso-alza-de-salario-minimo-de-trabajadores-federales\/","robots":"max-image-preview:large","keywords":"actualidad","webmasterTools":{"google-site-verification":"UA-38556648-1","msvalidate.01":"7dfe9f3f1b24437ab69f4f2559babe99","miscellaneous":""},"schema":{"@context":"https:\/\/schema.org","@graph":[{"@type":"BlogPosting","@id":"https:\/\/www.eldigitaldeasturias.com\/noticias\/obama-anunciara-en-discurso-alza-de-salario-minimo-de-trabajadores-federales\/#blogposting","name":"Obama anunciar\u00e1 en discurso alza de salario m\u00ednimo de trabajadores federales - El Digital de Asturias","headline":"Obama anunciar\u00e1 en discurso alza de salario m\u00ednimo de trabajadores federales","author":{"@id":"https:\/\/www.eldigitaldeasturias.com\/noticias\/author\/admin\/#author"},"publisher":{"@id":"https:\/\/www.eldigitaldeasturias.com\/noticias\/#organization"},"image":{"@type":"ImageObject","url":"https:\/\/www.eldigitaldeasturias.com\/noticias\/wp-content\/uploads\/2026\/06\/Contenidos.jpg","width":1265,"height":697,"caption":"Contenidos"},"datePublished":"2014-01-29T14:31:25+01:00","dateModified":"2014-01-29T14:31:25+01:00","inLanguage":"es-ES","mainEntityOfPage":{"@id":"https:\/\/www.eldigitaldeasturias.com\/noticias\/obama-anunciara-en-discurso-alza-de-salario-minimo-de-trabajadores-federales\/#webpage"},"isPartOf":{"@id":"https:\/\/www.eldigitaldeasturias.com\/noticias\/obama-anunciara-en-discurso-alza-de-salario-minimo-de-trabajadores-federales\/#webpage"},"articleSection":"Actualidad"},{"@type":"BreadcrumbList","@id":"https:\/\/www.eldigitaldeasturias.com\/noticias\/obama-anunciara-en-discurso-alza-de-salario-minimo-de-trabajadores-federales\/#breadcrumblist","itemListElement":[{"@type":"ListItem","@id":"https:\/\/www.eldigitaldeasturias.com\/noticias#listItem","position":1,"name":"Home","item":"https:\/\/www.eldigitaldeasturias.com\/noticias","nextItem":{"@type":"ListItem","@id":"https:\/\/www.eldigitaldeasturias.com\/noticias\/category\/actualidad\/#listItem","name":"Actualidad"}},{"@type":"ListItem","@id":"https:\/\/www.eldigitaldeasturias.com\/noticias\/category\/actualidad\/#listItem","position":2,"name":"Actualidad","item":"https:\/\/www.eldigitaldeasturias.com\/noticias\/category\/actualidad\/","nextItem":{"@type":"ListItem","@id":"https:\/\/www.eldigitaldeasturias.com\/noticias\/obama-anunciara-en-discurso-alza-de-salario-minimo-de-trabajadores-federales\/#listItem","name":"Obama anunciar\u00e1 en discurso alza de salario m\u00ednimo de trabajadores federales"},"previousItem":{"@type":"ListItem","@id":"https:\/\/www.eldigitaldeasturias.com\/noticias#listItem","name":"Home"}},{"@type":"ListItem","@id":"https:\/\/www.eldigitaldeasturias.com\/noticias\/obama-anunciara-en-discurso-alza-de-salario-minimo-de-trabajadores-federales\/#listItem","position":3,"name":"Obama anunciar\u00e1 en discurso alza de salario m\u00ednimo de trabajadores federales","previousItem":{"@type":"ListItem","@id":"https:\/\/www.eldigitaldeasturias.com\/noticias\/category\/actualidad\/#listItem","name":"Actualidad"}}]},{"@type":"Organization","@id":"https:\/\/www.eldigitaldeasturias.com\/noticias\/#organization","name":"El Digital de Asturias","description":"Hemeroteca","url":"https:\/\/www.eldigitaldeasturias.com\/noticias\/","email":"info@eldigitaldeasturias.com","telephone":"+34652131393","logo":{"@type":"ImageObject","url":"https:\/\/www.eldigitaldeasturias.com\/noticias\/wp-content\/uploads\/2020\/12\/EDA.jpg","@id":"https:\/\/www.eldigitaldeasturias.com\/noticias\/obama-anunciara-en-discurso-alza-de-salario-minimo-de-trabajadores-federales\/#organizationLogo"},"image":{"@id":"https:\/\/www.eldigitaldeasturias.com\/noticias\/obama-anunciara-en-discurso-alza-de-salario-minimo-de-trabajadores-federales\/#organizationLogo"},"sameAs":["https:\/\/facebook.com\/eldigitaldeasturias","https:\/\/www.youtube.com\/channel\/UCZP-2wLEB9Rv6erhFmqVnvg"],"address":{"@id":"https:\/\/www.eldigitaldeasturias.com\/noticias\/#postaladdress","@type":"PostalAddress","streetAddress":"san antonio 4","postalCode":"33430","addressLocality":"Cand\u00e1s","addressRegion":"Asturias","addressCountry":"ES"}},{"@type":"Person","@id":"https:\/\/www.eldigitaldeasturias.com\/noticias\/author\/admin\/#author","url":"https:\/\/www.eldigitaldeasturias.com\/noticias\/author\/admin\/","name":"El Digital de Asturias","image":{"@type":"ImageObject","@id":"https:\/\/www.eldigitaldeasturias.com\/noticias\/obama-anunciara-en-discurso-alza-de-salario-minimo-de-trabajadores-federales\/#authorImage","url":"https:\/\/secure.gravatar.com\/avatar\/df2aeffc32bcd13f8d26072ef8a91b623d677766deac7f97ca815868cd41bf5e?s=96&d=mm&r=g","width":96,"height":96,"caption":"El Digital de Asturias"}},{"@type":"WebPage","@id":"https:\/\/www.eldigitaldeasturias.com\/noticias\/obama-anunciara-en-discurso-alza-de-salario-minimo-de-trabajadores-federales\/#webpage","url":"https:\/\/www.eldigitaldeasturias.com\/noticias\/obama-anunciara-en-discurso-alza-de-salario-minimo-de-trabajadores-federales\/","name":"Obama anunciar\u00e1 en discurso alza de salario m\u00ednimo de trabajadores federales - El Digital de Asturias","description":"Washington, 28 ene (EFE).- El presidente de Estados Unidos, Barack Obama, comunicar\u00e1 hoy al Congreso durante su discurso del Estado de la Uni\u00f3n su decisi\u00f3n de aumentar el salario m\u00ednimo de algunos trabajadores federales mediante orden ejecutiva a 10,10 d\u00f3lares la hora, adelant\u00f3 la Casa Blanca en un comunicado. El presidente elevar\u00e1 los sueldos de","inLanguage":"es-ES","isPartOf":{"@id":"https:\/\/www.eldigitaldeasturias.com\/noticias\/#website"},"breadcrumb":{"@id":"https:\/\/www.eldigitaldeasturias.com\/noticias\/obama-anunciara-en-discurso-alza-de-salario-minimo-de-trabajadores-federales\/#breadcrumblist"},"author":{"@id":"https:\/\/www.eldigitaldeasturias.com\/noticias\/author\/admin\/#author"},"creator":{"@id":"https:\/\/www.eldigitaldeasturias.com\/noticias\/author\/admin\/#author"},"image":{"@type":"ImageObject","url":"https:\/\/www.eldigitaldeasturias.com\/noticias\/wp-content\/uploads\/2026\/06\/Contenidos.jpg","@id":"https:\/\/www.eldigitaldeasturias.com\/noticias\/obama-anunciara-en-discurso-alza-de-salario-minimo-de-trabajadores-federales\/#mainImage","width":1265,"height":697,"caption":"Contenidos"},"primaryImageOfPage":{"@id":"https:\/\/www.eldigitaldeasturias.com\/noticias\/obama-anunciara-en-discurso-alza-de-salario-minimo-de-trabajadores-federales\/#mainImage"},"datePublished":"2014-01-29T14:31:25+01:00","dateModified":"2014-01-29T14:31:25+01:00"},{"@type":"WebSite","@id":"https:\/\/www.eldigitaldeasturias.com\/noticias\/#website","url":"https:\/\/www.eldigitaldeasturias.com\/noticias\/","name":"El Digital de Asturias - Diario de actualidad y noticias","alternateName":"El Digital de Asturias - Diario de actualidad y noticias","description":"Hemeroteca","inLanguage":"es-ES","publisher":{"@id":"https:\/\/www.eldigitaldeasturias.com\/noticias\/#organization"}}]},"og:locale":"es_ES","og:site_name":"El Digital de Asturias","og:type":"article","og:title":"Obama anunciar\u00e1 en discurso alza de salario m\u00ednimo de trabajadores federales - El Digital de Asturias","og:description":"Washington, 28 ene (EFE).- El presidente de Estados Unidos, Barack Obama, comunicar\u00e1 hoy al Congreso durante su discurso del Estado de la Uni\u00f3n su decisi\u00f3n de aumentar el salario m\u00ednimo de algunos trabajadores federales mediante orden ejecutiva a 10,10 d\u00f3lares la hora, adelant\u00f3 la Casa Blanca en un comunicado. El presidente elevar\u00e1 los sueldos de","og:url":"https:\/\/www.eldigitaldeasturias.com\/noticias\/obama-anunciara-en-discurso-alza-de-salario-minimo-de-trabajadores-federales\/","og:image":"https:\/\/www.eldigitaldeasturias.com\/noticias\/wp-content\/uploads\/2026\/06\/Contenidos.jpg","og:image:secure_url":"https:\/\/www.eldigitaldeasturias.com\/noticias\/wp-content\/uploads\/2026\/06\/Contenidos.jpg","og:image:width":1265,"og:image:height":697,"article:tag":["actualidad"],"article:published_time":"2014-01-29T15:31:25+00:00","article:modified_time":"2014-01-29T15:31:25+00:00","article:publisher":"https:\/\/facebook.com\/eldigitaldeasturias","twitter:card":"summary_large_image","twitter:title":"Obama anunciar\u00e1 en discurso alza de salario m\u00ednimo de trabajadores federales - El Digital de Asturias","twitter:description":"Washington, 28 ene (EFE).- El presidente de Estados Unidos, Barack Obama, comunicar\u00e1 hoy al Congreso durante su discurso del Estado de la Uni\u00f3n su decisi\u00f3n de aumentar el salario m\u00ednimo de algunos trabajadores federales mediante orden ejecutiva a 10,10 d\u00f3lares la hora, adelant\u00f3 la Casa Blanca en un comunicado. El presidente elevar\u00e1 los sueldos de","twitter:image":"https:\/\/www.eldigitaldeasturias.com\/noticias\/wp-content\/uploads\/2026\/06\/Contenidos.jpg","twitter:label1":"Escrito por","twitter:data1":"El Digital de Asturias","twitter:label2":"Tiempo de lectura estimado","twitter:data2":"2 minutos"},"aioseo_meta_data":{"post_id":"479989","title":null,"description":null,"keywords":null,"keyphrases":null,"primary_term":null,"canonical_url":null,"og_title":null,"og_description":null,"og_object_type":"default","og_image_type":"default","og_image_url":null,"og_image_width":null,"og_image_height":null,"og_image_custom_url":null,"og_image_custom_fields":null,"og_video":null,"og_custom_url":null,"og_article_section":null,"og_article_tags":null,"twitter_use_og":true,"twitter_card":"default","twitter_image_type":"default","twitter_image_url":null,"twitter_image_custom_url":null,"twitter_image_custom_fields":null,"twitter_title":null,"twitter_description":null,"schema":{"blockGraphs":[],"customGraphs":[],"default":{"data":{"Article":[],"Course":[],"Dataset":[],"FAQPage":[],"Movie":[],"Person":[],"Product":[],"ProductReview":[],"Car":[],"Recipe":[],"Service":[],"SoftwareApplication":[],"WebPage":[]},"graphName":"","isEnabled":true},"graphs":[],"defaultGraph":"","defaultPostTypeGraph":""},"schema_type":null,"schema_type_options":null,"pillar_content":false,"robots_default":true,"robots_noindex":false,"robots_noarchive":false,"robots_nosnippet":false,"robots_nofollow":false,"robots_noimageindex":false,"robots_noodp":false,"robots_notranslate":false,"robots_max_snippet":null,"robots_max_videopreview":null,"robots_max_imagepreview":"none","priority":null,"frequency":null,"local_seo":null,"seo_analyzer_scan_date":"2026-06-02 02:21:54","breadcrumb_settings":null,"limit_modified_date":false,"open_ai":null,"ai":null,"created":"2020-11-14 22:54:08","updated":"2026-06-02 02:21:54","focus_keyword":null,"additional_keywords":null,"truseo_locale":null},"aioseo_breadcrumb":"<div class=\"aioseo-breadcrumbs\"><span class=\"aioseo-breadcrumb\">\n\t<a href=\"https:\/\/www.eldigitaldeasturias.com\/noticias\" title=\"Home\">Home<\/a>\n<\/span><span class=\"aioseo-breadcrumb-separator\">\u2013<\/span><span class=\"aioseo-breadcrumb\">\n\t<a href=\"https:\/\/www.eldigitaldeasturias.com\/noticias\/category\/actualidad\/\" title=\"Actualidad\">Actualidad<\/a>\n<\/span><span class=\"aioseo-breadcrumb-separator\">\u2013<\/span><span class=\"aioseo-breadcrumb\">\n\t<a href=\"https:\/\/www.eldigitaldeasturias.com\/noticias\/obama-anunciara-en-discurso-alza-de-salario-minimo-de-trabajadores-federales\/\" title=\"Obama anunciar\u00e1 en discurso alza de salario m\u00ednimo de trabajadores federales\">Obama anunciar\u00e1 en discurso alza de salario m\u00ednimo de trabajadores federales<\/a>\n<\/span><\/div>","aioseo_breadcrumb_json":[{"label":"Home","link":"https:\/\/www.eldigitaldeasturias.com\/noticias"},{"label":"Actualidad","link":"https:\/\/www.eldigitaldeasturias.com\/noticias\/category\/actualidad\/"},{"label":"Obama anunciar\u00e1 en discurso alza de salario m\u00ednimo de trabajadores federales","link":"https:\/\/www.eldigitaldeasturias.com\/noticias\/obama-anunciara-en-discurso-alza-de-salario-minimo-de-trabajadores-federales\/"}],"_links":{"self":[{"href":"https:\/\/www.eldigitaldeasturias.com\/noticias\/wp-json\/wp\/v2\/posts\/479989","targetHints":{"allow":["GET"]}}],"collection":[{"href":"https:\/\/www.eldigitaldeasturias.com\/noticias\/wp-json\/wp\/v2\/posts"}],"about":[{"href":"https:\/\/www.eldigitaldeasturias.com\/noticias\/wp-json\/wp\/v2\/types\/post"}],"author":[{"embeddable":true,"href":"https:\/\/www.eldigitaldeasturias.com\/noticias\/wp-json\/wp\/v2\/users\/1"}],"replies":[{"embeddable":true,"href":"https:\/\/www.eldigitaldeasturias.com\/noticias\/wp-json\/wp\/v2\/comments?post=479989"}],"version-history":[{"count":0,"href":"https:\/\/www.eldigitaldeasturias.com\/noticias\/wp-json\/wp\/v2\/posts\/479989\/revisions"}],"wp:featuredmedia":[{"embeddable":true,"href":"https:\/\/www.eldigitaldeasturias.com\/noticias\/wp-json\/wp\/v2\/media\/1132184"}],"wp:attachment":[{"href":"https:\/\/www.eldigitaldeasturias.com\/noticias\/wp-json\/wp\/v2\/media?parent=479989"}],"wp:term":[{"taxonomy":"category","embeddable":true,"href":"https:\/\/www.eldigitaldeasturias.com\/noticias\/wp-json\/wp\/v2\/categories?post=479989"},{"taxonomy":"post_tag","embeddable":true,"href":"https:\/\/www.eldigitaldeasturias.com\/noticias\/wp-json\/wp\/v2\/tags?post=479989"}],"curies":[{"name":"wp","href":"https:\/\/api.w.org\/{rel}","templated":true}]}}