{"id":479983,"date":"2014-01-29T14:29:30","date_gmt":"2014-01-29T15:29:30","guid":{"rendered":"http:\/\/www.eldigitaldeasturias.com\/noticias\/?p=479983"},"modified":"2014-01-29T14:29:30","modified_gmt":"2014-01-29T15:29:30","slug":"los-consejeros-del-pp-dejan-de-confiar-en-el-director-de-etb-por-su-gestion","status":"publish","type":"post","link":"https:\/\/www.eldigitaldeasturias.com\/noticias\/los-consejeros-del-pp-dejan-de-confiar-en-el-director-de-etb-por-su-gestion\/","title":{"rendered":"Los consejeros del PP dejan de confiar en el director de ETB por su gesti\u00f3n"},"content":{"rendered":"<p><img loading=\"lazy\" decoding=\"async\" class=\"alignleft size-medium wp-image-479984\" alt=\"5884881w\" src=\"https:\/\/www.eldigitaldeasturias.com\/noticias\/wp-content\/uploads\/2014\/01\/5884881w-360x262.jpg\" width=\"360\" height=\"262\" \/>La postura de los consejeros del PP hacia Sarasola se ha expresado en la reuni\u00f3n del consejo de administraci\u00f3n celebrada esta tarde en la sede de EiTB en Bilbao, han informado a EFE fuentes de este \u00f3rgano.<\/p>\n<p>Seg\u00fan los consejeros propuestos por el PP, la mayor\u00eda de los nuevos programas introducidos en ETB 1 (euskera) y ETB 2 (castellano) no est\u00e1 dando los resultados esperados y \u00abno hay una estrategia\u00bb clara para hacer que la oferta sea \u00abatractiva y competitiva y atraer de este modo m\u00e1s publicidad\u00bb, seg\u00fan las fuentes.<\/p>\n<p>Tambi\u00e9n han criticado a Sarasola, al frente de ETB desde la llegada de la nueva direcci\u00f3n el pasado mes de marzo, la l\u00ednea editorial de la cadena.<\/p>\n<p>Han puesto como ejemplo el caso de una redactora que dijo sentirse \u00abencantada\u00bb de informar, en directo en el programa vespertino \u00abSin ir m\u00e1s lejos\u00bb de ETB 2, de la rueda de prensa ofrecida por los presidentes del PNV, Andoni Ortuzar, y de Sortu, Hasier Arraiz, sobre la marcha conjunta convocada en Bilbao el pasado d\u00eda 11.<\/p>\n<p>Sobre este asunto, la directora de EiTB, Maite Iturbe, ha explicado que la periodista hizo ese comentario para expresar su satisfacci\u00f3n por cubrir ese acto informativo sin pretender que fuera un juicio de valor, han a\u00f1adido las fuentes.<\/p>\n<p>Los consejeros del PP han reclamado que haya un estilo de informar en el que \u00abprime la pluralidad\u00bb, opini\u00f3n que ha sido compartida por los miembros del consejo de EiTB propuestos por el PSE.<\/p>\n<p>Iturbe ha expuesto a los consejeros los resultados de audiencia y las cifras con que se cerr\u00f3 el ejercicio pasado, destacando el hecho de que se lograra que no hubiera d\u00e9ficit.<\/p>\n<p>Algunos consejeros han reprochado que este equilibrio presupuestario se consiguiese con una partida adicional de 4 millones por parte del Gobierno Vasco, seg\u00fan las fuentes.<\/p>\n<p>Tambi\u00e9n han recordado que los resultados de audiencia no han sufrido apenas mejor\u00eda respecto a la anterior etapa, con Alberto Surio de director del ente, cuando el PNV los criticaba.<\/p>\n","protected":false},"excerpt":{"rendered":"<p>La postura de los consejeros del PP hacia Sarasola se ha expresado en la reuni\u00f3n del consejo de administraci\u00f3n celebrada esta tarde en la sede de EiTB en Bilbao, han informado a EFE fuentes de este \u00f3rgano. Seg\u00fan los consejeros propuestos por el PP, la mayor\u00eda de los nuevos programas introducidos en ETB 1 (euskera) [&hellip;]<\/p>\n","protected":false},"author":1,"featured_media":1132184,"comment_status":"closed","ping_status":"open","sticky":false,"template":"","format":"standard","meta":{"footnotes":""},"categories":[1],"tags":[],"class_list":["post-479983","post","type-post","status-publish","format-standard","has-post-thumbnail","hentry","category-actualidad"],"aioseo_notices":[],"aioseo_head":"\n\t\t<!-- All in One SEO Pro 5.0.1 - aioseo.com -->\n\t<meta name=\"description\" content=\"La postura de los consejeros del PP hacia Sarasola se ha expresado en la reuni\u00f3n del consejo de administraci\u00f3n celebrada esta tarde en la sede de EiTB en Bilbao, han informado a EFE fuentes de este \u00f3rgano. Seg\u00fan los consejeros propuestos por el PP, la mayor\u00eda de los nuevos programas introducidos en ETB 1 (euskera)\" \/>\n\t<meta name=\"robots\" content=\"max-image-preview:large\" \/>\n\t<meta name=\"author\" content=\"El Digital de Asturias\"\/>\n\t<meta name=\"google-site-verification\" content=\"UA-38556648-1\" \/>\n\t<meta name=\"msvalidate.01\" content=\"7dfe9f3f1b24437ab69f4f2559babe99\" \/>\n\t<meta name=\"keywords\" content=\"actualidad\" \/>\n\t<link rel=\"canonical\" href=\"https:\/\/www.eldigitaldeasturias.com\/noticias\/los-consejeros-del-pp-dejan-de-confiar-en-el-director-de-etb-por-su-gestion\/\" \/>\n\t<meta name=\"generator\" content=\"All in One SEO Pro (AIOSEO) 5.0.1\" \/>\n\t\t<meta property=\"og:locale\" content=\"es_ES\" \/>\n\t\t<meta property=\"og:site_name\" content=\"El Digital de Asturias\" \/>\n\t\t<meta property=\"og:type\" content=\"article\" \/>\n\t\t<meta property=\"og:title\" content=\"Los consejeros del PP dejan de confiar en el director de ETB por su gesti\u00f3n - El Digital de Asturias\" \/>\n\t\t<meta property=\"og:description\" content=\"La postura de los consejeros del PP hacia Sarasola se ha expresado en la reuni\u00f3n del consejo de administraci\u00f3n celebrada esta tarde en la sede de EiTB en Bilbao, han informado a EFE fuentes de este \u00f3rgano. Seg\u00fan los consejeros propuestos por el PP, la mayor\u00eda de los nuevos programas introducidos en ETB 1 (euskera)\" \/>\n\t\t<meta property=\"og:url\" content=\"https:\/\/www.eldigitaldeasturias.com\/noticias\/los-consejeros-del-pp-dejan-de-confiar-en-el-director-de-etb-por-su-gestion\/\" \/>\n\t\t<meta property=\"og:image\" content=\"https:\/\/www.eldigitaldeasturias.com\/noticias\/wp-content\/uploads\/2026\/06\/Contenidos.jpg\" \/>\n\t\t<meta property=\"og:image:secure_url\" content=\"https:\/\/www.eldigitaldeasturias.com\/noticias\/wp-content\/uploads\/2026\/06\/Contenidos.jpg\" \/>\n\t\t<meta property=\"og:image:width\" content=\"1265\" \/>\n\t\t<meta property=\"og:image:height\" content=\"697\" \/>\n\t\t<meta property=\"article:tag\" content=\"actualidad\" \/>\n\t\t<meta property=\"article:published_time\" content=\"2014-01-29T15:29:30+00:00\" \/>\n\t\t<meta property=\"article:modified_time\" content=\"2014-01-29T15:29:30+00:00\" \/>\n\t\t<meta property=\"article:publisher\" content=\"https:\/\/facebook.com\/eldigitaldeasturias\" \/>\n\t\t<meta name=\"twitter:card\" content=\"summary_large_image\" \/>\n\t\t<meta name=\"twitter:title\" content=\"Los consejeros del PP dejan de confiar en el director de ETB por su gesti\u00f3n - El Digital de Asturias\" \/>\n\t\t<meta name=\"twitter:description\" content=\"La postura de los consejeros del PP hacia Sarasola se ha expresado en la reuni\u00f3n del consejo de administraci\u00f3n celebrada esta tarde en la sede de EiTB en Bilbao, han informado a EFE fuentes de este \u00f3rgano. Seg\u00fan los consejeros propuestos por el PP, la mayor\u00eda de los nuevos programas introducidos en ETB 1 (euskera)\" \/>\n\t\t<meta name=\"twitter:image\" content=\"https:\/\/www.eldigitaldeasturias.com\/noticias\/wp-content\/uploads\/2026\/06\/Contenidos.jpg\" \/>\n\t\t<meta name=\"twitter:label1\" content=\"Escrito por\" \/>\n\t\t<meta name=\"twitter:data1\" content=\"El Digital de Asturias\" \/>\n\t\t<meta name=\"twitter:label2\" content=\"Tiempo de lectura estimado\" \/>\n\t\t<meta name=\"twitter:data2\" content=\"2 minutos\" \/>\n\t\t<script type=\"application\/ld+json\" class=\"aioseo-schema\">\n\t\t\t{\"@context\":\"https:\\\/\\\/schema.org\",\"@graph\":[{\"@type\":\"BlogPosting\",\"@id\":\"https:\\\/\\\/www.eldigitaldeasturias.com\\\/noticias\\\/los-consejeros-del-pp-dejan-de-confiar-en-el-director-de-etb-por-su-gestion\\\/#blogposting\",\"name\":\"Los consejeros del PP dejan de confiar en el director de ETB por su gesti\\u00f3n - El Digital de Asturias\",\"headline\":\"Los consejeros del PP dejan de confiar en el director de ETB por su gesti\\u00f3n\",\"author\":{\"@id\":\"https:\\\/\\\/www.eldigitaldeasturias.com\\\/noticias\\\/author\\\/admin\\\/#author\"},\"publisher\":{\"@id\":\"https:\\\/\\\/www.eldigitaldeasturias.com\\\/noticias\\\/#organization\"},\"image\":{\"@type\":\"ImageObject\",\"url\":\"https:\\\/\\\/www.eldigitaldeasturias.com\\\/noticias\\\/wp-content\\\/uploads\\\/2026\\\/06\\\/Contenidos.jpg\",\"width\":1265,\"height\":697,\"caption\":\"Contenidos\"},\"datePublished\":\"2014-01-29T14:29:30+01:00\",\"dateModified\":\"2014-01-29T14:29:30+01:00\",\"inLanguage\":\"es-ES\",\"mainEntityOfPage\":{\"@id\":\"https:\\\/\\\/www.eldigitaldeasturias.com\\\/noticias\\\/los-consejeros-del-pp-dejan-de-confiar-en-el-director-de-etb-por-su-gestion\\\/#webpage\"},\"isPartOf\":{\"@id\":\"https:\\\/\\\/www.eldigitaldeasturias.com\\\/noticias\\\/los-consejeros-del-pp-dejan-de-confiar-en-el-director-de-etb-por-su-gestion\\\/#webpage\"},\"articleSection\":\"Actualidad\"},{\"@type\":\"BreadcrumbList\",\"@id\":\"https:\\\/\\\/www.eldigitaldeasturias.com\\\/noticias\\\/los-consejeros-del-pp-dejan-de-confiar-en-el-director-de-etb-por-su-gestion\\\/#breadcrumblist\",\"itemListElement\":[{\"@type\":\"ListItem\",\"@id\":\"https:\\\/\\\/www.eldigitaldeasturias.com\\\/noticias#listItem\",\"position\":1,\"name\":\"Home\",\"item\":\"https:\\\/\\\/www.eldigitaldeasturias.com\\\/noticias\",\"nextItem\":{\"@type\":\"ListItem\",\"@id\":\"https:\\\/\\\/www.eldigitaldeasturias.com\\\/noticias\\\/category\\\/actualidad\\\/#listItem\",\"name\":\"Actualidad\"}},{\"@type\":\"ListItem\",\"@id\":\"https:\\\/\\\/www.eldigitaldeasturias.com\\\/noticias\\\/category\\\/actualidad\\\/#listItem\",\"position\":2,\"name\":\"Actualidad\",\"item\":\"https:\\\/\\\/www.eldigitaldeasturias.com\\\/noticias\\\/category\\\/actualidad\\\/\",\"nextItem\":{\"@type\":\"ListItem\",\"@id\":\"https:\\\/\\\/www.eldigitaldeasturias.com\\\/noticias\\\/los-consejeros-del-pp-dejan-de-confiar-en-el-director-de-etb-por-su-gestion\\\/#listItem\",\"name\":\"Los consejeros del PP dejan de confiar en el director de ETB por su gesti\\u00f3n\"},\"previousItem\":{\"@type\":\"ListItem\",\"@id\":\"https:\\\/\\\/www.eldigitaldeasturias.com\\\/noticias#listItem\",\"name\":\"Home\"}},{\"@type\":\"ListItem\",\"@id\":\"https:\\\/\\\/www.eldigitaldeasturias.com\\\/noticias\\\/los-consejeros-del-pp-dejan-de-confiar-en-el-director-de-etb-por-su-gestion\\\/#listItem\",\"position\":3,\"name\":\"Los consejeros del PP dejan de confiar en el director de ETB por su gesti\\u00f3n\",\"previousItem\":{\"@type\":\"ListItem\",\"@id\":\"https:\\\/\\\/www.eldigitaldeasturias.com\\\/noticias\\\/category\\\/actualidad\\\/#listItem\",\"name\":\"Actualidad\"}}]},{\"@type\":\"Organization\",\"@id\":\"https:\\\/\\\/www.eldigitaldeasturias.com\\\/noticias\\\/#organization\",\"name\":\"El Digital de Asturias\",\"description\":\"Hemeroteca\",\"url\":\"https:\\\/\\\/www.eldigitaldeasturias.com\\\/noticias\\\/\",\"email\":\"info@eldigitaldeasturias.com\",\"telephone\":\"+34652131393\",\"logo\":{\"@type\":\"ImageObject\",\"url\":\"https:\\\/\\\/www.eldigitaldeasturias.com\\\/noticias\\\/wp-content\\\/uploads\\\/2020\\\/12\\\/EDA.jpg\",\"@id\":\"https:\\\/\\\/www.eldigitaldeasturias.com\\\/noticias\\\/los-consejeros-del-pp-dejan-de-confiar-en-el-director-de-etb-por-su-gestion\\\/#organizationLogo\"},\"image\":{\"@id\":\"https:\\\/\\\/www.eldigitaldeasturias.com\\\/noticias\\\/los-consejeros-del-pp-dejan-de-confiar-en-el-director-de-etb-por-su-gestion\\\/#organizationLogo\"},\"sameAs\":[\"https:\\\/\\\/facebook.com\\\/eldigitaldeasturias\",\"https:\\\/\\\/www.youtube.com\\\/channel\\\/UCZP-2wLEB9Rv6erhFmqVnvg\"],\"address\":{\"@id\":\"https:\\\/\\\/www.eldigitaldeasturias.com\\\/noticias\\\/#postaladdress\",\"@type\":\"PostalAddress\",\"streetAddress\":\"san antonio 4\",\"postalCode\":\"33430\",\"addressLocality\":\"Cand\\u00e1s\",\"addressRegion\":\"Asturias\",\"addressCountry\":\"ES\"}},{\"@type\":\"Person\",\"@id\":\"https:\\\/\\\/www.eldigitaldeasturias.com\\\/noticias\\\/author\\\/admin\\\/#author\",\"url\":\"https:\\\/\\\/www.eldigitaldeasturias.com\\\/noticias\\\/author\\\/admin\\\/\",\"name\":\"El Digital de Asturias\",\"image\":{\"@type\":\"ImageObject\",\"@id\":\"https:\\\/\\\/www.eldigitaldeasturias.com\\\/noticias\\\/los-consejeros-del-pp-dejan-de-confiar-en-el-director-de-etb-por-su-gestion\\\/#authorImage\",\"url\":\"https:\\\/\\\/secure.gravatar.com\\\/avatar\\\/df2aeffc32bcd13f8d26072ef8a91b623d677766deac7f97ca815868cd41bf5e?s=96&d=mm&r=g\",\"width\":96,\"height\":96,\"caption\":\"El Digital de Asturias\"}},{\"@type\":\"WebPage\",\"@id\":\"https:\\\/\\\/www.eldigitaldeasturias.com\\\/noticias\\\/los-consejeros-del-pp-dejan-de-confiar-en-el-director-de-etb-por-su-gestion\\\/#webpage\",\"url\":\"https:\\\/\\\/www.eldigitaldeasturias.com\\\/noticias\\\/los-consejeros-del-pp-dejan-de-confiar-en-el-director-de-etb-por-su-gestion\\\/\",\"name\":\"Los consejeros del PP dejan de confiar en el director de ETB por su gesti\\u00f3n - El Digital de Asturias\",\"description\":\"La postura de los consejeros del PP hacia Sarasola se ha expresado en la reuni\\u00f3n del consejo de administraci\\u00f3n celebrada esta tarde en la sede de EiTB en Bilbao, han informado a EFE fuentes de este \\u00f3rgano. Seg\\u00fan los consejeros propuestos por el PP, la mayor\\u00eda de los nuevos programas introducidos en ETB 1 (euskera)\",\"inLanguage\":\"es-ES\",\"isPartOf\":{\"@id\":\"https:\\\/\\\/www.eldigitaldeasturias.com\\\/noticias\\\/#website\"},\"breadcrumb\":{\"@id\":\"https:\\\/\\\/www.eldigitaldeasturias.com\\\/noticias\\\/los-consejeros-del-pp-dejan-de-confiar-en-el-director-de-etb-por-su-gestion\\\/#breadcrumblist\"},\"author\":{\"@id\":\"https:\\\/\\\/www.eldigitaldeasturias.com\\\/noticias\\\/author\\\/admin\\\/#author\"},\"creator\":{\"@id\":\"https:\\\/\\\/www.eldigitaldeasturias.com\\\/noticias\\\/author\\\/admin\\\/#author\"},\"image\":{\"@type\":\"ImageObject\",\"url\":\"https:\\\/\\\/www.eldigitaldeasturias.com\\\/noticias\\\/wp-content\\\/uploads\\\/2026\\\/06\\\/Contenidos.jpg\",\"@id\":\"https:\\\/\\\/www.eldigitaldeasturias.com\\\/noticias\\\/los-consejeros-del-pp-dejan-de-confiar-en-el-director-de-etb-por-su-gestion\\\/#mainImage\",\"width\":1265,\"height\":697,\"caption\":\"Contenidos\"},\"primaryImageOfPage\":{\"@id\":\"https:\\\/\\\/www.eldigitaldeasturias.com\\\/noticias\\\/los-consejeros-del-pp-dejan-de-confiar-en-el-director-de-etb-por-su-gestion\\\/#mainImage\"},\"datePublished\":\"2014-01-29T14:29:30+01:00\",\"dateModified\":\"2014-01-29T14:29:30+01:00\"},{\"@type\":\"WebSite\",\"@id\":\"https:\\\/\\\/www.eldigitaldeasturias.com\\\/noticias\\\/#website\",\"url\":\"https:\\\/\\\/www.eldigitaldeasturias.com\\\/noticias\\\/\",\"name\":\"El Digital de Asturias - Diario de actualidad y noticias\",\"alternateName\":\"El Digital de Asturias - Diario de actualidad y noticias\",\"description\":\"Hemeroteca\",\"inLanguage\":\"es-ES\",\"publisher\":{\"@id\":\"https:\\\/\\\/www.eldigitaldeasturias.com\\\/noticias\\\/#organization\"}}]}\n\t\t<\/script>\n\t\t<!-- All in One SEO Pro -->\r\n\t\t<title>Los consejeros del PP dejan de confiar en el director de ETB por su gesti\u00f3n - El Digital de Asturias<\/title>\n\n","aioseo_head_json":{"title":"Los consejeros del PP dejan de confiar en el director de ETB por su gesti\u00f3n - El Digital de Asturias","description":"La postura de los consejeros del PP hacia Sarasola se ha expresado en la reuni\u00f3n del consejo de administraci\u00f3n celebrada esta tarde en la sede de EiTB en Bilbao, han informado a EFE fuentes de este \u00f3rgano. Seg\u00fan los consejeros propuestos por el PP, la mayor\u00eda de los nuevos programas introducidos en ETB 1 (euskera)","canonical_url":"https:\/\/www.eldigitaldeasturias.com\/noticias\/los-consejeros-del-pp-dejan-de-confiar-en-el-director-de-etb-por-su-gestion\/","robots":"max-image-preview:large","keywords":"actualidad","webmasterTools":{"google-site-verification":"UA-38556648-1","msvalidate.01":"7dfe9f3f1b24437ab69f4f2559babe99","miscellaneous":""},"schema":{"@context":"https:\/\/schema.org","@graph":[{"@type":"BlogPosting","@id":"https:\/\/www.eldigitaldeasturias.com\/noticias\/los-consejeros-del-pp-dejan-de-confiar-en-el-director-de-etb-por-su-gestion\/#blogposting","name":"Los consejeros del PP dejan de confiar en el director de ETB por su gesti\u00f3n - El Digital de Asturias","headline":"Los consejeros del PP dejan de confiar en el director de ETB por su gesti\u00f3n","author":{"@id":"https:\/\/www.eldigitaldeasturias.com\/noticias\/author\/admin\/#author"},"publisher":{"@id":"https:\/\/www.eldigitaldeasturias.com\/noticias\/#organization"},"image":{"@type":"ImageObject","url":"https:\/\/www.eldigitaldeasturias.com\/noticias\/wp-content\/uploads\/2026\/06\/Contenidos.jpg","width":1265,"height":697,"caption":"Contenidos"},"datePublished":"2014-01-29T14:29:30+01:00","dateModified":"2014-01-29T14:29:30+01:00","inLanguage":"es-ES","mainEntityOfPage":{"@id":"https:\/\/www.eldigitaldeasturias.com\/noticias\/los-consejeros-del-pp-dejan-de-confiar-en-el-director-de-etb-por-su-gestion\/#webpage"},"isPartOf":{"@id":"https:\/\/www.eldigitaldeasturias.com\/noticias\/los-consejeros-del-pp-dejan-de-confiar-en-el-director-de-etb-por-su-gestion\/#webpage"},"articleSection":"Actualidad"},{"@type":"BreadcrumbList","@id":"https:\/\/www.eldigitaldeasturias.com\/noticias\/los-consejeros-del-pp-dejan-de-confiar-en-el-director-de-etb-por-su-gestion\/#breadcrumblist","itemListElement":[{"@type":"ListItem","@id":"https:\/\/www.eldigitaldeasturias.com\/noticias#listItem","position":1,"name":"Home","item":"https:\/\/www.eldigitaldeasturias.com\/noticias","nextItem":{"@type":"ListItem","@id":"https:\/\/www.eldigitaldeasturias.com\/noticias\/category\/actualidad\/#listItem","name":"Actualidad"}},{"@type":"ListItem","@id":"https:\/\/www.eldigitaldeasturias.com\/noticias\/category\/actualidad\/#listItem","position":2,"name":"Actualidad","item":"https:\/\/www.eldigitaldeasturias.com\/noticias\/category\/actualidad\/","nextItem":{"@type":"ListItem","@id":"https:\/\/www.eldigitaldeasturias.com\/noticias\/los-consejeros-del-pp-dejan-de-confiar-en-el-director-de-etb-por-su-gestion\/#listItem","name":"Los consejeros del PP dejan de confiar en el director de ETB por su gesti\u00f3n"},"previousItem":{"@type":"ListItem","@id":"https:\/\/www.eldigitaldeasturias.com\/noticias#listItem","name":"Home"}},{"@type":"ListItem","@id":"https:\/\/www.eldigitaldeasturias.com\/noticias\/los-consejeros-del-pp-dejan-de-confiar-en-el-director-de-etb-por-su-gestion\/#listItem","position":3,"name":"Los consejeros del PP dejan de confiar en el director de ETB por su gesti\u00f3n","previousItem":{"@type":"ListItem","@id":"https:\/\/www.eldigitaldeasturias.com\/noticias\/category\/actualidad\/#listItem","name":"Actualidad"}}]},{"@type":"Organization","@id":"https:\/\/www.eldigitaldeasturias.com\/noticias\/#organization","name":"El Digital de Asturias","description":"Hemeroteca","url":"https:\/\/www.eldigitaldeasturias.com\/noticias\/","email":"info@eldigitaldeasturias.com","telephone":"+34652131393","logo":{"@type":"ImageObject","url":"https:\/\/www.eldigitaldeasturias.com\/noticias\/wp-content\/uploads\/2020\/12\/EDA.jpg","@id":"https:\/\/www.eldigitaldeasturias.com\/noticias\/los-consejeros-del-pp-dejan-de-confiar-en-el-director-de-etb-por-su-gestion\/#organizationLogo"},"image":{"@id":"https:\/\/www.eldigitaldeasturias.com\/noticias\/los-consejeros-del-pp-dejan-de-confiar-en-el-director-de-etb-por-su-gestion\/#organizationLogo"},"sameAs":["https:\/\/facebook.com\/eldigitaldeasturias","https:\/\/www.youtube.com\/channel\/UCZP-2wLEB9Rv6erhFmqVnvg"],"address":{"@id":"https:\/\/www.eldigitaldeasturias.com\/noticias\/#postaladdress","@type":"PostalAddress","streetAddress":"san antonio 4","postalCode":"33430","addressLocality":"Cand\u00e1s","addressRegion":"Asturias","addressCountry":"ES"}},{"@type":"Person","@id":"https:\/\/www.eldigitaldeasturias.com\/noticias\/author\/admin\/#author","url":"https:\/\/www.eldigitaldeasturias.com\/noticias\/author\/admin\/","name":"El Digital de Asturias","image":{"@type":"ImageObject","@id":"https:\/\/www.eldigitaldeasturias.com\/noticias\/los-consejeros-del-pp-dejan-de-confiar-en-el-director-de-etb-por-su-gestion\/#authorImage","url":"https:\/\/secure.gravatar.com\/avatar\/df2aeffc32bcd13f8d26072ef8a91b623d677766deac7f97ca815868cd41bf5e?s=96&d=mm&r=g","width":96,"height":96,"caption":"El Digital de Asturias"}},{"@type":"WebPage","@id":"https:\/\/www.eldigitaldeasturias.com\/noticias\/los-consejeros-del-pp-dejan-de-confiar-en-el-director-de-etb-por-su-gestion\/#webpage","url":"https:\/\/www.eldigitaldeasturias.com\/noticias\/los-consejeros-del-pp-dejan-de-confiar-en-el-director-de-etb-por-su-gestion\/","name":"Los consejeros del PP dejan de confiar en el director de ETB por su gesti\u00f3n - El Digital de Asturias","description":"La postura de los consejeros del PP hacia Sarasola se ha expresado en la reuni\u00f3n del consejo de administraci\u00f3n celebrada esta tarde en la sede de EiTB en Bilbao, han informado a EFE fuentes de este \u00f3rgano. Seg\u00fan los consejeros propuestos por el PP, la mayor\u00eda de los nuevos programas introducidos en ETB 1 (euskera)","inLanguage":"es-ES","isPartOf":{"@id":"https:\/\/www.eldigitaldeasturias.com\/noticias\/#website"},"breadcrumb":{"@id":"https:\/\/www.eldigitaldeasturias.com\/noticias\/los-consejeros-del-pp-dejan-de-confiar-en-el-director-de-etb-por-su-gestion\/#breadcrumblist"},"author":{"@id":"https:\/\/www.eldigitaldeasturias.com\/noticias\/author\/admin\/#author"},"creator":{"@id":"https:\/\/www.eldigitaldeasturias.com\/noticias\/author\/admin\/#author"},"image":{"@type":"ImageObject","url":"https:\/\/www.eldigitaldeasturias.com\/noticias\/wp-content\/uploads\/2026\/06\/Contenidos.jpg","@id":"https:\/\/www.eldigitaldeasturias.com\/noticias\/los-consejeros-del-pp-dejan-de-confiar-en-el-director-de-etb-por-su-gestion\/#mainImage","width":1265,"height":697,"caption":"Contenidos"},"primaryImageOfPage":{"@id":"https:\/\/www.eldigitaldeasturias.com\/noticias\/los-consejeros-del-pp-dejan-de-confiar-en-el-director-de-etb-por-su-gestion\/#mainImage"},"datePublished":"2014-01-29T14:29:30+01:00","dateModified":"2014-01-29T14:29:30+01:00"},{"@type":"WebSite","@id":"https:\/\/www.eldigitaldeasturias.com\/noticias\/#website","url":"https:\/\/www.eldigitaldeasturias.com\/noticias\/","name":"El Digital de Asturias - Diario de actualidad y noticias","alternateName":"El Digital de Asturias - Diario de actualidad y noticias","description":"Hemeroteca","inLanguage":"es-ES","publisher":{"@id":"https:\/\/www.eldigitaldeasturias.com\/noticias\/#organization"}}]},"og:locale":"es_ES","og:site_name":"El Digital de Asturias","og:type":"article","og:title":"Los consejeros del PP dejan de confiar en el director de ETB por su gesti\u00f3n - El Digital de Asturias","og:description":"La postura de los consejeros del PP hacia Sarasola se ha expresado en la reuni\u00f3n del consejo de administraci\u00f3n celebrada esta tarde en la sede de EiTB en Bilbao, han informado a EFE fuentes de este \u00f3rgano. Seg\u00fan los consejeros propuestos por el PP, la mayor\u00eda de los nuevos programas introducidos en ETB 1 (euskera)","og:url":"https:\/\/www.eldigitaldeasturias.com\/noticias\/los-consejeros-del-pp-dejan-de-confiar-en-el-director-de-etb-por-su-gestion\/","og:image":"https:\/\/www.eldigitaldeasturias.com\/noticias\/wp-content\/uploads\/2026\/06\/Contenidos.jpg","og:image:secure_url":"https:\/\/www.eldigitaldeasturias.com\/noticias\/wp-content\/uploads\/2026\/06\/Contenidos.jpg","og:image:width":1265,"og:image:height":697,"article:tag":["actualidad"],"article:published_time":"2014-01-29T15:29:30+00:00","article:modified_time":"2014-01-29T15:29:30+00:00","article:publisher":"https:\/\/facebook.com\/eldigitaldeasturias","twitter:card":"summary_large_image","twitter:title":"Los consejeros del PP dejan de confiar en el director de ETB por su gesti\u00f3n - El Digital de Asturias","twitter:description":"La postura de los consejeros del PP hacia Sarasola se ha expresado en la reuni\u00f3n del consejo de administraci\u00f3n celebrada esta tarde en la sede de EiTB en Bilbao, han informado a EFE fuentes de este \u00f3rgano. Seg\u00fan los consejeros propuestos por el PP, la mayor\u00eda de los nuevos programas introducidos en ETB 1 (euskera)","twitter:image":"https:\/\/www.eldigitaldeasturias.com\/noticias\/wp-content\/uploads\/2026\/06\/Contenidos.jpg","twitter:label1":"Escrito por","twitter:data1":"El Digital de Asturias","twitter:label2":"Tiempo de lectura estimado","twitter:data2":"2 minutos"},"aioseo_meta_data":{"post_id":"479983","title":null,"description":null,"keywords":null,"keyphrases":null,"primary_term":null,"canonical_url":null,"og_title":null,"og_description":null,"og_object_type":"default","og_image_type":"default","og_image_url":null,"og_image_width":null,"og_image_height":null,"og_image_custom_url":null,"og_image_custom_fields":null,"og_video":null,"og_custom_url":null,"og_article_section":null,"og_article_tags":null,"twitter_use_og":true,"twitter_card":"default","twitter_image_type":"default","twitter_image_url":null,"twitter_image_custom_url":null,"twitter_image_custom_fields":null,"twitter_title":null,"twitter_description":null,"schema":{"blockGraphs":[],"customGraphs":[],"default":{"data":{"Article":[],"Course":[],"Dataset":[],"FAQPage":[],"Movie":[],"Person":[],"Product":[],"ProductReview":[],"Car":[],"Recipe":[],"Service":[],"SoftwareApplication":[],"WebPage":[]},"graphName":"","isEnabled":true},"graphs":[],"defaultGraph":"","defaultPostTypeGraph":""},"schema_type":null,"schema_type_options":null,"pillar_content":false,"robots_default":true,"robots_noindex":false,"robots_noarchive":false,"robots_nosnippet":false,"robots_nofollow":false,"robots_noimageindex":false,"robots_noodp":false,"robots_notranslate":false,"robots_max_snippet":null,"robots_max_videopreview":null,"robots_max_imagepreview":"none","priority":null,"frequency":null,"local_seo":null,"seo_analyzer_scan_date":"2026-06-02 02:19:57","breadcrumb_settings":null,"limit_modified_date":false,"open_ai":null,"ai":null,"created":"2020-11-14 22:54:08","updated":"2026-06-02 02:19:57","focus_keyword":null,"additional_keywords":null,"truseo_locale":null},"aioseo_breadcrumb":"<div class=\"aioseo-breadcrumbs\"><span class=\"aioseo-breadcrumb\">\n\t<a href=\"https:\/\/www.eldigitaldeasturias.com\/noticias\" title=\"Home\">Home<\/a>\n<\/span><span class=\"aioseo-breadcrumb-separator\">\u2013<\/span><span class=\"aioseo-breadcrumb\">\n\t<a href=\"https:\/\/www.eldigitaldeasturias.com\/noticias\/category\/actualidad\/\" title=\"Actualidad\">Actualidad<\/a>\n<\/span><span class=\"aioseo-breadcrumb-separator\">\u2013<\/span><span class=\"aioseo-breadcrumb\">\n\t<a href=\"https:\/\/www.eldigitaldeasturias.com\/noticias\/los-consejeros-del-pp-dejan-de-confiar-en-el-director-de-etb-por-su-gestion\/\" title=\"Los consejeros del PP dejan de confiar en el director de ETB por su gesti\u00f3n\">Los consejeros del PP dejan de confiar en el director de ETB por su gesti\u00f3n<\/a>\n<\/span><\/div>","aioseo_breadcrumb_json":[{"label":"Home","link":"https:\/\/www.eldigitaldeasturias.com\/noticias"},{"label":"Actualidad","link":"https:\/\/www.eldigitaldeasturias.com\/noticias\/category\/actualidad\/"},{"label":"Los consejeros del PP dejan de confiar en el director de ETB por su gesti\u00f3n","link":"https:\/\/www.eldigitaldeasturias.com\/noticias\/los-consejeros-del-pp-dejan-de-confiar-en-el-director-de-etb-por-su-gestion\/"}],"_links":{"self":[{"href":"https:\/\/www.eldigitaldeasturias.com\/noticias\/wp-json\/wp\/v2\/posts\/479983","targetHints":{"allow":["GET"]}}],"collection":[{"href":"https:\/\/www.eldigitaldeasturias.com\/noticias\/wp-json\/wp\/v2\/posts"}],"about":[{"href":"https:\/\/www.eldigitaldeasturias.com\/noticias\/wp-json\/wp\/v2\/types\/post"}],"author":[{"embeddable":true,"href":"https:\/\/www.eldigitaldeasturias.com\/noticias\/wp-json\/wp\/v2\/users\/1"}],"replies":[{"embeddable":true,"href":"https:\/\/www.eldigitaldeasturias.com\/noticias\/wp-json\/wp\/v2\/comments?post=479983"}],"version-history":[{"count":0,"href":"https:\/\/www.eldigitaldeasturias.com\/noticias\/wp-json\/wp\/v2\/posts\/479983\/revisions"}],"wp:featuredmedia":[{"embeddable":true,"href":"https:\/\/www.eldigitaldeasturias.com\/noticias\/wp-json\/wp\/v2\/media\/1132184"}],"wp:attachment":[{"href":"https:\/\/www.eldigitaldeasturias.com\/noticias\/wp-json\/wp\/v2\/media?parent=479983"}],"wp:term":[{"taxonomy":"category","embeddable":true,"href":"https:\/\/www.eldigitaldeasturias.com\/noticias\/wp-json\/wp\/v2\/categories?post=479983"},{"taxonomy":"post_tag","embeddable":true,"href":"https:\/\/www.eldigitaldeasturias.com\/noticias\/wp-json\/wp\/v2\/tags?post=479983"}],"curies":[{"name":"wp","href":"https:\/\/api.w.org\/{rel}","templated":true}]}}