{"id":479968,"date":"2014-01-29T14:23:35","date_gmt":"2014-01-29T15:23:35","guid":{"rendered":"http:\/\/www.eldigitaldeasturias.com\/noticias\/?p=479968"},"modified":"2014-01-29T14:23:35","modified_gmt":"2014-01-29T15:23:35","slug":"el-comisionado-de-la-marca-espana-asume-la-necesidad-de-otra-reforma-laboral","status":"publish","type":"post","link":"https:\/\/www.eldigitaldeasturias.com\/noticias\/el-comisionado-de-la-marca-espana-asume-la-necesidad-de-otra-reforma-laboral\/","title":{"rendered":"El comisionado de la Marca Espa\u00f1a asume la necesidad de otra reforma laboral"},"content":{"rendered":"<p><img loading=\"lazy\" decoding=\"async\" class=\"alignleft size-medium wp-image-479969\" alt=\"5884630w\" src=\"https:\/\/www.eldigitaldeasturias.com\/noticias\/wp-content\/uploads\/2014\/01\/5884630w-360x239.jpg\" width=\"360\" height=\"239\" \/>Berl\u00edn, 28 ene (EFE).- El comisionado para la Marca Espa\u00f1a, Carlos Espinosa de los Monteros, dijo hoy que \u00abprobablemente es necesario\u00bb un nuevo paso en la reforma laboral, como pide Europa, dado que el sistema judicial \u00abha aceptado mal\u00bb los cambios y hay sentencias en las que \u00abmedidas que est\u00e1n permitidas por la nueva ley las est\u00e1n cuestionando los tribunales\u00bb.<\/p>\n<p>En un discurso pronunciado en la Embajada espa\u00f1ola en Berl\u00edn ante un auditorio compuesto por empresarios espa\u00f1oles y alemanes, Espinosa de los Monteros enumer\u00f3 las reformas estructurales aprobadas en Espa\u00f1a y la positiva evoluci\u00f3n de los datos macroecon\u00f3micos.<\/p>\n<p>El comisionado elogi\u00f3 la decisi\u00f3n de los espa\u00f1oles de abordar temas \u00abtab\u00fa\u00bb, a\u00fan haci\u00e9ndolo \u00aba su pesar, a rega\u00f1adientes\u00bb, y compar\u00f3 esa actitud con la inmovilidad de la vecina Francia, pa\u00eds que -dijo- sufre \u00abproblemas profundos y serios\u00bb.<\/p>\n<p>Entre las reformas aprobadas en Espa\u00f1a destac\u00f3 por sus efectos en el corto plazo la laboral, que ha dise\u00f1ado un mercado \u00abcon m\u00e1s flexibilidad y m\u00e1s barato\u00bb para contratar y en el que es \u00abm\u00e1s f\u00e1cil despedir\u00bb, se\u00f1al\u00f3.<\/p>\n<p>No obstante, reconoci\u00f3 que Europa sigue pidiendo a Espa\u00f1a que avance m\u00e1s y asumi\u00f3 que puede ser necesario.<\/p>\n<p>\u00abEl sistema judicial est\u00e1 formado en una determinada manera de entender las relaciones laborales, entre los sindicatos y los empresarios, y ha aceptado mal la reforma laboral; y hay sentencias en algunos juzgados donde medidas que est\u00e1n permitidas por la nueva ley las est\u00e1n cuestionando los tribunales\u00bb, argument\u00f3.<\/p>\n<p>En declaraciones posteriores a los medios de comunicaci\u00f3n, incidi\u00f3 en que hay una interpretaci\u00f3n \u00abmuy restrictiva\u00bb por parte de \u00abalgunos\u00bb jueces que se amparan en que la ley \u00abno es del todo clara\u00bb para dictar sentencias que \u00abtumban\u00bb acuerdos laborales.<\/p>\n<p>Cit\u00f3 como ejemplo la reciente sentencia del Tribunal Superior de Justicia de Castilla-La Mancha que ha dado la raz\u00f3n a los sindicatos STAS y UGT sobre la supresi\u00f3n de unas 700 plazas de interinos y que ha pedido \u00abrestituir\u00bb los derechos profesionales y econ\u00f3micos de los trabajadores.<\/p>\n<p>\u00abSe va a recurrir y probablemente se acabar\u00e1 ganando, pero hay bastantes jueces que tienen una interpretaci\u00f3n del derecho laboral previa a la reforma y que cambian con alguna dificultad de posici\u00f3n\u00bb, insisti\u00f3 para defender la necesidad de que se apruebe alg\u00fan tipo de reglamento que evite que la norma se pueda aplicar \u00abde una manera distinta a la que ten\u00eda el legislador\u00bb.<\/p>\n<p>En su discurso, Espinosa de los Monteros record\u00f3 los \u00abprofundos desequilibrios\u00bb del pa\u00eds cuando el Partido Popular (PP) accedi\u00f3 hace dos a\u00f1os al Gobierno y la progresiva recuperaci\u00f3n de la confianza de los inversores.<\/p>\n<p>Seg\u00fan se\u00f1al\u00f3, el \u00abcorrectivo\u00bb sufrido en los \u00faltimos cuatro o cinco a\u00f1os se ha traducido en una ca\u00edda de los precios \u00abque hace que Espa\u00f1a est\u00e9 barata\u00bb; \u00abmerece la pena invertir en Espa\u00f1a\u00bb, a\u00f1adi\u00f3.<\/p>\n<p>A pesar de los avances, Espinosa de los Monteros record\u00f3 la \u00abtasa totalmente inadmisible\u00bb de desempleo que registra el pa\u00eds.<\/p>\n<p>\u00abUn alem\u00e1n jam\u00e1s podr\u00e1 comprender que se tenga una tasa del 25 % de la poblaci\u00f3n activa y que no haya revoluci\u00f3n social; yo, sin ser alem\u00e1n, tampoco lo entiendo, pero eso es lo que dicen las estad\u00edsticas\u00bb, recalc\u00f3.<\/p>\n<p>Junto a la reforma laboral, el comisionado del Gobierno espa\u00f1ol cit\u00f3 tambi\u00e9n la fiscal, la de las pensiones, del sistema financiero, la educativa o la sanitaria, que ha supuesto un ahorro importante al introducir el copago en los f\u00e1rmacos, \u00abque la gente no vaya a ca\u00f1o libre a tener las medicinas por cuenta de la Seguridad Social\u00bb.<\/p>\n<p>El acto organizado en la embajada espa\u00f1ola fue el escenario para la presentaci\u00f3n de \u00abFriends of Spain in Germany\u00bb, una iniciativa lanzada por empresarios de ambos pa\u00edses para relanzar la Marca Espa\u00f1a, compartir conocimientos y sentar las bases de proyectos conjuntos.<\/p>\n","protected":false},"excerpt":{"rendered":"<p>Berl\u00edn, 28 ene (EFE).- El comisionado para la Marca Espa\u00f1a, Carlos Espinosa de los Monteros, dijo hoy que \u00abprobablemente es necesario\u00bb un nuevo paso en la reforma laboral, como pide Europa, dado que el sistema judicial \u00abha aceptado mal\u00bb los cambios y hay sentencias en las que \u00abmedidas que est\u00e1n permitidas por la nueva ley [&hellip;]<\/p>\n","protected":false},"author":1,"featured_media":1132184,"comment_status":"closed","ping_status":"open","sticky":false,"template":"","format":"standard","meta":{"footnotes":""},"categories":[1],"tags":[],"class_list":["post-479968","post","type-post","status-publish","format-standard","has-post-thumbnail","hentry","category-actualidad"],"aioseo_notices":[],"aioseo_head":"\n\t\t<!-- All in One SEO Pro 5.0.1 - aioseo.com -->\n\t<meta name=\"description\" content=\"Berl\u00edn, 28 ene (EFE).- El comisionado para la Marca Espa\u00f1a, Carlos Espinosa de los Monteros, dijo hoy que &quot;probablemente es necesario&quot; un nuevo paso en la reforma laboral, como pide Europa, dado que el sistema judicial &quot;ha aceptado mal&quot; los cambios y hay sentencias en las que &quot;medidas que est\u00e1n permitidas por la nueva ley\" \/>\n\t<meta name=\"robots\" content=\"max-image-preview:large\" \/>\n\t<meta name=\"author\" content=\"El Digital de Asturias\"\/>\n\t<meta name=\"google-site-verification\" content=\"UA-38556648-1\" \/>\n\t<meta name=\"msvalidate.01\" content=\"7dfe9f3f1b24437ab69f4f2559babe99\" \/>\n\t<meta name=\"keywords\" content=\"actualidad\" \/>\n\t<link rel=\"canonical\" href=\"https:\/\/www.eldigitaldeasturias.com\/noticias\/el-comisionado-de-la-marca-espana-asume-la-necesidad-de-otra-reforma-laboral\/\" \/>\n\t<meta name=\"generator\" content=\"All in One SEO Pro (AIOSEO) 5.0.1\" \/>\n\t\t<meta property=\"og:locale\" content=\"es_ES\" \/>\n\t\t<meta property=\"og:site_name\" content=\"El Digital de Asturias\" \/>\n\t\t<meta property=\"og:type\" content=\"article\" \/>\n\t\t<meta property=\"og:title\" content=\"El comisionado de la Marca Espa\u00f1a asume la necesidad de otra reforma laboral - El Digital de Asturias\" \/>\n\t\t<meta property=\"og:description\" content=\"Berl\u00edn, 28 ene (EFE).- El comisionado para la Marca Espa\u00f1a, Carlos Espinosa de los Monteros, dijo hoy que &quot;probablemente es necesario&quot; un nuevo paso en la reforma laboral, como pide Europa, dado que el sistema judicial &quot;ha aceptado mal&quot; los cambios y hay sentencias en las que &quot;medidas que est\u00e1n permitidas por la nueva ley\" \/>\n\t\t<meta property=\"og:url\" content=\"https:\/\/www.eldigitaldeasturias.com\/noticias\/el-comisionado-de-la-marca-espana-asume-la-necesidad-de-otra-reforma-laboral\/\" \/>\n\t\t<meta property=\"og:image\" content=\"https:\/\/www.eldigitaldeasturias.com\/noticias\/wp-content\/uploads\/2026\/06\/Contenidos.jpg\" \/>\n\t\t<meta property=\"og:image:secure_url\" content=\"https:\/\/www.eldigitaldeasturias.com\/noticias\/wp-content\/uploads\/2026\/06\/Contenidos.jpg\" \/>\n\t\t<meta property=\"og:image:width\" content=\"1265\" \/>\n\t\t<meta property=\"og:image:height\" content=\"697\" \/>\n\t\t<meta property=\"article:tag\" content=\"actualidad\" \/>\n\t\t<meta property=\"article:published_time\" content=\"2014-01-29T15:23:35+00:00\" \/>\n\t\t<meta property=\"article:modified_time\" content=\"2014-01-29T15:23:35+00:00\" \/>\n\t\t<meta property=\"article:publisher\" content=\"https:\/\/facebook.com\/eldigitaldeasturias\" \/>\n\t\t<meta name=\"twitter:card\" content=\"summary_large_image\" \/>\n\t\t<meta name=\"twitter:title\" content=\"El comisionado de la Marca Espa\u00f1a asume la necesidad de otra reforma laboral - El Digital de Asturias\" \/>\n\t\t<meta name=\"twitter:description\" content=\"Berl\u00edn, 28 ene (EFE).- El comisionado para la Marca Espa\u00f1a, Carlos Espinosa de los Monteros, dijo hoy que &quot;probablemente es necesario&quot; un nuevo paso en la reforma laboral, como pide Europa, dado que el sistema judicial &quot;ha aceptado mal&quot; los cambios y hay sentencias en las que &quot;medidas que est\u00e1n permitidas por la nueva ley\" \/>\n\t\t<meta name=\"twitter:image\" content=\"https:\/\/www.eldigitaldeasturias.com\/noticias\/wp-content\/uploads\/2026\/06\/Contenidos.jpg\" \/>\n\t\t<meta name=\"twitter:label1\" content=\"Escrito por\" \/>\n\t\t<meta name=\"twitter:data1\" content=\"El Digital de Asturias\" \/>\n\t\t<meta name=\"twitter:label2\" content=\"Tiempo de lectura estimado\" \/>\n\t\t<meta name=\"twitter:data2\" content=\"3 minutos\" \/>\n\t\t<script type=\"application\/ld+json\" class=\"aioseo-schema\">\n\t\t\t{\"@context\":\"https:\\\/\\\/schema.org\",\"@graph\":[{\"@type\":\"BlogPosting\",\"@id\":\"https:\\\/\\\/www.eldigitaldeasturias.com\\\/noticias\\\/el-comisionado-de-la-marca-espana-asume-la-necesidad-de-otra-reforma-laboral\\\/#blogposting\",\"name\":\"El comisionado de la Marca Espa\\u00f1a asume la necesidad de otra reforma laboral - El Digital de Asturias\",\"headline\":\"El comisionado de la Marca Espa\\u00f1a asume la necesidad de otra reforma laboral\",\"author\":{\"@id\":\"https:\\\/\\\/www.eldigitaldeasturias.com\\\/noticias\\\/author\\\/admin\\\/#author\"},\"publisher\":{\"@id\":\"https:\\\/\\\/www.eldigitaldeasturias.com\\\/noticias\\\/#organization\"},\"image\":{\"@type\":\"ImageObject\",\"url\":\"https:\\\/\\\/www.eldigitaldeasturias.com\\\/noticias\\\/wp-content\\\/uploads\\\/2026\\\/06\\\/Contenidos.jpg\",\"width\":1265,\"height\":697,\"caption\":\"Contenidos\"},\"datePublished\":\"2014-01-29T14:23:35+01:00\",\"dateModified\":\"2014-01-29T14:23:35+01:00\",\"inLanguage\":\"es-ES\",\"mainEntityOfPage\":{\"@id\":\"https:\\\/\\\/www.eldigitaldeasturias.com\\\/noticias\\\/el-comisionado-de-la-marca-espana-asume-la-necesidad-de-otra-reforma-laboral\\\/#webpage\"},\"isPartOf\":{\"@id\":\"https:\\\/\\\/www.eldigitaldeasturias.com\\\/noticias\\\/el-comisionado-de-la-marca-espana-asume-la-necesidad-de-otra-reforma-laboral\\\/#webpage\"},\"articleSection\":\"Actualidad\"},{\"@type\":\"BreadcrumbList\",\"@id\":\"https:\\\/\\\/www.eldigitaldeasturias.com\\\/noticias\\\/el-comisionado-de-la-marca-espana-asume-la-necesidad-de-otra-reforma-laboral\\\/#breadcrumblist\",\"itemListElement\":[{\"@type\":\"ListItem\",\"@id\":\"https:\\\/\\\/www.eldigitaldeasturias.com\\\/noticias#listItem\",\"position\":1,\"name\":\"Home\",\"item\":\"https:\\\/\\\/www.eldigitaldeasturias.com\\\/noticias\",\"nextItem\":{\"@type\":\"ListItem\",\"@id\":\"https:\\\/\\\/www.eldigitaldeasturias.com\\\/noticias\\\/category\\\/actualidad\\\/#listItem\",\"name\":\"Actualidad\"}},{\"@type\":\"ListItem\",\"@id\":\"https:\\\/\\\/www.eldigitaldeasturias.com\\\/noticias\\\/category\\\/actualidad\\\/#listItem\",\"position\":2,\"name\":\"Actualidad\",\"item\":\"https:\\\/\\\/www.eldigitaldeasturias.com\\\/noticias\\\/category\\\/actualidad\\\/\",\"nextItem\":{\"@type\":\"ListItem\",\"@id\":\"https:\\\/\\\/www.eldigitaldeasturias.com\\\/noticias\\\/el-comisionado-de-la-marca-espana-asume-la-necesidad-de-otra-reforma-laboral\\\/#listItem\",\"name\":\"El comisionado de la Marca Espa\\u00f1a asume la necesidad de otra reforma laboral\"},\"previousItem\":{\"@type\":\"ListItem\",\"@id\":\"https:\\\/\\\/www.eldigitaldeasturias.com\\\/noticias#listItem\",\"name\":\"Home\"}},{\"@type\":\"ListItem\",\"@id\":\"https:\\\/\\\/www.eldigitaldeasturias.com\\\/noticias\\\/el-comisionado-de-la-marca-espana-asume-la-necesidad-de-otra-reforma-laboral\\\/#listItem\",\"position\":3,\"name\":\"El comisionado de la Marca Espa\\u00f1a asume la necesidad de otra reforma laboral\",\"previousItem\":{\"@type\":\"ListItem\",\"@id\":\"https:\\\/\\\/www.eldigitaldeasturias.com\\\/noticias\\\/category\\\/actualidad\\\/#listItem\",\"name\":\"Actualidad\"}}]},{\"@type\":\"Organization\",\"@id\":\"https:\\\/\\\/www.eldigitaldeasturias.com\\\/noticias\\\/#organization\",\"name\":\"El Digital de Asturias\",\"description\":\"Hemeroteca\",\"url\":\"https:\\\/\\\/www.eldigitaldeasturias.com\\\/noticias\\\/\",\"email\":\"info@eldigitaldeasturias.com\",\"telephone\":\"+34652131393\",\"logo\":{\"@type\":\"ImageObject\",\"url\":\"https:\\\/\\\/www.eldigitaldeasturias.com\\\/noticias\\\/wp-content\\\/uploads\\\/2020\\\/12\\\/EDA.jpg\",\"@id\":\"https:\\\/\\\/www.eldigitaldeasturias.com\\\/noticias\\\/el-comisionado-de-la-marca-espana-asume-la-necesidad-de-otra-reforma-laboral\\\/#organizationLogo\"},\"image\":{\"@id\":\"https:\\\/\\\/www.eldigitaldeasturias.com\\\/noticias\\\/el-comisionado-de-la-marca-espana-asume-la-necesidad-de-otra-reforma-laboral\\\/#organizationLogo\"},\"sameAs\":[\"https:\\\/\\\/facebook.com\\\/eldigitaldeasturias\",\"https:\\\/\\\/www.youtube.com\\\/channel\\\/UCZP-2wLEB9Rv6erhFmqVnvg\"],\"address\":{\"@id\":\"https:\\\/\\\/www.eldigitaldeasturias.com\\\/noticias\\\/#postaladdress\",\"@type\":\"PostalAddress\",\"streetAddress\":\"san antonio 4\",\"postalCode\":\"33430\",\"addressLocality\":\"Cand\\u00e1s\",\"addressRegion\":\"Asturias\",\"addressCountry\":\"ES\"}},{\"@type\":\"Person\",\"@id\":\"https:\\\/\\\/www.eldigitaldeasturias.com\\\/noticias\\\/author\\\/admin\\\/#author\",\"url\":\"https:\\\/\\\/www.eldigitaldeasturias.com\\\/noticias\\\/author\\\/admin\\\/\",\"name\":\"El Digital de Asturias\",\"image\":{\"@type\":\"ImageObject\",\"@id\":\"https:\\\/\\\/www.eldigitaldeasturias.com\\\/noticias\\\/el-comisionado-de-la-marca-espana-asume-la-necesidad-de-otra-reforma-laboral\\\/#authorImage\",\"url\":\"https:\\\/\\\/secure.gravatar.com\\\/avatar\\\/df2aeffc32bcd13f8d26072ef8a91b623d677766deac7f97ca815868cd41bf5e?s=96&d=mm&r=g\",\"width\":96,\"height\":96,\"caption\":\"El Digital de Asturias\"}},{\"@type\":\"WebPage\",\"@id\":\"https:\\\/\\\/www.eldigitaldeasturias.com\\\/noticias\\\/el-comisionado-de-la-marca-espana-asume-la-necesidad-de-otra-reforma-laboral\\\/#webpage\",\"url\":\"https:\\\/\\\/www.eldigitaldeasturias.com\\\/noticias\\\/el-comisionado-de-la-marca-espana-asume-la-necesidad-de-otra-reforma-laboral\\\/\",\"name\":\"El comisionado de la Marca Espa\\u00f1a asume la necesidad de otra reforma laboral - El Digital de Asturias\",\"description\":\"Berl\\u00edn, 28 ene (EFE).- El comisionado para la Marca Espa\\u00f1a, Carlos Espinosa de los Monteros, dijo hoy que \\\"probablemente es necesario\\\" un nuevo paso en la reforma laboral, como pide Europa, dado que el sistema judicial \\\"ha aceptado mal\\\" los cambios y hay sentencias en las que \\\"medidas que est\\u00e1n permitidas por la nueva ley\",\"inLanguage\":\"es-ES\",\"isPartOf\":{\"@id\":\"https:\\\/\\\/www.eldigitaldeasturias.com\\\/noticias\\\/#website\"},\"breadcrumb\":{\"@id\":\"https:\\\/\\\/www.eldigitaldeasturias.com\\\/noticias\\\/el-comisionado-de-la-marca-espana-asume-la-necesidad-de-otra-reforma-laboral\\\/#breadcrumblist\"},\"author\":{\"@id\":\"https:\\\/\\\/www.eldigitaldeasturias.com\\\/noticias\\\/author\\\/admin\\\/#author\"},\"creator\":{\"@id\":\"https:\\\/\\\/www.eldigitaldeasturias.com\\\/noticias\\\/author\\\/admin\\\/#author\"},\"image\":{\"@type\":\"ImageObject\",\"url\":\"https:\\\/\\\/www.eldigitaldeasturias.com\\\/noticias\\\/wp-content\\\/uploads\\\/2026\\\/06\\\/Contenidos.jpg\",\"@id\":\"https:\\\/\\\/www.eldigitaldeasturias.com\\\/noticias\\\/el-comisionado-de-la-marca-espana-asume-la-necesidad-de-otra-reforma-laboral\\\/#mainImage\",\"width\":1265,\"height\":697,\"caption\":\"Contenidos\"},\"primaryImageOfPage\":{\"@id\":\"https:\\\/\\\/www.eldigitaldeasturias.com\\\/noticias\\\/el-comisionado-de-la-marca-espana-asume-la-necesidad-de-otra-reforma-laboral\\\/#mainImage\"},\"datePublished\":\"2014-01-29T14:23:35+01:00\",\"dateModified\":\"2014-01-29T14:23:35+01:00\"},{\"@type\":\"WebSite\",\"@id\":\"https:\\\/\\\/www.eldigitaldeasturias.com\\\/noticias\\\/#website\",\"url\":\"https:\\\/\\\/www.eldigitaldeasturias.com\\\/noticias\\\/\",\"name\":\"El Digital de Asturias - Diario de actualidad y noticias\",\"alternateName\":\"El Digital de Asturias - Diario de actualidad y noticias\",\"description\":\"Hemeroteca\",\"inLanguage\":\"es-ES\",\"publisher\":{\"@id\":\"https:\\\/\\\/www.eldigitaldeasturias.com\\\/noticias\\\/#organization\"}}]}\n\t\t<\/script>\n\t\t<!-- All in One SEO Pro -->\r\n\t\t<title>El comisionado de la Marca Espa\u00f1a asume la necesidad de otra reforma laboral - El Digital de Asturias<\/title>\n\n","aioseo_head_json":{"title":"El comisionado de la Marca Espa\u00f1a asume la necesidad de otra reforma laboral - El Digital de Asturias","description":"Berl\u00edn, 28 ene (EFE).- El comisionado para la Marca Espa\u00f1a, Carlos Espinosa de los Monteros, dijo hoy que \"probablemente es necesario\" un nuevo paso en la reforma laboral, como pide Europa, dado que el sistema judicial \"ha aceptado mal\" los cambios y hay sentencias en las que \"medidas que est\u00e1n permitidas por la nueva ley","canonical_url":"https:\/\/www.eldigitaldeasturias.com\/noticias\/el-comisionado-de-la-marca-espana-asume-la-necesidad-de-otra-reforma-laboral\/","robots":"max-image-preview:large","keywords":"actualidad","webmasterTools":{"google-site-verification":"UA-38556648-1","msvalidate.01":"7dfe9f3f1b24437ab69f4f2559babe99","miscellaneous":""},"schema":{"@context":"https:\/\/schema.org","@graph":[{"@type":"BlogPosting","@id":"https:\/\/www.eldigitaldeasturias.com\/noticias\/el-comisionado-de-la-marca-espana-asume-la-necesidad-de-otra-reforma-laboral\/#blogposting","name":"El comisionado de la Marca Espa\u00f1a asume la necesidad de otra reforma laboral - El Digital de Asturias","headline":"El comisionado de la Marca Espa\u00f1a asume la necesidad de otra reforma laboral","author":{"@id":"https:\/\/www.eldigitaldeasturias.com\/noticias\/author\/admin\/#author"},"publisher":{"@id":"https:\/\/www.eldigitaldeasturias.com\/noticias\/#organization"},"image":{"@type":"ImageObject","url":"https:\/\/www.eldigitaldeasturias.com\/noticias\/wp-content\/uploads\/2026\/06\/Contenidos.jpg","width":1265,"height":697,"caption":"Contenidos"},"datePublished":"2014-01-29T14:23:35+01:00","dateModified":"2014-01-29T14:23:35+01:00","inLanguage":"es-ES","mainEntityOfPage":{"@id":"https:\/\/www.eldigitaldeasturias.com\/noticias\/el-comisionado-de-la-marca-espana-asume-la-necesidad-de-otra-reforma-laboral\/#webpage"},"isPartOf":{"@id":"https:\/\/www.eldigitaldeasturias.com\/noticias\/el-comisionado-de-la-marca-espana-asume-la-necesidad-de-otra-reforma-laboral\/#webpage"},"articleSection":"Actualidad"},{"@type":"BreadcrumbList","@id":"https:\/\/www.eldigitaldeasturias.com\/noticias\/el-comisionado-de-la-marca-espana-asume-la-necesidad-de-otra-reforma-laboral\/#breadcrumblist","itemListElement":[{"@type":"ListItem","@id":"https:\/\/www.eldigitaldeasturias.com\/noticias#listItem","position":1,"name":"Home","item":"https:\/\/www.eldigitaldeasturias.com\/noticias","nextItem":{"@type":"ListItem","@id":"https:\/\/www.eldigitaldeasturias.com\/noticias\/category\/actualidad\/#listItem","name":"Actualidad"}},{"@type":"ListItem","@id":"https:\/\/www.eldigitaldeasturias.com\/noticias\/category\/actualidad\/#listItem","position":2,"name":"Actualidad","item":"https:\/\/www.eldigitaldeasturias.com\/noticias\/category\/actualidad\/","nextItem":{"@type":"ListItem","@id":"https:\/\/www.eldigitaldeasturias.com\/noticias\/el-comisionado-de-la-marca-espana-asume-la-necesidad-de-otra-reforma-laboral\/#listItem","name":"El comisionado de la Marca Espa\u00f1a asume la necesidad de otra reforma laboral"},"previousItem":{"@type":"ListItem","@id":"https:\/\/www.eldigitaldeasturias.com\/noticias#listItem","name":"Home"}},{"@type":"ListItem","@id":"https:\/\/www.eldigitaldeasturias.com\/noticias\/el-comisionado-de-la-marca-espana-asume-la-necesidad-de-otra-reforma-laboral\/#listItem","position":3,"name":"El comisionado de la Marca Espa\u00f1a asume la necesidad de otra reforma laboral","previousItem":{"@type":"ListItem","@id":"https:\/\/www.eldigitaldeasturias.com\/noticias\/category\/actualidad\/#listItem","name":"Actualidad"}}]},{"@type":"Organization","@id":"https:\/\/www.eldigitaldeasturias.com\/noticias\/#organization","name":"El Digital de Asturias","description":"Hemeroteca","url":"https:\/\/www.eldigitaldeasturias.com\/noticias\/","email":"info@eldigitaldeasturias.com","telephone":"+34652131393","logo":{"@type":"ImageObject","url":"https:\/\/www.eldigitaldeasturias.com\/noticias\/wp-content\/uploads\/2020\/12\/EDA.jpg","@id":"https:\/\/www.eldigitaldeasturias.com\/noticias\/el-comisionado-de-la-marca-espana-asume-la-necesidad-de-otra-reforma-laboral\/#organizationLogo"},"image":{"@id":"https:\/\/www.eldigitaldeasturias.com\/noticias\/el-comisionado-de-la-marca-espana-asume-la-necesidad-de-otra-reforma-laboral\/#organizationLogo"},"sameAs":["https:\/\/facebook.com\/eldigitaldeasturias","https:\/\/www.youtube.com\/channel\/UCZP-2wLEB9Rv6erhFmqVnvg"],"address":{"@id":"https:\/\/www.eldigitaldeasturias.com\/noticias\/#postaladdress","@type":"PostalAddress","streetAddress":"san antonio 4","postalCode":"33430","addressLocality":"Cand\u00e1s","addressRegion":"Asturias","addressCountry":"ES"}},{"@type":"Person","@id":"https:\/\/www.eldigitaldeasturias.com\/noticias\/author\/admin\/#author","url":"https:\/\/www.eldigitaldeasturias.com\/noticias\/author\/admin\/","name":"El Digital de Asturias","image":{"@type":"ImageObject","@id":"https:\/\/www.eldigitaldeasturias.com\/noticias\/el-comisionado-de-la-marca-espana-asume-la-necesidad-de-otra-reforma-laboral\/#authorImage","url":"https:\/\/secure.gravatar.com\/avatar\/df2aeffc32bcd13f8d26072ef8a91b623d677766deac7f97ca815868cd41bf5e?s=96&d=mm&r=g","width":96,"height":96,"caption":"El Digital de Asturias"}},{"@type":"WebPage","@id":"https:\/\/www.eldigitaldeasturias.com\/noticias\/el-comisionado-de-la-marca-espana-asume-la-necesidad-de-otra-reforma-laboral\/#webpage","url":"https:\/\/www.eldigitaldeasturias.com\/noticias\/el-comisionado-de-la-marca-espana-asume-la-necesidad-de-otra-reforma-laboral\/","name":"El comisionado de la Marca Espa\u00f1a asume la necesidad de otra reforma laboral - El Digital de Asturias","description":"Berl\u00edn, 28 ene (EFE).- El comisionado para la Marca Espa\u00f1a, Carlos Espinosa de los Monteros, dijo hoy que \"probablemente es necesario\" un nuevo paso en la reforma laboral, como pide Europa, dado que el sistema judicial \"ha aceptado mal\" los cambios y hay sentencias en las que \"medidas que est\u00e1n permitidas por la nueva ley","inLanguage":"es-ES","isPartOf":{"@id":"https:\/\/www.eldigitaldeasturias.com\/noticias\/#website"},"breadcrumb":{"@id":"https:\/\/www.eldigitaldeasturias.com\/noticias\/el-comisionado-de-la-marca-espana-asume-la-necesidad-de-otra-reforma-laboral\/#breadcrumblist"},"author":{"@id":"https:\/\/www.eldigitaldeasturias.com\/noticias\/author\/admin\/#author"},"creator":{"@id":"https:\/\/www.eldigitaldeasturias.com\/noticias\/author\/admin\/#author"},"image":{"@type":"ImageObject","url":"https:\/\/www.eldigitaldeasturias.com\/noticias\/wp-content\/uploads\/2026\/06\/Contenidos.jpg","@id":"https:\/\/www.eldigitaldeasturias.com\/noticias\/el-comisionado-de-la-marca-espana-asume-la-necesidad-de-otra-reforma-laboral\/#mainImage","width":1265,"height":697,"caption":"Contenidos"},"primaryImageOfPage":{"@id":"https:\/\/www.eldigitaldeasturias.com\/noticias\/el-comisionado-de-la-marca-espana-asume-la-necesidad-de-otra-reforma-laboral\/#mainImage"},"datePublished":"2014-01-29T14:23:35+01:00","dateModified":"2014-01-29T14:23:35+01:00"},{"@type":"WebSite","@id":"https:\/\/www.eldigitaldeasturias.com\/noticias\/#website","url":"https:\/\/www.eldigitaldeasturias.com\/noticias\/","name":"El Digital de Asturias - Diario de actualidad y noticias","alternateName":"El Digital de Asturias - Diario de actualidad y noticias","description":"Hemeroteca","inLanguage":"es-ES","publisher":{"@id":"https:\/\/www.eldigitaldeasturias.com\/noticias\/#organization"}}]},"og:locale":"es_ES","og:site_name":"El Digital de Asturias","og:type":"article","og:title":"El comisionado de la Marca Espa\u00f1a asume la necesidad de otra reforma laboral - El Digital de Asturias","og:description":"Berl\u00edn, 28 ene (EFE).- El comisionado para la Marca Espa\u00f1a, Carlos Espinosa de los Monteros, dijo hoy que &quot;probablemente es necesario&quot; un nuevo paso en la reforma laboral, como pide Europa, dado que el sistema judicial &quot;ha aceptado mal&quot; los cambios y hay sentencias en las que &quot;medidas que est\u00e1n permitidas por la nueva ley","og:url":"https:\/\/www.eldigitaldeasturias.com\/noticias\/el-comisionado-de-la-marca-espana-asume-la-necesidad-de-otra-reforma-laboral\/","og:image":"https:\/\/www.eldigitaldeasturias.com\/noticias\/wp-content\/uploads\/2026\/06\/Contenidos.jpg","og:image:secure_url":"https:\/\/www.eldigitaldeasturias.com\/noticias\/wp-content\/uploads\/2026\/06\/Contenidos.jpg","og:image:width":1265,"og:image:height":697,"article:tag":["actualidad"],"article:published_time":"2014-01-29T15:23:35+00:00","article:modified_time":"2014-01-29T15:23:35+00:00","article:publisher":"https:\/\/facebook.com\/eldigitaldeasturias","twitter:card":"summary_large_image","twitter:title":"El comisionado de la Marca Espa\u00f1a asume la necesidad de otra reforma laboral - El Digital de Asturias","twitter:description":"Berl\u00edn, 28 ene (EFE).- El comisionado para la Marca Espa\u00f1a, Carlos Espinosa de los Monteros, dijo hoy que &quot;probablemente es necesario&quot; un nuevo paso en la reforma laboral, como pide Europa, dado que el sistema judicial &quot;ha aceptado mal&quot; los cambios y hay sentencias en las que &quot;medidas que est\u00e1n permitidas por la nueva ley","twitter:image":"https:\/\/www.eldigitaldeasturias.com\/noticias\/wp-content\/uploads\/2026\/06\/Contenidos.jpg","twitter:label1":"Escrito por","twitter:data1":"El Digital de Asturias","twitter:label2":"Tiempo de lectura estimado","twitter:data2":"3 minutos"},"aioseo_meta_data":{"post_id":"479968","title":null,"description":null,"keywords":null,"keyphrases":null,"primary_term":null,"canonical_url":null,"og_title":null,"og_description":null,"og_object_type":"default","og_image_type":"default","og_image_url":null,"og_image_width":null,"og_image_height":null,"og_image_custom_url":null,"og_image_custom_fields":null,"og_video":null,"og_custom_url":null,"og_article_section":null,"og_article_tags":null,"twitter_use_og":true,"twitter_card":"default","twitter_image_type":"default","twitter_image_url":null,"twitter_image_custom_url":null,"twitter_image_custom_fields":null,"twitter_title":null,"twitter_description":null,"schema":{"blockGraphs":[],"customGraphs":[],"default":{"data":{"Article":[],"Course":[],"Dataset":[],"FAQPage":[],"Movie":[],"Person":[],"Product":[],"ProductReview":[],"Car":[],"Recipe":[],"Service":[],"SoftwareApplication":[],"WebPage":[]},"graphName":"","isEnabled":true},"graphs":[]},"schema_type":null,"schema_type_options":null,"pillar_content":false,"robots_default":true,"robots_noindex":false,"robots_noarchive":false,"robots_nosnippet":false,"robots_nofollow":false,"robots_noimageindex":false,"robots_noodp":false,"robots_notranslate":false,"robots_max_snippet":null,"robots_max_videopreview":null,"robots_max_imagepreview":"none","priority":null,"frequency":null,"local_seo":null,"seo_analyzer_scan_date":"2026-06-02 02:18:22","breadcrumb_settings":null,"limit_modified_date":false,"open_ai":null,"ai":null,"created":"2020-11-14 22:54:07","updated":"2026-06-02 02:18:22","focus_keyword":null,"additional_keywords":null,"truseo_locale":null},"aioseo_breadcrumb":"<div class=\"aioseo-breadcrumbs\"><span class=\"aioseo-breadcrumb\">\n\t<a href=\"https:\/\/www.eldigitaldeasturias.com\/noticias\" title=\"Home\">Home<\/a>\n<\/span><span class=\"aioseo-breadcrumb-separator\">\u2013<\/span><span class=\"aioseo-breadcrumb\">\n\t<a href=\"https:\/\/www.eldigitaldeasturias.com\/noticias\/category\/actualidad\/\" title=\"Actualidad\">Actualidad<\/a>\n<\/span><span class=\"aioseo-breadcrumb-separator\">\u2013<\/span><span class=\"aioseo-breadcrumb\">\n\t<a href=\"https:\/\/www.eldigitaldeasturias.com\/noticias\/el-comisionado-de-la-marca-espana-asume-la-necesidad-de-otra-reforma-laboral\/\" title=\"El comisionado de la Marca Espa\u00f1a asume la necesidad de otra reforma laboral\">El comisionado de la Marca Espa\u00f1a asume la necesidad de otra reforma laboral<\/a>\n<\/span><\/div>","aioseo_breadcrumb_json":[{"label":"Home","link":"https:\/\/www.eldigitaldeasturias.com\/noticias"},{"label":"Actualidad","link":"https:\/\/www.eldigitaldeasturias.com\/noticias\/category\/actualidad\/"},{"label":"El comisionado de la Marca Espa\u00f1a asume la necesidad de otra reforma laboral","link":"https:\/\/www.eldigitaldeasturias.com\/noticias\/el-comisionado-de-la-marca-espana-asume-la-necesidad-de-otra-reforma-laboral\/"}],"_links":{"self":[{"href":"https:\/\/www.eldigitaldeasturias.com\/noticias\/wp-json\/wp\/v2\/posts\/479968","targetHints":{"allow":["GET"]}}],"collection":[{"href":"https:\/\/www.eldigitaldeasturias.com\/noticias\/wp-json\/wp\/v2\/posts"}],"about":[{"href":"https:\/\/www.eldigitaldeasturias.com\/noticias\/wp-json\/wp\/v2\/types\/post"}],"author":[{"embeddable":true,"href":"https:\/\/www.eldigitaldeasturias.com\/noticias\/wp-json\/wp\/v2\/users\/1"}],"replies":[{"embeddable":true,"href":"https:\/\/www.eldigitaldeasturias.com\/noticias\/wp-json\/wp\/v2\/comments?post=479968"}],"version-history":[{"count":0,"href":"https:\/\/www.eldigitaldeasturias.com\/noticias\/wp-json\/wp\/v2\/posts\/479968\/revisions"}],"wp:featuredmedia":[{"embeddable":true,"href":"https:\/\/www.eldigitaldeasturias.com\/noticias\/wp-json\/wp\/v2\/media\/1132184"}],"wp:attachment":[{"href":"https:\/\/www.eldigitaldeasturias.com\/noticias\/wp-json\/wp\/v2\/media?parent=479968"}],"wp:term":[{"taxonomy":"category","embeddable":true,"href":"https:\/\/www.eldigitaldeasturias.com\/noticias\/wp-json\/wp\/v2\/categories?post=479968"},{"taxonomy":"post_tag","embeddable":true,"href":"https:\/\/www.eldigitaldeasturias.com\/noticias\/wp-json\/wp\/v2\/tags?post=479968"}],"curies":[{"name":"wp","href":"https:\/\/api.w.org\/{rel}","templated":true}]}}