{"id":479921,"date":"2014-01-29T12:41:51","date_gmt":"2014-01-29T13:41:51","guid":{"rendered":"http:\/\/www.eldigitaldeasturias.com\/noticias\/?p=479921"},"modified":"2014-01-29T12:41:51","modified_gmt":"2014-01-29T13:41:51","slug":"las-ventas-del-comercio-minorista-bajaron-en-asturias","status":"publish","type":"post","link":"https:\/\/www.eldigitaldeasturias.com\/noticias\/las-ventas-del-comercio-minorista-bajaron-en-asturias\/","title":{"rendered":"Las ventas del comercio minorista bajaron en Asturias"},"content":{"rendered":"<p><img loading=\"lazy\" decoding=\"async\" class=\"alignleft size-medium wp-image-464205\" alt=\"5805462wCOMERCIO\" src=\"https:\/\/www.eldigitaldeasturias.com\/noticias\/wp-content\/uploads\/2013\/12\/5805462w-360x232.jpg\" width=\"360\" height=\"232\" \/>Madrid\/Oviedo, 29 ene (EFE).- Las ventas del comercio minorista a precios constantes -eliminada la inflaci\u00f3n- bajaron en Asturias en 2013 el 4,6 por ciento respecto al ejercicio anterior y el empleo se redujo en el 2,2 por ciento.<\/p>\n<p>El empleo en el comercio minorista disminuy\u00f3 en el Principado en diciembre en 2,2 por ciento en la media correspondiente a 2013 y la tasa anual respecto al mes de diciembre de 2012 baj\u00f3 el 1,6 por ciento, seg\u00fan los datos publicados hoy por el Instituto Nacional de Estad\u00edstica (INE).<\/p>\n<p>La tasa mensual de ocupaci\u00f3n en la regi\u00f3n registra un incremento del 0,5 %.<\/p>\n<p>En el conjunto del pa\u00eds las ventas del comercio minorista a precios constantes -eliminada la inflaci\u00f3n- bajaron en 2013 el 3,9 % respecto al ejercicio anterior, con lo que este indicador del consumo encaden\u00f3 seis a\u00f1os consecutivos a la baja,<\/p>\n<p>En el \u00faltimo mes del a\u00f1o pasado, las ventas se mantuvieron estables en el conjunto del sector, aunque si no se tienen en cuenta las ventas en las gasolineras, subieron el 0,3 %, lo que, en ambos casos, suponen los mejores datos para un mes de diciembre desde que empez\u00f3 la crisis.<\/p>\n<p>Las principales patronales del sector esperaban que sus ventas subieran con m\u00e1s fuerza en diciembre impulsadas por la campa\u00f1a de Navidad, en la que muchos establecimientos se juegan gran parte de las ventas de todo el a\u00f1o.<\/p>\n<p>Seg\u00fan los datos del INE, en todo 2013 las ventas s\u00f3lo subieron en noviembre (2 %) y septiembre (2,1 %), en tanto que los peores datos se dieron en febrero y marzo, con desplomes del 10,3 y del 10,8 %, respectivamente.<\/p>\n<p>En 2013, el empleo cay\u00f3 el 1,9 % y sum\u00f3 su cuarto a\u00f1o de descensos. En diciembre, la contrataci\u00f3n subi\u00f3 el 1 % respecto a noviembre y baj\u00f3 el 1,3 % respecto al mismo mes de 2012.<\/p>\n<p>Si se eliminan los efectos estacionales y del calendario (diferencias de d\u00edas h\u00e1biles), la cifra del comercio al por menor retrocedi\u00f3 el diciembre el 1 %, dos puntos y ocho d\u00e9cimas por debajo de la tasa de noviembre, cuando subieron el 1,8 %<\/p>\n<p>Por tipo de productos, las ventas de alimentaci\u00f3n bajaron el a\u00f1o pasado el 3 %, las de equipamiento personal el 4,9 %, las de equipamiento del hogar el 6,5 % y las de otros bienes el 3,8 %.<\/p>\n<p>En diciembre, todos los grupos registraron subidas de facturaci\u00f3n, salvo en alimentaci\u00f3n, que sufri\u00f3 un retroceso del 1,5 %. La comercializaci\u00f3n de productos de uso personal se increment\u00f3 el 1,4 % y las de equipamiento para el hogar el 0,7 %.<\/p>\n<p>Por tipo de establecimiento, el a\u00f1o pasado todos se mantuvieron a la baja, con descensos del 5,5 % en tiendas unilocalizadas, del 4,8 % en peque\u00f1as cadenas, del 4,4 % en grandes superficies, del 0,4 % en grandes cadenas y del 4,5 % en estaciones de servicio.<\/p>\n<p>En el \u00faltimo mes del a\u00f1o, las ventas subieron en todos los modos de distribuci\u00f3n salvo en las grandes superficies, cuya facturaci\u00f3n baj\u00f3 el 0,3 %. En tiendas unilocalizadas crecieron el 0,4 %, en peque\u00f1as cadenas el 0,3 % y en grandes cadenas el 0,5 %.<\/p>\n<p>Por regiones, las ventas minoristas bajaron en todas las comunidades aut\u00f3nomas respecto a 2012, excepto en las Islas Baleares, donde repuntaron el 2,8 %.<\/p>\n<p>Los mayores retrocesos se contabilizaron en Pa\u00eds Vasco (6,1 %), Murcia (6 %) y Madrid (4,2 %), mientras que los menos abultados correspondieron a Canarias (0,3 %).<\/p>\n<p>En lo que respecta al empleo, \u00e9ste se mantuvo estable en el peque\u00f1o comercio, mientras que en estaciones de servicio disminuy\u00f3 el 2,3 %, en peque\u00f1as cadenas el 4,9 %, en grandes cadenas el 1,1 % y en grandes superficies el 0,8 %.<\/p>\n<p>En el \u00faltimo mes del a\u00f1o, la ocupaci\u00f3n subi\u00f3 en todos los modos de distribuci\u00f3n, salvo en gasolineras (-0,3 %) liderado por las grandes superficies (3,4 %).<\/p>\n<p>En las grandes superficies, la contrataci\u00f3n creci\u00f3 el 3,4 %, en grandes cadenas el 1,1 %, en peque\u00f1as cadenas el 1 % y en empresas unilocalizadas el 0,6 %.<\/p>\n<p>Por autonom\u00edas, el empleo en el comercio minorista aument\u00f3 \u00fanicamente en Baleares (0,4 %) y Comunidad Valenciana (1 %).<\/p>\n<p>La mayor p\u00e9rdida de ocupaci\u00f3n correspondi\u00f3 a Madrid (3,3 %), Castilla Le\u00f3n y Andaluc\u00eda (3 %) y Cantabria (2,6 %).<\/p>\n","protected":false},"excerpt":{"rendered":"<p>Madrid\/Oviedo, 29 ene (EFE).- Las ventas del comercio minorista a precios constantes -eliminada la inflaci\u00f3n- bajaron en Asturias en 2013 el 4,6 por ciento respecto al ejercicio anterior y el empleo se redujo en el 2,2 por ciento. El empleo en el comercio minorista disminuy\u00f3 en el Principado en diciembre en 2,2 por ciento en [&hellip;]<\/p>\n","protected":false},"author":1,"featured_media":464205,"comment_status":"closed","ping_status":"open","sticky":false,"template":"","format":"standard","meta":{"footnotes":""},"categories":[1,12],"tags":[],"class_list":["post-479921","post","type-post","status-publish","format-standard","has-post-thumbnail","hentry","category-actualidad","category-actualidad-asturias"],"aioseo_notices":[],"aioseo_head":"\n\t\t<!-- All in One SEO Pro 5.0.1 - aioseo.com -->\n\t<meta name=\"description\" content=\"Madrid\/Oviedo, 29 ene (EFE).- Las ventas del comercio minorista a precios constantes -eliminada la inflaci\u00f3n- bajaron en Asturias en 2013 el 4,6 por ciento respecto al ejercicio anterior y el empleo se redujo en el 2,2 por ciento. El empleo en el comercio minorista disminuy\u00f3 en el Principado en diciembre en 2,2 por ciento en\" \/>\n\t<meta name=\"robots\" content=\"max-image-preview:large\" \/>\n\t<meta name=\"author\" content=\"El Digital de Asturias\"\/>\n\t<meta name=\"google-site-verification\" content=\"UA-38556648-1\" \/>\n\t<meta name=\"msvalidate.01\" content=\"7dfe9f3f1b24437ab69f4f2559babe99\" \/>\n\t<meta name=\"keywords\" content=\"actualidad,actualidad asturias\" \/>\n\t<link rel=\"canonical\" href=\"https:\/\/www.eldigitaldeasturias.com\/noticias\/las-ventas-del-comercio-minorista-bajaron-en-asturias\/\" \/>\n\t<meta name=\"generator\" content=\"All in One SEO Pro (AIOSEO) 5.0.1\" \/>\n\t\t<meta property=\"og:locale\" content=\"es_ES\" \/>\n\t\t<meta property=\"og:site_name\" content=\"El Digital de Asturias\" \/>\n\t\t<meta property=\"og:type\" content=\"article\" \/>\n\t\t<meta property=\"og:title\" content=\"Las ventas del comercio minorista bajaron en Asturias - El Digital de Asturias\" \/>\n\t\t<meta property=\"og:description\" content=\"Madrid\/Oviedo, 29 ene (EFE).- Las ventas del comercio minorista a precios constantes -eliminada la inflaci\u00f3n- bajaron en Asturias en 2013 el 4,6 por ciento respecto al ejercicio anterior y el empleo se redujo en el 2,2 por ciento. El empleo en el comercio minorista disminuy\u00f3 en el Principado en diciembre en 2,2 por ciento en\" \/>\n\t\t<meta property=\"og:url\" content=\"https:\/\/www.eldigitaldeasturias.com\/noticias\/las-ventas-del-comercio-minorista-bajaron-en-asturias\/\" \/>\n\t\t<meta property=\"article:tag\" content=\"actualidad\" \/>\n\t\t<meta property=\"article:tag\" content=\"actualidad asturias\" \/>\n\t\t<meta property=\"article:published_time\" content=\"2014-01-29T13:41:51+00:00\" \/>\n\t\t<meta property=\"article:modified_time\" content=\"2014-01-29T13:41:51+00:00\" \/>\n\t\t<meta property=\"article:publisher\" content=\"https:\/\/facebook.com\/eldigitaldeasturias\" \/>\n\t\t<meta name=\"twitter:card\" content=\"summary_large_image\" \/>\n\t\t<meta name=\"twitter:title\" content=\"Las ventas del comercio minorista bajaron en Asturias - El Digital de Asturias\" \/>\n\t\t<meta name=\"twitter:description\" content=\"Madrid\/Oviedo, 29 ene (EFE).- Las ventas del comercio minorista a precios constantes -eliminada la inflaci\u00f3n- bajaron en Asturias en 2013 el 4,6 por ciento respecto al ejercicio anterior y el empleo se redujo en el 2,2 por ciento. El empleo en el comercio minorista disminuy\u00f3 en el Principado en diciembre en 2,2 por ciento en\" \/>\n\t\t<meta name=\"twitter:label1\" content=\"Escrito por\" \/>\n\t\t<meta name=\"twitter:data1\" content=\"El Digital de Asturias\" \/>\n\t\t<meta name=\"twitter:label2\" content=\"Tiempo de lectura estimado\" \/>\n\t\t<meta name=\"twitter:data2\" content=\"3 minutos\" \/>\n\t\t<script type=\"application\/ld+json\" class=\"aioseo-schema\">\n\t\t\t{\"@context\":\"https:\\\/\\\/schema.org\",\"@graph\":[{\"@type\":\"BlogPosting\",\"@id\":\"https:\\\/\\\/www.eldigitaldeasturias.com\\\/noticias\\\/las-ventas-del-comercio-minorista-bajaron-en-asturias\\\/#blogposting\",\"name\":\"Las ventas del comercio minorista bajaron en Asturias - El Digital de Asturias\",\"headline\":\"Las ventas del comercio minorista bajaron en Asturias\",\"author\":{\"@id\":\"https:\\\/\\\/www.eldigitaldeasturias.com\\\/noticias\\\/author\\\/admin\\\/#author\"},\"publisher\":{\"@id\":\"https:\\\/\\\/www.eldigitaldeasturias.com\\\/noticias\\\/#organization\"},\"image\":{\"@type\":\"ImageObject\",\"url\":464205},\"datePublished\":\"2014-01-29T12:41:51+01:00\",\"dateModified\":\"2014-01-29T12:41:51+01:00\",\"inLanguage\":\"es-ES\",\"mainEntityOfPage\":{\"@id\":\"https:\\\/\\\/www.eldigitaldeasturias.com\\\/noticias\\\/las-ventas-del-comercio-minorista-bajaron-en-asturias\\\/#webpage\"},\"isPartOf\":{\"@id\":\"https:\\\/\\\/www.eldigitaldeasturias.com\\\/noticias\\\/las-ventas-del-comercio-minorista-bajaron-en-asturias\\\/#webpage\"},\"articleSection\":\"Actualidad, Actualidad Asturias\"},{\"@type\":\"BreadcrumbList\",\"@id\":\"https:\\\/\\\/www.eldigitaldeasturias.com\\\/noticias\\\/las-ventas-del-comercio-minorista-bajaron-en-asturias\\\/#breadcrumblist\",\"itemListElement\":[{\"@type\":\"ListItem\",\"@id\":\"https:\\\/\\\/www.eldigitaldeasturias.com\\\/noticias#listItem\",\"position\":1,\"name\":\"Home\",\"item\":\"https:\\\/\\\/www.eldigitaldeasturias.com\\\/noticias\",\"nextItem\":{\"@type\":\"ListItem\",\"@id\":\"https:\\\/\\\/www.eldigitaldeasturias.com\\\/noticias\\\/category\\\/actualidad\\\/#listItem\",\"name\":\"Actualidad\"}},{\"@type\":\"ListItem\",\"@id\":\"https:\\\/\\\/www.eldigitaldeasturias.com\\\/noticias\\\/category\\\/actualidad\\\/#listItem\",\"position\":2,\"name\":\"Actualidad\",\"item\":\"https:\\\/\\\/www.eldigitaldeasturias.com\\\/noticias\\\/category\\\/actualidad\\\/\",\"nextItem\":{\"@type\":\"ListItem\",\"@id\":\"https:\\\/\\\/www.eldigitaldeasturias.com\\\/noticias\\\/las-ventas-del-comercio-minorista-bajaron-en-asturias\\\/#listItem\",\"name\":\"Las ventas del comercio minorista bajaron en Asturias\"},\"previousItem\":{\"@type\":\"ListItem\",\"@id\":\"https:\\\/\\\/www.eldigitaldeasturias.com\\\/noticias#listItem\",\"name\":\"Home\"}},{\"@type\":\"ListItem\",\"@id\":\"https:\\\/\\\/www.eldigitaldeasturias.com\\\/noticias\\\/las-ventas-del-comercio-minorista-bajaron-en-asturias\\\/#listItem\",\"position\":3,\"name\":\"Las ventas del comercio minorista bajaron en Asturias\",\"previousItem\":{\"@type\":\"ListItem\",\"@id\":\"https:\\\/\\\/www.eldigitaldeasturias.com\\\/noticias\\\/category\\\/actualidad\\\/#listItem\",\"name\":\"Actualidad\"}}]},{\"@type\":\"Organization\",\"@id\":\"https:\\\/\\\/www.eldigitaldeasturias.com\\\/noticias\\\/#organization\",\"name\":\"El Digital de Asturias\",\"description\":\"Hemeroteca\",\"url\":\"https:\\\/\\\/www.eldigitaldeasturias.com\\\/noticias\\\/\",\"email\":\"info@eldigitaldeasturias.com\",\"telephone\":\"+34652131393\",\"logo\":{\"@type\":\"ImageObject\",\"url\":\"https:\\\/\\\/www.eldigitaldeasturias.com\\\/noticias\\\/wp-content\\\/uploads\\\/2020\\\/12\\\/EDA.jpg\",\"@id\":\"https:\\\/\\\/www.eldigitaldeasturias.com\\\/noticias\\\/las-ventas-del-comercio-minorista-bajaron-en-asturias\\\/#organizationLogo\"},\"image\":{\"@id\":\"https:\\\/\\\/www.eldigitaldeasturias.com\\\/noticias\\\/las-ventas-del-comercio-minorista-bajaron-en-asturias\\\/#organizationLogo\"},\"sameAs\":[\"https:\\\/\\\/facebook.com\\\/eldigitaldeasturias\",\"https:\\\/\\\/www.youtube.com\\\/channel\\\/UCZP-2wLEB9Rv6erhFmqVnvg\"],\"address\":{\"@id\":\"https:\\\/\\\/www.eldigitaldeasturias.com\\\/noticias\\\/#postaladdress\",\"@type\":\"PostalAddress\",\"streetAddress\":\"san antonio 4\",\"postalCode\":\"33430\",\"addressLocality\":\"Cand\\u00e1s\",\"addressRegion\":\"Asturias\",\"addressCountry\":\"ES\"}},{\"@type\":\"Person\",\"@id\":\"https:\\\/\\\/www.eldigitaldeasturias.com\\\/noticias\\\/author\\\/admin\\\/#author\",\"url\":\"https:\\\/\\\/www.eldigitaldeasturias.com\\\/noticias\\\/author\\\/admin\\\/\",\"name\":\"El Digital de Asturias\",\"image\":{\"@type\":\"ImageObject\",\"@id\":\"https:\\\/\\\/www.eldigitaldeasturias.com\\\/noticias\\\/las-ventas-del-comercio-minorista-bajaron-en-asturias\\\/#authorImage\",\"url\":\"https:\\\/\\\/secure.gravatar.com\\\/avatar\\\/df2aeffc32bcd13f8d26072ef8a91b623d677766deac7f97ca815868cd41bf5e?s=96&d=mm&r=g\",\"width\":96,\"height\":96,\"caption\":\"El Digital de Asturias\"}},{\"@type\":\"WebPage\",\"@id\":\"https:\\\/\\\/www.eldigitaldeasturias.com\\\/noticias\\\/las-ventas-del-comercio-minorista-bajaron-en-asturias\\\/#webpage\",\"url\":\"https:\\\/\\\/www.eldigitaldeasturias.com\\\/noticias\\\/las-ventas-del-comercio-minorista-bajaron-en-asturias\\\/\",\"name\":\"Las ventas del comercio minorista bajaron en Asturias - El Digital de Asturias\",\"description\":\"Madrid\\\/Oviedo, 29 ene (EFE).- Las ventas del comercio minorista a precios constantes -eliminada la inflaci\\u00f3n- bajaron en Asturias en 2013 el 4,6 por ciento respecto al ejercicio anterior y el empleo se redujo en el 2,2 por ciento. El empleo en el comercio minorista disminuy\\u00f3 en el Principado en diciembre en 2,2 por ciento en\",\"inLanguage\":\"es-ES\",\"isPartOf\":{\"@id\":\"https:\\\/\\\/www.eldigitaldeasturias.com\\\/noticias\\\/#website\"},\"breadcrumb\":{\"@id\":\"https:\\\/\\\/www.eldigitaldeasturias.com\\\/noticias\\\/las-ventas-del-comercio-minorista-bajaron-en-asturias\\\/#breadcrumblist\"},\"author\":{\"@id\":\"https:\\\/\\\/www.eldigitaldeasturias.com\\\/noticias\\\/author\\\/admin\\\/#author\"},\"creator\":{\"@id\":\"https:\\\/\\\/www.eldigitaldeasturias.com\\\/noticias\\\/author\\\/admin\\\/#author\"},\"image\":{\"@type\":\"ImageObject\",\"url\":464205,\"@id\":\"https:\\\/\\\/www.eldigitaldeasturias.com\\\/noticias\\\/las-ventas-del-comercio-minorista-bajaron-en-asturias\\\/#mainImage\"},\"primaryImageOfPage\":{\"@id\":\"https:\\\/\\\/www.eldigitaldeasturias.com\\\/noticias\\\/las-ventas-del-comercio-minorista-bajaron-en-asturias\\\/#mainImage\"},\"datePublished\":\"2014-01-29T12:41:51+01:00\",\"dateModified\":\"2014-01-29T12:41:51+01:00\"},{\"@type\":\"WebSite\",\"@id\":\"https:\\\/\\\/www.eldigitaldeasturias.com\\\/noticias\\\/#website\",\"url\":\"https:\\\/\\\/www.eldigitaldeasturias.com\\\/noticias\\\/\",\"name\":\"El Digital de Asturias - Diario de actualidad y noticias\",\"alternateName\":\"El Digital de Asturias - Diario de actualidad y noticias\",\"description\":\"Hemeroteca\",\"inLanguage\":\"es-ES\",\"publisher\":{\"@id\":\"https:\\\/\\\/www.eldigitaldeasturias.com\\\/noticias\\\/#organization\"}}]}\n\t\t<\/script>\n\t\t<!-- All in One SEO Pro -->\r\n\t\t<title>Las ventas del comercio minorista bajaron en Asturias - El Digital de Asturias<\/title>\n\n","aioseo_head_json":{"title":"Las ventas del comercio minorista bajaron en Asturias - El Digital de Asturias","description":"Madrid\/Oviedo, 29 ene (EFE).- Las ventas del comercio minorista a precios constantes -eliminada la inflaci\u00f3n- bajaron en Asturias en 2013 el 4,6 por ciento respecto al ejercicio anterior y el empleo se redujo en el 2,2 por ciento. El empleo en el comercio minorista disminuy\u00f3 en el Principado en diciembre en 2,2 por ciento en","canonical_url":"https:\/\/www.eldigitaldeasturias.com\/noticias\/las-ventas-del-comercio-minorista-bajaron-en-asturias\/","robots":"max-image-preview:large","keywords":"actualidad,actualidad asturias","webmasterTools":{"google-site-verification":"UA-38556648-1","msvalidate.01":"7dfe9f3f1b24437ab69f4f2559babe99","miscellaneous":""},"schema":{"@context":"https:\/\/schema.org","@graph":[{"@type":"BlogPosting","@id":"https:\/\/www.eldigitaldeasturias.com\/noticias\/las-ventas-del-comercio-minorista-bajaron-en-asturias\/#blogposting","name":"Las ventas del comercio minorista bajaron en Asturias - El Digital de Asturias","headline":"Las ventas del comercio minorista bajaron en Asturias","author":{"@id":"https:\/\/www.eldigitaldeasturias.com\/noticias\/author\/admin\/#author"},"publisher":{"@id":"https:\/\/www.eldigitaldeasturias.com\/noticias\/#organization"},"image":{"@type":"ImageObject","url":464205},"datePublished":"2014-01-29T12:41:51+01:00","dateModified":"2014-01-29T12:41:51+01:00","inLanguage":"es-ES","mainEntityOfPage":{"@id":"https:\/\/www.eldigitaldeasturias.com\/noticias\/las-ventas-del-comercio-minorista-bajaron-en-asturias\/#webpage"},"isPartOf":{"@id":"https:\/\/www.eldigitaldeasturias.com\/noticias\/las-ventas-del-comercio-minorista-bajaron-en-asturias\/#webpage"},"articleSection":"Actualidad, Actualidad Asturias"},{"@type":"BreadcrumbList","@id":"https:\/\/www.eldigitaldeasturias.com\/noticias\/las-ventas-del-comercio-minorista-bajaron-en-asturias\/#breadcrumblist","itemListElement":[{"@type":"ListItem","@id":"https:\/\/www.eldigitaldeasturias.com\/noticias#listItem","position":1,"name":"Home","item":"https:\/\/www.eldigitaldeasturias.com\/noticias","nextItem":{"@type":"ListItem","@id":"https:\/\/www.eldigitaldeasturias.com\/noticias\/category\/actualidad\/#listItem","name":"Actualidad"}},{"@type":"ListItem","@id":"https:\/\/www.eldigitaldeasturias.com\/noticias\/category\/actualidad\/#listItem","position":2,"name":"Actualidad","item":"https:\/\/www.eldigitaldeasturias.com\/noticias\/category\/actualidad\/","nextItem":{"@type":"ListItem","@id":"https:\/\/www.eldigitaldeasturias.com\/noticias\/las-ventas-del-comercio-minorista-bajaron-en-asturias\/#listItem","name":"Las ventas del comercio minorista bajaron en Asturias"},"previousItem":{"@type":"ListItem","@id":"https:\/\/www.eldigitaldeasturias.com\/noticias#listItem","name":"Home"}},{"@type":"ListItem","@id":"https:\/\/www.eldigitaldeasturias.com\/noticias\/las-ventas-del-comercio-minorista-bajaron-en-asturias\/#listItem","position":3,"name":"Las ventas del comercio minorista bajaron en Asturias","previousItem":{"@type":"ListItem","@id":"https:\/\/www.eldigitaldeasturias.com\/noticias\/category\/actualidad\/#listItem","name":"Actualidad"}}]},{"@type":"Organization","@id":"https:\/\/www.eldigitaldeasturias.com\/noticias\/#organization","name":"El Digital de Asturias","description":"Hemeroteca","url":"https:\/\/www.eldigitaldeasturias.com\/noticias\/","email":"info@eldigitaldeasturias.com","telephone":"+34652131393","logo":{"@type":"ImageObject","url":"https:\/\/www.eldigitaldeasturias.com\/noticias\/wp-content\/uploads\/2020\/12\/EDA.jpg","@id":"https:\/\/www.eldigitaldeasturias.com\/noticias\/las-ventas-del-comercio-minorista-bajaron-en-asturias\/#organizationLogo"},"image":{"@id":"https:\/\/www.eldigitaldeasturias.com\/noticias\/las-ventas-del-comercio-minorista-bajaron-en-asturias\/#organizationLogo"},"sameAs":["https:\/\/facebook.com\/eldigitaldeasturias","https:\/\/www.youtube.com\/channel\/UCZP-2wLEB9Rv6erhFmqVnvg"],"address":{"@id":"https:\/\/www.eldigitaldeasturias.com\/noticias\/#postaladdress","@type":"PostalAddress","streetAddress":"san antonio 4","postalCode":"33430","addressLocality":"Cand\u00e1s","addressRegion":"Asturias","addressCountry":"ES"}},{"@type":"Person","@id":"https:\/\/www.eldigitaldeasturias.com\/noticias\/author\/admin\/#author","url":"https:\/\/www.eldigitaldeasturias.com\/noticias\/author\/admin\/","name":"El Digital de Asturias","image":{"@type":"ImageObject","@id":"https:\/\/www.eldigitaldeasturias.com\/noticias\/las-ventas-del-comercio-minorista-bajaron-en-asturias\/#authorImage","url":"https:\/\/secure.gravatar.com\/avatar\/df2aeffc32bcd13f8d26072ef8a91b623d677766deac7f97ca815868cd41bf5e?s=96&d=mm&r=g","width":96,"height":96,"caption":"El Digital de Asturias"}},{"@type":"WebPage","@id":"https:\/\/www.eldigitaldeasturias.com\/noticias\/las-ventas-del-comercio-minorista-bajaron-en-asturias\/#webpage","url":"https:\/\/www.eldigitaldeasturias.com\/noticias\/las-ventas-del-comercio-minorista-bajaron-en-asturias\/","name":"Las ventas del comercio minorista bajaron en Asturias - El Digital de Asturias","description":"Madrid\/Oviedo, 29 ene (EFE).- Las ventas del comercio minorista a precios constantes -eliminada la inflaci\u00f3n- bajaron en Asturias en 2013 el 4,6 por ciento respecto al ejercicio anterior y el empleo se redujo en el 2,2 por ciento. El empleo en el comercio minorista disminuy\u00f3 en el Principado en diciembre en 2,2 por ciento en","inLanguage":"es-ES","isPartOf":{"@id":"https:\/\/www.eldigitaldeasturias.com\/noticias\/#website"},"breadcrumb":{"@id":"https:\/\/www.eldigitaldeasturias.com\/noticias\/las-ventas-del-comercio-minorista-bajaron-en-asturias\/#breadcrumblist"},"author":{"@id":"https:\/\/www.eldigitaldeasturias.com\/noticias\/author\/admin\/#author"},"creator":{"@id":"https:\/\/www.eldigitaldeasturias.com\/noticias\/author\/admin\/#author"},"image":{"@type":"ImageObject","url":464205,"@id":"https:\/\/www.eldigitaldeasturias.com\/noticias\/las-ventas-del-comercio-minorista-bajaron-en-asturias\/#mainImage"},"primaryImageOfPage":{"@id":"https:\/\/www.eldigitaldeasturias.com\/noticias\/las-ventas-del-comercio-minorista-bajaron-en-asturias\/#mainImage"},"datePublished":"2014-01-29T12:41:51+01:00","dateModified":"2014-01-29T12:41:51+01:00"},{"@type":"WebSite","@id":"https:\/\/www.eldigitaldeasturias.com\/noticias\/#website","url":"https:\/\/www.eldigitaldeasturias.com\/noticias\/","name":"El Digital de Asturias - Diario de actualidad y noticias","alternateName":"El Digital de Asturias - Diario de actualidad y noticias","description":"Hemeroteca","inLanguage":"es-ES","publisher":{"@id":"https:\/\/www.eldigitaldeasturias.com\/noticias\/#organization"}}]},"og:locale":"es_ES","og:site_name":"El Digital de Asturias","og:type":"article","og:title":"Las ventas del comercio minorista bajaron en Asturias - El Digital de Asturias","og:description":"Madrid\/Oviedo, 29 ene (EFE).- Las ventas del comercio minorista a precios constantes -eliminada la inflaci\u00f3n- bajaron en Asturias en 2013 el 4,6 por ciento respecto al ejercicio anterior y el empleo se redujo en el 2,2 por ciento. El empleo en el comercio minorista disminuy\u00f3 en el Principado en diciembre en 2,2 por ciento en","og:url":"https:\/\/www.eldigitaldeasturias.com\/noticias\/las-ventas-del-comercio-minorista-bajaron-en-asturias\/","article:tag":["actualidad","actualidad asturias"],"article:published_time":"2014-01-29T13:41:51+00:00","article:modified_time":"2014-01-29T13:41:51+00:00","article:publisher":"https:\/\/facebook.com\/eldigitaldeasturias","twitter:card":"summary_large_image","twitter:title":"Las ventas del comercio minorista bajaron en Asturias - El Digital de Asturias","twitter:description":"Madrid\/Oviedo, 29 ene (EFE).- Las ventas del comercio minorista a precios constantes -eliminada la inflaci\u00f3n- bajaron en Asturias en 2013 el 4,6 por ciento respecto al ejercicio anterior y el empleo se redujo en el 2,2 por ciento. El empleo en el comercio minorista disminuy\u00f3 en el Principado en diciembre en 2,2 por ciento en","twitter:label1":"Escrito por","twitter:data1":"El Digital de Asturias","twitter:label2":"Tiempo de lectura estimado","twitter:data2":"3 minutos"},"aioseo_meta_data":{"post_id":"479921","title":null,"description":null,"keywords":null,"keyphrases":null,"primary_term":null,"canonical_url":null,"og_title":null,"og_description":null,"og_object_type":"default","og_image_type":"default","og_image_url":null,"og_image_width":null,"og_image_height":null,"og_image_custom_url":null,"og_image_custom_fields":null,"og_video":null,"og_custom_url":null,"og_article_section":null,"og_article_tags":null,"twitter_use_og":true,"twitter_card":"default","twitter_image_type":"default","twitter_image_url":null,"twitter_image_custom_url":null,"twitter_image_custom_fields":null,"twitter_title":null,"twitter_description":null,"schema":{"blockGraphs":[],"customGraphs":[],"default":{"data":{"Article":[],"Course":[],"Dataset":[],"FAQPage":[],"Movie":[],"Person":[],"Product":[],"ProductReview":[],"Car":[],"Recipe":[],"Service":[],"SoftwareApplication":[],"WebPage":[]},"graphName":"","isEnabled":true},"graphs":[],"defaultGraph":"","defaultPostTypeGraph":""},"schema_type":null,"schema_type_options":null,"pillar_content":false,"robots_default":true,"robots_noindex":false,"robots_noarchive":false,"robots_nosnippet":false,"robots_nofollow":false,"robots_noimageindex":false,"robots_noodp":false,"robots_notranslate":false,"robots_max_snippet":null,"robots_max_videopreview":null,"robots_max_imagepreview":"none","priority":null,"frequency":null,"local_seo":null,"seo_analyzer_scan_date":"2026-06-02 02:10:09","breadcrumb_settings":null,"limit_modified_date":false,"open_ai":null,"ai":null,"created":"2020-11-14 22:54:07","updated":"2026-06-02 02:10:09","focus_keyword":null,"additional_keywords":null,"truseo_locale":null},"aioseo_breadcrumb":"<div class=\"aioseo-breadcrumbs\"><span class=\"aioseo-breadcrumb\">\n\t<a href=\"https:\/\/www.eldigitaldeasturias.com\/noticias\" title=\"Home\">Home<\/a>\n<\/span><span class=\"aioseo-breadcrumb-separator\">\u2013<\/span><span class=\"aioseo-breadcrumb\">\n\t<a href=\"https:\/\/www.eldigitaldeasturias.com\/noticias\/category\/actualidad\/\" title=\"Actualidad\">Actualidad<\/a>\n<\/span><span class=\"aioseo-breadcrumb-separator\">\u2013<\/span><span class=\"aioseo-breadcrumb\">\n\t<a href=\"https:\/\/www.eldigitaldeasturias.com\/noticias\/las-ventas-del-comercio-minorista-bajaron-en-asturias\/\" title=\"Las ventas del comercio minorista bajaron en Asturias\">Las ventas del comercio minorista bajaron en Asturias<\/a>\n<\/span><\/div>","aioseo_breadcrumb_json":[{"label":"Home","link":"https:\/\/www.eldigitaldeasturias.com\/noticias"},{"label":"Actualidad","link":"https:\/\/www.eldigitaldeasturias.com\/noticias\/category\/actualidad\/"},{"label":"Las ventas del comercio minorista bajaron en Asturias","link":"https:\/\/www.eldigitaldeasturias.com\/noticias\/las-ventas-del-comercio-minorista-bajaron-en-asturias\/"}],"_links":{"self":[{"href":"https:\/\/www.eldigitaldeasturias.com\/noticias\/wp-json\/wp\/v2\/posts\/479921","targetHints":{"allow":["GET"]}}],"collection":[{"href":"https:\/\/www.eldigitaldeasturias.com\/noticias\/wp-json\/wp\/v2\/posts"}],"about":[{"href":"https:\/\/www.eldigitaldeasturias.com\/noticias\/wp-json\/wp\/v2\/types\/post"}],"author":[{"embeddable":true,"href":"https:\/\/www.eldigitaldeasturias.com\/noticias\/wp-json\/wp\/v2\/users\/1"}],"replies":[{"embeddable":true,"href":"https:\/\/www.eldigitaldeasturias.com\/noticias\/wp-json\/wp\/v2\/comments?post=479921"}],"version-history":[{"count":0,"href":"https:\/\/www.eldigitaldeasturias.com\/noticias\/wp-json\/wp\/v2\/posts\/479921\/revisions"}],"wp:attachment":[{"href":"https:\/\/www.eldigitaldeasturias.com\/noticias\/wp-json\/wp\/v2\/media?parent=479921"}],"wp:term":[{"taxonomy":"category","embeddable":true,"href":"https:\/\/www.eldigitaldeasturias.com\/noticias\/wp-json\/wp\/v2\/categories?post=479921"},{"taxonomy":"post_tag","embeddable":true,"href":"https:\/\/www.eldigitaldeasturias.com\/noticias\/wp-json\/wp\/v2\/tags?post=479921"}],"curies":[{"name":"wp","href":"https:\/\/api.w.org\/{rel}","templated":true}]}}