{"id":479875,"date":"2014-01-29T02:26:09","date_gmt":"2014-01-29T03:26:09","guid":{"rendered":"http:\/\/www.eldigitaldeasturias.com\/noticias\/?p=479875"},"modified":"2014-01-29T02:26:09","modified_gmt":"2014-01-29T03:26:09","slug":"el-partido-inaugural-del-mundial-de-voleibol-se-jugara-al-aire-libre","status":"publish","type":"post","link":"https:\/\/www.eldigitaldeasturias.com\/noticias\/el-partido-inaugural-del-mundial-de-voleibol-se-jugara-al-aire-libre\/","title":{"rendered":"El partido inaugural del Mundial de voleibol se jugar\u00e1 al aire libre"},"content":{"rendered":"<p><img loading=\"lazy\" decoding=\"async\" class=\"alignleft size-medium wp-image-479876\" alt=\"5881435w\" src=\"https:\/\/www.eldigitaldeasturias.com\/noticias\/wp-content\/uploads\/2014\/01\/5881435w-360x221.jpg\" width=\"360\" height=\"221\" \/>Redacci\u00f3n deportes, 27 ene (EFE).- El partido inaugural del Mundial de voleibol masculino Polonia 2014, entre la selecci\u00f3n anfitriona y la de Serbia, se jugar\u00e1 el 30 de agosto al aire libre, en el Estadio Nacional de f\u00fatbol de Breslavia, con capacidad para 58.000 espectadores, informa la federaci\u00f3n internacional de este deporte.<\/p>\n<p>As\u00ed se ha anunciado hoy por los organizadores en Varsovia con motivo del sorteo de los grupos de la primera fase.<\/p>\n<p>Hace m\u00e1s de sesenta a\u00f1os que un partido de un Mundial de voleibol no se juega al aire libre. La \u00faltima vez fue en el de Mosc\u00fa de 1952.<\/p>\n<p>El Mundial de Polonia, del 30 de agosto al 21 de septiembre, se jugar\u00e1 en las ciudades de Breslavia, Katowice, Gdansk, Cracovia, Lodz y Bydgoszck.<\/p>\n<p>Brasil, ganadora de las tres \u00faltimas ediciones, ha quedado encuadrada en el Grupo B junto a Alemania, Corea del Sur, Finlandia, el segundo clasificado del \u00e1rea NORCECA y el primero de la Confederaci\u00f3n Africana (CAVB). Estos dos \u00faltimos rivales se conocer\u00e1n en sendos torneos previstos para mayo y febrero, respectivamente.<\/p>\n<p>Polonia lidera el Grupo A junto a Argentina, Serbia, Australia, Venezuela y el tercer clasificado del torneo de la CAVB.<\/p>\n<p>En el Grupo C estar\u00e1 la actual campeona ol\u00edmpica, Rusia, Bulgaria, China, el tercero del torneo NORCECA, el segundo del CAVB y el quinto del NORCECA.<\/p>\n<p>Italia, el primero de NORCECA, Ir\u00e1n, Francia, el cuarto de NORCECA y B\u00e9lgica jugar\u00e1n en el Grupo D.<\/p>\n","protected":false},"excerpt":{"rendered":"<p>Redacci\u00f3n deportes, 27 ene (EFE).- El partido inaugural del Mundial de voleibol masculino Polonia 2014, entre la selecci\u00f3n anfitriona y la de Serbia, se jugar\u00e1 el 30 de agosto al aire libre, en el Estadio Nacional de f\u00fatbol de Breslavia, con capacidad para 58.000 espectadores, informa la federaci\u00f3n internacional de este deporte. As\u00ed se ha [&hellip;]<\/p>\n","protected":false},"author":1,"featured_media":1132184,"comment_status":"closed","ping_status":"open","sticky":false,"template":"","format":"standard","meta":{"footnotes":""},"categories":[1],"tags":[],"class_list":["post-479875","post","type-post","status-publish","format-standard","has-post-thumbnail","hentry","category-actualidad"],"aioseo_notices":[],"aioseo_head":"\n\t\t<!-- All in One SEO Pro 5.0.1 - aioseo.com -->\n\t<meta name=\"description\" content=\"Redacci\u00f3n deportes, 27 ene (EFE).- El partido inaugural del Mundial de voleibol masculino Polonia 2014, entre la selecci\u00f3n anfitriona y la de Serbia, se jugar\u00e1 el 30 de agosto al aire libre, en el Estadio Nacional de f\u00fatbol de Breslavia, con capacidad para 58.000 espectadores, informa la federaci\u00f3n internacional de este deporte. As\u00ed se ha\" \/>\n\t<meta name=\"robots\" content=\"max-image-preview:large\" \/>\n\t<meta name=\"author\" content=\"El Digital de Asturias\"\/>\n\t<meta name=\"google-site-verification\" content=\"UA-38556648-1\" \/>\n\t<meta name=\"msvalidate.01\" content=\"7dfe9f3f1b24437ab69f4f2559babe99\" \/>\n\t<meta name=\"keywords\" content=\"actualidad\" \/>\n\t<link rel=\"canonical\" href=\"https:\/\/www.eldigitaldeasturias.com\/noticias\/el-partido-inaugural-del-mundial-de-voleibol-se-jugara-al-aire-libre\/\" \/>\n\t<meta name=\"generator\" content=\"All in One SEO Pro (AIOSEO) 5.0.1\" \/>\n\t\t<meta property=\"og:locale\" content=\"es_ES\" \/>\n\t\t<meta property=\"og:site_name\" content=\"El Digital de Asturias\" \/>\n\t\t<meta property=\"og:type\" content=\"article\" \/>\n\t\t<meta property=\"og:title\" content=\"El partido inaugural del Mundial de voleibol se jugar\u00e1 al aire libre - El Digital de Asturias\" \/>\n\t\t<meta property=\"og:description\" content=\"Redacci\u00f3n deportes, 27 ene (EFE).- El partido inaugural del Mundial de voleibol masculino Polonia 2014, entre la selecci\u00f3n anfitriona y la de Serbia, se jugar\u00e1 el 30 de agosto al aire libre, en el Estadio Nacional de f\u00fatbol de Breslavia, con capacidad para 58.000 espectadores, informa la federaci\u00f3n internacional de este deporte. As\u00ed se ha\" \/>\n\t\t<meta property=\"og:url\" content=\"https:\/\/www.eldigitaldeasturias.com\/noticias\/el-partido-inaugural-del-mundial-de-voleibol-se-jugara-al-aire-libre\/\" \/>\n\t\t<meta property=\"og:image\" content=\"https:\/\/www.eldigitaldeasturias.com\/noticias\/wp-content\/uploads\/2026\/06\/Contenidos.jpg\" \/>\n\t\t<meta property=\"og:image:secure_url\" content=\"https:\/\/www.eldigitaldeasturias.com\/noticias\/wp-content\/uploads\/2026\/06\/Contenidos.jpg\" \/>\n\t\t<meta property=\"og:image:width\" content=\"1265\" \/>\n\t\t<meta property=\"og:image:height\" content=\"697\" \/>\n\t\t<meta property=\"article:tag\" content=\"actualidad\" \/>\n\t\t<meta property=\"article:published_time\" content=\"2014-01-29T03:26:09+00:00\" \/>\n\t\t<meta property=\"article:modified_time\" content=\"2014-01-29T03:26:09+00:00\" \/>\n\t\t<meta property=\"article:publisher\" content=\"https:\/\/facebook.com\/eldigitaldeasturias\" \/>\n\t\t<meta name=\"twitter:card\" content=\"summary_large_image\" \/>\n\t\t<meta name=\"twitter:title\" content=\"El partido inaugural del Mundial de voleibol se jugar\u00e1 al aire libre - El Digital de Asturias\" \/>\n\t\t<meta name=\"twitter:description\" content=\"Redacci\u00f3n deportes, 27 ene (EFE).- El partido inaugural del Mundial de voleibol masculino Polonia 2014, entre la selecci\u00f3n anfitriona y la de Serbia, se jugar\u00e1 el 30 de agosto al aire libre, en el Estadio Nacional de f\u00fatbol de Breslavia, con capacidad para 58.000 espectadores, informa la federaci\u00f3n internacional de este deporte. As\u00ed se ha\" \/>\n\t\t<meta name=\"twitter:image\" content=\"https:\/\/www.eldigitaldeasturias.com\/noticias\/wp-content\/uploads\/2026\/06\/Contenidos.jpg\" \/>\n\t\t<meta name=\"twitter:label1\" content=\"Escrito por\" \/>\n\t\t<meta name=\"twitter:data1\" content=\"El Digital de Asturias\" \/>\n\t\t<meta name=\"twitter:label2\" content=\"Tiempo de lectura estimado\" \/>\n\t\t<meta name=\"twitter:data2\" content=\"1 minuto\" \/>\n\t\t<script type=\"application\/ld+json\" class=\"aioseo-schema\">\n\t\t\t{\"@context\":\"https:\\\/\\\/schema.org\",\"@graph\":[{\"@type\":\"BlogPosting\",\"@id\":\"https:\\\/\\\/www.eldigitaldeasturias.com\\\/noticias\\\/el-partido-inaugural-del-mundial-de-voleibol-se-jugara-al-aire-libre\\\/#blogposting\",\"name\":\"El partido inaugural del Mundial de voleibol se jugar\\u00e1 al aire libre - El Digital de Asturias\",\"headline\":\"El partido inaugural del Mundial de voleibol se jugar\\u00e1 al aire libre\",\"author\":{\"@id\":\"https:\\\/\\\/www.eldigitaldeasturias.com\\\/noticias\\\/author\\\/admin\\\/#author\"},\"publisher\":{\"@id\":\"https:\\\/\\\/www.eldigitaldeasturias.com\\\/noticias\\\/#organization\"},\"image\":{\"@type\":\"ImageObject\",\"url\":\"https:\\\/\\\/www.eldigitaldeasturias.com\\\/noticias\\\/wp-content\\\/uploads\\\/2026\\\/06\\\/Contenidos.jpg\",\"width\":1265,\"height\":697,\"caption\":\"Contenidos\"},\"datePublished\":\"2014-01-29T02:26:09+01:00\",\"dateModified\":\"2014-01-29T02:26:09+01:00\",\"inLanguage\":\"es-ES\",\"mainEntityOfPage\":{\"@id\":\"https:\\\/\\\/www.eldigitaldeasturias.com\\\/noticias\\\/el-partido-inaugural-del-mundial-de-voleibol-se-jugara-al-aire-libre\\\/#webpage\"},\"isPartOf\":{\"@id\":\"https:\\\/\\\/www.eldigitaldeasturias.com\\\/noticias\\\/el-partido-inaugural-del-mundial-de-voleibol-se-jugara-al-aire-libre\\\/#webpage\"},\"articleSection\":\"Actualidad\"},{\"@type\":\"BreadcrumbList\",\"@id\":\"https:\\\/\\\/www.eldigitaldeasturias.com\\\/noticias\\\/el-partido-inaugural-del-mundial-de-voleibol-se-jugara-al-aire-libre\\\/#breadcrumblist\",\"itemListElement\":[{\"@type\":\"ListItem\",\"@id\":\"https:\\\/\\\/www.eldigitaldeasturias.com\\\/noticias#listItem\",\"position\":1,\"name\":\"Home\",\"item\":\"https:\\\/\\\/www.eldigitaldeasturias.com\\\/noticias\",\"nextItem\":{\"@type\":\"ListItem\",\"@id\":\"https:\\\/\\\/www.eldigitaldeasturias.com\\\/noticias\\\/category\\\/actualidad\\\/#listItem\",\"name\":\"Actualidad\"}},{\"@type\":\"ListItem\",\"@id\":\"https:\\\/\\\/www.eldigitaldeasturias.com\\\/noticias\\\/category\\\/actualidad\\\/#listItem\",\"position\":2,\"name\":\"Actualidad\",\"item\":\"https:\\\/\\\/www.eldigitaldeasturias.com\\\/noticias\\\/category\\\/actualidad\\\/\",\"nextItem\":{\"@type\":\"ListItem\",\"@id\":\"https:\\\/\\\/www.eldigitaldeasturias.com\\\/noticias\\\/el-partido-inaugural-del-mundial-de-voleibol-se-jugara-al-aire-libre\\\/#listItem\",\"name\":\"El partido inaugural del Mundial de voleibol se jugar\\u00e1 al aire libre\"},\"previousItem\":{\"@type\":\"ListItem\",\"@id\":\"https:\\\/\\\/www.eldigitaldeasturias.com\\\/noticias#listItem\",\"name\":\"Home\"}},{\"@type\":\"ListItem\",\"@id\":\"https:\\\/\\\/www.eldigitaldeasturias.com\\\/noticias\\\/el-partido-inaugural-del-mundial-de-voleibol-se-jugara-al-aire-libre\\\/#listItem\",\"position\":3,\"name\":\"El partido inaugural del Mundial de voleibol se jugar\\u00e1 al aire libre\",\"previousItem\":{\"@type\":\"ListItem\",\"@id\":\"https:\\\/\\\/www.eldigitaldeasturias.com\\\/noticias\\\/category\\\/actualidad\\\/#listItem\",\"name\":\"Actualidad\"}}]},{\"@type\":\"Organization\",\"@id\":\"https:\\\/\\\/www.eldigitaldeasturias.com\\\/noticias\\\/#organization\",\"name\":\"El Digital de Asturias\",\"description\":\"Hemeroteca\",\"url\":\"https:\\\/\\\/www.eldigitaldeasturias.com\\\/noticias\\\/\",\"email\":\"info@eldigitaldeasturias.com\",\"telephone\":\"+34652131393\",\"logo\":{\"@type\":\"ImageObject\",\"url\":\"https:\\\/\\\/www.eldigitaldeasturias.com\\\/noticias\\\/wp-content\\\/uploads\\\/2020\\\/12\\\/EDA.jpg\",\"@id\":\"https:\\\/\\\/www.eldigitaldeasturias.com\\\/noticias\\\/el-partido-inaugural-del-mundial-de-voleibol-se-jugara-al-aire-libre\\\/#organizationLogo\"},\"image\":{\"@id\":\"https:\\\/\\\/www.eldigitaldeasturias.com\\\/noticias\\\/el-partido-inaugural-del-mundial-de-voleibol-se-jugara-al-aire-libre\\\/#organizationLogo\"},\"sameAs\":[\"https:\\\/\\\/facebook.com\\\/eldigitaldeasturias\",\"https:\\\/\\\/www.youtube.com\\\/channel\\\/UCZP-2wLEB9Rv6erhFmqVnvg\"],\"address\":{\"@id\":\"https:\\\/\\\/www.eldigitaldeasturias.com\\\/noticias\\\/#postaladdress\",\"@type\":\"PostalAddress\",\"streetAddress\":\"san antonio 4\",\"postalCode\":\"33430\",\"addressLocality\":\"Cand\\u00e1s\",\"addressRegion\":\"Asturias\",\"addressCountry\":\"ES\"}},{\"@type\":\"Person\",\"@id\":\"https:\\\/\\\/www.eldigitaldeasturias.com\\\/noticias\\\/author\\\/admin\\\/#author\",\"url\":\"https:\\\/\\\/www.eldigitaldeasturias.com\\\/noticias\\\/author\\\/admin\\\/\",\"name\":\"El Digital de Asturias\",\"image\":{\"@type\":\"ImageObject\",\"@id\":\"https:\\\/\\\/www.eldigitaldeasturias.com\\\/noticias\\\/el-partido-inaugural-del-mundial-de-voleibol-se-jugara-al-aire-libre\\\/#authorImage\",\"url\":\"https:\\\/\\\/secure.gravatar.com\\\/avatar\\\/df2aeffc32bcd13f8d26072ef8a91b623d677766deac7f97ca815868cd41bf5e?s=96&d=mm&r=g\",\"width\":96,\"height\":96,\"caption\":\"El Digital de Asturias\"}},{\"@type\":\"WebPage\",\"@id\":\"https:\\\/\\\/www.eldigitaldeasturias.com\\\/noticias\\\/el-partido-inaugural-del-mundial-de-voleibol-se-jugara-al-aire-libre\\\/#webpage\",\"url\":\"https:\\\/\\\/www.eldigitaldeasturias.com\\\/noticias\\\/el-partido-inaugural-del-mundial-de-voleibol-se-jugara-al-aire-libre\\\/\",\"name\":\"El partido inaugural del Mundial de voleibol se jugar\\u00e1 al aire libre - El Digital de Asturias\",\"description\":\"Redacci\\u00f3n deportes, 27 ene (EFE).- El partido inaugural del Mundial de voleibol masculino Polonia 2014, entre la selecci\\u00f3n anfitriona y la de Serbia, se jugar\\u00e1 el 30 de agosto al aire libre, en el Estadio Nacional de f\\u00fatbol de Breslavia, con capacidad para 58.000 espectadores, informa la federaci\\u00f3n internacional de este deporte. As\\u00ed se ha\",\"inLanguage\":\"es-ES\",\"isPartOf\":{\"@id\":\"https:\\\/\\\/www.eldigitaldeasturias.com\\\/noticias\\\/#website\"},\"breadcrumb\":{\"@id\":\"https:\\\/\\\/www.eldigitaldeasturias.com\\\/noticias\\\/el-partido-inaugural-del-mundial-de-voleibol-se-jugara-al-aire-libre\\\/#breadcrumblist\"},\"author\":{\"@id\":\"https:\\\/\\\/www.eldigitaldeasturias.com\\\/noticias\\\/author\\\/admin\\\/#author\"},\"creator\":{\"@id\":\"https:\\\/\\\/www.eldigitaldeasturias.com\\\/noticias\\\/author\\\/admin\\\/#author\"},\"image\":{\"@type\":\"ImageObject\",\"url\":\"https:\\\/\\\/www.eldigitaldeasturias.com\\\/noticias\\\/wp-content\\\/uploads\\\/2026\\\/06\\\/Contenidos.jpg\",\"@id\":\"https:\\\/\\\/www.eldigitaldeasturias.com\\\/noticias\\\/el-partido-inaugural-del-mundial-de-voleibol-se-jugara-al-aire-libre\\\/#mainImage\",\"width\":1265,\"height\":697,\"caption\":\"Contenidos\"},\"primaryImageOfPage\":{\"@id\":\"https:\\\/\\\/www.eldigitaldeasturias.com\\\/noticias\\\/el-partido-inaugural-del-mundial-de-voleibol-se-jugara-al-aire-libre\\\/#mainImage\"},\"datePublished\":\"2014-01-29T02:26:09+01:00\",\"dateModified\":\"2014-01-29T02:26:09+01:00\"},{\"@type\":\"WebSite\",\"@id\":\"https:\\\/\\\/www.eldigitaldeasturias.com\\\/noticias\\\/#website\",\"url\":\"https:\\\/\\\/www.eldigitaldeasturias.com\\\/noticias\\\/\",\"name\":\"El Digital de Asturias - Diario de actualidad y noticias\",\"alternateName\":\"El Digital de Asturias - Diario de actualidad y noticias\",\"description\":\"Hemeroteca\",\"inLanguage\":\"es-ES\",\"publisher\":{\"@id\":\"https:\\\/\\\/www.eldigitaldeasturias.com\\\/noticias\\\/#organization\"}}]}\n\t\t<\/script>\n\t\t<!-- All in One SEO Pro -->\r\n\t\t<title>El partido inaugural del Mundial de voleibol se jugar\u00e1 al aire libre - El Digital de Asturias<\/title>\n\n","aioseo_head_json":{"title":"El partido inaugural del Mundial de voleibol se jugar\u00e1 al aire libre - El Digital de Asturias","description":"Redacci\u00f3n deportes, 27 ene (EFE).- El partido inaugural del Mundial de voleibol masculino Polonia 2014, entre la selecci\u00f3n anfitriona y la de Serbia, se jugar\u00e1 el 30 de agosto al aire libre, en el Estadio Nacional de f\u00fatbol de Breslavia, con capacidad para 58.000 espectadores, informa la federaci\u00f3n internacional de este deporte. As\u00ed se ha","canonical_url":"https:\/\/www.eldigitaldeasturias.com\/noticias\/el-partido-inaugural-del-mundial-de-voleibol-se-jugara-al-aire-libre\/","robots":"max-image-preview:large","keywords":"actualidad","webmasterTools":{"google-site-verification":"UA-38556648-1","msvalidate.01":"7dfe9f3f1b24437ab69f4f2559babe99","miscellaneous":""},"schema":{"@context":"https:\/\/schema.org","@graph":[{"@type":"BlogPosting","@id":"https:\/\/www.eldigitaldeasturias.com\/noticias\/el-partido-inaugural-del-mundial-de-voleibol-se-jugara-al-aire-libre\/#blogposting","name":"El partido inaugural del Mundial de voleibol se jugar\u00e1 al aire libre - El Digital de Asturias","headline":"El partido inaugural del Mundial de voleibol se jugar\u00e1 al aire libre","author":{"@id":"https:\/\/www.eldigitaldeasturias.com\/noticias\/author\/admin\/#author"},"publisher":{"@id":"https:\/\/www.eldigitaldeasturias.com\/noticias\/#organization"},"image":{"@type":"ImageObject","url":"https:\/\/www.eldigitaldeasturias.com\/noticias\/wp-content\/uploads\/2026\/06\/Contenidos.jpg","width":1265,"height":697,"caption":"Contenidos"},"datePublished":"2014-01-29T02:26:09+01:00","dateModified":"2014-01-29T02:26:09+01:00","inLanguage":"es-ES","mainEntityOfPage":{"@id":"https:\/\/www.eldigitaldeasturias.com\/noticias\/el-partido-inaugural-del-mundial-de-voleibol-se-jugara-al-aire-libre\/#webpage"},"isPartOf":{"@id":"https:\/\/www.eldigitaldeasturias.com\/noticias\/el-partido-inaugural-del-mundial-de-voleibol-se-jugara-al-aire-libre\/#webpage"},"articleSection":"Actualidad"},{"@type":"BreadcrumbList","@id":"https:\/\/www.eldigitaldeasturias.com\/noticias\/el-partido-inaugural-del-mundial-de-voleibol-se-jugara-al-aire-libre\/#breadcrumblist","itemListElement":[{"@type":"ListItem","@id":"https:\/\/www.eldigitaldeasturias.com\/noticias#listItem","position":1,"name":"Home","item":"https:\/\/www.eldigitaldeasturias.com\/noticias","nextItem":{"@type":"ListItem","@id":"https:\/\/www.eldigitaldeasturias.com\/noticias\/category\/actualidad\/#listItem","name":"Actualidad"}},{"@type":"ListItem","@id":"https:\/\/www.eldigitaldeasturias.com\/noticias\/category\/actualidad\/#listItem","position":2,"name":"Actualidad","item":"https:\/\/www.eldigitaldeasturias.com\/noticias\/category\/actualidad\/","nextItem":{"@type":"ListItem","@id":"https:\/\/www.eldigitaldeasturias.com\/noticias\/el-partido-inaugural-del-mundial-de-voleibol-se-jugara-al-aire-libre\/#listItem","name":"El partido inaugural del Mundial de voleibol se jugar\u00e1 al aire libre"},"previousItem":{"@type":"ListItem","@id":"https:\/\/www.eldigitaldeasturias.com\/noticias#listItem","name":"Home"}},{"@type":"ListItem","@id":"https:\/\/www.eldigitaldeasturias.com\/noticias\/el-partido-inaugural-del-mundial-de-voleibol-se-jugara-al-aire-libre\/#listItem","position":3,"name":"El partido inaugural del Mundial de voleibol se jugar\u00e1 al aire libre","previousItem":{"@type":"ListItem","@id":"https:\/\/www.eldigitaldeasturias.com\/noticias\/category\/actualidad\/#listItem","name":"Actualidad"}}]},{"@type":"Organization","@id":"https:\/\/www.eldigitaldeasturias.com\/noticias\/#organization","name":"El Digital de Asturias","description":"Hemeroteca","url":"https:\/\/www.eldigitaldeasturias.com\/noticias\/","email":"info@eldigitaldeasturias.com","telephone":"+34652131393","logo":{"@type":"ImageObject","url":"https:\/\/www.eldigitaldeasturias.com\/noticias\/wp-content\/uploads\/2020\/12\/EDA.jpg","@id":"https:\/\/www.eldigitaldeasturias.com\/noticias\/el-partido-inaugural-del-mundial-de-voleibol-se-jugara-al-aire-libre\/#organizationLogo"},"image":{"@id":"https:\/\/www.eldigitaldeasturias.com\/noticias\/el-partido-inaugural-del-mundial-de-voleibol-se-jugara-al-aire-libre\/#organizationLogo"},"sameAs":["https:\/\/facebook.com\/eldigitaldeasturias","https:\/\/www.youtube.com\/channel\/UCZP-2wLEB9Rv6erhFmqVnvg"],"address":{"@id":"https:\/\/www.eldigitaldeasturias.com\/noticias\/#postaladdress","@type":"PostalAddress","streetAddress":"san antonio 4","postalCode":"33430","addressLocality":"Cand\u00e1s","addressRegion":"Asturias","addressCountry":"ES"}},{"@type":"Person","@id":"https:\/\/www.eldigitaldeasturias.com\/noticias\/author\/admin\/#author","url":"https:\/\/www.eldigitaldeasturias.com\/noticias\/author\/admin\/","name":"El Digital de Asturias","image":{"@type":"ImageObject","@id":"https:\/\/www.eldigitaldeasturias.com\/noticias\/el-partido-inaugural-del-mundial-de-voleibol-se-jugara-al-aire-libre\/#authorImage","url":"https:\/\/secure.gravatar.com\/avatar\/df2aeffc32bcd13f8d26072ef8a91b623d677766deac7f97ca815868cd41bf5e?s=96&d=mm&r=g","width":96,"height":96,"caption":"El Digital de Asturias"}},{"@type":"WebPage","@id":"https:\/\/www.eldigitaldeasturias.com\/noticias\/el-partido-inaugural-del-mundial-de-voleibol-se-jugara-al-aire-libre\/#webpage","url":"https:\/\/www.eldigitaldeasturias.com\/noticias\/el-partido-inaugural-del-mundial-de-voleibol-se-jugara-al-aire-libre\/","name":"El partido inaugural del Mundial de voleibol se jugar\u00e1 al aire libre - El Digital de Asturias","description":"Redacci\u00f3n deportes, 27 ene (EFE).- El partido inaugural del Mundial de voleibol masculino Polonia 2014, entre la selecci\u00f3n anfitriona y la de Serbia, se jugar\u00e1 el 30 de agosto al aire libre, en el Estadio Nacional de f\u00fatbol de Breslavia, con capacidad para 58.000 espectadores, informa la federaci\u00f3n internacional de este deporte. As\u00ed se ha","inLanguage":"es-ES","isPartOf":{"@id":"https:\/\/www.eldigitaldeasturias.com\/noticias\/#website"},"breadcrumb":{"@id":"https:\/\/www.eldigitaldeasturias.com\/noticias\/el-partido-inaugural-del-mundial-de-voleibol-se-jugara-al-aire-libre\/#breadcrumblist"},"author":{"@id":"https:\/\/www.eldigitaldeasturias.com\/noticias\/author\/admin\/#author"},"creator":{"@id":"https:\/\/www.eldigitaldeasturias.com\/noticias\/author\/admin\/#author"},"image":{"@type":"ImageObject","url":"https:\/\/www.eldigitaldeasturias.com\/noticias\/wp-content\/uploads\/2026\/06\/Contenidos.jpg","@id":"https:\/\/www.eldigitaldeasturias.com\/noticias\/el-partido-inaugural-del-mundial-de-voleibol-se-jugara-al-aire-libre\/#mainImage","width":1265,"height":697,"caption":"Contenidos"},"primaryImageOfPage":{"@id":"https:\/\/www.eldigitaldeasturias.com\/noticias\/el-partido-inaugural-del-mundial-de-voleibol-se-jugara-al-aire-libre\/#mainImage"},"datePublished":"2014-01-29T02:26:09+01:00","dateModified":"2014-01-29T02:26:09+01:00"},{"@type":"WebSite","@id":"https:\/\/www.eldigitaldeasturias.com\/noticias\/#website","url":"https:\/\/www.eldigitaldeasturias.com\/noticias\/","name":"El Digital de Asturias - Diario de actualidad y noticias","alternateName":"El Digital de Asturias - Diario de actualidad y noticias","description":"Hemeroteca","inLanguage":"es-ES","publisher":{"@id":"https:\/\/www.eldigitaldeasturias.com\/noticias\/#organization"}}]},"og:locale":"es_ES","og:site_name":"El Digital de Asturias","og:type":"article","og:title":"El partido inaugural del Mundial de voleibol se jugar\u00e1 al aire libre - El Digital de Asturias","og:description":"Redacci\u00f3n deportes, 27 ene (EFE).- El partido inaugural del Mundial de voleibol masculino Polonia 2014, entre la selecci\u00f3n anfitriona y la de Serbia, se jugar\u00e1 el 30 de agosto al aire libre, en el Estadio Nacional de f\u00fatbol de Breslavia, con capacidad para 58.000 espectadores, informa la federaci\u00f3n internacional de este deporte. As\u00ed se ha","og:url":"https:\/\/www.eldigitaldeasturias.com\/noticias\/el-partido-inaugural-del-mundial-de-voleibol-se-jugara-al-aire-libre\/","og:image":"https:\/\/www.eldigitaldeasturias.com\/noticias\/wp-content\/uploads\/2026\/06\/Contenidos.jpg","og:image:secure_url":"https:\/\/www.eldigitaldeasturias.com\/noticias\/wp-content\/uploads\/2026\/06\/Contenidos.jpg","og:image:width":1265,"og:image:height":697,"article:tag":["actualidad"],"article:published_time":"2014-01-29T03:26:09+00:00","article:modified_time":"2014-01-29T03:26:09+00:00","article:publisher":"https:\/\/facebook.com\/eldigitaldeasturias","twitter:card":"summary_large_image","twitter:title":"El partido inaugural del Mundial de voleibol se jugar\u00e1 al aire libre - El Digital de Asturias","twitter:description":"Redacci\u00f3n deportes, 27 ene (EFE).- El partido inaugural del Mundial de voleibol masculino Polonia 2014, entre la selecci\u00f3n anfitriona y la de Serbia, se jugar\u00e1 el 30 de agosto al aire libre, en el Estadio Nacional de f\u00fatbol de Breslavia, con capacidad para 58.000 espectadores, informa la federaci\u00f3n internacional de este deporte. As\u00ed se ha","twitter:image":"https:\/\/www.eldigitaldeasturias.com\/noticias\/wp-content\/uploads\/2026\/06\/Contenidos.jpg","twitter:label1":"Escrito por","twitter:data1":"El Digital de Asturias","twitter:label2":"Tiempo de lectura estimado","twitter:data2":"1 minuto"},"aioseo_meta_data":{"post_id":"479875","title":null,"description":null,"keywords":null,"keyphrases":null,"primary_term":null,"canonical_url":null,"og_title":null,"og_description":null,"og_object_type":"default","og_image_type":"default","og_image_url":null,"og_image_width":null,"og_image_height":null,"og_image_custom_url":null,"og_image_custom_fields":null,"og_video":null,"og_custom_url":null,"og_article_section":null,"og_article_tags":null,"twitter_use_og":true,"twitter_card":"default","twitter_image_type":"default","twitter_image_url":null,"twitter_image_custom_url":null,"twitter_image_custom_fields":null,"twitter_title":null,"twitter_description":null,"schema":{"blockGraphs":[],"customGraphs":[],"default":{"data":{"Article":[],"Course":[],"Dataset":[],"FAQPage":[],"Movie":[],"Person":[],"Product":[],"ProductReview":[],"Car":[],"Recipe":[],"Service":[],"SoftwareApplication":[],"WebPage":[]},"graphName":"","isEnabled":true},"graphs":[]},"schema_type":null,"schema_type_options":null,"pillar_content":false,"robots_default":true,"robots_noindex":false,"robots_noarchive":false,"robots_nosnippet":false,"robots_nofollow":false,"robots_noimageindex":false,"robots_noodp":false,"robots_notranslate":false,"robots_max_snippet":null,"robots_max_videopreview":null,"robots_max_imagepreview":"none","priority":null,"frequency":null,"local_seo":null,"seo_analyzer_scan_date":"2026-06-02 01:52:46","breadcrumb_settings":null,"limit_modified_date":false,"open_ai":null,"ai":null,"created":"2020-11-14 22:54:07","updated":"2026-06-02 01:52:46","focus_keyword":null,"additional_keywords":null,"truseo_locale":null},"aioseo_breadcrumb":"<div class=\"aioseo-breadcrumbs\"><span class=\"aioseo-breadcrumb\">\n\t<a href=\"https:\/\/www.eldigitaldeasturias.com\/noticias\" title=\"Home\">Home<\/a>\n<\/span><span class=\"aioseo-breadcrumb-separator\">\u2013<\/span><span class=\"aioseo-breadcrumb\">\n\t<a href=\"https:\/\/www.eldigitaldeasturias.com\/noticias\/category\/actualidad\/\" title=\"Actualidad\">Actualidad<\/a>\n<\/span><span class=\"aioseo-breadcrumb-separator\">\u2013<\/span><span class=\"aioseo-breadcrumb\">\n\t<a href=\"https:\/\/www.eldigitaldeasturias.com\/noticias\/el-partido-inaugural-del-mundial-de-voleibol-se-jugara-al-aire-libre\/\" title=\"El partido inaugural del Mundial de voleibol se jugar\u00e1 al aire libre\">El partido inaugural del Mundial de voleibol se jugar\u00e1 al aire libre<\/a>\n<\/span><\/div>","aioseo_breadcrumb_json":[{"label":"Home","link":"https:\/\/www.eldigitaldeasturias.com\/noticias"},{"label":"Actualidad","link":"https:\/\/www.eldigitaldeasturias.com\/noticias\/category\/actualidad\/"},{"label":"El partido inaugural del Mundial de voleibol se jugar\u00e1 al aire libre","link":"https:\/\/www.eldigitaldeasturias.com\/noticias\/el-partido-inaugural-del-mundial-de-voleibol-se-jugara-al-aire-libre\/"}],"_links":{"self":[{"href":"https:\/\/www.eldigitaldeasturias.com\/noticias\/wp-json\/wp\/v2\/posts\/479875","targetHints":{"allow":["GET"]}}],"collection":[{"href":"https:\/\/www.eldigitaldeasturias.com\/noticias\/wp-json\/wp\/v2\/posts"}],"about":[{"href":"https:\/\/www.eldigitaldeasturias.com\/noticias\/wp-json\/wp\/v2\/types\/post"}],"author":[{"embeddable":true,"href":"https:\/\/www.eldigitaldeasturias.com\/noticias\/wp-json\/wp\/v2\/users\/1"}],"replies":[{"embeddable":true,"href":"https:\/\/www.eldigitaldeasturias.com\/noticias\/wp-json\/wp\/v2\/comments?post=479875"}],"version-history":[{"count":0,"href":"https:\/\/www.eldigitaldeasturias.com\/noticias\/wp-json\/wp\/v2\/posts\/479875\/revisions"}],"wp:featuredmedia":[{"embeddable":true,"href":"https:\/\/www.eldigitaldeasturias.com\/noticias\/wp-json\/wp\/v2\/media\/1132184"}],"wp:attachment":[{"href":"https:\/\/www.eldigitaldeasturias.com\/noticias\/wp-json\/wp\/v2\/media?parent=479875"}],"wp:term":[{"taxonomy":"category","embeddable":true,"href":"https:\/\/www.eldigitaldeasturias.com\/noticias\/wp-json\/wp\/v2\/categories?post=479875"},{"taxonomy":"post_tag","embeddable":true,"href":"https:\/\/www.eldigitaldeasturias.com\/noticias\/wp-json\/wp\/v2\/tags?post=479875"}],"curies":[{"name":"wp","href":"https:\/\/api.w.org\/{rel}","templated":true}]}}