{"id":479872,"date":"2014-01-29T02:24:58","date_gmt":"2014-01-29T03:24:58","guid":{"rendered":"http:\/\/www.eldigitaldeasturias.com\/noticias\/?p=479872"},"modified":"2014-01-29T02:24:58","modified_gmt":"2014-01-29T03:24:58","slug":"la-campana-a-la-reeleccion-de-rousseff-sera-lanzada-el-proximo-10-de-febrero","status":"publish","type":"post","link":"https:\/\/www.eldigitaldeasturias.com\/noticias\/la-campana-a-la-reeleccion-de-rousseff-sera-lanzada-el-proximo-10-de-febrero\/","title":{"rendered":"La campa\u00f1a a la reelecci\u00f3n de Rousseff ser\u00e1 lanzada el pr\u00f3ximo 10 de febrero"},"content":{"rendered":"<p><img loading=\"lazy\" decoding=\"async\" class=\"alignleft size-medium wp-image-479873\" alt=\"5881423w\" src=\"https:\/\/www.eldigitaldeasturias.com\/noticias\/wp-content\/uploads\/2014\/01\/5881423w-360x231.jpg\" width=\"360\" height=\"231\" \/>Sao Paulo, 27 ene (EFE).- El Partido de los Trabajadores (PT) de Brasil anunci\u00f3 hoy que lanzar\u00e1 el 10 de febrero la campa\u00f1a a la reelecci\u00f3n de la presidenta del pa\u00eds, Dilma Rousseff, para los comicios de octubre pr\u00f3ximo.<\/p>\n<p>La decisi\u00f3n del PT fue tomada este lunes en Sao Paulo durante la Comisi\u00f3n Ejecutiva de la formaci\u00f3n fundada por el expresidente Luiz In\u00e1cio Lula da Silva, seg\u00fan inform\u00f3 la c\u00fapula del partido.<\/p>\n<p>El anuncio de la candidatura de Rousseff coincidir\u00e1 con el trig\u00e9simo cuarto aniversario de la fundaci\u00f3n del PT y, seg\u00fan el partido, \u00abdar\u00e1 inicio a la caravana de la victoria de Dilma\u00bb, se\u00f1al\u00f3 un comunicado difundido por esa formaci\u00f3n de centro-izquierda.<\/p>\n<p>Rousseff inici\u00f3 su mandato el 1 de enero de 2014 y lidera con mucha holgura todas las encuestas de intenci\u00f3n de voto para las elecciones de octubre, en las que aspira a un segundo per\u00edodo de cuatro a\u00f1os.<\/p>\n<p>El partido de Rousseff hizo este lunes un llamamiento a mantener la calma y afirm\u00f3 en el comunicado que es un \u00abgran equ\u00edvoco imaginar que las elecciones est\u00e1n ganadas\u00bb.<\/p>\n<p>En una entrevista al diario O Estado de Sao Paulo, el secretario general de la Presidencia, Gilberto Carvalho, dijo que el PT contempla la posibilidad de que Rousseff necesite acudir a una segunda vuelta, lo que ocurrir\u00eda si no recibe m\u00e1s de la mitad de los votos en la primera ronda.<\/p>\n","protected":false},"excerpt":{"rendered":"<p>Sao Paulo, 27 ene (EFE).- El Partido de los Trabajadores (PT) de Brasil anunci\u00f3 hoy que lanzar\u00e1 el 10 de febrero la campa\u00f1a a la reelecci\u00f3n de la presidenta del pa\u00eds, Dilma Rousseff, para los comicios de octubre pr\u00f3ximo. La decisi\u00f3n del PT fue tomada este lunes en Sao Paulo durante la Comisi\u00f3n Ejecutiva de [&hellip;]<\/p>\n","protected":false},"author":1,"featured_media":1132184,"comment_status":"closed","ping_status":"open","sticky":false,"template":"","format":"standard","meta":{"footnotes":""},"categories":[1],"tags":[],"class_list":["post-479872","post","type-post","status-publish","format-standard","has-post-thumbnail","hentry","category-actualidad"],"aioseo_notices":[],"aioseo_head":"\n\t\t<!-- All in One SEO Pro 5.0.1 - aioseo.com -->\n\t<meta name=\"description\" content=\"Sao Paulo, 27 ene (EFE).- El Partido de los Trabajadores (PT) de Brasil anunci\u00f3 hoy que lanzar\u00e1 el 10 de febrero la campa\u00f1a a la reelecci\u00f3n de la presidenta del pa\u00eds, Dilma Rousseff, para los comicios de octubre pr\u00f3ximo. La decisi\u00f3n del PT fue tomada este lunes en Sao Paulo durante la Comisi\u00f3n Ejecutiva de\" \/>\n\t<meta name=\"robots\" content=\"max-image-preview:large\" \/>\n\t<meta name=\"author\" content=\"El Digital de Asturias\"\/>\n\t<meta name=\"google-site-verification\" content=\"UA-38556648-1\" \/>\n\t<meta name=\"msvalidate.01\" content=\"7dfe9f3f1b24437ab69f4f2559babe99\" \/>\n\t<meta name=\"keywords\" content=\"actualidad\" \/>\n\t<link rel=\"canonical\" href=\"https:\/\/www.eldigitaldeasturias.com\/noticias\/la-campana-a-la-reeleccion-de-rousseff-sera-lanzada-el-proximo-10-de-febrero\/\" \/>\n\t<meta name=\"generator\" content=\"All in One SEO Pro (AIOSEO) 5.0.1\" \/>\n\t\t<meta property=\"og:locale\" content=\"es_ES\" \/>\n\t\t<meta property=\"og:site_name\" content=\"El Digital de Asturias\" \/>\n\t\t<meta property=\"og:type\" content=\"article\" \/>\n\t\t<meta property=\"og:title\" content=\"La campa\u00f1a a la reelecci\u00f3n de Rousseff ser\u00e1 lanzada el pr\u00f3ximo 10 de febrero - El Digital de Asturias\" \/>\n\t\t<meta property=\"og:description\" content=\"Sao Paulo, 27 ene (EFE).- El Partido de los Trabajadores (PT) de Brasil anunci\u00f3 hoy que lanzar\u00e1 el 10 de febrero la campa\u00f1a a la reelecci\u00f3n de la presidenta del pa\u00eds, Dilma Rousseff, para los comicios de octubre pr\u00f3ximo. La decisi\u00f3n del PT fue tomada este lunes en Sao Paulo durante la Comisi\u00f3n Ejecutiva de\" \/>\n\t\t<meta property=\"og:url\" content=\"https:\/\/www.eldigitaldeasturias.com\/noticias\/la-campana-a-la-reeleccion-de-rousseff-sera-lanzada-el-proximo-10-de-febrero\/\" \/>\n\t\t<meta property=\"og:image\" content=\"https:\/\/www.eldigitaldeasturias.com\/noticias\/wp-content\/uploads\/2026\/06\/Contenidos.jpg\" \/>\n\t\t<meta property=\"og:image:secure_url\" content=\"https:\/\/www.eldigitaldeasturias.com\/noticias\/wp-content\/uploads\/2026\/06\/Contenidos.jpg\" \/>\n\t\t<meta property=\"og:image:width\" content=\"1265\" \/>\n\t\t<meta property=\"og:image:height\" content=\"697\" \/>\n\t\t<meta property=\"article:tag\" content=\"actualidad\" \/>\n\t\t<meta property=\"article:published_time\" content=\"2014-01-29T03:24:58+00:00\" \/>\n\t\t<meta property=\"article:modified_time\" content=\"2014-01-29T03:24:58+00:00\" \/>\n\t\t<meta property=\"article:publisher\" content=\"https:\/\/facebook.com\/eldigitaldeasturias\" \/>\n\t\t<meta name=\"twitter:card\" content=\"summary_large_image\" \/>\n\t\t<meta name=\"twitter:title\" content=\"La campa\u00f1a a la reelecci\u00f3n de Rousseff ser\u00e1 lanzada el pr\u00f3ximo 10 de febrero - El Digital de Asturias\" \/>\n\t\t<meta name=\"twitter:description\" content=\"Sao Paulo, 27 ene (EFE).- El Partido de los Trabajadores (PT) de Brasil anunci\u00f3 hoy que lanzar\u00e1 el 10 de febrero la campa\u00f1a a la reelecci\u00f3n de la presidenta del pa\u00eds, Dilma Rousseff, para los comicios de octubre pr\u00f3ximo. La decisi\u00f3n del PT fue tomada este lunes en Sao Paulo durante la Comisi\u00f3n Ejecutiva de\" \/>\n\t\t<meta name=\"twitter:image\" content=\"https:\/\/www.eldigitaldeasturias.com\/noticias\/wp-content\/uploads\/2026\/06\/Contenidos.jpg\" \/>\n\t\t<meta name=\"twitter:label1\" content=\"Escrito por\" \/>\n\t\t<meta name=\"twitter:data1\" content=\"El Digital de Asturias\" \/>\n\t\t<meta name=\"twitter:label2\" content=\"Tiempo de lectura estimado\" \/>\n\t\t<meta name=\"twitter:data2\" content=\"1 minuto\" \/>\n\t\t<script type=\"application\/ld+json\" class=\"aioseo-schema\">\n\t\t\t{\"@context\":\"https:\\\/\\\/schema.org\",\"@graph\":[{\"@type\":\"BlogPosting\",\"@id\":\"https:\\\/\\\/www.eldigitaldeasturias.com\\\/noticias\\\/la-campana-a-la-reeleccion-de-rousseff-sera-lanzada-el-proximo-10-de-febrero\\\/#blogposting\",\"name\":\"La campa\\u00f1a a la reelecci\\u00f3n de Rousseff ser\\u00e1 lanzada el pr\\u00f3ximo 10 de febrero - El Digital de Asturias\",\"headline\":\"La campa\\u00f1a a la reelecci\\u00f3n de Rousseff ser\\u00e1 lanzada el pr\\u00f3ximo 10 de febrero\",\"author\":{\"@id\":\"https:\\\/\\\/www.eldigitaldeasturias.com\\\/noticias\\\/author\\\/admin\\\/#author\"},\"publisher\":{\"@id\":\"https:\\\/\\\/www.eldigitaldeasturias.com\\\/noticias\\\/#organization\"},\"image\":{\"@type\":\"ImageObject\",\"url\":\"https:\\\/\\\/www.eldigitaldeasturias.com\\\/noticias\\\/wp-content\\\/uploads\\\/2026\\\/06\\\/Contenidos.jpg\",\"width\":1265,\"height\":697,\"caption\":\"Contenidos\"},\"datePublished\":\"2014-01-29T02:24:58+01:00\",\"dateModified\":\"2014-01-29T02:24:58+01:00\",\"inLanguage\":\"es-ES\",\"mainEntityOfPage\":{\"@id\":\"https:\\\/\\\/www.eldigitaldeasturias.com\\\/noticias\\\/la-campana-a-la-reeleccion-de-rousseff-sera-lanzada-el-proximo-10-de-febrero\\\/#webpage\"},\"isPartOf\":{\"@id\":\"https:\\\/\\\/www.eldigitaldeasturias.com\\\/noticias\\\/la-campana-a-la-reeleccion-de-rousseff-sera-lanzada-el-proximo-10-de-febrero\\\/#webpage\"},\"articleSection\":\"Actualidad\"},{\"@type\":\"BreadcrumbList\",\"@id\":\"https:\\\/\\\/www.eldigitaldeasturias.com\\\/noticias\\\/la-campana-a-la-reeleccion-de-rousseff-sera-lanzada-el-proximo-10-de-febrero\\\/#breadcrumblist\",\"itemListElement\":[{\"@type\":\"ListItem\",\"@id\":\"https:\\\/\\\/www.eldigitaldeasturias.com\\\/noticias#listItem\",\"position\":1,\"name\":\"Home\",\"item\":\"https:\\\/\\\/www.eldigitaldeasturias.com\\\/noticias\",\"nextItem\":{\"@type\":\"ListItem\",\"@id\":\"https:\\\/\\\/www.eldigitaldeasturias.com\\\/noticias\\\/category\\\/actualidad\\\/#listItem\",\"name\":\"Actualidad\"}},{\"@type\":\"ListItem\",\"@id\":\"https:\\\/\\\/www.eldigitaldeasturias.com\\\/noticias\\\/category\\\/actualidad\\\/#listItem\",\"position\":2,\"name\":\"Actualidad\",\"item\":\"https:\\\/\\\/www.eldigitaldeasturias.com\\\/noticias\\\/category\\\/actualidad\\\/\",\"nextItem\":{\"@type\":\"ListItem\",\"@id\":\"https:\\\/\\\/www.eldigitaldeasturias.com\\\/noticias\\\/la-campana-a-la-reeleccion-de-rousseff-sera-lanzada-el-proximo-10-de-febrero\\\/#listItem\",\"name\":\"La campa\\u00f1a a la reelecci\\u00f3n de Rousseff ser\\u00e1 lanzada el pr\\u00f3ximo 10 de febrero\"},\"previousItem\":{\"@type\":\"ListItem\",\"@id\":\"https:\\\/\\\/www.eldigitaldeasturias.com\\\/noticias#listItem\",\"name\":\"Home\"}},{\"@type\":\"ListItem\",\"@id\":\"https:\\\/\\\/www.eldigitaldeasturias.com\\\/noticias\\\/la-campana-a-la-reeleccion-de-rousseff-sera-lanzada-el-proximo-10-de-febrero\\\/#listItem\",\"position\":3,\"name\":\"La campa\\u00f1a a la reelecci\\u00f3n de Rousseff ser\\u00e1 lanzada el pr\\u00f3ximo 10 de febrero\",\"previousItem\":{\"@type\":\"ListItem\",\"@id\":\"https:\\\/\\\/www.eldigitaldeasturias.com\\\/noticias\\\/category\\\/actualidad\\\/#listItem\",\"name\":\"Actualidad\"}}]},{\"@type\":\"Organization\",\"@id\":\"https:\\\/\\\/www.eldigitaldeasturias.com\\\/noticias\\\/#organization\",\"name\":\"El Digital de Asturias\",\"description\":\"Hemeroteca\",\"url\":\"https:\\\/\\\/www.eldigitaldeasturias.com\\\/noticias\\\/\",\"email\":\"info@eldigitaldeasturias.com\",\"telephone\":\"+34652131393\",\"logo\":{\"@type\":\"ImageObject\",\"url\":\"https:\\\/\\\/www.eldigitaldeasturias.com\\\/noticias\\\/wp-content\\\/uploads\\\/2020\\\/12\\\/EDA.jpg\",\"@id\":\"https:\\\/\\\/www.eldigitaldeasturias.com\\\/noticias\\\/la-campana-a-la-reeleccion-de-rousseff-sera-lanzada-el-proximo-10-de-febrero\\\/#organizationLogo\"},\"image\":{\"@id\":\"https:\\\/\\\/www.eldigitaldeasturias.com\\\/noticias\\\/la-campana-a-la-reeleccion-de-rousseff-sera-lanzada-el-proximo-10-de-febrero\\\/#organizationLogo\"},\"sameAs\":[\"https:\\\/\\\/facebook.com\\\/eldigitaldeasturias\",\"https:\\\/\\\/www.youtube.com\\\/channel\\\/UCZP-2wLEB9Rv6erhFmqVnvg\"],\"address\":{\"@id\":\"https:\\\/\\\/www.eldigitaldeasturias.com\\\/noticias\\\/#postaladdress\",\"@type\":\"PostalAddress\",\"streetAddress\":\"san antonio 4\",\"postalCode\":\"33430\",\"addressLocality\":\"Cand\\u00e1s\",\"addressRegion\":\"Asturias\",\"addressCountry\":\"ES\"}},{\"@type\":\"Person\",\"@id\":\"https:\\\/\\\/www.eldigitaldeasturias.com\\\/noticias\\\/author\\\/admin\\\/#author\",\"url\":\"https:\\\/\\\/www.eldigitaldeasturias.com\\\/noticias\\\/author\\\/admin\\\/\",\"name\":\"El Digital de Asturias\",\"image\":{\"@type\":\"ImageObject\",\"@id\":\"https:\\\/\\\/www.eldigitaldeasturias.com\\\/noticias\\\/la-campana-a-la-reeleccion-de-rousseff-sera-lanzada-el-proximo-10-de-febrero\\\/#authorImage\",\"url\":\"https:\\\/\\\/secure.gravatar.com\\\/avatar\\\/df2aeffc32bcd13f8d26072ef8a91b623d677766deac7f97ca815868cd41bf5e?s=96&d=mm&r=g\",\"width\":96,\"height\":96,\"caption\":\"El Digital de Asturias\"}},{\"@type\":\"WebPage\",\"@id\":\"https:\\\/\\\/www.eldigitaldeasturias.com\\\/noticias\\\/la-campana-a-la-reeleccion-de-rousseff-sera-lanzada-el-proximo-10-de-febrero\\\/#webpage\",\"url\":\"https:\\\/\\\/www.eldigitaldeasturias.com\\\/noticias\\\/la-campana-a-la-reeleccion-de-rousseff-sera-lanzada-el-proximo-10-de-febrero\\\/\",\"name\":\"La campa\\u00f1a a la reelecci\\u00f3n de Rousseff ser\\u00e1 lanzada el pr\\u00f3ximo 10 de febrero - El Digital de Asturias\",\"description\":\"Sao Paulo, 27 ene (EFE).- El Partido de los Trabajadores (PT) de Brasil anunci\\u00f3 hoy que lanzar\\u00e1 el 10 de febrero la campa\\u00f1a a la reelecci\\u00f3n de la presidenta del pa\\u00eds, Dilma Rousseff, para los comicios de octubre pr\\u00f3ximo. La decisi\\u00f3n del PT fue tomada este lunes en Sao Paulo durante la Comisi\\u00f3n Ejecutiva de\",\"inLanguage\":\"es-ES\",\"isPartOf\":{\"@id\":\"https:\\\/\\\/www.eldigitaldeasturias.com\\\/noticias\\\/#website\"},\"breadcrumb\":{\"@id\":\"https:\\\/\\\/www.eldigitaldeasturias.com\\\/noticias\\\/la-campana-a-la-reeleccion-de-rousseff-sera-lanzada-el-proximo-10-de-febrero\\\/#breadcrumblist\"},\"author\":{\"@id\":\"https:\\\/\\\/www.eldigitaldeasturias.com\\\/noticias\\\/author\\\/admin\\\/#author\"},\"creator\":{\"@id\":\"https:\\\/\\\/www.eldigitaldeasturias.com\\\/noticias\\\/author\\\/admin\\\/#author\"},\"image\":{\"@type\":\"ImageObject\",\"url\":\"https:\\\/\\\/www.eldigitaldeasturias.com\\\/noticias\\\/wp-content\\\/uploads\\\/2026\\\/06\\\/Contenidos.jpg\",\"@id\":\"https:\\\/\\\/www.eldigitaldeasturias.com\\\/noticias\\\/la-campana-a-la-reeleccion-de-rousseff-sera-lanzada-el-proximo-10-de-febrero\\\/#mainImage\",\"width\":1265,\"height\":697,\"caption\":\"Contenidos\"},\"primaryImageOfPage\":{\"@id\":\"https:\\\/\\\/www.eldigitaldeasturias.com\\\/noticias\\\/la-campana-a-la-reeleccion-de-rousseff-sera-lanzada-el-proximo-10-de-febrero\\\/#mainImage\"},\"datePublished\":\"2014-01-29T02:24:58+01:00\",\"dateModified\":\"2014-01-29T02:24:58+01:00\"},{\"@type\":\"WebSite\",\"@id\":\"https:\\\/\\\/www.eldigitaldeasturias.com\\\/noticias\\\/#website\",\"url\":\"https:\\\/\\\/www.eldigitaldeasturias.com\\\/noticias\\\/\",\"name\":\"El Digital de Asturias - Diario de actualidad y noticias\",\"alternateName\":\"El Digital de Asturias - Diario de actualidad y noticias\",\"description\":\"Hemeroteca\",\"inLanguage\":\"es-ES\",\"publisher\":{\"@id\":\"https:\\\/\\\/www.eldigitaldeasturias.com\\\/noticias\\\/#organization\"}}]}\n\t\t<\/script>\n\t\t<!-- All in One SEO Pro -->\r\n\t\t<title>La campa\u00f1a a la reelecci\u00f3n de Rousseff ser\u00e1 lanzada el pr\u00f3ximo 10 de febrero - El Digital de Asturias<\/title>\n\n","aioseo_head_json":{"title":"La campa\u00f1a a la reelecci\u00f3n de Rousseff ser\u00e1 lanzada el pr\u00f3ximo 10 de febrero - El Digital de Asturias","description":"Sao Paulo, 27 ene (EFE).- El Partido de los Trabajadores (PT) de Brasil anunci\u00f3 hoy que lanzar\u00e1 el 10 de febrero la campa\u00f1a a la reelecci\u00f3n de la presidenta del pa\u00eds, Dilma Rousseff, para los comicios de octubre pr\u00f3ximo. La decisi\u00f3n del PT fue tomada este lunes en Sao Paulo durante la Comisi\u00f3n Ejecutiva de","canonical_url":"https:\/\/www.eldigitaldeasturias.com\/noticias\/la-campana-a-la-reeleccion-de-rousseff-sera-lanzada-el-proximo-10-de-febrero\/","robots":"max-image-preview:large","keywords":"actualidad","webmasterTools":{"google-site-verification":"UA-38556648-1","msvalidate.01":"7dfe9f3f1b24437ab69f4f2559babe99","miscellaneous":""},"schema":{"@context":"https:\/\/schema.org","@graph":[{"@type":"BlogPosting","@id":"https:\/\/www.eldigitaldeasturias.com\/noticias\/la-campana-a-la-reeleccion-de-rousseff-sera-lanzada-el-proximo-10-de-febrero\/#blogposting","name":"La campa\u00f1a a la reelecci\u00f3n de Rousseff ser\u00e1 lanzada el pr\u00f3ximo 10 de febrero - El Digital de Asturias","headline":"La campa\u00f1a a la reelecci\u00f3n de Rousseff ser\u00e1 lanzada el pr\u00f3ximo 10 de febrero","author":{"@id":"https:\/\/www.eldigitaldeasturias.com\/noticias\/author\/admin\/#author"},"publisher":{"@id":"https:\/\/www.eldigitaldeasturias.com\/noticias\/#organization"},"image":{"@type":"ImageObject","url":"https:\/\/www.eldigitaldeasturias.com\/noticias\/wp-content\/uploads\/2026\/06\/Contenidos.jpg","width":1265,"height":697,"caption":"Contenidos"},"datePublished":"2014-01-29T02:24:58+01:00","dateModified":"2014-01-29T02:24:58+01:00","inLanguage":"es-ES","mainEntityOfPage":{"@id":"https:\/\/www.eldigitaldeasturias.com\/noticias\/la-campana-a-la-reeleccion-de-rousseff-sera-lanzada-el-proximo-10-de-febrero\/#webpage"},"isPartOf":{"@id":"https:\/\/www.eldigitaldeasturias.com\/noticias\/la-campana-a-la-reeleccion-de-rousseff-sera-lanzada-el-proximo-10-de-febrero\/#webpage"},"articleSection":"Actualidad"},{"@type":"BreadcrumbList","@id":"https:\/\/www.eldigitaldeasturias.com\/noticias\/la-campana-a-la-reeleccion-de-rousseff-sera-lanzada-el-proximo-10-de-febrero\/#breadcrumblist","itemListElement":[{"@type":"ListItem","@id":"https:\/\/www.eldigitaldeasturias.com\/noticias#listItem","position":1,"name":"Home","item":"https:\/\/www.eldigitaldeasturias.com\/noticias","nextItem":{"@type":"ListItem","@id":"https:\/\/www.eldigitaldeasturias.com\/noticias\/category\/actualidad\/#listItem","name":"Actualidad"}},{"@type":"ListItem","@id":"https:\/\/www.eldigitaldeasturias.com\/noticias\/category\/actualidad\/#listItem","position":2,"name":"Actualidad","item":"https:\/\/www.eldigitaldeasturias.com\/noticias\/category\/actualidad\/","nextItem":{"@type":"ListItem","@id":"https:\/\/www.eldigitaldeasturias.com\/noticias\/la-campana-a-la-reeleccion-de-rousseff-sera-lanzada-el-proximo-10-de-febrero\/#listItem","name":"La campa\u00f1a a la reelecci\u00f3n de Rousseff ser\u00e1 lanzada el pr\u00f3ximo 10 de febrero"},"previousItem":{"@type":"ListItem","@id":"https:\/\/www.eldigitaldeasturias.com\/noticias#listItem","name":"Home"}},{"@type":"ListItem","@id":"https:\/\/www.eldigitaldeasturias.com\/noticias\/la-campana-a-la-reeleccion-de-rousseff-sera-lanzada-el-proximo-10-de-febrero\/#listItem","position":3,"name":"La campa\u00f1a a la reelecci\u00f3n de Rousseff ser\u00e1 lanzada el pr\u00f3ximo 10 de febrero","previousItem":{"@type":"ListItem","@id":"https:\/\/www.eldigitaldeasturias.com\/noticias\/category\/actualidad\/#listItem","name":"Actualidad"}}]},{"@type":"Organization","@id":"https:\/\/www.eldigitaldeasturias.com\/noticias\/#organization","name":"El Digital de Asturias","description":"Hemeroteca","url":"https:\/\/www.eldigitaldeasturias.com\/noticias\/","email":"info@eldigitaldeasturias.com","telephone":"+34652131393","logo":{"@type":"ImageObject","url":"https:\/\/www.eldigitaldeasturias.com\/noticias\/wp-content\/uploads\/2020\/12\/EDA.jpg","@id":"https:\/\/www.eldigitaldeasturias.com\/noticias\/la-campana-a-la-reeleccion-de-rousseff-sera-lanzada-el-proximo-10-de-febrero\/#organizationLogo"},"image":{"@id":"https:\/\/www.eldigitaldeasturias.com\/noticias\/la-campana-a-la-reeleccion-de-rousseff-sera-lanzada-el-proximo-10-de-febrero\/#organizationLogo"},"sameAs":["https:\/\/facebook.com\/eldigitaldeasturias","https:\/\/www.youtube.com\/channel\/UCZP-2wLEB9Rv6erhFmqVnvg"],"address":{"@id":"https:\/\/www.eldigitaldeasturias.com\/noticias\/#postaladdress","@type":"PostalAddress","streetAddress":"san antonio 4","postalCode":"33430","addressLocality":"Cand\u00e1s","addressRegion":"Asturias","addressCountry":"ES"}},{"@type":"Person","@id":"https:\/\/www.eldigitaldeasturias.com\/noticias\/author\/admin\/#author","url":"https:\/\/www.eldigitaldeasturias.com\/noticias\/author\/admin\/","name":"El Digital de Asturias","image":{"@type":"ImageObject","@id":"https:\/\/www.eldigitaldeasturias.com\/noticias\/la-campana-a-la-reeleccion-de-rousseff-sera-lanzada-el-proximo-10-de-febrero\/#authorImage","url":"https:\/\/secure.gravatar.com\/avatar\/df2aeffc32bcd13f8d26072ef8a91b623d677766deac7f97ca815868cd41bf5e?s=96&d=mm&r=g","width":96,"height":96,"caption":"El Digital de Asturias"}},{"@type":"WebPage","@id":"https:\/\/www.eldigitaldeasturias.com\/noticias\/la-campana-a-la-reeleccion-de-rousseff-sera-lanzada-el-proximo-10-de-febrero\/#webpage","url":"https:\/\/www.eldigitaldeasturias.com\/noticias\/la-campana-a-la-reeleccion-de-rousseff-sera-lanzada-el-proximo-10-de-febrero\/","name":"La campa\u00f1a a la reelecci\u00f3n de Rousseff ser\u00e1 lanzada el pr\u00f3ximo 10 de febrero - El Digital de Asturias","description":"Sao Paulo, 27 ene (EFE).- El Partido de los Trabajadores (PT) de Brasil anunci\u00f3 hoy que lanzar\u00e1 el 10 de febrero la campa\u00f1a a la reelecci\u00f3n de la presidenta del pa\u00eds, Dilma Rousseff, para los comicios de octubre pr\u00f3ximo. La decisi\u00f3n del PT fue tomada este lunes en Sao Paulo durante la Comisi\u00f3n Ejecutiva de","inLanguage":"es-ES","isPartOf":{"@id":"https:\/\/www.eldigitaldeasturias.com\/noticias\/#website"},"breadcrumb":{"@id":"https:\/\/www.eldigitaldeasturias.com\/noticias\/la-campana-a-la-reeleccion-de-rousseff-sera-lanzada-el-proximo-10-de-febrero\/#breadcrumblist"},"author":{"@id":"https:\/\/www.eldigitaldeasturias.com\/noticias\/author\/admin\/#author"},"creator":{"@id":"https:\/\/www.eldigitaldeasturias.com\/noticias\/author\/admin\/#author"},"image":{"@type":"ImageObject","url":"https:\/\/www.eldigitaldeasturias.com\/noticias\/wp-content\/uploads\/2026\/06\/Contenidos.jpg","@id":"https:\/\/www.eldigitaldeasturias.com\/noticias\/la-campana-a-la-reeleccion-de-rousseff-sera-lanzada-el-proximo-10-de-febrero\/#mainImage","width":1265,"height":697,"caption":"Contenidos"},"primaryImageOfPage":{"@id":"https:\/\/www.eldigitaldeasturias.com\/noticias\/la-campana-a-la-reeleccion-de-rousseff-sera-lanzada-el-proximo-10-de-febrero\/#mainImage"},"datePublished":"2014-01-29T02:24:58+01:00","dateModified":"2014-01-29T02:24:58+01:00"},{"@type":"WebSite","@id":"https:\/\/www.eldigitaldeasturias.com\/noticias\/#website","url":"https:\/\/www.eldigitaldeasturias.com\/noticias\/","name":"El Digital de Asturias - Diario de actualidad y noticias","alternateName":"El Digital de Asturias - Diario de actualidad y noticias","description":"Hemeroteca","inLanguage":"es-ES","publisher":{"@id":"https:\/\/www.eldigitaldeasturias.com\/noticias\/#organization"}}]},"og:locale":"es_ES","og:site_name":"El Digital de Asturias","og:type":"article","og:title":"La campa\u00f1a a la reelecci\u00f3n de Rousseff ser\u00e1 lanzada el pr\u00f3ximo 10 de febrero - El Digital de Asturias","og:description":"Sao Paulo, 27 ene (EFE).- El Partido de los Trabajadores (PT) de Brasil anunci\u00f3 hoy que lanzar\u00e1 el 10 de febrero la campa\u00f1a a la reelecci\u00f3n de la presidenta del pa\u00eds, Dilma Rousseff, para los comicios de octubre pr\u00f3ximo. La decisi\u00f3n del PT fue tomada este lunes en Sao Paulo durante la Comisi\u00f3n Ejecutiva de","og:url":"https:\/\/www.eldigitaldeasturias.com\/noticias\/la-campana-a-la-reeleccion-de-rousseff-sera-lanzada-el-proximo-10-de-febrero\/","og:image":"https:\/\/www.eldigitaldeasturias.com\/noticias\/wp-content\/uploads\/2026\/06\/Contenidos.jpg","og:image:secure_url":"https:\/\/www.eldigitaldeasturias.com\/noticias\/wp-content\/uploads\/2026\/06\/Contenidos.jpg","og:image:width":1265,"og:image:height":697,"article:tag":["actualidad"],"article:published_time":"2014-01-29T03:24:58+00:00","article:modified_time":"2014-01-29T03:24:58+00:00","article:publisher":"https:\/\/facebook.com\/eldigitaldeasturias","twitter:card":"summary_large_image","twitter:title":"La campa\u00f1a a la reelecci\u00f3n de Rousseff ser\u00e1 lanzada el pr\u00f3ximo 10 de febrero - El Digital de Asturias","twitter:description":"Sao Paulo, 27 ene (EFE).- El Partido de los Trabajadores (PT) de Brasil anunci\u00f3 hoy que lanzar\u00e1 el 10 de febrero la campa\u00f1a a la reelecci\u00f3n de la presidenta del pa\u00eds, Dilma Rousseff, para los comicios de octubre pr\u00f3ximo. La decisi\u00f3n del PT fue tomada este lunes en Sao Paulo durante la Comisi\u00f3n Ejecutiva de","twitter:image":"https:\/\/www.eldigitaldeasturias.com\/noticias\/wp-content\/uploads\/2026\/06\/Contenidos.jpg","twitter:label1":"Escrito por","twitter:data1":"El Digital de Asturias","twitter:label2":"Tiempo de lectura estimado","twitter:data2":"1 minuto"},"aioseo_meta_data":{"post_id":"479872","title":null,"description":null,"keywords":null,"keyphrases":null,"primary_term":null,"canonical_url":null,"og_title":null,"og_description":null,"og_object_type":"default","og_image_type":"default","og_image_url":null,"og_image_width":null,"og_image_height":null,"og_image_custom_url":null,"og_image_custom_fields":null,"og_video":null,"og_custom_url":null,"og_article_section":null,"og_article_tags":null,"twitter_use_og":true,"twitter_card":"default","twitter_image_type":"default","twitter_image_url":null,"twitter_image_custom_url":null,"twitter_image_custom_fields":null,"twitter_title":null,"twitter_description":null,"schema":{"blockGraphs":[],"customGraphs":[],"default":{"data":{"Article":[],"Course":[],"Dataset":[],"FAQPage":[],"Movie":[],"Person":[],"Product":[],"ProductReview":[],"Car":[],"Recipe":[],"Service":[],"SoftwareApplication":[],"WebPage":[]},"graphName":"","isEnabled":true},"graphs":[],"defaultGraph":"","defaultPostTypeGraph":""},"schema_type":null,"schema_type_options":null,"pillar_content":false,"robots_default":true,"robots_noindex":false,"robots_noarchive":false,"robots_nosnippet":false,"robots_nofollow":false,"robots_noimageindex":false,"robots_noodp":false,"robots_notranslate":false,"robots_max_snippet":null,"robots_max_videopreview":null,"robots_max_imagepreview":"none","priority":null,"frequency":null,"local_seo":null,"seo_analyzer_scan_date":"2026-06-02 01:52:45","breadcrumb_settings":null,"limit_modified_date":false,"open_ai":null,"ai":null,"created":"2020-11-14 22:54:07","updated":"2026-06-02 01:52:45","focus_keyword":null,"additional_keywords":null,"truseo_locale":null},"aioseo_breadcrumb":"<div class=\"aioseo-breadcrumbs\"><span class=\"aioseo-breadcrumb\">\n\t<a href=\"https:\/\/www.eldigitaldeasturias.com\/noticias\" title=\"Home\">Home<\/a>\n<\/span><span class=\"aioseo-breadcrumb-separator\">\u2013<\/span><span class=\"aioseo-breadcrumb\">\n\t<a href=\"https:\/\/www.eldigitaldeasturias.com\/noticias\/category\/actualidad\/\" title=\"Actualidad\">Actualidad<\/a>\n<\/span><span class=\"aioseo-breadcrumb-separator\">\u2013<\/span><span class=\"aioseo-breadcrumb\">\n\t<a href=\"https:\/\/www.eldigitaldeasturias.com\/noticias\/la-campana-a-la-reeleccion-de-rousseff-sera-lanzada-el-proximo-10-de-febrero\/\" title=\"La campa\u00f1a a la reelecci\u00f3n de Rousseff ser\u00e1 lanzada el pr\u00f3ximo 10 de febrero\">La campa\u00f1a a la reelecci\u00f3n de Rousseff ser\u00e1 lanzada el pr\u00f3ximo 10 de febrero<\/a>\n<\/span><\/div>","aioseo_breadcrumb_json":[{"label":"Home","link":"https:\/\/www.eldigitaldeasturias.com\/noticias"},{"label":"Actualidad","link":"https:\/\/www.eldigitaldeasturias.com\/noticias\/category\/actualidad\/"},{"label":"La campa\u00f1a a la reelecci\u00f3n de Rousseff ser\u00e1 lanzada el pr\u00f3ximo 10 de febrero","link":"https:\/\/www.eldigitaldeasturias.com\/noticias\/la-campana-a-la-reeleccion-de-rousseff-sera-lanzada-el-proximo-10-de-febrero\/"}],"_links":{"self":[{"href":"https:\/\/www.eldigitaldeasturias.com\/noticias\/wp-json\/wp\/v2\/posts\/479872","targetHints":{"allow":["GET"]}}],"collection":[{"href":"https:\/\/www.eldigitaldeasturias.com\/noticias\/wp-json\/wp\/v2\/posts"}],"about":[{"href":"https:\/\/www.eldigitaldeasturias.com\/noticias\/wp-json\/wp\/v2\/types\/post"}],"author":[{"embeddable":true,"href":"https:\/\/www.eldigitaldeasturias.com\/noticias\/wp-json\/wp\/v2\/users\/1"}],"replies":[{"embeddable":true,"href":"https:\/\/www.eldigitaldeasturias.com\/noticias\/wp-json\/wp\/v2\/comments?post=479872"}],"version-history":[{"count":0,"href":"https:\/\/www.eldigitaldeasturias.com\/noticias\/wp-json\/wp\/v2\/posts\/479872\/revisions"}],"wp:featuredmedia":[{"embeddable":true,"href":"https:\/\/www.eldigitaldeasturias.com\/noticias\/wp-json\/wp\/v2\/media\/1132184"}],"wp:attachment":[{"href":"https:\/\/www.eldigitaldeasturias.com\/noticias\/wp-json\/wp\/v2\/media?parent=479872"}],"wp:term":[{"taxonomy":"category","embeddable":true,"href":"https:\/\/www.eldigitaldeasturias.com\/noticias\/wp-json\/wp\/v2\/categories?post=479872"},{"taxonomy":"post_tag","embeddable":true,"href":"https:\/\/www.eldigitaldeasturias.com\/noticias\/wp-json\/wp\/v2\/tags?post=479872"}],"curies":[{"name":"wp","href":"https:\/\/api.w.org\/{rel}","templated":true}]}}