{"id":479868,"date":"2014-01-29T02:23:43","date_gmt":"2014-01-29T03:23:43","guid":{"rendered":"http:\/\/www.eldigitaldeasturias.com\/noticias\/?p=479868"},"modified":"2014-01-29T02:23:43","modified_gmt":"2014-01-29T03:23:43","slug":"yanukovich-acuerda-con-la-oposicion-la-derogacion-de-las-leyes-dictatoriales","status":"publish","type":"post","link":"https:\/\/www.eldigitaldeasturias.com\/noticias\/yanukovich-acuerda-con-la-oposicion-la-derogacion-de-las-leyes-dictatoriales\/","title":{"rendered":"Yanuk\u00f3vich acuerda con la oposici\u00f3n la derogaci\u00f3n de las leyes \u00abdictatoriales\u00bb"},"content":{"rendered":"<p><img loading=\"lazy\" decoding=\"async\" class=\"alignleft size-medium wp-image-479870\" alt=\"5880559w\" src=\"https:\/\/www.eldigitaldeasturias.com\/noticias\/wp-content\/uploads\/2014\/01\/5880559w-360x238.jpg\" width=\"360\" height=\"238\" \/>Kiev, 27 ene (EFE).- El presidente de Ucrania, V\u00edktor Yanuk\u00f3vich, acord\u00f3 hoy con los l\u00edderes de la oposici\u00f3n la derogaci\u00f3n de las pol\u00e9micas leyes contra los derechos c\u00edvicos que provocaron el estallido de los violentos des\u00f3rdenes en Kiev.<\/p>\n<p>\u00abSe tom\u00f3 la decisi\u00f3n pol\u00edtica de revocar las leyes adoptadas el 16 de enero que generaron numerosas discusiones. Pero aquellas leyes que no hayan despertado cr\u00edticas, ser\u00e1n adoptadas ma\u00f1ana de nuevo por el Parlamento\u00bb, explic\u00f3 Yelena Lukash, ministra de Justicia, en un comunicado oficial.<\/p>\n<p>Los l\u00edderes opositores demandaban la derogaci\u00f3n de todas las leyes que coartan las libertades de expresi\u00f3n y de reuni\u00f3n, y que, en su opini\u00f3n y en la de la Uni\u00f3n Europea, convert\u00edan a Ucrania en un estado policial.<\/p>\n<p>Esas leyes ser\u00e1n redactadas de nuevo y conjuntamente por las autoridades y la oposici\u00f3n con el fin de que respondan a los est\u00e1ndares europeos.<\/p>\n<p>Lukash tambi\u00e9n explic\u00f3 que las autoridades est\u00e1n dispuestas a firmar una ley de amnist\u00eda de la que se beneficiar\u00edan todos los detenidos en las protestas, pero s\u00f3lo entrar\u00e1 en vigor si los manifestantes desalojan los edificios institucionales.<\/p>\n<p>En caso contrario, aquellos que hayan infringido la ley no ser\u00e1n amnistiados.<\/p>\n<p>Ambas partes tambi\u00e9n abordaron la reforma de la Constituci\u00f3n para limitar los poderes del presidente en favor del Parlamento, a imagen y semejanza de la carta magna de 2004.<\/p>\n<p>\u00abLas negociaciones proseguir\u00e1n\u00bb, agreg\u00f3.<\/p>\n<p>Por otra parte, el l\u00edder del principal partido opositor, Batkivschina (Patria), Arseni Yatseniuk, rechaz\u00f3 la oferta que le present\u00f3 el s\u00e1bado el presidente de que encabece el Gobierno de este pa\u00eds.<\/p>\n<p>Yatseniuk asegur\u00f3 entonces que la oposici\u00f3n no ten\u00eda miedo a asumir la responsabilidad de Gobierno, pero que entonces tomar\u00eda el rumbo del ingreso en la Uni\u00f3n Europea, lo que presupondr\u00eda la liberaci\u00f3n de la ex primera ministra, Yulia Timoshenko.<\/p>\n<p>Precisamente, Timoshenko llam\u00f3 hoy a los dirigentes opositores a rechazar las propuestas de las autoridades, que tach\u00f3 de \u00abhumillantes\u00bb, y les record\u00f3 que \u00abel pueblo ucraniano no sali\u00f3 a las calles con el fin de obtener cargos para la oposici\u00f3n\u00bb.<\/p>\n<p>La Rada Suprema (Legislativo) celebra ma\u00f1ana, martes, una sesi\u00f3n extraordinaria para abordar las reformas necesarias para superar la crisis provocada por las protestas antigubernamentales que estallaron el 21 de noviembre pasado por la decisi\u00f3n del Gobierno de suspender la firma de un Acuerdo de Asociaci\u00f3n con la UE.<\/p>\n","protected":false},"excerpt":{"rendered":"<p>Kiev, 27 ene (EFE).- El presidente de Ucrania, V\u00edktor Yanuk\u00f3vich, acord\u00f3 hoy con los l\u00edderes de la oposici\u00f3n la derogaci\u00f3n de las pol\u00e9micas leyes contra los derechos c\u00edvicos que provocaron el estallido de los violentos des\u00f3rdenes en Kiev. \u00abSe tom\u00f3 la decisi\u00f3n pol\u00edtica de revocar las leyes adoptadas el 16 de enero que generaron numerosas [&hellip;]<\/p>\n","protected":false},"author":1,"featured_media":1132184,"comment_status":"closed","ping_status":"open","sticky":false,"template":"","format":"standard","meta":{"footnotes":""},"categories":[1],"tags":[],"class_list":["post-479868","post","type-post","status-publish","format-standard","has-post-thumbnail","hentry","category-actualidad"],"aioseo_notices":[],"aioseo_head":"\n\t\t<!-- All in One SEO Pro 5.0.1 - aioseo.com -->\n\t<meta name=\"description\" content=\"Kiev, 27 ene (EFE).- El presidente de Ucrania, V\u00edktor Yanuk\u00f3vich, acord\u00f3 hoy con los l\u00edderes de la oposici\u00f3n la derogaci\u00f3n de las pol\u00e9micas leyes contra los derechos c\u00edvicos que provocaron el estallido de los violentos des\u00f3rdenes en Kiev. &quot;Se tom\u00f3 la decisi\u00f3n pol\u00edtica de revocar las leyes adoptadas el 16 de enero que generaron numerosas\" \/>\n\t<meta name=\"robots\" content=\"max-image-preview:large\" \/>\n\t<meta name=\"author\" content=\"El Digital de Asturias\"\/>\n\t<meta name=\"google-site-verification\" content=\"UA-38556648-1\" \/>\n\t<meta name=\"msvalidate.01\" content=\"7dfe9f3f1b24437ab69f4f2559babe99\" \/>\n\t<meta name=\"keywords\" content=\"actualidad\" \/>\n\t<link rel=\"canonical\" href=\"https:\/\/www.eldigitaldeasturias.com\/noticias\/yanukovich-acuerda-con-la-oposicion-la-derogacion-de-las-leyes-dictatoriales\/\" \/>\n\t<meta name=\"generator\" content=\"All in One SEO Pro (AIOSEO) 5.0.1\" \/>\n\t\t<meta property=\"og:locale\" content=\"es_ES\" \/>\n\t\t<meta property=\"og:site_name\" content=\"El Digital de Asturias\" \/>\n\t\t<meta property=\"og:type\" content=\"article\" \/>\n\t\t<meta property=\"og:title\" content=\"Yanuk\u00f3vich acuerda con la oposici\u00f3n la derogaci\u00f3n de las leyes \u00abdictatoriales\u00bb - El Digital de Asturias\" \/>\n\t\t<meta property=\"og:description\" content=\"Kiev, 27 ene (EFE).- El presidente de Ucrania, V\u00edktor Yanuk\u00f3vich, acord\u00f3 hoy con los l\u00edderes de la oposici\u00f3n la derogaci\u00f3n de las pol\u00e9micas leyes contra los derechos c\u00edvicos que provocaron el estallido de los violentos des\u00f3rdenes en Kiev. &quot;Se tom\u00f3 la decisi\u00f3n pol\u00edtica de revocar las leyes adoptadas el 16 de enero que generaron numerosas\" \/>\n\t\t<meta property=\"og:url\" content=\"https:\/\/www.eldigitaldeasturias.com\/noticias\/yanukovich-acuerda-con-la-oposicion-la-derogacion-de-las-leyes-dictatoriales\/\" \/>\n\t\t<meta property=\"og:image\" content=\"https:\/\/www.eldigitaldeasturias.com\/noticias\/wp-content\/uploads\/2026\/06\/Contenidos.jpg\" \/>\n\t\t<meta property=\"og:image:secure_url\" content=\"https:\/\/www.eldigitaldeasturias.com\/noticias\/wp-content\/uploads\/2026\/06\/Contenidos.jpg\" \/>\n\t\t<meta property=\"og:image:width\" content=\"1265\" \/>\n\t\t<meta property=\"og:image:height\" content=\"697\" \/>\n\t\t<meta property=\"article:tag\" content=\"actualidad\" \/>\n\t\t<meta property=\"article:published_time\" content=\"2014-01-29T03:23:43+00:00\" \/>\n\t\t<meta property=\"article:modified_time\" content=\"2014-01-29T03:23:43+00:00\" \/>\n\t\t<meta property=\"article:publisher\" content=\"https:\/\/facebook.com\/eldigitaldeasturias\" \/>\n\t\t<meta name=\"twitter:card\" content=\"summary_large_image\" \/>\n\t\t<meta name=\"twitter:title\" content=\"Yanuk\u00f3vich acuerda con la oposici\u00f3n la derogaci\u00f3n de las leyes \u00abdictatoriales\u00bb - El Digital de Asturias\" \/>\n\t\t<meta name=\"twitter:description\" content=\"Kiev, 27 ene (EFE).- El presidente de Ucrania, V\u00edktor Yanuk\u00f3vich, acord\u00f3 hoy con los l\u00edderes de la oposici\u00f3n la derogaci\u00f3n de las pol\u00e9micas leyes contra los derechos c\u00edvicos que provocaron el estallido de los violentos des\u00f3rdenes en Kiev. &quot;Se tom\u00f3 la decisi\u00f3n pol\u00edtica de revocar las leyes adoptadas el 16 de enero que generaron numerosas\" \/>\n\t\t<meta name=\"twitter:image\" content=\"https:\/\/www.eldigitaldeasturias.com\/noticias\/wp-content\/uploads\/2026\/06\/Contenidos.jpg\" \/>\n\t\t<meta name=\"twitter:label1\" content=\"Escrito por\" \/>\n\t\t<meta name=\"twitter:data1\" content=\"El Digital de Asturias\" \/>\n\t\t<meta name=\"twitter:label2\" content=\"Tiempo de lectura estimado\" \/>\n\t\t<meta name=\"twitter:data2\" content=\"2 minutos\" \/>\n\t\t<script type=\"application\/ld+json\" class=\"aioseo-schema\">\n\t\t\t{\"@context\":\"https:\\\/\\\/schema.org\",\"@graph\":[{\"@type\":\"BlogPosting\",\"@id\":\"https:\\\/\\\/www.eldigitaldeasturias.com\\\/noticias\\\/yanukovich-acuerda-con-la-oposicion-la-derogacion-de-las-leyes-dictatoriales\\\/#blogposting\",\"name\":\"Yanuk\\u00f3vich acuerda con la oposici\\u00f3n la derogaci\\u00f3n de las leyes \\u00abdictatoriales\\u00bb - El Digital de Asturias\",\"headline\":\"Yanuk\\u00f3vich acuerda con la oposici\\u00f3n la derogaci\\u00f3n de las leyes \\u00abdictatoriales\\u00bb\",\"author\":{\"@id\":\"https:\\\/\\\/www.eldigitaldeasturias.com\\\/noticias\\\/author\\\/admin\\\/#author\"},\"publisher\":{\"@id\":\"https:\\\/\\\/www.eldigitaldeasturias.com\\\/noticias\\\/#organization\"},\"image\":{\"@type\":\"ImageObject\",\"url\":\"https:\\\/\\\/www.eldigitaldeasturias.com\\\/noticias\\\/wp-content\\\/uploads\\\/2026\\\/06\\\/Contenidos.jpg\",\"width\":1265,\"height\":697,\"caption\":\"Contenidos\"},\"datePublished\":\"2014-01-29T02:23:43+01:00\",\"dateModified\":\"2014-01-29T02:23:43+01:00\",\"inLanguage\":\"es-ES\",\"mainEntityOfPage\":{\"@id\":\"https:\\\/\\\/www.eldigitaldeasturias.com\\\/noticias\\\/yanukovich-acuerda-con-la-oposicion-la-derogacion-de-las-leyes-dictatoriales\\\/#webpage\"},\"isPartOf\":{\"@id\":\"https:\\\/\\\/www.eldigitaldeasturias.com\\\/noticias\\\/yanukovich-acuerda-con-la-oposicion-la-derogacion-de-las-leyes-dictatoriales\\\/#webpage\"},\"articleSection\":\"Actualidad\"},{\"@type\":\"BreadcrumbList\",\"@id\":\"https:\\\/\\\/www.eldigitaldeasturias.com\\\/noticias\\\/yanukovich-acuerda-con-la-oposicion-la-derogacion-de-las-leyes-dictatoriales\\\/#breadcrumblist\",\"itemListElement\":[{\"@type\":\"ListItem\",\"@id\":\"https:\\\/\\\/www.eldigitaldeasturias.com\\\/noticias#listItem\",\"position\":1,\"name\":\"Home\",\"item\":\"https:\\\/\\\/www.eldigitaldeasturias.com\\\/noticias\",\"nextItem\":{\"@type\":\"ListItem\",\"@id\":\"https:\\\/\\\/www.eldigitaldeasturias.com\\\/noticias\\\/category\\\/actualidad\\\/#listItem\",\"name\":\"Actualidad\"}},{\"@type\":\"ListItem\",\"@id\":\"https:\\\/\\\/www.eldigitaldeasturias.com\\\/noticias\\\/category\\\/actualidad\\\/#listItem\",\"position\":2,\"name\":\"Actualidad\",\"item\":\"https:\\\/\\\/www.eldigitaldeasturias.com\\\/noticias\\\/category\\\/actualidad\\\/\",\"nextItem\":{\"@type\":\"ListItem\",\"@id\":\"https:\\\/\\\/www.eldigitaldeasturias.com\\\/noticias\\\/yanukovich-acuerda-con-la-oposicion-la-derogacion-de-las-leyes-dictatoriales\\\/#listItem\",\"name\":\"Yanuk\\u00f3vich acuerda con la oposici\\u00f3n la derogaci\\u00f3n de las leyes \\u00abdictatoriales\\u00bb\"},\"previousItem\":{\"@type\":\"ListItem\",\"@id\":\"https:\\\/\\\/www.eldigitaldeasturias.com\\\/noticias#listItem\",\"name\":\"Home\"}},{\"@type\":\"ListItem\",\"@id\":\"https:\\\/\\\/www.eldigitaldeasturias.com\\\/noticias\\\/yanukovich-acuerda-con-la-oposicion-la-derogacion-de-las-leyes-dictatoriales\\\/#listItem\",\"position\":3,\"name\":\"Yanuk\\u00f3vich acuerda con la oposici\\u00f3n la derogaci\\u00f3n de las leyes \\u00abdictatoriales\\u00bb\",\"previousItem\":{\"@type\":\"ListItem\",\"@id\":\"https:\\\/\\\/www.eldigitaldeasturias.com\\\/noticias\\\/category\\\/actualidad\\\/#listItem\",\"name\":\"Actualidad\"}}]},{\"@type\":\"Organization\",\"@id\":\"https:\\\/\\\/www.eldigitaldeasturias.com\\\/noticias\\\/#organization\",\"name\":\"El Digital de Asturias\",\"description\":\"Hemeroteca\",\"url\":\"https:\\\/\\\/www.eldigitaldeasturias.com\\\/noticias\\\/\",\"email\":\"info@eldigitaldeasturias.com\",\"telephone\":\"+34652131393\",\"logo\":{\"@type\":\"ImageObject\",\"url\":\"https:\\\/\\\/www.eldigitaldeasturias.com\\\/noticias\\\/wp-content\\\/uploads\\\/2020\\\/12\\\/EDA.jpg\",\"@id\":\"https:\\\/\\\/www.eldigitaldeasturias.com\\\/noticias\\\/yanukovich-acuerda-con-la-oposicion-la-derogacion-de-las-leyes-dictatoriales\\\/#organizationLogo\"},\"image\":{\"@id\":\"https:\\\/\\\/www.eldigitaldeasturias.com\\\/noticias\\\/yanukovich-acuerda-con-la-oposicion-la-derogacion-de-las-leyes-dictatoriales\\\/#organizationLogo\"},\"sameAs\":[\"https:\\\/\\\/facebook.com\\\/eldigitaldeasturias\",\"https:\\\/\\\/www.youtube.com\\\/channel\\\/UCZP-2wLEB9Rv6erhFmqVnvg\"],\"address\":{\"@id\":\"https:\\\/\\\/www.eldigitaldeasturias.com\\\/noticias\\\/#postaladdress\",\"@type\":\"PostalAddress\",\"streetAddress\":\"san antonio 4\",\"postalCode\":\"33430\",\"addressLocality\":\"Cand\\u00e1s\",\"addressRegion\":\"Asturias\",\"addressCountry\":\"ES\"}},{\"@type\":\"Person\",\"@id\":\"https:\\\/\\\/www.eldigitaldeasturias.com\\\/noticias\\\/author\\\/admin\\\/#author\",\"url\":\"https:\\\/\\\/www.eldigitaldeasturias.com\\\/noticias\\\/author\\\/admin\\\/\",\"name\":\"El Digital de Asturias\",\"image\":{\"@type\":\"ImageObject\",\"@id\":\"https:\\\/\\\/www.eldigitaldeasturias.com\\\/noticias\\\/yanukovich-acuerda-con-la-oposicion-la-derogacion-de-las-leyes-dictatoriales\\\/#authorImage\",\"url\":\"https:\\\/\\\/secure.gravatar.com\\\/avatar\\\/df2aeffc32bcd13f8d26072ef8a91b623d677766deac7f97ca815868cd41bf5e?s=96&d=mm&r=g\",\"width\":96,\"height\":96,\"caption\":\"El Digital de Asturias\"}},{\"@type\":\"WebPage\",\"@id\":\"https:\\\/\\\/www.eldigitaldeasturias.com\\\/noticias\\\/yanukovich-acuerda-con-la-oposicion-la-derogacion-de-las-leyes-dictatoriales\\\/#webpage\",\"url\":\"https:\\\/\\\/www.eldigitaldeasturias.com\\\/noticias\\\/yanukovich-acuerda-con-la-oposicion-la-derogacion-de-las-leyes-dictatoriales\\\/\",\"name\":\"Yanuk\\u00f3vich acuerda con la oposici\\u00f3n la derogaci\\u00f3n de las leyes \\u00abdictatoriales\\u00bb - El Digital de Asturias\",\"description\":\"Kiev, 27 ene (EFE).- El presidente de Ucrania, V\\u00edktor Yanuk\\u00f3vich, acord\\u00f3 hoy con los l\\u00edderes de la oposici\\u00f3n la derogaci\\u00f3n de las pol\\u00e9micas leyes contra los derechos c\\u00edvicos que provocaron el estallido de los violentos des\\u00f3rdenes en Kiev. \\\"Se tom\\u00f3 la decisi\\u00f3n pol\\u00edtica de revocar las leyes adoptadas el 16 de enero que generaron numerosas\",\"inLanguage\":\"es-ES\",\"isPartOf\":{\"@id\":\"https:\\\/\\\/www.eldigitaldeasturias.com\\\/noticias\\\/#website\"},\"breadcrumb\":{\"@id\":\"https:\\\/\\\/www.eldigitaldeasturias.com\\\/noticias\\\/yanukovich-acuerda-con-la-oposicion-la-derogacion-de-las-leyes-dictatoriales\\\/#breadcrumblist\"},\"author\":{\"@id\":\"https:\\\/\\\/www.eldigitaldeasturias.com\\\/noticias\\\/author\\\/admin\\\/#author\"},\"creator\":{\"@id\":\"https:\\\/\\\/www.eldigitaldeasturias.com\\\/noticias\\\/author\\\/admin\\\/#author\"},\"image\":{\"@type\":\"ImageObject\",\"url\":\"https:\\\/\\\/www.eldigitaldeasturias.com\\\/noticias\\\/wp-content\\\/uploads\\\/2026\\\/06\\\/Contenidos.jpg\",\"@id\":\"https:\\\/\\\/www.eldigitaldeasturias.com\\\/noticias\\\/yanukovich-acuerda-con-la-oposicion-la-derogacion-de-las-leyes-dictatoriales\\\/#mainImage\",\"width\":1265,\"height\":697,\"caption\":\"Contenidos\"},\"primaryImageOfPage\":{\"@id\":\"https:\\\/\\\/www.eldigitaldeasturias.com\\\/noticias\\\/yanukovich-acuerda-con-la-oposicion-la-derogacion-de-las-leyes-dictatoriales\\\/#mainImage\"},\"datePublished\":\"2014-01-29T02:23:43+01:00\",\"dateModified\":\"2014-01-29T02:23:43+01:00\"},{\"@type\":\"WebSite\",\"@id\":\"https:\\\/\\\/www.eldigitaldeasturias.com\\\/noticias\\\/#website\",\"url\":\"https:\\\/\\\/www.eldigitaldeasturias.com\\\/noticias\\\/\",\"name\":\"El Digital de Asturias - Diario de actualidad y noticias\",\"alternateName\":\"El Digital de Asturias - Diario de actualidad y noticias\",\"description\":\"Hemeroteca\",\"inLanguage\":\"es-ES\",\"publisher\":{\"@id\":\"https:\\\/\\\/www.eldigitaldeasturias.com\\\/noticias\\\/#organization\"}}]}\n\t\t<\/script>\n\t\t<!-- All in One SEO Pro -->\r\n\t\t<title>Yanuk\u00f3vich acuerda con la oposici\u00f3n la derogaci\u00f3n de las leyes \u00abdictatoriales\u00bb - El Digital de Asturias<\/title>\n\n","aioseo_head_json":{"title":"Yanuk\u00f3vich acuerda con la oposici\u00f3n la derogaci\u00f3n de las leyes \u00abdictatoriales\u00bb - El Digital de Asturias","description":"Kiev, 27 ene (EFE).- El presidente de Ucrania, V\u00edktor Yanuk\u00f3vich, acord\u00f3 hoy con los l\u00edderes de la oposici\u00f3n la derogaci\u00f3n de las pol\u00e9micas leyes contra los derechos c\u00edvicos que provocaron el estallido de los violentos des\u00f3rdenes en Kiev. \"Se tom\u00f3 la decisi\u00f3n pol\u00edtica de revocar las leyes adoptadas el 16 de enero que generaron numerosas","canonical_url":"https:\/\/www.eldigitaldeasturias.com\/noticias\/yanukovich-acuerda-con-la-oposicion-la-derogacion-de-las-leyes-dictatoriales\/","robots":"max-image-preview:large","keywords":"actualidad","webmasterTools":{"google-site-verification":"UA-38556648-1","msvalidate.01":"7dfe9f3f1b24437ab69f4f2559babe99","miscellaneous":""},"schema":{"@context":"https:\/\/schema.org","@graph":[{"@type":"BlogPosting","@id":"https:\/\/www.eldigitaldeasturias.com\/noticias\/yanukovich-acuerda-con-la-oposicion-la-derogacion-de-las-leyes-dictatoriales\/#blogposting","name":"Yanuk\u00f3vich acuerda con la oposici\u00f3n la derogaci\u00f3n de las leyes \u00abdictatoriales\u00bb - El Digital de Asturias","headline":"Yanuk\u00f3vich acuerda con la oposici\u00f3n la derogaci\u00f3n de las leyes \u00abdictatoriales\u00bb","author":{"@id":"https:\/\/www.eldigitaldeasturias.com\/noticias\/author\/admin\/#author"},"publisher":{"@id":"https:\/\/www.eldigitaldeasturias.com\/noticias\/#organization"},"image":{"@type":"ImageObject","url":"https:\/\/www.eldigitaldeasturias.com\/noticias\/wp-content\/uploads\/2026\/06\/Contenidos.jpg","width":1265,"height":697,"caption":"Contenidos"},"datePublished":"2014-01-29T02:23:43+01:00","dateModified":"2014-01-29T02:23:43+01:00","inLanguage":"es-ES","mainEntityOfPage":{"@id":"https:\/\/www.eldigitaldeasturias.com\/noticias\/yanukovich-acuerda-con-la-oposicion-la-derogacion-de-las-leyes-dictatoriales\/#webpage"},"isPartOf":{"@id":"https:\/\/www.eldigitaldeasturias.com\/noticias\/yanukovich-acuerda-con-la-oposicion-la-derogacion-de-las-leyes-dictatoriales\/#webpage"},"articleSection":"Actualidad"},{"@type":"BreadcrumbList","@id":"https:\/\/www.eldigitaldeasturias.com\/noticias\/yanukovich-acuerda-con-la-oposicion-la-derogacion-de-las-leyes-dictatoriales\/#breadcrumblist","itemListElement":[{"@type":"ListItem","@id":"https:\/\/www.eldigitaldeasturias.com\/noticias#listItem","position":1,"name":"Home","item":"https:\/\/www.eldigitaldeasturias.com\/noticias","nextItem":{"@type":"ListItem","@id":"https:\/\/www.eldigitaldeasturias.com\/noticias\/category\/actualidad\/#listItem","name":"Actualidad"}},{"@type":"ListItem","@id":"https:\/\/www.eldigitaldeasturias.com\/noticias\/category\/actualidad\/#listItem","position":2,"name":"Actualidad","item":"https:\/\/www.eldigitaldeasturias.com\/noticias\/category\/actualidad\/","nextItem":{"@type":"ListItem","@id":"https:\/\/www.eldigitaldeasturias.com\/noticias\/yanukovich-acuerda-con-la-oposicion-la-derogacion-de-las-leyes-dictatoriales\/#listItem","name":"Yanuk\u00f3vich acuerda con la oposici\u00f3n la derogaci\u00f3n de las leyes \u00abdictatoriales\u00bb"},"previousItem":{"@type":"ListItem","@id":"https:\/\/www.eldigitaldeasturias.com\/noticias#listItem","name":"Home"}},{"@type":"ListItem","@id":"https:\/\/www.eldigitaldeasturias.com\/noticias\/yanukovich-acuerda-con-la-oposicion-la-derogacion-de-las-leyes-dictatoriales\/#listItem","position":3,"name":"Yanuk\u00f3vich acuerda con la oposici\u00f3n la derogaci\u00f3n de las leyes \u00abdictatoriales\u00bb","previousItem":{"@type":"ListItem","@id":"https:\/\/www.eldigitaldeasturias.com\/noticias\/category\/actualidad\/#listItem","name":"Actualidad"}}]},{"@type":"Organization","@id":"https:\/\/www.eldigitaldeasturias.com\/noticias\/#organization","name":"El Digital de Asturias","description":"Hemeroteca","url":"https:\/\/www.eldigitaldeasturias.com\/noticias\/","email":"info@eldigitaldeasturias.com","telephone":"+34652131393","logo":{"@type":"ImageObject","url":"https:\/\/www.eldigitaldeasturias.com\/noticias\/wp-content\/uploads\/2020\/12\/EDA.jpg","@id":"https:\/\/www.eldigitaldeasturias.com\/noticias\/yanukovich-acuerda-con-la-oposicion-la-derogacion-de-las-leyes-dictatoriales\/#organizationLogo"},"image":{"@id":"https:\/\/www.eldigitaldeasturias.com\/noticias\/yanukovich-acuerda-con-la-oposicion-la-derogacion-de-las-leyes-dictatoriales\/#organizationLogo"},"sameAs":["https:\/\/facebook.com\/eldigitaldeasturias","https:\/\/www.youtube.com\/channel\/UCZP-2wLEB9Rv6erhFmqVnvg"],"address":{"@id":"https:\/\/www.eldigitaldeasturias.com\/noticias\/#postaladdress","@type":"PostalAddress","streetAddress":"san antonio 4","postalCode":"33430","addressLocality":"Cand\u00e1s","addressRegion":"Asturias","addressCountry":"ES"}},{"@type":"Person","@id":"https:\/\/www.eldigitaldeasturias.com\/noticias\/author\/admin\/#author","url":"https:\/\/www.eldigitaldeasturias.com\/noticias\/author\/admin\/","name":"El Digital de Asturias","image":{"@type":"ImageObject","@id":"https:\/\/www.eldigitaldeasturias.com\/noticias\/yanukovich-acuerda-con-la-oposicion-la-derogacion-de-las-leyes-dictatoriales\/#authorImage","url":"https:\/\/secure.gravatar.com\/avatar\/df2aeffc32bcd13f8d26072ef8a91b623d677766deac7f97ca815868cd41bf5e?s=96&d=mm&r=g","width":96,"height":96,"caption":"El Digital de Asturias"}},{"@type":"WebPage","@id":"https:\/\/www.eldigitaldeasturias.com\/noticias\/yanukovich-acuerda-con-la-oposicion-la-derogacion-de-las-leyes-dictatoriales\/#webpage","url":"https:\/\/www.eldigitaldeasturias.com\/noticias\/yanukovich-acuerda-con-la-oposicion-la-derogacion-de-las-leyes-dictatoriales\/","name":"Yanuk\u00f3vich acuerda con la oposici\u00f3n la derogaci\u00f3n de las leyes \u00abdictatoriales\u00bb - El Digital de Asturias","description":"Kiev, 27 ene (EFE).- El presidente de Ucrania, V\u00edktor Yanuk\u00f3vich, acord\u00f3 hoy con los l\u00edderes de la oposici\u00f3n la derogaci\u00f3n de las pol\u00e9micas leyes contra los derechos c\u00edvicos que provocaron el estallido de los violentos des\u00f3rdenes en Kiev. \"Se tom\u00f3 la decisi\u00f3n pol\u00edtica de revocar las leyes adoptadas el 16 de enero que generaron numerosas","inLanguage":"es-ES","isPartOf":{"@id":"https:\/\/www.eldigitaldeasturias.com\/noticias\/#website"},"breadcrumb":{"@id":"https:\/\/www.eldigitaldeasturias.com\/noticias\/yanukovich-acuerda-con-la-oposicion-la-derogacion-de-las-leyes-dictatoriales\/#breadcrumblist"},"author":{"@id":"https:\/\/www.eldigitaldeasturias.com\/noticias\/author\/admin\/#author"},"creator":{"@id":"https:\/\/www.eldigitaldeasturias.com\/noticias\/author\/admin\/#author"},"image":{"@type":"ImageObject","url":"https:\/\/www.eldigitaldeasturias.com\/noticias\/wp-content\/uploads\/2026\/06\/Contenidos.jpg","@id":"https:\/\/www.eldigitaldeasturias.com\/noticias\/yanukovich-acuerda-con-la-oposicion-la-derogacion-de-las-leyes-dictatoriales\/#mainImage","width":1265,"height":697,"caption":"Contenidos"},"primaryImageOfPage":{"@id":"https:\/\/www.eldigitaldeasturias.com\/noticias\/yanukovich-acuerda-con-la-oposicion-la-derogacion-de-las-leyes-dictatoriales\/#mainImage"},"datePublished":"2014-01-29T02:23:43+01:00","dateModified":"2014-01-29T02:23:43+01:00"},{"@type":"WebSite","@id":"https:\/\/www.eldigitaldeasturias.com\/noticias\/#website","url":"https:\/\/www.eldigitaldeasturias.com\/noticias\/","name":"El Digital de Asturias - Diario de actualidad y noticias","alternateName":"El Digital de Asturias - Diario de actualidad y noticias","description":"Hemeroteca","inLanguage":"es-ES","publisher":{"@id":"https:\/\/www.eldigitaldeasturias.com\/noticias\/#organization"}}]},"og:locale":"es_ES","og:site_name":"El Digital de Asturias","og:type":"article","og:title":"Yanuk\u00f3vich acuerda con la oposici\u00f3n la derogaci\u00f3n de las leyes \u00abdictatoriales\u00bb - El Digital de Asturias","og:description":"Kiev, 27 ene (EFE).- El presidente de Ucrania, V\u00edktor Yanuk\u00f3vich, acord\u00f3 hoy con los l\u00edderes de la oposici\u00f3n la derogaci\u00f3n de las pol\u00e9micas leyes contra los derechos c\u00edvicos que provocaron el estallido de los violentos des\u00f3rdenes en Kiev. &quot;Se tom\u00f3 la decisi\u00f3n pol\u00edtica de revocar las leyes adoptadas el 16 de enero que generaron numerosas","og:url":"https:\/\/www.eldigitaldeasturias.com\/noticias\/yanukovich-acuerda-con-la-oposicion-la-derogacion-de-las-leyes-dictatoriales\/","og:image":"https:\/\/www.eldigitaldeasturias.com\/noticias\/wp-content\/uploads\/2026\/06\/Contenidos.jpg","og:image:secure_url":"https:\/\/www.eldigitaldeasturias.com\/noticias\/wp-content\/uploads\/2026\/06\/Contenidos.jpg","og:image:width":1265,"og:image:height":697,"article:tag":["actualidad"],"article:published_time":"2014-01-29T03:23:43+00:00","article:modified_time":"2014-01-29T03:23:43+00:00","article:publisher":"https:\/\/facebook.com\/eldigitaldeasturias","twitter:card":"summary_large_image","twitter:title":"Yanuk\u00f3vich acuerda con la oposici\u00f3n la derogaci\u00f3n de las leyes \u00abdictatoriales\u00bb - El Digital de Asturias","twitter:description":"Kiev, 27 ene (EFE).- El presidente de Ucrania, V\u00edktor Yanuk\u00f3vich, acord\u00f3 hoy con los l\u00edderes de la oposici\u00f3n la derogaci\u00f3n de las pol\u00e9micas leyes contra los derechos c\u00edvicos que provocaron el estallido de los violentos des\u00f3rdenes en Kiev. &quot;Se tom\u00f3 la decisi\u00f3n pol\u00edtica de revocar las leyes adoptadas el 16 de enero que generaron numerosas","twitter:image":"https:\/\/www.eldigitaldeasturias.com\/noticias\/wp-content\/uploads\/2026\/06\/Contenidos.jpg","twitter:label1":"Escrito por","twitter:data1":"El Digital de Asturias","twitter:label2":"Tiempo de lectura estimado","twitter:data2":"2 minutos"},"aioseo_meta_data":{"post_id":"479868","title":null,"description":null,"keywords":null,"keyphrases":null,"primary_term":null,"canonical_url":null,"og_title":null,"og_description":null,"og_object_type":"default","og_image_type":"default","og_image_url":null,"og_image_width":null,"og_image_height":null,"og_image_custom_url":null,"og_image_custom_fields":null,"og_video":null,"og_custom_url":null,"og_article_section":null,"og_article_tags":null,"twitter_use_og":true,"twitter_card":"default","twitter_image_type":"default","twitter_image_url":null,"twitter_image_custom_url":null,"twitter_image_custom_fields":null,"twitter_title":null,"twitter_description":null,"schema":{"blockGraphs":[],"customGraphs":[],"default":{"data":{"Article":[],"Course":[],"Dataset":[],"FAQPage":[],"Movie":[],"Person":[],"Product":[],"ProductReview":[],"Car":[],"Recipe":[],"Service":[],"SoftwareApplication":[],"WebPage":[]},"graphName":"","isEnabled":true},"graphs":[],"defaultGraph":"","defaultPostTypeGraph":""},"schema_type":null,"schema_type_options":null,"pillar_content":false,"robots_default":true,"robots_noindex":false,"robots_noarchive":false,"robots_nosnippet":false,"robots_nofollow":false,"robots_noimageindex":false,"robots_noodp":false,"robots_notranslate":false,"robots_max_snippet":null,"robots_max_videopreview":null,"robots_max_imagepreview":"none","priority":null,"frequency":null,"local_seo":null,"seo_analyzer_scan_date":"2026-06-02 01:52:44","breadcrumb_settings":null,"limit_modified_date":false,"open_ai":null,"ai":null,"created":"2020-11-14 22:54:07","updated":"2026-06-02 01:52:44","focus_keyword":null,"additional_keywords":null,"truseo_locale":null},"aioseo_breadcrumb":"<div class=\"aioseo-breadcrumbs\"><span class=\"aioseo-breadcrumb\">\n\t<a href=\"https:\/\/www.eldigitaldeasturias.com\/noticias\" title=\"Home\">Home<\/a>\n<\/span><span class=\"aioseo-breadcrumb-separator\">\u2013<\/span><span class=\"aioseo-breadcrumb\">\n\t<a href=\"https:\/\/www.eldigitaldeasturias.com\/noticias\/category\/actualidad\/\" title=\"Actualidad\">Actualidad<\/a>\n<\/span><span class=\"aioseo-breadcrumb-separator\">\u2013<\/span><span class=\"aioseo-breadcrumb\">\n\t<a href=\"https:\/\/www.eldigitaldeasturias.com\/noticias\/yanukovich-acuerda-con-la-oposicion-la-derogacion-de-las-leyes-dictatoriales\/\" title=\"Yanuk\u00f3vich acuerda con la oposici\u00f3n la derogaci\u00f3n de las leyes \u00abdictatoriales\u00bb\">Yanuk\u00f3vich acuerda con la oposici\u00f3n la derogaci\u00f3n de las leyes \u00abdictatoriales\u00bb<\/a>\n<\/span><\/div>","aioseo_breadcrumb_json":[{"label":"Home","link":"https:\/\/www.eldigitaldeasturias.com\/noticias"},{"label":"Actualidad","link":"https:\/\/www.eldigitaldeasturias.com\/noticias\/category\/actualidad\/"},{"label":"Yanuk\u00f3vich acuerda con la oposici\u00f3n la derogaci\u00f3n de las leyes \u00abdictatoriales\u00bb","link":"https:\/\/www.eldigitaldeasturias.com\/noticias\/yanukovich-acuerda-con-la-oposicion-la-derogacion-de-las-leyes-dictatoriales\/"}],"_links":{"self":[{"href":"https:\/\/www.eldigitaldeasturias.com\/noticias\/wp-json\/wp\/v2\/posts\/479868","targetHints":{"allow":["GET"]}}],"collection":[{"href":"https:\/\/www.eldigitaldeasturias.com\/noticias\/wp-json\/wp\/v2\/posts"}],"about":[{"href":"https:\/\/www.eldigitaldeasturias.com\/noticias\/wp-json\/wp\/v2\/types\/post"}],"author":[{"embeddable":true,"href":"https:\/\/www.eldigitaldeasturias.com\/noticias\/wp-json\/wp\/v2\/users\/1"}],"replies":[{"embeddable":true,"href":"https:\/\/www.eldigitaldeasturias.com\/noticias\/wp-json\/wp\/v2\/comments?post=479868"}],"version-history":[{"count":0,"href":"https:\/\/www.eldigitaldeasturias.com\/noticias\/wp-json\/wp\/v2\/posts\/479868\/revisions"}],"wp:featuredmedia":[{"embeddable":true,"href":"https:\/\/www.eldigitaldeasturias.com\/noticias\/wp-json\/wp\/v2\/media\/1132184"}],"wp:attachment":[{"href":"https:\/\/www.eldigitaldeasturias.com\/noticias\/wp-json\/wp\/v2\/media?parent=479868"}],"wp:term":[{"taxonomy":"category","embeddable":true,"href":"https:\/\/www.eldigitaldeasturias.com\/noticias\/wp-json\/wp\/v2\/categories?post=479868"},{"taxonomy":"post_tag","embeddable":true,"href":"https:\/\/www.eldigitaldeasturias.com\/noticias\/wp-json\/wp\/v2\/tags?post=479868"}],"curies":[{"name":"wp","href":"https:\/\/api.w.org\/{rel}","templated":true}]}}