{"id":479862,"date":"2014-01-29T02:20:33","date_gmt":"2014-01-29T03:20:33","guid":{"rendered":"http:\/\/www.eldigitaldeasturias.com\/noticias\/?p=479862"},"modified":"2014-01-29T02:20:33","modified_gmt":"2014-01-29T03:20:33","slug":"el-desenlace-del-litigio-con-peru-provoca-reacciones-dispares-en-la-fronteriza-arica","status":"publish","type":"post","link":"https:\/\/www.eldigitaldeasturias.com\/noticias\/el-desenlace-del-litigio-con-peru-provoca-reacciones-dispares-en-la-fronteriza-arica\/","title":{"rendered":"El desenlace del litigio con Per\u00fa provoca reacciones dispares en la fronteriza Arica"},"content":{"rendered":"<p><img loading=\"lazy\" decoding=\"async\" class=\"alignleft size-medium wp-image-479863\" alt=\"5881393w\" src=\"https:\/\/www.eldigitaldeasturias.com\/noticias\/wp-content\/uploads\/2014\/01\/5881393w-360x235.jpg\" width=\"360\" height=\"235\" \/>Arica (Chile), 27 ene (EFE).- El desenlace del litigio mar\u00edtimo entre Chile y Per\u00fa conocido hoy mediante el fallo de la Corte Internacional de Justicia de La Haya provoc\u00f3 reacciones dispares entre los pescadores de la ciudad fronteriza de Arica, quienes estiman que la decisi\u00f3n adoptada por la CIJ perjudica sus intereses.<\/p>\n<p>\u00abNo es menor lo que hemos perdido, pero no es lo que realmente pens\u00e1bamos que \u00edbamos a perder\u00bb, declar\u00f3 Sergio Guerrero, presidente del Sindicato de Pescadores Artesanales de la regi\u00f3n de Arica.<\/p>\n<p>Seg\u00fan este dirigente, la mayor parte de la pesca de anchoveta no se ver\u00e1 afectada por la nueva delimitaci\u00f3n, aunque los pescadores chilenos deber\u00e1n renunciar a otras especies que viven en aguas m\u00e1s profundas, como la palometa o el bacalao, que se capturan a entre 60 y 150 millas de la costa.<\/p>\n<p>Los pescadores y otros representantes de organizaciones sociales se congregaron este lunes en el puerto de Arica, ciudad situada a 25 kil\u00f3metros de la peruana Tacna y a 2.051 de Santiago, para seguir en directo la lectura del fallo.<\/p>\n<p>Posteriormente varios centenares de personas se manifestaron por las calles de la ciudad para expresar su descontento con la resoluci\u00f3n del conflicto.<\/p>\n<p>La protesta finaliz\u00f3 frente a la sede de la Intendencia (Gobernaci\u00f3n), donde en esos momentos se encontraba el ministro del Interior, Andr\u00e9s Chdwick, quien viaj\u00f3 el fin de semana a Arica para entrevistarse con las autoridades locales y con dirigentes sociales.<\/p>\n<p>La polic\u00eda dispers\u00f3 a los manifestantes, seg\u00fan pudo comprobar Efe, y al menos cuatro personas fueron detenidas durante los altercados.<\/p>\n<p>La CIJ, m\u00e1ximo tribunal de las Naciones Unidas, estableci\u00f3 hoy en su fallo sobre la demanda presentada por Per\u00fa en enero de 2008 que la frontera est\u00e1 clara hasta las 80 millas y a partir de ese punto aplica la l\u00ednea equidistante a las costas de ambos pa\u00edses.<\/p>\n<p>Con esta sentencia, que es inapelable y debe ser acatada por las partes, Chile pierde parte de la zona econ\u00f3mica exclusiva, aproximadamente unos 22.000 kil\u00f3metros cuadrados situados entre las 80 y las 200 millas, pero reconoce que la delimitaci\u00f3n es a partir del hito 1, como en la actualidad.<\/p>\n<p>La flota pesquera artesanal chilena, que extrae anchoveta, faena en las aguas comprendidas dentro de la frontera mar\u00edtima chilena reconocida por La Haya.<\/p>\n","protected":false},"excerpt":{"rendered":"<p>Arica (Chile), 27 ene (EFE).- El desenlace del litigio mar\u00edtimo entre Chile y Per\u00fa conocido hoy mediante el fallo de la Corte Internacional de Justicia de La Haya provoc\u00f3 reacciones dispares entre los pescadores de la ciudad fronteriza de Arica, quienes estiman que la decisi\u00f3n adoptada por la CIJ perjudica sus intereses. \u00abNo es menor [&hellip;]<\/p>\n","protected":false},"author":1,"featured_media":1132184,"comment_status":"closed","ping_status":"open","sticky":false,"template":"","format":"standard","meta":{"footnotes":""},"categories":[1],"tags":[],"class_list":["post-479862","post","type-post","status-publish","format-standard","has-post-thumbnail","hentry","category-actualidad"],"aioseo_notices":[],"aioseo_head":"\n\t\t<!-- All in One SEO Pro 5.0.1 - aioseo.com -->\n\t<meta name=\"description\" content=\"Arica (Chile), 27 ene (EFE).- El desenlace del litigio mar\u00edtimo entre Chile y Per\u00fa conocido hoy mediante el fallo de la Corte Internacional de Justicia de La Haya provoc\u00f3 reacciones dispares entre los pescadores de la ciudad fronteriza de Arica, quienes estiman que la decisi\u00f3n adoptada por la CIJ perjudica sus intereses. &quot;No es menor\" \/>\n\t<meta name=\"robots\" content=\"max-image-preview:large\" \/>\n\t<meta name=\"author\" content=\"El Digital de Asturias\"\/>\n\t<meta name=\"google-site-verification\" content=\"UA-38556648-1\" \/>\n\t<meta name=\"msvalidate.01\" content=\"7dfe9f3f1b24437ab69f4f2559babe99\" \/>\n\t<meta name=\"keywords\" content=\"actualidad\" \/>\n\t<link rel=\"canonical\" href=\"https:\/\/www.eldigitaldeasturias.com\/noticias\/el-desenlace-del-litigio-con-peru-provoca-reacciones-dispares-en-la-fronteriza-arica\/\" \/>\n\t<meta name=\"generator\" content=\"All in One SEO Pro (AIOSEO) 5.0.1\" \/>\n\t\t<meta property=\"og:locale\" content=\"es_ES\" \/>\n\t\t<meta property=\"og:site_name\" content=\"El Digital de Asturias\" \/>\n\t\t<meta property=\"og:type\" content=\"article\" \/>\n\t\t<meta property=\"og:title\" content=\"El desenlace del litigio con Per\u00fa provoca reacciones dispares en la fronteriza Arica - El Digital de Asturias\" \/>\n\t\t<meta property=\"og:description\" content=\"Arica (Chile), 27 ene (EFE).- El desenlace del litigio mar\u00edtimo entre Chile y Per\u00fa conocido hoy mediante el fallo de la Corte Internacional de Justicia de La Haya provoc\u00f3 reacciones dispares entre los pescadores de la ciudad fronteriza de Arica, quienes estiman que la decisi\u00f3n adoptada por la CIJ perjudica sus intereses. &quot;No es menor\" \/>\n\t\t<meta property=\"og:url\" content=\"https:\/\/www.eldigitaldeasturias.com\/noticias\/el-desenlace-del-litigio-con-peru-provoca-reacciones-dispares-en-la-fronteriza-arica\/\" \/>\n\t\t<meta property=\"og:image\" content=\"https:\/\/www.eldigitaldeasturias.com\/noticias\/wp-content\/uploads\/2026\/06\/Contenidos.jpg\" \/>\n\t\t<meta property=\"og:image:secure_url\" content=\"https:\/\/www.eldigitaldeasturias.com\/noticias\/wp-content\/uploads\/2026\/06\/Contenidos.jpg\" \/>\n\t\t<meta property=\"og:image:width\" content=\"1265\" \/>\n\t\t<meta property=\"og:image:height\" content=\"697\" \/>\n\t\t<meta property=\"article:tag\" content=\"actualidad\" \/>\n\t\t<meta property=\"article:published_time\" content=\"2014-01-29T03:20:33+00:00\" \/>\n\t\t<meta property=\"article:modified_time\" content=\"2014-01-29T03:20:33+00:00\" \/>\n\t\t<meta property=\"article:publisher\" content=\"https:\/\/facebook.com\/eldigitaldeasturias\" \/>\n\t\t<meta name=\"twitter:card\" content=\"summary_large_image\" \/>\n\t\t<meta name=\"twitter:title\" content=\"El desenlace del litigio con Per\u00fa provoca reacciones dispares en la fronteriza Arica - El Digital de Asturias\" \/>\n\t\t<meta name=\"twitter:description\" content=\"Arica (Chile), 27 ene (EFE).- El desenlace del litigio mar\u00edtimo entre Chile y Per\u00fa conocido hoy mediante el fallo de la Corte Internacional de Justicia de La Haya provoc\u00f3 reacciones dispares entre los pescadores de la ciudad fronteriza de Arica, quienes estiman que la decisi\u00f3n adoptada por la CIJ perjudica sus intereses. &quot;No es menor\" \/>\n\t\t<meta name=\"twitter:image\" content=\"https:\/\/www.eldigitaldeasturias.com\/noticias\/wp-content\/uploads\/2026\/06\/Contenidos.jpg\" \/>\n\t\t<meta name=\"twitter:label1\" content=\"Escrito por\" \/>\n\t\t<meta name=\"twitter:data1\" content=\"El Digital de Asturias\" \/>\n\t\t<meta name=\"twitter:label2\" content=\"Tiempo de lectura estimado\" \/>\n\t\t<meta name=\"twitter:data2\" content=\"2 minutos\" \/>\n\t\t<script type=\"application\/ld+json\" class=\"aioseo-schema\">\n\t\t\t{\"@context\":\"https:\\\/\\\/schema.org\",\"@graph\":[{\"@type\":\"BlogPosting\",\"@id\":\"https:\\\/\\\/www.eldigitaldeasturias.com\\\/noticias\\\/el-desenlace-del-litigio-con-peru-provoca-reacciones-dispares-en-la-fronteriza-arica\\\/#blogposting\",\"name\":\"El desenlace del litigio con Per\\u00fa provoca reacciones dispares en la fronteriza Arica - El Digital de Asturias\",\"headline\":\"El desenlace del litigio con Per\\u00fa provoca reacciones dispares en la fronteriza Arica\",\"author\":{\"@id\":\"https:\\\/\\\/www.eldigitaldeasturias.com\\\/noticias\\\/author\\\/admin\\\/#author\"},\"publisher\":{\"@id\":\"https:\\\/\\\/www.eldigitaldeasturias.com\\\/noticias\\\/#organization\"},\"image\":{\"@type\":\"ImageObject\",\"url\":\"https:\\\/\\\/www.eldigitaldeasturias.com\\\/noticias\\\/wp-content\\\/uploads\\\/2026\\\/06\\\/Contenidos.jpg\",\"width\":1265,\"height\":697,\"caption\":\"Contenidos\"},\"datePublished\":\"2014-01-29T02:20:33+01:00\",\"dateModified\":\"2014-01-29T02:20:33+01:00\",\"inLanguage\":\"es-ES\",\"mainEntityOfPage\":{\"@id\":\"https:\\\/\\\/www.eldigitaldeasturias.com\\\/noticias\\\/el-desenlace-del-litigio-con-peru-provoca-reacciones-dispares-en-la-fronteriza-arica\\\/#webpage\"},\"isPartOf\":{\"@id\":\"https:\\\/\\\/www.eldigitaldeasturias.com\\\/noticias\\\/el-desenlace-del-litigio-con-peru-provoca-reacciones-dispares-en-la-fronteriza-arica\\\/#webpage\"},\"articleSection\":\"Actualidad\"},{\"@type\":\"BreadcrumbList\",\"@id\":\"https:\\\/\\\/www.eldigitaldeasturias.com\\\/noticias\\\/el-desenlace-del-litigio-con-peru-provoca-reacciones-dispares-en-la-fronteriza-arica\\\/#breadcrumblist\",\"itemListElement\":[{\"@type\":\"ListItem\",\"@id\":\"https:\\\/\\\/www.eldigitaldeasturias.com\\\/noticias#listItem\",\"position\":1,\"name\":\"Home\",\"item\":\"https:\\\/\\\/www.eldigitaldeasturias.com\\\/noticias\",\"nextItem\":{\"@type\":\"ListItem\",\"@id\":\"https:\\\/\\\/www.eldigitaldeasturias.com\\\/noticias\\\/category\\\/actualidad\\\/#listItem\",\"name\":\"Actualidad\"}},{\"@type\":\"ListItem\",\"@id\":\"https:\\\/\\\/www.eldigitaldeasturias.com\\\/noticias\\\/category\\\/actualidad\\\/#listItem\",\"position\":2,\"name\":\"Actualidad\",\"item\":\"https:\\\/\\\/www.eldigitaldeasturias.com\\\/noticias\\\/category\\\/actualidad\\\/\",\"nextItem\":{\"@type\":\"ListItem\",\"@id\":\"https:\\\/\\\/www.eldigitaldeasturias.com\\\/noticias\\\/el-desenlace-del-litigio-con-peru-provoca-reacciones-dispares-en-la-fronteriza-arica\\\/#listItem\",\"name\":\"El desenlace del litigio con Per\\u00fa provoca reacciones dispares en la fronteriza Arica\"},\"previousItem\":{\"@type\":\"ListItem\",\"@id\":\"https:\\\/\\\/www.eldigitaldeasturias.com\\\/noticias#listItem\",\"name\":\"Home\"}},{\"@type\":\"ListItem\",\"@id\":\"https:\\\/\\\/www.eldigitaldeasturias.com\\\/noticias\\\/el-desenlace-del-litigio-con-peru-provoca-reacciones-dispares-en-la-fronteriza-arica\\\/#listItem\",\"position\":3,\"name\":\"El desenlace del litigio con Per\\u00fa provoca reacciones dispares en la fronteriza Arica\",\"previousItem\":{\"@type\":\"ListItem\",\"@id\":\"https:\\\/\\\/www.eldigitaldeasturias.com\\\/noticias\\\/category\\\/actualidad\\\/#listItem\",\"name\":\"Actualidad\"}}]},{\"@type\":\"Organization\",\"@id\":\"https:\\\/\\\/www.eldigitaldeasturias.com\\\/noticias\\\/#organization\",\"name\":\"El Digital de Asturias\",\"description\":\"Hemeroteca\",\"url\":\"https:\\\/\\\/www.eldigitaldeasturias.com\\\/noticias\\\/\",\"email\":\"info@eldigitaldeasturias.com\",\"telephone\":\"+34652131393\",\"logo\":{\"@type\":\"ImageObject\",\"url\":\"https:\\\/\\\/www.eldigitaldeasturias.com\\\/noticias\\\/wp-content\\\/uploads\\\/2020\\\/12\\\/EDA.jpg\",\"@id\":\"https:\\\/\\\/www.eldigitaldeasturias.com\\\/noticias\\\/el-desenlace-del-litigio-con-peru-provoca-reacciones-dispares-en-la-fronteriza-arica\\\/#organizationLogo\"},\"image\":{\"@id\":\"https:\\\/\\\/www.eldigitaldeasturias.com\\\/noticias\\\/el-desenlace-del-litigio-con-peru-provoca-reacciones-dispares-en-la-fronteriza-arica\\\/#organizationLogo\"},\"sameAs\":[\"https:\\\/\\\/facebook.com\\\/eldigitaldeasturias\",\"https:\\\/\\\/www.youtube.com\\\/channel\\\/UCZP-2wLEB9Rv6erhFmqVnvg\"],\"address\":{\"@id\":\"https:\\\/\\\/www.eldigitaldeasturias.com\\\/noticias\\\/#postaladdress\",\"@type\":\"PostalAddress\",\"streetAddress\":\"san antonio 4\",\"postalCode\":\"33430\",\"addressLocality\":\"Cand\\u00e1s\",\"addressRegion\":\"Asturias\",\"addressCountry\":\"ES\"}},{\"@type\":\"Person\",\"@id\":\"https:\\\/\\\/www.eldigitaldeasturias.com\\\/noticias\\\/author\\\/admin\\\/#author\",\"url\":\"https:\\\/\\\/www.eldigitaldeasturias.com\\\/noticias\\\/author\\\/admin\\\/\",\"name\":\"El Digital de Asturias\",\"image\":{\"@type\":\"ImageObject\",\"@id\":\"https:\\\/\\\/www.eldigitaldeasturias.com\\\/noticias\\\/el-desenlace-del-litigio-con-peru-provoca-reacciones-dispares-en-la-fronteriza-arica\\\/#authorImage\",\"url\":\"https:\\\/\\\/secure.gravatar.com\\\/avatar\\\/df2aeffc32bcd13f8d26072ef8a91b623d677766deac7f97ca815868cd41bf5e?s=96&d=mm&r=g\",\"width\":96,\"height\":96,\"caption\":\"El Digital de Asturias\"}},{\"@type\":\"WebPage\",\"@id\":\"https:\\\/\\\/www.eldigitaldeasturias.com\\\/noticias\\\/el-desenlace-del-litigio-con-peru-provoca-reacciones-dispares-en-la-fronteriza-arica\\\/#webpage\",\"url\":\"https:\\\/\\\/www.eldigitaldeasturias.com\\\/noticias\\\/el-desenlace-del-litigio-con-peru-provoca-reacciones-dispares-en-la-fronteriza-arica\\\/\",\"name\":\"El desenlace del litigio con Per\\u00fa provoca reacciones dispares en la fronteriza Arica - El Digital de Asturias\",\"description\":\"Arica (Chile), 27 ene (EFE).- El desenlace del litigio mar\\u00edtimo entre Chile y Per\\u00fa conocido hoy mediante el fallo de la Corte Internacional de Justicia de La Haya provoc\\u00f3 reacciones dispares entre los pescadores de la ciudad fronteriza de Arica, quienes estiman que la decisi\\u00f3n adoptada por la CIJ perjudica sus intereses. \\\"No es menor\",\"inLanguage\":\"es-ES\",\"isPartOf\":{\"@id\":\"https:\\\/\\\/www.eldigitaldeasturias.com\\\/noticias\\\/#website\"},\"breadcrumb\":{\"@id\":\"https:\\\/\\\/www.eldigitaldeasturias.com\\\/noticias\\\/el-desenlace-del-litigio-con-peru-provoca-reacciones-dispares-en-la-fronteriza-arica\\\/#breadcrumblist\"},\"author\":{\"@id\":\"https:\\\/\\\/www.eldigitaldeasturias.com\\\/noticias\\\/author\\\/admin\\\/#author\"},\"creator\":{\"@id\":\"https:\\\/\\\/www.eldigitaldeasturias.com\\\/noticias\\\/author\\\/admin\\\/#author\"},\"image\":{\"@type\":\"ImageObject\",\"url\":\"https:\\\/\\\/www.eldigitaldeasturias.com\\\/noticias\\\/wp-content\\\/uploads\\\/2026\\\/06\\\/Contenidos.jpg\",\"@id\":\"https:\\\/\\\/www.eldigitaldeasturias.com\\\/noticias\\\/el-desenlace-del-litigio-con-peru-provoca-reacciones-dispares-en-la-fronteriza-arica\\\/#mainImage\",\"width\":1265,\"height\":697,\"caption\":\"Contenidos\"},\"primaryImageOfPage\":{\"@id\":\"https:\\\/\\\/www.eldigitaldeasturias.com\\\/noticias\\\/el-desenlace-del-litigio-con-peru-provoca-reacciones-dispares-en-la-fronteriza-arica\\\/#mainImage\"},\"datePublished\":\"2014-01-29T02:20:33+01:00\",\"dateModified\":\"2014-01-29T02:20:33+01:00\"},{\"@type\":\"WebSite\",\"@id\":\"https:\\\/\\\/www.eldigitaldeasturias.com\\\/noticias\\\/#website\",\"url\":\"https:\\\/\\\/www.eldigitaldeasturias.com\\\/noticias\\\/\",\"name\":\"El Digital de Asturias - Diario de actualidad y noticias\",\"alternateName\":\"El Digital de Asturias - Diario de actualidad y noticias\",\"description\":\"Hemeroteca\",\"inLanguage\":\"es-ES\",\"publisher\":{\"@id\":\"https:\\\/\\\/www.eldigitaldeasturias.com\\\/noticias\\\/#organization\"}}]}\n\t\t<\/script>\n\t\t<!-- All in One SEO Pro -->\r\n\t\t<title>El desenlace del litigio con Per\u00fa provoca reacciones dispares en la fronteriza Arica - El Digital de Asturias<\/title>\n\n","aioseo_head_json":{"title":"El desenlace del litigio con Per\u00fa provoca reacciones dispares en la fronteriza Arica - El Digital de Asturias","description":"Arica (Chile), 27 ene (EFE).- El desenlace del litigio mar\u00edtimo entre Chile y Per\u00fa conocido hoy mediante el fallo de la Corte Internacional de Justicia de La Haya provoc\u00f3 reacciones dispares entre los pescadores de la ciudad fronteriza de Arica, quienes estiman que la decisi\u00f3n adoptada por la CIJ perjudica sus intereses. \"No es menor","canonical_url":"https:\/\/www.eldigitaldeasturias.com\/noticias\/el-desenlace-del-litigio-con-peru-provoca-reacciones-dispares-en-la-fronteriza-arica\/","robots":"max-image-preview:large","keywords":"actualidad","webmasterTools":{"google-site-verification":"UA-38556648-1","msvalidate.01":"7dfe9f3f1b24437ab69f4f2559babe99","miscellaneous":""},"schema":{"@context":"https:\/\/schema.org","@graph":[{"@type":"BlogPosting","@id":"https:\/\/www.eldigitaldeasturias.com\/noticias\/el-desenlace-del-litigio-con-peru-provoca-reacciones-dispares-en-la-fronteriza-arica\/#blogposting","name":"El desenlace del litigio con Per\u00fa provoca reacciones dispares en la fronteriza Arica - El Digital de Asturias","headline":"El desenlace del litigio con Per\u00fa provoca reacciones dispares en la fronteriza Arica","author":{"@id":"https:\/\/www.eldigitaldeasturias.com\/noticias\/author\/admin\/#author"},"publisher":{"@id":"https:\/\/www.eldigitaldeasturias.com\/noticias\/#organization"},"image":{"@type":"ImageObject","url":"https:\/\/www.eldigitaldeasturias.com\/noticias\/wp-content\/uploads\/2026\/06\/Contenidos.jpg","width":1265,"height":697,"caption":"Contenidos"},"datePublished":"2014-01-29T02:20:33+01:00","dateModified":"2014-01-29T02:20:33+01:00","inLanguage":"es-ES","mainEntityOfPage":{"@id":"https:\/\/www.eldigitaldeasturias.com\/noticias\/el-desenlace-del-litigio-con-peru-provoca-reacciones-dispares-en-la-fronteriza-arica\/#webpage"},"isPartOf":{"@id":"https:\/\/www.eldigitaldeasturias.com\/noticias\/el-desenlace-del-litigio-con-peru-provoca-reacciones-dispares-en-la-fronteriza-arica\/#webpage"},"articleSection":"Actualidad"},{"@type":"BreadcrumbList","@id":"https:\/\/www.eldigitaldeasturias.com\/noticias\/el-desenlace-del-litigio-con-peru-provoca-reacciones-dispares-en-la-fronteriza-arica\/#breadcrumblist","itemListElement":[{"@type":"ListItem","@id":"https:\/\/www.eldigitaldeasturias.com\/noticias#listItem","position":1,"name":"Home","item":"https:\/\/www.eldigitaldeasturias.com\/noticias","nextItem":{"@type":"ListItem","@id":"https:\/\/www.eldigitaldeasturias.com\/noticias\/category\/actualidad\/#listItem","name":"Actualidad"}},{"@type":"ListItem","@id":"https:\/\/www.eldigitaldeasturias.com\/noticias\/category\/actualidad\/#listItem","position":2,"name":"Actualidad","item":"https:\/\/www.eldigitaldeasturias.com\/noticias\/category\/actualidad\/","nextItem":{"@type":"ListItem","@id":"https:\/\/www.eldigitaldeasturias.com\/noticias\/el-desenlace-del-litigio-con-peru-provoca-reacciones-dispares-en-la-fronteriza-arica\/#listItem","name":"El desenlace del litigio con Per\u00fa provoca reacciones dispares en la fronteriza Arica"},"previousItem":{"@type":"ListItem","@id":"https:\/\/www.eldigitaldeasturias.com\/noticias#listItem","name":"Home"}},{"@type":"ListItem","@id":"https:\/\/www.eldigitaldeasturias.com\/noticias\/el-desenlace-del-litigio-con-peru-provoca-reacciones-dispares-en-la-fronteriza-arica\/#listItem","position":3,"name":"El desenlace del litigio con Per\u00fa provoca reacciones dispares en la fronteriza Arica","previousItem":{"@type":"ListItem","@id":"https:\/\/www.eldigitaldeasturias.com\/noticias\/category\/actualidad\/#listItem","name":"Actualidad"}}]},{"@type":"Organization","@id":"https:\/\/www.eldigitaldeasturias.com\/noticias\/#organization","name":"El Digital de Asturias","description":"Hemeroteca","url":"https:\/\/www.eldigitaldeasturias.com\/noticias\/","email":"info@eldigitaldeasturias.com","telephone":"+34652131393","logo":{"@type":"ImageObject","url":"https:\/\/www.eldigitaldeasturias.com\/noticias\/wp-content\/uploads\/2020\/12\/EDA.jpg","@id":"https:\/\/www.eldigitaldeasturias.com\/noticias\/el-desenlace-del-litigio-con-peru-provoca-reacciones-dispares-en-la-fronteriza-arica\/#organizationLogo"},"image":{"@id":"https:\/\/www.eldigitaldeasturias.com\/noticias\/el-desenlace-del-litigio-con-peru-provoca-reacciones-dispares-en-la-fronteriza-arica\/#organizationLogo"},"sameAs":["https:\/\/facebook.com\/eldigitaldeasturias","https:\/\/www.youtube.com\/channel\/UCZP-2wLEB9Rv6erhFmqVnvg"],"address":{"@id":"https:\/\/www.eldigitaldeasturias.com\/noticias\/#postaladdress","@type":"PostalAddress","streetAddress":"san antonio 4","postalCode":"33430","addressLocality":"Cand\u00e1s","addressRegion":"Asturias","addressCountry":"ES"}},{"@type":"Person","@id":"https:\/\/www.eldigitaldeasturias.com\/noticias\/author\/admin\/#author","url":"https:\/\/www.eldigitaldeasturias.com\/noticias\/author\/admin\/","name":"El Digital de Asturias","image":{"@type":"ImageObject","@id":"https:\/\/www.eldigitaldeasturias.com\/noticias\/el-desenlace-del-litigio-con-peru-provoca-reacciones-dispares-en-la-fronteriza-arica\/#authorImage","url":"https:\/\/secure.gravatar.com\/avatar\/df2aeffc32bcd13f8d26072ef8a91b623d677766deac7f97ca815868cd41bf5e?s=96&d=mm&r=g","width":96,"height":96,"caption":"El Digital de Asturias"}},{"@type":"WebPage","@id":"https:\/\/www.eldigitaldeasturias.com\/noticias\/el-desenlace-del-litigio-con-peru-provoca-reacciones-dispares-en-la-fronteriza-arica\/#webpage","url":"https:\/\/www.eldigitaldeasturias.com\/noticias\/el-desenlace-del-litigio-con-peru-provoca-reacciones-dispares-en-la-fronteriza-arica\/","name":"El desenlace del litigio con Per\u00fa provoca reacciones dispares en la fronteriza Arica - El Digital de Asturias","description":"Arica (Chile), 27 ene (EFE).- El desenlace del litigio mar\u00edtimo entre Chile y Per\u00fa conocido hoy mediante el fallo de la Corte Internacional de Justicia de La Haya provoc\u00f3 reacciones dispares entre los pescadores de la ciudad fronteriza de Arica, quienes estiman que la decisi\u00f3n adoptada por la CIJ perjudica sus intereses. \"No es menor","inLanguage":"es-ES","isPartOf":{"@id":"https:\/\/www.eldigitaldeasturias.com\/noticias\/#website"},"breadcrumb":{"@id":"https:\/\/www.eldigitaldeasturias.com\/noticias\/el-desenlace-del-litigio-con-peru-provoca-reacciones-dispares-en-la-fronteriza-arica\/#breadcrumblist"},"author":{"@id":"https:\/\/www.eldigitaldeasturias.com\/noticias\/author\/admin\/#author"},"creator":{"@id":"https:\/\/www.eldigitaldeasturias.com\/noticias\/author\/admin\/#author"},"image":{"@type":"ImageObject","url":"https:\/\/www.eldigitaldeasturias.com\/noticias\/wp-content\/uploads\/2026\/06\/Contenidos.jpg","@id":"https:\/\/www.eldigitaldeasturias.com\/noticias\/el-desenlace-del-litigio-con-peru-provoca-reacciones-dispares-en-la-fronteriza-arica\/#mainImage","width":1265,"height":697,"caption":"Contenidos"},"primaryImageOfPage":{"@id":"https:\/\/www.eldigitaldeasturias.com\/noticias\/el-desenlace-del-litigio-con-peru-provoca-reacciones-dispares-en-la-fronteriza-arica\/#mainImage"},"datePublished":"2014-01-29T02:20:33+01:00","dateModified":"2014-01-29T02:20:33+01:00"},{"@type":"WebSite","@id":"https:\/\/www.eldigitaldeasturias.com\/noticias\/#website","url":"https:\/\/www.eldigitaldeasturias.com\/noticias\/","name":"El Digital de Asturias - Diario de actualidad y noticias","alternateName":"El Digital de Asturias - Diario de actualidad y noticias","description":"Hemeroteca","inLanguage":"es-ES","publisher":{"@id":"https:\/\/www.eldigitaldeasturias.com\/noticias\/#organization"}}]},"og:locale":"es_ES","og:site_name":"El Digital de Asturias","og:type":"article","og:title":"El desenlace del litigio con Per\u00fa provoca reacciones dispares en la fronteriza Arica - El Digital de Asturias","og:description":"Arica (Chile), 27 ene (EFE).- El desenlace del litigio mar\u00edtimo entre Chile y Per\u00fa conocido hoy mediante el fallo de la Corte Internacional de Justicia de La Haya provoc\u00f3 reacciones dispares entre los pescadores de la ciudad fronteriza de Arica, quienes estiman que la decisi\u00f3n adoptada por la CIJ perjudica sus intereses. &quot;No es menor","og:url":"https:\/\/www.eldigitaldeasturias.com\/noticias\/el-desenlace-del-litigio-con-peru-provoca-reacciones-dispares-en-la-fronteriza-arica\/","og:image":"https:\/\/www.eldigitaldeasturias.com\/noticias\/wp-content\/uploads\/2026\/06\/Contenidos.jpg","og:image:secure_url":"https:\/\/www.eldigitaldeasturias.com\/noticias\/wp-content\/uploads\/2026\/06\/Contenidos.jpg","og:image:width":1265,"og:image:height":697,"article:tag":["actualidad"],"article:published_time":"2014-01-29T03:20:33+00:00","article:modified_time":"2014-01-29T03:20:33+00:00","article:publisher":"https:\/\/facebook.com\/eldigitaldeasturias","twitter:card":"summary_large_image","twitter:title":"El desenlace del litigio con Per\u00fa provoca reacciones dispares en la fronteriza Arica - El Digital de Asturias","twitter:description":"Arica (Chile), 27 ene (EFE).- El desenlace del litigio mar\u00edtimo entre Chile y Per\u00fa conocido hoy mediante el fallo de la Corte Internacional de Justicia de La Haya provoc\u00f3 reacciones dispares entre los pescadores de la ciudad fronteriza de Arica, quienes estiman que la decisi\u00f3n adoptada por la CIJ perjudica sus intereses. &quot;No es menor","twitter:image":"https:\/\/www.eldigitaldeasturias.com\/noticias\/wp-content\/uploads\/2026\/06\/Contenidos.jpg","twitter:label1":"Escrito por","twitter:data1":"El Digital de Asturias","twitter:label2":"Tiempo de lectura estimado","twitter:data2":"2 minutos"},"aioseo_meta_data":{"post_id":"479862","title":null,"description":null,"keywords":null,"keyphrases":null,"primary_term":null,"canonical_url":null,"og_title":null,"og_description":null,"og_object_type":"default","og_image_type":"default","og_image_url":null,"og_image_width":null,"og_image_height":null,"og_image_custom_url":null,"og_image_custom_fields":null,"og_video":null,"og_custom_url":null,"og_article_section":null,"og_article_tags":null,"twitter_use_og":true,"twitter_card":"default","twitter_image_type":"default","twitter_image_url":null,"twitter_image_custom_url":null,"twitter_image_custom_fields":null,"twitter_title":null,"twitter_description":null,"schema":{"blockGraphs":[],"customGraphs":[],"default":{"data":{"Article":[],"Course":[],"Dataset":[],"FAQPage":[],"Movie":[],"Person":[],"Product":[],"ProductReview":[],"Car":[],"Recipe":[],"Service":[],"SoftwareApplication":[],"WebPage":[]},"graphName":"","isEnabled":true},"graphs":[]},"schema_type":null,"schema_type_options":null,"pillar_content":false,"robots_default":true,"robots_noindex":false,"robots_noarchive":false,"robots_nosnippet":false,"robots_nofollow":false,"robots_noimageindex":false,"robots_noodp":false,"robots_notranslate":false,"robots_max_snippet":null,"robots_max_videopreview":null,"robots_max_imagepreview":"none","priority":null,"frequency":null,"local_seo":null,"seo_analyzer_scan_date":"2026-06-02 01:50:24","breadcrumb_settings":null,"limit_modified_date":false,"open_ai":null,"ai":null,"created":"2020-11-14 22:54:07","updated":"2026-06-02 01:50:24","focus_keyword":null,"additional_keywords":null,"truseo_locale":null},"aioseo_breadcrumb":"<div class=\"aioseo-breadcrumbs\"><span class=\"aioseo-breadcrumb\">\n\t<a href=\"https:\/\/www.eldigitaldeasturias.com\/noticias\" title=\"Home\">Home<\/a>\n<\/span><span class=\"aioseo-breadcrumb-separator\">\u2013<\/span><span class=\"aioseo-breadcrumb\">\n\t<a href=\"https:\/\/www.eldigitaldeasturias.com\/noticias\/category\/actualidad\/\" title=\"Actualidad\">Actualidad<\/a>\n<\/span><span class=\"aioseo-breadcrumb-separator\">\u2013<\/span><span class=\"aioseo-breadcrumb\">\n\t<a href=\"https:\/\/www.eldigitaldeasturias.com\/noticias\/el-desenlace-del-litigio-con-peru-provoca-reacciones-dispares-en-la-fronteriza-arica\/\" title=\"El desenlace del litigio con Per\u00fa provoca reacciones dispares en la fronteriza Arica\">El desenlace del litigio con Per\u00fa provoca reacciones dispares en la fronteriza Arica<\/a>\n<\/span><\/div>","aioseo_breadcrumb_json":[{"label":"Home","link":"https:\/\/www.eldigitaldeasturias.com\/noticias"},{"label":"Actualidad","link":"https:\/\/www.eldigitaldeasturias.com\/noticias\/category\/actualidad\/"},{"label":"El desenlace del litigio con Per\u00fa provoca reacciones dispares en la fronteriza Arica","link":"https:\/\/www.eldigitaldeasturias.com\/noticias\/el-desenlace-del-litigio-con-peru-provoca-reacciones-dispares-en-la-fronteriza-arica\/"}],"_links":{"self":[{"href":"https:\/\/www.eldigitaldeasturias.com\/noticias\/wp-json\/wp\/v2\/posts\/479862","targetHints":{"allow":["GET"]}}],"collection":[{"href":"https:\/\/www.eldigitaldeasturias.com\/noticias\/wp-json\/wp\/v2\/posts"}],"about":[{"href":"https:\/\/www.eldigitaldeasturias.com\/noticias\/wp-json\/wp\/v2\/types\/post"}],"author":[{"embeddable":true,"href":"https:\/\/www.eldigitaldeasturias.com\/noticias\/wp-json\/wp\/v2\/users\/1"}],"replies":[{"embeddable":true,"href":"https:\/\/www.eldigitaldeasturias.com\/noticias\/wp-json\/wp\/v2\/comments?post=479862"}],"version-history":[{"count":0,"href":"https:\/\/www.eldigitaldeasturias.com\/noticias\/wp-json\/wp\/v2\/posts\/479862\/revisions"}],"wp:featuredmedia":[{"embeddable":true,"href":"https:\/\/www.eldigitaldeasturias.com\/noticias\/wp-json\/wp\/v2\/media\/1132184"}],"wp:attachment":[{"href":"https:\/\/www.eldigitaldeasturias.com\/noticias\/wp-json\/wp\/v2\/media?parent=479862"}],"wp:term":[{"taxonomy":"category","embeddable":true,"href":"https:\/\/www.eldigitaldeasturias.com\/noticias\/wp-json\/wp\/v2\/categories?post=479862"},{"taxonomy":"post_tag","embeddable":true,"href":"https:\/\/www.eldigitaldeasturias.com\/noticias\/wp-json\/wp\/v2\/tags?post=479862"}],"curies":[{"name":"wp","href":"https:\/\/api.w.org\/{rel}","templated":true}]}}