{"id":479847,"date":"2014-01-29T00:57:19","date_gmt":"2014-01-29T01:57:19","guid":{"rendered":"http:\/\/www.eldigitaldeasturias.com\/noticias\/?p=479847"},"modified":"2014-01-29T00:57:19","modified_gmt":"2014-01-29T01:57:19","slug":"irlanda-apoya-reabrir-el-debate-sobre-del-fondo-de-resolucion-bancaria","status":"publish","type":"post","link":"https:\/\/www.eldigitaldeasturias.com\/noticias\/irlanda-apoya-reabrir-el-debate-sobre-del-fondo-de-resolucion-bancaria\/","title":{"rendered":"Irlanda apoya reabrir el debate sobre del fondo de resoluci\u00f3n bancaria"},"content":{"rendered":"<p><img loading=\"lazy\" decoding=\"async\" class=\"alignleft size-medium wp-image-479848\" alt=\"5879955w\" src=\"https:\/\/www.eldigitaldeasturias.com\/noticias\/wp-content\/uploads\/2014\/01\/5879955w-360x224.jpg\" width=\"360\" height=\"224\" \/>Bruselas, 27 ene (EFE).- El ministro irland\u00e9s de Finanzas, Michael Noonan, se mostr\u00f3 hoy partidario de reabrir el debate sobre el fondo com\u00fan para la liquidaci\u00f3n ordenada de entidades financieras que no funcionan, que tal y como est\u00e1 planteado ahora tardar\u00e1 una d\u00e9cada en ser un instrumento verdaderamente com\u00fan europeo.<\/p>\n<p>Irlanda se suma as\u00ed a una opci\u00f3n que empieza a cobrar fuerza en el Parlamento Europeo y el Banco Central Europeo (BCE), pero a la que se opone frontalmente Alemania, que no quiere que se modifique el acuerdo cerrado por los pa\u00edses de la UE en diciembre.<\/p>\n<p>\u00abEl fondo solo se mutualiza despu\u00e9s de 10 a\u00f1os, eso es lo que se ha acordado\u00bb, record\u00f3 Noonan a su llegada a la reuni\u00f3n del Eurogrupo en Bruselas, en referencia a los compartimentos nacionales en que se dividir\u00e1 el fondo y que solo desaparecer\u00e1n al final del proceso.<\/p>\n<p>Noonan dijo que lo que ha planteado el presidente del BCE, Mario Draghi, es que \u00abla discusi\u00f3n deber\u00eda reabrirse para que la mutualizaci\u00f3n se produzca antes. Estoy de acuerdo con eso\u00bb.<\/p>\n<p>Preguntado acerca de si cree que Alemania bloquear\u00e1 esa posibilidad, Noonan se\u00f1al\u00f3 que \u00abel presidente Draghi ha iniciado un nuevo debate\u00bb y que Irlanda \u00abpodr\u00eda apoyarlo\u00bb.<\/p>\n<p>\u00abNo creo que sea sencillo lograr un acuerdo al respecto\u00bb, adelant\u00f3 el ministro alem\u00e1n de Finanzas, Wolfgang Sch\u00e4uble.<\/p>\n<p>Sch\u00e4uble afirm\u00f3 que \u00absi hay disposici\u00f3n a decir que (la mutualizaci\u00f3n) deber\u00eda ir m\u00e1s r\u00e1pido, entonces los bancos tendr\u00e1n que pagar m\u00e1s en un per\u00edodo de tiempo m\u00e1s corto\u00bb.<\/p>\n<p>El ministro alem\u00e1n se refer\u00eda al sistema acordado en diciembre para dotar de recursos al fondo, que en la pr\u00e1ctica implica que solo existir\u00e1 un fondo con car\u00e1cter verdaderamente europeo y en lugar de dividido en compartimentos nacionales pasada una d\u00e9cada.<\/p>\n<p>Los Veintiocho acordaron en concreto que el fondo com\u00fan se nutrir\u00e1 de contribuciones anuales de 5.500 millones de euros a lo largo de diez a\u00f1os a cargo de la banca y hasta que est\u00e9 lleno (unos 55.000 millones de euros en 2026), estar\u00e1 dividido en compartimentos nacionales que podr\u00e1n acceder gradualmente al capital com\u00fan al ritmo del 10 % anual.<\/p>\n<p>\u00abElegimos 10 a\u00f1os porque los 55.000 millones de euros primero tienen que ser pagados por los bancos\u00bb, indic\u00f3 el ministro, al tiempo que explic\u00f3 que los bancos tienen que hacer un esfuerzo muy grande por obtener suficiente capital y que hay l\u00edmites a la cantidad de capital que pueden conseguir.<\/p>\n<p>\u00abLa cuesti\u00f3n es qu\u00e9 tipo de gravamen pueden los bancos pagar en qu\u00e9 plazo\u00bb, agreg\u00f3.<\/p>\n<p>El ministro de Econom\u00eda franc\u00e9s, Pierre Moscovici, dijo que \u00abcomo cualquier compromiso (el del fondo de resoluci\u00f3n) es mejorable y que hay que trabajar dentro de esa l\u00f3gica\u00bb, pero al ser preguntado por si la reapertura del debate es algo previsible, respondi\u00f3 que no quer\u00eda abrir esa discusi\u00f3n ahora.<\/p>\n<p>El PE rechaz\u00f3 a principios de mes el acuerdo aprobado en el Consejo sobre el mecanismo de resoluci\u00f3n bancaria, en especial sobre el fondo de liquidaci\u00f3n por considerar que no constituye un cortafuegos realmente cre\u00edble.<\/p>\n<p>El ministro irland\u00e9s se refiri\u00f3 a que es normal que cuando se llega a un acuerdo en el Consejo, el Parlamento Europeo intente despu\u00e9s mejorar la propuesta y record\u00f3 que el mecanismo para la liquidaci\u00f3n de bancos fue acordado por los Veintiocho antes de Navidades y ahora est\u00e1 en la Euroc\u00e1mara.<\/p>\n<p>Tambi\u00e9n confi\u00f3 en que la uni\u00f3n bancaria est\u00e9 lista para octubre, cuando el BCE publique sus conclusiones sobre el estado de la banca.<\/p>\n<p>\u00abLos acuerdos sobre el sector bancario est\u00e1n ah\u00ed y espero que la uni\u00f3n bancaria est\u00e9 lista\u00bb, respondi\u00f3 Noonan a preguntas sobre esa fecha de octubre pr\u00f3ximo.<\/p>\n<p>Sobre la salida del programa bancario de Espa\u00f1a y la situaci\u00f3n en Grecia, Portugal y Chipre, Noonan dijo que en ninguna de estas cuestiones se esperan controversias, por lo que anticip\u00f3 que la reuni\u00f3n ser\u00e1 corta.<\/p>\n","protected":false},"excerpt":{"rendered":"<p>Bruselas, 27 ene (EFE).- El ministro irland\u00e9s de Finanzas, Michael Noonan, se mostr\u00f3 hoy partidario de reabrir el debate sobre el fondo com\u00fan para la liquidaci\u00f3n ordenada de entidades financieras que no funcionan, que tal y como est\u00e1 planteado ahora tardar\u00e1 una d\u00e9cada en ser un instrumento verdaderamente com\u00fan europeo. Irlanda se suma as\u00ed a [&hellip;]<\/p>\n","protected":false},"author":1,"featured_media":1132184,"comment_status":"closed","ping_status":"open","sticky":false,"template":"","format":"standard","meta":{"footnotes":""},"categories":[1],"tags":[],"class_list":["post-479847","post","type-post","status-publish","format-standard","has-post-thumbnail","hentry","category-actualidad"],"aioseo_notices":[],"aioseo_head":"\n\t\t<!-- All in One SEO Pro 5.0.1 - aioseo.com -->\n\t<meta name=\"description\" content=\"Bruselas, 27 ene (EFE).- El ministro irland\u00e9s de Finanzas, Michael Noonan, se mostr\u00f3 hoy partidario de reabrir el debate sobre el fondo com\u00fan para la liquidaci\u00f3n ordenada de entidades financieras que no funcionan, que tal y como est\u00e1 planteado ahora tardar\u00e1 una d\u00e9cada en ser un instrumento verdaderamente com\u00fan europeo. Irlanda se suma as\u00ed a\" \/>\n\t<meta name=\"robots\" content=\"max-image-preview:large\" \/>\n\t<meta name=\"author\" content=\"El Digital de Asturias\"\/>\n\t<meta name=\"google-site-verification\" content=\"UA-38556648-1\" \/>\n\t<meta name=\"msvalidate.01\" content=\"7dfe9f3f1b24437ab69f4f2559babe99\" \/>\n\t<meta name=\"keywords\" content=\"actualidad\" \/>\n\t<link rel=\"canonical\" href=\"https:\/\/www.eldigitaldeasturias.com\/noticias\/irlanda-apoya-reabrir-el-debate-sobre-del-fondo-de-resolucion-bancaria\/\" \/>\n\t<meta name=\"generator\" content=\"All in One SEO Pro (AIOSEO) 5.0.1\" \/>\n\t\t<meta property=\"og:locale\" content=\"es_ES\" \/>\n\t\t<meta property=\"og:site_name\" content=\"El Digital de Asturias\" \/>\n\t\t<meta property=\"og:type\" content=\"article\" \/>\n\t\t<meta property=\"og:title\" content=\"Irlanda apoya reabrir el debate sobre del fondo de resoluci\u00f3n bancaria - El Digital de Asturias\" \/>\n\t\t<meta property=\"og:description\" content=\"Bruselas, 27 ene (EFE).- El ministro irland\u00e9s de Finanzas, Michael Noonan, se mostr\u00f3 hoy partidario de reabrir el debate sobre el fondo com\u00fan para la liquidaci\u00f3n ordenada de entidades financieras que no funcionan, que tal y como est\u00e1 planteado ahora tardar\u00e1 una d\u00e9cada en ser un instrumento verdaderamente com\u00fan europeo. Irlanda se suma as\u00ed a\" \/>\n\t\t<meta property=\"og:url\" content=\"https:\/\/www.eldigitaldeasturias.com\/noticias\/irlanda-apoya-reabrir-el-debate-sobre-del-fondo-de-resolucion-bancaria\/\" \/>\n\t\t<meta property=\"og:image\" content=\"https:\/\/www.eldigitaldeasturias.com\/noticias\/wp-content\/uploads\/2026\/06\/Contenidos.jpg\" \/>\n\t\t<meta property=\"og:image:secure_url\" content=\"https:\/\/www.eldigitaldeasturias.com\/noticias\/wp-content\/uploads\/2026\/06\/Contenidos.jpg\" \/>\n\t\t<meta property=\"og:image:width\" content=\"1265\" \/>\n\t\t<meta property=\"og:image:height\" content=\"697\" \/>\n\t\t<meta property=\"article:tag\" content=\"actualidad\" \/>\n\t\t<meta property=\"article:published_time\" content=\"2014-01-29T01:57:19+00:00\" \/>\n\t\t<meta property=\"article:modified_time\" content=\"2014-01-29T01:57:19+00:00\" \/>\n\t\t<meta property=\"article:publisher\" content=\"https:\/\/facebook.com\/eldigitaldeasturias\" \/>\n\t\t<meta name=\"twitter:card\" content=\"summary_large_image\" \/>\n\t\t<meta name=\"twitter:title\" content=\"Irlanda apoya reabrir el debate sobre del fondo de resoluci\u00f3n bancaria - El Digital de Asturias\" \/>\n\t\t<meta name=\"twitter:description\" content=\"Bruselas, 27 ene (EFE).- El ministro irland\u00e9s de Finanzas, Michael Noonan, se mostr\u00f3 hoy partidario de reabrir el debate sobre el fondo com\u00fan para la liquidaci\u00f3n ordenada de entidades financieras que no funcionan, que tal y como est\u00e1 planteado ahora tardar\u00e1 una d\u00e9cada en ser un instrumento verdaderamente com\u00fan europeo. Irlanda se suma as\u00ed a\" \/>\n\t\t<meta name=\"twitter:image\" content=\"https:\/\/www.eldigitaldeasturias.com\/noticias\/wp-content\/uploads\/2026\/06\/Contenidos.jpg\" \/>\n\t\t<meta name=\"twitter:label1\" content=\"Escrito por\" \/>\n\t\t<meta name=\"twitter:data1\" content=\"El Digital de Asturias\" \/>\n\t\t<meta name=\"twitter:label2\" content=\"Tiempo de lectura estimado\" \/>\n\t\t<meta name=\"twitter:data2\" content=\"3 minutos\" \/>\n\t\t<script type=\"application\/ld+json\" class=\"aioseo-schema\">\n\t\t\t{\"@context\":\"https:\\\/\\\/schema.org\",\"@graph\":[{\"@type\":\"BlogPosting\",\"@id\":\"https:\\\/\\\/www.eldigitaldeasturias.com\\\/noticias\\\/irlanda-apoya-reabrir-el-debate-sobre-del-fondo-de-resolucion-bancaria\\\/#blogposting\",\"name\":\"Irlanda apoya reabrir el debate sobre del fondo de resoluci\\u00f3n bancaria - El Digital de Asturias\",\"headline\":\"Irlanda apoya reabrir el debate sobre del fondo de resoluci\\u00f3n bancaria\",\"author\":{\"@id\":\"https:\\\/\\\/www.eldigitaldeasturias.com\\\/noticias\\\/author\\\/admin\\\/#author\"},\"publisher\":{\"@id\":\"https:\\\/\\\/www.eldigitaldeasturias.com\\\/noticias\\\/#organization\"},\"image\":{\"@type\":\"ImageObject\",\"url\":\"https:\\\/\\\/www.eldigitaldeasturias.com\\\/noticias\\\/wp-content\\\/uploads\\\/2026\\\/06\\\/Contenidos.jpg\",\"width\":1265,\"height\":697,\"caption\":\"Contenidos\"},\"datePublished\":\"2014-01-29T00:57:19+01:00\",\"dateModified\":\"2014-01-29T00:57:19+01:00\",\"inLanguage\":\"es-ES\",\"mainEntityOfPage\":{\"@id\":\"https:\\\/\\\/www.eldigitaldeasturias.com\\\/noticias\\\/irlanda-apoya-reabrir-el-debate-sobre-del-fondo-de-resolucion-bancaria\\\/#webpage\"},\"isPartOf\":{\"@id\":\"https:\\\/\\\/www.eldigitaldeasturias.com\\\/noticias\\\/irlanda-apoya-reabrir-el-debate-sobre-del-fondo-de-resolucion-bancaria\\\/#webpage\"},\"articleSection\":\"Actualidad\"},{\"@type\":\"BreadcrumbList\",\"@id\":\"https:\\\/\\\/www.eldigitaldeasturias.com\\\/noticias\\\/irlanda-apoya-reabrir-el-debate-sobre-del-fondo-de-resolucion-bancaria\\\/#breadcrumblist\",\"itemListElement\":[{\"@type\":\"ListItem\",\"@id\":\"https:\\\/\\\/www.eldigitaldeasturias.com\\\/noticias#listItem\",\"position\":1,\"name\":\"Home\",\"item\":\"https:\\\/\\\/www.eldigitaldeasturias.com\\\/noticias\",\"nextItem\":{\"@type\":\"ListItem\",\"@id\":\"https:\\\/\\\/www.eldigitaldeasturias.com\\\/noticias\\\/category\\\/actualidad\\\/#listItem\",\"name\":\"Actualidad\"}},{\"@type\":\"ListItem\",\"@id\":\"https:\\\/\\\/www.eldigitaldeasturias.com\\\/noticias\\\/category\\\/actualidad\\\/#listItem\",\"position\":2,\"name\":\"Actualidad\",\"item\":\"https:\\\/\\\/www.eldigitaldeasturias.com\\\/noticias\\\/category\\\/actualidad\\\/\",\"nextItem\":{\"@type\":\"ListItem\",\"@id\":\"https:\\\/\\\/www.eldigitaldeasturias.com\\\/noticias\\\/irlanda-apoya-reabrir-el-debate-sobre-del-fondo-de-resolucion-bancaria\\\/#listItem\",\"name\":\"Irlanda apoya reabrir el debate sobre del fondo de resoluci\\u00f3n bancaria\"},\"previousItem\":{\"@type\":\"ListItem\",\"@id\":\"https:\\\/\\\/www.eldigitaldeasturias.com\\\/noticias#listItem\",\"name\":\"Home\"}},{\"@type\":\"ListItem\",\"@id\":\"https:\\\/\\\/www.eldigitaldeasturias.com\\\/noticias\\\/irlanda-apoya-reabrir-el-debate-sobre-del-fondo-de-resolucion-bancaria\\\/#listItem\",\"position\":3,\"name\":\"Irlanda apoya reabrir el debate sobre del fondo de resoluci\\u00f3n bancaria\",\"previousItem\":{\"@type\":\"ListItem\",\"@id\":\"https:\\\/\\\/www.eldigitaldeasturias.com\\\/noticias\\\/category\\\/actualidad\\\/#listItem\",\"name\":\"Actualidad\"}}]},{\"@type\":\"Organization\",\"@id\":\"https:\\\/\\\/www.eldigitaldeasturias.com\\\/noticias\\\/#organization\",\"name\":\"El Digital de Asturias\",\"description\":\"Hemeroteca\",\"url\":\"https:\\\/\\\/www.eldigitaldeasturias.com\\\/noticias\\\/\",\"email\":\"info@eldigitaldeasturias.com\",\"telephone\":\"+34652131393\",\"logo\":{\"@type\":\"ImageObject\",\"url\":\"https:\\\/\\\/www.eldigitaldeasturias.com\\\/noticias\\\/wp-content\\\/uploads\\\/2020\\\/12\\\/EDA.jpg\",\"@id\":\"https:\\\/\\\/www.eldigitaldeasturias.com\\\/noticias\\\/irlanda-apoya-reabrir-el-debate-sobre-del-fondo-de-resolucion-bancaria\\\/#organizationLogo\"},\"image\":{\"@id\":\"https:\\\/\\\/www.eldigitaldeasturias.com\\\/noticias\\\/irlanda-apoya-reabrir-el-debate-sobre-del-fondo-de-resolucion-bancaria\\\/#organizationLogo\"},\"sameAs\":[\"https:\\\/\\\/facebook.com\\\/eldigitaldeasturias\",\"https:\\\/\\\/www.youtube.com\\\/channel\\\/UCZP-2wLEB9Rv6erhFmqVnvg\"],\"address\":{\"@id\":\"https:\\\/\\\/www.eldigitaldeasturias.com\\\/noticias\\\/#postaladdress\",\"@type\":\"PostalAddress\",\"streetAddress\":\"san antonio 4\",\"postalCode\":\"33430\",\"addressLocality\":\"Cand\\u00e1s\",\"addressRegion\":\"Asturias\",\"addressCountry\":\"ES\"}},{\"@type\":\"Person\",\"@id\":\"https:\\\/\\\/www.eldigitaldeasturias.com\\\/noticias\\\/author\\\/admin\\\/#author\",\"url\":\"https:\\\/\\\/www.eldigitaldeasturias.com\\\/noticias\\\/author\\\/admin\\\/\",\"name\":\"El Digital de Asturias\",\"image\":{\"@type\":\"ImageObject\",\"@id\":\"https:\\\/\\\/www.eldigitaldeasturias.com\\\/noticias\\\/irlanda-apoya-reabrir-el-debate-sobre-del-fondo-de-resolucion-bancaria\\\/#authorImage\",\"url\":\"https:\\\/\\\/secure.gravatar.com\\\/avatar\\\/df2aeffc32bcd13f8d26072ef8a91b623d677766deac7f97ca815868cd41bf5e?s=96&d=mm&r=g\",\"width\":96,\"height\":96,\"caption\":\"El Digital de Asturias\"}},{\"@type\":\"WebPage\",\"@id\":\"https:\\\/\\\/www.eldigitaldeasturias.com\\\/noticias\\\/irlanda-apoya-reabrir-el-debate-sobre-del-fondo-de-resolucion-bancaria\\\/#webpage\",\"url\":\"https:\\\/\\\/www.eldigitaldeasturias.com\\\/noticias\\\/irlanda-apoya-reabrir-el-debate-sobre-del-fondo-de-resolucion-bancaria\\\/\",\"name\":\"Irlanda apoya reabrir el debate sobre del fondo de resoluci\\u00f3n bancaria - El Digital de Asturias\",\"description\":\"Bruselas, 27 ene (EFE).- El ministro irland\\u00e9s de Finanzas, Michael Noonan, se mostr\\u00f3 hoy partidario de reabrir el debate sobre el fondo com\\u00fan para la liquidaci\\u00f3n ordenada de entidades financieras que no funcionan, que tal y como est\\u00e1 planteado ahora tardar\\u00e1 una d\\u00e9cada en ser un instrumento verdaderamente com\\u00fan europeo. Irlanda se suma as\\u00ed a\",\"inLanguage\":\"es-ES\",\"isPartOf\":{\"@id\":\"https:\\\/\\\/www.eldigitaldeasturias.com\\\/noticias\\\/#website\"},\"breadcrumb\":{\"@id\":\"https:\\\/\\\/www.eldigitaldeasturias.com\\\/noticias\\\/irlanda-apoya-reabrir-el-debate-sobre-del-fondo-de-resolucion-bancaria\\\/#breadcrumblist\"},\"author\":{\"@id\":\"https:\\\/\\\/www.eldigitaldeasturias.com\\\/noticias\\\/author\\\/admin\\\/#author\"},\"creator\":{\"@id\":\"https:\\\/\\\/www.eldigitaldeasturias.com\\\/noticias\\\/author\\\/admin\\\/#author\"},\"image\":{\"@type\":\"ImageObject\",\"url\":\"https:\\\/\\\/www.eldigitaldeasturias.com\\\/noticias\\\/wp-content\\\/uploads\\\/2026\\\/06\\\/Contenidos.jpg\",\"@id\":\"https:\\\/\\\/www.eldigitaldeasturias.com\\\/noticias\\\/irlanda-apoya-reabrir-el-debate-sobre-del-fondo-de-resolucion-bancaria\\\/#mainImage\",\"width\":1265,\"height\":697,\"caption\":\"Contenidos\"},\"primaryImageOfPage\":{\"@id\":\"https:\\\/\\\/www.eldigitaldeasturias.com\\\/noticias\\\/irlanda-apoya-reabrir-el-debate-sobre-del-fondo-de-resolucion-bancaria\\\/#mainImage\"},\"datePublished\":\"2014-01-29T00:57:19+01:00\",\"dateModified\":\"2014-01-29T00:57:19+01:00\"},{\"@type\":\"WebSite\",\"@id\":\"https:\\\/\\\/www.eldigitaldeasturias.com\\\/noticias\\\/#website\",\"url\":\"https:\\\/\\\/www.eldigitaldeasturias.com\\\/noticias\\\/\",\"name\":\"El Digital de Asturias - Diario de actualidad y noticias\",\"alternateName\":\"El Digital de Asturias - Diario de actualidad y noticias\",\"description\":\"Hemeroteca\",\"inLanguage\":\"es-ES\",\"publisher\":{\"@id\":\"https:\\\/\\\/www.eldigitaldeasturias.com\\\/noticias\\\/#organization\"}}]}\n\t\t<\/script>\n\t\t<!-- All in One SEO Pro -->\r\n\t\t<title>Irlanda apoya reabrir el debate sobre del fondo de resoluci\u00f3n bancaria - El Digital de Asturias<\/title>\n\n","aioseo_head_json":{"title":"Irlanda apoya reabrir el debate sobre del fondo de resoluci\u00f3n bancaria - El Digital de Asturias","description":"Bruselas, 27 ene (EFE).- El ministro irland\u00e9s de Finanzas, Michael Noonan, se mostr\u00f3 hoy partidario de reabrir el debate sobre el fondo com\u00fan para la liquidaci\u00f3n ordenada de entidades financieras que no funcionan, que tal y como est\u00e1 planteado ahora tardar\u00e1 una d\u00e9cada en ser un instrumento verdaderamente com\u00fan europeo. Irlanda se suma as\u00ed a","canonical_url":"https:\/\/www.eldigitaldeasturias.com\/noticias\/irlanda-apoya-reabrir-el-debate-sobre-del-fondo-de-resolucion-bancaria\/","robots":"max-image-preview:large","keywords":"actualidad","webmasterTools":{"google-site-verification":"UA-38556648-1","msvalidate.01":"7dfe9f3f1b24437ab69f4f2559babe99","miscellaneous":""},"schema":{"@context":"https:\/\/schema.org","@graph":[{"@type":"BlogPosting","@id":"https:\/\/www.eldigitaldeasturias.com\/noticias\/irlanda-apoya-reabrir-el-debate-sobre-del-fondo-de-resolucion-bancaria\/#blogposting","name":"Irlanda apoya reabrir el debate sobre del fondo de resoluci\u00f3n bancaria - El Digital de Asturias","headline":"Irlanda apoya reabrir el debate sobre del fondo de resoluci\u00f3n bancaria","author":{"@id":"https:\/\/www.eldigitaldeasturias.com\/noticias\/author\/admin\/#author"},"publisher":{"@id":"https:\/\/www.eldigitaldeasturias.com\/noticias\/#organization"},"image":{"@type":"ImageObject","url":"https:\/\/www.eldigitaldeasturias.com\/noticias\/wp-content\/uploads\/2026\/06\/Contenidos.jpg","width":1265,"height":697,"caption":"Contenidos"},"datePublished":"2014-01-29T00:57:19+01:00","dateModified":"2014-01-29T00:57:19+01:00","inLanguage":"es-ES","mainEntityOfPage":{"@id":"https:\/\/www.eldigitaldeasturias.com\/noticias\/irlanda-apoya-reabrir-el-debate-sobre-del-fondo-de-resolucion-bancaria\/#webpage"},"isPartOf":{"@id":"https:\/\/www.eldigitaldeasturias.com\/noticias\/irlanda-apoya-reabrir-el-debate-sobre-del-fondo-de-resolucion-bancaria\/#webpage"},"articleSection":"Actualidad"},{"@type":"BreadcrumbList","@id":"https:\/\/www.eldigitaldeasturias.com\/noticias\/irlanda-apoya-reabrir-el-debate-sobre-del-fondo-de-resolucion-bancaria\/#breadcrumblist","itemListElement":[{"@type":"ListItem","@id":"https:\/\/www.eldigitaldeasturias.com\/noticias#listItem","position":1,"name":"Home","item":"https:\/\/www.eldigitaldeasturias.com\/noticias","nextItem":{"@type":"ListItem","@id":"https:\/\/www.eldigitaldeasturias.com\/noticias\/category\/actualidad\/#listItem","name":"Actualidad"}},{"@type":"ListItem","@id":"https:\/\/www.eldigitaldeasturias.com\/noticias\/category\/actualidad\/#listItem","position":2,"name":"Actualidad","item":"https:\/\/www.eldigitaldeasturias.com\/noticias\/category\/actualidad\/","nextItem":{"@type":"ListItem","@id":"https:\/\/www.eldigitaldeasturias.com\/noticias\/irlanda-apoya-reabrir-el-debate-sobre-del-fondo-de-resolucion-bancaria\/#listItem","name":"Irlanda apoya reabrir el debate sobre del fondo de resoluci\u00f3n bancaria"},"previousItem":{"@type":"ListItem","@id":"https:\/\/www.eldigitaldeasturias.com\/noticias#listItem","name":"Home"}},{"@type":"ListItem","@id":"https:\/\/www.eldigitaldeasturias.com\/noticias\/irlanda-apoya-reabrir-el-debate-sobre-del-fondo-de-resolucion-bancaria\/#listItem","position":3,"name":"Irlanda apoya reabrir el debate sobre del fondo de resoluci\u00f3n bancaria","previousItem":{"@type":"ListItem","@id":"https:\/\/www.eldigitaldeasturias.com\/noticias\/category\/actualidad\/#listItem","name":"Actualidad"}}]},{"@type":"Organization","@id":"https:\/\/www.eldigitaldeasturias.com\/noticias\/#organization","name":"El Digital de Asturias","description":"Hemeroteca","url":"https:\/\/www.eldigitaldeasturias.com\/noticias\/","email":"info@eldigitaldeasturias.com","telephone":"+34652131393","logo":{"@type":"ImageObject","url":"https:\/\/www.eldigitaldeasturias.com\/noticias\/wp-content\/uploads\/2020\/12\/EDA.jpg","@id":"https:\/\/www.eldigitaldeasturias.com\/noticias\/irlanda-apoya-reabrir-el-debate-sobre-del-fondo-de-resolucion-bancaria\/#organizationLogo"},"image":{"@id":"https:\/\/www.eldigitaldeasturias.com\/noticias\/irlanda-apoya-reabrir-el-debate-sobre-del-fondo-de-resolucion-bancaria\/#organizationLogo"},"sameAs":["https:\/\/facebook.com\/eldigitaldeasturias","https:\/\/www.youtube.com\/channel\/UCZP-2wLEB9Rv6erhFmqVnvg"],"address":{"@id":"https:\/\/www.eldigitaldeasturias.com\/noticias\/#postaladdress","@type":"PostalAddress","streetAddress":"san antonio 4","postalCode":"33430","addressLocality":"Cand\u00e1s","addressRegion":"Asturias","addressCountry":"ES"}},{"@type":"Person","@id":"https:\/\/www.eldigitaldeasturias.com\/noticias\/author\/admin\/#author","url":"https:\/\/www.eldigitaldeasturias.com\/noticias\/author\/admin\/","name":"El Digital de Asturias","image":{"@type":"ImageObject","@id":"https:\/\/www.eldigitaldeasturias.com\/noticias\/irlanda-apoya-reabrir-el-debate-sobre-del-fondo-de-resolucion-bancaria\/#authorImage","url":"https:\/\/secure.gravatar.com\/avatar\/df2aeffc32bcd13f8d26072ef8a91b623d677766deac7f97ca815868cd41bf5e?s=96&d=mm&r=g","width":96,"height":96,"caption":"El Digital de Asturias"}},{"@type":"WebPage","@id":"https:\/\/www.eldigitaldeasturias.com\/noticias\/irlanda-apoya-reabrir-el-debate-sobre-del-fondo-de-resolucion-bancaria\/#webpage","url":"https:\/\/www.eldigitaldeasturias.com\/noticias\/irlanda-apoya-reabrir-el-debate-sobre-del-fondo-de-resolucion-bancaria\/","name":"Irlanda apoya reabrir el debate sobre del fondo de resoluci\u00f3n bancaria - El Digital de Asturias","description":"Bruselas, 27 ene (EFE).- El ministro irland\u00e9s de Finanzas, Michael Noonan, se mostr\u00f3 hoy partidario de reabrir el debate sobre el fondo com\u00fan para la liquidaci\u00f3n ordenada de entidades financieras que no funcionan, que tal y como est\u00e1 planteado ahora tardar\u00e1 una d\u00e9cada en ser un instrumento verdaderamente com\u00fan europeo. Irlanda se suma as\u00ed a","inLanguage":"es-ES","isPartOf":{"@id":"https:\/\/www.eldigitaldeasturias.com\/noticias\/#website"},"breadcrumb":{"@id":"https:\/\/www.eldigitaldeasturias.com\/noticias\/irlanda-apoya-reabrir-el-debate-sobre-del-fondo-de-resolucion-bancaria\/#breadcrumblist"},"author":{"@id":"https:\/\/www.eldigitaldeasturias.com\/noticias\/author\/admin\/#author"},"creator":{"@id":"https:\/\/www.eldigitaldeasturias.com\/noticias\/author\/admin\/#author"},"image":{"@type":"ImageObject","url":"https:\/\/www.eldigitaldeasturias.com\/noticias\/wp-content\/uploads\/2026\/06\/Contenidos.jpg","@id":"https:\/\/www.eldigitaldeasturias.com\/noticias\/irlanda-apoya-reabrir-el-debate-sobre-del-fondo-de-resolucion-bancaria\/#mainImage","width":1265,"height":697,"caption":"Contenidos"},"primaryImageOfPage":{"@id":"https:\/\/www.eldigitaldeasturias.com\/noticias\/irlanda-apoya-reabrir-el-debate-sobre-del-fondo-de-resolucion-bancaria\/#mainImage"},"datePublished":"2014-01-29T00:57:19+01:00","dateModified":"2014-01-29T00:57:19+01:00"},{"@type":"WebSite","@id":"https:\/\/www.eldigitaldeasturias.com\/noticias\/#website","url":"https:\/\/www.eldigitaldeasturias.com\/noticias\/","name":"El Digital de Asturias - Diario de actualidad y noticias","alternateName":"El Digital de Asturias - Diario de actualidad y noticias","description":"Hemeroteca","inLanguage":"es-ES","publisher":{"@id":"https:\/\/www.eldigitaldeasturias.com\/noticias\/#organization"}}]},"og:locale":"es_ES","og:site_name":"El Digital de Asturias","og:type":"article","og:title":"Irlanda apoya reabrir el debate sobre del fondo de resoluci\u00f3n bancaria - El Digital de Asturias","og:description":"Bruselas, 27 ene (EFE).- El ministro irland\u00e9s de Finanzas, Michael Noonan, se mostr\u00f3 hoy partidario de reabrir el debate sobre el fondo com\u00fan para la liquidaci\u00f3n ordenada de entidades financieras que no funcionan, que tal y como est\u00e1 planteado ahora tardar\u00e1 una d\u00e9cada en ser un instrumento verdaderamente com\u00fan europeo. Irlanda se suma as\u00ed a","og:url":"https:\/\/www.eldigitaldeasturias.com\/noticias\/irlanda-apoya-reabrir-el-debate-sobre-del-fondo-de-resolucion-bancaria\/","og:image":"https:\/\/www.eldigitaldeasturias.com\/noticias\/wp-content\/uploads\/2026\/06\/Contenidos.jpg","og:image:secure_url":"https:\/\/www.eldigitaldeasturias.com\/noticias\/wp-content\/uploads\/2026\/06\/Contenidos.jpg","og:image:width":1265,"og:image:height":697,"article:tag":["actualidad"],"article:published_time":"2014-01-29T01:57:19+00:00","article:modified_time":"2014-01-29T01:57:19+00:00","article:publisher":"https:\/\/facebook.com\/eldigitaldeasturias","twitter:card":"summary_large_image","twitter:title":"Irlanda apoya reabrir el debate sobre del fondo de resoluci\u00f3n bancaria - El Digital de Asturias","twitter:description":"Bruselas, 27 ene (EFE).- El ministro irland\u00e9s de Finanzas, Michael Noonan, se mostr\u00f3 hoy partidario de reabrir el debate sobre el fondo com\u00fan para la liquidaci\u00f3n ordenada de entidades financieras que no funcionan, que tal y como est\u00e1 planteado ahora tardar\u00e1 una d\u00e9cada en ser un instrumento verdaderamente com\u00fan europeo. Irlanda se suma as\u00ed a","twitter:image":"https:\/\/www.eldigitaldeasturias.com\/noticias\/wp-content\/uploads\/2026\/06\/Contenidos.jpg","twitter:label1":"Escrito por","twitter:data1":"El Digital de Asturias","twitter:label2":"Tiempo de lectura estimado","twitter:data2":"3 minutos"},"aioseo_meta_data":{"post_id":"479847","title":null,"description":null,"keywords":null,"keyphrases":null,"primary_term":null,"canonical_url":null,"og_title":null,"og_description":null,"og_object_type":"default","og_image_type":"default","og_image_url":null,"og_image_width":null,"og_image_height":null,"og_image_custom_url":null,"og_image_custom_fields":null,"og_video":null,"og_custom_url":null,"og_article_section":null,"og_article_tags":null,"twitter_use_og":true,"twitter_card":"default","twitter_image_type":"default","twitter_image_url":null,"twitter_image_custom_url":null,"twitter_image_custom_fields":null,"twitter_title":null,"twitter_description":null,"schema":{"blockGraphs":[],"customGraphs":[],"default":{"data":{"Article":[],"Course":[],"Dataset":[],"FAQPage":[],"Movie":[],"Person":[],"Product":[],"ProductReview":[],"Car":[],"Recipe":[],"Service":[],"SoftwareApplication":[],"WebPage":[]},"graphName":"","isEnabled":true},"graphs":[],"defaultGraph":"","defaultPostTypeGraph":""},"schema_type":null,"schema_type_options":null,"pillar_content":false,"robots_default":true,"robots_noindex":false,"robots_noarchive":false,"robots_nosnippet":false,"robots_nofollow":false,"robots_noimageindex":false,"robots_noodp":false,"robots_notranslate":false,"robots_max_snippet":null,"robots_max_videopreview":null,"robots_max_imagepreview":"none","priority":null,"frequency":null,"local_seo":null,"seo_analyzer_scan_date":"2026-06-02 01:48:18","breadcrumb_settings":null,"limit_modified_date":false,"open_ai":null,"ai":null,"created":"2020-11-14 22:54:06","updated":"2026-06-02 01:48:18","focus_keyword":null,"additional_keywords":null,"truseo_locale":null},"aioseo_breadcrumb":"<div class=\"aioseo-breadcrumbs\"><span class=\"aioseo-breadcrumb\">\n\t<a href=\"https:\/\/www.eldigitaldeasturias.com\/noticias\" title=\"Home\">Home<\/a>\n<\/span><span class=\"aioseo-breadcrumb-separator\">\u2013<\/span><span class=\"aioseo-breadcrumb\">\n\t<a href=\"https:\/\/www.eldigitaldeasturias.com\/noticias\/category\/actualidad\/\" title=\"Actualidad\">Actualidad<\/a>\n<\/span><span class=\"aioseo-breadcrumb-separator\">\u2013<\/span><span class=\"aioseo-breadcrumb\">\n\t<a href=\"https:\/\/www.eldigitaldeasturias.com\/noticias\/irlanda-apoya-reabrir-el-debate-sobre-del-fondo-de-resolucion-bancaria\/\" title=\"Irlanda apoya reabrir el debate sobre del fondo de resoluci\u00f3n bancaria\">Irlanda apoya reabrir el debate sobre del fondo de resoluci\u00f3n bancaria<\/a>\n<\/span><\/div>","aioseo_breadcrumb_json":[{"label":"Home","link":"https:\/\/www.eldigitaldeasturias.com\/noticias"},{"label":"Actualidad","link":"https:\/\/www.eldigitaldeasturias.com\/noticias\/category\/actualidad\/"},{"label":"Irlanda apoya reabrir el debate sobre del fondo de resoluci\u00f3n bancaria","link":"https:\/\/www.eldigitaldeasturias.com\/noticias\/irlanda-apoya-reabrir-el-debate-sobre-del-fondo-de-resolucion-bancaria\/"}],"_links":{"self":[{"href":"https:\/\/www.eldigitaldeasturias.com\/noticias\/wp-json\/wp\/v2\/posts\/479847","targetHints":{"allow":["GET"]}}],"collection":[{"href":"https:\/\/www.eldigitaldeasturias.com\/noticias\/wp-json\/wp\/v2\/posts"}],"about":[{"href":"https:\/\/www.eldigitaldeasturias.com\/noticias\/wp-json\/wp\/v2\/types\/post"}],"author":[{"embeddable":true,"href":"https:\/\/www.eldigitaldeasturias.com\/noticias\/wp-json\/wp\/v2\/users\/1"}],"replies":[{"embeddable":true,"href":"https:\/\/www.eldigitaldeasturias.com\/noticias\/wp-json\/wp\/v2\/comments?post=479847"}],"version-history":[{"count":0,"href":"https:\/\/www.eldigitaldeasturias.com\/noticias\/wp-json\/wp\/v2\/posts\/479847\/revisions"}],"wp:featuredmedia":[{"embeddable":true,"href":"https:\/\/www.eldigitaldeasturias.com\/noticias\/wp-json\/wp\/v2\/media\/1132184"}],"wp:attachment":[{"href":"https:\/\/www.eldigitaldeasturias.com\/noticias\/wp-json\/wp\/v2\/media?parent=479847"}],"wp:term":[{"taxonomy":"category","embeddable":true,"href":"https:\/\/www.eldigitaldeasturias.com\/noticias\/wp-json\/wp\/v2\/categories?post=479847"},{"taxonomy":"post_tag","embeddable":true,"href":"https:\/\/www.eldigitaldeasturias.com\/noticias\/wp-json\/wp\/v2\/tags?post=479847"}],"curies":[{"name":"wp","href":"https:\/\/api.w.org\/{rel}","templated":true}]}}