{"id":479800,"date":"2014-01-29T00:38:49","date_gmt":"2014-01-29T01:38:49","guid":{"rendered":"http:\/\/www.eldigitaldeasturias.com\/noticias\/?p=479800"},"modified":"2014-01-29T00:38:49","modified_gmt":"2014-01-29T01:38:49","slug":"lasquetty-dice-que-ha-presentado-su-dimision-porque-fue-el-quien-propuso-el-proyecto-sanitario","status":"publish","type":"post","link":"https:\/\/www.eldigitaldeasturias.com\/noticias\/lasquetty-dice-que-ha-presentado-su-dimision-porque-fue-el-quien-propuso-el-proyecto-sanitario\/","title":{"rendered":"Lasquetty dice que ha presentado su dimisi\u00f3n porque fue \u00e9l quien propuso el proyecto sanitario"},"content":{"rendered":"<p><img loading=\"lazy\" decoding=\"async\" class=\"alignleft size-medium wp-image-479801\" alt=\"5880100w\" src=\"https:\/\/www.eldigitaldeasturias.com\/noticias\/wp-content\/uploads\/2014\/01\/5880100w-360x275.jpg\" width=\"360\" height=\"275\" \/>Madrid, 27 ene (EFE).- El hasta hoy consejero de Sanidad de la Comunidad de Madrid, Javier Fern\u00e1ndez-Lasquetty, ha dicho que su decisi\u00f3n de dimitir del cargo obedece a su sentido de la responsabilidad y a que fue \u00e9l quien propuso y puso en marcha el proyecto de externalizaci\u00f3n de la gesti\u00f3n de los seis hospitales.<\/p>\n<p>Lasquetty ha hecho estas declaraciones en una rueda de prensa, en la que ha comparecido junto con el presidente de la Comunidad de Madrid, Ignacio Gonz\u00e1lez, despu\u00e9s de que \u00e9ste decidiera dejar sin efecto el proceso de externalizaci\u00f3n.<\/p>\n<p>El consejero ha expresado su \u00abenorme agradecimiento\u00bb al equipo con el que ha trabajado en la Consejer\u00eda de Sanidad y su \u00abreconocimiento a los miles de m\u00e9dicos y enfermeros que hacen que Madrid tenga la mejor Sanidad de Espa\u00f1a\u00bb.<\/p>\n<p>Ha dicho que deja su cargo \u00abpor un motivo evidente\u00bb, porque fue \u00e9l \u00abquien propuso\u00bb el proceso de externalizaci\u00f3n, \u00abquien lo puso en marcha\u00bb y porque \u00ablas circunstancias lo han hecho imposible\u00bb.<\/p>\n<p>\u00abEs bueno asumir la responsabilidad de no haber logrado hacer aquello que se pudo hacer\u00bb, ha afirmado el ya exconsejero de Sanidad, que ser\u00e1 sustituido en el puesto por el hasta ahora portavoz del PP en el Congreso, Javier Rodr\u00edguez.<\/p>\n<p>Lasquetty ha indicado que su sucesor conoce \u00aba la perfecci\u00f3n el sistema\u00bb y la pol\u00edtica sanitaria madrile\u00f1a y ha recordado que trabaja \u00abdesde hace muchos a\u00f1os\u00bb en el hospital Gregorio Mara\u00f1\u00f3n.<\/p>\n<p>Personalmente ha informado de que seguir\u00e1 en la Asamblea de Madrid como diputado del PP y ha dicho que se siente \u00abmuy orgulloso de pertenecer\u00bb a ese partido.<\/p>\n","protected":false},"excerpt":{"rendered":"<p>Madrid, 27 ene (EFE).- El hasta hoy consejero de Sanidad de la Comunidad de Madrid, Javier Fern\u00e1ndez-Lasquetty, ha dicho que su decisi\u00f3n de dimitir del cargo obedece a su sentido de la responsabilidad y a que fue \u00e9l quien propuso y puso en marcha el proyecto de externalizaci\u00f3n de la gesti\u00f3n de los seis hospitales. [&hellip;]<\/p>\n","protected":false},"author":1,"featured_media":1132184,"comment_status":"closed","ping_status":"open","sticky":false,"template":"","format":"standard","meta":{"footnotes":""},"categories":[1],"tags":[],"class_list":["post-479800","post","type-post","status-publish","format-standard","has-post-thumbnail","hentry","category-actualidad"],"aioseo_notices":[],"aioseo_head":"\n\t\t<!-- All in One SEO Pro 5.0.1 - aioseo.com -->\n\t<meta name=\"description\" content=\"Madrid, 27 ene (EFE).- El hasta hoy consejero de Sanidad de la Comunidad de Madrid, Javier Fern\u00e1ndez-Lasquetty, ha dicho que su decisi\u00f3n de dimitir del cargo obedece a su sentido de la responsabilidad y a que fue \u00e9l quien propuso y puso en marcha el proyecto de externalizaci\u00f3n de la gesti\u00f3n de los seis hospitales.\" \/>\n\t<meta name=\"robots\" content=\"max-image-preview:large\" \/>\n\t<meta name=\"author\" content=\"El Digital de Asturias\"\/>\n\t<meta name=\"google-site-verification\" content=\"UA-38556648-1\" \/>\n\t<meta name=\"msvalidate.01\" content=\"7dfe9f3f1b24437ab69f4f2559babe99\" \/>\n\t<meta name=\"keywords\" content=\"actualidad\" \/>\n\t<link rel=\"canonical\" href=\"https:\/\/www.eldigitaldeasturias.com\/noticias\/lasquetty-dice-que-ha-presentado-su-dimision-porque-fue-el-quien-propuso-el-proyecto-sanitario\/\" \/>\n\t<meta name=\"generator\" content=\"All in One SEO Pro (AIOSEO) 5.0.1\" \/>\n\t\t<meta property=\"og:locale\" content=\"es_ES\" \/>\n\t\t<meta property=\"og:site_name\" content=\"El Digital de Asturias\" \/>\n\t\t<meta property=\"og:type\" content=\"article\" \/>\n\t\t<meta property=\"og:title\" content=\"Lasquetty dice que ha presentado su dimisi\u00f3n porque fue \u00e9l quien propuso el proyecto sanitario - El Digital de Asturias\" \/>\n\t\t<meta property=\"og:description\" content=\"Madrid, 27 ene (EFE).- El hasta hoy consejero de Sanidad de la Comunidad de Madrid, Javier Fern\u00e1ndez-Lasquetty, ha dicho que su decisi\u00f3n de dimitir del cargo obedece a su sentido de la responsabilidad y a que fue \u00e9l quien propuso y puso en marcha el proyecto de externalizaci\u00f3n de la gesti\u00f3n de los seis hospitales.\" \/>\n\t\t<meta property=\"og:url\" content=\"https:\/\/www.eldigitaldeasturias.com\/noticias\/lasquetty-dice-que-ha-presentado-su-dimision-porque-fue-el-quien-propuso-el-proyecto-sanitario\/\" \/>\n\t\t<meta property=\"og:image\" content=\"https:\/\/www.eldigitaldeasturias.com\/noticias\/wp-content\/uploads\/2026\/06\/Contenidos.jpg\" \/>\n\t\t<meta property=\"og:image:secure_url\" content=\"https:\/\/www.eldigitaldeasturias.com\/noticias\/wp-content\/uploads\/2026\/06\/Contenidos.jpg\" \/>\n\t\t<meta property=\"og:image:width\" content=\"1265\" \/>\n\t\t<meta property=\"og:image:height\" content=\"697\" \/>\n\t\t<meta property=\"article:tag\" content=\"actualidad\" \/>\n\t\t<meta property=\"article:published_time\" content=\"2014-01-29T01:38:49+00:00\" \/>\n\t\t<meta property=\"article:modified_time\" content=\"2014-01-29T01:38:49+00:00\" \/>\n\t\t<meta property=\"article:publisher\" content=\"https:\/\/facebook.com\/eldigitaldeasturias\" \/>\n\t\t<meta name=\"twitter:card\" content=\"summary_large_image\" \/>\n\t\t<meta name=\"twitter:title\" content=\"Lasquetty dice que ha presentado su dimisi\u00f3n porque fue \u00e9l quien propuso el proyecto sanitario - El Digital de Asturias\" \/>\n\t\t<meta name=\"twitter:description\" content=\"Madrid, 27 ene (EFE).- El hasta hoy consejero de Sanidad de la Comunidad de Madrid, Javier Fern\u00e1ndez-Lasquetty, ha dicho que su decisi\u00f3n de dimitir del cargo obedece a su sentido de la responsabilidad y a que fue \u00e9l quien propuso y puso en marcha el proyecto de externalizaci\u00f3n de la gesti\u00f3n de los seis hospitales.\" \/>\n\t\t<meta name=\"twitter:image\" content=\"https:\/\/www.eldigitaldeasturias.com\/noticias\/wp-content\/uploads\/2026\/06\/Contenidos.jpg\" \/>\n\t\t<meta name=\"twitter:label1\" content=\"Escrito por\" \/>\n\t\t<meta name=\"twitter:data1\" content=\"El Digital de Asturias\" \/>\n\t\t<meta name=\"twitter:label2\" content=\"Tiempo de lectura estimado\" \/>\n\t\t<meta name=\"twitter:data2\" content=\"1 minuto\" \/>\n\t\t<script type=\"application\/ld+json\" class=\"aioseo-schema\">\n\t\t\t{\"@context\":\"https:\\\/\\\/schema.org\",\"@graph\":[{\"@type\":\"BlogPosting\",\"@id\":\"https:\\\/\\\/www.eldigitaldeasturias.com\\\/noticias\\\/lasquetty-dice-que-ha-presentado-su-dimision-porque-fue-el-quien-propuso-el-proyecto-sanitario\\\/#blogposting\",\"name\":\"Lasquetty dice que ha presentado su dimisi\\u00f3n porque fue \\u00e9l quien propuso el proyecto sanitario - El Digital de Asturias\",\"headline\":\"Lasquetty dice que ha presentado su dimisi\\u00f3n porque fue \\u00e9l quien propuso el proyecto sanitario\",\"author\":{\"@id\":\"https:\\\/\\\/www.eldigitaldeasturias.com\\\/noticias\\\/author\\\/admin\\\/#author\"},\"publisher\":{\"@id\":\"https:\\\/\\\/www.eldigitaldeasturias.com\\\/noticias\\\/#organization\"},\"image\":{\"@type\":\"ImageObject\",\"url\":\"https:\\\/\\\/www.eldigitaldeasturias.com\\\/noticias\\\/wp-content\\\/uploads\\\/2026\\\/06\\\/Contenidos.jpg\",\"width\":1265,\"height\":697,\"caption\":\"Contenidos\"},\"datePublished\":\"2014-01-29T00:38:49+01:00\",\"dateModified\":\"2014-01-29T00:38:49+01:00\",\"inLanguage\":\"es-ES\",\"mainEntityOfPage\":{\"@id\":\"https:\\\/\\\/www.eldigitaldeasturias.com\\\/noticias\\\/lasquetty-dice-que-ha-presentado-su-dimision-porque-fue-el-quien-propuso-el-proyecto-sanitario\\\/#webpage\"},\"isPartOf\":{\"@id\":\"https:\\\/\\\/www.eldigitaldeasturias.com\\\/noticias\\\/lasquetty-dice-que-ha-presentado-su-dimision-porque-fue-el-quien-propuso-el-proyecto-sanitario\\\/#webpage\"},\"articleSection\":\"Actualidad\"},{\"@type\":\"BreadcrumbList\",\"@id\":\"https:\\\/\\\/www.eldigitaldeasturias.com\\\/noticias\\\/lasquetty-dice-que-ha-presentado-su-dimision-porque-fue-el-quien-propuso-el-proyecto-sanitario\\\/#breadcrumblist\",\"itemListElement\":[{\"@type\":\"ListItem\",\"@id\":\"https:\\\/\\\/www.eldigitaldeasturias.com\\\/noticias#listItem\",\"position\":1,\"name\":\"Home\",\"item\":\"https:\\\/\\\/www.eldigitaldeasturias.com\\\/noticias\",\"nextItem\":{\"@type\":\"ListItem\",\"@id\":\"https:\\\/\\\/www.eldigitaldeasturias.com\\\/noticias\\\/category\\\/actualidad\\\/#listItem\",\"name\":\"Actualidad\"}},{\"@type\":\"ListItem\",\"@id\":\"https:\\\/\\\/www.eldigitaldeasturias.com\\\/noticias\\\/category\\\/actualidad\\\/#listItem\",\"position\":2,\"name\":\"Actualidad\",\"item\":\"https:\\\/\\\/www.eldigitaldeasturias.com\\\/noticias\\\/category\\\/actualidad\\\/\",\"nextItem\":{\"@type\":\"ListItem\",\"@id\":\"https:\\\/\\\/www.eldigitaldeasturias.com\\\/noticias\\\/lasquetty-dice-que-ha-presentado-su-dimision-porque-fue-el-quien-propuso-el-proyecto-sanitario\\\/#listItem\",\"name\":\"Lasquetty dice que ha presentado su dimisi\\u00f3n porque fue \\u00e9l quien propuso el proyecto sanitario\"},\"previousItem\":{\"@type\":\"ListItem\",\"@id\":\"https:\\\/\\\/www.eldigitaldeasturias.com\\\/noticias#listItem\",\"name\":\"Home\"}},{\"@type\":\"ListItem\",\"@id\":\"https:\\\/\\\/www.eldigitaldeasturias.com\\\/noticias\\\/lasquetty-dice-que-ha-presentado-su-dimision-porque-fue-el-quien-propuso-el-proyecto-sanitario\\\/#listItem\",\"position\":3,\"name\":\"Lasquetty dice que ha presentado su dimisi\\u00f3n porque fue \\u00e9l quien propuso el proyecto sanitario\",\"previousItem\":{\"@type\":\"ListItem\",\"@id\":\"https:\\\/\\\/www.eldigitaldeasturias.com\\\/noticias\\\/category\\\/actualidad\\\/#listItem\",\"name\":\"Actualidad\"}}]},{\"@type\":\"Organization\",\"@id\":\"https:\\\/\\\/www.eldigitaldeasturias.com\\\/noticias\\\/#organization\",\"name\":\"El Digital de Asturias\",\"description\":\"Hemeroteca\",\"url\":\"https:\\\/\\\/www.eldigitaldeasturias.com\\\/noticias\\\/\",\"email\":\"info@eldigitaldeasturias.com\",\"telephone\":\"+34652131393\",\"logo\":{\"@type\":\"ImageObject\",\"url\":\"https:\\\/\\\/www.eldigitaldeasturias.com\\\/noticias\\\/wp-content\\\/uploads\\\/2020\\\/12\\\/EDA.jpg\",\"@id\":\"https:\\\/\\\/www.eldigitaldeasturias.com\\\/noticias\\\/lasquetty-dice-que-ha-presentado-su-dimision-porque-fue-el-quien-propuso-el-proyecto-sanitario\\\/#organizationLogo\"},\"image\":{\"@id\":\"https:\\\/\\\/www.eldigitaldeasturias.com\\\/noticias\\\/lasquetty-dice-que-ha-presentado-su-dimision-porque-fue-el-quien-propuso-el-proyecto-sanitario\\\/#organizationLogo\"},\"sameAs\":[\"https:\\\/\\\/facebook.com\\\/eldigitaldeasturias\",\"https:\\\/\\\/www.youtube.com\\\/channel\\\/UCZP-2wLEB9Rv6erhFmqVnvg\"],\"address\":{\"@id\":\"https:\\\/\\\/www.eldigitaldeasturias.com\\\/noticias\\\/#postaladdress\",\"@type\":\"PostalAddress\",\"streetAddress\":\"san antonio 4\",\"postalCode\":\"33430\",\"addressLocality\":\"Cand\\u00e1s\",\"addressRegion\":\"Asturias\",\"addressCountry\":\"ES\"}},{\"@type\":\"Person\",\"@id\":\"https:\\\/\\\/www.eldigitaldeasturias.com\\\/noticias\\\/author\\\/admin\\\/#author\",\"url\":\"https:\\\/\\\/www.eldigitaldeasturias.com\\\/noticias\\\/author\\\/admin\\\/\",\"name\":\"El Digital de Asturias\",\"image\":{\"@type\":\"ImageObject\",\"@id\":\"https:\\\/\\\/www.eldigitaldeasturias.com\\\/noticias\\\/lasquetty-dice-que-ha-presentado-su-dimision-porque-fue-el-quien-propuso-el-proyecto-sanitario\\\/#authorImage\",\"url\":\"https:\\\/\\\/secure.gravatar.com\\\/avatar\\\/df2aeffc32bcd13f8d26072ef8a91b623d677766deac7f97ca815868cd41bf5e?s=96&d=mm&r=g\",\"width\":96,\"height\":96,\"caption\":\"El Digital de Asturias\"}},{\"@type\":\"WebPage\",\"@id\":\"https:\\\/\\\/www.eldigitaldeasturias.com\\\/noticias\\\/lasquetty-dice-que-ha-presentado-su-dimision-porque-fue-el-quien-propuso-el-proyecto-sanitario\\\/#webpage\",\"url\":\"https:\\\/\\\/www.eldigitaldeasturias.com\\\/noticias\\\/lasquetty-dice-que-ha-presentado-su-dimision-porque-fue-el-quien-propuso-el-proyecto-sanitario\\\/\",\"name\":\"Lasquetty dice que ha presentado su dimisi\\u00f3n porque fue \\u00e9l quien propuso el proyecto sanitario - El Digital de Asturias\",\"description\":\"Madrid, 27 ene (EFE).- El hasta hoy consejero de Sanidad de la Comunidad de Madrid, Javier Fern\\u00e1ndez-Lasquetty, ha dicho que su decisi\\u00f3n de dimitir del cargo obedece a su sentido de la responsabilidad y a que fue \\u00e9l quien propuso y puso en marcha el proyecto de externalizaci\\u00f3n de la gesti\\u00f3n de los seis hospitales.\",\"inLanguage\":\"es-ES\",\"isPartOf\":{\"@id\":\"https:\\\/\\\/www.eldigitaldeasturias.com\\\/noticias\\\/#website\"},\"breadcrumb\":{\"@id\":\"https:\\\/\\\/www.eldigitaldeasturias.com\\\/noticias\\\/lasquetty-dice-que-ha-presentado-su-dimision-porque-fue-el-quien-propuso-el-proyecto-sanitario\\\/#breadcrumblist\"},\"author\":{\"@id\":\"https:\\\/\\\/www.eldigitaldeasturias.com\\\/noticias\\\/author\\\/admin\\\/#author\"},\"creator\":{\"@id\":\"https:\\\/\\\/www.eldigitaldeasturias.com\\\/noticias\\\/author\\\/admin\\\/#author\"},\"image\":{\"@type\":\"ImageObject\",\"url\":\"https:\\\/\\\/www.eldigitaldeasturias.com\\\/noticias\\\/wp-content\\\/uploads\\\/2026\\\/06\\\/Contenidos.jpg\",\"@id\":\"https:\\\/\\\/www.eldigitaldeasturias.com\\\/noticias\\\/lasquetty-dice-que-ha-presentado-su-dimision-porque-fue-el-quien-propuso-el-proyecto-sanitario\\\/#mainImage\",\"width\":1265,\"height\":697,\"caption\":\"Contenidos\"},\"primaryImageOfPage\":{\"@id\":\"https:\\\/\\\/www.eldigitaldeasturias.com\\\/noticias\\\/lasquetty-dice-que-ha-presentado-su-dimision-porque-fue-el-quien-propuso-el-proyecto-sanitario\\\/#mainImage\"},\"datePublished\":\"2014-01-29T00:38:49+01:00\",\"dateModified\":\"2014-01-29T00:38:49+01:00\"},{\"@type\":\"WebSite\",\"@id\":\"https:\\\/\\\/www.eldigitaldeasturias.com\\\/noticias\\\/#website\",\"url\":\"https:\\\/\\\/www.eldigitaldeasturias.com\\\/noticias\\\/\",\"name\":\"El Digital de Asturias - Diario de actualidad y noticias\",\"alternateName\":\"El Digital de Asturias - Diario de actualidad y noticias\",\"description\":\"Hemeroteca\",\"inLanguage\":\"es-ES\",\"publisher\":{\"@id\":\"https:\\\/\\\/www.eldigitaldeasturias.com\\\/noticias\\\/#organization\"}}]}\n\t\t<\/script>\n\t\t<!-- All in One SEO Pro -->\r\n\t\t<title>Lasquetty dice que ha presentado su dimisi\u00f3n porque fue \u00e9l quien propuso el proyecto sanitario - El Digital de Asturias<\/title>\n\n","aioseo_head_json":{"title":"Lasquetty dice que ha presentado su dimisi\u00f3n porque fue \u00e9l quien propuso el proyecto sanitario - El Digital de Asturias","description":"Madrid, 27 ene (EFE).- El hasta hoy consejero de Sanidad de la Comunidad de Madrid, Javier Fern\u00e1ndez-Lasquetty, ha dicho que su decisi\u00f3n de dimitir del cargo obedece a su sentido de la responsabilidad y a que fue \u00e9l quien propuso y puso en marcha el proyecto de externalizaci\u00f3n de la gesti\u00f3n de los seis hospitales.","canonical_url":"https:\/\/www.eldigitaldeasturias.com\/noticias\/lasquetty-dice-que-ha-presentado-su-dimision-porque-fue-el-quien-propuso-el-proyecto-sanitario\/","robots":"max-image-preview:large","keywords":"actualidad","webmasterTools":{"google-site-verification":"UA-38556648-1","msvalidate.01":"7dfe9f3f1b24437ab69f4f2559babe99","miscellaneous":""},"schema":{"@context":"https:\/\/schema.org","@graph":[{"@type":"BlogPosting","@id":"https:\/\/www.eldigitaldeasturias.com\/noticias\/lasquetty-dice-que-ha-presentado-su-dimision-porque-fue-el-quien-propuso-el-proyecto-sanitario\/#blogposting","name":"Lasquetty dice que ha presentado su dimisi\u00f3n porque fue \u00e9l quien propuso el proyecto sanitario - El Digital de Asturias","headline":"Lasquetty dice que ha presentado su dimisi\u00f3n porque fue \u00e9l quien propuso el proyecto sanitario","author":{"@id":"https:\/\/www.eldigitaldeasturias.com\/noticias\/author\/admin\/#author"},"publisher":{"@id":"https:\/\/www.eldigitaldeasturias.com\/noticias\/#organization"},"image":{"@type":"ImageObject","url":"https:\/\/www.eldigitaldeasturias.com\/noticias\/wp-content\/uploads\/2026\/06\/Contenidos.jpg","width":1265,"height":697,"caption":"Contenidos"},"datePublished":"2014-01-29T00:38:49+01:00","dateModified":"2014-01-29T00:38:49+01:00","inLanguage":"es-ES","mainEntityOfPage":{"@id":"https:\/\/www.eldigitaldeasturias.com\/noticias\/lasquetty-dice-que-ha-presentado-su-dimision-porque-fue-el-quien-propuso-el-proyecto-sanitario\/#webpage"},"isPartOf":{"@id":"https:\/\/www.eldigitaldeasturias.com\/noticias\/lasquetty-dice-que-ha-presentado-su-dimision-porque-fue-el-quien-propuso-el-proyecto-sanitario\/#webpage"},"articleSection":"Actualidad"},{"@type":"BreadcrumbList","@id":"https:\/\/www.eldigitaldeasturias.com\/noticias\/lasquetty-dice-que-ha-presentado-su-dimision-porque-fue-el-quien-propuso-el-proyecto-sanitario\/#breadcrumblist","itemListElement":[{"@type":"ListItem","@id":"https:\/\/www.eldigitaldeasturias.com\/noticias#listItem","position":1,"name":"Home","item":"https:\/\/www.eldigitaldeasturias.com\/noticias","nextItem":{"@type":"ListItem","@id":"https:\/\/www.eldigitaldeasturias.com\/noticias\/category\/actualidad\/#listItem","name":"Actualidad"}},{"@type":"ListItem","@id":"https:\/\/www.eldigitaldeasturias.com\/noticias\/category\/actualidad\/#listItem","position":2,"name":"Actualidad","item":"https:\/\/www.eldigitaldeasturias.com\/noticias\/category\/actualidad\/","nextItem":{"@type":"ListItem","@id":"https:\/\/www.eldigitaldeasturias.com\/noticias\/lasquetty-dice-que-ha-presentado-su-dimision-porque-fue-el-quien-propuso-el-proyecto-sanitario\/#listItem","name":"Lasquetty dice que ha presentado su dimisi\u00f3n porque fue \u00e9l quien propuso el proyecto sanitario"},"previousItem":{"@type":"ListItem","@id":"https:\/\/www.eldigitaldeasturias.com\/noticias#listItem","name":"Home"}},{"@type":"ListItem","@id":"https:\/\/www.eldigitaldeasturias.com\/noticias\/lasquetty-dice-que-ha-presentado-su-dimision-porque-fue-el-quien-propuso-el-proyecto-sanitario\/#listItem","position":3,"name":"Lasquetty dice que ha presentado su dimisi\u00f3n porque fue \u00e9l quien propuso el proyecto sanitario","previousItem":{"@type":"ListItem","@id":"https:\/\/www.eldigitaldeasturias.com\/noticias\/category\/actualidad\/#listItem","name":"Actualidad"}}]},{"@type":"Organization","@id":"https:\/\/www.eldigitaldeasturias.com\/noticias\/#organization","name":"El Digital de Asturias","description":"Hemeroteca","url":"https:\/\/www.eldigitaldeasturias.com\/noticias\/","email":"info@eldigitaldeasturias.com","telephone":"+34652131393","logo":{"@type":"ImageObject","url":"https:\/\/www.eldigitaldeasturias.com\/noticias\/wp-content\/uploads\/2020\/12\/EDA.jpg","@id":"https:\/\/www.eldigitaldeasturias.com\/noticias\/lasquetty-dice-que-ha-presentado-su-dimision-porque-fue-el-quien-propuso-el-proyecto-sanitario\/#organizationLogo"},"image":{"@id":"https:\/\/www.eldigitaldeasturias.com\/noticias\/lasquetty-dice-que-ha-presentado-su-dimision-porque-fue-el-quien-propuso-el-proyecto-sanitario\/#organizationLogo"},"sameAs":["https:\/\/facebook.com\/eldigitaldeasturias","https:\/\/www.youtube.com\/channel\/UCZP-2wLEB9Rv6erhFmqVnvg"],"address":{"@id":"https:\/\/www.eldigitaldeasturias.com\/noticias\/#postaladdress","@type":"PostalAddress","streetAddress":"san antonio 4","postalCode":"33430","addressLocality":"Cand\u00e1s","addressRegion":"Asturias","addressCountry":"ES"}},{"@type":"Person","@id":"https:\/\/www.eldigitaldeasturias.com\/noticias\/author\/admin\/#author","url":"https:\/\/www.eldigitaldeasturias.com\/noticias\/author\/admin\/","name":"El Digital de Asturias","image":{"@type":"ImageObject","@id":"https:\/\/www.eldigitaldeasturias.com\/noticias\/lasquetty-dice-que-ha-presentado-su-dimision-porque-fue-el-quien-propuso-el-proyecto-sanitario\/#authorImage","url":"https:\/\/secure.gravatar.com\/avatar\/df2aeffc32bcd13f8d26072ef8a91b623d677766deac7f97ca815868cd41bf5e?s=96&d=mm&r=g","width":96,"height":96,"caption":"El Digital de Asturias"}},{"@type":"WebPage","@id":"https:\/\/www.eldigitaldeasturias.com\/noticias\/lasquetty-dice-que-ha-presentado-su-dimision-porque-fue-el-quien-propuso-el-proyecto-sanitario\/#webpage","url":"https:\/\/www.eldigitaldeasturias.com\/noticias\/lasquetty-dice-que-ha-presentado-su-dimision-porque-fue-el-quien-propuso-el-proyecto-sanitario\/","name":"Lasquetty dice que ha presentado su dimisi\u00f3n porque fue \u00e9l quien propuso el proyecto sanitario - El Digital de Asturias","description":"Madrid, 27 ene (EFE).- El hasta hoy consejero de Sanidad de la Comunidad de Madrid, Javier Fern\u00e1ndez-Lasquetty, ha dicho que su decisi\u00f3n de dimitir del cargo obedece a su sentido de la responsabilidad y a que fue \u00e9l quien propuso y puso en marcha el proyecto de externalizaci\u00f3n de la gesti\u00f3n de los seis hospitales.","inLanguage":"es-ES","isPartOf":{"@id":"https:\/\/www.eldigitaldeasturias.com\/noticias\/#website"},"breadcrumb":{"@id":"https:\/\/www.eldigitaldeasturias.com\/noticias\/lasquetty-dice-que-ha-presentado-su-dimision-porque-fue-el-quien-propuso-el-proyecto-sanitario\/#breadcrumblist"},"author":{"@id":"https:\/\/www.eldigitaldeasturias.com\/noticias\/author\/admin\/#author"},"creator":{"@id":"https:\/\/www.eldigitaldeasturias.com\/noticias\/author\/admin\/#author"},"image":{"@type":"ImageObject","url":"https:\/\/www.eldigitaldeasturias.com\/noticias\/wp-content\/uploads\/2026\/06\/Contenidos.jpg","@id":"https:\/\/www.eldigitaldeasturias.com\/noticias\/lasquetty-dice-que-ha-presentado-su-dimision-porque-fue-el-quien-propuso-el-proyecto-sanitario\/#mainImage","width":1265,"height":697,"caption":"Contenidos"},"primaryImageOfPage":{"@id":"https:\/\/www.eldigitaldeasturias.com\/noticias\/lasquetty-dice-que-ha-presentado-su-dimision-porque-fue-el-quien-propuso-el-proyecto-sanitario\/#mainImage"},"datePublished":"2014-01-29T00:38:49+01:00","dateModified":"2014-01-29T00:38:49+01:00"},{"@type":"WebSite","@id":"https:\/\/www.eldigitaldeasturias.com\/noticias\/#website","url":"https:\/\/www.eldigitaldeasturias.com\/noticias\/","name":"El Digital de Asturias - Diario de actualidad y noticias","alternateName":"El Digital de Asturias - Diario de actualidad y noticias","description":"Hemeroteca","inLanguage":"es-ES","publisher":{"@id":"https:\/\/www.eldigitaldeasturias.com\/noticias\/#organization"}}]},"og:locale":"es_ES","og:site_name":"El Digital de Asturias","og:type":"article","og:title":"Lasquetty dice que ha presentado su dimisi\u00f3n porque fue \u00e9l quien propuso el proyecto sanitario - El Digital de Asturias","og:description":"Madrid, 27 ene (EFE).- El hasta hoy consejero de Sanidad de la Comunidad de Madrid, Javier Fern\u00e1ndez-Lasquetty, ha dicho que su decisi\u00f3n de dimitir del cargo obedece a su sentido de la responsabilidad y a que fue \u00e9l quien propuso y puso en marcha el proyecto de externalizaci\u00f3n de la gesti\u00f3n de los seis hospitales.","og:url":"https:\/\/www.eldigitaldeasturias.com\/noticias\/lasquetty-dice-que-ha-presentado-su-dimision-porque-fue-el-quien-propuso-el-proyecto-sanitario\/","og:image":"https:\/\/www.eldigitaldeasturias.com\/noticias\/wp-content\/uploads\/2026\/06\/Contenidos.jpg","og:image:secure_url":"https:\/\/www.eldigitaldeasturias.com\/noticias\/wp-content\/uploads\/2026\/06\/Contenidos.jpg","og:image:width":1265,"og:image:height":697,"article:tag":["actualidad"],"article:published_time":"2014-01-29T01:38:49+00:00","article:modified_time":"2014-01-29T01:38:49+00:00","article:publisher":"https:\/\/facebook.com\/eldigitaldeasturias","twitter:card":"summary_large_image","twitter:title":"Lasquetty dice que ha presentado su dimisi\u00f3n porque fue \u00e9l quien propuso el proyecto sanitario - El Digital de Asturias","twitter:description":"Madrid, 27 ene (EFE).- El hasta hoy consejero de Sanidad de la Comunidad de Madrid, Javier Fern\u00e1ndez-Lasquetty, ha dicho que su decisi\u00f3n de dimitir del cargo obedece a su sentido de la responsabilidad y a que fue \u00e9l quien propuso y puso en marcha el proyecto de externalizaci\u00f3n de la gesti\u00f3n de los seis hospitales.","twitter:image":"https:\/\/www.eldigitaldeasturias.com\/noticias\/wp-content\/uploads\/2026\/06\/Contenidos.jpg","twitter:label1":"Escrito por","twitter:data1":"El Digital de Asturias","twitter:label2":"Tiempo de lectura estimado","twitter:data2":"1 minuto"},"aioseo_meta_data":{"post_id":"479800","title":null,"description":null,"keywords":null,"keyphrases":null,"primary_term":null,"canonical_url":null,"og_title":null,"og_description":null,"og_object_type":"default","og_image_type":"default","og_image_url":null,"og_image_width":null,"og_image_height":null,"og_image_custom_url":null,"og_image_custom_fields":null,"og_video":null,"og_custom_url":null,"og_article_section":null,"og_article_tags":null,"twitter_use_og":true,"twitter_card":"default","twitter_image_type":"default","twitter_image_url":null,"twitter_image_custom_url":null,"twitter_image_custom_fields":null,"twitter_title":null,"twitter_description":null,"schema":{"blockGraphs":[],"customGraphs":[],"default":{"data":{"Article":[],"Course":[],"Dataset":[],"FAQPage":[],"Movie":[],"Person":[],"Product":[],"ProductReview":[],"Car":[],"Recipe":[],"Service":[],"SoftwareApplication":[],"WebPage":[]},"graphName":"","isEnabled":true},"graphs":[],"defaultGraph":"","defaultPostTypeGraph":""},"schema_type":null,"schema_type_options":null,"pillar_content":false,"robots_default":true,"robots_noindex":false,"robots_noarchive":false,"robots_nosnippet":false,"robots_nofollow":false,"robots_noimageindex":false,"robots_noodp":false,"robots_notranslate":false,"robots_max_snippet":null,"robots_max_videopreview":null,"robots_max_imagepreview":"none","priority":null,"frequency":null,"local_seo":null,"seo_analyzer_scan_date":"2026-06-02 01:38:50","breadcrumb_settings":null,"limit_modified_date":false,"open_ai":null,"ai":null,"created":"2020-11-14 22:54:06","updated":"2026-06-02 01:38:50","focus_keyword":null,"additional_keywords":null,"truseo_locale":null},"aioseo_breadcrumb":"<div class=\"aioseo-breadcrumbs\"><span class=\"aioseo-breadcrumb\">\n\t<a href=\"https:\/\/www.eldigitaldeasturias.com\/noticias\" title=\"Home\">Home<\/a>\n<\/span><span class=\"aioseo-breadcrumb-separator\">\u2013<\/span><span class=\"aioseo-breadcrumb\">\n\t<a href=\"https:\/\/www.eldigitaldeasturias.com\/noticias\/category\/actualidad\/\" title=\"Actualidad\">Actualidad<\/a>\n<\/span><span class=\"aioseo-breadcrumb-separator\">\u2013<\/span><span class=\"aioseo-breadcrumb\">\n\t<a href=\"https:\/\/www.eldigitaldeasturias.com\/noticias\/lasquetty-dice-que-ha-presentado-su-dimision-porque-fue-el-quien-propuso-el-proyecto-sanitario\/\" title=\"Lasquetty dice que ha presentado su dimisi\u00f3n porque fue \u00e9l quien propuso el proyecto sanitario\">Lasquetty dice que ha presentado su dimisi\u00f3n porque fue \u00e9l quien propuso el proyecto sanitario<\/a>\n<\/span><\/div>","aioseo_breadcrumb_json":[{"label":"Home","link":"https:\/\/www.eldigitaldeasturias.com\/noticias"},{"label":"Actualidad","link":"https:\/\/www.eldigitaldeasturias.com\/noticias\/category\/actualidad\/"},{"label":"Lasquetty dice que ha presentado su dimisi\u00f3n porque fue \u00e9l quien propuso el proyecto sanitario","link":"https:\/\/www.eldigitaldeasturias.com\/noticias\/lasquetty-dice-que-ha-presentado-su-dimision-porque-fue-el-quien-propuso-el-proyecto-sanitario\/"}],"_links":{"self":[{"href":"https:\/\/www.eldigitaldeasturias.com\/noticias\/wp-json\/wp\/v2\/posts\/479800","targetHints":{"allow":["GET"]}}],"collection":[{"href":"https:\/\/www.eldigitaldeasturias.com\/noticias\/wp-json\/wp\/v2\/posts"}],"about":[{"href":"https:\/\/www.eldigitaldeasturias.com\/noticias\/wp-json\/wp\/v2\/types\/post"}],"author":[{"embeddable":true,"href":"https:\/\/www.eldigitaldeasturias.com\/noticias\/wp-json\/wp\/v2\/users\/1"}],"replies":[{"embeddable":true,"href":"https:\/\/www.eldigitaldeasturias.com\/noticias\/wp-json\/wp\/v2\/comments?post=479800"}],"version-history":[{"count":0,"href":"https:\/\/www.eldigitaldeasturias.com\/noticias\/wp-json\/wp\/v2\/posts\/479800\/revisions"}],"wp:featuredmedia":[{"embeddable":true,"href":"https:\/\/www.eldigitaldeasturias.com\/noticias\/wp-json\/wp\/v2\/media\/1132184"}],"wp:attachment":[{"href":"https:\/\/www.eldigitaldeasturias.com\/noticias\/wp-json\/wp\/v2\/media?parent=479800"}],"wp:term":[{"taxonomy":"category","embeddable":true,"href":"https:\/\/www.eldigitaldeasturias.com\/noticias\/wp-json\/wp\/v2\/categories?post=479800"},{"taxonomy":"post_tag","embeddable":true,"href":"https:\/\/www.eldigitaldeasturias.com\/noticias\/wp-json\/wp\/v2\/tags?post=479800"}],"curies":[{"name":"wp","href":"https:\/\/api.w.org\/{rel}","templated":true}]}}