{"id":479794,"date":"2014-01-29T00:35:08","date_gmt":"2014-01-29T01:35:08","guid":{"rendered":"http:\/\/www.eldigitaldeasturias.com\/noticias\/?p=479794"},"modified":"2014-01-29T00:35:08","modified_gmt":"2014-01-29T01:35:08","slug":"gonzalez-dice-que-no-habra-mas-recortes-en-sanidad-aunque-se-ajustaran-gastos","status":"publish","type":"post","link":"https:\/\/www.eldigitaldeasturias.com\/noticias\/gonzalez-dice-que-no-habra-mas-recortes-en-sanidad-aunque-se-ajustaran-gastos\/","title":{"rendered":"Gonz\u00e1lez dice que no habr\u00e1 m\u00e1s recortes en Sanidad aunque se ajustar\u00e1n gastos"},"content":{"rendered":"<p><img loading=\"lazy\" decoding=\"async\" class=\"alignleft size-medium wp-image-479795\" alt=\"5881099w\" src=\"https:\/\/www.eldigitaldeasturias.com\/noticias\/wp-content\/uploads\/2014\/01\/5881099w-360x240.jpg\" width=\"360\" height=\"240\" \/>Madrid, 27 ene (EFE).- El presidente de la Comunidad de Madrid, Ignacio Gonz\u00e1lez, ha anunciado hoy que no habr\u00e1 m\u00e1s recortes en la Sanidad madrile\u00f1a, derivados de su decisi\u00f3n de dejar sin efecto el proceso de externalizaci\u00f3n, aunque se \u00abseguir\u00e1 ajustando gastos\u00bb.<\/p>\n<p>Gonz\u00e1lez ha hecho esta declaraci\u00f3n tras anunciar que ha aceptado la dimisi\u00f3n del consejero de Sanidad, Javier Fern\u00e1ndez-Lasquetty, que este ha presentado despu\u00e9s de conocerse que el Tribunal Superior de Justicia de Madrid mantiene la suspensi\u00f3n cautelar del proceso de externalizaci\u00f3n de seis hospitales p\u00fablicos madrile\u00f1os.<\/p>\n<p>El titular del Ejecutivo regional ha sostenido que la decisi\u00f3n de dejar sin efecto el concurso no va a suponer ning\u00fan recorte adicional, aunque s\u00ed obliga a su Gobierno a seguir ajustando el gasto.<\/p>\n<p>Por ello, ha recalcado que la Comunidad de Madrid seguir\u00e1 introduciendo medidas de eficiencia y eficacia en el gasto y profundizar\u00e1 en todas las medidas que ya han permitido ahorro sanitario para cumplir con el objetivo de d\u00e9ficit.<\/p>\n<p>Gonz\u00e1lez ha recordado que los tribunales no se han pronunciado sobre el fondo de un modelo de gesti\u00f3n ya en marcha en cuatro hospitales de Madrid y que, tras diferentes fallos judiciales, ha considerado que lo razonable era dejar sin efecto el proceso ante la \u00abincertidumbre\u00bb que se hab\u00eda generado.<\/p>\n<p>Ha defendido en varias ocasiones que esa situaci\u00f3n de incertidumbre no se puede mantener por m\u00e1s tiempo y ha puntualizado que, no obstante, sigue pensando que el modelo de la externalizaci\u00f3n hospitalaria es \u00ablegal\u00bb y \u00abposible\u00bb, est\u00e1 contemplado por ley y lo aplican todas las administraciones p\u00fablicas.<\/p>\n<p>Igualmente, ha considerado que esta decisi\u00f3n no supone un \u00abfracaso\u00bb del plan, puesto que ha servido para \u00abconcienciar a toda la sociedad de la necesidad de hacer cada vez una gesti\u00f3n m\u00e1s eficiente\u00bb de los recursos p\u00fablicos y del trabajo conjunto en la reducci\u00f3n del gasto \u00absin afectar\u00bb a los servicios \u00abesenciales\u00bb.<\/p>\n<p>Tras preguntas sobre el posible pago de indemnizaciones a las tres empresas que resultaron adjudicatarias en el concurso en el pasado mes de agosto, Gonz\u00e1lez ha indicado que todos los terceros afectados \u00abl\u00f3gicamente\u00bb tendr\u00e1n que acatar la decisi\u00f3n judicial.<\/p>\n<p>El presidente de la Comunidad de Madrid ha valorado el ahorro sanitario conseguido el pasado a\u00f1o a trav\u00e9s de las diferentes medidas aprobadas a finales de 2012, que en un a\u00f1o de \u00abenormes dificultades\u00bb, ha proseguido, ha permitido mantener servicios imprescindibles y garantizando la sostenibilidad del sistema.<\/p>\n<p>\u00abTodas las partes tendr\u00e1n que acatar y cumplir esa sentencia, que supone en estos momentos dejar en suspendo todo el proceso\u00bb, ha a\u00f1adido Gonz\u00e1lez, que ha insistido en que los fallos judiciales \u00abobligan a todos\u00bb.<\/p>\n<p>El titular del Gobierno de la Comunidad de Madrid ha se\u00f1alado que la privatizaci\u00f3n de la gesti\u00f3n de seis hospitales no era una medida \u00abideol\u00f3gica\u00bb, sino de gesti\u00f3n, con el objetivo de hacer sostenible un sistema sanitario p\u00fablico, universal y gratuito.<\/p>\n<p>Tras cuestiones sobre la posibilidad de que el futuro programa electoral del PP de cara a las elecciones de 2015 incluya la externalizaci\u00f3n sanitaria, ha indicado que esta hip\u00f3tesis se ver\u00e1 \u00abcuando llegue el momento de los programas electorales\u00bb.<\/p>\n<p>Ha asegurado que su gobierno ha respetado y respeta los fallos judiciales y que ha sido en todo momento \u00abcoherente\u00bb.<\/p>\n<p>Ignacio Gonz\u00e1lez ha defendido que la decisi\u00f3n de renunciar al desarrollo del plan no afecta a su proyecto pol\u00edtico, que seg\u00fan ha destacado \u00abva a seguir con toda la fuerza de estos a\u00f1os\u00bb.<\/p>\n<p>\u00abMi proyecto pol\u00edtico, que no es otro que el del PP, es seguir salvaguardando los excelentes servicios p\u00fablicos de los madrile\u00f1os\u00bb, ha apostillado.<\/p>\n","protected":false},"excerpt":{"rendered":"<p>Madrid, 27 ene (EFE).- El presidente de la Comunidad de Madrid, Ignacio Gonz\u00e1lez, ha anunciado hoy que no habr\u00e1 m\u00e1s recortes en la Sanidad madrile\u00f1a, derivados de su decisi\u00f3n de dejar sin efecto el proceso de externalizaci\u00f3n, aunque se \u00abseguir\u00e1 ajustando gastos\u00bb. Gonz\u00e1lez ha hecho esta declaraci\u00f3n tras anunciar que ha aceptado la dimisi\u00f3n del [&hellip;]<\/p>\n","protected":false},"author":1,"featured_media":1132184,"comment_status":"closed","ping_status":"open","sticky":false,"template":"","format":"standard","meta":{"footnotes":""},"categories":[1],"tags":[],"class_list":["post-479794","post","type-post","status-publish","format-standard","has-post-thumbnail","hentry","category-actualidad"],"aioseo_notices":[],"aioseo_head":"\n\t\t<!-- All in One SEO Pro 5.0.1 - aioseo.com -->\n\t<meta name=\"description\" content=\"Madrid, 27 ene (EFE).- El presidente de la Comunidad de Madrid, Ignacio Gonz\u00e1lez, ha anunciado hoy que no habr\u00e1 m\u00e1s recortes en la Sanidad madrile\u00f1a, derivados de su decisi\u00f3n de dejar sin efecto el proceso de externalizaci\u00f3n, aunque se &quot;seguir\u00e1 ajustando gastos&quot;. Gonz\u00e1lez ha hecho esta declaraci\u00f3n tras anunciar que ha aceptado la dimisi\u00f3n del\" \/>\n\t<meta name=\"robots\" content=\"max-image-preview:large\" \/>\n\t<meta name=\"author\" content=\"El Digital de Asturias\"\/>\n\t<meta name=\"google-site-verification\" content=\"UA-38556648-1\" \/>\n\t<meta name=\"msvalidate.01\" content=\"7dfe9f3f1b24437ab69f4f2559babe99\" \/>\n\t<meta name=\"keywords\" content=\"actualidad\" \/>\n\t<link rel=\"canonical\" href=\"https:\/\/www.eldigitaldeasturias.com\/noticias\/gonzalez-dice-que-no-habra-mas-recortes-en-sanidad-aunque-se-ajustaran-gastos\/\" \/>\n\t<meta name=\"generator\" content=\"All in One SEO Pro (AIOSEO) 5.0.1\" \/>\n\t\t<meta property=\"og:locale\" content=\"es_ES\" \/>\n\t\t<meta property=\"og:site_name\" content=\"El Digital de Asturias\" \/>\n\t\t<meta property=\"og:type\" content=\"article\" \/>\n\t\t<meta property=\"og:title\" content=\"Gonz\u00e1lez dice que no habr\u00e1 m\u00e1s recortes en Sanidad aunque se ajustar\u00e1n gastos - El Digital de Asturias\" \/>\n\t\t<meta property=\"og:description\" content=\"Madrid, 27 ene (EFE).- El presidente de la Comunidad de Madrid, Ignacio Gonz\u00e1lez, ha anunciado hoy que no habr\u00e1 m\u00e1s recortes en la Sanidad madrile\u00f1a, derivados de su decisi\u00f3n de dejar sin efecto el proceso de externalizaci\u00f3n, aunque se &quot;seguir\u00e1 ajustando gastos&quot;. Gonz\u00e1lez ha hecho esta declaraci\u00f3n tras anunciar que ha aceptado la dimisi\u00f3n del\" \/>\n\t\t<meta property=\"og:url\" content=\"https:\/\/www.eldigitaldeasturias.com\/noticias\/gonzalez-dice-que-no-habra-mas-recortes-en-sanidad-aunque-se-ajustaran-gastos\/\" \/>\n\t\t<meta property=\"og:image\" content=\"https:\/\/www.eldigitaldeasturias.com\/noticias\/wp-content\/uploads\/2026\/06\/Contenidos.jpg\" \/>\n\t\t<meta property=\"og:image:secure_url\" content=\"https:\/\/www.eldigitaldeasturias.com\/noticias\/wp-content\/uploads\/2026\/06\/Contenidos.jpg\" \/>\n\t\t<meta property=\"og:image:width\" content=\"1265\" \/>\n\t\t<meta property=\"og:image:height\" content=\"697\" \/>\n\t\t<meta property=\"article:tag\" content=\"actualidad\" \/>\n\t\t<meta property=\"article:published_time\" content=\"2014-01-29T01:35:08+00:00\" \/>\n\t\t<meta property=\"article:modified_time\" content=\"2014-01-29T01:35:08+00:00\" \/>\n\t\t<meta property=\"article:publisher\" content=\"https:\/\/facebook.com\/eldigitaldeasturias\" \/>\n\t\t<meta name=\"twitter:card\" content=\"summary_large_image\" \/>\n\t\t<meta name=\"twitter:title\" content=\"Gonz\u00e1lez dice que no habr\u00e1 m\u00e1s recortes en Sanidad aunque se ajustar\u00e1n gastos - El Digital de Asturias\" \/>\n\t\t<meta name=\"twitter:description\" content=\"Madrid, 27 ene (EFE).- El presidente de la Comunidad de Madrid, Ignacio Gonz\u00e1lez, ha anunciado hoy que no habr\u00e1 m\u00e1s recortes en la Sanidad madrile\u00f1a, derivados de su decisi\u00f3n de dejar sin efecto el proceso de externalizaci\u00f3n, aunque se &quot;seguir\u00e1 ajustando gastos&quot;. Gonz\u00e1lez ha hecho esta declaraci\u00f3n tras anunciar que ha aceptado la dimisi\u00f3n del\" \/>\n\t\t<meta name=\"twitter:image\" content=\"https:\/\/www.eldigitaldeasturias.com\/noticias\/wp-content\/uploads\/2026\/06\/Contenidos.jpg\" \/>\n\t\t<meta name=\"twitter:label1\" content=\"Escrito por\" \/>\n\t\t<meta name=\"twitter:data1\" content=\"El Digital de Asturias\" \/>\n\t\t<meta name=\"twitter:label2\" content=\"Tiempo de lectura estimado\" \/>\n\t\t<meta name=\"twitter:data2\" content=\"3 minutos\" \/>\n\t\t<script type=\"application\/ld+json\" class=\"aioseo-schema\">\n\t\t\t{\"@context\":\"https:\\\/\\\/schema.org\",\"@graph\":[{\"@type\":\"BlogPosting\",\"@id\":\"https:\\\/\\\/www.eldigitaldeasturias.com\\\/noticias\\\/gonzalez-dice-que-no-habra-mas-recortes-en-sanidad-aunque-se-ajustaran-gastos\\\/#blogposting\",\"name\":\"Gonz\\u00e1lez dice que no habr\\u00e1 m\\u00e1s recortes en Sanidad aunque se ajustar\\u00e1n gastos - El Digital de Asturias\",\"headline\":\"Gonz\\u00e1lez dice que no habr\\u00e1 m\\u00e1s recortes en Sanidad aunque se ajustar\\u00e1n gastos\",\"author\":{\"@id\":\"https:\\\/\\\/www.eldigitaldeasturias.com\\\/noticias\\\/author\\\/admin\\\/#author\"},\"publisher\":{\"@id\":\"https:\\\/\\\/www.eldigitaldeasturias.com\\\/noticias\\\/#organization\"},\"image\":{\"@type\":\"ImageObject\",\"url\":\"https:\\\/\\\/www.eldigitaldeasturias.com\\\/noticias\\\/wp-content\\\/uploads\\\/2026\\\/06\\\/Contenidos.jpg\",\"width\":1265,\"height\":697,\"caption\":\"Contenidos\"},\"datePublished\":\"2014-01-29T00:35:08+01:00\",\"dateModified\":\"2014-01-29T00:35:08+01:00\",\"inLanguage\":\"es-ES\",\"mainEntityOfPage\":{\"@id\":\"https:\\\/\\\/www.eldigitaldeasturias.com\\\/noticias\\\/gonzalez-dice-que-no-habra-mas-recortes-en-sanidad-aunque-se-ajustaran-gastos\\\/#webpage\"},\"isPartOf\":{\"@id\":\"https:\\\/\\\/www.eldigitaldeasturias.com\\\/noticias\\\/gonzalez-dice-que-no-habra-mas-recortes-en-sanidad-aunque-se-ajustaran-gastos\\\/#webpage\"},\"articleSection\":\"Actualidad\"},{\"@type\":\"BreadcrumbList\",\"@id\":\"https:\\\/\\\/www.eldigitaldeasturias.com\\\/noticias\\\/gonzalez-dice-que-no-habra-mas-recortes-en-sanidad-aunque-se-ajustaran-gastos\\\/#breadcrumblist\",\"itemListElement\":[{\"@type\":\"ListItem\",\"@id\":\"https:\\\/\\\/www.eldigitaldeasturias.com\\\/noticias#listItem\",\"position\":1,\"name\":\"Home\",\"item\":\"https:\\\/\\\/www.eldigitaldeasturias.com\\\/noticias\",\"nextItem\":{\"@type\":\"ListItem\",\"@id\":\"https:\\\/\\\/www.eldigitaldeasturias.com\\\/noticias\\\/category\\\/actualidad\\\/#listItem\",\"name\":\"Actualidad\"}},{\"@type\":\"ListItem\",\"@id\":\"https:\\\/\\\/www.eldigitaldeasturias.com\\\/noticias\\\/category\\\/actualidad\\\/#listItem\",\"position\":2,\"name\":\"Actualidad\",\"item\":\"https:\\\/\\\/www.eldigitaldeasturias.com\\\/noticias\\\/category\\\/actualidad\\\/\",\"nextItem\":{\"@type\":\"ListItem\",\"@id\":\"https:\\\/\\\/www.eldigitaldeasturias.com\\\/noticias\\\/gonzalez-dice-que-no-habra-mas-recortes-en-sanidad-aunque-se-ajustaran-gastos\\\/#listItem\",\"name\":\"Gonz\\u00e1lez dice que no habr\\u00e1 m\\u00e1s recortes en Sanidad aunque se ajustar\\u00e1n gastos\"},\"previousItem\":{\"@type\":\"ListItem\",\"@id\":\"https:\\\/\\\/www.eldigitaldeasturias.com\\\/noticias#listItem\",\"name\":\"Home\"}},{\"@type\":\"ListItem\",\"@id\":\"https:\\\/\\\/www.eldigitaldeasturias.com\\\/noticias\\\/gonzalez-dice-que-no-habra-mas-recortes-en-sanidad-aunque-se-ajustaran-gastos\\\/#listItem\",\"position\":3,\"name\":\"Gonz\\u00e1lez dice que no habr\\u00e1 m\\u00e1s recortes en Sanidad aunque se ajustar\\u00e1n gastos\",\"previousItem\":{\"@type\":\"ListItem\",\"@id\":\"https:\\\/\\\/www.eldigitaldeasturias.com\\\/noticias\\\/category\\\/actualidad\\\/#listItem\",\"name\":\"Actualidad\"}}]},{\"@type\":\"Organization\",\"@id\":\"https:\\\/\\\/www.eldigitaldeasturias.com\\\/noticias\\\/#organization\",\"name\":\"El Digital de Asturias\",\"description\":\"Hemeroteca\",\"url\":\"https:\\\/\\\/www.eldigitaldeasturias.com\\\/noticias\\\/\",\"email\":\"info@eldigitaldeasturias.com\",\"telephone\":\"+34652131393\",\"logo\":{\"@type\":\"ImageObject\",\"url\":\"https:\\\/\\\/www.eldigitaldeasturias.com\\\/noticias\\\/wp-content\\\/uploads\\\/2020\\\/12\\\/EDA.jpg\",\"@id\":\"https:\\\/\\\/www.eldigitaldeasturias.com\\\/noticias\\\/gonzalez-dice-que-no-habra-mas-recortes-en-sanidad-aunque-se-ajustaran-gastos\\\/#organizationLogo\"},\"image\":{\"@id\":\"https:\\\/\\\/www.eldigitaldeasturias.com\\\/noticias\\\/gonzalez-dice-que-no-habra-mas-recortes-en-sanidad-aunque-se-ajustaran-gastos\\\/#organizationLogo\"},\"sameAs\":[\"https:\\\/\\\/facebook.com\\\/eldigitaldeasturias\",\"https:\\\/\\\/www.youtube.com\\\/channel\\\/UCZP-2wLEB9Rv6erhFmqVnvg\"],\"address\":{\"@id\":\"https:\\\/\\\/www.eldigitaldeasturias.com\\\/noticias\\\/#postaladdress\",\"@type\":\"PostalAddress\",\"streetAddress\":\"san antonio 4\",\"postalCode\":\"33430\",\"addressLocality\":\"Cand\\u00e1s\",\"addressRegion\":\"Asturias\",\"addressCountry\":\"ES\"}},{\"@type\":\"Person\",\"@id\":\"https:\\\/\\\/www.eldigitaldeasturias.com\\\/noticias\\\/author\\\/admin\\\/#author\",\"url\":\"https:\\\/\\\/www.eldigitaldeasturias.com\\\/noticias\\\/author\\\/admin\\\/\",\"name\":\"El Digital de Asturias\",\"image\":{\"@type\":\"ImageObject\",\"@id\":\"https:\\\/\\\/www.eldigitaldeasturias.com\\\/noticias\\\/gonzalez-dice-que-no-habra-mas-recortes-en-sanidad-aunque-se-ajustaran-gastos\\\/#authorImage\",\"url\":\"https:\\\/\\\/secure.gravatar.com\\\/avatar\\\/df2aeffc32bcd13f8d26072ef8a91b623d677766deac7f97ca815868cd41bf5e?s=96&d=mm&r=g\",\"width\":96,\"height\":96,\"caption\":\"El Digital de Asturias\"}},{\"@type\":\"WebPage\",\"@id\":\"https:\\\/\\\/www.eldigitaldeasturias.com\\\/noticias\\\/gonzalez-dice-que-no-habra-mas-recortes-en-sanidad-aunque-se-ajustaran-gastos\\\/#webpage\",\"url\":\"https:\\\/\\\/www.eldigitaldeasturias.com\\\/noticias\\\/gonzalez-dice-que-no-habra-mas-recortes-en-sanidad-aunque-se-ajustaran-gastos\\\/\",\"name\":\"Gonz\\u00e1lez dice que no habr\\u00e1 m\\u00e1s recortes en Sanidad aunque se ajustar\\u00e1n gastos - El Digital de Asturias\",\"description\":\"Madrid, 27 ene (EFE).- El presidente de la Comunidad de Madrid, Ignacio Gonz\\u00e1lez, ha anunciado hoy que no habr\\u00e1 m\\u00e1s recortes en la Sanidad madrile\\u00f1a, derivados de su decisi\\u00f3n de dejar sin efecto el proceso de externalizaci\\u00f3n, aunque se \\\"seguir\\u00e1 ajustando gastos\\\". Gonz\\u00e1lez ha hecho esta declaraci\\u00f3n tras anunciar que ha aceptado la dimisi\\u00f3n del\",\"inLanguage\":\"es-ES\",\"isPartOf\":{\"@id\":\"https:\\\/\\\/www.eldigitaldeasturias.com\\\/noticias\\\/#website\"},\"breadcrumb\":{\"@id\":\"https:\\\/\\\/www.eldigitaldeasturias.com\\\/noticias\\\/gonzalez-dice-que-no-habra-mas-recortes-en-sanidad-aunque-se-ajustaran-gastos\\\/#breadcrumblist\"},\"author\":{\"@id\":\"https:\\\/\\\/www.eldigitaldeasturias.com\\\/noticias\\\/author\\\/admin\\\/#author\"},\"creator\":{\"@id\":\"https:\\\/\\\/www.eldigitaldeasturias.com\\\/noticias\\\/author\\\/admin\\\/#author\"},\"image\":{\"@type\":\"ImageObject\",\"url\":\"https:\\\/\\\/www.eldigitaldeasturias.com\\\/noticias\\\/wp-content\\\/uploads\\\/2026\\\/06\\\/Contenidos.jpg\",\"@id\":\"https:\\\/\\\/www.eldigitaldeasturias.com\\\/noticias\\\/gonzalez-dice-que-no-habra-mas-recortes-en-sanidad-aunque-se-ajustaran-gastos\\\/#mainImage\",\"width\":1265,\"height\":697,\"caption\":\"Contenidos\"},\"primaryImageOfPage\":{\"@id\":\"https:\\\/\\\/www.eldigitaldeasturias.com\\\/noticias\\\/gonzalez-dice-que-no-habra-mas-recortes-en-sanidad-aunque-se-ajustaran-gastos\\\/#mainImage\"},\"datePublished\":\"2014-01-29T00:35:08+01:00\",\"dateModified\":\"2014-01-29T00:35:08+01:00\"},{\"@type\":\"WebSite\",\"@id\":\"https:\\\/\\\/www.eldigitaldeasturias.com\\\/noticias\\\/#website\",\"url\":\"https:\\\/\\\/www.eldigitaldeasturias.com\\\/noticias\\\/\",\"name\":\"El Digital de Asturias - Diario de actualidad y noticias\",\"alternateName\":\"El Digital de Asturias - Diario de actualidad y noticias\",\"description\":\"Hemeroteca\",\"inLanguage\":\"es-ES\",\"publisher\":{\"@id\":\"https:\\\/\\\/www.eldigitaldeasturias.com\\\/noticias\\\/#organization\"}}]}\n\t\t<\/script>\n\t\t<!-- All in One SEO Pro -->\r\n\t\t<title>Gonz\u00e1lez dice que no habr\u00e1 m\u00e1s recortes en Sanidad aunque se ajustar\u00e1n gastos - El Digital de Asturias<\/title>\n\n","aioseo_head_json":{"title":"Gonz\u00e1lez dice que no habr\u00e1 m\u00e1s recortes en Sanidad aunque se ajustar\u00e1n gastos - El Digital de Asturias","description":"Madrid, 27 ene (EFE).- El presidente de la Comunidad de Madrid, Ignacio Gonz\u00e1lez, ha anunciado hoy que no habr\u00e1 m\u00e1s recortes en la Sanidad madrile\u00f1a, derivados de su decisi\u00f3n de dejar sin efecto el proceso de externalizaci\u00f3n, aunque se \"seguir\u00e1 ajustando gastos\". Gonz\u00e1lez ha hecho esta declaraci\u00f3n tras anunciar que ha aceptado la dimisi\u00f3n del","canonical_url":"https:\/\/www.eldigitaldeasturias.com\/noticias\/gonzalez-dice-que-no-habra-mas-recortes-en-sanidad-aunque-se-ajustaran-gastos\/","robots":"max-image-preview:large","keywords":"actualidad","webmasterTools":{"google-site-verification":"UA-38556648-1","msvalidate.01":"7dfe9f3f1b24437ab69f4f2559babe99","miscellaneous":""},"schema":{"@context":"https:\/\/schema.org","@graph":[{"@type":"BlogPosting","@id":"https:\/\/www.eldigitaldeasturias.com\/noticias\/gonzalez-dice-que-no-habra-mas-recortes-en-sanidad-aunque-se-ajustaran-gastos\/#blogposting","name":"Gonz\u00e1lez dice que no habr\u00e1 m\u00e1s recortes en Sanidad aunque se ajustar\u00e1n gastos - El Digital de Asturias","headline":"Gonz\u00e1lez dice que no habr\u00e1 m\u00e1s recortes en Sanidad aunque se ajustar\u00e1n gastos","author":{"@id":"https:\/\/www.eldigitaldeasturias.com\/noticias\/author\/admin\/#author"},"publisher":{"@id":"https:\/\/www.eldigitaldeasturias.com\/noticias\/#organization"},"image":{"@type":"ImageObject","url":"https:\/\/www.eldigitaldeasturias.com\/noticias\/wp-content\/uploads\/2026\/06\/Contenidos.jpg","width":1265,"height":697,"caption":"Contenidos"},"datePublished":"2014-01-29T00:35:08+01:00","dateModified":"2014-01-29T00:35:08+01:00","inLanguage":"es-ES","mainEntityOfPage":{"@id":"https:\/\/www.eldigitaldeasturias.com\/noticias\/gonzalez-dice-que-no-habra-mas-recortes-en-sanidad-aunque-se-ajustaran-gastos\/#webpage"},"isPartOf":{"@id":"https:\/\/www.eldigitaldeasturias.com\/noticias\/gonzalez-dice-que-no-habra-mas-recortes-en-sanidad-aunque-se-ajustaran-gastos\/#webpage"},"articleSection":"Actualidad"},{"@type":"BreadcrumbList","@id":"https:\/\/www.eldigitaldeasturias.com\/noticias\/gonzalez-dice-que-no-habra-mas-recortes-en-sanidad-aunque-se-ajustaran-gastos\/#breadcrumblist","itemListElement":[{"@type":"ListItem","@id":"https:\/\/www.eldigitaldeasturias.com\/noticias#listItem","position":1,"name":"Home","item":"https:\/\/www.eldigitaldeasturias.com\/noticias","nextItem":{"@type":"ListItem","@id":"https:\/\/www.eldigitaldeasturias.com\/noticias\/category\/actualidad\/#listItem","name":"Actualidad"}},{"@type":"ListItem","@id":"https:\/\/www.eldigitaldeasturias.com\/noticias\/category\/actualidad\/#listItem","position":2,"name":"Actualidad","item":"https:\/\/www.eldigitaldeasturias.com\/noticias\/category\/actualidad\/","nextItem":{"@type":"ListItem","@id":"https:\/\/www.eldigitaldeasturias.com\/noticias\/gonzalez-dice-que-no-habra-mas-recortes-en-sanidad-aunque-se-ajustaran-gastos\/#listItem","name":"Gonz\u00e1lez dice que no habr\u00e1 m\u00e1s recortes en Sanidad aunque se ajustar\u00e1n gastos"},"previousItem":{"@type":"ListItem","@id":"https:\/\/www.eldigitaldeasturias.com\/noticias#listItem","name":"Home"}},{"@type":"ListItem","@id":"https:\/\/www.eldigitaldeasturias.com\/noticias\/gonzalez-dice-que-no-habra-mas-recortes-en-sanidad-aunque-se-ajustaran-gastos\/#listItem","position":3,"name":"Gonz\u00e1lez dice que no habr\u00e1 m\u00e1s recortes en Sanidad aunque se ajustar\u00e1n gastos","previousItem":{"@type":"ListItem","@id":"https:\/\/www.eldigitaldeasturias.com\/noticias\/category\/actualidad\/#listItem","name":"Actualidad"}}]},{"@type":"Organization","@id":"https:\/\/www.eldigitaldeasturias.com\/noticias\/#organization","name":"El Digital de Asturias","description":"Hemeroteca","url":"https:\/\/www.eldigitaldeasturias.com\/noticias\/","email":"info@eldigitaldeasturias.com","telephone":"+34652131393","logo":{"@type":"ImageObject","url":"https:\/\/www.eldigitaldeasturias.com\/noticias\/wp-content\/uploads\/2020\/12\/EDA.jpg","@id":"https:\/\/www.eldigitaldeasturias.com\/noticias\/gonzalez-dice-que-no-habra-mas-recortes-en-sanidad-aunque-se-ajustaran-gastos\/#organizationLogo"},"image":{"@id":"https:\/\/www.eldigitaldeasturias.com\/noticias\/gonzalez-dice-que-no-habra-mas-recortes-en-sanidad-aunque-se-ajustaran-gastos\/#organizationLogo"},"sameAs":["https:\/\/facebook.com\/eldigitaldeasturias","https:\/\/www.youtube.com\/channel\/UCZP-2wLEB9Rv6erhFmqVnvg"],"address":{"@id":"https:\/\/www.eldigitaldeasturias.com\/noticias\/#postaladdress","@type":"PostalAddress","streetAddress":"san antonio 4","postalCode":"33430","addressLocality":"Cand\u00e1s","addressRegion":"Asturias","addressCountry":"ES"}},{"@type":"Person","@id":"https:\/\/www.eldigitaldeasturias.com\/noticias\/author\/admin\/#author","url":"https:\/\/www.eldigitaldeasturias.com\/noticias\/author\/admin\/","name":"El Digital de Asturias","image":{"@type":"ImageObject","@id":"https:\/\/www.eldigitaldeasturias.com\/noticias\/gonzalez-dice-que-no-habra-mas-recortes-en-sanidad-aunque-se-ajustaran-gastos\/#authorImage","url":"https:\/\/secure.gravatar.com\/avatar\/df2aeffc32bcd13f8d26072ef8a91b623d677766deac7f97ca815868cd41bf5e?s=96&d=mm&r=g","width":96,"height":96,"caption":"El Digital de Asturias"}},{"@type":"WebPage","@id":"https:\/\/www.eldigitaldeasturias.com\/noticias\/gonzalez-dice-que-no-habra-mas-recortes-en-sanidad-aunque-se-ajustaran-gastos\/#webpage","url":"https:\/\/www.eldigitaldeasturias.com\/noticias\/gonzalez-dice-que-no-habra-mas-recortes-en-sanidad-aunque-se-ajustaran-gastos\/","name":"Gonz\u00e1lez dice que no habr\u00e1 m\u00e1s recortes en Sanidad aunque se ajustar\u00e1n gastos - El Digital de Asturias","description":"Madrid, 27 ene (EFE).- El presidente de la Comunidad de Madrid, Ignacio Gonz\u00e1lez, ha anunciado hoy que no habr\u00e1 m\u00e1s recortes en la Sanidad madrile\u00f1a, derivados de su decisi\u00f3n de dejar sin efecto el proceso de externalizaci\u00f3n, aunque se \"seguir\u00e1 ajustando gastos\". Gonz\u00e1lez ha hecho esta declaraci\u00f3n tras anunciar que ha aceptado la dimisi\u00f3n del","inLanguage":"es-ES","isPartOf":{"@id":"https:\/\/www.eldigitaldeasturias.com\/noticias\/#website"},"breadcrumb":{"@id":"https:\/\/www.eldigitaldeasturias.com\/noticias\/gonzalez-dice-que-no-habra-mas-recortes-en-sanidad-aunque-se-ajustaran-gastos\/#breadcrumblist"},"author":{"@id":"https:\/\/www.eldigitaldeasturias.com\/noticias\/author\/admin\/#author"},"creator":{"@id":"https:\/\/www.eldigitaldeasturias.com\/noticias\/author\/admin\/#author"},"image":{"@type":"ImageObject","url":"https:\/\/www.eldigitaldeasturias.com\/noticias\/wp-content\/uploads\/2026\/06\/Contenidos.jpg","@id":"https:\/\/www.eldigitaldeasturias.com\/noticias\/gonzalez-dice-que-no-habra-mas-recortes-en-sanidad-aunque-se-ajustaran-gastos\/#mainImage","width":1265,"height":697,"caption":"Contenidos"},"primaryImageOfPage":{"@id":"https:\/\/www.eldigitaldeasturias.com\/noticias\/gonzalez-dice-que-no-habra-mas-recortes-en-sanidad-aunque-se-ajustaran-gastos\/#mainImage"},"datePublished":"2014-01-29T00:35:08+01:00","dateModified":"2014-01-29T00:35:08+01:00"},{"@type":"WebSite","@id":"https:\/\/www.eldigitaldeasturias.com\/noticias\/#website","url":"https:\/\/www.eldigitaldeasturias.com\/noticias\/","name":"El Digital de Asturias - Diario de actualidad y noticias","alternateName":"El Digital de Asturias - Diario de actualidad y noticias","description":"Hemeroteca","inLanguage":"es-ES","publisher":{"@id":"https:\/\/www.eldigitaldeasturias.com\/noticias\/#organization"}}]},"og:locale":"es_ES","og:site_name":"El Digital de Asturias","og:type":"article","og:title":"Gonz\u00e1lez dice que no habr\u00e1 m\u00e1s recortes en Sanidad aunque se ajustar\u00e1n gastos - El Digital de Asturias","og:description":"Madrid, 27 ene (EFE).- El presidente de la Comunidad de Madrid, Ignacio Gonz\u00e1lez, ha anunciado hoy que no habr\u00e1 m\u00e1s recortes en la Sanidad madrile\u00f1a, derivados de su decisi\u00f3n de dejar sin efecto el proceso de externalizaci\u00f3n, aunque se &quot;seguir\u00e1 ajustando gastos&quot;. Gonz\u00e1lez ha hecho esta declaraci\u00f3n tras anunciar que ha aceptado la dimisi\u00f3n del","og:url":"https:\/\/www.eldigitaldeasturias.com\/noticias\/gonzalez-dice-que-no-habra-mas-recortes-en-sanidad-aunque-se-ajustaran-gastos\/","og:image":"https:\/\/www.eldigitaldeasturias.com\/noticias\/wp-content\/uploads\/2026\/06\/Contenidos.jpg","og:image:secure_url":"https:\/\/www.eldigitaldeasturias.com\/noticias\/wp-content\/uploads\/2026\/06\/Contenidos.jpg","og:image:width":1265,"og:image:height":697,"article:tag":["actualidad"],"article:published_time":"2014-01-29T01:35:08+00:00","article:modified_time":"2014-01-29T01:35:08+00:00","article:publisher":"https:\/\/facebook.com\/eldigitaldeasturias","twitter:card":"summary_large_image","twitter:title":"Gonz\u00e1lez dice que no habr\u00e1 m\u00e1s recortes en Sanidad aunque se ajustar\u00e1n gastos - El Digital de Asturias","twitter:description":"Madrid, 27 ene (EFE).- El presidente de la Comunidad de Madrid, Ignacio Gonz\u00e1lez, ha anunciado hoy que no habr\u00e1 m\u00e1s recortes en la Sanidad madrile\u00f1a, derivados de su decisi\u00f3n de dejar sin efecto el proceso de externalizaci\u00f3n, aunque se &quot;seguir\u00e1 ajustando gastos&quot;. Gonz\u00e1lez ha hecho esta declaraci\u00f3n tras anunciar que ha aceptado la dimisi\u00f3n del","twitter:image":"https:\/\/www.eldigitaldeasturias.com\/noticias\/wp-content\/uploads\/2026\/06\/Contenidos.jpg","twitter:label1":"Escrito por","twitter:data1":"El Digital de Asturias","twitter:label2":"Tiempo de lectura estimado","twitter:data2":"3 minutos"},"aioseo_meta_data":{"post_id":"479794","title":null,"description":null,"keywords":null,"keyphrases":null,"primary_term":null,"canonical_url":null,"og_title":null,"og_description":null,"og_object_type":"default","og_image_type":"default","og_image_url":null,"og_image_width":null,"og_image_height":null,"og_image_custom_url":null,"og_image_custom_fields":null,"og_video":null,"og_custom_url":null,"og_article_section":null,"og_article_tags":null,"twitter_use_og":true,"twitter_card":"default","twitter_image_type":"default","twitter_image_url":null,"twitter_image_custom_url":null,"twitter_image_custom_fields":null,"twitter_title":null,"twitter_description":null,"schema":{"blockGraphs":[],"customGraphs":[],"default":{"data":{"Article":[],"Course":[],"Dataset":[],"FAQPage":[],"Movie":[],"Person":[],"Product":[],"ProductReview":[],"Car":[],"Recipe":[],"Service":[],"SoftwareApplication":[],"WebPage":[]},"graphName":"","isEnabled":true},"graphs":[],"defaultGraph":"","defaultPostTypeGraph":""},"schema_type":null,"schema_type_options":null,"pillar_content":false,"robots_default":true,"robots_noindex":false,"robots_noarchive":false,"robots_nosnippet":false,"robots_nofollow":false,"robots_noimageindex":false,"robots_noodp":false,"robots_notranslate":false,"robots_max_snippet":null,"robots_max_videopreview":null,"robots_max_imagepreview":"none","priority":null,"frequency":null,"local_seo":null,"seo_analyzer_scan_date":"2026-06-02 01:38:49","breadcrumb_settings":null,"limit_modified_date":false,"open_ai":null,"ai":null,"created":"2020-11-14 22:54:06","updated":"2026-06-02 01:38:49","focus_keyword":null,"additional_keywords":null,"truseo_locale":null},"aioseo_breadcrumb":"<div class=\"aioseo-breadcrumbs\"><span class=\"aioseo-breadcrumb\">\n\t<a href=\"https:\/\/www.eldigitaldeasturias.com\/noticias\" title=\"Home\">Home<\/a>\n<\/span><span class=\"aioseo-breadcrumb-separator\">\u2013<\/span><span class=\"aioseo-breadcrumb\">\n\t<a href=\"https:\/\/www.eldigitaldeasturias.com\/noticias\/category\/actualidad\/\" title=\"Actualidad\">Actualidad<\/a>\n<\/span><span class=\"aioseo-breadcrumb-separator\">\u2013<\/span><span class=\"aioseo-breadcrumb\">\n\t<a href=\"https:\/\/www.eldigitaldeasturias.com\/noticias\/gonzalez-dice-que-no-habra-mas-recortes-en-sanidad-aunque-se-ajustaran-gastos\/\" title=\"Gonz\u00e1lez dice que no habr\u00e1 m\u00e1s recortes en Sanidad aunque se ajustar\u00e1n gastos\">Gonz\u00e1lez dice que no habr\u00e1 m\u00e1s recortes en Sanidad aunque se ajustar\u00e1n gastos<\/a>\n<\/span><\/div>","aioseo_breadcrumb_json":[{"label":"Home","link":"https:\/\/www.eldigitaldeasturias.com\/noticias"},{"label":"Actualidad","link":"https:\/\/www.eldigitaldeasturias.com\/noticias\/category\/actualidad\/"},{"label":"Gonz\u00e1lez dice que no habr\u00e1 m\u00e1s recortes en Sanidad aunque se ajustar\u00e1n gastos","link":"https:\/\/www.eldigitaldeasturias.com\/noticias\/gonzalez-dice-que-no-habra-mas-recortes-en-sanidad-aunque-se-ajustaran-gastos\/"}],"_links":{"self":[{"href":"https:\/\/www.eldigitaldeasturias.com\/noticias\/wp-json\/wp\/v2\/posts\/479794","targetHints":{"allow":["GET"]}}],"collection":[{"href":"https:\/\/www.eldigitaldeasturias.com\/noticias\/wp-json\/wp\/v2\/posts"}],"about":[{"href":"https:\/\/www.eldigitaldeasturias.com\/noticias\/wp-json\/wp\/v2\/types\/post"}],"author":[{"embeddable":true,"href":"https:\/\/www.eldigitaldeasturias.com\/noticias\/wp-json\/wp\/v2\/users\/1"}],"replies":[{"embeddable":true,"href":"https:\/\/www.eldigitaldeasturias.com\/noticias\/wp-json\/wp\/v2\/comments?post=479794"}],"version-history":[{"count":0,"href":"https:\/\/www.eldigitaldeasturias.com\/noticias\/wp-json\/wp\/v2\/posts\/479794\/revisions"}],"wp:featuredmedia":[{"embeddable":true,"href":"https:\/\/www.eldigitaldeasturias.com\/noticias\/wp-json\/wp\/v2\/media\/1132184"}],"wp:attachment":[{"href":"https:\/\/www.eldigitaldeasturias.com\/noticias\/wp-json\/wp\/v2\/media?parent=479794"}],"wp:term":[{"taxonomy":"category","embeddable":true,"href":"https:\/\/www.eldigitaldeasturias.com\/noticias\/wp-json\/wp\/v2\/categories?post=479794"},{"taxonomy":"post_tag","embeddable":true,"href":"https:\/\/www.eldigitaldeasturias.com\/noticias\/wp-json\/wp\/v2\/tags?post=479794"}],"curies":[{"name":"wp","href":"https:\/\/api.w.org\/{rel}","templated":true}]}}