{"id":479791,"date":"2014-01-29T00:28:56","date_gmt":"2014-01-29T01:28:56","guid":{"rendered":"http:\/\/www.eldigitaldeasturias.com\/noticias\/?p=479791"},"modified":"2014-01-29T00:28:56","modified_gmt":"2014-01-29T01:28:56","slug":"el-parlamento-nicaraguense-debatira-la-reforma-que-permitiria-la-reeleccion-de-ortega","status":"publish","type":"post","link":"https:\/\/www.eldigitaldeasturias.com\/noticias\/el-parlamento-nicaraguense-debatira-la-reforma-que-permitiria-la-reeleccion-de-ortega\/","title":{"rendered":"El Parlamento nicarag\u00fcense debatir\u00e1 la reforma que permitir\u00eda la reelecci\u00f3n de Ortega"},"content":{"rendered":"<p><img loading=\"lazy\" decoding=\"async\" class=\"alignleft size-medium wp-image-479792\" alt=\"5881069w\" src=\"https:\/\/www.eldigitaldeasturias.com\/noticias\/wp-content\/uploads\/2014\/01\/5881069w-360x228.jpg\" width=\"360\" height=\"228\" \/>Managua, 27 ene (EFE).- El pleno de la Asamblea Nacional de Nicaragua debatir\u00e1 ma\u00f1ana, martes, en segunda y definitiva instancia un proyecto de reforma parcial a la Constituci\u00f3n, impulsada por el oficialismo, que le otorga m\u00e1s poderes al presidente del pa\u00eds, Daniel Ortega, y a los militares, informaron hoy fuentes legislativas.<\/p>\n<p>La reforma, aprobada en primera legislatura el 10 de diciembre pasado por la mayor\u00eda sandinista en el Congreso, establece la reelecci\u00f3n indefinida, la posibilidad de elegir al presidente en primera vuelta y con mayor\u00eda simple de votos y le faculta a emitir decretos ejecutivos con fuerza de ley, entre otros.<\/p>\n<p>El jefe del grupo parlamentario sandinista, Edwin Castro, dijo a periodistas que este martes \u00abavanzar\u00e1n\u00bb con la aprobaci\u00f3n de esa pol\u00e9mica reforma \u00abhasta que termine la sesi\u00f3n\u00bb plenaria hacia las 13.00 hora local (19.00 GMT)\u00bb.<\/p>\n<p>\u00abSi no (se aprueba en su totalidad las enmiendas), retomamos (el tema) el mi\u00e9rcoles\u00bb, agreg\u00f3.<\/p>\n<p>Castro dijo que es posible hagan \u00abalgunos ajustes\u00bb de forma a las reformas constitucionales, porque \u00abde fondo se mantiene igual\u00bb.<\/p>\n<p>La reforma, cuya aprobaci\u00f3n parece imparable debido a que el oficialismo cuenta con mayor\u00eda en el Legislativo, contempla otorgar m\u00e1s poderes al presidente Ortega y tambi\u00e9n mayores facultades al Ej\u00e9rcito de Nicaragua.<\/p>\n<p>Ortega, de 68 a\u00f1os, fue reelegido en 2011 para su tercer mandato y segundo consecutivo con un 62,45 % de los votos tras una cuestionada candidatura y una jornada electoral plagada de denuncias de irregularidades.<\/p>\n<p>El gobernante, un exguerrillero, lleva casi la mitad de su vida como l\u00edder indiscutible del Frente Sandinista de Liberaci\u00f3n Nacional (FSLN) por el que se present\u00f3 en los comicios de 1984, 1990, 1996, 2001, 2006 y 2011, y podr\u00e1 aspirar a su s\u00e9ptima candidatura en 2016 si, como se espera, la reforma es aprobada definitivamente.<\/p>\n<p>El diputado sandinista anunci\u00f3 que una vez aprobada esas enmiendas en definitiva, debatir\u00e1n una reforma al C\u00f3digo Militar que plantea que los miembros del Ej\u00e9rcito podr\u00e1n ocupar cargos en las instituciones del Estado que no sean de elecci\u00f3n popular.<\/p>\n<p>Asimismo, ampl\u00eda los a\u00f1os de servicio de 35 a 40, con 65 a\u00f1os como edad de retiro, y no 60 como es en la actualidad.<\/p>\n<p>Adem\u00e1s, deja a discreci\u00f3n del presidente extender el plazo de forma indefinida al jefe del Ej\u00e9rcito y que lo podr\u00e1 destituir por \u00abinsubordinaci\u00f3n\u00bb.<\/p>\n<p>Actualmente, Ortega es considerado por distintos sectores como el presidente de Nicaragua con m\u00e1s poder desde el dictador Anastasio Somoza Debayle, debido a que su partido, el Frente Sandinista de Liberaci\u00f3n Nacional (FSLN), domina los cuatro poderes del Estado (Ejecutivo, Legislativo, Judicial y Electoral), as\u00ed como la mayor\u00eda de Gobiernos municipales.<\/p>\n<p>Adem\u00e1s, es el jefe supremo de la Polic\u00eda Nacional y del Ej\u00e9rcito.<\/p>\n","protected":false},"excerpt":{"rendered":"<p>Managua, 27 ene (EFE).- El pleno de la Asamblea Nacional de Nicaragua debatir\u00e1 ma\u00f1ana, martes, en segunda y definitiva instancia un proyecto de reforma parcial a la Constituci\u00f3n, impulsada por el oficialismo, que le otorga m\u00e1s poderes al presidente del pa\u00eds, Daniel Ortega, y a los militares, informaron hoy fuentes legislativas. La reforma, aprobada en [&hellip;]<\/p>\n","protected":false},"author":1,"featured_media":1132184,"comment_status":"closed","ping_status":"open","sticky":false,"template":"","format":"standard","meta":{"footnotes":""},"categories":[1],"tags":[],"class_list":["post-479791","post","type-post","status-publish","format-standard","has-post-thumbnail","hentry","category-actualidad"],"aioseo_notices":[],"aioseo_head":"\n\t\t<!-- All in One SEO Pro 5.0.1 - aioseo.com -->\n\t<meta name=\"description\" content=\"Managua, 27 ene (EFE).- El pleno de la Asamblea Nacional de Nicaragua debatir\u00e1 ma\u00f1ana, martes, en segunda y definitiva instancia un proyecto de reforma parcial a la Constituci\u00f3n, impulsada por el oficialismo, que le otorga m\u00e1s poderes al presidente del pa\u00eds, Daniel Ortega, y a los militares, informaron hoy fuentes legislativas. La reforma, aprobada en\" \/>\n\t<meta name=\"robots\" content=\"max-image-preview:large\" \/>\n\t<meta name=\"author\" content=\"El Digital de Asturias\"\/>\n\t<meta name=\"google-site-verification\" content=\"UA-38556648-1\" \/>\n\t<meta name=\"msvalidate.01\" content=\"7dfe9f3f1b24437ab69f4f2559babe99\" \/>\n\t<meta name=\"keywords\" content=\"actualidad\" \/>\n\t<link rel=\"canonical\" href=\"https:\/\/www.eldigitaldeasturias.com\/noticias\/el-parlamento-nicaraguense-debatira-la-reforma-que-permitiria-la-reeleccion-de-ortega\/\" \/>\n\t<meta name=\"generator\" content=\"All in One SEO Pro (AIOSEO) 5.0.1\" \/>\n\t\t<meta property=\"og:locale\" content=\"es_ES\" \/>\n\t\t<meta property=\"og:site_name\" content=\"El Digital de Asturias\" \/>\n\t\t<meta property=\"og:type\" content=\"article\" \/>\n\t\t<meta property=\"og:title\" content=\"El Parlamento nicarag\u00fcense debatir\u00e1 la reforma que permitir\u00eda la reelecci\u00f3n de Ortega - El Digital de Asturias\" \/>\n\t\t<meta property=\"og:description\" content=\"Managua, 27 ene (EFE).- El pleno de la Asamblea Nacional de Nicaragua debatir\u00e1 ma\u00f1ana, martes, en segunda y definitiva instancia un proyecto de reforma parcial a la Constituci\u00f3n, impulsada por el oficialismo, que le otorga m\u00e1s poderes al presidente del pa\u00eds, Daniel Ortega, y a los militares, informaron hoy fuentes legislativas. La reforma, aprobada en\" \/>\n\t\t<meta property=\"og:url\" content=\"https:\/\/www.eldigitaldeasturias.com\/noticias\/el-parlamento-nicaraguense-debatira-la-reforma-que-permitiria-la-reeleccion-de-ortega\/\" \/>\n\t\t<meta property=\"og:image\" content=\"https:\/\/www.eldigitaldeasturias.com\/noticias\/wp-content\/uploads\/2026\/06\/Contenidos.jpg\" \/>\n\t\t<meta property=\"og:image:secure_url\" content=\"https:\/\/www.eldigitaldeasturias.com\/noticias\/wp-content\/uploads\/2026\/06\/Contenidos.jpg\" \/>\n\t\t<meta property=\"og:image:width\" content=\"1265\" \/>\n\t\t<meta property=\"og:image:height\" content=\"697\" \/>\n\t\t<meta property=\"article:tag\" content=\"actualidad\" \/>\n\t\t<meta property=\"article:published_time\" content=\"2014-01-29T01:28:56+00:00\" \/>\n\t\t<meta property=\"article:modified_time\" content=\"2014-01-29T01:28:56+00:00\" \/>\n\t\t<meta property=\"article:publisher\" content=\"https:\/\/facebook.com\/eldigitaldeasturias\" \/>\n\t\t<meta name=\"twitter:card\" content=\"summary_large_image\" \/>\n\t\t<meta name=\"twitter:title\" content=\"El Parlamento nicarag\u00fcense debatir\u00e1 la reforma que permitir\u00eda la reelecci\u00f3n de Ortega - El Digital de Asturias\" \/>\n\t\t<meta name=\"twitter:description\" content=\"Managua, 27 ene (EFE).- El pleno de la Asamblea Nacional de Nicaragua debatir\u00e1 ma\u00f1ana, martes, en segunda y definitiva instancia un proyecto de reforma parcial a la Constituci\u00f3n, impulsada por el oficialismo, que le otorga m\u00e1s poderes al presidente del pa\u00eds, Daniel Ortega, y a los militares, informaron hoy fuentes legislativas. La reforma, aprobada en\" \/>\n\t\t<meta name=\"twitter:image\" content=\"https:\/\/www.eldigitaldeasturias.com\/noticias\/wp-content\/uploads\/2026\/06\/Contenidos.jpg\" \/>\n\t\t<meta name=\"twitter:label1\" content=\"Escrito por\" \/>\n\t\t<meta name=\"twitter:data1\" content=\"El Digital de Asturias\" \/>\n\t\t<meta name=\"twitter:label2\" content=\"Tiempo de lectura estimado\" \/>\n\t\t<meta name=\"twitter:data2\" content=\"2 minutos\" \/>\n\t\t<script type=\"application\/ld+json\" class=\"aioseo-schema\">\n\t\t\t{\"@context\":\"https:\\\/\\\/schema.org\",\"@graph\":[{\"@type\":\"BlogPosting\",\"@id\":\"https:\\\/\\\/www.eldigitaldeasturias.com\\\/noticias\\\/el-parlamento-nicaraguense-debatira-la-reforma-que-permitiria-la-reeleccion-de-ortega\\\/#blogposting\",\"name\":\"El Parlamento nicarag\\u00fcense debatir\\u00e1 la reforma que permitir\\u00eda la reelecci\\u00f3n de Ortega - El Digital de Asturias\",\"headline\":\"El Parlamento nicarag\\u00fcense debatir\\u00e1 la reforma que permitir\\u00eda la reelecci\\u00f3n de Ortega\",\"author\":{\"@id\":\"https:\\\/\\\/www.eldigitaldeasturias.com\\\/noticias\\\/author\\\/admin\\\/#author\"},\"publisher\":{\"@id\":\"https:\\\/\\\/www.eldigitaldeasturias.com\\\/noticias\\\/#organization\"},\"image\":{\"@type\":\"ImageObject\",\"url\":\"https:\\\/\\\/www.eldigitaldeasturias.com\\\/noticias\\\/wp-content\\\/uploads\\\/2026\\\/06\\\/Contenidos.jpg\",\"width\":1265,\"height\":697,\"caption\":\"Contenidos\"},\"datePublished\":\"2014-01-29T00:28:56+01:00\",\"dateModified\":\"2014-01-29T00:28:56+01:00\",\"inLanguage\":\"es-ES\",\"mainEntityOfPage\":{\"@id\":\"https:\\\/\\\/www.eldigitaldeasturias.com\\\/noticias\\\/el-parlamento-nicaraguense-debatira-la-reforma-que-permitiria-la-reeleccion-de-ortega\\\/#webpage\"},\"isPartOf\":{\"@id\":\"https:\\\/\\\/www.eldigitaldeasturias.com\\\/noticias\\\/el-parlamento-nicaraguense-debatira-la-reforma-que-permitiria-la-reeleccion-de-ortega\\\/#webpage\"},\"articleSection\":\"Actualidad\"},{\"@type\":\"BreadcrumbList\",\"@id\":\"https:\\\/\\\/www.eldigitaldeasturias.com\\\/noticias\\\/el-parlamento-nicaraguense-debatira-la-reforma-que-permitiria-la-reeleccion-de-ortega\\\/#breadcrumblist\",\"itemListElement\":[{\"@type\":\"ListItem\",\"@id\":\"https:\\\/\\\/www.eldigitaldeasturias.com\\\/noticias#listItem\",\"position\":1,\"name\":\"Home\",\"item\":\"https:\\\/\\\/www.eldigitaldeasturias.com\\\/noticias\",\"nextItem\":{\"@type\":\"ListItem\",\"@id\":\"https:\\\/\\\/www.eldigitaldeasturias.com\\\/noticias\\\/category\\\/actualidad\\\/#listItem\",\"name\":\"Actualidad\"}},{\"@type\":\"ListItem\",\"@id\":\"https:\\\/\\\/www.eldigitaldeasturias.com\\\/noticias\\\/category\\\/actualidad\\\/#listItem\",\"position\":2,\"name\":\"Actualidad\",\"item\":\"https:\\\/\\\/www.eldigitaldeasturias.com\\\/noticias\\\/category\\\/actualidad\\\/\",\"nextItem\":{\"@type\":\"ListItem\",\"@id\":\"https:\\\/\\\/www.eldigitaldeasturias.com\\\/noticias\\\/el-parlamento-nicaraguense-debatira-la-reforma-que-permitiria-la-reeleccion-de-ortega\\\/#listItem\",\"name\":\"El Parlamento nicarag\\u00fcense debatir\\u00e1 la reforma que permitir\\u00eda la reelecci\\u00f3n de Ortega\"},\"previousItem\":{\"@type\":\"ListItem\",\"@id\":\"https:\\\/\\\/www.eldigitaldeasturias.com\\\/noticias#listItem\",\"name\":\"Home\"}},{\"@type\":\"ListItem\",\"@id\":\"https:\\\/\\\/www.eldigitaldeasturias.com\\\/noticias\\\/el-parlamento-nicaraguense-debatira-la-reforma-que-permitiria-la-reeleccion-de-ortega\\\/#listItem\",\"position\":3,\"name\":\"El Parlamento nicarag\\u00fcense debatir\\u00e1 la reforma que permitir\\u00eda la reelecci\\u00f3n de Ortega\",\"previousItem\":{\"@type\":\"ListItem\",\"@id\":\"https:\\\/\\\/www.eldigitaldeasturias.com\\\/noticias\\\/category\\\/actualidad\\\/#listItem\",\"name\":\"Actualidad\"}}]},{\"@type\":\"Organization\",\"@id\":\"https:\\\/\\\/www.eldigitaldeasturias.com\\\/noticias\\\/#organization\",\"name\":\"El Digital de Asturias\",\"description\":\"Hemeroteca\",\"url\":\"https:\\\/\\\/www.eldigitaldeasturias.com\\\/noticias\\\/\",\"email\":\"info@eldigitaldeasturias.com\",\"telephone\":\"+34652131393\",\"logo\":{\"@type\":\"ImageObject\",\"url\":\"https:\\\/\\\/www.eldigitaldeasturias.com\\\/noticias\\\/wp-content\\\/uploads\\\/2020\\\/12\\\/EDA.jpg\",\"@id\":\"https:\\\/\\\/www.eldigitaldeasturias.com\\\/noticias\\\/el-parlamento-nicaraguense-debatira-la-reforma-que-permitiria-la-reeleccion-de-ortega\\\/#organizationLogo\"},\"image\":{\"@id\":\"https:\\\/\\\/www.eldigitaldeasturias.com\\\/noticias\\\/el-parlamento-nicaraguense-debatira-la-reforma-que-permitiria-la-reeleccion-de-ortega\\\/#organizationLogo\"},\"sameAs\":[\"https:\\\/\\\/facebook.com\\\/eldigitaldeasturias\",\"https:\\\/\\\/www.youtube.com\\\/channel\\\/UCZP-2wLEB9Rv6erhFmqVnvg\"],\"address\":{\"@id\":\"https:\\\/\\\/www.eldigitaldeasturias.com\\\/noticias\\\/#postaladdress\",\"@type\":\"PostalAddress\",\"streetAddress\":\"san antonio 4\",\"postalCode\":\"33430\",\"addressLocality\":\"Cand\\u00e1s\",\"addressRegion\":\"Asturias\",\"addressCountry\":\"ES\"}},{\"@type\":\"Person\",\"@id\":\"https:\\\/\\\/www.eldigitaldeasturias.com\\\/noticias\\\/author\\\/admin\\\/#author\",\"url\":\"https:\\\/\\\/www.eldigitaldeasturias.com\\\/noticias\\\/author\\\/admin\\\/\",\"name\":\"El Digital de Asturias\",\"image\":{\"@type\":\"ImageObject\",\"@id\":\"https:\\\/\\\/www.eldigitaldeasturias.com\\\/noticias\\\/el-parlamento-nicaraguense-debatira-la-reforma-que-permitiria-la-reeleccion-de-ortega\\\/#authorImage\",\"url\":\"https:\\\/\\\/secure.gravatar.com\\\/avatar\\\/df2aeffc32bcd13f8d26072ef8a91b623d677766deac7f97ca815868cd41bf5e?s=96&d=mm&r=g\",\"width\":96,\"height\":96,\"caption\":\"El Digital de Asturias\"}},{\"@type\":\"WebPage\",\"@id\":\"https:\\\/\\\/www.eldigitaldeasturias.com\\\/noticias\\\/el-parlamento-nicaraguense-debatira-la-reforma-que-permitiria-la-reeleccion-de-ortega\\\/#webpage\",\"url\":\"https:\\\/\\\/www.eldigitaldeasturias.com\\\/noticias\\\/el-parlamento-nicaraguense-debatira-la-reforma-que-permitiria-la-reeleccion-de-ortega\\\/\",\"name\":\"El Parlamento nicarag\\u00fcense debatir\\u00e1 la reforma que permitir\\u00eda la reelecci\\u00f3n de Ortega - El Digital de Asturias\",\"description\":\"Managua, 27 ene (EFE).- El pleno de la Asamblea Nacional de Nicaragua debatir\\u00e1 ma\\u00f1ana, martes, en segunda y definitiva instancia un proyecto de reforma parcial a la Constituci\\u00f3n, impulsada por el oficialismo, que le otorga m\\u00e1s poderes al presidente del pa\\u00eds, Daniel Ortega, y a los militares, informaron hoy fuentes legislativas. La reforma, aprobada en\",\"inLanguage\":\"es-ES\",\"isPartOf\":{\"@id\":\"https:\\\/\\\/www.eldigitaldeasturias.com\\\/noticias\\\/#website\"},\"breadcrumb\":{\"@id\":\"https:\\\/\\\/www.eldigitaldeasturias.com\\\/noticias\\\/el-parlamento-nicaraguense-debatira-la-reforma-que-permitiria-la-reeleccion-de-ortega\\\/#breadcrumblist\"},\"author\":{\"@id\":\"https:\\\/\\\/www.eldigitaldeasturias.com\\\/noticias\\\/author\\\/admin\\\/#author\"},\"creator\":{\"@id\":\"https:\\\/\\\/www.eldigitaldeasturias.com\\\/noticias\\\/author\\\/admin\\\/#author\"},\"image\":{\"@type\":\"ImageObject\",\"url\":\"https:\\\/\\\/www.eldigitaldeasturias.com\\\/noticias\\\/wp-content\\\/uploads\\\/2026\\\/06\\\/Contenidos.jpg\",\"@id\":\"https:\\\/\\\/www.eldigitaldeasturias.com\\\/noticias\\\/el-parlamento-nicaraguense-debatira-la-reforma-que-permitiria-la-reeleccion-de-ortega\\\/#mainImage\",\"width\":1265,\"height\":697,\"caption\":\"Contenidos\"},\"primaryImageOfPage\":{\"@id\":\"https:\\\/\\\/www.eldigitaldeasturias.com\\\/noticias\\\/el-parlamento-nicaraguense-debatira-la-reforma-que-permitiria-la-reeleccion-de-ortega\\\/#mainImage\"},\"datePublished\":\"2014-01-29T00:28:56+01:00\",\"dateModified\":\"2014-01-29T00:28:56+01:00\"},{\"@type\":\"WebSite\",\"@id\":\"https:\\\/\\\/www.eldigitaldeasturias.com\\\/noticias\\\/#website\",\"url\":\"https:\\\/\\\/www.eldigitaldeasturias.com\\\/noticias\\\/\",\"name\":\"El Digital de Asturias - Diario de actualidad y noticias\",\"alternateName\":\"El Digital de Asturias - Diario de actualidad y noticias\",\"description\":\"Hemeroteca\",\"inLanguage\":\"es-ES\",\"publisher\":{\"@id\":\"https:\\\/\\\/www.eldigitaldeasturias.com\\\/noticias\\\/#organization\"}}]}\n\t\t<\/script>\n\t\t<!-- All in One SEO Pro -->\r\n\t\t<title>El Parlamento nicarag\u00fcense debatir\u00e1 la reforma que permitir\u00eda la reelecci\u00f3n de Ortega - El Digital de Asturias<\/title>\n\n","aioseo_head_json":{"title":"El Parlamento nicarag\u00fcense debatir\u00e1 la reforma que permitir\u00eda la reelecci\u00f3n de Ortega - El Digital de Asturias","description":"Managua, 27 ene (EFE).- El pleno de la Asamblea Nacional de Nicaragua debatir\u00e1 ma\u00f1ana, martes, en segunda y definitiva instancia un proyecto de reforma parcial a la Constituci\u00f3n, impulsada por el oficialismo, que le otorga m\u00e1s poderes al presidente del pa\u00eds, Daniel Ortega, y a los militares, informaron hoy fuentes legislativas. La reforma, aprobada en","canonical_url":"https:\/\/www.eldigitaldeasturias.com\/noticias\/el-parlamento-nicaraguense-debatira-la-reforma-que-permitiria-la-reeleccion-de-ortega\/","robots":"max-image-preview:large","keywords":"actualidad","webmasterTools":{"google-site-verification":"UA-38556648-1","msvalidate.01":"7dfe9f3f1b24437ab69f4f2559babe99","miscellaneous":""},"schema":{"@context":"https:\/\/schema.org","@graph":[{"@type":"BlogPosting","@id":"https:\/\/www.eldigitaldeasturias.com\/noticias\/el-parlamento-nicaraguense-debatira-la-reforma-que-permitiria-la-reeleccion-de-ortega\/#blogposting","name":"El Parlamento nicarag\u00fcense debatir\u00e1 la reforma que permitir\u00eda la reelecci\u00f3n de Ortega - El Digital de Asturias","headline":"El Parlamento nicarag\u00fcense debatir\u00e1 la reforma que permitir\u00eda la reelecci\u00f3n de Ortega","author":{"@id":"https:\/\/www.eldigitaldeasturias.com\/noticias\/author\/admin\/#author"},"publisher":{"@id":"https:\/\/www.eldigitaldeasturias.com\/noticias\/#organization"},"image":{"@type":"ImageObject","url":"https:\/\/www.eldigitaldeasturias.com\/noticias\/wp-content\/uploads\/2026\/06\/Contenidos.jpg","width":1265,"height":697,"caption":"Contenidos"},"datePublished":"2014-01-29T00:28:56+01:00","dateModified":"2014-01-29T00:28:56+01:00","inLanguage":"es-ES","mainEntityOfPage":{"@id":"https:\/\/www.eldigitaldeasturias.com\/noticias\/el-parlamento-nicaraguense-debatira-la-reforma-que-permitiria-la-reeleccion-de-ortega\/#webpage"},"isPartOf":{"@id":"https:\/\/www.eldigitaldeasturias.com\/noticias\/el-parlamento-nicaraguense-debatira-la-reforma-que-permitiria-la-reeleccion-de-ortega\/#webpage"},"articleSection":"Actualidad"},{"@type":"BreadcrumbList","@id":"https:\/\/www.eldigitaldeasturias.com\/noticias\/el-parlamento-nicaraguense-debatira-la-reforma-que-permitiria-la-reeleccion-de-ortega\/#breadcrumblist","itemListElement":[{"@type":"ListItem","@id":"https:\/\/www.eldigitaldeasturias.com\/noticias#listItem","position":1,"name":"Home","item":"https:\/\/www.eldigitaldeasturias.com\/noticias","nextItem":{"@type":"ListItem","@id":"https:\/\/www.eldigitaldeasturias.com\/noticias\/category\/actualidad\/#listItem","name":"Actualidad"}},{"@type":"ListItem","@id":"https:\/\/www.eldigitaldeasturias.com\/noticias\/category\/actualidad\/#listItem","position":2,"name":"Actualidad","item":"https:\/\/www.eldigitaldeasturias.com\/noticias\/category\/actualidad\/","nextItem":{"@type":"ListItem","@id":"https:\/\/www.eldigitaldeasturias.com\/noticias\/el-parlamento-nicaraguense-debatira-la-reforma-que-permitiria-la-reeleccion-de-ortega\/#listItem","name":"El Parlamento nicarag\u00fcense debatir\u00e1 la reforma que permitir\u00eda la reelecci\u00f3n de Ortega"},"previousItem":{"@type":"ListItem","@id":"https:\/\/www.eldigitaldeasturias.com\/noticias#listItem","name":"Home"}},{"@type":"ListItem","@id":"https:\/\/www.eldigitaldeasturias.com\/noticias\/el-parlamento-nicaraguense-debatira-la-reforma-que-permitiria-la-reeleccion-de-ortega\/#listItem","position":3,"name":"El Parlamento nicarag\u00fcense debatir\u00e1 la reforma que permitir\u00eda la reelecci\u00f3n de Ortega","previousItem":{"@type":"ListItem","@id":"https:\/\/www.eldigitaldeasturias.com\/noticias\/category\/actualidad\/#listItem","name":"Actualidad"}}]},{"@type":"Organization","@id":"https:\/\/www.eldigitaldeasturias.com\/noticias\/#organization","name":"El Digital de Asturias","description":"Hemeroteca","url":"https:\/\/www.eldigitaldeasturias.com\/noticias\/","email":"info@eldigitaldeasturias.com","telephone":"+34652131393","logo":{"@type":"ImageObject","url":"https:\/\/www.eldigitaldeasturias.com\/noticias\/wp-content\/uploads\/2020\/12\/EDA.jpg","@id":"https:\/\/www.eldigitaldeasturias.com\/noticias\/el-parlamento-nicaraguense-debatira-la-reforma-que-permitiria-la-reeleccion-de-ortega\/#organizationLogo"},"image":{"@id":"https:\/\/www.eldigitaldeasturias.com\/noticias\/el-parlamento-nicaraguense-debatira-la-reforma-que-permitiria-la-reeleccion-de-ortega\/#organizationLogo"},"sameAs":["https:\/\/facebook.com\/eldigitaldeasturias","https:\/\/www.youtube.com\/channel\/UCZP-2wLEB9Rv6erhFmqVnvg"],"address":{"@id":"https:\/\/www.eldigitaldeasturias.com\/noticias\/#postaladdress","@type":"PostalAddress","streetAddress":"san antonio 4","postalCode":"33430","addressLocality":"Cand\u00e1s","addressRegion":"Asturias","addressCountry":"ES"}},{"@type":"Person","@id":"https:\/\/www.eldigitaldeasturias.com\/noticias\/author\/admin\/#author","url":"https:\/\/www.eldigitaldeasturias.com\/noticias\/author\/admin\/","name":"El Digital de Asturias","image":{"@type":"ImageObject","@id":"https:\/\/www.eldigitaldeasturias.com\/noticias\/el-parlamento-nicaraguense-debatira-la-reforma-que-permitiria-la-reeleccion-de-ortega\/#authorImage","url":"https:\/\/secure.gravatar.com\/avatar\/df2aeffc32bcd13f8d26072ef8a91b623d677766deac7f97ca815868cd41bf5e?s=96&d=mm&r=g","width":96,"height":96,"caption":"El Digital de Asturias"}},{"@type":"WebPage","@id":"https:\/\/www.eldigitaldeasturias.com\/noticias\/el-parlamento-nicaraguense-debatira-la-reforma-que-permitiria-la-reeleccion-de-ortega\/#webpage","url":"https:\/\/www.eldigitaldeasturias.com\/noticias\/el-parlamento-nicaraguense-debatira-la-reforma-que-permitiria-la-reeleccion-de-ortega\/","name":"El Parlamento nicarag\u00fcense debatir\u00e1 la reforma que permitir\u00eda la reelecci\u00f3n de Ortega - El Digital de Asturias","description":"Managua, 27 ene (EFE).- El pleno de la Asamblea Nacional de Nicaragua debatir\u00e1 ma\u00f1ana, martes, en segunda y definitiva instancia un proyecto de reforma parcial a la Constituci\u00f3n, impulsada por el oficialismo, que le otorga m\u00e1s poderes al presidente del pa\u00eds, Daniel Ortega, y a los militares, informaron hoy fuentes legislativas. La reforma, aprobada en","inLanguage":"es-ES","isPartOf":{"@id":"https:\/\/www.eldigitaldeasturias.com\/noticias\/#website"},"breadcrumb":{"@id":"https:\/\/www.eldigitaldeasturias.com\/noticias\/el-parlamento-nicaraguense-debatira-la-reforma-que-permitiria-la-reeleccion-de-ortega\/#breadcrumblist"},"author":{"@id":"https:\/\/www.eldigitaldeasturias.com\/noticias\/author\/admin\/#author"},"creator":{"@id":"https:\/\/www.eldigitaldeasturias.com\/noticias\/author\/admin\/#author"},"image":{"@type":"ImageObject","url":"https:\/\/www.eldigitaldeasturias.com\/noticias\/wp-content\/uploads\/2026\/06\/Contenidos.jpg","@id":"https:\/\/www.eldigitaldeasturias.com\/noticias\/el-parlamento-nicaraguense-debatira-la-reforma-que-permitiria-la-reeleccion-de-ortega\/#mainImage","width":1265,"height":697,"caption":"Contenidos"},"primaryImageOfPage":{"@id":"https:\/\/www.eldigitaldeasturias.com\/noticias\/el-parlamento-nicaraguense-debatira-la-reforma-que-permitiria-la-reeleccion-de-ortega\/#mainImage"},"datePublished":"2014-01-29T00:28:56+01:00","dateModified":"2014-01-29T00:28:56+01:00"},{"@type":"WebSite","@id":"https:\/\/www.eldigitaldeasturias.com\/noticias\/#website","url":"https:\/\/www.eldigitaldeasturias.com\/noticias\/","name":"El Digital de Asturias - Diario de actualidad y noticias","alternateName":"El Digital de Asturias - Diario de actualidad y noticias","description":"Hemeroteca","inLanguage":"es-ES","publisher":{"@id":"https:\/\/www.eldigitaldeasturias.com\/noticias\/#organization"}}]},"og:locale":"es_ES","og:site_name":"El Digital de Asturias","og:type":"article","og:title":"El Parlamento nicarag\u00fcense debatir\u00e1 la reforma que permitir\u00eda la reelecci\u00f3n de Ortega - El Digital de Asturias","og:description":"Managua, 27 ene (EFE).- El pleno de la Asamblea Nacional de Nicaragua debatir\u00e1 ma\u00f1ana, martes, en segunda y definitiva instancia un proyecto de reforma parcial a la Constituci\u00f3n, impulsada por el oficialismo, que le otorga m\u00e1s poderes al presidente del pa\u00eds, Daniel Ortega, y a los militares, informaron hoy fuentes legislativas. La reforma, aprobada en","og:url":"https:\/\/www.eldigitaldeasturias.com\/noticias\/el-parlamento-nicaraguense-debatira-la-reforma-que-permitiria-la-reeleccion-de-ortega\/","og:image":"https:\/\/www.eldigitaldeasturias.com\/noticias\/wp-content\/uploads\/2026\/06\/Contenidos.jpg","og:image:secure_url":"https:\/\/www.eldigitaldeasturias.com\/noticias\/wp-content\/uploads\/2026\/06\/Contenidos.jpg","og:image:width":1265,"og:image:height":697,"article:tag":["actualidad"],"article:published_time":"2014-01-29T01:28:56+00:00","article:modified_time":"2014-01-29T01:28:56+00:00","article:publisher":"https:\/\/facebook.com\/eldigitaldeasturias","twitter:card":"summary_large_image","twitter:title":"El Parlamento nicarag\u00fcense debatir\u00e1 la reforma que permitir\u00eda la reelecci\u00f3n de Ortega - El Digital de Asturias","twitter:description":"Managua, 27 ene (EFE).- El pleno de la Asamblea Nacional de Nicaragua debatir\u00e1 ma\u00f1ana, martes, en segunda y definitiva instancia un proyecto de reforma parcial a la Constituci\u00f3n, impulsada por el oficialismo, que le otorga m\u00e1s poderes al presidente del pa\u00eds, Daniel Ortega, y a los militares, informaron hoy fuentes legislativas. La reforma, aprobada en","twitter:image":"https:\/\/www.eldigitaldeasturias.com\/noticias\/wp-content\/uploads\/2026\/06\/Contenidos.jpg","twitter:label1":"Escrito por","twitter:data1":"El Digital de Asturias","twitter:label2":"Tiempo de lectura estimado","twitter:data2":"2 minutos"},"aioseo_meta_data":{"post_id":"479791","title":null,"description":null,"keywords":null,"keyphrases":null,"primary_term":null,"canonical_url":null,"og_title":null,"og_description":null,"og_object_type":"default","og_image_type":"default","og_image_url":null,"og_image_width":null,"og_image_height":null,"og_image_custom_url":null,"og_image_custom_fields":null,"og_video":null,"og_custom_url":null,"og_article_section":null,"og_article_tags":null,"twitter_use_og":true,"twitter_card":"default","twitter_image_type":"default","twitter_image_url":null,"twitter_image_custom_url":null,"twitter_image_custom_fields":null,"twitter_title":null,"twitter_description":null,"schema":{"blockGraphs":[],"customGraphs":[],"default":{"data":{"Article":[],"Course":[],"Dataset":[],"FAQPage":[],"Movie":[],"Person":[],"Product":[],"ProductReview":[],"Car":[],"Recipe":[],"Service":[],"SoftwareApplication":[],"WebPage":[]},"graphName":"","isEnabled":true},"graphs":[],"defaultGraph":"","defaultPostTypeGraph":""},"schema_type":null,"schema_type_options":null,"pillar_content":false,"robots_default":true,"robots_noindex":false,"robots_noarchive":false,"robots_nosnippet":false,"robots_nofollow":false,"robots_noimageindex":false,"robots_noodp":false,"robots_notranslate":false,"robots_max_snippet":null,"robots_max_videopreview":null,"robots_max_imagepreview":"none","priority":null,"frequency":null,"local_seo":null,"seo_analyzer_scan_date":"2026-06-02 01:38:48","breadcrumb_settings":null,"limit_modified_date":false,"open_ai":null,"ai":null,"created":"2020-11-14 22:54:06","updated":"2026-06-02 01:38:48","focus_keyword":null,"additional_keywords":null,"truseo_locale":null},"aioseo_breadcrumb":"<div class=\"aioseo-breadcrumbs\"><span class=\"aioseo-breadcrumb\">\n\t<a href=\"https:\/\/www.eldigitaldeasturias.com\/noticias\" title=\"Home\">Home<\/a>\n<\/span><span class=\"aioseo-breadcrumb-separator\">\u2013<\/span><span class=\"aioseo-breadcrumb\">\n\t<a href=\"https:\/\/www.eldigitaldeasturias.com\/noticias\/category\/actualidad\/\" title=\"Actualidad\">Actualidad<\/a>\n<\/span><span class=\"aioseo-breadcrumb-separator\">\u2013<\/span><span class=\"aioseo-breadcrumb\">\n\t<a href=\"https:\/\/www.eldigitaldeasturias.com\/noticias\/el-parlamento-nicaraguense-debatira-la-reforma-que-permitiria-la-reeleccion-de-ortega\/\" title=\"El Parlamento nicarag\u00fcense debatir\u00e1 la reforma que permitir\u00eda la reelecci\u00f3n de Ortega\">El Parlamento nicarag\u00fcense debatir\u00e1 la reforma que permitir\u00eda la reelecci\u00f3n de Ortega<\/a>\n<\/span><\/div>","aioseo_breadcrumb_json":[{"label":"Home","link":"https:\/\/www.eldigitaldeasturias.com\/noticias"},{"label":"Actualidad","link":"https:\/\/www.eldigitaldeasturias.com\/noticias\/category\/actualidad\/"},{"label":"El Parlamento nicarag\u00fcense debatir\u00e1 la reforma que permitir\u00eda la reelecci\u00f3n de Ortega","link":"https:\/\/www.eldigitaldeasturias.com\/noticias\/el-parlamento-nicaraguense-debatira-la-reforma-que-permitiria-la-reeleccion-de-ortega\/"}],"_links":{"self":[{"href":"https:\/\/www.eldigitaldeasturias.com\/noticias\/wp-json\/wp\/v2\/posts\/479791","targetHints":{"allow":["GET"]}}],"collection":[{"href":"https:\/\/www.eldigitaldeasturias.com\/noticias\/wp-json\/wp\/v2\/posts"}],"about":[{"href":"https:\/\/www.eldigitaldeasturias.com\/noticias\/wp-json\/wp\/v2\/types\/post"}],"author":[{"embeddable":true,"href":"https:\/\/www.eldigitaldeasturias.com\/noticias\/wp-json\/wp\/v2\/users\/1"}],"replies":[{"embeddable":true,"href":"https:\/\/www.eldigitaldeasturias.com\/noticias\/wp-json\/wp\/v2\/comments?post=479791"}],"version-history":[{"count":0,"href":"https:\/\/www.eldigitaldeasturias.com\/noticias\/wp-json\/wp\/v2\/posts\/479791\/revisions"}],"wp:featuredmedia":[{"embeddable":true,"href":"https:\/\/www.eldigitaldeasturias.com\/noticias\/wp-json\/wp\/v2\/media\/1132184"}],"wp:attachment":[{"href":"https:\/\/www.eldigitaldeasturias.com\/noticias\/wp-json\/wp\/v2\/media?parent=479791"}],"wp:term":[{"taxonomy":"category","embeddable":true,"href":"https:\/\/www.eldigitaldeasturias.com\/noticias\/wp-json\/wp\/v2\/categories?post=479791"},{"taxonomy":"post_tag","embeddable":true,"href":"https:\/\/www.eldigitaldeasturias.com\/noticias\/wp-json\/wp\/v2\/tags?post=479791"}],"curies":[{"name":"wp","href":"https:\/\/api.w.org\/{rel}","templated":true}]}}