{"id":479781,"date":"2014-01-29T00:15:03","date_gmt":"2014-01-29T01:15:03","guid":{"rendered":"http:\/\/www.eldigitaldeasturias.com\/noticias\/?p=479781"},"modified":"2014-01-29T00:15:03","modified_gmt":"2014-01-29T01:15:03","slug":"oliver-torres-entre-tres-y-cuatro-semanas-de-baja","status":"publish","type":"post","link":"https:\/\/www.eldigitaldeasturias.com\/noticias\/oliver-torres-entre-tres-y-cuatro-semanas-de-baja\/","title":{"rendered":"\u00d3liver Torres, entre tres y cuatro semanas de baja"},"content":{"rendered":"<p><img loading=\"lazy\" decoding=\"async\" class=\"alignleft size-medium wp-image-479782\" alt=\"5880118w\" src=\"https:\/\/www.eldigitaldeasturias.com\/noticias\/wp-content\/uploads\/2014\/01\/5880118w-360x239.jpg\" width=\"360\" height=\"239\" \/>Madrid, 27 ene (EFE).- \u00d3liver Torres, centrocampista del Atl\u00e9tico de Madrid, estar\u00e1 entre tres y cuatro semanas de baja por una luxaci\u00f3n del hombro izquierdo, seg\u00fan confirm\u00f3 hoy el futbolista en las redes sociales, despu\u00e9s de sufrir esa lesi\u00f3n nada m\u00e1s entrar al terreno de juego en el partido frente al Rayo Vallecano.<\/p>\n<p>\u00abAl final por suerte s\u00f3lo fue una luxaci\u00f3n del hombro izquierdo. Los m\u00e9dicos dicen que 3-4 semanas\u00bb, escribi\u00f3 este lunes el jugador en su cuenta oficial de &#8216;twitter&#8217;, en la que a\u00f1adi\u00f3: \u00abMe levanto con pena porque no pude disfrutar los minutos como me hubiera gustado, pero con alegr\u00eda porque ya queda menos para volver\u00bb.<\/p>\n<p>El futbolista, con ese periodo estimado de baja, se perder\u00eda al menos los tres pr\u00f3ximos partidos de Liga frente a la Real Sociedad, el Almer\u00eda y el Valladolid, adem\u00e1s del encuentro de ida de los octavos de final de la Liga de Campeones con el Milan en San Siro.<\/p>\n<p>\u00d3liver se lesion\u00f3 anoche en el estadio de Vallecas. Entr\u00f3 al campo en el minuto 60 por el argentino Jos\u00e9 Sosa, pero sufri\u00f3 una luxaci\u00f3n de hombro pr\u00e1cticamente en la primera jugada en la que intervino en el encuentro, fue atendido en la banda y retirado en camilla al vestuario. Le sustituy\u00f3 Cristian Rodr\u00edguez en el minuto 64.<\/p>\n<p>Posteriormente, el centrocampista fue trasladado a la cl\u00ednica Fremap de Majadahonda y despu\u00e9s a su domicilio, donde pas\u00f3 la noche con el hombro inmovilizado.<\/p>\n","protected":false},"excerpt":{"rendered":"<p>Madrid, 27 ene (EFE).- \u00d3liver Torres, centrocampista del Atl\u00e9tico de Madrid, estar\u00e1 entre tres y cuatro semanas de baja por una luxaci\u00f3n del hombro izquierdo, seg\u00fan confirm\u00f3 hoy el futbolista en las redes sociales, despu\u00e9s de sufrir esa lesi\u00f3n nada m\u00e1s entrar al terreno de juego en el partido frente al Rayo Vallecano. \u00abAl final [&hellip;]<\/p>\n","protected":false},"author":1,"featured_media":1132184,"comment_status":"closed","ping_status":"open","sticky":false,"template":"","format":"standard","meta":{"footnotes":""},"categories":[1],"tags":[],"class_list":["post-479781","post","type-post","status-publish","format-standard","has-post-thumbnail","hentry","category-actualidad"],"aioseo_notices":[],"aioseo_head":"\n\t\t<!-- All in One SEO Pro 5.0.1 - aioseo.com -->\n\t<meta name=\"description\" content=\"Madrid, 27 ene (EFE).- \u00d3liver Torres, centrocampista del Atl\u00e9tico de Madrid, estar\u00e1 entre tres y cuatro semanas de baja por una luxaci\u00f3n del hombro izquierdo, seg\u00fan confirm\u00f3 hoy el futbolista en las redes sociales, despu\u00e9s de sufrir esa lesi\u00f3n nada m\u00e1s entrar al terreno de juego en el partido frente al Rayo Vallecano. &quot;Al final\" \/>\n\t<meta name=\"robots\" content=\"max-image-preview:large\" \/>\n\t<meta name=\"author\" content=\"El Digital de Asturias\"\/>\n\t<meta name=\"google-site-verification\" content=\"UA-38556648-1\" \/>\n\t<meta name=\"msvalidate.01\" content=\"7dfe9f3f1b24437ab69f4f2559babe99\" \/>\n\t<meta name=\"keywords\" content=\"actualidad\" \/>\n\t<link rel=\"canonical\" href=\"https:\/\/www.eldigitaldeasturias.com\/noticias\/oliver-torres-entre-tres-y-cuatro-semanas-de-baja\/\" \/>\n\t<meta name=\"generator\" content=\"All in One SEO Pro (AIOSEO) 5.0.1\" \/>\n\t\t<meta property=\"og:locale\" content=\"es_ES\" \/>\n\t\t<meta property=\"og:site_name\" content=\"El Digital de Asturias\" \/>\n\t\t<meta property=\"og:type\" content=\"article\" \/>\n\t\t<meta property=\"og:title\" content=\"\u00d3liver Torres, entre tres y cuatro semanas de baja - El Digital de Asturias\" \/>\n\t\t<meta property=\"og:description\" content=\"Madrid, 27 ene (EFE).- \u00d3liver Torres, centrocampista del Atl\u00e9tico de Madrid, estar\u00e1 entre tres y cuatro semanas de baja por una luxaci\u00f3n del hombro izquierdo, seg\u00fan confirm\u00f3 hoy el futbolista en las redes sociales, despu\u00e9s de sufrir esa lesi\u00f3n nada m\u00e1s entrar al terreno de juego en el partido frente al Rayo Vallecano. &quot;Al final\" \/>\n\t\t<meta property=\"og:url\" content=\"https:\/\/www.eldigitaldeasturias.com\/noticias\/oliver-torres-entre-tres-y-cuatro-semanas-de-baja\/\" \/>\n\t\t<meta property=\"og:image\" content=\"https:\/\/www.eldigitaldeasturias.com\/noticias\/wp-content\/uploads\/2026\/06\/Contenidos.jpg\" \/>\n\t\t<meta property=\"og:image:secure_url\" content=\"https:\/\/www.eldigitaldeasturias.com\/noticias\/wp-content\/uploads\/2026\/06\/Contenidos.jpg\" \/>\n\t\t<meta property=\"og:image:width\" content=\"1265\" \/>\n\t\t<meta property=\"og:image:height\" content=\"697\" \/>\n\t\t<meta property=\"article:tag\" content=\"actualidad\" \/>\n\t\t<meta property=\"article:published_time\" content=\"2014-01-29T01:15:03+00:00\" \/>\n\t\t<meta property=\"article:modified_time\" content=\"2014-01-29T01:15:03+00:00\" \/>\n\t\t<meta property=\"article:publisher\" content=\"https:\/\/facebook.com\/eldigitaldeasturias\" \/>\n\t\t<meta name=\"twitter:card\" content=\"summary_large_image\" \/>\n\t\t<meta name=\"twitter:title\" content=\"\u00d3liver Torres, entre tres y cuatro semanas de baja - El Digital de Asturias\" \/>\n\t\t<meta name=\"twitter:description\" content=\"Madrid, 27 ene (EFE).- \u00d3liver Torres, centrocampista del Atl\u00e9tico de Madrid, estar\u00e1 entre tres y cuatro semanas de baja por una luxaci\u00f3n del hombro izquierdo, seg\u00fan confirm\u00f3 hoy el futbolista en las redes sociales, despu\u00e9s de sufrir esa lesi\u00f3n nada m\u00e1s entrar al terreno de juego en el partido frente al Rayo Vallecano. &quot;Al final\" \/>\n\t\t<meta name=\"twitter:image\" content=\"https:\/\/www.eldigitaldeasturias.com\/noticias\/wp-content\/uploads\/2026\/06\/Contenidos.jpg\" \/>\n\t\t<meta name=\"twitter:label1\" content=\"Escrito por\" \/>\n\t\t<meta name=\"twitter:data1\" content=\"El Digital de Asturias\" \/>\n\t\t<meta name=\"twitter:label2\" content=\"Tiempo de lectura estimado\" \/>\n\t\t<meta name=\"twitter:data2\" content=\"1 minuto\" \/>\n\t\t<script type=\"application\/ld+json\" class=\"aioseo-schema\">\n\t\t\t{\"@context\":\"https:\\\/\\\/schema.org\",\"@graph\":[{\"@type\":\"BlogPosting\",\"@id\":\"https:\\\/\\\/www.eldigitaldeasturias.com\\\/noticias\\\/oliver-torres-entre-tres-y-cuatro-semanas-de-baja\\\/#blogposting\",\"name\":\"\\u00d3liver Torres, entre tres y cuatro semanas de baja - El Digital de Asturias\",\"headline\":\"\\u00d3liver Torres, entre tres y cuatro semanas de baja\",\"author\":{\"@id\":\"https:\\\/\\\/www.eldigitaldeasturias.com\\\/noticias\\\/author\\\/admin\\\/#author\"},\"publisher\":{\"@id\":\"https:\\\/\\\/www.eldigitaldeasturias.com\\\/noticias\\\/#organization\"},\"image\":{\"@type\":\"ImageObject\",\"url\":\"https:\\\/\\\/www.eldigitaldeasturias.com\\\/noticias\\\/wp-content\\\/uploads\\\/2026\\\/06\\\/Contenidos.jpg\",\"width\":1265,\"height\":697,\"caption\":\"Contenidos\"},\"datePublished\":\"2014-01-29T00:15:03+01:00\",\"dateModified\":\"2014-01-29T00:15:03+01:00\",\"inLanguage\":\"es-ES\",\"mainEntityOfPage\":{\"@id\":\"https:\\\/\\\/www.eldigitaldeasturias.com\\\/noticias\\\/oliver-torres-entre-tres-y-cuatro-semanas-de-baja\\\/#webpage\"},\"isPartOf\":{\"@id\":\"https:\\\/\\\/www.eldigitaldeasturias.com\\\/noticias\\\/oliver-torres-entre-tres-y-cuatro-semanas-de-baja\\\/#webpage\"},\"articleSection\":\"Actualidad\"},{\"@type\":\"BreadcrumbList\",\"@id\":\"https:\\\/\\\/www.eldigitaldeasturias.com\\\/noticias\\\/oliver-torres-entre-tres-y-cuatro-semanas-de-baja\\\/#breadcrumblist\",\"itemListElement\":[{\"@type\":\"ListItem\",\"@id\":\"https:\\\/\\\/www.eldigitaldeasturias.com\\\/noticias#listItem\",\"position\":1,\"name\":\"Home\",\"item\":\"https:\\\/\\\/www.eldigitaldeasturias.com\\\/noticias\",\"nextItem\":{\"@type\":\"ListItem\",\"@id\":\"https:\\\/\\\/www.eldigitaldeasturias.com\\\/noticias\\\/category\\\/actualidad\\\/#listItem\",\"name\":\"Actualidad\"}},{\"@type\":\"ListItem\",\"@id\":\"https:\\\/\\\/www.eldigitaldeasturias.com\\\/noticias\\\/category\\\/actualidad\\\/#listItem\",\"position\":2,\"name\":\"Actualidad\",\"item\":\"https:\\\/\\\/www.eldigitaldeasturias.com\\\/noticias\\\/category\\\/actualidad\\\/\",\"nextItem\":{\"@type\":\"ListItem\",\"@id\":\"https:\\\/\\\/www.eldigitaldeasturias.com\\\/noticias\\\/oliver-torres-entre-tres-y-cuatro-semanas-de-baja\\\/#listItem\",\"name\":\"\\u00d3liver Torres, entre tres y cuatro semanas de baja\"},\"previousItem\":{\"@type\":\"ListItem\",\"@id\":\"https:\\\/\\\/www.eldigitaldeasturias.com\\\/noticias#listItem\",\"name\":\"Home\"}},{\"@type\":\"ListItem\",\"@id\":\"https:\\\/\\\/www.eldigitaldeasturias.com\\\/noticias\\\/oliver-torres-entre-tres-y-cuatro-semanas-de-baja\\\/#listItem\",\"position\":3,\"name\":\"\\u00d3liver Torres, entre tres y cuatro semanas de baja\",\"previousItem\":{\"@type\":\"ListItem\",\"@id\":\"https:\\\/\\\/www.eldigitaldeasturias.com\\\/noticias\\\/category\\\/actualidad\\\/#listItem\",\"name\":\"Actualidad\"}}]},{\"@type\":\"Organization\",\"@id\":\"https:\\\/\\\/www.eldigitaldeasturias.com\\\/noticias\\\/#organization\",\"name\":\"El Digital de Asturias\",\"description\":\"Hemeroteca\",\"url\":\"https:\\\/\\\/www.eldigitaldeasturias.com\\\/noticias\\\/\",\"email\":\"info@eldigitaldeasturias.com\",\"telephone\":\"+34652131393\",\"logo\":{\"@type\":\"ImageObject\",\"url\":\"https:\\\/\\\/www.eldigitaldeasturias.com\\\/noticias\\\/wp-content\\\/uploads\\\/2020\\\/12\\\/EDA.jpg\",\"@id\":\"https:\\\/\\\/www.eldigitaldeasturias.com\\\/noticias\\\/oliver-torres-entre-tres-y-cuatro-semanas-de-baja\\\/#organizationLogo\"},\"image\":{\"@id\":\"https:\\\/\\\/www.eldigitaldeasturias.com\\\/noticias\\\/oliver-torres-entre-tres-y-cuatro-semanas-de-baja\\\/#organizationLogo\"},\"sameAs\":[\"https:\\\/\\\/facebook.com\\\/eldigitaldeasturias\",\"https:\\\/\\\/www.youtube.com\\\/channel\\\/UCZP-2wLEB9Rv6erhFmqVnvg\"],\"address\":{\"@id\":\"https:\\\/\\\/www.eldigitaldeasturias.com\\\/noticias\\\/#postaladdress\",\"@type\":\"PostalAddress\",\"streetAddress\":\"san antonio 4\",\"postalCode\":\"33430\",\"addressLocality\":\"Cand\\u00e1s\",\"addressRegion\":\"Asturias\",\"addressCountry\":\"ES\"}},{\"@type\":\"Person\",\"@id\":\"https:\\\/\\\/www.eldigitaldeasturias.com\\\/noticias\\\/author\\\/admin\\\/#author\",\"url\":\"https:\\\/\\\/www.eldigitaldeasturias.com\\\/noticias\\\/author\\\/admin\\\/\",\"name\":\"El Digital de Asturias\",\"image\":{\"@type\":\"ImageObject\",\"@id\":\"https:\\\/\\\/www.eldigitaldeasturias.com\\\/noticias\\\/oliver-torres-entre-tres-y-cuatro-semanas-de-baja\\\/#authorImage\",\"url\":\"https:\\\/\\\/secure.gravatar.com\\\/avatar\\\/df2aeffc32bcd13f8d26072ef8a91b623d677766deac7f97ca815868cd41bf5e?s=96&d=mm&r=g\",\"width\":96,\"height\":96,\"caption\":\"El Digital de Asturias\"}},{\"@type\":\"WebPage\",\"@id\":\"https:\\\/\\\/www.eldigitaldeasturias.com\\\/noticias\\\/oliver-torres-entre-tres-y-cuatro-semanas-de-baja\\\/#webpage\",\"url\":\"https:\\\/\\\/www.eldigitaldeasturias.com\\\/noticias\\\/oliver-torres-entre-tres-y-cuatro-semanas-de-baja\\\/\",\"name\":\"\\u00d3liver Torres, entre tres y cuatro semanas de baja - El Digital de Asturias\",\"description\":\"Madrid, 27 ene (EFE).- \\u00d3liver Torres, centrocampista del Atl\\u00e9tico de Madrid, estar\\u00e1 entre tres y cuatro semanas de baja por una luxaci\\u00f3n del hombro izquierdo, seg\\u00fan confirm\\u00f3 hoy el futbolista en las redes sociales, despu\\u00e9s de sufrir esa lesi\\u00f3n nada m\\u00e1s entrar al terreno de juego en el partido frente al Rayo Vallecano. \\\"Al final\",\"inLanguage\":\"es-ES\",\"isPartOf\":{\"@id\":\"https:\\\/\\\/www.eldigitaldeasturias.com\\\/noticias\\\/#website\"},\"breadcrumb\":{\"@id\":\"https:\\\/\\\/www.eldigitaldeasturias.com\\\/noticias\\\/oliver-torres-entre-tres-y-cuatro-semanas-de-baja\\\/#breadcrumblist\"},\"author\":{\"@id\":\"https:\\\/\\\/www.eldigitaldeasturias.com\\\/noticias\\\/author\\\/admin\\\/#author\"},\"creator\":{\"@id\":\"https:\\\/\\\/www.eldigitaldeasturias.com\\\/noticias\\\/author\\\/admin\\\/#author\"},\"image\":{\"@type\":\"ImageObject\",\"url\":\"https:\\\/\\\/www.eldigitaldeasturias.com\\\/noticias\\\/wp-content\\\/uploads\\\/2026\\\/06\\\/Contenidos.jpg\",\"@id\":\"https:\\\/\\\/www.eldigitaldeasturias.com\\\/noticias\\\/oliver-torres-entre-tres-y-cuatro-semanas-de-baja\\\/#mainImage\",\"width\":1265,\"height\":697,\"caption\":\"Contenidos\"},\"primaryImageOfPage\":{\"@id\":\"https:\\\/\\\/www.eldigitaldeasturias.com\\\/noticias\\\/oliver-torres-entre-tres-y-cuatro-semanas-de-baja\\\/#mainImage\"},\"datePublished\":\"2014-01-29T00:15:03+01:00\",\"dateModified\":\"2014-01-29T00:15:03+01:00\"},{\"@type\":\"WebSite\",\"@id\":\"https:\\\/\\\/www.eldigitaldeasturias.com\\\/noticias\\\/#website\",\"url\":\"https:\\\/\\\/www.eldigitaldeasturias.com\\\/noticias\\\/\",\"name\":\"El Digital de Asturias - Diario de actualidad y noticias\",\"alternateName\":\"El Digital de Asturias - Diario de actualidad y noticias\",\"description\":\"Hemeroteca\",\"inLanguage\":\"es-ES\",\"publisher\":{\"@id\":\"https:\\\/\\\/www.eldigitaldeasturias.com\\\/noticias\\\/#organization\"}}]}\n\t\t<\/script>\n\t\t<!-- All in One SEO Pro -->\r\n\t\t<title>\u00d3liver Torres, entre tres y cuatro semanas de baja - El Digital de Asturias<\/title>\n\n","aioseo_head_json":{"title":"\u00d3liver Torres, entre tres y cuatro semanas de baja - El Digital de Asturias","description":"Madrid, 27 ene (EFE).- \u00d3liver Torres, centrocampista del Atl\u00e9tico de Madrid, estar\u00e1 entre tres y cuatro semanas de baja por una luxaci\u00f3n del hombro izquierdo, seg\u00fan confirm\u00f3 hoy el futbolista en las redes sociales, despu\u00e9s de sufrir esa lesi\u00f3n nada m\u00e1s entrar al terreno de juego en el partido frente al Rayo Vallecano. \"Al final","canonical_url":"https:\/\/www.eldigitaldeasturias.com\/noticias\/oliver-torres-entre-tres-y-cuatro-semanas-de-baja\/","robots":"max-image-preview:large","keywords":"actualidad","webmasterTools":{"google-site-verification":"UA-38556648-1","msvalidate.01":"7dfe9f3f1b24437ab69f4f2559babe99","miscellaneous":""},"schema":{"@context":"https:\/\/schema.org","@graph":[{"@type":"BlogPosting","@id":"https:\/\/www.eldigitaldeasturias.com\/noticias\/oliver-torres-entre-tres-y-cuatro-semanas-de-baja\/#blogposting","name":"\u00d3liver Torres, entre tres y cuatro semanas de baja - El Digital de Asturias","headline":"\u00d3liver Torres, entre tres y cuatro semanas de baja","author":{"@id":"https:\/\/www.eldigitaldeasturias.com\/noticias\/author\/admin\/#author"},"publisher":{"@id":"https:\/\/www.eldigitaldeasturias.com\/noticias\/#organization"},"image":{"@type":"ImageObject","url":"https:\/\/www.eldigitaldeasturias.com\/noticias\/wp-content\/uploads\/2026\/06\/Contenidos.jpg","width":1265,"height":697,"caption":"Contenidos"},"datePublished":"2014-01-29T00:15:03+01:00","dateModified":"2014-01-29T00:15:03+01:00","inLanguage":"es-ES","mainEntityOfPage":{"@id":"https:\/\/www.eldigitaldeasturias.com\/noticias\/oliver-torres-entre-tres-y-cuatro-semanas-de-baja\/#webpage"},"isPartOf":{"@id":"https:\/\/www.eldigitaldeasturias.com\/noticias\/oliver-torres-entre-tres-y-cuatro-semanas-de-baja\/#webpage"},"articleSection":"Actualidad"},{"@type":"BreadcrumbList","@id":"https:\/\/www.eldigitaldeasturias.com\/noticias\/oliver-torres-entre-tres-y-cuatro-semanas-de-baja\/#breadcrumblist","itemListElement":[{"@type":"ListItem","@id":"https:\/\/www.eldigitaldeasturias.com\/noticias#listItem","position":1,"name":"Home","item":"https:\/\/www.eldigitaldeasturias.com\/noticias","nextItem":{"@type":"ListItem","@id":"https:\/\/www.eldigitaldeasturias.com\/noticias\/category\/actualidad\/#listItem","name":"Actualidad"}},{"@type":"ListItem","@id":"https:\/\/www.eldigitaldeasturias.com\/noticias\/category\/actualidad\/#listItem","position":2,"name":"Actualidad","item":"https:\/\/www.eldigitaldeasturias.com\/noticias\/category\/actualidad\/","nextItem":{"@type":"ListItem","@id":"https:\/\/www.eldigitaldeasturias.com\/noticias\/oliver-torres-entre-tres-y-cuatro-semanas-de-baja\/#listItem","name":"\u00d3liver Torres, entre tres y cuatro semanas de baja"},"previousItem":{"@type":"ListItem","@id":"https:\/\/www.eldigitaldeasturias.com\/noticias#listItem","name":"Home"}},{"@type":"ListItem","@id":"https:\/\/www.eldigitaldeasturias.com\/noticias\/oliver-torres-entre-tres-y-cuatro-semanas-de-baja\/#listItem","position":3,"name":"\u00d3liver Torres, entre tres y cuatro semanas de baja","previousItem":{"@type":"ListItem","@id":"https:\/\/www.eldigitaldeasturias.com\/noticias\/category\/actualidad\/#listItem","name":"Actualidad"}}]},{"@type":"Organization","@id":"https:\/\/www.eldigitaldeasturias.com\/noticias\/#organization","name":"El Digital de Asturias","description":"Hemeroteca","url":"https:\/\/www.eldigitaldeasturias.com\/noticias\/","email":"info@eldigitaldeasturias.com","telephone":"+34652131393","logo":{"@type":"ImageObject","url":"https:\/\/www.eldigitaldeasturias.com\/noticias\/wp-content\/uploads\/2020\/12\/EDA.jpg","@id":"https:\/\/www.eldigitaldeasturias.com\/noticias\/oliver-torres-entre-tres-y-cuatro-semanas-de-baja\/#organizationLogo"},"image":{"@id":"https:\/\/www.eldigitaldeasturias.com\/noticias\/oliver-torres-entre-tres-y-cuatro-semanas-de-baja\/#organizationLogo"},"sameAs":["https:\/\/facebook.com\/eldigitaldeasturias","https:\/\/www.youtube.com\/channel\/UCZP-2wLEB9Rv6erhFmqVnvg"],"address":{"@id":"https:\/\/www.eldigitaldeasturias.com\/noticias\/#postaladdress","@type":"PostalAddress","streetAddress":"san antonio 4","postalCode":"33430","addressLocality":"Cand\u00e1s","addressRegion":"Asturias","addressCountry":"ES"}},{"@type":"Person","@id":"https:\/\/www.eldigitaldeasturias.com\/noticias\/author\/admin\/#author","url":"https:\/\/www.eldigitaldeasturias.com\/noticias\/author\/admin\/","name":"El Digital de Asturias","image":{"@type":"ImageObject","@id":"https:\/\/www.eldigitaldeasturias.com\/noticias\/oliver-torres-entre-tres-y-cuatro-semanas-de-baja\/#authorImage","url":"https:\/\/secure.gravatar.com\/avatar\/df2aeffc32bcd13f8d26072ef8a91b623d677766deac7f97ca815868cd41bf5e?s=96&d=mm&r=g","width":96,"height":96,"caption":"El Digital de Asturias"}},{"@type":"WebPage","@id":"https:\/\/www.eldigitaldeasturias.com\/noticias\/oliver-torres-entre-tres-y-cuatro-semanas-de-baja\/#webpage","url":"https:\/\/www.eldigitaldeasturias.com\/noticias\/oliver-torres-entre-tres-y-cuatro-semanas-de-baja\/","name":"\u00d3liver Torres, entre tres y cuatro semanas de baja - El Digital de Asturias","description":"Madrid, 27 ene (EFE).- \u00d3liver Torres, centrocampista del Atl\u00e9tico de Madrid, estar\u00e1 entre tres y cuatro semanas de baja por una luxaci\u00f3n del hombro izquierdo, seg\u00fan confirm\u00f3 hoy el futbolista en las redes sociales, despu\u00e9s de sufrir esa lesi\u00f3n nada m\u00e1s entrar al terreno de juego en el partido frente al Rayo Vallecano. \"Al final","inLanguage":"es-ES","isPartOf":{"@id":"https:\/\/www.eldigitaldeasturias.com\/noticias\/#website"},"breadcrumb":{"@id":"https:\/\/www.eldigitaldeasturias.com\/noticias\/oliver-torres-entre-tres-y-cuatro-semanas-de-baja\/#breadcrumblist"},"author":{"@id":"https:\/\/www.eldigitaldeasturias.com\/noticias\/author\/admin\/#author"},"creator":{"@id":"https:\/\/www.eldigitaldeasturias.com\/noticias\/author\/admin\/#author"},"image":{"@type":"ImageObject","url":"https:\/\/www.eldigitaldeasturias.com\/noticias\/wp-content\/uploads\/2026\/06\/Contenidos.jpg","@id":"https:\/\/www.eldigitaldeasturias.com\/noticias\/oliver-torres-entre-tres-y-cuatro-semanas-de-baja\/#mainImage","width":1265,"height":697,"caption":"Contenidos"},"primaryImageOfPage":{"@id":"https:\/\/www.eldigitaldeasturias.com\/noticias\/oliver-torres-entre-tres-y-cuatro-semanas-de-baja\/#mainImage"},"datePublished":"2014-01-29T00:15:03+01:00","dateModified":"2014-01-29T00:15:03+01:00"},{"@type":"WebSite","@id":"https:\/\/www.eldigitaldeasturias.com\/noticias\/#website","url":"https:\/\/www.eldigitaldeasturias.com\/noticias\/","name":"El Digital de Asturias - Diario de actualidad y noticias","alternateName":"El Digital de Asturias - Diario de actualidad y noticias","description":"Hemeroteca","inLanguage":"es-ES","publisher":{"@id":"https:\/\/www.eldigitaldeasturias.com\/noticias\/#organization"}}]},"og:locale":"es_ES","og:site_name":"El Digital de Asturias","og:type":"article","og:title":"\u00d3liver Torres, entre tres y cuatro semanas de baja - El Digital de Asturias","og:description":"Madrid, 27 ene (EFE).- \u00d3liver Torres, centrocampista del Atl\u00e9tico de Madrid, estar\u00e1 entre tres y cuatro semanas de baja por una luxaci\u00f3n del hombro izquierdo, seg\u00fan confirm\u00f3 hoy el futbolista en las redes sociales, despu\u00e9s de sufrir esa lesi\u00f3n nada m\u00e1s entrar al terreno de juego en el partido frente al Rayo Vallecano. &quot;Al final","og:url":"https:\/\/www.eldigitaldeasturias.com\/noticias\/oliver-torres-entre-tres-y-cuatro-semanas-de-baja\/","og:image":"https:\/\/www.eldigitaldeasturias.com\/noticias\/wp-content\/uploads\/2026\/06\/Contenidos.jpg","og:image:secure_url":"https:\/\/www.eldigitaldeasturias.com\/noticias\/wp-content\/uploads\/2026\/06\/Contenidos.jpg","og:image:width":1265,"og:image:height":697,"article:tag":["actualidad"],"article:published_time":"2014-01-29T01:15:03+00:00","article:modified_time":"2014-01-29T01:15:03+00:00","article:publisher":"https:\/\/facebook.com\/eldigitaldeasturias","twitter:card":"summary_large_image","twitter:title":"\u00d3liver Torres, entre tres y cuatro semanas de baja - El Digital de Asturias","twitter:description":"Madrid, 27 ene (EFE).- \u00d3liver Torres, centrocampista del Atl\u00e9tico de Madrid, estar\u00e1 entre tres y cuatro semanas de baja por una luxaci\u00f3n del hombro izquierdo, seg\u00fan confirm\u00f3 hoy el futbolista en las redes sociales, despu\u00e9s de sufrir esa lesi\u00f3n nada m\u00e1s entrar al terreno de juego en el partido frente al Rayo Vallecano. &quot;Al final","twitter:image":"https:\/\/www.eldigitaldeasturias.com\/noticias\/wp-content\/uploads\/2026\/06\/Contenidos.jpg","twitter:label1":"Escrito por","twitter:data1":"El Digital de Asturias","twitter:label2":"Tiempo de lectura estimado","twitter:data2":"1 minuto"},"aioseo_meta_data":{"post_id":"479781","title":null,"description":null,"keywords":null,"keyphrases":null,"primary_term":null,"canonical_url":null,"og_title":null,"og_description":null,"og_object_type":"default","og_image_type":"default","og_image_url":null,"og_image_width":null,"og_image_height":null,"og_image_custom_url":null,"og_image_custom_fields":null,"og_video":null,"og_custom_url":null,"og_article_section":null,"og_article_tags":null,"twitter_use_og":true,"twitter_card":"default","twitter_image_type":"default","twitter_image_url":null,"twitter_image_custom_url":null,"twitter_image_custom_fields":null,"twitter_title":null,"twitter_description":null,"schema":{"blockGraphs":[],"customGraphs":[],"default":{"data":{"Article":[],"Course":[],"Dataset":[],"FAQPage":[],"Movie":[],"Person":[],"Product":[],"ProductReview":[],"Car":[],"Recipe":[],"Service":[],"SoftwareApplication":[],"WebPage":[]},"graphName":"","isEnabled":true},"graphs":[],"defaultGraph":"","defaultPostTypeGraph":""},"schema_type":null,"schema_type_options":null,"pillar_content":false,"robots_default":true,"robots_noindex":false,"robots_noarchive":false,"robots_nosnippet":false,"robots_nofollow":false,"robots_noimageindex":false,"robots_noodp":false,"robots_notranslate":false,"robots_max_snippet":null,"robots_max_videopreview":null,"robots_max_imagepreview":"none","priority":null,"frequency":null,"local_seo":null,"seo_analyzer_scan_date":"2026-06-02 01:36:05","breadcrumb_settings":null,"limit_modified_date":false,"open_ai":null,"ai":null,"created":"2020-11-14 22:54:06","updated":"2026-06-02 01:36:05","focus_keyword":null,"additional_keywords":null,"truseo_locale":null},"aioseo_breadcrumb":"<div class=\"aioseo-breadcrumbs\"><span class=\"aioseo-breadcrumb\">\n\t<a href=\"https:\/\/www.eldigitaldeasturias.com\/noticias\" title=\"Home\">Home<\/a>\n<\/span><span class=\"aioseo-breadcrumb-separator\">\u2013<\/span><span class=\"aioseo-breadcrumb\">\n\t<a href=\"https:\/\/www.eldigitaldeasturias.com\/noticias\/category\/actualidad\/\" title=\"Actualidad\">Actualidad<\/a>\n<\/span><span class=\"aioseo-breadcrumb-separator\">\u2013<\/span><span class=\"aioseo-breadcrumb\">\n\t<a href=\"https:\/\/www.eldigitaldeasturias.com\/noticias\/oliver-torres-entre-tres-y-cuatro-semanas-de-baja\/\" title=\"\u00d3liver Torres, entre tres y cuatro semanas de baja\">\u00d3liver Torres, entre tres y cuatro semanas de baja<\/a>\n<\/span><\/div>","aioseo_breadcrumb_json":[{"label":"Home","link":"https:\/\/www.eldigitaldeasturias.com\/noticias"},{"label":"Actualidad","link":"https:\/\/www.eldigitaldeasturias.com\/noticias\/category\/actualidad\/"},{"label":"\u00d3liver Torres, entre tres y cuatro semanas de baja","link":"https:\/\/www.eldigitaldeasturias.com\/noticias\/oliver-torres-entre-tres-y-cuatro-semanas-de-baja\/"}],"_links":{"self":[{"href":"https:\/\/www.eldigitaldeasturias.com\/noticias\/wp-json\/wp\/v2\/posts\/479781","targetHints":{"allow":["GET"]}}],"collection":[{"href":"https:\/\/www.eldigitaldeasturias.com\/noticias\/wp-json\/wp\/v2\/posts"}],"about":[{"href":"https:\/\/www.eldigitaldeasturias.com\/noticias\/wp-json\/wp\/v2\/types\/post"}],"author":[{"embeddable":true,"href":"https:\/\/www.eldigitaldeasturias.com\/noticias\/wp-json\/wp\/v2\/users\/1"}],"replies":[{"embeddable":true,"href":"https:\/\/www.eldigitaldeasturias.com\/noticias\/wp-json\/wp\/v2\/comments?post=479781"}],"version-history":[{"count":0,"href":"https:\/\/www.eldigitaldeasturias.com\/noticias\/wp-json\/wp\/v2\/posts\/479781\/revisions"}],"wp:featuredmedia":[{"embeddable":true,"href":"https:\/\/www.eldigitaldeasturias.com\/noticias\/wp-json\/wp\/v2\/media\/1132184"}],"wp:attachment":[{"href":"https:\/\/www.eldigitaldeasturias.com\/noticias\/wp-json\/wp\/v2\/media?parent=479781"}],"wp:term":[{"taxonomy":"category","embeddable":true,"href":"https:\/\/www.eldigitaldeasturias.com\/noticias\/wp-json\/wp\/v2\/categories?post=479781"},{"taxonomy":"post_tag","embeddable":true,"href":"https:\/\/www.eldigitaldeasturias.com\/noticias\/wp-json\/wp\/v2\/tags?post=479781"}],"curies":[{"name":"wp","href":"https:\/\/api.w.org\/{rel}","templated":true}]}}