{"id":479778,"date":"2014-01-29T00:13:44","date_gmt":"2014-01-29T01:13:44","guid":{"rendered":"http:\/\/www.eldigitaldeasturias.com\/noticias\/?p=479778"},"modified":"2014-01-29T00:13:44","modified_gmt":"2014-01-29T01:13:44","slug":"falcao-se-aferra-a-las-posibilidades-de-estar-en-el-mundial","status":"publish","type":"post","link":"https:\/\/www.eldigitaldeasturias.com\/noticias\/falcao-se-aferra-a-las-posibilidades-de-estar-en-el-mundial\/","title":{"rendered":"Falcao se aferra a \u00ablas posibilidades\u00bb de estar en el Mundial"},"content":{"rendered":"<p><img loading=\"lazy\" decoding=\"async\" class=\"alignleft size-medium wp-image-479779\" alt=\"5880970w\" src=\"https:\/\/www.eldigitaldeasturias.com\/noticias\/wp-content\/uploads\/2014\/01\/5880970w-360x211.jpg\" width=\"360\" height=\"211\" \/>Lisboa, 27 ene (EFE).- El delantero colombiano del M\u00f3naco Radamel Falcao, operado el s\u00e1bado con \u00e9xito en Oporto (Portugal) de una lesi\u00f3n en el ligamento anterior cruzado de su pierna izquierda, dijo hoy que a\u00fan alberga esperanzas de estar en el Mundial de Brasil.<\/p>\n<p>\u00abLas posibilidades est\u00e1n ah\u00ed y \u00e9sa es mi esperanza\u00bb, manifest\u00f3 la estrella de la selecci\u00f3n de Colombia en una rueda de prensa celebrada en el hospital Ordem da Trindade de Oporto, en el que fue operado por el prestigioso cirujano Jos\u00e9 Carlos Noronha.<\/p>\n<p>Con gesto tranquilo, el ariete, de 27 a\u00f1os, reconoci\u00f3 que le impresion\u00f3 ver de nuevo la jugada de su lesi\u00f3n, en un encuentro de la Copa de Francia, pero resalt\u00f3 sentirse con \u00abmucho \u00e1nimo\u00bb.<\/p>\n<p>\u00abLo que ten\u00eda que haber llorado, ya lo llor\u00e9. Estoy con mucho \u00e1nimo y mentalizado, con excelente disposici\u00f3n\u00bb, agreg\u00f3.<\/p>\n<p>Asimismo, el ex delantero del Oporto y el Atl\u00e9tico de Madrid abog\u00f3 por trabajar pacientemente sin prisas, a pesar de que el Mundial comienza el 12 de julio -a menos de seis meses- y la lesi\u00f3n que padece puede obligarle a estar de baja al menos medio a\u00f1o.<\/p>\n<p>\u00abTrato de no pensar de aqu\u00ed a tres o cuatro meses, intento centrarme en el d\u00eda a d\u00eda. No me puedo saltar protocolos, plazos y tiempos\u00bb, resalt\u00f3.<\/p>\n<p>\u00abEl Tigre\u00bb mostr\u00f3 una actitud constructiva, aunque asumi\u00f3 que el momento de la grave lesi\u00f3n sucedi\u00f3 \u00aben un momento important\u00edsimo\u00bb de su carrera agravado por la proximidad del Mundial de Brasil.<\/p>\n<p>\u00abIntento aprovechar al m\u00e1ximo para aprender y crecer como persona\u00bb, dijo Falcao, quien pronostic\u00f3 que este episodio le \u00abhar\u00e1 m\u00e1s fuerte\u00bb.<\/p>\n<p>El momento de la lesi\u00f3n fue evocado por el futbolista: \u00abLa vi, la analic\u00e9 (&#8230;) En el momento que sucedi\u00f3 (el percance) yo sent\u00ed que algo hab\u00eda pasado (&#8230;) Trat\u00e9 de no mirarla m\u00e1s porque me causa mucha impresi\u00f3n\u00bb, relat\u00f3.<\/p>\n<p>Pero son \u00absituaciones que en el f\u00fatbol no se pueden controlar\u00bb, admiti\u00f3 mientras abog\u00f3 por no dar m\u00e1s vueltas al asunto, pues \u00abes algo que no se puede resolver\u00bb.<\/p>\n<p>El pasado s\u00e1bado, el cirujano Noronha, una eminencia en las lesiones de rodilla, sostuvo que tiene \u00abfe\u00bb en que Falcao pueda estar en el Mundial.<\/p>\n<p>\u00abMantengo la fe en que est\u00e9 en el Mundial, a pesar de ser una fe con letra min\u00fascula&#8230; Vamos a ir viendo porque va a depender de varias cosas\u00bb, afirm\u00f3 entonces en declaraciones a los periodistas.<\/p>\n<p>El delantero agradeci\u00f3 adem\u00e1s la oleada de apoyos por todo el mundo y sobre todo en su pa\u00eds.<\/p>\n<p>A Falcao le lleg\u00f3 a visitar en el hospital el propio presidente de Colombia, Juan Manuel Santos, quien hizo una escala en Oporto en su ruta de regreso desde Davos (Suiza) hasta Bogot\u00e1.<\/p>\n<p>Tambi\u00e9n estuvo rodeado de cargo de representantes de su club y de la selecci\u00f3n colombiana, as\u00ed como por su representante, el portugu\u00e9s Jorge Mendes.<\/p>\n<p>El presidente del Oporto, Nuno Pinto da Costa, tambi\u00e9n visit\u00f3 al jugador, que fue estrella del club de la ciudad portuguesa entre 2009 y 2011.<\/p>\n","protected":false},"excerpt":{"rendered":"<p>Lisboa, 27 ene (EFE).- El delantero colombiano del M\u00f3naco Radamel Falcao, operado el s\u00e1bado con \u00e9xito en Oporto (Portugal) de una lesi\u00f3n en el ligamento anterior cruzado de su pierna izquierda, dijo hoy que a\u00fan alberga esperanzas de estar en el Mundial de Brasil. \u00abLas posibilidades est\u00e1n ah\u00ed y \u00e9sa es mi esperanza\u00bb, manifest\u00f3 la [&hellip;]<\/p>\n","protected":false},"author":1,"featured_media":1132184,"comment_status":"closed","ping_status":"open","sticky":false,"template":"","format":"standard","meta":{"footnotes":""},"categories":[1],"tags":[],"class_list":["post-479778","post","type-post","status-publish","format-standard","has-post-thumbnail","hentry","category-actualidad"],"aioseo_notices":[],"aioseo_head":"\n\t\t<!-- All in One SEO Pro 5.0.1 - aioseo.com -->\n\t<meta name=\"description\" content=\"Lisboa, 27 ene (EFE).- El delantero colombiano del M\u00f3naco Radamel Falcao, operado el s\u00e1bado con \u00e9xito en Oporto (Portugal) de una lesi\u00f3n en el ligamento anterior cruzado de su pierna izquierda, dijo hoy que a\u00fan alberga esperanzas de estar en el Mundial de Brasil. &quot;Las posibilidades est\u00e1n ah\u00ed y \u00e9sa es mi esperanza&quot;, manifest\u00f3 la\" \/>\n\t<meta name=\"robots\" content=\"max-image-preview:large\" \/>\n\t<meta name=\"author\" content=\"El Digital de Asturias\"\/>\n\t<meta name=\"google-site-verification\" content=\"UA-38556648-1\" \/>\n\t<meta name=\"msvalidate.01\" content=\"7dfe9f3f1b24437ab69f4f2559babe99\" \/>\n\t<meta name=\"keywords\" content=\"actualidad\" \/>\n\t<link rel=\"canonical\" href=\"https:\/\/www.eldigitaldeasturias.com\/noticias\/falcao-se-aferra-a-las-posibilidades-de-estar-en-el-mundial\/\" \/>\n\t<meta name=\"generator\" content=\"All in One SEO Pro (AIOSEO) 5.0.1\" \/>\n\t\t<meta property=\"og:locale\" content=\"es_ES\" \/>\n\t\t<meta property=\"og:site_name\" content=\"El Digital de Asturias\" \/>\n\t\t<meta property=\"og:type\" content=\"article\" \/>\n\t\t<meta property=\"og:title\" content=\"Falcao se aferra a \u00ablas posibilidades\u00bb de estar en el Mundial - El Digital de Asturias\" \/>\n\t\t<meta property=\"og:description\" content=\"Lisboa, 27 ene (EFE).- El delantero colombiano del M\u00f3naco Radamel Falcao, operado el s\u00e1bado con \u00e9xito en Oporto (Portugal) de una lesi\u00f3n en el ligamento anterior cruzado de su pierna izquierda, dijo hoy que a\u00fan alberga esperanzas de estar en el Mundial de Brasil. &quot;Las posibilidades est\u00e1n ah\u00ed y \u00e9sa es mi esperanza&quot;, manifest\u00f3 la\" \/>\n\t\t<meta property=\"og:url\" content=\"https:\/\/www.eldigitaldeasturias.com\/noticias\/falcao-se-aferra-a-las-posibilidades-de-estar-en-el-mundial\/\" \/>\n\t\t<meta property=\"og:image\" content=\"https:\/\/www.eldigitaldeasturias.com\/noticias\/wp-content\/uploads\/2026\/06\/Contenidos.jpg\" \/>\n\t\t<meta property=\"og:image:secure_url\" content=\"https:\/\/www.eldigitaldeasturias.com\/noticias\/wp-content\/uploads\/2026\/06\/Contenidos.jpg\" \/>\n\t\t<meta property=\"og:image:width\" content=\"1265\" \/>\n\t\t<meta property=\"og:image:height\" content=\"697\" \/>\n\t\t<meta property=\"article:tag\" content=\"actualidad\" \/>\n\t\t<meta property=\"article:published_time\" content=\"2014-01-29T01:13:44+00:00\" \/>\n\t\t<meta property=\"article:modified_time\" content=\"2014-01-29T01:13:44+00:00\" \/>\n\t\t<meta property=\"article:publisher\" content=\"https:\/\/facebook.com\/eldigitaldeasturias\" \/>\n\t\t<meta name=\"twitter:card\" content=\"summary_large_image\" \/>\n\t\t<meta name=\"twitter:title\" content=\"Falcao se aferra a \u00ablas posibilidades\u00bb de estar en el Mundial - El Digital de Asturias\" \/>\n\t\t<meta name=\"twitter:description\" content=\"Lisboa, 27 ene (EFE).- El delantero colombiano del M\u00f3naco Radamel Falcao, operado el s\u00e1bado con \u00e9xito en Oporto (Portugal) de una lesi\u00f3n en el ligamento anterior cruzado de su pierna izquierda, dijo hoy que a\u00fan alberga esperanzas de estar en el Mundial de Brasil. &quot;Las posibilidades est\u00e1n ah\u00ed y \u00e9sa es mi esperanza&quot;, manifest\u00f3 la\" \/>\n\t\t<meta name=\"twitter:image\" content=\"https:\/\/www.eldigitaldeasturias.com\/noticias\/wp-content\/uploads\/2026\/06\/Contenidos.jpg\" \/>\n\t\t<meta name=\"twitter:label1\" content=\"Escrito por\" \/>\n\t\t<meta name=\"twitter:data1\" content=\"El Digital de Asturias\" \/>\n\t\t<meta name=\"twitter:label2\" content=\"Tiempo de lectura estimado\" \/>\n\t\t<meta name=\"twitter:data2\" content=\"3 minutos\" \/>\n\t\t<script type=\"application\/ld+json\" class=\"aioseo-schema\">\n\t\t\t{\"@context\":\"https:\\\/\\\/schema.org\",\"@graph\":[{\"@type\":\"BlogPosting\",\"@id\":\"https:\\\/\\\/www.eldigitaldeasturias.com\\\/noticias\\\/falcao-se-aferra-a-las-posibilidades-de-estar-en-el-mundial\\\/#blogposting\",\"name\":\"Falcao se aferra a \\u00ablas posibilidades\\u00bb de estar en el Mundial - El Digital de Asturias\",\"headline\":\"Falcao se aferra a \\u00ablas posibilidades\\u00bb de estar en el Mundial\",\"author\":{\"@id\":\"https:\\\/\\\/www.eldigitaldeasturias.com\\\/noticias\\\/author\\\/admin\\\/#author\"},\"publisher\":{\"@id\":\"https:\\\/\\\/www.eldigitaldeasturias.com\\\/noticias\\\/#organization\"},\"image\":{\"@type\":\"ImageObject\",\"url\":\"https:\\\/\\\/www.eldigitaldeasturias.com\\\/noticias\\\/wp-content\\\/uploads\\\/2026\\\/06\\\/Contenidos.jpg\",\"width\":1265,\"height\":697,\"caption\":\"Contenidos\"},\"datePublished\":\"2014-01-29T00:13:44+01:00\",\"dateModified\":\"2014-01-29T00:13:44+01:00\",\"inLanguage\":\"es-ES\",\"mainEntityOfPage\":{\"@id\":\"https:\\\/\\\/www.eldigitaldeasturias.com\\\/noticias\\\/falcao-se-aferra-a-las-posibilidades-de-estar-en-el-mundial\\\/#webpage\"},\"isPartOf\":{\"@id\":\"https:\\\/\\\/www.eldigitaldeasturias.com\\\/noticias\\\/falcao-se-aferra-a-las-posibilidades-de-estar-en-el-mundial\\\/#webpage\"},\"articleSection\":\"Actualidad\"},{\"@type\":\"BreadcrumbList\",\"@id\":\"https:\\\/\\\/www.eldigitaldeasturias.com\\\/noticias\\\/falcao-se-aferra-a-las-posibilidades-de-estar-en-el-mundial\\\/#breadcrumblist\",\"itemListElement\":[{\"@type\":\"ListItem\",\"@id\":\"https:\\\/\\\/www.eldigitaldeasturias.com\\\/noticias#listItem\",\"position\":1,\"name\":\"Home\",\"item\":\"https:\\\/\\\/www.eldigitaldeasturias.com\\\/noticias\",\"nextItem\":{\"@type\":\"ListItem\",\"@id\":\"https:\\\/\\\/www.eldigitaldeasturias.com\\\/noticias\\\/category\\\/actualidad\\\/#listItem\",\"name\":\"Actualidad\"}},{\"@type\":\"ListItem\",\"@id\":\"https:\\\/\\\/www.eldigitaldeasturias.com\\\/noticias\\\/category\\\/actualidad\\\/#listItem\",\"position\":2,\"name\":\"Actualidad\",\"item\":\"https:\\\/\\\/www.eldigitaldeasturias.com\\\/noticias\\\/category\\\/actualidad\\\/\",\"nextItem\":{\"@type\":\"ListItem\",\"@id\":\"https:\\\/\\\/www.eldigitaldeasturias.com\\\/noticias\\\/falcao-se-aferra-a-las-posibilidades-de-estar-en-el-mundial\\\/#listItem\",\"name\":\"Falcao se aferra a \\u00ablas posibilidades\\u00bb de estar en el Mundial\"},\"previousItem\":{\"@type\":\"ListItem\",\"@id\":\"https:\\\/\\\/www.eldigitaldeasturias.com\\\/noticias#listItem\",\"name\":\"Home\"}},{\"@type\":\"ListItem\",\"@id\":\"https:\\\/\\\/www.eldigitaldeasturias.com\\\/noticias\\\/falcao-se-aferra-a-las-posibilidades-de-estar-en-el-mundial\\\/#listItem\",\"position\":3,\"name\":\"Falcao se aferra a \\u00ablas posibilidades\\u00bb de estar en el Mundial\",\"previousItem\":{\"@type\":\"ListItem\",\"@id\":\"https:\\\/\\\/www.eldigitaldeasturias.com\\\/noticias\\\/category\\\/actualidad\\\/#listItem\",\"name\":\"Actualidad\"}}]},{\"@type\":\"Organization\",\"@id\":\"https:\\\/\\\/www.eldigitaldeasturias.com\\\/noticias\\\/#organization\",\"name\":\"El Digital de Asturias\",\"description\":\"Hemeroteca\",\"url\":\"https:\\\/\\\/www.eldigitaldeasturias.com\\\/noticias\\\/\",\"email\":\"info@eldigitaldeasturias.com\",\"telephone\":\"+34652131393\",\"logo\":{\"@type\":\"ImageObject\",\"url\":\"https:\\\/\\\/www.eldigitaldeasturias.com\\\/noticias\\\/wp-content\\\/uploads\\\/2020\\\/12\\\/EDA.jpg\",\"@id\":\"https:\\\/\\\/www.eldigitaldeasturias.com\\\/noticias\\\/falcao-se-aferra-a-las-posibilidades-de-estar-en-el-mundial\\\/#organizationLogo\"},\"image\":{\"@id\":\"https:\\\/\\\/www.eldigitaldeasturias.com\\\/noticias\\\/falcao-se-aferra-a-las-posibilidades-de-estar-en-el-mundial\\\/#organizationLogo\"},\"sameAs\":[\"https:\\\/\\\/facebook.com\\\/eldigitaldeasturias\",\"https:\\\/\\\/www.youtube.com\\\/channel\\\/UCZP-2wLEB9Rv6erhFmqVnvg\"],\"address\":{\"@id\":\"https:\\\/\\\/www.eldigitaldeasturias.com\\\/noticias\\\/#postaladdress\",\"@type\":\"PostalAddress\",\"streetAddress\":\"san antonio 4\",\"postalCode\":\"33430\",\"addressLocality\":\"Cand\\u00e1s\",\"addressRegion\":\"Asturias\",\"addressCountry\":\"ES\"}},{\"@type\":\"Person\",\"@id\":\"https:\\\/\\\/www.eldigitaldeasturias.com\\\/noticias\\\/author\\\/admin\\\/#author\",\"url\":\"https:\\\/\\\/www.eldigitaldeasturias.com\\\/noticias\\\/author\\\/admin\\\/\",\"name\":\"El Digital de Asturias\",\"image\":{\"@type\":\"ImageObject\",\"@id\":\"https:\\\/\\\/www.eldigitaldeasturias.com\\\/noticias\\\/falcao-se-aferra-a-las-posibilidades-de-estar-en-el-mundial\\\/#authorImage\",\"url\":\"https:\\\/\\\/secure.gravatar.com\\\/avatar\\\/df2aeffc32bcd13f8d26072ef8a91b623d677766deac7f97ca815868cd41bf5e?s=96&d=mm&r=g\",\"width\":96,\"height\":96,\"caption\":\"El Digital de Asturias\"}},{\"@type\":\"WebPage\",\"@id\":\"https:\\\/\\\/www.eldigitaldeasturias.com\\\/noticias\\\/falcao-se-aferra-a-las-posibilidades-de-estar-en-el-mundial\\\/#webpage\",\"url\":\"https:\\\/\\\/www.eldigitaldeasturias.com\\\/noticias\\\/falcao-se-aferra-a-las-posibilidades-de-estar-en-el-mundial\\\/\",\"name\":\"Falcao se aferra a \\u00ablas posibilidades\\u00bb de estar en el Mundial - El Digital de Asturias\",\"description\":\"Lisboa, 27 ene (EFE).- El delantero colombiano del M\\u00f3naco Radamel Falcao, operado el s\\u00e1bado con \\u00e9xito en Oporto (Portugal) de una lesi\\u00f3n en el ligamento anterior cruzado de su pierna izquierda, dijo hoy que a\\u00fan alberga esperanzas de estar en el Mundial de Brasil. \\\"Las posibilidades est\\u00e1n ah\\u00ed y \\u00e9sa es mi esperanza\\\", manifest\\u00f3 la\",\"inLanguage\":\"es-ES\",\"isPartOf\":{\"@id\":\"https:\\\/\\\/www.eldigitaldeasturias.com\\\/noticias\\\/#website\"},\"breadcrumb\":{\"@id\":\"https:\\\/\\\/www.eldigitaldeasturias.com\\\/noticias\\\/falcao-se-aferra-a-las-posibilidades-de-estar-en-el-mundial\\\/#breadcrumblist\"},\"author\":{\"@id\":\"https:\\\/\\\/www.eldigitaldeasturias.com\\\/noticias\\\/author\\\/admin\\\/#author\"},\"creator\":{\"@id\":\"https:\\\/\\\/www.eldigitaldeasturias.com\\\/noticias\\\/author\\\/admin\\\/#author\"},\"image\":{\"@type\":\"ImageObject\",\"url\":\"https:\\\/\\\/www.eldigitaldeasturias.com\\\/noticias\\\/wp-content\\\/uploads\\\/2026\\\/06\\\/Contenidos.jpg\",\"@id\":\"https:\\\/\\\/www.eldigitaldeasturias.com\\\/noticias\\\/falcao-se-aferra-a-las-posibilidades-de-estar-en-el-mundial\\\/#mainImage\",\"width\":1265,\"height\":697,\"caption\":\"Contenidos\"},\"primaryImageOfPage\":{\"@id\":\"https:\\\/\\\/www.eldigitaldeasturias.com\\\/noticias\\\/falcao-se-aferra-a-las-posibilidades-de-estar-en-el-mundial\\\/#mainImage\"},\"datePublished\":\"2014-01-29T00:13:44+01:00\",\"dateModified\":\"2014-01-29T00:13:44+01:00\"},{\"@type\":\"WebSite\",\"@id\":\"https:\\\/\\\/www.eldigitaldeasturias.com\\\/noticias\\\/#website\",\"url\":\"https:\\\/\\\/www.eldigitaldeasturias.com\\\/noticias\\\/\",\"name\":\"El Digital de Asturias - Diario de actualidad y noticias\",\"alternateName\":\"El Digital de Asturias - Diario de actualidad y noticias\",\"description\":\"Hemeroteca\",\"inLanguage\":\"es-ES\",\"publisher\":{\"@id\":\"https:\\\/\\\/www.eldigitaldeasturias.com\\\/noticias\\\/#organization\"}}]}\n\t\t<\/script>\n\t\t<!-- All in One SEO Pro -->\r\n\t\t<title>Falcao se aferra a \u00ablas posibilidades\u00bb de estar en el Mundial - El Digital de Asturias<\/title>\n\n","aioseo_head_json":{"title":"Falcao se aferra a \u00ablas posibilidades\u00bb de estar en el Mundial - El Digital de Asturias","description":"Lisboa, 27 ene (EFE).- El delantero colombiano del M\u00f3naco Radamel Falcao, operado el s\u00e1bado con \u00e9xito en Oporto (Portugal) de una lesi\u00f3n en el ligamento anterior cruzado de su pierna izquierda, dijo hoy que a\u00fan alberga esperanzas de estar en el Mundial de Brasil. \"Las posibilidades est\u00e1n ah\u00ed y \u00e9sa es mi esperanza\", manifest\u00f3 la","canonical_url":"https:\/\/www.eldigitaldeasturias.com\/noticias\/falcao-se-aferra-a-las-posibilidades-de-estar-en-el-mundial\/","robots":"max-image-preview:large","keywords":"actualidad","webmasterTools":{"google-site-verification":"UA-38556648-1","msvalidate.01":"7dfe9f3f1b24437ab69f4f2559babe99","miscellaneous":""},"schema":{"@context":"https:\/\/schema.org","@graph":[{"@type":"BlogPosting","@id":"https:\/\/www.eldigitaldeasturias.com\/noticias\/falcao-se-aferra-a-las-posibilidades-de-estar-en-el-mundial\/#blogposting","name":"Falcao se aferra a \u00ablas posibilidades\u00bb de estar en el Mundial - El Digital de Asturias","headline":"Falcao se aferra a \u00ablas posibilidades\u00bb de estar en el Mundial","author":{"@id":"https:\/\/www.eldigitaldeasturias.com\/noticias\/author\/admin\/#author"},"publisher":{"@id":"https:\/\/www.eldigitaldeasturias.com\/noticias\/#organization"},"image":{"@type":"ImageObject","url":"https:\/\/www.eldigitaldeasturias.com\/noticias\/wp-content\/uploads\/2026\/06\/Contenidos.jpg","width":1265,"height":697,"caption":"Contenidos"},"datePublished":"2014-01-29T00:13:44+01:00","dateModified":"2014-01-29T00:13:44+01:00","inLanguage":"es-ES","mainEntityOfPage":{"@id":"https:\/\/www.eldigitaldeasturias.com\/noticias\/falcao-se-aferra-a-las-posibilidades-de-estar-en-el-mundial\/#webpage"},"isPartOf":{"@id":"https:\/\/www.eldigitaldeasturias.com\/noticias\/falcao-se-aferra-a-las-posibilidades-de-estar-en-el-mundial\/#webpage"},"articleSection":"Actualidad"},{"@type":"BreadcrumbList","@id":"https:\/\/www.eldigitaldeasturias.com\/noticias\/falcao-se-aferra-a-las-posibilidades-de-estar-en-el-mundial\/#breadcrumblist","itemListElement":[{"@type":"ListItem","@id":"https:\/\/www.eldigitaldeasturias.com\/noticias#listItem","position":1,"name":"Home","item":"https:\/\/www.eldigitaldeasturias.com\/noticias","nextItem":{"@type":"ListItem","@id":"https:\/\/www.eldigitaldeasturias.com\/noticias\/category\/actualidad\/#listItem","name":"Actualidad"}},{"@type":"ListItem","@id":"https:\/\/www.eldigitaldeasturias.com\/noticias\/category\/actualidad\/#listItem","position":2,"name":"Actualidad","item":"https:\/\/www.eldigitaldeasturias.com\/noticias\/category\/actualidad\/","nextItem":{"@type":"ListItem","@id":"https:\/\/www.eldigitaldeasturias.com\/noticias\/falcao-se-aferra-a-las-posibilidades-de-estar-en-el-mundial\/#listItem","name":"Falcao se aferra a \u00ablas posibilidades\u00bb de estar en el Mundial"},"previousItem":{"@type":"ListItem","@id":"https:\/\/www.eldigitaldeasturias.com\/noticias#listItem","name":"Home"}},{"@type":"ListItem","@id":"https:\/\/www.eldigitaldeasturias.com\/noticias\/falcao-se-aferra-a-las-posibilidades-de-estar-en-el-mundial\/#listItem","position":3,"name":"Falcao se aferra a \u00ablas posibilidades\u00bb de estar en el Mundial","previousItem":{"@type":"ListItem","@id":"https:\/\/www.eldigitaldeasturias.com\/noticias\/category\/actualidad\/#listItem","name":"Actualidad"}}]},{"@type":"Organization","@id":"https:\/\/www.eldigitaldeasturias.com\/noticias\/#organization","name":"El Digital de Asturias","description":"Hemeroteca","url":"https:\/\/www.eldigitaldeasturias.com\/noticias\/","email":"info@eldigitaldeasturias.com","telephone":"+34652131393","logo":{"@type":"ImageObject","url":"https:\/\/www.eldigitaldeasturias.com\/noticias\/wp-content\/uploads\/2020\/12\/EDA.jpg","@id":"https:\/\/www.eldigitaldeasturias.com\/noticias\/falcao-se-aferra-a-las-posibilidades-de-estar-en-el-mundial\/#organizationLogo"},"image":{"@id":"https:\/\/www.eldigitaldeasturias.com\/noticias\/falcao-se-aferra-a-las-posibilidades-de-estar-en-el-mundial\/#organizationLogo"},"sameAs":["https:\/\/facebook.com\/eldigitaldeasturias","https:\/\/www.youtube.com\/channel\/UCZP-2wLEB9Rv6erhFmqVnvg"],"address":{"@id":"https:\/\/www.eldigitaldeasturias.com\/noticias\/#postaladdress","@type":"PostalAddress","streetAddress":"san antonio 4","postalCode":"33430","addressLocality":"Cand\u00e1s","addressRegion":"Asturias","addressCountry":"ES"}},{"@type":"Person","@id":"https:\/\/www.eldigitaldeasturias.com\/noticias\/author\/admin\/#author","url":"https:\/\/www.eldigitaldeasturias.com\/noticias\/author\/admin\/","name":"El Digital de Asturias","image":{"@type":"ImageObject","@id":"https:\/\/www.eldigitaldeasturias.com\/noticias\/falcao-se-aferra-a-las-posibilidades-de-estar-en-el-mundial\/#authorImage","url":"https:\/\/secure.gravatar.com\/avatar\/df2aeffc32bcd13f8d26072ef8a91b623d677766deac7f97ca815868cd41bf5e?s=96&d=mm&r=g","width":96,"height":96,"caption":"El Digital de Asturias"}},{"@type":"WebPage","@id":"https:\/\/www.eldigitaldeasturias.com\/noticias\/falcao-se-aferra-a-las-posibilidades-de-estar-en-el-mundial\/#webpage","url":"https:\/\/www.eldigitaldeasturias.com\/noticias\/falcao-se-aferra-a-las-posibilidades-de-estar-en-el-mundial\/","name":"Falcao se aferra a \u00ablas posibilidades\u00bb de estar en el Mundial - El Digital de Asturias","description":"Lisboa, 27 ene (EFE).- El delantero colombiano del M\u00f3naco Radamel Falcao, operado el s\u00e1bado con \u00e9xito en Oporto (Portugal) de una lesi\u00f3n en el ligamento anterior cruzado de su pierna izquierda, dijo hoy que a\u00fan alberga esperanzas de estar en el Mundial de Brasil. \"Las posibilidades est\u00e1n ah\u00ed y \u00e9sa es mi esperanza\", manifest\u00f3 la","inLanguage":"es-ES","isPartOf":{"@id":"https:\/\/www.eldigitaldeasturias.com\/noticias\/#website"},"breadcrumb":{"@id":"https:\/\/www.eldigitaldeasturias.com\/noticias\/falcao-se-aferra-a-las-posibilidades-de-estar-en-el-mundial\/#breadcrumblist"},"author":{"@id":"https:\/\/www.eldigitaldeasturias.com\/noticias\/author\/admin\/#author"},"creator":{"@id":"https:\/\/www.eldigitaldeasturias.com\/noticias\/author\/admin\/#author"},"image":{"@type":"ImageObject","url":"https:\/\/www.eldigitaldeasturias.com\/noticias\/wp-content\/uploads\/2026\/06\/Contenidos.jpg","@id":"https:\/\/www.eldigitaldeasturias.com\/noticias\/falcao-se-aferra-a-las-posibilidades-de-estar-en-el-mundial\/#mainImage","width":1265,"height":697,"caption":"Contenidos"},"primaryImageOfPage":{"@id":"https:\/\/www.eldigitaldeasturias.com\/noticias\/falcao-se-aferra-a-las-posibilidades-de-estar-en-el-mundial\/#mainImage"},"datePublished":"2014-01-29T00:13:44+01:00","dateModified":"2014-01-29T00:13:44+01:00"},{"@type":"WebSite","@id":"https:\/\/www.eldigitaldeasturias.com\/noticias\/#website","url":"https:\/\/www.eldigitaldeasturias.com\/noticias\/","name":"El Digital de Asturias - Diario de actualidad y noticias","alternateName":"El Digital de Asturias - Diario de actualidad y noticias","description":"Hemeroteca","inLanguage":"es-ES","publisher":{"@id":"https:\/\/www.eldigitaldeasturias.com\/noticias\/#organization"}}]},"og:locale":"es_ES","og:site_name":"El Digital de Asturias","og:type":"article","og:title":"Falcao se aferra a \u00ablas posibilidades\u00bb de estar en el Mundial - El Digital de Asturias","og:description":"Lisboa, 27 ene (EFE).- El delantero colombiano del M\u00f3naco Radamel Falcao, operado el s\u00e1bado con \u00e9xito en Oporto (Portugal) de una lesi\u00f3n en el ligamento anterior cruzado de su pierna izquierda, dijo hoy que a\u00fan alberga esperanzas de estar en el Mundial de Brasil. &quot;Las posibilidades est\u00e1n ah\u00ed y \u00e9sa es mi esperanza&quot;, manifest\u00f3 la","og:url":"https:\/\/www.eldigitaldeasturias.com\/noticias\/falcao-se-aferra-a-las-posibilidades-de-estar-en-el-mundial\/","og:image":"https:\/\/www.eldigitaldeasturias.com\/noticias\/wp-content\/uploads\/2026\/06\/Contenidos.jpg","og:image:secure_url":"https:\/\/www.eldigitaldeasturias.com\/noticias\/wp-content\/uploads\/2026\/06\/Contenidos.jpg","og:image:width":1265,"og:image:height":697,"article:tag":["actualidad"],"article:published_time":"2014-01-29T01:13:44+00:00","article:modified_time":"2014-01-29T01:13:44+00:00","article:publisher":"https:\/\/facebook.com\/eldigitaldeasturias","twitter:card":"summary_large_image","twitter:title":"Falcao se aferra a \u00ablas posibilidades\u00bb de estar en el Mundial - El Digital de Asturias","twitter:description":"Lisboa, 27 ene (EFE).- El delantero colombiano del M\u00f3naco Radamel Falcao, operado el s\u00e1bado con \u00e9xito en Oporto (Portugal) de una lesi\u00f3n en el ligamento anterior cruzado de su pierna izquierda, dijo hoy que a\u00fan alberga esperanzas de estar en el Mundial de Brasil. &quot;Las posibilidades est\u00e1n ah\u00ed y \u00e9sa es mi esperanza&quot;, manifest\u00f3 la","twitter:image":"https:\/\/www.eldigitaldeasturias.com\/noticias\/wp-content\/uploads\/2026\/06\/Contenidos.jpg","twitter:label1":"Escrito por","twitter:data1":"El Digital de Asturias","twitter:label2":"Tiempo de lectura estimado","twitter:data2":"3 minutos"},"aioseo_meta_data":{"post_id":"479778","title":null,"description":null,"keywords":null,"keyphrases":null,"primary_term":null,"canonical_url":null,"og_title":null,"og_description":null,"og_object_type":"default","og_image_type":"default","og_image_url":null,"og_image_width":null,"og_image_height":null,"og_image_custom_url":null,"og_image_custom_fields":null,"og_video":null,"og_custom_url":null,"og_article_section":null,"og_article_tags":null,"twitter_use_og":true,"twitter_card":"default","twitter_image_type":"default","twitter_image_url":null,"twitter_image_custom_url":null,"twitter_image_custom_fields":null,"twitter_title":null,"twitter_description":null,"schema":{"blockGraphs":[],"customGraphs":[],"default":{"data":{"Article":[],"Course":[],"Dataset":[],"FAQPage":[],"Movie":[],"Person":[],"Product":[],"ProductReview":[],"Car":[],"Recipe":[],"Service":[],"SoftwareApplication":[],"WebPage":[]},"graphName":"","isEnabled":true},"graphs":[],"defaultGraph":"","defaultPostTypeGraph":""},"schema_type":null,"schema_type_options":null,"pillar_content":false,"robots_default":true,"robots_noindex":false,"robots_noarchive":false,"robots_nosnippet":false,"robots_nofollow":false,"robots_noimageindex":false,"robots_noodp":false,"robots_notranslate":false,"robots_max_snippet":null,"robots_max_videopreview":null,"robots_max_imagepreview":"none","priority":null,"frequency":null,"local_seo":null,"seo_analyzer_scan_date":"2026-06-02 01:36:05","breadcrumb_settings":null,"limit_modified_date":false,"open_ai":null,"ai":null,"created":"2020-11-14 22:54:06","updated":"2026-06-02 01:36:05","focus_keyword":null,"additional_keywords":null,"truseo_locale":null},"aioseo_breadcrumb":"<div class=\"aioseo-breadcrumbs\"><span class=\"aioseo-breadcrumb\">\n\t<a href=\"https:\/\/www.eldigitaldeasturias.com\/noticias\" title=\"Home\">Home<\/a>\n<\/span><span class=\"aioseo-breadcrumb-separator\">\u2013<\/span><span class=\"aioseo-breadcrumb\">\n\t<a href=\"https:\/\/www.eldigitaldeasturias.com\/noticias\/category\/actualidad\/\" title=\"Actualidad\">Actualidad<\/a>\n<\/span><span class=\"aioseo-breadcrumb-separator\">\u2013<\/span><span class=\"aioseo-breadcrumb\">\n\t<a href=\"https:\/\/www.eldigitaldeasturias.com\/noticias\/falcao-se-aferra-a-las-posibilidades-de-estar-en-el-mundial\/\" title=\"Falcao se aferra a \u00ablas posibilidades\u00bb de estar en el Mundial\">Falcao se aferra a \u00ablas posibilidades\u00bb de estar en el Mundial<\/a>\n<\/span><\/div>","aioseo_breadcrumb_json":[{"label":"Home","link":"https:\/\/www.eldigitaldeasturias.com\/noticias"},{"label":"Actualidad","link":"https:\/\/www.eldigitaldeasturias.com\/noticias\/category\/actualidad\/"},{"label":"Falcao se aferra a \u00ablas posibilidades\u00bb de estar en el Mundial","link":"https:\/\/www.eldigitaldeasturias.com\/noticias\/falcao-se-aferra-a-las-posibilidades-de-estar-en-el-mundial\/"}],"_links":{"self":[{"href":"https:\/\/www.eldigitaldeasturias.com\/noticias\/wp-json\/wp\/v2\/posts\/479778","targetHints":{"allow":["GET"]}}],"collection":[{"href":"https:\/\/www.eldigitaldeasturias.com\/noticias\/wp-json\/wp\/v2\/posts"}],"about":[{"href":"https:\/\/www.eldigitaldeasturias.com\/noticias\/wp-json\/wp\/v2\/types\/post"}],"author":[{"embeddable":true,"href":"https:\/\/www.eldigitaldeasturias.com\/noticias\/wp-json\/wp\/v2\/users\/1"}],"replies":[{"embeddable":true,"href":"https:\/\/www.eldigitaldeasturias.com\/noticias\/wp-json\/wp\/v2\/comments?post=479778"}],"version-history":[{"count":0,"href":"https:\/\/www.eldigitaldeasturias.com\/noticias\/wp-json\/wp\/v2\/posts\/479778\/revisions"}],"wp:featuredmedia":[{"embeddable":true,"href":"https:\/\/www.eldigitaldeasturias.com\/noticias\/wp-json\/wp\/v2\/media\/1132184"}],"wp:attachment":[{"href":"https:\/\/www.eldigitaldeasturias.com\/noticias\/wp-json\/wp\/v2\/media?parent=479778"}],"wp:term":[{"taxonomy":"category","embeddable":true,"href":"https:\/\/www.eldigitaldeasturias.com\/noticias\/wp-json\/wp\/v2\/categories?post=479778"},{"taxonomy":"post_tag","embeddable":true,"href":"https:\/\/www.eldigitaldeasturias.com\/noticias\/wp-json\/wp\/v2\/tags?post=479778"}],"curies":[{"name":"wp","href":"https:\/\/api.w.org\/{rel}","templated":true}]}}