{"id":479766,"date":"2014-01-29T00:07:19","date_gmt":"2014-01-29T01:07:19","guid":{"rendered":"http:\/\/www.eldigitaldeasturias.com\/noticias\/?p=479766"},"modified":"2014-01-29T00:07:19","modified_gmt":"2014-01-29T01:07:19","slug":"cuba-y-brasil-consolidan-su-relacion-con-la-inauguracion-del-puerto-de-mariel","status":"publish","type":"post","link":"https:\/\/www.eldigitaldeasturias.com\/noticias\/cuba-y-brasil-consolidan-su-relacion-con-la-inauguracion-del-puerto-de-mariel\/","title":{"rendered":"Cuba y Brasil consolidan su relaci\u00f3n con la inauguraci\u00f3n del puerto de Mariel"},"content":{"rendered":"<p><img loading=\"lazy\" decoding=\"async\" class=\"alignleft size-medium wp-image-479767\" alt=\"5880898w\" src=\"https:\/\/www.eldigitaldeasturias.com\/noticias\/wp-content\/uploads\/2014\/01\/5880898w-360x213.jpg\" width=\"360\" height=\"213\" \/>Mariel (Cuba), 27 ene (EFE).- Cuba y Brasil consolidaron hoy su colaboraci\u00f3n econ\u00f3mica con la inauguraci\u00f3n de la primera fase del puerto del Mariel, una millonaria obra conjunta iniciada en 2011 que se convertir\u00e1 en el centro de la primera Zona Especial de Desarrollo (ZEDM) creada en la isla.<\/p>\n<p>Los presidentes de Cuba, Ra\u00fal Castro, y de Brasil, Dilma Rousseff, protagonizaron este lunes la ceremonia de inauguraci\u00f3n de la Terminal de Contenedores (TC) \u00abPuerta a las Am\u00e9ricas\u00bb del Mariel, ubicado a unos 45 kil\u00f3metros al oeste de La Habana.<\/p>\n<p>El acto, realizado en el contexto de la II Cumbre de los Estados<\/p>\n<p>Latinoamericanos y Caribe\u00f1os (Celac) que se celebrar\u00e1 en La Habana el martes y el mi\u00e9rcoles, cont\u00f3 adem\u00e1s con la asistencia de los presidentes de Venezuela, Nicol\u00e1s Maduro; Bolivia, Evo Morales, y Hait\u00ed, Michel Martelly.<\/p>\n<p>\u00abLazos profundos unen nuestros pa\u00edses, un sentimiento de amistad aproxima nuestras sociedades. Brasil cree y apuesta por el potencial humano y econ\u00f3mico de Cuba\u00bb, afirm\u00f3 Rousseff en un discurso en el que apost\u00f3 por incrementar los intercambios bilaterales.<\/p>\n<p>La mandataria asever\u00f3 que su pa\u00eds \u00abquiere convertirse en un colaborador econ\u00f3mico de primer orden\u00bb para Cuba, pa\u00eds con el que consider\u00f3 existen \u00abgrandes posibilidades de desarrollo industrial conjunto\u00bb, sobre todo en los sectores de medicamentos y equipos de salud.<\/p>\n<p>De momento, la apertura de la TC Mariel se ha convertido en la m\u00e1s ambiciosa concreci\u00f3n de los planes de Brasilia y La Habana, con una inversi\u00f3n total prevista de 957 millones de d\u00f3lares, de los que unos 682 millones de d\u00f3lares de financiaci\u00f3n provienen del Banco Nacional de Desarrollo Econ\u00f3mico y Social (BNDES) del pa\u00eds suramericano.<\/p>\n<p>Rousseff adelant\u00f3 que su pa\u00eds aportar\u00e1, adem\u00e1s, una financiaci\u00f3n de 290 millones de d\u00f3lares para una segunda etapa de la obra, ejecutada por la brasile\u00f1a Odebrecht.<\/p>\n<p>Precisamente el director presidente de esa compa\u00f1\u00eda, Marcelo Odebrecht, se encontraba hoy entre los empresarios, inversionistas y funcionarios invitados a la inauguraci\u00f3n.<\/p>\n<p>Por su parte, el presidente cubano, Ra\u00fal Castro, enfatiz\u00f3 en otro discurso que el puerto del Mariel ser\u00e1 la principal puerta de \u00abentrada y salida\u00bb del comercio exterior cubano y se convertir\u00e1 en una \u00abplataforma log\u00edstica\u00bb de importancia regional debido a su ubicaci\u00f3n geogr\u00e1fica.<\/p>\n<p>\u00abEsta terminal de contenedores y la poderosa infraestructura que la acompa\u00f1a son una muestra concreta del optimismo y la confianza con que los cubanos miramos al futuro socialista y pr\u00f3spero de la patria\u00bb, indic\u00f3 Castro.<\/p>\n<p>La terminal de contenedores de la ZEDM est\u00e1 administrada por la compa\u00f1\u00eda PSA International de Singapur, y espera consolidarse en convergencia con la expansi\u00f3n del canal de Panam\u00e1.<\/p>\n<p>El director general de la terminal, Charles Baker, dijo hoy a periodistas que usar\u00e1n el sistema operativo de PSA en Asia, y el calado de 18 metros que alcanzar\u00e1 el puerto \u00abdar\u00e1 envidia\u00bb a sus competidores.<\/p>\n<p>La conclusi\u00f3n de la primera fase incluye un muelle lineal de 702 metros equipado con cuatro gr\u00faas \u00abs\u00faper post-panamax\u00bb y 1.140 tomas para contenedores refrigerados.<\/p>\n<p>A su t\u00e9rmino total, la obra debe tener un muelle de 2.400 metros y 128 hect\u00e1reas para almacenar contenedores.<\/p>\n<p>El director de operaciones de TC Mariel, Marcelo Patat, se\u00f1al\u00f3 a su vez que la terminal ya est\u00e1 \u00abplenamente operativa\u00bb e inici\u00f3 sus trabajos ayer con un buque de la l\u00ednea Crowley procedente de EE.UU. con un cargamento de pollo.<\/p>\n<p>\u00abPaulatinamente se van a ir trasladando a Mariel todas las l\u00edneas marinas que operan en La Habana\u00bb, a\u00f1adi\u00f3 Patat.<\/p>\n<p>Seg\u00fan precis\u00f3 hoy Dilma Rousseff, varias empresas brasile\u00f1as ya han manifestado inter\u00e9s de instalarse en la ZEDM, y debido a ello su Gobierno organiza una \u00abmisi\u00f3n empresarial\u00bb a la isla.<\/p>\n<p>Esa Zona Especial de Desarrollo en torno al Mariel es la primera que se crea en la isla como parte de las reformas econ\u00f3micas de Ra\u00fal Castro para \u00abactualizar\u00bb el modelo socialista de Cuba, y tiene la vocaci\u00f3n de convertirse en un motor para la deprimida econom\u00eda de la isla con la atracci\u00f3n de capitales extranjeros.<\/p>\n<p>Rousseff quiso, asimismo, resaltar a 2013 como un a\u00f1o \u00abmuy especial\u00bb para la colaboraci\u00f3n entre su pa\u00eds y Cuba, a cuyo Gobierno agradeci\u00f3 efusivamente por contribuir al sistema sanitario brasile\u00f1o mediante el programa gubernamental \u00abM\u00e1s M\u00e9dicos\u00bb.<\/p>\n<p>El acuerdo bilateral en ese sentido, ha permitido la llegada a Brasil hasta ahora de 5.400 m\u00e9dicos cubanos para trabajar en \u00e1reas aisladas y pobres.<\/p>\n<p>En la tarde es este lunes la agenda de Rousseff incluy\u00f3, adem\u00e1s, conversaciones oficiales con Castro, en el Palacio de la Revoluci\u00f3n de La Habana, previas a su participaci\u00f3n ma\u00f1ana en la cumbre de la Celac.<\/p>\n<p>Seg\u00fan medios oficiales, ambos presidentes retomaron en el encuentro el tema de la ZEDM para destacar su importancia para Cuba y \u00abel comercio regional\u00bb.<\/p>\n<p>Actualmente, Brasil es el segundo socio comercial latinoamericano de Cuba, despu\u00e9s de Venezuela, con un intercambio de 624,79 millones de d\u00f3lares en 2013 y est\u00e1 entre los primeros cinco a nivel mundial, de acuerdo a fuentes oficiales.<\/p>\n","protected":false},"excerpt":{"rendered":"<p>Mariel (Cuba), 27 ene (EFE).- Cuba y Brasil consolidaron hoy su colaboraci\u00f3n econ\u00f3mica con la inauguraci\u00f3n de la primera fase del puerto del Mariel, una millonaria obra conjunta iniciada en 2011 que se convertir\u00e1 en el centro de la primera Zona Especial de Desarrollo (ZEDM) creada en la isla. Los presidentes de Cuba, Ra\u00fal Castro, [&hellip;]<\/p>\n","protected":false},"author":1,"featured_media":1132184,"comment_status":"closed","ping_status":"open","sticky":false,"template":"","format":"standard","meta":{"footnotes":""},"categories":[1],"tags":[],"class_list":["post-479766","post","type-post","status-publish","format-standard","has-post-thumbnail","hentry","category-actualidad"],"aioseo_notices":[],"aioseo_head":"\n\t\t<!-- All in One SEO Pro 5.0.1 - aioseo.com -->\n\t<meta name=\"description\" content=\"Mariel (Cuba), 27 ene (EFE).- Cuba y Brasil consolidaron hoy su colaboraci\u00f3n econ\u00f3mica con la inauguraci\u00f3n de la primera fase del puerto del Mariel, una millonaria obra conjunta iniciada en 2011 que se convertir\u00e1 en el centro de la primera Zona Especial de Desarrollo (ZEDM) creada en la isla. Los presidentes de Cuba, Ra\u00fal Castro,\" \/>\n\t<meta name=\"robots\" content=\"max-image-preview:large\" \/>\n\t<meta name=\"author\" content=\"El Digital de Asturias\"\/>\n\t<meta name=\"google-site-verification\" content=\"UA-38556648-1\" \/>\n\t<meta name=\"msvalidate.01\" content=\"7dfe9f3f1b24437ab69f4f2559babe99\" \/>\n\t<meta name=\"keywords\" content=\"actualidad\" \/>\n\t<link rel=\"canonical\" href=\"https:\/\/www.eldigitaldeasturias.com\/noticias\/cuba-y-brasil-consolidan-su-relacion-con-la-inauguracion-del-puerto-de-mariel\/\" \/>\n\t<meta name=\"generator\" content=\"All in One SEO Pro (AIOSEO) 5.0.1\" \/>\n\t\t<meta property=\"og:locale\" content=\"es_ES\" \/>\n\t\t<meta property=\"og:site_name\" content=\"El Digital de Asturias\" \/>\n\t\t<meta property=\"og:type\" content=\"article\" \/>\n\t\t<meta property=\"og:title\" content=\"Cuba y Brasil consolidan su relaci\u00f3n con la inauguraci\u00f3n del puerto de Mariel - El Digital de Asturias\" \/>\n\t\t<meta property=\"og:description\" content=\"Mariel (Cuba), 27 ene (EFE).- Cuba y Brasil consolidaron hoy su colaboraci\u00f3n econ\u00f3mica con la inauguraci\u00f3n de la primera fase del puerto del Mariel, una millonaria obra conjunta iniciada en 2011 que se convertir\u00e1 en el centro de la primera Zona Especial de Desarrollo (ZEDM) creada en la isla. Los presidentes de Cuba, Ra\u00fal Castro,\" \/>\n\t\t<meta property=\"og:url\" content=\"https:\/\/www.eldigitaldeasturias.com\/noticias\/cuba-y-brasil-consolidan-su-relacion-con-la-inauguracion-del-puerto-de-mariel\/\" \/>\n\t\t<meta property=\"og:image\" content=\"https:\/\/www.eldigitaldeasturias.com\/noticias\/wp-content\/uploads\/2026\/06\/Contenidos.jpg\" \/>\n\t\t<meta property=\"og:image:secure_url\" content=\"https:\/\/www.eldigitaldeasturias.com\/noticias\/wp-content\/uploads\/2026\/06\/Contenidos.jpg\" \/>\n\t\t<meta property=\"og:image:width\" content=\"1265\" \/>\n\t\t<meta property=\"og:image:height\" content=\"697\" \/>\n\t\t<meta property=\"article:tag\" content=\"actualidad\" \/>\n\t\t<meta property=\"article:published_time\" content=\"2014-01-29T01:07:19+00:00\" \/>\n\t\t<meta property=\"article:modified_time\" content=\"2014-01-29T01:07:19+00:00\" \/>\n\t\t<meta property=\"article:publisher\" content=\"https:\/\/facebook.com\/eldigitaldeasturias\" \/>\n\t\t<meta name=\"twitter:card\" content=\"summary_large_image\" \/>\n\t\t<meta name=\"twitter:title\" content=\"Cuba y Brasil consolidan su relaci\u00f3n con la inauguraci\u00f3n del puerto de Mariel - El Digital de Asturias\" \/>\n\t\t<meta name=\"twitter:description\" content=\"Mariel (Cuba), 27 ene (EFE).- Cuba y Brasil consolidaron hoy su colaboraci\u00f3n econ\u00f3mica con la inauguraci\u00f3n de la primera fase del puerto del Mariel, una millonaria obra conjunta iniciada en 2011 que se convertir\u00e1 en el centro de la primera Zona Especial de Desarrollo (ZEDM) creada en la isla. Los presidentes de Cuba, Ra\u00fal Castro,\" \/>\n\t\t<meta name=\"twitter:image\" content=\"https:\/\/www.eldigitaldeasturias.com\/noticias\/wp-content\/uploads\/2026\/06\/Contenidos.jpg\" \/>\n\t\t<meta name=\"twitter:label1\" content=\"Escrito por\" \/>\n\t\t<meta name=\"twitter:data1\" content=\"El Digital de Asturias\" \/>\n\t\t<meta name=\"twitter:label2\" content=\"Tiempo de lectura estimado\" \/>\n\t\t<meta name=\"twitter:data2\" content=\"4 minutos\" \/>\n\t\t<script type=\"application\/ld+json\" class=\"aioseo-schema\">\n\t\t\t{\"@context\":\"https:\\\/\\\/schema.org\",\"@graph\":[{\"@type\":\"BlogPosting\",\"@id\":\"https:\\\/\\\/www.eldigitaldeasturias.com\\\/noticias\\\/cuba-y-brasil-consolidan-su-relacion-con-la-inauguracion-del-puerto-de-mariel\\\/#blogposting\",\"name\":\"Cuba y Brasil consolidan su relaci\\u00f3n con la inauguraci\\u00f3n del puerto de Mariel - El Digital de Asturias\",\"headline\":\"Cuba y Brasil consolidan su relaci\\u00f3n con la inauguraci\\u00f3n del puerto de Mariel\",\"author\":{\"@id\":\"https:\\\/\\\/www.eldigitaldeasturias.com\\\/noticias\\\/author\\\/admin\\\/#author\"},\"publisher\":{\"@id\":\"https:\\\/\\\/www.eldigitaldeasturias.com\\\/noticias\\\/#organization\"},\"image\":{\"@type\":\"ImageObject\",\"url\":\"https:\\\/\\\/www.eldigitaldeasturias.com\\\/noticias\\\/wp-content\\\/uploads\\\/2026\\\/06\\\/Contenidos.jpg\",\"width\":1265,\"height\":697,\"caption\":\"Contenidos\"},\"datePublished\":\"2014-01-29T00:07:19+01:00\",\"dateModified\":\"2014-01-29T00:07:19+01:00\",\"inLanguage\":\"es-ES\",\"mainEntityOfPage\":{\"@id\":\"https:\\\/\\\/www.eldigitaldeasturias.com\\\/noticias\\\/cuba-y-brasil-consolidan-su-relacion-con-la-inauguracion-del-puerto-de-mariel\\\/#webpage\"},\"isPartOf\":{\"@id\":\"https:\\\/\\\/www.eldigitaldeasturias.com\\\/noticias\\\/cuba-y-brasil-consolidan-su-relacion-con-la-inauguracion-del-puerto-de-mariel\\\/#webpage\"},\"articleSection\":\"Actualidad\"},{\"@type\":\"BreadcrumbList\",\"@id\":\"https:\\\/\\\/www.eldigitaldeasturias.com\\\/noticias\\\/cuba-y-brasil-consolidan-su-relacion-con-la-inauguracion-del-puerto-de-mariel\\\/#breadcrumblist\",\"itemListElement\":[{\"@type\":\"ListItem\",\"@id\":\"https:\\\/\\\/www.eldigitaldeasturias.com\\\/noticias#listItem\",\"position\":1,\"name\":\"Home\",\"item\":\"https:\\\/\\\/www.eldigitaldeasturias.com\\\/noticias\",\"nextItem\":{\"@type\":\"ListItem\",\"@id\":\"https:\\\/\\\/www.eldigitaldeasturias.com\\\/noticias\\\/category\\\/actualidad\\\/#listItem\",\"name\":\"Actualidad\"}},{\"@type\":\"ListItem\",\"@id\":\"https:\\\/\\\/www.eldigitaldeasturias.com\\\/noticias\\\/category\\\/actualidad\\\/#listItem\",\"position\":2,\"name\":\"Actualidad\",\"item\":\"https:\\\/\\\/www.eldigitaldeasturias.com\\\/noticias\\\/category\\\/actualidad\\\/\",\"nextItem\":{\"@type\":\"ListItem\",\"@id\":\"https:\\\/\\\/www.eldigitaldeasturias.com\\\/noticias\\\/cuba-y-brasil-consolidan-su-relacion-con-la-inauguracion-del-puerto-de-mariel\\\/#listItem\",\"name\":\"Cuba y Brasil consolidan su relaci\\u00f3n con la inauguraci\\u00f3n del puerto de Mariel\"},\"previousItem\":{\"@type\":\"ListItem\",\"@id\":\"https:\\\/\\\/www.eldigitaldeasturias.com\\\/noticias#listItem\",\"name\":\"Home\"}},{\"@type\":\"ListItem\",\"@id\":\"https:\\\/\\\/www.eldigitaldeasturias.com\\\/noticias\\\/cuba-y-brasil-consolidan-su-relacion-con-la-inauguracion-del-puerto-de-mariel\\\/#listItem\",\"position\":3,\"name\":\"Cuba y Brasil consolidan su relaci\\u00f3n con la inauguraci\\u00f3n del puerto de Mariel\",\"previousItem\":{\"@type\":\"ListItem\",\"@id\":\"https:\\\/\\\/www.eldigitaldeasturias.com\\\/noticias\\\/category\\\/actualidad\\\/#listItem\",\"name\":\"Actualidad\"}}]},{\"@type\":\"Organization\",\"@id\":\"https:\\\/\\\/www.eldigitaldeasturias.com\\\/noticias\\\/#organization\",\"name\":\"El Digital de Asturias\",\"description\":\"Hemeroteca\",\"url\":\"https:\\\/\\\/www.eldigitaldeasturias.com\\\/noticias\\\/\",\"email\":\"info@eldigitaldeasturias.com\",\"telephone\":\"+34652131393\",\"logo\":{\"@type\":\"ImageObject\",\"url\":\"https:\\\/\\\/www.eldigitaldeasturias.com\\\/noticias\\\/wp-content\\\/uploads\\\/2020\\\/12\\\/EDA.jpg\",\"@id\":\"https:\\\/\\\/www.eldigitaldeasturias.com\\\/noticias\\\/cuba-y-brasil-consolidan-su-relacion-con-la-inauguracion-del-puerto-de-mariel\\\/#organizationLogo\"},\"image\":{\"@id\":\"https:\\\/\\\/www.eldigitaldeasturias.com\\\/noticias\\\/cuba-y-brasil-consolidan-su-relacion-con-la-inauguracion-del-puerto-de-mariel\\\/#organizationLogo\"},\"sameAs\":[\"https:\\\/\\\/facebook.com\\\/eldigitaldeasturias\",\"https:\\\/\\\/www.youtube.com\\\/channel\\\/UCZP-2wLEB9Rv6erhFmqVnvg\"],\"address\":{\"@id\":\"https:\\\/\\\/www.eldigitaldeasturias.com\\\/noticias\\\/#postaladdress\",\"@type\":\"PostalAddress\",\"streetAddress\":\"san antonio 4\",\"postalCode\":\"33430\",\"addressLocality\":\"Cand\\u00e1s\",\"addressRegion\":\"Asturias\",\"addressCountry\":\"ES\"}},{\"@type\":\"Person\",\"@id\":\"https:\\\/\\\/www.eldigitaldeasturias.com\\\/noticias\\\/author\\\/admin\\\/#author\",\"url\":\"https:\\\/\\\/www.eldigitaldeasturias.com\\\/noticias\\\/author\\\/admin\\\/\",\"name\":\"El Digital de Asturias\",\"image\":{\"@type\":\"ImageObject\",\"@id\":\"https:\\\/\\\/www.eldigitaldeasturias.com\\\/noticias\\\/cuba-y-brasil-consolidan-su-relacion-con-la-inauguracion-del-puerto-de-mariel\\\/#authorImage\",\"url\":\"https:\\\/\\\/secure.gravatar.com\\\/avatar\\\/df2aeffc32bcd13f8d26072ef8a91b623d677766deac7f97ca815868cd41bf5e?s=96&d=mm&r=g\",\"width\":96,\"height\":96,\"caption\":\"El Digital de Asturias\"}},{\"@type\":\"WebPage\",\"@id\":\"https:\\\/\\\/www.eldigitaldeasturias.com\\\/noticias\\\/cuba-y-brasil-consolidan-su-relacion-con-la-inauguracion-del-puerto-de-mariel\\\/#webpage\",\"url\":\"https:\\\/\\\/www.eldigitaldeasturias.com\\\/noticias\\\/cuba-y-brasil-consolidan-su-relacion-con-la-inauguracion-del-puerto-de-mariel\\\/\",\"name\":\"Cuba y Brasil consolidan su relaci\\u00f3n con la inauguraci\\u00f3n del puerto de Mariel - El Digital de Asturias\",\"description\":\"Mariel (Cuba), 27 ene (EFE).- Cuba y Brasil consolidaron hoy su colaboraci\\u00f3n econ\\u00f3mica con la inauguraci\\u00f3n de la primera fase del puerto del Mariel, una millonaria obra conjunta iniciada en 2011 que se convertir\\u00e1 en el centro de la primera Zona Especial de Desarrollo (ZEDM) creada en la isla. Los presidentes de Cuba, Ra\\u00fal Castro,\",\"inLanguage\":\"es-ES\",\"isPartOf\":{\"@id\":\"https:\\\/\\\/www.eldigitaldeasturias.com\\\/noticias\\\/#website\"},\"breadcrumb\":{\"@id\":\"https:\\\/\\\/www.eldigitaldeasturias.com\\\/noticias\\\/cuba-y-brasil-consolidan-su-relacion-con-la-inauguracion-del-puerto-de-mariel\\\/#breadcrumblist\"},\"author\":{\"@id\":\"https:\\\/\\\/www.eldigitaldeasturias.com\\\/noticias\\\/author\\\/admin\\\/#author\"},\"creator\":{\"@id\":\"https:\\\/\\\/www.eldigitaldeasturias.com\\\/noticias\\\/author\\\/admin\\\/#author\"},\"image\":{\"@type\":\"ImageObject\",\"url\":\"https:\\\/\\\/www.eldigitaldeasturias.com\\\/noticias\\\/wp-content\\\/uploads\\\/2026\\\/06\\\/Contenidos.jpg\",\"@id\":\"https:\\\/\\\/www.eldigitaldeasturias.com\\\/noticias\\\/cuba-y-brasil-consolidan-su-relacion-con-la-inauguracion-del-puerto-de-mariel\\\/#mainImage\",\"width\":1265,\"height\":697,\"caption\":\"Contenidos\"},\"primaryImageOfPage\":{\"@id\":\"https:\\\/\\\/www.eldigitaldeasturias.com\\\/noticias\\\/cuba-y-brasil-consolidan-su-relacion-con-la-inauguracion-del-puerto-de-mariel\\\/#mainImage\"},\"datePublished\":\"2014-01-29T00:07:19+01:00\",\"dateModified\":\"2014-01-29T00:07:19+01:00\"},{\"@type\":\"WebSite\",\"@id\":\"https:\\\/\\\/www.eldigitaldeasturias.com\\\/noticias\\\/#website\",\"url\":\"https:\\\/\\\/www.eldigitaldeasturias.com\\\/noticias\\\/\",\"name\":\"El Digital de Asturias - Diario de actualidad y noticias\",\"alternateName\":\"El Digital de Asturias - Diario de actualidad y noticias\",\"description\":\"Hemeroteca\",\"inLanguage\":\"es-ES\",\"publisher\":{\"@id\":\"https:\\\/\\\/www.eldigitaldeasturias.com\\\/noticias\\\/#organization\"}}]}\n\t\t<\/script>\n\t\t<!-- All in One SEO Pro -->\r\n\t\t<title>Cuba y Brasil consolidan su relaci\u00f3n con la inauguraci\u00f3n del puerto de Mariel - El Digital de Asturias<\/title>\n\n","aioseo_head_json":{"title":"Cuba y Brasil consolidan su relaci\u00f3n con la inauguraci\u00f3n del puerto de Mariel - El Digital de Asturias","description":"Mariel (Cuba), 27 ene (EFE).- Cuba y Brasil consolidaron hoy su colaboraci\u00f3n econ\u00f3mica con la inauguraci\u00f3n de la primera fase del puerto del Mariel, una millonaria obra conjunta iniciada en 2011 que se convertir\u00e1 en el centro de la primera Zona Especial de Desarrollo (ZEDM) creada en la isla. Los presidentes de Cuba, Ra\u00fal Castro,","canonical_url":"https:\/\/www.eldigitaldeasturias.com\/noticias\/cuba-y-brasil-consolidan-su-relacion-con-la-inauguracion-del-puerto-de-mariel\/","robots":"max-image-preview:large","keywords":"actualidad","webmasterTools":{"google-site-verification":"UA-38556648-1","msvalidate.01":"7dfe9f3f1b24437ab69f4f2559babe99","miscellaneous":""},"schema":{"@context":"https:\/\/schema.org","@graph":[{"@type":"BlogPosting","@id":"https:\/\/www.eldigitaldeasturias.com\/noticias\/cuba-y-brasil-consolidan-su-relacion-con-la-inauguracion-del-puerto-de-mariel\/#blogposting","name":"Cuba y Brasil consolidan su relaci\u00f3n con la inauguraci\u00f3n del puerto de Mariel - El Digital de Asturias","headline":"Cuba y Brasil consolidan su relaci\u00f3n con la inauguraci\u00f3n del puerto de Mariel","author":{"@id":"https:\/\/www.eldigitaldeasturias.com\/noticias\/author\/admin\/#author"},"publisher":{"@id":"https:\/\/www.eldigitaldeasturias.com\/noticias\/#organization"},"image":{"@type":"ImageObject","url":"https:\/\/www.eldigitaldeasturias.com\/noticias\/wp-content\/uploads\/2026\/06\/Contenidos.jpg","width":1265,"height":697,"caption":"Contenidos"},"datePublished":"2014-01-29T00:07:19+01:00","dateModified":"2014-01-29T00:07:19+01:00","inLanguage":"es-ES","mainEntityOfPage":{"@id":"https:\/\/www.eldigitaldeasturias.com\/noticias\/cuba-y-brasil-consolidan-su-relacion-con-la-inauguracion-del-puerto-de-mariel\/#webpage"},"isPartOf":{"@id":"https:\/\/www.eldigitaldeasturias.com\/noticias\/cuba-y-brasil-consolidan-su-relacion-con-la-inauguracion-del-puerto-de-mariel\/#webpage"},"articleSection":"Actualidad"},{"@type":"BreadcrumbList","@id":"https:\/\/www.eldigitaldeasturias.com\/noticias\/cuba-y-brasil-consolidan-su-relacion-con-la-inauguracion-del-puerto-de-mariel\/#breadcrumblist","itemListElement":[{"@type":"ListItem","@id":"https:\/\/www.eldigitaldeasturias.com\/noticias#listItem","position":1,"name":"Home","item":"https:\/\/www.eldigitaldeasturias.com\/noticias","nextItem":{"@type":"ListItem","@id":"https:\/\/www.eldigitaldeasturias.com\/noticias\/category\/actualidad\/#listItem","name":"Actualidad"}},{"@type":"ListItem","@id":"https:\/\/www.eldigitaldeasturias.com\/noticias\/category\/actualidad\/#listItem","position":2,"name":"Actualidad","item":"https:\/\/www.eldigitaldeasturias.com\/noticias\/category\/actualidad\/","nextItem":{"@type":"ListItem","@id":"https:\/\/www.eldigitaldeasturias.com\/noticias\/cuba-y-brasil-consolidan-su-relacion-con-la-inauguracion-del-puerto-de-mariel\/#listItem","name":"Cuba y Brasil consolidan su relaci\u00f3n con la inauguraci\u00f3n del puerto de Mariel"},"previousItem":{"@type":"ListItem","@id":"https:\/\/www.eldigitaldeasturias.com\/noticias#listItem","name":"Home"}},{"@type":"ListItem","@id":"https:\/\/www.eldigitaldeasturias.com\/noticias\/cuba-y-brasil-consolidan-su-relacion-con-la-inauguracion-del-puerto-de-mariel\/#listItem","position":3,"name":"Cuba y Brasil consolidan su relaci\u00f3n con la inauguraci\u00f3n del puerto de Mariel","previousItem":{"@type":"ListItem","@id":"https:\/\/www.eldigitaldeasturias.com\/noticias\/category\/actualidad\/#listItem","name":"Actualidad"}}]},{"@type":"Organization","@id":"https:\/\/www.eldigitaldeasturias.com\/noticias\/#organization","name":"El Digital de Asturias","description":"Hemeroteca","url":"https:\/\/www.eldigitaldeasturias.com\/noticias\/","email":"info@eldigitaldeasturias.com","telephone":"+34652131393","logo":{"@type":"ImageObject","url":"https:\/\/www.eldigitaldeasturias.com\/noticias\/wp-content\/uploads\/2020\/12\/EDA.jpg","@id":"https:\/\/www.eldigitaldeasturias.com\/noticias\/cuba-y-brasil-consolidan-su-relacion-con-la-inauguracion-del-puerto-de-mariel\/#organizationLogo"},"image":{"@id":"https:\/\/www.eldigitaldeasturias.com\/noticias\/cuba-y-brasil-consolidan-su-relacion-con-la-inauguracion-del-puerto-de-mariel\/#organizationLogo"},"sameAs":["https:\/\/facebook.com\/eldigitaldeasturias","https:\/\/www.youtube.com\/channel\/UCZP-2wLEB9Rv6erhFmqVnvg"],"address":{"@id":"https:\/\/www.eldigitaldeasturias.com\/noticias\/#postaladdress","@type":"PostalAddress","streetAddress":"san antonio 4","postalCode":"33430","addressLocality":"Cand\u00e1s","addressRegion":"Asturias","addressCountry":"ES"}},{"@type":"Person","@id":"https:\/\/www.eldigitaldeasturias.com\/noticias\/author\/admin\/#author","url":"https:\/\/www.eldigitaldeasturias.com\/noticias\/author\/admin\/","name":"El Digital de Asturias","image":{"@type":"ImageObject","@id":"https:\/\/www.eldigitaldeasturias.com\/noticias\/cuba-y-brasil-consolidan-su-relacion-con-la-inauguracion-del-puerto-de-mariel\/#authorImage","url":"https:\/\/secure.gravatar.com\/avatar\/df2aeffc32bcd13f8d26072ef8a91b623d677766deac7f97ca815868cd41bf5e?s=96&d=mm&r=g","width":96,"height":96,"caption":"El Digital de Asturias"}},{"@type":"WebPage","@id":"https:\/\/www.eldigitaldeasturias.com\/noticias\/cuba-y-brasil-consolidan-su-relacion-con-la-inauguracion-del-puerto-de-mariel\/#webpage","url":"https:\/\/www.eldigitaldeasturias.com\/noticias\/cuba-y-brasil-consolidan-su-relacion-con-la-inauguracion-del-puerto-de-mariel\/","name":"Cuba y Brasil consolidan su relaci\u00f3n con la inauguraci\u00f3n del puerto de Mariel - El Digital de Asturias","description":"Mariel (Cuba), 27 ene (EFE).- Cuba y Brasil consolidaron hoy su colaboraci\u00f3n econ\u00f3mica con la inauguraci\u00f3n de la primera fase del puerto del Mariel, una millonaria obra conjunta iniciada en 2011 que se convertir\u00e1 en el centro de la primera Zona Especial de Desarrollo (ZEDM) creada en la isla. Los presidentes de Cuba, Ra\u00fal Castro,","inLanguage":"es-ES","isPartOf":{"@id":"https:\/\/www.eldigitaldeasturias.com\/noticias\/#website"},"breadcrumb":{"@id":"https:\/\/www.eldigitaldeasturias.com\/noticias\/cuba-y-brasil-consolidan-su-relacion-con-la-inauguracion-del-puerto-de-mariel\/#breadcrumblist"},"author":{"@id":"https:\/\/www.eldigitaldeasturias.com\/noticias\/author\/admin\/#author"},"creator":{"@id":"https:\/\/www.eldigitaldeasturias.com\/noticias\/author\/admin\/#author"},"image":{"@type":"ImageObject","url":"https:\/\/www.eldigitaldeasturias.com\/noticias\/wp-content\/uploads\/2026\/06\/Contenidos.jpg","@id":"https:\/\/www.eldigitaldeasturias.com\/noticias\/cuba-y-brasil-consolidan-su-relacion-con-la-inauguracion-del-puerto-de-mariel\/#mainImage","width":1265,"height":697,"caption":"Contenidos"},"primaryImageOfPage":{"@id":"https:\/\/www.eldigitaldeasturias.com\/noticias\/cuba-y-brasil-consolidan-su-relacion-con-la-inauguracion-del-puerto-de-mariel\/#mainImage"},"datePublished":"2014-01-29T00:07:19+01:00","dateModified":"2014-01-29T00:07:19+01:00"},{"@type":"WebSite","@id":"https:\/\/www.eldigitaldeasturias.com\/noticias\/#website","url":"https:\/\/www.eldigitaldeasturias.com\/noticias\/","name":"El Digital de Asturias - Diario de actualidad y noticias","alternateName":"El Digital de Asturias - Diario de actualidad y noticias","description":"Hemeroteca","inLanguage":"es-ES","publisher":{"@id":"https:\/\/www.eldigitaldeasturias.com\/noticias\/#organization"}}]},"og:locale":"es_ES","og:site_name":"El Digital de Asturias","og:type":"article","og:title":"Cuba y Brasil consolidan su relaci\u00f3n con la inauguraci\u00f3n del puerto de Mariel - El Digital de Asturias","og:description":"Mariel (Cuba), 27 ene (EFE).- Cuba y Brasil consolidaron hoy su colaboraci\u00f3n econ\u00f3mica con la inauguraci\u00f3n de la primera fase del puerto del Mariel, una millonaria obra conjunta iniciada en 2011 que se convertir\u00e1 en el centro de la primera Zona Especial de Desarrollo (ZEDM) creada en la isla. Los presidentes de Cuba, Ra\u00fal Castro,","og:url":"https:\/\/www.eldigitaldeasturias.com\/noticias\/cuba-y-brasil-consolidan-su-relacion-con-la-inauguracion-del-puerto-de-mariel\/","og:image":"https:\/\/www.eldigitaldeasturias.com\/noticias\/wp-content\/uploads\/2026\/06\/Contenidos.jpg","og:image:secure_url":"https:\/\/www.eldigitaldeasturias.com\/noticias\/wp-content\/uploads\/2026\/06\/Contenidos.jpg","og:image:width":1265,"og:image:height":697,"article:tag":["actualidad"],"article:published_time":"2014-01-29T01:07:19+00:00","article:modified_time":"2014-01-29T01:07:19+00:00","article:publisher":"https:\/\/facebook.com\/eldigitaldeasturias","twitter:card":"summary_large_image","twitter:title":"Cuba y Brasil consolidan su relaci\u00f3n con la inauguraci\u00f3n del puerto de Mariel - El Digital de Asturias","twitter:description":"Mariel (Cuba), 27 ene (EFE).- Cuba y Brasil consolidaron hoy su colaboraci\u00f3n econ\u00f3mica con la inauguraci\u00f3n de la primera fase del puerto del Mariel, una millonaria obra conjunta iniciada en 2011 que se convertir\u00e1 en el centro de la primera Zona Especial de Desarrollo (ZEDM) creada en la isla. Los presidentes de Cuba, Ra\u00fal Castro,","twitter:image":"https:\/\/www.eldigitaldeasturias.com\/noticias\/wp-content\/uploads\/2026\/06\/Contenidos.jpg","twitter:label1":"Escrito por","twitter:data1":"El Digital de Asturias","twitter:label2":"Tiempo de lectura estimado","twitter:data2":"4 minutos"},"aioseo_meta_data":{"post_id":"479766","title":null,"description":null,"keywords":null,"keyphrases":null,"primary_term":null,"canonical_url":null,"og_title":null,"og_description":null,"og_object_type":"default","og_image_type":"default","og_image_url":null,"og_image_width":null,"og_image_height":null,"og_image_custom_url":null,"og_image_custom_fields":null,"og_video":null,"og_custom_url":null,"og_article_section":null,"og_article_tags":null,"twitter_use_og":true,"twitter_card":"default","twitter_image_type":"default","twitter_image_url":null,"twitter_image_custom_url":null,"twitter_image_custom_fields":null,"twitter_title":null,"twitter_description":null,"schema":{"blockGraphs":[],"customGraphs":[],"default":{"data":{"Article":[],"Course":[],"Dataset":[],"FAQPage":[],"Movie":[],"Person":[],"Product":[],"ProductReview":[],"Car":[],"Recipe":[],"Service":[],"SoftwareApplication":[],"WebPage":[]},"graphName":"","isEnabled":true},"graphs":[],"defaultGraph":"","defaultPostTypeGraph":""},"schema_type":null,"schema_type_options":null,"pillar_content":false,"robots_default":true,"robots_noindex":false,"robots_noarchive":false,"robots_nosnippet":false,"robots_nofollow":false,"robots_noimageindex":false,"robots_noodp":false,"robots_notranslate":false,"robots_max_snippet":null,"robots_max_videopreview":null,"robots_max_imagepreview":"none","priority":null,"frequency":null,"local_seo":null,"seo_analyzer_scan_date":"2026-06-02 01:33:50","breadcrumb_settings":null,"limit_modified_date":false,"open_ai":null,"ai":null,"created":"2020-11-14 22:54:06","updated":"2026-06-02 01:33:50","focus_keyword":null,"additional_keywords":null,"truseo_locale":null},"aioseo_breadcrumb":"<div class=\"aioseo-breadcrumbs\"><span class=\"aioseo-breadcrumb\">\n\t<a href=\"https:\/\/www.eldigitaldeasturias.com\/noticias\" title=\"Home\">Home<\/a>\n<\/span><span class=\"aioseo-breadcrumb-separator\">\u2013<\/span><span class=\"aioseo-breadcrumb\">\n\t<a href=\"https:\/\/www.eldigitaldeasturias.com\/noticias\/category\/actualidad\/\" title=\"Actualidad\">Actualidad<\/a>\n<\/span><span class=\"aioseo-breadcrumb-separator\">\u2013<\/span><span class=\"aioseo-breadcrumb\">\n\t<a href=\"https:\/\/www.eldigitaldeasturias.com\/noticias\/cuba-y-brasil-consolidan-su-relacion-con-la-inauguracion-del-puerto-de-mariel\/\" title=\"Cuba y Brasil consolidan su relaci\u00f3n con la inauguraci\u00f3n del puerto de Mariel\">Cuba y Brasil consolidan su relaci\u00f3n con la inauguraci\u00f3n del puerto de Mariel<\/a>\n<\/span><\/div>","aioseo_breadcrumb_json":[{"label":"Home","link":"https:\/\/www.eldigitaldeasturias.com\/noticias"},{"label":"Actualidad","link":"https:\/\/www.eldigitaldeasturias.com\/noticias\/category\/actualidad\/"},{"label":"Cuba y Brasil consolidan su relaci\u00f3n con la inauguraci\u00f3n del puerto de Mariel","link":"https:\/\/www.eldigitaldeasturias.com\/noticias\/cuba-y-brasil-consolidan-su-relacion-con-la-inauguracion-del-puerto-de-mariel\/"}],"_links":{"self":[{"href":"https:\/\/www.eldigitaldeasturias.com\/noticias\/wp-json\/wp\/v2\/posts\/479766","targetHints":{"allow":["GET"]}}],"collection":[{"href":"https:\/\/www.eldigitaldeasturias.com\/noticias\/wp-json\/wp\/v2\/posts"}],"about":[{"href":"https:\/\/www.eldigitaldeasturias.com\/noticias\/wp-json\/wp\/v2\/types\/post"}],"author":[{"embeddable":true,"href":"https:\/\/www.eldigitaldeasturias.com\/noticias\/wp-json\/wp\/v2\/users\/1"}],"replies":[{"embeddable":true,"href":"https:\/\/www.eldigitaldeasturias.com\/noticias\/wp-json\/wp\/v2\/comments?post=479766"}],"version-history":[{"count":0,"href":"https:\/\/www.eldigitaldeasturias.com\/noticias\/wp-json\/wp\/v2\/posts\/479766\/revisions"}],"wp:featuredmedia":[{"embeddable":true,"href":"https:\/\/www.eldigitaldeasturias.com\/noticias\/wp-json\/wp\/v2\/media\/1132184"}],"wp:attachment":[{"href":"https:\/\/www.eldigitaldeasturias.com\/noticias\/wp-json\/wp\/v2\/media?parent=479766"}],"wp:term":[{"taxonomy":"category","embeddable":true,"href":"https:\/\/www.eldigitaldeasturias.com\/noticias\/wp-json\/wp\/v2\/categories?post=479766"},{"taxonomy":"post_tag","embeddable":true,"href":"https:\/\/www.eldigitaldeasturias.com\/noticias\/wp-json\/wp\/v2\/tags?post=479766"}],"curies":[{"name":"wp","href":"https:\/\/api.w.org\/{rel}","templated":true}]}}