{"id":479763,"date":"2014-01-29T00:06:01","date_gmt":"2014-01-29T01:06:01","guid":{"rendered":"http:\/\/www.eldigitaldeasturias.com\/noticias\/?p=479763"},"modified":"2014-01-29T00:06:01","modified_gmt":"2014-01-29T01:06:01","slug":"hillary-clinton-dice-que-lo-que-mas-lamenta-son-las-muertes-en-el-consulado-en-libia","status":"publish","type":"post","link":"https:\/\/www.eldigitaldeasturias.com\/noticias\/hillary-clinton-dice-que-lo-que-mas-lamenta-son-las-muertes-en-el-consulado-en-libia\/","title":{"rendered":"Hillary Clinton dice que lo que m\u00e1s lamenta son las muertes en el consulado en Libia"},"content":{"rendered":"<p><img loading=\"lazy\" decoding=\"async\" class=\"alignleft size-medium wp-image-479764\" alt=\"5881530w\" src=\"https:\/\/www.eldigitaldeasturias.com\/noticias\/wp-content\/uploads\/2014\/01\/5881530w-360x247.jpg\" width=\"360\" height=\"247\" \/>Washington, 27 ene (EFE).- La exsecretaria de Estado Hillary Clinton dijo hoy que lo que m\u00e1s lamenta de sus cuatro a\u00f1os al frente de la diplomacia estadounidense es la muerte hace algo m\u00e1s de un a\u00f1o del embajador estadounidense en Libia por un atentado terrorista.<\/p>\n<p>En una intervenci\u00f3n en un encuentro en Nueva Orleans de la Asociaci\u00f3n de Nacional de Concesionarios de Autom\u00f3viles (NADA), Clinton dijo que la muerte de Chris Stevens y otros tres estadounidense el 11 de septiembre de 2011 fue \u00abuna terrible tragedia\u00bb y una \u00abgran p\u00e9rdida\u00bb.<\/p>\n<p>El atentado contra el consulado estadounidense en la ciudad libia de Bengasi, por el que a\u00fan no se ha detenido a nadie, fue uno de los momentos m\u00e1s bajos para Clinton al frente del Departamento de Estado.<\/p>\n<p>Clinton tambi\u00e9n tuvo que responder a otra m\u00e1s de las peticiones de que despeje las dudas sobre si se presentar\u00e1 a las elecciones presidenciales de 2016, para las que suena con fuerza como candidata dem\u00f3crata.<\/p>\n<p>La pol\u00edtica contest\u00f3 que no piensa en ello: \u00abNo lo s\u00e9. Entiendo que no es una respuesta muy satisfactoria\u00bb, reconoci\u00f3 Clinton.<\/p>\n<p>\u00abPensar\u00e9 en ello (en ser candidata) m\u00e1s adelante\u00bb, dijo la exsecretaria de Estado, aludiendo al hecho de que no ser\u00eda muy prudente y adecuado anunciar sus aspiraciones a casi tres a\u00f1os de los comicios presidenciales.<\/p>\n<p>La exprimera dama tambi\u00e9n confes\u00f3 ante los jefes de concesionarios de autom\u00f3viles de todo el pa\u00eds que no se pone al volante de un veh\u00edculo desde 1996, cuando a\u00fan resid\u00eda en la Casa Blanca junto a su marido, el presidente Bill Clinton.<\/p>\n<p>\u00abMe acuerdo perfectamente, aunque desafortunadamente tambi\u00e9n se acuerda el Servicio Secreto (encargado de la seguridad presidencial), que es la raz\u00f3n por la que ya no he vuelto a conducir\u00bb, brome\u00f3.<\/p>\n","protected":false},"excerpt":{"rendered":"<p>Washington, 27 ene (EFE).- La exsecretaria de Estado Hillary Clinton dijo hoy que lo que m\u00e1s lamenta de sus cuatro a\u00f1os al frente de la diplomacia estadounidense es la muerte hace algo m\u00e1s de un a\u00f1o del embajador estadounidense en Libia por un atentado terrorista. En una intervenci\u00f3n en un encuentro en Nueva Orleans de [&hellip;]<\/p>\n","protected":false},"author":1,"featured_media":1132184,"comment_status":"closed","ping_status":"open","sticky":false,"template":"","format":"standard","meta":{"footnotes":""},"categories":[1],"tags":[],"class_list":["post-479763","post","type-post","status-publish","format-standard","has-post-thumbnail","hentry","category-actualidad"],"aioseo_notices":[],"aioseo_head":"\n\t\t<!-- All in One SEO Pro 5.0.1 - aioseo.com -->\n\t<meta name=\"description\" content=\"Washington, 27 ene (EFE).- La exsecretaria de Estado Hillary Clinton dijo hoy que lo que m\u00e1s lamenta de sus cuatro a\u00f1os al frente de la diplomacia estadounidense es la muerte hace algo m\u00e1s de un a\u00f1o del embajador estadounidense en Libia por un atentado terrorista. En una intervenci\u00f3n en un encuentro en Nueva Orleans de\" \/>\n\t<meta name=\"robots\" content=\"max-image-preview:large\" \/>\n\t<meta name=\"author\" content=\"El Digital de Asturias\"\/>\n\t<meta name=\"google-site-verification\" content=\"UA-38556648-1\" \/>\n\t<meta name=\"msvalidate.01\" content=\"7dfe9f3f1b24437ab69f4f2559babe99\" \/>\n\t<meta name=\"keywords\" content=\"actualidad\" \/>\n\t<link rel=\"canonical\" href=\"https:\/\/www.eldigitaldeasturias.com\/noticias\/hillary-clinton-dice-que-lo-que-mas-lamenta-son-las-muertes-en-el-consulado-en-libia\/\" \/>\n\t<meta name=\"generator\" content=\"All in One SEO Pro (AIOSEO) 5.0.1\" \/>\n\t\t<meta property=\"og:locale\" content=\"es_ES\" \/>\n\t\t<meta property=\"og:site_name\" content=\"El Digital de Asturias\" \/>\n\t\t<meta property=\"og:type\" content=\"article\" \/>\n\t\t<meta property=\"og:title\" content=\"Hillary Clinton dice que lo que m\u00e1s lamenta son las muertes en el consulado en Libia - El Digital de Asturias\" \/>\n\t\t<meta property=\"og:description\" content=\"Washington, 27 ene (EFE).- La exsecretaria de Estado Hillary Clinton dijo hoy que lo que m\u00e1s lamenta de sus cuatro a\u00f1os al frente de la diplomacia estadounidense es la muerte hace algo m\u00e1s de un a\u00f1o del embajador estadounidense en Libia por un atentado terrorista. En una intervenci\u00f3n en un encuentro en Nueva Orleans de\" \/>\n\t\t<meta property=\"og:url\" content=\"https:\/\/www.eldigitaldeasturias.com\/noticias\/hillary-clinton-dice-que-lo-que-mas-lamenta-son-las-muertes-en-el-consulado-en-libia\/\" \/>\n\t\t<meta property=\"og:image\" content=\"https:\/\/www.eldigitaldeasturias.com\/noticias\/wp-content\/uploads\/2026\/06\/Contenidos.jpg\" \/>\n\t\t<meta property=\"og:image:secure_url\" content=\"https:\/\/www.eldigitaldeasturias.com\/noticias\/wp-content\/uploads\/2026\/06\/Contenidos.jpg\" \/>\n\t\t<meta property=\"og:image:width\" content=\"1265\" \/>\n\t\t<meta property=\"og:image:height\" content=\"697\" \/>\n\t\t<meta property=\"article:tag\" content=\"actualidad\" \/>\n\t\t<meta property=\"article:published_time\" content=\"2014-01-29T01:06:01+00:00\" \/>\n\t\t<meta property=\"article:modified_time\" content=\"2014-01-29T01:06:01+00:00\" \/>\n\t\t<meta property=\"article:publisher\" content=\"https:\/\/facebook.com\/eldigitaldeasturias\" \/>\n\t\t<meta name=\"twitter:card\" content=\"summary_large_image\" \/>\n\t\t<meta name=\"twitter:title\" content=\"Hillary Clinton dice que lo que m\u00e1s lamenta son las muertes en el consulado en Libia - El Digital de Asturias\" \/>\n\t\t<meta name=\"twitter:description\" content=\"Washington, 27 ene (EFE).- La exsecretaria de Estado Hillary Clinton dijo hoy que lo que m\u00e1s lamenta de sus cuatro a\u00f1os al frente de la diplomacia estadounidense es la muerte hace algo m\u00e1s de un a\u00f1o del embajador estadounidense en Libia por un atentado terrorista. En una intervenci\u00f3n en un encuentro en Nueva Orleans de\" \/>\n\t\t<meta name=\"twitter:image\" content=\"https:\/\/www.eldigitaldeasturias.com\/noticias\/wp-content\/uploads\/2026\/06\/Contenidos.jpg\" \/>\n\t\t<meta name=\"twitter:label1\" content=\"Escrito por\" \/>\n\t\t<meta name=\"twitter:data1\" content=\"El Digital de Asturias\" \/>\n\t\t<meta name=\"twitter:label2\" content=\"Tiempo de lectura estimado\" \/>\n\t\t<meta name=\"twitter:data2\" content=\"2 minutos\" \/>\n\t\t<script type=\"application\/ld+json\" class=\"aioseo-schema\">\n\t\t\t{\"@context\":\"https:\\\/\\\/schema.org\",\"@graph\":[{\"@type\":\"BlogPosting\",\"@id\":\"https:\\\/\\\/www.eldigitaldeasturias.com\\\/noticias\\\/hillary-clinton-dice-que-lo-que-mas-lamenta-son-las-muertes-en-el-consulado-en-libia\\\/#blogposting\",\"name\":\"Hillary Clinton dice que lo que m\\u00e1s lamenta son las muertes en el consulado en Libia - El Digital de Asturias\",\"headline\":\"Hillary Clinton dice que lo que m\\u00e1s lamenta son las muertes en el consulado en Libia\",\"author\":{\"@id\":\"https:\\\/\\\/www.eldigitaldeasturias.com\\\/noticias\\\/author\\\/admin\\\/#author\"},\"publisher\":{\"@id\":\"https:\\\/\\\/www.eldigitaldeasturias.com\\\/noticias\\\/#organization\"},\"image\":{\"@type\":\"ImageObject\",\"url\":\"https:\\\/\\\/www.eldigitaldeasturias.com\\\/noticias\\\/wp-content\\\/uploads\\\/2026\\\/06\\\/Contenidos.jpg\",\"width\":1265,\"height\":697,\"caption\":\"Contenidos\"},\"datePublished\":\"2014-01-29T00:06:01+01:00\",\"dateModified\":\"2014-01-29T00:06:01+01:00\",\"inLanguage\":\"es-ES\",\"mainEntityOfPage\":{\"@id\":\"https:\\\/\\\/www.eldigitaldeasturias.com\\\/noticias\\\/hillary-clinton-dice-que-lo-que-mas-lamenta-son-las-muertes-en-el-consulado-en-libia\\\/#webpage\"},\"isPartOf\":{\"@id\":\"https:\\\/\\\/www.eldigitaldeasturias.com\\\/noticias\\\/hillary-clinton-dice-que-lo-que-mas-lamenta-son-las-muertes-en-el-consulado-en-libia\\\/#webpage\"},\"articleSection\":\"Actualidad\"},{\"@type\":\"BreadcrumbList\",\"@id\":\"https:\\\/\\\/www.eldigitaldeasturias.com\\\/noticias\\\/hillary-clinton-dice-que-lo-que-mas-lamenta-son-las-muertes-en-el-consulado-en-libia\\\/#breadcrumblist\",\"itemListElement\":[{\"@type\":\"ListItem\",\"@id\":\"https:\\\/\\\/www.eldigitaldeasturias.com\\\/noticias#listItem\",\"position\":1,\"name\":\"Home\",\"item\":\"https:\\\/\\\/www.eldigitaldeasturias.com\\\/noticias\",\"nextItem\":{\"@type\":\"ListItem\",\"@id\":\"https:\\\/\\\/www.eldigitaldeasturias.com\\\/noticias\\\/category\\\/actualidad\\\/#listItem\",\"name\":\"Actualidad\"}},{\"@type\":\"ListItem\",\"@id\":\"https:\\\/\\\/www.eldigitaldeasturias.com\\\/noticias\\\/category\\\/actualidad\\\/#listItem\",\"position\":2,\"name\":\"Actualidad\",\"item\":\"https:\\\/\\\/www.eldigitaldeasturias.com\\\/noticias\\\/category\\\/actualidad\\\/\",\"nextItem\":{\"@type\":\"ListItem\",\"@id\":\"https:\\\/\\\/www.eldigitaldeasturias.com\\\/noticias\\\/hillary-clinton-dice-que-lo-que-mas-lamenta-son-las-muertes-en-el-consulado-en-libia\\\/#listItem\",\"name\":\"Hillary Clinton dice que lo que m\\u00e1s lamenta son las muertes en el consulado en Libia\"},\"previousItem\":{\"@type\":\"ListItem\",\"@id\":\"https:\\\/\\\/www.eldigitaldeasturias.com\\\/noticias#listItem\",\"name\":\"Home\"}},{\"@type\":\"ListItem\",\"@id\":\"https:\\\/\\\/www.eldigitaldeasturias.com\\\/noticias\\\/hillary-clinton-dice-que-lo-que-mas-lamenta-son-las-muertes-en-el-consulado-en-libia\\\/#listItem\",\"position\":3,\"name\":\"Hillary Clinton dice que lo que m\\u00e1s lamenta son las muertes en el consulado en Libia\",\"previousItem\":{\"@type\":\"ListItem\",\"@id\":\"https:\\\/\\\/www.eldigitaldeasturias.com\\\/noticias\\\/category\\\/actualidad\\\/#listItem\",\"name\":\"Actualidad\"}}]},{\"@type\":\"Organization\",\"@id\":\"https:\\\/\\\/www.eldigitaldeasturias.com\\\/noticias\\\/#organization\",\"name\":\"El Digital de Asturias\",\"description\":\"Hemeroteca\",\"url\":\"https:\\\/\\\/www.eldigitaldeasturias.com\\\/noticias\\\/\",\"email\":\"info@eldigitaldeasturias.com\",\"telephone\":\"+34652131393\",\"logo\":{\"@type\":\"ImageObject\",\"url\":\"https:\\\/\\\/www.eldigitaldeasturias.com\\\/noticias\\\/wp-content\\\/uploads\\\/2020\\\/12\\\/EDA.jpg\",\"@id\":\"https:\\\/\\\/www.eldigitaldeasturias.com\\\/noticias\\\/hillary-clinton-dice-que-lo-que-mas-lamenta-son-las-muertes-en-el-consulado-en-libia\\\/#organizationLogo\"},\"image\":{\"@id\":\"https:\\\/\\\/www.eldigitaldeasturias.com\\\/noticias\\\/hillary-clinton-dice-que-lo-que-mas-lamenta-son-las-muertes-en-el-consulado-en-libia\\\/#organizationLogo\"},\"sameAs\":[\"https:\\\/\\\/facebook.com\\\/eldigitaldeasturias\",\"https:\\\/\\\/www.youtube.com\\\/channel\\\/UCZP-2wLEB9Rv6erhFmqVnvg\"],\"address\":{\"@id\":\"https:\\\/\\\/www.eldigitaldeasturias.com\\\/noticias\\\/#postaladdress\",\"@type\":\"PostalAddress\",\"streetAddress\":\"san antonio 4\",\"postalCode\":\"33430\",\"addressLocality\":\"Cand\\u00e1s\",\"addressRegion\":\"Asturias\",\"addressCountry\":\"ES\"}},{\"@type\":\"Person\",\"@id\":\"https:\\\/\\\/www.eldigitaldeasturias.com\\\/noticias\\\/author\\\/admin\\\/#author\",\"url\":\"https:\\\/\\\/www.eldigitaldeasturias.com\\\/noticias\\\/author\\\/admin\\\/\",\"name\":\"El Digital de Asturias\",\"image\":{\"@type\":\"ImageObject\",\"@id\":\"https:\\\/\\\/www.eldigitaldeasturias.com\\\/noticias\\\/hillary-clinton-dice-que-lo-que-mas-lamenta-son-las-muertes-en-el-consulado-en-libia\\\/#authorImage\",\"url\":\"https:\\\/\\\/secure.gravatar.com\\\/avatar\\\/df2aeffc32bcd13f8d26072ef8a91b623d677766deac7f97ca815868cd41bf5e?s=96&d=mm&r=g\",\"width\":96,\"height\":96,\"caption\":\"El Digital de Asturias\"}},{\"@type\":\"WebPage\",\"@id\":\"https:\\\/\\\/www.eldigitaldeasturias.com\\\/noticias\\\/hillary-clinton-dice-que-lo-que-mas-lamenta-son-las-muertes-en-el-consulado-en-libia\\\/#webpage\",\"url\":\"https:\\\/\\\/www.eldigitaldeasturias.com\\\/noticias\\\/hillary-clinton-dice-que-lo-que-mas-lamenta-son-las-muertes-en-el-consulado-en-libia\\\/\",\"name\":\"Hillary Clinton dice que lo que m\\u00e1s lamenta son las muertes en el consulado en Libia - El Digital de Asturias\",\"description\":\"Washington, 27 ene (EFE).- La exsecretaria de Estado Hillary Clinton dijo hoy que lo que m\\u00e1s lamenta de sus cuatro a\\u00f1os al frente de la diplomacia estadounidense es la muerte hace algo m\\u00e1s de un a\\u00f1o del embajador estadounidense en Libia por un atentado terrorista. En una intervenci\\u00f3n en un encuentro en Nueva Orleans de\",\"inLanguage\":\"es-ES\",\"isPartOf\":{\"@id\":\"https:\\\/\\\/www.eldigitaldeasturias.com\\\/noticias\\\/#website\"},\"breadcrumb\":{\"@id\":\"https:\\\/\\\/www.eldigitaldeasturias.com\\\/noticias\\\/hillary-clinton-dice-que-lo-que-mas-lamenta-son-las-muertes-en-el-consulado-en-libia\\\/#breadcrumblist\"},\"author\":{\"@id\":\"https:\\\/\\\/www.eldigitaldeasturias.com\\\/noticias\\\/author\\\/admin\\\/#author\"},\"creator\":{\"@id\":\"https:\\\/\\\/www.eldigitaldeasturias.com\\\/noticias\\\/author\\\/admin\\\/#author\"},\"image\":{\"@type\":\"ImageObject\",\"url\":\"https:\\\/\\\/www.eldigitaldeasturias.com\\\/noticias\\\/wp-content\\\/uploads\\\/2026\\\/06\\\/Contenidos.jpg\",\"@id\":\"https:\\\/\\\/www.eldigitaldeasturias.com\\\/noticias\\\/hillary-clinton-dice-que-lo-que-mas-lamenta-son-las-muertes-en-el-consulado-en-libia\\\/#mainImage\",\"width\":1265,\"height\":697,\"caption\":\"Contenidos\"},\"primaryImageOfPage\":{\"@id\":\"https:\\\/\\\/www.eldigitaldeasturias.com\\\/noticias\\\/hillary-clinton-dice-que-lo-que-mas-lamenta-son-las-muertes-en-el-consulado-en-libia\\\/#mainImage\"},\"datePublished\":\"2014-01-29T00:06:01+01:00\",\"dateModified\":\"2014-01-29T00:06:01+01:00\"},{\"@type\":\"WebSite\",\"@id\":\"https:\\\/\\\/www.eldigitaldeasturias.com\\\/noticias\\\/#website\",\"url\":\"https:\\\/\\\/www.eldigitaldeasturias.com\\\/noticias\\\/\",\"name\":\"El Digital de Asturias - Diario de actualidad y noticias\",\"alternateName\":\"El Digital de Asturias - Diario de actualidad y noticias\",\"description\":\"Hemeroteca\",\"inLanguage\":\"es-ES\",\"publisher\":{\"@id\":\"https:\\\/\\\/www.eldigitaldeasturias.com\\\/noticias\\\/#organization\"}}]}\n\t\t<\/script>\n\t\t<!-- All in One SEO Pro -->\r\n\t\t<title>Hillary Clinton dice que lo que m\u00e1s lamenta son las muertes en el consulado en Libia - El Digital de Asturias<\/title>\n\n","aioseo_head_json":{"title":"Hillary Clinton dice que lo que m\u00e1s lamenta son las muertes en el consulado en Libia - El Digital de Asturias","description":"Washington, 27 ene (EFE).- La exsecretaria de Estado Hillary Clinton dijo hoy que lo que m\u00e1s lamenta de sus cuatro a\u00f1os al frente de la diplomacia estadounidense es la muerte hace algo m\u00e1s de un a\u00f1o del embajador estadounidense en Libia por un atentado terrorista. En una intervenci\u00f3n en un encuentro en Nueva Orleans de","canonical_url":"https:\/\/www.eldigitaldeasturias.com\/noticias\/hillary-clinton-dice-que-lo-que-mas-lamenta-son-las-muertes-en-el-consulado-en-libia\/","robots":"max-image-preview:large","keywords":"actualidad","webmasterTools":{"google-site-verification":"UA-38556648-1","msvalidate.01":"7dfe9f3f1b24437ab69f4f2559babe99","miscellaneous":""},"schema":{"@context":"https:\/\/schema.org","@graph":[{"@type":"BlogPosting","@id":"https:\/\/www.eldigitaldeasturias.com\/noticias\/hillary-clinton-dice-que-lo-que-mas-lamenta-son-las-muertes-en-el-consulado-en-libia\/#blogposting","name":"Hillary Clinton dice que lo que m\u00e1s lamenta son las muertes en el consulado en Libia - El Digital de Asturias","headline":"Hillary Clinton dice que lo que m\u00e1s lamenta son las muertes en el consulado en Libia","author":{"@id":"https:\/\/www.eldigitaldeasturias.com\/noticias\/author\/admin\/#author"},"publisher":{"@id":"https:\/\/www.eldigitaldeasturias.com\/noticias\/#organization"},"image":{"@type":"ImageObject","url":"https:\/\/www.eldigitaldeasturias.com\/noticias\/wp-content\/uploads\/2026\/06\/Contenidos.jpg","width":1265,"height":697,"caption":"Contenidos"},"datePublished":"2014-01-29T00:06:01+01:00","dateModified":"2014-01-29T00:06:01+01:00","inLanguage":"es-ES","mainEntityOfPage":{"@id":"https:\/\/www.eldigitaldeasturias.com\/noticias\/hillary-clinton-dice-que-lo-que-mas-lamenta-son-las-muertes-en-el-consulado-en-libia\/#webpage"},"isPartOf":{"@id":"https:\/\/www.eldigitaldeasturias.com\/noticias\/hillary-clinton-dice-que-lo-que-mas-lamenta-son-las-muertes-en-el-consulado-en-libia\/#webpage"},"articleSection":"Actualidad"},{"@type":"BreadcrumbList","@id":"https:\/\/www.eldigitaldeasturias.com\/noticias\/hillary-clinton-dice-que-lo-que-mas-lamenta-son-las-muertes-en-el-consulado-en-libia\/#breadcrumblist","itemListElement":[{"@type":"ListItem","@id":"https:\/\/www.eldigitaldeasturias.com\/noticias#listItem","position":1,"name":"Home","item":"https:\/\/www.eldigitaldeasturias.com\/noticias","nextItem":{"@type":"ListItem","@id":"https:\/\/www.eldigitaldeasturias.com\/noticias\/category\/actualidad\/#listItem","name":"Actualidad"}},{"@type":"ListItem","@id":"https:\/\/www.eldigitaldeasturias.com\/noticias\/category\/actualidad\/#listItem","position":2,"name":"Actualidad","item":"https:\/\/www.eldigitaldeasturias.com\/noticias\/category\/actualidad\/","nextItem":{"@type":"ListItem","@id":"https:\/\/www.eldigitaldeasturias.com\/noticias\/hillary-clinton-dice-que-lo-que-mas-lamenta-son-las-muertes-en-el-consulado-en-libia\/#listItem","name":"Hillary Clinton dice que lo que m\u00e1s lamenta son las muertes en el consulado en Libia"},"previousItem":{"@type":"ListItem","@id":"https:\/\/www.eldigitaldeasturias.com\/noticias#listItem","name":"Home"}},{"@type":"ListItem","@id":"https:\/\/www.eldigitaldeasturias.com\/noticias\/hillary-clinton-dice-que-lo-que-mas-lamenta-son-las-muertes-en-el-consulado-en-libia\/#listItem","position":3,"name":"Hillary Clinton dice que lo que m\u00e1s lamenta son las muertes en el consulado en Libia","previousItem":{"@type":"ListItem","@id":"https:\/\/www.eldigitaldeasturias.com\/noticias\/category\/actualidad\/#listItem","name":"Actualidad"}}]},{"@type":"Organization","@id":"https:\/\/www.eldigitaldeasturias.com\/noticias\/#organization","name":"El Digital de Asturias","description":"Hemeroteca","url":"https:\/\/www.eldigitaldeasturias.com\/noticias\/","email":"info@eldigitaldeasturias.com","telephone":"+34652131393","logo":{"@type":"ImageObject","url":"https:\/\/www.eldigitaldeasturias.com\/noticias\/wp-content\/uploads\/2020\/12\/EDA.jpg","@id":"https:\/\/www.eldigitaldeasturias.com\/noticias\/hillary-clinton-dice-que-lo-que-mas-lamenta-son-las-muertes-en-el-consulado-en-libia\/#organizationLogo"},"image":{"@id":"https:\/\/www.eldigitaldeasturias.com\/noticias\/hillary-clinton-dice-que-lo-que-mas-lamenta-son-las-muertes-en-el-consulado-en-libia\/#organizationLogo"},"sameAs":["https:\/\/facebook.com\/eldigitaldeasturias","https:\/\/www.youtube.com\/channel\/UCZP-2wLEB9Rv6erhFmqVnvg"],"address":{"@id":"https:\/\/www.eldigitaldeasturias.com\/noticias\/#postaladdress","@type":"PostalAddress","streetAddress":"san antonio 4","postalCode":"33430","addressLocality":"Cand\u00e1s","addressRegion":"Asturias","addressCountry":"ES"}},{"@type":"Person","@id":"https:\/\/www.eldigitaldeasturias.com\/noticias\/author\/admin\/#author","url":"https:\/\/www.eldigitaldeasturias.com\/noticias\/author\/admin\/","name":"El Digital de Asturias","image":{"@type":"ImageObject","@id":"https:\/\/www.eldigitaldeasturias.com\/noticias\/hillary-clinton-dice-que-lo-que-mas-lamenta-son-las-muertes-en-el-consulado-en-libia\/#authorImage","url":"https:\/\/secure.gravatar.com\/avatar\/df2aeffc32bcd13f8d26072ef8a91b623d677766deac7f97ca815868cd41bf5e?s=96&d=mm&r=g","width":96,"height":96,"caption":"El Digital de Asturias"}},{"@type":"WebPage","@id":"https:\/\/www.eldigitaldeasturias.com\/noticias\/hillary-clinton-dice-que-lo-que-mas-lamenta-son-las-muertes-en-el-consulado-en-libia\/#webpage","url":"https:\/\/www.eldigitaldeasturias.com\/noticias\/hillary-clinton-dice-que-lo-que-mas-lamenta-son-las-muertes-en-el-consulado-en-libia\/","name":"Hillary Clinton dice que lo que m\u00e1s lamenta son las muertes en el consulado en Libia - El Digital de Asturias","description":"Washington, 27 ene (EFE).- La exsecretaria de Estado Hillary Clinton dijo hoy que lo que m\u00e1s lamenta de sus cuatro a\u00f1os al frente de la diplomacia estadounidense es la muerte hace algo m\u00e1s de un a\u00f1o del embajador estadounidense en Libia por un atentado terrorista. En una intervenci\u00f3n en un encuentro en Nueva Orleans de","inLanguage":"es-ES","isPartOf":{"@id":"https:\/\/www.eldigitaldeasturias.com\/noticias\/#website"},"breadcrumb":{"@id":"https:\/\/www.eldigitaldeasturias.com\/noticias\/hillary-clinton-dice-que-lo-que-mas-lamenta-son-las-muertes-en-el-consulado-en-libia\/#breadcrumblist"},"author":{"@id":"https:\/\/www.eldigitaldeasturias.com\/noticias\/author\/admin\/#author"},"creator":{"@id":"https:\/\/www.eldigitaldeasturias.com\/noticias\/author\/admin\/#author"},"image":{"@type":"ImageObject","url":"https:\/\/www.eldigitaldeasturias.com\/noticias\/wp-content\/uploads\/2026\/06\/Contenidos.jpg","@id":"https:\/\/www.eldigitaldeasturias.com\/noticias\/hillary-clinton-dice-que-lo-que-mas-lamenta-son-las-muertes-en-el-consulado-en-libia\/#mainImage","width":1265,"height":697,"caption":"Contenidos"},"primaryImageOfPage":{"@id":"https:\/\/www.eldigitaldeasturias.com\/noticias\/hillary-clinton-dice-que-lo-que-mas-lamenta-son-las-muertes-en-el-consulado-en-libia\/#mainImage"},"datePublished":"2014-01-29T00:06:01+01:00","dateModified":"2014-01-29T00:06:01+01:00"},{"@type":"WebSite","@id":"https:\/\/www.eldigitaldeasturias.com\/noticias\/#website","url":"https:\/\/www.eldigitaldeasturias.com\/noticias\/","name":"El Digital de Asturias - Diario de actualidad y noticias","alternateName":"El Digital de Asturias - Diario de actualidad y noticias","description":"Hemeroteca","inLanguage":"es-ES","publisher":{"@id":"https:\/\/www.eldigitaldeasturias.com\/noticias\/#organization"}}]},"og:locale":"es_ES","og:site_name":"El Digital de Asturias","og:type":"article","og:title":"Hillary Clinton dice que lo que m\u00e1s lamenta son las muertes en el consulado en Libia - El Digital de Asturias","og:description":"Washington, 27 ene (EFE).- La exsecretaria de Estado Hillary Clinton dijo hoy que lo que m\u00e1s lamenta de sus cuatro a\u00f1os al frente de la diplomacia estadounidense es la muerte hace algo m\u00e1s de un a\u00f1o del embajador estadounidense en Libia por un atentado terrorista. En una intervenci\u00f3n en un encuentro en Nueva Orleans de","og:url":"https:\/\/www.eldigitaldeasturias.com\/noticias\/hillary-clinton-dice-que-lo-que-mas-lamenta-son-las-muertes-en-el-consulado-en-libia\/","og:image":"https:\/\/www.eldigitaldeasturias.com\/noticias\/wp-content\/uploads\/2026\/06\/Contenidos.jpg","og:image:secure_url":"https:\/\/www.eldigitaldeasturias.com\/noticias\/wp-content\/uploads\/2026\/06\/Contenidos.jpg","og:image:width":1265,"og:image:height":697,"article:tag":["actualidad"],"article:published_time":"2014-01-29T01:06:01+00:00","article:modified_time":"2014-01-29T01:06:01+00:00","article:publisher":"https:\/\/facebook.com\/eldigitaldeasturias","twitter:card":"summary_large_image","twitter:title":"Hillary Clinton dice que lo que m\u00e1s lamenta son las muertes en el consulado en Libia - El Digital de Asturias","twitter:description":"Washington, 27 ene (EFE).- La exsecretaria de Estado Hillary Clinton dijo hoy que lo que m\u00e1s lamenta de sus cuatro a\u00f1os al frente de la diplomacia estadounidense es la muerte hace algo m\u00e1s de un a\u00f1o del embajador estadounidense en Libia por un atentado terrorista. En una intervenci\u00f3n en un encuentro en Nueva Orleans de","twitter:image":"https:\/\/www.eldigitaldeasturias.com\/noticias\/wp-content\/uploads\/2026\/06\/Contenidos.jpg","twitter:label1":"Escrito por","twitter:data1":"El Digital de Asturias","twitter:label2":"Tiempo de lectura estimado","twitter:data2":"2 minutos"},"aioseo_meta_data":{"post_id":"479763","title":null,"description":null,"keywords":null,"keyphrases":null,"primary_term":null,"canonical_url":null,"og_title":null,"og_description":null,"og_object_type":"default","og_image_type":"default","og_image_url":null,"og_image_width":null,"og_image_height":null,"og_image_custom_url":null,"og_image_custom_fields":null,"og_video":null,"og_custom_url":null,"og_article_section":null,"og_article_tags":null,"twitter_use_og":true,"twitter_card":"default","twitter_image_type":"default","twitter_image_url":null,"twitter_image_custom_url":null,"twitter_image_custom_fields":null,"twitter_title":null,"twitter_description":null,"schema":{"blockGraphs":[],"customGraphs":[],"default":{"data":{"Article":[],"Course":[],"Dataset":[],"FAQPage":[],"Movie":[],"Person":[],"Product":[],"ProductReview":[],"Car":[],"Recipe":[],"Service":[],"SoftwareApplication":[],"WebPage":[]},"graphName":"","isEnabled":true},"graphs":[],"defaultGraph":"","defaultPostTypeGraph":""},"schema_type":null,"schema_type_options":null,"pillar_content":false,"robots_default":true,"robots_noindex":false,"robots_noarchive":false,"robots_nosnippet":false,"robots_nofollow":false,"robots_noimageindex":false,"robots_noodp":false,"robots_notranslate":false,"robots_max_snippet":null,"robots_max_videopreview":null,"robots_max_imagepreview":"none","priority":null,"frequency":null,"local_seo":null,"seo_analyzer_scan_date":"2026-06-02 01:31:56","breadcrumb_settings":null,"limit_modified_date":false,"open_ai":null,"ai":null,"created":"2020-11-14 22:54:06","updated":"2026-06-02 01:31:56","focus_keyword":null,"additional_keywords":null,"truseo_locale":null},"aioseo_breadcrumb":"<div class=\"aioseo-breadcrumbs\"><span class=\"aioseo-breadcrumb\">\n\t<a href=\"https:\/\/www.eldigitaldeasturias.com\/noticias\" title=\"Home\">Home<\/a>\n<\/span><span class=\"aioseo-breadcrumb-separator\">\u2013<\/span><span class=\"aioseo-breadcrumb\">\n\t<a href=\"https:\/\/www.eldigitaldeasturias.com\/noticias\/category\/actualidad\/\" title=\"Actualidad\">Actualidad<\/a>\n<\/span><span class=\"aioseo-breadcrumb-separator\">\u2013<\/span><span class=\"aioseo-breadcrumb\">\n\t<a href=\"https:\/\/www.eldigitaldeasturias.com\/noticias\/hillary-clinton-dice-que-lo-que-mas-lamenta-son-las-muertes-en-el-consulado-en-libia\/\" title=\"Hillary Clinton dice que lo que m\u00e1s lamenta son las muertes en el consulado en Libia\">Hillary Clinton dice que lo que m\u00e1s lamenta son las muertes en el consulado en Libia<\/a>\n<\/span><\/div>","aioseo_breadcrumb_json":[{"label":"Home","link":"https:\/\/www.eldigitaldeasturias.com\/noticias"},{"label":"Actualidad","link":"https:\/\/www.eldigitaldeasturias.com\/noticias\/category\/actualidad\/"},{"label":"Hillary Clinton dice que lo que m\u00e1s lamenta son las muertes en el consulado en Libia","link":"https:\/\/www.eldigitaldeasturias.com\/noticias\/hillary-clinton-dice-que-lo-que-mas-lamenta-son-las-muertes-en-el-consulado-en-libia\/"}],"_links":{"self":[{"href":"https:\/\/www.eldigitaldeasturias.com\/noticias\/wp-json\/wp\/v2\/posts\/479763","targetHints":{"allow":["GET"]}}],"collection":[{"href":"https:\/\/www.eldigitaldeasturias.com\/noticias\/wp-json\/wp\/v2\/posts"}],"about":[{"href":"https:\/\/www.eldigitaldeasturias.com\/noticias\/wp-json\/wp\/v2\/types\/post"}],"author":[{"embeddable":true,"href":"https:\/\/www.eldigitaldeasturias.com\/noticias\/wp-json\/wp\/v2\/users\/1"}],"replies":[{"embeddable":true,"href":"https:\/\/www.eldigitaldeasturias.com\/noticias\/wp-json\/wp\/v2\/comments?post=479763"}],"version-history":[{"count":0,"href":"https:\/\/www.eldigitaldeasturias.com\/noticias\/wp-json\/wp\/v2\/posts\/479763\/revisions"}],"wp:featuredmedia":[{"embeddable":true,"href":"https:\/\/www.eldigitaldeasturias.com\/noticias\/wp-json\/wp\/v2\/media\/1132184"}],"wp:attachment":[{"href":"https:\/\/www.eldigitaldeasturias.com\/noticias\/wp-json\/wp\/v2\/media?parent=479763"}],"wp:term":[{"taxonomy":"category","embeddable":true,"href":"https:\/\/www.eldigitaldeasturias.com\/noticias\/wp-json\/wp\/v2\/categories?post=479763"},{"taxonomy":"post_tag","embeddable":true,"href":"https:\/\/www.eldigitaldeasturias.com\/noticias\/wp-json\/wp\/v2\/tags?post=479763"}],"curies":[{"name":"wp","href":"https:\/\/api.w.org\/{rel}","templated":true}]}}