{"id":479754,"date":"2014-01-29T00:02:33","date_gmt":"2014-01-29T01:02:33","guid":{"rendered":"http:\/\/www.eldigitaldeasturias.com\/noticias\/?p=479754"},"modified":"2014-01-29T00:02:33","modified_gmt":"2014-01-29T01:02:33","slug":"el-principe-de-asturias-regresa-a-espana-tras-asistir-a-la-investidura-de-hernandez","status":"publish","type":"post","link":"https:\/\/www.eldigitaldeasturias.com\/noticias\/el-principe-de-asturias-regresa-a-espana-tras-asistir-a-la-investidura-de-hernandez\/","title":{"rendered":"El pr\u00edncipe de Asturias regresa a Espa\u00f1a tras asistir a la investidura de Hern\u00e1ndez"},"content":{"rendered":"<p><img loading=\"lazy\" decoding=\"async\" class=\"alignleft size-medium wp-image-479755\" alt=\"5881491w\" src=\"https:\/\/www.eldigitaldeasturias.com\/noticias\/wp-content\/uploads\/2014\/01\/5881491w-360x272.jpg\" width=\"360\" height=\"272\" \/>Tegucigalpa, 27 ene (EFE).- El pr\u00edncipe de Asturias, Felipe de Borb\u00f3n, regres\u00f3 hoy a Espa\u00f1a tras asistir a la investidura del nuevo presidente de Honduras, Juan Orlando Hern\u00e1ndez, con quien adem\u00e1s celebr\u00f3 una reuni\u00f3n bilateral.<\/p>\n<p>El avi\u00f3n que transporta al pr\u00edncipe y su comitiva, un Airbus 310, despeg\u00f3 a las 16.50 hora local (22:50 GMT).<\/p>\n<p>El heredero de la Corona espa\u00f1ola y seis presidentes, entre otros invitados, figuraron en la toma de posesi\u00f3n de Hern\u00e1ndez, el noveno presidente del pa\u00eds centroamericano que asume de manera consecutiva desde su retorno a la democracia en 1980.<\/p>\n<p>Despu\u00e9s de la ceremonia de investidura, el pr\u00edncipe fue recibido en la Casa Presidencial por Hern\u00e1ndez, a quien le entreg\u00f3 una carta con un saludo y felicitaci\u00f3n que le envi\u00f3 el rey Juan Carlos.<\/p>\n<p>La visita del pr\u00edncipe es su sexta a Honduras desde el 27 de enero de 1998, cuando asisti\u00f3 a la investidura del entonces gobernante, Carlos Flores.<\/p>\n<p>Felipe de Borb\u00f3n lleg\u00f3 el domingo a Honduras con un retraso de nueve horas por una aver\u00eda del avi\u00f3n de la Fuerza A\u00e9rea Espa\u00f1ola en que viaja que fue superada en Santo Domingo, la capital de Rep\u00fablica Dominicana.<\/p>\n<p>La aver\u00eda del avi\u00f3n fue detectada despu\u00e9s de que la aeronave despeg\u00f3 hacia Honduras, tras haber hecho una escala t\u00e9cnica en la Dominicana, por lo que el piloto decidi\u00f3 regresar a Santo Domingo.<\/p>\n<p>A recibirle el domingo en la base a\u00e9rea local de Palmerola, unos 75 kil\u00f3metros al norte de Tegucigalpa, estuvo el presidente hondure\u00f1o saliente, Porfirio Lobo.<\/p>\n","protected":false},"excerpt":{"rendered":"<p>Tegucigalpa, 27 ene (EFE).- El pr\u00edncipe de Asturias, Felipe de Borb\u00f3n, regres\u00f3 hoy a Espa\u00f1a tras asistir a la investidura del nuevo presidente de Honduras, Juan Orlando Hern\u00e1ndez, con quien adem\u00e1s celebr\u00f3 una reuni\u00f3n bilateral. El avi\u00f3n que transporta al pr\u00edncipe y su comitiva, un Airbus 310, despeg\u00f3 a las 16.50 hora local (22:50 GMT). [&hellip;]<\/p>\n","protected":false},"author":1,"featured_media":1132184,"comment_status":"closed","ping_status":"open","sticky":false,"template":"","format":"standard","meta":{"footnotes":""},"categories":[1],"tags":[],"class_list":["post-479754","post","type-post","status-publish","format-standard","has-post-thumbnail","hentry","category-actualidad"],"aioseo_notices":[],"aioseo_head":"\n\t\t<!-- All in One SEO Pro 5.0.1 - aioseo.com -->\n\t<meta name=\"description\" content=\"Tegucigalpa, 27 ene (EFE).- El pr\u00edncipe de Asturias, Felipe de Borb\u00f3n, regres\u00f3 hoy a Espa\u00f1a tras asistir a la investidura del nuevo presidente de Honduras, Juan Orlando Hern\u00e1ndez, con quien adem\u00e1s celebr\u00f3 una reuni\u00f3n bilateral. El avi\u00f3n que transporta al pr\u00edncipe y su comitiva, un Airbus 310, despeg\u00f3 a las 16.50 hora local (22:50 GMT).\" \/>\n\t<meta name=\"robots\" content=\"max-image-preview:large\" \/>\n\t<meta name=\"author\" content=\"El Digital de Asturias\"\/>\n\t<meta name=\"google-site-verification\" content=\"UA-38556648-1\" \/>\n\t<meta name=\"msvalidate.01\" content=\"7dfe9f3f1b24437ab69f4f2559babe99\" \/>\n\t<meta name=\"keywords\" content=\"actualidad\" \/>\n\t<link rel=\"canonical\" href=\"https:\/\/www.eldigitaldeasturias.com\/noticias\/el-principe-de-asturias-regresa-a-espana-tras-asistir-a-la-investidura-de-hernandez\/\" \/>\n\t<meta name=\"generator\" content=\"All in One SEO Pro (AIOSEO) 5.0.1\" \/>\n\t\t<meta property=\"og:locale\" content=\"es_ES\" \/>\n\t\t<meta property=\"og:site_name\" content=\"El Digital de Asturias\" \/>\n\t\t<meta property=\"og:type\" content=\"article\" \/>\n\t\t<meta property=\"og:title\" content=\"El pr\u00edncipe de Asturias regresa a Espa\u00f1a tras asistir a la investidura de Hern\u00e1ndez - El Digital de Asturias\" \/>\n\t\t<meta property=\"og:description\" content=\"Tegucigalpa, 27 ene (EFE).- El pr\u00edncipe de Asturias, Felipe de Borb\u00f3n, regres\u00f3 hoy a Espa\u00f1a tras asistir a la investidura del nuevo presidente de Honduras, Juan Orlando Hern\u00e1ndez, con quien adem\u00e1s celebr\u00f3 una reuni\u00f3n bilateral. El avi\u00f3n que transporta al pr\u00edncipe y su comitiva, un Airbus 310, despeg\u00f3 a las 16.50 hora local (22:50 GMT).\" \/>\n\t\t<meta property=\"og:url\" content=\"https:\/\/www.eldigitaldeasturias.com\/noticias\/el-principe-de-asturias-regresa-a-espana-tras-asistir-a-la-investidura-de-hernandez\/\" \/>\n\t\t<meta property=\"og:image\" content=\"https:\/\/www.eldigitaldeasturias.com\/noticias\/wp-content\/uploads\/2026\/06\/Contenidos.jpg\" \/>\n\t\t<meta property=\"og:image:secure_url\" content=\"https:\/\/www.eldigitaldeasturias.com\/noticias\/wp-content\/uploads\/2026\/06\/Contenidos.jpg\" \/>\n\t\t<meta property=\"og:image:width\" content=\"1265\" \/>\n\t\t<meta property=\"og:image:height\" content=\"697\" \/>\n\t\t<meta property=\"article:tag\" content=\"actualidad\" \/>\n\t\t<meta property=\"article:published_time\" content=\"2014-01-29T01:02:33+00:00\" \/>\n\t\t<meta property=\"article:modified_time\" content=\"2014-01-29T01:02:33+00:00\" \/>\n\t\t<meta property=\"article:publisher\" content=\"https:\/\/facebook.com\/eldigitaldeasturias\" \/>\n\t\t<meta name=\"twitter:card\" content=\"summary_large_image\" \/>\n\t\t<meta name=\"twitter:title\" content=\"El pr\u00edncipe de Asturias regresa a Espa\u00f1a tras asistir a la investidura de Hern\u00e1ndez - El Digital de Asturias\" \/>\n\t\t<meta name=\"twitter:description\" content=\"Tegucigalpa, 27 ene (EFE).- El pr\u00edncipe de Asturias, Felipe de Borb\u00f3n, regres\u00f3 hoy a Espa\u00f1a tras asistir a la investidura del nuevo presidente de Honduras, Juan Orlando Hern\u00e1ndez, con quien adem\u00e1s celebr\u00f3 una reuni\u00f3n bilateral. El avi\u00f3n que transporta al pr\u00edncipe y su comitiva, un Airbus 310, despeg\u00f3 a las 16.50 hora local (22:50 GMT).\" \/>\n\t\t<meta name=\"twitter:image\" content=\"https:\/\/www.eldigitaldeasturias.com\/noticias\/wp-content\/uploads\/2026\/06\/Contenidos.jpg\" \/>\n\t\t<meta name=\"twitter:label1\" content=\"Escrito por\" \/>\n\t\t<meta name=\"twitter:data1\" content=\"El Digital de Asturias\" \/>\n\t\t<meta name=\"twitter:label2\" content=\"Tiempo de lectura estimado\" \/>\n\t\t<meta name=\"twitter:data2\" content=\"1 minuto\" \/>\n\t\t<script type=\"application\/ld+json\" class=\"aioseo-schema\">\n\t\t\t{\"@context\":\"https:\\\/\\\/schema.org\",\"@graph\":[{\"@type\":\"BlogPosting\",\"@id\":\"https:\\\/\\\/www.eldigitaldeasturias.com\\\/noticias\\\/el-principe-de-asturias-regresa-a-espana-tras-asistir-a-la-investidura-de-hernandez\\\/#blogposting\",\"name\":\"El pr\\u00edncipe de Asturias regresa a Espa\\u00f1a tras asistir a la investidura de Hern\\u00e1ndez - El Digital de Asturias\",\"headline\":\"El pr\\u00edncipe de Asturias regresa a Espa\\u00f1a tras asistir a la investidura de Hern\\u00e1ndez\",\"author\":{\"@id\":\"https:\\\/\\\/www.eldigitaldeasturias.com\\\/noticias\\\/author\\\/admin\\\/#author\"},\"publisher\":{\"@id\":\"https:\\\/\\\/www.eldigitaldeasturias.com\\\/noticias\\\/#organization\"},\"image\":{\"@type\":\"ImageObject\",\"url\":\"https:\\\/\\\/www.eldigitaldeasturias.com\\\/noticias\\\/wp-content\\\/uploads\\\/2026\\\/06\\\/Contenidos.jpg\",\"width\":1265,\"height\":697,\"caption\":\"Contenidos\"},\"datePublished\":\"2014-01-29T00:02:33+01:00\",\"dateModified\":\"2014-01-29T00:02:33+01:00\",\"inLanguage\":\"es-ES\",\"mainEntityOfPage\":{\"@id\":\"https:\\\/\\\/www.eldigitaldeasturias.com\\\/noticias\\\/el-principe-de-asturias-regresa-a-espana-tras-asistir-a-la-investidura-de-hernandez\\\/#webpage\"},\"isPartOf\":{\"@id\":\"https:\\\/\\\/www.eldigitaldeasturias.com\\\/noticias\\\/el-principe-de-asturias-regresa-a-espana-tras-asistir-a-la-investidura-de-hernandez\\\/#webpage\"},\"articleSection\":\"Actualidad\"},{\"@type\":\"BreadcrumbList\",\"@id\":\"https:\\\/\\\/www.eldigitaldeasturias.com\\\/noticias\\\/el-principe-de-asturias-regresa-a-espana-tras-asistir-a-la-investidura-de-hernandez\\\/#breadcrumblist\",\"itemListElement\":[{\"@type\":\"ListItem\",\"@id\":\"https:\\\/\\\/www.eldigitaldeasturias.com\\\/noticias#listItem\",\"position\":1,\"name\":\"Home\",\"item\":\"https:\\\/\\\/www.eldigitaldeasturias.com\\\/noticias\",\"nextItem\":{\"@type\":\"ListItem\",\"@id\":\"https:\\\/\\\/www.eldigitaldeasturias.com\\\/noticias\\\/category\\\/actualidad\\\/#listItem\",\"name\":\"Actualidad\"}},{\"@type\":\"ListItem\",\"@id\":\"https:\\\/\\\/www.eldigitaldeasturias.com\\\/noticias\\\/category\\\/actualidad\\\/#listItem\",\"position\":2,\"name\":\"Actualidad\",\"item\":\"https:\\\/\\\/www.eldigitaldeasturias.com\\\/noticias\\\/category\\\/actualidad\\\/\",\"nextItem\":{\"@type\":\"ListItem\",\"@id\":\"https:\\\/\\\/www.eldigitaldeasturias.com\\\/noticias\\\/el-principe-de-asturias-regresa-a-espana-tras-asistir-a-la-investidura-de-hernandez\\\/#listItem\",\"name\":\"El pr\\u00edncipe de Asturias regresa a Espa\\u00f1a tras asistir a la investidura de Hern\\u00e1ndez\"},\"previousItem\":{\"@type\":\"ListItem\",\"@id\":\"https:\\\/\\\/www.eldigitaldeasturias.com\\\/noticias#listItem\",\"name\":\"Home\"}},{\"@type\":\"ListItem\",\"@id\":\"https:\\\/\\\/www.eldigitaldeasturias.com\\\/noticias\\\/el-principe-de-asturias-regresa-a-espana-tras-asistir-a-la-investidura-de-hernandez\\\/#listItem\",\"position\":3,\"name\":\"El pr\\u00edncipe de Asturias regresa a Espa\\u00f1a tras asistir a la investidura de Hern\\u00e1ndez\",\"previousItem\":{\"@type\":\"ListItem\",\"@id\":\"https:\\\/\\\/www.eldigitaldeasturias.com\\\/noticias\\\/category\\\/actualidad\\\/#listItem\",\"name\":\"Actualidad\"}}]},{\"@type\":\"Organization\",\"@id\":\"https:\\\/\\\/www.eldigitaldeasturias.com\\\/noticias\\\/#organization\",\"name\":\"El Digital de Asturias\",\"description\":\"Hemeroteca\",\"url\":\"https:\\\/\\\/www.eldigitaldeasturias.com\\\/noticias\\\/\",\"email\":\"info@eldigitaldeasturias.com\",\"telephone\":\"+34652131393\",\"logo\":{\"@type\":\"ImageObject\",\"url\":\"https:\\\/\\\/www.eldigitaldeasturias.com\\\/noticias\\\/wp-content\\\/uploads\\\/2020\\\/12\\\/EDA.jpg\",\"@id\":\"https:\\\/\\\/www.eldigitaldeasturias.com\\\/noticias\\\/el-principe-de-asturias-regresa-a-espana-tras-asistir-a-la-investidura-de-hernandez\\\/#organizationLogo\"},\"image\":{\"@id\":\"https:\\\/\\\/www.eldigitaldeasturias.com\\\/noticias\\\/el-principe-de-asturias-regresa-a-espana-tras-asistir-a-la-investidura-de-hernandez\\\/#organizationLogo\"},\"sameAs\":[\"https:\\\/\\\/facebook.com\\\/eldigitaldeasturias\",\"https:\\\/\\\/www.youtube.com\\\/channel\\\/UCZP-2wLEB9Rv6erhFmqVnvg\"],\"address\":{\"@id\":\"https:\\\/\\\/www.eldigitaldeasturias.com\\\/noticias\\\/#postaladdress\",\"@type\":\"PostalAddress\",\"streetAddress\":\"san antonio 4\",\"postalCode\":\"33430\",\"addressLocality\":\"Cand\\u00e1s\",\"addressRegion\":\"Asturias\",\"addressCountry\":\"ES\"}},{\"@type\":\"Person\",\"@id\":\"https:\\\/\\\/www.eldigitaldeasturias.com\\\/noticias\\\/author\\\/admin\\\/#author\",\"url\":\"https:\\\/\\\/www.eldigitaldeasturias.com\\\/noticias\\\/author\\\/admin\\\/\",\"name\":\"El Digital de Asturias\",\"image\":{\"@type\":\"ImageObject\",\"@id\":\"https:\\\/\\\/www.eldigitaldeasturias.com\\\/noticias\\\/el-principe-de-asturias-regresa-a-espana-tras-asistir-a-la-investidura-de-hernandez\\\/#authorImage\",\"url\":\"https:\\\/\\\/secure.gravatar.com\\\/avatar\\\/df2aeffc32bcd13f8d26072ef8a91b623d677766deac7f97ca815868cd41bf5e?s=96&d=mm&r=g\",\"width\":96,\"height\":96,\"caption\":\"El Digital de Asturias\"}},{\"@type\":\"WebPage\",\"@id\":\"https:\\\/\\\/www.eldigitaldeasturias.com\\\/noticias\\\/el-principe-de-asturias-regresa-a-espana-tras-asistir-a-la-investidura-de-hernandez\\\/#webpage\",\"url\":\"https:\\\/\\\/www.eldigitaldeasturias.com\\\/noticias\\\/el-principe-de-asturias-regresa-a-espana-tras-asistir-a-la-investidura-de-hernandez\\\/\",\"name\":\"El pr\\u00edncipe de Asturias regresa a Espa\\u00f1a tras asistir a la investidura de Hern\\u00e1ndez - El Digital de Asturias\",\"description\":\"Tegucigalpa, 27 ene (EFE).- El pr\\u00edncipe de Asturias, Felipe de Borb\\u00f3n, regres\\u00f3 hoy a Espa\\u00f1a tras asistir a la investidura del nuevo presidente de Honduras, Juan Orlando Hern\\u00e1ndez, con quien adem\\u00e1s celebr\\u00f3 una reuni\\u00f3n bilateral. El avi\\u00f3n que transporta al pr\\u00edncipe y su comitiva, un Airbus 310, despeg\\u00f3 a las 16.50 hora local (22:50 GMT).\",\"inLanguage\":\"es-ES\",\"isPartOf\":{\"@id\":\"https:\\\/\\\/www.eldigitaldeasturias.com\\\/noticias\\\/#website\"},\"breadcrumb\":{\"@id\":\"https:\\\/\\\/www.eldigitaldeasturias.com\\\/noticias\\\/el-principe-de-asturias-regresa-a-espana-tras-asistir-a-la-investidura-de-hernandez\\\/#breadcrumblist\"},\"author\":{\"@id\":\"https:\\\/\\\/www.eldigitaldeasturias.com\\\/noticias\\\/author\\\/admin\\\/#author\"},\"creator\":{\"@id\":\"https:\\\/\\\/www.eldigitaldeasturias.com\\\/noticias\\\/author\\\/admin\\\/#author\"},\"image\":{\"@type\":\"ImageObject\",\"url\":\"https:\\\/\\\/www.eldigitaldeasturias.com\\\/noticias\\\/wp-content\\\/uploads\\\/2026\\\/06\\\/Contenidos.jpg\",\"@id\":\"https:\\\/\\\/www.eldigitaldeasturias.com\\\/noticias\\\/el-principe-de-asturias-regresa-a-espana-tras-asistir-a-la-investidura-de-hernandez\\\/#mainImage\",\"width\":1265,\"height\":697,\"caption\":\"Contenidos\"},\"primaryImageOfPage\":{\"@id\":\"https:\\\/\\\/www.eldigitaldeasturias.com\\\/noticias\\\/el-principe-de-asturias-regresa-a-espana-tras-asistir-a-la-investidura-de-hernandez\\\/#mainImage\"},\"datePublished\":\"2014-01-29T00:02:33+01:00\",\"dateModified\":\"2014-01-29T00:02:33+01:00\"},{\"@type\":\"WebSite\",\"@id\":\"https:\\\/\\\/www.eldigitaldeasturias.com\\\/noticias\\\/#website\",\"url\":\"https:\\\/\\\/www.eldigitaldeasturias.com\\\/noticias\\\/\",\"name\":\"El Digital de Asturias - Diario de actualidad y noticias\",\"alternateName\":\"El Digital de Asturias - Diario de actualidad y noticias\",\"description\":\"Hemeroteca\",\"inLanguage\":\"es-ES\",\"publisher\":{\"@id\":\"https:\\\/\\\/www.eldigitaldeasturias.com\\\/noticias\\\/#organization\"}}]}\n\t\t<\/script>\n\t\t<!-- All in One SEO Pro -->\r\n\t\t<title>El pr\u00edncipe de Asturias regresa a Espa\u00f1a tras asistir a la investidura de Hern\u00e1ndez - El Digital de Asturias<\/title>\n\n","aioseo_head_json":{"title":"El pr\u00edncipe de Asturias regresa a Espa\u00f1a tras asistir a la investidura de Hern\u00e1ndez - El Digital de Asturias","description":"Tegucigalpa, 27 ene (EFE).- El pr\u00edncipe de Asturias, Felipe de Borb\u00f3n, regres\u00f3 hoy a Espa\u00f1a tras asistir a la investidura del nuevo presidente de Honduras, Juan Orlando Hern\u00e1ndez, con quien adem\u00e1s celebr\u00f3 una reuni\u00f3n bilateral. El avi\u00f3n que transporta al pr\u00edncipe y su comitiva, un Airbus 310, despeg\u00f3 a las 16.50 hora local (22:50 GMT).","canonical_url":"https:\/\/www.eldigitaldeasturias.com\/noticias\/el-principe-de-asturias-regresa-a-espana-tras-asistir-a-la-investidura-de-hernandez\/","robots":"max-image-preview:large","keywords":"actualidad","webmasterTools":{"google-site-verification":"UA-38556648-1","msvalidate.01":"7dfe9f3f1b24437ab69f4f2559babe99","miscellaneous":""},"schema":{"@context":"https:\/\/schema.org","@graph":[{"@type":"BlogPosting","@id":"https:\/\/www.eldigitaldeasturias.com\/noticias\/el-principe-de-asturias-regresa-a-espana-tras-asistir-a-la-investidura-de-hernandez\/#blogposting","name":"El pr\u00edncipe de Asturias regresa a Espa\u00f1a tras asistir a la investidura de Hern\u00e1ndez - El Digital de Asturias","headline":"El pr\u00edncipe de Asturias regresa a Espa\u00f1a tras asistir a la investidura de Hern\u00e1ndez","author":{"@id":"https:\/\/www.eldigitaldeasturias.com\/noticias\/author\/admin\/#author"},"publisher":{"@id":"https:\/\/www.eldigitaldeasturias.com\/noticias\/#organization"},"image":{"@type":"ImageObject","url":"https:\/\/www.eldigitaldeasturias.com\/noticias\/wp-content\/uploads\/2026\/06\/Contenidos.jpg","width":1265,"height":697,"caption":"Contenidos"},"datePublished":"2014-01-29T00:02:33+01:00","dateModified":"2014-01-29T00:02:33+01:00","inLanguage":"es-ES","mainEntityOfPage":{"@id":"https:\/\/www.eldigitaldeasturias.com\/noticias\/el-principe-de-asturias-regresa-a-espana-tras-asistir-a-la-investidura-de-hernandez\/#webpage"},"isPartOf":{"@id":"https:\/\/www.eldigitaldeasturias.com\/noticias\/el-principe-de-asturias-regresa-a-espana-tras-asistir-a-la-investidura-de-hernandez\/#webpage"},"articleSection":"Actualidad"},{"@type":"BreadcrumbList","@id":"https:\/\/www.eldigitaldeasturias.com\/noticias\/el-principe-de-asturias-regresa-a-espana-tras-asistir-a-la-investidura-de-hernandez\/#breadcrumblist","itemListElement":[{"@type":"ListItem","@id":"https:\/\/www.eldigitaldeasturias.com\/noticias#listItem","position":1,"name":"Home","item":"https:\/\/www.eldigitaldeasturias.com\/noticias","nextItem":{"@type":"ListItem","@id":"https:\/\/www.eldigitaldeasturias.com\/noticias\/category\/actualidad\/#listItem","name":"Actualidad"}},{"@type":"ListItem","@id":"https:\/\/www.eldigitaldeasturias.com\/noticias\/category\/actualidad\/#listItem","position":2,"name":"Actualidad","item":"https:\/\/www.eldigitaldeasturias.com\/noticias\/category\/actualidad\/","nextItem":{"@type":"ListItem","@id":"https:\/\/www.eldigitaldeasturias.com\/noticias\/el-principe-de-asturias-regresa-a-espana-tras-asistir-a-la-investidura-de-hernandez\/#listItem","name":"El pr\u00edncipe de Asturias regresa a Espa\u00f1a tras asistir a la investidura de Hern\u00e1ndez"},"previousItem":{"@type":"ListItem","@id":"https:\/\/www.eldigitaldeasturias.com\/noticias#listItem","name":"Home"}},{"@type":"ListItem","@id":"https:\/\/www.eldigitaldeasturias.com\/noticias\/el-principe-de-asturias-regresa-a-espana-tras-asistir-a-la-investidura-de-hernandez\/#listItem","position":3,"name":"El pr\u00edncipe de Asturias regresa a Espa\u00f1a tras asistir a la investidura de Hern\u00e1ndez","previousItem":{"@type":"ListItem","@id":"https:\/\/www.eldigitaldeasturias.com\/noticias\/category\/actualidad\/#listItem","name":"Actualidad"}}]},{"@type":"Organization","@id":"https:\/\/www.eldigitaldeasturias.com\/noticias\/#organization","name":"El Digital de Asturias","description":"Hemeroteca","url":"https:\/\/www.eldigitaldeasturias.com\/noticias\/","email":"info@eldigitaldeasturias.com","telephone":"+34652131393","logo":{"@type":"ImageObject","url":"https:\/\/www.eldigitaldeasturias.com\/noticias\/wp-content\/uploads\/2020\/12\/EDA.jpg","@id":"https:\/\/www.eldigitaldeasturias.com\/noticias\/el-principe-de-asturias-regresa-a-espana-tras-asistir-a-la-investidura-de-hernandez\/#organizationLogo"},"image":{"@id":"https:\/\/www.eldigitaldeasturias.com\/noticias\/el-principe-de-asturias-regresa-a-espana-tras-asistir-a-la-investidura-de-hernandez\/#organizationLogo"},"sameAs":["https:\/\/facebook.com\/eldigitaldeasturias","https:\/\/www.youtube.com\/channel\/UCZP-2wLEB9Rv6erhFmqVnvg"],"address":{"@id":"https:\/\/www.eldigitaldeasturias.com\/noticias\/#postaladdress","@type":"PostalAddress","streetAddress":"san antonio 4","postalCode":"33430","addressLocality":"Cand\u00e1s","addressRegion":"Asturias","addressCountry":"ES"}},{"@type":"Person","@id":"https:\/\/www.eldigitaldeasturias.com\/noticias\/author\/admin\/#author","url":"https:\/\/www.eldigitaldeasturias.com\/noticias\/author\/admin\/","name":"El Digital de Asturias","image":{"@type":"ImageObject","@id":"https:\/\/www.eldigitaldeasturias.com\/noticias\/el-principe-de-asturias-regresa-a-espana-tras-asistir-a-la-investidura-de-hernandez\/#authorImage","url":"https:\/\/secure.gravatar.com\/avatar\/df2aeffc32bcd13f8d26072ef8a91b623d677766deac7f97ca815868cd41bf5e?s=96&d=mm&r=g","width":96,"height":96,"caption":"El Digital de Asturias"}},{"@type":"WebPage","@id":"https:\/\/www.eldigitaldeasturias.com\/noticias\/el-principe-de-asturias-regresa-a-espana-tras-asistir-a-la-investidura-de-hernandez\/#webpage","url":"https:\/\/www.eldigitaldeasturias.com\/noticias\/el-principe-de-asturias-regresa-a-espana-tras-asistir-a-la-investidura-de-hernandez\/","name":"El pr\u00edncipe de Asturias regresa a Espa\u00f1a tras asistir a la investidura de Hern\u00e1ndez - El Digital de Asturias","description":"Tegucigalpa, 27 ene (EFE).- El pr\u00edncipe de Asturias, Felipe de Borb\u00f3n, regres\u00f3 hoy a Espa\u00f1a tras asistir a la investidura del nuevo presidente de Honduras, Juan Orlando Hern\u00e1ndez, con quien adem\u00e1s celebr\u00f3 una reuni\u00f3n bilateral. El avi\u00f3n que transporta al pr\u00edncipe y su comitiva, un Airbus 310, despeg\u00f3 a las 16.50 hora local (22:50 GMT).","inLanguage":"es-ES","isPartOf":{"@id":"https:\/\/www.eldigitaldeasturias.com\/noticias\/#website"},"breadcrumb":{"@id":"https:\/\/www.eldigitaldeasturias.com\/noticias\/el-principe-de-asturias-regresa-a-espana-tras-asistir-a-la-investidura-de-hernandez\/#breadcrumblist"},"author":{"@id":"https:\/\/www.eldigitaldeasturias.com\/noticias\/author\/admin\/#author"},"creator":{"@id":"https:\/\/www.eldigitaldeasturias.com\/noticias\/author\/admin\/#author"},"image":{"@type":"ImageObject","url":"https:\/\/www.eldigitaldeasturias.com\/noticias\/wp-content\/uploads\/2026\/06\/Contenidos.jpg","@id":"https:\/\/www.eldigitaldeasturias.com\/noticias\/el-principe-de-asturias-regresa-a-espana-tras-asistir-a-la-investidura-de-hernandez\/#mainImage","width":1265,"height":697,"caption":"Contenidos"},"primaryImageOfPage":{"@id":"https:\/\/www.eldigitaldeasturias.com\/noticias\/el-principe-de-asturias-regresa-a-espana-tras-asistir-a-la-investidura-de-hernandez\/#mainImage"},"datePublished":"2014-01-29T00:02:33+01:00","dateModified":"2014-01-29T00:02:33+01:00"},{"@type":"WebSite","@id":"https:\/\/www.eldigitaldeasturias.com\/noticias\/#website","url":"https:\/\/www.eldigitaldeasturias.com\/noticias\/","name":"El Digital de Asturias - Diario de actualidad y noticias","alternateName":"El Digital de Asturias - Diario de actualidad y noticias","description":"Hemeroteca","inLanguage":"es-ES","publisher":{"@id":"https:\/\/www.eldigitaldeasturias.com\/noticias\/#organization"}}]},"og:locale":"es_ES","og:site_name":"El Digital de Asturias","og:type":"article","og:title":"El pr\u00edncipe de Asturias regresa a Espa\u00f1a tras asistir a la investidura de Hern\u00e1ndez - El Digital de Asturias","og:description":"Tegucigalpa, 27 ene (EFE).- El pr\u00edncipe de Asturias, Felipe de Borb\u00f3n, regres\u00f3 hoy a Espa\u00f1a tras asistir a la investidura del nuevo presidente de Honduras, Juan Orlando Hern\u00e1ndez, con quien adem\u00e1s celebr\u00f3 una reuni\u00f3n bilateral. El avi\u00f3n que transporta al pr\u00edncipe y su comitiva, un Airbus 310, despeg\u00f3 a las 16.50 hora local (22:50 GMT).","og:url":"https:\/\/www.eldigitaldeasturias.com\/noticias\/el-principe-de-asturias-regresa-a-espana-tras-asistir-a-la-investidura-de-hernandez\/","og:image":"https:\/\/www.eldigitaldeasturias.com\/noticias\/wp-content\/uploads\/2026\/06\/Contenidos.jpg","og:image:secure_url":"https:\/\/www.eldigitaldeasturias.com\/noticias\/wp-content\/uploads\/2026\/06\/Contenidos.jpg","og:image:width":1265,"og:image:height":697,"article:tag":["actualidad"],"article:published_time":"2014-01-29T01:02:33+00:00","article:modified_time":"2014-01-29T01:02:33+00:00","article:publisher":"https:\/\/facebook.com\/eldigitaldeasturias","twitter:card":"summary_large_image","twitter:title":"El pr\u00edncipe de Asturias regresa a Espa\u00f1a tras asistir a la investidura de Hern\u00e1ndez - El Digital de Asturias","twitter:description":"Tegucigalpa, 27 ene (EFE).- El pr\u00edncipe de Asturias, Felipe de Borb\u00f3n, regres\u00f3 hoy a Espa\u00f1a tras asistir a la investidura del nuevo presidente de Honduras, Juan Orlando Hern\u00e1ndez, con quien adem\u00e1s celebr\u00f3 una reuni\u00f3n bilateral. El avi\u00f3n que transporta al pr\u00edncipe y su comitiva, un Airbus 310, despeg\u00f3 a las 16.50 hora local (22:50 GMT).","twitter:image":"https:\/\/www.eldigitaldeasturias.com\/noticias\/wp-content\/uploads\/2026\/06\/Contenidos.jpg","twitter:label1":"Escrito por","twitter:data1":"El Digital de Asturias","twitter:label2":"Tiempo de lectura estimado","twitter:data2":"1 minuto"},"aioseo_meta_data":{"post_id":"479754","title":null,"description":null,"keywords":null,"keyphrases":null,"primary_term":null,"canonical_url":null,"og_title":null,"og_description":null,"og_object_type":"default","og_image_type":"default","og_image_url":null,"og_image_width":null,"og_image_height":null,"og_image_custom_url":null,"og_image_custom_fields":null,"og_video":null,"og_custom_url":null,"og_article_section":null,"og_article_tags":null,"twitter_use_og":true,"twitter_card":"default","twitter_image_type":"default","twitter_image_url":null,"twitter_image_custom_url":null,"twitter_image_custom_fields":null,"twitter_title":null,"twitter_description":null,"schema":{"blockGraphs":[],"customGraphs":[],"default":{"data":{"Article":[],"Course":[],"Dataset":[],"FAQPage":[],"Movie":[],"Person":[],"Product":[],"ProductReview":[],"Car":[],"Recipe":[],"Service":[],"SoftwareApplication":[],"WebPage":[]},"graphName":"","isEnabled":true},"graphs":[],"defaultGraph":"","defaultPostTypeGraph":""},"schema_type":null,"schema_type_options":null,"pillar_content":false,"robots_default":true,"robots_noindex":false,"robots_noarchive":false,"robots_nosnippet":false,"robots_nofollow":false,"robots_noimageindex":false,"robots_noodp":false,"robots_notranslate":false,"robots_max_snippet":null,"robots_max_videopreview":null,"robots_max_imagepreview":"none","priority":null,"frequency":null,"local_seo":null,"seo_analyzer_scan_date":"2026-06-02 01:31:54","breadcrumb_settings":null,"limit_modified_date":false,"open_ai":null,"ai":null,"created":"2020-11-14 22:54:06","updated":"2026-06-02 01:31:54","focus_keyword":null,"additional_keywords":null,"truseo_locale":null},"aioseo_breadcrumb":"<div class=\"aioseo-breadcrumbs\"><span class=\"aioseo-breadcrumb\">\n\t<a href=\"https:\/\/www.eldigitaldeasturias.com\/noticias\" title=\"Home\">Home<\/a>\n<\/span><span class=\"aioseo-breadcrumb-separator\">\u2013<\/span><span class=\"aioseo-breadcrumb\">\n\t<a href=\"https:\/\/www.eldigitaldeasturias.com\/noticias\/category\/actualidad\/\" title=\"Actualidad\">Actualidad<\/a>\n<\/span><span class=\"aioseo-breadcrumb-separator\">\u2013<\/span><span class=\"aioseo-breadcrumb\">\n\t<a href=\"https:\/\/www.eldigitaldeasturias.com\/noticias\/el-principe-de-asturias-regresa-a-espana-tras-asistir-a-la-investidura-de-hernandez\/\" title=\"El pr\u00edncipe de Asturias regresa a Espa\u00f1a tras asistir a la investidura de Hern\u00e1ndez\">El pr\u00edncipe de Asturias regresa a Espa\u00f1a tras asistir a la investidura de Hern\u00e1ndez<\/a>\n<\/span><\/div>","aioseo_breadcrumb_json":[{"label":"Home","link":"https:\/\/www.eldigitaldeasturias.com\/noticias"},{"label":"Actualidad","link":"https:\/\/www.eldigitaldeasturias.com\/noticias\/category\/actualidad\/"},{"label":"El pr\u00edncipe de Asturias regresa a Espa\u00f1a tras asistir a la investidura de Hern\u00e1ndez","link":"https:\/\/www.eldigitaldeasturias.com\/noticias\/el-principe-de-asturias-regresa-a-espana-tras-asistir-a-la-investidura-de-hernandez\/"}],"_links":{"self":[{"href":"https:\/\/www.eldigitaldeasturias.com\/noticias\/wp-json\/wp\/v2\/posts\/479754","targetHints":{"allow":["GET"]}}],"collection":[{"href":"https:\/\/www.eldigitaldeasturias.com\/noticias\/wp-json\/wp\/v2\/posts"}],"about":[{"href":"https:\/\/www.eldigitaldeasturias.com\/noticias\/wp-json\/wp\/v2\/types\/post"}],"author":[{"embeddable":true,"href":"https:\/\/www.eldigitaldeasturias.com\/noticias\/wp-json\/wp\/v2\/users\/1"}],"replies":[{"embeddable":true,"href":"https:\/\/www.eldigitaldeasturias.com\/noticias\/wp-json\/wp\/v2\/comments?post=479754"}],"version-history":[{"count":0,"href":"https:\/\/www.eldigitaldeasturias.com\/noticias\/wp-json\/wp\/v2\/posts\/479754\/revisions"}],"wp:featuredmedia":[{"embeddable":true,"href":"https:\/\/www.eldigitaldeasturias.com\/noticias\/wp-json\/wp\/v2\/media\/1132184"}],"wp:attachment":[{"href":"https:\/\/www.eldigitaldeasturias.com\/noticias\/wp-json\/wp\/v2\/media?parent=479754"}],"wp:term":[{"taxonomy":"category","embeddable":true,"href":"https:\/\/www.eldigitaldeasturias.com\/noticias\/wp-json\/wp\/v2\/categories?post=479754"},{"taxonomy":"post_tag","embeddable":true,"href":"https:\/\/www.eldigitaldeasturias.com\/noticias\/wp-json\/wp\/v2\/tags?post=479754"}],"curies":[{"name":"wp","href":"https:\/\/api.w.org\/{rel}","templated":true}]}}