{"id":479751,"date":"2014-01-29T00:01:24","date_gmt":"2014-01-29T01:01:24","guid":{"rendered":"http:\/\/www.eldigitaldeasturias.com\/noticias\/?p=479751"},"modified":"2014-01-29T00:01:24","modified_gmt":"2014-01-29T01:01:24","slug":"obama-ultima-su-discurso-ante-el-congreso-con-medidas-para-crear-empleos-y-reducir-la-pobreza","status":"publish","type":"post","link":"https:\/\/www.eldigitaldeasturias.com\/noticias\/obama-ultima-su-discurso-ante-el-congreso-con-medidas-para-crear-empleos-y-reducir-la-pobreza\/","title":{"rendered":"Obama ultima su discurso ante el Congreso con medidas para crear empleos y reducir la pobreza"},"content":{"rendered":"<p><img loading=\"lazy\" decoding=\"async\" class=\"alignleft size-medium wp-image-479752\" alt=\"5881442w\" src=\"https:\/\/www.eldigitaldeasturias.com\/noticias\/wp-content\/uploads\/2014\/01\/5881442w-360x239.jpg\" width=\"360\" height=\"239\" \/>Washington, 27 ene (EFE).- El presidente de EEUU, Barack Obama, ultimaba hoy la preparaci\u00f3n de su sexto discurso sobre el Estado de la Uni\u00f3n, en el que presentar\u00e1 medidas para crear empleos y reducir la pobreza, abogar\u00e1 de nuevo por la reforma migratoria y plantear\u00e1 sus retos en pol\u00edtica exterior.<\/p>\n<p>\u00abMa\u00f1ana por la noche es el momento de restaurar las oportunidades para todos\u00bb, afirm\u00f3 Obama en un mensaje a trav\u00e9s de Vine, la aplicaci\u00f3n de v\u00eddeos breves de Twitter.<\/p>\n<p>La elaboraci\u00f3n del discurso que ofrecer\u00e1 ante ambas c\u00e1maras del Congreso, que comenzar\u00e1 a las 21.00 hora local del martes (02.00 GMT del mi\u00e9rcoles), est\u00e1 en sus \u00abetapas finales\u00bb y el presidente continuaba hoy \u00abtrabajando\u00bb en \u00e9l, seg\u00fan detall\u00f3 en su rueda de prensa diaria el portavoz de la Casa Blanca, Jay Carney.<\/p>\n<p>De hecho, Obama no ten\u00eda ninguna actividad p\u00fablica programada para este lunes y pas\u00f3 la ma\u00f1ana reunido con algunos de sus asesores, antes de almorzar en privado con su vicepresidente, Joe Biden.<\/p>\n<p>En su cuenta de Twitter, la Casa Blanca colg\u00f3 una foto en la que aparece el bol\u00edgrafo de Obama \u00ablisto para editar su \u00faltimo borrador del Estado de la Uni\u00f3n\u00bb.<\/p>\n<p>Obama lleva varias semanas preparando su intervenci\u00f3n, en la que ha trabajado fundamentalmente por las noches, con el apoyo de su director de discursos, Cody Keenan, y de sus asesores m\u00e1s cercanos.<\/p>\n<p>Carney no quiso dar detalles hoy sobre cu\u00e1les van a ser los principales temas de la intervenci\u00f3n de Obama, que se prev\u00e9 que est\u00e9 centrada en la creaci\u00f3n de empleos, el combate a la desigualdad y la reforma migratoria, seg\u00fan han adelantado el propio portavoz y otros funcionarios de la Casa Blanca en los \u00faltimos d\u00edas.<\/p>\n<p>Seg\u00fan Carney, el presidente cree que Estados Unidos \u00abest\u00e1 listo para crecer con m\u00e1s fuerza y crear m\u00e1s empleos\u00bb, y considera que este a\u00f1o es \u00fanico, superadas ya la crisis de 2008 y la inestabilidad en la eurozona, para lograr avances.<\/p>\n<p>Por ello, el portavoz precis\u00f3 que Obama expondr\u00e1 en su intervenci\u00f3n ideas \u00abde sentido com\u00fan\u00bb en las que considera que puede llegar a consensos con el Congreso, pero tambi\u00e9n medidas unilaterales que puede adoptar dada su autoridad ejecutiva.<\/p>\n<p>Se prev\u00e9 que el presidente anuncie medidas ejecutivas en varios \u00e1mbitos, entre ellos el desarrollo de infraestructuras, la capacitaci\u00f3n laboral, el cambio clim\u00e1tico y la educaci\u00f3n.<\/p>\n<p>Tambi\u00e9n que presente alguna iniciativa contra el desempleo de larga duraci\u00f3n y, de hecho, Carney confirm\u00f3 hoy que el Gobierno ha logrado compromisos con grandes compa\u00f1\u00edas del pa\u00eds para que promuevan la contrataci\u00f3n de personas que llevan mucho tiempo fuera del mercado laboral.<\/p>\n<p>Asimismo, Obama insistir\u00e1 en la necesidad de aumentar el salario m\u00ednimo y de mejorar los programas de educaci\u00f3n preescolar, algo para lo que necesita el apoyo del Congreso y que ya plante\u00f3 en su discurso del a\u00f1o pasado.<\/p>\n<p>La reforma migratoria, una promesa pendiente desde que lleg\u00f3 a la Casa Blanca en 2009, ser\u00e1 otro de los puntos en los que har\u00e1 \u00e9nfasis, en v\u00edsperas de que los republicanos de la C\u00e1mara de Representantes, liderados por su presidente, John Boehner, den a conocer un documento con sus principios para llevarla a cabo.<\/p>\n<p>Carney rechaz\u00f3 hoy ante los periodistas que la agenda del mandatario sea poco ambiciosa en comparaci\u00f3n con las propuestas que hizo en febrero de 2013.<\/p>\n<p>\u00abRestaurar la seguridad y la vitalidad de la clase media son objetivos muy ambiciosos\u00bb, defendi\u00f3 el portavoz.<\/p>\n<p>Obama llega a este discurso con una popularidad en torno al 45 %, seg\u00fan un sondeo de CNN y otro de ABC y The Washington Post, lo que supone unos 10 puntos por debajo del nivel de aprobaci\u00f3n que ten\u00eda hace un a\u00f1o, cuando asumi\u00f3 su segundo mandato.<\/p>\n<p>Y es que 2013 no fue un buen a\u00f1o para el presidente, sobre todo en el \u00e1mbito interno, dados los problemas en la aplicaci\u00f3n de la reforma sanitaria y el esc\u00e1ndalo por los programas de espionaje de la Agencia de Seguridad Nacional (NSA) que sac\u00f3 a la luz Edward Snowden.<\/p>\n<p>Hoy se supo, seg\u00fan revelan The New York Times y The Guardian, que la NSA utiliza aplicaciones vulnerables como el juego \u00abAngry Birds\u00bb para acceder a informaci\u00f3n personal o datos de localizaci\u00f3n en todo el mundo.<\/p>\n<p>Previsiblemente Obama hablar\u00e1 de la NSA en el segmento de su discurso dedicado a la pol\u00edtica exterior y tambi\u00e9n sobre Ir\u00e1n, en particular de su oposici\u00f3n a un proyecto de ley que impulsa el Senado para imponer nuevas sanciones a ese pa\u00eds.<\/p>\n<p>El conflicto sirio y la retirada de las tropas de Afganist\u00e1n, que debe culminar a finales de 2014, son otros de los temas que se dan por seguros, mientras Latinoam\u00e9rica puede volver a ser la gran olvidada, como en a\u00f1os anteriores.<\/p>\n","protected":false},"excerpt":{"rendered":"<p>Washington, 27 ene (EFE).- El presidente de EEUU, Barack Obama, ultimaba hoy la preparaci\u00f3n de su sexto discurso sobre el Estado de la Uni\u00f3n, en el que presentar\u00e1 medidas para crear empleos y reducir la pobreza, abogar\u00e1 de nuevo por la reforma migratoria y plantear\u00e1 sus retos en pol\u00edtica exterior. \u00abMa\u00f1ana por la noche es [&hellip;]<\/p>\n","protected":false},"author":1,"featured_media":1132184,"comment_status":"closed","ping_status":"open","sticky":false,"template":"","format":"standard","meta":{"footnotes":""},"categories":[1],"tags":[],"class_list":["post-479751","post","type-post","status-publish","format-standard","has-post-thumbnail","hentry","category-actualidad"],"aioseo_notices":[],"aioseo_head":"\n\t\t<!-- All in One SEO Pro 5.0.1 - aioseo.com -->\n\t<meta name=\"description\" content=\"Washington, 27 ene (EFE).- El presidente de EEUU, Barack Obama, ultimaba hoy la preparaci\u00f3n de su sexto discurso sobre el Estado de la Uni\u00f3n, en el que presentar\u00e1 medidas para crear empleos y reducir la pobreza, abogar\u00e1 de nuevo por la reforma migratoria y plantear\u00e1 sus retos en pol\u00edtica exterior. &quot;Ma\u00f1ana por la noche es\" \/>\n\t<meta name=\"robots\" content=\"max-image-preview:large\" \/>\n\t<meta name=\"author\" content=\"El Digital de Asturias\"\/>\n\t<meta name=\"google-site-verification\" content=\"UA-38556648-1\" \/>\n\t<meta name=\"msvalidate.01\" content=\"7dfe9f3f1b24437ab69f4f2559babe99\" \/>\n\t<meta name=\"keywords\" content=\"actualidad\" \/>\n\t<link rel=\"canonical\" href=\"https:\/\/www.eldigitaldeasturias.com\/noticias\/obama-ultima-su-discurso-ante-el-congreso-con-medidas-para-crear-empleos-y-reducir-la-pobreza\/\" \/>\n\t<meta name=\"generator\" content=\"All in One SEO Pro (AIOSEO) 5.0.1\" \/>\n\t\t<meta property=\"og:locale\" content=\"es_ES\" \/>\n\t\t<meta property=\"og:site_name\" content=\"El Digital de Asturias\" \/>\n\t\t<meta property=\"og:type\" content=\"article\" \/>\n\t\t<meta property=\"og:title\" content=\"Obama ultima su discurso ante el Congreso con medidas para crear empleos y reducir la pobreza - El Digital de Asturias\" \/>\n\t\t<meta property=\"og:description\" content=\"Washington, 27 ene (EFE).- El presidente de EEUU, Barack Obama, ultimaba hoy la preparaci\u00f3n de su sexto discurso sobre el Estado de la Uni\u00f3n, en el que presentar\u00e1 medidas para crear empleos y reducir la pobreza, abogar\u00e1 de nuevo por la reforma migratoria y plantear\u00e1 sus retos en pol\u00edtica exterior. &quot;Ma\u00f1ana por la noche es\" \/>\n\t\t<meta property=\"og:url\" content=\"https:\/\/www.eldigitaldeasturias.com\/noticias\/obama-ultima-su-discurso-ante-el-congreso-con-medidas-para-crear-empleos-y-reducir-la-pobreza\/\" \/>\n\t\t<meta property=\"og:image\" content=\"https:\/\/www.eldigitaldeasturias.com\/noticias\/wp-content\/uploads\/2026\/06\/Contenidos.jpg\" \/>\n\t\t<meta property=\"og:image:secure_url\" content=\"https:\/\/www.eldigitaldeasturias.com\/noticias\/wp-content\/uploads\/2026\/06\/Contenidos.jpg\" \/>\n\t\t<meta property=\"og:image:width\" content=\"1265\" \/>\n\t\t<meta property=\"og:image:height\" content=\"697\" \/>\n\t\t<meta property=\"article:tag\" content=\"actualidad\" \/>\n\t\t<meta property=\"article:published_time\" content=\"2014-01-29T01:01:24+00:00\" \/>\n\t\t<meta property=\"article:modified_time\" content=\"2014-01-29T01:01:24+00:00\" \/>\n\t\t<meta property=\"article:publisher\" content=\"https:\/\/facebook.com\/eldigitaldeasturias\" \/>\n\t\t<meta name=\"twitter:card\" content=\"summary_large_image\" \/>\n\t\t<meta name=\"twitter:title\" content=\"Obama ultima su discurso ante el Congreso con medidas para crear empleos y reducir la pobreza - El Digital de Asturias\" \/>\n\t\t<meta name=\"twitter:description\" content=\"Washington, 27 ene (EFE).- El presidente de EEUU, Barack Obama, ultimaba hoy la preparaci\u00f3n de su sexto discurso sobre el Estado de la Uni\u00f3n, en el que presentar\u00e1 medidas para crear empleos y reducir la pobreza, abogar\u00e1 de nuevo por la reforma migratoria y plantear\u00e1 sus retos en pol\u00edtica exterior. &quot;Ma\u00f1ana por la noche es\" \/>\n\t\t<meta name=\"twitter:image\" content=\"https:\/\/www.eldigitaldeasturias.com\/noticias\/wp-content\/uploads\/2026\/06\/Contenidos.jpg\" \/>\n\t\t<meta name=\"twitter:label1\" content=\"Escrito por\" \/>\n\t\t<meta name=\"twitter:data1\" content=\"El Digital de Asturias\" \/>\n\t\t<meta name=\"twitter:label2\" content=\"Tiempo de lectura estimado\" \/>\n\t\t<meta name=\"twitter:data2\" content=\"4 minutos\" \/>\n\t\t<script type=\"application\/ld+json\" class=\"aioseo-schema\">\n\t\t\t{\"@context\":\"https:\\\/\\\/schema.org\",\"@graph\":[{\"@type\":\"BlogPosting\",\"@id\":\"https:\\\/\\\/www.eldigitaldeasturias.com\\\/noticias\\\/obama-ultima-su-discurso-ante-el-congreso-con-medidas-para-crear-empleos-y-reducir-la-pobreza\\\/#blogposting\",\"name\":\"Obama ultima su discurso ante el Congreso con medidas para crear empleos y reducir la pobreza - El Digital de Asturias\",\"headline\":\"Obama ultima su discurso ante el Congreso con medidas para crear empleos y reducir la pobreza\",\"author\":{\"@id\":\"https:\\\/\\\/www.eldigitaldeasturias.com\\\/noticias\\\/author\\\/admin\\\/#author\"},\"publisher\":{\"@id\":\"https:\\\/\\\/www.eldigitaldeasturias.com\\\/noticias\\\/#organization\"},\"image\":{\"@type\":\"ImageObject\",\"url\":\"https:\\\/\\\/www.eldigitaldeasturias.com\\\/noticias\\\/wp-content\\\/uploads\\\/2026\\\/06\\\/Contenidos.jpg\",\"width\":1265,\"height\":697,\"caption\":\"Contenidos\"},\"datePublished\":\"2014-01-29T00:01:24+01:00\",\"dateModified\":\"2014-01-29T00:01:24+01:00\",\"inLanguage\":\"es-ES\",\"mainEntityOfPage\":{\"@id\":\"https:\\\/\\\/www.eldigitaldeasturias.com\\\/noticias\\\/obama-ultima-su-discurso-ante-el-congreso-con-medidas-para-crear-empleos-y-reducir-la-pobreza\\\/#webpage\"},\"isPartOf\":{\"@id\":\"https:\\\/\\\/www.eldigitaldeasturias.com\\\/noticias\\\/obama-ultima-su-discurso-ante-el-congreso-con-medidas-para-crear-empleos-y-reducir-la-pobreza\\\/#webpage\"},\"articleSection\":\"Actualidad\"},{\"@type\":\"BreadcrumbList\",\"@id\":\"https:\\\/\\\/www.eldigitaldeasturias.com\\\/noticias\\\/obama-ultima-su-discurso-ante-el-congreso-con-medidas-para-crear-empleos-y-reducir-la-pobreza\\\/#breadcrumblist\",\"itemListElement\":[{\"@type\":\"ListItem\",\"@id\":\"https:\\\/\\\/www.eldigitaldeasturias.com\\\/noticias#listItem\",\"position\":1,\"name\":\"Home\",\"item\":\"https:\\\/\\\/www.eldigitaldeasturias.com\\\/noticias\",\"nextItem\":{\"@type\":\"ListItem\",\"@id\":\"https:\\\/\\\/www.eldigitaldeasturias.com\\\/noticias\\\/category\\\/actualidad\\\/#listItem\",\"name\":\"Actualidad\"}},{\"@type\":\"ListItem\",\"@id\":\"https:\\\/\\\/www.eldigitaldeasturias.com\\\/noticias\\\/category\\\/actualidad\\\/#listItem\",\"position\":2,\"name\":\"Actualidad\",\"item\":\"https:\\\/\\\/www.eldigitaldeasturias.com\\\/noticias\\\/category\\\/actualidad\\\/\",\"nextItem\":{\"@type\":\"ListItem\",\"@id\":\"https:\\\/\\\/www.eldigitaldeasturias.com\\\/noticias\\\/obama-ultima-su-discurso-ante-el-congreso-con-medidas-para-crear-empleos-y-reducir-la-pobreza\\\/#listItem\",\"name\":\"Obama ultima su discurso ante el Congreso con medidas para crear empleos y reducir la pobreza\"},\"previousItem\":{\"@type\":\"ListItem\",\"@id\":\"https:\\\/\\\/www.eldigitaldeasturias.com\\\/noticias#listItem\",\"name\":\"Home\"}},{\"@type\":\"ListItem\",\"@id\":\"https:\\\/\\\/www.eldigitaldeasturias.com\\\/noticias\\\/obama-ultima-su-discurso-ante-el-congreso-con-medidas-para-crear-empleos-y-reducir-la-pobreza\\\/#listItem\",\"position\":3,\"name\":\"Obama ultima su discurso ante el Congreso con medidas para crear empleos y reducir la pobreza\",\"previousItem\":{\"@type\":\"ListItem\",\"@id\":\"https:\\\/\\\/www.eldigitaldeasturias.com\\\/noticias\\\/category\\\/actualidad\\\/#listItem\",\"name\":\"Actualidad\"}}]},{\"@type\":\"Organization\",\"@id\":\"https:\\\/\\\/www.eldigitaldeasturias.com\\\/noticias\\\/#organization\",\"name\":\"El Digital de Asturias\",\"description\":\"Hemeroteca\",\"url\":\"https:\\\/\\\/www.eldigitaldeasturias.com\\\/noticias\\\/\",\"email\":\"info@eldigitaldeasturias.com\",\"telephone\":\"+34652131393\",\"logo\":{\"@type\":\"ImageObject\",\"url\":\"https:\\\/\\\/www.eldigitaldeasturias.com\\\/noticias\\\/wp-content\\\/uploads\\\/2020\\\/12\\\/EDA.jpg\",\"@id\":\"https:\\\/\\\/www.eldigitaldeasturias.com\\\/noticias\\\/obama-ultima-su-discurso-ante-el-congreso-con-medidas-para-crear-empleos-y-reducir-la-pobreza\\\/#organizationLogo\"},\"image\":{\"@id\":\"https:\\\/\\\/www.eldigitaldeasturias.com\\\/noticias\\\/obama-ultima-su-discurso-ante-el-congreso-con-medidas-para-crear-empleos-y-reducir-la-pobreza\\\/#organizationLogo\"},\"sameAs\":[\"https:\\\/\\\/facebook.com\\\/eldigitaldeasturias\",\"https:\\\/\\\/www.youtube.com\\\/channel\\\/UCZP-2wLEB9Rv6erhFmqVnvg\"],\"address\":{\"@id\":\"https:\\\/\\\/www.eldigitaldeasturias.com\\\/noticias\\\/#postaladdress\",\"@type\":\"PostalAddress\",\"streetAddress\":\"san antonio 4\",\"postalCode\":\"33430\",\"addressLocality\":\"Cand\\u00e1s\",\"addressRegion\":\"Asturias\",\"addressCountry\":\"ES\"}},{\"@type\":\"Person\",\"@id\":\"https:\\\/\\\/www.eldigitaldeasturias.com\\\/noticias\\\/author\\\/admin\\\/#author\",\"url\":\"https:\\\/\\\/www.eldigitaldeasturias.com\\\/noticias\\\/author\\\/admin\\\/\",\"name\":\"El Digital de Asturias\",\"image\":{\"@type\":\"ImageObject\",\"@id\":\"https:\\\/\\\/www.eldigitaldeasturias.com\\\/noticias\\\/obama-ultima-su-discurso-ante-el-congreso-con-medidas-para-crear-empleos-y-reducir-la-pobreza\\\/#authorImage\",\"url\":\"https:\\\/\\\/secure.gravatar.com\\\/avatar\\\/df2aeffc32bcd13f8d26072ef8a91b623d677766deac7f97ca815868cd41bf5e?s=96&d=mm&r=g\",\"width\":96,\"height\":96,\"caption\":\"El Digital de Asturias\"}},{\"@type\":\"WebPage\",\"@id\":\"https:\\\/\\\/www.eldigitaldeasturias.com\\\/noticias\\\/obama-ultima-su-discurso-ante-el-congreso-con-medidas-para-crear-empleos-y-reducir-la-pobreza\\\/#webpage\",\"url\":\"https:\\\/\\\/www.eldigitaldeasturias.com\\\/noticias\\\/obama-ultima-su-discurso-ante-el-congreso-con-medidas-para-crear-empleos-y-reducir-la-pobreza\\\/\",\"name\":\"Obama ultima su discurso ante el Congreso con medidas para crear empleos y reducir la pobreza - El Digital de Asturias\",\"description\":\"Washington, 27 ene (EFE).- El presidente de EEUU, Barack Obama, ultimaba hoy la preparaci\\u00f3n de su sexto discurso sobre el Estado de la Uni\\u00f3n, en el que presentar\\u00e1 medidas para crear empleos y reducir la pobreza, abogar\\u00e1 de nuevo por la reforma migratoria y plantear\\u00e1 sus retos en pol\\u00edtica exterior. \\\"Ma\\u00f1ana por la noche es\",\"inLanguage\":\"es-ES\",\"isPartOf\":{\"@id\":\"https:\\\/\\\/www.eldigitaldeasturias.com\\\/noticias\\\/#website\"},\"breadcrumb\":{\"@id\":\"https:\\\/\\\/www.eldigitaldeasturias.com\\\/noticias\\\/obama-ultima-su-discurso-ante-el-congreso-con-medidas-para-crear-empleos-y-reducir-la-pobreza\\\/#breadcrumblist\"},\"author\":{\"@id\":\"https:\\\/\\\/www.eldigitaldeasturias.com\\\/noticias\\\/author\\\/admin\\\/#author\"},\"creator\":{\"@id\":\"https:\\\/\\\/www.eldigitaldeasturias.com\\\/noticias\\\/author\\\/admin\\\/#author\"},\"image\":{\"@type\":\"ImageObject\",\"url\":\"https:\\\/\\\/www.eldigitaldeasturias.com\\\/noticias\\\/wp-content\\\/uploads\\\/2026\\\/06\\\/Contenidos.jpg\",\"@id\":\"https:\\\/\\\/www.eldigitaldeasturias.com\\\/noticias\\\/obama-ultima-su-discurso-ante-el-congreso-con-medidas-para-crear-empleos-y-reducir-la-pobreza\\\/#mainImage\",\"width\":1265,\"height\":697,\"caption\":\"Contenidos\"},\"primaryImageOfPage\":{\"@id\":\"https:\\\/\\\/www.eldigitaldeasturias.com\\\/noticias\\\/obama-ultima-su-discurso-ante-el-congreso-con-medidas-para-crear-empleos-y-reducir-la-pobreza\\\/#mainImage\"},\"datePublished\":\"2014-01-29T00:01:24+01:00\",\"dateModified\":\"2014-01-29T00:01:24+01:00\"},{\"@type\":\"WebSite\",\"@id\":\"https:\\\/\\\/www.eldigitaldeasturias.com\\\/noticias\\\/#website\",\"url\":\"https:\\\/\\\/www.eldigitaldeasturias.com\\\/noticias\\\/\",\"name\":\"El Digital de Asturias - Diario de actualidad y noticias\",\"alternateName\":\"El Digital de Asturias - Diario de actualidad y noticias\",\"description\":\"Hemeroteca\",\"inLanguage\":\"es-ES\",\"publisher\":{\"@id\":\"https:\\\/\\\/www.eldigitaldeasturias.com\\\/noticias\\\/#organization\"}}]}\n\t\t<\/script>\n\t\t<!-- All in One SEO Pro -->\r\n\t\t<title>Obama ultima su discurso ante el Congreso con medidas para crear empleos y reducir la pobreza - El Digital de Asturias<\/title>\n\n","aioseo_head_json":{"title":"Obama ultima su discurso ante el Congreso con medidas para crear empleos y reducir la pobreza - El Digital de Asturias","description":"Washington, 27 ene (EFE).- El presidente de EEUU, Barack Obama, ultimaba hoy la preparaci\u00f3n de su sexto discurso sobre el Estado de la Uni\u00f3n, en el que presentar\u00e1 medidas para crear empleos y reducir la pobreza, abogar\u00e1 de nuevo por la reforma migratoria y plantear\u00e1 sus retos en pol\u00edtica exterior. \"Ma\u00f1ana por la noche es","canonical_url":"https:\/\/www.eldigitaldeasturias.com\/noticias\/obama-ultima-su-discurso-ante-el-congreso-con-medidas-para-crear-empleos-y-reducir-la-pobreza\/","robots":"max-image-preview:large","keywords":"actualidad","webmasterTools":{"google-site-verification":"UA-38556648-1","msvalidate.01":"7dfe9f3f1b24437ab69f4f2559babe99","miscellaneous":""},"schema":{"@context":"https:\/\/schema.org","@graph":[{"@type":"BlogPosting","@id":"https:\/\/www.eldigitaldeasturias.com\/noticias\/obama-ultima-su-discurso-ante-el-congreso-con-medidas-para-crear-empleos-y-reducir-la-pobreza\/#blogposting","name":"Obama ultima su discurso ante el Congreso con medidas para crear empleos y reducir la pobreza - El Digital de Asturias","headline":"Obama ultima su discurso ante el Congreso con medidas para crear empleos y reducir la pobreza","author":{"@id":"https:\/\/www.eldigitaldeasturias.com\/noticias\/author\/admin\/#author"},"publisher":{"@id":"https:\/\/www.eldigitaldeasturias.com\/noticias\/#organization"},"image":{"@type":"ImageObject","url":"https:\/\/www.eldigitaldeasturias.com\/noticias\/wp-content\/uploads\/2026\/06\/Contenidos.jpg","width":1265,"height":697,"caption":"Contenidos"},"datePublished":"2014-01-29T00:01:24+01:00","dateModified":"2014-01-29T00:01:24+01:00","inLanguage":"es-ES","mainEntityOfPage":{"@id":"https:\/\/www.eldigitaldeasturias.com\/noticias\/obama-ultima-su-discurso-ante-el-congreso-con-medidas-para-crear-empleos-y-reducir-la-pobreza\/#webpage"},"isPartOf":{"@id":"https:\/\/www.eldigitaldeasturias.com\/noticias\/obama-ultima-su-discurso-ante-el-congreso-con-medidas-para-crear-empleos-y-reducir-la-pobreza\/#webpage"},"articleSection":"Actualidad"},{"@type":"BreadcrumbList","@id":"https:\/\/www.eldigitaldeasturias.com\/noticias\/obama-ultima-su-discurso-ante-el-congreso-con-medidas-para-crear-empleos-y-reducir-la-pobreza\/#breadcrumblist","itemListElement":[{"@type":"ListItem","@id":"https:\/\/www.eldigitaldeasturias.com\/noticias#listItem","position":1,"name":"Home","item":"https:\/\/www.eldigitaldeasturias.com\/noticias","nextItem":{"@type":"ListItem","@id":"https:\/\/www.eldigitaldeasturias.com\/noticias\/category\/actualidad\/#listItem","name":"Actualidad"}},{"@type":"ListItem","@id":"https:\/\/www.eldigitaldeasturias.com\/noticias\/category\/actualidad\/#listItem","position":2,"name":"Actualidad","item":"https:\/\/www.eldigitaldeasturias.com\/noticias\/category\/actualidad\/","nextItem":{"@type":"ListItem","@id":"https:\/\/www.eldigitaldeasturias.com\/noticias\/obama-ultima-su-discurso-ante-el-congreso-con-medidas-para-crear-empleos-y-reducir-la-pobreza\/#listItem","name":"Obama ultima su discurso ante el Congreso con medidas para crear empleos y reducir la pobreza"},"previousItem":{"@type":"ListItem","@id":"https:\/\/www.eldigitaldeasturias.com\/noticias#listItem","name":"Home"}},{"@type":"ListItem","@id":"https:\/\/www.eldigitaldeasturias.com\/noticias\/obama-ultima-su-discurso-ante-el-congreso-con-medidas-para-crear-empleos-y-reducir-la-pobreza\/#listItem","position":3,"name":"Obama ultima su discurso ante el Congreso con medidas para crear empleos y reducir la pobreza","previousItem":{"@type":"ListItem","@id":"https:\/\/www.eldigitaldeasturias.com\/noticias\/category\/actualidad\/#listItem","name":"Actualidad"}}]},{"@type":"Organization","@id":"https:\/\/www.eldigitaldeasturias.com\/noticias\/#organization","name":"El Digital de Asturias","description":"Hemeroteca","url":"https:\/\/www.eldigitaldeasturias.com\/noticias\/","email":"info@eldigitaldeasturias.com","telephone":"+34652131393","logo":{"@type":"ImageObject","url":"https:\/\/www.eldigitaldeasturias.com\/noticias\/wp-content\/uploads\/2020\/12\/EDA.jpg","@id":"https:\/\/www.eldigitaldeasturias.com\/noticias\/obama-ultima-su-discurso-ante-el-congreso-con-medidas-para-crear-empleos-y-reducir-la-pobreza\/#organizationLogo"},"image":{"@id":"https:\/\/www.eldigitaldeasturias.com\/noticias\/obama-ultima-su-discurso-ante-el-congreso-con-medidas-para-crear-empleos-y-reducir-la-pobreza\/#organizationLogo"},"sameAs":["https:\/\/facebook.com\/eldigitaldeasturias","https:\/\/www.youtube.com\/channel\/UCZP-2wLEB9Rv6erhFmqVnvg"],"address":{"@id":"https:\/\/www.eldigitaldeasturias.com\/noticias\/#postaladdress","@type":"PostalAddress","streetAddress":"san antonio 4","postalCode":"33430","addressLocality":"Cand\u00e1s","addressRegion":"Asturias","addressCountry":"ES"}},{"@type":"Person","@id":"https:\/\/www.eldigitaldeasturias.com\/noticias\/author\/admin\/#author","url":"https:\/\/www.eldigitaldeasturias.com\/noticias\/author\/admin\/","name":"El Digital de Asturias","image":{"@type":"ImageObject","@id":"https:\/\/www.eldigitaldeasturias.com\/noticias\/obama-ultima-su-discurso-ante-el-congreso-con-medidas-para-crear-empleos-y-reducir-la-pobreza\/#authorImage","url":"https:\/\/secure.gravatar.com\/avatar\/df2aeffc32bcd13f8d26072ef8a91b623d677766deac7f97ca815868cd41bf5e?s=96&d=mm&r=g","width":96,"height":96,"caption":"El Digital de Asturias"}},{"@type":"WebPage","@id":"https:\/\/www.eldigitaldeasturias.com\/noticias\/obama-ultima-su-discurso-ante-el-congreso-con-medidas-para-crear-empleos-y-reducir-la-pobreza\/#webpage","url":"https:\/\/www.eldigitaldeasturias.com\/noticias\/obama-ultima-su-discurso-ante-el-congreso-con-medidas-para-crear-empleos-y-reducir-la-pobreza\/","name":"Obama ultima su discurso ante el Congreso con medidas para crear empleos y reducir la pobreza - El Digital de Asturias","description":"Washington, 27 ene (EFE).- El presidente de EEUU, Barack Obama, ultimaba hoy la preparaci\u00f3n de su sexto discurso sobre el Estado de la Uni\u00f3n, en el que presentar\u00e1 medidas para crear empleos y reducir la pobreza, abogar\u00e1 de nuevo por la reforma migratoria y plantear\u00e1 sus retos en pol\u00edtica exterior. \"Ma\u00f1ana por la noche es","inLanguage":"es-ES","isPartOf":{"@id":"https:\/\/www.eldigitaldeasturias.com\/noticias\/#website"},"breadcrumb":{"@id":"https:\/\/www.eldigitaldeasturias.com\/noticias\/obama-ultima-su-discurso-ante-el-congreso-con-medidas-para-crear-empleos-y-reducir-la-pobreza\/#breadcrumblist"},"author":{"@id":"https:\/\/www.eldigitaldeasturias.com\/noticias\/author\/admin\/#author"},"creator":{"@id":"https:\/\/www.eldigitaldeasturias.com\/noticias\/author\/admin\/#author"},"image":{"@type":"ImageObject","url":"https:\/\/www.eldigitaldeasturias.com\/noticias\/wp-content\/uploads\/2026\/06\/Contenidos.jpg","@id":"https:\/\/www.eldigitaldeasturias.com\/noticias\/obama-ultima-su-discurso-ante-el-congreso-con-medidas-para-crear-empleos-y-reducir-la-pobreza\/#mainImage","width":1265,"height":697,"caption":"Contenidos"},"primaryImageOfPage":{"@id":"https:\/\/www.eldigitaldeasturias.com\/noticias\/obama-ultima-su-discurso-ante-el-congreso-con-medidas-para-crear-empleos-y-reducir-la-pobreza\/#mainImage"},"datePublished":"2014-01-29T00:01:24+01:00","dateModified":"2014-01-29T00:01:24+01:00"},{"@type":"WebSite","@id":"https:\/\/www.eldigitaldeasturias.com\/noticias\/#website","url":"https:\/\/www.eldigitaldeasturias.com\/noticias\/","name":"El Digital de Asturias - Diario de actualidad y noticias","alternateName":"El Digital de Asturias - Diario de actualidad y noticias","description":"Hemeroteca","inLanguage":"es-ES","publisher":{"@id":"https:\/\/www.eldigitaldeasturias.com\/noticias\/#organization"}}]},"og:locale":"es_ES","og:site_name":"El Digital de Asturias","og:type":"article","og:title":"Obama ultima su discurso ante el Congreso con medidas para crear empleos y reducir la pobreza - El Digital de Asturias","og:description":"Washington, 27 ene (EFE).- El presidente de EEUU, Barack Obama, ultimaba hoy la preparaci\u00f3n de su sexto discurso sobre el Estado de la Uni\u00f3n, en el que presentar\u00e1 medidas para crear empleos y reducir la pobreza, abogar\u00e1 de nuevo por la reforma migratoria y plantear\u00e1 sus retos en pol\u00edtica exterior. &quot;Ma\u00f1ana por la noche es","og:url":"https:\/\/www.eldigitaldeasturias.com\/noticias\/obama-ultima-su-discurso-ante-el-congreso-con-medidas-para-crear-empleos-y-reducir-la-pobreza\/","og:image":"https:\/\/www.eldigitaldeasturias.com\/noticias\/wp-content\/uploads\/2026\/06\/Contenidos.jpg","og:image:secure_url":"https:\/\/www.eldigitaldeasturias.com\/noticias\/wp-content\/uploads\/2026\/06\/Contenidos.jpg","og:image:width":1265,"og:image:height":697,"article:tag":["actualidad"],"article:published_time":"2014-01-29T01:01:24+00:00","article:modified_time":"2014-01-29T01:01:24+00:00","article:publisher":"https:\/\/facebook.com\/eldigitaldeasturias","twitter:card":"summary_large_image","twitter:title":"Obama ultima su discurso ante el Congreso con medidas para crear empleos y reducir la pobreza - El Digital de Asturias","twitter:description":"Washington, 27 ene (EFE).- El presidente de EEUU, Barack Obama, ultimaba hoy la preparaci\u00f3n de su sexto discurso sobre el Estado de la Uni\u00f3n, en el que presentar\u00e1 medidas para crear empleos y reducir la pobreza, abogar\u00e1 de nuevo por la reforma migratoria y plantear\u00e1 sus retos en pol\u00edtica exterior. &quot;Ma\u00f1ana por la noche es","twitter:image":"https:\/\/www.eldigitaldeasturias.com\/noticias\/wp-content\/uploads\/2026\/06\/Contenidos.jpg","twitter:label1":"Escrito por","twitter:data1":"El Digital de Asturias","twitter:label2":"Tiempo de lectura estimado","twitter:data2":"4 minutos"},"aioseo_meta_data":{"post_id":"479751","title":null,"description":null,"keywords":null,"keyphrases":null,"primary_term":null,"canonical_url":null,"og_title":null,"og_description":null,"og_object_type":"default","og_image_type":"default","og_image_url":null,"og_image_width":null,"og_image_height":null,"og_image_custom_url":null,"og_image_custom_fields":null,"og_video":null,"og_custom_url":null,"og_article_section":null,"og_article_tags":null,"twitter_use_og":true,"twitter_card":"default","twitter_image_type":"default","twitter_image_url":null,"twitter_image_custom_url":null,"twitter_image_custom_fields":null,"twitter_title":null,"twitter_description":null,"schema":{"blockGraphs":[],"customGraphs":[],"default":{"data":{"Article":[],"Course":[],"Dataset":[],"FAQPage":[],"Movie":[],"Person":[],"Product":[],"ProductReview":[],"Car":[],"Recipe":[],"Service":[],"SoftwareApplication":[],"WebPage":[]},"graphName":"","isEnabled":true},"graphs":[],"defaultGraph":"","defaultPostTypeGraph":""},"schema_type":null,"schema_type_options":null,"pillar_content":false,"robots_default":true,"robots_noindex":false,"robots_noarchive":false,"robots_nosnippet":false,"robots_nofollow":false,"robots_noimageindex":false,"robots_noodp":false,"robots_notranslate":false,"robots_max_snippet":null,"robots_max_videopreview":null,"robots_max_imagepreview":"none","priority":null,"frequency":null,"local_seo":null,"seo_analyzer_scan_date":"2026-06-02 01:30:18","breadcrumb_settings":null,"limit_modified_date":false,"open_ai":null,"ai":null,"created":"2020-11-14 22:54:06","updated":"2026-06-02 01:30:18","focus_keyword":null,"additional_keywords":null,"truseo_locale":null},"aioseo_breadcrumb":"<div class=\"aioseo-breadcrumbs\"><span class=\"aioseo-breadcrumb\">\n\t<a href=\"https:\/\/www.eldigitaldeasturias.com\/noticias\" title=\"Home\">Home<\/a>\n<\/span><span class=\"aioseo-breadcrumb-separator\">\u2013<\/span><span class=\"aioseo-breadcrumb\">\n\t<a href=\"https:\/\/www.eldigitaldeasturias.com\/noticias\/category\/actualidad\/\" title=\"Actualidad\">Actualidad<\/a>\n<\/span><span class=\"aioseo-breadcrumb-separator\">\u2013<\/span><span class=\"aioseo-breadcrumb\">\n\t<a href=\"https:\/\/www.eldigitaldeasturias.com\/noticias\/obama-ultima-su-discurso-ante-el-congreso-con-medidas-para-crear-empleos-y-reducir-la-pobreza\/\" title=\"Obama ultima su discurso ante el Congreso con medidas para crear empleos y reducir la pobreza\">Obama ultima su discurso ante el Congreso con medidas para crear empleos y reducir la pobreza<\/a>\n<\/span><\/div>","aioseo_breadcrumb_json":[{"label":"Home","link":"https:\/\/www.eldigitaldeasturias.com\/noticias"},{"label":"Actualidad","link":"https:\/\/www.eldigitaldeasturias.com\/noticias\/category\/actualidad\/"},{"label":"Obama ultima su discurso ante el Congreso con medidas para crear empleos y reducir la pobreza","link":"https:\/\/www.eldigitaldeasturias.com\/noticias\/obama-ultima-su-discurso-ante-el-congreso-con-medidas-para-crear-empleos-y-reducir-la-pobreza\/"}],"_links":{"self":[{"href":"https:\/\/www.eldigitaldeasturias.com\/noticias\/wp-json\/wp\/v2\/posts\/479751","targetHints":{"allow":["GET"]}}],"collection":[{"href":"https:\/\/www.eldigitaldeasturias.com\/noticias\/wp-json\/wp\/v2\/posts"}],"about":[{"href":"https:\/\/www.eldigitaldeasturias.com\/noticias\/wp-json\/wp\/v2\/types\/post"}],"author":[{"embeddable":true,"href":"https:\/\/www.eldigitaldeasturias.com\/noticias\/wp-json\/wp\/v2\/users\/1"}],"replies":[{"embeddable":true,"href":"https:\/\/www.eldigitaldeasturias.com\/noticias\/wp-json\/wp\/v2\/comments?post=479751"}],"version-history":[{"count":0,"href":"https:\/\/www.eldigitaldeasturias.com\/noticias\/wp-json\/wp\/v2\/posts\/479751\/revisions"}],"wp:featuredmedia":[{"embeddable":true,"href":"https:\/\/www.eldigitaldeasturias.com\/noticias\/wp-json\/wp\/v2\/media\/1132184"}],"wp:attachment":[{"href":"https:\/\/www.eldigitaldeasturias.com\/noticias\/wp-json\/wp\/v2\/media?parent=479751"}],"wp:term":[{"taxonomy":"category","embeddable":true,"href":"https:\/\/www.eldigitaldeasturias.com\/noticias\/wp-json\/wp\/v2\/categories?post=479751"},{"taxonomy":"post_tag","embeddable":true,"href":"https:\/\/www.eldigitaldeasturias.com\/noticias\/wp-json\/wp\/v2\/tags?post=479751"}],"curies":[{"name":"wp","href":"https:\/\/api.w.org\/{rel}","templated":true}]}}