{"id":479720,"date":"2014-01-28T20:31:12","date_gmt":"2014-01-28T21:31:12","guid":{"rendered":"http:\/\/www.eldigitaldeasturias.com\/noticias\/?p=479720"},"modified":"2014-01-28T20:31:12","modified_gmt":"2014-01-28T21:31:12","slug":"javier-fernandez-acusa-a-gobierno-central-de-dar-barra-libre-a-las-empresas","status":"publish","type":"post","link":"https:\/\/www.eldigitaldeasturias.com\/noticias\/javier-fernandez-acusa-a-gobierno-central-de-dar-barra-libre-a-las-empresas\/","title":{"rendered":"Javier Fern\u00e1ndez acusa a Gobierno central de dar \u00abbarra libre\u00bb a las empresas"},"content":{"rendered":"<p><img loading=\"lazy\" decoding=\"async\" class=\"alignleft size-medium wp-image-464753\" alt=\"2013_12_21 RP Presidente Principado 2\" src=\"https:\/\/www.eldigitaldeasturias.com\/noticias\/wp-content\/uploads\/2013\/12\/2013_12_21-RP-Presidente-Principado-2-360x232.jpg\" width=\"360\" height=\"232\" \/>Oviedo, 28 ene (EFE).- El presidente del Principado, Javier Fern\u00e1ndez, ha pedido hoy que a la hora de distribuir responsabilidades sobre las \u00abbondades\u00bb de la flexibilizaci\u00f3n laboral, aprobada por el Gobierno del PP, que \u00abse tenga muy en cuenta qui\u00e9nes han sido los que han otorgado barra libre\u00bb para determinadas decisiones empresariales.<\/p>\n<p>As\u00ed lo ha dicho durante su intervenci\u00f3n en el acto inaugural del XVII Punto de Encuentro Internacional que organiza la Sociedad de Promoci\u00f3n Exterior del Principado de Asturias (Asturex), que se celebra en Oviedo con la participaci\u00f3n de m\u00e1s de doscientas empresas.<\/p>\n<p>El presidente asturiano se ha preguntado si hoy estar\u00edamos \u00abtan preocupados\u00bb por el anuncio de cierre de la planta de Coca Cola de Colloto o de Tenneco en Gij\u00f3n \u00absin las facilidades que concede la reforma laboral\u00bb.<\/p>\n<p>\u00abNo son efectos achacables a un mercado an\u00f3nimo y ciego como una fuerza de la naturaleza, sino a responsables de decisiones concretas que se adoptan en el Consejo de Ministros y a quienes han apoyado en las Cortes estas reformas\u00bb, ha insistido.<\/p>\n<p>Javier Fern\u00e1ndez ha subrayado que los responsables del Gobierno regional son \u00abconscientes de las exigencias y oportunidades de la globalizaci\u00f3n\u00bb, y ha defendido la importancia que las exportaciones tienen para la econom\u00eda asturiana .<\/p>\n<p>De enero a noviembre de 2013, el volumen se elev\u00f3 a 3.342 millones, ha indicado, y ha a\u00f1adido que en el mismo per\u00edodo, Asturias registr\u00f3 un super\u00e1vit comercial de 245,5 millones. En total, de enero a octubre, con un n\u00famero de empresas exportadoras que totaliz\u00f3 1.708, un diez por ciento m\u00e1s que en igual plazo de 2012.<\/p>\n","protected":false},"excerpt":{"rendered":"<p>Oviedo, 28 ene (EFE).- El presidente del Principado, Javier Fern\u00e1ndez, ha pedido hoy que a la hora de distribuir responsabilidades sobre las \u00abbondades\u00bb de la flexibilizaci\u00f3n laboral, aprobada por el Gobierno del PP, que \u00abse tenga muy en cuenta qui\u00e9nes han sido los que han otorgado barra libre\u00bb para determinadas decisiones empresariales. As\u00ed lo ha [&hellip;]<\/p>\n","protected":false},"author":1,"featured_media":464753,"comment_status":"closed","ping_status":"open","sticky":false,"template":"","format":"standard","meta":{"footnotes":""},"categories":[1,12],"tags":[],"class_list":["post-479720","post","type-post","status-publish","format-standard","has-post-thumbnail","hentry","category-actualidad","category-actualidad-asturias"],"aioseo_notices":[],"aioseo_head":"\n\t\t<!-- All in One SEO Pro 5.0.1 - aioseo.com -->\n\t<meta name=\"description\" content=\"Oviedo, 28 ene (EFE).- El presidente del Principado, Javier Fern\u00e1ndez, ha pedido hoy que a la hora de distribuir responsabilidades sobre las &quot;bondades&quot; de la flexibilizaci\u00f3n laboral, aprobada por el Gobierno del PP, que &quot;se tenga muy en cuenta qui\u00e9nes han sido los que han otorgado barra libre&quot; para determinadas decisiones empresariales. As\u00ed lo ha\" \/>\n\t<meta name=\"robots\" content=\"max-image-preview:large\" \/>\n\t<meta name=\"author\" content=\"El Digital de Asturias\"\/>\n\t<meta name=\"google-site-verification\" content=\"UA-38556648-1\" \/>\n\t<meta name=\"msvalidate.01\" content=\"7dfe9f3f1b24437ab69f4f2559babe99\" \/>\n\t<meta name=\"keywords\" content=\"actualidad,actualidad asturias\" \/>\n\t<link rel=\"canonical\" href=\"https:\/\/www.eldigitaldeasturias.com\/noticias\/javier-fernandez-acusa-a-gobierno-central-de-dar-barra-libre-a-las-empresas\/\" \/>\n\t<meta name=\"generator\" content=\"All in One SEO Pro (AIOSEO) 5.0.1\" \/>\n\t\t<meta property=\"og:locale\" content=\"es_ES\" \/>\n\t\t<meta property=\"og:site_name\" content=\"El Digital de Asturias\" \/>\n\t\t<meta property=\"og:type\" content=\"article\" \/>\n\t\t<meta property=\"og:title\" content=\"Javier Fern\u00e1ndez acusa a Gobierno central de dar \u00abbarra libre\u00bb a las empresas - El Digital de Asturias\" \/>\n\t\t<meta property=\"og:description\" content=\"Oviedo, 28 ene (EFE).- El presidente del Principado, Javier Fern\u00e1ndez, ha pedido hoy que a la hora de distribuir responsabilidades sobre las &quot;bondades&quot; de la flexibilizaci\u00f3n laboral, aprobada por el Gobierno del PP, que &quot;se tenga muy en cuenta qui\u00e9nes han sido los que han otorgado barra libre&quot; para determinadas decisiones empresariales. As\u00ed lo ha\" \/>\n\t\t<meta property=\"og:url\" content=\"https:\/\/www.eldigitaldeasturias.com\/noticias\/javier-fernandez-acusa-a-gobierno-central-de-dar-barra-libre-a-las-empresas\/\" \/>\n\t\t<meta property=\"article:tag\" content=\"actualidad\" \/>\n\t\t<meta property=\"article:tag\" content=\"actualidad asturias\" \/>\n\t\t<meta property=\"article:published_time\" content=\"2014-01-28T21:31:12+00:00\" \/>\n\t\t<meta property=\"article:modified_time\" content=\"2014-01-28T21:31:12+00:00\" \/>\n\t\t<meta property=\"article:publisher\" content=\"https:\/\/facebook.com\/eldigitaldeasturias\" \/>\n\t\t<meta name=\"twitter:card\" content=\"summary_large_image\" \/>\n\t\t<meta name=\"twitter:title\" content=\"Javier Fern\u00e1ndez acusa a Gobierno central de dar \u00abbarra libre\u00bb a las empresas - El Digital de Asturias\" \/>\n\t\t<meta name=\"twitter:description\" content=\"Oviedo, 28 ene (EFE).- El presidente del Principado, Javier Fern\u00e1ndez, ha pedido hoy que a la hora de distribuir responsabilidades sobre las &quot;bondades&quot; de la flexibilizaci\u00f3n laboral, aprobada por el Gobierno del PP, que &quot;se tenga muy en cuenta qui\u00e9nes han sido los que han otorgado barra libre&quot; para determinadas decisiones empresariales. As\u00ed lo ha\" \/>\n\t\t<meta name=\"twitter:label1\" content=\"Escrito por\" \/>\n\t\t<meta name=\"twitter:data1\" content=\"El Digital de Asturias\" \/>\n\t\t<meta name=\"twitter:label2\" content=\"Tiempo de lectura estimado\" \/>\n\t\t<meta name=\"twitter:data2\" content=\"1 minuto\" \/>\n\t\t<script type=\"application\/ld+json\" class=\"aioseo-schema\">\n\t\t\t{\"@context\":\"https:\\\/\\\/schema.org\",\"@graph\":[{\"@type\":\"BlogPosting\",\"@id\":\"https:\\\/\\\/www.eldigitaldeasturias.com\\\/noticias\\\/javier-fernandez-acusa-a-gobierno-central-de-dar-barra-libre-a-las-empresas\\\/#blogposting\",\"name\":\"Javier Fern\\u00e1ndez acusa a Gobierno central de dar \\u00abbarra libre\\u00bb a las empresas - El Digital de Asturias\",\"headline\":\"Javier Fern\\u00e1ndez acusa a Gobierno central de dar \\u00abbarra libre\\u00bb a las empresas\",\"author\":{\"@id\":\"https:\\\/\\\/www.eldigitaldeasturias.com\\\/noticias\\\/author\\\/admin\\\/#author\"},\"publisher\":{\"@id\":\"https:\\\/\\\/www.eldigitaldeasturias.com\\\/noticias\\\/#organization\"},\"image\":{\"@type\":\"ImageObject\",\"url\":464753},\"datePublished\":\"2014-01-28T20:31:12+01:00\",\"dateModified\":\"2014-01-28T20:31:12+01:00\",\"inLanguage\":\"es-ES\",\"mainEntityOfPage\":{\"@id\":\"https:\\\/\\\/www.eldigitaldeasturias.com\\\/noticias\\\/javier-fernandez-acusa-a-gobierno-central-de-dar-barra-libre-a-las-empresas\\\/#webpage\"},\"isPartOf\":{\"@id\":\"https:\\\/\\\/www.eldigitaldeasturias.com\\\/noticias\\\/javier-fernandez-acusa-a-gobierno-central-de-dar-barra-libre-a-las-empresas\\\/#webpage\"},\"articleSection\":\"Actualidad, Actualidad Asturias\"},{\"@type\":\"BreadcrumbList\",\"@id\":\"https:\\\/\\\/www.eldigitaldeasturias.com\\\/noticias\\\/javier-fernandez-acusa-a-gobierno-central-de-dar-barra-libre-a-las-empresas\\\/#breadcrumblist\",\"itemListElement\":[{\"@type\":\"ListItem\",\"@id\":\"https:\\\/\\\/www.eldigitaldeasturias.com\\\/noticias#listItem\",\"position\":1,\"name\":\"Home\",\"item\":\"https:\\\/\\\/www.eldigitaldeasturias.com\\\/noticias\",\"nextItem\":{\"@type\":\"ListItem\",\"@id\":\"https:\\\/\\\/www.eldigitaldeasturias.com\\\/noticias\\\/category\\\/actualidad\\\/#listItem\",\"name\":\"Actualidad\"}},{\"@type\":\"ListItem\",\"@id\":\"https:\\\/\\\/www.eldigitaldeasturias.com\\\/noticias\\\/category\\\/actualidad\\\/#listItem\",\"position\":2,\"name\":\"Actualidad\",\"item\":\"https:\\\/\\\/www.eldigitaldeasturias.com\\\/noticias\\\/category\\\/actualidad\\\/\",\"nextItem\":{\"@type\":\"ListItem\",\"@id\":\"https:\\\/\\\/www.eldigitaldeasturias.com\\\/noticias\\\/javier-fernandez-acusa-a-gobierno-central-de-dar-barra-libre-a-las-empresas\\\/#listItem\",\"name\":\"Javier Fern\\u00e1ndez acusa a Gobierno central de dar \\u00abbarra libre\\u00bb a las empresas\"},\"previousItem\":{\"@type\":\"ListItem\",\"@id\":\"https:\\\/\\\/www.eldigitaldeasturias.com\\\/noticias#listItem\",\"name\":\"Home\"}},{\"@type\":\"ListItem\",\"@id\":\"https:\\\/\\\/www.eldigitaldeasturias.com\\\/noticias\\\/javier-fernandez-acusa-a-gobierno-central-de-dar-barra-libre-a-las-empresas\\\/#listItem\",\"position\":3,\"name\":\"Javier Fern\\u00e1ndez acusa a Gobierno central de dar \\u00abbarra libre\\u00bb a las empresas\",\"previousItem\":{\"@type\":\"ListItem\",\"@id\":\"https:\\\/\\\/www.eldigitaldeasturias.com\\\/noticias\\\/category\\\/actualidad\\\/#listItem\",\"name\":\"Actualidad\"}}]},{\"@type\":\"Organization\",\"@id\":\"https:\\\/\\\/www.eldigitaldeasturias.com\\\/noticias\\\/#organization\",\"name\":\"El Digital de Asturias\",\"description\":\"Hemeroteca\",\"url\":\"https:\\\/\\\/www.eldigitaldeasturias.com\\\/noticias\\\/\",\"email\":\"info@eldigitaldeasturias.com\",\"telephone\":\"+34652131393\",\"logo\":{\"@type\":\"ImageObject\",\"url\":\"https:\\\/\\\/www.eldigitaldeasturias.com\\\/noticias\\\/wp-content\\\/uploads\\\/2020\\\/12\\\/EDA.jpg\",\"@id\":\"https:\\\/\\\/www.eldigitaldeasturias.com\\\/noticias\\\/javier-fernandez-acusa-a-gobierno-central-de-dar-barra-libre-a-las-empresas\\\/#organizationLogo\"},\"image\":{\"@id\":\"https:\\\/\\\/www.eldigitaldeasturias.com\\\/noticias\\\/javier-fernandez-acusa-a-gobierno-central-de-dar-barra-libre-a-las-empresas\\\/#organizationLogo\"},\"sameAs\":[\"https:\\\/\\\/facebook.com\\\/eldigitaldeasturias\",\"https:\\\/\\\/www.youtube.com\\\/channel\\\/UCZP-2wLEB9Rv6erhFmqVnvg\"],\"address\":{\"@id\":\"https:\\\/\\\/www.eldigitaldeasturias.com\\\/noticias\\\/#postaladdress\",\"@type\":\"PostalAddress\",\"streetAddress\":\"san antonio 4\",\"postalCode\":\"33430\",\"addressLocality\":\"Cand\\u00e1s\",\"addressRegion\":\"Asturias\",\"addressCountry\":\"ES\"}},{\"@type\":\"Person\",\"@id\":\"https:\\\/\\\/www.eldigitaldeasturias.com\\\/noticias\\\/author\\\/admin\\\/#author\",\"url\":\"https:\\\/\\\/www.eldigitaldeasturias.com\\\/noticias\\\/author\\\/admin\\\/\",\"name\":\"El Digital de Asturias\",\"image\":{\"@type\":\"ImageObject\",\"@id\":\"https:\\\/\\\/www.eldigitaldeasturias.com\\\/noticias\\\/javier-fernandez-acusa-a-gobierno-central-de-dar-barra-libre-a-las-empresas\\\/#authorImage\",\"url\":\"https:\\\/\\\/secure.gravatar.com\\\/avatar\\\/df2aeffc32bcd13f8d26072ef8a91b623d677766deac7f97ca815868cd41bf5e?s=96&d=mm&r=g\",\"width\":96,\"height\":96,\"caption\":\"El Digital de Asturias\"}},{\"@type\":\"WebPage\",\"@id\":\"https:\\\/\\\/www.eldigitaldeasturias.com\\\/noticias\\\/javier-fernandez-acusa-a-gobierno-central-de-dar-barra-libre-a-las-empresas\\\/#webpage\",\"url\":\"https:\\\/\\\/www.eldigitaldeasturias.com\\\/noticias\\\/javier-fernandez-acusa-a-gobierno-central-de-dar-barra-libre-a-las-empresas\\\/\",\"name\":\"Javier Fern\\u00e1ndez acusa a Gobierno central de dar \\u00abbarra libre\\u00bb a las empresas - El Digital de Asturias\",\"description\":\"Oviedo, 28 ene (EFE).- El presidente del Principado, Javier Fern\\u00e1ndez, ha pedido hoy que a la hora de distribuir responsabilidades sobre las \\\"bondades\\\" de la flexibilizaci\\u00f3n laboral, aprobada por el Gobierno del PP, que \\\"se tenga muy en cuenta qui\\u00e9nes han sido los que han otorgado barra libre\\\" para determinadas decisiones empresariales. As\\u00ed lo ha\",\"inLanguage\":\"es-ES\",\"isPartOf\":{\"@id\":\"https:\\\/\\\/www.eldigitaldeasturias.com\\\/noticias\\\/#website\"},\"breadcrumb\":{\"@id\":\"https:\\\/\\\/www.eldigitaldeasturias.com\\\/noticias\\\/javier-fernandez-acusa-a-gobierno-central-de-dar-barra-libre-a-las-empresas\\\/#breadcrumblist\"},\"author\":{\"@id\":\"https:\\\/\\\/www.eldigitaldeasturias.com\\\/noticias\\\/author\\\/admin\\\/#author\"},\"creator\":{\"@id\":\"https:\\\/\\\/www.eldigitaldeasturias.com\\\/noticias\\\/author\\\/admin\\\/#author\"},\"image\":{\"@type\":\"ImageObject\",\"url\":464753,\"@id\":\"https:\\\/\\\/www.eldigitaldeasturias.com\\\/noticias\\\/javier-fernandez-acusa-a-gobierno-central-de-dar-barra-libre-a-las-empresas\\\/#mainImage\"},\"primaryImageOfPage\":{\"@id\":\"https:\\\/\\\/www.eldigitaldeasturias.com\\\/noticias\\\/javier-fernandez-acusa-a-gobierno-central-de-dar-barra-libre-a-las-empresas\\\/#mainImage\"},\"datePublished\":\"2014-01-28T20:31:12+01:00\",\"dateModified\":\"2014-01-28T20:31:12+01:00\"},{\"@type\":\"WebSite\",\"@id\":\"https:\\\/\\\/www.eldigitaldeasturias.com\\\/noticias\\\/#website\",\"url\":\"https:\\\/\\\/www.eldigitaldeasturias.com\\\/noticias\\\/\",\"name\":\"El Digital de Asturias - Diario de actualidad y noticias\",\"alternateName\":\"El Digital de Asturias - Diario de actualidad y noticias\",\"description\":\"Hemeroteca\",\"inLanguage\":\"es-ES\",\"publisher\":{\"@id\":\"https:\\\/\\\/www.eldigitaldeasturias.com\\\/noticias\\\/#organization\"}}]}\n\t\t<\/script>\n\t\t<!-- All in One SEO Pro -->\r\n\t\t<title>Javier Fern\u00e1ndez acusa a Gobierno central de dar \u00abbarra libre\u00bb a las empresas - El Digital de Asturias<\/title>\n\n","aioseo_head_json":{"title":"Javier Fern\u00e1ndez acusa a Gobierno central de dar \u00abbarra libre\u00bb a las empresas - El Digital de Asturias","description":"Oviedo, 28 ene (EFE).- El presidente del Principado, Javier Fern\u00e1ndez, ha pedido hoy que a la hora de distribuir responsabilidades sobre las \"bondades\" de la flexibilizaci\u00f3n laboral, aprobada por el Gobierno del PP, que \"se tenga muy en cuenta qui\u00e9nes han sido los que han otorgado barra libre\" para determinadas decisiones empresariales. As\u00ed lo ha","canonical_url":"https:\/\/www.eldigitaldeasturias.com\/noticias\/javier-fernandez-acusa-a-gobierno-central-de-dar-barra-libre-a-las-empresas\/","robots":"max-image-preview:large","keywords":"actualidad,actualidad asturias","webmasterTools":{"google-site-verification":"UA-38556648-1","msvalidate.01":"7dfe9f3f1b24437ab69f4f2559babe99","miscellaneous":""},"schema":{"@context":"https:\/\/schema.org","@graph":[{"@type":"BlogPosting","@id":"https:\/\/www.eldigitaldeasturias.com\/noticias\/javier-fernandez-acusa-a-gobierno-central-de-dar-barra-libre-a-las-empresas\/#blogposting","name":"Javier Fern\u00e1ndez acusa a Gobierno central de dar \u00abbarra libre\u00bb a las empresas - El Digital de Asturias","headline":"Javier Fern\u00e1ndez acusa a Gobierno central de dar \u00abbarra libre\u00bb a las empresas","author":{"@id":"https:\/\/www.eldigitaldeasturias.com\/noticias\/author\/admin\/#author"},"publisher":{"@id":"https:\/\/www.eldigitaldeasturias.com\/noticias\/#organization"},"image":{"@type":"ImageObject","url":464753},"datePublished":"2014-01-28T20:31:12+01:00","dateModified":"2014-01-28T20:31:12+01:00","inLanguage":"es-ES","mainEntityOfPage":{"@id":"https:\/\/www.eldigitaldeasturias.com\/noticias\/javier-fernandez-acusa-a-gobierno-central-de-dar-barra-libre-a-las-empresas\/#webpage"},"isPartOf":{"@id":"https:\/\/www.eldigitaldeasturias.com\/noticias\/javier-fernandez-acusa-a-gobierno-central-de-dar-barra-libre-a-las-empresas\/#webpage"},"articleSection":"Actualidad, Actualidad Asturias"},{"@type":"BreadcrumbList","@id":"https:\/\/www.eldigitaldeasturias.com\/noticias\/javier-fernandez-acusa-a-gobierno-central-de-dar-barra-libre-a-las-empresas\/#breadcrumblist","itemListElement":[{"@type":"ListItem","@id":"https:\/\/www.eldigitaldeasturias.com\/noticias#listItem","position":1,"name":"Home","item":"https:\/\/www.eldigitaldeasturias.com\/noticias","nextItem":{"@type":"ListItem","@id":"https:\/\/www.eldigitaldeasturias.com\/noticias\/category\/actualidad\/#listItem","name":"Actualidad"}},{"@type":"ListItem","@id":"https:\/\/www.eldigitaldeasturias.com\/noticias\/category\/actualidad\/#listItem","position":2,"name":"Actualidad","item":"https:\/\/www.eldigitaldeasturias.com\/noticias\/category\/actualidad\/","nextItem":{"@type":"ListItem","@id":"https:\/\/www.eldigitaldeasturias.com\/noticias\/javier-fernandez-acusa-a-gobierno-central-de-dar-barra-libre-a-las-empresas\/#listItem","name":"Javier Fern\u00e1ndez acusa a Gobierno central de dar \u00abbarra libre\u00bb a las empresas"},"previousItem":{"@type":"ListItem","@id":"https:\/\/www.eldigitaldeasturias.com\/noticias#listItem","name":"Home"}},{"@type":"ListItem","@id":"https:\/\/www.eldigitaldeasturias.com\/noticias\/javier-fernandez-acusa-a-gobierno-central-de-dar-barra-libre-a-las-empresas\/#listItem","position":3,"name":"Javier Fern\u00e1ndez acusa a Gobierno central de dar \u00abbarra libre\u00bb a las empresas","previousItem":{"@type":"ListItem","@id":"https:\/\/www.eldigitaldeasturias.com\/noticias\/category\/actualidad\/#listItem","name":"Actualidad"}}]},{"@type":"Organization","@id":"https:\/\/www.eldigitaldeasturias.com\/noticias\/#organization","name":"El Digital de Asturias","description":"Hemeroteca","url":"https:\/\/www.eldigitaldeasturias.com\/noticias\/","email":"info@eldigitaldeasturias.com","telephone":"+34652131393","logo":{"@type":"ImageObject","url":"https:\/\/www.eldigitaldeasturias.com\/noticias\/wp-content\/uploads\/2020\/12\/EDA.jpg","@id":"https:\/\/www.eldigitaldeasturias.com\/noticias\/javier-fernandez-acusa-a-gobierno-central-de-dar-barra-libre-a-las-empresas\/#organizationLogo"},"image":{"@id":"https:\/\/www.eldigitaldeasturias.com\/noticias\/javier-fernandez-acusa-a-gobierno-central-de-dar-barra-libre-a-las-empresas\/#organizationLogo"},"sameAs":["https:\/\/facebook.com\/eldigitaldeasturias","https:\/\/www.youtube.com\/channel\/UCZP-2wLEB9Rv6erhFmqVnvg"],"address":{"@id":"https:\/\/www.eldigitaldeasturias.com\/noticias\/#postaladdress","@type":"PostalAddress","streetAddress":"san antonio 4","postalCode":"33430","addressLocality":"Cand\u00e1s","addressRegion":"Asturias","addressCountry":"ES"}},{"@type":"Person","@id":"https:\/\/www.eldigitaldeasturias.com\/noticias\/author\/admin\/#author","url":"https:\/\/www.eldigitaldeasturias.com\/noticias\/author\/admin\/","name":"El Digital de Asturias","image":{"@type":"ImageObject","@id":"https:\/\/www.eldigitaldeasturias.com\/noticias\/javier-fernandez-acusa-a-gobierno-central-de-dar-barra-libre-a-las-empresas\/#authorImage","url":"https:\/\/secure.gravatar.com\/avatar\/df2aeffc32bcd13f8d26072ef8a91b623d677766deac7f97ca815868cd41bf5e?s=96&d=mm&r=g","width":96,"height":96,"caption":"El Digital de Asturias"}},{"@type":"WebPage","@id":"https:\/\/www.eldigitaldeasturias.com\/noticias\/javier-fernandez-acusa-a-gobierno-central-de-dar-barra-libre-a-las-empresas\/#webpage","url":"https:\/\/www.eldigitaldeasturias.com\/noticias\/javier-fernandez-acusa-a-gobierno-central-de-dar-barra-libre-a-las-empresas\/","name":"Javier Fern\u00e1ndez acusa a Gobierno central de dar \u00abbarra libre\u00bb a las empresas - El Digital de Asturias","description":"Oviedo, 28 ene (EFE).- El presidente del Principado, Javier Fern\u00e1ndez, ha pedido hoy que a la hora de distribuir responsabilidades sobre las \"bondades\" de la flexibilizaci\u00f3n laboral, aprobada por el Gobierno del PP, que \"se tenga muy en cuenta qui\u00e9nes han sido los que han otorgado barra libre\" para determinadas decisiones empresariales. As\u00ed lo ha","inLanguage":"es-ES","isPartOf":{"@id":"https:\/\/www.eldigitaldeasturias.com\/noticias\/#website"},"breadcrumb":{"@id":"https:\/\/www.eldigitaldeasturias.com\/noticias\/javier-fernandez-acusa-a-gobierno-central-de-dar-barra-libre-a-las-empresas\/#breadcrumblist"},"author":{"@id":"https:\/\/www.eldigitaldeasturias.com\/noticias\/author\/admin\/#author"},"creator":{"@id":"https:\/\/www.eldigitaldeasturias.com\/noticias\/author\/admin\/#author"},"image":{"@type":"ImageObject","url":464753,"@id":"https:\/\/www.eldigitaldeasturias.com\/noticias\/javier-fernandez-acusa-a-gobierno-central-de-dar-barra-libre-a-las-empresas\/#mainImage"},"primaryImageOfPage":{"@id":"https:\/\/www.eldigitaldeasturias.com\/noticias\/javier-fernandez-acusa-a-gobierno-central-de-dar-barra-libre-a-las-empresas\/#mainImage"},"datePublished":"2014-01-28T20:31:12+01:00","dateModified":"2014-01-28T20:31:12+01:00"},{"@type":"WebSite","@id":"https:\/\/www.eldigitaldeasturias.com\/noticias\/#website","url":"https:\/\/www.eldigitaldeasturias.com\/noticias\/","name":"El Digital de Asturias - Diario de actualidad y noticias","alternateName":"El Digital de Asturias - Diario de actualidad y noticias","description":"Hemeroteca","inLanguage":"es-ES","publisher":{"@id":"https:\/\/www.eldigitaldeasturias.com\/noticias\/#organization"}}]},"og:locale":"es_ES","og:site_name":"El Digital de Asturias","og:type":"article","og:title":"Javier Fern\u00e1ndez acusa a Gobierno central de dar \u00abbarra libre\u00bb a las empresas - El Digital de Asturias","og:description":"Oviedo, 28 ene (EFE).- El presidente del Principado, Javier Fern\u00e1ndez, ha pedido hoy que a la hora de distribuir responsabilidades sobre las &quot;bondades&quot; de la flexibilizaci\u00f3n laboral, aprobada por el Gobierno del PP, que &quot;se tenga muy en cuenta qui\u00e9nes han sido los que han otorgado barra libre&quot; para determinadas decisiones empresariales. As\u00ed lo ha","og:url":"https:\/\/www.eldigitaldeasturias.com\/noticias\/javier-fernandez-acusa-a-gobierno-central-de-dar-barra-libre-a-las-empresas\/","article:tag":["actualidad","actualidad asturias"],"article:published_time":"2014-01-28T21:31:12+00:00","article:modified_time":"2014-01-28T21:31:12+00:00","article:publisher":"https:\/\/facebook.com\/eldigitaldeasturias","twitter:card":"summary_large_image","twitter:title":"Javier Fern\u00e1ndez acusa a Gobierno central de dar \u00abbarra libre\u00bb a las empresas - El Digital de Asturias","twitter:description":"Oviedo, 28 ene (EFE).- El presidente del Principado, Javier Fern\u00e1ndez, ha pedido hoy que a la hora de distribuir responsabilidades sobre las &quot;bondades&quot; de la flexibilizaci\u00f3n laboral, aprobada por el Gobierno del PP, que &quot;se tenga muy en cuenta qui\u00e9nes han sido los que han otorgado barra libre&quot; para determinadas decisiones empresariales. As\u00ed lo ha","twitter:label1":"Escrito por","twitter:data1":"El Digital de Asturias","twitter:label2":"Tiempo de lectura estimado","twitter:data2":"1 minuto"},"aioseo_meta_data":{"post_id":"479720","title":null,"description":null,"keywords":null,"keyphrases":null,"primary_term":null,"canonical_url":null,"og_title":null,"og_description":null,"og_object_type":"default","og_image_type":"default","og_image_url":null,"og_image_width":null,"og_image_height":null,"og_image_custom_url":null,"og_image_custom_fields":null,"og_video":null,"og_custom_url":null,"og_article_section":null,"og_article_tags":null,"twitter_use_og":true,"twitter_card":"default","twitter_image_type":"default","twitter_image_url":null,"twitter_image_custom_url":null,"twitter_image_custom_fields":null,"twitter_title":null,"twitter_description":null,"schema":{"blockGraphs":[],"customGraphs":[],"default":{"data":{"Article":[],"Course":[],"Dataset":[],"FAQPage":[],"Movie":[],"Person":[],"Product":[],"ProductReview":[],"Car":[],"Recipe":[],"Service":[],"SoftwareApplication":[],"WebPage":[]},"graphName":"","isEnabled":true},"graphs":[],"defaultGraph":"","defaultPostTypeGraph":""},"schema_type":null,"schema_type_options":null,"pillar_content":false,"robots_default":true,"robots_noindex":false,"robots_noarchive":false,"robots_nosnippet":false,"robots_nofollow":false,"robots_noimageindex":false,"robots_noodp":false,"robots_notranslate":false,"robots_max_snippet":null,"robots_max_videopreview":null,"robots_max_imagepreview":"none","priority":null,"frequency":null,"local_seo":null,"seo_analyzer_scan_date":"2026-06-02 01:23:56","breadcrumb_settings":null,"limit_modified_date":false,"open_ai":null,"ai":null,"created":"2020-11-14 22:54:06","updated":"2026-06-02 01:23:56","focus_keyword":null,"additional_keywords":null,"truseo_locale":null},"aioseo_breadcrumb":"<div class=\"aioseo-breadcrumbs\"><span class=\"aioseo-breadcrumb\">\n\t<a href=\"https:\/\/www.eldigitaldeasturias.com\/noticias\" title=\"Home\">Home<\/a>\n<\/span><span class=\"aioseo-breadcrumb-separator\">\u2013<\/span><span class=\"aioseo-breadcrumb\">\n\t<a href=\"https:\/\/www.eldigitaldeasturias.com\/noticias\/category\/actualidad\/\" title=\"Actualidad\">Actualidad<\/a>\n<\/span><span class=\"aioseo-breadcrumb-separator\">\u2013<\/span><span class=\"aioseo-breadcrumb\">\n\t<a href=\"https:\/\/www.eldigitaldeasturias.com\/noticias\/javier-fernandez-acusa-a-gobierno-central-de-dar-barra-libre-a-las-empresas\/\" title=\"Javier Fern\u00e1ndez acusa a Gobierno central de dar \u00abbarra libre\u00bb a las empresas\">Javier Fern\u00e1ndez acusa a Gobierno central de dar \u00abbarra libre\u00bb a las empresas<\/a>\n<\/span><\/div>","aioseo_breadcrumb_json":[{"label":"Home","link":"https:\/\/www.eldigitaldeasturias.com\/noticias"},{"label":"Actualidad","link":"https:\/\/www.eldigitaldeasturias.com\/noticias\/category\/actualidad\/"},{"label":"Javier Fern\u00e1ndez acusa a Gobierno central de dar \u00abbarra libre\u00bb a las empresas","link":"https:\/\/www.eldigitaldeasturias.com\/noticias\/javier-fernandez-acusa-a-gobierno-central-de-dar-barra-libre-a-las-empresas\/"}],"_links":{"self":[{"href":"https:\/\/www.eldigitaldeasturias.com\/noticias\/wp-json\/wp\/v2\/posts\/479720","targetHints":{"allow":["GET"]}}],"collection":[{"href":"https:\/\/www.eldigitaldeasturias.com\/noticias\/wp-json\/wp\/v2\/posts"}],"about":[{"href":"https:\/\/www.eldigitaldeasturias.com\/noticias\/wp-json\/wp\/v2\/types\/post"}],"author":[{"embeddable":true,"href":"https:\/\/www.eldigitaldeasturias.com\/noticias\/wp-json\/wp\/v2\/users\/1"}],"replies":[{"embeddable":true,"href":"https:\/\/www.eldigitaldeasturias.com\/noticias\/wp-json\/wp\/v2\/comments?post=479720"}],"version-history":[{"count":0,"href":"https:\/\/www.eldigitaldeasturias.com\/noticias\/wp-json\/wp\/v2\/posts\/479720\/revisions"}],"wp:attachment":[{"href":"https:\/\/www.eldigitaldeasturias.com\/noticias\/wp-json\/wp\/v2\/media?parent=479720"}],"wp:term":[{"taxonomy":"category","embeddable":true,"href":"https:\/\/www.eldigitaldeasturias.com\/noticias\/wp-json\/wp\/v2\/categories?post=479720"},{"taxonomy":"post_tag","embeddable":true,"href":"https:\/\/www.eldigitaldeasturias.com\/noticias\/wp-json\/wp\/v2\/tags?post=479720"}],"curies":[{"name":"wp","href":"https:\/\/api.w.org\/{rel}","templated":true}]}}