{"id":479718,"date":"2014-01-28T20:28:54","date_gmt":"2014-01-28T21:28:54","guid":{"rendered":"http:\/\/www.eldigitaldeasturias.com\/noticias\/?p=479718"},"modified":"2014-01-28T20:28:58","modified_gmt":"2014-01-28T21:28:58","slug":"asturias-entra-en-alerta-roja-por-fenomenos-costeros","status":"publish","type":"post","link":"https:\/\/www.eldigitaldeasturias.com\/noticias\/asturias-entra-en-alerta-roja-por-fenomenos-costeros\/","title":{"rendered":"Asturias entra en alerta roja por fen\u00f3menos costeros"},"content":{"rendered":"<p><img loading=\"lazy\" decoding=\"async\" class=\"alignleft size-medium wp-image-469759\" alt=\"olas\" src=\"https:\/\/www.eldigitaldeasturias.com\/noticias\/wp-content\/uploads\/2014\/01\/olas-360x276.jpg\" width=\"360\" height=\"276\" \/>Oviedo, 28 ene (EFE).- La Agencia Estatal de Meteorolog\u00eda ha activado a las 10.00 horas la alerta roja por fen\u00f3menos costeros en el litoral asturiano, por olas de hasta nueve metros.<\/p>\n<p>Seg\u00fan informa la Aemet en su p\u00e1gina web, Asturias registrar\u00e1 vientos costeros del oeste de fuerza 8 arreciando a 8 o 9 y olas de entre los 8 y 9 metros en las horas centrales del d\u00eda.<\/p>\n<p>La alerta roja, que indica riesgo extremo, se prolongar\u00e1 hasta las 19.00 horas, cuando pasar\u00e1 a naranja (riesgo importante), hasta las 18.00 horas de ma\u00f1ana.<\/p>\n<p>La alerta roja por fen\u00f3menos costeros tambi\u00e9n ha quedado activada en Galicia, Cantabria y Pa\u00eds Vasco.<\/p>\n<p>Adem\u00e1s, Asturias permanece en alerta amarilla por nevadas en la Suroccidental y por vientos de 100 kil\u00f3metros por hora en el litoral, la Cordillera, los Picos de Europa y la Suroccidental.<\/p>\n","protected":false},"excerpt":{"rendered":"<p>Oviedo, 28 ene (EFE).- La Agencia Estatal de Meteorolog\u00eda ha activado a las 10.00 horas la alerta roja por fen\u00f3menos costeros en el litoral asturiano, por olas de hasta nueve metros. Seg\u00fan informa la Aemet en su p\u00e1gina web, Asturias registrar\u00e1 vientos costeros del oeste de fuerza 8 arreciando a 8 o 9 y olas [&hellip;]<\/p>\n","protected":false},"author":1,"featured_media":469759,"comment_status":"closed","ping_status":"open","sticky":false,"template":"","format":"standard","meta":{"footnotes":""},"categories":[1,12],"tags":[],"class_list":["post-479718","post","type-post","status-publish","format-standard","has-post-thumbnail","hentry","category-actualidad","category-actualidad-asturias"],"aioseo_notices":[],"aioseo_head":"\n\t\t<!-- All in One SEO Pro 5.0.1 - aioseo.com -->\n\t<meta name=\"description\" content=\"Oviedo, 28 ene (EFE).- La Agencia Estatal de Meteorolog\u00eda ha activado a las 10.00 horas la alerta roja por fen\u00f3menos costeros en el litoral asturiano, por olas de hasta nueve metros. Seg\u00fan informa la Aemet en su p\u00e1gina web, Asturias registrar\u00e1 vientos costeros del oeste de fuerza 8 arreciando a 8 o 9 y olas\" \/>\n\t<meta name=\"robots\" content=\"max-image-preview:large\" \/>\n\t<meta name=\"author\" content=\"El Digital de Asturias\"\/>\n\t<meta name=\"google-site-verification\" content=\"UA-38556648-1\" \/>\n\t<meta name=\"msvalidate.01\" content=\"7dfe9f3f1b24437ab69f4f2559babe99\" \/>\n\t<meta name=\"keywords\" content=\"actualidad,actualidad asturias\" \/>\n\t<link rel=\"canonical\" href=\"https:\/\/www.eldigitaldeasturias.com\/noticias\/asturias-entra-en-alerta-roja-por-fenomenos-costeros\/\" \/>\n\t<meta name=\"generator\" content=\"All in One SEO Pro (AIOSEO) 5.0.1\" \/>\n\t\t<meta property=\"og:locale\" content=\"es_ES\" \/>\n\t\t<meta property=\"og:site_name\" content=\"El Digital de Asturias\" \/>\n\t\t<meta property=\"og:type\" content=\"article\" \/>\n\t\t<meta property=\"og:title\" content=\"Asturias entra en alerta roja por fen\u00f3menos costeros - El Digital de Asturias\" \/>\n\t\t<meta property=\"og:description\" content=\"Oviedo, 28 ene (EFE).- La Agencia Estatal de Meteorolog\u00eda ha activado a las 10.00 horas la alerta roja por fen\u00f3menos costeros en el litoral asturiano, por olas de hasta nueve metros. Seg\u00fan informa la Aemet en su p\u00e1gina web, Asturias registrar\u00e1 vientos costeros del oeste de fuerza 8 arreciando a 8 o 9 y olas\" \/>\n\t\t<meta property=\"og:url\" content=\"https:\/\/www.eldigitaldeasturias.com\/noticias\/asturias-entra-en-alerta-roja-por-fenomenos-costeros\/\" \/>\n\t\t<meta property=\"article:tag\" content=\"actualidad\" \/>\n\t\t<meta property=\"article:tag\" content=\"actualidad asturias\" \/>\n\t\t<meta property=\"article:published_time\" content=\"2014-01-28T21:28:54+00:00\" \/>\n\t\t<meta property=\"article:modified_time\" content=\"2014-01-28T21:28:58+00:00\" \/>\n\t\t<meta property=\"article:publisher\" content=\"https:\/\/facebook.com\/eldigitaldeasturias\" \/>\n\t\t<meta name=\"twitter:card\" content=\"summary_large_image\" \/>\n\t\t<meta name=\"twitter:title\" content=\"Asturias entra en alerta roja por fen\u00f3menos costeros - El Digital de Asturias\" \/>\n\t\t<meta name=\"twitter:description\" content=\"Oviedo, 28 ene (EFE).- La Agencia Estatal de Meteorolog\u00eda ha activado a las 10.00 horas la alerta roja por fen\u00f3menos costeros en el litoral asturiano, por olas de hasta nueve metros. Seg\u00fan informa la Aemet en su p\u00e1gina web, Asturias registrar\u00e1 vientos costeros del oeste de fuerza 8 arreciando a 8 o 9 y olas\" \/>\n\t\t<meta name=\"twitter:label1\" content=\"Escrito por\" \/>\n\t\t<meta name=\"twitter:data1\" content=\"El Digital de Asturias\" \/>\n\t\t<meta name=\"twitter:label2\" content=\"Tiempo de lectura estimado\" \/>\n\t\t<meta name=\"twitter:data2\" content=\"1 minuto\" \/>\n\t\t<script type=\"application\/ld+json\" class=\"aioseo-schema\">\n\t\t\t{\"@context\":\"https:\\\/\\\/schema.org\",\"@graph\":[{\"@type\":\"BlogPosting\",\"@id\":\"https:\\\/\\\/www.eldigitaldeasturias.com\\\/noticias\\\/asturias-entra-en-alerta-roja-por-fenomenos-costeros\\\/#blogposting\",\"name\":\"Asturias entra en alerta roja por fen\\u00f3menos costeros - El Digital de Asturias\",\"headline\":\"Asturias entra en alerta roja por fen\\u00f3menos costeros\",\"author\":{\"@id\":\"https:\\\/\\\/www.eldigitaldeasturias.com\\\/noticias\\\/author\\\/admin\\\/#author\"},\"publisher\":{\"@id\":\"https:\\\/\\\/www.eldigitaldeasturias.com\\\/noticias\\\/#organization\"},\"image\":{\"@type\":\"ImageObject\",\"url\":469759},\"datePublished\":\"2014-01-28T20:28:54+01:00\",\"dateModified\":\"2014-01-28T20:28:58+01:00\",\"inLanguage\":\"es-ES\",\"mainEntityOfPage\":{\"@id\":\"https:\\\/\\\/www.eldigitaldeasturias.com\\\/noticias\\\/asturias-entra-en-alerta-roja-por-fenomenos-costeros\\\/#webpage\"},\"isPartOf\":{\"@id\":\"https:\\\/\\\/www.eldigitaldeasturias.com\\\/noticias\\\/asturias-entra-en-alerta-roja-por-fenomenos-costeros\\\/#webpage\"},\"articleSection\":\"Actualidad, Actualidad Asturias\"},{\"@type\":\"BreadcrumbList\",\"@id\":\"https:\\\/\\\/www.eldigitaldeasturias.com\\\/noticias\\\/asturias-entra-en-alerta-roja-por-fenomenos-costeros\\\/#breadcrumblist\",\"itemListElement\":[{\"@type\":\"ListItem\",\"@id\":\"https:\\\/\\\/www.eldigitaldeasturias.com\\\/noticias#listItem\",\"position\":1,\"name\":\"Home\",\"item\":\"https:\\\/\\\/www.eldigitaldeasturias.com\\\/noticias\",\"nextItem\":{\"@type\":\"ListItem\",\"@id\":\"https:\\\/\\\/www.eldigitaldeasturias.com\\\/noticias\\\/category\\\/actualidad\\\/#listItem\",\"name\":\"Actualidad\"}},{\"@type\":\"ListItem\",\"@id\":\"https:\\\/\\\/www.eldigitaldeasturias.com\\\/noticias\\\/category\\\/actualidad\\\/#listItem\",\"position\":2,\"name\":\"Actualidad\",\"item\":\"https:\\\/\\\/www.eldigitaldeasturias.com\\\/noticias\\\/category\\\/actualidad\\\/\",\"nextItem\":{\"@type\":\"ListItem\",\"@id\":\"https:\\\/\\\/www.eldigitaldeasturias.com\\\/noticias\\\/asturias-entra-en-alerta-roja-por-fenomenos-costeros\\\/#listItem\",\"name\":\"Asturias entra en alerta roja por fen\\u00f3menos costeros\"},\"previousItem\":{\"@type\":\"ListItem\",\"@id\":\"https:\\\/\\\/www.eldigitaldeasturias.com\\\/noticias#listItem\",\"name\":\"Home\"}},{\"@type\":\"ListItem\",\"@id\":\"https:\\\/\\\/www.eldigitaldeasturias.com\\\/noticias\\\/asturias-entra-en-alerta-roja-por-fenomenos-costeros\\\/#listItem\",\"position\":3,\"name\":\"Asturias entra en alerta roja por fen\\u00f3menos costeros\",\"previousItem\":{\"@type\":\"ListItem\",\"@id\":\"https:\\\/\\\/www.eldigitaldeasturias.com\\\/noticias\\\/category\\\/actualidad\\\/#listItem\",\"name\":\"Actualidad\"}}]},{\"@type\":\"Organization\",\"@id\":\"https:\\\/\\\/www.eldigitaldeasturias.com\\\/noticias\\\/#organization\",\"name\":\"El Digital de Asturias\",\"description\":\"Hemeroteca\",\"url\":\"https:\\\/\\\/www.eldigitaldeasturias.com\\\/noticias\\\/\",\"email\":\"info@eldigitaldeasturias.com\",\"telephone\":\"+34652131393\",\"logo\":{\"@type\":\"ImageObject\",\"url\":\"https:\\\/\\\/www.eldigitaldeasturias.com\\\/noticias\\\/wp-content\\\/uploads\\\/2020\\\/12\\\/EDA.jpg\",\"@id\":\"https:\\\/\\\/www.eldigitaldeasturias.com\\\/noticias\\\/asturias-entra-en-alerta-roja-por-fenomenos-costeros\\\/#organizationLogo\"},\"image\":{\"@id\":\"https:\\\/\\\/www.eldigitaldeasturias.com\\\/noticias\\\/asturias-entra-en-alerta-roja-por-fenomenos-costeros\\\/#organizationLogo\"},\"sameAs\":[\"https:\\\/\\\/facebook.com\\\/eldigitaldeasturias\",\"https:\\\/\\\/www.youtube.com\\\/channel\\\/UCZP-2wLEB9Rv6erhFmqVnvg\"],\"address\":{\"@id\":\"https:\\\/\\\/www.eldigitaldeasturias.com\\\/noticias\\\/#postaladdress\",\"@type\":\"PostalAddress\",\"streetAddress\":\"san antonio 4\",\"postalCode\":\"33430\",\"addressLocality\":\"Cand\\u00e1s\",\"addressRegion\":\"Asturias\",\"addressCountry\":\"ES\"}},{\"@type\":\"Person\",\"@id\":\"https:\\\/\\\/www.eldigitaldeasturias.com\\\/noticias\\\/author\\\/admin\\\/#author\",\"url\":\"https:\\\/\\\/www.eldigitaldeasturias.com\\\/noticias\\\/author\\\/admin\\\/\",\"name\":\"El Digital de Asturias\",\"image\":{\"@type\":\"ImageObject\",\"@id\":\"https:\\\/\\\/www.eldigitaldeasturias.com\\\/noticias\\\/asturias-entra-en-alerta-roja-por-fenomenos-costeros\\\/#authorImage\",\"url\":\"https:\\\/\\\/secure.gravatar.com\\\/avatar\\\/df2aeffc32bcd13f8d26072ef8a91b623d677766deac7f97ca815868cd41bf5e?s=96&d=mm&r=g\",\"width\":96,\"height\":96,\"caption\":\"El Digital de Asturias\"}},{\"@type\":\"WebPage\",\"@id\":\"https:\\\/\\\/www.eldigitaldeasturias.com\\\/noticias\\\/asturias-entra-en-alerta-roja-por-fenomenos-costeros\\\/#webpage\",\"url\":\"https:\\\/\\\/www.eldigitaldeasturias.com\\\/noticias\\\/asturias-entra-en-alerta-roja-por-fenomenos-costeros\\\/\",\"name\":\"Asturias entra en alerta roja por fen\\u00f3menos costeros - El Digital de Asturias\",\"description\":\"Oviedo, 28 ene (EFE).- La Agencia Estatal de Meteorolog\\u00eda ha activado a las 10.00 horas la alerta roja por fen\\u00f3menos costeros en el litoral asturiano, por olas de hasta nueve metros. Seg\\u00fan informa la Aemet en su p\\u00e1gina web, Asturias registrar\\u00e1 vientos costeros del oeste de fuerza 8 arreciando a 8 o 9 y olas\",\"inLanguage\":\"es-ES\",\"isPartOf\":{\"@id\":\"https:\\\/\\\/www.eldigitaldeasturias.com\\\/noticias\\\/#website\"},\"breadcrumb\":{\"@id\":\"https:\\\/\\\/www.eldigitaldeasturias.com\\\/noticias\\\/asturias-entra-en-alerta-roja-por-fenomenos-costeros\\\/#breadcrumblist\"},\"author\":{\"@id\":\"https:\\\/\\\/www.eldigitaldeasturias.com\\\/noticias\\\/author\\\/admin\\\/#author\"},\"creator\":{\"@id\":\"https:\\\/\\\/www.eldigitaldeasturias.com\\\/noticias\\\/author\\\/admin\\\/#author\"},\"image\":{\"@type\":\"ImageObject\",\"url\":469759,\"@id\":\"https:\\\/\\\/www.eldigitaldeasturias.com\\\/noticias\\\/asturias-entra-en-alerta-roja-por-fenomenos-costeros\\\/#mainImage\"},\"primaryImageOfPage\":{\"@id\":\"https:\\\/\\\/www.eldigitaldeasturias.com\\\/noticias\\\/asturias-entra-en-alerta-roja-por-fenomenos-costeros\\\/#mainImage\"},\"datePublished\":\"2014-01-28T20:28:54+01:00\",\"dateModified\":\"2014-01-28T20:28:58+01:00\"},{\"@type\":\"WebSite\",\"@id\":\"https:\\\/\\\/www.eldigitaldeasturias.com\\\/noticias\\\/#website\",\"url\":\"https:\\\/\\\/www.eldigitaldeasturias.com\\\/noticias\\\/\",\"name\":\"El Digital de Asturias - Diario de actualidad y noticias\",\"alternateName\":\"El Digital de Asturias - Diario de actualidad y noticias\",\"description\":\"Hemeroteca\",\"inLanguage\":\"es-ES\",\"publisher\":{\"@id\":\"https:\\\/\\\/www.eldigitaldeasturias.com\\\/noticias\\\/#organization\"}}]}\n\t\t<\/script>\n\t\t<!-- All in One SEO Pro -->\r\n\t\t<title>Asturias entra en alerta roja por fen\u00f3menos costeros - El Digital de Asturias<\/title>\n\n","aioseo_head_json":{"title":"Asturias entra en alerta roja por fen\u00f3menos costeros - El Digital de Asturias","description":"Oviedo, 28 ene (EFE).- La Agencia Estatal de Meteorolog\u00eda ha activado a las 10.00 horas la alerta roja por fen\u00f3menos costeros en el litoral asturiano, por olas de hasta nueve metros. Seg\u00fan informa la Aemet en su p\u00e1gina web, Asturias registrar\u00e1 vientos costeros del oeste de fuerza 8 arreciando a 8 o 9 y olas","canonical_url":"https:\/\/www.eldigitaldeasturias.com\/noticias\/asturias-entra-en-alerta-roja-por-fenomenos-costeros\/","robots":"max-image-preview:large","keywords":"actualidad,actualidad asturias","webmasterTools":{"google-site-verification":"UA-38556648-1","msvalidate.01":"7dfe9f3f1b24437ab69f4f2559babe99","miscellaneous":""},"schema":{"@context":"https:\/\/schema.org","@graph":[{"@type":"BlogPosting","@id":"https:\/\/www.eldigitaldeasturias.com\/noticias\/asturias-entra-en-alerta-roja-por-fenomenos-costeros\/#blogposting","name":"Asturias entra en alerta roja por fen\u00f3menos costeros - El Digital de Asturias","headline":"Asturias entra en alerta roja por fen\u00f3menos costeros","author":{"@id":"https:\/\/www.eldigitaldeasturias.com\/noticias\/author\/admin\/#author"},"publisher":{"@id":"https:\/\/www.eldigitaldeasturias.com\/noticias\/#organization"},"image":{"@type":"ImageObject","url":469759},"datePublished":"2014-01-28T20:28:54+01:00","dateModified":"2014-01-28T20:28:58+01:00","inLanguage":"es-ES","mainEntityOfPage":{"@id":"https:\/\/www.eldigitaldeasturias.com\/noticias\/asturias-entra-en-alerta-roja-por-fenomenos-costeros\/#webpage"},"isPartOf":{"@id":"https:\/\/www.eldigitaldeasturias.com\/noticias\/asturias-entra-en-alerta-roja-por-fenomenos-costeros\/#webpage"},"articleSection":"Actualidad, Actualidad Asturias"},{"@type":"BreadcrumbList","@id":"https:\/\/www.eldigitaldeasturias.com\/noticias\/asturias-entra-en-alerta-roja-por-fenomenos-costeros\/#breadcrumblist","itemListElement":[{"@type":"ListItem","@id":"https:\/\/www.eldigitaldeasturias.com\/noticias#listItem","position":1,"name":"Home","item":"https:\/\/www.eldigitaldeasturias.com\/noticias","nextItem":{"@type":"ListItem","@id":"https:\/\/www.eldigitaldeasturias.com\/noticias\/category\/actualidad\/#listItem","name":"Actualidad"}},{"@type":"ListItem","@id":"https:\/\/www.eldigitaldeasturias.com\/noticias\/category\/actualidad\/#listItem","position":2,"name":"Actualidad","item":"https:\/\/www.eldigitaldeasturias.com\/noticias\/category\/actualidad\/","nextItem":{"@type":"ListItem","@id":"https:\/\/www.eldigitaldeasturias.com\/noticias\/asturias-entra-en-alerta-roja-por-fenomenos-costeros\/#listItem","name":"Asturias entra en alerta roja por fen\u00f3menos costeros"},"previousItem":{"@type":"ListItem","@id":"https:\/\/www.eldigitaldeasturias.com\/noticias#listItem","name":"Home"}},{"@type":"ListItem","@id":"https:\/\/www.eldigitaldeasturias.com\/noticias\/asturias-entra-en-alerta-roja-por-fenomenos-costeros\/#listItem","position":3,"name":"Asturias entra en alerta roja por fen\u00f3menos costeros","previousItem":{"@type":"ListItem","@id":"https:\/\/www.eldigitaldeasturias.com\/noticias\/category\/actualidad\/#listItem","name":"Actualidad"}}]},{"@type":"Organization","@id":"https:\/\/www.eldigitaldeasturias.com\/noticias\/#organization","name":"El Digital de Asturias","description":"Hemeroteca","url":"https:\/\/www.eldigitaldeasturias.com\/noticias\/","email":"info@eldigitaldeasturias.com","telephone":"+34652131393","logo":{"@type":"ImageObject","url":"https:\/\/www.eldigitaldeasturias.com\/noticias\/wp-content\/uploads\/2020\/12\/EDA.jpg","@id":"https:\/\/www.eldigitaldeasturias.com\/noticias\/asturias-entra-en-alerta-roja-por-fenomenos-costeros\/#organizationLogo"},"image":{"@id":"https:\/\/www.eldigitaldeasturias.com\/noticias\/asturias-entra-en-alerta-roja-por-fenomenos-costeros\/#organizationLogo"},"sameAs":["https:\/\/facebook.com\/eldigitaldeasturias","https:\/\/www.youtube.com\/channel\/UCZP-2wLEB9Rv6erhFmqVnvg"],"address":{"@id":"https:\/\/www.eldigitaldeasturias.com\/noticias\/#postaladdress","@type":"PostalAddress","streetAddress":"san antonio 4","postalCode":"33430","addressLocality":"Cand\u00e1s","addressRegion":"Asturias","addressCountry":"ES"}},{"@type":"Person","@id":"https:\/\/www.eldigitaldeasturias.com\/noticias\/author\/admin\/#author","url":"https:\/\/www.eldigitaldeasturias.com\/noticias\/author\/admin\/","name":"El Digital de Asturias","image":{"@type":"ImageObject","@id":"https:\/\/www.eldigitaldeasturias.com\/noticias\/asturias-entra-en-alerta-roja-por-fenomenos-costeros\/#authorImage","url":"https:\/\/secure.gravatar.com\/avatar\/df2aeffc32bcd13f8d26072ef8a91b623d677766deac7f97ca815868cd41bf5e?s=96&d=mm&r=g","width":96,"height":96,"caption":"El Digital de Asturias"}},{"@type":"WebPage","@id":"https:\/\/www.eldigitaldeasturias.com\/noticias\/asturias-entra-en-alerta-roja-por-fenomenos-costeros\/#webpage","url":"https:\/\/www.eldigitaldeasturias.com\/noticias\/asturias-entra-en-alerta-roja-por-fenomenos-costeros\/","name":"Asturias entra en alerta roja por fen\u00f3menos costeros - El Digital de Asturias","description":"Oviedo, 28 ene (EFE).- La Agencia Estatal de Meteorolog\u00eda ha activado a las 10.00 horas la alerta roja por fen\u00f3menos costeros en el litoral asturiano, por olas de hasta nueve metros. Seg\u00fan informa la Aemet en su p\u00e1gina web, Asturias registrar\u00e1 vientos costeros del oeste de fuerza 8 arreciando a 8 o 9 y olas","inLanguage":"es-ES","isPartOf":{"@id":"https:\/\/www.eldigitaldeasturias.com\/noticias\/#website"},"breadcrumb":{"@id":"https:\/\/www.eldigitaldeasturias.com\/noticias\/asturias-entra-en-alerta-roja-por-fenomenos-costeros\/#breadcrumblist"},"author":{"@id":"https:\/\/www.eldigitaldeasturias.com\/noticias\/author\/admin\/#author"},"creator":{"@id":"https:\/\/www.eldigitaldeasturias.com\/noticias\/author\/admin\/#author"},"image":{"@type":"ImageObject","url":469759,"@id":"https:\/\/www.eldigitaldeasturias.com\/noticias\/asturias-entra-en-alerta-roja-por-fenomenos-costeros\/#mainImage"},"primaryImageOfPage":{"@id":"https:\/\/www.eldigitaldeasturias.com\/noticias\/asturias-entra-en-alerta-roja-por-fenomenos-costeros\/#mainImage"},"datePublished":"2014-01-28T20:28:54+01:00","dateModified":"2014-01-28T20:28:58+01:00"},{"@type":"WebSite","@id":"https:\/\/www.eldigitaldeasturias.com\/noticias\/#website","url":"https:\/\/www.eldigitaldeasturias.com\/noticias\/","name":"El Digital de Asturias - Diario de actualidad y noticias","alternateName":"El Digital de Asturias - Diario de actualidad y noticias","description":"Hemeroteca","inLanguage":"es-ES","publisher":{"@id":"https:\/\/www.eldigitaldeasturias.com\/noticias\/#organization"}}]},"og:locale":"es_ES","og:site_name":"El Digital de Asturias","og:type":"article","og:title":"Asturias entra en alerta roja por fen\u00f3menos costeros - El Digital de Asturias","og:description":"Oviedo, 28 ene (EFE).- La Agencia Estatal de Meteorolog\u00eda ha activado a las 10.00 horas la alerta roja por fen\u00f3menos costeros en el litoral asturiano, por olas de hasta nueve metros. Seg\u00fan informa la Aemet en su p\u00e1gina web, Asturias registrar\u00e1 vientos costeros del oeste de fuerza 8 arreciando a 8 o 9 y olas","og:url":"https:\/\/www.eldigitaldeasturias.com\/noticias\/asturias-entra-en-alerta-roja-por-fenomenos-costeros\/","article:tag":["actualidad","actualidad asturias"],"article:published_time":"2014-01-28T21:28:54+00:00","article:modified_time":"2014-01-28T21:28:58+00:00","article:publisher":"https:\/\/facebook.com\/eldigitaldeasturias","twitter:card":"summary_large_image","twitter:title":"Asturias entra en alerta roja por fen\u00f3menos costeros - El Digital de Asturias","twitter:description":"Oviedo, 28 ene (EFE).- La Agencia Estatal de Meteorolog\u00eda ha activado a las 10.00 horas la alerta roja por fen\u00f3menos costeros en el litoral asturiano, por olas de hasta nueve metros. Seg\u00fan informa la Aemet en su p\u00e1gina web, Asturias registrar\u00e1 vientos costeros del oeste de fuerza 8 arreciando a 8 o 9 y olas","twitter:label1":"Escrito por","twitter:data1":"El Digital de Asturias","twitter:label2":"Tiempo de lectura estimado","twitter:data2":"1 minuto"},"aioseo_meta_data":{"post_id":"479718","title":null,"description":null,"keywords":null,"keyphrases":null,"primary_term":null,"canonical_url":null,"og_title":null,"og_description":null,"og_object_type":"default","og_image_type":"default","og_image_url":null,"og_image_width":null,"og_image_height":null,"og_image_custom_url":null,"og_image_custom_fields":null,"og_video":null,"og_custom_url":null,"og_article_section":null,"og_article_tags":null,"twitter_use_og":true,"twitter_card":"default","twitter_image_type":"default","twitter_image_url":null,"twitter_image_custom_url":null,"twitter_image_custom_fields":null,"twitter_title":null,"twitter_description":null,"schema":{"blockGraphs":[],"customGraphs":[],"default":{"data":{"Article":[],"Course":[],"Dataset":[],"FAQPage":[],"Movie":[],"Person":[],"Product":[],"ProductReview":[],"Car":[],"Recipe":[],"Service":[],"SoftwareApplication":[],"WebPage":[]},"graphName":"","isEnabled":true},"graphs":[],"defaultGraph":"","defaultPostTypeGraph":""},"schema_type":null,"schema_type_options":null,"pillar_content":false,"robots_default":true,"robots_noindex":false,"robots_noarchive":false,"robots_nosnippet":false,"robots_nofollow":false,"robots_noimageindex":false,"robots_noodp":false,"robots_notranslate":false,"robots_max_snippet":null,"robots_max_videopreview":null,"robots_max_imagepreview":"none","priority":null,"frequency":null,"local_seo":null,"seo_analyzer_scan_date":"2026-06-02 01:23:55","breadcrumb_settings":null,"limit_modified_date":false,"open_ai":null,"ai":null,"created":"2020-11-14 22:54:06","updated":"2026-06-02 01:23:55","focus_keyword":null,"additional_keywords":null,"truseo_locale":null},"aioseo_breadcrumb":"<div class=\"aioseo-breadcrumbs\"><span class=\"aioseo-breadcrumb\">\n\t<a href=\"https:\/\/www.eldigitaldeasturias.com\/noticias\" title=\"Home\">Home<\/a>\n<\/span><span class=\"aioseo-breadcrumb-separator\">\u2013<\/span><span class=\"aioseo-breadcrumb\">\n\t<a href=\"https:\/\/www.eldigitaldeasturias.com\/noticias\/category\/actualidad\/\" title=\"Actualidad\">Actualidad<\/a>\n<\/span><span class=\"aioseo-breadcrumb-separator\">\u2013<\/span><span class=\"aioseo-breadcrumb\">\n\t<a href=\"https:\/\/www.eldigitaldeasturias.com\/noticias\/asturias-entra-en-alerta-roja-por-fenomenos-costeros\/\" title=\"Asturias entra en alerta roja por fen\u00f3menos costeros\">Asturias entra en alerta roja por fen\u00f3menos costeros<\/a>\n<\/span><\/div>","aioseo_breadcrumb_json":[{"label":"Home","link":"https:\/\/www.eldigitaldeasturias.com\/noticias"},{"label":"Actualidad","link":"https:\/\/www.eldigitaldeasturias.com\/noticias\/category\/actualidad\/"},{"label":"Asturias entra en alerta roja por fen\u00f3menos costeros","link":"https:\/\/www.eldigitaldeasturias.com\/noticias\/asturias-entra-en-alerta-roja-por-fenomenos-costeros\/"}],"_links":{"self":[{"href":"https:\/\/www.eldigitaldeasturias.com\/noticias\/wp-json\/wp\/v2\/posts\/479718","targetHints":{"allow":["GET"]}}],"collection":[{"href":"https:\/\/www.eldigitaldeasturias.com\/noticias\/wp-json\/wp\/v2\/posts"}],"about":[{"href":"https:\/\/www.eldigitaldeasturias.com\/noticias\/wp-json\/wp\/v2\/types\/post"}],"author":[{"embeddable":true,"href":"https:\/\/www.eldigitaldeasturias.com\/noticias\/wp-json\/wp\/v2\/users\/1"}],"replies":[{"embeddable":true,"href":"https:\/\/www.eldigitaldeasturias.com\/noticias\/wp-json\/wp\/v2\/comments?post=479718"}],"version-history":[{"count":0,"href":"https:\/\/www.eldigitaldeasturias.com\/noticias\/wp-json\/wp\/v2\/posts\/479718\/revisions"}],"wp:attachment":[{"href":"https:\/\/www.eldigitaldeasturias.com\/noticias\/wp-json\/wp\/v2\/media?parent=479718"}],"wp:term":[{"taxonomy":"category","embeddable":true,"href":"https:\/\/www.eldigitaldeasturias.com\/noticias\/wp-json\/wp\/v2\/categories?post=479718"},{"taxonomy":"post_tag","embeddable":true,"href":"https:\/\/www.eldigitaldeasturias.com\/noticias\/wp-json\/wp\/v2\/tags?post=479718"}],"curies":[{"name":"wp","href":"https:\/\/api.w.org\/{rel}","templated":true}]}}